{"id":193318,"date":"2019-01-03T19:54:46","date_gmt":"2019-01-03T19:54:46","guid":{"rendered":"https:\/\/www.meydan.tv\/article\/kurdemir-sakini-hokumetimizin-bize-de-yazigi-gelsin\/"},"modified":"2019-01-03T19:54:46","modified_gmt":"2019-01-03T19:54:46","slug":"kurdemir-sakini-hokumetimizin-bize-de-yazigi-gelsin","status":"publish","type":"post","link":"https:\/\/www.meydan.tv\/az\/article\/kurdemir-sakini-hokumetimizin-bize-de-yazigi-gelsin\/","title":{"rendered":"K\u00fcrd\u0259mir sakini: H\u00f6kum\u0259timizin biz\u0259 d\u0259 yaz\u0131\u011f\u0131 g\u0259lsin"},"content":{"rendered":"<figure class=\"wp-block-image size-large\">\n  <img decoding=\"async\" src=\"https:\/\/www.meydan.tv\/az\/115186\/\" alt=\"\" class=\"wp-image-115186\"\/><figcaption><\/figcaption><\/figure>\n<p>\n  <i><br \/>\n    10 n\u0259f\u0259rlik ail\u0259 q\u0259zal\u0131 v\u0259ziyy\u0259td\u0259 olan evd\u0259 ya\u015fay\u0131r<br \/>\n  <\/i>\n<\/p>\n<p>\n  K\u00fcrd\u0259mirin Mu\u011fanl\u0131 k\u0259ndinin sakini Sahib\u0259 \u018fhm\u0259dova 10 n\u0259f\u0259rlik ail\u0259si il\u0259 birg\u0259 q\u0259zal\u0131 v\u0259ziyy\u0259td\u0259 olan evd\u0259 ya\u015fay\u0131r. O, buna g\u00f6r\u0259 m\u00fcraci\u0259t etm\u0259diyi d\u00f6vl\u0259t orqan\u0131n\u0131n qalmad\u0131\u011f\u0131n\u0131 s\u00f6yl\u0259yir. Ancaq bug\u00fcn\u0259d\u0259k problemi h\u0259ll edilm\u0259yib.\n<\/p>\n<p>\n  Evin divarlar\u0131 \u00e7atlay\u0131b, b\u00fcn\u00f6vr\u0259si \u00e7\u00f6ld\u0259n ovulub, t\u00f6k\u00fcl\u00fcr. Sahib\u0259 \u018fhm\u0259dova deyir ki, az\u0131 70 ilin evidir. O, bu ev\u0259 g\u0259lin k\u00f6\u00e7\u00fcb. K\u0259ndd\u0259 bu c\u00fcr evl\u0259r \u00e7ox olub. Son 5 ild\u0259 d\u00f6vl\u0259t h\u0259min q\u0259zal\u0131 evl\u0259rin \u0259ks\u0259riyy\u0259tini yenid\u0259n tikib. Onlar da evl\u0259rinin tikilm\u0259si \u00fc\u00e7\u00fcn m\u00fcraci\u0259t edibl\u0259r, ancaq n\u0259d\u0259ns\u0259 baxan olmay\u0131b:\n<\/p>\n<p>\n  \u201cBir bax\u0131n, bel\u0259 d\u0259 ev olar? Az qala ba\u015f\u0131m\u0131za u\u00e7acaq. 10 n\u0259f\u0259r sakini var. Bir g\u00fcn ev u\u00e7sa v\u0259 biz alt\u0131nda qalsaq, bunun cavab\u0131n\u0131 kim ver\u0259c\u0259k? Yazmad\u0131\u011f\u0131m\u0131z yer qalmay\u0131b. G\u0259ldil\u0259r, baxd\u0131lar v\u0259 q\u0259zal\u0131 olmad\u0131\u011f\u0131n\u0131 s\u00f6yl\u0259dil\u0259r. Siz \u00e7\u0259kin, g\u00f6st\u0259rin, qoyun insanlar desin, bu ev q\u0259zal\u0131d\u0131r, ya yox\u201d.\n<\/p>\n<figure class=\"wp-block-image size-large\">\n  <img decoding=\"async\" src=\"https:\/\/www.meydan.tv\/az\/115189\/\" alt=\"\" class=\"wp-image-115189\"\/><figcaption><\/figcaption><\/figure>\n<p>\n  S.\u018fhm\u0259dova he\u00e7 yerd\u0259 \u00e7al\u0131\u015fm\u0131r. T\u0259qa\u00fcdl\u0259 dolan\u0131r. O\u011flanlar\u0131ndan biri Bak\u0131da f\u0259hl\u0259lik edir, dig\u0259ri g\u00f6zd\u0259n \u0259lildir. \u00d6l\u0259n o\u011flunun iki \u00f6vlad\u0131na da o bax\u0131r. Deyir, \u00e7\u0259tindir, yem\u0259kl\u0259rini, geyiml\u0259rini g\u00fccl\u0259 \u00f6d\u0259yir, ev tikm\u0259k onlar\u0131n yuxusuna girm\u0259y\u0259c\u0259k q\u0259d\u0259r bahal\u0131 prosesdir.\n<\/p>\n<p>\n  \u201cM\u0259nim he\u00e7 t\u0259mir\u0259 g\u00fcc\u00fcm \u00e7atm\u0131r, qald\u0131, ev tikdir\u0259m. Yan\u0131ndan yel \u00f6t\u00fcr qorxuruq, g\u00f6yd\u0259n t\u0259yyar\u0259 ke\u00e7ir, ev, p\u0259nc\u0259r\u0259l\u0259r silk\u0259l\u0259nir. M\u0259n bu evin alt\u0131nda n\u0259 q\u0259d\u0259r u\u015faq b\u00f6y\u00fcd\u00fcr\u0259m, vallah, g\u00fcnahd\u0131r\u201d.\n<\/p>\n<figure class=\"wp-block-image size-large\">\n  <img decoding=\"async\" src=\"https:\/\/www.meydan.tv\/az\/115192\/\" alt=\"\" class=\"wp-image-115192\"\/><figcaption><\/figcaption><\/figure>\n<p>\n  S.\u018fhm\u0259dova h\u0259y\u0259tind\u0259 bir ne\u00e7\u0259 mal-heyvan v\u0259 toyuq-c\u00fcc\u0259 d\u0259 saxlay\u0131r. Pensiyas\u0131n\u0131 da \u00fcst\u00fcn\u0259 g\u0259l\u0259nd\u0259, birt\u0259h\u0259r doland\u0131qlar\u0131n\u0131 s\u00f6yl\u0259yir. Deyir, bunlardan ba\u015fqa g\u0259lir yerl\u0259ri yoxdur. Onunla da ev tikm\u0259k he\u00e7 c\u00fcr m\u00fcmk\u00fcn deyil:\n<\/p>\n<p>\n  \u201cDivarlar\u0131 g\u00f6r\u00fcrs\u00fcn\u00fcz, az qala \u00fcst\u00fcm\u00fcz\u0259 a\u015f\u0131r. H\u0259r yeri partlay\u0131b, da\u011f\u0131l\u0131r. Ke\u00e7\u0259n d\u0259f\u0259 \u0259lac\u0131m k\u0259sildi, usta \u00e7a\u011f\u0131rd\u0131m. Dedim, can\u0131m c\u0259h\u0259nn\u0259m\u0259, kredit g\u00f6t\u00fcr\u00fcb, \u00f6d\u0259y\u0259r\u0259m. Bir balaca \u0259l g\u0259zdirsinl\u0259r. Dedi, yox, \u0259l\u0259 g\u0259lm\u0259z, bo\u015funa x\u0259rc \u00e7\u0259km\u0259yin. S\u00f6k\u00fcl\u00fcb yenid\u0259n tikilm\u0259lidir. M\u0259n bu yetiml\u0259r\u0259 t\u0259hsil verim, yem\u0259k, geyim al\u0131m, yoxsa ev tikdirim? Hans\u0131n\u0131 edim, bilmir\u0259m. Ancaq dolan\u0131\u015f\u0131\u011f\u0131m\u0131z\u0131 \u00f6d\u0259y\u0259 bilirik, v\u0259ss\u0259lam. Torpa\u011f\u0131m\u0131z balacad\u0131r, n\u0259 q\u0259d\u0259r heyvan saxlamaq olar ki? Yemi d\u0259 pulla al\u0131r\u0131q, dolana bilmirik\u201d.\n<\/p>\n<figure class=\"wp-block-image size-large\">\n  <img decoding=\"async\" src=\"https:\/\/www.meydan.tv\/az\/115195\/\" alt=\"\" class=\"wp-image-115195\"\/><figcaption><\/figcaption><\/figure>\n<p>\n  S.\u018fhm\u0259dova deyir ki, k\u00f6m\u0259k \u00fc\u00e7\u00fcn a\u011f\u0131z a\u00e7aca\u011f\u0131 imkanl\u0131 qohumu, tan\u0131\u015f\u0131 da yoxdur. T\u0259k \u00fcmidi d\u00f6vl\u0259tdir, ona m\u00fcraci\u0259t edir:\n<\/p>\n<p>\n  \u201cM\u0259n d\u0259 yaddan, \u00f6zg\u0259d\u0259n ist\u0259mir\u0259m, h\u00f6kum\u0259timd\u0259n ist\u0259yir\u0259m, M\u0259n\u0259 yard\u0131m etsinl\u0259r, xahi\u015f edir\u0259m. He\u00e7 kim\u0259 demir\u0259m ki, g\u0259lin m\u0259ni doland\u0131r\u0131n, maddi d\u0259st\u0259k olun. Q\u0259zal\u0131 v\u0259ziyy\u0259td\u0259 olan evdir. Sakini is\u0259 10 n\u0259f\u0259rdir. T\u0259hl\u00fck\u0259lidir, qorxuludur. H\u00f6kum\u0259timiz\u0259 deyir\u0259m, nolar, biz\u0259 d\u0259 yaz\u0131\u011f\u0131n\u0131z g\u0259lsin, evimizi yenid\u0259n tikin\u201d.\n<\/p>\n<figure class=\"wp-block-image size-large\">\n  <img decoding=\"async\" src=\"https:\/\/www.meydan.tv\/az\/sahibe-ehmedova\/\" alt=\"Sahib\u0259 \u018fhm\u0259dova\" class=\"wp-image-115198\"\/><figcaption>\n    Sahib\u0259 \u018fhm\u0259dova<br \/>\n  <\/figcaption><\/figure>\n<p>\n  Meydan TV m\u0259s\u0259l\u0259y\u0259 m\u00fcnasib\u0259t \u00f6yr\u0259nm\u0259k \u00fc\u00e7\u00fcn K\u00fcrd\u0259mir Rayon \u0130cra Hakimiyy\u0259ti il\u0259 \u0259laq\u0259 saxlay\u0131b. \u00dcmumi \u015f\u00f6b\u0259d\u0259n bildiribl\u0259r ki, icra hakimiyy\u0259ti ev tik\u0259n, evin q\u0259zal\u0131 olub-olmamas\u0131n\u0131 yoxlayan qurum deyil:\n<\/p>\n<p>\n  \u201cBiz insanlara ev tikmirik. D\u00fczd\u00fc, icra hakimiyy\u0259ti t\u0259rkibind\u0259 F\u00f6vq\u0259lad\u0259 Hallar Komissiyas\u0131 f\u0259aliyy\u0259t g\u00f6st\u0259rir. B\u0259lk\u0259 xan\u0131m onunla s\u0259hv sal\u0131b. Ancaq evi q\u0259zal\u0131d\u0131rsa, m\u00fctl\u0259q F\u00f6vq\u0259lad\u0259 Hallar Nazirliyin\u0259 m\u00fcraci\u0259t edilm\u0259lidir\u201d.\n<\/p>\n<figure class=\"wp-block-image size-large\">\n  <img decoding=\"async\" src=\"https:\/\/www.meydan.tv\/az\/115201\/\" alt=\"\" class=\"wp-image-115201\"\/><figcaption><\/figcaption><\/figure>\n<p>\n  F\u00f6vq\u0259lad\u0259 Hallar Nazirliyind\u0259n is\u0259 bildirdil\u0259r ki, i\u015f\u0259 \u0259vv\u0259lc\u0259 rayondak\u0131 F\u00f6vq\u0259lad\u0259 Hallar Komissiyas\u0131 baxmal\u0131, evin q\u0259zal\u0131 olub-olmamas\u0131n\u0131 m\u00fc\u0259yy\u0259nl\u0259\u015fdirm\u0259lidirl\u0259r:\n<\/p>\n<p>\n  \u201cEvin q\u0259zal\u0131 olub-olmad\u0131\u011f\u0131, q\u0259zal\u0131 v\u0259ziyy\u0259t\u0259 d\u00fc\u015fm\u0259 s\u0259b\u0259bi v\u0259 s. ara\u015fd\u0131r\u0131lmal\u0131d\u0131r. B\u00f6lg\u0259l\u0259rd\u0259ki n\u00fcmay\u0259nd\u0259likl\u0259r bunun \u00fc\u00e7\u00fcnd\u00fcr. Xan\u0131m m\u00fcraci\u0259t etsin, g\u0259lib evin\u0259 baxs\u0131nlar. H\u0259qiq\u0259t\u0259n ciddi problem varsa, onlar biz\u0259 bildir\u0259c\u0259kl\u0259r\u201d.\n<\/p>\n<figure class=\"wp-block-image size-large\">\n  <img decoding=\"async\" src=\"https:\/\/www.meydan.tv\/az\/115204\/\" alt=\"\" class=\"wp-image-115204\"\/><figcaption><\/figcaption><\/figure>\n<figure class=\"wp-block-image size-large\">\n  <img decoding=\"async\" src=\"https:\/\/www.meydan.tv\/az\/115213\/\" alt=\"\" class=\"wp-image-115213\"\/><figcaption><\/figcaption><\/figure>\n<figure class=\"wp-block-image size-large\">\n  <img decoding=\"async\" src=\"https:\/\/www.meydan.tv\/az\/115207\/\" alt=\"\" class=\"wp-image-115207\"\/><figcaption><\/figcaption><\/figure>\n<\/p>\n<figure class=\"wp-block-image size-large\">\n  <img decoding=\"async\" src=\"https:\/\/www.meydan.tv\/az\/115216\/\" alt=\"\" class=\"wp-image-115216\"\/><figcaption><\/figcaption><\/figure>\n<figure class=\"wp-block-image size-large\">\n  <img decoding=\"async\" src=\"https:\/\/www.meydan.tv\/az\/115210\/\" alt=\"\" class=\"wp-image-115210\"\/><figcaption><\/figcaption><\/figure>\n<figure class=\"wp-block-image size-large\">\n  <img decoding=\"async\" src=\"https:\/\/www.meydan.tv\/az\/45891\/\" alt=\"45891\" class=\"wp-image-115219\"\/><figcaption><\/figcaption><\/figure>\n<figure class=\"wp-block-image size-large\">\n  <img decoding=\"async\" src=\"https:\/\/www.meydan.tv\/az\/115222\/\" alt=\"\" class=\"wp-image-115222\"\/><figcaption><\/figcaption><\/figure>\n<figure class=\"wp-block-image size-large\">\n  <img decoding=\"async\" src=\"https:\/\/www.meydan.tv\/az\/115231\/\" alt=\"\" class=\"wp-image-115231\"\/><figcaption><\/figcaption><\/figure><\/p>\n","protected":false},"excerpt":{"rendered":"<p>10 n\u0259f\u0259rlik ail\u0259 q\u0259zal\u0131 v\u0259ziyy\u0259td\u0259 olan evd\u0259 ya\u015fay\u0131r<\/p>\n","protected":false},"author":11,"featured_media":115186,"comment_status":"closed","ping_status":"open","sticky":false,"template":"","format":"standard","meta":{"_acf_changed":false,"_sitemap_exclude":false,"_sitemap_priority":"","_sitemap_frequency":"","footnotes":""},"categories":[60],"tags":[],"class_list":["post-193318","post","type-post","status-publish","format-standard","has-post-thumbnail","hentry","category-bolge","infinite-scroll-item","generate-columns","tablet-grid-50","mobile-grid-100","grid-parent","grid-33","no-featured-image-padding"],"acf":[],"yoast_head":"<!-- This site is optimized with the Yoast SEO plugin v27.4 - https:\/\/yoast.com\/product\/yoast-seo-wordpress\/ -->\n<title>K\u00fcrd\u0259mir sakini: H\u00f6kum\u0259timizin biz\u0259 d\u0259 yaz\u0131\u011f\u0131 g\u0259lsin - MEYDAN.TV<\/title>\n<meta name=\"robots\" content=\"index, follow, max-snippet:-1, max-image-preview:large, max-video-preview:-1\" \/>\n<link rel=\"canonical\" href=\"https:\/\/www.meydan.tv\/az\/article\/kurdemir-sakini-hokumetimizin-bize-de-yazigi-gelsin\/\" \/>\n<meta property=\"og:locale\" content=\"az_AZ\" \/>\n<meta property=\"og:type\" content=\"article\" \/>\n<meta property=\"og:title\" content=\"K\u00fcrd\u0259mir sakini: H\u00f6kum\u0259timizin biz\u0259 d\u0259 yaz\u0131\u011f\u0131 g\u0259lsin - MEYDAN.TV\" \/>\n<meta property=\"og:description\" content=\"10 n\u0259f\u0259rlik ail\u0259 q\u0259zal\u0131 v\u0259ziyy\u0259td\u0259 olan evd\u0259 ya\u015fay\u0131r\" \/>\n<meta property=\"og:url\" content=\"https:\/\/www.meydan.tv\/az\/article\/kurdemir-sakini-hokumetimizin-bize-de-yazigi-gelsin\/\" \/>\n<meta property=\"og:site_name\" content=\"MEYDAN.TV\" \/>\n<meta property=\"article:published_time\" content=\"2019-01-03T19:54:46+00:00\" \/>\n<meta property=\"og:image\" content=\"https:\/\/www.meydan.tv\/wp-content\/uploads\/45879-scaled.jpg\" \/>\n\t<meta property=\"og:image:width\" content=\"2560\" \/>\n\t<meta property=\"og:image:height\" content=\"1920\" \/>\n\t<meta property=\"og:image:type\" content=\"image\/jpeg\" \/>\n<meta name=\"author\" content=\"user-manager\" \/>\n<meta name=\"twitter:card\" content=\"summary_large_image\" \/>\n<script type=\"application\/ld+json\" class=\"yoast-schema-graph\">{\"@context\":\"https:\\\/\\\/schema.org\",\"@graph\":[{\"@type\":\"Article\",\"@id\":\"https:\\\/\\\/www.meydan.tv\\\/az\\\/article\\\/kurdemir-sakini-hokumetimizin-bize-de-yazigi-gelsin\\\/#article\",\"isPartOf\":{\"@id\":\"https:\\\/\\\/www.meydan.tv\\\/az\\\/article\\\/kurdemir-sakini-hokumetimizin-bize-de-yazigi-gelsin\\\/\"},\"author\":{\"name\":\"user-manager\",\"@id\":\"https:\\\/\\\/www.meydan.tv\\\/az\\\/#\\\/schema\\\/person\\\/10d11eccf6da3662cf5fdab9806ea91a\"},\"headline\":\"K\u00fcrd\u0259mir sakini: H\u00f6kum\u0259timizin biz\u0259 d\u0259 yaz\u0131\u011f\u0131 g\u0259lsin\",\"datePublished\":\"2019-01-03T19:54:46+00:00\",\"mainEntityOfPage\":{\"@id\":\"https:\\\/\\\/www.meydan.tv\\\/az\\\/article\\\/kurdemir-sakini-hokumetimizin-bize-de-yazigi-gelsin\\\/\"},\"wordCount\":829,\"publisher\":{\"@id\":\"https:\\\/\\\/www.meydan.tv\\\/az\\\/#organization\"},\"image\":{\"@id\":\"https:\\\/\\\/www.meydan.tv\\\/az\\\/article\\\/kurdemir-sakini-hokumetimizin-bize-de-yazigi-gelsin\\\/#primaryimage\"},\"thumbnailUrl\":\"https:\\\/\\\/www.meydan.tv\\\/wp-content\\\/uploads\\\/45879-scaled.jpg\",\"articleSection\":[\"B\u00f6lg\u0259\"],\"inLanguage\":\"az\"},{\"@type\":\"WebPage\",\"@id\":\"https:\\\/\\\/www.meydan.tv\\\/az\\\/article\\\/kurdemir-sakini-hokumetimizin-bize-de-yazigi-gelsin\\\/\",\"url\":\"https:\\\/\\\/www.meydan.tv\\\/az\\\/article\\\/kurdemir-sakini-hokumetimizin-bize-de-yazigi-gelsin\\\/\",\"name\":\"K\u00fcrd\u0259mir sakini: H\u00f6kum\u0259timizin biz\u0259 d\u0259 yaz\u0131\u011f\u0131 g\u0259lsin - MEYDAN.TV\",\"isPartOf\":{\"@id\":\"https:\\\/\\\/www.meydan.tv\\\/az\\\/#website\"},\"primaryImageOfPage\":{\"@id\":\"https:\\\/\\\/www.meydan.tv\\\/az\\\/article\\\/kurdemir-sakini-hokumetimizin-bize-de-yazigi-gelsin\\\/#primaryimage\"},\"image\":{\"@id\":\"https:\\\/\\\/www.meydan.tv\\\/az\\\/article\\\/kurdemir-sakini-hokumetimizin-bize-de-yazigi-gelsin\\\/#primaryimage\"},\"thumbnailUrl\":\"https:\\\/\\\/www.meydan.tv\\\/wp-content\\\/uploads\\\/45879-scaled.jpg\",\"datePublished\":\"2019-01-03T19:54:46+00:00\",\"breadcrumb\":{\"@id\":\"https:\\\/\\\/www.meydan.tv\\\/az\\\/article\\\/kurdemir-sakini-hokumetimizin-bize-de-yazigi-gelsin\\\/#breadcrumb\"},\"inLanguage\":\"az\",\"potentialAction\":[{\"@type\":\"ReadAction\",\"target\":[\"https:\\\/\\\/www.meydan.tv\\\/az\\\/article\\\/kurdemir-sakini-hokumetimizin-bize-de-yazigi-gelsin\\\/\"]}]},{\"@type\":\"ImageObject\",\"inLanguage\":\"az\",\"@id\":\"https:\\\/\\\/www.meydan.tv\\\/az\\\/article\\\/kurdemir-sakini-hokumetimizin-bize-de-yazigi-gelsin\\\/#primaryimage\",\"url\":\"https:\\\/\\\/www.meydan.tv\\\/wp-content\\\/uploads\\\/45879-scaled.jpg\",\"contentUrl\":\"https:\\\/\\\/www.meydan.tv\\\/wp-content\\\/uploads\\\/45879-scaled.jpg\",\"width\":2560,\"height\":1920,\"caption\":\"Source:\"},{\"@type\":\"BreadcrumbList\",\"@id\":\"https:\\\/\\\/www.meydan.tv\\\/az\\\/article\\\/kurdemir-sakini-hokumetimizin-bize-de-yazigi-gelsin\\\/#breadcrumb\",\"itemListElement\":[{\"@type\":\"ListItem\",\"position\":1,\"name\":\"Ana s\u0259hif\u0259\",\"item\":\"https:\\\/\\\/www.meydan.tv\\\/az\\\/\"},{\"@type\":\"ListItem\",\"position\":2,\"name\":\"B\u00f6lg\u0259\",\"item\":\"https:\\\/\\\/www.meydan.tv\\\/az\\\/section\\\/bolge\\\/\"},{\"@type\":\"ListItem\",\"position\":3,\"name\":\"K\u00fcrd\u0259mir sakini: H\u00f6kum\u0259timizin biz\u0259 d\u0259 yaz\u0131\u011f\u0131 g\u0259lsin\"}]},{\"@type\":\"WebSite\",\"@id\":\"https:\\\/\\\/www.meydan.tv\\\/az\\\/#website\",\"url\":\"https:\\\/\\\/www.meydan.tv\\\/az\\\/\",\"name\":\"MEYDAN.TV\",\"description\":\"Meydan TV Az\u0259rbaycan\u0131n media m\u0259kan\u0131ndak\u0131 alternativ s\u0259sidir\",\"publisher\":{\"@id\":\"https:\\\/\\\/www.meydan.tv\\\/az\\\/#organization\"},\"potentialAction\":[{\"@type\":\"SearchAction\",\"target\":{\"@type\":\"EntryPoint\",\"urlTemplate\":\"https:\\\/\\\/www.meydan.tv\\\/az\\\/?s={search_term_string}\"},\"query-input\":{\"@type\":\"PropertyValueSpecification\",\"valueRequired\":true,\"valueName\":\"search_term_string\"}}],\"inLanguage\":\"az\"},{\"@type\":\"Organization\",\"@id\":\"https:\\\/\\\/www.meydan.tv\\\/az\\\/#organization\",\"name\":\"Meydan TV\",\"url\":\"https:\\\/\\\/www.meydan.tv\\\/az\\\/\",\"logo\":{\"@type\":\"ImageObject\",\"inLanguage\":\"az\",\"@id\":\"https:\\\/\\\/www.meydan.tv\\\/az\\\/#\\\/schema\\\/logo\\\/image\\\/\",\"url\":\"https:\\\/\\\/www.meydan.tv\\\/wp-content\\\/uploads\\\/2021\\\/07\\\/meydan-logo.svg\",\"contentUrl\":\"https:\\\/\\\/www.meydan.tv\\\/wp-content\\\/uploads\\\/2021\\\/07\\\/meydan-logo.svg\",\"width\":195,\"height\":46,\"caption\":\"Meydan TV\"},\"image\":{\"@id\":\"https:\\\/\\\/www.meydan.tv\\\/az\\\/#\\\/schema\\\/logo\\\/image\\\/\"}},{\"@type\":\"Person\",\"@id\":\"https:\\\/\\\/www.meydan.tv\\\/az\\\/#\\\/schema\\\/person\\\/10d11eccf6da3662cf5fdab9806ea91a\",\"name\":\"user-manager\"}]}<\/script>\n<!-- \/ Yoast SEO plugin. -->","yoast_head_json":{"title":"K\u00fcrd\u0259mir sakini: H\u00f6kum\u0259timizin biz\u0259 d\u0259 yaz\u0131\u011f\u0131 g\u0259lsin - MEYDAN.TV","robots":{"index":"index","follow":"follow","max-snippet":"max-snippet:-1","max-image-preview":"max-image-preview:large","max-video-preview":"max-video-preview:-1"},"canonical":"https:\/\/www.meydan.tv\/az\/article\/kurdemir-sakini-hokumetimizin-bize-de-yazigi-gelsin\/","og_locale":"az_AZ","og_type":"article","og_title":"K\u00fcrd\u0259mir sakini: H\u00f6kum\u0259timizin biz\u0259 d\u0259 yaz\u0131\u011f\u0131 g\u0259lsin - MEYDAN.TV","og_description":"10 n\u0259f\u0259rlik ail\u0259 q\u0259zal\u0131 v\u0259ziyy\u0259td\u0259 olan evd\u0259 ya\u015fay\u0131r","og_url":"https:\/\/www.meydan.tv\/az\/article\/kurdemir-sakini-hokumetimizin-bize-de-yazigi-gelsin\/","og_site_name":"MEYDAN.TV","article_published_time":"2019-01-03T19:54:46+00:00","og_image":[{"width":2560,"height":1920,"url":"https:\/\/www.meydan.tv\/wp-content\/uploads\/45879-scaled.jpg","type":"image\/jpeg"}],"author":"user-manager","twitter_card":"summary_large_image","schema":{"@context":"https:\/\/schema.org","@graph":[{"@type":"Article","@id":"https:\/\/www.meydan.tv\/az\/article\/kurdemir-sakini-hokumetimizin-bize-de-yazigi-gelsin\/#article","isPartOf":{"@id":"https:\/\/www.meydan.tv\/az\/article\/kurdemir-sakini-hokumetimizin-bize-de-yazigi-gelsin\/"},"author":{"name":"user-manager","@id":"https:\/\/www.meydan.tv\/az\/#\/schema\/person\/10d11eccf6da3662cf5fdab9806ea91a"},"headline":"K\u00fcrd\u0259mir sakini: H\u00f6kum\u0259timizin biz\u0259 d\u0259 yaz\u0131\u011f\u0131 g\u0259lsin","datePublished":"2019-01-03T19:54:46+00:00","mainEntityOfPage":{"@id":"https:\/\/www.meydan.tv\/az\/article\/kurdemir-sakini-hokumetimizin-bize-de-yazigi-gelsin\/"},"wordCount":829,"publisher":{"@id":"https:\/\/www.meydan.tv\/az\/#organization"},"image":{"@id":"https:\/\/www.meydan.tv\/az\/article\/kurdemir-sakini-hokumetimizin-bize-de-yazigi-gelsin\/#primaryimage"},"thumbnailUrl":"https:\/\/www.meydan.tv\/wp-content\/uploads\/45879-scaled.jpg","articleSection":["B\u00f6lg\u0259"],"inLanguage":"az"},{"@type":"WebPage","@id":"https:\/\/www.meydan.tv\/az\/article\/kurdemir-sakini-hokumetimizin-bize-de-yazigi-gelsin\/","url":"https:\/\/www.meydan.tv\/az\/article\/kurdemir-sakini-hokumetimizin-bize-de-yazigi-gelsin\/","name":"K\u00fcrd\u0259mir sakini: H\u00f6kum\u0259timizin biz\u0259 d\u0259 yaz\u0131\u011f\u0131 g\u0259lsin - MEYDAN.TV","isPartOf":{"@id":"https:\/\/www.meydan.tv\/az\/#website"},"primaryImageOfPage":{"@id":"https:\/\/www.meydan.tv\/az\/article\/kurdemir-sakini-hokumetimizin-bize-de-yazigi-gelsin\/#primaryimage"},"image":{"@id":"https:\/\/www.meydan.tv\/az\/article\/kurdemir-sakini-hokumetimizin-bize-de-yazigi-gelsin\/#primaryimage"},"thumbnailUrl":"https:\/\/www.meydan.tv\/wp-content\/uploads\/45879-scaled.jpg","datePublished":"2019-01-03T19:54:46+00:00","breadcrumb":{"@id":"https:\/\/www.meydan.tv\/az\/article\/kurdemir-sakini-hokumetimizin-bize-de-yazigi-gelsin\/#breadcrumb"},"inLanguage":"az","potentialAction":[{"@type":"ReadAction","target":["https:\/\/www.meydan.tv\/az\/article\/kurdemir-sakini-hokumetimizin-bize-de-yazigi-gelsin\/"]}]},{"@type":"ImageObject","inLanguage":"az","@id":"https:\/\/www.meydan.tv\/az\/article\/kurdemir-sakini-hokumetimizin-bize-de-yazigi-gelsin\/#primaryimage","url":"https:\/\/www.meydan.tv\/wp-content\/uploads\/45879-scaled.jpg","contentUrl":"https:\/\/www.meydan.tv\/wp-content\/uploads\/45879-scaled.jpg","width":2560,"height":1920,"caption":"Source:"},{"@type":"BreadcrumbList","@id":"https:\/\/www.meydan.tv\/az\/article\/kurdemir-sakini-hokumetimizin-bize-de-yazigi-gelsin\/#breadcrumb","itemListElement":[{"@type":"ListItem","position":1,"name":"Ana s\u0259hif\u0259","item":"https:\/\/www.meydan.tv\/az\/"},{"@type":"ListItem","position":2,"name":"B\u00f6lg\u0259","item":"https:\/\/www.meydan.tv\/az\/section\/bolge\/"},{"@type":"ListItem","position":3,"name":"K\u00fcrd\u0259mir sakini: H\u00f6kum\u0259timizin biz\u0259 d\u0259 yaz\u0131\u011f\u0131 g\u0259lsin"}]},{"@type":"WebSite","@id":"https:\/\/www.meydan.tv\/az\/#website","url":"https:\/\/www.meydan.tv\/az\/","name":"MEYDAN.TV","description":"Meydan TV Az\u0259rbaycan\u0131n media m\u0259kan\u0131ndak\u0131 alternativ s\u0259sidir","publisher":{"@id":"https:\/\/www.meydan.tv\/az\/#organization"},"potentialAction":[{"@type":"SearchAction","target":{"@type":"EntryPoint","urlTemplate":"https:\/\/www.meydan.tv\/az\/?s={search_term_string}"},"query-input":{"@type":"PropertyValueSpecification","valueRequired":true,"valueName":"search_term_string"}}],"inLanguage":"az"},{"@type":"Organization","@id":"https:\/\/www.meydan.tv\/az\/#organization","name":"Meydan TV","url":"https:\/\/www.meydan.tv\/az\/","logo":{"@type":"ImageObject","inLanguage":"az","@id":"https:\/\/www.meydan.tv\/az\/#\/schema\/logo\/image\/","url":"https:\/\/www.meydan.tv\/wp-content\/uploads\/2021\/07\/meydan-logo.svg","contentUrl":"https:\/\/www.meydan.tv\/wp-content\/uploads\/2021\/07\/meydan-logo.svg","width":195,"height":46,"caption":"Meydan TV"},"image":{"@id":"https:\/\/www.meydan.tv\/az\/#\/schema\/logo\/image\/"}},{"@type":"Person","@id":"https:\/\/www.meydan.tv\/az\/#\/schema\/person\/10d11eccf6da3662cf5fdab9806ea91a","name":"user-manager"}]}},"_links":{"self":[{"href":"https:\/\/www.meydan.tv\/az\/wp-json\/wp\/v2\/posts\/193318","targetHints":{"allow":["GET"]}}],"collection":[{"href":"https:\/\/www.meydan.tv\/az\/wp-json\/wp\/v2\/posts"}],"about":[{"href":"https:\/\/www.meydan.tv\/az\/wp-json\/wp\/v2\/types\/post"}],"author":[{"embeddable":true,"href":"https:\/\/www.meydan.tv\/az\/wp-json\/wp\/v2\/users\/11"}],"replies":[{"embeddable":true,"href":"https:\/\/www.meydan.tv\/az\/wp-json\/wp\/v2\/comments?post=193318"}],"version-history":[{"count":0,"href":"https:\/\/www.meydan.tv\/az\/wp-json\/wp\/v2\/posts\/193318\/revisions"}],"wp:featuredmedia":[{"embeddable":true,"href":"https:\/\/www.meydan.tv\/az\/wp-json\/wp\/v2\/media\/115186"}],"wp:attachment":[{"href":"https:\/\/www.meydan.tv\/az\/wp-json\/wp\/v2\/media?parent=193318"}],"wp:term":[{"taxonomy":"category","embeddable":true,"href":"https:\/\/www.meydan.tv\/az\/wp-json\/wp\/v2\/categories?post=193318"},{"taxonomy":"post_tag","embeddable":true,"href":"https:\/\/www.meydan.tv\/az\/wp-json\/wp\/v2\/tags?post=193318"}],"curies":[{"name":"wp","href":"https:\/\/api.w.org\/{rel}","templated":true}]}}