{"id":193298,"date":"2019-01-02T14:02:57","date_gmt":"2019-01-02T14:02:57","guid":{"rendered":"https:\/\/www.meydan.tv\/article\/goycay-sakini-bolgeler-batir-kimsenin-xeberi-yoxdur\/"},"modified":"2019-01-02T14:02:57","modified_gmt":"2019-01-02T14:02:57","slug":"goycay-sakini-bolgeler-batir-kimsenin-xeberi-yoxdur","status":"publish","type":"post","link":"https:\/\/www.meydan.tv\/az\/article\/goycay-sakini-bolgeler-batir-kimsenin-xeberi-yoxdur\/","title":{"rendered":"G\u00f6y\u00e7ay sakini: B\u00f6lg\u0259l\u0259r bat\u0131r, kims\u0259nin x\u0259b\u0259ri yoxdur"},"content":{"rendered":"<p>\n  <i><br \/>\n    &#8221;Evimin \u015f\u0259raitin\u0259 d\u0259 bax\u0131n, burda insan ya\u015famaz&#8221;<br \/>\n  <\/i>\n<\/p>\n<p>\n  \u201cU\u00e7uq-s\u00f6k\u00fck, birotaql\u0131 evd\u0259 5 n\u0259f\u0259r ya\u015fay\u0131r\u0131q. He\u00e7 birimiz i\u015fl\u0259mirik. \u00dcnvanl\u0131 sosial yard\u0131ma m\u00fcraci\u0259t etdik, \u201csiz\u0259 d\u00fc\u015fm\u00fcr\u201d, &#8211; dedil\u0259r. M\u0259n h\u0259l\u0259 bu rayonda bir kas\u0131b\u0131n yard\u0131m ald\u0131\u011f\u0131n\u0131 g\u00f6rm\u0259mi\u015f\u0259m. Alanlar ham\u0131s\u0131 hal\u0131, v\u0259ziyy\u0259ti yax\u015f\u0131 olanlard\u0131r\u201d.\n<\/p>\n<p>\n  G\u00f6y\u00e7ay sakini, 46 ya\u015fl\u0131 Elnur R\u0259himli bel\u0259 deyir. O, 3 u\u015faq atas\u0131d\u0131r. G\u00f6y\u00e7ayda ki\u00e7ik bir evd\u0259, 5 n\u0259f\u0259rlik ail\u0259si il\u0259 birg\u0259 ya\u015fay\u0131r. Bunu ya\u015famaq saym\u0131r, ay\u0131n sonunu g\u00fccl\u0259 g\u0259tirdiyini s\u00f6yl\u0259yir:\n<\/p>\n<figure class=\"wp-block-image size-large\">\n  <img decoding=\"async\" src=\"https:\/\/www.meydan.tv\/az\/115087\/\" alt=\"\" class=\"wp-image-115087\"\/><figcaption><\/figcaption><\/figure>\n<p>\n  \u201cH\u0259l\u0259 1 il bundan \u00f6nc\u0259sin\u0259 q\u0259d\u0259r qoca anam da biziml\u0259 ya\u015fay\u0131rd\u0131. Yaz\u0131q, h\u0259m d\u0259 \u015f\u0259hid anas\u0131 idi. Bax\u0131n, o da bu daxmadan k\u00f6\u00e7\u00fcb getdi. Bir rahatl\u0131q g\u00f6rm\u0259di. Yax\u015f\u0131 ya\u015fada bilm\u0259dim anam\u0131. Ham\u0131s\u0131 da Allah\u0131n b\u0259las\u0131 i\u015fsizlik, \u015f\u0259raitsizlik ucbat\u0131ndan\u201d.\n<\/p>\n<blockquote><p>\n  \u015e\u0259rait dediyi budursa, \u015f\u0259raitsizlik nec\u0259 olur?\n<\/p><\/blockquote>\n<p>\n  E.R\u0259himli deyir ki, n\u0259 sa\u011fl\u0131\u011f\u0131nda, n\u0259 d\u0259 \u00f6l\u00fcm\u00fcnd\u0259n sonra bir yard\u0131m etdil\u0259r \u015f\u0259hid anas\u0131na. El\u0259c\u0259, yar\u0131ac-yar\u0131tox, ehtiyac i\u00e7ind\u0259 k\u00f6\u00e7\u00fcb getdi bu h\u0259yatdan:\n<\/p>\n<figure class=\"wp-block-image size-large\">\n  <img decoding=\"async\" src=\"https:\/\/www.meydan.tv\/az\/elnur-rehimli\/\" alt=\"Elnur R\u0259himli\" class=\"wp-image-115090\"\/><figcaption>\n    Elnur R\u0259himli<br \/>\n  <\/figcaption><\/figure>\n<p>\n  \u201c\u00c7ox da m\u00fcraci\u0259t edib, he\u00e7 n\u0259 ist\u0259y\u0259 bilm\u0259di. Ancaq prezident telekanallardak\u0131 \u00e7\u0131x\u0131\u015flar\u0131nda b\u0259h-b\u0259hl\u0259 deyir ki, \u015f\u0259hid ail\u0259l\u0259rin\u0259 bunu edirik, onu edirik. Onlara \u0259l tuturuq, k\u00f6m\u0259k g\u00f6st\u0259ririk, \u015f\u0259rait yarad\u0131r\u0131q. Han\u0131? Budur \u015f\u0259rait? \u018fg\u0259r \u015f\u0259rait dediyi budursa, \u015f\u0259raitsizlik nec\u0259 olur?\u201d\n<\/p>\n<blockquote><p>\n  120 il \u0259vv\u0259l tikilmi\u015f, u\u00e7uq-s\u00f6k\u00fck evd\u0259 ya\u015fay\u0131r\u0131q\n<\/p><\/blockquote>\n<p>\n  E.R\u0259himli \u00fcnvanl\u0131 sosial yard\u0131m \u00fc\u00e7\u00fcn d\u0259 m\u00fcraci\u0259t edib, \u201csiz\u0259 d\u00fc\u015fm\u00fcr\u201d, &#8211; cavab\u0131 al\u0131b. Deyir, onlara d\u00fc\u015fm\u0259si \u00fc\u00e7\u00fcn daha n\u0259 olmal\u0131d\u0131r, nec\u0259 \u00e7\u0259tin \u015f\u0259rait, v\u0259ziyy\u0259td\u0259 ya\u015famal\u0131d\u0131rlar ki, yard\u0131m ala bilsinl\u0259r:\n<\/p>\n<figure class=\"wp-block-image size-large\">\n  <img decoding=\"async\" src=\"https:\/\/www.meydan.tv\/az\/115093\/\" alt=\"\" class=\"wp-image-115093\"\/><figcaption><\/figcaption><\/figure>\n<p>\n  \u201cEvin ba\u015f\u0131m\u0131za u\u00e7du\u011funu deyir\u0259m. Cavab g\u0259lir ki, q\u0259zal\u0131 deyil. Rayona t\u0259yin olunan icra ba\u015f\u00e7\u0131lar\u0131 da v\u0259t\u0259nda\u015flar\u0131n \u015fikay\u0259tin\u0259 baxm\u0131r. Onlar ancaq \u00f6z qohumlar\u0131na \u015f\u0259rait yaratmaq \u00fc\u00e7\u00fcn \u00e7al\u0131\u015f\u0131rlar. El\u0259 ona g\u00f6r\u0259 d\u0259 m\u0259n n\u0259inki rayonun icra ba\u015f\u00e7\u0131s\u0131ndan, yerli t\u0259\u015fkilatlardan, el\u0259 \u00f6lk\u0259nin ba\u015f\u00e7\u0131s\u0131ndan da naraz\u0131yam. \u00dc\u00e7 \u00f6vlad\u0131m var. M\u0259n onlar\u0131 min bir \u00e7\u0259tinlikl\u0259, g\u00fcc-b\u0259la il\u0259 b\u00f6y\u00fcd\u00fcr\u0259m. 120 il \u0259vv\u0259l tikilmi\u015f, u\u00e7uq-s\u00f6k\u00fck evd\u0259, 1 ota\u011f\u0131n i\u00e7ind\u0259 ya\u015fad\u0131ram. Bundan o t\u0259r\u0259fi varm\u0131?\u201d\n<\/p>\n<blockquote><p>\n  Bayramlarda \u015f\u0259hid ail\u0259l\u0259rin\u0259, veteranlara yar\u0131m kilo \u0259t v\u0259 un verirdil\u0259r\n<\/p><\/blockquote>\n<p>\n  E.R\u0259himli deyir ki, indiy\u0259 q\u0259d\u0259r d\u00f6vl\u0259td\u0259n h\u0259r hans\u0131 d\u0259st\u0259k g\u00f6rm\u0259yib. Bundan sonra da n\u0259s\u0259 olaca\u011f\u0131na inanm\u0131r. Ona g\u00f6r\u0259 dan\u0131\u015f\u0131r ki, b\u00f6lg\u0259l\u0259rd\u0259 v\u0259ziyy\u0259tin nec\u0259 oldu\u011funu, i\u015fsizliyin h\u00f6km s\u00fcrd\u00fcy\u00fcn\u00fc ham\u0131 bilsin:\n<\/p>\n<figure class=\"wp-block-image size-large\">\n  <img decoding=\"async\" src=\"https:\/\/www.meydan.tv\/az\/115096\/\" alt=\"\" class=\"wp-image-115096\"\/><figcaption><\/figcaption><\/figure>\n<p>\n  \u201c\u0130ld\u0259 bir-iki d\u0259f\u0259 bayramlarda \u015f\u0259hid ail\u0259l\u0259rin\u0259, veteranlara yar\u0131m kilo \u0259t v\u0259 un verirdil\u0259r. Son ill\u0259r onu da k\u0259sibl\u0259r. Biz bundan ba\u015fqa he\u00e7 n\u0259 g\u00f6rm\u0259mi\u015fik. Ancaq prezident d\u0259 daxil olmaqla onun \u0259traf\u0131ndak\u0131lar, onlara xidm\u0259t ed\u0259n telekanallar bel\u0259 demir. Onlara inansaq, biz ya\u011f-bal i\u00e7ind\u0259 dolan\u0131r\u0131q. Amma ortada n\u0259 ya\u011f var, n\u0259 d\u0259 bal\u201d.\n<\/p>\n<blockquote><p>\n  \u00d6lk\u0259 bat\u0131r, b\u00f6lg\u0259l\u0259r bat\u0131r, kims\u0259nin x\u0259b\u0259ri yoxdur\n<\/p><\/blockquote>\n<p>\n  E.R\u0259himli uzun ill\u0259r i\u015fsiz olub. He\u00e7 yerd\u0259 i\u015f tapa bilm\u0259yib. Sonda \u0259lac\u0131 k\u0259silib, borc-x\u0259rcl\u0259 icar\u0259y\u0259 ma\u011faza g\u00f6t\u00fcr\u00fcb. Dostu il\u0259 i\u015fl\u0259dir. B\u0259z\u0259n g\u00fcnl\u0259rl\u0259 he\u00e7 n\u0259 sata bilm\u0259diyini dey\u0259n Elnur, icar\u0259 haqq\u0131n\u0131 g\u00fccl\u0259 toparlay\u0131b verdiyini s\u00f6yl\u0259yir:\n<\/p>\n<p><img \/><\/p>\n<p>\n  \u201cB\u0259z\u0259n olur ki, he\u00e7 bir manat g\u0259lirim olmur. 3 \u00f6vlad b\u00f6y\u00fcd\u00fcr\u0259m, \u00e7\u0259tindir. Evimin \u015f\u0259raitin\u0259 d\u0259 bax\u0131n, burda insan ya\u015famaz, g\u00f6r\u00fcn, k\u00f6hn\u0259 daxmad\u0131, bu g\u00fcn-sabah ba\u015f\u0131m\u0131za u\u00e7acaq. Gedib haqq\u0131n\u0131 t\u0259l\u0259b edirs\u0259n, n\u0259s\u0259 ist\u0259yirs\u0259n, el\u0259 bir cavab verirl\u0259r ki, \u00f6z\u00fcn-\u00f6z\u00fcn\u0259 nifr\u0259t edirs\u0259n. \u00d6lk\u0259 bat\u0131r, b\u00f6lg\u0259l\u0259r bat\u0131r, kims\u0259nin x\u0259b\u0259ri yoxdur\u201d.\n<\/p>\n<blockquote><p>\n  M\u00fcraci\u0259t etsin, \u015f\u0259rtl\u0259r\u0259 uy\u011fundursa, yard\u0131m veril\u0259r\n<\/p><\/blockquote>\n<p>\n  Meydan TV m\u0259s\u0259l\u0259y\u0259 m\u00fcnasib\u0259t \u00f6yr\u0259nm\u0259k \u00fc\u00e7\u00fcn G\u00f6y\u00e7ay rayonu \u018fhalinin Sosial M\u00fcdafi\u0259si M\u0259rk\u0259zi il\u0259 \u0259laq\u0259 saxlay\u0131b. M\u0259rk\u0259zd\u0259n bildiribl\u0259r ki, \u00fcnvanl\u0131 sosial yard\u0131ma elektron qaydada m\u00fcraci\u0259t edilir:\n<\/p>\n<figure class=\"wp-block-image size-large\">\n  <img decoding=\"async\" src=\"https:\/\/www.meydan.tv\/az\/115099\/\" alt=\"\" class=\"wp-image-115099\"\/><figcaption><\/figcaption><\/figure>\n<p>\n  \u201cH\u0259min v\u0259t\u0259nda\u015f da s\u0259n\u0259dl\u0259rini elektron qaydada g\u00f6nd\u0259rm\u0259lidir. \u018fg\u0259r bunu bilmirs\u0259, \u015f\u00f6b\u0259y\u0259 yax\u0131nla\u015f\u0131b soru\u015fa bil\u0259r. Komissiya bax\u0131r v\u0259 q\u0259rar verir. H\u0259min \u015f\u0259xsin v\u0259ziyy\u0259ti yard\u0131m ayr\u0131lmas\u0131na uy\u011fundursa, al\u0131r. \u00c7ox vaxt m\u00fcraci\u0259t edirl\u0259r, g\u00f6r\u00fcr\u00fck ki, adlar\u0131na ev, avtomobil, torpaq var. Biz n\u0259 ed\u0259 bil\u0259rik? Qaydalar budur, olmamal\u0131d\u0131r\u201d.\n<\/p><\/p>\n","protected":false},"excerpt":{"rendered":"<p>&#8221;Evimin \u015f\u0259raitin\u0259 d\u0259 bax\u0131n, burda insan ya\u015famaz&#8221;<\/p>\n","protected":false},"author":11,"featured_media":115084,"comment_status":"closed","ping_status":"open","sticky":false,"template":"","format":"standard","meta":{"_acf_changed":false,"_sitemap_exclude":false,"_sitemap_priority":"","_sitemap_frequency":"","footnotes":""},"categories":[60],"tags":[],"class_list":["post-193298","post","type-post","status-publish","format-standard","has-post-thumbnail","hentry","category-bolge","infinite-scroll-item","generate-columns","tablet-grid-50","mobile-grid-100","grid-parent","grid-33","no-featured-image-padding"],"acf":[],"yoast_head":"<!-- This site is optimized with the Yoast SEO plugin v27.4 - https:\/\/yoast.com\/product\/yoast-seo-wordpress\/ -->\n<title>G\u00f6y\u00e7ay sakini: B\u00f6lg\u0259l\u0259r bat\u0131r, kims\u0259nin x\u0259b\u0259ri yoxdur - MEYDAN.TV<\/title>\n<meta name=\"robots\" content=\"index, follow, max-snippet:-1, max-image-preview:large, max-video-preview:-1\" \/>\n<link rel=\"canonical\" href=\"https:\/\/www.meydan.tv\/az\/article\/goycay-sakini-bolgeler-batir-kimsenin-xeberi-yoxdur\/\" \/>\n<meta property=\"og:locale\" content=\"az_AZ\" \/>\n<meta property=\"og:type\" content=\"article\" \/>\n<meta property=\"og:title\" content=\"G\u00f6y\u00e7ay sakini: B\u00f6lg\u0259l\u0259r bat\u0131r, kims\u0259nin x\u0259b\u0259ri yoxdur - MEYDAN.TV\" \/>\n<meta property=\"og:description\" content=\"&#039;&#039;Evimin \u015f\u0259raitin\u0259 d\u0259 bax\u0131n, burda insan ya\u015famaz&#039;&#039;\" \/>\n<meta property=\"og:url\" content=\"https:\/\/www.meydan.tv\/az\/article\/goycay-sakini-bolgeler-batir-kimsenin-xeberi-yoxdur\/\" \/>\n<meta property=\"og:site_name\" content=\"MEYDAN.TV\" \/>\n<meta property=\"article:published_time\" content=\"2019-01-02T14:02:57+00:00\" \/>\n<meta property=\"og:image\" content=\"https:\/\/www.meydan.tv\/wp-content\/uploads\/45846-scaled.jpg\" \/>\n\t<meta property=\"og:image:width\" content=\"2560\" \/>\n\t<meta property=\"og:image:height\" content=\"1920\" \/>\n\t<meta property=\"og:image:type\" content=\"image\/jpeg\" \/>\n<meta name=\"author\" content=\"user-manager\" \/>\n<meta name=\"twitter:card\" content=\"summary_large_image\" \/>\n<script type=\"application\/ld+json\" class=\"yoast-schema-graph\">{\"@context\":\"https:\\\/\\\/schema.org\",\"@graph\":[{\"@type\":\"Article\",\"@id\":\"https:\\\/\\\/www.meydan.tv\\\/az\\\/article\\\/goycay-sakini-bolgeler-batir-kimsenin-xeberi-yoxdur\\\/#article\",\"isPartOf\":{\"@id\":\"https:\\\/\\\/www.meydan.tv\\\/az\\\/article\\\/goycay-sakini-bolgeler-batir-kimsenin-xeberi-yoxdur\\\/\"},\"author\":{\"name\":\"user-manager\",\"@id\":\"https:\\\/\\\/www.meydan.tv\\\/az\\\/#\\\/schema\\\/person\\\/10d11eccf6da3662cf5fdab9806ea91a\"},\"headline\":\"G\u00f6y\u00e7ay sakini: B\u00f6lg\u0259l\u0259r bat\u0131r, kims\u0259nin x\u0259b\u0259ri yoxdur\",\"datePublished\":\"2019-01-02T14:02:57+00:00\",\"mainEntityOfPage\":{\"@id\":\"https:\\\/\\\/www.meydan.tv\\\/az\\\/article\\\/goycay-sakini-bolgeler-batir-kimsenin-xeberi-yoxdur\\\/\"},\"wordCount\":900,\"publisher\":{\"@id\":\"https:\\\/\\\/www.meydan.tv\\\/az\\\/#organization\"},\"image\":{\"@id\":\"https:\\\/\\\/www.meydan.tv\\\/az\\\/article\\\/goycay-sakini-bolgeler-batir-kimsenin-xeberi-yoxdur\\\/#primaryimage\"},\"thumbnailUrl\":\"https:\\\/\\\/www.meydan.tv\\\/wp-content\\\/uploads\\\/45846-scaled.jpg\",\"articleSection\":[\"B\u00f6lg\u0259\"],\"inLanguage\":\"az\"},{\"@type\":\"WebPage\",\"@id\":\"https:\\\/\\\/www.meydan.tv\\\/az\\\/article\\\/goycay-sakini-bolgeler-batir-kimsenin-xeberi-yoxdur\\\/\",\"url\":\"https:\\\/\\\/www.meydan.tv\\\/az\\\/article\\\/goycay-sakini-bolgeler-batir-kimsenin-xeberi-yoxdur\\\/\",\"name\":\"G\u00f6y\u00e7ay sakini: B\u00f6lg\u0259l\u0259r bat\u0131r, kims\u0259nin x\u0259b\u0259ri yoxdur - MEYDAN.TV\",\"isPartOf\":{\"@id\":\"https:\\\/\\\/www.meydan.tv\\\/az\\\/#website\"},\"primaryImageOfPage\":{\"@id\":\"https:\\\/\\\/www.meydan.tv\\\/az\\\/article\\\/goycay-sakini-bolgeler-batir-kimsenin-xeberi-yoxdur\\\/#primaryimage\"},\"image\":{\"@id\":\"https:\\\/\\\/www.meydan.tv\\\/az\\\/article\\\/goycay-sakini-bolgeler-batir-kimsenin-xeberi-yoxdur\\\/#primaryimage\"},\"thumbnailUrl\":\"https:\\\/\\\/www.meydan.tv\\\/wp-content\\\/uploads\\\/45846-scaled.jpg\",\"datePublished\":\"2019-01-02T14:02:57+00:00\",\"breadcrumb\":{\"@id\":\"https:\\\/\\\/www.meydan.tv\\\/az\\\/article\\\/goycay-sakini-bolgeler-batir-kimsenin-xeberi-yoxdur\\\/#breadcrumb\"},\"inLanguage\":\"az\",\"potentialAction\":[{\"@type\":\"ReadAction\",\"target\":[\"https:\\\/\\\/www.meydan.tv\\\/az\\\/article\\\/goycay-sakini-bolgeler-batir-kimsenin-xeberi-yoxdur\\\/\"]}]},{\"@type\":\"ImageObject\",\"inLanguage\":\"az\",\"@id\":\"https:\\\/\\\/www.meydan.tv\\\/az\\\/article\\\/goycay-sakini-bolgeler-batir-kimsenin-xeberi-yoxdur\\\/#primaryimage\",\"url\":\"https:\\\/\\\/www.meydan.tv\\\/wp-content\\\/uploads\\\/45846-scaled.jpg\",\"contentUrl\":\"https:\\\/\\\/www.meydan.tv\\\/wp-content\\\/uploads\\\/45846-scaled.jpg\",\"width\":2560,\"height\":1920,\"caption\":\"Source:\"},{\"@type\":\"BreadcrumbList\",\"@id\":\"https:\\\/\\\/www.meydan.tv\\\/az\\\/article\\\/goycay-sakini-bolgeler-batir-kimsenin-xeberi-yoxdur\\\/#breadcrumb\",\"itemListElement\":[{\"@type\":\"ListItem\",\"position\":1,\"name\":\"Ana s\u0259hif\u0259\",\"item\":\"https:\\\/\\\/www.meydan.tv\\\/az\\\/\"},{\"@type\":\"ListItem\",\"position\":2,\"name\":\"B\u00f6lg\u0259\",\"item\":\"https:\\\/\\\/www.meydan.tv\\\/az\\\/section\\\/bolge\\\/\"},{\"@type\":\"ListItem\",\"position\":3,\"name\":\"G\u00f6y\u00e7ay sakini: B\u00f6lg\u0259l\u0259r bat\u0131r, kims\u0259nin x\u0259b\u0259ri yoxdur\"}]},{\"@type\":\"WebSite\",\"@id\":\"https:\\\/\\\/www.meydan.tv\\\/az\\\/#website\",\"url\":\"https:\\\/\\\/www.meydan.tv\\\/az\\\/\",\"name\":\"MEYDAN.TV\",\"description\":\"Meydan TV Az\u0259rbaycan\u0131n media m\u0259kan\u0131ndak\u0131 alternativ s\u0259sidir\",\"publisher\":{\"@id\":\"https:\\\/\\\/www.meydan.tv\\\/az\\\/#organization\"},\"potentialAction\":[{\"@type\":\"SearchAction\",\"target\":{\"@type\":\"EntryPoint\",\"urlTemplate\":\"https:\\\/\\\/www.meydan.tv\\\/az\\\/?s={search_term_string}\"},\"query-input\":{\"@type\":\"PropertyValueSpecification\",\"valueRequired\":true,\"valueName\":\"search_term_string\"}}],\"inLanguage\":\"az\"},{\"@type\":\"Organization\",\"@id\":\"https:\\\/\\\/www.meydan.tv\\\/az\\\/#organization\",\"name\":\"Meydan TV\",\"url\":\"https:\\\/\\\/www.meydan.tv\\\/az\\\/\",\"logo\":{\"@type\":\"ImageObject\",\"inLanguage\":\"az\",\"@id\":\"https:\\\/\\\/www.meydan.tv\\\/az\\\/#\\\/schema\\\/logo\\\/image\\\/\",\"url\":\"https:\\\/\\\/www.meydan.tv\\\/wp-content\\\/uploads\\\/2021\\\/07\\\/meydan-logo.svg\",\"contentUrl\":\"https:\\\/\\\/www.meydan.tv\\\/wp-content\\\/uploads\\\/2021\\\/07\\\/meydan-logo.svg\",\"width\":195,\"height\":46,\"caption\":\"Meydan TV\"},\"image\":{\"@id\":\"https:\\\/\\\/www.meydan.tv\\\/az\\\/#\\\/schema\\\/logo\\\/image\\\/\"}},{\"@type\":\"Person\",\"@id\":\"https:\\\/\\\/www.meydan.tv\\\/az\\\/#\\\/schema\\\/person\\\/10d11eccf6da3662cf5fdab9806ea91a\",\"name\":\"user-manager\"}]}<\/script>\n<!-- \/ Yoast SEO plugin. -->","yoast_head_json":{"title":"G\u00f6y\u00e7ay sakini: B\u00f6lg\u0259l\u0259r bat\u0131r, kims\u0259nin x\u0259b\u0259ri yoxdur - MEYDAN.TV","robots":{"index":"index","follow":"follow","max-snippet":"max-snippet:-1","max-image-preview":"max-image-preview:large","max-video-preview":"max-video-preview:-1"},"canonical":"https:\/\/www.meydan.tv\/az\/article\/goycay-sakini-bolgeler-batir-kimsenin-xeberi-yoxdur\/","og_locale":"az_AZ","og_type":"article","og_title":"G\u00f6y\u00e7ay sakini: B\u00f6lg\u0259l\u0259r bat\u0131r, kims\u0259nin x\u0259b\u0259ri yoxdur - MEYDAN.TV","og_description":"''Evimin \u015f\u0259raitin\u0259 d\u0259 bax\u0131n, burda insan ya\u015famaz''","og_url":"https:\/\/www.meydan.tv\/az\/article\/goycay-sakini-bolgeler-batir-kimsenin-xeberi-yoxdur\/","og_site_name":"MEYDAN.TV","article_published_time":"2019-01-02T14:02:57+00:00","og_image":[{"width":2560,"height":1920,"url":"https:\/\/www.meydan.tv\/wp-content\/uploads\/45846-scaled.jpg","type":"image\/jpeg"}],"author":"user-manager","twitter_card":"summary_large_image","schema":{"@context":"https:\/\/schema.org","@graph":[{"@type":"Article","@id":"https:\/\/www.meydan.tv\/az\/article\/goycay-sakini-bolgeler-batir-kimsenin-xeberi-yoxdur\/#article","isPartOf":{"@id":"https:\/\/www.meydan.tv\/az\/article\/goycay-sakini-bolgeler-batir-kimsenin-xeberi-yoxdur\/"},"author":{"name":"user-manager","@id":"https:\/\/www.meydan.tv\/az\/#\/schema\/person\/10d11eccf6da3662cf5fdab9806ea91a"},"headline":"G\u00f6y\u00e7ay sakini: B\u00f6lg\u0259l\u0259r bat\u0131r, kims\u0259nin x\u0259b\u0259ri yoxdur","datePublished":"2019-01-02T14:02:57+00:00","mainEntityOfPage":{"@id":"https:\/\/www.meydan.tv\/az\/article\/goycay-sakini-bolgeler-batir-kimsenin-xeberi-yoxdur\/"},"wordCount":900,"publisher":{"@id":"https:\/\/www.meydan.tv\/az\/#organization"},"image":{"@id":"https:\/\/www.meydan.tv\/az\/article\/goycay-sakini-bolgeler-batir-kimsenin-xeberi-yoxdur\/#primaryimage"},"thumbnailUrl":"https:\/\/www.meydan.tv\/wp-content\/uploads\/45846-scaled.jpg","articleSection":["B\u00f6lg\u0259"],"inLanguage":"az"},{"@type":"WebPage","@id":"https:\/\/www.meydan.tv\/az\/article\/goycay-sakini-bolgeler-batir-kimsenin-xeberi-yoxdur\/","url":"https:\/\/www.meydan.tv\/az\/article\/goycay-sakini-bolgeler-batir-kimsenin-xeberi-yoxdur\/","name":"G\u00f6y\u00e7ay sakini: B\u00f6lg\u0259l\u0259r bat\u0131r, kims\u0259nin x\u0259b\u0259ri yoxdur - MEYDAN.TV","isPartOf":{"@id":"https:\/\/www.meydan.tv\/az\/#website"},"primaryImageOfPage":{"@id":"https:\/\/www.meydan.tv\/az\/article\/goycay-sakini-bolgeler-batir-kimsenin-xeberi-yoxdur\/#primaryimage"},"image":{"@id":"https:\/\/www.meydan.tv\/az\/article\/goycay-sakini-bolgeler-batir-kimsenin-xeberi-yoxdur\/#primaryimage"},"thumbnailUrl":"https:\/\/www.meydan.tv\/wp-content\/uploads\/45846-scaled.jpg","datePublished":"2019-01-02T14:02:57+00:00","breadcrumb":{"@id":"https:\/\/www.meydan.tv\/az\/article\/goycay-sakini-bolgeler-batir-kimsenin-xeberi-yoxdur\/#breadcrumb"},"inLanguage":"az","potentialAction":[{"@type":"ReadAction","target":["https:\/\/www.meydan.tv\/az\/article\/goycay-sakini-bolgeler-batir-kimsenin-xeberi-yoxdur\/"]}]},{"@type":"ImageObject","inLanguage":"az","@id":"https:\/\/www.meydan.tv\/az\/article\/goycay-sakini-bolgeler-batir-kimsenin-xeberi-yoxdur\/#primaryimage","url":"https:\/\/www.meydan.tv\/wp-content\/uploads\/45846-scaled.jpg","contentUrl":"https:\/\/www.meydan.tv\/wp-content\/uploads\/45846-scaled.jpg","width":2560,"height":1920,"caption":"Source:"},{"@type":"BreadcrumbList","@id":"https:\/\/www.meydan.tv\/az\/article\/goycay-sakini-bolgeler-batir-kimsenin-xeberi-yoxdur\/#breadcrumb","itemListElement":[{"@type":"ListItem","position":1,"name":"Ana s\u0259hif\u0259","item":"https:\/\/www.meydan.tv\/az\/"},{"@type":"ListItem","position":2,"name":"B\u00f6lg\u0259","item":"https:\/\/www.meydan.tv\/az\/section\/bolge\/"},{"@type":"ListItem","position":3,"name":"G\u00f6y\u00e7ay sakini: B\u00f6lg\u0259l\u0259r bat\u0131r, kims\u0259nin x\u0259b\u0259ri yoxdur"}]},{"@type":"WebSite","@id":"https:\/\/www.meydan.tv\/az\/#website","url":"https:\/\/www.meydan.tv\/az\/","name":"MEYDAN.TV","description":"Meydan TV Az\u0259rbaycan\u0131n media m\u0259kan\u0131ndak\u0131 alternativ s\u0259sidir","publisher":{"@id":"https:\/\/www.meydan.tv\/az\/#organization"},"potentialAction":[{"@type":"SearchAction","target":{"@type":"EntryPoint","urlTemplate":"https:\/\/www.meydan.tv\/az\/?s={search_term_string}"},"query-input":{"@type":"PropertyValueSpecification","valueRequired":true,"valueName":"search_term_string"}}],"inLanguage":"az"},{"@type":"Organization","@id":"https:\/\/www.meydan.tv\/az\/#organization","name":"Meydan TV","url":"https:\/\/www.meydan.tv\/az\/","logo":{"@type":"ImageObject","inLanguage":"az","@id":"https:\/\/www.meydan.tv\/az\/#\/schema\/logo\/image\/","url":"https:\/\/www.meydan.tv\/wp-content\/uploads\/2021\/07\/meydan-logo.svg","contentUrl":"https:\/\/www.meydan.tv\/wp-content\/uploads\/2021\/07\/meydan-logo.svg","width":195,"height":46,"caption":"Meydan TV"},"image":{"@id":"https:\/\/www.meydan.tv\/az\/#\/schema\/logo\/image\/"}},{"@type":"Person","@id":"https:\/\/www.meydan.tv\/az\/#\/schema\/person\/10d11eccf6da3662cf5fdab9806ea91a","name":"user-manager"}]}},"_links":{"self":[{"href":"https:\/\/www.meydan.tv\/az\/wp-json\/wp\/v2\/posts\/193298","targetHints":{"allow":["GET"]}}],"collection":[{"href":"https:\/\/www.meydan.tv\/az\/wp-json\/wp\/v2\/posts"}],"about":[{"href":"https:\/\/www.meydan.tv\/az\/wp-json\/wp\/v2\/types\/post"}],"author":[{"embeddable":true,"href":"https:\/\/www.meydan.tv\/az\/wp-json\/wp\/v2\/users\/11"}],"replies":[{"embeddable":true,"href":"https:\/\/www.meydan.tv\/az\/wp-json\/wp\/v2\/comments?post=193298"}],"version-history":[{"count":0,"href":"https:\/\/www.meydan.tv\/az\/wp-json\/wp\/v2\/posts\/193298\/revisions"}],"wp:featuredmedia":[{"embeddable":true,"href":"https:\/\/www.meydan.tv\/az\/wp-json\/wp\/v2\/media\/115084"}],"wp:attachment":[{"href":"https:\/\/www.meydan.tv\/az\/wp-json\/wp\/v2\/media?parent=193298"}],"wp:term":[{"taxonomy":"category","embeddable":true,"href":"https:\/\/www.meydan.tv\/az\/wp-json\/wp\/v2\/categories?post=193298"},{"taxonomy":"post_tag","embeddable":true,"href":"https:\/\/www.meydan.tv\/az\/wp-json\/wp\/v2\/tags?post=193298"}],"curies":[{"name":"wp","href":"https:\/\/api.w.org\/{rel}","templated":true}]}}