{"id":193297,"date":"2019-01-01T17:28:53","date_gmt":"2019-01-01T17:28:53","guid":{"rendered":"https:\/\/www.meydan.tv\/article\/bolgeden-sesler-nece-esidildi\/"},"modified":"2019-01-01T17:28:53","modified_gmt":"2019-01-01T17:28:53","slug":"bolgeden-sesler-nece-esidildi","status":"publish","type":"post","link":"https:\/\/www.meydan.tv\/az\/article\/bolgeden-sesler-nece-esidildi\/","title":{"rendered":"B\u00f6lg\u0259d\u0259n s\u0259sl\u0259r nec\u0259 e\u015fidildi?"},"content":{"rendered":"<figure class=\"wp-block-image size-large\">\n  <img decoding=\"async\" src=\"https:\/\/www.meydan.tv\/az\/115069\/\" alt=\"\" class=\"wp-image-115069\"\/><figcaption><\/figcaption><\/figure>\n<p>\n  <i><br \/>\n    \u00d6t\u0259n il Meydan TV-y\u0259 \u00fcz tutan \u015f\u0259xsl\u0259rin probleml\u0259rinin h\u0259llin\u0259 \u00e7al\u0131\u015f\u0131ld\u0131<br \/>\n  <\/i>\n<\/p>\n<p>\n  2018-ci ild\u0259<br \/>\n  <a href=\"\/az\/article\/kohne-ilde-meydan-tv-ye-kimler-uz-tutdu-neler-oldu\/\"><br \/>\n    Meydan TV<br \/>\n  <\/a><br \/>\n  -y\u0259 \u00fcz tutanlar aras\u0131nda b\u00f6lg\u0259d\u0259 ya\u015fayanlar \u00e7oxluq t\u0259\u015fkil etdi. Sosial probleml\u0259rini g\u00fcn i\u015f\u0131\u011f\u0131na \u00e7\u0131xarmaq ist\u0259y\u0259nl\u0259r aras\u0131nda d\u0259rdin\u0259 \u00e7ar\u0259 tap\u0131lanlar da oldu, c\u0259zaland\u0131r\u0131lanlar da. \u0130mkans\u0131z ail\u0259l\u0259r\u0259 xeyirxah insanlardan d\u0259st\u0259k g\u0259ldi, h\u0259m\u00e7inin b\u0259zi \u0259laq\u0259dar qurumlar probleml\u0259ri h\u0259ll etm\u0259y\u0259 qalxd\u0131lar\u2026\n<\/p>\n<p>\n  <b><br \/>\n    <i><br \/>\n      Barama\u00e7\u0131l\u0131\u011f\u0131n m\u0259cburi inki\u015faf\u0131<br \/>\n    <\/i><br \/>\n  <\/b>\n<\/p>\n<p>\n  2018-ci ild\u0259 h\u00f6kum\u0259t barama\u00e7\u0131l\u0131\u011f\u0131 inki\u015faf etdirm\u0259k \u00fc\u00e7\u00fcn b\u00fcdc\u0259 t\u0259\u015fkilat\u0131 i\u015f\u00e7il\u0259rin\u0259 m\u0259cburi ip\u0259k qurdu saxlama\u011f\u0131 tap\u015f\u0131rd\u0131. Onlar\u0131n i\u00e7ind\u0259 idar\u0259 r\u0259hb\u0259rl\u0259ri, m\u0259kt\u0259b direktorlar\u0131, ba\u011f\u00e7a m\u00fcdirl\u0259ri vard\u0131. Bel\u0259likl\u0259, o insanlar\u0131n \u00e7oxunun yeri olmad\u0131\u011f\u0131ndan \u00f6lk\u0259 \u0259razisind\u0259 bir xeyli idar\u0259l\u0259rd\u0259 barama saxlanma\u011fa ba\u015flad\u0131.\n<\/p>\n<figure class=\"wp-block-image size-large\">\n  <img decoding=\"async\" src=\"https:\/\/www.meydan.tv\/az\/115072\/\" alt=\"\" class=\"wp-image-115072\"\/><figcaption><\/figcaption><\/figure>\n<p>\n  Meydan TV<br \/>\n  <a href=\"\/az\/article\/eliyevin-barama-siyaseti-mektebde-ipek-qurdu-saxlanilir\/\"><br \/>\n    F\u00fczulinin Haram<br \/>\n  <\/a><br \/>\n  \u0131 adlanan b\u00f6lg\u0259sind\u0259 m\u0259cburi k\u00f6\u00e7k\u00fcnl\u0259r \u00fc\u00e7\u00fcn sal\u0131nan \u201cQay\u0131d\u0131\u015f\u201d q\u0259s\u0259b\u0259l\u0259rind\u0259ki m\u0259kt\u0259bin i\u00e7ind\u0259 ip\u0259k qurdu saxlan\u0131lmas\u0131 il\u0259 ba\u011fl\u0131 video, yaz\u0131 payla\u015fd\u0131. Bundan sonra m\u0259lum oldu ki, \u00f6lk\u0259nin \u0259ks\u0259r b\u00f6lg\u0259sind\u0259ki m\u0259kt\u0259bl\u0259rd\u0259 v\u0259ziyy\u0259t eynidir. \u0130nsanlar m\u0259kt\u0259bl\u0259rd\u0259, ba\u011f\u00e7alarda, kitabxanalarda, m\u0259d\u0259niyy\u0259t evl\u0259rind\u0259 ip\u0259k qurdu saxlan\u0131lmas\u0131 il\u0259 ba\u011fl\u0131 videolar, fotolar g\u00f6nd\u0259rm\u0259y\u0259 ba\u015flad\u0131lar. V\u0259ziyy\u0259t g\u00fcn \u00fcz\u00fcn\u0259 \u00e7\u0131xd\u0131.\n<\/p>\n<p>\n  <b><br \/>\n    <i><br \/>\n      Tax\u0131l bi\u00e7ini \u00fc\u00e7\u00fcn texnika g\u00f6nd\u0259rildi<br \/>\n    <\/i><br \/>\n  <\/b>\n<\/p>\n<p>\n  \u0130yunda tax\u0131l bi\u00e7ini vaxt\u0131 Z\u0259rdab\u0131n \u00c7all\u0131 k\u0259ndinin sakinl\u0259ri m\u00fcraci\u0259t etdi. Onlar tax\u0131llar\u0131n\u0131n yeti\u015fib sah\u0259l\u0259rd\u0259 qald\u0131\u011f\u0131n\u0131, bi\u00e7m\u0259k \u00fc\u00e7\u00fcn texnika tapmad\u0131qlar\u0131n\u0131 s\u00f6yl\u0259yirdil\u0259r. Meydan TV m\u0259s\u0259l\u0259ni i\u015f\u0131qland\u0131rd\u0131,<br \/>\n  <a href=\"\/az\/article\/texnika-qitligindan-yetisen-taxilimizi-yiga-bilmirik\/\"><br \/>\n    Z\u0259rdab Rayon \u0130cra Hakimiyy\u0259ti<br \/>\n  <\/a><br \/>\n  il\u0259 \u0259laq\u0259 saxlad\u0131. Bundan sonra insanlar\u0131n tax\u0131llar\u0131n\u0131n sah\u0259l\u0259rd\u0259n bi\u00e7ilm\u0259si \u00fc\u00e7\u00fcn texnika g\u00f6nd\u0259rildi.\n<\/p>\n<p>\n  <b><br \/>\n    <i><br \/>\n      Sad\u0259 insanlar\u0131n k\u00f6m\u0259yi<br \/>\n    <\/i><br \/>\n  <\/b>\n<\/p>\n<p>\n  A\u011fstafan\u0131n Q\u0131r\u0131l\u0131 k\u0259ndind\u0259n olan bir ail\u0259 \u00e7\u0259tin durumda ya\u015famalar\u0131 il\u0259 ba\u011fl\u0131 \u015fikay\u0259t etmi\u015fdi. H\u0259min \u015fikay\u0259t<br \/>\n  <a href=\"\/az\/article\/kend-sakini-5-neferik-ayda-evimize-cemi-50-manat-girir\/\"><br \/>\n    Meydan TV<br \/>\n  <\/a><br \/>\n  -nin \u201cFacebook\u201d s\u0259hif\u0259sind\u0259 d\u0259rc edil\u0259nd\u0259n sonra insanlar h\u0259min ail\u0259y\u0259 maddi k\u00f6m\u0259k etdil\u0259r. Ail\u0259nin v\u0259r\u0259md\u0259n \u0259ziyy\u0259t \u00e7\u0259k\u0259n sakini m\u00fcalic\u0259 edildi, u\u015faqlar\u0131na m\u0259kt\u0259b paltarlar\u0131, l\u0259vazimatlar\u0131 al\u0131nd\u0131.\n<\/p>\n<figure class=\"wp-block-image size-large\">\n  <img decoding=\"async\" src=\"https:\/\/www.meydan.tv\/az\/45843-2\/\" alt=\"45843\" class=\"wp-image-115081\"\/><figcaption><\/figcaption><\/figure>\n<p>\n  M\u0259kt\u0259bl\u0259rin a\u00e7\u0131lmas\u0131na az qalm\u0131\u015f Meydan TV-d\u0259<br \/>\n  <a href=\"\/az\/article\/imkansizliqdan-usaqlarimi-mektebe-gondere-bilmirem\/\"><br \/>\n    Ucar<br \/>\n  <\/a><br \/>\n  \u0131n B\u0259rg\u00fc\u015fad k\u0259ndinin sakini Ayg\u00fcn Hac\u0131yeva il\u0259 ba\u011fl\u0131 yaz\u0131 d\u0259rc edildi. Ayg\u00fcn Hac\u0131yeva 4 u\u015faq anas\u0131 oldu\u011funu, u\u015faqlar\u0131n\u0131 imkan\u0131 olmad\u0131\u011f\u0131 \u00fc\u00e7\u00fcn m\u0259kt\u0259b\u0259 g\u00f6nd\u0259r\u0259 bilm\u0259diyini deyirdi. O, s\u00fcp\u00fcrg\u0259\u00e7ilikd\u0259n 125 manat qazan\u0131rd\u0131 v\u0259 bu, onun kiray\u0259sin\u0259 bel\u0259 yetmirdi. Yaz\u0131 d\u0259rc edil\u0259nd\u0259n sonra \u015firk\u0259tl\u0259r v\u0259 insanlar Ayg\u00fcn Hac\u0131yevaya maddi yard\u0131m etdil\u0259r. Onun m\u0259kt\u0259b\u0259 ged\u0259c\u0259k 3 \u00f6vlad\u0131na paltar v\u0259 d\u0259rs l\u0259vazimatlar\u0131 ald\u0131lar. Bundan \u0259lav\u0259, ail\u0259y\u0259 \u0259rzaq v\u0259 maddi d\u0259st\u0259k g\u00f6st\u0259rdil\u0259r. 1 il \u0259rzind\u0259 is\u0259 kiray\u0259 pulunu \u00f6d\u0259m\u0259yi \u00f6hd\u0259l\u0259rin\u0259 g\u00f6t\u00fcrd\u00fcl\u0259r.\n<\/p>\n<p>\n  Ucar\u0131n \u00c7iyni k\u0259ndinin sakini \u018fhm\u0259d \u018fhm\u0259dov Meydan TV-y\u0259 yazaraq imkans\u0131zl\u0131qdan t\u0259hsil haqq\u0131n\u0131 \u00f6d\u0259y\u0259 bilm\u0259diyini, buna g\u00f6r\u0259 t\u0259hsilini yar\u0131m\u00e7\u0131q qoymaq m\u0259cburiyy\u0259tind\u0259 oldu\u011funu s\u00f6yl\u0259mi\u015fdi. O, ofisiant i\u015fl\u0259diyini, bu pulla t\u0259hsil haqq\u0131n\u0131 \u00f6d\u0259y\u0259 bilm\u0259diyini deyirdi.<br \/>\n  <a href=\"\/az\/article\/azerbaycanda-yalniz-diplom-istehsal-edilir-tehsil-yox\/\"><br \/>\n    Yaz\u0131<br \/>\n  <\/a><br \/>\n  Meydan TV-d\u0259 d\u0259rc edil\u0259nd\u0259n sonra insanlar \u018fhm\u0259d \u018fhm\u0259dovun t\u0259hsil haqq\u0131na d\u0259st\u0259k oldular.\n<\/p>\n<p>\n  <b><br \/>\n    <i><br \/>\n      Ara\u015fd\u0131rma ba\u015fland\u0131<br \/>\n    <\/i><br \/>\n  <\/b>\n<\/p>\n<p>\n  K\u00fcrd\u0259mirin dializ x\u0259st\u0259l\u0259ri Meydan TV-y\u0259 m\u00fcraci\u0259t ed\u0259r\u0259k,<br \/>\n  <a href=\"\/az\/article\/arxamda-qohumum-yox-dovletim-durmalidir\/\"><br \/>\n    K\u00fcrd\u0259mir Rayon M\u0259rk\u0259zi X\u0259st\u0259xanas\u0131<br \/>\n  <\/a><br \/>\n  nda onlara g\u00f6st\u0259ril\u0259n xidm\u0259t qar\u015f\u0131l\u0131\u011f\u0131nda pul al\u0131nd\u0131\u011f\u0131n\u0131 s\u00f6yl\u0259dil\u0259r, \u015fikay\u0259t edirdil\u0259r. H\u0259min yaz\u0131 d\u0259rc edil\u0259nd\u0259n sonra S\u0259hiyy\u0259 Nazirliyi x\u0259st\u0259xana bar\u0259sind\u0259 ara\u015fd\u0131rmaya ba\u015flad\u0131.\n<\/p>\n<figure class=\"wp-block-image size-large\">\n  <img decoding=\"async\" src=\"https:\/\/www.meydan.tv\/az\/115078\/\" alt=\"\" class=\"wp-image-115078\"\/><figcaption><\/figcaption><\/figure>\n<p>\n  G\u00f6y\u00e7ay\u0131n C\u0259yirli k\u0259ndinin sakinl\u0259ri Meydan TV-y\u0259 \u015fikay\u0259t etmi\u015fdil\u0259r. Onlar sa\u011flaml\u0131qlar\u0131n\u0131n t\u0259hl\u00fck\u0259 alt\u0131nda oldu\u011funu, k\u0259ndl\u0259rind\u0259 yerl\u0259\u015f\u0259n \u201cKerpicsan\u201d G\u00f6y\u00e7ay K\u0259rpic Zavodunun t\u00fcst\u00fcs\u00fcnd\u0259n x\u0259st\u0259lik tapd\u0131qlar\u0131n\u0131 s\u00f6yl\u0259mi\u015fdil\u0259r. H\u0259min \u015fikay\u0259t<br \/>\n  <a href=\"\/az\/article\/ceyirliler-kerpic-zavodundan-sikayetcidir\/\"><br \/>\n    Meydan TV<br \/>\n  <\/a><br \/>\n  -d\u0259 i\u015f\u0131qland\u0131r\u0131ld\u0131qdan sonra Ekologiya v\u0259 T\u0259bii S\u0259rv\u0259tl\u0259r Nazirliyi k\u0259nd\u0259 komissiya g\u00f6nd\u0259rdi, ara\u015fd\u0131rma ba\u015flatd\u0131.\n<\/p>\n<p>\n  <b><br \/>\n    <i><br \/>\n      D\u00f6vl\u0259t qurumlar\u0131 k\u00f6m\u0259k etdi\u2026<br \/>\n    <\/i><br \/>\n  <\/b>\n<\/p>\n<p>\n  \u0130lin son ay\u0131nda<br \/>\n  <a href=\"\/az\/article\/bezen-ac-yatiram-uzum-gelmir-qonsuda-yemeye\/\"><br \/>\n    Meydan TV<br \/>\n  <\/a><br \/>\n  -d\u0259 &#8221;B\u0259z\u0259n ac yat\u0131ram, \u00fcz\u00fcm g\u0259lmir qon\u015fuda yem\u0259y\u0259&#8221; adl\u0131 yaz\u0131 d\u0259rc olundu. Yaz\u0131da pensiya ya\u015f\u0131 \u00e7atmayan, t\u0259k ya\u015fayan bir qad\u0131ndan dan\u0131\u015f\u0131l\u0131rd\u0131. O qad\u0131n yem\u0259y\u0259 \u00e7\u00f6r\u0259k tapm\u0131r, borcu oldu\u011fu \u00fc\u00e7\u00fcn i\u015f\u0131\u011f\u0131, qaz\u0131, suyu k\u0259silmi\u015fdi. Qad\u0131n x\u0259st\u0259 idi, ancaq pensiyaya \u00e7\u0131xmaq \u00fc\u00e7\u00fcn h\u0259kim ona x\u0259st\u0259lik ya\u011f\u0131z\u0131 vermirdi. Daha do\u011frusu, qad\u0131n buna g\u00f6r\u0259 ondan pul ist\u0259dikl\u0259rini deyirdi. Onun is\u0259 imkan\u0131 olmad\u0131\u011f\u0131 \u00fc\u00e7\u00fcn ver\u0259 bilmirdi. N\u0259tic\u0259d\u0259, s\u0259fal\u0259t i\u00e7ind\u0259 ya\u015fay\u0131rd\u0131. Yaz\u0131dan sonra icra hakimiyy\u0259ti, b\u0259dl\u0259diyy\u0259d\u0259n qad\u0131n\u0131n evin\u0259 gedibl\u0259r. Onu pulsuz x\u0259st\u0259xanaya yerl\u0259\u015fdir\u0259c\u0259kl\u0259rin\u0259 v\u0259 pensiyas\u0131n\u0131 d\u00fcz\u0259ld\u0259c\u0259kl\u0259rin\u0259 s\u00f6z veribl\u0259r.\n<\/p>\n<p>\n  \u201cAz\u0259renerji\u201d G\u00f6y\u00e7ay\u0131n Potu k\u0259ndinin<br \/>\n  <a href=\"\/az\/article\/kabel-al-direk-al-utanmasalar-isigi-da-ozun-cek-deyecekler\/\"><br \/>\n    sakini P\u0259rvin \u00d6m\u0259rov<br \/>\n  <\/a><br \/>\n  un i\u015f\u0131\u011f\u0131n\u0131 \u00e7\u0259kmirdi. K\u0259nd sakininin s\u00f6zl\u0259rin\u0259 g\u00f6r\u0259, qurumdan ona \u201ckabel, dir\u0259k al, g\u0259l\u0259k d\u00fcz\u0259ld\u0259k\u201d deyilib. Onun Meydan TV-y\u0259 \u015fikay\u0259tind\u0259n sonra G\u00f6y\u00e7ay Elektrik \u015e\u0259b\u0259k\u0259sind\u0259n gedib v\u0259t\u0259nda\u015f\u0131n i\u015f\u0131\u011f\u0131n\u0131 \u00e7\u0259kdil\u0259r, problemi h\u0259ll edildi.\n<\/p>\n<p>\n  G\u0259nc\u0259nin G\u00fcl\u00fcstan q\u0259s\u0259b\u0259sinin sakinl\u0259ri m\u00fcraci\u0259t ed\u0259r\u0259k hava yerin\u0259 toz-torpaq uduqlar\u0131n\u0131, yollar\u0131n\u0131n b\u0259rbad durumda oldu\u011funu s\u00f6yl\u0259mi\u015fdil\u0259r.<br \/>\n  <a href=\"https:\/\/www.youtube.com\/watch?v=PPBgmNUS9FE&amp;feature=youtu.be\"><br \/>\n    Meydan TV<br \/>\n  <\/a><br \/>\n  -d\u0259 ged\u0259n sujetd\u0259n sonra \u0259raziy\u0259 yeni yol \u00e7\u0259kildi.\n<\/p>\n<p>\n  A\u011fsu \u015f\u0259h\u0259ri, Qa\u00e7aq N\u0259bi k\u00fc\u00e7\u0259si, 4 sayl\u0131 evd\u0259 ya\u015fayan 36 ya\u015fl\u0131<br \/>\n  <a href=\"\/az\/article\/agsu-sakini-burada-insan-yasamaz-insafiniz-olsun\/\"><br \/>\n    Murad Soltanov<br \/>\n  <\/a><br \/>\n  un \u201cAz\u0259ri\u015f\u0131q\u201d ASC-y\u0259 605 manat borcu oldu\u011funa g\u00f6r\u0259, i\u015f\u0131\u011f\u0131 ilyar\u0131m idi k\u0259silmi\u015fdi. Meydan TV-d\u0259ki yaz\u0131dan sonra qurum \u015fikay\u0259t\u00e7inin i\u015f\u0131q probleminin h\u0259ll olunaca\u011f\u0131n\u0131 bildirib. Raz\u0131l\u0131\u011fa g\u0259linib ki, Murad Soltanovun i\u015f\u0131\u011f\u0131 b\u0259rpa olunacaq. O, da borcunu ayda 50 manat olmaq \u015f\u0259rtil\u0259 d\u0259y\u0259c\u0259k.\n<\/p>\n<p>\n  Daha bir \u015fikay\u0259t\u00e7inin, A\u011fsu sakini<br \/>\n  <a href=\"\/az\/article\/isle-temin-etmeseler-ozumu-yandiracam\/\"><br \/>\n    V\u00fcsal Sadayev<br \/>\n  <\/a><br \/>\n  in Meydan TV-d\u0259 problemi d\u0259rc edil\u0259nd\u0259n sonra onun i\u015fl\u0259 ba\u011fl\u0131 \u015fikay\u0259tin\u0259 bax\u0131l\u0131b. A\u011fsu Rayon M\u0259\u015f\u011fulluq Xidm\u0259ti \u015fikay\u0259t\u00e7i il\u0259 g\u00f6r\u00fc\u015f\u00fcb, onun i\u015f\u0259g\u00f6t\u00fcrm\u0259 il\u0259 ba\u011fl\u0131 s\u0259n\u0259dl\u0259rini yenil\u0259yib. \u0130\u015f olaca\u011f\u0131 t\u0259qdird\u0259 ona x\u0259b\u0259r veril\u0259c\u0259yi bildirilib.\n<\/p>\n<p>\n  A\u011fsu Rayon \u0130cra Hakimiyy\u0259tind\u0259 is\u0259 yanvardan onu ya\u015f\u0131lla\u015fd\u0131rmada m\u00fcv\u0259qq\u0259ti i\u015f il\u0259 t\u0259min ed\u0259c\u0259kl\u0259rini deyibl\u0259r.<\/p>\n","protected":false},"excerpt":{"rendered":"<p>\u00d6t\u0259n il Meydan TV-y\u0259 \u00fcz tutan \u015f\u0259xsl\u0259rin probleml\u0259rinin h\u0259llin\u0259 \u00e7al\u0131\u015f\u0131ld\u0131<\/p>\n","protected":false},"author":11,"featured_media":115069,"comment_status":"closed","ping_status":"open","sticky":false,"template":"","format":"standard","meta":{"_acf_changed":false,"_sitemap_exclude":false,"_sitemap_priority":"","_sitemap_frequency":"","footnotes":""},"categories":[60],"tags":[],"class_list":["post-193297","post","type-post","status-publish","format-standard","has-post-thumbnail","hentry","category-bolge","infinite-scroll-item","generate-columns","tablet-grid-50","mobile-grid-100","grid-parent","grid-33","no-featured-image-padding"],"acf":[],"yoast_head":"<!-- This site is optimized with the Yoast SEO plugin v27.4 - https:\/\/yoast.com\/product\/yoast-seo-wordpress\/ -->\n<title>B\u00f6lg\u0259d\u0259n s\u0259sl\u0259r nec\u0259 e\u015fidildi? - MEYDAN.TV<\/title>\n<meta name=\"robots\" content=\"index, follow, max-snippet:-1, max-image-preview:large, max-video-preview:-1\" \/>\n<link rel=\"canonical\" href=\"https:\/\/www.meydan.tv\/az\/article\/bolgeden-sesler-nece-esidildi\/\" \/>\n<meta property=\"og:locale\" content=\"az_AZ\" \/>\n<meta property=\"og:type\" content=\"article\" \/>\n<meta property=\"og:title\" content=\"B\u00f6lg\u0259d\u0259n s\u0259sl\u0259r nec\u0259 e\u015fidildi? - MEYDAN.TV\" \/>\n<meta property=\"og:description\" content=\"\u00d6t\u0259n il Meydan TV-y\u0259 \u00fcz tutan \u015f\u0259xsl\u0259rin probleml\u0259rinin h\u0259llin\u0259 \u00e7al\u0131\u015f\u0131ld\u0131\" \/>\n<meta property=\"og:url\" content=\"https:\/\/www.meydan.tv\/az\/article\/bolgeden-sesler-nece-esidildi\/\" \/>\n<meta property=\"og:site_name\" content=\"MEYDAN.TV\" \/>\n<meta property=\"article:published_time\" content=\"2019-01-01T17:28:53+00:00\" \/>\n<meta property=\"og:image\" content=\"https:\/\/www.meydan.tv\/wp-content\/uploads\/45844.png\" \/>\n\t<meta property=\"og:image:width\" content=\"1023\" \/>\n\t<meta property=\"og:image:height\" content=\"575\" \/>\n\t<meta property=\"og:image:type\" content=\"image\/png\" \/>\n<meta name=\"author\" content=\"user-manager\" \/>\n<meta name=\"twitter:card\" content=\"summary_large_image\" \/>\n<script type=\"application\/ld+json\" class=\"yoast-schema-graph\">{\"@context\":\"https:\\\/\\\/schema.org\",\"@graph\":[{\"@type\":\"Article\",\"@id\":\"https:\\\/\\\/www.meydan.tv\\\/az\\\/article\\\/bolgeden-sesler-nece-esidildi\\\/#article\",\"isPartOf\":{\"@id\":\"https:\\\/\\\/www.meydan.tv\\\/az\\\/article\\\/bolgeden-sesler-nece-esidildi\\\/\"},\"author\":{\"name\":\"user-manager\",\"@id\":\"https:\\\/\\\/www.meydan.tv\\\/az\\\/#\\\/schema\\\/person\\\/10d11eccf6da3662cf5fdab9806ea91a\"},\"headline\":\"B\u00f6lg\u0259d\u0259n s\u0259sl\u0259r nec\u0259 e\u015fidildi?\",\"datePublished\":\"2019-01-01T17:28:53+00:00\",\"mainEntityOfPage\":{\"@id\":\"https:\\\/\\\/www.meydan.tv\\\/az\\\/article\\\/bolgeden-sesler-nece-esidildi\\\/\"},\"wordCount\":1279,\"publisher\":{\"@id\":\"https:\\\/\\\/www.meydan.tv\\\/az\\\/#organization\"},\"image\":{\"@id\":\"https:\\\/\\\/www.meydan.tv\\\/az\\\/article\\\/bolgeden-sesler-nece-esidildi\\\/#primaryimage\"},\"thumbnailUrl\":\"https:\\\/\\\/www.meydan.tv\\\/wp-content\\\/uploads\\\/45844.png\",\"articleSection\":[\"B\u00f6lg\u0259\"],\"inLanguage\":\"az\"},{\"@type\":\"WebPage\",\"@id\":\"https:\\\/\\\/www.meydan.tv\\\/az\\\/article\\\/bolgeden-sesler-nece-esidildi\\\/\",\"url\":\"https:\\\/\\\/www.meydan.tv\\\/az\\\/article\\\/bolgeden-sesler-nece-esidildi\\\/\",\"name\":\"B\u00f6lg\u0259d\u0259n s\u0259sl\u0259r nec\u0259 e\u015fidildi? - MEYDAN.TV\",\"isPartOf\":{\"@id\":\"https:\\\/\\\/www.meydan.tv\\\/az\\\/#website\"},\"primaryImageOfPage\":{\"@id\":\"https:\\\/\\\/www.meydan.tv\\\/az\\\/article\\\/bolgeden-sesler-nece-esidildi\\\/#primaryimage\"},\"image\":{\"@id\":\"https:\\\/\\\/www.meydan.tv\\\/az\\\/article\\\/bolgeden-sesler-nece-esidildi\\\/#primaryimage\"},\"thumbnailUrl\":\"https:\\\/\\\/www.meydan.tv\\\/wp-content\\\/uploads\\\/45844.png\",\"datePublished\":\"2019-01-01T17:28:53+00:00\",\"breadcrumb\":{\"@id\":\"https:\\\/\\\/www.meydan.tv\\\/az\\\/article\\\/bolgeden-sesler-nece-esidildi\\\/#breadcrumb\"},\"inLanguage\":\"az\",\"potentialAction\":[{\"@type\":\"ReadAction\",\"target\":[\"https:\\\/\\\/www.meydan.tv\\\/az\\\/article\\\/bolgeden-sesler-nece-esidildi\\\/\"]}]},{\"@type\":\"ImageObject\",\"inLanguage\":\"az\",\"@id\":\"https:\\\/\\\/www.meydan.tv\\\/az\\\/article\\\/bolgeden-sesler-nece-esidildi\\\/#primaryimage\",\"url\":\"https:\\\/\\\/www.meydan.tv\\\/wp-content\\\/uploads\\\/45844.png\",\"contentUrl\":\"https:\\\/\\\/www.meydan.tv\\\/wp-content\\\/uploads\\\/45844.png\",\"width\":1023,\"height\":575,\"caption\":\"Source:\"},{\"@type\":\"BreadcrumbList\",\"@id\":\"https:\\\/\\\/www.meydan.tv\\\/az\\\/article\\\/bolgeden-sesler-nece-esidildi\\\/#breadcrumb\",\"itemListElement\":[{\"@type\":\"ListItem\",\"position\":1,\"name\":\"Ana s\u0259hif\u0259\",\"item\":\"https:\\\/\\\/www.meydan.tv\\\/az\\\/\"},{\"@type\":\"ListItem\",\"position\":2,\"name\":\"B\u00f6lg\u0259\",\"item\":\"https:\\\/\\\/www.meydan.tv\\\/az\\\/section\\\/bolge\\\/\"},{\"@type\":\"ListItem\",\"position\":3,\"name\":\"B\u00f6lg\u0259d\u0259n s\u0259sl\u0259r nec\u0259 e\u015fidildi?\"}]},{\"@type\":\"WebSite\",\"@id\":\"https:\\\/\\\/www.meydan.tv\\\/az\\\/#website\",\"url\":\"https:\\\/\\\/www.meydan.tv\\\/az\\\/\",\"name\":\"MEYDAN.TV\",\"description\":\"Meydan TV Az\u0259rbaycan\u0131n media m\u0259kan\u0131ndak\u0131 alternativ s\u0259sidir\",\"publisher\":{\"@id\":\"https:\\\/\\\/www.meydan.tv\\\/az\\\/#organization\"},\"potentialAction\":[{\"@type\":\"SearchAction\",\"target\":{\"@type\":\"EntryPoint\",\"urlTemplate\":\"https:\\\/\\\/www.meydan.tv\\\/az\\\/?s={search_term_string}\"},\"query-input\":{\"@type\":\"PropertyValueSpecification\",\"valueRequired\":true,\"valueName\":\"search_term_string\"}}],\"inLanguage\":\"az\"},{\"@type\":\"Organization\",\"@id\":\"https:\\\/\\\/www.meydan.tv\\\/az\\\/#organization\",\"name\":\"Meydan TV\",\"url\":\"https:\\\/\\\/www.meydan.tv\\\/az\\\/\",\"logo\":{\"@type\":\"ImageObject\",\"inLanguage\":\"az\",\"@id\":\"https:\\\/\\\/www.meydan.tv\\\/az\\\/#\\\/schema\\\/logo\\\/image\\\/\",\"url\":\"https:\\\/\\\/www.meydan.tv\\\/wp-content\\\/uploads\\\/2021\\\/07\\\/meydan-logo.svg\",\"contentUrl\":\"https:\\\/\\\/www.meydan.tv\\\/wp-content\\\/uploads\\\/2021\\\/07\\\/meydan-logo.svg\",\"width\":195,\"height\":46,\"caption\":\"Meydan TV\"},\"image\":{\"@id\":\"https:\\\/\\\/www.meydan.tv\\\/az\\\/#\\\/schema\\\/logo\\\/image\\\/\"}},{\"@type\":\"Person\",\"@id\":\"https:\\\/\\\/www.meydan.tv\\\/az\\\/#\\\/schema\\\/person\\\/10d11eccf6da3662cf5fdab9806ea91a\",\"name\":\"user-manager\"}]}<\/script>\n<!-- \/ Yoast SEO plugin. -->","yoast_head_json":{"title":"B\u00f6lg\u0259d\u0259n s\u0259sl\u0259r nec\u0259 e\u015fidildi? - MEYDAN.TV","robots":{"index":"index","follow":"follow","max-snippet":"max-snippet:-1","max-image-preview":"max-image-preview:large","max-video-preview":"max-video-preview:-1"},"canonical":"https:\/\/www.meydan.tv\/az\/article\/bolgeden-sesler-nece-esidildi\/","og_locale":"az_AZ","og_type":"article","og_title":"B\u00f6lg\u0259d\u0259n s\u0259sl\u0259r nec\u0259 e\u015fidildi? - MEYDAN.TV","og_description":"\u00d6t\u0259n il Meydan TV-y\u0259 \u00fcz tutan \u015f\u0259xsl\u0259rin probleml\u0259rinin h\u0259llin\u0259 \u00e7al\u0131\u015f\u0131ld\u0131","og_url":"https:\/\/www.meydan.tv\/az\/article\/bolgeden-sesler-nece-esidildi\/","og_site_name":"MEYDAN.TV","article_published_time":"2019-01-01T17:28:53+00:00","og_image":[{"width":1023,"height":575,"url":"https:\/\/www.meydan.tv\/wp-content\/uploads\/45844.png","type":"image\/png"}],"author":"user-manager","twitter_card":"summary_large_image","schema":{"@context":"https:\/\/schema.org","@graph":[{"@type":"Article","@id":"https:\/\/www.meydan.tv\/az\/article\/bolgeden-sesler-nece-esidildi\/#article","isPartOf":{"@id":"https:\/\/www.meydan.tv\/az\/article\/bolgeden-sesler-nece-esidildi\/"},"author":{"name":"user-manager","@id":"https:\/\/www.meydan.tv\/az\/#\/schema\/person\/10d11eccf6da3662cf5fdab9806ea91a"},"headline":"B\u00f6lg\u0259d\u0259n s\u0259sl\u0259r nec\u0259 e\u015fidildi?","datePublished":"2019-01-01T17:28:53+00:00","mainEntityOfPage":{"@id":"https:\/\/www.meydan.tv\/az\/article\/bolgeden-sesler-nece-esidildi\/"},"wordCount":1279,"publisher":{"@id":"https:\/\/www.meydan.tv\/az\/#organization"},"image":{"@id":"https:\/\/www.meydan.tv\/az\/article\/bolgeden-sesler-nece-esidildi\/#primaryimage"},"thumbnailUrl":"https:\/\/www.meydan.tv\/wp-content\/uploads\/45844.png","articleSection":["B\u00f6lg\u0259"],"inLanguage":"az"},{"@type":"WebPage","@id":"https:\/\/www.meydan.tv\/az\/article\/bolgeden-sesler-nece-esidildi\/","url":"https:\/\/www.meydan.tv\/az\/article\/bolgeden-sesler-nece-esidildi\/","name":"B\u00f6lg\u0259d\u0259n s\u0259sl\u0259r nec\u0259 e\u015fidildi? - MEYDAN.TV","isPartOf":{"@id":"https:\/\/www.meydan.tv\/az\/#website"},"primaryImageOfPage":{"@id":"https:\/\/www.meydan.tv\/az\/article\/bolgeden-sesler-nece-esidildi\/#primaryimage"},"image":{"@id":"https:\/\/www.meydan.tv\/az\/article\/bolgeden-sesler-nece-esidildi\/#primaryimage"},"thumbnailUrl":"https:\/\/www.meydan.tv\/wp-content\/uploads\/45844.png","datePublished":"2019-01-01T17:28:53+00:00","breadcrumb":{"@id":"https:\/\/www.meydan.tv\/az\/article\/bolgeden-sesler-nece-esidildi\/#breadcrumb"},"inLanguage":"az","potentialAction":[{"@type":"ReadAction","target":["https:\/\/www.meydan.tv\/az\/article\/bolgeden-sesler-nece-esidildi\/"]}]},{"@type":"ImageObject","inLanguage":"az","@id":"https:\/\/www.meydan.tv\/az\/article\/bolgeden-sesler-nece-esidildi\/#primaryimage","url":"https:\/\/www.meydan.tv\/wp-content\/uploads\/45844.png","contentUrl":"https:\/\/www.meydan.tv\/wp-content\/uploads\/45844.png","width":1023,"height":575,"caption":"Source:"},{"@type":"BreadcrumbList","@id":"https:\/\/www.meydan.tv\/az\/article\/bolgeden-sesler-nece-esidildi\/#breadcrumb","itemListElement":[{"@type":"ListItem","position":1,"name":"Ana s\u0259hif\u0259","item":"https:\/\/www.meydan.tv\/az\/"},{"@type":"ListItem","position":2,"name":"B\u00f6lg\u0259","item":"https:\/\/www.meydan.tv\/az\/section\/bolge\/"},{"@type":"ListItem","position":3,"name":"B\u00f6lg\u0259d\u0259n s\u0259sl\u0259r nec\u0259 e\u015fidildi?"}]},{"@type":"WebSite","@id":"https:\/\/www.meydan.tv\/az\/#website","url":"https:\/\/www.meydan.tv\/az\/","name":"MEYDAN.TV","description":"Meydan TV Az\u0259rbaycan\u0131n media m\u0259kan\u0131ndak\u0131 alternativ s\u0259sidir","publisher":{"@id":"https:\/\/www.meydan.tv\/az\/#organization"},"potentialAction":[{"@type":"SearchAction","target":{"@type":"EntryPoint","urlTemplate":"https:\/\/www.meydan.tv\/az\/?s={search_term_string}"},"query-input":{"@type":"PropertyValueSpecification","valueRequired":true,"valueName":"search_term_string"}}],"inLanguage":"az"},{"@type":"Organization","@id":"https:\/\/www.meydan.tv\/az\/#organization","name":"Meydan TV","url":"https:\/\/www.meydan.tv\/az\/","logo":{"@type":"ImageObject","inLanguage":"az","@id":"https:\/\/www.meydan.tv\/az\/#\/schema\/logo\/image\/","url":"https:\/\/www.meydan.tv\/wp-content\/uploads\/2021\/07\/meydan-logo.svg","contentUrl":"https:\/\/www.meydan.tv\/wp-content\/uploads\/2021\/07\/meydan-logo.svg","width":195,"height":46,"caption":"Meydan TV"},"image":{"@id":"https:\/\/www.meydan.tv\/az\/#\/schema\/logo\/image\/"}},{"@type":"Person","@id":"https:\/\/www.meydan.tv\/az\/#\/schema\/person\/10d11eccf6da3662cf5fdab9806ea91a","name":"user-manager"}]}},"_links":{"self":[{"href":"https:\/\/www.meydan.tv\/az\/wp-json\/wp\/v2\/posts\/193297","targetHints":{"allow":["GET"]}}],"collection":[{"href":"https:\/\/www.meydan.tv\/az\/wp-json\/wp\/v2\/posts"}],"about":[{"href":"https:\/\/www.meydan.tv\/az\/wp-json\/wp\/v2\/types\/post"}],"author":[{"embeddable":true,"href":"https:\/\/www.meydan.tv\/az\/wp-json\/wp\/v2\/users\/11"}],"replies":[{"embeddable":true,"href":"https:\/\/www.meydan.tv\/az\/wp-json\/wp\/v2\/comments?post=193297"}],"version-history":[{"count":0,"href":"https:\/\/www.meydan.tv\/az\/wp-json\/wp\/v2\/posts\/193297\/revisions"}],"wp:featuredmedia":[{"embeddable":true,"href":"https:\/\/www.meydan.tv\/az\/wp-json\/wp\/v2\/media\/115069"}],"wp:attachment":[{"href":"https:\/\/www.meydan.tv\/az\/wp-json\/wp\/v2\/media?parent=193297"}],"wp:term":[{"taxonomy":"category","embeddable":true,"href":"https:\/\/www.meydan.tv\/az\/wp-json\/wp\/v2\/categories?post=193297"},{"taxonomy":"post_tag","embeddable":true,"href":"https:\/\/www.meydan.tv\/az\/wp-json\/wp\/v2\/tags?post=193297"}],"curies":[{"name":"wp","href":"https:\/\/api.w.org\/{rel}","templated":true}]}}