{"id":193288,"date":"2018-12-31T17:47:31","date_gmt":"2018-12-31T17:47:31","guid":{"rendered":"https:\/\/www.meydan.tv\/article\/azerbaycan-oten-il-hansi-iqtisadi-yenilikler-oldu\/"},"modified":"2018-12-31T17:47:31","modified_gmt":"2018-12-31T17:47:31","slug":"azerbaycan-oten-il-hansi-iqtisadi-yenilikler-oldu","status":"publish","type":"post","link":"https:\/\/www.meydan.tv\/az\/article\/azerbaycan-oten-il-hansi-iqtisadi-yenilikler-oldu\/","title":{"rendered":"Az\u0259rbaycan: \u00d6t\u0259n il hans\u0131 iqtisadi yenilikl\u0259r oldu?"},"content":{"rendered":"<figure class=\"wp-block-image size-large\">\n  <img decoding=\"async\" src=\"https:\/\/www.meydan.tv\/az\/115042\/\" alt=\"\" class=\"wp-image-115042\"\/><figcaption><\/figcaption><\/figure>\n<p>\n  <i><br \/>\n    <b><br \/>\n      1.<br \/>\n    <\/b><br \/>\n    Prezident se\u00e7kil\u0259rind\u0259n sonra Nazirl\u0259r Kabinetinin yeni t\u0259rkibi t\u0259sdiq olunub.<br \/>\n  <\/i>\n<\/p>\n<p>\n  <i><br \/>\n    <b><br \/>\n      2.<br \/>\n    <\/b><br \/>\n    Bak\u0131 Beyn\u0259lxalq D\u0259niz Ticar\u0259t Liman\u0131 Kompleksini i\u015f\u0259 sal\u0131n\u0131b<br \/>\n  <\/i>\n<\/p>\n<p>\n  <i><br \/>\n    <b><br \/>\n      3.<br \/>\n    <\/b><br \/>\n    T\u00fcrkiy\u0259nin \u018fski\u015f\u0259h\u0259r \u015f\u0259h\u0259rind\u0259 TANAP qaz k\u0259m\u0259rinin a\u00e7\u0131l\u0131\u015f\u0131 olub,<br \/>\n  <\/i>\n<\/p>\n<p>\n  <i><br \/>\n    <b><br \/>\n      4.<br \/>\n    <\/b><br \/>\n    Az\u0259rbaycan D\u00f6vl\u0259t Neft \u015eirk\u0259tinin (SOCAR) STAR Neft Emal\u0131 Zavodu (SOCAR Turkey Aegean Refinery) istifad\u0259y\u0259 verilib.<br \/>\n  <\/i>\n<\/p>\n<p>\n  <i><br \/>\n    <b><br \/>\n      5.<br \/>\n    <\/b><br \/>\n    Rusiya, Az\u0259rbaycan, Qazax\u0131stan, T\u00fcrkm\u0259nistan v\u0259 \u0130ran aras\u0131nda &#8220;X\u0259z\u0259r d\u0259nizinin statusuna dair Konvensiya&#8221;n\u0131n imzalanmas\u0131 il\u0259 d\u0259 qal\u0131b.<br \/>\n  <\/i>\n<\/p>\n<p>\n  <i><br \/>\n    <b><br \/>\n      6.<br \/>\n    <\/b><br \/>\n    &#8220;B\u00fcdc\u0259 sistemi haqq\u0131nda&#8221; Az\u0259rbaycan Respublikas\u0131n\u0131n Qanununda d\u0259yi\u015fiklikl\u0259r edilm\u0259kl\u0259 2019-cu ild\u0259n t\u0259tbiqi n\u0259z\u0259rd\u0259 tutulan fiskal qaydalar v\u0259 icmal b\u00fcdc\u0259 x\u0259rcl\u0259rinin yuxar\u0131 h\u0259ddinin hesablanmas\u0131 qaydas\u0131 m\u00fc\u0259yy\u0259nl\u0259\u015fdirilib.<br \/>\n  <\/i>\n<\/p>\n<p>\n  <i><br \/>\n    <b><br \/>\n      7.<br \/>\n    <\/b><br \/>\n    \u0130cbari s\u0131\u011fortan\u0131n t\u0259tbiqinin t\u0259min edilm\u0259si il\u0259 ba\u011fl\u0131 prezident f\u0259rman verib v\u0259 2019-cu ilin b\u00fcdc\u0259sind\u0259 bununla ba\u011fl\u0131 v\u0259sait n\u0259z\u0259rd\u0259 tutulub.<br \/>\n  <\/i>\n<\/p>\n<p>\n  <i><br \/>\n    <b><br \/>\n      8<br \/>\n    <\/b><br \/>\n    . Vergi v\u0259 sosial s\u0131\u011forta qanunvericiliyind\u0259 \u0259h\u0259miyy\u0259tli d\u0259yi\u015fiklikl\u0259r edilib.<br \/>\n  <\/i>\n<\/p>\n<p>\n  <i><br \/>\n    <b><br \/>\n      9.<br \/>\n    <\/b><br \/>\n    Manat\u0131n m\u0259z\u0259nn\u0259si sabitl\u0259\u015fdi, inflyasiya idar\u0259olunan s\u0259viyy\u0259d\u0259 h\u0259d\u0259fl\u0259ndi.<br \/>\n  <\/i>\n<\/p>\n<p>\n  <i><br \/>\n    <b><br \/>\n      10.<br \/>\n    <\/b><br \/>\n    Exxon v\u0259 \u015eevron \u015firk\u0259tl\u0259rinin A\u00c7G yata\u011f\u0131ndak\u0131 pay\u0131n\u0131 sat\u0131\u015fa \u00e7\u0131xard\u0131.<br \/>\n  <\/i>\n<\/p>\n<p>\n  2018-ci ilin iqtisadi yekunlar\u0131 v\u0259 g\u0259l\u0259n ild\u0259n g\u00f6zl\u0259ntil\u0259r\n<\/p>\n<p>\n  Yola sald\u0131\u011f\u0131m\u0131z il iqtisadiyyat sah\u0259sind\u0259 bir s\u0131ra hadis\u0259l\u0259rl\u0259 yadda qalan olub. Onlar aras\u0131nda diqq\u0259ti daha \u00e7ox \u00e7\u0259k\u0259nl\u0259r\u0259 n\u0259z\u0259r salaq.\n<\/p>\n<p>\n  \u018fvvala qeyd ed\u0259k ki, 2018-ci il \u00fc\u00e7\u00fcn \u00dcDM-in art\u0131m\u0131 il\u0259 ba\u011fl\u0131 Az\u0259rbaycan h\u00f6kum\u0259tinin 2 faizlik art\u0131m proqnozu \u00f6z\u00fcn\u00fc do\u011frultmad\u0131. D\u00f6vl\u0259t Statistika Komit\u0259sinin son m\u0259lumat\u0131na g\u00f6r\u0259, bu ilin 11 ay\u0131nda \u00f6lk\u0259d\u0259 \u00dcDM 1 faiz art\u0131b, o c\u00fcml\u0259d\u0259n qeyri-neft \u00dcDM-i 1,3 faiz art\u0131b. Halbuki, \u00f6t\u0259n ilin eyni d\u00f6vr\u00fcnd\u0259 qeyri-neft \u00dcDM-i art\u0131m tempi 2,4 faiz qeyd\u0259 al\u0131nm\u0131\u015fd\u0131.Odur ki, \u00dcDM kontekstind\u0259 2 m\u0259s\u0259l\u0259 diqq\u0259ti \u00e7\u0259kir.\n<\/p>\n<p>\n  <b><br \/>\n    <i><br \/>\n      &#8211; Bu il \u00fc\u00e7\u00fcn iqtisadi art\u0131m proqnozla\u015fd\u0131r\u0131landan az g\u00f6zl\u0259nilir. Bel\u0259 ki, 2018-ci il \u00fc\u00e7\u00fcn Az\u0259rbaycanda \u00dcDM-in art\u0131m\u0131n\u0131 D\u00fcnya Bank\u0131 v\u0259 BMT 1,8 faiz, Beyn\u0259lxalq Valyuta Fondu is\u0259 1,3 faiz, rusiya m\u0259nb\u0259l\u0259ri (\u0130nterfaks v\u0259 dig\u0259rl\u0259ri) 2 faizlik iqtisadi art\u0131m proqnozla\u015fd\u0131r\u0131rd\u0131lar.<br \/>\n    <\/i><br \/>\n  <\/b>\n<\/p>\n<p>\n  <b><br \/>\n    <i><br \/>\n      &#8211; Cari il \u00fc\u00e7\u00fcn qeyri-neft \u00dcDM-in art\u0131m tempinin \u0259vv\u0259lki ill\u0259rl\u0259 m\u00fcqayis\u0259d\u0259 a\u015fa\u011f\u0131 d\u00fc\u015fm\u0259si bu sah\u0259d\u0259 probleml\u0259rin davam etm\u0259sinin g\u00f6st\u0259ricisidir. Baxmayaraq ki, bu il \u0259rzind\u0259 qeyri-neft \u00dcDM-in art\u0131m tempini saxlamaq \u00fc\u00e7\u00fcn xeyli t\u0259\u015f\u0259bb\u00fcsl\u0259r olub v\u0259 d\u00f6vl\u0259t t\u0259r\u0259find\u0259n s\u0259rmay\u0259l\u0259r ayr\u0131l\u0131b.<br \/>\n    <\/i><br \/>\n  <\/b>\n<\/p>\n<p>\n  T\u0259bii ki, qeyri-neft \u00dcDM-in art\u0131m tempinin a\u015fa\u011f\u0131 d\u00fc\u015fm\u0259si ixracat s\u0259b\u0259tind\u0259 bu b\u00f6lm\u0259nin m\u0259hsullar\u0131n\u0131n pay\u0131n\u0131n azalmas\u0131n\u0131 da \u015f\u0259rtl\u0259ndirib. Bel\u0259 ki, D\u00f6vl\u0259t Statistika Komit\u0259sinin m\u0259lumatlar\u0131na g\u00f6r\u0259, bu ilin yanvar-oktyabr aylar\u0131nda \u00f6t\u0259n ilin eyni d\u00f6vr\u00fcn\u0259 nisb\u0259t\u0259n qeyri-neft ixrac\u0131 m\u00fcqayis\u0259li qiym\u0259tl\u0259rl\u0259 1,7 faiz, faktiki qiym\u0259tl\u0259rl\u0259 10,9 faiz art\u0131b. Halbuki, 1 il bundan \u0259vv\u0259l eyni d\u00f6vr \u00fczr\u0259 m\u00fcqayis\u0259d\u0259 art\u0131m g\u00f6st\u0259ricil\u0259ri m\u00fcvafiq olaraq 22,8 v\u0259 25,1 faiz t\u0259\u015fkil edirdi.\n<\/p>\n<p>\n  \u0130qtisadi art\u0131m tempinin a\u015fa\u011f\u0131 d\u00fc\u015fm\u0259sinin \u0259sas s\u0259b\u0259l\u0259rind\u0259n biri ilin ilk 11 ay\u0131nda \u0259sas kapitala y\u00f6n\u0259ldilmi\u015f v\u0259saitl\u0259rin \u0259vv\u0259lki ilin eyni d\u00f6vr\u00fc il\u0259 m\u00fcqayis\u0259d\u0259 8,8 faiz azalmas\u0131d\u0131r. Bununla yana\u015f\u0131 qeyd olunmal\u0131d\u0131r ki, cari ilin 11 ay\u0131nda m\u0259d\u0259n\u00e7\u0131xarma sektorunda neft hasilat\u0131 0,2 faiz, \u0259mt\u0259\u0259lik qaz hasilat\u0131 is\u0259 4,9 faiz artmas\u0131, el\u0259c\u0259 d\u0259 d\u00fcnya bazar\u0131nda xam neftin qiym\u0259tinin bahala\u015fmas\u0131 neft \u00dcDM-nin art\u0131m\u0131nda \u0259h\u0259miyy\u0259tli rol oynay\u0131b. Bel\u0259 ki, yeni layih\u0259l\u0259r v\u0259 A\u00c7G blokunun i\u015fl\u0259nm\u0259sin\u0259 dair m\u00fcqavil\u0259nin uzad\u0131lmas\u0131 Az\u0259rbaycanda neft hasilat\u0131n\u0131n azalmas\u0131n\u0131n qar\u015f\u0131s\u0131n\u0131n al\u0131nmas\u0131, el\u0259c\u0259 d\u0259 \u015eahd\u0259niz -2 yata\u011f\u0131ndan qaz hasilat\u0131n\u0131n art\u0131m\u0131 bu sah\u0259d\u0259 pozitiv n\u0259tic\u0259l\u0259rin qeyd\u0259 al\u0131nmas\u0131nda \u0259h\u0259miyy\u0259tli rol oynay\u0131b.\n<\/p>\n<p>\n  2018-ci ilin pozitiv n\u0259tic\u0259l\u0259ri m\u00fcst\u0259visind\u0259 inflyasiya s\u0259viyy\u0259sinin 2,3 faiz\u0259 q\u0259d\u0259r a\u015fa\u011f\u0131 d\u00fc\u015fm\u0259si v\u0259 manat\u0131n dollara n\u0259z\u0259r\u0259n m\u0259z\u0259nn\u0259sinin sabit qalmas\u0131 qeyd oluna bil\u0259r. El\u0259 bu v\u0259 dig\u0259r s\u0259b\u0259bl\u0259r\u0259 g\u00f6r\u0259, yola sald\u0131\u011f\u0131m\u0131z ild\u0259 2015-ci ild\u0259n b\u0259ri ilk d\u0259f\u0259 olaraq bank sektoru aktivl\u0259rini art\u0131rma\u011fa m\u00fcv\u0259ff\u0259q olub. Eyni zamnda son 11 ayda banklar\u0131n kredit qoyulu\u015flar\u0131nda v\u0259 depozitl\u0259rind\u0259 d\u0259 \u00f6t\u0259n ill\u0259 m\u00fcqayis\u0259d\u0259 art\u0131m qeyd\u0259 al\u0131n\u0131b. Lakin, bu art\u0131mlar fonunda banklar\u0131n xalis m\u0259nf\u0259\u0259tind\u0259 k\u0259skin azalma m\u00fc\u015fahid\u0259 olunub. Bel\u0259 ki, bu ilin 10 ay\u0131na olan g\u00f6st\u0259ricil\u0259r\u0259 g\u00f6r\u0259 banklar\u0131n xalis m\u0259nf\u0259\u0259ti \u00f6t\u0259n ilin m\u00fcvafiq d\u00f6vr\u00fcn\u0259 nisb\u0259t\u0259n 2,5 d\u0259f\u0259y\u0259d\u0259k azal\u0131b. Bu s\u0259b\u0259bd\u0259n x\u0259rcl\u0259rini optimalla\u015fd\u0131rmaya \u00e7al\u0131\u015fan banklar il \u0259rzind\u0259 50-d\u0259k filiallar\u0131n\u0131 ba\u011flay\u0131blar.\n<\/p>\n<p>\n  Yola sald\u0131\u011fm\u0131z 2018-ci ild\u0259 itirilmi\u015f imkanlar aras\u0131nda problemli kreditl\u0259r probleminin h\u0259lli il\u0259 ba\u011fl\u0131 n\u0259 h\u00fcquqi v\u0259 n\u0259 d\u0259 t\u0259nziml\u0259yici m\u00fcst\u0259vid\u0259 add\u0131mlar\u0131n at\u0131lmamas\u0131d\u0131r. El\u0259 bu s\u0259b\u0259bd\u0259n d\u0259 2018-ci il 01 noyabr v\u0259ziyy\u0259tin\u0259 vaxt\u0131 ke\u00e7mi\u015f kreditl\u0131r 1698,6 milyon manat v\u0259 ya \u00fcmumi kredit portfelinin 14 faizi s\u0259viyy\u0259sind\u0259 olub. T\u0259\u0259ss\u00fcfl\u0259 qeyd etm\u0259liy\u0259m ki, bu problemin h\u0259lli il\u0259 ba\u011fl\u0131 ekspertl\u0259r s\u0259viyys\u0259ind\u0259 m\u00fcxt\u0259lif t\u0259klifl\u0259r ir\u0259li s\u00fcr\u00fcls\u0259 d\u0259 onlar\u0131n he\u00e7 biri h\u00f6k\u00fcm\u0259t t\u0259r\u0259find\u0259n d\u0259st\u0259kl\u0259nm\u0259yib.\n<\/p>\n<p>\n  2018-ci ild\u0259 Az\u0259rbaycan Beyn\u0259lxalq Bank\u0131 \u0259traf\u0131nda m\u00fczakir\u0259l\u0259ri davam edib. Bu bank\u0131n \u00f6z\u0259ll\u0259\u015fdirilm\u0259si g\u00f6zl\u0259nils\u0259 d\u0259 bu ilin bu sah\u0259d\u0259 d\u0259 ir\u0259liy\u0259 do\u011fru add\u0131m at\u0131lmay\u0131b. H\u0259tta, 2019-cu ilin b\u00fcdc\u0259 g\u0259lirl\u0259rinn t\u0259hlili g\u00f6st\u0259rir ki, g\u0259l\u0259n il \u0259rzind\u0259 d\u0259 Az\u0259rbaycan Beyn\u0259lxalq Bank\u0131 \u00f6z\u0259ll\u0259\u015fdirilm\u0259y\u0259c\u0259k.\n<\/p>\n<p>\n  2018-ci il \u0259rzind\u0259 itirilmi\u015f imlkanlar siyah\u0131s\u0131nda Milli M\u0259clis t\u0259r\u0259find\u0259n &#8220;R\u0259qab\u0259t M\u0259c\u0259ll\u0259si&#8221;nin v\u0259 Nazirl\u0259r Kabineti t\u0259r\u0259find\u0259n is\u0259 &#8220;G\u0259lirl\u0259rin v\u0259 \u0259mlak\u0131n b\u0259yan edilm\u0259si&#8221; formas\u0131n\u0131n q\u0259bul olunmamas\u0131n\u0131 qeyd etm\u0259k olar. Bel\u0259likl\u0259 d\u0259 yola sald\u0131\u011f\u0131m\u0131z ild\u0259 iqtisadiyyatda inhisar\u00e7\u0131l\u0131q meyll\u0259ri g\u00fccl\u0259nib, x\u00fcsusil\u0259 d\u0259 dig\u0259r holdinql\u0259rin z\u0259ifl\u0259m\u0259si hesab\u0131na &#8220;Pa\u015fa holdinq&#8221;in h\u00f6kmran m\u00f6vqeyi g\u00fccl\u0259nib. G\u0259lirl\u0259rin v\u0259 \u0259mlak\u0131n b\u0259yan edilm\u0259si&#8221; formas\u0131n\u0131n q\u0259bul olunmamas\u0131 s\u0259b\u0259bind\u0259n is\u0259 korrupsiya \u0259leyhin\u0259 apar\u0131lan m\u00fcbariz\u0259 t\u0259dbirl\u0259ri effektli olmay\u0131b. H\u0259tta \u0259ksin\u0259 Az\u0259rbaycan m\u0259n\u015f\u0259li kapital hesab\u0131na \u00e7irkli pullar\u0131n yuyulmas\u0131 \u00fc\u00e7\u00fcn beyn\u0259lxalq s\u0259viyy\u0259d\u0259 formala\u015fm\u0131\u015f biznes \u015f\u0259b\u0259k\u0259si bar\u0259d\u0259 ara\u015fd\u0131rmalar g\u00f6st\u0259rib ki, Az\u0259rbaycanda korrupsiya art\u0131q qlobal miqyasda prosesl\u0259r\u0259 t\u0259sir g\u00f6st\u0259rm\u0259k g\u00fcc\u00fcn\u0259 q\u0259d\u0259r inki\u015faf edib.\n<\/p>\n<p>\n  \u0130l \u0259rzind\u0259 Bak\u0131 Beyn\u0259lxalq D\u0259niz Ticar\u0259t Liman\u0131 Kompleksinin, Sumqay\u0131tda Polipropilen zavodunun, in\u015faat kimy\u0259vil\u0259ri zavodunun, &#8220;Tabaterra&#8221; QSC-nin t\u00fct\u00fcn m\u0259mulatlar\u0131 istehsal\u0131 fabrikinin, &#8220;Baku Non Ferrous and Foundry Company&#8221; MMC-nin \u0259lvan metallar v\u0259 ferro\u0259rintil\u0259r zavodunun, Masall\u0131 S\u0259naye M\u0259h\u0259ll\u0259sinin a\u00e7\u0131l\u0131\u015f\u0131 olub. Bu il b\u00fct\u00f6vl\u00fckd\u0259 qeyri-neft s\u0259nayesi \u00fc\u00e7\u00fcn u\u011furlu olub. Bu sah\u0259d\u0259 art\u0131m 9,1 faiz t\u0259\u015fkil edib. K\u0259nd t\u0259s\u0259rr\u00fcfat\u0131nda bitki\u00e7ilik m\u0259hsullar\u0131n\u0131n istehsal\u0131nda is\u0259 6,6 faiz art\u0131m qeyd\u0259 al\u0131n\u0131b.\n<\/p>\n<p>\n  2018-ci il Az\u0259rbaycan\u0131n xaricd\u0259 ticar\u0259t evi, \u015f\u0259rab evi layih\u0259l\u0259rinin realla\u015fd\u0131r\u0131lmas\u0131 sah\u0259sind\u0259 d\u0259 ir\u0259lil\u0259yi\u015fl\u0259 d\u0259 f\u0259rql\u0259nib. Yola sald\u0131\u011f\u0131m\u0131z il \u0259rzind\u0259 Riqa v\u0259 Var\u015fava \u015f\u0259h\u0259rl\u0259rind\u0259 &#8220;Az\u0259rbaycan Ticar\u0259t Evi&#8221;nin, \u00c7in Xalq Respublikas\u0131n\u0131n Urum\u00e7i v\u0259 \u015eanxaq \u015f\u0259h\u0259rl\u0259rind\u0259 &#8220;Az\u0259rbaycan \u015e\u0259rab Evi&#8221;nin a\u00e7\u0131l\u0131\u015f\u0131 olub.\n<\/p>\n<p>\n  2018-ci ild\u0259 Az\u0259rbaycan\u0131n xaricd\u0259 yat\u0131rd\u0131\u011f\u0131 s\u0259rmay\u0259l\u0259r hesab\u0131na in\u015fa olunan T\u00fcrkiy\u0259nin \u018fski\u015f\u0259h\u0259r \u015f\u0259h\u0259rind\u0259 TANAP qaz k\u0259m\u0259ri, Az\u0259rbaycan D\u00f6vl\u0259t Neft \u015eirk\u0259tinin (SOCAR) STAR Neft Emal\u0131 Zavodunun (SOCAR Turkey Aegean Refinery) istifad\u0259y\u0259 verilib.\n<\/p>\n<p>\n  2018-ci h\u0259m d\u0259 tarixd\u0259 Rusiya, Az\u0259rbaycan, Qazax\u0131stan, T\u00fcrkm\u0259nistan v\u0259 \u0130ran aras\u0131nda &#8220;X\u0259z\u0259r d\u0259nizinin statusuna dair Konvensiya&#8221;n\u0131n imzalanmas\u0131 il\u0259 d\u0259 qal\u0131b.\n<\/p>\n<p>\n  2018-ci ild\u0259 uzun ill\u0259rd\u0259n b\u0259ri g\u00f6zl\u0259nil\u0259n neft g\u0259lirl\u0259rinin idar\u0259 olunmas\u0131 \u00fc\u00e7\u00fcn fiskal qaydalar q\u0259bul eils\u0259 d\u0259 onun d\u00fcnya bazar\u0131nda xam neftin qiym\u0259tind\u0259n birba\u015fa as\u0131l\u0131\u011f\u0131, el\u0259c\u0259 d\u0259 manipulyasiya imkanlar\u0131 bu d\u0259yi\u015fiklikd\u0259n olan g\u00f6zl\u0259ntinin s\u0259viyy\u0259sin\u0259 m\u0259nfi t\u0259sir edib. Amma b\u00fct\u00fcn bunlara baxmayaraq 2019-cu ilin b\u00fcdc\u0259si fiskal qaydalar \u0259sas\u0131nda q\u0259bul edilib. G\u0259l\u0259n il b\u00fcdc\u0259 m\u00fczakir\u0259l\u0259rinin \u0259n q\u0131sa tarixi d\u0259 bu il\u0259 t\u0259sad\u00fcf edib. \u0130l h\u0259m\u00e7inin b\u00fcdc\u0259 paketinin parlament\u0259 t\u0259qdimat\u0131n\u0131n gecikm\u0259si, el\u0259c\u0259 d\u0259 parlament \u00fczvl\u0259rinin t\u0259klifl\u0259rinin hesab\u0131na b\u00fcdc\u0259d\u0259 c\u00fczi d\u0259yi\u015fiklikl\u0259rin apar\u0131lmas\u0131 il\u0259 se\u00e7ilib. N\u00f6vb\u0259ti ilin b\u00fcdc\u0259 paketi il\u0259 birlikd\u0259 t\u0259qdim olunan Vergi v\u0259 sosial s\u0131\u011forta qanunvericiliyind\u0259 d\u0259yi\u015fikl\u0259r s\u0259n\u0259di bu il maraqla qa\u015f\u0131lanan v\u0259 indiy\u0259d\u0259k m\u00fczakir\u0259 olunan hadis\u0259l\u0259rd\u0259n hesab oluna bil\u0259r.\n<\/p>\n<p>\n  Bu ilin diqq\u0259ti \u00e7\u0259k\u0259n hadis\u0259l\u0259rind\u0259n biri d\u0259 Exxon v\u0259 \u015eevron \u015firk\u0259tl\u0259rinin A\u00c7G yata\u011f\u0131ndak\u0131 pay\u0131n\u0131 sat\u0131\u015fa \u00e7\u0131xarmas\u0131 v\u0259 25 illik \u0259m\u0259kda\u015fl\u0131qdan sonra Az\u0259rbaycan\u0131 t\u0259rk etm\u0259k niyy\u0259tl\u0259ridir. Bu hadis\u0259 Az\u0259rbaycana g\u0259l\u0259n ild\u0259n etibar\u0259n s\u0259rmay\u0259 c\u0259lbin\u0259 m\u0259nfi t\u0259sir g\u00f6st\u0259r\u0259c\u0259k amil kimi qiym\u0259tl\u0259ndiril\u0259 bil\u0259r.\n<\/p>\n<p>\n  Bu ilin sonunda Az\u0259rbaycan\u0131n A\u00e7\u0131q H\u00f6k\u00fcm\u0259t T\u0259r\u0259fda\u015fl\u0131\u011f\u0131ndak\u0131 qeyri-aktiv statusunun f\u0259aliyy\u0259tinin dayand\u0131r\u0131lmas\u0131 il\u0259 \u0259v\u0259zl\u0259nm\u0259si, el\u0259c\u0259 d\u0259 B\u00f6y\u00fck Britaniyada Az\u0259rbaycan m\u0259n\u015f\u0259li \u00e7irkli pullar\u0131n yuyulmas\u0131na ad\u0131 hallanan \u015firk\u0259tl\u0259r\u0259 v\u0259 banka qar\u015f\u0131 sansiyalar\u0131n t\u0259tbiqi d\u0259 ilin yaddaqalan hadis\u0259l\u0259rind\u0259n say\u0131la bil\u0259r.\n<\/p>\n<p>\n  G\u0259l\u0259n il \u00fc\u00e7\u00fcn g\u00f6zl\u0259ntil\u0259r s\u0131ras\u0131na inflyasiya meyll\u0259rinin g\u00fccl\u0259nm\u0259sini, istehlak qiym\u0259tl\u0259rinin bahala\u015fmas\u0131n\u0131, manat\u0131n m\u0259z\u0259nn\u0259sinin ucuzla\u015fma ehtimal\u0131n\u0131n \u00e7oxalmas\u0131n\u0131, muzdlu i\u015f\u00e7il\u0259rin real \u0259m\u0259k haqlar\u0131n\u0131n art\u0131m\u0131n\u0131, neft qiym\u0259tinin ucuzla\u015fa\u011f\u0131 t\u0259qdird\u0259 iqtisadiyyat v\u0259 b\u00fcdc\u0259nin idar\u0259olunmas\u0131na d\u0259yi\u015fiklikl\u0259rin apar\u0131lmas\u0131n\u0131 daxil etm\u0259k olar.<\/p>\n","protected":false},"excerpt":{"rendered":"<p>1. Prezident se\u00e7kil\u0259rind\u0259n sonra Nazirl\u0259r Kabinetinin yeni t\u0259rkibi t\u0259sdiq olunub. &#8230; <\/p>\n<p class=\"read-more-container\"><a title=\"Az\u0259rbaycan: \u00d6t\u0259n il hans\u0131 iqtisadi yenilikl\u0259r oldu?\" class=\"read-more button\" href=\"https:\/\/www.meydan.tv\/az\/article\/azerbaycan-oten-il-hansi-iqtisadi-yenilikler-oldu\/#more-193288\" aria-label=\"Read more about Az\u0259rbaycan: \u00d6t\u0259n il hans\u0131 iqtisadi yenilikl\u0259r oldu?\">Davam\u0131<\/a><\/p>\n","protected":false},"author":11,"featured_media":115042,"comment_status":"closed","ping_status":"open","sticky":false,"template":"","format":"standard","meta":{"_acf_changed":false,"_sitemap_exclude":false,"_sitemap_priority":"","_sitemap_frequency":"","footnotes":""},"categories":[51],"tags":[],"class_list":["post-193288","post","type-post","status-publish","format-standard","has-post-thumbnail","hentry","category-analitika","infinite-scroll-item","generate-columns","tablet-grid-50","mobile-grid-100","grid-parent","grid-33","no-featured-image-padding"],"acf":[],"yoast_head":"<!-- This site is optimized with the Yoast SEO plugin v27.4 - https:\/\/yoast.com\/product\/yoast-seo-wordpress\/ -->\n<title>Az\u0259rbaycan: \u00d6t\u0259n il hans\u0131 iqtisadi yenilikl\u0259r oldu? - MEYDAN.TV<\/title>\n<meta name=\"robots\" content=\"index, follow, max-snippet:-1, max-image-preview:large, max-video-preview:-1\" \/>\n<link rel=\"canonical\" href=\"https:\/\/www.meydan.tv\/az\/article\/azerbaycan-oten-il-hansi-iqtisadi-yenilikler-oldu\/\" \/>\n<meta property=\"og:locale\" content=\"az_AZ\" \/>\n<meta property=\"og:type\" content=\"article\" \/>\n<meta property=\"og:title\" content=\"Az\u0259rbaycan: \u00d6t\u0259n il hans\u0131 iqtisadi yenilikl\u0259r oldu? - MEYDAN.TV\" \/>\n<meta property=\"og:description\" content=\"1. Prezident se\u00e7kil\u0259rind\u0259n sonra Nazirl\u0259r Kabinetinin yeni t\u0259rkibi t\u0259sdiq olunub. ... Davam\u0131\" \/>\n<meta property=\"og:url\" content=\"https:\/\/www.meydan.tv\/az\/article\/azerbaycan-oten-il-hansi-iqtisadi-yenilikler-oldu\/\" \/>\n<meta property=\"og:site_name\" content=\"MEYDAN.TV\" \/>\n<meta property=\"article:published_time\" content=\"2018-12-31T17:47:31+00:00\" \/>\n<meta property=\"og:image\" content=\"https:\/\/www.meydan.tv\/wp-content\/uploads\/45827.jpg\" \/>\n\t<meta property=\"og:image:width\" content=\"800\" \/>\n\t<meta property=\"og:image:height\" content=\"541\" \/>\n\t<meta property=\"og:image:type\" content=\"image\/jpeg\" \/>\n<meta name=\"author\" content=\"user-manager\" \/>\n<meta name=\"twitter:card\" content=\"summary_large_image\" \/>\n<script type=\"application\/ld+json\" class=\"yoast-schema-graph\">{\"@context\":\"https:\\\/\\\/schema.org\",\"@graph\":[{\"@type\":\"Article\",\"@id\":\"https:\\\/\\\/www.meydan.tv\\\/az\\\/article\\\/azerbaycan-oten-il-hansi-iqtisadi-yenilikler-oldu\\\/#article\",\"isPartOf\":{\"@id\":\"https:\\\/\\\/www.meydan.tv\\\/az\\\/article\\\/azerbaycan-oten-il-hansi-iqtisadi-yenilikler-oldu\\\/\"},\"author\":{\"name\":\"user-manager\",\"@id\":\"https:\\\/\\\/www.meydan.tv\\\/az\\\/#\\\/schema\\\/person\\\/10d11eccf6da3662cf5fdab9806ea91a\"},\"headline\":\"Az\u0259rbaycan: \u00d6t\u0259n il hans\u0131 iqtisadi yenilikl\u0259r oldu?\",\"datePublished\":\"2018-12-31T17:47:31+00:00\",\"mainEntityOfPage\":{\"@id\":\"https:\\\/\\\/www.meydan.tv\\\/az\\\/article\\\/azerbaycan-oten-il-hansi-iqtisadi-yenilikler-oldu\\\/\"},\"wordCount\":1953,\"publisher\":{\"@id\":\"https:\\\/\\\/www.meydan.tv\\\/az\\\/#organization\"},\"image\":{\"@id\":\"https:\\\/\\\/www.meydan.tv\\\/az\\\/article\\\/azerbaycan-oten-il-hansi-iqtisadi-yenilikler-oldu\\\/#primaryimage\"},\"thumbnailUrl\":\"https:\\\/\\\/www.meydan.tv\\\/wp-content\\\/uploads\\\/45827.jpg\",\"articleSection\":[\"Analitika\"],\"inLanguage\":\"az\"},{\"@type\":\"WebPage\",\"@id\":\"https:\\\/\\\/www.meydan.tv\\\/az\\\/article\\\/azerbaycan-oten-il-hansi-iqtisadi-yenilikler-oldu\\\/\",\"url\":\"https:\\\/\\\/www.meydan.tv\\\/az\\\/article\\\/azerbaycan-oten-il-hansi-iqtisadi-yenilikler-oldu\\\/\",\"name\":\"Az\u0259rbaycan: \u00d6t\u0259n il hans\u0131 iqtisadi yenilikl\u0259r oldu? - MEYDAN.TV\",\"isPartOf\":{\"@id\":\"https:\\\/\\\/www.meydan.tv\\\/az\\\/#website\"},\"primaryImageOfPage\":{\"@id\":\"https:\\\/\\\/www.meydan.tv\\\/az\\\/article\\\/azerbaycan-oten-il-hansi-iqtisadi-yenilikler-oldu\\\/#primaryimage\"},\"image\":{\"@id\":\"https:\\\/\\\/www.meydan.tv\\\/az\\\/article\\\/azerbaycan-oten-il-hansi-iqtisadi-yenilikler-oldu\\\/#primaryimage\"},\"thumbnailUrl\":\"https:\\\/\\\/www.meydan.tv\\\/wp-content\\\/uploads\\\/45827.jpg\",\"datePublished\":\"2018-12-31T17:47:31+00:00\",\"breadcrumb\":{\"@id\":\"https:\\\/\\\/www.meydan.tv\\\/az\\\/article\\\/azerbaycan-oten-il-hansi-iqtisadi-yenilikler-oldu\\\/#breadcrumb\"},\"inLanguage\":\"az\",\"potentialAction\":[{\"@type\":\"ReadAction\",\"target\":[\"https:\\\/\\\/www.meydan.tv\\\/az\\\/article\\\/azerbaycan-oten-il-hansi-iqtisadi-yenilikler-oldu\\\/\"]}]},{\"@type\":\"ImageObject\",\"inLanguage\":\"az\",\"@id\":\"https:\\\/\\\/www.meydan.tv\\\/az\\\/article\\\/azerbaycan-oten-il-hansi-iqtisadi-yenilikler-oldu\\\/#primaryimage\",\"url\":\"https:\\\/\\\/www.meydan.tv\\\/wp-content\\\/uploads\\\/45827.jpg\",\"contentUrl\":\"https:\\\/\\\/www.meydan.tv\\\/wp-content\\\/uploads\\\/45827.jpg\",\"width\":800,\"height\":541,\"caption\":\"Source:\"},{\"@type\":\"BreadcrumbList\",\"@id\":\"https:\\\/\\\/www.meydan.tv\\\/az\\\/article\\\/azerbaycan-oten-il-hansi-iqtisadi-yenilikler-oldu\\\/#breadcrumb\",\"itemListElement\":[{\"@type\":\"ListItem\",\"position\":1,\"name\":\"Ana s\u0259hif\u0259\",\"item\":\"https:\\\/\\\/www.meydan.tv\\\/az\\\/\"},{\"@type\":\"ListItem\",\"position\":2,\"name\":\"Analitika\",\"item\":\"https:\\\/\\\/www.meydan.tv\\\/az\\\/section\\\/analitika\\\/\"},{\"@type\":\"ListItem\",\"position\":3,\"name\":\"Az\u0259rbaycan: \u00d6t\u0259n il hans\u0131 iqtisadi yenilikl\u0259r oldu?\"}]},{\"@type\":\"WebSite\",\"@id\":\"https:\\\/\\\/www.meydan.tv\\\/az\\\/#website\",\"url\":\"https:\\\/\\\/www.meydan.tv\\\/az\\\/\",\"name\":\"MEYDAN.TV\",\"description\":\"Meydan TV Az\u0259rbaycan\u0131n media m\u0259kan\u0131ndak\u0131 alternativ s\u0259sidir\",\"publisher\":{\"@id\":\"https:\\\/\\\/www.meydan.tv\\\/az\\\/#organization\"},\"potentialAction\":[{\"@type\":\"SearchAction\",\"target\":{\"@type\":\"EntryPoint\",\"urlTemplate\":\"https:\\\/\\\/www.meydan.tv\\\/az\\\/?s={search_term_string}\"},\"query-input\":{\"@type\":\"PropertyValueSpecification\",\"valueRequired\":true,\"valueName\":\"search_term_string\"}}],\"inLanguage\":\"az\"},{\"@type\":\"Organization\",\"@id\":\"https:\\\/\\\/www.meydan.tv\\\/az\\\/#organization\",\"name\":\"Meydan TV\",\"url\":\"https:\\\/\\\/www.meydan.tv\\\/az\\\/\",\"logo\":{\"@type\":\"ImageObject\",\"inLanguage\":\"az\",\"@id\":\"https:\\\/\\\/www.meydan.tv\\\/az\\\/#\\\/schema\\\/logo\\\/image\\\/\",\"url\":\"https:\\\/\\\/www.meydan.tv\\\/wp-content\\\/uploads\\\/2021\\\/07\\\/meydan-logo.svg\",\"contentUrl\":\"https:\\\/\\\/www.meydan.tv\\\/wp-content\\\/uploads\\\/2021\\\/07\\\/meydan-logo.svg\",\"width\":195,\"height\":46,\"caption\":\"Meydan TV\"},\"image\":{\"@id\":\"https:\\\/\\\/www.meydan.tv\\\/az\\\/#\\\/schema\\\/logo\\\/image\\\/\"}},{\"@type\":\"Person\",\"@id\":\"https:\\\/\\\/www.meydan.tv\\\/az\\\/#\\\/schema\\\/person\\\/10d11eccf6da3662cf5fdab9806ea91a\",\"name\":\"user-manager\"}]}<\/script>\n<!-- \/ Yoast SEO plugin. -->","yoast_head_json":{"title":"Az\u0259rbaycan: \u00d6t\u0259n il hans\u0131 iqtisadi yenilikl\u0259r oldu? - MEYDAN.TV","robots":{"index":"index","follow":"follow","max-snippet":"max-snippet:-1","max-image-preview":"max-image-preview:large","max-video-preview":"max-video-preview:-1"},"canonical":"https:\/\/www.meydan.tv\/az\/article\/azerbaycan-oten-il-hansi-iqtisadi-yenilikler-oldu\/","og_locale":"az_AZ","og_type":"article","og_title":"Az\u0259rbaycan: \u00d6t\u0259n il hans\u0131 iqtisadi yenilikl\u0259r oldu? - MEYDAN.TV","og_description":"1. Prezident se\u00e7kil\u0259rind\u0259n sonra Nazirl\u0259r Kabinetinin yeni t\u0259rkibi t\u0259sdiq olunub. ... Davam\u0131","og_url":"https:\/\/www.meydan.tv\/az\/article\/azerbaycan-oten-il-hansi-iqtisadi-yenilikler-oldu\/","og_site_name":"MEYDAN.TV","article_published_time":"2018-12-31T17:47:31+00:00","og_image":[{"width":800,"height":541,"url":"https:\/\/www.meydan.tv\/wp-content\/uploads\/45827.jpg","type":"image\/jpeg"}],"author":"user-manager","twitter_card":"summary_large_image","schema":{"@context":"https:\/\/schema.org","@graph":[{"@type":"Article","@id":"https:\/\/www.meydan.tv\/az\/article\/azerbaycan-oten-il-hansi-iqtisadi-yenilikler-oldu\/#article","isPartOf":{"@id":"https:\/\/www.meydan.tv\/az\/article\/azerbaycan-oten-il-hansi-iqtisadi-yenilikler-oldu\/"},"author":{"name":"user-manager","@id":"https:\/\/www.meydan.tv\/az\/#\/schema\/person\/10d11eccf6da3662cf5fdab9806ea91a"},"headline":"Az\u0259rbaycan: \u00d6t\u0259n il hans\u0131 iqtisadi yenilikl\u0259r oldu?","datePublished":"2018-12-31T17:47:31+00:00","mainEntityOfPage":{"@id":"https:\/\/www.meydan.tv\/az\/article\/azerbaycan-oten-il-hansi-iqtisadi-yenilikler-oldu\/"},"wordCount":1953,"publisher":{"@id":"https:\/\/www.meydan.tv\/az\/#organization"},"image":{"@id":"https:\/\/www.meydan.tv\/az\/article\/azerbaycan-oten-il-hansi-iqtisadi-yenilikler-oldu\/#primaryimage"},"thumbnailUrl":"https:\/\/www.meydan.tv\/wp-content\/uploads\/45827.jpg","articleSection":["Analitika"],"inLanguage":"az"},{"@type":"WebPage","@id":"https:\/\/www.meydan.tv\/az\/article\/azerbaycan-oten-il-hansi-iqtisadi-yenilikler-oldu\/","url":"https:\/\/www.meydan.tv\/az\/article\/azerbaycan-oten-il-hansi-iqtisadi-yenilikler-oldu\/","name":"Az\u0259rbaycan: \u00d6t\u0259n il hans\u0131 iqtisadi yenilikl\u0259r oldu? - MEYDAN.TV","isPartOf":{"@id":"https:\/\/www.meydan.tv\/az\/#website"},"primaryImageOfPage":{"@id":"https:\/\/www.meydan.tv\/az\/article\/azerbaycan-oten-il-hansi-iqtisadi-yenilikler-oldu\/#primaryimage"},"image":{"@id":"https:\/\/www.meydan.tv\/az\/article\/azerbaycan-oten-il-hansi-iqtisadi-yenilikler-oldu\/#primaryimage"},"thumbnailUrl":"https:\/\/www.meydan.tv\/wp-content\/uploads\/45827.jpg","datePublished":"2018-12-31T17:47:31+00:00","breadcrumb":{"@id":"https:\/\/www.meydan.tv\/az\/article\/azerbaycan-oten-il-hansi-iqtisadi-yenilikler-oldu\/#breadcrumb"},"inLanguage":"az","potentialAction":[{"@type":"ReadAction","target":["https:\/\/www.meydan.tv\/az\/article\/azerbaycan-oten-il-hansi-iqtisadi-yenilikler-oldu\/"]}]},{"@type":"ImageObject","inLanguage":"az","@id":"https:\/\/www.meydan.tv\/az\/article\/azerbaycan-oten-il-hansi-iqtisadi-yenilikler-oldu\/#primaryimage","url":"https:\/\/www.meydan.tv\/wp-content\/uploads\/45827.jpg","contentUrl":"https:\/\/www.meydan.tv\/wp-content\/uploads\/45827.jpg","width":800,"height":541,"caption":"Source:"},{"@type":"BreadcrumbList","@id":"https:\/\/www.meydan.tv\/az\/article\/azerbaycan-oten-il-hansi-iqtisadi-yenilikler-oldu\/#breadcrumb","itemListElement":[{"@type":"ListItem","position":1,"name":"Ana s\u0259hif\u0259","item":"https:\/\/www.meydan.tv\/az\/"},{"@type":"ListItem","position":2,"name":"Analitika","item":"https:\/\/www.meydan.tv\/az\/section\/analitika\/"},{"@type":"ListItem","position":3,"name":"Az\u0259rbaycan: \u00d6t\u0259n il hans\u0131 iqtisadi yenilikl\u0259r oldu?"}]},{"@type":"WebSite","@id":"https:\/\/www.meydan.tv\/az\/#website","url":"https:\/\/www.meydan.tv\/az\/","name":"MEYDAN.TV","description":"Meydan TV Az\u0259rbaycan\u0131n media m\u0259kan\u0131ndak\u0131 alternativ s\u0259sidir","publisher":{"@id":"https:\/\/www.meydan.tv\/az\/#organization"},"potentialAction":[{"@type":"SearchAction","target":{"@type":"EntryPoint","urlTemplate":"https:\/\/www.meydan.tv\/az\/?s={search_term_string}"},"query-input":{"@type":"PropertyValueSpecification","valueRequired":true,"valueName":"search_term_string"}}],"inLanguage":"az"},{"@type":"Organization","@id":"https:\/\/www.meydan.tv\/az\/#organization","name":"Meydan TV","url":"https:\/\/www.meydan.tv\/az\/","logo":{"@type":"ImageObject","inLanguage":"az","@id":"https:\/\/www.meydan.tv\/az\/#\/schema\/logo\/image\/","url":"https:\/\/www.meydan.tv\/wp-content\/uploads\/2021\/07\/meydan-logo.svg","contentUrl":"https:\/\/www.meydan.tv\/wp-content\/uploads\/2021\/07\/meydan-logo.svg","width":195,"height":46,"caption":"Meydan TV"},"image":{"@id":"https:\/\/www.meydan.tv\/az\/#\/schema\/logo\/image\/"}},{"@type":"Person","@id":"https:\/\/www.meydan.tv\/az\/#\/schema\/person\/10d11eccf6da3662cf5fdab9806ea91a","name":"user-manager"}]}},"_links":{"self":[{"href":"https:\/\/www.meydan.tv\/az\/wp-json\/wp\/v2\/posts\/193288","targetHints":{"allow":["GET"]}}],"collection":[{"href":"https:\/\/www.meydan.tv\/az\/wp-json\/wp\/v2\/posts"}],"about":[{"href":"https:\/\/www.meydan.tv\/az\/wp-json\/wp\/v2\/types\/post"}],"author":[{"embeddable":true,"href":"https:\/\/www.meydan.tv\/az\/wp-json\/wp\/v2\/users\/11"}],"replies":[{"embeddable":true,"href":"https:\/\/www.meydan.tv\/az\/wp-json\/wp\/v2\/comments?post=193288"}],"version-history":[{"count":0,"href":"https:\/\/www.meydan.tv\/az\/wp-json\/wp\/v2\/posts\/193288\/revisions"}],"wp:featuredmedia":[{"embeddable":true,"href":"https:\/\/www.meydan.tv\/az\/wp-json\/wp\/v2\/media\/115042"}],"wp:attachment":[{"href":"https:\/\/www.meydan.tv\/az\/wp-json\/wp\/v2\/media?parent=193288"}],"wp:term":[{"taxonomy":"category","embeddable":true,"href":"https:\/\/www.meydan.tv\/az\/wp-json\/wp\/v2\/categories?post=193288"},{"taxonomy":"post_tag","embeddable":true,"href":"https:\/\/www.meydan.tv\/az\/wp-json\/wp\/v2\/tags?post=193288"}],"curies":[{"name":"wp","href":"https:\/\/api.w.org\/{rel}","templated":true}]}}