{"id":193287,"date":"2018-12-31T17:20:15","date_gmt":"2018-12-31T17:20:15","guid":{"rendered":"https:\/\/www.meydan.tv\/article\/2018-ci-il-azerbaycan-ucun-nece-kecdi\/"},"modified":"2018-12-31T17:20:15","modified_gmt":"2018-12-31T17:20:15","slug":"2018-ci-il-azerbaycan-ucun-nece-kecdi","status":"publish","type":"post","link":"https:\/\/www.meydan.tv\/az\/article\/2018-ci-il-azerbaycan-ucun-nece-kecdi\/","title":{"rendered":"2018-ci il Az\u0259rbaycan \u00fc\u00e7\u00fcn nec\u0259 ke\u00e7di?"},"content":{"rendered":"<figure class=\"wp-block-image size-large\">\n  <img decoding=\"async\" src=\"https:\/\/www.meydan.tv\/az\/115036\/\" alt=\"\" class=\"wp-image-115036\"\/><figcaption><\/figcaption><\/figure>\n<p>\n  <b><br \/>\n    1.<br \/>\n  <\/b><br \/>\n  <i><br \/>\n    11.04. Az\u0259rbaycanda prezident se\u00e7kil\u0259ri ke\u00e7irilib.<br \/>\n  <\/i>\n<\/p>\n<p>\n  <b><br \/>\n    2.<br \/>\n  <\/b><br \/>\n  <i><br \/>\n    21.04. Parlament Novruz M\u0259mm\u0259dovu ba\u015f nazir v\u0259zif\u0259sin\u0259 t\u0259sdiq edib.<br \/>\n  <\/i>\n<\/p>\n<p>\n  <b><br \/>\n    3.<br \/>\n  <\/b><br \/>\n  <i><br \/>\n    26.04. A\u015ePA-da korrupsiya ittihamlar\u0131 \u00fczr\u0259 M\u00fcst\u0259qil \u0130stintaq Orqan\u0131n\u0131n 219 s\u0259hif\u0259lik hesabat\u0131 q\u0131z\u011f\u0131n m\u00fczakir\u0259l\u0259rd\u0259n sonra plenar iclasda q\u0259bul edilib. Az\u0259rbaycan hakimiyy\u0259ti \u0259sas fiqurantlar aras\u0131ndad\u0131r.<br \/>\n  <\/i>\n<\/p>\n<p>\n  <b><br \/>\n    4.<br \/>\n  <\/b><br \/>\n  <i><br \/>\n    03.07. G\u0259nc\u0259d\u0259 \u015f\u0259h\u0259r sakini Yunis S\u0259f\u0259rov icra hakimiyy\u0259ti ba\u015f\u00e7\u0131s\u0131 Elmar V\u0259liyev\u0259 qar\u015f\u0131 sui-q\u0259sd t\u00f6r\u0259d\u0259r\u0259k, onu a\u011f\u0131r yaralay\u0131b.<br \/>\n  <\/i>\n<\/p>\n<p>\n  <b><br \/>\n    5.<br \/>\n  <\/b><br \/>\n  <i><br \/>\n    11.07. Avropa \u0130ttifaq\u0131n\u0131n xarici \u0259laq\u0259l\u0259r v\u0259 t\u0259hl\u00fck\u0259sizlik siyas\u0259ti \u00fczr\u0259 ali n\u00fcmay\u0259nd\u0259si, Avropa Komissiyas\u0131n\u0131n vitse-prezidenti Federika Mogerini v\u0259 Az\u0259rbaycan\u0131n xarici i\u015fl\u0259r naziri Elmar M\u0259mm\u0259dyarov A\u0130 v\u0259 Az\u0259rbaycan aras\u0131nda t\u0259r\u0259fda\u015fl\u0131\u011f\u0131n prioritetl\u0259ri haqq\u0131nda dan\u0131\u015f\u0131qlar\u0131n yekunla\u015fd\u0131\u011f\u0131n\u0131 bildiribl\u0259r. S\u0259n\u0259d Avropa \u015euras\u0131n\u0131n prezidenti Donald Tusk v\u0259 Az\u0259rbaycan prezidenti \u0130lham \u018fliyevin i\u015ftirak\u0131 il\u0259 paraflan\u0131b.<br \/>\n  <\/i>\n<\/p>\n<p>\n  <b><br \/>\n    6.<br \/>\n  <\/b><br \/>\n  13.08. \u015e\u0259ki Apellyasiya M\u0259hk\u0259m\u0259si REAL partiyas\u0131n\u0131n lideri \u0130lqar M\u0259mm\u0259dovun vaxt\u0131ndan \u0259vv\u0259l \u015f\u0259rti azadl\u0131\u011fa burax\u0131lmas\u0131 haqq\u0131nda q\u0259rar q\u0259bul edib.\n<\/p>\n<p>\n  <b><br \/>\n    7.<br \/>\n  <\/b><br \/>\n  24.10. AB\u015e prezidentinin milli t\u0259hl\u00fck\u0259sizlik \u00fczr\u0259 m\u00fc\u015faviri Con Bolton Az\u0259rbaycana s\u0259f\u0259r edib.\n<\/p>\n<p>\n  <b><br \/>\n    8.<br \/>\n  <\/b><br \/>\n  <i><br \/>\n    09.11. Norve\u00e7 h\u00f6kum\u0259ti Az\u0259rbaycan s\u0259firliyinin ba\u011flanmas\u0131 haqq\u0131nda q\u0259rar q\u0259bul edib.<br \/>\n  <\/i>\n<\/p>\n<p>\n  <b><br \/>\n    9.<br \/>\n  <\/b><br \/>\n  <i><br \/>\n    11.12. Beyn\u0259lxalq A\u00e7\u0131q H\u00f6kum\u0259t T\u0259\u015fkilat\u0131n\u0131n (OGP) r\u0259hb\u0259r komit\u0259si dekabr\u0131n 5-d\u0259 Va\u015finqtonda ke\u00e7iril\u0259n iclas\u0131nda Az\u0259rbaycan\u0131n bu t\u0259\u015fkilatda qeyri-f\u0259al statusunu saxlay\u0131b.<br \/>\n  <\/i>\n<\/p>\n<p>\n  <b><br \/>\n    10.<br \/>\n  <\/b><br \/>\n  <i><br \/>\n    14.12. Britaniya m\u00fcst\u0259ntiql\u0259ri Az\u0259rbaycan\u0131n \u00e7irkli pullar\u0131n\u0131n yuyulmas\u0131 il\u0259 ba\u011fl\u0131 olan bir ne\u00e7\u0259 milyard dollarl\u0131q bank hesablar\u0131n\u0131 dondurublar.<br \/>\n  <\/i>\n<\/p>\n<p>\n  2018-ci il: S\u00fcr\u0259tl\u0259nm\u0259 siyas\u0259tinin paralell\u0259ri\n<\/p>\n<p>\n  Ba\u015fa \u00e7atmaqda olan 2018-ci ili, y\u0259qin ki, Az\u0259rbaycan \u00fc\u00e7\u00fcn h\u0259m daxili, h\u0259m d\u0259 xarici siyas\u0259t n\u00f6qteyi-n\u0259z\u0259rd\u0259n ziddiyy\u0259tli il adland\u0131rmaq olar.\n<\/p>\n<p>\n  Xarici siyasi proses hakimiyy\u0259tdaxili g\u0259rginliyi n\u00fcmayi\u015f etdirib, bu g\u0259rginlik ictimai h\u0259yatda da \u0259ks olunub. Bu proses\u0259 aprelin 11-d\u0259 vaxt\u0131ndan \u0259vv\u0259l ke\u00e7iril\u0259n prezident se\u00e7kil\u0259ri start verib. Prezident \u0130lham \u018fliyevin komandas\u0131n\u0131n n\u00fcmay\u0259nd\u0259l\u0259rinin vaxt\u0131ndan \u0259vv\u0259l se\u00e7kil\u0259r ke\u00e7irilm\u0259sinin s\u0259b\u0259bl\u0259ri haqq\u0131nda qeyri-m\u00fc\u0259yy\u0259n a\u00e7\u0131qlamalar\u0131 v\u0259 sonrak\u0131 siyasi dinamika g\u00f6st\u0259rib ki, bu q\u0259rar \u018fliyev administrasiyas\u0131n\u0131n h\u0259m institusional, h\u0259m d\u0259 kadr c\u0259h\u0259td\u0259n yenil\u0259nm\u0259sinin s\u00fcr\u0259tl\u0259nm\u0259sin\u0259 start verib. G\u00f6r\u00fcnd\u00fcy\u00fc q\u0259d\u0259r, 2015-ci ilin \u0259vv\u0259ll\u0259rind\u0259 \u00f6z\u00fcn\u00fc g\u00f6st\u0259r\u0259n v\u0259 daha sonra da davam ed\u0259n son b\u00f6hran t\u0259zah\u00fcrl\u0259ri \u018fliyevi komandas\u0131n\u0131 k\u00f6hn\u0259 kadrlardan v\u0259 m\u00fcnasib\u0259t qaydalar\u0131ndan tamamil\u0259 t\u0259mizl\u0259m\u0259k \u00fc\u00e7\u00fcn daha operativ add\u0131mlar atma\u011fa vadar edib. Biz hakimiyy\u0259tin v\u0259 kapital\u0131n daha \u00e7ox prezidentin \u0259lind\u0259 c\u0259ml\u0259\u015fm\u0259sini, habel\u0259, birinci vitse-prezident Mehriban \u018fliyevan\u0131n \u015f\u0259xsind\u0259 paralel komandan\u0131n v\u0259 ya q\u00fcvv\u0259 m\u0259rk\u0259zinin yaranmas\u0131n\u0131 v\u0259 h\u0259tta m\u00fc\u0259yy\u0259n d\u0259r\u0259c\u0259d\u0259 hakimiyy\u0259t vasit\u0259l\u0259rinin bir hiss\u0259sinin onun idar\u0259etm\u0259sin\u0259 ke\u00e7m\u0259sini m\u00fc\u015fahid\u0259 edirdik.\n<\/p>\n<p>\n  Daxili c\u0259bh\u0259d\u0259 bu x\u0259tt komandan\u0131n FHN r\u0259hb\u0259ri K.Heyd\u0259rov, prezidentin k\u00f6m\u0259k\u00e7isi \u018fli H\u0259s\u0259nov kimi \u00fczvl\u0259rin\u0259 t\u0259zyiq v\u0259 prezident ail\u0259sinin etimadl\u0131 \u015f\u0259xsl\u0259rinin &#8211; ba\u015f nazir v\u0259zif\u0259si alan Novruz M\u0259mm\u0259dovun, vergil\u0259r naziri Mikay\u0131l Cabbarovun, Bak\u0131 meri Eldar \u018fzizovun v\u0259 s. ucald\u0131lmas\u0131 il\u0259 qeyd\u0259 al\u0131n\u0131b.\n<\/p>\n<p>\n  Eyni zamanda c\u0259miyy\u0259t\u0259, x\u00fcsus\u0259n, onun informasiya \u015f\u0259b\u0259k\u0259l\u0259rind\u0259 h\u0259dsiz t\u0259nqidi f\u0259all\u0131q n\u00fcmayi\u015f etdir\u0259n, ba\u015f a\u011fr\u0131s\u0131na v\u0259 d\u00f6vl\u0259tin ideoloji ma\u015f\u0131n\u0131n\u0131n n\u00fcfuzlu alternativin\u0259 \u00e7evril\u0259n hiss\u0259sin\u0259 qar\u015f\u0131 t\u0259zyiq art\u0131b. H\u0259bsl\u0259r, saytlar\u0131n bloklanmas\u0131 v\u0259 hesablar\u0131n s\u0131nd\u0131r\u0131lmas\u0131, al\u00e7aq trollar ordusunun formala\u015fd\u0131r\u0131lmas\u0131, aqressiv qar\u015f\u0131l\u0131ql\u0131 al\u00e7ald\u0131c\u0131 informasiya m\u00fcharib\u0259si ilin siyasi prosesl\u0259rinin f\u0259rql\u0259ndirici x\u00fcsusiyy\u0259ti olub.\n<\/p>\n<p>\n  Hakimiyy\u0259t sanki prezident \u018fliyevin d\u00f6vl\u0259t ma\u015f\u0131n\u0131n\u0131n yenid\u0259n qurulmas\u0131n\u0131n s\u00fcr\u0259tl\u0259nm\u0259si siyas\u0259tin\u0259 mane olmaq iqtidar\u0131nda olan ist\u0259nil\u0259n meyll\u0259ri z\u0259r\u0259rsizl\u0259\u015fdirm\u0259y\u0259 \u00e7al\u0131\u015f\u0131b. Dem\u0259k olar ki, il 2019-cu ild\u0259 tamamlanacaq m\u00fc\u0259yy\u0259n haz\u0131rl\u0131q i\u015fl\u0259ri il\u0259 ba\u015fa \u00e7at\u0131b.\n<\/p>\n<p>\n  Xarici siyas\u0259t istiqam\u0259ti \u00f6lk\u0259daxili hadis\u0259l\u0259rl\u0259 h\u0259mah\u0259ng \u015f\u0259kild\u0259 inki\u015faf edib. Xarici hadis\u0259l\u0259r sanki \u018fliyevin add\u0131mlar\u0131n\u0131 t\u0259l\u0259sdirir v\u0259 daxili d\u0259yi\u015fiklik prosesinin s\u00fcr\u0259tl\u0259ndirilm\u0259sin\u0259 xidm\u0259t edirdi. Bir t\u0259r\u0259fd\u0259n Az\u0259rbaycan\u0131n xarici siyas\u0259tinin bir aspekti kimi \u00e7irkli pullarla ba\u011fl\u0131 beyn\u0259lxalq ara\u015fd\u0131rmalar, dig\u0259r t\u0259r\u0259fd\u0259n is\u0259 A\u0130 v\u0259 Az\u0259rbaycan aras\u0131nda t\u0259r\u0259fda\u015fl\u0131q prioritetl\u0259ri haqq\u0131nda iyulun 11-d\u0259 paraflanm\u0131\u015f s\u0259n\u0259dd\u0259 \u0259ksini tapan Avrointeqrasiya haqq\u0131nda tamamil\u0259 m\u00f6t\u0259b\u0259r dan\u0131\u015f\u0131qlar.\n<\/p>\n<p>\n  B\u00fct\u00fcn sonrak\u0131 xarici siyasi m\u00fcnasib\u0259tl\u0259r bu istiqam\u0259td\u0259 formala\u015f\u0131b, bu da &#8220;Az\u0259rbaycan paltaryuyan\u0131&#8221; il\u0259 ba\u011fl\u0131 yeni qalmaqall\u0131 if\u015falarda, el\u0259c\u0259 d\u0259 Almaniya kansleri, AB\u015e prezidentinin milli t\u0259hl\u00fck\u0259sizlik \u00fczr\u0259 m\u00fc\u015faviri kimi y\u00fcks\u0259k s\u0259viyy\u0259li qonaqlar\u0131n s\u0259f\u0259rl\u0259rind\u0259 v\u0259 s. \u0259ksini tap\u0131b.\n<\/p>\n<p>\n  Erm\u0259nistandak\u0131 hadis\u0259l\u0259rd\u0259n sonra Az\u0259rbaycanda demokratiya v\u0259 islahatlar probleminin daha da aktualla\u015fmas\u0131n\u0131n konturlar\u0131 \u00fcz\u0259 \u00e7\u0131x\u0131r, bu fonda 2019-cu ild\u0259 A\u0130 il\u0259 t\u0259r\u0259fda\u015fl\u0131q haqq\u0131nda sazi\u015fin imzalanmas\u0131 v\u0259 iqtisadi islahatlarla paralel getm\u0259y\u0259n, onlar\u0131n &#8220;quyru\u011funda s\u00fcr\u00fcn\u0259n&#8221; ehtiyatl\u0131 bir demokratikl\u0259\u015fm\u0259 prosesinin ba\u015flamas\u0131 daha real g\u00f6r\u00fcn\u00fcr. Bu, he\u00e7 d\u0259 \u018fliyevin 2018-ci ilin \u0259vv\u0259ll\u0259rind\u0259 verdiyi siyas\u0259t v\u0259 iqtisadiyyatda paralel islahatlar apar\u0131lmas\u0131 haqq\u0131nda v\u0259dl\u0259rin\u0259 cavab vermir. Bu b\u0259yanat\u0131n paralel islahatlarda yum\u015faq \u015f\u0259kild\u0259 israr ed\u0259n Q\u0259rbi qane etm\u0259k \u00fc\u00e7\u00fcn s\u0259sl\u0259ndiyini t\u0259xmin etm\u0259k olar. Amma, ist\u0259nil\u0259n halda, 2019-cu ild\u0259 \u018fliyev Az\u0259rbaycan\u0131n korrupsiya if\u015falar\u0131 kimi Q\u0259rb t\u0259kanlar\u0131n\u0131n neqativl\u0259rini aradan qald\u0131rmaq \u00fc\u00e7\u00fcn &#8220;paralel proses&#8221; t\u00f6vsiy\u0259l\u0259rini daha \u00e7ox diqq\u0259t\u0259 almal\u0131 olacaq.<\/p>\n","protected":false},"excerpt":{"rendered":"<p>1. 11.04. Az\u0259rbaycanda prezident se\u00e7kil\u0259ri ke\u00e7irilib. 2. 21.04. Parlament Novruz &#8230; <\/p>\n<p class=\"read-more-container\"><a title=\"2018-ci il Az\u0259rbaycan \u00fc\u00e7\u00fcn nec\u0259 ke\u00e7di?\" class=\"read-more button\" href=\"https:\/\/www.meydan.tv\/az\/article\/2018-ci-il-azerbaycan-ucun-nece-kecdi\/#more-193287\" aria-label=\"Read more about 2018-ci il Az\u0259rbaycan \u00fc\u00e7\u00fcn nec\u0259 ke\u00e7di?\">Davam\u0131<\/a><\/p>\n","protected":false},"author":11,"featured_media":115036,"comment_status":"closed","ping_status":"open","sticky":false,"template":"","format":"standard","meta":{"_acf_changed":false,"_sitemap_exclude":false,"_sitemap_priority":"","_sitemap_frequency":"","footnotes":""},"categories":[51],"tags":[],"class_list":["post-193287","post","type-post","status-publish","format-standard","has-post-thumbnail","hentry","category-analitika","infinite-scroll-item","generate-columns","tablet-grid-50","mobile-grid-100","grid-parent","grid-33","no-featured-image-padding"],"acf":[],"yoast_head":"<!-- This site is optimized with the Yoast SEO plugin v27.4 - https:\/\/yoast.com\/product\/yoast-seo-wordpress\/ -->\n<title>2018-ci il Az\u0259rbaycan \u00fc\u00e7\u00fcn nec\u0259 ke\u00e7di? - MEYDAN.TV<\/title>\n<meta name=\"robots\" content=\"index, follow, max-snippet:-1, max-image-preview:large, max-video-preview:-1\" \/>\n<link rel=\"canonical\" href=\"https:\/\/www.meydan.tv\/az\/article\/2018-ci-il-azerbaycan-ucun-nece-kecdi\/\" \/>\n<meta property=\"og:locale\" content=\"az_AZ\" \/>\n<meta property=\"og:type\" content=\"article\" \/>\n<meta property=\"og:title\" content=\"2018-ci il Az\u0259rbaycan \u00fc\u00e7\u00fcn nec\u0259 ke\u00e7di? - MEYDAN.TV\" \/>\n<meta property=\"og:description\" content=\"1. 11.04. Az\u0259rbaycanda prezident se\u00e7kil\u0259ri ke\u00e7irilib. 2. 21.04. Parlament Novruz ... Davam\u0131\" \/>\n<meta property=\"og:url\" content=\"https:\/\/www.meydan.tv\/az\/article\/2018-ci-il-azerbaycan-ucun-nece-kecdi\/\" \/>\n<meta property=\"og:site_name\" content=\"MEYDAN.TV\" \/>\n<meta property=\"article:published_time\" content=\"2018-12-31T17:20:15+00:00\" \/>\n<meta property=\"og:image\" content=\"https:\/\/www.meydan.tv\/wp-content\/uploads\/45826.jpg\" \/>\n\t<meta property=\"og:image:width\" content=\"800\" \/>\n\t<meta property=\"og:image:height\" content=\"413\" \/>\n\t<meta property=\"og:image:type\" content=\"image\/jpeg\" \/>\n<meta name=\"author\" content=\"user-manager\" \/>\n<meta name=\"twitter:card\" content=\"summary_large_image\" \/>\n<script type=\"application\/ld+json\" class=\"yoast-schema-graph\">{\"@context\":\"https:\\\/\\\/schema.org\",\"@graph\":[{\"@type\":\"Article\",\"@id\":\"https:\\\/\\\/www.meydan.tv\\\/az\\\/article\\\/2018-ci-il-azerbaycan-ucun-nece-kecdi\\\/#article\",\"isPartOf\":{\"@id\":\"https:\\\/\\\/www.meydan.tv\\\/az\\\/article\\\/2018-ci-il-azerbaycan-ucun-nece-kecdi\\\/\"},\"author\":{\"name\":\"user-manager\",\"@id\":\"https:\\\/\\\/www.meydan.tv\\\/az\\\/#\\\/schema\\\/person\\\/10d11eccf6da3662cf5fdab9806ea91a\"},\"headline\":\"2018-ci il Az\u0259rbaycan \u00fc\u00e7\u00fcn nec\u0259 ke\u00e7di?\",\"datePublished\":\"2018-12-31T17:20:15+00:00\",\"mainEntityOfPage\":{\"@id\":\"https:\\\/\\\/www.meydan.tv\\\/az\\\/article\\\/2018-ci-il-azerbaycan-ucun-nece-kecdi\\\/\"},\"wordCount\":1126,\"publisher\":{\"@id\":\"https:\\\/\\\/www.meydan.tv\\\/az\\\/#organization\"},\"image\":{\"@id\":\"https:\\\/\\\/www.meydan.tv\\\/az\\\/article\\\/2018-ci-il-azerbaycan-ucun-nece-kecdi\\\/#primaryimage\"},\"thumbnailUrl\":\"https:\\\/\\\/www.meydan.tv\\\/wp-content\\\/uploads\\\/45826.jpg\",\"articleSection\":[\"Analitika\"],\"inLanguage\":\"az\"},{\"@type\":\"WebPage\",\"@id\":\"https:\\\/\\\/www.meydan.tv\\\/az\\\/article\\\/2018-ci-il-azerbaycan-ucun-nece-kecdi\\\/\",\"url\":\"https:\\\/\\\/www.meydan.tv\\\/az\\\/article\\\/2018-ci-il-azerbaycan-ucun-nece-kecdi\\\/\",\"name\":\"2018-ci il Az\u0259rbaycan \u00fc\u00e7\u00fcn nec\u0259 ke\u00e7di? - MEYDAN.TV\",\"isPartOf\":{\"@id\":\"https:\\\/\\\/www.meydan.tv\\\/az\\\/#website\"},\"primaryImageOfPage\":{\"@id\":\"https:\\\/\\\/www.meydan.tv\\\/az\\\/article\\\/2018-ci-il-azerbaycan-ucun-nece-kecdi\\\/#primaryimage\"},\"image\":{\"@id\":\"https:\\\/\\\/www.meydan.tv\\\/az\\\/article\\\/2018-ci-il-azerbaycan-ucun-nece-kecdi\\\/#primaryimage\"},\"thumbnailUrl\":\"https:\\\/\\\/www.meydan.tv\\\/wp-content\\\/uploads\\\/45826.jpg\",\"datePublished\":\"2018-12-31T17:20:15+00:00\",\"breadcrumb\":{\"@id\":\"https:\\\/\\\/www.meydan.tv\\\/az\\\/article\\\/2018-ci-il-azerbaycan-ucun-nece-kecdi\\\/#breadcrumb\"},\"inLanguage\":\"az\",\"potentialAction\":[{\"@type\":\"ReadAction\",\"target\":[\"https:\\\/\\\/www.meydan.tv\\\/az\\\/article\\\/2018-ci-il-azerbaycan-ucun-nece-kecdi\\\/\"]}]},{\"@type\":\"ImageObject\",\"inLanguage\":\"az\",\"@id\":\"https:\\\/\\\/www.meydan.tv\\\/az\\\/article\\\/2018-ci-il-azerbaycan-ucun-nece-kecdi\\\/#primaryimage\",\"url\":\"https:\\\/\\\/www.meydan.tv\\\/wp-content\\\/uploads\\\/45826.jpg\",\"contentUrl\":\"https:\\\/\\\/www.meydan.tv\\\/wp-content\\\/uploads\\\/45826.jpg\",\"width\":800,\"height\":413,\"caption\":\"Source:\"},{\"@type\":\"BreadcrumbList\",\"@id\":\"https:\\\/\\\/www.meydan.tv\\\/az\\\/article\\\/2018-ci-il-azerbaycan-ucun-nece-kecdi\\\/#breadcrumb\",\"itemListElement\":[{\"@type\":\"ListItem\",\"position\":1,\"name\":\"Ana s\u0259hif\u0259\",\"item\":\"https:\\\/\\\/www.meydan.tv\\\/az\\\/\"},{\"@type\":\"ListItem\",\"position\":2,\"name\":\"Analitika\",\"item\":\"https:\\\/\\\/www.meydan.tv\\\/az\\\/section\\\/analitika\\\/\"},{\"@type\":\"ListItem\",\"position\":3,\"name\":\"2018-ci il Az\u0259rbaycan \u00fc\u00e7\u00fcn nec\u0259 ke\u00e7di?\"}]},{\"@type\":\"WebSite\",\"@id\":\"https:\\\/\\\/www.meydan.tv\\\/az\\\/#website\",\"url\":\"https:\\\/\\\/www.meydan.tv\\\/az\\\/\",\"name\":\"MEYDAN.TV\",\"description\":\"Meydan TV Az\u0259rbaycan\u0131n media m\u0259kan\u0131ndak\u0131 alternativ s\u0259sidir\",\"publisher\":{\"@id\":\"https:\\\/\\\/www.meydan.tv\\\/az\\\/#organization\"},\"potentialAction\":[{\"@type\":\"SearchAction\",\"target\":{\"@type\":\"EntryPoint\",\"urlTemplate\":\"https:\\\/\\\/www.meydan.tv\\\/az\\\/?s={search_term_string}\"},\"query-input\":{\"@type\":\"PropertyValueSpecification\",\"valueRequired\":true,\"valueName\":\"search_term_string\"}}],\"inLanguage\":\"az\"},{\"@type\":\"Organization\",\"@id\":\"https:\\\/\\\/www.meydan.tv\\\/az\\\/#organization\",\"name\":\"Meydan TV\",\"url\":\"https:\\\/\\\/www.meydan.tv\\\/az\\\/\",\"logo\":{\"@type\":\"ImageObject\",\"inLanguage\":\"az\",\"@id\":\"https:\\\/\\\/www.meydan.tv\\\/az\\\/#\\\/schema\\\/logo\\\/image\\\/\",\"url\":\"https:\\\/\\\/www.meydan.tv\\\/wp-content\\\/uploads\\\/2021\\\/07\\\/meydan-logo.svg\",\"contentUrl\":\"https:\\\/\\\/www.meydan.tv\\\/wp-content\\\/uploads\\\/2021\\\/07\\\/meydan-logo.svg\",\"width\":195,\"height\":46,\"caption\":\"Meydan TV\"},\"image\":{\"@id\":\"https:\\\/\\\/www.meydan.tv\\\/az\\\/#\\\/schema\\\/logo\\\/image\\\/\"}},{\"@type\":\"Person\",\"@id\":\"https:\\\/\\\/www.meydan.tv\\\/az\\\/#\\\/schema\\\/person\\\/10d11eccf6da3662cf5fdab9806ea91a\",\"name\":\"user-manager\"}]}<\/script>\n<!-- \/ Yoast SEO plugin. -->","yoast_head_json":{"title":"2018-ci il Az\u0259rbaycan \u00fc\u00e7\u00fcn nec\u0259 ke\u00e7di? - MEYDAN.TV","robots":{"index":"index","follow":"follow","max-snippet":"max-snippet:-1","max-image-preview":"max-image-preview:large","max-video-preview":"max-video-preview:-1"},"canonical":"https:\/\/www.meydan.tv\/az\/article\/2018-ci-il-azerbaycan-ucun-nece-kecdi\/","og_locale":"az_AZ","og_type":"article","og_title":"2018-ci il Az\u0259rbaycan \u00fc\u00e7\u00fcn nec\u0259 ke\u00e7di? - MEYDAN.TV","og_description":"1. 11.04. Az\u0259rbaycanda prezident se\u00e7kil\u0259ri ke\u00e7irilib. 2. 21.04. Parlament Novruz ... Davam\u0131","og_url":"https:\/\/www.meydan.tv\/az\/article\/2018-ci-il-azerbaycan-ucun-nece-kecdi\/","og_site_name":"MEYDAN.TV","article_published_time":"2018-12-31T17:20:15+00:00","og_image":[{"width":800,"height":413,"url":"https:\/\/www.meydan.tv\/wp-content\/uploads\/45826.jpg","type":"image\/jpeg"}],"author":"user-manager","twitter_card":"summary_large_image","schema":{"@context":"https:\/\/schema.org","@graph":[{"@type":"Article","@id":"https:\/\/www.meydan.tv\/az\/article\/2018-ci-il-azerbaycan-ucun-nece-kecdi\/#article","isPartOf":{"@id":"https:\/\/www.meydan.tv\/az\/article\/2018-ci-il-azerbaycan-ucun-nece-kecdi\/"},"author":{"name":"user-manager","@id":"https:\/\/www.meydan.tv\/az\/#\/schema\/person\/10d11eccf6da3662cf5fdab9806ea91a"},"headline":"2018-ci il Az\u0259rbaycan \u00fc\u00e7\u00fcn nec\u0259 ke\u00e7di?","datePublished":"2018-12-31T17:20:15+00:00","mainEntityOfPage":{"@id":"https:\/\/www.meydan.tv\/az\/article\/2018-ci-il-azerbaycan-ucun-nece-kecdi\/"},"wordCount":1126,"publisher":{"@id":"https:\/\/www.meydan.tv\/az\/#organization"},"image":{"@id":"https:\/\/www.meydan.tv\/az\/article\/2018-ci-il-azerbaycan-ucun-nece-kecdi\/#primaryimage"},"thumbnailUrl":"https:\/\/www.meydan.tv\/wp-content\/uploads\/45826.jpg","articleSection":["Analitika"],"inLanguage":"az"},{"@type":"WebPage","@id":"https:\/\/www.meydan.tv\/az\/article\/2018-ci-il-azerbaycan-ucun-nece-kecdi\/","url":"https:\/\/www.meydan.tv\/az\/article\/2018-ci-il-azerbaycan-ucun-nece-kecdi\/","name":"2018-ci il Az\u0259rbaycan \u00fc\u00e7\u00fcn nec\u0259 ke\u00e7di? - MEYDAN.TV","isPartOf":{"@id":"https:\/\/www.meydan.tv\/az\/#website"},"primaryImageOfPage":{"@id":"https:\/\/www.meydan.tv\/az\/article\/2018-ci-il-azerbaycan-ucun-nece-kecdi\/#primaryimage"},"image":{"@id":"https:\/\/www.meydan.tv\/az\/article\/2018-ci-il-azerbaycan-ucun-nece-kecdi\/#primaryimage"},"thumbnailUrl":"https:\/\/www.meydan.tv\/wp-content\/uploads\/45826.jpg","datePublished":"2018-12-31T17:20:15+00:00","breadcrumb":{"@id":"https:\/\/www.meydan.tv\/az\/article\/2018-ci-il-azerbaycan-ucun-nece-kecdi\/#breadcrumb"},"inLanguage":"az","potentialAction":[{"@type":"ReadAction","target":["https:\/\/www.meydan.tv\/az\/article\/2018-ci-il-azerbaycan-ucun-nece-kecdi\/"]}]},{"@type":"ImageObject","inLanguage":"az","@id":"https:\/\/www.meydan.tv\/az\/article\/2018-ci-il-azerbaycan-ucun-nece-kecdi\/#primaryimage","url":"https:\/\/www.meydan.tv\/wp-content\/uploads\/45826.jpg","contentUrl":"https:\/\/www.meydan.tv\/wp-content\/uploads\/45826.jpg","width":800,"height":413,"caption":"Source:"},{"@type":"BreadcrumbList","@id":"https:\/\/www.meydan.tv\/az\/article\/2018-ci-il-azerbaycan-ucun-nece-kecdi\/#breadcrumb","itemListElement":[{"@type":"ListItem","position":1,"name":"Ana s\u0259hif\u0259","item":"https:\/\/www.meydan.tv\/az\/"},{"@type":"ListItem","position":2,"name":"Analitika","item":"https:\/\/www.meydan.tv\/az\/section\/analitika\/"},{"@type":"ListItem","position":3,"name":"2018-ci il Az\u0259rbaycan \u00fc\u00e7\u00fcn nec\u0259 ke\u00e7di?"}]},{"@type":"WebSite","@id":"https:\/\/www.meydan.tv\/az\/#website","url":"https:\/\/www.meydan.tv\/az\/","name":"MEYDAN.TV","description":"Meydan TV Az\u0259rbaycan\u0131n media m\u0259kan\u0131ndak\u0131 alternativ s\u0259sidir","publisher":{"@id":"https:\/\/www.meydan.tv\/az\/#organization"},"potentialAction":[{"@type":"SearchAction","target":{"@type":"EntryPoint","urlTemplate":"https:\/\/www.meydan.tv\/az\/?s={search_term_string}"},"query-input":{"@type":"PropertyValueSpecification","valueRequired":true,"valueName":"search_term_string"}}],"inLanguage":"az"},{"@type":"Organization","@id":"https:\/\/www.meydan.tv\/az\/#organization","name":"Meydan TV","url":"https:\/\/www.meydan.tv\/az\/","logo":{"@type":"ImageObject","inLanguage":"az","@id":"https:\/\/www.meydan.tv\/az\/#\/schema\/logo\/image\/","url":"https:\/\/www.meydan.tv\/wp-content\/uploads\/2021\/07\/meydan-logo.svg","contentUrl":"https:\/\/www.meydan.tv\/wp-content\/uploads\/2021\/07\/meydan-logo.svg","width":195,"height":46,"caption":"Meydan TV"},"image":{"@id":"https:\/\/www.meydan.tv\/az\/#\/schema\/logo\/image\/"}},{"@type":"Person","@id":"https:\/\/www.meydan.tv\/az\/#\/schema\/person\/10d11eccf6da3662cf5fdab9806ea91a","name":"user-manager"}]}},"_links":{"self":[{"href":"https:\/\/www.meydan.tv\/az\/wp-json\/wp\/v2\/posts\/193287","targetHints":{"allow":["GET"]}}],"collection":[{"href":"https:\/\/www.meydan.tv\/az\/wp-json\/wp\/v2\/posts"}],"about":[{"href":"https:\/\/www.meydan.tv\/az\/wp-json\/wp\/v2\/types\/post"}],"author":[{"embeddable":true,"href":"https:\/\/www.meydan.tv\/az\/wp-json\/wp\/v2\/users\/11"}],"replies":[{"embeddable":true,"href":"https:\/\/www.meydan.tv\/az\/wp-json\/wp\/v2\/comments?post=193287"}],"version-history":[{"count":0,"href":"https:\/\/www.meydan.tv\/az\/wp-json\/wp\/v2\/posts\/193287\/revisions"}],"wp:featuredmedia":[{"embeddable":true,"href":"https:\/\/www.meydan.tv\/az\/wp-json\/wp\/v2\/media\/115036"}],"wp:attachment":[{"href":"https:\/\/www.meydan.tv\/az\/wp-json\/wp\/v2\/media?parent=193287"}],"wp:term":[{"taxonomy":"category","embeddable":true,"href":"https:\/\/www.meydan.tv\/az\/wp-json\/wp\/v2\/categories?post=193287"},{"taxonomy":"post_tag","embeddable":true,"href":"https:\/\/www.meydan.tv\/az\/wp-json\/wp\/v2\/tags?post=193287"}],"curies":[{"name":"wp","href":"https:\/\/api.w.org\/{rel}","templated":true}]}}