{"id":193285,"date":"2018-12-30T23:41:58","date_gmt":"2018-12-30T23:41:58","guid":{"rendered":"https:\/\/www.meydan.tv\/article\/agdam-sakini-evin-bir-otaginda-biz-qaliriq-digerinde-ordekler\/"},"modified":"2018-12-30T23:41:58","modified_gmt":"2018-12-30T23:41:58","slug":"agdam-sakini-evin-bir-otaginda-biz-qaliriq-digerinde-ordekler","status":"publish","type":"post","link":"https:\/\/www.meydan.tv\/az\/article\/agdam-sakini-evin-bir-otaginda-biz-qaliriq-digerinde-ordekler\/","title":{"rendered":"A\u011fdam sakini: Evin bir ota\u011f\u0131nda biz qal\u0131r\u0131q, dig\u0259rind\u0259 \u00f6rd\u0259kl\u0259r"},"content":{"rendered":"<p>\n  <i><br \/>\n    &#8221;Adam utan\u0131r, n\u0259 q\u0259d\u0259r qon\u015fular\u0131n evin\u0259 getm\u0259k, n\u0259s\u0259 ist\u0259m\u0259k olar?&#8221;<br \/>\n  <\/i>\n<\/p>\n<p>\n  &#8220;Evl\u0259n\u0259n g\u00fcnd\u0259n \u00e7\u00f6ll\u0259rd\u0259, vaqonlarda ya\u015fam\u0131\u015f\u0131q. Bir aya yax\u0131nd\u0131r ki, bu ev\u0259 k\u00f6\u00e7m\u00fc\u015f\u00fck. \u018fg\u0259r bura ev dem\u0259k olarsa\u2026\u201d\n<\/p>\n<p>\n  A\u011fdam\u0131n Quzanl\u0131 k\u0259ndind\u0259 ya\u015fayan R\u0259smiyy\u0259 V\u0259liyeva bel\u0259 deyir.\n<\/p>\n<p>\n  39 ya\u015fl\u0131 qad\u0131n h\u0259yat yolda\u015f\u0131 il\u0259 birlikd\u0259 kiray\u0259d\u0259 ya\u015fay\u0131r.\n<\/p>\n<p>\n  O, h\u0259yat\u0131n\u0131n olduqca \u00e7\u0259tin v\u0259 ke\u015fm\u0259ke\u015fli ke\u00e7diyini deyir.\n<\/p>\n<figure class=\"wp-block-image size-large\">\n  <img decoding=\"async\" src=\"https:\/\/www.meydan.tv\/az\/115012\/\" alt=\"\" class=\"wp-image-115012\"\/><figcaption><\/figcaption><\/figure>\n<p>\n  Birinci ail\u0259si da\u011f\u0131l\u0131b, h\u0259min evlilikd\u0259n 17 ya\u015fl\u0131 q\u0131z\u0131 var. \u0130mkans\u0131zl\u0131q ucbat\u0131ndan q\u0131z\u0131n\u0131 oxuda bilm\u0259yib.\n<\/p>\n<p>\n  4 il \u0259vv\u0259l ikinci d\u0259f\u0259 ail\u0259 h\u0259yat\u0131 quran R\u0259smiyy\u0259 V\u0259liyeva deyir ki, bu d\u0259f\u0259 d\u0259 \u00e7\u0259tinlikl\u0259r onun yaxas\u0131ndan \u0259l \u00e7\u0259km\u0259yib: &#8220;\u0130kinci d\u0259f\u0259 ail\u0259 quranda g\u00f6zl\u0259ntil\u0259rim bir az f\u0259rqli idi. H\u0259yat\u0131m \u00e7ox a\u011f\u0131r, yoxluq i\u00e7ind\u0259 ke\u00e7ib. Deyirdim, b\u0259lk\u0259, tale \u00fcz\u00fcm\u0259 g\u00fcl\u0259r, ancaq bel\u0259 olmad\u0131. G\u00fcz\u0259ran\u0131m\u0131z t\u0259s\u0259vv\u00fcr etdiyinizd\u0259n d\u0259 pisdir&#8221;.\n<\/p>\n<figure class=\"wp-block-image size-large\">\n  <img decoding=\"async\" src=\"https:\/\/www.meydan.tv\/az\/115015\/\" alt=\"\" class=\"wp-image-115015\"\/><figcaption><\/figcaption><\/figure>\n<p>\n  Onun s\u00f6zl\u0259rin\u0259 g\u00f6r\u0259, ail\u0259 qurduqdan sonra ya\u015fama\u011fa evl\u0259ri bel\u0259 olmay\u0131b:\n<\/p>\n<p>\n  \u201cAyl\u0131q 50 manat \u00f6d\u0259m\u0259liyik, lakin ev v\u0259 h\u0259y\u0259t \u00e7ox pis oldu\u011fu \u00fc\u00e7\u00fcn ev sahibi ilk ay\u0131n \u00f6d\u0259ni\u015fini almayacaq. Ne\u00e7\u0259 h\u0259ft\u0259dir h\u0259y\u0259tin zibilini t\u0259mizl\u0259yib qurtara bilmir\u0259m. D\u00fcz-\u0259m\u0259lli su yoxdur, qon\u015fudan qablara doldurub g\u0259tirir\u0259m. Q\u0131\u015f qap\u0131dad\u0131r, m\u0259n qablar\u0131 h\u0259y\u0259td\u0259 yuma\u011fa m\u0259cburam. Havalar soyuyanda nec\u0259 olacaq, bilmir\u0259m. He\u00e7 tualet, hamam da yoxdur. Adam utan\u0131r, n\u0259 q\u0259d\u0259r qon\u015fular\u0131n evin\u0259 getm\u0259k, n\u0259s\u0259 ist\u0259m\u0259k olar?&#8221;\n<\/p>\n<figure class=\"wp-block-image size-large\">\n  <img decoding=\"async\" src=\"https:\/\/www.meydan.tv\/az\/115018\/\" alt=\"\" class=\"wp-image-115018\"\/><figcaption><\/figcaption><\/figure>\n<p>\n  Evin iki ota\u011f\u0131n\u0131n birind\u0259 ail\u0259 ya\u015fay\u0131r, o biri otaqda is\u0259 \u00f6rd\u0259k saxlay\u0131rlar.\n<\/p>\n<p>\n  R\u0259smiyy\u0259 V\u0259liyeva deyir ki, \u0259ll\u0259rin\u0259 bir az pul ke\u00e7\u0259nd\u0259 art\u0131r\u0131b satmaq \u00fc\u00e7\u00fcn \u00f6rd\u0259k al\u0131blar:\n<\/p>\n<p>\n  &#8220;T\u0259s\u0259vv\u00fcr edirsiz yan otaqda \u00f6rd\u0259k saxlay\u0131r\u0131q. Bunu kim\u0259 des\u0259z, b\u0259lk\u0259 d\u0259, inanmaz. Ancaq v\u0259ziyy\u0259t bel\u0259dir, n\u0259 etm\u0259k olar? Onlar\u0131 da art\u0131r\u0131b satmaq ist\u0259yirik, b\u0259lk\u0259 \u0259limiz\u0259 5-10 manat pul ke\u00e7\u0259r. Yolda\u015f\u0131m f\u0259hl\u0259dir, konkret i\u015fi yoxdur. Qazanc\u0131 \u0259n yax\u015f\u0131 halda 10 manat olur. O da ki, i\u015f olarsa. M\u0259n d\u0259 t\u0259hsilsiz\u0259m. Atam evind\u0259 oldu\u011fum vaxtlar pamb\u0131q y\u0131\u011f\u0131m\u0131 il\u0259 m\u0259\u015f\u011ful olmu\u015fam. \u0130ndi \u0259limd\u0259n g\u0259l\u0259n t\u0259k \u015fey t\u0259mizlik i\u015fidir. Arada kims\u0259 \u00e7a\u011f\u0131r\u0131r, gedib evini t\u0259mizl\u0259yib 10 manat al\u0131ram. Bel\u0259 bir i\u015f olsa, i\u015fl\u0259y\u0259 bil\u0259r\u0259m, i\u015f d\u0259 tap\u0131lm\u0131r&#8221;.\n<\/p>\n<figure class=\"wp-block-image size-large\">\n  <img decoding=\"async\" src=\"https:\/\/www.meydan.tv\/az\/115021\/\" alt=\"\" class=\"wp-image-115021\"\/><figcaption><\/figcaption><\/figure>\n<p>\n  Otaqda olan \u0259\u015fyalar\u0131 qon\u015fular\u0131n verdiyini dey\u0259n \u015fikay\u0259t\u00e7i \u015f\u0259raitsizlikd\u0259n gileyl\u0259nir:\n<\/p>\n<p>\n  &#8220;Yatma\u011fa yata\u011f\u0131m\u0131z da yoxdur, yer\u0259 d\u00f6\u015f\u0259k atm\u0131\u015fam. Yor\u011fan yoxdu dey\u0259 gec\u0259 adyal \u00f6rt\u00fcr\u00fck. Soyuq olur, h\u0259l\u0259 qar\u015f\u0131da qarl\u0131 g\u00fcnl\u0259r bizi g\u00f6zl\u0259yir. Ev\u0259 kims\u0259 g\u0259ls\u0259, oturma\u011fa yer tapm\u0131r. B\u0259z\u0259n el\u0259 pis oluram, utan\u0131ram. Ax\u0131, bu, h\u0259yat deyil biz ya\u015fay\u0131r\u0131q. Paltar\u0131n da ham\u0131s\u0131n\u0131 qohum-qon\u015fu verib. Pulumuz var paltar alma\u011fa? Yem\u0259yi g\u00fccl\u0259 \u00e7atd\u0131r\u0131r\u0131q. N\u0259 tapsaq, onu yeyirik. Ax\u0131r\u0131nc\u0131 d\u0259f\u0259 n\u0259 vaxt bazarl\u0131q etdiyim yad\u0131ma g\u0259lmir. G\u00fcz\u0259ran\u0131m\u0131z bel\u0259dir, ev-e\u015fik yox, pul yox&#8221;.\n<\/p>\n<figure class=\"wp-block-image size-large\">\n  <img decoding=\"async\" src=\"https:\/\/www.meydan.tv\/az\/115024\/\" alt=\"\" class=\"wp-image-115024\"\/><figcaption><\/figcaption><\/figure>\n<p>\n  Evd\u0259 \u015f\u0259rait olmad\u0131\u011f\u0131na g\u00f6r\u0259 q\u0131z\u0131n\u0131 anas\u0131gil\u0259 g\u00f6nd\u0259rib:\n<\/p>\n<p>\n  &#8220;Evin v\u0259ziyy\u0259tini \u00f6z\u00fcn\u00fcz g\u00f6r\u00fcrs\u00fcn\u00fcz. Burada ya\u015famaq olarm\u0131? Otaq balacad\u0131r, yataq, hamam-tualet yoxdur. Q\u0131z\u0131m\u0131 nec\u0259 yan\u0131mda saxlay\u0131m? D\u00fczd\u00fcr, anam da x\u0259st\u0259, ya\u015fl\u0131 adamd\u0131r. G\u0259linimizin \u00fcmidin\u0259 ya\u015fay\u0131r. Yen\u0259 d\u0259, q\u0131z\u0131m orada burdan daha yax\u015f\u0131 v\u0259ziyy\u0259td\u0259dir. Arada imkan olanda gedib ba\u015f \u00e7\u0259kir\u0259m. Anayam, \u00fcr\u0259yim d\u00f6zm\u00fcr, ancaq neyl\u0259m\u0259k olar? B\u0259z\u0259n d\u0259 yax\u015f\u0131 fikirl\u0259\u015fm\u0259y\u0259 \u00e7al\u0131\u015f\u0131ram. El\u0259 bilir\u0259m, bu \u00e7\u0259tinlikl\u0259r bir g\u00fcn bit\u0259c\u0259k. M\u0259n d\u0259 dig\u0259r insanlar kimi normal g\u00fcn g\u00f6r\u0259c\u0259y\u0259m&#8221;.\n<\/p>\n<figure class=\"wp-block-image size-large\">\n  <img decoding=\"async\" src=\"https:\/\/www.meydan.tv\/az\/115027\/\" alt=\"\" class=\"wp-image-115027\"\/><figcaption><\/figcaption><\/figure>\n<p>\n  R\u0259smiyy\u0259 V\u0259liyeva deyir ki, h\u0259yat yolda\u015f\u0131 ev \u015f\u0259raiti v\u0259 i\u015fsizlikl\u0259 ba\u011fl\u0131 d\u0259f\u0259l\u0259rl\u0259 A\u011fdam Rayon \u0130cra Hakimiyy\u0259tin\u0259 m\u00fcraci\u0259t edib.\n<\/p>\n<p>\n  \u018fvv\u0259ll\u0259r icra hakimiyy\u0259tinin ba\u015f\u00e7\u0131s\u0131 onu q\u0259bul etm\u0259kd\u0259n imtina edirmi\u015f. Buna g\u00f6r\u0259 d\u0259 sosial m\u00fcavin\u0259t almaq \u00fc\u00e7\u00fcn b\u00fct\u00fcn c\u0259hdl\u0259ri u\u011fursuz al\u0131n\u0131b.\n<\/p>\n<p>\n  Sonuncu m\u00fcraci\u0259td\u0259 is\u0259 A\u011fdam Rayon \u0130cra Hakimiyy\u0259tind\u0259n \u015fikay\u0259t\u00e7iy\u0259 bu m\u0259s\u0259l\u0259 il\u0259 ba\u011fl\u0131 ed\u0259 bil\u0259c\u0259kl\u0259ri he\u00e7 n\u0259 olmad\u0131\u011f\u0131 deyilib.\n<\/p>\n<p>\n  Meydan TV m\u0259s\u0259l\u0259 il\u0259 ba\u011fl\u0131 A\u011fdam Rayon \u0130cra Hakimiyy\u0259tind\u0259n m\u00fcnasib\u0259t \u00f6yr\u0259n\u0259 bilm\u0259yib.\n<\/p>\n<figure class=\"wp-block-image size-large\">\n  <img decoding=\"async\" src=\"https:\/\/www.meydan.tv\/az\/115030\/\" alt=\"\" class=\"wp-image-115030\"\/><figcaption><\/figcaption><\/figure><\/p>\n","protected":false},"excerpt":{"rendered":"<p>&#8221;Adam utan\u0131r, n\u0259 q\u0259d\u0259r qon\u015fular\u0131n evin\u0259 getm\u0259k, n\u0259s\u0259 ist\u0259m\u0259k olar?&#8221;<\/p>\n","protected":false},"author":11,"featured_media":115009,"comment_status":"closed","ping_status":"open","sticky":false,"template":"","format":"standard","meta":{"_acf_changed":false,"_sitemap_exclude":false,"_sitemap_priority":"","_sitemap_frequency":"","footnotes":""},"categories":[60],"tags":[],"class_list":["post-193285","post","type-post","status-publish","format-standard","has-post-thumbnail","hentry","category-bolge","infinite-scroll-item","generate-columns","tablet-grid-50","mobile-grid-100","grid-parent","grid-33","no-featured-image-padding"],"acf":[],"yoast_head":"<!-- This site is optimized with the Yoast SEO plugin v27.4 - https:\/\/yoast.com\/product\/yoast-seo-wordpress\/ -->\n<title>A\u011fdam sakini: Evin bir ota\u011f\u0131nda biz qal\u0131r\u0131q, dig\u0259rind\u0259 \u00f6rd\u0259kl\u0259r - MEYDAN.TV<\/title>\n<meta name=\"robots\" content=\"index, follow, max-snippet:-1, max-image-preview:large, max-video-preview:-1\" \/>\n<link rel=\"canonical\" href=\"https:\/\/www.meydan.tv\/az\/article\/agdam-sakini-evin-bir-otaginda-biz-qaliriq-digerinde-ordekler\/\" \/>\n<meta property=\"og:locale\" content=\"az_AZ\" \/>\n<meta property=\"og:type\" content=\"article\" \/>\n<meta property=\"og:title\" content=\"A\u011fdam sakini: Evin bir ota\u011f\u0131nda biz qal\u0131r\u0131q, dig\u0259rind\u0259 \u00f6rd\u0259kl\u0259r - MEYDAN.TV\" \/>\n<meta property=\"og:description\" content=\"&#039;&#039;Adam utan\u0131r, n\u0259 q\u0259d\u0259r qon\u015fular\u0131n evin\u0259 getm\u0259k, n\u0259s\u0259 ist\u0259m\u0259k olar?&#039;&#039;\" \/>\n<meta property=\"og:url\" content=\"https:\/\/www.meydan.tv\/az\/article\/agdam-sakini-evin-bir-otaginda-biz-qaliriq-digerinde-ordekler\/\" \/>\n<meta property=\"og:site_name\" content=\"MEYDAN.TV\" \/>\n<meta property=\"article:published_time\" content=\"2018-12-30T23:41:58+00:00\" \/>\n<meta property=\"og:image\" content=\"https:\/\/www.meydan.tv\/wp-content\/uploads\/45813.jpg\" \/>\n\t<meta property=\"og:image:width\" content=\"1752\" \/>\n\t<meta property=\"og:image:height\" content=\"1125\" \/>\n\t<meta property=\"og:image:type\" content=\"image\/jpeg\" \/>\n<meta name=\"author\" content=\"user-manager\" \/>\n<meta name=\"twitter:card\" content=\"summary_large_image\" \/>\n<script type=\"application\/ld+json\" class=\"yoast-schema-graph\">{\"@context\":\"https:\\\/\\\/schema.org\",\"@graph\":[{\"@type\":\"Article\",\"@id\":\"https:\\\/\\\/www.meydan.tv\\\/az\\\/article\\\/agdam-sakini-evin-bir-otaginda-biz-qaliriq-digerinde-ordekler\\\/#article\",\"isPartOf\":{\"@id\":\"https:\\\/\\\/www.meydan.tv\\\/az\\\/article\\\/agdam-sakini-evin-bir-otaginda-biz-qaliriq-digerinde-ordekler\\\/\"},\"author\":{\"name\":\"user-manager\",\"@id\":\"https:\\\/\\\/www.meydan.tv\\\/az\\\/#\\\/schema\\\/person\\\/10d11eccf6da3662cf5fdab9806ea91a\"},\"headline\":\"A\u011fdam sakini: Evin bir ota\u011f\u0131nda biz qal\u0131r\u0131q, dig\u0259rind\u0259 \u00f6rd\u0259kl\u0259r\",\"datePublished\":\"2018-12-30T23:41:58+00:00\",\"mainEntityOfPage\":{\"@id\":\"https:\\\/\\\/www.meydan.tv\\\/az\\\/article\\\/agdam-sakini-evin-bir-otaginda-biz-qaliriq-digerinde-ordekler\\\/\"},\"wordCount\":872,\"publisher\":{\"@id\":\"https:\\\/\\\/www.meydan.tv\\\/az\\\/#organization\"},\"image\":{\"@id\":\"https:\\\/\\\/www.meydan.tv\\\/az\\\/article\\\/agdam-sakini-evin-bir-otaginda-biz-qaliriq-digerinde-ordekler\\\/#primaryimage\"},\"thumbnailUrl\":\"https:\\\/\\\/www.meydan.tv\\\/wp-content\\\/uploads\\\/45813.jpg\",\"articleSection\":[\"B\u00f6lg\u0259\"],\"inLanguage\":\"az\"},{\"@type\":\"WebPage\",\"@id\":\"https:\\\/\\\/www.meydan.tv\\\/az\\\/article\\\/agdam-sakini-evin-bir-otaginda-biz-qaliriq-digerinde-ordekler\\\/\",\"url\":\"https:\\\/\\\/www.meydan.tv\\\/az\\\/article\\\/agdam-sakini-evin-bir-otaginda-biz-qaliriq-digerinde-ordekler\\\/\",\"name\":\"A\u011fdam sakini: Evin bir ota\u011f\u0131nda biz qal\u0131r\u0131q, dig\u0259rind\u0259 \u00f6rd\u0259kl\u0259r - MEYDAN.TV\",\"isPartOf\":{\"@id\":\"https:\\\/\\\/www.meydan.tv\\\/az\\\/#website\"},\"primaryImageOfPage\":{\"@id\":\"https:\\\/\\\/www.meydan.tv\\\/az\\\/article\\\/agdam-sakini-evin-bir-otaginda-biz-qaliriq-digerinde-ordekler\\\/#primaryimage\"},\"image\":{\"@id\":\"https:\\\/\\\/www.meydan.tv\\\/az\\\/article\\\/agdam-sakini-evin-bir-otaginda-biz-qaliriq-digerinde-ordekler\\\/#primaryimage\"},\"thumbnailUrl\":\"https:\\\/\\\/www.meydan.tv\\\/wp-content\\\/uploads\\\/45813.jpg\",\"datePublished\":\"2018-12-30T23:41:58+00:00\",\"breadcrumb\":{\"@id\":\"https:\\\/\\\/www.meydan.tv\\\/az\\\/article\\\/agdam-sakini-evin-bir-otaginda-biz-qaliriq-digerinde-ordekler\\\/#breadcrumb\"},\"inLanguage\":\"az\",\"potentialAction\":[{\"@type\":\"ReadAction\",\"target\":[\"https:\\\/\\\/www.meydan.tv\\\/az\\\/article\\\/agdam-sakini-evin-bir-otaginda-biz-qaliriq-digerinde-ordekler\\\/\"]}]},{\"@type\":\"ImageObject\",\"inLanguage\":\"az\",\"@id\":\"https:\\\/\\\/www.meydan.tv\\\/az\\\/article\\\/agdam-sakini-evin-bir-otaginda-biz-qaliriq-digerinde-ordekler\\\/#primaryimage\",\"url\":\"https:\\\/\\\/www.meydan.tv\\\/wp-content\\\/uploads\\\/45813.jpg\",\"contentUrl\":\"https:\\\/\\\/www.meydan.tv\\\/wp-content\\\/uploads\\\/45813.jpg\",\"width\":1752,\"height\":1125,\"caption\":\"Source:\"},{\"@type\":\"BreadcrumbList\",\"@id\":\"https:\\\/\\\/www.meydan.tv\\\/az\\\/article\\\/agdam-sakini-evin-bir-otaginda-biz-qaliriq-digerinde-ordekler\\\/#breadcrumb\",\"itemListElement\":[{\"@type\":\"ListItem\",\"position\":1,\"name\":\"Ana s\u0259hif\u0259\",\"item\":\"https:\\\/\\\/www.meydan.tv\\\/az\\\/\"},{\"@type\":\"ListItem\",\"position\":2,\"name\":\"B\u00f6lg\u0259\",\"item\":\"https:\\\/\\\/www.meydan.tv\\\/az\\\/section\\\/bolge\\\/\"},{\"@type\":\"ListItem\",\"position\":3,\"name\":\"A\u011fdam sakini: Evin bir ota\u011f\u0131nda biz qal\u0131r\u0131q, dig\u0259rind\u0259 \u00f6rd\u0259kl\u0259r\"}]},{\"@type\":\"WebSite\",\"@id\":\"https:\\\/\\\/www.meydan.tv\\\/az\\\/#website\",\"url\":\"https:\\\/\\\/www.meydan.tv\\\/az\\\/\",\"name\":\"MEYDAN.TV\",\"description\":\"Meydan TV Az\u0259rbaycan\u0131n media m\u0259kan\u0131ndak\u0131 alternativ s\u0259sidir\",\"publisher\":{\"@id\":\"https:\\\/\\\/www.meydan.tv\\\/az\\\/#organization\"},\"potentialAction\":[{\"@type\":\"SearchAction\",\"target\":{\"@type\":\"EntryPoint\",\"urlTemplate\":\"https:\\\/\\\/www.meydan.tv\\\/az\\\/?s={search_term_string}\"},\"query-input\":{\"@type\":\"PropertyValueSpecification\",\"valueRequired\":true,\"valueName\":\"search_term_string\"}}],\"inLanguage\":\"az\"},{\"@type\":\"Organization\",\"@id\":\"https:\\\/\\\/www.meydan.tv\\\/az\\\/#organization\",\"name\":\"Meydan TV\",\"url\":\"https:\\\/\\\/www.meydan.tv\\\/az\\\/\",\"logo\":{\"@type\":\"ImageObject\",\"inLanguage\":\"az\",\"@id\":\"https:\\\/\\\/www.meydan.tv\\\/az\\\/#\\\/schema\\\/logo\\\/image\\\/\",\"url\":\"https:\\\/\\\/www.meydan.tv\\\/wp-content\\\/uploads\\\/2021\\\/07\\\/meydan-logo.svg\",\"contentUrl\":\"https:\\\/\\\/www.meydan.tv\\\/wp-content\\\/uploads\\\/2021\\\/07\\\/meydan-logo.svg\",\"width\":195,\"height\":46,\"caption\":\"Meydan TV\"},\"image\":{\"@id\":\"https:\\\/\\\/www.meydan.tv\\\/az\\\/#\\\/schema\\\/logo\\\/image\\\/\"}},{\"@type\":\"Person\",\"@id\":\"https:\\\/\\\/www.meydan.tv\\\/az\\\/#\\\/schema\\\/person\\\/10d11eccf6da3662cf5fdab9806ea91a\",\"name\":\"user-manager\"}]}<\/script>\n<!-- \/ Yoast SEO plugin. -->","yoast_head_json":{"title":"A\u011fdam sakini: Evin bir ota\u011f\u0131nda biz qal\u0131r\u0131q, dig\u0259rind\u0259 \u00f6rd\u0259kl\u0259r - MEYDAN.TV","robots":{"index":"index","follow":"follow","max-snippet":"max-snippet:-1","max-image-preview":"max-image-preview:large","max-video-preview":"max-video-preview:-1"},"canonical":"https:\/\/www.meydan.tv\/az\/article\/agdam-sakini-evin-bir-otaginda-biz-qaliriq-digerinde-ordekler\/","og_locale":"az_AZ","og_type":"article","og_title":"A\u011fdam sakini: Evin bir ota\u011f\u0131nda biz qal\u0131r\u0131q, dig\u0259rind\u0259 \u00f6rd\u0259kl\u0259r - MEYDAN.TV","og_description":"''Adam utan\u0131r, n\u0259 q\u0259d\u0259r qon\u015fular\u0131n evin\u0259 getm\u0259k, n\u0259s\u0259 ist\u0259m\u0259k olar?''","og_url":"https:\/\/www.meydan.tv\/az\/article\/agdam-sakini-evin-bir-otaginda-biz-qaliriq-digerinde-ordekler\/","og_site_name":"MEYDAN.TV","article_published_time":"2018-12-30T23:41:58+00:00","og_image":[{"width":1752,"height":1125,"url":"https:\/\/www.meydan.tv\/wp-content\/uploads\/45813.jpg","type":"image\/jpeg"}],"author":"user-manager","twitter_card":"summary_large_image","schema":{"@context":"https:\/\/schema.org","@graph":[{"@type":"Article","@id":"https:\/\/www.meydan.tv\/az\/article\/agdam-sakini-evin-bir-otaginda-biz-qaliriq-digerinde-ordekler\/#article","isPartOf":{"@id":"https:\/\/www.meydan.tv\/az\/article\/agdam-sakini-evin-bir-otaginda-biz-qaliriq-digerinde-ordekler\/"},"author":{"name":"user-manager","@id":"https:\/\/www.meydan.tv\/az\/#\/schema\/person\/10d11eccf6da3662cf5fdab9806ea91a"},"headline":"A\u011fdam sakini: Evin bir ota\u011f\u0131nda biz qal\u0131r\u0131q, dig\u0259rind\u0259 \u00f6rd\u0259kl\u0259r","datePublished":"2018-12-30T23:41:58+00:00","mainEntityOfPage":{"@id":"https:\/\/www.meydan.tv\/az\/article\/agdam-sakini-evin-bir-otaginda-biz-qaliriq-digerinde-ordekler\/"},"wordCount":872,"publisher":{"@id":"https:\/\/www.meydan.tv\/az\/#organization"},"image":{"@id":"https:\/\/www.meydan.tv\/az\/article\/agdam-sakini-evin-bir-otaginda-biz-qaliriq-digerinde-ordekler\/#primaryimage"},"thumbnailUrl":"https:\/\/www.meydan.tv\/wp-content\/uploads\/45813.jpg","articleSection":["B\u00f6lg\u0259"],"inLanguage":"az"},{"@type":"WebPage","@id":"https:\/\/www.meydan.tv\/az\/article\/agdam-sakini-evin-bir-otaginda-biz-qaliriq-digerinde-ordekler\/","url":"https:\/\/www.meydan.tv\/az\/article\/agdam-sakini-evin-bir-otaginda-biz-qaliriq-digerinde-ordekler\/","name":"A\u011fdam sakini: Evin bir ota\u011f\u0131nda biz qal\u0131r\u0131q, dig\u0259rind\u0259 \u00f6rd\u0259kl\u0259r - MEYDAN.TV","isPartOf":{"@id":"https:\/\/www.meydan.tv\/az\/#website"},"primaryImageOfPage":{"@id":"https:\/\/www.meydan.tv\/az\/article\/agdam-sakini-evin-bir-otaginda-biz-qaliriq-digerinde-ordekler\/#primaryimage"},"image":{"@id":"https:\/\/www.meydan.tv\/az\/article\/agdam-sakini-evin-bir-otaginda-biz-qaliriq-digerinde-ordekler\/#primaryimage"},"thumbnailUrl":"https:\/\/www.meydan.tv\/wp-content\/uploads\/45813.jpg","datePublished":"2018-12-30T23:41:58+00:00","breadcrumb":{"@id":"https:\/\/www.meydan.tv\/az\/article\/agdam-sakini-evin-bir-otaginda-biz-qaliriq-digerinde-ordekler\/#breadcrumb"},"inLanguage":"az","potentialAction":[{"@type":"ReadAction","target":["https:\/\/www.meydan.tv\/az\/article\/agdam-sakini-evin-bir-otaginda-biz-qaliriq-digerinde-ordekler\/"]}]},{"@type":"ImageObject","inLanguage":"az","@id":"https:\/\/www.meydan.tv\/az\/article\/agdam-sakini-evin-bir-otaginda-biz-qaliriq-digerinde-ordekler\/#primaryimage","url":"https:\/\/www.meydan.tv\/wp-content\/uploads\/45813.jpg","contentUrl":"https:\/\/www.meydan.tv\/wp-content\/uploads\/45813.jpg","width":1752,"height":1125,"caption":"Source:"},{"@type":"BreadcrumbList","@id":"https:\/\/www.meydan.tv\/az\/article\/agdam-sakini-evin-bir-otaginda-biz-qaliriq-digerinde-ordekler\/#breadcrumb","itemListElement":[{"@type":"ListItem","position":1,"name":"Ana s\u0259hif\u0259","item":"https:\/\/www.meydan.tv\/az\/"},{"@type":"ListItem","position":2,"name":"B\u00f6lg\u0259","item":"https:\/\/www.meydan.tv\/az\/section\/bolge\/"},{"@type":"ListItem","position":3,"name":"A\u011fdam sakini: Evin bir ota\u011f\u0131nda biz qal\u0131r\u0131q, dig\u0259rind\u0259 \u00f6rd\u0259kl\u0259r"}]},{"@type":"WebSite","@id":"https:\/\/www.meydan.tv\/az\/#website","url":"https:\/\/www.meydan.tv\/az\/","name":"MEYDAN.TV","description":"Meydan TV Az\u0259rbaycan\u0131n media m\u0259kan\u0131ndak\u0131 alternativ s\u0259sidir","publisher":{"@id":"https:\/\/www.meydan.tv\/az\/#organization"},"potentialAction":[{"@type":"SearchAction","target":{"@type":"EntryPoint","urlTemplate":"https:\/\/www.meydan.tv\/az\/?s={search_term_string}"},"query-input":{"@type":"PropertyValueSpecification","valueRequired":true,"valueName":"search_term_string"}}],"inLanguage":"az"},{"@type":"Organization","@id":"https:\/\/www.meydan.tv\/az\/#organization","name":"Meydan TV","url":"https:\/\/www.meydan.tv\/az\/","logo":{"@type":"ImageObject","inLanguage":"az","@id":"https:\/\/www.meydan.tv\/az\/#\/schema\/logo\/image\/","url":"https:\/\/www.meydan.tv\/wp-content\/uploads\/2021\/07\/meydan-logo.svg","contentUrl":"https:\/\/www.meydan.tv\/wp-content\/uploads\/2021\/07\/meydan-logo.svg","width":195,"height":46,"caption":"Meydan TV"},"image":{"@id":"https:\/\/www.meydan.tv\/az\/#\/schema\/logo\/image\/"}},{"@type":"Person","@id":"https:\/\/www.meydan.tv\/az\/#\/schema\/person\/10d11eccf6da3662cf5fdab9806ea91a","name":"user-manager"}]}},"_links":{"self":[{"href":"https:\/\/www.meydan.tv\/az\/wp-json\/wp\/v2\/posts\/193285","targetHints":{"allow":["GET"]}}],"collection":[{"href":"https:\/\/www.meydan.tv\/az\/wp-json\/wp\/v2\/posts"}],"about":[{"href":"https:\/\/www.meydan.tv\/az\/wp-json\/wp\/v2\/types\/post"}],"author":[{"embeddable":true,"href":"https:\/\/www.meydan.tv\/az\/wp-json\/wp\/v2\/users\/11"}],"replies":[{"embeddable":true,"href":"https:\/\/www.meydan.tv\/az\/wp-json\/wp\/v2\/comments?post=193285"}],"version-history":[{"count":0,"href":"https:\/\/www.meydan.tv\/az\/wp-json\/wp\/v2\/posts\/193285\/revisions"}],"wp:featuredmedia":[{"embeddable":true,"href":"https:\/\/www.meydan.tv\/az\/wp-json\/wp\/v2\/media\/115009"}],"wp:attachment":[{"href":"https:\/\/www.meydan.tv\/az\/wp-json\/wp\/v2\/media?parent=193285"}],"wp:term":[{"taxonomy":"category","embeddable":true,"href":"https:\/\/www.meydan.tv\/az\/wp-json\/wp\/v2\/categories?post=193285"},{"taxonomy":"post_tag","embeddable":true,"href":"https:\/\/www.meydan.tv\/az\/wp-json\/wp\/v2\/tags?post=193285"}],"curies":[{"name":"wp","href":"https:\/\/api.w.org\/{rel}","templated":true}]}}