{"id":193283,"date":"2018-12-31T10:18:38","date_gmt":"2018-12-31T10:18:38","guid":{"rendered":"https:\/\/www.meydan.tv\/article\/hemreylik-gunu-30\/"},"modified":"2018-12-31T10:18:38","modified_gmt":"2018-12-31T10:18:38","slug":"hemreylik-gunu-30","status":"publish","type":"post","link":"https:\/\/www.meydan.tv\/az\/article\/hemreylik-gunu-30\/","title":{"rendered":"H\u0259mr\u0259ylik G\u00fcn\u00fc &#8211; 30"},"content":{"rendered":"<figure class=\"wp-block-image size-large\">\n  <img decoding=\"async\" src=\"https:\/\/www.meydan.tv\/az\/zerdust-elizade-12\/\" alt=\"Z\u0259rd\u00fc\u015ft \u018flizad\u0259\" class=\"wp-image-81375\"\/><figcaption>\n    Z\u0259rd\u00fc\u015ft \u018flizad\u0259<br \/>\n  <\/figcaption><\/figure>\n<p>\n  <b><br \/>\n    <i><br \/>\n      II hiss\u0259<br \/>\n    <\/i><br \/>\n  <\/b>\n<\/p>\n<p>\n  <br \/>\n  1989-cu ilin dekabr ay\u0131n\u0131n 31-d\u0259 ba\u015f vermi\u015f hadis\u0259nin r\u0259smi milli bayram kimi m\u00fcq\u0259dd\u0259sl\u0259\u015fdirilm\u0259si q\u0259rar\u0131n\u0131, bu ikinci DTK t\u0259xribat\u0131n\u0131 icra etmi\u015f AXC hakimiyy\u0259tinin liderl\u0259ri q\u0259bul etmi\u015fdi. Bunun da s\u0259b\u0259bi g\u00fcn kimi ayd\u0131nd\u0131r: m\u00fcq\u0259dd\u0259s bayramlar\u0131 t\u0259hlil v\u0259 t\u0259kzib etm\u0259k ictimai \u0259xlaqa m\u00fc\u011fayirdir v\u0259 bu, cidan\u0131 \u00e7uvalda gizl\u0259tm\u0259y\u0259 \u00e7al\u0131\u015fanlar \u00fc\u00e7\u00fcn \u00e7ox vacib \u015f\u0259rtdir\u2026\n<\/p>\n<p>\n  <br \/>\n  <b><br \/>\n    <i><br \/>\n      H\u018fMR\u018fYL\u0130K G\u00dcN\u00dcN\u018f HAZIRLIQ<br \/>\n    <\/i><br \/>\n  <\/b>\n<\/p>\n<p>\n  Nomenklatura mafiyas\u0131n\u0131n v\u0259 DTK-n\u0131n AXC-nin mill\u0259t\u00e7i r\u0259hb\u0259rliyinin \u0259li il\u0259 h\u0259yata ke\u00e7irdiyi n\u00f6vb\u0259ti t\u0259xribat \u0259m\u0259liyyat\u0131 Nax\u00e7\u0131vanda, C\u0259lilabadda v\u0259 Astarada SSR\u0130-nin d\u00f6vl\u0259t s\u0259rh\u0259ddinin s\u00f6k\u00fclm\u0259si oldu.\n<\/p>\n<p>\n  1990-c\u0131 ilin 6-7 yanvar C\u0259bh\u0259 konfrans\u0131nda Nem\u0259t P\u0259nahov b\u0259zi n\u00fcmay\u0259nd\u0259l\u0259r\u0259 yadigar kimi s\u0259rh\u0259ddin tikanl\u0131 m\u0259ftilinin 15 santimetrlik par\u00e7alar\u0131n\u0131 h\u0259diyy\u0259 verirdi. Bu m\u0259ftil par\u00e7alar\u0131 bir xalq\u0131 ikiy\u0259 b\u00f6lm\u00fc\u015f \u201crus imperiyas\u0131n\u0131n sonu\u201dnun r\u0259mzi say\u0131lmal\u0131yd\u0131. Nem\u0259t \u00e7al\u0131\u015f\u0131rd\u0131 ki, bu \u201cq\u0259hr\u0259manl\u0131\u011f\u201d\u0131n \u015fir pay\u0131n\u0131 \u00f6z xidm\u0259ti kimi t\u0259qdim etsin. M\u0259ns\u0259 bilirdim ki, bu proses Sov.\u0130KP MK-n\u0131n v\u0259 DTK-n\u0131n \u00fcmumi r\u0259hb\u0259rliyi alt\u0131nda gedir. Yerl\u0259rd\u0259ki icra is\u0259 tap\u015f\u0131r\u0131lm\u0131\u015fd\u0131 DTK-n\u0131n casuslar\u0131na. Bilirdim ki, AXC-d\u0259 bu t\u0259xribat\u0131n \u0259sas t\u0259\u015fkilat\u00e7\u0131s\u0131 \u018fb\u00fclf\u0259z \u018fliyevdir. Nem\u0259t P\u0259nahov is\u0259 buyruq quludur, ki\u00e7ik tap\u015f\u0131r\u0131qlar\u0131 yerin\u0259 yetirir. Nem\u0259t P\u0259nahov Az\u0259rbaycanda \u201cTiflis model\u201dini ger\u00e7\u0259kl\u0259\u015fdirm\u0259k \u00fc\u00e7\u00fcn m\u00fcst\u0259sna \u0259h\u0259miyy\u0259ti olan bel\u0259 b\u00f6y\u00fck t\u0259xribat \u0259m\u0259liyyat\u0131n\u0131n \u0259sas t\u0259\u015fkilat\u00e7\u0131s\u0131 ola bilm\u0259zdi!\n<\/p>\n<p>\n  M\u0259n bir m\u00fcdd\u0259t bu hadis\u0259ni ara\u015fd\u0131rm\u0131\u015fam v\u0259 onun bir \u00e7ox t\u0259\u015fkilat\u00e7\u0131s\u0131 v\u0259 i\u015ftirak\u00e7\u0131s\u0131 il\u0259 m\u00fcsahib\u0259 aparm\u0131\u015fam. M\u0259nc\u0259, Nax\u00e7\u0131vanda s\u0259rh\u0259ddin s\u00f6k\u00fclm\u0259si \u0259m\u0259liyyat\u0131n\u0131 \u0259n d\u00fczg\u00fcn v\u0259 \u0259n dol\u011fun t\u0259svir etmi\u015f adam Arif R\u0259himo\u011fludur. Arif b\u0259y 1980-c\u0131 ill\u0259rin sonu \u2013 1990-c\u0131 ill\u0259rin \u0259vv\u0259li AXC-nin Nax\u00e7\u0131van \u015f\u00f6b\u0259sinin liderl\u0259rind\u0259n biri olmu\u015fdu. 1990-c\u0131 ill\u0259rin ortalar\u0131nda Arif b\u0259y Bak\u0131ya k\u00f6\u00e7\u00fcr v\u0259 AXC-nin ideoloji \u015f\u00f6b\u0259sin\u0259 r\u0259hb\u0259rlik edir. \u015e\u0259rait yeti\u015f\u0259nd\u0259 v\u0259 v\u0259t\u0259nimiz Az\u0259rbaycan\u0131 a\u011f g\u00fcn\u0259 \u00e7\u0131xarandan sonra is\u0259 u\u011furla Avropaya m\u00fchacir\u0259t edir. 1996-c\u0131 ilin fevral ay\u0131n\u0131n 29-da m\u0259n onunla m\u00fcsahib\u0259ni ba\u015f redaktoru oldu\u011fum \u201c\u0130stiqlal\u201d q\u0259zetind\u0259 d\u0259rc etmi\u015f\u0259m. H\u0259min vaxt art\u0131q \u201cikiy\u0259 b\u00f6l\u00fcnm\u00fc\u015f xalq\u0131n birl\u0259\u015fdirilm\u0259si\u201d q\u0131zd\u0131rmas\u0131 s\u0259ngimi\u015fdi v\u0259 hadis\u0259y\u0259 soyuqqanl\u0131 seyr\u00e7i n\u0259z\u0259ri salmaq art\u0131q m\u00fcmk\u00fcn idi. \u018fn Yeni Tariximizin m\u0259krl\u0259 uydurulmu\u015f \u0259satirl\u0259rind\u0259n biri il\u0259 xudahafizl\u0259\u015fm\u0259k ist\u0259yirsinizs\u0259, s\u0259brinizi toplay\u0131b bu m\u00fcsahib\u0259ni oxuma\u011f\u0131 m\u0259sl\u0259h\u0259t bilir\u0259m. M\u00fcsahib\u0259 \u201cS\u0259rh\u0259d nec\u0259 s\u00f6k\u00fcld\u00fc\u201d adlan\u0131rd\u0131 v\u0259 ona bel\u0259 bir giri\u015f verilmi\u015fdi:\n<\/p>\n<p>\n  \u201c1989-cu ilin dekabr ay\u0131n\u0131n 31-d\u0259 Nax\u00e7\u0131van Muxtar Respublikas\u0131nda s\u0259rh\u0259d qur\u011fular\u0131 AXC-nin t\u0259\u015fkil etdiyi aksiyalar n\u0259tic\u0259sind\u0259 s\u00f6k\u00fclm\u00fc\u015fd\u00fc. Bizim q\u0259zet\u0259 bu bar\u0259d\u0259 m\u00fcsahib\u0259ni AXC ideologiya \u015f\u00f6b\u0259sinin m\u00fcdiri Arif R\u0259himo\u011flu verir:\n<\/p>\n<p>\n  <i><br \/>\n    -Arif b\u0259y, AXC-nin Nax\u00e7\u0131van \u015f\u00f6b\u0259si nec\u0259 yarand\u0131?<br \/>\n  <\/i>\n<\/p>\n<p>\n  &#8211; 1988-ci ilin dekabr ay\u0131n\u0131n 17-d\u0259. AXC-nin Nax\u00e7\u0131vanda Bak\u0131dan \u0259vv\u0259l yaranmas\u0131 t\u0259sad\u00fcfi deyildi. M\u0259s\u0259l\u0259 bundad\u0131r ki, h\u0259l\u0259 1975-1976-c\u0131 ill\u0259rd\u0259 Nax\u00e7\u0131vanda y\u00fcz\u0259 yax\u0131n \u00fczv\u00fc olan gizli t\u0259\u015fkilat var idi. Bu t\u0259\u015fkilat Vahid Az\u0259rbaycan m\u0259fkur\u0259sin\u0259 s\u00f6yk\u0259nirdi. 1987-1988-ci ill\u0259rd\u0259 bu t\u0259\u015fkilat a\u00e7\u0131q f\u0259aliyy\u0259t\u0259 ke\u00e7ib Nax\u00e7\u0131vanda tarixi-etnoqrafik \u201cYurd\u201d, \u015eahbuzda \u201cXalq g\u00fcc\u00fc\u201d, Nehr\u0259md\u0259 \u201cA\u015fkarl\u0131q\u201d v\u0259 s. yaratd\u0131. Avqustun 28-d\u0259 biz \u201cYurd\u201dda \u201cSovet Estoniyas\u0131\u201d q\u0259zetind\u0259 \u00e7ap edilmi\u015f \u201cTartu Xalq C\u0259bh\u0259si\u201dnin m\u0259ramnam\u0259sini t\u0259rc\u00fcm\u0259 edib oxuduq. Bak\u0131dan da AXC M\u0259ramnam\u0259si g\u0259lib \u00e7atd\u0131, biz onu \u201cYurd\u201dda yayd\u0131q. 1988-ci ild\u0259 Nax\u00e7\u0131vanda art\u0131q bir-birind\u0259n c\u00fczi f\u0259rql\u0259n\u0259n 5-6 AXC M\u0259ramnam\u0259si var idi. \u201cYurd\u201ddak\u0131 m\u00fczakir\u0259l\u0259r zaman\u0131 AXC-y\u0259 iki yana\u015fma t\u0259\u015f\u0259kk\u00fcl tapd\u0131:\n<\/p>\n<p>\n  <b><br \/>\n    1.T\u0259cili Nax\u00e7\u0131van AXC-nin yaranmas\u0131n\u0131 elan etm\u0259k;<br \/>\n  <\/b>\n<\/p>\n<p>\n  <b><br \/>\n    2.Nax\u00e7\u0131van AXC MTM-in yaranmas\u0131n\u0131 elan etm\u0259k, sonra dayaq d\u0259st\u0259l\u0259rini t\u0259\u015fkil etm\u0259k, konfrans v\u0259 ya qurultay ke\u00e7irib AXC-nin yaranmas\u0131n\u0131 elan etm\u0259k.<br \/>\n  <\/b>\n<\/p>\n<p>\n  Birinci yana\u015fman\u0131n t\u0259r\u0259fdarlar\u0131 (S\u0259rdar M\u0259mm\u0259dov, S\u00fclh\u0259ddin \u018fkb\u0259rov, Elman C\u0259lilov v\u0259 b.) \u0259ks\u0259riyy\u0259t qazand\u0131lar v\u0259 dekabr\u0131n 17-d\u0259 42 n\u0259f\u0259rin i\u015ftirak etdiyi y\u0131\u011f\u0131ncaqda AXC-nin yaranmas\u0131 elan edildi. Bundan sonra onlar \u0259vv\u0259lc\u0259 dayaq d\u0259st\u0259l\u0259rinin yarad\u0131lmas\u0131 fikrinin t\u0259r\u0259fdarlar\u0131 il\u0259 birl\u0259\u015fdil\u0259r. Bu d\u0259st\u0259nin \u00fczvl\u0259rinin \u0259ks\u0259riyy\u0259ti el\u0259 gizli t\u0259\u015fkilatlar\u0131n \u00fczvl\u0259ri idi (A.K\u0259l\u0259nt\u0259rli, A.Quliyev, \u0130.\u0130brahimli, B.Q\u0259mb\u0259rli, K.Teymurlu, Q.\u018fhm\u0259dov v\u0259 b.)\n<\/p>\n<p>\n  <i><br \/>\n    -SSR\u0130 s\u0259rh\u0259ddind\u0259 aksiya ke\u00e7irm\u0259k ideyas\u0131 ilk d\u0259f\u0259 n\u0259 vaxt m\u00fczakir\u0259y\u0259 \u00e7\u0131xar\u0131ld\u0131? Bu ideyan\u0131 ilk d\u0259f\u0259 dilin\u0259 g\u0259tirmi\u015f adam\u0131n ad\u0131n\u0131 bilirsinizmi?<br \/>\n  <\/i>\n<\/p>\n<p>\n  &#8211; 1989-cu ilin noyabr ay\u0131n\u0131n 17-d\u0259 AXC-nin b\u00f6lg\u0259 t\u0259\u015fkilat\u0131n\u0131n M\u0259clisind\u0259 Meydan h\u0259r\u0259kat\u0131n\u0131n birinci ild\u00f6n\u00fcm\u00fc il\u0259 ba\u011fl\u0131 yubiley t\u0259dbirl\u0259rinin ke\u00e7irilm\u0259si m\u00fczakir\u0259 edilirdi. Dekabr\u0131n 4-d\u0259 ke\u00e7iril\u0259si t\u0259dbirl\u0259r m\u00fczakir\u0259 edil\u0259rk\u0259n Ramiz Ta\u011f\u0131yev t\u0259klif verdi ki, Culfada s\u0259rh\u0259dd\u0259 d\u0259 etiraz aksiyas\u0131 ke\u00e7irilsin. As\u0259f Quliyev, F\u0259ram\u0259z Allahverdiyev, Binyamin Quliyev v\u0259 ba\u015fqalar\u0131 bu t\u0259klifi d\u0259st\u0259kl\u0259dil\u0259r. Baltikyan\u0131 respublikalar\u0131n paytaxtlar\u0131n\u0131 birl\u0259\u015fdirilmi\u015f insan s\u0131ras\u0131n\u0131 t\u0259krarlayan bir canl\u0131 s\u0131ran\u0131 da Ordubaddan S\u0259d\u0259r\u0259k\u0259 q\u0259d\u0259r d\u00fczm\u0259k q\u0259rara al\u0131nd\u0131. M\u0259clisin bir d\u0259st\u0259 \u00fczv\u00fc t\u0259klif edirdi ki, aksiyalar\u0131 dekabr\u0131n 4-\u0259 deyil, dekabr\u0131n 12-\u0259, C\u0259nubi Az\u0259rbaycanda respublika elan edildiyi g\u00fcn\u0259 salmaq laz\u0131md\u0131r. N\u0259hay\u0259t, q\u0259rara al\u0131nd\u0131 ki, h\u0259m 4-d\u0259, h\u0259m \u201c21 az\u0259r\u201d, y\u0259ni dekabr\u0131n 12-d\u0259 aksiyalar ke\u00e7irilsin.\n<\/p>\n<p>\n  S\u0259rh\u0259d\u00e7il\u0259rin m\u00fcqavim\u0259tin\u0259 r\u0259\u011fm\u0259n, dekabr\u0131n 4-d\u0259 aksiya al\u0131nd\u0131. Lakin canl\u0131 z\u0259ncir \u015f\u0259klind\u0259 deyil, C\u0259nubdak\u0131 ya\u015fay\u0131\u015f m\u0259nt\u0259q\u0259l\u0259ri il\u0259 \u00fczb\u0259\u00fcz yerl\u0259rd\u0259 insanlar\u0131n toplanmas\u0131 \u015f\u0259klind\u0259. H\u0259min vaxt he\u00e7 k\u0259sin a\u011fl\u0131na bel\u0259 g\u0259lmirdi ki, s\u0259rh\u0259d qur\u011fular\u0131 s\u00f6k\u00fcl\u0259, tikanl\u0131 m\u0259ftill\u0259r k\u0259sil\u0259 bil\u0259r.\n<\/p>\n<p>\n  <i><br \/>\n    -Aksiyan\u0131n t\u0259xir\u0259 sal\u0131nmas\u0131 m\u0259s\u0259l\u0259si Bak\u0131da kiminl\u0259s\u0259 m\u00fczakir\u0259 olindumu?<br \/>\n  <\/i>\n<\/p>\n<p>\n  -\u00dczr ist\u0259yir\u0259m, sual\u0131n qoyulu\u015funda qeyri-d\u00fcr\u00fcstl\u00fck var. S\u0259rh\u0259dboyu aksiyalar\u0131n ke\u00e7irilm\u0259si \u00fc\u00e7\u00fcn As\u0259f Quliyevin ba\u015f\u00e7\u0131l\u0131\u011f\u0131 alt\u0131nda x\u00fcsusi komissiya yarad\u0131lm\u0131\u015fd\u0131. Dekabr\u0131n 21-d\u0259 As\u0259f Quliyev mitinqd\u0259 elan etdi ki, t\u0259l\u0259bl\u0259rimizin yerin\u0259 yetirilm\u0259m\u0259si hal\u0131nda s\u0259rh\u0259dd\u0259ki tikanl\u0131 m\u0259ftil k\u0259sil\u0259c\u0259k. Vaxt m\u0259s\u0259l\u0259si \u018fb\u00fclf\u0259z b\u0259yl\u0259 m\u00fczakir\u0259 edilmi\u015fdi v\u0259 31 dekabr g\u00fcn\u00fcn\u0259 t\u0259yin edilmi\u015fdi. Odur ki, vaxt\u0131n t\u0259xir\u0259 sal\u0131nmas\u0131 ola bilm\u0259zdi.\n<\/p>\n<p>\n  <i><br \/>\n    &#8211; S\u0259rh\u0259d Qo\u015funlar\u0131n\u0131n komandanl\u0131\u011f\u0131n\u0131n bu haz\u0131rl\u0131qlar bar\u0259d\u0259 m\u0259lumat\u0131 var idimi? \u018fg\u0259r vard\u0131sa, hans\u0131 t\u0259dbirl\u0259ri g\u00f6r\u00fcrd\u00fc?<br \/>\n  <\/i>\n<\/p>\n<p>\n  &#8211; 21 dekabr mitinqin\u0259 q\u0259d\u0259r s\u0259rh\u0259dd\u0259ki tikanl\u0131 m\u0259ftill\u0259rin s\u00f6k\u00fclm\u0259si t\u0259l\u0259bini biz hakimiyy\u0259t\u0259 verirdik. \u00d6z\u00fcm\u00fcz bunu etm\u0259k niyy\u0259tind\u0259 deyildik. \u00d6z\u00fcm\u00fcz\u00fcn bunu etm\u0259k fikri a\u011fl\u0131m\u0131za o zaman g\u0259ldi ki, tikanl\u0131 m\u0259ftilin SSR\u0130 DTK-n\u0131n deyil, Nax\u00e7\u0131van MR v\u0259 Az\u0259rbaycan SSR Nazirl\u0259r \u015euralar\u0131n\u0131n q\u0259rar\u0131 il\u0259 \u00e7\u0259kildiyini \u00f6yr\u0259ndik. AXC f\u0259allar\u0131 il\u0259 m\u00fcxt\u0259lif v\u0259zif\u0259li \u015f\u0259xsl\u0259r aras\u0131nda, o c\u00fcml\u0259d\u0259n s\u0259rh\u0259d\u00e7il\u0259rl\u0259 30-a yax\u0131n g\u00f6r\u00fc\u015f ke\u00e7irildi. Biziml\u0259 dan\u0131\u015f\u0131qlar\u0131 generallar Lilin v\u0259 Subayev, adlar\u0131n\u0131 dem\u0259y\u0259n, b\u0259z\u0259n is\u0259 uydurulmu\u015f adlar dey\u0259n SSR\u0130 DTK-n\u0131n v\u0259zif\u0259li \u015f\u0259xsl\u0259ri, Az\u0259rbaycan\u0131n Xarici \u0130\u015fl\u0259r naziri H\u00fcseyna\u011fa Sad\u0131qov, Ali Sovetd\u0259n A.\u015e\u0259kinski v\u0259 M.N\u0259sirov, bir ne\u00e7\u0259 deputat qrupu apar\u0131rd\u0131.\n<\/p>\n<p>\n  Tikanl\u0131 m\u0259ftill\u0259rin s\u00f6k\u00fclm\u0259sin\u0259 haz\u0131rl\u0131\u011f\u0131 biz a\u00e7\u0131q \u015f\u0259kild\u0259 dekabr\u0131n 21-d\u0259 elan etdik. H\u0259min vaxta q\u0259d\u0259r s\u0259rh\u0259d\u00e7il\u0259r deyirdi ki, q\u0259rar\u0131 qoy h\u00f6kum\u0259t q\u0259bul etsin, biz n\u0259kar\u0259yik ki? Biz q\u0259ti q\u0259rar\u0131m\u0131z\u0131 q\u0259bul ed\u0259nd\u0259n sonra s\u0259rh\u0259d\u00e7il\u0259r h\u0259r\u0259k\u0259t\u0259 ke\u00e7dil\u0259r, s\u0259rh\u0259dl\u0259rin m\u00fcq\u0259dd\u0259sliyi bar\u0259d\u0259 v\u0259r\u0259q\u0259l\u0259r yayma\u011fa ba\u015flad\u0131lar. Moskvadan, Tbilisid\u0259n v\u0259 Bak\u0131dan g\u0259lmi\u015f y\u00fcks\u0259k v\u0259zif\u0259li zabitl\u0259r xalq\u0131 sakitl\u0259\u015fdirm\u0259y\u0259 \u00e7al\u0131\u015fd\u0131lar. Bizim ir\u0259li s\u00fcrd\u00fcy\u00fcm\u00fcz d\u00f6rd t\u0259l\u0259bd\u0259n yaln\u0131z birini alayar\u0131m\u00e7\u0131q yerin\u0259 yetirm\u0259y\u0259 s\u00f6z verdil\u0259r: Araz SES-in \u0259traf\u0131ndak\u0131 tikanl\u0131 m\u0259ftill\u0259r s\u00f6k\u00fcl\u0259c\u0259k! Bunun he\u00e7 bir m\u0259nas\u0131 yox idi. Eni bir ne\u00e7\u0259 kilometr olan g\u00f6l\u00fcn \u0259traf\u0131ndak\u0131 tikanl\u0131 m\u0259ftilin s\u00f6k\u00fclm\u0259si sad\u0259c\u0259 t\u0259skinlik ver\u0259n bir manevr idi.\n<\/p>\n<p>\n  <i><br \/>\n    &#8211; Nax\u00e7\u0131van MR-n\u0131n partiya-sovet r\u0259hb\u0259rliyinin m\u00f6vqeyi nec\u0259 idi?<br \/>\n  <\/i>\n<\/p>\n<p>\n  &#8211; \u0130kili. \u00dczd\u0259 pisl\u0259yirdil\u0259r, arxada is\u0259 \u00fcr\u0259kd\u0259n biziml\u0259 h\u0259mr\u0259y olduqlarn\u0131 deyirdil\u0259r. Bunu ba\u015fqa c\u00fcr yozmaq laz\u0131m deyil. M\u0259s\u0259l\u0259 ondad\u0131r ki, bu r\u0259hb\u0259rl\u0259r bir t\u0259r\u0259fd\u0259n \u00f6z v\u0259zif\u0259l\u0259rini itirm\u0259kd\u0259n \u00e7\u0259kinirdil\u0259r, o biri t\u0259r\u0259fd\u0259n, s\u0259rh\u0259d\u00e7il\u0259rin, h\u0259tta s\u0131ravil\u0259rin, onlara y\u00f6n\u0259li \u00e7oxsayl\u0131 t\u0259hqirl\u0259rini he\u00e7 c\u00fcr h\u0259zm ed\u0259 bilmirdil\u0259r. S\u0259rh\u0259d\u00e7il\u0259r \u00e7ox zaman onlarla hesabla\u015fm\u0131r, s\u0259rh\u0259dd\u0259 he\u00e7 yax\u0131n bel\u0259 buraxm\u0131rd\u0131lar. M\u0259s\u0259l\u0259n, ot bi\u00e7m\u0259k v\u0259 ya Araz\u0131n sah\u0131lind\u0259ki nasoslar\u0131 t\u0259mir etm\u0259k \u00fc\u00e7\u00fcn m\u00fctl\u0259q r\u00fc\u015fv\u0259t verilm\u0259liydi.\n<\/p>\n<p>\n  <i><br \/>\n    &#8211; C\u0259bh\u0259\u00e7il\u0259rin x\u0259b\u0259ri var idimi ki, s\u0259rh\u0259d rejimi yum\u015falacaq?<br \/>\n  <\/i>\n<\/p>\n<p>\n  &#8211; B\u0259li, var idi. Lakin bu yum\u015falma \u00e7ox l\u0259ng ged\u0259c\u0259kdi v\u0259 \u00e7ox vaxt aparacaqd\u0131. Q\u0131zm\u0131\u015f k\u00fctl\u0259nin psixologiyas\u0131 buna d\u00f6z\u0259mm\u0259zdi. C\u0259bh\u0259\u00e7il\u0259r q\u0131zm\u0131\u015f k\u00fctl\u0259 psixologiyas\u0131na qar\u015f\u0131 \u00e7\u0131xmaq niyy\u0259tind\u0259 deyildil\u0259r.\n<\/p>\n<p>\n  <i><br \/>\n    &#8211; Nem\u0259t P\u0259nahovun rolu n\u0259d\u0259n ibar\u0259t idi?<br \/>\n  <\/i>\n<\/p>\n<p>\n  &#8211; Nem\u0259t Bak\u0131da bizi m\u00fcdafi\u0259 edirdi. Bundan \u0259lav\u0259, dekabr\u0131n 31-d\u0259 Nem\u0259t s\u0259h\u0259r Nax\u00e7\u0131vana varid oldu, aksiyada i\u015ftirak etdi v\u0259 \u00f6z\u00fc il\u0259 bir s\u0259rh\u0259d dir\u0259yini Bak\u0131ya apard\u0131. Lakin Nem\u0259tin n\u0259 \u201cS\u0259rh\u0259d h\u0259r\u0259kat\u0131\u201dnda, n\u0259 d\u0259 onun idar\u0259 edilm\u0259sind\u0259 he\u00e7 bir rolu yox idi. \u201cS\u0259rh\u0259d h\u0259r\u0259kat\u0131\u201d ba\u015fda As\u0259f b\u0259y olmaqla 9 n\u0259f\u0259rlik komissiya t\u0259r\u0259find\u0259n t\u0259\u015fkil v\u0259 idar\u0259 edilirdi.\n<\/p>\n<p>\n  <i><br \/>\n    &#8211; Ni\u015fanov Nax\u00e7\u0131vana g\u0259l\u0259nd\u0259 onunla hans\u0131 s\u00f6hb\u0259tl\u0259r apar\u0131l\u0131rd\u0131?<br \/>\n  <\/i>\n<\/p>\n<p>\n  &#8211; Yanvar\u0131n 2-d\u0259 o, Sov.\u0130KP MK-nin katibi Girenko, b\u0259zi MK m\u0259sullar\u0131, Az\u0259rbaycan\u0131n Kommunist Partiyas\u0131n\u0131n Birinci Katibi \u018fbd\u00fcrr\u0259hman V\u0259zirovla g\u0259lmi\u015fdi. Bir ne\u00e7\u0259 g\u00f6r\u00fc\u015f ke\u00e7di. Yanvar\u0131n 5-d\u0259 ke\u00e7mi\u015f dan\u0131\u015f\u0131qlar\u0131n protokollar\u0131 durur. Ne\u00e7\u0259 ildir biz bu protokollar\u0131 \u00e7ap etm\u0259k imkan\u0131n\u0131 axtar\u0131r\u0131q!\n<\/p>\n<p>\n  <i><br \/>\n    &#8211; \u0130ll\u0259r \u00f6td\u00fckd\u0259n sonra siz bu s\u0259rh\u0259d aksiyas\u0131n\u0131 nec\u0259 qiym\u0259tl\u0259ndirirsiniz?<br \/>\n  <\/i>\n<\/p>\n<p>\n  &#8211; H\u0259r ilin dekabr ay\u0131n\u0131n 31-d\u0259 biz D\u00fcnya az\u0259rbaycanl\u0131lar\u0131n\u0131n h\u0259mr\u0259ylik g\u00fcn\u00fcn\u00fc qeyd edirik v\u0259 f\u0259xr edirik ki, xalq\u0131m\u0131za bu bayram\u0131 b\u0259x\u015f etmi\u015fik. \u201cS\u0259rh\u0259d h\u0259r\u0259kat\u0131\u201dn\u0131n doqquz r\u0259hb\u0259rind\u0259n biri kimi v\u0259 C\u0259nub h\u0259sr\u0259tind\u0259n 1970-ci ild\u0259 do\u011fulmu\u015f gizli t\u0259\u015fkilat\u0131n \u00fczv\u00fc kimi m\u0259n bu aksiyan\u0131 Az\u0259rbaycan\u0131n \u015fanl\u0131 tarixin\u0259 q\u0131z\u0131l h\u0259rfl\u0259rl\u0259 yaz\u0131lm\u0131\u015f s\u0259hif\u0259 say\u0131ram.\n<\/p>\n<p>\n  <i><br \/>\n    &#8211; K\u0259rki k\u0259ndi n\u0259 vaxt i\u015f\u011fal olundu?<br \/>\n  <\/i>\n<\/p>\n<p>\n  &#8211; K\u0259rkinin \u0259halisi \u00e7\u0131xar\u0131lm\u0131\u015fd\u0131, k\u0259ndd\u0259 bir ne\u00e7\u0259 milis n\u0259f\u0259ri v\u0259 \u0259ks\u0259riyy\u0259ti c\u0259bh\u0259\u00e7i olan 17 n\u0259f\u0259r ki\u015fi qalm\u0131\u015fd\u0131. Nax\u00e7\u0131van\u0131n r\u0259hb\u0259rliyinin xahi\u015f v\u0259 israr\u0131ndan sonra k\u0259ndin m\u00fcdafi\u0259\u00e7il\u0259ri onu 1990-c\u0131 ilin yanvar ay\u0131n\u0131n 17-d\u0259 4-c\u00fc ordunun \u0259sk\u0259rl\u0259rin\u0259 t\u0259hvil verdil\u0259r v\u0259 geri \u00e7\u0259kildil\u0259r. Rus ordusu is\u0259 onu d\u00f6y\u00fc\u015fs\u00fcz erm\u0259nil\u0259r\u0259 ba\u011f\u0131\u015flad\u0131&#8230;\u201d\n<\/p>\n<p>\n  ***\n<\/p>\n<p>\n  M\u0259lumatl\u0131 v\u0259 t\u0259hlil qabiliyy\u0259ti olan insan bu m\u00fcsahib\u0259d\u0259n \u00e7ox \u015fey anlaya bil\u0259r. M\u0259s\u0259l\u0259n, \u00f6yr\u0259n\u0259 bil\u0259r ki, 1970-ci ill\u0259rd\u0259 SSR\u0130 DTK-si nec\u0259 yar\u0131tmaz i\u015fl\u0259yirdi: s\u0259rh\u0259d b\u00f6lg\u0259si olan Nax\u00e7\u0131vanda \u00fczvl\u0259rinin say\u0131 y\u00fcz\u0259 \u00e7atan gizli t\u0259\u015fkilat u\u011furla f\u0259aliyy\u0259t g\u00f6st\u0259rirmi\u015f, DTK is\u0259 fil qula\u011f\u0131nda yat\u0131bm\u0131\u015f! Az\u0259rbaycan\u0131n Birinci katibi is\u0259 sabiq DTK s\u0259dri Heyd\u0259r \u018flirza o\u011flu \u018fliyevin bundan he\u00e7 x\u0259b\u0259ri olmay\u0131bm\u0131\u015f! \u0130kincisi, r\u00fc\u015fv\u0259tin h\u0259tta DTK-nin t\u0259rkib hiss\u0259si olan S\u0259rh\u0259d Qo\u015funlarina bel\u0259 siray\u0259t etdiyini \u00f6yr\u0259n\u0259r. \u00dc\u00e7\u00fcnc\u00fcs\u00fc, AXC r\u0259hb\u0259rliyinin, konkret olaraq, Nizamnam\u0259y\u0259 g\u00f6r\u0259 icra i\u015fl\u0259rin\u0259 qar\u0131\u015fmaq s\u0259lahiyy\u0259ti olmayan s\u0259dr \u018fb\u00fclf\u0259z \u018fliyevin \u015f\u00fcurlu \u015f\u0259kild\u0259 k\u00fctl\u0259 ehtiraslar\u0131n\u0131 q\u0131z\u0131\u015fd\u0131rd\u0131\u011f\u0131n\u0131 v\u0259 bundan siu-istifad\u0259 ed\u0259r\u0259k i\u011fti\u015fa\u015flar t\u00f6r\u0259tdiyini bil\u0259r. \u018fb\u00fclf\u0259z \u018fliyev i\u011fti\u015fa\u015f t\u00f6r\u0259tm\u0259 prosesin\u0259 o q\u0259d\u0259r ciddi v\u0259 bilavasit\u0259 r\u0259hb\u0259rlik edirdi ki, s\u0259rh\u0259d rejiminin yum\u015fald\u0131lmas\u0131 bar\u0259d\u0259 SSR\u0130 il\u0259 \u0130ran aras\u0131nda dan\u0131\u015f\u0131qlar\u0131n\u0131n getdiyini v\u0259 bu bar\u0259d\u0259 q\u0259rar\u0131n tezlikl\u0259 q\u0259bul edil\u0259c\u0259yini bil\u0259-bil\u0259, \u201caksiyan\u0131\u201d dekabr\u0131n 12-n\u0259 deyil, 31-n\u0259 t\u0259yin edir! G\u00f6r\u0259s\u0259n, n\u0259 \u00fc\u00e7\u00fcn dekabr\u0131n 12-i deyil, 31-i se\u00e7ilir?\n<\/p>\n<p>\n  Leyla Yunusova \u00f6z \u201cSiyas\u0259t\u00e7inin m\u0259suliyy\u0259t meyar\u0131\u201d m\u0259qal\u0259sind\u0259 yaz\u0131r ki, 9 aprel \u201cTiflis modeli\u201dni ger\u00e7\u0259k\u0259\u015fdirm\u0259k \u00fc\u00e7\u00fcn Az\u0259rbaycandak\u0131 hadis\u0259l\u0259rin g\u0259rginliyi y\u00fcks\u0259l\u0259n x\u0259tl\u0259 artmal\u0131 idi: C\u0259lilabad talan\u0131ndan sonra SSR\u0130 s\u0259rh\u0259ddinin s\u00f6k\u00fclm\u0259si! Yaln\u0131z bundan sonra erm\u0259ni talan\u0131!\n<\/p>\n<p>\n  Arif b\u0259yl\u0259 q\u0259zetd\u0259ki m\u00fcsahib\u0259y\u0259 daxil olmam\u0131\u015f \u015f\u0259xsi s\u00f6hb\u0259timiz zaman\u0131 bir \u00e7ox m\u0259nim \u00fc\u00e7\u00fcn \u0259lam\u0259tdar olan m\u0259lumat\u0131 \u0259ld\u0259 etdim. M\u0259s\u0259l\u0259n, Arif b\u0259y dedi ki, Nax\u00e7\u0131van \u015f\u00f6b\u0259si Meydan h\u0259r\u0259kat\u0131n\u0131n yat\u0131r\u0131lmas\u0131n\u0131n ild\u00f6n\u00fcm\u00fcn\u00fc \u015f\u0259h\u0259rin m\u0259rk\u0259zind\u0259 \u00e7ad\u0131r qurmaqla, tonqallar qalamaqla v\u0259 gec\u0259 mitinqi ke\u00e7irm\u0259kl\u0259 qeyd etm\u0259k bar\u0259d\u0259 q\u0259rar q\u0259bul ermi\u015fdi. B\u00f6lg\u0259 \u015f\u00f6b\u0259sinin q\u0259rar\u0131 \u018fb\u00fclf\u0259z \u018fliyev\u0259 \u00e7atd\u0131r\u0131ld\u0131qda s\u0259dr g\u00f6st\u0259ri\u015f vermi\u015fdi: xeyr, dekabr\u0131n 31-d\u0259 d\u00f6vl\u0259t s\u0259rh\u0259dl\u0259ri s\u00f6k\u00fclm\u0259lidir!\n<\/p>\n<p>\n  Oxucum, g\u00f6st\u0259ri\u015fin m\u0259nas\u0131n\u0131 anlamaq \u00fc\u015f\u00fcn t\u0259s\u0259vv\u00fcr\u00fcn\u0259 g\u0259tir ki, n\u0259h\u0259ng v\u0259 q\u00fcdr\u0259tli SSR\u0130-nin deyil, m\u0259zlum v\u0259 ki\u00e7ik Az\u0259rbaycan Respublikas\u0131n\u0131n d\u00f6vl\u0259t s\u0259rh\u0259ddini indiki zamanda bir qrup m\u00fclki v\u0259t\u0259nda\u015f s\u00f6k\u00fcr&#8230; Onlar\u0131n ba\u015f\u0131na n\u0259 g\u0259tiril\u0259c\u0259yini t\u0259s\u0259vv\u00fcr edirsinizmi?\n<\/p>\n<p>\n  Arif b\u0259y etiraf etdi ki, \u201cbu g\u00f6st\u0259ri\u015f bizi qorxutdu, biz qorxurduq ki, rus s\u0259rh\u0259d\u00e7il\u0259ri at\u0259\u015f a\u00e7ar, \u00f6z nigaranl\u0131\u011f\u0131m\u0131z\u0131 s\u0259dr\u0259 bildirdik, cavab\u0131nda e\u015fitdik: \u201cHe\u00e7 n\u0259d\u0259n qorxmay\u0131n, da\u011f\u0131d\u0131n!\u201d Nax\u00e7\u0131van c\u0259bh\u0259\u00e7il\u0259ri B\u00f6y\u00fck B\u0259yin bu q\u0259tiyy\u0259tinin s\u0259b\u0259bl\u0259rini \u00f6z aralar\u0131nda m\u00fczakir\u0259 edib he\u00e7 bir a\u011flabatan s\u0259b\u0259b tapmay\u0131blar. Ax\u0131rda bir sad\u0259l\u00f6vh c\u0259bh\u0259\u00e7i b\u0259yin dedikl\u0259ri il\u0259 raz\u0131la\u015fmal\u0131 olublar: \u201cDekabr\u0131n 31-d\u0259 \u0130sa M\u0259sihin anadan olan g\u00fcn\u00fcd\u00fcr, \u018fb\u00fclf\u0259z b\u0259y \u00fcmid edir ki, h\u0259min g\u00fcn ruslar\u0131n q\u0259lbi \u015f\u0259fq\u0259tl\u0259 dolu olacaq v\u0259 onlar camaata at\u0259\u015f a\u00e7mayacaq&#8230;\u201d\n<\/p>\n<p>\n  H\u0259rd\u0259n bel\u0259 t\u0259sirli t\u0259f\u0259rr\u00fcat h\u0259r\u0259kat\u00e7\u0131lar\u0131n ruhundan v\u0259 a\u011fl\u0131ndan \u00e7ox d\u0259qiq x\u0259b\u0259r verir. Nax\u00e7\u0131vanl\u0131 c\u0259bh\u0259\u00e7i dostum Teymur b\u0259y m\u0259n\u0259 dan\u0131\u015fd\u0131 ki, s\u0259rh\u0259ddi s\u00f6k\u00fcb-da\u011f\u0131tma\u011fa yollanan Nax\u00e7\u0131van c\u0259bh\u0259\u00e7il\u0259ri s\u0259rh\u0259d\u00e7il\u0259r \u00fc\u00e7\u00fcn \u00f6zl\u0259ri il\u0259 h\u0259diyy\u0259 d\u0259 g\u00f6t\u00fcrm\u00fc\u015fd\u00fcl\u0259r: ki\u015fil\u0259r\u0259 araq, xan\u0131mlar\u0131na \u015fampan \u015f\u0259rab\u0131&#8230;\n<\/p>\n<p>\n  SSR\u0130 DTK-n\u0131n S\u0259rh\u0259d Qo\u015funlar\u0131 \u0259hali t\u0259r\u0259find\u0259n s\u0259rh\u0259d qur\u011fular\u0131n\u0131n s\u00f6k\u00fclm\u0259sin\u0259 qar\u015f\u0131 z\u0259rr\u0259c\u0259 m\u00fcqavim\u0259t g\u00f6st\u0259rm\u0259di. Nax\u00e7\u0131vanda he\u00e7 olmasa s\u0259rh\u0259dl\u0259rin m\u00fcq\u0259dd\u0259sliyi bar\u0259d\u0259 v\u0259r\u0259q\u0259 yayd\u0131. Astara v\u0259 L\u0259nk\u0259randa is\u0259 S\u0259rh\u0259d Qo\u015funlar\u0131n\u0131n s\u0259sg\u00fccl\u0259ndiricil\u0259r qura\u015fd\u0131r\u0131lm\u0131\u015f x\u00fcsusi avtomobill\u0259ri k\u00fc\u00e7\u0259l\u0259ri g\u0259zib bu iki s\u0259rh\u0259d rayon m\u0259rk\u0259zinin sakinl\u0259rini \u201cy\u0131\u011f\u0131\u015f\u0131b s\u0259rh\u0259dd\u0259 getm\u0259y\u0259, s\u0259rh\u0259ddi da\u011f\u0131d\u0131b C\u0259nubdak\u0131 bac\u0131 v\u0259 qarda\u015flara qovu\u015fma\u011fa\u201d \u00e7a\u011f\u0131r\u0131rd\u0131.\n<\/p>\n<p>\n  \u018fb\u0259s yer\u0259 \u018fl\u0259kr\u0259m H\u00fcmm\u0259tov oz t\u0259r\u0259fdarlar\u0131 il\u0259 Astarada n\u0259h\u0259ng k\u00fctl\u0259nin qar\u015f\u0131s\u0131n\u0131 k\u0259sm\u0259y\u0259 \u00e7al\u0131\u015f\u0131rd\u0131. K\u00fctl\u0259 onu v\u0259 t\u0259r\u0259fdarlar\u0131n\u0131 s\u00fcp\u00fcr\u00fcb k\u0259nara atd\u0131, s\u0259rh\u0259ddi a\u00e7\u0131b \u0130ran t\u0259r\u0259f\u0259 axd\u0131. Orada is\u0259 silahl\u0131 \u0130ran s\u0259rh\u0259d\u00e7il\u0259ri \u201ciki xalq\u0131n qovu\u015fmas\u0131\u201d tama\u015fas\u0131n\u0131 \u00e7ox soyuqqanl\u0131 seyr etdi.\n<\/p>\n<p>\n  ANS telekanal\u0131nda \u00f6z xatir\u0259l\u0259rini tama\u015fa\u00e7\u0131larla b\u00f6l\u00fc\u015f\u0259n Hac\u0131 \u018fbd\u00fcl is\u0259 n\u0259ql etdi: \u201c C\u0259lilabadda uruslar bizimkil\u0259r\u0259 dedi ki, g\u0259lin s\u0259rh\u0259ddi da\u011f\u0131d\u0131n, amma n\u0259bad\u0259 h\u0259rbi hiss\u0259nin donuz fermas\u0131na toxunas\u0131n\u0131z&#8230;\u201d\n<\/p>\n<p>\n  Azca m\u0259ntiqi d\u00fc\u015f\u00fcnm\u0259k qabiliyy\u0259ti olan adam h\u0259min anda anlayar ki, bu s\u0259rh\u0259d \u0259m\u0259liyyat\u0131n\u0131 x\u00fcsusi qurumlar t\u0259\u015fkil edib.\n<\/p>\n<p>\n  F\u0259q\u0259t, Az\u0259rbaycanda, x\u00fcsusil\u0259 AXC-d\u0259 n\u0259 q\u0259d\u0259r adam\u0131n azca m\u0259ntiqi d\u00fc\u015f\u00fcnm\u0259k qabiliyy\u0259ti var idi? Hakimiyy\u0259td\u0259 olduqlar\u0131 bir ild\u0259 AXC b\u0259yl\u0259ri bu iki DTK-mafiya \u0259m\u0259liyyat\u0131n\u0131 xalq\u0131m\u0131za r\u0259smi milli bayram kimi s\u0131r\u0131d\u0131lar: 17 noyabr Milli Dir\u00e7\u0259li\u015f G\u00fcn\u00fc v\u0259 31 dekabr D\u00fcnya Az\u0259rbaycanl\u0131lar\u0131n\u0131n H\u0259mr\u0259ylik G\u00fcn\u00fc. Olmayan v\u0259 olmam\u0131\u015f hadis\u0259 v\u0259 t\u0259zah\u00fcrl\u0259rin bayram edilm\u0259si nec\u0259 d\u0259 milli mentalitetimiz\u0259 uy\u011fundur!\n<\/p>\n<p>\n  1990-c\u0131 ild\u0259 ilk \u00e7\u0131xan Moskva q\u0259zetl\u0259ri Az\u0259rbaycanda \u201cnarkomanlar\u0131n, xuliqanlar\u0131n v\u0259 ekstremistl\u0259rin SSR\u0130 s\u0259rh\u0259ddini da\u011f\u0131tmas\u0131\u201d bar\u0259d\u0259 x\u0259b\u0259rl\u0259ri d\u0259rc etdil\u0259r. Xalq\u0131m\u0131za l\u0259k\u0259 vurmaq \u00fc\u00e7\u00fcn \u00e7al\u0131\u015fan mill\u0259t\u00e7il\u0259r Kreml\u0259 b\u00f6y\u00fck xidm\u0259t g\u00f6st\u0259rmi\u015fdil\u0259r. Lakin bu da az idi. Daha b\u00f6y\u00fck cinay\u0259tl\u0259r t\u00f6r\u0259nm\u0259li idi ki, xalq\u0131m\u0131z\u0131n h\u0259r\u0259kat\u0131 \u0259zilsin v\u0259 sad\u0259 insanlar\u0131n q\u0259lbind\u0259 oyanm\u0131\u015f \u00fcmid \u015f\u00f6l\u0259l\u0259ri s\u00f6ns\u00fcn. 20 Yanvar t\u00f6r\u0259dilm\u0259liydi&#8230;\n<\/p>\n<p>\n  Ulu \u00f6nd\u0259r hakimiyy\u0259t\u0259 qay\u0131dandan sonra bu silsil\u0259 DTK \u0259m\u0259liyyatlar\u0131n\u0131n tac\u0131 olan 15 iyunu da Qurtulu\u015f bayram\u0131 elan etdi v\u0259 dair\u0259 qapand\u0131. Tayfa hakimiyy\u0259tinin b\u0259rpas\u0131 \u0259fsan\u0259si d\u00f6rdq\u0131\u00e7l\u0131 masa kimi Dir\u00e7\u0259li\u015f\u0259, H\u0259mr\u0259yliy\u0259, 20 Yanvara v\u0259 Qurtulu\u015fa m\u00f6hk\u0259m s\u00f6yk\u0259nir.\n<\/p>\n<p>\n  \u00d6mr\u00fcm boyu Allaha bir duam olub: \u0130lahi, m\u0259n\u0259 d\u0259, xalq\u0131ma da a\u011f\u0131l v\u0259 d\u0259rrak\u0259 ver, qoy pisi yax\u015f\u0131dan, \u0259yrini d\u00fczd\u0259n, g\u00fcnah\u0131 savabdan ay\u0131ra bil\u0259k&#8230;<\/p>\n","protected":false},"excerpt":{"rendered":"<p>Z\u0259rd\u00fc\u015ft \u018flizad\u0259 II hiss\u0259 1989-cu ilin dekabr ay\u0131n\u0131n 31-d\u0259 ba\u015f &#8230; <\/p>\n<p class=\"read-more-container\"><a title=\"H\u0259mr\u0259ylik G\u00fcn\u00fc &#8211; 30\" class=\"read-more button\" href=\"https:\/\/www.meydan.tv\/az\/article\/hemreylik-gunu-30\/#more-193283\" aria-label=\"Read more about H\u0259mr\u0259ylik G\u00fcn\u00fc &#8211; 30\">Davam\u0131<\/a><\/p>\n","protected":false},"author":11,"featured_media":81375,"comment_status":"closed","ping_status":"open","sticky":false,"template":"","format":"standard","meta":{"_acf_changed":false,"_sitemap_exclude":false,"_sitemap_priority":"","_sitemap_frequency":"","footnotes":""},"categories":[57],"tags":[],"class_list":["post-193283","post","type-post","status-publish","format-standard","has-post-thumbnail","hentry","category-menim-fikrimce","infinite-scroll-item","generate-columns","tablet-grid-50","mobile-grid-100","grid-parent","grid-33","no-featured-image-padding"],"acf":[],"yoast_head":"<!-- This site is optimized with the Yoast SEO plugin v27.4 - https:\/\/yoast.com\/product\/yoast-seo-wordpress\/ -->\n<title>H\u0259mr\u0259ylik G\u00fcn\u00fc - 30 - MEYDAN.TV<\/title>\n<meta name=\"robots\" content=\"index, follow, max-snippet:-1, max-image-preview:large, max-video-preview:-1\" \/>\n<link rel=\"canonical\" href=\"https:\/\/www.meydan.tv\/az\/article\/hemreylik-gunu-30\/\" \/>\n<meta property=\"og:locale\" content=\"az_AZ\" \/>\n<meta property=\"og:type\" content=\"article\" \/>\n<meta property=\"og:title\" content=\"H\u0259mr\u0259ylik G\u00fcn\u00fc - 30 - MEYDAN.TV\" \/>\n<meta property=\"og:description\" content=\"Z\u0259rd\u00fc\u015ft \u018flizad\u0259 II hiss\u0259 1989-cu ilin dekabr ay\u0131n\u0131n 31-d\u0259 ba\u015f ... Davam\u0131\" \/>\n<meta property=\"og:url\" content=\"https:\/\/www.meydan.tv\/az\/article\/hemreylik-gunu-30\/\" \/>\n<meta property=\"og:site_name\" content=\"MEYDAN.TV\" \/>\n<meta property=\"article:published_time\" content=\"2018-12-31T10:18:38+00:00\" \/>\n<meta property=\"og:image\" content=\"https:\/\/www.meydan.tv\/wp-content\/uploads\/31837-1095x821.png\" \/>\n\t<meta property=\"og:image:width\" content=\"1095\" \/>\n\t<meta property=\"og:image:height\" content=\"821\" \/>\n\t<meta property=\"og:image:type\" content=\"image\/png\" \/>\n<meta name=\"author\" content=\"user-manager\" \/>\n<meta name=\"twitter:card\" content=\"summary_large_image\" \/>\n<script type=\"application\/ld+json\" class=\"yoast-schema-graph\">{\"@context\":\"https:\\\/\\\/schema.org\",\"@graph\":[{\"@type\":\"Article\",\"@id\":\"https:\\\/\\\/www.meydan.tv\\\/az\\\/article\\\/hemreylik-gunu-30\\\/#article\",\"isPartOf\":{\"@id\":\"https:\\\/\\\/www.meydan.tv\\\/az\\\/article\\\/hemreylik-gunu-30\\\/\"},\"author\":{\"name\":\"user-manager\",\"@id\":\"https:\\\/\\\/www.meydan.tv\\\/az\\\/#\\\/schema\\\/person\\\/10d11eccf6da3662cf5fdab9806ea91a\"},\"headline\":\"H\u0259mr\u0259ylik G\u00fcn\u00fc &#8211; 30\",\"datePublished\":\"2018-12-31T10:18:38+00:00\",\"mainEntityOfPage\":{\"@id\":\"https:\\\/\\\/www.meydan.tv\\\/az\\\/article\\\/hemreylik-gunu-30\\\/\"},\"wordCount\":3555,\"publisher\":{\"@id\":\"https:\\\/\\\/www.meydan.tv\\\/az\\\/#organization\"},\"image\":{\"@id\":\"https:\\\/\\\/www.meydan.tv\\\/az\\\/article\\\/hemreylik-gunu-30\\\/#primaryimage\"},\"thumbnailUrl\":\"https:\\\/\\\/www.meydan.tv\\\/wp-content\\\/uploads\\\/31837.png\",\"articleSection\":[\"M\u0259nim Fikrimc\u0259\"],\"inLanguage\":\"az\"},{\"@type\":\"WebPage\",\"@id\":\"https:\\\/\\\/www.meydan.tv\\\/az\\\/article\\\/hemreylik-gunu-30\\\/\",\"url\":\"https:\\\/\\\/www.meydan.tv\\\/az\\\/article\\\/hemreylik-gunu-30\\\/\",\"name\":\"H\u0259mr\u0259ylik G\u00fcn\u00fc - 30 - MEYDAN.TV\",\"isPartOf\":{\"@id\":\"https:\\\/\\\/www.meydan.tv\\\/az\\\/#website\"},\"primaryImageOfPage\":{\"@id\":\"https:\\\/\\\/www.meydan.tv\\\/az\\\/article\\\/hemreylik-gunu-30\\\/#primaryimage\"},\"image\":{\"@id\":\"https:\\\/\\\/www.meydan.tv\\\/az\\\/article\\\/hemreylik-gunu-30\\\/#primaryimage\"},\"thumbnailUrl\":\"https:\\\/\\\/www.meydan.tv\\\/wp-content\\\/uploads\\\/31837.png\",\"datePublished\":\"2018-12-31T10:18:38+00:00\",\"breadcrumb\":{\"@id\":\"https:\\\/\\\/www.meydan.tv\\\/az\\\/article\\\/hemreylik-gunu-30\\\/#breadcrumb\"},\"inLanguage\":\"az\",\"potentialAction\":[{\"@type\":\"ReadAction\",\"target\":[\"https:\\\/\\\/www.meydan.tv\\\/az\\\/article\\\/hemreylik-gunu-30\\\/\"]}]},{\"@type\":\"ImageObject\",\"inLanguage\":\"az\",\"@id\":\"https:\\\/\\\/www.meydan.tv\\\/az\\\/article\\\/hemreylik-gunu-30\\\/#primaryimage\",\"url\":\"https:\\\/\\\/www.meydan.tv\\\/wp-content\\\/uploads\\\/31837.png\",\"contentUrl\":\"https:\\\/\\\/www.meydan.tv\\\/wp-content\\\/uploads\\\/31837.png\",\"width\":2732,\"height\":2048,\"caption\":\"Source:\"},{\"@type\":\"BreadcrumbList\",\"@id\":\"https:\\\/\\\/www.meydan.tv\\\/az\\\/article\\\/hemreylik-gunu-30\\\/#breadcrumb\",\"itemListElement\":[{\"@type\":\"ListItem\",\"position\":1,\"name\":\"Ana s\u0259hif\u0259\",\"item\":\"https:\\\/\\\/www.meydan.tv\\\/az\\\/\"},{\"@type\":\"ListItem\",\"position\":2,\"name\":\"M\u0259nim Fikrimc\u0259\",\"item\":\"https:\\\/\\\/www.meydan.tv\\\/az\\\/section\\\/menim-fikrimce\\\/\"},{\"@type\":\"ListItem\",\"position\":3,\"name\":\"H\u0259mr\u0259ylik G\u00fcn\u00fc &#8211; 30\"}]},{\"@type\":\"WebSite\",\"@id\":\"https:\\\/\\\/www.meydan.tv\\\/az\\\/#website\",\"url\":\"https:\\\/\\\/www.meydan.tv\\\/az\\\/\",\"name\":\"MEYDAN.TV\",\"description\":\"Meydan TV Az\u0259rbaycan\u0131n media m\u0259kan\u0131ndak\u0131 alternativ s\u0259sidir\",\"publisher\":{\"@id\":\"https:\\\/\\\/www.meydan.tv\\\/az\\\/#organization\"},\"potentialAction\":[{\"@type\":\"SearchAction\",\"target\":{\"@type\":\"EntryPoint\",\"urlTemplate\":\"https:\\\/\\\/www.meydan.tv\\\/az\\\/?s={search_term_string}\"},\"query-input\":{\"@type\":\"PropertyValueSpecification\",\"valueRequired\":true,\"valueName\":\"search_term_string\"}}],\"inLanguage\":\"az\"},{\"@type\":\"Organization\",\"@id\":\"https:\\\/\\\/www.meydan.tv\\\/az\\\/#organization\",\"name\":\"Meydan TV\",\"url\":\"https:\\\/\\\/www.meydan.tv\\\/az\\\/\",\"logo\":{\"@type\":\"ImageObject\",\"inLanguage\":\"az\",\"@id\":\"https:\\\/\\\/www.meydan.tv\\\/az\\\/#\\\/schema\\\/logo\\\/image\\\/\",\"url\":\"https:\\\/\\\/www.meydan.tv\\\/wp-content\\\/uploads\\\/2021\\\/07\\\/meydan-logo.svg\",\"contentUrl\":\"https:\\\/\\\/www.meydan.tv\\\/wp-content\\\/uploads\\\/2021\\\/07\\\/meydan-logo.svg\",\"width\":195,\"height\":46,\"caption\":\"Meydan TV\"},\"image\":{\"@id\":\"https:\\\/\\\/www.meydan.tv\\\/az\\\/#\\\/schema\\\/logo\\\/image\\\/\"}},{\"@type\":\"Person\",\"@id\":\"https:\\\/\\\/www.meydan.tv\\\/az\\\/#\\\/schema\\\/person\\\/10d11eccf6da3662cf5fdab9806ea91a\",\"name\":\"user-manager\"}]}<\/script>\n<!-- \/ Yoast SEO plugin. -->","yoast_head_json":{"title":"H\u0259mr\u0259ylik G\u00fcn\u00fc - 30 - MEYDAN.TV","robots":{"index":"index","follow":"follow","max-snippet":"max-snippet:-1","max-image-preview":"max-image-preview:large","max-video-preview":"max-video-preview:-1"},"canonical":"https:\/\/www.meydan.tv\/az\/article\/hemreylik-gunu-30\/","og_locale":"az_AZ","og_type":"article","og_title":"H\u0259mr\u0259ylik G\u00fcn\u00fc - 30 - MEYDAN.TV","og_description":"Z\u0259rd\u00fc\u015ft \u018flizad\u0259 II hiss\u0259 1989-cu ilin dekabr ay\u0131n\u0131n 31-d\u0259 ba\u015f ... Davam\u0131","og_url":"https:\/\/www.meydan.tv\/az\/article\/hemreylik-gunu-30\/","og_site_name":"MEYDAN.TV","article_published_time":"2018-12-31T10:18:38+00:00","og_image":[{"width":1095,"height":821,"url":"https:\/\/www.meydan.tv\/wp-content\/uploads\/31837-1095x821.png","type":"image\/png"}],"author":"user-manager","twitter_card":"summary_large_image","schema":{"@context":"https:\/\/schema.org","@graph":[{"@type":"Article","@id":"https:\/\/www.meydan.tv\/az\/article\/hemreylik-gunu-30\/#article","isPartOf":{"@id":"https:\/\/www.meydan.tv\/az\/article\/hemreylik-gunu-30\/"},"author":{"name":"user-manager","@id":"https:\/\/www.meydan.tv\/az\/#\/schema\/person\/10d11eccf6da3662cf5fdab9806ea91a"},"headline":"H\u0259mr\u0259ylik G\u00fcn\u00fc &#8211; 30","datePublished":"2018-12-31T10:18:38+00:00","mainEntityOfPage":{"@id":"https:\/\/www.meydan.tv\/az\/article\/hemreylik-gunu-30\/"},"wordCount":3555,"publisher":{"@id":"https:\/\/www.meydan.tv\/az\/#organization"},"image":{"@id":"https:\/\/www.meydan.tv\/az\/article\/hemreylik-gunu-30\/#primaryimage"},"thumbnailUrl":"https:\/\/www.meydan.tv\/wp-content\/uploads\/31837.png","articleSection":["M\u0259nim Fikrimc\u0259"],"inLanguage":"az"},{"@type":"WebPage","@id":"https:\/\/www.meydan.tv\/az\/article\/hemreylik-gunu-30\/","url":"https:\/\/www.meydan.tv\/az\/article\/hemreylik-gunu-30\/","name":"H\u0259mr\u0259ylik G\u00fcn\u00fc - 30 - MEYDAN.TV","isPartOf":{"@id":"https:\/\/www.meydan.tv\/az\/#website"},"primaryImageOfPage":{"@id":"https:\/\/www.meydan.tv\/az\/article\/hemreylik-gunu-30\/#primaryimage"},"image":{"@id":"https:\/\/www.meydan.tv\/az\/article\/hemreylik-gunu-30\/#primaryimage"},"thumbnailUrl":"https:\/\/www.meydan.tv\/wp-content\/uploads\/31837.png","datePublished":"2018-12-31T10:18:38+00:00","breadcrumb":{"@id":"https:\/\/www.meydan.tv\/az\/article\/hemreylik-gunu-30\/#breadcrumb"},"inLanguage":"az","potentialAction":[{"@type":"ReadAction","target":["https:\/\/www.meydan.tv\/az\/article\/hemreylik-gunu-30\/"]}]},{"@type":"ImageObject","inLanguage":"az","@id":"https:\/\/www.meydan.tv\/az\/article\/hemreylik-gunu-30\/#primaryimage","url":"https:\/\/www.meydan.tv\/wp-content\/uploads\/31837.png","contentUrl":"https:\/\/www.meydan.tv\/wp-content\/uploads\/31837.png","width":2732,"height":2048,"caption":"Source:"},{"@type":"BreadcrumbList","@id":"https:\/\/www.meydan.tv\/az\/article\/hemreylik-gunu-30\/#breadcrumb","itemListElement":[{"@type":"ListItem","position":1,"name":"Ana s\u0259hif\u0259","item":"https:\/\/www.meydan.tv\/az\/"},{"@type":"ListItem","position":2,"name":"M\u0259nim Fikrimc\u0259","item":"https:\/\/www.meydan.tv\/az\/section\/menim-fikrimce\/"},{"@type":"ListItem","position":3,"name":"H\u0259mr\u0259ylik G\u00fcn\u00fc &#8211; 30"}]},{"@type":"WebSite","@id":"https:\/\/www.meydan.tv\/az\/#website","url":"https:\/\/www.meydan.tv\/az\/","name":"MEYDAN.TV","description":"Meydan TV Az\u0259rbaycan\u0131n media m\u0259kan\u0131ndak\u0131 alternativ s\u0259sidir","publisher":{"@id":"https:\/\/www.meydan.tv\/az\/#organization"},"potentialAction":[{"@type":"SearchAction","target":{"@type":"EntryPoint","urlTemplate":"https:\/\/www.meydan.tv\/az\/?s={search_term_string}"},"query-input":{"@type":"PropertyValueSpecification","valueRequired":true,"valueName":"search_term_string"}}],"inLanguage":"az"},{"@type":"Organization","@id":"https:\/\/www.meydan.tv\/az\/#organization","name":"Meydan TV","url":"https:\/\/www.meydan.tv\/az\/","logo":{"@type":"ImageObject","inLanguage":"az","@id":"https:\/\/www.meydan.tv\/az\/#\/schema\/logo\/image\/","url":"https:\/\/www.meydan.tv\/wp-content\/uploads\/2021\/07\/meydan-logo.svg","contentUrl":"https:\/\/www.meydan.tv\/wp-content\/uploads\/2021\/07\/meydan-logo.svg","width":195,"height":46,"caption":"Meydan TV"},"image":{"@id":"https:\/\/www.meydan.tv\/az\/#\/schema\/logo\/image\/"}},{"@type":"Person","@id":"https:\/\/www.meydan.tv\/az\/#\/schema\/person\/10d11eccf6da3662cf5fdab9806ea91a","name":"user-manager"}]}},"_links":{"self":[{"href":"https:\/\/www.meydan.tv\/az\/wp-json\/wp\/v2\/posts\/193283","targetHints":{"allow":["GET"]}}],"collection":[{"href":"https:\/\/www.meydan.tv\/az\/wp-json\/wp\/v2\/posts"}],"about":[{"href":"https:\/\/www.meydan.tv\/az\/wp-json\/wp\/v2\/types\/post"}],"author":[{"embeddable":true,"href":"https:\/\/www.meydan.tv\/az\/wp-json\/wp\/v2\/users\/11"}],"replies":[{"embeddable":true,"href":"https:\/\/www.meydan.tv\/az\/wp-json\/wp\/v2\/comments?post=193283"}],"version-history":[{"count":0,"href":"https:\/\/www.meydan.tv\/az\/wp-json\/wp\/v2\/posts\/193283\/revisions"}],"wp:featuredmedia":[{"embeddable":true,"href":"https:\/\/www.meydan.tv\/az\/wp-json\/wp\/v2\/media\/81375"}],"wp:attachment":[{"href":"https:\/\/www.meydan.tv\/az\/wp-json\/wp\/v2\/media?parent=193283"}],"wp:term":[{"taxonomy":"category","embeddable":true,"href":"https:\/\/www.meydan.tv\/az\/wp-json\/wp\/v2\/categories?post=193283"},{"taxonomy":"post_tag","embeddable":true,"href":"https:\/\/www.meydan.tv\/az\/wp-json\/wp\/v2\/tags?post=193283"}],"curies":[{"name":"wp","href":"https:\/\/api.w.org\/{rel}","templated":true}]}}