{"id":193282,"date":"2018-12-30T23:49:55","date_gmt":"2018-12-30T23:49:55","guid":{"rendered":"https:\/\/www.meydan.tv\/article\/goycay-sakini-qapiya-gelen-icra-memurlari-meni-doydu\/"},"modified":"2018-12-30T23:49:55","modified_gmt":"2018-12-30T23:49:55","slug":"goycay-sakini-qapiya-gelen-icra-memurlari-meni-doydu","status":"publish","type":"post","link":"https:\/\/www.meydan.tv\/az\/article\/goycay-sakini-qapiya-gelen-icra-memurlari-meni-doydu\/","title":{"rendered":"G\u00f6y\u00e7ay sakini: Qap\u0131ya g\u0259l\u0259n icra m\u0259murlar\u0131 m\u0259ni d\u00f6yd\u00fc"},"content":{"rendered":"<figure class=\"wp-block-image size-large\">\n  <img decoding=\"async\" src=\"https:\/\/www.meydan.tv\/az\/sebuhi-quliyev-2\/\" alt=\"S\u0259buhi Quliyev\" class=\"wp-image-115033\"\/><figcaption>\n    S\u0259buhi Quliyev<br \/>\n  <\/figcaption><\/figure>\n<p>\n  <i><br \/>\n    &#8221;Dedil\u0259r, indi \u00f6z\u00fcm\u00fcz s\u0259ni polis \u015f\u00f6b\u0259sin\u0259 basaca\u011f\u0131q, yaz\u0131b qoyaca\u011f\u0131q ki, biz\u0259 m\u00fcqavim\u0259t g\u00f6st\u0259rmis\u0259n&#8221;<br \/>\n  <\/i><\/p>\n<p>  \u201c\u018fll\u0259rind\u0259 h\u0259r hans\u0131 s\u0259n\u0259d yox idi. Onlarla m\u0259hk\u0259m\u0259y\u0259 getm\u0259yimi t\u0259l\u0259b etdil\u0259r. Bildirdim ki, indiy\u0259d\u0259k aliment gecikdirm\u0259si olmay\u0131b. \u00dcst\u0259lik d\u0259, m\u0259n\u0259 m\u0259hk\u0259m\u0259y\u0259 \u00e7a\u011f\u0131r\u0131\u015fla ba\u011fl\u0131 h\u0259r hans\u0131 bildiri\u015f g\u0259lm\u0259yib. Sizd\u0259 varsa, verin, bax\u0131m. Dedil\u0259r, biz \u00f6z\u00fcm\u00fcz el\u0259 s\u0259n\u0259dik, d\u00fc\u015f qaba\u011f\u0131m\u0131za&#8230; Dedim, gedin, \u0259vv\u0259l m\u0259hk\u0259m\u0259 bildiri\u015f g\u00f6nd\u0259rsin, m\u0259hk\u0259m\u0259nin bildiri\u015fini saymasam, onda g\u0259l\u0259rsiz. Qap\u0131n\u0131 ba\u011flamaq ist\u0259y\u0259nd\u0259 yaxamdan yap\u0131\u015fd\u0131lar. \u00dcz\u00fcm\u0259, sin\u0259m\u0259 vurdular\u201d.<\/p>\n<p>  G\u00f6y\u00e7ay sakini S\u0259buhi Quliyev Meydan TV-y\u0259 dan\u0131\u015f\u0131r ki, dekabr\u0131n 25-d\u0259 g\u00fcnorta saat 5-in yar\u0131s\u0131nda G\u00f6y\u00e7ay Rayon \u0130cra v\u0259 Probasiya Xidm\u0259tinin Samir, P\u00fcnhan v\u0259 ad\u0131n\u0131 bilm\u0259diyi daha bir \u0259m\u0259kda\u015f\u0131 onun ya\u015fad\u0131\u011f\u0131 \u00fcnvana g\u0259lib. T\u0259l\u0259b edibl\u0259r ki, onlarla birlikd\u0259 m\u0259hk\u0259m\u0259y\u0259 getsin. S\u0259buhi Quliyev m\u0259hk\u0259m\u0259 bildiri\u015fi olmad\u0131\u011f\u0131na g\u00f6r\u0259 onlarla getm\u0259kd\u0259n imtina edib. N\u0259tic\u0259d\u0259 d\u00f6y\u00fcld\u00fcy\u00fcn\u00fc iddia edir:<\/p>\n<p>  \u201cDedim, siz bura v\u0259zif\u0259nizi yerin\u0259 yetirm\u0259y\u0259 g\u0259lmisinizs\u0259, s\u0259n\u0259d g\u00f6st\u0259rin. M\u00fclki geyimd\u0259siz, s\u0259n\u0259d d\u0259 t\u0259qdim etmirsiz, m\u0259n hardan bilim sizin kim oldu\u011funuzu? B\u0259lk\u0259 m\u0259ni \u00f6ld\u00fcrm\u0259y\u0259 apar\u0131rs\u0131z&#8230; M\u0259n\u0259 \u0259l qad\u0131randa telefonu g\u00f6t\u00fcrd\u00fcm ki, Daxili \u0130\u015fl\u0259r Nazirliyinin \u201c102\u201d xidm\u0259tin\u0259 z\u0259ng vurum. Dedil\u0259r, indi \u00f6z\u00fcm\u00fcz s\u0259ni polis \u015f\u00f6b\u0259sin\u0259 basaca\u011f\u0131q, yaz\u0131b qoyaca\u011f\u0131q ki, biz\u0259 m\u00fcqavim\u0259t g\u00f6st\u0259rmis\u0259n, x\u0259sar\u0259t yetirmis\u0259n&#8230; Sonra da \u00e7\u0131x\u0131b getdil\u0259r\u201d.<\/p>\n<p>  S\u0259buhi Quliyev deyir, icra m\u0259murlar\u0131 getdikd\u0259n sonra D\u0130N \u201c102\u201d xidm\u0259tin\u0259 v\u0259 T\u0259cili Yard\u0131ma z\u0259ng vurub:<\/p>\n<p>  \u201cX\u0259st\u0259xanada m\u00fcayin\u0259d\u0259n ke\u00e7dim, ambulator tibbi yard\u0131m g\u00f6st\u0259rildi, ekspertizadan da ke\u00e7dim. X\u0259sar\u0259tl\u0259rim d\u0259 t\u0259sdiql\u0259nib. \u0130cra m\u0259murlar\u0131n\u0131n c\u0259zaland\u0131r\u0131lmas\u0131na \u00e7al\u0131\u015facam. Bu g\u00fcn m\u0259n onlar\u0131n c\u0259zaland\u0131r\u0131lmas\u0131na nail olmasam, sabah onlar bunu bir ba\u015fqas\u0131n\u0131n da qap\u0131ya ged\u0259r\u0259k t\u0259krarlayacaqlar\u201d.<\/p>\n<p>  S\u0259buhi Quliyev deyir, ba\u015f vermi\u015f hadis\u0259 x\u0259st\u0259 anas\u0131na da t\u0259sirsiz \u00f6t\u00fc\u015fm\u0259yib.\n<\/p>\n<p>\n  S\u0259buhi Quliyev aliment \u00f6d\u0259yicisidir. \u0130cra m\u0259murlar\u0131 da ya\u015fad\u0131\u011f\u0131 \u00fcnvana dekabr ay\u0131 \u00fc\u00e7\u00fcn 90 manat m\u0259bl\u0259\u011find\u0259 alimenti \u00f6d\u0259m\u0259diyin\u0259 g\u00f6r\u0259 g\u0259libl\u0259r.<\/p>\n<p>  H\u00fcquq\u015f\u00fcnas Vaqif Al\u0131yev deyir, \u0259g\u0259r hadis\u0259l\u0259r v\u0259 s\u0259b\u0259b h\u0259qiq\u0259t\u0259n d\u0259 v\u0259t\u0259nda\u015f\u0131n dediyi kimidirs\u0259, burada icra m\u0259murlar\u0131n h\u0259r\u0259k\u0259tind\u0259 qanun pozuntusu var:<\/p>\n<p>  \u201c\u018fvv\u0259la, dekabr\u0131n 25-d\u0259 v\u0259t\u0259nda\u015fdan alimentin t\u0259l\u0259b olunmas\u0131 \u00f6z\u00fc qanunsuzdur. \u00c7\u00fcnki t\u0259l\u0259b olunan tarixl\u0259 t\u0259qvim ay\u0131n\u0131n bitm\u0259si aras\u0131nda h\u0259l\u0259 bir h\u0259ft\u0259 m\u00fcdd\u0259t var. \u0130kincisi, v\u0259t\u0259nda\u015f h\u0259tta alimenti gecikdirs\u0259ydi d\u0259, bir-iki ay gecikm\u0259y\u0259 g\u00f6r\u0259 \u00f6d\u0259yicini m\u0259hk\u0259m\u0259y\u0259 vermirl\u0259r, c\u0259zaland\u0131rm\u0131rlar. Bu, aylarla \u00f6d\u0259ni\u015f etm\u0259y\u0259nd\u0259 v\u0259 m\u0259bl\u0259\u011f \u015fi\u015f\u0259nd\u0259 ba\u015f verir. Aylarla alimenti \u00f6d\u0259m\u0259y\u0259n \u015f\u0259xs \u0259vv\u0259l m\u0259hk\u0259m\u0259y\u0259 verilir, r\u0259smi qaydada m\u0259hk\u0259m\u0259 iclas\u0131na \u00e7a\u011f\u0131r\u0131l\u0131r. \u00c7a\u011f\u0131r\u0131\u015f\u0131 s\u0259b\u0259bsiz yer\u0259 icra etm\u0259dikd\u0259 m\u0259cburi g\u0259tirilm\u0259 q\u0259rar\u0131 \u00e7\u0131xar\u0131l\u0131r. V\u0259t\u0259nda\u015f icra m\u0259murlar\u0131n\u0131n h\u0259r\u0259k\u0259tl\u0259rind\u0259n \u015fikay\u0259t etm\u0259lidir\u201d.<\/p>\n<p>  G\u00f6y\u00e7ay rayon \u0130cra v\u0259 Probasiya Xidm\u0259tind\u0259n S\u0259buhi Quliyevin dedikl\u0259ri t\u0259kzib olunub. Bildirilib ki, S\u0259buhi Quliyev\u0259 alimentin vaxt\u0131nda \u00f6d\u0259nilm\u0259si il\u0259 ba\u011fl\u0131 x\u0259b\u0259rdarl\u0131q etm\u0259k \u00fc\u00e7\u00fcn bir icra m\u0259muru gedib, S\u0259buhi Quliyevs\u0259 onu t\u0259hqir ed\u0259r\u0259k qovub.<\/p>\n<p>  G\u00f6y\u00e7ay Rayon Polis \u015e\u00f6b\u0259sind\u0259n bildirilib ki, S\u0259buhi Quliyevin rayon \u0130cra v\u0259 Probasiya Xidm\u0259tinin \u0259m\u0259kda\u015flar\u0131n\u0131n h\u0259r\u0259k\u0259tl\u0259rind\u0259n \u015fikay\u0259ti t\u0259hqiqat\u00e7\u0131dad\u0131r v\u0259 ara\u015fd\u0131r\u0131l\u0131r.\n<\/p><\/p>\n","protected":false},"excerpt":{"rendered":"<p>&#8221;Dedil\u0259r, indi \u00f6z\u00fcm\u00fcz s\u0259ni polis \u015f\u00f6b\u0259sin\u0259 basaca\u011f\u0131q, yaz\u0131b qoyaca\u011f\u0131q ki, biz\u0259 m\u00fcqavim\u0259t g\u00f6st\u0259rmis\u0259n&#8221;<\/p>\n","protected":false},"author":11,"featured_media":115033,"comment_status":"closed","ping_status":"open","sticky":false,"template":"","format":"standard","meta":{"_acf_changed":false,"_sitemap_exclude":false,"_sitemap_priority":"","_sitemap_frequency":"","footnotes":""},"categories":[60],"tags":[],"class_list":["post-193282","post","type-post","status-publish","format-standard","has-post-thumbnail","hentry","category-bolge","infinite-scroll-item","generate-columns","tablet-grid-50","mobile-grid-100","grid-parent","grid-33","no-featured-image-padding"],"acf":[],"yoast_head":"<!-- This site is optimized with the Yoast SEO plugin v27.4 - https:\/\/yoast.com\/product\/yoast-seo-wordpress\/ -->\n<title>G\u00f6y\u00e7ay sakini: Qap\u0131ya g\u0259l\u0259n icra m\u0259murlar\u0131 m\u0259ni d\u00f6yd\u00fc - MEYDAN.TV<\/title>\n<meta name=\"robots\" content=\"index, follow, max-snippet:-1, max-image-preview:large, max-video-preview:-1\" \/>\n<link rel=\"canonical\" href=\"https:\/\/www.meydan.tv\/az\/article\/goycay-sakini-qapiya-gelen-icra-memurlari-meni-doydu\/\" \/>\n<meta property=\"og:locale\" content=\"az_AZ\" \/>\n<meta property=\"og:type\" content=\"article\" \/>\n<meta property=\"og:title\" content=\"G\u00f6y\u00e7ay sakini: Qap\u0131ya g\u0259l\u0259n icra m\u0259murlar\u0131 m\u0259ni d\u00f6yd\u00fc - MEYDAN.TV\" \/>\n<meta property=\"og:description\" content=\"&#039;&#039;Dedil\u0259r, indi \u00f6z\u00fcm\u00fcz s\u0259ni polis \u015f\u00f6b\u0259sin\u0259 basaca\u011f\u0131q, yaz\u0131b qoyaca\u011f\u0131q ki, biz\u0259 m\u00fcqavim\u0259t g\u00f6st\u0259rmis\u0259n&#039;&#039;\" \/>\n<meta property=\"og:url\" content=\"https:\/\/www.meydan.tv\/az\/article\/goycay-sakini-qapiya-gelen-icra-memurlari-meni-doydu\/\" \/>\n<meta property=\"og:site_name\" content=\"MEYDAN.TV\" \/>\n<meta property=\"article:published_time\" content=\"2018-12-30T23:49:55+00:00\" \/>\n<meta property=\"og:image\" content=\"https:\/\/www.meydan.tv\/wp-content\/uploads\/45823.jpg\" \/>\n\t<meta property=\"og:image:width\" content=\"1280\" \/>\n\t<meta property=\"og:image:height\" content=\"720\" \/>\n\t<meta property=\"og:image:type\" content=\"image\/jpeg\" \/>\n<meta name=\"author\" content=\"user-manager\" \/>\n<meta name=\"twitter:card\" content=\"summary_large_image\" \/>\n<script type=\"application\/ld+json\" class=\"yoast-schema-graph\">{\"@context\":\"https:\\\/\\\/schema.org\",\"@graph\":[{\"@type\":\"Article\",\"@id\":\"https:\\\/\\\/www.meydan.tv\\\/az\\\/article\\\/goycay-sakini-qapiya-gelen-icra-memurlari-meni-doydu\\\/#article\",\"isPartOf\":{\"@id\":\"https:\\\/\\\/www.meydan.tv\\\/az\\\/article\\\/goycay-sakini-qapiya-gelen-icra-memurlari-meni-doydu\\\/\"},\"author\":{\"name\":\"user-manager\",\"@id\":\"https:\\\/\\\/www.meydan.tv\\\/az\\\/#\\\/schema\\\/person\\\/10d11eccf6da3662cf5fdab9806ea91a\"},\"headline\":\"G\u00f6y\u00e7ay sakini: Qap\u0131ya g\u0259l\u0259n icra m\u0259murlar\u0131 m\u0259ni d\u00f6yd\u00fc\",\"datePublished\":\"2018-12-30T23:49:55+00:00\",\"mainEntityOfPage\":{\"@id\":\"https:\\\/\\\/www.meydan.tv\\\/az\\\/article\\\/goycay-sakini-qapiya-gelen-icra-memurlari-meni-doydu\\\/\"},\"wordCount\":765,\"publisher\":{\"@id\":\"https:\\\/\\\/www.meydan.tv\\\/az\\\/#organization\"},\"image\":{\"@id\":\"https:\\\/\\\/www.meydan.tv\\\/az\\\/article\\\/goycay-sakini-qapiya-gelen-icra-memurlari-meni-doydu\\\/#primaryimage\"},\"thumbnailUrl\":\"https:\\\/\\\/www.meydan.tv\\\/wp-content\\\/uploads\\\/45823.jpg\",\"articleSection\":[\"B\u00f6lg\u0259\"],\"inLanguage\":\"az\"},{\"@type\":\"WebPage\",\"@id\":\"https:\\\/\\\/www.meydan.tv\\\/az\\\/article\\\/goycay-sakini-qapiya-gelen-icra-memurlari-meni-doydu\\\/\",\"url\":\"https:\\\/\\\/www.meydan.tv\\\/az\\\/article\\\/goycay-sakini-qapiya-gelen-icra-memurlari-meni-doydu\\\/\",\"name\":\"G\u00f6y\u00e7ay sakini: Qap\u0131ya g\u0259l\u0259n icra m\u0259murlar\u0131 m\u0259ni d\u00f6yd\u00fc - MEYDAN.TV\",\"isPartOf\":{\"@id\":\"https:\\\/\\\/www.meydan.tv\\\/az\\\/#website\"},\"primaryImageOfPage\":{\"@id\":\"https:\\\/\\\/www.meydan.tv\\\/az\\\/article\\\/goycay-sakini-qapiya-gelen-icra-memurlari-meni-doydu\\\/#primaryimage\"},\"image\":{\"@id\":\"https:\\\/\\\/www.meydan.tv\\\/az\\\/article\\\/goycay-sakini-qapiya-gelen-icra-memurlari-meni-doydu\\\/#primaryimage\"},\"thumbnailUrl\":\"https:\\\/\\\/www.meydan.tv\\\/wp-content\\\/uploads\\\/45823.jpg\",\"datePublished\":\"2018-12-30T23:49:55+00:00\",\"breadcrumb\":{\"@id\":\"https:\\\/\\\/www.meydan.tv\\\/az\\\/article\\\/goycay-sakini-qapiya-gelen-icra-memurlari-meni-doydu\\\/#breadcrumb\"},\"inLanguage\":\"az\",\"potentialAction\":[{\"@type\":\"ReadAction\",\"target\":[\"https:\\\/\\\/www.meydan.tv\\\/az\\\/article\\\/goycay-sakini-qapiya-gelen-icra-memurlari-meni-doydu\\\/\"]}]},{\"@type\":\"ImageObject\",\"inLanguage\":\"az\",\"@id\":\"https:\\\/\\\/www.meydan.tv\\\/az\\\/article\\\/goycay-sakini-qapiya-gelen-icra-memurlari-meni-doydu\\\/#primaryimage\",\"url\":\"https:\\\/\\\/www.meydan.tv\\\/wp-content\\\/uploads\\\/45823.jpg\",\"contentUrl\":\"https:\\\/\\\/www.meydan.tv\\\/wp-content\\\/uploads\\\/45823.jpg\",\"width\":1280,\"height\":720,\"caption\":\"Source:\"},{\"@type\":\"BreadcrumbList\",\"@id\":\"https:\\\/\\\/www.meydan.tv\\\/az\\\/article\\\/goycay-sakini-qapiya-gelen-icra-memurlari-meni-doydu\\\/#breadcrumb\",\"itemListElement\":[{\"@type\":\"ListItem\",\"position\":1,\"name\":\"Ana s\u0259hif\u0259\",\"item\":\"https:\\\/\\\/www.meydan.tv\\\/az\\\/\"},{\"@type\":\"ListItem\",\"position\":2,\"name\":\"B\u00f6lg\u0259\",\"item\":\"https:\\\/\\\/www.meydan.tv\\\/az\\\/section\\\/bolge\\\/\"},{\"@type\":\"ListItem\",\"position\":3,\"name\":\"G\u00f6y\u00e7ay sakini: Qap\u0131ya g\u0259l\u0259n icra m\u0259murlar\u0131 m\u0259ni d\u00f6yd\u00fc\"}]},{\"@type\":\"WebSite\",\"@id\":\"https:\\\/\\\/www.meydan.tv\\\/az\\\/#website\",\"url\":\"https:\\\/\\\/www.meydan.tv\\\/az\\\/\",\"name\":\"MEYDAN.TV\",\"description\":\"Meydan TV Az\u0259rbaycan\u0131n media m\u0259kan\u0131ndak\u0131 alternativ s\u0259sidir\",\"publisher\":{\"@id\":\"https:\\\/\\\/www.meydan.tv\\\/az\\\/#organization\"},\"potentialAction\":[{\"@type\":\"SearchAction\",\"target\":{\"@type\":\"EntryPoint\",\"urlTemplate\":\"https:\\\/\\\/www.meydan.tv\\\/az\\\/?s={search_term_string}\"},\"query-input\":{\"@type\":\"PropertyValueSpecification\",\"valueRequired\":true,\"valueName\":\"search_term_string\"}}],\"inLanguage\":\"az\"},{\"@type\":\"Organization\",\"@id\":\"https:\\\/\\\/www.meydan.tv\\\/az\\\/#organization\",\"name\":\"Meydan TV\",\"url\":\"https:\\\/\\\/www.meydan.tv\\\/az\\\/\",\"logo\":{\"@type\":\"ImageObject\",\"inLanguage\":\"az\",\"@id\":\"https:\\\/\\\/www.meydan.tv\\\/az\\\/#\\\/schema\\\/logo\\\/image\\\/\",\"url\":\"https:\\\/\\\/www.meydan.tv\\\/wp-content\\\/uploads\\\/2021\\\/07\\\/meydan-logo.svg\",\"contentUrl\":\"https:\\\/\\\/www.meydan.tv\\\/wp-content\\\/uploads\\\/2021\\\/07\\\/meydan-logo.svg\",\"width\":195,\"height\":46,\"caption\":\"Meydan TV\"},\"image\":{\"@id\":\"https:\\\/\\\/www.meydan.tv\\\/az\\\/#\\\/schema\\\/logo\\\/image\\\/\"}},{\"@type\":\"Person\",\"@id\":\"https:\\\/\\\/www.meydan.tv\\\/az\\\/#\\\/schema\\\/person\\\/10d11eccf6da3662cf5fdab9806ea91a\",\"name\":\"user-manager\"}]}<\/script>\n<!-- \/ Yoast SEO plugin. -->","yoast_head_json":{"title":"G\u00f6y\u00e7ay sakini: Qap\u0131ya g\u0259l\u0259n icra m\u0259murlar\u0131 m\u0259ni d\u00f6yd\u00fc - MEYDAN.TV","robots":{"index":"index","follow":"follow","max-snippet":"max-snippet:-1","max-image-preview":"max-image-preview:large","max-video-preview":"max-video-preview:-1"},"canonical":"https:\/\/www.meydan.tv\/az\/article\/goycay-sakini-qapiya-gelen-icra-memurlari-meni-doydu\/","og_locale":"az_AZ","og_type":"article","og_title":"G\u00f6y\u00e7ay sakini: Qap\u0131ya g\u0259l\u0259n icra m\u0259murlar\u0131 m\u0259ni d\u00f6yd\u00fc - MEYDAN.TV","og_description":"''Dedil\u0259r, indi \u00f6z\u00fcm\u00fcz s\u0259ni polis \u015f\u00f6b\u0259sin\u0259 basaca\u011f\u0131q, yaz\u0131b qoyaca\u011f\u0131q ki, biz\u0259 m\u00fcqavim\u0259t g\u00f6st\u0259rmis\u0259n''","og_url":"https:\/\/www.meydan.tv\/az\/article\/goycay-sakini-qapiya-gelen-icra-memurlari-meni-doydu\/","og_site_name":"MEYDAN.TV","article_published_time":"2018-12-30T23:49:55+00:00","og_image":[{"width":1280,"height":720,"url":"https:\/\/www.meydan.tv\/wp-content\/uploads\/45823.jpg","type":"image\/jpeg"}],"author":"user-manager","twitter_card":"summary_large_image","schema":{"@context":"https:\/\/schema.org","@graph":[{"@type":"Article","@id":"https:\/\/www.meydan.tv\/az\/article\/goycay-sakini-qapiya-gelen-icra-memurlari-meni-doydu\/#article","isPartOf":{"@id":"https:\/\/www.meydan.tv\/az\/article\/goycay-sakini-qapiya-gelen-icra-memurlari-meni-doydu\/"},"author":{"name":"user-manager","@id":"https:\/\/www.meydan.tv\/az\/#\/schema\/person\/10d11eccf6da3662cf5fdab9806ea91a"},"headline":"G\u00f6y\u00e7ay sakini: Qap\u0131ya g\u0259l\u0259n icra m\u0259murlar\u0131 m\u0259ni d\u00f6yd\u00fc","datePublished":"2018-12-30T23:49:55+00:00","mainEntityOfPage":{"@id":"https:\/\/www.meydan.tv\/az\/article\/goycay-sakini-qapiya-gelen-icra-memurlari-meni-doydu\/"},"wordCount":765,"publisher":{"@id":"https:\/\/www.meydan.tv\/az\/#organization"},"image":{"@id":"https:\/\/www.meydan.tv\/az\/article\/goycay-sakini-qapiya-gelen-icra-memurlari-meni-doydu\/#primaryimage"},"thumbnailUrl":"https:\/\/www.meydan.tv\/wp-content\/uploads\/45823.jpg","articleSection":["B\u00f6lg\u0259"],"inLanguage":"az"},{"@type":"WebPage","@id":"https:\/\/www.meydan.tv\/az\/article\/goycay-sakini-qapiya-gelen-icra-memurlari-meni-doydu\/","url":"https:\/\/www.meydan.tv\/az\/article\/goycay-sakini-qapiya-gelen-icra-memurlari-meni-doydu\/","name":"G\u00f6y\u00e7ay sakini: Qap\u0131ya g\u0259l\u0259n icra m\u0259murlar\u0131 m\u0259ni d\u00f6yd\u00fc - MEYDAN.TV","isPartOf":{"@id":"https:\/\/www.meydan.tv\/az\/#website"},"primaryImageOfPage":{"@id":"https:\/\/www.meydan.tv\/az\/article\/goycay-sakini-qapiya-gelen-icra-memurlari-meni-doydu\/#primaryimage"},"image":{"@id":"https:\/\/www.meydan.tv\/az\/article\/goycay-sakini-qapiya-gelen-icra-memurlari-meni-doydu\/#primaryimage"},"thumbnailUrl":"https:\/\/www.meydan.tv\/wp-content\/uploads\/45823.jpg","datePublished":"2018-12-30T23:49:55+00:00","breadcrumb":{"@id":"https:\/\/www.meydan.tv\/az\/article\/goycay-sakini-qapiya-gelen-icra-memurlari-meni-doydu\/#breadcrumb"},"inLanguage":"az","potentialAction":[{"@type":"ReadAction","target":["https:\/\/www.meydan.tv\/az\/article\/goycay-sakini-qapiya-gelen-icra-memurlari-meni-doydu\/"]}]},{"@type":"ImageObject","inLanguage":"az","@id":"https:\/\/www.meydan.tv\/az\/article\/goycay-sakini-qapiya-gelen-icra-memurlari-meni-doydu\/#primaryimage","url":"https:\/\/www.meydan.tv\/wp-content\/uploads\/45823.jpg","contentUrl":"https:\/\/www.meydan.tv\/wp-content\/uploads\/45823.jpg","width":1280,"height":720,"caption":"Source:"},{"@type":"BreadcrumbList","@id":"https:\/\/www.meydan.tv\/az\/article\/goycay-sakini-qapiya-gelen-icra-memurlari-meni-doydu\/#breadcrumb","itemListElement":[{"@type":"ListItem","position":1,"name":"Ana s\u0259hif\u0259","item":"https:\/\/www.meydan.tv\/az\/"},{"@type":"ListItem","position":2,"name":"B\u00f6lg\u0259","item":"https:\/\/www.meydan.tv\/az\/section\/bolge\/"},{"@type":"ListItem","position":3,"name":"G\u00f6y\u00e7ay sakini: Qap\u0131ya g\u0259l\u0259n icra m\u0259murlar\u0131 m\u0259ni d\u00f6yd\u00fc"}]},{"@type":"WebSite","@id":"https:\/\/www.meydan.tv\/az\/#website","url":"https:\/\/www.meydan.tv\/az\/","name":"MEYDAN.TV","description":"Meydan TV Az\u0259rbaycan\u0131n media m\u0259kan\u0131ndak\u0131 alternativ s\u0259sidir","publisher":{"@id":"https:\/\/www.meydan.tv\/az\/#organization"},"potentialAction":[{"@type":"SearchAction","target":{"@type":"EntryPoint","urlTemplate":"https:\/\/www.meydan.tv\/az\/?s={search_term_string}"},"query-input":{"@type":"PropertyValueSpecification","valueRequired":true,"valueName":"search_term_string"}}],"inLanguage":"az"},{"@type":"Organization","@id":"https:\/\/www.meydan.tv\/az\/#organization","name":"Meydan TV","url":"https:\/\/www.meydan.tv\/az\/","logo":{"@type":"ImageObject","inLanguage":"az","@id":"https:\/\/www.meydan.tv\/az\/#\/schema\/logo\/image\/","url":"https:\/\/www.meydan.tv\/wp-content\/uploads\/2021\/07\/meydan-logo.svg","contentUrl":"https:\/\/www.meydan.tv\/wp-content\/uploads\/2021\/07\/meydan-logo.svg","width":195,"height":46,"caption":"Meydan TV"},"image":{"@id":"https:\/\/www.meydan.tv\/az\/#\/schema\/logo\/image\/"}},{"@type":"Person","@id":"https:\/\/www.meydan.tv\/az\/#\/schema\/person\/10d11eccf6da3662cf5fdab9806ea91a","name":"user-manager"}]}},"_links":{"self":[{"href":"https:\/\/www.meydan.tv\/az\/wp-json\/wp\/v2\/posts\/193282","targetHints":{"allow":["GET"]}}],"collection":[{"href":"https:\/\/www.meydan.tv\/az\/wp-json\/wp\/v2\/posts"}],"about":[{"href":"https:\/\/www.meydan.tv\/az\/wp-json\/wp\/v2\/types\/post"}],"author":[{"embeddable":true,"href":"https:\/\/www.meydan.tv\/az\/wp-json\/wp\/v2\/users\/11"}],"replies":[{"embeddable":true,"href":"https:\/\/www.meydan.tv\/az\/wp-json\/wp\/v2\/comments?post=193282"}],"version-history":[{"count":0,"href":"https:\/\/www.meydan.tv\/az\/wp-json\/wp\/v2\/posts\/193282\/revisions"}],"wp:featuredmedia":[{"embeddable":true,"href":"https:\/\/www.meydan.tv\/az\/wp-json\/wp\/v2\/media\/115033"}],"wp:attachment":[{"href":"https:\/\/www.meydan.tv\/az\/wp-json\/wp\/v2\/media?parent=193282"}],"wp:term":[{"taxonomy":"category","embeddable":true,"href":"https:\/\/www.meydan.tv\/az\/wp-json\/wp\/v2\/categories?post=193282"},{"taxonomy":"post_tag","embeddable":true,"href":"https:\/\/www.meydan.tv\/az\/wp-json\/wp\/v2\/tags?post=193282"}],"curies":[{"name":"wp","href":"https:\/\/api.w.org\/{rel}","templated":true}]}}