{"id":193281,"date":"2018-12-30T18:45:50","date_gmt":"2018-12-30T18:45:50","guid":{"rendered":"https:\/\/www.meydan.tv\/article\/muhum-tedbirlere-xerclenen-milyonlar\/"},"modified":"2018-12-30T18:45:50","modified_gmt":"2018-12-30T18:45:50","slug":"muhum-tedbirlere-xerclenen-milyonlar","status":"publish","type":"post","link":"https:\/\/www.meydan.tv\/az\/article\/muhum-tedbirlere-xerclenen-milyonlar\/","title":{"rendered":"&#8221;M\u00fch\u00fcm t\u0259dbirl\u0259r&#8221;\u0259 x\u0259rcl\u0259n\u0259n milyonlar"},"content":{"rendered":"<figure class=\"wp-block-image size-large\">\n  <img decoding=\"async\" src=\"https:\/\/www.meydan.tv\/az\/115006\/\" alt=\"\" class=\"wp-image-115006\"\/><figcaption><\/figcaption><\/figure>\n<p>\n  <i><br \/>\n    Son 4 ayda Prezidentin Ehtiyat Fondundan &#8221;Az\u0259renerji&#8221;y\u0259 140 milyon manat ayr\u0131l\u0131b<br \/>\n  <\/i><\/p>\n<p>  Milli M\u0259clisd\u0259 b\u00fcdc\u0259 m\u00fczakir\u0259l\u0259ri h\u0259mi\u015f\u0259 s\u00f6n\u00fck ke\u00e7ir. Qabaqlar buna g\u00f6r\u0259 \u0259s\u0259bil\u0259\u015firdim, deputatlar\u0131n qaras\u0131nca deyinirdim ki, bunlar ham\u0131s\u0131 saxta mandat ald\u0131qlar\u0131na g\u00f6r\u0259 bel\u0259 edir. Ancaq zaman ke\u00e7dikc\u0259 onlar\u0131 anlama\u011fa ba\u015flad\u0131m. X\u00fcsusil\u0259 Oqtay \u018fs\u0259dovun \u201cparlament m\u00fczakir\u0259 yeri deyil\u201d s\u00f6z\u00fcnd\u0259n sonra. Bu s\u00f6zd\u0259n sonra deputat ya mandat\u0131yla vidala\u015fmal\u0131, ya da a\u011fz\u0131n\u0131 q\u0131f\u0131llamal\u0131d\u0131r. Arif\u0259 bir i\u015far\u0259&#8230; bizimkil\u0259r ikinci yolu se\u00e7di. H\u0259m d\u0259 \u0259d\u0259biyyatdan ba\u015f\u0131 \u00e7\u0131xan h\u0259mkarlar\u0131 onlara sirr a\u00e7d\u0131: \u201cH\u00f6km onun h\u00f6km\u00fcd\u00fcr, f\u0259rman onun f\u0259rman\u0131d\u0131r\u201d.\n<\/p>\n<p>\n  2018-ci ilin d\u00f6vl\u0259t b\u00fcdc\u0259sind\u0259 Prezidentin Ehtiyat Fondu 304 milyon manat m\u00fc\u0259yy\u0259nl\u0259\u015fmi\u015fdi. Bilm\u0259y\u0259nl\u0259r \u00fc\u00e7\u00fcn dey\u0259k ki, Az\u0259rbaycan Prezidentinin Ehtiyat Fondunun v\u0259saitinin h\u0259cmi d\u00f6vl\u0259t b\u00fcdc\u0259si g\u0259lirl\u0259rinin 2 faizind\u0259n \u00e7ox olmamaqla m\u00fc\u0259yy\u0259n edilir. Bu Fondun v\u0259saiti \u00f6lk\u0259nin sosial-iqtisadi h\u0259yat\u0131nda m\u00fch\u00fcm \u0259h\u0259miyy\u0259t k\u0259sb ed\u0259n t\u0259dbirl\u0259r\u0259 y\u00f6n\u0259ldilir. Bu v\u0259saitl\u0259rin istifad\u0259 m\u00fcdd\u0259ti m\u00fcvafiq b\u00fcdc\u0259 ilinin sonunda ba\u015fa \u00e7at\u0131r. &#8211; B\u00fcdc\u0259 sistemi haqq\u0131nda Az\u0259rbaycan Respublikas\u0131n\u0131n Qanununda bel\u0259 yaz\u0131l\u0131b. Sonuncu c\u00fcml\u0259 bu v\u0259saitin ilin sonunda niy\u0259 t\u0259l\u0259sik x\u0259rcl\u0259nm\u0259sin\u0259 az da olsa ayd\u0131nl\u0131q g\u0259tirir.<\/p>\n<p>  \u201cSosial-iqtisadi h\u0259yatda m\u00fch\u00fcm \u0259h\u0259miyy\u0259t k\u0259sb ed\u0259n t\u0259dbirl\u0259r\u201d anlay\u0131\u015f\u0131n\u0131 kim nec\u0259 ist\u0259yirs\u0259, el\u0259c\u0259 d\u0259 q\u0259bul etsin. Ancaq Prezident Administrasiyas\u0131nda onun anlam\u0131 birdir; yol tikintisi, evl\u0259rin dam \u00f6rt\u00fcy\u00fcn\u00fcn d\u0259yi\u015fdirilm\u0259si, bir d\u0259 regionlar\u0131n sosial-iqtisadi inki\u015faf\u0131. Bu \u201csosial-iqtisadi inki\u015faf\u201d is\u0259 rayonlarda Heyd\u0259r \u018fliyevin heyk\u0259linin \u0259traf\u0131nda apar\u0131lan \u201cabadl\u0131q v\u0259 quruculuq i\u015fl\u0259ri\u201ddir, heyk\u0259ll\u0259rin yenil\u0259nm\u0259sini d\u0259 bura aid etm\u0259k olar. B\u00fct\u00fcn bunlar\u0131sa \u201c\u00f6lk\u0259nin sosial-iqtisadi h\u0259yat\u0131nda m\u00fch\u00fcm \u0259h\u0259miyy\u0259t k\u0259sb ed\u0259n t\u0259dbirl\u0259r\u201d saymaq olar, yoxsa olmaz se\u00e7imi qar\u015f\u0131s\u0131nda qalmama\u011f\u0131n\u0131z \u00fc\u00e7\u00fcn h\u0259min fonddan ayr\u0131lan sonuncudan \u0259vv\u0259lki s\u0259r\u0259ncam\u0131 diqq\u0259tiniz\u0259 \u00e7atd\u0131rmaq ist\u0259yir\u0259m:\n<\/p>\n<p>\n  \u201cAz\u0259rbaycan Respublikas\u0131n\u0131n 2018-ci il d\u00f6vl\u0259t b\u00fcdc\u0259sind\u0259 n\u0259z\u0259rd\u0259 tutulmu\u015f Az\u0259rbaycan Respublikas\u0131 Prezidentinin Ehtiyat Fondundan Qafqaz M\u00fcs\u0259lmanlar\u0131 \u0130dar\u0259sin\u0259 4,0 (d\u00f6rd) milyon manat ayr\u0131ls\u0131n\u201d.\n<\/p>\n<p>\n  Niy\u0259 QM\u0130? \u201c\u00d6lk\u0259nin sosial-iqtisadi h\u0259yat\u0131nda m\u00fch\u00fcm \u0259h\u0259miyy\u0259t\u201di n\u0259dir bu qurumun? Ad\u0259t\u0259n s\u0259r\u0259ncamlarda v\u0259saitin hans\u0131 m\u0259qs\u0259d \u00fc\u00e7\u00fcn ayr\u0131ld\u0131\u011f\u0131 yaz\u0131l\u0131r, y\u0259ni ay\u0131rma \u0259sasland\u0131r\u0131l\u0131r. Onun \u00f6lk\u0259nin sosial-iqtisadi h\u0259yat\u0131nda m\u00fch\u00fcml\u00fcy\u00fc vur\u011fulan\u0131r. Bu s\u0259r\u0259ncamdasa he\u00e7 \u0259ziyy\u0259t \u00e7\u0259kib n\u0259yis\u0259 \u0259sasland\u0131rma\u011fa \u00e7al\u0131\u015fmay\u0131blar. Sad\u0259c\u0259 \u00f6zl\u0259rini \u00e7ox r\u0259smi apar\u0131blar: Qafqaz M\u00fcs\u0259lmanlar\u0131 \u0130dar\u0259sin\u0259 4 milyon manat ayr\u0131ls\u0131n. Baxmayaraq ki, bu idar\u0259nin uzaqdan-yax\u0131ndan sosial-iqtisadi sah\u0259yl\u0259 h\u0259r hans\u0131 \u0259laq\u0259si yoxdur. Burada \u0259sas i\u015f \u00f6l\u00fc yumaq, ehsan verm\u0259kdir. Bu i\u015fl\u0259rin d\u0259 iqtisadiyyata h\u0259r hans\u0131 faydas\u0131ndan, m\u00fch\u00fcm \u0259h\u0259miyy\u0259tind\u0259n dan\u0131\u015fmaq yersizdir. S\u0259r\u0259ncam\u0131n birc\u0259 anlam\u0131 var: kefim bu c\u00fcr ist\u0259yir. X\u0259rc m\u0259s\u0259l\u0259sis\u0259 qal\u0131r \u015eeyxin insaf\u0131na, x\u0259rcl\u0259y\u0259 d\u0259 bil\u0259r, s\u0259r\u0259ncam sahibin\u0259 h\u0259diyy\u0259 d\u0259 ed\u0259 bil\u0259r. M\u00f6ht\u0259r\u0259m \u015eeyx&#8230; yox, n\u0259s\u0259 dem\u0259k art\u0131qd\u0131r&#8230;<br \/>\n  <br \/>\n  \u018fslind\u0259, d\u0259f\u0259l\u0259rl\u0259 deyilib, b\u00fcdc\u0259 v\u0259saitl\u0259rinin daha \u00e7ox ilin sonunda tezbazar x\u0259rcl\u0259nm\u0259si il\u0259 ba\u011fl\u0131 iqtisad\u00e7\u0131lar, jurnalist dostlar yaz\u0131b. Ancaq he\u00e7 bir n\u0259tic\u0259 olmay\u0131b. Y\u0259ni sev\u0259-sev\u0259 t\u0259krarlad\u0131qlar\u0131 stabillikdir; stabil yeyinti, stabil korrupsiya. Bu il d\u0259 eyni \u015fey t\u0259krarlan\u0131b. M\u0259s\u0259l\u0259n, Prezidentin Ehtiyat Fondunda bu il \u00fc\u00e7\u00fcn n\u0259z\u0259rd\u0259 tutulan 304 milyon manat v\u0259saitin 216 milyon 60 min manat\u0131 2018-in son 4 ay\u0131nda x\u0259rcl\u0259nib. Onun da 140 milyon manat\u0131 t\u0259kc\u0259 bir quruma &#8211; \u201cAz\u0259renerji\u201dy\u0259 ayr\u0131l\u0131b. C\u0259mi 5 s\u0259r\u0259ncamla. H\u0259m d\u0259 \u201cAz\u0259renerji\u201dnin nizamnam\u0259 kapital\u0131n\u0131n art\u0131r\u0131lmas\u0131 \u00fc\u00e7\u00fcn. \u018fslind\u0259, 5 s\u0259r\u0259ncam imzalama\u011fa da d\u0259ym\u0259zdi, art\u0131q ka\u011f\u0131z s\u0259rf olunub, s\u0259r\u0259ncam\u0131 sayta yerl\u0259\u015fdir\u0259n 5 d\u0259f\u0259 \u0259ziyy\u0259t \u00e7\u0259kib,.. el\u0259 bir s\u0259r\u0259ncam da yet\u0259rdi.\n<\/p>\n<p>\n  \u0130nformasiyas\u0131 olmayanlara: 4 ay qabaq \u201cAz\u0259renerji\u201dy\u0259 r\u0259hb\u0259rlik Baba Rzayev\u0259 tap\u015f\u0131r\u0131l\u0131b&#8230;\n<\/p>\n<p>\n  \u00dcmumilikd\u0259 is\u0259 Prezidentin Ehtiyat Fondundan bu il 276 milyon 860 min manat v\u0259sait x\u0259rcl\u0259nib. H\u0259l\u0259lik sonuncu s\u0259r\u0259ncam (28.12.2018)Bin\u0259q\u0259di rayonunda abadl\u0131q-quruculuq t\u0259dbirl\u0259rinin davam etdirilm\u0259si il\u0259 ba\u011fl\u0131 olub. Bu i\u015f\u0259 1 milyon 500 min manat ayr\u0131l\u0131b&#8230;<\/p>\n","protected":false},"excerpt":{"rendered":"<p>Son 4 ayda Prezidentin Ehtiyat Fondundan &#8221;Az\u0259renerji&#8221;y\u0259 140 milyon manat ayr\u0131l\u0131b<\/p>\n","protected":false},"author":11,"featured_media":115006,"comment_status":"closed","ping_status":"open","sticky":false,"template":"","format":"standard","meta":{"_acf_changed":false,"_sitemap_exclude":false,"_sitemap_priority":"","_sitemap_frequency":"","footnotes":""},"categories":[57],"tags":[],"class_list":["post-193281","post","type-post","status-publish","format-standard","has-post-thumbnail","hentry","category-menim-fikrimce","infinite-scroll-item","generate-columns","tablet-grid-50","mobile-grid-100","grid-parent","grid-33","no-featured-image-padding"],"acf":[],"yoast_head":"<!-- This site is optimized with the Yoast SEO plugin v27.4 - https:\/\/yoast.com\/product\/yoast-seo-wordpress\/ -->\n<title>&#039;&#039;M\u00fch\u00fcm t\u0259dbirl\u0259r&#039;&#039;\u0259 x\u0259rcl\u0259n\u0259n milyonlar - MEYDAN.TV<\/title>\n<meta name=\"robots\" content=\"index, follow, max-snippet:-1, max-image-preview:large, max-video-preview:-1\" \/>\n<link rel=\"canonical\" href=\"https:\/\/www.meydan.tv\/az\/article\/muhum-tedbirlere-xerclenen-milyonlar\/\" \/>\n<meta property=\"og:locale\" content=\"az_AZ\" \/>\n<meta property=\"og:type\" content=\"article\" \/>\n<meta property=\"og:title\" content=\"&#039;&#039;M\u00fch\u00fcm t\u0259dbirl\u0259r&#039;&#039;\u0259 x\u0259rcl\u0259n\u0259n milyonlar - MEYDAN.TV\" \/>\n<meta property=\"og:description\" content=\"Son 4 ayda Prezidentin Ehtiyat Fondundan &#039;&#039;Az\u0259renerji&#039;&#039;y\u0259 140 milyon manat ayr\u0131l\u0131b\" \/>\n<meta property=\"og:url\" content=\"https:\/\/www.meydan.tv\/az\/article\/muhum-tedbirlere-xerclenen-milyonlar\/\" \/>\n<meta property=\"og:site_name\" content=\"MEYDAN.TV\" \/>\n<meta property=\"article:published_time\" content=\"2018-12-30T18:45:50+00:00\" \/>\n<meta property=\"og:image\" content=\"https:\/\/www.meydan.tv\/wp-content\/uploads\/45836.jpg\" \/>\n\t<meta property=\"og:image:width\" content=\"1000\" \/>\n\t<meta property=\"og:image:height\" content=\"550\" \/>\n\t<meta property=\"og:image:type\" content=\"image\/jpeg\" \/>\n<meta name=\"author\" content=\"user-manager\" \/>\n<meta name=\"twitter:card\" content=\"summary_large_image\" \/>\n<script type=\"application\/ld+json\" class=\"yoast-schema-graph\">{\"@context\":\"https:\\\/\\\/schema.org\",\"@graph\":[{\"@type\":\"Article\",\"@id\":\"https:\\\/\\\/www.meydan.tv\\\/az\\\/article\\\/muhum-tedbirlere-xerclenen-milyonlar\\\/#article\",\"isPartOf\":{\"@id\":\"https:\\\/\\\/www.meydan.tv\\\/az\\\/article\\\/muhum-tedbirlere-xerclenen-milyonlar\\\/\"},\"author\":{\"name\":\"user-manager\",\"@id\":\"https:\\\/\\\/www.meydan.tv\\\/az\\\/#\\\/schema\\\/person\\\/10d11eccf6da3662cf5fdab9806ea91a\"},\"headline\":\"&#8221;M\u00fch\u00fcm t\u0259dbirl\u0259r&#8221;\u0259 x\u0259rcl\u0259n\u0259n milyonlar\",\"datePublished\":\"2018-12-30T18:45:50+00:00\",\"mainEntityOfPage\":{\"@id\":\"https:\\\/\\\/www.meydan.tv\\\/az\\\/article\\\/muhum-tedbirlere-xerclenen-milyonlar\\\/\"},\"wordCount\":875,\"publisher\":{\"@id\":\"https:\\\/\\\/www.meydan.tv\\\/az\\\/#organization\"},\"image\":{\"@id\":\"https:\\\/\\\/www.meydan.tv\\\/az\\\/article\\\/muhum-tedbirlere-xerclenen-milyonlar\\\/#primaryimage\"},\"thumbnailUrl\":\"https:\\\/\\\/www.meydan.tv\\\/wp-content\\\/uploads\\\/45836.jpg\",\"articleSection\":[\"M\u0259nim Fikrimc\u0259\"],\"inLanguage\":\"az\"},{\"@type\":\"WebPage\",\"@id\":\"https:\\\/\\\/www.meydan.tv\\\/az\\\/article\\\/muhum-tedbirlere-xerclenen-milyonlar\\\/\",\"url\":\"https:\\\/\\\/www.meydan.tv\\\/az\\\/article\\\/muhum-tedbirlere-xerclenen-milyonlar\\\/\",\"name\":\"''M\u00fch\u00fcm t\u0259dbirl\u0259r''\u0259 x\u0259rcl\u0259n\u0259n milyonlar - MEYDAN.TV\",\"isPartOf\":{\"@id\":\"https:\\\/\\\/www.meydan.tv\\\/az\\\/#website\"},\"primaryImageOfPage\":{\"@id\":\"https:\\\/\\\/www.meydan.tv\\\/az\\\/article\\\/muhum-tedbirlere-xerclenen-milyonlar\\\/#primaryimage\"},\"image\":{\"@id\":\"https:\\\/\\\/www.meydan.tv\\\/az\\\/article\\\/muhum-tedbirlere-xerclenen-milyonlar\\\/#primaryimage\"},\"thumbnailUrl\":\"https:\\\/\\\/www.meydan.tv\\\/wp-content\\\/uploads\\\/45836.jpg\",\"datePublished\":\"2018-12-30T18:45:50+00:00\",\"breadcrumb\":{\"@id\":\"https:\\\/\\\/www.meydan.tv\\\/az\\\/article\\\/muhum-tedbirlere-xerclenen-milyonlar\\\/#breadcrumb\"},\"inLanguage\":\"az\",\"potentialAction\":[{\"@type\":\"ReadAction\",\"target\":[\"https:\\\/\\\/www.meydan.tv\\\/az\\\/article\\\/muhum-tedbirlere-xerclenen-milyonlar\\\/\"]}]},{\"@type\":\"ImageObject\",\"inLanguage\":\"az\",\"@id\":\"https:\\\/\\\/www.meydan.tv\\\/az\\\/article\\\/muhum-tedbirlere-xerclenen-milyonlar\\\/#primaryimage\",\"url\":\"https:\\\/\\\/www.meydan.tv\\\/wp-content\\\/uploads\\\/45836.jpg\",\"contentUrl\":\"https:\\\/\\\/www.meydan.tv\\\/wp-content\\\/uploads\\\/45836.jpg\",\"width\":1000,\"height\":550,\"caption\":\"Source:\"},{\"@type\":\"BreadcrumbList\",\"@id\":\"https:\\\/\\\/www.meydan.tv\\\/az\\\/article\\\/muhum-tedbirlere-xerclenen-milyonlar\\\/#breadcrumb\",\"itemListElement\":[{\"@type\":\"ListItem\",\"position\":1,\"name\":\"Ana s\u0259hif\u0259\",\"item\":\"https:\\\/\\\/www.meydan.tv\\\/az\\\/\"},{\"@type\":\"ListItem\",\"position\":2,\"name\":\"M\u0259nim Fikrimc\u0259\",\"item\":\"https:\\\/\\\/www.meydan.tv\\\/az\\\/section\\\/menim-fikrimce\\\/\"},{\"@type\":\"ListItem\",\"position\":3,\"name\":\"&#8221;M\u00fch\u00fcm t\u0259dbirl\u0259r&#8221;\u0259 x\u0259rcl\u0259n\u0259n milyonlar\"}]},{\"@type\":\"WebSite\",\"@id\":\"https:\\\/\\\/www.meydan.tv\\\/az\\\/#website\",\"url\":\"https:\\\/\\\/www.meydan.tv\\\/az\\\/\",\"name\":\"MEYDAN.TV\",\"description\":\"Meydan TV Az\u0259rbaycan\u0131n media m\u0259kan\u0131ndak\u0131 alternativ s\u0259sidir\",\"publisher\":{\"@id\":\"https:\\\/\\\/www.meydan.tv\\\/az\\\/#organization\"},\"potentialAction\":[{\"@type\":\"SearchAction\",\"target\":{\"@type\":\"EntryPoint\",\"urlTemplate\":\"https:\\\/\\\/www.meydan.tv\\\/az\\\/?s={search_term_string}\"},\"query-input\":{\"@type\":\"PropertyValueSpecification\",\"valueRequired\":true,\"valueName\":\"search_term_string\"}}],\"inLanguage\":\"az\"},{\"@type\":\"Organization\",\"@id\":\"https:\\\/\\\/www.meydan.tv\\\/az\\\/#organization\",\"name\":\"Meydan TV\",\"url\":\"https:\\\/\\\/www.meydan.tv\\\/az\\\/\",\"logo\":{\"@type\":\"ImageObject\",\"inLanguage\":\"az\",\"@id\":\"https:\\\/\\\/www.meydan.tv\\\/az\\\/#\\\/schema\\\/logo\\\/image\\\/\",\"url\":\"https:\\\/\\\/www.meydan.tv\\\/wp-content\\\/uploads\\\/2021\\\/07\\\/meydan-logo.svg\",\"contentUrl\":\"https:\\\/\\\/www.meydan.tv\\\/wp-content\\\/uploads\\\/2021\\\/07\\\/meydan-logo.svg\",\"width\":195,\"height\":46,\"caption\":\"Meydan TV\"},\"image\":{\"@id\":\"https:\\\/\\\/www.meydan.tv\\\/az\\\/#\\\/schema\\\/logo\\\/image\\\/\"}},{\"@type\":\"Person\",\"@id\":\"https:\\\/\\\/www.meydan.tv\\\/az\\\/#\\\/schema\\\/person\\\/10d11eccf6da3662cf5fdab9806ea91a\",\"name\":\"user-manager\"}]}<\/script>\n<!-- \/ Yoast SEO plugin. -->","yoast_head_json":{"title":"''M\u00fch\u00fcm t\u0259dbirl\u0259r''\u0259 x\u0259rcl\u0259n\u0259n milyonlar - MEYDAN.TV","robots":{"index":"index","follow":"follow","max-snippet":"max-snippet:-1","max-image-preview":"max-image-preview:large","max-video-preview":"max-video-preview:-1"},"canonical":"https:\/\/www.meydan.tv\/az\/article\/muhum-tedbirlere-xerclenen-milyonlar\/","og_locale":"az_AZ","og_type":"article","og_title":"''M\u00fch\u00fcm t\u0259dbirl\u0259r''\u0259 x\u0259rcl\u0259n\u0259n milyonlar - MEYDAN.TV","og_description":"Son 4 ayda Prezidentin Ehtiyat Fondundan ''Az\u0259renerji''y\u0259 140 milyon manat ayr\u0131l\u0131b","og_url":"https:\/\/www.meydan.tv\/az\/article\/muhum-tedbirlere-xerclenen-milyonlar\/","og_site_name":"MEYDAN.TV","article_published_time":"2018-12-30T18:45:50+00:00","og_image":[{"width":1000,"height":550,"url":"https:\/\/www.meydan.tv\/wp-content\/uploads\/45836.jpg","type":"image\/jpeg"}],"author":"user-manager","twitter_card":"summary_large_image","schema":{"@context":"https:\/\/schema.org","@graph":[{"@type":"Article","@id":"https:\/\/www.meydan.tv\/az\/article\/muhum-tedbirlere-xerclenen-milyonlar\/#article","isPartOf":{"@id":"https:\/\/www.meydan.tv\/az\/article\/muhum-tedbirlere-xerclenen-milyonlar\/"},"author":{"name":"user-manager","@id":"https:\/\/www.meydan.tv\/az\/#\/schema\/person\/10d11eccf6da3662cf5fdab9806ea91a"},"headline":"&#8221;M\u00fch\u00fcm t\u0259dbirl\u0259r&#8221;\u0259 x\u0259rcl\u0259n\u0259n milyonlar","datePublished":"2018-12-30T18:45:50+00:00","mainEntityOfPage":{"@id":"https:\/\/www.meydan.tv\/az\/article\/muhum-tedbirlere-xerclenen-milyonlar\/"},"wordCount":875,"publisher":{"@id":"https:\/\/www.meydan.tv\/az\/#organization"},"image":{"@id":"https:\/\/www.meydan.tv\/az\/article\/muhum-tedbirlere-xerclenen-milyonlar\/#primaryimage"},"thumbnailUrl":"https:\/\/www.meydan.tv\/wp-content\/uploads\/45836.jpg","articleSection":["M\u0259nim Fikrimc\u0259"],"inLanguage":"az"},{"@type":"WebPage","@id":"https:\/\/www.meydan.tv\/az\/article\/muhum-tedbirlere-xerclenen-milyonlar\/","url":"https:\/\/www.meydan.tv\/az\/article\/muhum-tedbirlere-xerclenen-milyonlar\/","name":"''M\u00fch\u00fcm t\u0259dbirl\u0259r''\u0259 x\u0259rcl\u0259n\u0259n milyonlar - MEYDAN.TV","isPartOf":{"@id":"https:\/\/www.meydan.tv\/az\/#website"},"primaryImageOfPage":{"@id":"https:\/\/www.meydan.tv\/az\/article\/muhum-tedbirlere-xerclenen-milyonlar\/#primaryimage"},"image":{"@id":"https:\/\/www.meydan.tv\/az\/article\/muhum-tedbirlere-xerclenen-milyonlar\/#primaryimage"},"thumbnailUrl":"https:\/\/www.meydan.tv\/wp-content\/uploads\/45836.jpg","datePublished":"2018-12-30T18:45:50+00:00","breadcrumb":{"@id":"https:\/\/www.meydan.tv\/az\/article\/muhum-tedbirlere-xerclenen-milyonlar\/#breadcrumb"},"inLanguage":"az","potentialAction":[{"@type":"ReadAction","target":["https:\/\/www.meydan.tv\/az\/article\/muhum-tedbirlere-xerclenen-milyonlar\/"]}]},{"@type":"ImageObject","inLanguage":"az","@id":"https:\/\/www.meydan.tv\/az\/article\/muhum-tedbirlere-xerclenen-milyonlar\/#primaryimage","url":"https:\/\/www.meydan.tv\/wp-content\/uploads\/45836.jpg","contentUrl":"https:\/\/www.meydan.tv\/wp-content\/uploads\/45836.jpg","width":1000,"height":550,"caption":"Source:"},{"@type":"BreadcrumbList","@id":"https:\/\/www.meydan.tv\/az\/article\/muhum-tedbirlere-xerclenen-milyonlar\/#breadcrumb","itemListElement":[{"@type":"ListItem","position":1,"name":"Ana s\u0259hif\u0259","item":"https:\/\/www.meydan.tv\/az\/"},{"@type":"ListItem","position":2,"name":"M\u0259nim Fikrimc\u0259","item":"https:\/\/www.meydan.tv\/az\/section\/menim-fikrimce\/"},{"@type":"ListItem","position":3,"name":"&#8221;M\u00fch\u00fcm t\u0259dbirl\u0259r&#8221;\u0259 x\u0259rcl\u0259n\u0259n milyonlar"}]},{"@type":"WebSite","@id":"https:\/\/www.meydan.tv\/az\/#website","url":"https:\/\/www.meydan.tv\/az\/","name":"MEYDAN.TV","description":"Meydan TV Az\u0259rbaycan\u0131n media m\u0259kan\u0131ndak\u0131 alternativ s\u0259sidir","publisher":{"@id":"https:\/\/www.meydan.tv\/az\/#organization"},"potentialAction":[{"@type":"SearchAction","target":{"@type":"EntryPoint","urlTemplate":"https:\/\/www.meydan.tv\/az\/?s={search_term_string}"},"query-input":{"@type":"PropertyValueSpecification","valueRequired":true,"valueName":"search_term_string"}}],"inLanguage":"az"},{"@type":"Organization","@id":"https:\/\/www.meydan.tv\/az\/#organization","name":"Meydan TV","url":"https:\/\/www.meydan.tv\/az\/","logo":{"@type":"ImageObject","inLanguage":"az","@id":"https:\/\/www.meydan.tv\/az\/#\/schema\/logo\/image\/","url":"https:\/\/www.meydan.tv\/wp-content\/uploads\/2021\/07\/meydan-logo.svg","contentUrl":"https:\/\/www.meydan.tv\/wp-content\/uploads\/2021\/07\/meydan-logo.svg","width":195,"height":46,"caption":"Meydan TV"},"image":{"@id":"https:\/\/www.meydan.tv\/az\/#\/schema\/logo\/image\/"}},{"@type":"Person","@id":"https:\/\/www.meydan.tv\/az\/#\/schema\/person\/10d11eccf6da3662cf5fdab9806ea91a","name":"user-manager"}]}},"_links":{"self":[{"href":"https:\/\/www.meydan.tv\/az\/wp-json\/wp\/v2\/posts\/193281","targetHints":{"allow":["GET"]}}],"collection":[{"href":"https:\/\/www.meydan.tv\/az\/wp-json\/wp\/v2\/posts"}],"about":[{"href":"https:\/\/www.meydan.tv\/az\/wp-json\/wp\/v2\/types\/post"}],"author":[{"embeddable":true,"href":"https:\/\/www.meydan.tv\/az\/wp-json\/wp\/v2\/users\/11"}],"replies":[{"embeddable":true,"href":"https:\/\/www.meydan.tv\/az\/wp-json\/wp\/v2\/comments?post=193281"}],"version-history":[{"count":0,"href":"https:\/\/www.meydan.tv\/az\/wp-json\/wp\/v2\/posts\/193281\/revisions"}],"wp:featuredmedia":[{"embeddable":true,"href":"https:\/\/www.meydan.tv\/az\/wp-json\/wp\/v2\/media\/115006"}],"wp:attachment":[{"href":"https:\/\/www.meydan.tv\/az\/wp-json\/wp\/v2\/media?parent=193281"}],"wp:term":[{"taxonomy":"category","embeddable":true,"href":"https:\/\/www.meydan.tv\/az\/wp-json\/wp\/v2\/categories?post=193281"},{"taxonomy":"post_tag","embeddable":true,"href":"https:\/\/www.meydan.tv\/az\/wp-json\/wp\/v2\/tags?post=193281"}],"curies":[{"name":"wp","href":"https:\/\/api.w.org\/{rel}","templated":true}]}}