{"id":193278,"date":"2018-12-30T10:58:19","date_gmt":"2018-12-30T10:58:19","guid":{"rendered":"https:\/\/www.meydan.tv\/article\/dircelisden-dunya-azerbaycanlilarinin-hemreyliyine\/"},"modified":"2018-12-30T10:58:19","modified_gmt":"2018-12-30T10:58:19","slug":"dircelisden-dunya-azerbaycanlilarinin-hemreyliyine","status":"publish","type":"post","link":"https:\/\/www.meydan.tv\/az\/article\/dircelisden-dunya-azerbaycanlilarinin-hemreyliyine\/","title":{"rendered":"&#8221;Dir\u00e7\u0259li\u015f&#8221;d\u0259n  &#8221;D\u00fcnya Az\u0259rbaycanl\u0131lar\u0131n\u0131n H\u0259mr\u0259yliyi&#8221;n\u0259"},"content":{"rendered":"<figure class=\"wp-block-image size-large\">\n  <img decoding=\"async\" src=\"https:\/\/www.meydan.tv\/az\/zerdust-elizade-12\/\" alt=\"Z\u0259rd\u00fc\u015ft \u018flizad\u0259\" class=\"wp-image-81375\"\/><figcaption>\n    Z\u0259rd\u00fc\u015ft \u018flizad\u0259<br \/>\n  <\/figcaption><\/figure>\n<p>\n  <i><br \/>\n    30 il \u0259vv\u0259l n\u0259 ba\u015f verdi?<br \/>\n  <\/i>\n<\/p>\n<p>\n  B\u0259li, m\u00f6ht\u0259r\u0259m oxucu, ke\u00e7\u0259n yaz\u0131lar\u0131mda sizi SSR\u0130 DTK-n\u0131n Az\u0259rbaycan xalq\u0131na verdiyi v\u0259 xalq\u0131m\u0131z\u0131n, mahiyy\u0259tin\u0259 varmadan, q\u0259bul edib<br \/>\n  <a href=\"\/az\/article\/meydan-herekati-30\/\"><br \/>\n    \u201cDir\u00e7\u0259li\u015f bayram\u0131\u201d<br \/>\n  <\/a><br \/>\n  kimi qeyd etdiyi bir irimiqyasl\u0131 t\u0259xribat-t\u00f6hf\u0259 bar\u0259d\u0259 yazm\u0131\u015fd\u0131m.\n<\/p>\n<p>\n  Hans\u0131n\u0131n ki, f\u0259sadlar\u0131 indiy\u0259c\u0259n g\u00f6z \u00f6n\u00fcnd\u0259dir.\n<\/p>\n<p>\n  Kims\u0259 bu bar\u0259d\u0259 sizinl\u0259 m\u00fcbahis\u0259 a\u00e7maq ist\u0259s\u0259, birc\u0259 sual verin: xalq dir\u00e7\u0259ldimi? Dir\u00e7\u0259libs\u0259, n\u0259 \u00fc\u00e7\u00fcn bu qara g\u00fcnd\u0259dir?\n<\/p>\n<p>\n  Lakin milli istibdad ideologiyas\u0131n\u0131n s\u00fctunlar\u0131 t\u0259k \u201cDir\u00e7\u0259li\u201d\u0259 s\u00f6yk\u0259nmir. Bu ideologiyan\u0131 &#8211; avam v\u0259 bix\u0259b\u0259r k\u00fctl\u0259y\u0259 yedizdiril\u0259n horran\u0131n &#8211; ba\u015fqa t\u0259rkib hiss\u0259l\u0259ri vard\u0131r ki, onlardan ikincisi \u201cD\u00fcnya Az\u0259rbaycanl\u0131lar\u0131n\u0131n H\u0259mr\u0259yliyi G\u00fcn\u00fc\u201dd\u00fcr.\n<\/p>\n<p>\n  1989-cu ilin dekabr ay\u0131n\u0131n 31-d\u0259 ba\u015f vermi\u015f hadis\u0259nin r\u0259smi milli bayram kimi m\u00fcq\u0259dd\u0259sl\u0259\u015fdirilm\u0259si q\u0259rar\u0131n\u0131, bu ikinci DTK t\u0259xribat\u0131n\u0131 icra etmi\u015f AXC hakimiyy\u0259tinin liderl\u0259ri q\u0259bul etmi\u015fdi. Bunun da s\u0259b\u0259bi g\u00fcn kimi ayd\u0131nd\u0131r: m\u00fcq\u0259dd\u0259s bayramlar\u0131 t\u0259hlil v\u0259 t\u0259kzib etm\u0259k ictimai \u0259xlaqa m\u00fc\u011fayirdir v\u0259 bu, cidan\u0131 \u00e7uvalda gizl\u0259tm\u0259y\u0259 \u00e7al\u0131\u015fanlar \u00fc\u00e7\u00fcn \u00e7ox vacib \u015f\u0259rtdir.\n<\/p>\n<p>\n  \u018fhvalat vaqe olur 1989-cu ild\u0259. \u00dcmumi m\u0259nz\u0259r\u0259 sentyabr ay\u0131nda bel\u0259 idi: AXC t\u0259\u015fkilatlar\u0131 b\u00fct\u00fcn Az\u0259rbaycan\u0131 \u0259hat\u0259 edirdi, h\u0259r yerd\u0259, k\u0259ndd\u0259, rayonda, zavodda, poliklinikada, elm v\u0259 t\u0259hsil ocaqlar\u0131nda C\u0259bh\u0259nin dayaq d\u0259st\u0259l\u0259ri yaran\u0131rd\u0131. C\u0259bh\u0259 ild\u0131r\u0131m s\u00fcr\u0259til\u0259 t\u0259\u015fkilatlan\u0131rd\u0131. Az\u0259rbaycan Kommunist Partiyas\u0131n\u0131n n\u00fcfuzu is\u0259 q\u0131zmar g\u00fcn\u0259\u015f \u015f\u00fcalar\u0131n\u0131n alt\u0131na d\u00fc\u015fm\u00fc\u015f buz par\u00e7as\u0131 kimi \u0259riyib yoxa \u00e7\u0131x\u0131rd\u0131.\n<\/p>\n<p>\n  Xalq islahat v\u0259 Qaraba\u011f\u0131n m\u00fcdafi\u0259sini t\u0259l\u0259b edirdi, AKP is\u0259 buna he\u00e7 c\u00fcr ged\u0259 bilm\u0259zdi, zira islahat nomenklaturan\u0131n hakimiyy\u0259tinin sonu dem\u0259k idi. Qaraba\u011f\u0131 m\u00fcdafi\u0259 etm\u0259k \u00fc\u00e7\u00fcns\u0259 nomenklatura g\u0259r\u0259k Kremlin \u00fcst\u00fcn\u0259 ged\u0259ydi, kommunist r\u0259hb\u0259rl\u0259rd\u0259 is\u0259 bel\u0259 t\u0259p\u0259r yox idi.\n<\/p>\n<p>\n  1990-c\u0131 ilin yaz\u0131nda ke\u00e7irilm\u0259li olan Az\u0259rbaycan SSR-nin Ali Sovetin\u0259 se\u00e7kil\u0259ri AKP g\u00f6zg\u00f6r\u0259si uduzurdu. Ali Sovet\u0259 se\u00e7kl\u0259ri udacaq AXC milli h\u00f6kum\u0259t quracaqd\u0131 v\u0259 AKP-ni ki\u00e7ik m\u00fcxalif\u0259t partiyas\u0131 kimi tam marginalla\u015fd\u0131racaqd\u0131.\n<\/p>\n<p>\n  Buna he\u00e7 c\u00fcr yol verm\u0259k olmazd\u0131. N\u0259 etm\u0259li?\n<\/p>\n<p>\n  Se\u00e7kil\u0259ri pozmal\u0131! El\u0259 bir ictimai ab-hava yaratmal\u0131 ki, bel\u0259 \u015f\u0259raitd\u0259 demokratik se\u00e7kid\u0259n s\u00f6hb\u0259t bel\u0259 m\u00fcmk\u00fcn olmas\u0131n!\n<\/p>\n<p>\n  Se\u00e7kil\u0259rin m\u00fcmk\u00fcns\u00fczl\u00fcy\u00fc \u00fc\u00e7\u00fcn geni\u015f miqyasda i\u011fti\u015fa\u015flar t\u00f6r\u0259nm\u0259li, ictimai asayi\u015f k\u00fctl\u0259vi pozulmal\u0131, yax\u015f\u0131 olard\u0131 ki, q\u0259tl il\u0259 m\u00fc\u015fayi\u0259t olunan cinay\u0259tl\u0259r ba\u015f verm\u0259li idi.\n<\/p>\n<p>\n  Bu demokratiyaya, xalqa v\u0259 V\u0259t\u0259n\u0259 yad v\u0259 yaramaz i\u015fl\u0259ri kim g\u00f6r\u0259 bil\u0259rdi? AKP? Xeyr! AKP d\u00f6vl\u0259ti idar\u0259 ed\u0259n samball\u0131 partiya \u015f\u0259nini qorumal\u0131 idi. B\u0259s kim?\n<\/p>\n<p>\n  Bu i\u015fl\u0259ri AXC etm\u0259li idi! Daha d\u00f6\u011frusu, AXC i\u00e7\u0259risind\u0259 yuva salm\u0131\u015f h\u0259yas\u0131z v\u0259 d\u0259l\u0259duz mafiya v\u0259 DTK casuslar\u0131 bunu cahil k\u00fctl\u0259nin \u0259li il\u0259 t\u00f6r\u0259tm\u0259li idil\u0259r.\n<\/p>\n<p>\n  A\u011falar\u0131ndan \u0259mr alm\u0131\u015f bu cinay\u0259tkar v\u0259 satq\u0131n d\u0259st\u0259 d\u0259rhal i\u015f\u0259 ba\u015flad\u0131. \u0130lk \u0259vv\u0259l AXC ad\u0131ndan sui-istifad\u0259 ed\u0259n mafiya casuslar\u0131 V\u0259zirova sadiq raykom katibl\u0259rinin devrilm\u0259si \u0259m\u0259liyyat\u0131na ba\u015flad\u0131lar.\n<\/p>\n<p>\n  AXC ad\u0131 il\u0259 d\u0259llall\u0131q ed\u0259n t\u0259xribat\u00e7\u0131lar raykom katibl\u0259rini n\u0259 b\u0259han\u0259 il\u0259 devirirdil\u0259r? \u018fn m\u00fcxt\u0259lif b\u0259han\u0259l\u0259rl\u0259: arvad\u0131 erm\u0259nidir, Qaraba\u011f\u0131 m\u00fcdafi\u0259 etmir, yerli kadr deyil v\u0259 sair\u0259.\n<\/p>\n<p>\n  Q\u0259rib\u0259dir, indi n\u0259 \u00fc\u00e7\u00fcn bu b\u0259han\u0259l\u0259rl\u0259 he\u00e7 bir icra ba\u015f\u00e7\u0131s\u0131n\u0131n \u00fcst\u00fcn\u0259 getmirl\u0259r? H\u0259m qorxurlar, h\u0259m d\u0259 a\u011falardan \u0259mr yoxdur.\n<\/p>\n<p>\n  AXC casuslar\u0131n\u0131n t\u0259xribat \u0259m\u0259liyyat\u0131 Xa\u00e7mazda birinci katibin devrilm\u0259sind\u0259n ba\u015flad\u0131.\n<\/p>\n<p>\n  M\u0259n m\u0259s\u0259l\u0259d\u0259n nec\u0259 x\u0259b\u0259r tutdum? Leyla Yunusova z\u0259ng edib h\u0259y\u0259canla dedi ki, Xa\u00e7mazdan \u00c7ingiz F\u0259r\u0259cov adl\u0131 bir adam ona z\u0259ng vurub t\u0259l\u0259b edir ki, AXC onu birinci katiblikd\u0259n devirm\u0259sin. Leyla Yunusova dey\u0259nd\u0259 ki, onun bel\u0259 i\u015fl\u0259r\u0259 aidiyyat\u0131 yoxdur, onu h\u0259d\u0259l\u0259yib deyib ki, \u201cistefa\u201d kampaniyas\u0131n\u0131 saxlamasa, onun t\u0259rbiy\u0259siz qad\u0131n olmas\u0131 bar\u0259d\u0259 \u015fayi\u0259 yayacaq.\n<\/p>\n<p>\n  M\u0259n bu rayonla \u0259laq\u0259si olan tan\u0131\u015flar\u0131mdan q\u0259ziyy\u0259ni soru\u015fdum. Dedil\u0259r ki, rayonda Moskva komissiyas\u0131 i\u015fl\u0259yir, \u201cAz\u0259rittifaq\u201d sistemind\u0259 700 min rublluq yeyinti a\u015fkarlay\u0131blar, cinay\u0259tin bir ucu gedib \u00e7\u0131x\u0131r M\u0259rk\u0259zi Komit\u0259nin katibl\u0259rind\u0259n birin\u0259 v\u0259 bir nazir\u0259, onlar \u00e7al\u0131\u015f\u0131rlar i\u015fi da\u011f\u0131ts\u0131nlar. Lakin V\u0259zirovun katib t\u0259yin etdiyi \u00c7inciz F\u0259r\u0259cov bina imkan vermir, \u015fahidl\u0259ri h\u0259v\u0259sl\u0259ndirib deyir ki, qorxmay\u0131n, ifad\u0259l\u0259rinizd\u0259n d\u00f6nm\u0259yin, bu mafiozlar tutulacaq. Ona g\u00f6r\u0259 \u0259sl\u0259n erm\u0259nistanl\u0131 jurnalist \u018fr\u015fad \u018fzimzad\u0259nin idar\u0259\u00e7iliyi il\u0259 Xa\u00e7maz c\u0259bh\u0259\u015fil\u0259ri d\u00fc\u015f\u00fcbl\u0259r birinci katibin \u00fcst\u00fcn\u0259, h\u0259r yerd\u0259 onu Qaraba\u011fa x\u0259yan\u0259td\u0259 ittiham edib istefas\u0131n\u0131 t\u0259l\u0259b edirl\u0259r.\n<\/p>\n<p>\n  Xa\u00e7mazda mitinq \u0259m\u0259liyyat\u0131 onunla n\u0259tic\u0259l\u0259ndi ki, birinci katib v\u0259zif\u0259d\u0259n getdi, \u015fahidl\u0259r i\u015far\u0259ni anlay\u0131b ham\u0131s\u0131 \u0259vv\u0259l verdikl\u0259ri ifad\u0259l\u0259ri dand\u0131lar, cinay\u0259t i\u015fi da\u011f\u0131ld\u0131, mafiozlar rahat n\u0259f\u0259s ald\u0131lar.\n<\/p>\n<p>\n  Noyabr ay\u0131nda ad\u0259t\u0259n \u0130H-nin iclaslar\u0131nda seyr\u00e7i m\u00f6vqeyi tutan Yusif S\u0259m\u0259do\u011flu g\u00fcnd\u0259liy\u0259 bir m\u0259s\u0259l\u0259 sal\u0131nmas\u0131n\u0131 t\u0259klif etdi. Ham\u0131m\u0131z maraqla onu dinl\u0259m\u0259y\u0259 ba\u015flad\u0131q. Yusif qa\u011fa n\u0259 dedi? \u0130nc\u0259 m\u0259z\u0259 hissinin sahibi Yusif b\u0259y dedi ki:\n<\/p>\n<p>\n  \u201c\u0130\u015f n\u00f6mr\u0259m\u0259 z\u0259ng g\u0259lir. Soru\u015furam kimdir? Qad\u0131n s\u0259si salam-\u0259leykd\u0259n sonra deyir ki, Z\u0259rdab\u0131n raykom katibidir. Sizi bilmir\u0259m, amma m\u0259n raykom katibi s\u00f6z\u00fcn\u00fc e\u015fitc\u0259k x\u0259yal\u0131ma z\u0259hm\u0259tke\u015fl\u0259rl\u0259 g\u00f6r\u00fc\u015fl\u0259rd\u0259n sonra onlar\u0131n t\u0259\u015fkil etdiyi kababl\u0131-araql\u0131 qonaql\u0131qlar d\u00fc\u015f\u00fcr. Deyir\u0259m ki, aleyki-s-salam, dinl\u0259yir\u0259m sizi. Deyir ki, m\u0259n\u0259 d\u0259, r\u0259hm\u0259tlik atama da b\u00f6y\u00fck h\u00f6rm\u0259t b\u0259sl\u0259yir. \u0130st\u0259s\u0259m, atam\u0131n \u015feirl\u0259rini \u0259zb\u0259rd\u0259n bir saat dey\u0259 bil\u0259r. H\u0259tta m\u0259nim d\u0259 roman\u0131m\u0131 oxuyub. Deyir\u0259m ki, m\u0259nim d\u0259 tan\u0131d\u0131\u011f\u0131m v\u0259 tan\u0131mad\u0131\u011f\u0131m b\u00fct\u00fcn raykom katibl\u0259rin\u0259 d\u0259rin h\u00f6rm\u0259tim var. Deyir ki, sizin Z\u0259rdab c\u0259bh\u0259\u00e7il\u0259ri m\u0259ni bo\u011faza y\u0131\u011f\u0131b. Soru\u015furam ki, bu, n\u0259 s\u00f6hb\u0259tdir? Deyir ki, h\u0259r g\u00fcn bir s\u00fcr\u00fc c\u0259bh\u0259\u00e7i dolur kabinetim\u0259, t\u0259l\u0259b edirl\u0259r ki, rayondak\u0131 b\u00fct\u00fcn v\u0259zif\u0259li i\u015f\u00e7il\u0259ri i\u015fd\u0259n azad edim. Onlar\u0131 q\u0259bul etm\u0259s\u0259m, h\u0259r mitinqd\u0259 a\u011f\u0131zlar\u0131na g\u0259l\u0259n \u0259d\u0259bsiz s\u00f6zl\u0259ri \u00fcnvan\u0131ma ya\u011fd\u0131racaqlar. Deyir\u0259m ki, bu v\u0259zif\u0259li \u015f\u0259xsl\u0259rin b\u0259zil\u0259ri m\u0259n\u0259 yox, m\u0259rk\u0259zi t\u0259\u015fkilatlara tabedir. Deyirl\u0259r ki, he\u00e7 n\u0259 bilmirik, \u00e7\u0131xar\u0131n bu r\u00fc\u015fv\u0259txorlar\u0131 i\u015fd\u0259n. Deyir\u0259m ki, r\u00fc\u015fv\u0259t m\u0259hk\u0259m\u0259 q\u0259rar\u0131 il\u0259 t\u0259sdiql\u0259n\u0259n cinay\u0259tdir, raykomun q\u0259rar\u0131 il\u0259 yox. Deyirl\u0259r ki, xalq bunu r\u00fc\u015fv\u0259txor hakiml\u0259rd\u0259n yax\u015f\u0131 bilir. \u00c7\u0131xar\u0131n onlar\u0131. Deyir\u0259m ki, yax\u015f\u0131, m\u0259n 50 v\u0259zif\u0259li i\u015f\u00e7ini i\u015fd\u0259n \u00e7\u0131xarsam, kiminl\u0259 i\u015fl\u0259y\u0259c\u0259y\u0259m? Sevinc\u0259k qar\u015f\u0131ma bir ka\u011f\u0131z qoyurlar ki, bax, bunlarla. Bax\u0131ram ka\u011f\u0131za, g\u00f6r\u00fcr\u0259m ki, ad, familiya, v\u0259zif\u0259nin ad\u0131, h\u0259r \u015fey \u0259vv\u0259lc\u0259d\u0259n d\u00fc\u015f\u00fcn\u00fcl\u00fcb. Diqq\u0259tl\u0259 siyah\u0131n\u0131 \u00f6yr\u0259nir\u0259m, sonra deyir\u0259m ki, a b\u0259yl\u0259r, sizin b\u00fct\u00fcn namiz\u0259dl\u0259r vaxtil\u0259 v\u0259zif\u0259d\u0259 olmu\u015f v\u0259 r\u00fc\u015fv\u0259t\u0259 g\u00f6r\u0259 i\u015fd\u0259n qovulmu\u015f adamlard\u0131r. B\u0259zil\u0259ri h\u0259tta yat\u0131b-\u00e7\u0131x\u0131b. M\u0259n bunlarla i\u015fl\u0259y\u0259 bilm\u0259y\u0259c\u0259y\u0259m. Deyirl\u0259r ki, onda gedirik m\u00fcdd\u0259tsiz mitinq \u00e7a\u011f\u0131rma\u011fa, sizin istefan\u0131z\u0131 t\u0259l\u0259b ed\u0259c\u0259yik. Z\u0259rdab\u0131n katibin\u0259 s\u00f6z verdim ki, m\u0259n bu m\u0259s\u0259l\u0259ni \u0130H-d\u0259 qald\u0131raca\u011fam. V\u0259dim\u0259 \u0259m\u0259l edir\u0259m v\u0259 d\u00fc\u015f\u00fcn\u00fcr\u0259m ki, biz C\u0259bh\u0259ni g\u00f6zd\u0259n salan bel\u0259 \u0259m\u0259ll\u0259r\u0259 yol verm\u0259m\u0259liyik\u201d.\n<\/p>\n<p>\n  T\u0259bii ki, mill\u0259t\u00e7il\u0259r Yusif S\u0259m\u0259do\u011flunun bu t\u0259klifini vec\u0259 almad\u0131lar. \u015e\u0259xs\u0259n \u018fb\u00fclf\u0259z \u018fliyevin (El\u00e7ib\u0259y \u2013 red.) g\u00f6st\u0259ri\u015fi v\u0259 himay\u0259si il\u0259 h\u0259yata ke\u00e7iril\u0259n \u201cbirinci katibl\u0259rin devrilm\u0259 kampaniyas\u0131\u201d art\u0131q \u00f6z zirv\u0259sin\u0259 \u00e7at\u0131rd\u0131. V\u0259zirova sadiq, nomenklatura mafiyas\u0131na \u201cnax\u0259l\u0259f\u201d birinci katibl\u0259r AXC-nin rayon \u015f\u00f6b\u0259l\u0259ri vasit\u0259sil\u0259 bir-bir devrilirdil\u0259r. Dekabra q\u0259d\u0259r 16 birinci katib devrilmi\u015fdi. N\u00f6vb\u0259 \u00e7atd\u0131 17-ci rayona, C\u0259lilabada.\n<\/p>\n<p>\n  <i><br \/>\n    <b><br \/>\n      C\u0259lilabad qiyam\u0131<br \/>\n    <\/b><br \/>\n  <\/i>\n<\/p>\n<p>\n  Ya\u015fad\u0131\u011f\u0131m binan\u0131n \u00fc\u00e7\u00fcnc\u00fc blokunda partiya i\u015f\u00e7isi \u018fl\u0259sg\u0259r Qocamanov ya\u015fay\u0131rd\u0131. Bilirdim ki, partiya i\u015fin\u0259 k\u0259nd t\u0259s\u0259rr\u00fcfat\u0131 elml\u0259ri namiz\u0259di kimi elmi-t\u0259dqiqat institutundan g\u0259tirilmi\u015fdi. E\u015fitdiyim\u0259 g\u00f6r\u0259, Masall\u0131 rayonunun birinci katibi v\u0259zif\u0259sind\u0259 \u00e7al\u0131\u015f\u0131rd\u0131. Onunla quru salam-\u0259leykd\u0259n ba\u015fqa he\u00e7 bir s\u00f6hb\u0259tim olmam\u0131\u015fd\u0131. Dekabr ay\u0131n\u0131n soyuq g\u00fcnl\u0259rind\u0259n birind\u0259 binan\u0131n blokundan \u00e7\u0131xanda g\u00f6rd\u00fcm ki, qon\u015fum evin qar\u015f\u0131s\u0131nda g\u0259zi\u015fir. H\u0259mi\u015f\u0259ki kimi salam verib ma\u015f\u0131n\u0131ma \u0259yl\u0259\u015fm\u0259k ist\u0259yirdim ki, qon\u015fum m\u0259n\u0259 yax\u0131nla\u015fd\u0131 v\u0259 dedi ki, m\u0259niml\u0259 s\u00f6hb\u0259ti var. Dedim:\n<\/p>\n<p>\n  <i><br \/>\n    -Buyurun, \u018fl\u0259sg\u0259r m\u00fc\u0259llim.<br \/>\n  <\/i>\n<\/p>\n<p>\n  -M\u0259nim sizin t\u0259\u015fkilatla probleml\u0259rim var. M\u0259n Masall\u0131n\u0131n birinci katibi i\u015fl\u0259yirdim, bir az bundan \u0259vv\u0259l m\u0259ni C\u0259lilabada birinci katib g\u00f6nd\u0259ribl\u0259r. M\u0259n Masall\u0131dak\u0131 i\u015fimd\u0259n raz\u0131 idim, lakin partiya intizam\u0131 var, hara des\u0259l\u0259r, oraya da i\u015f\u0259 getm\u0259liy\u0259m. Ke\u00e7id bar\u0259d\u0259 \u0259mri m\u0259n\u0259 V\u0259zirov \u015f\u0259xs\u0259n \u00f6z\u00fc verib. M\u0259n tabe olmal\u0131yam. E\u015fitmis\u0259n b\u0259lk\u0259, AXC C\u0259lilabad \u015f\u00f6b\u0259si ke\u00e7mi\u015f birinci katib B\u00f6y\u00fck A\u011fayevi rayondan zor t\u0259tbiq ed\u0259r\u0259k \u00e7\u0131xarm\u0131\u015fd\u0131. N\u0259 is\u0259, rayona g\u0259lib b\u00fct\u00fcn z\u0259ruri partiya icraat\u0131n\u0131 ke\u00e7\u0259nd\u0259n sonra AXC rayon \u015f\u00f6b\u0259sinin r\u0259hb\u0259rl\u0259rini g\u00f6r\u00fc\u015f\u0259 d\u0259v\u0259t etdim. A\u00e7\u0131q dedim ki, C\u0259lilabada \u00f6z xo\u015fumla g\u0259lm\u0259mi\u015f\u0259m, M\u0259rk\u0259zi Komit\u0259nin q\u0259rar\u0131n\u0131 yerin\u0259 yetirir\u0259m. Dedim ki, AXC-nin Qaraba\u011f v\u0259 islahat u\u011frunda m\u00fcbariz\u0259sin\u0259 b\u00f6y\u00fck r\u0259\u011fb\u0259t b\u0259sl\u0259yir\u0259m. Haz\u0131ram rayon m\u0259tb\u0259\u0259sin\u0259 tap\u015f\u0131r\u0131m ki, AXC-nin M\u0259ramnam\u0259 v\u0259 Nizamnam\u0259sini siz dey\u0259n sayda pulsuz \u00e7ap etsin v\u0259 siz\u0259 yaymaq \u00fc\u00e7\u00fcn versin. M\u0259n g\u00f6st\u0259ri\u015f ver\u0259c\u0259y\u0259m ki, AXC f\u0259allar\u0131n\u0131n C\u0259lilabad \u0259razisind\u0259 yerl\u0259\u015f\u0259n b\u00fct\u00fcn s\u0259naye v\u0259 k\u0259nd t\u0259s\u0259rr\u00fcfat\u0131 m\u00fc\u0259ssis\u0259l\u0259rind\u0259 z\u0259hm\u0259tke\u015fl\u0259rl\u0259 g\u00f6r\u00fc\u015f\u00fcb mane\u0259siz i\u015fl\u0259m\u0259sin\u0259 \u015f\u0259rait yarad\u0131ls\u0131n. AXC-nin rayonun ist\u0259nil\u0259n yerind\u0259 v\u0259 ist\u0259nil\u0259n vaxt mitinq ke\u00e7irm\u0259y\u0259 h\u00fcququ var. Birc\u0259 xahi\u015fim var ki, mitinqd\u0259n bir g\u00fcn \u0259vv\u0259l m\u0259n\u0259 x\u0259b\u0259r ver\u0259siniz. M\u0259n haz\u0131ram c\u0259bh\u0259\u00e7il\u0259rl\u0259 birlikd\u0259 Qaraba\u011fdak\u0131 bizim ya\u015fay\u0131\u015f m\u0259nt\u0259q\u0259l\u0259ri \u00fc\u00e7\u00fcn pul, \u0259rzaq v\u0259 odun t\u0259dar\u00fck ed\u0259m. Onlar m\u0259nim b\u00fct\u00fcn bu t\u0259klifl\u0259rimi dinl\u0259dikd\u0259n sonra t\u0259l\u0259b etdil\u0259r ki, istefa \u0259riz\u0259mi yaz\u0131m. Soru\u015fdum onlardan ki, bu t\u0259l\u0259bin s\u0259b\u0259bi n\u0259dir? Dedil\u0259r ki, C\u0259lilabad Rayon Partiya Komit\u0259sinin birinci katibi m\u00fctl\u0259q \u201cyerlil\u0259rd\u0259n olmal\u0131d\u0131r\u201d. M\u0259n sizd\u0259n xahi\u015f edir\u0259m ki, AXC r\u0259hb\u0259rliyi il\u0259 dan\u0131\u015fas\u0131n\u0131z. M\u0259n he\u00e7 c\u00fcr istefa \u0259riz\u0259si yaz\u0131b s\u0259b\u0259b kimi \u201cAXC-nin t\u0259l\u0259bi\u201d g\u00f6st\u0259r\u0259 bilm\u0259r\u0259m. Bu t\u0259l\u0259b h\u0259m qanuna ziddir, h\u0259m d\u0259 c\u0259f\u0259ngdir\u201d.\n<\/p>\n<p>\n  M\u0259n qon\u015fuma s\u00f6z verdim ki, m\u0259s\u0259l\u0259ni \u00f6yr\u0259n\u0259c\u0259y\u0259m. \u0130dar\u0259 Hey\u0259tind\u0259 soru\u015fdum ki, C\u0259lilabad\u0131n \u201ckuratoru\u201d kimdir? S\u0259n dem\u0259, bu sah\u0259y\u0259 P\u0259nah H\u00fcseynov m\u0259sul imi\u015f. M\u0259n ona yax\u0131nla\u015f\u0131b AXC C\u0259lilabad \u015f\u00f6b\u0259sinin f\u0259aliyy\u0259tinin t\u0259\u015fkilat\u0131m\u0131z\u0131n M\u0259ramnam\u0259 v\u0259 Nizamnam\u0259sin\u0259 \u0259sla uy\u011fun olmad\u0131\u011f\u0131n\u0131 dey\u0259nd\u0259 P\u0259nah H\u00fcseynov bic g\u00f6rk\u0259m ald\u0131 v\u0259 q\u0259tiyy\u0259tl\u0259 dedi:\n<\/p>\n<p>\n  <i><br \/>\n    -B\u0259y, bu rayon sizin m\u0259suliyy\u0259t dair\u0259sin\u0259 daxil deyil, odur ki, m\u0259nim i\u015fl\u0259rim\u0259 qar\u0131\u015fmay\u0131n, \u00f6z\u00fcm bil\u0259r\u0259m, n\u0259yi nec\u0259 ed\u0259r\u0259m.<br \/>\n  <\/i>\n<\/p>\n<p>\n  M\u0259n d\u0259xi bir s\u00f6z dem\u0259dim. Zira m\u0259n AXC s\u0259n\u0259dl\u0259rin\u0259 istinad edib bu qanunsuzlu\u011fa etiraz ets\u0259ydim, intizam v\u0259 sabitliyin vacibliyind\u0259n bir k\u0259lm\u0259 bel\u0259 des\u0259ydim, h\u0259min andaca bu siyasi d\u0259llal k\u00fctl\u0259l\u0259rin inqilabi \u00f6zf\u0259aliyy\u0259ti, partokratlar\u0131n x\u0259yan\u0259ti v\u0259 xalq\u0131n azadl\u0131q u\u011frunda m\u00fcbariz\u0259si bar\u0259d\u0259 dan\u0131\u015fma\u011fa ba\u015flayacaqd\u0131. Xalq art\u0131q bu xadimi yax\u015f\u0131 tan\u0131y\u0131r. Lakin onun g\u0259nclik arzular\u0131n\u0131 \u00e7\u0259tin ki, bil\u0259. Bu bar\u0259d\u0259 m\u0259n\u0259 onun tarix\u00e7i h\u0259mkar\u0131 Vaqif \u018fs\u0259dov dan\u0131\u015f\u0131b.\n<\/p>\n<p>\n  Vaqif ADU-nu bitirdikd\u0259n sonra Tarixi abid\u0259l\u0259ri qoruyan c\u0259miyy\u0259td\u0259 m\u0259sul katib i\u015fl\u0259yib. Bu c\u0259miyy\u0259tin \u0259ks\u0259r rayonlarda \u015f\u00f6b\u0259si var idi. C\u0259miyy\u0259tin \u0259sas i\u015fi camaata marka sat\u0131b pul toplamaq v\u0259 bu v\u0259sait hesab\u0131na imkan daxilind\u0259 tarixi abid\u0259l\u0259ri qorumaq idi. Vaqif Sabirabad \u015f\u00f6b\u0259sinin i\u015fini yoxlamaq \u00fc\u00e7\u00fcn rayona g\u0259lir v\u0259 orada \u015f\u00f6b\u0259y\u0259 r\u0259hb\u0259rlik ed\u0259n g\u0259nc tarix\u00e7i P\u0259nah H\u00fcseynov il\u0259 \u00fcnsiyy\u0259td\u0259 olur. Yoxlama g\u00f6st\u0259rir ki, P\u0259nah yax\u015f\u0131 i\u015fl\u0259yir, y\u0259ni markalar sat\u0131l\u0131r, pul toplan\u0131r. Yoxlaman\u0131n sonunda P\u0259nah Bak\u0131dan g\u0259lmi\u015f h\u0259mkar\u0131na qonaql\u0131q verir. \u015e\u0259rab\u0131n t\u0259sirind\u0259n ona k\u00f6nl\u00fcnd\u0259ki arzular\u0131 a\u00e7\u0131r.\n<\/p>\n<p>\n  N\u0259 q\u0259d\u0259r d\u0259 \u00fclvi arzulard\u0131r! Aspiranturaya girm\u0259k, dissertasiya m\u00fcdafi\u0259 etm\u0259k, partiya i\u015fin\u0259 ke\u00e7m\u0259k v\u0259 pill\u0259-pill\u0259 y\u00fcks\u0259lib raykom katibi olmaq&#8230;\n<\/p>\n<p>\n  Tale P\u0259nah\u0131n \u00fcz\u00fcn\u0259 g\u00fcl\u00fcb onu raykom katibi deyil, \u00f6lk\u0259nin Ba\u015f naziri v\u0259zif\u0259sin\u0259 g\u0259tirdi.\n<\/p>\n<p>\n  Oxucum, \u00f6z\u00fcn fikirl\u0259\u015f, taleyin Az\u0259rbaycana m\u00fcnasib\u0259ti nec\u0259 idi?\n<\/p>\n<p>\n  Nec\u0259 d\u0259 olursa olsun, h\u0259min bu zarafatc\u0131l tale bel\u0259 buyurdu ki, AXC \u0130dar\u0259 Hey\u0259tinin daxilind\u0259 i\u015f b\u00f6lg\u00fcs\u00fc apar\u0131lark\u0259n zavall\u0131 C\u0259lilabad rayonu \u00f6z k\u00fclli-\u0259hli il\u0259 ke\u00e7sin h\u0259min bu laborant P\u0259nah b\u0259yin \u201ckurasiyas\u0131\u201dna.\n<\/p>\n<p>\n  AXC rayon \u015f\u00f6b\u0259l\u0259rinin AKP-n\u0131n rayonlardak\u0131 V\u0259zirova sadiq birinci katibl\u0259rini i\u011fti\u015fa\u015flar vasit\u0259sil\u0259 devirm\u0259si m\u0259s\u0259l\u0259sini m\u0259n \u0130H-d\u0259 bir ne\u00e7\u0259 d\u0259f\u0259 qald\u0131r\u0131b ba\u015fqa siyasi t\u0259\u015fkilat\u0131n daxili i\u015fl\u0259rin\u0259 qar\u0131\u015fma\u011f\u0131n bizim proqram s\u0259n\u0259dl\u0259rin\u0259 m\u00fcxalif oldu\u011funu demi\u015fdim. Lakin h\u0259r d\u0259f\u0259 \u018fb\u00fclf\u0259z \u018fliyevin v\u0259 \u0130sa Q\u0259mb\u0259rovun ba\u015f\u00e7\u0131l\u0131q etdiyi mill\u0259t\u00e7i cinah m\u0259nim bel\u0259 siyas\u0259t\u0259 son qoymaq bar\u0259d\u0259 t\u0259klifimi s\u0259s \u00e7oxlu\u011fu il\u0259 r\u0259dd edirdi. Yeri g\u0259lmi\u015fk\u0259n deyim ki, 20 Yanvar qanl\u0131 c\u0259za t\u0259dbirind\u0259n sonra Qorba\u00e7ov bunun \u0259sas s\u0259b\u0259bl\u0259rind\u0259n biri kimi AXC-nin 17 rayonda birinci katibi devirm\u0259sini g\u00f6st\u0259rmi\u015fdi. Dem\u0259li, bu katib \u00e7evrili\u015fl\u0259ri o q\u0259d\u0259r vacib siyasi hadis\u0259 idi ki, SSR\u0130-nin d\u00f6vl\u0259t ba\u015f\u00e7\u0131s\u0131na da m\u0259ruz\u0259 edilirmi\u015f.\n<\/p>\n<p>\n  M\u0259n \u00f6z\u00fcm-\u00f6z\u00fcm\u0259 sual verirdim: \u201cBu fitn\u0259karl\u0131q c\u0259hal\u0259td\u0259nmi t\u00f6r\u0259dilir, yoxsa bil\u0259r\u0259kd\u0259n, q\u0259sd\u0259n?\u201d O zaman da, indi d\u0259 \u0259min\u0259m ki, bu t\u0259xribat\u0131 bil\u0259r\u0259kd\u0259n t\u00f6r\u0259dirdil\u0259r, zira onlar\u0131n m\u0259qs\u0259di v\u0259ziyy\u0259ti laxlatmaq, m\u00fcmk\u00fcn q\u0259d\u0259r \u00e7ox qan ax\u0131d\u0131b V\u0259zirovu devirm\u0259k idi. Bu al\u00e7aq niyy\u0259ti h\u0259yata ke\u00e7irm\u0259k \u00fc\u00e7\u00fcn m\u0259suliyy\u0259tsiz, mac\u0259ra\u00e7\u0131 v\u0259 ba\u015f\u0131bo\u015f adamlar cox faydal\u0131 idil\u0259r.\n<\/p>\n<p>\n  C\u0259lilabadda mitinql\u0259r davam edirdi. Qocamanov M\u0259rk\u0259zi Komit\u0259y\u0259 \u0259riz\u0259 yaz\u0131b, \u00fcmumiyy\u0259tl\u0259, partiya i\u015find\u0259n \u00e7\u0131xd\u0131.\n<\/p>\n<p>\n  H\u0259min vaxt M\u0259rk\u0259zi Komit\u0259d\u0259 i\u015fl\u0259y\u0259n t\u0259l\u0259b\u0259 yolda\u015f\u0131m m\u0259n\u0259 n\u0259ql etdi: V\u0259zirov t\u0259\u015fkilat \u015f\u00f6b\u0259sinin m\u00fcdirini \u00e7a\u011f\u0131r\u0131b \u0259sl\u0259n c\u0259lilabadl\u0131 olan bir partiya i\u015f\u00e7isini tapma\u011f\u0131 tap\u015f\u0131rd\u0131. T\u0259\u015fkilat \u015f\u00f6b\u0259si \u015f\u0259xsi i\u015fl\u0259ri qald\u0131rd\u0131 v\u0259 \u0259sl\u0259n C\u0259lilabad\u0131n Pri\u015fib q\u0259s\u0259b\u0259sind\u0259n olan Xeyrulla \u018fliyevi tapd\u0131&#8230;\n<\/p>\n<p>\n  B\u0259li, filologiya elml\u0259ri namiz\u0259di Xeyrulla \u018fliyev n\u0259 vaxtsa Elml\u0259r Akademiyas\u0131nda i\u015fl\u0259mi\u015fdi. H\u00fcnd\u00fcr, a\u011fsa\u00e7, m\u00fclayim v\u0259 m\u0259d\u0259ni Xeyrulla m\u00fc\u0259llim M\u0259rk\u0259zi Komit\u0259d\u0259 i\u015fl\u0259diyi zaman h\u0259m d\u0259 Yaz\u0131\u00e7\u0131lar \u0130ttifaq\u0131n\u0131 himay\u0259 edirdi v\u0259 yarad\u0131c\u0131 ziyal\u0131lar aras\u0131nda xeyirxah insan kimi tan\u0131n\u0131rd\u0131. N\u0259 vaxtsa MK-d\u0259 b\u00f6lm\u0259 m\u00fcdiri i\u015fl\u0259mi\u015f Xeyrulla m\u00fc\u0259llim d\u0259f\u0259l\u0259r\u0259l\u0259 ona raykom katibi i\u015fl\u0259m\u0259k t\u0259klifl\u0259rini r\u0259dd etmi\u015fdi. H\u0259min vaxt is\u0259 m\u0259d\u0259niyy\u0259t \u015f\u00f6b\u0259sind\u0259 t\u0259limat\u00e7\u0131 v\u0259zif\u0259sind\u0259 \u00e7al\u0131\u015f\u0131rd\u0131. V\u0259zirov onu d\u0259v\u0259t edib m\u00fcr\u0259kk\u0259b bir zamanda do\u011fma C\u0259lilabad rayonuna birinci katib g\u00f6nd\u0259rdi.\n<\/p>\n<p>\n  T\u0259bii ki, Xeyrulla m\u00fc\u0259llim hadis\u0259l\u0259rd\u0259n x\u0259b\u0259rdar idi. Ona g\u00f6r\u0259 z\u0259ng vurub AXC il\u0259 m\u00fcnasib\u0259tl\u0259ri isti olan g\u00f6rk\u0259mli \u0259dibl\u0259rimiz B\u0259xtiyar Vahabzad\u0259ni v\u0259 Yusif S\u0259m\u0259do\u011flunu \u00f6z\u00fc il\u0259 C\u0259liabada d\u0259v\u0259t etdi. \u00d6mr\u00fc boyu i\u015fi-pe\u015f\u0259si yaz\u0131\u00e7\u0131lara yax\u015f\u0131l\u0131q etm\u0259k olan bir adama he\u00e7 bir \u0259dib yox dey\u0259 bilm\u0259zdi, odur ki, soyuq dekabr g\u00fcn\u00fc \u201cVolqa\u201d ma\u015f\u0131n\u0131 c\u0259nub C\u0259lilabad \u015f\u0259h\u0259rin\u0259 Az\u0259rbaycan\u0131n xalq \u015fairi, milli hissl\u0259rin oyanmas\u0131nda v\u0259 alovlanmas\u0131nda m\u00fcst\u0259sna xidm\u0259tl\u0259ri olan, AXC A\u011fsaqqallar \u015euras\u0131n\u0131n \u00fczv\u00fc B\u0259xtiyar Vahabzad\u0259ni v\u0259 AXC \u0130H-nin \u00fczv\u00fc Y\u00fcsif S\u0259m\u0259do\u011flunu \u0259d\u0259biyyat\u015f\u00fcnas v\u0259 partiya i\u015f\u00e7isi Xeyrulla \u018fliyevl\u0259 birlikd\u0259 nam\u0259lum s\u0259rg\u00fcz\u0259\u015ftl\u0259r\u0259 do\u011fru apard\u0131.\n<\/p>\n<p>\n  \u018fdibl\u0259r d\u0259 ucundan-q\u0131ra\u011f\u0131ndan hadis\u0259l\u0259rin c\u00f6vh\u0259rind\u0259n x\u0259b\u0259rdar idil\u0259r, odur ki, Xeyrulla m\u00fc\u0259llimd\u0259n soru\u015furlar ki, \u201cYerlis\u0259nmi?\u201d v\u0259 cavab al\u0131rlar ki, \u201cN\u0259slim bir ne\u00e7\u0259 y\u00fcz ildir bu yurdda ya\u015fay\u0131r\u201d.\n<\/p>\n<p>\n  X\u00fclas\u0259, ma\u015f\u0131n rayon m\u0259rk\u0259zin\u0259 o anda \u00e7at\u0131r ki, raykomun binas\u0131n\u0131n \u00f6n\u00fcnd\u0259 AXC-nin mitinqi gedir. Mitinqi yerli c\u0259bh\u0259\u00e7il\u0259rin lideri, rayon t\u0259cili yard\u0131m stansiyas\u0131n\u0131n h\u0259kimi Miralim B\u0259hramov apar\u0131r. K\u00fctl\u0259 Miralim B\u0259hramovun h\u0259y\u0259canl\u0131 hayq\u0131rt\u0131lar\u0131n\u0131 dinl\u0259yir. D\u00fcnya qopur, h\u0259r \u015fey k\u0259ll\u0259mayallaqd\u0131r. D\u00fcn\u0259n\u0259 q\u0259d\u0259r rayonun a\u011fas\u0131 raykom v\u0259 onun birinci katibi idi. Camaat raykom binas\u0131n\u0131n \u00f6n\u00fcnd\u0259n ke\u00e7\u0259nd\u0259 ehtiyatl\u0131 olurdu ki, \u201cbirincinin\u201d q\u0259z\u0259bin\u0259 tu\u015f g\u0259lm\u0259sin. \u0130ndis\u0259 budur, Xalq C\u0259bh\u0259si raykomun \u00f6n\u00fcnd\u0259 mitinq ke\u00e7irir. Raykomu sayan yoxdur. Mitinq\u0259 \u201cVolqa\u201d yax\u0131nla\u015f\u0131r, ma\u015f\u0131ndan tan\u0131nm\u0131\u015f ziyal\u0131lar d\u00fc\u015f\u00fcr. Ax\u0131 kim B\u0259xtiyar Vahabzad\u0259ni tan\u0131m\u0131r? Ax\u0131 kim atas\u0131n\u0131n kseroks sur\u0259ti olan Yusif qa\u011fan\u0131 tan\u0131m\u0131r? M\u00f6c\u00fcz\u0259l\u0259r davam edir. Alq\u0131\u015flar v\u0259 sevinc&#8230; D\u00fcnyada n\u0259 q\u0259d\u0259r d\u0259 m\u00f6c\u00fcz\u0259 olarm\u0131\u015f! AXC a\u011fsaqqallar\u0131 v\u0259 yanlar\u0131nda a\u011fsa\u00e7 bir ki\u015fi tribunaya qalx\u0131rlar.\n<\/p>\n<p>\n  \u201cS\u00f6z verilir xalq\u0131m\u0131z\u0131n sevimli \u015fairi B\u0259xtiyar Vahabzad\u0259y\u0259!\u201d Alq\u0131\u015flar dayanm\u0131r, b\u0259zil\u0259rinin g\u00f6z\u00fc sevincd\u0259n ya\u015far\u0131r. Az\u0259rbaycanda \u015fair el\u0259-bel\u0259 adam deyil, o, xalq\u0131n dan\u0131\u015fan dilidir! \u0130ndi dey\u0259c\u0259k!\n<\/p>\n<p>\n  B\u0259xtiyar Vahabzad\u0259 \u0259vv\u0259l xo\u015f s\u00f6zl\u0259rl\u0259 camaat\u0131n k\u00f6nl\u00fcn\u00fc al\u0131r. Deyir ki, onlar\u0131n t\u0259l\u0259bl\u0259ri tamamil\u0259 haql\u0131 v\u0259 qanuni t\u0259l\u0259bl\u0259rdir. \u018flb\u0259tt\u0259 ki, birinci katib yaln\u0131z v\u0259 yaln\u0131z yerli adam olmal\u0131d\u0131r. M\u0259rk\u0259zi Komit\u0259 xalq\u0131n bu haql\u0131 t\u0259l\u0259bini e\u015fidib v\u0259 yerin\u0259 yetirib: budur, sizin yerliniz, C\u0259lilabad\u0131n Pri\u015fib q\u0259s\u0259b\u0259sind\u0259n olan n\u0259cib insan Xeyrulla \u018fliyev C\u0259lilabad raykomunun birinci katibi t\u0259yin olunub v\u0259 sizinl\u0259 ilk g\u00f6r\u00fc\u015f\u0259 g\u0259lib&#8230;\n<\/p>\n<p>\n  B\u0259xtiyar Vahabzad\u0259 el\u0259 ist\u0259yirdi ki, Xeyrulla \u018fliyevin m\u00fcsb\u0259t x\u00fcsusiyy\u0259tl\u0259rinin t\u0259svirin\u0259 ke\u00e7sin, Miralim B\u0259hramov onu mikrofonun \u00f6n\u00fcnd\u0259n k\u0259nara it\u0259l\u0259di v\u0259 mikrofona ba\u011f\u0131rd\u0131: -X\u0259yan\u0259t! AXC s\u0131ralar\u0131nda x\u0259yan\u0259t! B\u0259xtiyar Vahabzad\u0259 M\u0259rk\u0259zi Komit\u0259y\u0259 sat\u0131l\u0131b! Onlar xalqa xalq\u0131n ist\u0259m\u0259diyi katibi s\u0131r\u0131maq ist\u0259yirl\u0259r! Xalq bu katibi ist\u0259mir! Biz Xeyrulla \u018fliyevi ist\u0259mirik! R\u0259dd olsun Xeyrulla \u018fliyev! \u0130stefa!\n<\/p>\n<p>\n  K\u00fctl\u0259vi isterika \u015f\u0259raitind\u0259 he\u00e7 kim soru\u015fa bilm\u0259di ki, \u201cxalq niy\u0259 Xeyrulla \u018fliyevi ist\u0259mir? O ki yerlidir. M\u0259g\u0259r biz bunu t\u0259l\u0259b etmirdik? G\u00f6r\u0259k B\u0259xtiyar Vahabzad\u0259 n\u0259 dey\u0259c\u0259k?\u201d Xeyr, k\u00fctl\u0259nin r\u0259hb\u0259ri dedi \u201cist\u0259mirik\u201d, dem\u0259li, \u201cist\u0259mirik\u201d.\n<\/p>\n<p>\n  Miralim b\u0259y ba\u011f\u0131r\u0131r:\n<\/p>\n<p>\n  <i><br \/>\n    -Yand\u0131r\u0131n bu xainl\u0259rin kitablar\u0131n\u0131!<br \/>\n  <\/i>\n<\/p>\n<p>\n  K\u00fctl\u0259d\u0259n y\u00fczl\u0259rl\u0259 adam qopub evl\u0259rin\u0259 cumur. Hans\u0131 az\u0259rbaycanl\u0131n\u0131n evind\u0259 sevimli \u015fairimiz B\u0259xtiyar Vahabzad\u0259nin \u015feirl\u0259r kitab\u0131 yoxdur? Hans\u0131 ail\u0259d\u0259 onun kitablar\u0131n\u0131 sev\u0259-sev\u0259 oxumurlar, onun lirik \u015feirl\u0259rini \u0259zb\u0259rl\u0259mirl\u0259r? Budur onun kitab\u0131! Tonqala! B\u0259s Yusif S\u0259m\u0259do\u011flunun kitablar\u0131 han\u0131? Nec\u0259, onun c\u0259mi bir roman\u0131 var? Hekay\u0259 v\u0259 ssenaril\u0259ri geni\u015f yay\u0131lmay\u0131b? N\u0259 etm\u0259li? Ata o\u011fula cavabdehdir! Atas\u0131 S\u0259m\u0259d Vur\u011funun ki, h\u0259r evd\u0259 bir yox, bir ne\u00e7\u0259 kitab\u0131 var! \u201cEl bilir ki, s\u0259n m\u0259nims\u0259n&#8230;\u201d Tonqala! Qoy ata xain o\u011flunun c\u0259zas\u0131n\u0131 \u00e7\u0259ksin!\n<\/p>\n<p>\n  Kim dedi ki, B\u0259xtiyar Vahabzad\u0259 v\u0259 Yusif S\u0259m\u0259do\u011flu xaindirl\u0259r? Miralim B\u0259hramov \u00f6z\u00fc! Miralim b\u0259y \u00f6z\u00fc dedi!\n<\/p>\n<p>\n  Budur, raykomun binas\u0131 \u00f6n\u00fcnd\u0259 arams\u0131z yanan tonqala \u015fairl\u0259rin kitablar\u0131 at\u0131l\u0131r. Bu c\u0259za b\u0259sdirmi? \u018fsla yox! Art\u0131q bir ne\u00e7\u0259 v\u0259t\u0259np\u0259rv\u0259r g\u0259nc can at\u0131r ki, xainl\u0259rin \u00f6zl\u0259rinin c\u0259zas\u0131n\u0131 versin. \u015e\u0259xs\u0259n Miralim B\u0259hramovun \u00f6z\u00fcn\u00fcn xain adland\u0131rd\u0131\u011f\u0131 \u015fairl\u0259r n\u0259 \u00fc\u00e7\u00fcn d\u0259 d\u00f6y\u00fclm\u0259sinl\u0259r? Onlar\u0131 m\u00f6hk\u0259m \u0259zi\u015fdirm\u0259k savab i\u015fdir.\n<\/p>\n<p>\n  Bir ovuc f\u0259dakar k\u0259nd m\u00fc\u0259llimi iki g\u00f6rk\u0259mli \u0259dibi zor-b\u0259la xilas edib ma\u015f\u0131na \u0259yl\u0259\u015fdirir, ma\u015f\u0131n Bak\u0131 s\u0259mtind\u0259 yerind\u0259n g\u00f6t\u00fcr\u00fcl\u00fcr.\n<\/p>\n<p>\n  B\u0259s \u0259d\u0259biyyar\u015f\u00fcnas v\u0259 partiya i\u015f\u00e7isi, yerli kadr Xeyrulla \u018fliyev haradad\u0131r? Onun b\u0259xti g\u0259tirm\u0259yib. V\u0259t\u0259np\u0259rv\u0259r c\u0259bh\u0259cil\u0259r art\u0131q lingl\u0259 onun ba\u015fin\u0131 yar\u0131blar, onun a\u011f sa\u00e7lar\u0131ndan al qan ax\u0131r, ki\u015fi hu\u015funu itirib. Eybi yox, indi biz onu tonqala atar\u0131q, bir az qovrulub oyanar! At\u0131n onu alovlanan avtobusun i\u00e7in\u0259, qoy yans\u0131n&#8230; Ki\u015finin \u0259ll\u0259rind\u0259n v\u0259 ayaqlar\u0131ndan tutub yell\u0259yirl\u0259r ki, yanan avtobusun i\u00e7in\u0259 ats\u0131nlar&#8230;\n<\/p>\n<p>\n  Xeyrulla m\u00fc\u0259llimin b\u0259xti, n\u0259hay\u0259t ki, g\u0259tirir. Yerli seyid, \u00f6z\u00fc d\u0259 a\u011f\u0131rlar\u0131ndan, i\u015f\u0259 qar\u0131\u015f\u0131r. \u018fr\u0259b M\u0259h\u0259mm\u0259din n\u0259slind\u0259n olan t\u00fcrk seyid \u0259lini qald\u0131r\u0131r, min illik t\u0259rbiy\u0259 il\u0259 canlara hopmu\u015f ita\u0259t v\u0259rdi\u015fi i\u015f\u0259 d\u00fc\u015f\u00fcr, ham\u0131 ayaq saxlay\u0131b pey\u011f\u0259mb\u0259r n\u0259slinin tam s\u0259lahiyy\u0259tli n\u00fcmay\u0259nd\u0259sini dinl\u0259yir:\n<\/p>\n<p>\n  \u201cSiz n\u0259 edirsiniz, m\u00fcs\u0259lmanlar?! Siz g\u00fcnaha bat\u0131rs\u0131n\u0131z! M\u00fcs\u0259lman da m\u00fcs\u0259lman\u0131 yand\u0131rarm\u0131?\u201d Seyidin s\u00f6zl\u0259rind\u0259n bel\u0259 \u00e7\u0131x\u0131r ki, m\u00fcs\u0259lman olmayan\u0131 yand\u0131rmaq olar, amma q\u0131z\u0131\u015fm\u0131\u015f camaat bel\u0259 filoloji t\u0259hlill\u0259r\u0259 varm\u0131r, yaln\u0131z onu anlay\u0131r ki, Xeyrulla \u018fliyevi yand\u0131rmaq g\u00fcnahd\u0131r. G\u00fcnahd\u0131r? Neyn\u0259k, qoy ya\u015fas\u0131n, ba\u015f\u0131n\u0131n d\u0259mir lingl\u0259 yar\u0131lmas\u0131 b\u0259sdir.\n<\/p>\n<p>\n  C\u0259bh\u0259\u00e7i v\u0259 qeyri-c\u0259bh\u0259\u00e7i b\u0259yl\u0259r Xeyrulla \u018fliyevin \u0259ll\u0259rini v\u0259 ayaqlar\u0131n\u0131 bo\u015flay\u0131rlar, f\u0259dakar h\u0259kiml\u0259r yaral\u0131n\u0131 k\u00fctl\u0259nin cayna\u011f\u0131ndan qopar\u0131b ma\u015f\u0131na \u0259yl\u0259\u015fdirir v\u0259 aradan \u00e7\u0131xar\u0131rlar.\n<\/p>\n<p>\n  Lakin xalq \u00f6z q\u0259l\u0259b\u0259sini qeyd etm\u0259lidir ax\u0131? K\u00fctl\u0259 raykom binas\u0131na h\u00fccum edib onu darmada\u011f\u0131n edir. Raykom binas\u0131 viran\u0259 qoyulur. K\u00fctl\u0259 sonra h\u00fccum c\u0259kir rayonun milis idar\u0259sin\u0259.\n<\/p>\n<p>\n  Budur, bir ayl\u0131q Da\u011fl\u0131q Qaraba\u011fa ezamiyy\u0259td\u0259n qay\u0131dan milis n\u0259f\u0259ri \u00f6z do\u011fma rayonuna g\u0259lib, idar\u0259sin\u0259 yax\u0131nla\u015f\u0131r. C\u0259lilabadl\u0131 milis n\u0259f\u0259ri d\u00fc\u015f\u00fcn\u00fcr:\n<\/p>\n<p>\n  \u201cSabah yerlil\u0259rim\u0259 dan\u0131\u015faram, nec\u0259 bir tapan\u00e7a il\u0259 y\u00fczl\u0259rl\u0259 erm\u0259ni quldurunun m\u00fchasir\u0259sind\u0259 k\u0259ndl\u0259rimizin ke\u015fiyind\u0259 durmu\u015fdum, qorxmam\u0131\u015fd\u0131m, \u0259ziyy\u0259tl\u0259r\u0259 qatla\u015fm\u0131\u015fd\u0131m&#8230; Bu n\u0259dir, camaat hara qa\u00e7\u0131r?\u201d\n<\/p>\n<p>\n  Camaat qa\u00e7\u0131b \u00e7at\u0131r milis n\u0259f\u0259rin\u0259 v\u0259 ba\u015flay\u0131r onu v\u0259h\u015fic\u0259sin\u0259 d\u00f6ym\u0259y\u0259. D\u00f6y\u00fcb \u015fil-k\u00fct el\u0259yir v\u0259 ke\u00e7ir milis idar\u0259sinin binas\u0131na. Ona od vurub yand\u0131r\u0131r.\n<\/p>\n<p>\n  Xalq h\u0259r\u0259kat\u0131 geni\u015f v\u00fcs\u0259t al\u0131b. Q\u0259l\u0259b\u0259 ard\u0131nca q\u0259l\u0259b\u0259. Yanan binalar v\u0259 d\u00f6y\u00fcl\u0259n insanlar Miralim b\u0259yin v\u0259 onun igidl\u0259rinin hirsini dey\u0259s\u0259n bir balaca soyudub. Miralim b\u0259y AXC-nin rayon \u015f\u00f6b\u0259sinin q\u0259rargah\u0131na y\u00f6n\u0259lir. K\u00fctl\u0259 s\u00fcr\u00fc kimi onun ard\u0131yca gedir. Miralim binaya daxil olur. P\u0259r\u0259sti\u015fkarlar \u00e7\u00f6ld\u0259 qal\u0131r. Ham\u0131 ruh y\u00fcks\u0259kliyi il\u0259 xalq\u0131n misilsiz q\u0259l\u0259b\u0259sini m\u00fczakir\u0259 edir. Bird\u0259n AXC C\u0259lilabad \u015f\u00f6b\u0259sinin \u0130dar\u0259 Hey\u0259tinin bir \u00fczv\u00fc binadan bay\u0131ra \u00e7\u0131x\u0131r v\u0259 q\u0259z\u0259bl\u0259 q\u0131\u015fq\u0131r\u0131r:\n<\/p>\n<p>\n  <i><br \/>\n    -Sakit! Ham\u0131 sussun! Miralim b\u0259y telefonla Marqaret Tet\u00e7erl\u0259 dan\u0131\u015f\u0131r!<br \/>\n  <\/i>\n<\/p>\n<p>\n  K\u00fctl\u0259 qorxudan v\u0259 ehtiramdan susur. Miralim b\u0259y C\u0259lilabad \u0259hlinin yaratd\u0131\u011f\u0131 m\u00fctl\u0259q s\u00fckut \u015f\u0259raitind\u0259 B\u00f6y\u00fck Britaniyan\u0131n v\u0259 \u015eimali \u0130rlandiyan\u0131n krali\u00e7as\u0131 \u00dclyah\u0259zr\u0259t \u0130kinci Yelizavetan\u0131n Ba\u015f naziri baronessa Marqaret Tet\u00e7er il\u0259 dan\u0131\u015f\u0131r&#8230;\n<\/p>\n<p>\n  Hans\u0131 dild\u0259? Hans\u0131 telefonla? Bel\u0259 s\u0259feh suallar q\u0131zm\u0131\u015f ba\u015flara gir\u0259 d\u0259 bilm\u0259zdi. Ax\u0131 indi m\u00f6c\u00fcz\u0259l\u0259r zaman\u0131d\u0131r. Dan\u0131\u015f\u0131r. \u0130ki birinci katibi devir\u0259nd\u0259n v\u0259 birinin ba\u015f\u0131n\u0131 lingl\u0259 yarandan, B\u0259xtiyar Vahabzad\u0259ni v\u0259 Yusif S\u0259m\u0259do\u011flunu rayondan qovandan, raykomun binas\u0131n\u0131 viran\u0259 qoyandan v\u0259 milis idar\u0259sinin binas\u0131n\u0131 yand\u0131randam sonra baronessa Marqaret Tet\u00e7erl\u0259 dan\u0131\u015fma\u011fa n\u0259 var ki&#8230;\n<\/p>\n<p>\n  C\u0259lilabad i\u011fti\u015fa\u015f\u0131 partokratlara b\u0259han\u0259 verdi ki, 1990-c\u0131 ilin yaz\u0131nda ke\u00e7irilm\u0259si n\u0259z\u0259rd\u0259 tutulan se\u00e7kil\u0259r \u00fc\u00e7\u00fcn Ali Sovetd\u0259 haz\u0131rlanan Se\u00e7ki qanununun m\u00fczakir\u0259sini t\u0259xir\u0259 sals\u0131nlar.\n<\/p>\n<p>\n  Lakin Kreml\u0259 Az\u0259rbaycanda xalq h\u0259r\u0259kat\u0131na qanl\u0131 divan tutmaq \u00fc\u00e7\u00fcn katibl\u0259rin devrilm\u0259sind\u0259n \u0259lav\u0259 daha samball\u0131 c\u0259b\u0259bl\u0259r laz\u0131m idi. AXC i\u00e7\u0259risind\u0259 art\u0131q he\u00e7 bir mane\u0259 g\u00f6rm\u0259d\u0259n c\u00f6vlan ed\u0259n DTK casuslar\u0131 \u00f6z mafioz a\u011falar\u0131n\u0131n n\u00f6vb\u0259ti g\u00f6st\u0259ri\u015fini icras\u0131na giri\u015fdil\u0259r.\n<\/p>\n<p>\n  <b><br \/>\n    (Ard\u0131 var)<br \/>\n  <\/b><\/p>\n","protected":false},"excerpt":{"rendered":"<p>30 il \u0259vv\u0259l n\u0259 ba\u015f verdi?<\/p>\n","protected":false},"author":11,"featured_media":81375,"comment_status":"closed","ping_status":"open","sticky":false,"template":"","format":"standard","meta":{"_acf_changed":false,"_sitemap_exclude":false,"_sitemap_priority":"","_sitemap_frequency":"","footnotes":""},"categories":[57],"tags":[],"class_list":["post-193278","post","type-post","status-publish","format-standard","has-post-thumbnail","hentry","category-menim-fikrimce","infinite-scroll-item","generate-columns","tablet-grid-50","mobile-grid-100","grid-parent","grid-33","no-featured-image-padding"],"acf":[],"yoast_head":"<!-- This site is optimized with the Yoast SEO plugin v27.4 - https:\/\/yoast.com\/product\/yoast-seo-wordpress\/ -->\n<title>&#039;&#039;Dir\u00e7\u0259li\u015f&#039;&#039;d\u0259n &#039;&#039;D\u00fcnya Az\u0259rbaycanl\u0131lar\u0131n\u0131n H\u0259mr\u0259yliyi&#039;&#039;n\u0259 - MEYDAN.TV<\/title>\n<meta name=\"robots\" content=\"index, follow, max-snippet:-1, max-image-preview:large, max-video-preview:-1\" \/>\n<link rel=\"canonical\" href=\"https:\/\/www.meydan.tv\/az\/article\/dircelisden-dunya-azerbaycanlilarinin-hemreyliyine\/\" \/>\n<meta property=\"og:locale\" content=\"az_AZ\" \/>\n<meta property=\"og:type\" content=\"article\" \/>\n<meta property=\"og:title\" content=\"&#039;&#039;Dir\u00e7\u0259li\u015f&#039;&#039;d\u0259n &#039;&#039;D\u00fcnya Az\u0259rbaycanl\u0131lar\u0131n\u0131n H\u0259mr\u0259yliyi&#039;&#039;n\u0259 - MEYDAN.TV\" \/>\n<meta property=\"og:description\" content=\"30 il \u0259vv\u0259l n\u0259 ba\u015f verdi?\" \/>\n<meta property=\"og:url\" content=\"https:\/\/www.meydan.tv\/az\/article\/dircelisden-dunya-azerbaycanlilarinin-hemreyliyine\/\" \/>\n<meta property=\"og:site_name\" content=\"MEYDAN.TV\" \/>\n<meta property=\"article:published_time\" content=\"2018-12-30T10:58:19+00:00\" \/>\n<meta property=\"og:image\" content=\"https:\/\/www.meydan.tv\/wp-content\/uploads\/31837-1095x821.png\" \/>\n\t<meta property=\"og:image:width\" content=\"1095\" \/>\n\t<meta property=\"og:image:height\" content=\"821\" \/>\n\t<meta property=\"og:image:type\" content=\"image\/png\" \/>\n<meta name=\"author\" content=\"user-manager\" \/>\n<meta name=\"twitter:card\" content=\"summary_large_image\" \/>\n<script type=\"application\/ld+json\" class=\"yoast-schema-graph\">{\"@context\":\"https:\\\/\\\/schema.org\",\"@graph\":[{\"@type\":\"Article\",\"@id\":\"https:\\\/\\\/www.meydan.tv\\\/az\\\/article\\\/dircelisden-dunya-azerbaycanlilarinin-hemreyliyine\\\/#article\",\"isPartOf\":{\"@id\":\"https:\\\/\\\/www.meydan.tv\\\/az\\\/article\\\/dircelisden-dunya-azerbaycanlilarinin-hemreyliyine\\\/\"},\"author\":{\"name\":\"user-manager\",\"@id\":\"https:\\\/\\\/www.meydan.tv\\\/az\\\/#\\\/schema\\\/person\\\/10d11eccf6da3662cf5fdab9806ea91a\"},\"headline\":\"&#8221;Dir\u00e7\u0259li\u015f&#8221;d\u0259n &#8221;D\u00fcnya Az\u0259rbaycanl\u0131lar\u0131n\u0131n H\u0259mr\u0259yliyi&#8221;n\u0259\",\"datePublished\":\"2018-12-30T10:58:19+00:00\",\"mainEntityOfPage\":{\"@id\":\"https:\\\/\\\/www.meydan.tv\\\/az\\\/article\\\/dircelisden-dunya-azerbaycanlilarinin-hemreyliyine\\\/\"},\"wordCount\":4899,\"publisher\":{\"@id\":\"https:\\\/\\\/www.meydan.tv\\\/az\\\/#organization\"},\"image\":{\"@id\":\"https:\\\/\\\/www.meydan.tv\\\/az\\\/article\\\/dircelisden-dunya-azerbaycanlilarinin-hemreyliyine\\\/#primaryimage\"},\"thumbnailUrl\":\"https:\\\/\\\/www.meydan.tv\\\/wp-content\\\/uploads\\\/31837.png\",\"articleSection\":[\"M\u0259nim Fikrimc\u0259\"],\"inLanguage\":\"az\"},{\"@type\":\"WebPage\",\"@id\":\"https:\\\/\\\/www.meydan.tv\\\/az\\\/article\\\/dircelisden-dunya-azerbaycanlilarinin-hemreyliyine\\\/\",\"url\":\"https:\\\/\\\/www.meydan.tv\\\/az\\\/article\\\/dircelisden-dunya-azerbaycanlilarinin-hemreyliyine\\\/\",\"name\":\"''Dir\u00e7\u0259li\u015f''d\u0259n ''D\u00fcnya Az\u0259rbaycanl\u0131lar\u0131n\u0131n H\u0259mr\u0259yliyi''n\u0259 - MEYDAN.TV\",\"isPartOf\":{\"@id\":\"https:\\\/\\\/www.meydan.tv\\\/az\\\/#website\"},\"primaryImageOfPage\":{\"@id\":\"https:\\\/\\\/www.meydan.tv\\\/az\\\/article\\\/dircelisden-dunya-azerbaycanlilarinin-hemreyliyine\\\/#primaryimage\"},\"image\":{\"@id\":\"https:\\\/\\\/www.meydan.tv\\\/az\\\/article\\\/dircelisden-dunya-azerbaycanlilarinin-hemreyliyine\\\/#primaryimage\"},\"thumbnailUrl\":\"https:\\\/\\\/www.meydan.tv\\\/wp-content\\\/uploads\\\/31837.png\",\"datePublished\":\"2018-12-30T10:58:19+00:00\",\"breadcrumb\":{\"@id\":\"https:\\\/\\\/www.meydan.tv\\\/az\\\/article\\\/dircelisden-dunya-azerbaycanlilarinin-hemreyliyine\\\/#breadcrumb\"},\"inLanguage\":\"az\",\"potentialAction\":[{\"@type\":\"ReadAction\",\"target\":[\"https:\\\/\\\/www.meydan.tv\\\/az\\\/article\\\/dircelisden-dunya-azerbaycanlilarinin-hemreyliyine\\\/\"]}]},{\"@type\":\"ImageObject\",\"inLanguage\":\"az\",\"@id\":\"https:\\\/\\\/www.meydan.tv\\\/az\\\/article\\\/dircelisden-dunya-azerbaycanlilarinin-hemreyliyine\\\/#primaryimage\",\"url\":\"https:\\\/\\\/www.meydan.tv\\\/wp-content\\\/uploads\\\/31837.png\",\"contentUrl\":\"https:\\\/\\\/www.meydan.tv\\\/wp-content\\\/uploads\\\/31837.png\",\"width\":2732,\"height\":2048,\"caption\":\"Source:\"},{\"@type\":\"BreadcrumbList\",\"@id\":\"https:\\\/\\\/www.meydan.tv\\\/az\\\/article\\\/dircelisden-dunya-azerbaycanlilarinin-hemreyliyine\\\/#breadcrumb\",\"itemListElement\":[{\"@type\":\"ListItem\",\"position\":1,\"name\":\"Ana s\u0259hif\u0259\",\"item\":\"https:\\\/\\\/www.meydan.tv\\\/az\\\/\"},{\"@type\":\"ListItem\",\"position\":2,\"name\":\"M\u0259nim Fikrimc\u0259\",\"item\":\"https:\\\/\\\/www.meydan.tv\\\/az\\\/section\\\/menim-fikrimce\\\/\"},{\"@type\":\"ListItem\",\"position\":3,\"name\":\"&#8221;Dir\u00e7\u0259li\u015f&#8221;d\u0259n &#8221;D\u00fcnya Az\u0259rbaycanl\u0131lar\u0131n\u0131n H\u0259mr\u0259yliyi&#8221;n\u0259\"}]},{\"@type\":\"WebSite\",\"@id\":\"https:\\\/\\\/www.meydan.tv\\\/az\\\/#website\",\"url\":\"https:\\\/\\\/www.meydan.tv\\\/az\\\/\",\"name\":\"MEYDAN.TV\",\"description\":\"Meydan TV Az\u0259rbaycan\u0131n media m\u0259kan\u0131ndak\u0131 alternativ s\u0259sidir\",\"publisher\":{\"@id\":\"https:\\\/\\\/www.meydan.tv\\\/az\\\/#organization\"},\"potentialAction\":[{\"@type\":\"SearchAction\",\"target\":{\"@type\":\"EntryPoint\",\"urlTemplate\":\"https:\\\/\\\/www.meydan.tv\\\/az\\\/?s={search_term_string}\"},\"query-input\":{\"@type\":\"PropertyValueSpecification\",\"valueRequired\":true,\"valueName\":\"search_term_string\"}}],\"inLanguage\":\"az\"},{\"@type\":\"Organization\",\"@id\":\"https:\\\/\\\/www.meydan.tv\\\/az\\\/#organization\",\"name\":\"Meydan TV\",\"url\":\"https:\\\/\\\/www.meydan.tv\\\/az\\\/\",\"logo\":{\"@type\":\"ImageObject\",\"inLanguage\":\"az\",\"@id\":\"https:\\\/\\\/www.meydan.tv\\\/az\\\/#\\\/schema\\\/logo\\\/image\\\/\",\"url\":\"https:\\\/\\\/www.meydan.tv\\\/wp-content\\\/uploads\\\/2021\\\/07\\\/meydan-logo.svg\",\"contentUrl\":\"https:\\\/\\\/www.meydan.tv\\\/wp-content\\\/uploads\\\/2021\\\/07\\\/meydan-logo.svg\",\"width\":195,\"height\":46,\"caption\":\"Meydan TV\"},\"image\":{\"@id\":\"https:\\\/\\\/www.meydan.tv\\\/az\\\/#\\\/schema\\\/logo\\\/image\\\/\"}},{\"@type\":\"Person\",\"@id\":\"https:\\\/\\\/www.meydan.tv\\\/az\\\/#\\\/schema\\\/person\\\/10d11eccf6da3662cf5fdab9806ea91a\",\"name\":\"user-manager\"}]}<\/script>\n<!-- \/ Yoast SEO plugin. -->","yoast_head_json":{"title":"''Dir\u00e7\u0259li\u015f''d\u0259n ''D\u00fcnya Az\u0259rbaycanl\u0131lar\u0131n\u0131n H\u0259mr\u0259yliyi''n\u0259 - MEYDAN.TV","robots":{"index":"index","follow":"follow","max-snippet":"max-snippet:-1","max-image-preview":"max-image-preview:large","max-video-preview":"max-video-preview:-1"},"canonical":"https:\/\/www.meydan.tv\/az\/article\/dircelisden-dunya-azerbaycanlilarinin-hemreyliyine\/","og_locale":"az_AZ","og_type":"article","og_title":"''Dir\u00e7\u0259li\u015f''d\u0259n ''D\u00fcnya Az\u0259rbaycanl\u0131lar\u0131n\u0131n H\u0259mr\u0259yliyi''n\u0259 - MEYDAN.TV","og_description":"30 il \u0259vv\u0259l n\u0259 ba\u015f verdi?","og_url":"https:\/\/www.meydan.tv\/az\/article\/dircelisden-dunya-azerbaycanlilarinin-hemreyliyine\/","og_site_name":"MEYDAN.TV","article_published_time":"2018-12-30T10:58:19+00:00","og_image":[{"width":1095,"height":821,"url":"https:\/\/www.meydan.tv\/wp-content\/uploads\/31837-1095x821.png","type":"image\/png"}],"author":"user-manager","twitter_card":"summary_large_image","schema":{"@context":"https:\/\/schema.org","@graph":[{"@type":"Article","@id":"https:\/\/www.meydan.tv\/az\/article\/dircelisden-dunya-azerbaycanlilarinin-hemreyliyine\/#article","isPartOf":{"@id":"https:\/\/www.meydan.tv\/az\/article\/dircelisden-dunya-azerbaycanlilarinin-hemreyliyine\/"},"author":{"name":"user-manager","@id":"https:\/\/www.meydan.tv\/az\/#\/schema\/person\/10d11eccf6da3662cf5fdab9806ea91a"},"headline":"&#8221;Dir\u00e7\u0259li\u015f&#8221;d\u0259n &#8221;D\u00fcnya Az\u0259rbaycanl\u0131lar\u0131n\u0131n H\u0259mr\u0259yliyi&#8221;n\u0259","datePublished":"2018-12-30T10:58:19+00:00","mainEntityOfPage":{"@id":"https:\/\/www.meydan.tv\/az\/article\/dircelisden-dunya-azerbaycanlilarinin-hemreyliyine\/"},"wordCount":4899,"publisher":{"@id":"https:\/\/www.meydan.tv\/az\/#organization"},"image":{"@id":"https:\/\/www.meydan.tv\/az\/article\/dircelisden-dunya-azerbaycanlilarinin-hemreyliyine\/#primaryimage"},"thumbnailUrl":"https:\/\/www.meydan.tv\/wp-content\/uploads\/31837.png","articleSection":["M\u0259nim Fikrimc\u0259"],"inLanguage":"az"},{"@type":"WebPage","@id":"https:\/\/www.meydan.tv\/az\/article\/dircelisden-dunya-azerbaycanlilarinin-hemreyliyine\/","url":"https:\/\/www.meydan.tv\/az\/article\/dircelisden-dunya-azerbaycanlilarinin-hemreyliyine\/","name":"''Dir\u00e7\u0259li\u015f''d\u0259n ''D\u00fcnya Az\u0259rbaycanl\u0131lar\u0131n\u0131n H\u0259mr\u0259yliyi''n\u0259 - MEYDAN.TV","isPartOf":{"@id":"https:\/\/www.meydan.tv\/az\/#website"},"primaryImageOfPage":{"@id":"https:\/\/www.meydan.tv\/az\/article\/dircelisden-dunya-azerbaycanlilarinin-hemreyliyine\/#primaryimage"},"image":{"@id":"https:\/\/www.meydan.tv\/az\/article\/dircelisden-dunya-azerbaycanlilarinin-hemreyliyine\/#primaryimage"},"thumbnailUrl":"https:\/\/www.meydan.tv\/wp-content\/uploads\/31837.png","datePublished":"2018-12-30T10:58:19+00:00","breadcrumb":{"@id":"https:\/\/www.meydan.tv\/az\/article\/dircelisden-dunya-azerbaycanlilarinin-hemreyliyine\/#breadcrumb"},"inLanguage":"az","potentialAction":[{"@type":"ReadAction","target":["https:\/\/www.meydan.tv\/az\/article\/dircelisden-dunya-azerbaycanlilarinin-hemreyliyine\/"]}]},{"@type":"ImageObject","inLanguage":"az","@id":"https:\/\/www.meydan.tv\/az\/article\/dircelisden-dunya-azerbaycanlilarinin-hemreyliyine\/#primaryimage","url":"https:\/\/www.meydan.tv\/wp-content\/uploads\/31837.png","contentUrl":"https:\/\/www.meydan.tv\/wp-content\/uploads\/31837.png","width":2732,"height":2048,"caption":"Source:"},{"@type":"BreadcrumbList","@id":"https:\/\/www.meydan.tv\/az\/article\/dircelisden-dunya-azerbaycanlilarinin-hemreyliyine\/#breadcrumb","itemListElement":[{"@type":"ListItem","position":1,"name":"Ana s\u0259hif\u0259","item":"https:\/\/www.meydan.tv\/az\/"},{"@type":"ListItem","position":2,"name":"M\u0259nim Fikrimc\u0259","item":"https:\/\/www.meydan.tv\/az\/section\/menim-fikrimce\/"},{"@type":"ListItem","position":3,"name":"&#8221;Dir\u00e7\u0259li\u015f&#8221;d\u0259n &#8221;D\u00fcnya Az\u0259rbaycanl\u0131lar\u0131n\u0131n H\u0259mr\u0259yliyi&#8221;n\u0259"}]},{"@type":"WebSite","@id":"https:\/\/www.meydan.tv\/az\/#website","url":"https:\/\/www.meydan.tv\/az\/","name":"MEYDAN.TV","description":"Meydan TV Az\u0259rbaycan\u0131n media m\u0259kan\u0131ndak\u0131 alternativ s\u0259sidir","publisher":{"@id":"https:\/\/www.meydan.tv\/az\/#organization"},"potentialAction":[{"@type":"SearchAction","target":{"@type":"EntryPoint","urlTemplate":"https:\/\/www.meydan.tv\/az\/?s={search_term_string}"},"query-input":{"@type":"PropertyValueSpecification","valueRequired":true,"valueName":"search_term_string"}}],"inLanguage":"az"},{"@type":"Organization","@id":"https:\/\/www.meydan.tv\/az\/#organization","name":"Meydan TV","url":"https:\/\/www.meydan.tv\/az\/","logo":{"@type":"ImageObject","inLanguage":"az","@id":"https:\/\/www.meydan.tv\/az\/#\/schema\/logo\/image\/","url":"https:\/\/www.meydan.tv\/wp-content\/uploads\/2021\/07\/meydan-logo.svg","contentUrl":"https:\/\/www.meydan.tv\/wp-content\/uploads\/2021\/07\/meydan-logo.svg","width":195,"height":46,"caption":"Meydan TV"},"image":{"@id":"https:\/\/www.meydan.tv\/az\/#\/schema\/logo\/image\/"}},{"@type":"Person","@id":"https:\/\/www.meydan.tv\/az\/#\/schema\/person\/10d11eccf6da3662cf5fdab9806ea91a","name":"user-manager"}]}},"_links":{"self":[{"href":"https:\/\/www.meydan.tv\/az\/wp-json\/wp\/v2\/posts\/193278","targetHints":{"allow":["GET"]}}],"collection":[{"href":"https:\/\/www.meydan.tv\/az\/wp-json\/wp\/v2\/posts"}],"about":[{"href":"https:\/\/www.meydan.tv\/az\/wp-json\/wp\/v2\/types\/post"}],"author":[{"embeddable":true,"href":"https:\/\/www.meydan.tv\/az\/wp-json\/wp\/v2\/users\/11"}],"replies":[{"embeddable":true,"href":"https:\/\/www.meydan.tv\/az\/wp-json\/wp\/v2\/comments?post=193278"}],"version-history":[{"count":0,"href":"https:\/\/www.meydan.tv\/az\/wp-json\/wp\/v2\/posts\/193278\/revisions"}],"wp:featuredmedia":[{"embeddable":true,"href":"https:\/\/www.meydan.tv\/az\/wp-json\/wp\/v2\/media\/81375"}],"wp:attachment":[{"href":"https:\/\/www.meydan.tv\/az\/wp-json\/wp\/v2\/media?parent=193278"}],"wp:term":[{"taxonomy":"category","embeddable":true,"href":"https:\/\/www.meydan.tv\/az\/wp-json\/wp\/v2\/categories?post=193278"},{"taxonomy":"post_tag","embeddable":true,"href":"https:\/\/www.meydan.tv\/az\/wp-json\/wp\/v2\/tags?post=193278"}],"curies":[{"name":"wp","href":"https:\/\/api.w.org\/{rel}","templated":true}]}}