{"id":193271,"date":"2018-12-29T22:15:20","date_gmt":"2018-12-29T22:15:20","guid":{"rendered":"https:\/\/www.meydan.tv\/article\/kende-qaz-verdiler-amma-bir-nece-deqiqelik\/"},"modified":"2018-12-29T22:15:20","modified_gmt":"2018-12-29T22:15:20","slug":"kende-qaz-verdiler-amma-bir-nece-deqiqelik","status":"publish","type":"post","link":"https:\/\/www.meydan.tv\/az\/article\/kende-qaz-verdiler-amma-bir-nece-deqiqelik\/","title":{"rendered":"&#8221;K\u0259nd\u0259 qaz verdil\u0259r, amma bir ne\u00e7\u0259 d\u0259qiq\u0259lik&#8221;"},"content":{"rendered":"<figure class=\"wp-block-image size-large\">\n  <img decoding=\"async\" src=\"https:\/\/www.meydan.tv\/az\/ucar-rayonunun-elikendinde-qaz-xetti\/\" alt=\"Ucar rayonunun \u018flik\u0259ndind\u0259 qaz x\u0259tti\" class=\"wp-image-114982\"\/><figcaption>\n    Ucar rayonunun \u018flik\u0259ndind\u0259 qaz x\u0259tti<br \/>\n  <\/figcaption><\/figure>\n<p>\n  <i><br \/>\n    T\u0259dbir ke\u00e7irilib, x\u0259b\u0259r yay\u0131l\u0131b, amma mavi yanacaq verilm\u0259yib<br \/>\n  <\/i>\n<\/p>\n<p>\n  \u201c2018-ci il dekabr\u0131n 25-d\u0259 Ucar rayonunun \u018flik\u0259nd v\u0259 Ramal k\u0259ndl\u0259rin\u0259 t\u0259bii qaz\u0131n verilm\u0259si k\u0259nd sakinl\u0259rinin b\u00f6y\u00fck sevincin\u0259 s\u0259b\u0259b olmu\u015fdur. Ke\u00e7iril\u0259n t\u0259dbird\u0259 rayon \u0130cra Hakimiyy\u0259tinin v\u0259 \u201cAz\u0259riqaz\u201d \u0130stehsalat Birliyinin t\u0259msil\u00e7il\u0259ri, ictimaiyy\u0259t n\u00fcmay\u0259nd\u0259l\u0259ri i\u015ftirak etmi\u015fl\u0259r. T\u0259dbird\u0259 \u00e7\u0131x\u0131\u015f ed\u0259n ictimaiyy\u0259t n\u00fcmay\u0259nd\u0259l\u0259ri ya\u015fay\u0131\u015f m\u0259nt\u0259q\u0259l\u0259rin\u0259 t\u0259bii qaz\u0131n verilm\u0259sin\u0259 g\u00f6r\u0259 Az\u0259rbaycan Respublikas\u0131n\u0131n Prezidenti c\u0259nab \u0130lham \u018fliyev\u0259 minn\u0259tdarl\u0131qlar\u0131n\u0131 ifad\u0259 etmi\u015fl\u0259r\u201d.\n<\/p>\n<p>\n  Bu c\u00fcml\u0259l\u0259r Ucar Rayon \u0130cra Hakimiyy\u0259tinin r\u0259smi sayt\u0131ndak\u0131 bir m\u0259lumatda qeyd olunub. Bildirilib ki, \u00fcmumilikd\u0259 321 f\u0259rdi evd\u0259n ibar\u0259t olan k\u0259ndl\u0259rin qazla\u015fd\u0131r\u0131lmas\u0131 ba\u015fa \u00e7at\u0131b, h\u0259r bir m\u0259nzil\u0259 say\u011fac v\u0259 f\u0259rdi t\u0259nziml\u0259yici qura\u015fd\u0131r\u0131l\u0131b.\n<\/p>\n<figure class=\"wp-block-image size-large\">\n  <img decoding=\"async\" src=\"https:\/\/www.meydan.tv\/az\/114985\/\" alt=\"\" class=\"wp-image-114985\"\/><figcaption><\/figcaption><\/figure>\n<p>\n  <br \/>\n  Ancaq Meydan TV-y\u0259 \u018flik\u0259nd sakinl\u0259ri m\u00fcraci\u0259t edib, onlar bildiribl\u0259r ki, h\u0259qiq\u0259t\u0259n d\u0259 dekabr\u0131n 25-d\u0259 d\u00f6vl\u0259t qurumlar\u0131n\u0131n v\u0259 sakinl\u0259rin i\u015ftirak\u0131 il\u0259 k\u0259nd\u0259 mavi yanaca\u011f\u0131n verili\u015fi m\u00fcnasib\u0259til\u0259 t\u0259dbir ke\u00e7irilib. Ancaq mavi yanacaq k\u0259ndin giri\u015find\u0259ki bir ev\u0259 verilib, o da bir ne\u00e7\u0259 d\u0259qiq\u0259liy\u0259.\n<\/p>\n<p>\n  Ucar Rayon \u0130cra Hakimiyy\u0259tind\u0259n Meydan TV-y\u0259 deyilib ki, qaz x\u0259tl\u0259rind\u0259 texniki nasazl\u0131q var, onlar aradan qald\u0131r\u0131ld\u0131qdan sonra k\u0259nd\u0259 qaz veril\u0259c\u0259k.<\/p>\n","protected":false},"excerpt":{"rendered":"<p>T\u0259dbir ke\u00e7irilib, x\u0259b\u0259r yay\u0131l\u0131b, amma mavi yanacaq verilm\u0259yib<\/p>\n","protected":false},"author":11,"featured_media":114982,"comment_status":"closed","ping_status":"open","sticky":false,"template":"","format":"standard","meta":{"_acf_changed":false,"_sitemap_exclude":false,"_sitemap_priority":"","_sitemap_frequency":"","footnotes":""},"categories":[60],"tags":[],"class_list":["post-193271","post","type-post","status-publish","format-standard","has-post-thumbnail","hentry","category-bolge","infinite-scroll-item","generate-columns","tablet-grid-50","mobile-grid-100","grid-parent","grid-33","no-featured-image-padding"],"acf":[],"yoast_head":"<!-- This site is optimized with the Yoast SEO plugin v27.4 - https:\/\/yoast.com\/product\/yoast-seo-wordpress\/ -->\n<title>&#039;&#039;K\u0259nd\u0259 qaz verdil\u0259r, amma bir ne\u00e7\u0259 d\u0259qiq\u0259lik&#039;&#039; - MEYDAN.TV<\/title>\n<meta name=\"robots\" content=\"index, follow, max-snippet:-1, max-image-preview:large, max-video-preview:-1\" \/>\n<link rel=\"canonical\" href=\"https:\/\/www.meydan.tv\/az\/article\/kende-qaz-verdiler-amma-bir-nece-deqiqelik\/\" \/>\n<meta property=\"og:locale\" content=\"az_AZ\" \/>\n<meta property=\"og:type\" content=\"article\" \/>\n<meta property=\"og:title\" content=\"&#039;&#039;K\u0259nd\u0259 qaz verdil\u0259r, amma bir ne\u00e7\u0259 d\u0259qiq\u0259lik&#039;&#039; - MEYDAN.TV\" \/>\n<meta property=\"og:description\" content=\"T\u0259dbir ke\u00e7irilib, x\u0259b\u0259r yay\u0131l\u0131b, amma mavi yanacaq verilm\u0259yib\" \/>\n<meta property=\"og:url\" content=\"https:\/\/www.meydan.tv\/az\/article\/kende-qaz-verdiler-amma-bir-nece-deqiqelik\/\" \/>\n<meta property=\"og:site_name\" content=\"MEYDAN.TV\" \/>\n<meta property=\"article:published_time\" content=\"2018-12-29T22:15:20+00:00\" \/>\n<meta property=\"og:image\" content=\"https:\/\/www.meydan.tv\/wp-content\/uploads\/45804.png\" \/>\n\t<meta property=\"og:image:width\" content=\"810\" \/>\n\t<meta property=\"og:image:height\" content=\"450\" \/>\n\t<meta property=\"og:image:type\" content=\"image\/png\" \/>\n<meta name=\"author\" content=\"user-manager\" \/>\n<meta name=\"twitter:card\" content=\"summary_large_image\" \/>\n<script type=\"application\/ld+json\" class=\"yoast-schema-graph\">{\"@context\":\"https:\\\/\\\/schema.org\",\"@graph\":[{\"@type\":\"Article\",\"@id\":\"https:\\\/\\\/www.meydan.tv\\\/az\\\/article\\\/kende-qaz-verdiler-amma-bir-nece-deqiqelik\\\/#article\",\"isPartOf\":{\"@id\":\"https:\\\/\\\/www.meydan.tv\\\/az\\\/article\\\/kende-qaz-verdiler-amma-bir-nece-deqiqelik\\\/\"},\"author\":{\"name\":\"user-manager\",\"@id\":\"https:\\\/\\\/www.meydan.tv\\\/az\\\/#\\\/schema\\\/person\\\/10d11eccf6da3662cf5fdab9806ea91a\"},\"headline\":\"&#8221;K\u0259nd\u0259 qaz verdil\u0259r, amma bir ne\u00e7\u0259 d\u0259qiq\u0259lik&#8221;\",\"datePublished\":\"2018-12-29T22:15:20+00:00\",\"mainEntityOfPage\":{\"@id\":\"https:\\\/\\\/www.meydan.tv\\\/az\\\/article\\\/kende-qaz-verdiler-amma-bir-nece-deqiqelik\\\/\"},\"wordCount\":297,\"publisher\":{\"@id\":\"https:\\\/\\\/www.meydan.tv\\\/az\\\/#organization\"},\"image\":{\"@id\":\"https:\\\/\\\/www.meydan.tv\\\/az\\\/article\\\/kende-qaz-verdiler-amma-bir-nece-deqiqelik\\\/#primaryimage\"},\"thumbnailUrl\":\"https:\\\/\\\/www.meydan.tv\\\/wp-content\\\/uploads\\\/45804.png\",\"articleSection\":[\"B\u00f6lg\u0259\"],\"inLanguage\":\"az\"},{\"@type\":\"WebPage\",\"@id\":\"https:\\\/\\\/www.meydan.tv\\\/az\\\/article\\\/kende-qaz-verdiler-amma-bir-nece-deqiqelik\\\/\",\"url\":\"https:\\\/\\\/www.meydan.tv\\\/az\\\/article\\\/kende-qaz-verdiler-amma-bir-nece-deqiqelik\\\/\",\"name\":\"''K\u0259nd\u0259 qaz verdil\u0259r, amma bir ne\u00e7\u0259 d\u0259qiq\u0259lik'' - MEYDAN.TV\",\"isPartOf\":{\"@id\":\"https:\\\/\\\/www.meydan.tv\\\/az\\\/#website\"},\"primaryImageOfPage\":{\"@id\":\"https:\\\/\\\/www.meydan.tv\\\/az\\\/article\\\/kende-qaz-verdiler-amma-bir-nece-deqiqelik\\\/#primaryimage\"},\"image\":{\"@id\":\"https:\\\/\\\/www.meydan.tv\\\/az\\\/article\\\/kende-qaz-verdiler-amma-bir-nece-deqiqelik\\\/#primaryimage\"},\"thumbnailUrl\":\"https:\\\/\\\/www.meydan.tv\\\/wp-content\\\/uploads\\\/45804.png\",\"datePublished\":\"2018-12-29T22:15:20+00:00\",\"breadcrumb\":{\"@id\":\"https:\\\/\\\/www.meydan.tv\\\/az\\\/article\\\/kende-qaz-verdiler-amma-bir-nece-deqiqelik\\\/#breadcrumb\"},\"inLanguage\":\"az\",\"potentialAction\":[{\"@type\":\"ReadAction\",\"target\":[\"https:\\\/\\\/www.meydan.tv\\\/az\\\/article\\\/kende-qaz-verdiler-amma-bir-nece-deqiqelik\\\/\"]}]},{\"@type\":\"ImageObject\",\"inLanguage\":\"az\",\"@id\":\"https:\\\/\\\/www.meydan.tv\\\/az\\\/article\\\/kende-qaz-verdiler-amma-bir-nece-deqiqelik\\\/#primaryimage\",\"url\":\"https:\\\/\\\/www.meydan.tv\\\/wp-content\\\/uploads\\\/45804.png\",\"contentUrl\":\"https:\\\/\\\/www.meydan.tv\\\/wp-content\\\/uploads\\\/45804.png\",\"width\":810,\"height\":450,\"caption\":\"Source:\"},{\"@type\":\"BreadcrumbList\",\"@id\":\"https:\\\/\\\/www.meydan.tv\\\/az\\\/article\\\/kende-qaz-verdiler-amma-bir-nece-deqiqelik\\\/#breadcrumb\",\"itemListElement\":[{\"@type\":\"ListItem\",\"position\":1,\"name\":\"Ana s\u0259hif\u0259\",\"item\":\"https:\\\/\\\/www.meydan.tv\\\/az\\\/\"},{\"@type\":\"ListItem\",\"position\":2,\"name\":\"B\u00f6lg\u0259\",\"item\":\"https:\\\/\\\/www.meydan.tv\\\/az\\\/section\\\/bolge\\\/\"},{\"@type\":\"ListItem\",\"position\":3,\"name\":\"&#8221;K\u0259nd\u0259 qaz verdil\u0259r, amma bir ne\u00e7\u0259 d\u0259qiq\u0259lik&#8221;\"}]},{\"@type\":\"WebSite\",\"@id\":\"https:\\\/\\\/www.meydan.tv\\\/az\\\/#website\",\"url\":\"https:\\\/\\\/www.meydan.tv\\\/az\\\/\",\"name\":\"MEYDAN.TV\",\"description\":\"Meydan TV Az\u0259rbaycan\u0131n media m\u0259kan\u0131ndak\u0131 alternativ s\u0259sidir\",\"publisher\":{\"@id\":\"https:\\\/\\\/www.meydan.tv\\\/az\\\/#organization\"},\"potentialAction\":[{\"@type\":\"SearchAction\",\"target\":{\"@type\":\"EntryPoint\",\"urlTemplate\":\"https:\\\/\\\/www.meydan.tv\\\/az\\\/?s={search_term_string}\"},\"query-input\":{\"@type\":\"PropertyValueSpecification\",\"valueRequired\":true,\"valueName\":\"search_term_string\"}}],\"inLanguage\":\"az\"},{\"@type\":\"Organization\",\"@id\":\"https:\\\/\\\/www.meydan.tv\\\/az\\\/#organization\",\"name\":\"Meydan TV\",\"url\":\"https:\\\/\\\/www.meydan.tv\\\/az\\\/\",\"logo\":{\"@type\":\"ImageObject\",\"inLanguage\":\"az\",\"@id\":\"https:\\\/\\\/www.meydan.tv\\\/az\\\/#\\\/schema\\\/logo\\\/image\\\/\",\"url\":\"https:\\\/\\\/www.meydan.tv\\\/wp-content\\\/uploads\\\/2021\\\/07\\\/meydan-logo.svg\",\"contentUrl\":\"https:\\\/\\\/www.meydan.tv\\\/wp-content\\\/uploads\\\/2021\\\/07\\\/meydan-logo.svg\",\"width\":195,\"height\":46,\"caption\":\"Meydan TV\"},\"image\":{\"@id\":\"https:\\\/\\\/www.meydan.tv\\\/az\\\/#\\\/schema\\\/logo\\\/image\\\/\"}},{\"@type\":\"Person\",\"@id\":\"https:\\\/\\\/www.meydan.tv\\\/az\\\/#\\\/schema\\\/person\\\/10d11eccf6da3662cf5fdab9806ea91a\",\"name\":\"user-manager\"}]}<\/script>\n<!-- \/ Yoast SEO plugin. -->","yoast_head_json":{"title":"''K\u0259nd\u0259 qaz verdil\u0259r, amma bir ne\u00e7\u0259 d\u0259qiq\u0259lik'' - MEYDAN.TV","robots":{"index":"index","follow":"follow","max-snippet":"max-snippet:-1","max-image-preview":"max-image-preview:large","max-video-preview":"max-video-preview:-1"},"canonical":"https:\/\/www.meydan.tv\/az\/article\/kende-qaz-verdiler-amma-bir-nece-deqiqelik\/","og_locale":"az_AZ","og_type":"article","og_title":"''K\u0259nd\u0259 qaz verdil\u0259r, amma bir ne\u00e7\u0259 d\u0259qiq\u0259lik'' - MEYDAN.TV","og_description":"T\u0259dbir ke\u00e7irilib, x\u0259b\u0259r yay\u0131l\u0131b, amma mavi yanacaq verilm\u0259yib","og_url":"https:\/\/www.meydan.tv\/az\/article\/kende-qaz-verdiler-amma-bir-nece-deqiqelik\/","og_site_name":"MEYDAN.TV","article_published_time":"2018-12-29T22:15:20+00:00","og_image":[{"width":810,"height":450,"url":"https:\/\/www.meydan.tv\/wp-content\/uploads\/45804.png","type":"image\/png"}],"author":"user-manager","twitter_card":"summary_large_image","schema":{"@context":"https:\/\/schema.org","@graph":[{"@type":"Article","@id":"https:\/\/www.meydan.tv\/az\/article\/kende-qaz-verdiler-amma-bir-nece-deqiqelik\/#article","isPartOf":{"@id":"https:\/\/www.meydan.tv\/az\/article\/kende-qaz-verdiler-amma-bir-nece-deqiqelik\/"},"author":{"name":"user-manager","@id":"https:\/\/www.meydan.tv\/az\/#\/schema\/person\/10d11eccf6da3662cf5fdab9806ea91a"},"headline":"&#8221;K\u0259nd\u0259 qaz verdil\u0259r, amma bir ne\u00e7\u0259 d\u0259qiq\u0259lik&#8221;","datePublished":"2018-12-29T22:15:20+00:00","mainEntityOfPage":{"@id":"https:\/\/www.meydan.tv\/az\/article\/kende-qaz-verdiler-amma-bir-nece-deqiqelik\/"},"wordCount":297,"publisher":{"@id":"https:\/\/www.meydan.tv\/az\/#organization"},"image":{"@id":"https:\/\/www.meydan.tv\/az\/article\/kende-qaz-verdiler-amma-bir-nece-deqiqelik\/#primaryimage"},"thumbnailUrl":"https:\/\/www.meydan.tv\/wp-content\/uploads\/45804.png","articleSection":["B\u00f6lg\u0259"],"inLanguage":"az"},{"@type":"WebPage","@id":"https:\/\/www.meydan.tv\/az\/article\/kende-qaz-verdiler-amma-bir-nece-deqiqelik\/","url":"https:\/\/www.meydan.tv\/az\/article\/kende-qaz-verdiler-amma-bir-nece-deqiqelik\/","name":"''K\u0259nd\u0259 qaz verdil\u0259r, amma bir ne\u00e7\u0259 d\u0259qiq\u0259lik'' - MEYDAN.TV","isPartOf":{"@id":"https:\/\/www.meydan.tv\/az\/#website"},"primaryImageOfPage":{"@id":"https:\/\/www.meydan.tv\/az\/article\/kende-qaz-verdiler-amma-bir-nece-deqiqelik\/#primaryimage"},"image":{"@id":"https:\/\/www.meydan.tv\/az\/article\/kende-qaz-verdiler-amma-bir-nece-deqiqelik\/#primaryimage"},"thumbnailUrl":"https:\/\/www.meydan.tv\/wp-content\/uploads\/45804.png","datePublished":"2018-12-29T22:15:20+00:00","breadcrumb":{"@id":"https:\/\/www.meydan.tv\/az\/article\/kende-qaz-verdiler-amma-bir-nece-deqiqelik\/#breadcrumb"},"inLanguage":"az","potentialAction":[{"@type":"ReadAction","target":["https:\/\/www.meydan.tv\/az\/article\/kende-qaz-verdiler-amma-bir-nece-deqiqelik\/"]}]},{"@type":"ImageObject","inLanguage":"az","@id":"https:\/\/www.meydan.tv\/az\/article\/kende-qaz-verdiler-amma-bir-nece-deqiqelik\/#primaryimage","url":"https:\/\/www.meydan.tv\/wp-content\/uploads\/45804.png","contentUrl":"https:\/\/www.meydan.tv\/wp-content\/uploads\/45804.png","width":810,"height":450,"caption":"Source:"},{"@type":"BreadcrumbList","@id":"https:\/\/www.meydan.tv\/az\/article\/kende-qaz-verdiler-amma-bir-nece-deqiqelik\/#breadcrumb","itemListElement":[{"@type":"ListItem","position":1,"name":"Ana s\u0259hif\u0259","item":"https:\/\/www.meydan.tv\/az\/"},{"@type":"ListItem","position":2,"name":"B\u00f6lg\u0259","item":"https:\/\/www.meydan.tv\/az\/section\/bolge\/"},{"@type":"ListItem","position":3,"name":"&#8221;K\u0259nd\u0259 qaz verdil\u0259r, amma bir ne\u00e7\u0259 d\u0259qiq\u0259lik&#8221;"}]},{"@type":"WebSite","@id":"https:\/\/www.meydan.tv\/az\/#website","url":"https:\/\/www.meydan.tv\/az\/","name":"MEYDAN.TV","description":"Meydan TV Az\u0259rbaycan\u0131n media m\u0259kan\u0131ndak\u0131 alternativ s\u0259sidir","publisher":{"@id":"https:\/\/www.meydan.tv\/az\/#organization"},"potentialAction":[{"@type":"SearchAction","target":{"@type":"EntryPoint","urlTemplate":"https:\/\/www.meydan.tv\/az\/?s={search_term_string}"},"query-input":{"@type":"PropertyValueSpecification","valueRequired":true,"valueName":"search_term_string"}}],"inLanguage":"az"},{"@type":"Organization","@id":"https:\/\/www.meydan.tv\/az\/#organization","name":"Meydan TV","url":"https:\/\/www.meydan.tv\/az\/","logo":{"@type":"ImageObject","inLanguage":"az","@id":"https:\/\/www.meydan.tv\/az\/#\/schema\/logo\/image\/","url":"https:\/\/www.meydan.tv\/wp-content\/uploads\/2021\/07\/meydan-logo.svg","contentUrl":"https:\/\/www.meydan.tv\/wp-content\/uploads\/2021\/07\/meydan-logo.svg","width":195,"height":46,"caption":"Meydan TV"},"image":{"@id":"https:\/\/www.meydan.tv\/az\/#\/schema\/logo\/image\/"}},{"@type":"Person","@id":"https:\/\/www.meydan.tv\/az\/#\/schema\/person\/10d11eccf6da3662cf5fdab9806ea91a","name":"user-manager"}]}},"_links":{"self":[{"href":"https:\/\/www.meydan.tv\/az\/wp-json\/wp\/v2\/posts\/193271","targetHints":{"allow":["GET"]}}],"collection":[{"href":"https:\/\/www.meydan.tv\/az\/wp-json\/wp\/v2\/posts"}],"about":[{"href":"https:\/\/www.meydan.tv\/az\/wp-json\/wp\/v2\/types\/post"}],"author":[{"embeddable":true,"href":"https:\/\/www.meydan.tv\/az\/wp-json\/wp\/v2\/users\/11"}],"replies":[{"embeddable":true,"href":"https:\/\/www.meydan.tv\/az\/wp-json\/wp\/v2\/comments?post=193271"}],"version-history":[{"count":0,"href":"https:\/\/www.meydan.tv\/az\/wp-json\/wp\/v2\/posts\/193271\/revisions"}],"wp:featuredmedia":[{"embeddable":true,"href":"https:\/\/www.meydan.tv\/az\/wp-json\/wp\/v2\/media\/114982"}],"wp:attachment":[{"href":"https:\/\/www.meydan.tv\/az\/wp-json\/wp\/v2\/media?parent=193271"}],"wp:term":[{"taxonomy":"category","embeddable":true,"href":"https:\/\/www.meydan.tv\/az\/wp-json\/wp\/v2\/categories?post=193271"},{"taxonomy":"post_tag","embeddable":true,"href":"https:\/\/www.meydan.tv\/az\/wp-json\/wp\/v2\/tags?post=193271"}],"curies":[{"name":"wp","href":"https:\/\/api.w.org\/{rel}","templated":true}]}}