{"id":193264,"date":"2018-12-28T20:04:37","date_gmt":"2018-12-28T20:04:37","guid":{"rendered":"https:\/\/www.meydan.tv\/article\/2018-ci-ilde-qarabag-danisiqlarinda-neler-bas-verdi\/"},"modified":"2018-12-28T20:04:37","modified_gmt":"2018-12-28T20:04:37","slug":"2018-ci-ilde-qarabag-danisiqlarinda-neler-bas-verdi","status":"publish","type":"post","link":"https:\/\/www.meydan.tv\/az\/article\/2018-ci-ilde-qarabag-danisiqlarinda-neler-bas-verdi\/","title":{"rendered":"2018-ci ild\u0259 Qaraba\u011f dan\u0131\u015f\u0131qlar\u0131nda n\u0259l\u0259r ba\u015f verdi?"},"content":{"rendered":"<figure class=\"wp-block-image size-large\">\n  <img decoding=\"async\" src=\"https:\/\/www.meydan.tv\/az\/114952\/\" alt=\"\" class=\"wp-image-114952\"\/><figcaption><\/figcaption><\/figure>\n<p>\n  <i><br \/>\n    \u0130cmal\u00e7\u0131lar f\u0259rqli ilin ya\u015fand\u0131\u011f\u0131 fikrind\u0259dirl\u0259r<br \/>\n  <\/i>\n<\/p>\n<p>\n  Ba\u015fa \u00e7atmaqda olan 2018-ci ild\u0259 Da\u011fl\u0131q Qaraba\u011f m\u00fcnaqi\u015f\u0259si \u00fczr\u0259 Az\u0259rbaycanla Erm\u0259nistan aras\u0131nda apar\u0131lan dan\u0131\u015f\u0131qlar\u0131n \u00f6z\u00fcnd\u0259 ciddi ir\u0259lil\u0259yi\u015f olmasa da, dan\u0131\u015f\u0131qlar \u0259traf\u0131nda f\u0259al prosesl\u0259r gedib.\n<\/p>\n<p>\n  Erm\u0259nistanda hakimiyy\u0259t d\u0259yi\u015fikliyind\u0259n sonra t\u0259r\u0259fl\u0259r aras\u0131nda m\u00fcxt\u0259lif s\u0259viyy\u0259l\u0259rd\u0259 dan\u0131\u015f\u0131qlar apar\u0131l\u0131b v\u0259 onlar\u0131n n\u0259tic\u0259l\u0259rin\u0259 dair pozitiv b\u0259yanatlar verilib.\n<\/p>\n<blockquote><p>\n  B\u00f6lg\u0259nin g\u0259l\u0259c\u0259k statusu indikind\u0259n tamamil\u0259 f\u0259rqli olmal\u0131d\u0131r\n<\/p><\/blockquote>\n<p>\n  2018-ci ild\u0259 dan\u0131\u015f\u0131qlar prosesinin n\u0259tic\u0259l\u0259ri bar\u0259d\u0259 Meydan TV-\u0259 dan\u0131\u015fan siyasi icmal\u00e7\u0131 \u0130lqar V\u0259lizad\u0259 xat\u0131rlad\u0131b ki, bu il son 25 illik tarixd\u0259n baxd\u0131qda Da\u011fl\u0131q Qaraba\u011f erm\u0259nil\u0259rinin d\u0259 dan\u0131\u015f\u0131q masas\u0131nda oturmas\u0131 t\u0259klifi g\u00fcnd\u0259m\u0259 g\u0259ldi.\n<\/p>\n<p>\n  \u201cK\u00f6\u00e7\u0259ryan v\u0259 Sarkisyan hakimiyy\u0259tl\u0259ri bu t\u0259klifl\u0259 \u00e7\u0131x\u0131\u015f etmirdil\u0259r. R\u0259smi Bak\u0131 da Az\u0259rbaycan icmas\u0131n\u0131n dan\u0131\u015f\u0131qlar masas\u0131nda i\u015ftirak\u0131na i\u015far\u0259 vurdu. Buna misal kimi xarici i\u015fl\u0259r naziri Elmar M\u0259mm\u0259dyarovun sonuncu m\u00fcsahib\u0259sini g\u00f6st\u0259rm\u0259k olar. Erm\u0259nistan Bak\u0131n\u0131n bu cavab\u0131n\u0131 r\u0259dd etm\u0259di\u201d.\n<\/p>\n<p>\n  Onun fikrinc\u0259, \u00e7ox g\u00fcman ki, Ba\u015f nazir Nikol Pa\u015finyan bu m\u0259s\u0259l\u0259y\u0259 f\u0259rqli yana\u015f\u0131r.\n<\/p>\n<p>\n  O xat\u0131rlad\u0131b ki, bu h\u0259ft\u0259 Rusiya xarici i\u015fl\u0259r naziri Sergey Lavrov v\u0259 onun m\u0259tbuat katibi Zaxarova dan\u0131\u015f\u0131qlar prosesind\u0259 hans\u0131sa kreativliyin m\u00f6vcud olmas\u0131ndan dan\u0131\u015fd\u0131lar. \u201cB\u0259lk\u0259 d\u0259 kreativ ideya icmalarla ba\u011fl\u0131d\u0131r\u201d, &#8211; icmal\u00e7\u0131 deyib.\n<\/p>\n<figure class=\"wp-block-image size-large\">\n  <img decoding=\"async\" src=\"https:\/\/www.meydan.tv\/az\/ilqar-velizade-7\/\" alt=\"\u0130lqar V\u0259lizad\u0259\" class=\"wp-image-63278\"\/><figcaption>\n    \u0130lqar V\u0259lizad\u0259<br \/>\n  <\/figcaption><\/figure>\n<p>\n  \u0130cmalar\u0131n dan\u0131\u015f\u0131qlar prosesin\u0259 qat\u0131lmas\u0131ndan Az\u0259rbaycan\u0131n siyasi qazanc\u0131na g\u0259linc\u0259, \u0130lqar V\u0259lizad\u0259 bildirib ki, m\u0259s\u0259l\u0259 Da\u011fl\u0131q Qaraba\u011f m\u00fcst\u0259visin\u0259 ke\u00e7ir.\n<\/p>\n<p>\n  \u201cB\u00f6lg\u0259nin g\u0259l\u0259c\u0259k statusunu kims\u0259 m\u00fc\u0259yy\u0259nl\u0259\u015fdirm\u0259lidir. Erm\u0259nistan t\u0259r\u0259fi bu bar\u0259d\u0259 m\u00fczakir\u0259l\u0259rd\u0259 icmalar\u0131n\u0131 g\u00f6st\u0259rir, bundan sonra Az\u0259rbaycan t\u0259r\u0259fi d\u0259 \u00f6z icmas\u0131n\u0131 \u00f6n\u0259 verib dey\u0259c\u0259k ki, bunlar olmadan statusu m\u00fc\u0259yy\u0259nl\u0259\u015fdirm\u0259k m\u00fcmk\u00fcns\u00fczd\u00fcr\u201d.\n<\/p>\n<p>\n  O hesab edir ki, \u00fcmumiyy\u0259tl\u0259, b\u00f6lg\u0259nin g\u0259l\u0259c\u0259k statusu indikind\u0259n tamamil\u0259 f\u0259rqli olmal\u0131d\u0131r v\u0259 statusun m\u00fc\u0259yy\u0259nl\u0259\u015fm\u0259sind\u0259 az\u0259rbaycanl\u0131lar\u0131n i\u015ftirak\u0131 m\u00fctl\u0259qdir. \u0130lqar V\u0259lizad\u0259nin s\u00f6zl\u0259rin\u0259 g\u00f6r\u0259, ehtimallar\u0131n biri odur ki, status m\u00fc\u0259yy\u0259nl\u0259\u015f\u0259nd\u0259n sonra Da\u011fl\u0131q Qaraba\u011f vilay\u0259tinin r\u0259hb\u0259rliyi rotasiya \u015f\u0259klind\u0259 d\u0259yi\u015fm\u0259lidir.\n<\/p>\n<blockquote><p>\n  Pa\u015finyan m\u00fcharib\u0259 h\u0259rbi etm\u0259y\u0259c\u0259yi jestini g\u00f6st\u0259rdi\n<\/p><\/blockquote>\n<p>\n  ReAL \u0130dar\u0259 Hey\u0259tinin \u00fczv\u00fc Erkin Q\u0259dirli bu ilin diqq\u0259tin daha \u00e7ox Erm\u0259nistandak\u0131 siyasi d\u0259yi\u015fiklikl\u0259r\u0259 y\u00f6n\u0259lm\u0259si il\u0259 yadda qalaca\u011f\u0131 q\u0259na\u0259tind\u0259dir:\n<\/p>\n<p>\n  \u201cAz\u0259rbaycan \u00fc\u00e7\u00fcn yax\u015f\u0131 hal odur ki, m\u00fcharib\u0259 cinay\u0259tl\u0259rind\u0259 i\u015ftirak\u0131 olan Serj Sarkisyan hakimiyy\u0259td\u0259n uzaqla\u015fd\u0131r\u0131ld\u0131, Robert K\u00f6\u00e7\u0259ryan is\u0259 h\u0259bs olundu. Onu ba\u015fqa s\u0259b\u0259b\u0259 g\u00f6r\u0259 h\u0259bs ets\u0259l\u0259r bel\u0259, m\u00fcsb\u0259tdir. \u00c7\u00fcnki bu adamlarla bir masa arxas\u0131nda oturmaq Az\u0259rbaycan \u00fc\u00e7\u00fcn a\u015fa\u011f\u0131lay\u0131c\u0131 idi\u201d.\n<\/p>\n<p>\n  E.Q\u0259dirlinin fikrinc\u0131, \u0259g\u0259r Pa\u015finyan se\u00e7ki \u00f6nc\u0259si v\u0259dl\u0259rini ger\u00e7\u0259kl\u0259\u015fdirs\u0259, o zaman Erm\u0259nistan\u0131n siyasi elitas\u0131ndan \u201cqaraba\u011fl\u0131lar\u0131n\u201d uzaqla\u015fd\u0131racaq ki, bu da bizim xeyrimiz\u0259dir.\n<\/p>\n<p>\n  \u201cBu y\u00f6nd\u0259 add\u0131m at\u0131ld\u0131, ard\u0131nca g\u0259rginlik ya\u015fand\u0131. Amma Pa\u015finyan o\u011flunu Qaraba\u011fa h\u0259rbi xidm\u0259t\u0259 g\u00f6nd\u0259rdi. Bu amil m\u00fcxt\u0259lif c\u00fcr yozulsa da, m\u0259nc\u0259, siyasi girovluqdur. Orta \u0259srl\u0259rd\u0259 \u015fahlar \u00f6vladlar\u0131n\u0131 qon\u015fu \u00f6lk\u0259l\u0259r\u0259 girov g\u00f6nd\u0259rirdil\u0259r ki, h\u00fccum etm\u0259y\u0259c\u0259yi mesaj\u0131 kimi anla\u015f\u0131ls\u0131n. Pa\u015finyan da bununla m\u00fcharib\u0259 h\u0259rbi etm\u0259y\u0259c\u0259yi jestini g\u00f6st\u0259rdi\u201d.\n<\/p>\n<p>\n  O qeyd edib ki, eyni zamanda, Da\u011fl\u0131q Qaraba\u011fda h\u0259rbi nazir d\u0259yi\u015fdirildi, h\u0259min \u0259r\u0259f\u0259d\u0259 korrupsiya cinay\u0259tl\u0259rind\u0259 \u0259li olan h\u0259rb\u00e7il\u0259r h\u0259bs olundu, sonra girov m\u00fcqabilind\u0259 s\u0259rb\u0259st burax\u0131ld\u0131lar.\n<\/p>\n<p>\n  \u201cYaxud sabiq prezident Sarkisyan\u0131n v\u0259zif\u0259d\u0259n uzaqla\u015fd\u0131rd\u0131\u011f\u0131 h\u0259rbi k\u0259\u015ffiyyat\u0131n r\u0259isi Karapetyan\u0131 Ba\u015f nazir \u00f6z\u00fcn\u0259 m\u00fc\u015favir t\u0259yin etdi. Q\u0259rib\u0259 say\u0131lacaq q\u0259rard\u0131r v\u0259 Erm\u0259nistanda \u00e7ox \u015f\u00fcbh\u0259yl\u0259 yana\u015f\u0131ld\u0131\u201d.\n<\/p>\n<figure class=\"wp-block-image size-large\">\n  <img decoding=\"async\" src=\"https:\/\/www.meydan.tv\/az\/erkin-qedirli-6\/\" alt=\"Erkin Q\u0259dirli\" class=\"wp-image-114957\"\/><figcaption>\n    Erkin Q\u0259dirli<br \/>\n  <\/figcaption><\/figure>\n<p>\n  E.Q\u0259dirli hesab edir ki, iki \u00f6lk\u0259 m\u00fcnasib\u0259tl\u0259rinin tam m\u0259nz\u0259r\u0259sinin g\u00f6r\u00fcnm\u0259si \u00fc\u00e7\u00fcn Ba\u015f nazir Pa\u015finyan\u0131n n\u00f6vb\u0259ti add\u0131mlar\u0131n\u0131 g\u00f6zl\u0259m\u0259k laz\u0131md\u0131r.\n<\/p>\n<p>\n  \u201cAyd\u0131n olan odur ki, Pa\u015finyan n\u0259 q\u0259d\u0259r q\u0259rby\u00f6n\u00fcml\u00fc b\u0259yanatlar vers\u0259 d\u0259, Erm\u0259nistan\u0131n Rusiyadan qopa bilmir. \u00c7\u00fcnki ortada kobud ger\u00e7\u0259klik var. \u00d6lk\u0259nin s\u0259rh\u0259dl\u0259rini Rusiya qoruyur, iqtisadiyyat\u0131n \u0259sas aktivl\u0259ri \u015fimal \u00f6lk\u0259nin d\u00f6vl\u0259t \u015firk\u0259tl\u0259rinin m\u00fclkiyy\u0259tind\u0259dir, Qaraba\u011f\u0131 Erm\u0259nistan\u0131n i\u015f\u011fal\u0131 alt\u0131nda saxlayan da Rusiyad\u0131r. Bel\u0259 bir durumda Erm\u0259nistan Rusiyan\u0131n icaz\u0259 verdiyi q\u0259d\u0259r m\u00fcst\u0259qildir\u201d.\n<\/p>\n<p>\n  ReAL-\u00e7\u0131 son g\u00fcnl\u0259rd\u0259 Da\u011fl\u0131q Qaraba\u011f\u0131n Az\u0259rbaycanl\u0131 icmas\u0131n\u0131n r\u0259hb\u0259rliyinin d\u0259yi\u015fdirilm\u0259sinin d\u0259 s\u0131radan bir hadis\u0259 olmad\u0131\u011f\u0131n\u0131 d\u00fc\u015f\u00fcn\u00fcr:\n<\/p>\n<p>\n  \u201c\u0130cman\u0131n r\u0259hb\u0259rliyin\u0259 diplomat Tural G\u0259nc\u0259liyev g\u0259tirildi. H\u0259m d\u0259 d\u00f6vl\u0259t ba\u015f\u00e7\u0131s\u0131 \u0130lham \u018fliyev s\u00fclh mesajlar\u0131 verir, amma Sarkisyan\u0131n hakimiyy\u0259ti zaman\u0131 m\u00fcharib\u0259 ritorikas\u0131 \u00e7ox s\u0259rt idi. M\u0259nc\u0259, \u018fliyev a\u011f\u0131ll\u0131 davran\u0131\u015f s\u0259rgil\u0259yir, g\u00f6zl\u0259m\u0259 m\u00f6vqeyind\u0259 dayan\u0131r. \u00c7\u00fcnki parlament Pa\u015finyan\u0131n n\u0259zar\u0259tind\u0259 olsa da, m\u0259nz\u0259r\u0259 tam ayd\u0131n deyil. Qaraba\u011f klan\u0131 h\u0259l\u0259 hakimiyy\u0259td\u0259n uzaqla\u015fd\u0131r\u0131lmay\u0131b, mafioz Tsarukyan yerind\u0259dir, korrupsiya problemi qal\u0131r. Pa\u015finyan da onunla ehtiyatla davran\u0131r\u201d.\n<\/p>\n<p>\n  E.Q\u0259dirli dig\u0259r t\u0259r\u0259fd\u0259n vur\u011fulay\u0131b ki, Da\u011fl\u0131q Qaraba\u011f\u0131n r\u0259hb\u0259ri Bako Saakyan daha \u00e7ox Moskvadan as\u0131l\u0131d\u0131r, n\u0259inki Yerevandan. Onun fikrinc\u0259 bu m\u0259nada Saakyan\u0131n n\u0259 d\u0259r\u0259c\u0259d\u0259 Pa\u015finyan\u0131n s\u00f6z\u00fcn\u0259 baxaca\u011f\u0131, bilinmir.\n<\/p>\n<blockquote><p>\n  Pa\u015finyan\u0131n \u0259vv\u0259lki hakimiyy\u0259td\u0259n daha realistik olaca\u011f\u0131 g\u00f6zl\u0259ntisi var\n<\/p><\/blockquote>\n<p>\n  Avropada m\u00fchacir h\u0259yat\u0131 ya\u015fayan siyasi icmal\u00e7\u0131 Rauf Mirq\u0259dirov 2018-ci ild\u0259 Erm\u0259nistan hakimiyy\u0259t d\u0259yi\u015fikliyi istisna olmaqla Yerevan-Bak\u0131 m\u00fcnasib\u0259tl\u0259rind\u0259 geni\u015f m\u0259nada ciddi yenilikl\u0259 yadda qalmad\u0131\u011f\u0131n\u0131 d\u00fc\u015f\u00fcn\u00fcr.\n<\/p>\n<p>\n  O, Erm\u0259nistanda hakimiyy\u0259t d\u0259yi\u015fikliyinin iki g\u00f6zl\u0259ntisi oldu\u011funu hesab edir:\n<\/p>\n<p>\n  \u201cBir qism Nikol Pa\u015finyan\u0131n \u0259vv\u0259lki hakimiyy\u0259td\u0259n daha realistik olaca\u011f\u0131n\u0131 v\u0259 Qaraba\u011f m\u00fcnaqi\u015f\u0259sinin h\u0259llin\u0259 diqq\u0259t yetir\u0259c\u0259yini d\u00fc\u015f\u00fcn\u00fcr. Dig\u0259r g\u00f6zl\u0259nti ondan ibar\u0259tdir ki, Erm\u0259nistanda Q\u0259rby\u00f6n\u00fcml\u00fc hakimiyy\u0259tin formala\u015fmas\u0131 bu \u00f6lk\u0259nin Moskva il\u0259 m\u00fcnasib\u0259tl\u0259rin\u0259 neqativ t\u0259sir g\u00f6st\u0259r\u0259c\u0259k, n\u0259tic\u0259d\u0259 Rusiya Az\u0259rbaycany\u00f6nl\u00fc m\u00f6vqe tutacaq\u201d.\n<\/p>\n<figure class=\"wp-block-image size-large\">\n  <img decoding=\"async\" src=\"https:\/\/www.meydan.tv\/az\/rauf-mirqedirov-2\/\" alt=\"Rauf Mirq\u0259dirov\" class=\"wp-image-50606\"\/><figcaption>\n    Rauf Mirq\u0259dirov<br \/>\n  <\/figcaption><\/figure>\n<p>\n  Birinci g\u00f6zl\u0259ntiy\u0259 g\u0259linc\u0259, Rauf Mirq\u0259dirov xarici i\u015fl\u0259r naziri Elmar M\u0259mm\u0259dyarov erm\u0259nistanl\u0131 h\u0259mkar\u0131 il\u0259 g\u00f6r\u00fc\u015f bar\u0259d\u0259 b\u0259yanat\u0131 raz\u0131la\u015fd\u0131rmas\u0131n\u0131 pozitiv hesab edir, bununla b\u0259rad\u0259r qeyd edir ki, bu ciddi deyil.\n<\/p>\n<p>\n  \u201cQ\u0259rby\u00f6nl\u00fc Pa\u015finyan\u0131n konstruktiv m\u00f6vqe tutmas\u0131na iki amil t\u0259sir ed\u0259 bil\u0259r. Bu, Rusiyan\u0131n regionda m\u00f6vqel\u0259rinin z\u0259ifl\u0259m\u0259si v\u0259 Q\u0259rbin m\u00f6vqeyinin g\u00fccl\u0259nm\u0259si n\u0259tic\u0259sind\u0259 olard\u0131. \u0130kinci is\u0259 Pa\u015finyan\u0131n \u00f6lk\u0259 daxilind\u0259 m\u00f6vqeyinin g\u00fccl\u0259ndirm\u0259si il\u0259 m\u00fcmk\u00fcnd\u00fcr. \u00c7\u00fcnki Da\u011fl\u0131q Qaraba\u011f m\u00fcnaqi\u015f\u0259si son hakimiyy\u0259t d\u0259yi\u015fikliyi istisna olmaqla Erm\u0259nistanda h\u0259mi\u015f\u0259 hakimiyy\u0259t d\u0259yi\u015fikliyi \u00fc\u00e7\u00fcn istifad\u0259 olunub. \u0130kinci g\u00f6zl\u0259ntiy\u0259 g\u0259linc\u0259, bu, Az\u0259rbaycan\u0131n hakimiyy\u0259ty\u00f6nl\u00fc medias\u0131nda daha \u00e7ox s\u0259sl\u0259nir. Bu media orqanlar\u0131 el\u0259 t\u0259\u0259ss\u00fcrat yarad\u0131rlar ki, Moskva-Yerevan m\u00fcnasib\u0259tl\u0259ri yax\u0131n g\u00fcnl\u0259rd\u0259 tam pozulacaq v\u0259 Rusiya t\u0259cav\u00fczkar\u0131 c\u0259zaland\u0131racaq. Bel\u0259 ill\u00fcziyan\u0131 formala\u015fd\u0131ranlar ya birba\u015fa Rusiyan\u0131n maraqlar\u0131na xidm\u0259t edirl\u0259r, ya da sad\u0259l\u00f6hvd\u00fcrl\u0259r\u201d.\n<\/p>\n<p>\n  Da\u011fl\u0131q Qaraba\u011f m\u00fcnaqi\u015f\u0259sinin m\u00fcasir m\u0259rh\u0259l\u0259si 1988-ci ild\u0259 Erm\u0259nistan SSR-in Az\u0259rbaycan SSR-\u0259 qar\u015f\u0131 \u0259razi iddialar\u0131 \u0259sas\u0131nda ba\u015flay\u0131b. 1991-1994-c\u00fc ill\u0259rd\u0259 Az\u0259rbaycan\u0131n Da\u011fl\u0131q Qaraba\u011f \u0259razisi u\u011frunda Erm\u0259nistanla Az\u0259rbaycan aras\u0131nda m\u00fcharib\u0259 ba\u015f verib. N\u0259tic\u0259d\u0259 Az\u0259rbaycan \u0259razil\u0259rinin 20 faizi &#8211; Da\u011fl\u0131q Qaraba\u011f v\u0259 \u0259traf 7 inzibati rayon (La\u00e7\u0131n, K\u0259lb\u0259c\u0259r, A\u011fdam, F\u00fczuli, C\u0259bray\u0131l, Qubadl\u0131, Z\u0259ngilan) Erm\u0259nistan Silahl\u0131 Q\u00fcvv\u0259l\u0259ri t\u0259r\u0259find\u0259n i\u015f\u011fal olunub, 1 milyondan art\u0131q insan qa\u00e7q\u0131n v\u0259 m\u0259cburi k\u00f6\u00e7k\u00fcn v\u0259ziyy\u0259tin\u0259 d\u00fc\u015f\u00fcb. H\u0259rbi \u0259m\u0259liyyatlar 1994-c\u00fc ilin may ay\u0131nda Bi\u015fkekd\u0259 Az\u0259rbaycan v\u0259 Erm\u0259nistan aras\u0131nda imzalanm\u0131\u015f at\u0259\u015fk\u0259s sazi\u015fi il\u0259 ba\u015fa \u00e7at\u0131b.Da\u011fl\u0131q Qaraba\u011f m\u00fcnaqi\u015f\u0259sinin h\u0259lli il\u0259 AT\u018fT-in Minsk Qrupu v\u0259 Rusiya, AB\u015e, Fransadan ibar\u0259t h\u0259ms\u0259drl\u0259ri m\u0259\u015f\u011ful olur.<\/p>\n","protected":false},"excerpt":{"rendered":"<p>\u0130cmal\u00e7\u0131lar f\u0259rqli ilin ya\u015fand\u0131\u011f\u0131 fikrind\u0259dirl\u0259r<\/p>\n","protected":false},"author":11,"featured_media":114952,"comment_status":"closed","ping_status":"open","sticky":false,"template":"","format":"standard","meta":{"_acf_changed":false,"_sitemap_exclude":false,"_sitemap_priority":"","_sitemap_frequency":"","footnotes":""},"categories":[51],"tags":[],"class_list":["post-193264","post","type-post","status-publish","format-standard","has-post-thumbnail","hentry","category-analitika","infinite-scroll-item","generate-columns","tablet-grid-50","mobile-grid-100","grid-parent","grid-33","no-featured-image-padding"],"acf":[],"yoast_head":"<!-- This site is optimized with the Yoast SEO plugin v27.4 - https:\/\/yoast.com\/product\/yoast-seo-wordpress\/ -->\n<title>2018-ci ild\u0259 Qaraba\u011f dan\u0131\u015f\u0131qlar\u0131nda n\u0259l\u0259r ba\u015f verdi? - MEYDAN.TV<\/title>\n<meta name=\"robots\" content=\"index, follow, max-snippet:-1, max-image-preview:large, max-video-preview:-1\" \/>\n<link rel=\"canonical\" href=\"https:\/\/www.meydan.tv\/az\/article\/2018-ci-ilde-qarabag-danisiqlarinda-neler-bas-verdi\/\" \/>\n<meta property=\"og:locale\" content=\"az_AZ\" \/>\n<meta property=\"og:type\" content=\"article\" \/>\n<meta property=\"og:title\" content=\"2018-ci ild\u0259 Qaraba\u011f dan\u0131\u015f\u0131qlar\u0131nda n\u0259l\u0259r ba\u015f verdi? - MEYDAN.TV\" \/>\n<meta property=\"og:description\" content=\"\u0130cmal\u00e7\u0131lar f\u0259rqli ilin ya\u015fand\u0131\u011f\u0131 fikrind\u0259dirl\u0259r\" \/>\n<meta property=\"og:url\" content=\"https:\/\/www.meydan.tv\/az\/article\/2018-ci-ilde-qarabag-danisiqlarinda-neler-bas-verdi\/\" \/>\n<meta property=\"og:site_name\" content=\"MEYDAN.TV\" \/>\n<meta property=\"article:published_time\" content=\"2018-12-28T20:04:37+00:00\" \/>\n<meta property=\"og:image\" content=\"https:\/\/www.meydan.tv\/wp-content\/uploads\/45795.jpg\" \/>\n\t<meta property=\"og:image:width\" content=\"1600\" \/>\n\t<meta property=\"og:image:height\" content=\"777\" \/>\n\t<meta property=\"og:image:type\" content=\"image\/jpeg\" \/>\n<meta name=\"author\" content=\"user-manager\" \/>\n<meta name=\"twitter:card\" content=\"summary_large_image\" \/>\n<script type=\"application\/ld+json\" class=\"yoast-schema-graph\">{\"@context\":\"https:\\\/\\\/schema.org\",\"@graph\":[{\"@type\":\"Article\",\"@id\":\"https:\\\/\\\/www.meydan.tv\\\/az\\\/article\\\/2018-ci-ilde-qarabag-danisiqlarinda-neler-bas-verdi\\\/#article\",\"isPartOf\":{\"@id\":\"https:\\\/\\\/www.meydan.tv\\\/az\\\/article\\\/2018-ci-ilde-qarabag-danisiqlarinda-neler-bas-verdi\\\/\"},\"author\":{\"name\":\"user-manager\",\"@id\":\"https:\\\/\\\/www.meydan.tv\\\/az\\\/#\\\/schema\\\/person\\\/10d11eccf6da3662cf5fdab9806ea91a\"},\"headline\":\"2018-ci ild\u0259 Qaraba\u011f dan\u0131\u015f\u0131qlar\u0131nda n\u0259l\u0259r ba\u015f verdi?\",\"datePublished\":\"2018-12-28T20:04:37+00:00\",\"mainEntityOfPage\":{\"@id\":\"https:\\\/\\\/www.meydan.tv\\\/az\\\/article\\\/2018-ci-ilde-qarabag-danisiqlarinda-neler-bas-verdi\\\/\"},\"wordCount\":1639,\"publisher\":{\"@id\":\"https:\\\/\\\/www.meydan.tv\\\/az\\\/#organization\"},\"image\":{\"@id\":\"https:\\\/\\\/www.meydan.tv\\\/az\\\/article\\\/2018-ci-ilde-qarabag-danisiqlarinda-neler-bas-verdi\\\/#primaryimage\"},\"thumbnailUrl\":\"https:\\\/\\\/www.meydan.tv\\\/wp-content\\\/uploads\\\/45795.jpg\",\"articleSection\":[\"Analitika\"],\"inLanguage\":\"az\"},{\"@type\":\"WebPage\",\"@id\":\"https:\\\/\\\/www.meydan.tv\\\/az\\\/article\\\/2018-ci-ilde-qarabag-danisiqlarinda-neler-bas-verdi\\\/\",\"url\":\"https:\\\/\\\/www.meydan.tv\\\/az\\\/article\\\/2018-ci-ilde-qarabag-danisiqlarinda-neler-bas-verdi\\\/\",\"name\":\"2018-ci ild\u0259 Qaraba\u011f dan\u0131\u015f\u0131qlar\u0131nda n\u0259l\u0259r ba\u015f verdi? - MEYDAN.TV\",\"isPartOf\":{\"@id\":\"https:\\\/\\\/www.meydan.tv\\\/az\\\/#website\"},\"primaryImageOfPage\":{\"@id\":\"https:\\\/\\\/www.meydan.tv\\\/az\\\/article\\\/2018-ci-ilde-qarabag-danisiqlarinda-neler-bas-verdi\\\/#primaryimage\"},\"image\":{\"@id\":\"https:\\\/\\\/www.meydan.tv\\\/az\\\/article\\\/2018-ci-ilde-qarabag-danisiqlarinda-neler-bas-verdi\\\/#primaryimage\"},\"thumbnailUrl\":\"https:\\\/\\\/www.meydan.tv\\\/wp-content\\\/uploads\\\/45795.jpg\",\"datePublished\":\"2018-12-28T20:04:37+00:00\",\"breadcrumb\":{\"@id\":\"https:\\\/\\\/www.meydan.tv\\\/az\\\/article\\\/2018-ci-ilde-qarabag-danisiqlarinda-neler-bas-verdi\\\/#breadcrumb\"},\"inLanguage\":\"az\",\"potentialAction\":[{\"@type\":\"ReadAction\",\"target\":[\"https:\\\/\\\/www.meydan.tv\\\/az\\\/article\\\/2018-ci-ilde-qarabag-danisiqlarinda-neler-bas-verdi\\\/\"]}]},{\"@type\":\"ImageObject\",\"inLanguage\":\"az\",\"@id\":\"https:\\\/\\\/www.meydan.tv\\\/az\\\/article\\\/2018-ci-ilde-qarabag-danisiqlarinda-neler-bas-verdi\\\/#primaryimage\",\"url\":\"https:\\\/\\\/www.meydan.tv\\\/wp-content\\\/uploads\\\/45795.jpg\",\"contentUrl\":\"https:\\\/\\\/www.meydan.tv\\\/wp-content\\\/uploads\\\/45795.jpg\",\"width\":1600,\"height\":777,\"caption\":\"Source:\"},{\"@type\":\"BreadcrumbList\",\"@id\":\"https:\\\/\\\/www.meydan.tv\\\/az\\\/article\\\/2018-ci-ilde-qarabag-danisiqlarinda-neler-bas-verdi\\\/#breadcrumb\",\"itemListElement\":[{\"@type\":\"ListItem\",\"position\":1,\"name\":\"Ana s\u0259hif\u0259\",\"item\":\"https:\\\/\\\/www.meydan.tv\\\/az\\\/\"},{\"@type\":\"ListItem\",\"position\":2,\"name\":\"Analitika\",\"item\":\"https:\\\/\\\/www.meydan.tv\\\/az\\\/section\\\/analitika\\\/\"},{\"@type\":\"ListItem\",\"position\":3,\"name\":\"2018-ci ild\u0259 Qaraba\u011f dan\u0131\u015f\u0131qlar\u0131nda n\u0259l\u0259r ba\u015f verdi?\"}]},{\"@type\":\"WebSite\",\"@id\":\"https:\\\/\\\/www.meydan.tv\\\/az\\\/#website\",\"url\":\"https:\\\/\\\/www.meydan.tv\\\/az\\\/\",\"name\":\"MEYDAN.TV\",\"description\":\"Meydan TV Az\u0259rbaycan\u0131n media m\u0259kan\u0131ndak\u0131 alternativ s\u0259sidir\",\"publisher\":{\"@id\":\"https:\\\/\\\/www.meydan.tv\\\/az\\\/#organization\"},\"potentialAction\":[{\"@type\":\"SearchAction\",\"target\":{\"@type\":\"EntryPoint\",\"urlTemplate\":\"https:\\\/\\\/www.meydan.tv\\\/az\\\/?s={search_term_string}\"},\"query-input\":{\"@type\":\"PropertyValueSpecification\",\"valueRequired\":true,\"valueName\":\"search_term_string\"}}],\"inLanguage\":\"az\"},{\"@type\":\"Organization\",\"@id\":\"https:\\\/\\\/www.meydan.tv\\\/az\\\/#organization\",\"name\":\"Meydan TV\",\"url\":\"https:\\\/\\\/www.meydan.tv\\\/az\\\/\",\"logo\":{\"@type\":\"ImageObject\",\"inLanguage\":\"az\",\"@id\":\"https:\\\/\\\/www.meydan.tv\\\/az\\\/#\\\/schema\\\/logo\\\/image\\\/\",\"url\":\"https:\\\/\\\/www.meydan.tv\\\/wp-content\\\/uploads\\\/2021\\\/07\\\/meydan-logo.svg\",\"contentUrl\":\"https:\\\/\\\/www.meydan.tv\\\/wp-content\\\/uploads\\\/2021\\\/07\\\/meydan-logo.svg\",\"width\":195,\"height\":46,\"caption\":\"Meydan TV\"},\"image\":{\"@id\":\"https:\\\/\\\/www.meydan.tv\\\/az\\\/#\\\/schema\\\/logo\\\/image\\\/\"}},{\"@type\":\"Person\",\"@id\":\"https:\\\/\\\/www.meydan.tv\\\/az\\\/#\\\/schema\\\/person\\\/10d11eccf6da3662cf5fdab9806ea91a\",\"name\":\"user-manager\"}]}<\/script>\n<!-- \/ Yoast SEO plugin. -->","yoast_head_json":{"title":"2018-ci ild\u0259 Qaraba\u011f dan\u0131\u015f\u0131qlar\u0131nda n\u0259l\u0259r ba\u015f verdi? - MEYDAN.TV","robots":{"index":"index","follow":"follow","max-snippet":"max-snippet:-1","max-image-preview":"max-image-preview:large","max-video-preview":"max-video-preview:-1"},"canonical":"https:\/\/www.meydan.tv\/az\/article\/2018-ci-ilde-qarabag-danisiqlarinda-neler-bas-verdi\/","og_locale":"az_AZ","og_type":"article","og_title":"2018-ci ild\u0259 Qaraba\u011f dan\u0131\u015f\u0131qlar\u0131nda n\u0259l\u0259r ba\u015f verdi? - MEYDAN.TV","og_description":"\u0130cmal\u00e7\u0131lar f\u0259rqli ilin ya\u015fand\u0131\u011f\u0131 fikrind\u0259dirl\u0259r","og_url":"https:\/\/www.meydan.tv\/az\/article\/2018-ci-ilde-qarabag-danisiqlarinda-neler-bas-verdi\/","og_site_name":"MEYDAN.TV","article_published_time":"2018-12-28T20:04:37+00:00","og_image":[{"width":1600,"height":777,"url":"https:\/\/www.meydan.tv\/wp-content\/uploads\/45795.jpg","type":"image\/jpeg"}],"author":"user-manager","twitter_card":"summary_large_image","schema":{"@context":"https:\/\/schema.org","@graph":[{"@type":"Article","@id":"https:\/\/www.meydan.tv\/az\/article\/2018-ci-ilde-qarabag-danisiqlarinda-neler-bas-verdi\/#article","isPartOf":{"@id":"https:\/\/www.meydan.tv\/az\/article\/2018-ci-ilde-qarabag-danisiqlarinda-neler-bas-verdi\/"},"author":{"name":"user-manager","@id":"https:\/\/www.meydan.tv\/az\/#\/schema\/person\/10d11eccf6da3662cf5fdab9806ea91a"},"headline":"2018-ci ild\u0259 Qaraba\u011f dan\u0131\u015f\u0131qlar\u0131nda n\u0259l\u0259r ba\u015f verdi?","datePublished":"2018-12-28T20:04:37+00:00","mainEntityOfPage":{"@id":"https:\/\/www.meydan.tv\/az\/article\/2018-ci-ilde-qarabag-danisiqlarinda-neler-bas-verdi\/"},"wordCount":1639,"publisher":{"@id":"https:\/\/www.meydan.tv\/az\/#organization"},"image":{"@id":"https:\/\/www.meydan.tv\/az\/article\/2018-ci-ilde-qarabag-danisiqlarinda-neler-bas-verdi\/#primaryimage"},"thumbnailUrl":"https:\/\/www.meydan.tv\/wp-content\/uploads\/45795.jpg","articleSection":["Analitika"],"inLanguage":"az"},{"@type":"WebPage","@id":"https:\/\/www.meydan.tv\/az\/article\/2018-ci-ilde-qarabag-danisiqlarinda-neler-bas-verdi\/","url":"https:\/\/www.meydan.tv\/az\/article\/2018-ci-ilde-qarabag-danisiqlarinda-neler-bas-verdi\/","name":"2018-ci ild\u0259 Qaraba\u011f dan\u0131\u015f\u0131qlar\u0131nda n\u0259l\u0259r ba\u015f verdi? - MEYDAN.TV","isPartOf":{"@id":"https:\/\/www.meydan.tv\/az\/#website"},"primaryImageOfPage":{"@id":"https:\/\/www.meydan.tv\/az\/article\/2018-ci-ilde-qarabag-danisiqlarinda-neler-bas-verdi\/#primaryimage"},"image":{"@id":"https:\/\/www.meydan.tv\/az\/article\/2018-ci-ilde-qarabag-danisiqlarinda-neler-bas-verdi\/#primaryimage"},"thumbnailUrl":"https:\/\/www.meydan.tv\/wp-content\/uploads\/45795.jpg","datePublished":"2018-12-28T20:04:37+00:00","breadcrumb":{"@id":"https:\/\/www.meydan.tv\/az\/article\/2018-ci-ilde-qarabag-danisiqlarinda-neler-bas-verdi\/#breadcrumb"},"inLanguage":"az","potentialAction":[{"@type":"ReadAction","target":["https:\/\/www.meydan.tv\/az\/article\/2018-ci-ilde-qarabag-danisiqlarinda-neler-bas-verdi\/"]}]},{"@type":"ImageObject","inLanguage":"az","@id":"https:\/\/www.meydan.tv\/az\/article\/2018-ci-ilde-qarabag-danisiqlarinda-neler-bas-verdi\/#primaryimage","url":"https:\/\/www.meydan.tv\/wp-content\/uploads\/45795.jpg","contentUrl":"https:\/\/www.meydan.tv\/wp-content\/uploads\/45795.jpg","width":1600,"height":777,"caption":"Source:"},{"@type":"BreadcrumbList","@id":"https:\/\/www.meydan.tv\/az\/article\/2018-ci-ilde-qarabag-danisiqlarinda-neler-bas-verdi\/#breadcrumb","itemListElement":[{"@type":"ListItem","position":1,"name":"Ana s\u0259hif\u0259","item":"https:\/\/www.meydan.tv\/az\/"},{"@type":"ListItem","position":2,"name":"Analitika","item":"https:\/\/www.meydan.tv\/az\/section\/analitika\/"},{"@type":"ListItem","position":3,"name":"2018-ci ild\u0259 Qaraba\u011f dan\u0131\u015f\u0131qlar\u0131nda n\u0259l\u0259r ba\u015f verdi?"}]},{"@type":"WebSite","@id":"https:\/\/www.meydan.tv\/az\/#website","url":"https:\/\/www.meydan.tv\/az\/","name":"MEYDAN.TV","description":"Meydan TV Az\u0259rbaycan\u0131n media m\u0259kan\u0131ndak\u0131 alternativ s\u0259sidir","publisher":{"@id":"https:\/\/www.meydan.tv\/az\/#organization"},"potentialAction":[{"@type":"SearchAction","target":{"@type":"EntryPoint","urlTemplate":"https:\/\/www.meydan.tv\/az\/?s={search_term_string}"},"query-input":{"@type":"PropertyValueSpecification","valueRequired":true,"valueName":"search_term_string"}}],"inLanguage":"az"},{"@type":"Organization","@id":"https:\/\/www.meydan.tv\/az\/#organization","name":"Meydan TV","url":"https:\/\/www.meydan.tv\/az\/","logo":{"@type":"ImageObject","inLanguage":"az","@id":"https:\/\/www.meydan.tv\/az\/#\/schema\/logo\/image\/","url":"https:\/\/www.meydan.tv\/wp-content\/uploads\/2021\/07\/meydan-logo.svg","contentUrl":"https:\/\/www.meydan.tv\/wp-content\/uploads\/2021\/07\/meydan-logo.svg","width":195,"height":46,"caption":"Meydan TV"},"image":{"@id":"https:\/\/www.meydan.tv\/az\/#\/schema\/logo\/image\/"}},{"@type":"Person","@id":"https:\/\/www.meydan.tv\/az\/#\/schema\/person\/10d11eccf6da3662cf5fdab9806ea91a","name":"user-manager"}]}},"_links":{"self":[{"href":"https:\/\/www.meydan.tv\/az\/wp-json\/wp\/v2\/posts\/193264","targetHints":{"allow":["GET"]}}],"collection":[{"href":"https:\/\/www.meydan.tv\/az\/wp-json\/wp\/v2\/posts"}],"about":[{"href":"https:\/\/www.meydan.tv\/az\/wp-json\/wp\/v2\/types\/post"}],"author":[{"embeddable":true,"href":"https:\/\/www.meydan.tv\/az\/wp-json\/wp\/v2\/users\/11"}],"replies":[{"embeddable":true,"href":"https:\/\/www.meydan.tv\/az\/wp-json\/wp\/v2\/comments?post=193264"}],"version-history":[{"count":0,"href":"https:\/\/www.meydan.tv\/az\/wp-json\/wp\/v2\/posts\/193264\/revisions"}],"wp:featuredmedia":[{"embeddable":true,"href":"https:\/\/www.meydan.tv\/az\/wp-json\/wp\/v2\/media\/114952"}],"wp:attachment":[{"href":"https:\/\/www.meydan.tv\/az\/wp-json\/wp\/v2\/media?parent=193264"}],"wp:term":[{"taxonomy":"category","embeddable":true,"href":"https:\/\/www.meydan.tv\/az\/wp-json\/wp\/v2\/categories?post=193264"},{"taxonomy":"post_tag","embeddable":true,"href":"https:\/\/www.meydan.tv\/az\/wp-json\/wp\/v2\/tags?post=193264"}],"curies":[{"name":"wp","href":"https:\/\/api.w.org\/{rel}","templated":true}]}}