{"id":193254,"date":"2018-12-28T18:54:09","date_gmt":"2018-12-28T18:54:09","guid":{"rendered":"https:\/\/www.meydan.tv\/article\/esatirden-gercekliye-kecidin-agrili-yolu\/"},"modified":"2018-12-28T18:54:09","modified_gmt":"2018-12-28T18:54:09","slug":"esatirden-gercekliye-kecidin-agrili-yolu","status":"publish","type":"post","link":"https:\/\/www.meydan.tv\/az\/article\/esatirden-gercekliye-kecidin-agrili-yolu\/","title":{"rendered":"\u018fsatird\u0259n ger\u00e7\u0259kliy\u0259 ke\u00e7idin a\u011fr\u0131l\u0131 yolu"},"content":{"rendered":"<figure class=\"wp-block-image size-large\">\n  <img decoding=\"async\" src=\"https:\/\/www.meydan.tv\/az\/zerdust-elizade-12\/\" alt=\"Z\u0259rd\u00fc\u015ft \u018flizad\u0259\" class=\"wp-image-81375\"\/><figcaption>\n    Z\u0259rd\u00fc\u015ft \u018flizad\u0259<br \/>\n  <\/figcaption><\/figure>\n<p>\n  B\u0259ni-Ad\u0259min t\u0259bii bir \u015fak\u0259ri var: sevdiyi, \u0259ziz tutdu\u011fu \u0259satirin ger\u00e7\u0259kliyin da\u015f-qayas\u0131na d\u0259y\u0259r\u0259k \u00e7ilik-\u00e7ilik olmas\u0131 onun q\u0259lbini a\u011fr\u0131d\u0131r.\n<\/p>\n<p>\n  Yad\u0131n\u0131za sal\u0131n ki, ki\u00e7ik saxs\u0131 heyk\u0259lcikl\u0259ri \u00f6zl\u0259rin\u0259 tanr\u0131 sanan b\u00fctp\u0259r\u0259stl\u0259r t\u0259kallahl\u0131q dinl\u0259rinin m\u00fcz\u0259ff\u0259r y\u00fcr\u00fc\u015f\u00fc il\u0259 rastla\u015fd\u0131qda son ana q\u0259d\u0259r buna m\u00fcqavim\u0259t g\u00f6st\u0259rirdil\u0259r. Min ild\u0259n sonra is\u0259 elmin inki\u015faf\u0131 n\u0259tic\u0259sind\u0259 ateizmin v\u0259 pozitivizmin g\u00fccl\u0259nm\u0259si v\u0259 t\u0259kallahl\u0131q dinl\u0259rinin c\u0259miyy\u0259td\u0259ki m\u00f6vqeyinin z\u0259ifl\u0259m\u0259si h\u0259qiqi dindarlar\u0131 \u00e7ox r\u0259ncid\u0259 edirdi.\n<\/p>\n<p>\n  \u018fsatird\u0259n rasional d\u00fc\u015f\u00fcnc\u0259y\u0259 ke\u00e7idin a\u011fr\u0131lar\u0131na d\u00f6z\u00fcms\u00fczl\u00fck h\u0259m ayr\u0131-ayr\u0131 f\u0259rdl\u0259r\u0259, h\u0259m d\u0259 \u00e7oxsayl\u0131 toplumlara aiddir. Sad\u0259 v\u0259 anla\u015f\u0131lan \u0259satird\u0259n q\u0259liz ger\u00e7\u0259kliyin m\u00fcr\u0259kk\u0259b qavran\u0131lmas\u0131na ke\u00e7id bu a\u011f\u0131r i\u015fi g\u00f6rm\u0259k z\u0259hm\u0259tin\u0259 qatla\u015fmaq ist\u0259m\u0259y\u0259nl\u0259ri \u0259m\u0259lli incidir v\u0259 \u0259s\u0259bil\u0259\u015fdirir. Ba\u015flay\u0131rlar bu i\u015fi g\u00f6rm\u0259y\u0259 \u00e7a\u011f\u0131ranlar\u0131, \u0259n az\u0131, yum\u015faq des\u0259k, xo\u015flamama\u011fa. Bel\u0259 m\u00fcnasib\u0259t anla\u015f\u0131lan v\u0259 h\u0259tta qanunauy\u011fundur.\n<\/p>\n<p>\n  Yuxar\u0131da yazd\u0131\u011f\u0131m bu \u00fc\u00e7 abzas a\u015fa\u011f\u0131da yazacaqlar\u0131m\u0131 d\u00fczg\u00fcn anlamaq \u00fc\u00e7\u00fcn sad\u0259 a\u00e7ard\u0131r.\n<\/p>\n<p>\n  Ke\u00e7ir\u0259m m\u0259tl\u0259b\u0259. M\u00f6ht\u0259r\u0259m b\u0259st\u0259kar\u0131m\u0131z v\u0259 yazar\u0131m\u0131z Elmir b\u0259y Mirz\u0259yev, \u00f6z al\u0259mind\u0259, m\u0259nim yalan\u0131m\u0131 tutub. \u201c\u0130kinci respublikan\u0131n sonu\u201d kitab\u0131mda bir abzas\u0131n onun \u00f6z h\u0259yat\u0131 il\u0259 bilavasit\u0259 ba\u011fl\u0131l\u0131\u011f\u0131 olan hadis\u0259y\u0259 toxundu\u011funu z\u0259nn ed\u0259r\u0259k, m\u0259nim yazd\u0131\u011f\u0131m\u0131 a\u00e7\u0131q m\u0259tnl\u0259 yalan adland\u0131r\u0131r. M\u0259nim \u00f6z\u00fcm\u00fc is\u0259 \u015fayi\u0259l\u0259ri q\u0259l\u0259m\u0259 almaqda ittiham edir.\n<\/p>\n<p>\n  \u018fvv\u0259la, m\u0259nim d\u0259 yalanla he\u00e7 aram yoxdur. B\u00fct\u00fcn yaz\u0131lar\u0131mda h\u0259m hakimiyy\u0259tin, h\u0259m d\u0259 m\u00fcxalif\u0259tin yalanlar\u0131n\u0131 if\u015fa etmi\u015f\u0259m. Elmir b\u0259yi d\u0259 he\u00e7 vaxt a\u00e7\u0131qca \u201cyalan\u00e7\u0131\u201d adland\u0131rmaram, az\u0131, buna t\u0259rbiy\u0259m yol verm\u0259z. Uza\u011f\u0131, onu dey\u0259 bil\u0259r\u0259m ki, Elmir b\u0259y, \u00e7ox g\u00fcman ki, yan\u0131l\u0131r, az\u0131, yazd\u0131\u011f\u0131m m\u0259tni diqq\u0259tl\u0259 oxumay\u0131b v\u0259 m\u00fcxt\u0259lif hadis\u0259l\u0259ri s\u0259hv sal\u0131r.\n<\/p>\n<p>\n  Saniy\u0259n, m\u0259n m\u00f6ht\u0259r\u0259m professor F\u0259rhad B\u0259d\u0259lb\u0259yli il\u0259 \u015f\u0259xs\u0259n \u00f6z\u00fcm\u00fcn s\u00f6hb\u0259tim\u0259 istinad edir\u0259m, yazd\u0131\u011f\u0131m\u0131n do\u011fru v\u0259 ya yalan oldu\u011funu yaln\u0131z F\u0259rhad B\u0259d\u0259lb\u0259yli dey\u0259 bil\u0259r. Dey\u0259 bil\u0259r ki, \u201cxeyr, m\u0259n bu s\u00f6zl\u0259ri dem\u0259mi\u015f\u0259m, Z\u0259rd\u00fc\u015ft d\u00fcz yazm\u0131r\u201d. Bizim ikimizin aras\u0131nda getmi\u015f s\u00f6hb\u0259t\u0259 he\u00e7 bir aidiyyat\u0131 olmayan Elmir b\u0259yin, m\u0259nim bu s\u00f6hb\u0259t bar\u0259d\u0259 do\u011fru v\u0259 ya yalan yazd\u0131\u011f\u0131m\u0131, \u0259g\u0259r azca m\u0259ntiqi d\u00fc\u015f\u00fcn\u0259 bilirs\u0259, dem\u0259y\u0259 haqq\u0131 yoxdur. Yazd\u0131\u011f\u0131m \u0259hvalat\u0131 m\u0259n\u0259 \u015f\u0259xs\u0259n F\u0259rhad B\u0259d\u0259lb\u0259yli telefonda dan\u0131\u015f\u0131b v\u0259 onun \u015fu\u015fal\u0131 m\u0259z\u0259 hissini g\u00f6z\u0259l bildiyimd\u0259n v\u0259 h\u0259min d\u00f6vrd\u0259 c\u0259zas\u0131z c\u00f6vlan ed\u0259n qarag\u00fcruhun d\u0259r\u0259b\u0259yliyind\u0259n x\u0259b\u0259rdar oldu\u011fumdan, m\u0259n \u00f6z\u00fcm d\u0259 bu q\u0259ziyy\u0259nin m\u00fcmk\u00fcnl\u00fcy\u00fcn\u0259 inan\u0131b xeyli g\u00fclm\u00fc\u015f\u0259m.\n<\/p>\n<p>\n  N\u0259hay\u0259t, Elmir b\u0259y art\u0131q q\u0259l\u0259m \u0259hlidir, s\u00f6z s\u0259rraf\u0131 olmal\u0131d\u0131r. M\u0259nim yazd\u0131\u011f\u0131m\u0131 \u201c\u015fayi\u0259\u201d adland\u0131rma\u011fa onun haqq\u0131 yoxdur, \u00e7\u00fcnki \u015fayi\u0259 anonim olur, m\u0259n is\u0259 kitab\u0131mda t\u0259svir etdiyim b\u00fct\u00fcn hadis\u0259l\u0259rd\u0259 ya \u015f\u0259xs\u0259n \u00f6z\u00fcm i\u015ftirak etmi\u015f\u0259m, ya da istinad etdiyim m\u0259nb\u0259yin d\u0259qiq \u00fcnvan\u0131n\u0131 g\u00f6st\u0259rmi\u015f\u0259m.\n<\/p>\n<p>\n  Odur ki, Elmir b\u0259y m\u0259nim yazd\u0131\u011f\u0131m kitaba nahaq t\u0259\u0259ss\u00fcfl\u0259nir, bunun \u0259v\u0259zin\u0259 oxudu\u011fu m\u0259tnl\u0259rin d\u0259qiq qavran\u0131lmas\u0131 qabiliyy\u0259tinin art\u0131r\u0131lmas\u0131 bar\u0259d\u0259 d\u00fc\u015f\u00fcns\u00fcn. H\u0259m d\u0259 ona bildirir\u0259m ki, v\u0259t\u0259nimizd\u0259ki hadis\u0259l\u0259ri minl\u0259rl\u0259 kilometr m\u0259saf\u0259d\u0259n v\u0259 uzun ill\u0259r ke\u00e7\u0259nd\u0259n sonra t\u0259svir etmi\u015f \u0259cn\u0259bi m\u00fc\u0259llifl\u0259rd\u0259n ba\u015fqa, bu d\u00f6vr haqq\u0131nda art\u0131q az\u0259rbaycanl\u0131lar da yazma\u011fa ba\u015flay\u0131blar. \u00c7al\u0131\u015f\u0131b \u018fnv\u0259r \u018fliyevin \u201cMeydan-1988\u201d v\u0259 N\u0259siman Yaqublunun antisovet t\u0259\u015fkilatlar bar\u0259d\u0259 kitablar\u0131n\u0131 tap\u0131b oxusun.\n<\/p>\n<p>\n  Xat\u0131rlad\u0131ram, s\u00f6z\u00fc ged\u0259n \u0259hvalat, kitab\u0131mda yazd\u0131\u011f\u0131m v\u0259 Elmir b\u0259yin m\u0259qal\u0259sind\u0259 g\u0259tirdiyi iqtibasdan g\u00f6r\u00fcnd\u00fcy\u00fc kimi, 1989-cu ilin dekabr\u0131nda ba\u015f vermi\u015fdi. \u0130nan\u0131ram ki, konservatoriya t\u0259l\u0259b\u0259si Elmir b\u0259y, \u00f6z\u00fcn\u00fcn yazd\u0131\u011f\u0131 kimi, AXC dayaq d\u0259s\u0259t\u0259sinin f\u0259allar\u0131ndan biri idi v\u0259 t\u0259svir etdiyi YI\u011eINCAQ t\u0259dbirind\u0259 h\u0259qiq\u0259t\u0259n i\u015ftirak etmi\u015fdir. Lakin Elmir b\u0259y \u201ct\u0259xmin\u0259n oktyabr-noyabr\u201d aylar\u0131 yaz\u0131r, m\u0259n is\u0259 bu hadis\u0259nin dekabr ay\u0131nda oldu\u011funu yaz\u0131ram. Elmir b\u0259y konservatoriya t\u0259l\u0259b\u0259l\u0259rinin dayaq d\u0259st\u0259sinin YI\u011eINCAQ t\u0259dbirini xat\u0131rlay\u0131r, m\u0259n is\u0259 kitab\u0131mda, professor B\u0259d\u0259lb\u0259yliy\u0259 istinad ed\u0259r\u0259k, dekabrda Konservatoriyaya soxulmu\u015f nam\u0259lum ba\u015f\u0131pozuq t\u0259xribat\u00e7\u0131lar bar\u0259sind\u0259 yaz\u0131ram. F\u0259rqi g\u00f6r\u00fcrs\u00fcn\u00fczm\u00fc?\n<\/p>\n<p>\n  \u00d6z\u00fc d\u0259 kitabda bu hadis\u0259 hans\u0131 kontekstd\u0259 verilir? 1989-cu ilin dekabr ay\u0131n\u0131n sonudur v\u0259 Az\u0259rbaycanda n\u0259l\u0259r ba\u015f verir?\n<\/p>\n<p>\n  1. \u015e\u0259xs\u0259n \u018fb\u00fclf\u0259z \u018fliyevin (El\u00e7ib\u0259y \u2013 red.) v\u0259 P\u0259nah H\u00fcseynovun g\u00f6st\u0259ri\u015fl\u0259ri \u0259sas\u0131nda AXC rayon f\u0259allar\u0131 AKP-nin V\u0259zirova sadiq olan 16 birinci katibini devirdi. N\u00f6vb\u0259 \u00e7atd\u0131 C\u0259lilabada. Partmafiyan\u0131n AXC agenturas\u0131 burada i\u011fti\u015fa\u015f t\u00f6r\u0259dib (kitab\u0131mda bu t\u0259xribat\u0131n da t\u0259sviri verilib) Ali Sovetd\u0259 yeni se\u00e7ki qanununun m\u00fczakir\u0259 v\u0259 q\u0259bulunu t\u0259xir\u0259 salmaq \u00fc\u00e7\u00fcn partokratlara g\u00f6z\u0259l b\u0259han\u0259 verdi. Bel\u0259likl\u0259, 1990-c\u0131 ild\u0259 ke\u00e7iril\u0259c\u0259k v\u0259 AXC-nin lab\u00fcd q\u0259l\u0259b\u0259si il\u0259 n\u0259tic\u0259l\u0259n\u0259c\u0259k parlament se\u00e7kil\u0259ri partmafiyan\u0131n sifari\u015fi il\u0259 sabotaj olundu.\n<\/p>\n<p>\n  2. M\u0259h\u0259mm\u0259d Hat\u0259mi, Seyid Tahir Qaraba\u011fi v\u0259 kitab\u0131mda adlar\u0131n\u0131 \u00e7\u0259kdiyim dig\u0259r t\u0259xribat\u00e7\u0131lar\u0131n r\u0259hb\u0259rliyi il\u0259 qarag\u00fcruh d\u0259st\u0259l\u0259ri dekabr\u0131n sonunda sovet idar\u0259l\u0259rin\u0259 soxulub erm\u0259ni milliyy\u0259tin\u0259 m\u0259nsub i\u015f\u00e7il\u0259rin qovulmas\u0131n\u0131 m\u00fcdirl\u0259rd\u0259n t\u0259l\u0259b edir. SSR\u0130-nin m\u0259rk\u0259zi hakimiyy\u0259ti v\u0259 yerli h\u00fcquq-m\u00fchafiz\u0259 qurumlar\u0131 bu proses\u0259 q\u0259sd\u0259n mane olmay\u0131b, m\u00fcnasib m\u0259qam\u0131n yeti\u015fm\u0259sini g\u00f6zl\u0259yirl\u0259r, \u00e7\u00fcnki bu, sovet r\u0259hb\u0259rliyinin v\u0259 DTK-n\u0131n Bak\u0131da haz\u0131rlad\u0131\u011f\u0131 erm\u0259ni talan\u0131 v\u0259 sonradan xalq\u0131m\u0131za tutaca\u011f\u0131 divan \u00fc\u00e7\u00fcn z\u0259ruri m\u0259rh\u0259l\u0259dir.\n<\/p>\n<p>\n  3. 31 dekabrda yen\u0259 AXC i\u00e7\u0259risin\u0259 sal\u0131nm\u0131\u015f DTK casuslar\u0131n\u0131n r\u0259hb\u0259rliyi v\u0259 cahil f\u0259allar\u0131n \u0259li il\u0259 20 Yanvara haz\u0131rl\u0131\u011f\u0131n \u0259n m\u00fch\u00fcm m\u0259rh\u0259l\u0259si say\u0131lan t\u0259dbir &#8211; SSR\u0130 s\u0259rh\u0259dl\u0259rinin s\u00f6k\u00fclm\u0259si &#8211; t\u0259xribat\u0131 ba\u015f verir.\n<\/p>\n<p>\n  4. Yanvar\u0131n 6-7-d\u0259 AXC-nin f\u0131r\u0131ldaq konfrans\u0131 ke\u00e7ir v\u0259 partmafiya planlar\u0131na ard\u0131c\u0131l m\u00fcqavim\u0259t g\u00f6st\u0259r\u0259nl\u0259r t\u0259\u015fkilatdan uzaqla\u015fd\u0131r\u0131l\u0131r.\n<\/p>\n<p>\n  5. Yanvar\u0131n 11-13-d\u0259 t\u0259xribat\u00e7\u0131 Milli M\u00fcdafi\u0259 \u015euras\u0131 (MM\u015e) t\u0259\u015fkil v\u0259 elan edilir.\n<\/p>\n<p>\n  6. Yanvar\u0131n 13-d\u0259 Bak\u0131da erm\u0259ni talan\u0131 t\u0259\u015fkil edilir.\n<\/p>\n<p>\n  7. Az\u0259rbaycan xalq\u0131n\u0131 q\u0131r\u0131b-\u0259zm\u0259k plan\u0131n\u0131 h\u0259yata ke\u00e7ir\u0259n ali sovet r\u0259hb\u0259r i\u015f\u00e7il\u0259ri bir-bir Bak\u0131ya varid olur v\u0259 AXC-nin cahil v\u0259 ya casus liderl\u0259ri il\u0259 g\u00f6r\u00fc\u015fm\u0259y\u0259 ba\u015flay\u0131rlar.\n<\/p>\n<p>\n  8. 20 Yanvar!\n<\/p>\n<p>\n  Kitab\u0131mda yazd\u0131\u011f\u0131m hadis\u0259l\u0259rin \u0259sl mahiyy\u0259ti budur. M\u0259n bel\u0259 sad\u0259 bir h\u0259qiq\u0259ti oxucuma \u00e7atd\u0131rma\u011fa \u00e7al\u0131\u015f\u0131ram ki, d\u00fc\u015fd\u00fcy\u00fcm\u00fcz b\u00fct\u00fcn b\u0259lalar\u0131n s\u0259b\u0259bi c\u0259hal\u0259tdir. Y\u0259ni m\u0259n yeni bir \u015fey icad etmir\u0259m, m\u0259nd\u0259n xeyli \u0259vv\u0259l Mirz\u0259 F\u0259t\u0259li Axundzad\u0259nin, H\u0259s\u0259n b\u0259y Z\u0259rdabinin, Mirz\u0259 \u018fl\u0259kb\u0259r Sabirin, Mirz\u0259 C\u0259lil M\u0259mm\u0259dquluzad\u0259nin, \u00dczeyir b\u0259y Hac\u0131b\u0259yovun y\u00fcz d\u0259f\u0259 dedikl\u0259rini yeni qiyaf\u0259d\u0259 v\u0259 yeni \u015f\u0259raitd\u0259 t\u0259krar edir\u0259m. Yaln\u0131z bu c\u0259hal\u0259tin ucbat\u0131ndan insanlar siyasi liderliy\u0259 he\u00e7 bir savad\u0131 v\u0259 qabiliyy\u0259ti olmayan d\u0259l\u0259duz v\u0259 hiyl\u0259g\u0259r \u015feyx n\u0259srullahlar\u0131 \u00f6zl\u0259rin\u0259 b\u00fct se\u00e7\u0259 bil\u0259r. Bel\u0259 siyasi d\u0259l\u0259duzlar\u0131n da s\u00f6yk\u0259n\u0259 bil\u0259c\u0259yi dayaq m\u0259hz cahil v\u0259 radikal t\u00f6vrl\u00fc g\u0259ncl\u0259r, f\u00fcrs\u0259t\u00e7i qarag\u00fcruh ola bil\u0259r.\n<\/p>\n<p>\n  Elmir b\u0259y bu mahiyy\u0259ti ya anlamay\u0131b, ya da q\u0259sd\u0259n onu k\u00f6lg\u0259d\u0259 qoyub ke\u00e7ir ki\u00e7ik bir hadis\u0259y\u0259: Konservatoriyada ba\u015f vermi\u015f v\u0259 mahiyy\u0259tc\u0259 mill\u0259timin ac\u0131nacaql\u0131 m\u0259d\u0259ni v\u0259 siyasi s\u0259viyy\u0259sini s\u0259rgil\u0259y\u0259n hadis\u0259y\u0259, F\u0259rhad B\u0259d\u0259lb\u0259ylinin h\u0259min vaxt deyil, bir ild\u0259n sonra rektor olaca\u011f\u0131na v\u0259 sair\u0259 bu kimi d\u0259rin m\u0259tl\u0259bl\u0259r\u0259..\n<\/p>\n<p>\n  Elmir b\u0259y \u00f6z\u00fc d\u0259 etiraf edir ki, o d\u00f6vr g\u0259ncliyinin s\u0259viyy\u0259si h\u0259dsiz a\u015fa\u011f\u0131, lakin siyasi f\u0259all\u0131\u011f\u0131 bir o q\u0259d\u0259r h\u0259dsiz y\u00fcks\u0259k idi. M\u0259hz h\u0259min s\u0259viyy\u0259siz g\u0259ncliy\u0259 v\u0259 qarag\u00fcruha s\u00f6yk\u0259n\u0259n siyasi d\u0259llallar Az\u0259rbaycan\u0131 d\u00fc\u015fd\u00fcy\u00fc bu g\u00fcn\u0259 g\u0259tirdi.\n<\/p>\n<p>\n  M\u0259n anlam\u0131ram, n\u0259 \u0259sasla Elmir b\u0259y g\u00f6rk\u0259mli musiqi\u00e7i v\u0259 m\u0259d\u0259niyy\u0259t xadimi F\u0259rhad B\u0259d\u0259lb\u0259ylinin v\u0259t\u0259np\u0259rv\u0259rliyin\u0259 etinas\u0131z yana\u015f\u0131r? M\u0259g\u0259r v\u0259t\u0259np\u0259rv\u0259rlik m\u0259nim kitab\u0131mda t\u0259svir olunan v\u0259 Az\u0259rbaycana b\u00f6y\u00fck b\u0259lalar g\u0259tirmi\u015f heyv\u0259r\u0259likl\u0259rl\u0259 ifad\u0259 edilm\u0259lidir? \u015e\u0259xs\u0259n m\u0259nim \u00fc\u00e7\u00fcn F\u0259rhad B\u0259d\u0259lb\u0259yli Az\u0259rbaycan xalq\u0131n\u0131 v\u0259 m\u0259d\u0259niyy\u0259timizi \u0259n y\u00fcks\u0259k s\u0259viyy\u0259d\u0259 v\u0259 parlaq \u015f\u0259kild\u0259 t\u0259msil ed\u0259n bir simad\u0131r. S\u00f6hb\u0259tini apard\u0131\u011f\u0131m\u0131z zamanda F\u0259rhad B\u0259d\u0259lb\u0259yli ictimai \u015f\u00fcurumuzda Port\u0259gizd\u0259 musiqi m\u00fcsabiq\u0259sind\u0259 \u00f6z parlaq q\u0259l\u0259b\u0259si il\u0259 Az\u0259rbaycana \u015f\u00f6hr\u0259t g\u0259tirmi\u015f piano\u00e7u kimi qavran\u0131l\u0131rd\u0131. \u0130kincisi, F\u0259rhad B\u0259d\u0259lb\u0259yli ziyal\u0131 c\u0259miyy\u0259tind\u0259, \u00fcmumiyy\u0259tl\u0259, Az\u0259rbaycan\u0131n nadir k\u00fcbar v\u0259 yarad\u0131c\u0131 n\u0259slin\u0259 m\u0259xsus bir \u015f\u0259xsiyy\u0259t say\u0131l\u0131r.\n<\/p>\n<p>\n  Elmir b\u0259y bunu bilmir, h\u0259r\u00e7\u0259nd ki, kitab\u0131mda bu bar\u0259d\u0259 yazm\u0131\u015fam. \u00c7ox g\u00fcman ki, \u00e7ox adam bunu bilmir, lakin 1988-ci lin sonlar\u0131nda AXC yarad\u0131lark\u0259n, onun be\u015fiyinin ba\u015f\u0131nda Elmir b\u0259yin bel\u0259 ehtiram v\u0259 sevgi il\u0259 xat\u0131rlad\u0131\u011f\u0131 k\u0259msavad mill\u0259t\u00e7il\u0259r deyil, o zaman az tan\u0131nan s\u0131ravi t\u0259\u015f\u0259bb\u00fcskarlarla yana\u015f\u0131, c\u0259miyy\u0259timizi dinc islahatlar yolu il\u0259 t\u0259kmill\u0259\u015fdirm\u0259y\u0259 \u00e7al\u0131\u015fan adl\u0131-sanl\u0131 ziyal\u0131lar dururdu: geologiya-mineralogiya elml\u0259ri doktoru, EA-n\u0131n m\u00fcxbir \u00fczv\u00fc Xudu M\u0259mm\u0259dov, g\u00f6rk\u0259mli piano\u00e7u F\u0259rhad B\u0259d\u0259lb\u0259yli, tan\u0131nm\u0131\u015f rejissor Eldar Quliyev, iqtisad elml\u0259ri doktoru, sonradan 25 il b\u00fct\u00fcn prezidentl\u0259rin iqtisadi m\u00fc\u015faviri olmu\u015f Vahid Axundov&#8230;\n<\/p>\n<p>\n  Elmir b\u0259y\u0259 m\u0259sl\u0259h\u0259t g\u00f6r\u00fcr\u0259m ki (\u0259g\u0259r caiz q\u0131lsa), kitab\u0131m\u0131 bir daha v\u0259 diqq\u0259tl\u0259 oxusun.\n<\/p>\n<p>\n  Qald\u0131 Elmir b\u0259y Mirz\u0259yevin ad\u0131n\u0131 \u00e7\u0259kdiyi Kamran H\u0259s\u0259nliy\u0259, ba\u011f\u0131\u015flan\u0131lma\u011f\u0131m\u0131 ondan da, c\u0259mi oxuculardan da acizan\u0259 t\u0259v\u0259qqe edir\u0259m. M\u0259n bel\u0259 bir m\u0259d\u0259niyy\u0259t xadimini tan\u0131m\u0131ram. G\u00f6r\u00fcn\u00fcr, \u201conlar\u0131n \u00f6z kampaniyas\u0131 var, m\u0259nim \u00f6z kampaniyam\u201d.\n<\/p>\n<p>\n  <i><br \/>\n    Yaz\u0131 m\u00fc\u0259llifin fikirl\u0259rini \u0259ks etdirir v\u0259 Meydan TV-nin m\u00f6vqeyi il\u0259 \u00fcst-\u00fcst\u0259 d\u00fc\u015fm\u0259y\u0259 bil\u0259r.<br \/>\n  <\/i><\/p>\n","protected":false},"excerpt":{"rendered":"<p>B\u0259ni-Ad\u0259min t\u0259bii bir \u015fak\u0259ri var:  sevdiyi,  \u0259ziz tutdu\u011fu \u0259satirin ger\u00e7\u0259kliyin da\u015f-qayas\u0131na d\u0259y\u0259r\u0259k \u00e7ilik-\u00e7ilik olmas\u0131 onun q\u0259lbini a\u011fr\u0131d\u0131r<\/p>\n","protected":false},"author":11,"featured_media":81375,"comment_status":"closed","ping_status":"open","sticky":false,"template":"","format":"standard","meta":{"_acf_changed":false,"_sitemap_exclude":false,"_sitemap_priority":"","_sitemap_frequency":"","footnotes":""},"categories":[57],"tags":[],"class_list":["post-193254","post","type-post","status-publish","format-standard","has-post-thumbnail","hentry","category-menim-fikrimce","infinite-scroll-item","generate-columns","tablet-grid-50","mobile-grid-100","grid-parent","grid-33","no-featured-image-padding"],"acf":[],"yoast_head":"<!-- This site is optimized with the Yoast SEO plugin v27.4 - https:\/\/yoast.com\/product\/yoast-seo-wordpress\/ -->\n<title>\u018fsatird\u0259n ger\u00e7\u0259kliy\u0259 ke\u00e7idin a\u011fr\u0131l\u0131 yolu - MEYDAN.TV<\/title>\n<meta name=\"robots\" content=\"index, follow, max-snippet:-1, max-image-preview:large, max-video-preview:-1\" \/>\n<link rel=\"canonical\" href=\"https:\/\/www.meydan.tv\/az\/article\/esatirden-gercekliye-kecidin-agrili-yolu\/\" \/>\n<meta property=\"og:locale\" content=\"az_AZ\" \/>\n<meta property=\"og:type\" content=\"article\" \/>\n<meta property=\"og:title\" content=\"\u018fsatird\u0259n ger\u00e7\u0259kliy\u0259 ke\u00e7idin a\u011fr\u0131l\u0131 yolu - MEYDAN.TV\" \/>\n<meta property=\"og:description\" content=\"B\u0259ni-Ad\u0259min t\u0259bii bir \u015fak\u0259ri var: sevdiyi, \u0259ziz tutdu\u011fu \u0259satirin ger\u00e7\u0259kliyin da\u015f-qayas\u0131na d\u0259y\u0259r\u0259k \u00e7ilik-\u00e7ilik olmas\u0131 onun q\u0259lbini a\u011fr\u0131d\u0131r\" \/>\n<meta property=\"og:url\" content=\"https:\/\/www.meydan.tv\/az\/article\/esatirden-gercekliye-kecidin-agrili-yolu\/\" \/>\n<meta property=\"og:site_name\" content=\"MEYDAN.TV\" \/>\n<meta property=\"article:published_time\" content=\"2018-12-28T18:54:09+00:00\" \/>\n<meta property=\"og:image\" content=\"https:\/\/www.meydan.tv\/wp-content\/uploads\/31837-1095x821.png\" \/>\n\t<meta property=\"og:image:width\" content=\"1095\" \/>\n\t<meta property=\"og:image:height\" content=\"821\" \/>\n\t<meta property=\"og:image:type\" content=\"image\/png\" \/>\n<meta name=\"author\" content=\"user-manager\" \/>\n<meta name=\"twitter:card\" content=\"summary_large_image\" \/>\n<script type=\"application\/ld+json\" class=\"yoast-schema-graph\">{\"@context\":\"https:\\\/\\\/schema.org\",\"@graph\":[{\"@type\":\"Article\",\"@id\":\"https:\\\/\\\/www.meydan.tv\\\/az\\\/article\\\/esatirden-gercekliye-kecidin-agrili-yolu\\\/#article\",\"isPartOf\":{\"@id\":\"https:\\\/\\\/www.meydan.tv\\\/az\\\/article\\\/esatirden-gercekliye-kecidin-agrili-yolu\\\/\"},\"author\":{\"name\":\"user-manager\",\"@id\":\"https:\\\/\\\/www.meydan.tv\\\/az\\\/#\\\/schema\\\/person\\\/10d11eccf6da3662cf5fdab9806ea91a\"},\"headline\":\"\u018fsatird\u0259n ger\u00e7\u0259kliy\u0259 ke\u00e7idin a\u011fr\u0131l\u0131 yolu\",\"datePublished\":\"2018-12-28T18:54:09+00:00\",\"mainEntityOfPage\":{\"@id\":\"https:\\\/\\\/www.meydan.tv\\\/az\\\/article\\\/esatirden-gercekliye-kecidin-agrili-yolu\\\/\"},\"wordCount\":2098,\"publisher\":{\"@id\":\"https:\\\/\\\/www.meydan.tv\\\/az\\\/#organization\"},\"image\":{\"@id\":\"https:\\\/\\\/www.meydan.tv\\\/az\\\/article\\\/esatirden-gercekliye-kecidin-agrili-yolu\\\/#primaryimage\"},\"thumbnailUrl\":\"https:\\\/\\\/www.meydan.tv\\\/wp-content\\\/uploads\\\/31837.png\",\"articleSection\":[\"M\u0259nim Fikrimc\u0259\"],\"inLanguage\":\"az\"},{\"@type\":\"WebPage\",\"@id\":\"https:\\\/\\\/www.meydan.tv\\\/az\\\/article\\\/esatirden-gercekliye-kecidin-agrili-yolu\\\/\",\"url\":\"https:\\\/\\\/www.meydan.tv\\\/az\\\/article\\\/esatirden-gercekliye-kecidin-agrili-yolu\\\/\",\"name\":\"\u018fsatird\u0259n ger\u00e7\u0259kliy\u0259 ke\u00e7idin a\u011fr\u0131l\u0131 yolu - MEYDAN.TV\",\"isPartOf\":{\"@id\":\"https:\\\/\\\/www.meydan.tv\\\/az\\\/#website\"},\"primaryImageOfPage\":{\"@id\":\"https:\\\/\\\/www.meydan.tv\\\/az\\\/article\\\/esatirden-gercekliye-kecidin-agrili-yolu\\\/#primaryimage\"},\"image\":{\"@id\":\"https:\\\/\\\/www.meydan.tv\\\/az\\\/article\\\/esatirden-gercekliye-kecidin-agrili-yolu\\\/#primaryimage\"},\"thumbnailUrl\":\"https:\\\/\\\/www.meydan.tv\\\/wp-content\\\/uploads\\\/31837.png\",\"datePublished\":\"2018-12-28T18:54:09+00:00\",\"breadcrumb\":{\"@id\":\"https:\\\/\\\/www.meydan.tv\\\/az\\\/article\\\/esatirden-gercekliye-kecidin-agrili-yolu\\\/#breadcrumb\"},\"inLanguage\":\"az\",\"potentialAction\":[{\"@type\":\"ReadAction\",\"target\":[\"https:\\\/\\\/www.meydan.tv\\\/az\\\/article\\\/esatirden-gercekliye-kecidin-agrili-yolu\\\/\"]}]},{\"@type\":\"ImageObject\",\"inLanguage\":\"az\",\"@id\":\"https:\\\/\\\/www.meydan.tv\\\/az\\\/article\\\/esatirden-gercekliye-kecidin-agrili-yolu\\\/#primaryimage\",\"url\":\"https:\\\/\\\/www.meydan.tv\\\/wp-content\\\/uploads\\\/31837.png\",\"contentUrl\":\"https:\\\/\\\/www.meydan.tv\\\/wp-content\\\/uploads\\\/31837.png\",\"width\":2732,\"height\":2048,\"caption\":\"Source:\"},{\"@type\":\"BreadcrumbList\",\"@id\":\"https:\\\/\\\/www.meydan.tv\\\/az\\\/article\\\/esatirden-gercekliye-kecidin-agrili-yolu\\\/#breadcrumb\",\"itemListElement\":[{\"@type\":\"ListItem\",\"position\":1,\"name\":\"Ana s\u0259hif\u0259\",\"item\":\"https:\\\/\\\/www.meydan.tv\\\/az\\\/\"},{\"@type\":\"ListItem\",\"position\":2,\"name\":\"M\u0259nim Fikrimc\u0259\",\"item\":\"https:\\\/\\\/www.meydan.tv\\\/az\\\/section\\\/menim-fikrimce\\\/\"},{\"@type\":\"ListItem\",\"position\":3,\"name\":\"\u018fsatird\u0259n ger\u00e7\u0259kliy\u0259 ke\u00e7idin a\u011fr\u0131l\u0131 yolu\"}]},{\"@type\":\"WebSite\",\"@id\":\"https:\\\/\\\/www.meydan.tv\\\/az\\\/#website\",\"url\":\"https:\\\/\\\/www.meydan.tv\\\/az\\\/\",\"name\":\"MEYDAN.TV\",\"description\":\"Meydan TV Az\u0259rbaycan\u0131n media m\u0259kan\u0131ndak\u0131 alternativ s\u0259sidir\",\"publisher\":{\"@id\":\"https:\\\/\\\/www.meydan.tv\\\/az\\\/#organization\"},\"potentialAction\":[{\"@type\":\"SearchAction\",\"target\":{\"@type\":\"EntryPoint\",\"urlTemplate\":\"https:\\\/\\\/www.meydan.tv\\\/az\\\/?s={search_term_string}\"},\"query-input\":{\"@type\":\"PropertyValueSpecification\",\"valueRequired\":true,\"valueName\":\"search_term_string\"}}],\"inLanguage\":\"az\"},{\"@type\":\"Organization\",\"@id\":\"https:\\\/\\\/www.meydan.tv\\\/az\\\/#organization\",\"name\":\"Meydan TV\",\"url\":\"https:\\\/\\\/www.meydan.tv\\\/az\\\/\",\"logo\":{\"@type\":\"ImageObject\",\"inLanguage\":\"az\",\"@id\":\"https:\\\/\\\/www.meydan.tv\\\/az\\\/#\\\/schema\\\/logo\\\/image\\\/\",\"url\":\"https:\\\/\\\/www.meydan.tv\\\/wp-content\\\/uploads\\\/2021\\\/07\\\/meydan-logo.svg\",\"contentUrl\":\"https:\\\/\\\/www.meydan.tv\\\/wp-content\\\/uploads\\\/2021\\\/07\\\/meydan-logo.svg\",\"width\":195,\"height\":46,\"caption\":\"Meydan TV\"},\"image\":{\"@id\":\"https:\\\/\\\/www.meydan.tv\\\/az\\\/#\\\/schema\\\/logo\\\/image\\\/\"}},{\"@type\":\"Person\",\"@id\":\"https:\\\/\\\/www.meydan.tv\\\/az\\\/#\\\/schema\\\/person\\\/10d11eccf6da3662cf5fdab9806ea91a\",\"name\":\"user-manager\"}]}<\/script>\n<!-- \/ Yoast SEO plugin. -->","yoast_head_json":{"title":"\u018fsatird\u0259n ger\u00e7\u0259kliy\u0259 ke\u00e7idin a\u011fr\u0131l\u0131 yolu - MEYDAN.TV","robots":{"index":"index","follow":"follow","max-snippet":"max-snippet:-1","max-image-preview":"max-image-preview:large","max-video-preview":"max-video-preview:-1"},"canonical":"https:\/\/www.meydan.tv\/az\/article\/esatirden-gercekliye-kecidin-agrili-yolu\/","og_locale":"az_AZ","og_type":"article","og_title":"\u018fsatird\u0259n ger\u00e7\u0259kliy\u0259 ke\u00e7idin a\u011fr\u0131l\u0131 yolu - MEYDAN.TV","og_description":"B\u0259ni-Ad\u0259min t\u0259bii bir \u015fak\u0259ri var: sevdiyi, \u0259ziz tutdu\u011fu \u0259satirin ger\u00e7\u0259kliyin da\u015f-qayas\u0131na d\u0259y\u0259r\u0259k \u00e7ilik-\u00e7ilik olmas\u0131 onun q\u0259lbini a\u011fr\u0131d\u0131r","og_url":"https:\/\/www.meydan.tv\/az\/article\/esatirden-gercekliye-kecidin-agrili-yolu\/","og_site_name":"MEYDAN.TV","article_published_time":"2018-12-28T18:54:09+00:00","og_image":[{"width":1095,"height":821,"url":"https:\/\/www.meydan.tv\/wp-content\/uploads\/31837-1095x821.png","type":"image\/png"}],"author":"user-manager","twitter_card":"summary_large_image","schema":{"@context":"https:\/\/schema.org","@graph":[{"@type":"Article","@id":"https:\/\/www.meydan.tv\/az\/article\/esatirden-gercekliye-kecidin-agrili-yolu\/#article","isPartOf":{"@id":"https:\/\/www.meydan.tv\/az\/article\/esatirden-gercekliye-kecidin-agrili-yolu\/"},"author":{"name":"user-manager","@id":"https:\/\/www.meydan.tv\/az\/#\/schema\/person\/10d11eccf6da3662cf5fdab9806ea91a"},"headline":"\u018fsatird\u0259n ger\u00e7\u0259kliy\u0259 ke\u00e7idin a\u011fr\u0131l\u0131 yolu","datePublished":"2018-12-28T18:54:09+00:00","mainEntityOfPage":{"@id":"https:\/\/www.meydan.tv\/az\/article\/esatirden-gercekliye-kecidin-agrili-yolu\/"},"wordCount":2098,"publisher":{"@id":"https:\/\/www.meydan.tv\/az\/#organization"},"image":{"@id":"https:\/\/www.meydan.tv\/az\/article\/esatirden-gercekliye-kecidin-agrili-yolu\/#primaryimage"},"thumbnailUrl":"https:\/\/www.meydan.tv\/wp-content\/uploads\/31837.png","articleSection":["M\u0259nim Fikrimc\u0259"],"inLanguage":"az"},{"@type":"WebPage","@id":"https:\/\/www.meydan.tv\/az\/article\/esatirden-gercekliye-kecidin-agrili-yolu\/","url":"https:\/\/www.meydan.tv\/az\/article\/esatirden-gercekliye-kecidin-agrili-yolu\/","name":"\u018fsatird\u0259n ger\u00e7\u0259kliy\u0259 ke\u00e7idin a\u011fr\u0131l\u0131 yolu - MEYDAN.TV","isPartOf":{"@id":"https:\/\/www.meydan.tv\/az\/#website"},"primaryImageOfPage":{"@id":"https:\/\/www.meydan.tv\/az\/article\/esatirden-gercekliye-kecidin-agrili-yolu\/#primaryimage"},"image":{"@id":"https:\/\/www.meydan.tv\/az\/article\/esatirden-gercekliye-kecidin-agrili-yolu\/#primaryimage"},"thumbnailUrl":"https:\/\/www.meydan.tv\/wp-content\/uploads\/31837.png","datePublished":"2018-12-28T18:54:09+00:00","breadcrumb":{"@id":"https:\/\/www.meydan.tv\/az\/article\/esatirden-gercekliye-kecidin-agrili-yolu\/#breadcrumb"},"inLanguage":"az","potentialAction":[{"@type":"ReadAction","target":["https:\/\/www.meydan.tv\/az\/article\/esatirden-gercekliye-kecidin-agrili-yolu\/"]}]},{"@type":"ImageObject","inLanguage":"az","@id":"https:\/\/www.meydan.tv\/az\/article\/esatirden-gercekliye-kecidin-agrili-yolu\/#primaryimage","url":"https:\/\/www.meydan.tv\/wp-content\/uploads\/31837.png","contentUrl":"https:\/\/www.meydan.tv\/wp-content\/uploads\/31837.png","width":2732,"height":2048,"caption":"Source:"},{"@type":"BreadcrumbList","@id":"https:\/\/www.meydan.tv\/az\/article\/esatirden-gercekliye-kecidin-agrili-yolu\/#breadcrumb","itemListElement":[{"@type":"ListItem","position":1,"name":"Ana s\u0259hif\u0259","item":"https:\/\/www.meydan.tv\/az\/"},{"@type":"ListItem","position":2,"name":"M\u0259nim Fikrimc\u0259","item":"https:\/\/www.meydan.tv\/az\/section\/menim-fikrimce\/"},{"@type":"ListItem","position":3,"name":"\u018fsatird\u0259n ger\u00e7\u0259kliy\u0259 ke\u00e7idin a\u011fr\u0131l\u0131 yolu"}]},{"@type":"WebSite","@id":"https:\/\/www.meydan.tv\/az\/#website","url":"https:\/\/www.meydan.tv\/az\/","name":"MEYDAN.TV","description":"Meydan TV Az\u0259rbaycan\u0131n media m\u0259kan\u0131ndak\u0131 alternativ s\u0259sidir","publisher":{"@id":"https:\/\/www.meydan.tv\/az\/#organization"},"potentialAction":[{"@type":"SearchAction","target":{"@type":"EntryPoint","urlTemplate":"https:\/\/www.meydan.tv\/az\/?s={search_term_string}"},"query-input":{"@type":"PropertyValueSpecification","valueRequired":true,"valueName":"search_term_string"}}],"inLanguage":"az"},{"@type":"Organization","@id":"https:\/\/www.meydan.tv\/az\/#organization","name":"Meydan TV","url":"https:\/\/www.meydan.tv\/az\/","logo":{"@type":"ImageObject","inLanguage":"az","@id":"https:\/\/www.meydan.tv\/az\/#\/schema\/logo\/image\/","url":"https:\/\/www.meydan.tv\/wp-content\/uploads\/2021\/07\/meydan-logo.svg","contentUrl":"https:\/\/www.meydan.tv\/wp-content\/uploads\/2021\/07\/meydan-logo.svg","width":195,"height":46,"caption":"Meydan TV"},"image":{"@id":"https:\/\/www.meydan.tv\/az\/#\/schema\/logo\/image\/"}},{"@type":"Person","@id":"https:\/\/www.meydan.tv\/az\/#\/schema\/person\/10d11eccf6da3662cf5fdab9806ea91a","name":"user-manager"}]}},"_links":{"self":[{"href":"https:\/\/www.meydan.tv\/az\/wp-json\/wp\/v2\/posts\/193254","targetHints":{"allow":["GET"]}}],"collection":[{"href":"https:\/\/www.meydan.tv\/az\/wp-json\/wp\/v2\/posts"}],"about":[{"href":"https:\/\/www.meydan.tv\/az\/wp-json\/wp\/v2\/types\/post"}],"author":[{"embeddable":true,"href":"https:\/\/www.meydan.tv\/az\/wp-json\/wp\/v2\/users\/11"}],"replies":[{"embeddable":true,"href":"https:\/\/www.meydan.tv\/az\/wp-json\/wp\/v2\/comments?post=193254"}],"version-history":[{"count":0,"href":"https:\/\/www.meydan.tv\/az\/wp-json\/wp\/v2\/posts\/193254\/revisions"}],"wp:featuredmedia":[{"embeddable":true,"href":"https:\/\/www.meydan.tv\/az\/wp-json\/wp\/v2\/media\/81375"}],"wp:attachment":[{"href":"https:\/\/www.meydan.tv\/az\/wp-json\/wp\/v2\/media?parent=193254"}],"wp:term":[{"taxonomy":"category","embeddable":true,"href":"https:\/\/www.meydan.tv\/az\/wp-json\/wp\/v2\/categories?post=193254"},{"taxonomy":"post_tag","embeddable":true,"href":"https:\/\/www.meydan.tv\/az\/wp-json\/wp\/v2\/tags?post=193254"}],"curies":[{"name":"wp","href":"https:\/\/api.w.org\/{rel}","templated":true}]}}