{"id":193243,"date":"2018-12-28T15:40:19","date_gmt":"2018-12-28T15:40:19","guid":{"rendered":"https:\/\/www.meydan.tv\/article\/fermer-prezident-tapsirib-ki-gedin-kendlinin-torpagini-elinden-alin\/"},"modified":"2018-12-28T15:40:19","modified_gmt":"2018-12-28T15:40:19","slug":"fermer-prezident-tapsirib-ki-gedin-kendlinin-torpagini-elinden-alin","status":"publish","type":"post","link":"https:\/\/www.meydan.tv\/az\/article\/fermer-prezident-tapsirib-ki-gedin-kendlinin-torpagini-elinden-alin\/","title":{"rendered":"Fermer: Prezident tap\u015f\u0131r\u0131b ki, gedin k\u0259ndlinin torpa\u011f\u0131n\u0131 \u0259lind\u0259n al\u0131n?"},"content":{"rendered":"<figure class=\"wp-block-image size-large\">\n  <img decoding=\"async\" src=\"https:\/\/www.meydan.tv\/az\/114916\/\" alt=\"\" class=\"wp-image-114916\"\/><figcaption><\/figcaption><\/figure>\n<p>\n  <i><br \/>\n    Heyvandarl\u0131qla m\u0259\u015f\u011ful olan k\u0259ndlil\u0259r deyir, onlara bildirilib ki, bu torpaqlarda K\u0259mal\u0259ddin Heyd\u0259rov \u0259kin\u00e7ilik v\u0259 heyvandarl\u0131q biznesi quracaq<br \/>\n  <\/i><\/p>\n<p>  \u201cM\u0259n sah\u0259d\u0259 f\u0259hl\u0259l\u0259r\u0259 yax\u0131nla\u015fd\u0131m, kimlikl\u0259ri il\u0259 maraqland\u0131m, dedil\u0259r \u201cGilan Holdinq\u201din i\u015f\u00e7il\u0259riyik, m\u00fcdirimiz Eldar adl\u0131 \u015f\u0259xsdir, K\u0259mal\u0259ddin Heyd\u0259rovun adam\u0131d\u0131r. \u0130cra hakimiyy\u0259tind\u0259 oldum, ba\u015f\u00e7\u0131 da deyir, K\u0259mal\u0259ddin Heyd\u0259rovun g\u00f6st\u0259ri\u015fi var, mart-aprel aylar\u0131na kimi torpaqlar\u0131 bo\u015faltmaq laz\u0131md\u0131r\u201d.<\/p>\n<p>  Bunu Meydan TV-y\u0259 \u0130mi\u015flinin S\u0259rxanl\u0131 k\u0259nd sakini Elxan Tarverdiyev deyir. Onun s\u00f6zl\u0259rin\u0259 g\u00f6r\u0259, k\u0259ndlil\u0259rin qanuni istifad\u0259sind\u0259 olan otlaq yerl\u0259rinin bir hiss\u0259si h\u0259l\u0259 2 il \u0259vv\u0259l pamb\u0131q \u0259kini ad\u0131yla \u0259ll\u0259rind\u0259n al\u0131n\u0131b. Haz\u0131rda is\u0259 onlardan otlaq sah\u0259l\u0259rinin qalan hiss\u0259si t\u0259l\u0259b olunur. K\u0259nd sakininin s\u00f6zl\u0259rin\u0259 g\u00f6r\u0259, yerli icra hakimiyy\u0259tind\u0259 h\u0259min torpaqlarda f\u00f6vq\u0259lad\u0259 hallar naziri K\u0259mal\u0259ddin Heyd\u0259rovun \u015f\u0259xsi biznesinin bir qolu olaraq iri \u0259kin\u00e7ilik v\u0259 heyvandarl\u0131q t\u0259s\u0259rr\u00fcfatlar\u0131n\u0131n yarad\u0131lmas\u0131n\u0131 \u0259sas g\u0259tirirl\u0259r.\n<\/p>\n<blockquote><p>\n  Qalan torpaqlara da g\u00f6z dikibl\u0259r\n<\/p><\/blockquote>\n<p>\n  K\u0259nd sakini s\u00f6z\u00fcn\u0259 davam edir:\n<\/p>\n<p>\n  \u201cK\u0259ndin \u00fcmumi otlaq sah\u0259sind\u0259 70 hektar yerim vard\u0131, iki il \u0259vv\u0259l traktorlar\u0131 sald\u0131lar sah\u0259y\u0259, 40 hektar\u0131n\u0131 \u015fumlad\u0131lar. Dedil\u0259r, prezidentin g\u00f6st\u0259ri\u015fi var, pamb\u0131q \u0259kilm\u0259lidir. Qald\u0131 30 hektar&#8230; \u00d6t\u0259n yaz g\u0259lib \u0259lav\u0259 10 hektar da g\u00f6t\u00fcrd\u00fcl\u0259r, qald\u0131 20 hektar&#8230; \u0130ndi d\u0259 deyirl\u0259r, yazad\u0259k y\u0131\u011f\u0131\u015fd\u0131r ferman\u0131 burdan, torpaqlar\u0131n qalan\u0131n\u0131 da ver, K\u0259mal\u0259ddin Heyd\u0259rov buralarda \u0259kin sah\u0259l\u0259ri yarad\u0131r, heyvandarl\u0131q kompleksi yarad\u0131r. 40 hektar m\u0259nd\u0259n, 30 birind\u0259n, 20 birind\u0259n&#8230; Bel\u0259c\u0259, k\u0259ndd\u0259 az\u0131 30-40 adam\u0131n otlaq yerind\u0259n \u00e7ox hiss\u0259sini \u015fumlay\u0131b g\u00f6t\u00fcrd\u00fcl\u0259r, az hiss\u0259sini adamlarda saxlad\u0131lar. \u0130ndi o az hiss\u0259l\u0259r\u0259 d\u0259 g\u00f6z dikibl\u0259r\u201d.<\/p>\n<p>  Fermerin s\u00f6zl\u0259rin\u0259 g\u00f6r\u0259, k\u0259ndlil\u0259r bu torpaqlar\u0131 heyvandarl\u0131q m\u0259qs\u0259dil\u0259 q\u0131\u015f otlaq sah\u0259si kimi qanuni yolla istifad\u0259y\u0259 g\u00f6t\u00fcr\u00fcbl\u0259r. El\u0259 o \u00f6z\u00fc d\u0259 heyvandarl\u0131\u011f\u0131 inki\u015faf etdirm\u0259k \u00fc\u00e7\u00fcn \u0130qtisadi \u0130nki\u015faf Nazirliyi Yan\u0131nda Sahibkarl\u0131\u011fa K\u00f6m\u0259k Milli Fondundan (indiki Sahibkarl\u0131\u011f\u0131n \u0130nki\u015faf\u0131 Fondu) iki d\u0259f\u0259 kredit g\u00f6t\u00fcr\u00fcb. Haz\u0131rda ikinci kreditinin m\u00fcdd\u0259ti h\u0259l\u0259 bitm\u0259yib. Yazad\u0259k s\u00f6k\u00fcl\u0259c\u0259yi deyil\u0259n ferman\u0131n tikintisin\u0259, su, i\u015f\u0131q, istilik sisteminin qurulmas\u0131na 50 min manatdan \u00e7ox pul x\u0259rcl\u0259yib. \u00dcst\u0259lik d\u0259 d\u00f6vl\u0259t\u0259 vergi \u00f6d\u0259yir.<\/p>\n<blockquote><p>\n  Pamb\u0131q b\u0259han\u0259siyl\u0259 \u015fumlay\u0131b, tax\u0131l \u0259kdil\u0259r\n<\/p><\/blockquote>\n<p>\n  \u201cOnsuz da iki il \u0259vv\u0259l torpaqlar\u0131n bir qismi \u0259limizd\u0259n al\u0131nanda heyvanlar\u0131n say\u0131n\u0131 azaltmaq m\u0259cburiyy\u0259tind\u0259 qalm\u0131\u015fd\u0131q. Bu da bizi xeyli z\u0259r\u0259r\u0259 sald\u0131. \u0130ndi is\u0259 baltan\u0131 k\u00f6k\u00fcnd\u0259n vurmaq q\u0259rar\u0131na g\u0259libl\u0259r. Deyirl\u0259r, gedin, \u00f6z\u00fcn\u00fcz\u0259 ba\u015fqa i\u015f tap\u0131n, heyvandarl\u0131q da, \u0259kin\u00e7ilik d\u0259, \u00fcmumiyy\u0259tl\u0259, k\u0259ndd\u0259 n\u0259 i\u015f varsa, ham\u0131s\u0131 bizlikdir. M\u0259n\u0259 maraql\u0131 odur ki, \u0259g\u0259r iki il \u0259vv\u0259l torpaqlar\u0131n bir qismini \u0259limizd\u0259n d\u00f6vl\u0259t proqram\u0131 ad\u0131yla &#8211; pamb\u0131q \u0259km\u0259k \u00fc\u00e7\u00fcn alm\u0131\u015fd\u0131larsa, niy\u0259 pamb\u0131\u011f\u0131 l\u0259\u011fv el\u0259yib sah\u0259l\u0259ri tax\u0131l, arpa \u0259kinin\u0259 \u00e7evirdil\u0259r? Torpa\u011f\u0131 pamb\u0131q \u0259km\u0259k ad\u0131yla \u015fumlay\u0131b sonradan tax\u0131l \u0259kdil\u0259r. \u0130ndi d\u0259 g\u00f6l qaz\u0131rlar ki, \u0259razid\u0259 suvarma sistemi qursunlar, \u00f6zl\u0259ri \u0259kin i\u015fl\u0259rini geni\u015fl\u0259ndirsinl\u0259r, heyvandarl\u0131q kompleksi tiksinl\u0259r. Arpa, soya, qar\u011f\u0131dal\u0131 \u0259km\u0259k fikrind\u0259dil\u0259r. Y\u0259ni bunlar dem\u0259k ist\u0259yir ki, ay k\u0259ndlil\u0259r, siz mal\u0131, qoyunu yax\u015f\u0131 saxlaya bilmirsiz, gedin oturun evd\u0259, bu i\u015fl\u0259 \u00f6z\u00fcm\u00fcz m\u0259\u015f\u011ful olaca\u011f\u0131q. V\u0259 a\u00e7\u0131q-a\u015fkar da deyirl\u0259r ki, bu i\u015fin ba\u015f\u0131nda K\u0259mal\u0259ddin Heyd\u0259rov dayan\u0131b. Guya K\u0259mal\u0259ddin Heyd\u0259rov \u0130mi\u015fliy\u0259 g\u0259l\u0259nd\u0259 g\u00f6st\u0259ri\u015f verib ki, fermalar yazad\u0259k torpaqlardan \u00e7\u0131xar\u0131lmal\u0131d\u0131r. Bunlar adamlar\u0131n son \u00e7\u00f6r\u0259k yerl\u0259rini d\u0259 g\u0259lib \u0259lind\u0259n al\u0131b \u00f6zl\u0259rinin milyonlar\u0131n\u0131 art\u0131racaqlar, adamlar da ac qalacaq\u201d, &#8211; Elxan Tarverdiyev deyir.<\/p>\n<p>\n<\/p>\n<blockquote><p>\n  50 min manat x\u0259rc \u00e7\u0259kdiyim ferman\u0131 hara da\u015f\u0131y\u0131m?\n<\/p><\/blockquote>\n<p>\n  <br \/>\n  K\u0259ndlil\u0259r e\u015fid\u0259nd\u0259 ki, torpaqlar\u0131n qalan hiss\u0259si d\u0259 \u0259ll\u0259rind\u0259n al\u0131nacaq, tax\u0131l, arpa, soya, qar\u011f\u0131dal\u0131 \u0259kil\u0259c\u0259k, \u00fcz tutublar icra hakimiyy\u0259tin\u0259&#8230; Ancaq burada da qulaqlar\u0131 \u00fcmidverici s\u00f6z e\u015fitm\u0259yib. Elxan Tarverdiyev:<\/p>\n<p>  \u201cBa\u015f\u00e7\u0131ya bildirdim ki, o fermaya 50 min manatdan \u00e7ox x\u0259rc \u00e7\u0259kmi\u015f\u0259m, k\u0259nd t\u0259s\u0259rr\u00fcfat\u0131 \u00fc\u00e7\u00fcn g\u00f6t\u00fcrd\u00fcy\u00fcm krediti h\u0259l\u0259 qaytarmam\u0131\u015fam. B\u0259s m\u0259n n\u0259 i\u015fl\u0259 m\u0259\u015f\u011ful olacam? O kreditl\u0259ri nec\u0259 qaytaracam? Dedi, bu i\u015f m\u0259nlik deyil. Kompensasiyadan s\u00f6hb\u0259t ged\u0259 bilm\u0259z, ancaq ba\u015fqa yerd\u0259 torpaq sah\u0259si veril\u0259 bil\u0259r. M\u0259n d\u0259 etiraz\u0131m\u0131 bildirdim, 50 min x\u0259rc \u00e7\u0259kdiyim ferman\u0131 ba\u015fqa torpa\u011fa nec\u0259 da\u015f\u0131yacam? O i\u015fi s\u0131f\u0131rdan nec\u0259 quracam? Buna ill\u0259r v\u0259 \u00e7oxlu pul laz\u0131md\u0131r\u201d.<\/p>\n<p>  Fermerin s\u00f6zl\u0259rin\u0259 g\u00f6r\u0259, bir m\u00fcdd\u0259t \u0259vv\u0259l onlar y\u0131\u011f\u0131\u015f\u0131b Bak\u0131ya &#8211; Prezident Administrasiyas\u0131na da g\u0259libl\u0259r. Burada onlar\u0131 prezidentin \u0130mi\u015fli \u00fczr\u0259 kuratoru \u018fflatun Rufiyev q\u0259bul edib.<br \/>\n  \n<\/p>\n<blockquote><p>\n  Dedi, hesab a\u00e7\u0131lacaq, kompensasiya ora k\u00f6\u00e7\u00fcr\u00fcl\u0259c\u0259k\n<\/p><\/blockquote>\n<p>\n  <br \/>\n  \u201cKurator da dedi ki, Nazirl\u0259r Kabinetinin q\u0259rar\u0131 var, torpaqlar \u0259kin d\u00f6vriyy\u0259sin\u0259 qaytar\u0131lark\u0259n ondan istifad\u0259 ed\u0259n k\u0259ndliy\u0259 \u0259v\u0259zi olaraq ba\u015fqa yerd\u0259 h\u0259cmin\u0259 v\u0259 keyfiyy\u0259tin\u0259 b\u0259rab\u0259r torpaq sah\u0259si, d\u0259ymi\u015f z\u0259r\u0259r\u0259 g\u00f6r\u0259 is\u0259 kompensasiya \u00f6d\u0259nilm\u0259lidir. \u018fg\u0259r torpaqlar\u0131n\u0131zdan \u00e7\u0131xar\u0131lsan\u0131z, fermalar\u0131n\u0131za bax\u0131\u015f ke\u00e7iril\u0259c\u0259k, \u0259mlaklar\u0131n\u0131z qiym\u0259tl\u0259ndiril\u0259c\u0259k, ad\u0131n\u0131za bankda h\u0259r birinizin ad\u0131na hesab a\u00e7\u0131lacaq, pullar\u0131n\u0131z h\u0259min hesaba k\u00f6\u00e7\u00fcr\u00fcl\u0259c\u0259k. Sevin\u0259-sevin\u0259 qay\u0131td\u0131q rayona, yen\u0259 icra hakimiyy\u0259tin\u0259 getdik, dedil\u0259r, n\u0259 vaxtsa \u0259v\u0259zi olaraq ba\u015fqa yerd\u0259 torpaq ayr\u0131la bil\u0259r, ancaq kompensasiya s\u00f6z\u00fcn\u00fc diliniz\u0259 g\u0259tirm\u0259yin. \u0130kic\u0259 k\u0259lm\u0259 d\u0259 s\u00f6z \u0259zb\u0259rl\u0259yibl\u0259r &#8211; \u201cd\u00f6vl\u0259t proqram\u0131d\u0131r\u201d, \u201cprezidentin tap\u015f\u0131r\u0131\u011f\u0131d\u0131r\u201d. M\u0259g\u0259r o d\u00f6vl\u0259t proqram\u0131 k\u0259ndlini ac\u0131ndan \u00f6ld\u00fcrm\u0259k \u00fc\u00e7\u00fcn haz\u0131rlan\u0131b? Yaxud, prezident tap\u015f\u0131r\u0131q verib ki, gedin k\u0259ndlinin son \u00e7\u00f6r\u0259k yeri olan torpa\u011f\u0131n\u0131 \u0259lind\u0259n al\u0131n? Prezident he\u00e7 yerd\u0259 bel\u0259 bir q\u0259rar, tap\u015f\u0131r\u0131q, f\u0259rman, s\u0259r\u0259ncam verm\u0259yib ki, camaat\u0131n fermas\u0131n\u0131 s\u00f6k, torpa\u011f\u0131n\u0131 \u0259lind\u0259n al, t\u0259s\u0259rr\u00fcfat\u0131n\u0131 da\u011f\u0131t&#8230; G\u0259l torpa\u011f\u0131m\u0131 \u0259limd\u0259n al, \u00f6z\u00fcn\u0259 heyvandarl\u0131q kompleksi yarat, \u0259kin i\u015fini qur, k\u0259ndiy\u0259 d\u0259 g\u00f6z\u00fcn\u00fc a\u011fart ki, s\u0259sini \u00e7\u0131xartma haa&#8230; Bunlar adamlar\u0131n son \u00e7\u00f6r\u0259k yerl\u0259rini d\u0259 g\u0259lib \u0259lind\u0259n al\u0131b \u00f6zl\u0259rinin milyonlar\u0131mn\u0131 art\u0131racaqlar, adamlar da ac qalacaq\u201d, &#8211; k\u0259ndli gileyl\u0259nir.<br \/>\n  \n<\/p>\n<blockquote><p>\n  \u0130qtisad M\u0259hk\u0259m\u0259sin\u0259 m\u00fcraci\u0259t olunmal\u0131d\u0131r\n<\/p><\/blockquote>\n<p>\n  <br \/>\n  \u0130mi\u015fli Rayon \u0130cra Hakimiyy\u0259tind\u0259n bildirilib ki, bar\u0259sind\u0259 dan\u0131\u015f\u0131lan torpaq sah\u0259l\u0259rinin t\u0259yinat\u0131 d\u0259yi\u015fdiril\u0259r\u0259k, \u201cGilan Holdinq\u201d\u0259 pamb\u0131q \u0259kini \u00fc\u00e7\u00fcn verilib:<br \/>\n  <br \/>\n  \u201c\u201cD\u00f6vl\u0259t torpaqlar\u0131 haqq\u0131nda\u201d qanuna \u0259sas\u0259n, \u0259g\u0259r torpaq d\u00f6vl\u0259t ehtiyac\u0131 \u00fc\u00e7\u00fcn laz\u0131m olarsa, o zaman h\u0259min torpaqlar v\u0259t\u0259nda\u015fdan qeyri-\u015f\u0259rtsiz geri al\u0131n\u0131r. V\u0259t\u0259nda\u015flar m\u0259hk\u0259m\u0259y\u0259 m\u00fcraci\u0259t ed\u0259 bil\u0259rl\u0259r\u201d.<\/p>\n<p>  H\u00fcquq\u015f\u00fcnas Vaqif Al\u0131yev deyir, Nazirl\u0259r Kabinetinin 20 yanvar 2017-ci il tarixli 10 sayl\u0131 q\u0259rar\u0131 il\u0259 \u201cTorpaqlar\u0131n kateqoriyalara aid edilm\u0259si v\u0259 onlar\u0131n bir kateqoriyadan dig\u0259rin\u0259 ke\u00e7irilm\u0259si\u201d Qaydalar\u0131 t\u0259sdiq edilib:<\/p>\n<p>  \u201cM\u00fclkiyy\u0259t\u00e7id\u0259n, istifad\u0259\u00e7id\u0259n (icar\u0259\u00e7id\u0259n) torpa\u011f\u0131n al\u0131nmas\u0131, yaxud onlara eyni \u00f6l\u00e7\u00fcd\u0259 v\u0259 keyfiyy\u0259td\u0259 ba\u015fqa yerd\u0259 torpaq sah\u0259sinin verilm\u0259si, h\u0259m\u00e7inin, kompensasiyan\u0131n \u00f6d\u0259nilm\u0259si t\u0259min olunmal\u0131d\u0131r\u201d.<\/p>\n<p>  H\u00fcquq\u015f\u00fcnas deyir, icar\u0259\u00e7i kimi istifad\u0259l\u0259rind\u0259 olan torpaqlar\u0131 \u0259ll\u0259rind\u0259n \u00e7\u0131xm\u0131\u015f k\u0259ndlil\u0259r \u0130qtisad M\u0259hk\u0259m\u0259sin\u0259 m\u00fcraci\u0259t etm\u0259lidirl\u0259r.<\/p>\n<p>  Yeni jurnalist ara\u015fd\u0131rmalar\u0131 il\u0259 s\u00fcbut olunub ki, \u00f6lk\u0259 ba\u015f\u00e7\u0131s\u0131 \u0130lham \u018fliyevin q\u0131zlar\u0131<br \/>\n  <a href=\"\/az\/article\/eliyev-ve-heyderovlarin-dubaydaki-emlak-imperiyasi\/\"><br \/>\n    \u201cGilan Holdinq\u201d<br \/>\n  <\/a><br \/>\n  d\u0259 b\u00f6y\u00fck pay sahibidirl\u0259r.\n<\/p>\n<p>\n  \u201cGilan Holdinq\u201din m\u00fclkiyy\u0259t strukturuna dair m\u00f6vcud yegan\u0259 s\u0259n\u0259d \u015firk\u0259tin 2005-ci ild\u0259 yarad\u0131ld\u0131\u011f\u0131n\u0131 v\u0259 onun Heyd\u0259rovlar ail\u0259sin\u0259 m\u0259xsus oldu\u011funu g\u00f6st\u0259rir.\n<\/p>\n<p>\n  Ancaq indi &#8211; \u018fliyevin q\u0131zlar\u0131n\u0131n \u201cGilan Holdinq\u201dd\u0259 sahib oldu\u011fu b\u00f6y\u00fck pay haqq\u0131nda yeni a\u00e7\u0131qlamalar veril\u0259nd\u0259 m\u0259lum olur ki, Heyd\u0259rovlar h\u0259m \u018fliyevl\u0259r ail\u0259sinin vasit\u0259\u00e7isi kimi f\u0259aliyy\u0259t g\u00f6st\u0259rir, h\u0259m d\u0259 \u015firk\u0259tin idar\u0259etm\u0259si d\u0259yi\u015fdirilib v\u0259 ya sat\u0131l\u0131b.\n<\/p>\n<p>\n  Bir m\u00fcdd\u0259t \u00f6nc\u0259 Q\u0259b\u0259l\u0259 rayon sakini<br \/>\n  <a href=\"\/az\/article\/qebele-sakini-gilan-holdinqin-torpagini-zebt-etdiyini-deyir\/\"><br \/>\n    \u018flibaba M\u0259mm\u0259dov<br \/>\n  <\/a><br \/>\n  da ona m\u0259xsus torpaq sah\u0259sinin \u201cGilan Holdinq\u201d t\u0259r\u0259find\u0259n m\u0259nims\u0259nildiyini deyirdi.\n<\/p><\/p>\n","protected":false},"excerpt":{"rendered":"<p>Heyvandarl\u0131qla m\u0259\u015f\u011ful olan k\u0259ndlil\u0259r deyir, onlara bildirilib ki, bu torpaqlarda K\u0259mal\u0259ddin Heyd\u0259rov \u0259kin\u00e7ilik v\u0259 heyvandarl\u0131q biznesi quracaq<\/p>\n","protected":false},"author":11,"featured_media":114916,"comment_status":"closed","ping_status":"open","sticky":false,"template":"","format":"standard","meta":{"_acf_changed":false,"_sitemap_exclude":false,"_sitemap_priority":"","_sitemap_frequency":"","footnotes":""},"categories":[60],"tags":[],"class_list":["post-193243","post","type-post","status-publish","format-standard","has-post-thumbnail","hentry","category-bolge","infinite-scroll-item","generate-columns","tablet-grid-50","mobile-grid-100","grid-parent","grid-33","no-featured-image-padding"],"acf":[],"yoast_head":"<!-- This site is optimized with the Yoast SEO plugin v27.4 - https:\/\/yoast.com\/product\/yoast-seo-wordpress\/ -->\n<title>Fermer: Prezident tap\u015f\u0131r\u0131b ki, gedin k\u0259ndlinin torpa\u011f\u0131n\u0131 \u0259lind\u0259n al\u0131n? - MEYDAN.TV<\/title>\n<meta name=\"robots\" content=\"index, follow, max-snippet:-1, max-image-preview:large, max-video-preview:-1\" \/>\n<link rel=\"canonical\" href=\"https:\/\/www.meydan.tv\/az\/article\/fermer-prezident-tapsirib-ki-gedin-kendlinin-torpagini-elinden-alin\/\" \/>\n<meta property=\"og:locale\" content=\"az_AZ\" \/>\n<meta property=\"og:type\" content=\"article\" \/>\n<meta property=\"og:title\" content=\"Fermer: Prezident tap\u015f\u0131r\u0131b ki, gedin k\u0259ndlinin torpa\u011f\u0131n\u0131 \u0259lind\u0259n al\u0131n? - MEYDAN.TV\" \/>\n<meta property=\"og:description\" content=\"Heyvandarl\u0131qla m\u0259\u015f\u011ful olan k\u0259ndlil\u0259r deyir, onlara bildirilib ki, bu torpaqlarda K\u0259mal\u0259ddin Heyd\u0259rov \u0259kin\u00e7ilik v\u0259 heyvandarl\u0131q biznesi quracaq\" \/>\n<meta property=\"og:url\" content=\"https:\/\/www.meydan.tv\/az\/article\/fermer-prezident-tapsirib-ki-gedin-kendlinin-torpagini-elinden-alin\/\" \/>\n<meta property=\"og:site_name\" content=\"MEYDAN.TV\" \/>\n<meta property=\"article:published_time\" content=\"2018-12-28T15:40:19+00:00\" \/>\n<meta property=\"og:image\" content=\"https:\/\/www.meydan.tv\/wp-content\/uploads\/45785.jpg\" \/>\n\t<meta property=\"og:image:width\" content=\"1023\" \/>\n\t<meta property=\"og:image:height\" content=\"575\" \/>\n\t<meta property=\"og:image:type\" content=\"image\/jpeg\" \/>\n<meta name=\"author\" content=\"user-manager\" \/>\n<meta name=\"twitter:card\" content=\"summary_large_image\" \/>\n<script type=\"application\/ld+json\" class=\"yoast-schema-graph\">{\"@context\":\"https:\\\/\\\/schema.org\",\"@graph\":[{\"@type\":\"Article\",\"@id\":\"https:\\\/\\\/www.meydan.tv\\\/az\\\/article\\\/fermer-prezident-tapsirib-ki-gedin-kendlinin-torpagini-elinden-alin\\\/#article\",\"isPartOf\":{\"@id\":\"https:\\\/\\\/www.meydan.tv\\\/az\\\/article\\\/fermer-prezident-tapsirib-ki-gedin-kendlinin-torpagini-elinden-alin\\\/\"},\"author\":{\"name\":\"user-manager\",\"@id\":\"https:\\\/\\\/www.meydan.tv\\\/az\\\/#\\\/schema\\\/person\\\/10d11eccf6da3662cf5fdab9806ea91a\"},\"headline\":\"Fermer: Prezident tap\u015f\u0131r\u0131b ki, gedin k\u0259ndlinin torpa\u011f\u0131n\u0131 \u0259lind\u0259n al\u0131n?\",\"datePublished\":\"2018-12-28T15:40:19+00:00\",\"mainEntityOfPage\":{\"@id\":\"https:\\\/\\\/www.meydan.tv\\\/az\\\/article\\\/fermer-prezident-tapsirib-ki-gedin-kendlinin-torpagini-elinden-alin\\\/\"},\"wordCount\":1617,\"publisher\":{\"@id\":\"https:\\\/\\\/www.meydan.tv\\\/az\\\/#organization\"},\"image\":{\"@id\":\"https:\\\/\\\/www.meydan.tv\\\/az\\\/article\\\/fermer-prezident-tapsirib-ki-gedin-kendlinin-torpagini-elinden-alin\\\/#primaryimage\"},\"thumbnailUrl\":\"https:\\\/\\\/www.meydan.tv\\\/wp-content\\\/uploads\\\/45785.jpg\",\"articleSection\":[\"B\u00f6lg\u0259\"],\"inLanguage\":\"az\"},{\"@type\":\"WebPage\",\"@id\":\"https:\\\/\\\/www.meydan.tv\\\/az\\\/article\\\/fermer-prezident-tapsirib-ki-gedin-kendlinin-torpagini-elinden-alin\\\/\",\"url\":\"https:\\\/\\\/www.meydan.tv\\\/az\\\/article\\\/fermer-prezident-tapsirib-ki-gedin-kendlinin-torpagini-elinden-alin\\\/\",\"name\":\"Fermer: Prezident tap\u015f\u0131r\u0131b ki, gedin k\u0259ndlinin torpa\u011f\u0131n\u0131 \u0259lind\u0259n al\u0131n? - MEYDAN.TV\",\"isPartOf\":{\"@id\":\"https:\\\/\\\/www.meydan.tv\\\/az\\\/#website\"},\"primaryImageOfPage\":{\"@id\":\"https:\\\/\\\/www.meydan.tv\\\/az\\\/article\\\/fermer-prezident-tapsirib-ki-gedin-kendlinin-torpagini-elinden-alin\\\/#primaryimage\"},\"image\":{\"@id\":\"https:\\\/\\\/www.meydan.tv\\\/az\\\/article\\\/fermer-prezident-tapsirib-ki-gedin-kendlinin-torpagini-elinden-alin\\\/#primaryimage\"},\"thumbnailUrl\":\"https:\\\/\\\/www.meydan.tv\\\/wp-content\\\/uploads\\\/45785.jpg\",\"datePublished\":\"2018-12-28T15:40:19+00:00\",\"breadcrumb\":{\"@id\":\"https:\\\/\\\/www.meydan.tv\\\/az\\\/article\\\/fermer-prezident-tapsirib-ki-gedin-kendlinin-torpagini-elinden-alin\\\/#breadcrumb\"},\"inLanguage\":\"az\",\"potentialAction\":[{\"@type\":\"ReadAction\",\"target\":[\"https:\\\/\\\/www.meydan.tv\\\/az\\\/article\\\/fermer-prezident-tapsirib-ki-gedin-kendlinin-torpagini-elinden-alin\\\/\"]}]},{\"@type\":\"ImageObject\",\"inLanguage\":\"az\",\"@id\":\"https:\\\/\\\/www.meydan.tv\\\/az\\\/article\\\/fermer-prezident-tapsirib-ki-gedin-kendlinin-torpagini-elinden-alin\\\/#primaryimage\",\"url\":\"https:\\\/\\\/www.meydan.tv\\\/wp-content\\\/uploads\\\/45785.jpg\",\"contentUrl\":\"https:\\\/\\\/www.meydan.tv\\\/wp-content\\\/uploads\\\/45785.jpg\",\"width\":1023,\"height\":575,\"caption\":\"Source:\"},{\"@type\":\"BreadcrumbList\",\"@id\":\"https:\\\/\\\/www.meydan.tv\\\/az\\\/article\\\/fermer-prezident-tapsirib-ki-gedin-kendlinin-torpagini-elinden-alin\\\/#breadcrumb\",\"itemListElement\":[{\"@type\":\"ListItem\",\"position\":1,\"name\":\"Ana s\u0259hif\u0259\",\"item\":\"https:\\\/\\\/www.meydan.tv\\\/az\\\/\"},{\"@type\":\"ListItem\",\"position\":2,\"name\":\"B\u00f6lg\u0259\",\"item\":\"https:\\\/\\\/www.meydan.tv\\\/az\\\/section\\\/bolge\\\/\"},{\"@type\":\"ListItem\",\"position\":3,\"name\":\"Fermer: Prezident tap\u015f\u0131r\u0131b ki, gedin k\u0259ndlinin torpa\u011f\u0131n\u0131 \u0259lind\u0259n al\u0131n?\"}]},{\"@type\":\"WebSite\",\"@id\":\"https:\\\/\\\/www.meydan.tv\\\/az\\\/#website\",\"url\":\"https:\\\/\\\/www.meydan.tv\\\/az\\\/\",\"name\":\"MEYDAN.TV\",\"description\":\"Meydan TV Az\u0259rbaycan\u0131n media m\u0259kan\u0131ndak\u0131 alternativ s\u0259sidir\",\"publisher\":{\"@id\":\"https:\\\/\\\/www.meydan.tv\\\/az\\\/#organization\"},\"potentialAction\":[{\"@type\":\"SearchAction\",\"target\":{\"@type\":\"EntryPoint\",\"urlTemplate\":\"https:\\\/\\\/www.meydan.tv\\\/az\\\/?s={search_term_string}\"},\"query-input\":{\"@type\":\"PropertyValueSpecification\",\"valueRequired\":true,\"valueName\":\"search_term_string\"}}],\"inLanguage\":\"az\"},{\"@type\":\"Organization\",\"@id\":\"https:\\\/\\\/www.meydan.tv\\\/az\\\/#organization\",\"name\":\"Meydan TV\",\"url\":\"https:\\\/\\\/www.meydan.tv\\\/az\\\/\",\"logo\":{\"@type\":\"ImageObject\",\"inLanguage\":\"az\",\"@id\":\"https:\\\/\\\/www.meydan.tv\\\/az\\\/#\\\/schema\\\/logo\\\/image\\\/\",\"url\":\"https:\\\/\\\/www.meydan.tv\\\/wp-content\\\/uploads\\\/2021\\\/07\\\/meydan-logo.svg\",\"contentUrl\":\"https:\\\/\\\/www.meydan.tv\\\/wp-content\\\/uploads\\\/2021\\\/07\\\/meydan-logo.svg\",\"width\":195,\"height\":46,\"caption\":\"Meydan TV\"},\"image\":{\"@id\":\"https:\\\/\\\/www.meydan.tv\\\/az\\\/#\\\/schema\\\/logo\\\/image\\\/\"}},{\"@type\":\"Person\",\"@id\":\"https:\\\/\\\/www.meydan.tv\\\/az\\\/#\\\/schema\\\/person\\\/10d11eccf6da3662cf5fdab9806ea91a\",\"name\":\"user-manager\"}]}<\/script>\n<!-- \/ Yoast SEO plugin. -->","yoast_head_json":{"title":"Fermer: Prezident tap\u015f\u0131r\u0131b ki, gedin k\u0259ndlinin torpa\u011f\u0131n\u0131 \u0259lind\u0259n al\u0131n? - MEYDAN.TV","robots":{"index":"index","follow":"follow","max-snippet":"max-snippet:-1","max-image-preview":"max-image-preview:large","max-video-preview":"max-video-preview:-1"},"canonical":"https:\/\/www.meydan.tv\/az\/article\/fermer-prezident-tapsirib-ki-gedin-kendlinin-torpagini-elinden-alin\/","og_locale":"az_AZ","og_type":"article","og_title":"Fermer: Prezident tap\u015f\u0131r\u0131b ki, gedin k\u0259ndlinin torpa\u011f\u0131n\u0131 \u0259lind\u0259n al\u0131n? - MEYDAN.TV","og_description":"Heyvandarl\u0131qla m\u0259\u015f\u011ful olan k\u0259ndlil\u0259r deyir, onlara bildirilib ki, bu torpaqlarda K\u0259mal\u0259ddin Heyd\u0259rov \u0259kin\u00e7ilik v\u0259 heyvandarl\u0131q biznesi quracaq","og_url":"https:\/\/www.meydan.tv\/az\/article\/fermer-prezident-tapsirib-ki-gedin-kendlinin-torpagini-elinden-alin\/","og_site_name":"MEYDAN.TV","article_published_time":"2018-12-28T15:40:19+00:00","og_image":[{"width":1023,"height":575,"url":"https:\/\/www.meydan.tv\/wp-content\/uploads\/45785.jpg","type":"image\/jpeg"}],"author":"user-manager","twitter_card":"summary_large_image","schema":{"@context":"https:\/\/schema.org","@graph":[{"@type":"Article","@id":"https:\/\/www.meydan.tv\/az\/article\/fermer-prezident-tapsirib-ki-gedin-kendlinin-torpagini-elinden-alin\/#article","isPartOf":{"@id":"https:\/\/www.meydan.tv\/az\/article\/fermer-prezident-tapsirib-ki-gedin-kendlinin-torpagini-elinden-alin\/"},"author":{"name":"user-manager","@id":"https:\/\/www.meydan.tv\/az\/#\/schema\/person\/10d11eccf6da3662cf5fdab9806ea91a"},"headline":"Fermer: Prezident tap\u015f\u0131r\u0131b ki, gedin k\u0259ndlinin torpa\u011f\u0131n\u0131 \u0259lind\u0259n al\u0131n?","datePublished":"2018-12-28T15:40:19+00:00","mainEntityOfPage":{"@id":"https:\/\/www.meydan.tv\/az\/article\/fermer-prezident-tapsirib-ki-gedin-kendlinin-torpagini-elinden-alin\/"},"wordCount":1617,"publisher":{"@id":"https:\/\/www.meydan.tv\/az\/#organization"},"image":{"@id":"https:\/\/www.meydan.tv\/az\/article\/fermer-prezident-tapsirib-ki-gedin-kendlinin-torpagini-elinden-alin\/#primaryimage"},"thumbnailUrl":"https:\/\/www.meydan.tv\/wp-content\/uploads\/45785.jpg","articleSection":["B\u00f6lg\u0259"],"inLanguage":"az"},{"@type":"WebPage","@id":"https:\/\/www.meydan.tv\/az\/article\/fermer-prezident-tapsirib-ki-gedin-kendlinin-torpagini-elinden-alin\/","url":"https:\/\/www.meydan.tv\/az\/article\/fermer-prezident-tapsirib-ki-gedin-kendlinin-torpagini-elinden-alin\/","name":"Fermer: Prezident tap\u015f\u0131r\u0131b ki, gedin k\u0259ndlinin torpa\u011f\u0131n\u0131 \u0259lind\u0259n al\u0131n? - MEYDAN.TV","isPartOf":{"@id":"https:\/\/www.meydan.tv\/az\/#website"},"primaryImageOfPage":{"@id":"https:\/\/www.meydan.tv\/az\/article\/fermer-prezident-tapsirib-ki-gedin-kendlinin-torpagini-elinden-alin\/#primaryimage"},"image":{"@id":"https:\/\/www.meydan.tv\/az\/article\/fermer-prezident-tapsirib-ki-gedin-kendlinin-torpagini-elinden-alin\/#primaryimage"},"thumbnailUrl":"https:\/\/www.meydan.tv\/wp-content\/uploads\/45785.jpg","datePublished":"2018-12-28T15:40:19+00:00","breadcrumb":{"@id":"https:\/\/www.meydan.tv\/az\/article\/fermer-prezident-tapsirib-ki-gedin-kendlinin-torpagini-elinden-alin\/#breadcrumb"},"inLanguage":"az","potentialAction":[{"@type":"ReadAction","target":["https:\/\/www.meydan.tv\/az\/article\/fermer-prezident-tapsirib-ki-gedin-kendlinin-torpagini-elinden-alin\/"]}]},{"@type":"ImageObject","inLanguage":"az","@id":"https:\/\/www.meydan.tv\/az\/article\/fermer-prezident-tapsirib-ki-gedin-kendlinin-torpagini-elinden-alin\/#primaryimage","url":"https:\/\/www.meydan.tv\/wp-content\/uploads\/45785.jpg","contentUrl":"https:\/\/www.meydan.tv\/wp-content\/uploads\/45785.jpg","width":1023,"height":575,"caption":"Source:"},{"@type":"BreadcrumbList","@id":"https:\/\/www.meydan.tv\/az\/article\/fermer-prezident-tapsirib-ki-gedin-kendlinin-torpagini-elinden-alin\/#breadcrumb","itemListElement":[{"@type":"ListItem","position":1,"name":"Ana s\u0259hif\u0259","item":"https:\/\/www.meydan.tv\/az\/"},{"@type":"ListItem","position":2,"name":"B\u00f6lg\u0259","item":"https:\/\/www.meydan.tv\/az\/section\/bolge\/"},{"@type":"ListItem","position":3,"name":"Fermer: Prezident tap\u015f\u0131r\u0131b ki, gedin k\u0259ndlinin torpa\u011f\u0131n\u0131 \u0259lind\u0259n al\u0131n?"}]},{"@type":"WebSite","@id":"https:\/\/www.meydan.tv\/az\/#website","url":"https:\/\/www.meydan.tv\/az\/","name":"MEYDAN.TV","description":"Meydan TV Az\u0259rbaycan\u0131n media m\u0259kan\u0131ndak\u0131 alternativ s\u0259sidir","publisher":{"@id":"https:\/\/www.meydan.tv\/az\/#organization"},"potentialAction":[{"@type":"SearchAction","target":{"@type":"EntryPoint","urlTemplate":"https:\/\/www.meydan.tv\/az\/?s={search_term_string}"},"query-input":{"@type":"PropertyValueSpecification","valueRequired":true,"valueName":"search_term_string"}}],"inLanguage":"az"},{"@type":"Organization","@id":"https:\/\/www.meydan.tv\/az\/#organization","name":"Meydan TV","url":"https:\/\/www.meydan.tv\/az\/","logo":{"@type":"ImageObject","inLanguage":"az","@id":"https:\/\/www.meydan.tv\/az\/#\/schema\/logo\/image\/","url":"https:\/\/www.meydan.tv\/wp-content\/uploads\/2021\/07\/meydan-logo.svg","contentUrl":"https:\/\/www.meydan.tv\/wp-content\/uploads\/2021\/07\/meydan-logo.svg","width":195,"height":46,"caption":"Meydan TV"},"image":{"@id":"https:\/\/www.meydan.tv\/az\/#\/schema\/logo\/image\/"}},{"@type":"Person","@id":"https:\/\/www.meydan.tv\/az\/#\/schema\/person\/10d11eccf6da3662cf5fdab9806ea91a","name":"user-manager"}]}},"_links":{"self":[{"href":"https:\/\/www.meydan.tv\/az\/wp-json\/wp\/v2\/posts\/193243","targetHints":{"allow":["GET"]}}],"collection":[{"href":"https:\/\/www.meydan.tv\/az\/wp-json\/wp\/v2\/posts"}],"about":[{"href":"https:\/\/www.meydan.tv\/az\/wp-json\/wp\/v2\/types\/post"}],"author":[{"embeddable":true,"href":"https:\/\/www.meydan.tv\/az\/wp-json\/wp\/v2\/users\/11"}],"replies":[{"embeddable":true,"href":"https:\/\/www.meydan.tv\/az\/wp-json\/wp\/v2\/comments?post=193243"}],"version-history":[{"count":0,"href":"https:\/\/www.meydan.tv\/az\/wp-json\/wp\/v2\/posts\/193243\/revisions"}],"wp:featuredmedia":[{"embeddable":true,"href":"https:\/\/www.meydan.tv\/az\/wp-json\/wp\/v2\/media\/114916"}],"wp:attachment":[{"href":"https:\/\/www.meydan.tv\/az\/wp-json\/wp\/v2\/media?parent=193243"}],"wp:term":[{"taxonomy":"category","embeddable":true,"href":"https:\/\/www.meydan.tv\/az\/wp-json\/wp\/v2\/categories?post=193243"},{"taxonomy":"post_tag","embeddable":true,"href":"https:\/\/www.meydan.tv\/az\/wp-json\/wp\/v2\/tags?post=193243"}],"curies":[{"name":"wp","href":"https:\/\/api.w.org\/{rel}","templated":true}]}}