{"id":193201,"date":"2018-12-26T17:23:22","date_gmt":"2018-12-26T17:23:22","guid":{"rendered":"https:\/\/www.meydan.tv\/article\/hansi-esrde-yasayiriq-ki-odunla-sinif-otaqlari-qizdirilsin\/"},"modified":"2018-12-26T17:23:22","modified_gmt":"2018-12-26T17:23:22","slug":"hansi-esrde-yasayiriq-ki-odunla-sinif-otaqlari-qizdirilsin","status":"publish","type":"post","link":"https:\/\/www.meydan.tv\/az\/article\/hansi-esrde-yasayiriq-ki-odunla-sinif-otaqlari-qizdirilsin\/","title":{"rendered":"&#8221;Hans\u0131 \u0259srd\u0259 ya\u015fay\u0131r\u0131q ki, odunla sinif otaqlar\u0131 q\u0131zd\u0131r\u0131ls\u0131n?&#8221;"},"content":{"rendered":"<figure class=\"wp-block-image size-large\">\n  <img decoding=\"async\" src=\"https:\/\/www.meydan.tv\/az\/114763\/\" alt=\"\" class=\"wp-image-114763\"\/><figcaption><\/figcaption><\/figure>\n<p>\n  <i><br \/>\n    \u00dclg\u00fcc k\u0259nd sakini: &#8221;\u0130ndi \u015fikay\u0259t ed\u0259nin \u00f6z\u00fcn\u00fc tutub, bas\u0131rlar i\u00e7\u0259ri&#8221;<br \/>\n  <\/i>\n<\/p>\n<p>\n  <br \/>\n  &#8220;U\u015faqlar\u0131m\u0131za normal t\u0259hsil ver\u0259 bilmirik. \u00c7\u00fcnki k\u0259ndin m\u0259kt\u0259bi ac\u0131nacaql\u0131 durumdad\u0131r. H\u0259r g\u00fcn u\u015fa\u011f\u0131 m\u0259kt\u0259b\u0259 g\u00f6nd\u0259r\u0259nd\u0259, yalvar\u0131r ki, soyuqdan donuram, n\u0259 olar, bu g\u00fcn d\u0259rs\u0259 getm\u0259yim. Qal\u0131rsan, \u00e7\u0131x\u0131lmaz v\u0259ziyy\u0259td\u0259&#8221;.\n<\/p>\n<p>\n  Bunu Meydan TV-y\u0259 A\u011fsu rayonu, \u00dclg\u00fcc k\u0259nd sakini Yaqut V\u0259zirova deyir. S\u00f6yl\u0259yir ki, \u015f\u0259hid Zahid H\u00fcseynovun ad\u0131n\u0131 da\u015f\u0131yan tam orta m\u0259kt\u0259b u\u00e7ulub-da\u011f\u0131lmaq \u00fczr\u0259dir. Onun s\u00f6zl\u0259rin\u0259 g\u00f6r\u0259, m\u0259kt\u0259bin istilik sistemi yoxdur, u\u015faqlar n\u00f6vb\u0259 il\u0259 odun apar\u0131rlar ki, sinif ota\u011f\u0131n\u0131 isitsinl\u0259r:\n<\/p>\n<p>\n  &#8220;Hans\u0131 \u0259srd\u0259 ya\u015fay\u0131r\u0131q ki, odunla sinif otaqlar\u0131 q\u0131zd\u0131r\u0131ls\u0131n? \u0130ki \u00f6vlad\u0131m var, x\u0259st\u0259 d\u00fc\u015f\u00fcbl\u0259r. Sizd\u0259n n\u0259 gizl\u0259dim, \u00e7ox vaxt \u00f6z\u00fcm m\u0259kt\u0259b\u0259 getm\u0259y\u0259 qoymuram ki, x\u0259st\u0259l\u0259nirl\u0259r. Sinif otaqlar\u0131 o q\u0259d\u0259r soyuqdur ki, oturmaq m\u00fcmk\u00fcn olmur. M\u0259kt\u0259b\u0259 gedirl\u0259r, soyuqdan qrip olurlar, getm\u0259y\u0259nd\u0259 d\u0259 d\u0259rsl\u0259rd\u0259n geri qal\u0131rlar. M\u0259nim d\u0259 el\u0259 imkan\u0131m yoxdur ki, onlar\u0131 m\u00fc\u0259llim yan\u0131na g\u00f6nd\u0259rim. M\u0259kt\u0259bd\u0259 pul y\u0131\u011f\u0131rlar ki, sinifl\u0259ri t\u0259mir ed\u0259c\u0259yik, biz d\u0259 veririk, amma ortal\u0131qda he\u00e7 n\u0259 yoxdur. Qorxumuzdan da s\u0259simizi \u00e7\u0131xara bilmirik&#8221;.\n<\/p>\n<figure class=\"wp-block-image size-large\">\n  <img decoding=\"async\" src=\"https:\/\/www.meydan.tv\/az\/114766\/\" alt=\"\" class=\"wp-image-114766\"\/><figcaption><\/figcaption><\/figure>\n<p>\n  &#8220;Dill\u0259nm\u0259y\u0259 qorxuruq, kim\u0259 n\u0259 dey\u0259s\u0259n? \u0130ndi \u015fikay\u0259t ed\u0259nin \u00f6z\u00fcn\u00fc tutub, bas\u0131rlar i\u00e7\u0259ri&#8221;, &#8211; ad\u0131n\u0131 a\u00e7\u0131qlamaq ist\u0259m\u0259y\u0259n k\u0259nd sakini bel\u0259 deyir:\n<\/p>\n<p>\n  &#8220;Yollar\u0131m\u0131z, m\u0259kt\u0259bimiz pis g\u00fcnd\u0259dir. Dolan\u0131\u015f\u0131\u011f\u0131m\u0131z yoxdur. \u018flimizi art\u0131q h\u0259r yerd\u0259n \u00fczm\u00fc\u015f\u00fck. Q\u0131\u015fda k\u0259ndin yollar\u0131 diz\u0259 kimi pal\u00e7\u0131q olur. U\u015faqlar z\u00fclm-m\u00fcsib\u0259tl\u0259 m\u0259kt\u0259b\u0259 gedib-g\u0259lirl\u0259r. M\u0259kt\u0259bin d\u0259 ki, i\u015fi Allaha qal\u0131b. D\u00f6\u015f\u0259m\u0259si \u00e7\u00fcr\u00fcy\u00fcb, divarlardak\u0131 \u00e7atlar\u0131 gizl\u0259tm\u0259k \u00fc\u00e7\u00fcn m\u00fcxt\u0259lif r\u0259ngl\u0259rd\u0259 yamaq vurulub, dam\u0131 da\u011f\u0131ld\u0131\u011f\u0131ndan ya\u011fan ya\u011f\u0131\u015f birba\u015fa sinif otaqlar\u0131na t\u00f6k\u00fcl\u00fcr. Q\u0131r\u0131lan p\u0259nc\u0259r\u0259 \u015f\u00fc\u015f\u0259l\u0259rini taxta par\u00e7alar\u0131, sellofan vurulub. T\u0259hl\u00fck\u0259li v\u0259ziyy\u0259t yaran\u0131b, divarlar h\u0259r an \u015fagirdl\u0259rin \u00fcst\u00fcn\u0259 u\u00e7a bil\u0259r. \u00dcst\u0259lik, ya\u011f\u0131\u015fdan sonra v\u0259ziyy\u0259t daha da pisl\u0259\u015fir. M\u0259kt\u0259b \u0259razisind\u0259ki yol da b\u0259rbad v\u0259ziyy\u0259td\u0259dir. \u0130ll\u0259rdir m\u0259kt\u0259bd\u0259 t\u0259mir-b\u0259rpa i\u015fl\u0259ri apar\u0131lm\u0131r. Sonra da deyirl\u0259r ki, Az\u0259rbaycan s\u00fcr\u0259tl\u0259 inki\u015faf edir. Diz\u0259 kimi pal\u00e7\u0131\u011fa bata-bata m\u0259kt\u0259b\u0259 ged\u0259n, d\u0259rsd\u0259 d\u0259 soyuq otaqda titr\u0259y\u0259-titr\u0259y\u0259 oturan u\u015fa\u011f\u0131n g\u0259l\u0259c\u0259yi n\u0259 olacaq? Budur, inki\u015faf? Aidiyy\u0259ti olan qurumlar\u0131n biz\u0259 k\u00f6m\u0259k g\u00f6st\u0259rm\u0259sini xahi\u015f edirik&#8221;.\n<\/p>\n<figure class=\"wp-block-image size-large\">\n  <img decoding=\"async\" src=\"https:\/\/www.meydan.tv\/az\/114772\/\" alt=\"\" class=\"wp-image-114772\"\/><figcaption><\/figcaption><\/figure>\n<p>\n  &#8220;77 \u015fagirdin t\u0259hsil ald\u0131\u011f\u0131 binan\u0131n n\u0259 zaman in\u015fa olundu\u011fu b\u0259lli deyil. \u00c7\u00fcnki tikili uy\u011funla\u015fd\u0131r\u0131lm\u0131\u015f m\u0259kt\u0259b binas\u0131 kimi f\u0259aliyy\u0259t g\u00f6st\u0259rir. M\u0259kt\u0259b he\u00e7 vaxt \u0259sasl\u0131 t\u0259mir olunmay\u0131b&#8221;, &#8211; bu s\u00f6zl\u0259ri Meydan TV-y\u0259 A\u011fsu Rayon T\u0259hsil \u015e\u00f6b\u0259si Metodkabinetinin direktoru Elnur F\u0259rz\u0259lizad\u0259 deyir:\n<\/p>\n<p>\n  &#8220;A\u011fsu rayonunun G\u00f6yd\u0259ll\u0259kli k\u0259ndind\u0259 yeni \u00fcmumi orta m\u0259kt\u0259bin a\u00e7\u0131l\u0131\u015f\u0131 oldu. Sanqalanda da haz\u0131rda modul tipli \u00fcmumi orta m\u0259kt\u0259b tikilir. H\u0259m\u00e7inin Hacmanda da modul m\u0259kt\u0259b var. H\u0259qiq\u0259t\u0259n d\u0259 A\u011fsuda el\u0259 m\u0259kt\u0259bl\u0259r m\u00f6vcuddur ki, onlar\u0131n modul m\u0259kt\u0259bl\u0259 \u0259v\u0259z edilm\u0259sin\u0259 ehtiyac var. Onlardan biri d\u0259 \u00dclg\u00fcc m\u0259kt\u0259bidir. Plana sal\u0131n\u0131b, h\u0259min k\u0259ndd\u0259 d\u0259 m\u0259kt\u0259b in\u015fa olunar&#8221;.\n<\/p>\n<figure class=\"wp-block-image size-large\">\n  <img decoding=\"async\" src=\"https:\/\/www.meydan.tv\/az\/114775\/\" alt=\"\" class=\"wp-image-114775\"\/><figcaption><\/figcaption><\/figure>\n<p>\n  Son ill\u0259r x\u00fcsusil\u0259 k\u0259ndl\u0259rd\u0259 m\u0259kt\u0259bl\u0259rin tikintisin\u0259 daha az v\u0259sait s\u0259rf edilm\u0259si m\u0259qs\u0259dil\u0259, q\u0259zal\u0131 m\u0259kt\u0259bl\u0259r modul tipli m\u0259kt\u0259bl\u0259rl\u0259 \u0259v\u0259zl\u0259nir. Modul tipli m\u0259kt\u0259bl\u0259rd\u0259 \u015fagird say\u0131na uy\u011fun sinif otaqlar\u0131, kitabxana, sanitar qov\u015fa\u011f\u0131 olur, istilikl\u0259 t\u0259min edilir. Bu tipli m\u0259kt\u0259bl\u0259r ist\u0259nil\u0259n vaxt ba\u015fqa \u0259raziy\u0259 k\u00f6\u00e7\u00fcr\u00fcl\u0259, yaxud geni\u015fl\u0259ndiril\u0259 bil\u0259r.\n<\/p>\n<p>\n  Elnur F\u0259rz\u0259lizad\u0259 valieynl\u0259rd\u0259n t\u0259mir \u00fc\u00e7\u00fcn pul y\u0131\u011f\u0131lmas\u0131 iddias\u0131n\u0131 \u0259sass\u0131z say\u0131r. Bunun h\u0259qiq\u0259ti \u0259ks etdirm\u0259diyini bildirir:<br \/>\n  <br \/>\n  &#8220;\u00c7\u00fcnki biz \u0259razi m\u0259kt\u0259bl\u0259ri il\u0259 m\u00fct\u0259madi i\u015fl\u0259yirik. Valideynl\u0259rd\u0259n y\u0131\u011f\u0131lan pulla m\u0259kt\u0259b\u0259 n\u0259 etm\u0259k olar? H\u0259min m\u0259kt\u0259b\u0259 \u0259sasl\u0131 t\u0259mir laz\u0131md\u0131r. D\u00f6vl\u0259t t\u0259r\u0259find\u0259n laz\u0131m olan m\u0259qamda v\u0259sait ayr\u0131lacaq v\u0259 in\u015fa i\u015fl\u0259rin\u0259 ba\u015flan\u0131lacaq. B\u0259li, m\u0259kt\u0259b odunla q\u0131zd\u0131r\u0131l\u0131r. A\u011fsu rayonu T\u0259hsil \u015e\u00f6b\u0259si il\u0259 Me\u015f\u0259 T\u0259s\u0259rr\u00fcfat\u0131 \u0130dar\u0259si aras\u0131nda m\u00fcqavil\u0259 var. H\u0259min s\u0259n\u0259d \u0259sas\u0131nda, m\u0259kt\u0259b odunla t\u0259min olunub. U\u015faqlar\u0131n \u00f6zl\u0259ri il\u0259 m\u0259kt\u0259b\u0259 odun da\u015f\u0131mas\u0131 da do\u011fru deyil. Q\u0131\u015f f\u0259sli \u0259rzind\u0259 sinif otaqlar\u0131n\u0131n isti olmas\u0131na n\u0259zar\u0259t yetiril\u0259c\u0259k&#8221;.\n<\/p>\n<figure class=\"wp-block-image size-large\">\n  <img decoding=\"async\" src=\"https:\/\/www.meydan.tv\/az\/114778\/\" alt=\"\" class=\"wp-image-114778\"\/><figcaption><\/figcaption><\/figure>\n<p>\n  A\u011fsu Rayon \u0130cra Hakimiyy\u0259tinin ba\u015f m\u0259sl\u0259h\u0259t\u00e7isi \u0130zay \u0130nay\u0259tov bildirib ki, T\u0259hsil Nazirliyi problemli, q\u0259zal\u0131 v\u0259ziyy\u0259td\u0259 olan m\u0259kt\u0259bl\u0259rl\u0259 ba\u011fl m\u0259lumatland\u0131r\u0131l\u0131b. H\u0259m\u00e7inin k\u0259nd camaat\u0131na nazirlik s\u0259viyy\u0259sind\u0259 s\u00f6z verilib v\u0259 m\u00fc\u0259yy\u0259n i\u015fl\u0259r g\u00f6r\u00fcl\u0259c\u0259k:\n<\/p>\n<p>\n  &#8220;\u018frazid\u0259 yerl\u0259\u015f\u0259n m\u0259kt\u0259bl\u0259rin tikintisi A\u011fsu Rayon \u0130cra Hakimiyy\u0259ti v\u0259 rayonun T\u0259hsil \u015e\u00f6b\u0259sinin ixtiyar\u0131nda deyil. M\u0259kt\u0259bl\u0259rin tikintisi v\u0259 b\u0259rpas\u0131n\u0131, \u00f6lk\u0259 ba\u015f\u00e7\u0131s\u0131n\u0131n s\u0259r\u0259ncam\u0131 il\u0259, birba\u015fa T\u0259hsil Nazirliyi h\u0259yata ke\u00e7irir. Ke\u00e7\u0259n il G\u00f6yd\u0259ll\u0259klid\u0259, Hacmanda pilot layih\u0259 olaraq, modul m\u0259kt\u0259b tikildi. M\u0259kt\u0259bl\u0259rin \u0259razil\u0259rin\u0259 g\u0259linc\u0259, m\u0259rh\u0259l\u0259li \u015f\u0259kild\u0259, \u00e7\u0131nq\u0131l verilir. Bir s\u0131ra k\u0259nd m\u0259kt\u0259bl\u0259rinin \u0259razisind\u0259 asfaltla\u015fma i\u015fl\u0259ri apar\u0131l\u0131r. Bunu T\u0259hsil Nazirliyi h\u0259yata ke\u00e7irir. Nazirlik, h\u0259m\u00e7inin yeli \u0130cra Hakimiyy\u0259ti t\u0259r\u0259find\u0259n m\u00fcsb\u0259t m\u0259nada i\u015fl\u0259r g\u00f6r\u00fcl\u00fcr. G\u00fcc\u00fcm\u00fcz \u00e7atan q\u0259d\u0259r k\u00f6m\u0259klik edirik&#8221;.\n<\/p>\n<p>\n  T\u0259hsil Nazirliyind\u0259n 2019-ci ilin investisiya proqram\u0131nda A\u011fsunun \u00dclg\u00fcc k\u0259ndind\u0259 modul tipli m\u0259kt\u0259bin qura\u015fd\u0131r\u0131lmas\u0131n\u0131n n\u0259z\u0259rd\u0259 tutulub-tutulmamas\u0131n\u0131 \u00f6yr\u0259nm\u0259k m\u00fcmk\u00fcn olmad\u0131.\n<\/p><\/p>\n","protected":false},"excerpt":{"rendered":"<p>\u00dclg\u00fcc k\u0259nd sakini: &#8221;\u0130ndi \u015fikay\u0259t ed\u0259nin \u00f6z\u00fcn\u00fc tutub, bas\u0131rlar i\u00e7\u0259ri&#8221;<\/p>\n","protected":false},"author":11,"featured_media":114763,"comment_status":"closed","ping_status":"open","sticky":false,"template":"","format":"standard","meta":{"_acf_changed":false,"_sitemap_exclude":false,"_sitemap_priority":"","_sitemap_frequency":"","footnotes":""},"categories":[60],"tags":[],"class_list":["post-193201","post","type-post","status-publish","format-standard","has-post-thumbnail","hentry","category-bolge","infinite-scroll-item","generate-columns","tablet-grid-50","mobile-grid-100","grid-parent","grid-33","no-featured-image-padding"],"acf":[],"yoast_head":"<!-- This site is optimized with the Yoast SEO plugin v27.4 - https:\/\/yoast.com\/product\/yoast-seo-wordpress\/ -->\n<title>&#039;&#039;Hans\u0131 \u0259srd\u0259 ya\u015fay\u0131r\u0131q ki, odunla sinif otaqlar\u0131 q\u0131zd\u0131r\u0131ls\u0131n?&#039;&#039; - MEYDAN.TV<\/title>\n<meta name=\"robots\" content=\"index, follow, max-snippet:-1, max-image-preview:large, max-video-preview:-1\" \/>\n<link rel=\"canonical\" href=\"https:\/\/www.meydan.tv\/az\/article\/hansi-esrde-yasayiriq-ki-odunla-sinif-otaqlari-qizdirilsin\/\" \/>\n<meta property=\"og:locale\" content=\"az_AZ\" \/>\n<meta property=\"og:type\" content=\"article\" \/>\n<meta property=\"og:title\" content=\"&#039;&#039;Hans\u0131 \u0259srd\u0259 ya\u015fay\u0131r\u0131q ki, odunla sinif otaqlar\u0131 q\u0131zd\u0131r\u0131ls\u0131n?&#039;&#039; - MEYDAN.TV\" \/>\n<meta property=\"og:description\" content=\"\u00dclg\u00fcc k\u0259nd sakini: &#039;&#039;\u0130ndi \u015fikay\u0259t ed\u0259nin \u00f6z\u00fcn\u00fc tutub, bas\u0131rlar i\u00e7\u0259ri&#039;&#039;\" \/>\n<meta property=\"og:url\" content=\"https:\/\/www.meydan.tv\/az\/article\/hansi-esrde-yasayiriq-ki-odunla-sinif-otaqlari-qizdirilsin\/\" \/>\n<meta property=\"og:site_name\" content=\"MEYDAN.TV\" \/>\n<meta property=\"article:published_time\" content=\"2018-12-26T17:23:22+00:00\" \/>\n<meta property=\"og:image\" content=\"https:\/\/www.meydan.tv\/wp-content\/uploads\/45732.jpg\" \/>\n\t<meta property=\"og:image:width\" content=\"960\" \/>\n\t<meta property=\"og:image:height\" content=\"720\" \/>\n\t<meta property=\"og:image:type\" content=\"image\/jpeg\" \/>\n<meta name=\"author\" content=\"user-manager\" \/>\n<meta name=\"twitter:card\" content=\"summary_large_image\" \/>\n<script type=\"application\/ld+json\" class=\"yoast-schema-graph\">{\"@context\":\"https:\\\/\\\/schema.org\",\"@graph\":[{\"@type\":\"Article\",\"@id\":\"https:\\\/\\\/www.meydan.tv\\\/az\\\/article\\\/hansi-esrde-yasayiriq-ki-odunla-sinif-otaqlari-qizdirilsin\\\/#article\",\"isPartOf\":{\"@id\":\"https:\\\/\\\/www.meydan.tv\\\/az\\\/article\\\/hansi-esrde-yasayiriq-ki-odunla-sinif-otaqlari-qizdirilsin\\\/\"},\"author\":{\"name\":\"user-manager\",\"@id\":\"https:\\\/\\\/www.meydan.tv\\\/az\\\/#\\\/schema\\\/person\\\/10d11eccf6da3662cf5fdab9806ea91a\"},\"headline\":\"&#8221;Hans\u0131 \u0259srd\u0259 ya\u015fay\u0131r\u0131q ki, odunla sinif otaqlar\u0131 q\u0131zd\u0131r\u0131ls\u0131n?&#8221;\",\"datePublished\":\"2018-12-26T17:23:22+00:00\",\"mainEntityOfPage\":{\"@id\":\"https:\\\/\\\/www.meydan.tv\\\/az\\\/article\\\/hansi-esrde-yasayiriq-ki-odunla-sinif-otaqlari-qizdirilsin\\\/\"},\"wordCount\":1180,\"publisher\":{\"@id\":\"https:\\\/\\\/www.meydan.tv\\\/az\\\/#organization\"},\"image\":{\"@id\":\"https:\\\/\\\/www.meydan.tv\\\/az\\\/article\\\/hansi-esrde-yasayiriq-ki-odunla-sinif-otaqlari-qizdirilsin\\\/#primaryimage\"},\"thumbnailUrl\":\"https:\\\/\\\/www.meydan.tv\\\/wp-content\\\/uploads\\\/45732.jpg\",\"articleSection\":[\"B\u00f6lg\u0259\"],\"inLanguage\":\"az\"},{\"@type\":\"WebPage\",\"@id\":\"https:\\\/\\\/www.meydan.tv\\\/az\\\/article\\\/hansi-esrde-yasayiriq-ki-odunla-sinif-otaqlari-qizdirilsin\\\/\",\"url\":\"https:\\\/\\\/www.meydan.tv\\\/az\\\/article\\\/hansi-esrde-yasayiriq-ki-odunla-sinif-otaqlari-qizdirilsin\\\/\",\"name\":\"''Hans\u0131 \u0259srd\u0259 ya\u015fay\u0131r\u0131q ki, odunla sinif otaqlar\u0131 q\u0131zd\u0131r\u0131ls\u0131n?'' - MEYDAN.TV\",\"isPartOf\":{\"@id\":\"https:\\\/\\\/www.meydan.tv\\\/az\\\/#website\"},\"primaryImageOfPage\":{\"@id\":\"https:\\\/\\\/www.meydan.tv\\\/az\\\/article\\\/hansi-esrde-yasayiriq-ki-odunla-sinif-otaqlari-qizdirilsin\\\/#primaryimage\"},\"image\":{\"@id\":\"https:\\\/\\\/www.meydan.tv\\\/az\\\/article\\\/hansi-esrde-yasayiriq-ki-odunla-sinif-otaqlari-qizdirilsin\\\/#primaryimage\"},\"thumbnailUrl\":\"https:\\\/\\\/www.meydan.tv\\\/wp-content\\\/uploads\\\/45732.jpg\",\"datePublished\":\"2018-12-26T17:23:22+00:00\",\"breadcrumb\":{\"@id\":\"https:\\\/\\\/www.meydan.tv\\\/az\\\/article\\\/hansi-esrde-yasayiriq-ki-odunla-sinif-otaqlari-qizdirilsin\\\/#breadcrumb\"},\"inLanguage\":\"az\",\"potentialAction\":[{\"@type\":\"ReadAction\",\"target\":[\"https:\\\/\\\/www.meydan.tv\\\/az\\\/article\\\/hansi-esrde-yasayiriq-ki-odunla-sinif-otaqlari-qizdirilsin\\\/\"]}]},{\"@type\":\"ImageObject\",\"inLanguage\":\"az\",\"@id\":\"https:\\\/\\\/www.meydan.tv\\\/az\\\/article\\\/hansi-esrde-yasayiriq-ki-odunla-sinif-otaqlari-qizdirilsin\\\/#primaryimage\",\"url\":\"https:\\\/\\\/www.meydan.tv\\\/wp-content\\\/uploads\\\/45732.jpg\",\"contentUrl\":\"https:\\\/\\\/www.meydan.tv\\\/wp-content\\\/uploads\\\/45732.jpg\",\"width\":960,\"height\":720,\"caption\":\"Source:\"},{\"@type\":\"BreadcrumbList\",\"@id\":\"https:\\\/\\\/www.meydan.tv\\\/az\\\/article\\\/hansi-esrde-yasayiriq-ki-odunla-sinif-otaqlari-qizdirilsin\\\/#breadcrumb\",\"itemListElement\":[{\"@type\":\"ListItem\",\"position\":1,\"name\":\"Ana s\u0259hif\u0259\",\"item\":\"https:\\\/\\\/www.meydan.tv\\\/az\\\/\"},{\"@type\":\"ListItem\",\"position\":2,\"name\":\"B\u00f6lg\u0259\",\"item\":\"https:\\\/\\\/www.meydan.tv\\\/az\\\/section\\\/bolge\\\/\"},{\"@type\":\"ListItem\",\"position\":3,\"name\":\"&#8221;Hans\u0131 \u0259srd\u0259 ya\u015fay\u0131r\u0131q ki, odunla sinif otaqlar\u0131 q\u0131zd\u0131r\u0131ls\u0131n?&#8221;\"}]},{\"@type\":\"WebSite\",\"@id\":\"https:\\\/\\\/www.meydan.tv\\\/az\\\/#website\",\"url\":\"https:\\\/\\\/www.meydan.tv\\\/az\\\/\",\"name\":\"MEYDAN.TV\",\"description\":\"Meydan TV Az\u0259rbaycan\u0131n media m\u0259kan\u0131ndak\u0131 alternativ s\u0259sidir\",\"publisher\":{\"@id\":\"https:\\\/\\\/www.meydan.tv\\\/az\\\/#organization\"},\"potentialAction\":[{\"@type\":\"SearchAction\",\"target\":{\"@type\":\"EntryPoint\",\"urlTemplate\":\"https:\\\/\\\/www.meydan.tv\\\/az\\\/?s={search_term_string}\"},\"query-input\":{\"@type\":\"PropertyValueSpecification\",\"valueRequired\":true,\"valueName\":\"search_term_string\"}}],\"inLanguage\":\"az\"},{\"@type\":\"Organization\",\"@id\":\"https:\\\/\\\/www.meydan.tv\\\/az\\\/#organization\",\"name\":\"Meydan TV\",\"url\":\"https:\\\/\\\/www.meydan.tv\\\/az\\\/\",\"logo\":{\"@type\":\"ImageObject\",\"inLanguage\":\"az\",\"@id\":\"https:\\\/\\\/www.meydan.tv\\\/az\\\/#\\\/schema\\\/logo\\\/image\\\/\",\"url\":\"https:\\\/\\\/www.meydan.tv\\\/wp-content\\\/uploads\\\/2021\\\/07\\\/meydan-logo.svg\",\"contentUrl\":\"https:\\\/\\\/www.meydan.tv\\\/wp-content\\\/uploads\\\/2021\\\/07\\\/meydan-logo.svg\",\"width\":195,\"height\":46,\"caption\":\"Meydan TV\"},\"image\":{\"@id\":\"https:\\\/\\\/www.meydan.tv\\\/az\\\/#\\\/schema\\\/logo\\\/image\\\/\"}},{\"@type\":\"Person\",\"@id\":\"https:\\\/\\\/www.meydan.tv\\\/az\\\/#\\\/schema\\\/person\\\/10d11eccf6da3662cf5fdab9806ea91a\",\"name\":\"user-manager\"}]}<\/script>\n<!-- \/ Yoast SEO plugin. -->","yoast_head_json":{"title":"''Hans\u0131 \u0259srd\u0259 ya\u015fay\u0131r\u0131q ki, odunla sinif otaqlar\u0131 q\u0131zd\u0131r\u0131ls\u0131n?'' - MEYDAN.TV","robots":{"index":"index","follow":"follow","max-snippet":"max-snippet:-1","max-image-preview":"max-image-preview:large","max-video-preview":"max-video-preview:-1"},"canonical":"https:\/\/www.meydan.tv\/az\/article\/hansi-esrde-yasayiriq-ki-odunla-sinif-otaqlari-qizdirilsin\/","og_locale":"az_AZ","og_type":"article","og_title":"''Hans\u0131 \u0259srd\u0259 ya\u015fay\u0131r\u0131q ki, odunla sinif otaqlar\u0131 q\u0131zd\u0131r\u0131ls\u0131n?'' - MEYDAN.TV","og_description":"\u00dclg\u00fcc k\u0259nd sakini: ''\u0130ndi \u015fikay\u0259t ed\u0259nin \u00f6z\u00fcn\u00fc tutub, bas\u0131rlar i\u00e7\u0259ri''","og_url":"https:\/\/www.meydan.tv\/az\/article\/hansi-esrde-yasayiriq-ki-odunla-sinif-otaqlari-qizdirilsin\/","og_site_name":"MEYDAN.TV","article_published_time":"2018-12-26T17:23:22+00:00","og_image":[{"width":960,"height":720,"url":"https:\/\/www.meydan.tv\/wp-content\/uploads\/45732.jpg","type":"image\/jpeg"}],"author":"user-manager","twitter_card":"summary_large_image","schema":{"@context":"https:\/\/schema.org","@graph":[{"@type":"Article","@id":"https:\/\/www.meydan.tv\/az\/article\/hansi-esrde-yasayiriq-ki-odunla-sinif-otaqlari-qizdirilsin\/#article","isPartOf":{"@id":"https:\/\/www.meydan.tv\/az\/article\/hansi-esrde-yasayiriq-ki-odunla-sinif-otaqlari-qizdirilsin\/"},"author":{"name":"user-manager","@id":"https:\/\/www.meydan.tv\/az\/#\/schema\/person\/10d11eccf6da3662cf5fdab9806ea91a"},"headline":"&#8221;Hans\u0131 \u0259srd\u0259 ya\u015fay\u0131r\u0131q ki, odunla sinif otaqlar\u0131 q\u0131zd\u0131r\u0131ls\u0131n?&#8221;","datePublished":"2018-12-26T17:23:22+00:00","mainEntityOfPage":{"@id":"https:\/\/www.meydan.tv\/az\/article\/hansi-esrde-yasayiriq-ki-odunla-sinif-otaqlari-qizdirilsin\/"},"wordCount":1180,"publisher":{"@id":"https:\/\/www.meydan.tv\/az\/#organization"},"image":{"@id":"https:\/\/www.meydan.tv\/az\/article\/hansi-esrde-yasayiriq-ki-odunla-sinif-otaqlari-qizdirilsin\/#primaryimage"},"thumbnailUrl":"https:\/\/www.meydan.tv\/wp-content\/uploads\/45732.jpg","articleSection":["B\u00f6lg\u0259"],"inLanguage":"az"},{"@type":"WebPage","@id":"https:\/\/www.meydan.tv\/az\/article\/hansi-esrde-yasayiriq-ki-odunla-sinif-otaqlari-qizdirilsin\/","url":"https:\/\/www.meydan.tv\/az\/article\/hansi-esrde-yasayiriq-ki-odunla-sinif-otaqlari-qizdirilsin\/","name":"''Hans\u0131 \u0259srd\u0259 ya\u015fay\u0131r\u0131q ki, odunla sinif otaqlar\u0131 q\u0131zd\u0131r\u0131ls\u0131n?'' - MEYDAN.TV","isPartOf":{"@id":"https:\/\/www.meydan.tv\/az\/#website"},"primaryImageOfPage":{"@id":"https:\/\/www.meydan.tv\/az\/article\/hansi-esrde-yasayiriq-ki-odunla-sinif-otaqlari-qizdirilsin\/#primaryimage"},"image":{"@id":"https:\/\/www.meydan.tv\/az\/article\/hansi-esrde-yasayiriq-ki-odunla-sinif-otaqlari-qizdirilsin\/#primaryimage"},"thumbnailUrl":"https:\/\/www.meydan.tv\/wp-content\/uploads\/45732.jpg","datePublished":"2018-12-26T17:23:22+00:00","breadcrumb":{"@id":"https:\/\/www.meydan.tv\/az\/article\/hansi-esrde-yasayiriq-ki-odunla-sinif-otaqlari-qizdirilsin\/#breadcrumb"},"inLanguage":"az","potentialAction":[{"@type":"ReadAction","target":["https:\/\/www.meydan.tv\/az\/article\/hansi-esrde-yasayiriq-ki-odunla-sinif-otaqlari-qizdirilsin\/"]}]},{"@type":"ImageObject","inLanguage":"az","@id":"https:\/\/www.meydan.tv\/az\/article\/hansi-esrde-yasayiriq-ki-odunla-sinif-otaqlari-qizdirilsin\/#primaryimage","url":"https:\/\/www.meydan.tv\/wp-content\/uploads\/45732.jpg","contentUrl":"https:\/\/www.meydan.tv\/wp-content\/uploads\/45732.jpg","width":960,"height":720,"caption":"Source:"},{"@type":"BreadcrumbList","@id":"https:\/\/www.meydan.tv\/az\/article\/hansi-esrde-yasayiriq-ki-odunla-sinif-otaqlari-qizdirilsin\/#breadcrumb","itemListElement":[{"@type":"ListItem","position":1,"name":"Ana s\u0259hif\u0259","item":"https:\/\/www.meydan.tv\/az\/"},{"@type":"ListItem","position":2,"name":"B\u00f6lg\u0259","item":"https:\/\/www.meydan.tv\/az\/section\/bolge\/"},{"@type":"ListItem","position":3,"name":"&#8221;Hans\u0131 \u0259srd\u0259 ya\u015fay\u0131r\u0131q ki, odunla sinif otaqlar\u0131 q\u0131zd\u0131r\u0131ls\u0131n?&#8221;"}]},{"@type":"WebSite","@id":"https:\/\/www.meydan.tv\/az\/#website","url":"https:\/\/www.meydan.tv\/az\/","name":"MEYDAN.TV","description":"Meydan TV Az\u0259rbaycan\u0131n media m\u0259kan\u0131ndak\u0131 alternativ s\u0259sidir","publisher":{"@id":"https:\/\/www.meydan.tv\/az\/#organization"},"potentialAction":[{"@type":"SearchAction","target":{"@type":"EntryPoint","urlTemplate":"https:\/\/www.meydan.tv\/az\/?s={search_term_string}"},"query-input":{"@type":"PropertyValueSpecification","valueRequired":true,"valueName":"search_term_string"}}],"inLanguage":"az"},{"@type":"Organization","@id":"https:\/\/www.meydan.tv\/az\/#organization","name":"Meydan TV","url":"https:\/\/www.meydan.tv\/az\/","logo":{"@type":"ImageObject","inLanguage":"az","@id":"https:\/\/www.meydan.tv\/az\/#\/schema\/logo\/image\/","url":"https:\/\/www.meydan.tv\/wp-content\/uploads\/2021\/07\/meydan-logo.svg","contentUrl":"https:\/\/www.meydan.tv\/wp-content\/uploads\/2021\/07\/meydan-logo.svg","width":195,"height":46,"caption":"Meydan TV"},"image":{"@id":"https:\/\/www.meydan.tv\/az\/#\/schema\/logo\/image\/"}},{"@type":"Person","@id":"https:\/\/www.meydan.tv\/az\/#\/schema\/person\/10d11eccf6da3662cf5fdab9806ea91a","name":"user-manager"}]}},"_links":{"self":[{"href":"https:\/\/www.meydan.tv\/az\/wp-json\/wp\/v2\/posts\/193201","targetHints":{"allow":["GET"]}}],"collection":[{"href":"https:\/\/www.meydan.tv\/az\/wp-json\/wp\/v2\/posts"}],"about":[{"href":"https:\/\/www.meydan.tv\/az\/wp-json\/wp\/v2\/types\/post"}],"author":[{"embeddable":true,"href":"https:\/\/www.meydan.tv\/az\/wp-json\/wp\/v2\/users\/11"}],"replies":[{"embeddable":true,"href":"https:\/\/www.meydan.tv\/az\/wp-json\/wp\/v2\/comments?post=193201"}],"version-history":[{"count":0,"href":"https:\/\/www.meydan.tv\/az\/wp-json\/wp\/v2\/posts\/193201\/revisions"}],"wp:featuredmedia":[{"embeddable":true,"href":"https:\/\/www.meydan.tv\/az\/wp-json\/wp\/v2\/media\/114763"}],"wp:attachment":[{"href":"https:\/\/www.meydan.tv\/az\/wp-json\/wp\/v2\/media?parent=193201"}],"wp:term":[{"taxonomy":"category","embeddable":true,"href":"https:\/\/www.meydan.tv\/az\/wp-json\/wp\/v2\/categories?post=193201"},{"taxonomy":"post_tag","embeddable":true,"href":"https:\/\/www.meydan.tv\/az\/wp-json\/wp\/v2\/tags?post=193201"}],"curies":[{"name":"wp","href":"https:\/\/api.w.org\/{rel}","templated":true}]}}