{"id":193195,"date":"2018-12-26T12:40:21","date_gmt":"2018-12-26T12:40:21","guid":{"rendered":"https:\/\/www.meydan.tv\/article\/vergi-xeberciliyi-tetbiq-oluna-biler-yenilenib\/"},"modified":"2018-12-26T12:40:21","modified_gmt":"2018-12-26T12:40:21","slug":"vergi-xeberciliyi-tetbiq-oluna-biler-yenilenib","status":"publish","type":"post","link":"https:\/\/www.meydan.tv\/az\/article\/vergi-xeberciliyi-tetbiq-oluna-biler-yenilenib\/","title":{"rendered":"&#8221;Vergi x\u0259b\u0259r\u00e7iliyi&#8221; t\u0259tbiq oluna bil\u0259r (yenil\u0259nib)"},"content":{"rendered":"<figure class=\"wp-block-image size-large\">\n  <img decoding=\"async\" src=\"https:\/\/www.meydan.tv\/az\/samira-musayeva\/\" alt=\"Samira Musayeva\" class=\"wp-image-114501\"\/><figcaption>\n    Samira Musayeva<br \/>\n  <\/figcaption><\/figure>\n<figure class=\"wp-block-image size-large\">\n  <img decoding=\"async\" src=\"https:\/\/www.meydan.tv\/az\/samira-musayeva\/\" alt=\"Samira Musayeva\" class=\"wp-image-114501\"\/><figcaption>\n    Samira Musayeva<br \/>\n  <\/figcaption><\/figure>\n<p>\n  <i><br \/>\n    ***<br \/>\n  <\/i>\n<\/p>\n<p>\n  <i><br \/>\n    \u201cN\u0259 m\u00f6vcud qanunvericiliy\u0259 d\u0259yi\u015fiklikl\u0259rd\u0259, n\u0259 d\u0259 yax\u0131n perspektivd\u0259 vergid\u0259n yay\u0131nmaya dair m\u0259lumatlar\u0131n verilm\u0259si zaman\u0131 m\u00fckafatland\u0131rma mexanizmi n\u0259z\u0259rd\u0259 tutulmur\u201d.<br \/>\n  <\/i>\n<\/p>\n<p>\n  <i><br \/>\n    Bunu Vergil\u0259r Nazirliyinin Media v\u0259 Kommunikasiya M\u0259rk\u0259zind\u0259n<br \/>\n    <a href=\"http:\/\/modern.az\/az\/news\/187536#gsc.tab=0\"><br \/>\n      \u201cModern.az\u201d<br \/>\n    <\/a><br \/>\n    -a bildiribl\u0259r.<br \/>\n  <\/i>\n<\/p>\n<p>\n  <i><br \/>\n    \u201cDekabr\u0131n 25-d\u0259 Vergil\u0259r Nazirliyind\u0259 ke\u00e7iril\u0259n Vergi M\u0259c\u0259ll\u0259sind\u0259 d\u0259yi\u015fiklikl\u0259rl\u0259 ba\u011fl\u0131 m\u0259tbuat konfrans\u0131nda media n\u00fcmay\u0259nd\u0259l\u0259ri t\u0259r\u0259find\u0259n mexanizminin olub-olmamas\u0131 bar\u0259d\u0259 sual \u00fcnvanlan\u0131b. Sual cavabland\u0131r\u0131lark\u0259n, Vergil\u0259r Nazirliyinin r\u0259hb\u0259r v\u0259zif\u0259li \u015f\u0259xsl\u0259ri t\u0259r\u0259find\u0259n veril\u0259n cavabda bel\u0259 bir mexanizmin olmad\u0131\u011f\u0131, bununla ba\u011fl\u0131 b\u0259zi \u00f6lk\u0259l\u0259rd\u0259 beyn\u0259lxalq t\u0259cr\u00fcb\u0259nin (\u201cWhistleblow\u201d mexanizmi) m\u00f6vcud oldu\u011fu v\u0259 bunun dig\u0259r t\u0259cr\u00fcb\u0259l\u0259r kimi g\u0259l\u0259c\u0259kd\u0259 n\u0259z\u0259rd\u0259n ke\u00e7irilm\u0259sinin m\u00fcmk\u00fcnl\u00fcy\u00fc qeyd edilib\u201d, m\u0259rk\u0259zd\u0259n bildirilib.<br \/>\n  <\/i>\n<\/p>\n<p>\n  ***\n<\/p>\n<p>\n  <i><br \/>\n    \u0130qtisad\u00e7\u0131: &#8221;\u0130\u015f adamlar\u0131 Vergil\u0259r Nazirliyinin onlar\u0131 dostu oldu\u011funa inanmal\u0131d\u0131r&#8221;<br \/>\n  <\/i>\n<\/p>\n<p>\n  Vergil\u0259r Nazirliyi vergid\u0259n yay\u0131nanlar\u0131n qar\u015f\u0131s\u0131n\u0131 almaq \u00fc\u00e7\u00fcn yeni mexanizm t\u0259tbiq ed\u0259c\u0259k.\n<\/p>\n<p>\n  Nazirliyin Vergi Siyas\u0259ti Departamentinin ba\u015f direktoru Samir\u0259 Musayeva bildirib ki, qanunvericilikd\u0259 vergid\u0259n yay\u0131nman\u0131n qar\u015f\u0131s\u0131n\u0131n al\u0131nmas\u0131 il\u0259 ba\u011fl\u0131 &#8220;vergi x\u0259b\u0259r\u00e7iliyi&#8221; n\u0259z\u0259rd\u0259 tutulub.\n<\/p>\n<p>\n  Samir\u0259 Musayeva haz\u0131rda bununla ba\u011fl\u0131 m\u00fckafatland\u0131rma mexanizml\u0259ri olmad\u0131\u011f\u0131n\u0131 des\u0259 d\u0259, g\u0259l\u0259c\u0259kd\u0259 t\u0259tbiq olunaca\u011f\u0131n\u0131 istisna etm\u0259yib:\n<\/p>\n<p>\n  &#8220;\u018fg\u0259r vergi yay\u0131nmas\u0131 il\u0259 ba\u011fl\u0131 m\u0259lumat daxil olarsa, d\u0259rhal yerind\u0259 yoxlamalar apar\u0131l\u0131r. Amma m\u00fckafatland\u0131r\u0131lma mexanizmi yoxdur. Bu sah\u0259 bizd\u0259 yeni oldu\u011fu \u00fc\u00e7\u00fcn d\u00fc\u015f\u00fcn\u00fcr\u0259m ki, g\u0259l\u0259c\u0259kd\u0259 bu m\u0259s\u0259l\u0259 h\u0259llini tapa bil\u0259r&#8221;.\n<\/p>\n<p>\n  H\u00fcquq\u015f\u00fcnas \u018fnna\u011f\u0131 Hac\u0131b\u0259yli Meydan TV-y\u0259 deyib ki, Az\u0259rbaycanda vergid\u0259n oliqarxlara m\u0259xsus iri \u015firk\u0259tl\u0259r yay\u0131n\u0131r. Ona g\u00f6r\u0259 d\u0259 bu m\u0259s\u0259l\u0259d\u0259 x\u0259b\u0259r verm\u0259y\u0259 ehtiyac yoxdur. \u018fg\u0259r b\u00fct\u00fcn m\u00fc\u0259ssis\u0259l\u0259r Vergil\u0259r Nazirliyind\u0259 h\u00fcquqi \u015f\u0259xs olaraq qeydiyyata al\u0131n\u0131bsa, onlar\u0131n m\u0259lumatlar\u0131 nazirliy\u0259 b\u0259llidirs\u0259, o zaman ara\u015fd\u0131rma apar\u0131b vergiy\u0259 c\u0259lb etsinl\u0259r:\n<\/p>\n<p>\n  \u201cVergi orqanlar\u0131 hans\u0131 \u015firk\u0259tl\u0259rin, m\u00fc\u0259ssis\u0259l\u0259rin vergid\u0259n yay\u0131nd\u0131\u011f\u0131n\u0131 yax\u015f\u0131 bilirl\u0259r. Ona g\u00f6r\u0259 d\u0259 vergi qanunvericiliyinin ham\u0131ya t\u0259tbiq edilm\u0259si vacibdir. \u018fg\u0259r onlar olmayacaqsa, bel\u0259 x\u0259b\u0259rdarl\u0131q, yaxud ba\u015fqa formal sisteml\u0259r he\u00e7 bir n\u0259tic\u0259 verm\u0259y\u0259c\u0259k. Bu m\u0259nada qanunvericiliy\u0259 bu m\u00fcdd\u0259an\u0131n daxil edilm\u0259sinin m\u0259nas\u0131 v\u0259 effekti \u015f\u00fcbh\u0259lidir\u201d.\n<\/p>\n<figure class=\"wp-block-image size-large\">\n  <img decoding=\"async\" src=\"https:\/\/www.meydan.tv\/az\/ennagi-hacibeyli-2\/\" alt=\"\u018fnna\u011f\u0131 Hac\u0131b\u0259yli\" class=\"wp-image-111641\"\/><figcaption>\n    \u018fnna\u011f\u0131 Hac\u0131b\u0259yli<br \/>\n  <\/figcaption><\/figure>\n<p>\n  \u018f.Hac\u0131b\u0259yli xat\u0131rlad\u0131b ki, vergid\u0259n yay\u0131nanlar haqda x\u0259b\u0259r ver\u0259nl\u0259rin m\u00fckafatland\u0131r\u0131laca\u011f\u0131 qeyd olunsa da, bunun mexanizminin olmad\u0131\u011f\u0131 etiraf olunur. Ard\u0131nca xan\u0131m Musayeva \u0259lav\u0259 edir ki, g\u0259l\u0259c\u0259kd\u0259 bu mexanizmin yarad\u0131la bil\u0259r.\n<\/p>\n<p>\n  H\u00fcquq\u015f\u00fcnas bildirib ki, demokratik \u00f6lk\u0259l\u0259rd\u0259 bel\u0259 bir mexanizm olmas\u0131 bar\u0259d\u0259 m\u0259lumats\u0131zd\u0131r:\n<\/p>\n<p>\n  \u201cH\u0259tta demokratik \u00f6lk\u0259l\u0259rd\u0259 bu mexanizm varsa da, bu, kimliyind\u0259n as\u0131l\u0131 olmayaraq b\u00fct\u00fcn vergi \u00f6d\u0259yicil\u0259rin\u0259 aiddir. Amma Az\u0259rbaycanda bu mexanizmin vergid\u0259n yay\u0131nlar\u0131n ham\u0131s\u0131na t\u0259tbiq olunaca\u011f\u0131na t\u0259minat yoxdur\u201d.\n<\/p>\n<p>\n  \u0130qtisad\u00e7\u0131 Natiq C\u0259f\u0259rli Amerika v\u0259 Avropa Birliyi \u00f6lk\u0259l\u0259rind\u0259 ox\u015far mexanizmin oldu\u011funu bildirib.\n<\/p>\n<p>\n  Amma iqtisad\u00e7\u0131 bunun t\u0259tbiqinin qaydalar\u0131 oldu\u011funu xat\u0131rlad\u0131b:\n<\/p>\n<p>\n  \u201c\u018fg\u0259r h\u0259r hans\u0131 \u015firk\u0259t, yaxud fiziki \u015f\u0259xsin vergil\u0259rl\u0259 ba\u011fl\u0131 problemi ya\u015fan\u0131rsa, vergi departamentin\u0259 m\u0259lumat verir v\u0259 n\u0259tic\u0259d\u0259 onun vergi hesablamalar\u0131nda m\u00fc\u0259yy\u0259n g\u00fcz\u0259\u015ftl\u0259r olur. M\u0259s\u0259l\u0259n, xarici \u00f6lk\u0259l\u0259rd\u0259 Vergil\u0259r Nazirliyi, h\u00fcquq-m\u00fchafiz\u0259 orqanlar\u0131 m\u0259tbuatda d\u0259rc olunan m\u0259lumatlar v\u0259 ara\u015fd\u0131rmalara reaksiya verir. Az\u0259rbaycan medias\u0131 indiy\u0259 q\u0259d\u0259r of\u015for v\u0259 yerli \u015firk\u0259tl\u0259rin vergid\u0259n yay\u0131nmalarla \u0259laq\u0259dar onlarla m\u0259qal\u0259 yay\u0131b. Amma m\u00fcvafiq orqanlar he\u00e7 bir add\u0131m atmay\u0131blar. Ona g\u00f6r\u0259 bu qaydalar\u0131n Az\u0259rbaycanda i\u015fl\u0259m\u0259si mexanizmi qaranl\u0131q g\u00f6r\u00fcn\u00fcr. \u0130nanm\u0131ram ki, qaydalar t\u0259tbiq olunsa, i\u015fl\u0259y\u0259 bil\u0259r. Burda yerli x\u00fcsusiyy\u0259tl\u0259ri d\u0259 n\u0259z\u0259r\u0259 almaq laz\u0131md\u0131r, Az\u0259rbaycanda x\u0259b\u0259r\u00e7ilik kimi m\u0259s\u0259l\u0259l\u0259r\u0259 o q\u0259d\u0259r d\u0259 yax\u015f\u0131 bax\u0131lm\u0131r. Yaln\u0131z d\u00f6vl\u0259tl\u0259 v\u0259t\u0259nda\u015f aras\u0131nda g\u00fcv\u0259n olan \u00f6lk\u0259l\u0259rd\u0259 bu mexanizm i\u015fl\u0259yir. Az\u0259rbaycanda is\u0259 d\u00f6vl\u0259tl\u0259 v\u0259t\u0259nda\u015f aras\u0131nda g\u00fcv\u0259n ba\u011f\u0131 yoxdur. D\u00f6vl\u0259t v\u0259t\u0259nda\u015f\u0131n s\u0259sin\u0259 v\u0259 vergisin\u0259 ehtiyac\u0131n\u0131n olmad\u0131\u011f\u0131n\u0131 h\u0259r d\u0259f\u0259 b\u00fcruz\u0259 verir, n\u0259tic\u0259d\u0259 v\u0259t\u0259nda\u015f da d\u00f6vl\u0259t\u0259 g\u00fcv\u0259nmir\u201d.\n<\/p>\n<figure class=\"wp-block-image size-large\">\n  <img decoding=\"async\" src=\"https:\/\/www.meydan.tv\/az\/natiq-ceferli-9\/\" alt=\"Natiq C\u0259f\u0259rli\" class=\"wp-image-114039\"\/><figcaption>\n    Natiq C\u0259f\u0259rli<br \/>\n  <\/figcaption><\/figure>\n<p>\n  Natiq C\u0259f\u0259rli bu mexanizmin t\u0259tbiq edil\u0259c\u0259yi t\u0259qdird\u0259 neqativ t\u0259r\u0259fl\u0259rinin olaca\u011f\u0131n\u0131 d\u00fc\u015f\u00fcn\u00fcr:\n<\/p>\n<p>\n  \u201cBir-biri il\u0259 r\u0259qab\u0259t aparan \u015firk\u0259tl\u0259r mane olmaq \u00fc\u00e7\u00fcn yalan, yoxlan\u0131lmayan m\u0259lumatlar\u0131 m\u00fcvafiq nazirliy\u0259 \u00f6t\u00fcrm\u0259kl\u0259 r\u0259qibl\u0259rin\u0259 problem yarada bil\u0259rl\u0259r. Ona g\u00f6r\u0259 v\u0259t\u0259nda\u015flarla d\u00f6vl\u0259t, vergi \u00f6d\u0259yicil\u0259ri il\u0259 vergi orqanlar\u0131 aras\u0131nda bir orqanik ba\u011f olmal\u0131d\u0131r, i\u015f adamlar\u0131 Vergil\u0259r Nazirliyinin onlar\u0131 dostu oldu\u011funa inanmal\u0131d\u0131r. \u018fks t\u0259qdird\u0259, bu c\u00fcr mexanizml\u0259r i\u015fl\u0259m\u0259y\u0259c\u0259k\u201d.\n<\/p>\n<p>\n  \u0130qtisad\u00e7\u0131 deyir ki, Almaniya v\u0259 Skandinaviya \u00f6lk\u0259l\u0259rind\u0259 v\u0259t\u0259nda\u015fla d\u00f6vl\u0259t aras\u0131nda birba\u015fa g\u00fcv\u0259n oldu\u011fu \u00fc\u00e7\u00fcn mexanizm i\u015fl\u0259yir. V\u0259t\u0259nda\u015f \u00f6d\u0259diyi verginin ona xidm\u0259t \u00fc\u00e7\u00fcn x\u0259rcl\u0259ndiyin\u0259 inan\u0131r. Kims\u0259 vergid\u0259n yay\u0131n\u0131rsa, g\u00f6st\u0259ril\u0259c\u0259k xidm\u0259tin h\u0259cmini v\u0259 keyfiyy\u0259tini a\u015fa\u011f\u0131 sal\u0131r. Ona g\u00f6r\u0259 bel\u0259 m\u0259nz\u0259r\u0259 il\u0259 qar\u015f\u0131la\u015fanda m\u00fcvafiq orqanlarla m\u0259lumat verir.<\/p>\n","protected":false},"excerpt":{"rendered":"<p>\u0130qtisad\u00e7\u0131: &#8221;\u0130\u015f adamlar\u0131 Vergil\u0259r Nazirliyinin onlar\u0131 dostu oldu\u011funa inanmal\u0131d\u0131r&#8221;<\/p>\n","protected":false},"author":11,"featured_media":114501,"comment_status":"closed","ping_status":"open","sticky":false,"template":"","format":"standard","meta":{"_acf_changed":false,"_sitemap_exclude":false,"_sitemap_priority":"","_sitemap_frequency":"","footnotes":""},"categories":[51],"tags":[],"class_list":["post-193195","post","type-post","status-publish","format-standard","has-post-thumbnail","hentry","category-analitika","infinite-scroll-item","generate-columns","tablet-grid-50","mobile-grid-100","grid-parent","grid-33","no-featured-image-padding"],"acf":[],"yoast_head":"<!-- This site is optimized with the Yoast SEO plugin v27.4 - https:\/\/yoast.com\/product\/yoast-seo-wordpress\/ -->\n<title>&#039;&#039;Vergi x\u0259b\u0259r\u00e7iliyi&#039;&#039; t\u0259tbiq oluna bil\u0259r (yenil\u0259nib) - MEYDAN.TV<\/title>\n<meta name=\"robots\" content=\"index, follow, max-snippet:-1, max-image-preview:large, max-video-preview:-1\" \/>\n<link rel=\"canonical\" href=\"https:\/\/www.meydan.tv\/az\/article\/vergi-xeberciliyi-tetbiq-oluna-biler-yenilenib\/\" \/>\n<meta property=\"og:locale\" content=\"az_AZ\" \/>\n<meta property=\"og:type\" content=\"article\" \/>\n<meta property=\"og:title\" content=\"&#039;&#039;Vergi x\u0259b\u0259r\u00e7iliyi&#039;&#039; t\u0259tbiq oluna bil\u0259r (yenil\u0259nib) - MEYDAN.TV\" \/>\n<meta property=\"og:description\" content=\"\u0130qtisad\u00e7\u0131: &#039;&#039;\u0130\u015f adamlar\u0131 Vergil\u0259r Nazirliyinin onlar\u0131 dostu oldu\u011funa inanmal\u0131d\u0131r&#039;&#039;\" \/>\n<meta property=\"og:url\" content=\"https:\/\/www.meydan.tv\/az\/article\/vergi-xeberciliyi-tetbiq-oluna-biler-yenilenib\/\" \/>\n<meta property=\"og:site_name\" content=\"MEYDAN.TV\" \/>\n<meta property=\"article:published_time\" content=\"2018-12-26T12:40:21+00:00\" \/>\n<meta property=\"og:image\" content=\"https:\/\/www.meydan.tv\/wp-content\/uploads\/45725.jpg\" \/>\n\t<meta property=\"og:image:width\" content=\"600\" \/>\n\t<meta property=\"og:image:height\" content=\"400\" \/>\n\t<meta property=\"og:image:type\" content=\"image\/jpeg\" \/>\n<meta name=\"author\" content=\"user-manager\" \/>\n<meta name=\"twitter:card\" content=\"summary_large_image\" \/>\n<script type=\"application\/ld+json\" class=\"yoast-schema-graph\">{\"@context\":\"https:\\\/\\\/schema.org\",\"@graph\":[{\"@type\":\"Article\",\"@id\":\"https:\\\/\\\/www.meydan.tv\\\/az\\\/article\\\/vergi-xeberciliyi-tetbiq-oluna-biler-yenilenib\\\/#article\",\"isPartOf\":{\"@id\":\"https:\\\/\\\/www.meydan.tv\\\/az\\\/article\\\/vergi-xeberciliyi-tetbiq-oluna-biler-yenilenib\\\/\"},\"author\":{\"name\":\"user-manager\",\"@id\":\"https:\\\/\\\/www.meydan.tv\\\/az\\\/#\\\/schema\\\/person\\\/10d11eccf6da3662cf5fdab9806ea91a\"},\"headline\":\"&#8221;Vergi x\u0259b\u0259r\u00e7iliyi&#8221; t\u0259tbiq oluna bil\u0259r (yenil\u0259nib)\",\"datePublished\":\"2018-12-26T12:40:21+00:00\",\"mainEntityOfPage\":{\"@id\":\"https:\\\/\\\/www.meydan.tv\\\/az\\\/article\\\/vergi-xeberciliyi-tetbiq-oluna-biler-yenilenib\\\/\"},\"wordCount\":1060,\"publisher\":{\"@id\":\"https:\\\/\\\/www.meydan.tv\\\/az\\\/#organization\"},\"image\":{\"@id\":\"https:\\\/\\\/www.meydan.tv\\\/az\\\/article\\\/vergi-xeberciliyi-tetbiq-oluna-biler-yenilenib\\\/#primaryimage\"},\"thumbnailUrl\":\"https:\\\/\\\/www.meydan.tv\\\/wp-content\\\/uploads\\\/45725.jpg\",\"articleSection\":[\"Analitika\"],\"inLanguage\":\"az\"},{\"@type\":\"WebPage\",\"@id\":\"https:\\\/\\\/www.meydan.tv\\\/az\\\/article\\\/vergi-xeberciliyi-tetbiq-oluna-biler-yenilenib\\\/\",\"url\":\"https:\\\/\\\/www.meydan.tv\\\/az\\\/article\\\/vergi-xeberciliyi-tetbiq-oluna-biler-yenilenib\\\/\",\"name\":\"''Vergi x\u0259b\u0259r\u00e7iliyi'' t\u0259tbiq oluna bil\u0259r (yenil\u0259nib) - MEYDAN.TV\",\"isPartOf\":{\"@id\":\"https:\\\/\\\/www.meydan.tv\\\/az\\\/#website\"},\"primaryImageOfPage\":{\"@id\":\"https:\\\/\\\/www.meydan.tv\\\/az\\\/article\\\/vergi-xeberciliyi-tetbiq-oluna-biler-yenilenib\\\/#primaryimage\"},\"image\":{\"@id\":\"https:\\\/\\\/www.meydan.tv\\\/az\\\/article\\\/vergi-xeberciliyi-tetbiq-oluna-biler-yenilenib\\\/#primaryimage\"},\"thumbnailUrl\":\"https:\\\/\\\/www.meydan.tv\\\/wp-content\\\/uploads\\\/45725.jpg\",\"datePublished\":\"2018-12-26T12:40:21+00:00\",\"breadcrumb\":{\"@id\":\"https:\\\/\\\/www.meydan.tv\\\/az\\\/article\\\/vergi-xeberciliyi-tetbiq-oluna-biler-yenilenib\\\/#breadcrumb\"},\"inLanguage\":\"az\",\"potentialAction\":[{\"@type\":\"ReadAction\",\"target\":[\"https:\\\/\\\/www.meydan.tv\\\/az\\\/article\\\/vergi-xeberciliyi-tetbiq-oluna-biler-yenilenib\\\/\"]}]},{\"@type\":\"ImageObject\",\"inLanguage\":\"az\",\"@id\":\"https:\\\/\\\/www.meydan.tv\\\/az\\\/article\\\/vergi-xeberciliyi-tetbiq-oluna-biler-yenilenib\\\/#primaryimage\",\"url\":\"https:\\\/\\\/www.meydan.tv\\\/wp-content\\\/uploads\\\/45725.jpg\",\"contentUrl\":\"https:\\\/\\\/www.meydan.tv\\\/wp-content\\\/uploads\\\/45725.jpg\",\"width\":600,\"height\":400,\"caption\":\"Source:\"},{\"@type\":\"BreadcrumbList\",\"@id\":\"https:\\\/\\\/www.meydan.tv\\\/az\\\/article\\\/vergi-xeberciliyi-tetbiq-oluna-biler-yenilenib\\\/#breadcrumb\",\"itemListElement\":[{\"@type\":\"ListItem\",\"position\":1,\"name\":\"Ana s\u0259hif\u0259\",\"item\":\"https:\\\/\\\/www.meydan.tv\\\/az\\\/\"},{\"@type\":\"ListItem\",\"position\":2,\"name\":\"Analitika\",\"item\":\"https:\\\/\\\/www.meydan.tv\\\/az\\\/section\\\/analitika\\\/\"},{\"@type\":\"ListItem\",\"position\":3,\"name\":\"&#8221;Vergi x\u0259b\u0259r\u00e7iliyi&#8221; t\u0259tbiq oluna bil\u0259r (yenil\u0259nib)\"}]},{\"@type\":\"WebSite\",\"@id\":\"https:\\\/\\\/www.meydan.tv\\\/az\\\/#website\",\"url\":\"https:\\\/\\\/www.meydan.tv\\\/az\\\/\",\"name\":\"MEYDAN.TV\",\"description\":\"Meydan TV Az\u0259rbaycan\u0131n media m\u0259kan\u0131ndak\u0131 alternativ s\u0259sidir\",\"publisher\":{\"@id\":\"https:\\\/\\\/www.meydan.tv\\\/az\\\/#organization\"},\"potentialAction\":[{\"@type\":\"SearchAction\",\"target\":{\"@type\":\"EntryPoint\",\"urlTemplate\":\"https:\\\/\\\/www.meydan.tv\\\/az\\\/?s={search_term_string}\"},\"query-input\":{\"@type\":\"PropertyValueSpecification\",\"valueRequired\":true,\"valueName\":\"search_term_string\"}}],\"inLanguage\":\"az\"},{\"@type\":\"Organization\",\"@id\":\"https:\\\/\\\/www.meydan.tv\\\/az\\\/#organization\",\"name\":\"Meydan TV\",\"url\":\"https:\\\/\\\/www.meydan.tv\\\/az\\\/\",\"logo\":{\"@type\":\"ImageObject\",\"inLanguage\":\"az\",\"@id\":\"https:\\\/\\\/www.meydan.tv\\\/az\\\/#\\\/schema\\\/logo\\\/image\\\/\",\"url\":\"https:\\\/\\\/www.meydan.tv\\\/wp-content\\\/uploads\\\/2021\\\/07\\\/meydan-logo.svg\",\"contentUrl\":\"https:\\\/\\\/www.meydan.tv\\\/wp-content\\\/uploads\\\/2021\\\/07\\\/meydan-logo.svg\",\"width\":195,\"height\":46,\"caption\":\"Meydan TV\"},\"image\":{\"@id\":\"https:\\\/\\\/www.meydan.tv\\\/az\\\/#\\\/schema\\\/logo\\\/image\\\/\"}},{\"@type\":\"Person\",\"@id\":\"https:\\\/\\\/www.meydan.tv\\\/az\\\/#\\\/schema\\\/person\\\/10d11eccf6da3662cf5fdab9806ea91a\",\"name\":\"user-manager\"}]}<\/script>\n<!-- \/ Yoast SEO plugin. -->","yoast_head_json":{"title":"''Vergi x\u0259b\u0259r\u00e7iliyi'' t\u0259tbiq oluna bil\u0259r (yenil\u0259nib) - MEYDAN.TV","robots":{"index":"index","follow":"follow","max-snippet":"max-snippet:-1","max-image-preview":"max-image-preview:large","max-video-preview":"max-video-preview:-1"},"canonical":"https:\/\/www.meydan.tv\/az\/article\/vergi-xeberciliyi-tetbiq-oluna-biler-yenilenib\/","og_locale":"az_AZ","og_type":"article","og_title":"''Vergi x\u0259b\u0259r\u00e7iliyi'' t\u0259tbiq oluna bil\u0259r (yenil\u0259nib) - MEYDAN.TV","og_description":"\u0130qtisad\u00e7\u0131: ''\u0130\u015f adamlar\u0131 Vergil\u0259r Nazirliyinin onlar\u0131 dostu oldu\u011funa inanmal\u0131d\u0131r''","og_url":"https:\/\/www.meydan.tv\/az\/article\/vergi-xeberciliyi-tetbiq-oluna-biler-yenilenib\/","og_site_name":"MEYDAN.TV","article_published_time":"2018-12-26T12:40:21+00:00","og_image":[{"width":600,"height":400,"url":"https:\/\/www.meydan.tv\/wp-content\/uploads\/45725.jpg","type":"image\/jpeg"}],"author":"user-manager","twitter_card":"summary_large_image","schema":{"@context":"https:\/\/schema.org","@graph":[{"@type":"Article","@id":"https:\/\/www.meydan.tv\/az\/article\/vergi-xeberciliyi-tetbiq-oluna-biler-yenilenib\/#article","isPartOf":{"@id":"https:\/\/www.meydan.tv\/az\/article\/vergi-xeberciliyi-tetbiq-oluna-biler-yenilenib\/"},"author":{"name":"user-manager","@id":"https:\/\/www.meydan.tv\/az\/#\/schema\/person\/10d11eccf6da3662cf5fdab9806ea91a"},"headline":"&#8221;Vergi x\u0259b\u0259r\u00e7iliyi&#8221; t\u0259tbiq oluna bil\u0259r (yenil\u0259nib)","datePublished":"2018-12-26T12:40:21+00:00","mainEntityOfPage":{"@id":"https:\/\/www.meydan.tv\/az\/article\/vergi-xeberciliyi-tetbiq-oluna-biler-yenilenib\/"},"wordCount":1060,"publisher":{"@id":"https:\/\/www.meydan.tv\/az\/#organization"},"image":{"@id":"https:\/\/www.meydan.tv\/az\/article\/vergi-xeberciliyi-tetbiq-oluna-biler-yenilenib\/#primaryimage"},"thumbnailUrl":"https:\/\/www.meydan.tv\/wp-content\/uploads\/45725.jpg","articleSection":["Analitika"],"inLanguage":"az"},{"@type":"WebPage","@id":"https:\/\/www.meydan.tv\/az\/article\/vergi-xeberciliyi-tetbiq-oluna-biler-yenilenib\/","url":"https:\/\/www.meydan.tv\/az\/article\/vergi-xeberciliyi-tetbiq-oluna-biler-yenilenib\/","name":"''Vergi x\u0259b\u0259r\u00e7iliyi'' t\u0259tbiq oluna bil\u0259r (yenil\u0259nib) - MEYDAN.TV","isPartOf":{"@id":"https:\/\/www.meydan.tv\/az\/#website"},"primaryImageOfPage":{"@id":"https:\/\/www.meydan.tv\/az\/article\/vergi-xeberciliyi-tetbiq-oluna-biler-yenilenib\/#primaryimage"},"image":{"@id":"https:\/\/www.meydan.tv\/az\/article\/vergi-xeberciliyi-tetbiq-oluna-biler-yenilenib\/#primaryimage"},"thumbnailUrl":"https:\/\/www.meydan.tv\/wp-content\/uploads\/45725.jpg","datePublished":"2018-12-26T12:40:21+00:00","breadcrumb":{"@id":"https:\/\/www.meydan.tv\/az\/article\/vergi-xeberciliyi-tetbiq-oluna-biler-yenilenib\/#breadcrumb"},"inLanguage":"az","potentialAction":[{"@type":"ReadAction","target":["https:\/\/www.meydan.tv\/az\/article\/vergi-xeberciliyi-tetbiq-oluna-biler-yenilenib\/"]}]},{"@type":"ImageObject","inLanguage":"az","@id":"https:\/\/www.meydan.tv\/az\/article\/vergi-xeberciliyi-tetbiq-oluna-biler-yenilenib\/#primaryimage","url":"https:\/\/www.meydan.tv\/wp-content\/uploads\/45725.jpg","contentUrl":"https:\/\/www.meydan.tv\/wp-content\/uploads\/45725.jpg","width":600,"height":400,"caption":"Source:"},{"@type":"BreadcrumbList","@id":"https:\/\/www.meydan.tv\/az\/article\/vergi-xeberciliyi-tetbiq-oluna-biler-yenilenib\/#breadcrumb","itemListElement":[{"@type":"ListItem","position":1,"name":"Ana s\u0259hif\u0259","item":"https:\/\/www.meydan.tv\/az\/"},{"@type":"ListItem","position":2,"name":"Analitika","item":"https:\/\/www.meydan.tv\/az\/section\/analitika\/"},{"@type":"ListItem","position":3,"name":"&#8221;Vergi x\u0259b\u0259r\u00e7iliyi&#8221; t\u0259tbiq oluna bil\u0259r (yenil\u0259nib)"}]},{"@type":"WebSite","@id":"https:\/\/www.meydan.tv\/az\/#website","url":"https:\/\/www.meydan.tv\/az\/","name":"MEYDAN.TV","description":"Meydan TV Az\u0259rbaycan\u0131n media m\u0259kan\u0131ndak\u0131 alternativ s\u0259sidir","publisher":{"@id":"https:\/\/www.meydan.tv\/az\/#organization"},"potentialAction":[{"@type":"SearchAction","target":{"@type":"EntryPoint","urlTemplate":"https:\/\/www.meydan.tv\/az\/?s={search_term_string}"},"query-input":{"@type":"PropertyValueSpecification","valueRequired":true,"valueName":"search_term_string"}}],"inLanguage":"az"},{"@type":"Organization","@id":"https:\/\/www.meydan.tv\/az\/#organization","name":"Meydan TV","url":"https:\/\/www.meydan.tv\/az\/","logo":{"@type":"ImageObject","inLanguage":"az","@id":"https:\/\/www.meydan.tv\/az\/#\/schema\/logo\/image\/","url":"https:\/\/www.meydan.tv\/wp-content\/uploads\/2021\/07\/meydan-logo.svg","contentUrl":"https:\/\/www.meydan.tv\/wp-content\/uploads\/2021\/07\/meydan-logo.svg","width":195,"height":46,"caption":"Meydan TV"},"image":{"@id":"https:\/\/www.meydan.tv\/az\/#\/schema\/logo\/image\/"}},{"@type":"Person","@id":"https:\/\/www.meydan.tv\/az\/#\/schema\/person\/10d11eccf6da3662cf5fdab9806ea91a","name":"user-manager"}]}},"_links":{"self":[{"href":"https:\/\/www.meydan.tv\/az\/wp-json\/wp\/v2\/posts\/193195","targetHints":{"allow":["GET"]}}],"collection":[{"href":"https:\/\/www.meydan.tv\/az\/wp-json\/wp\/v2\/posts"}],"about":[{"href":"https:\/\/www.meydan.tv\/az\/wp-json\/wp\/v2\/types\/post"}],"author":[{"embeddable":true,"href":"https:\/\/www.meydan.tv\/az\/wp-json\/wp\/v2\/users\/11"}],"replies":[{"embeddable":true,"href":"https:\/\/www.meydan.tv\/az\/wp-json\/wp\/v2\/comments?post=193195"}],"version-history":[{"count":0,"href":"https:\/\/www.meydan.tv\/az\/wp-json\/wp\/v2\/posts\/193195\/revisions"}],"wp:featuredmedia":[{"embeddable":true,"href":"https:\/\/www.meydan.tv\/az\/wp-json\/wp\/v2\/media\/114501"}],"wp:attachment":[{"href":"https:\/\/www.meydan.tv\/az\/wp-json\/wp\/v2\/media?parent=193195"}],"wp:term":[{"taxonomy":"category","embeddable":true,"href":"https:\/\/www.meydan.tv\/az\/wp-json\/wp\/v2\/categories?post=193195"},{"taxonomy":"post_tag","embeddable":true,"href":"https:\/\/www.meydan.tv\/az\/wp-json\/wp\/v2\/tags?post=193195"}],"curies":[{"name":"wp","href":"https:\/\/api.w.org\/{rel}","templated":true}]}}