{"id":193183,"date":"2018-12-25T17:07:46","date_gmt":"2018-12-25T17:07:46","guid":{"rendered":"https:\/\/www.meydan.tv\/article\/tovuz-sakini-odeye-bilmirem-vurub-oldursunler-meni\/"},"modified":"2018-12-25T17:07:46","modified_gmt":"2018-12-25T17:07:46","slug":"tovuz-sakini-odeye-bilmirem-vurub-oldursunler-meni","status":"publish","type":"post","link":"https:\/\/www.meydan.tv\/az\/article\/tovuz-sakini-odeye-bilmirem-vurub-oldursunler-meni\/","title":{"rendered":"Tovuz sakini: \u00d6d\u0259y\u0259 bilmir\u0259m, vurub \u00f6ld\u00fcrs\u00fcnl\u0259r m\u0259ni"},"content":{"rendered":"<figure class=\"wp-block-image size-large\">\n  <img decoding=\"async\" src=\"https:\/\/www.meydan.tv\/az\/114711\/\" alt=\"\" class=\"wp-image-114711\"\/><figcaption><\/figcaption><\/figure>\n<p>\n  <i><br \/>\n    &#8221;Bu g\u00fcn-sabah o\u011flumu \u0259sg\u0259r aparacaqlar, pul tap\u0131b, onu \u0259m\u0259liyyat etdir\u0259 bilmir\u0259m&#8221;<br \/>\n  <\/i>\n<\/p>\n<p>\n  Tovuz rayonu, D\u00fczq\u0131r\u0131ql\u0131 k\u0259nd sakini Aqil Mirz\u0259yev \u015f\u0259raitli ev, \u00fcnvanl\u0131 sosial yard\u0131m, \u0259m\u0259k f\u0259aliyy\u0259ti il\u0259 m\u0259\u015f\u011ful olmaq \u00fc\u00e7\u00fcn normal i\u015f yeri ist\u0259yir. Amma onun bu ist\u0259kl\u0259ri arzu olaraq qal\u0131r.\n<\/p>\n<p>\n  Meydan TV-y\u0259 giley-g\u00fczar ed\u0259n k\u0259nd sakini g\u00fcn\u0259muzd i\u015fl\u0259diyini s\u00f6yl\u0259yir. Onun s\u00f6zl\u0259rin\u0259 g\u00f6r\u0259, kommunal x\u0259rcl\u0259r v\u0259ziyy\u0259ti daha da a\u011f\u0131rla\u015fd\u0131r\u0131b:\n<\/p>\n<p>\n  &#8220;H\u0259r g\u00fcn i\u015f olmur. Olanda da 5-6 manata i\u015fl\u0259yir\u0259m. \u018fn yax\u015f\u0131 halda, 8 manat pul verirl\u0259r. Q\u0131\u015fda i\u015f olmur, \u0259kin-bi\u00e7in yoxdur. Dam\u0131n alt\u0131nda q\u0131r\u0131l\u0131b, bat\u0131r\u0131q. 5-6 manatla be\u015f adamdan ibar\u0259t k\u00fclf\u0259ti doland\u0131rmaq z\u00fclmd\u00fcr. Qazpulu, i\u015f\u0131qpulu da bir yandan evimizi y\u0131x\u0131b. Qaz\u0131n say\u011fac\u0131 55 manat yaz\u0131b. \u0130\u015f\u0131\u011f\u0131n da \u00fcst\u00fcnd\u0259 45 manat pul var. \u0130\u015f\u0131\u011f\u0131, qaz\u0131 k\u0259s\u0259c\u0259kl\u0259ri il\u0259 h\u0259d\u0259l\u0259yirl\u0259r. Ham\u0131s\u0131 bir-birin\u0259 qar\u0131\u015f\u0131b. \u00d6d\u0259y\u0259 bilmir\u0259m, vurub, \u00f6ld\u00fcrs\u00fcnl\u0259r m\u0259ni. Neyl\u0259yim, \u00e7atd\u0131ra bilmir\u0259m&#8221;.\n<\/p>\n<p>\n  \u015eikay\u0259t\u00e7i deyir ki, 13 ya\u015fl\u0131 o\u011flunun s\u0259hh\u0259tind\u0259 problem var, qas\u0131q y\u0131rt\u0131\u011f\u0131ndan \u0259m\u0259liyyat olunmal\u0131d\u0131r, amma pul yoxdur:\n<\/p>\n<p>\n  &#8220;Bu g\u00fcn-sabah o\u011flumu \u0259sg\u0259r aparacaqlar, pul tap\u0131b, onu \u0259m\u0259liyyat etdir\u0259 bilmir\u0259m. G\u0259l\u0259c\u0259yin \u0259sg\u0259ridir, imkan\u0131m da \u00e7atm\u0131r. S\u0259h\u0259r d\u0259rs\u0259 yola salm\u0131\u015f\u0131q, m\u0259kt\u0259bd\u0259 sanc\u0131lan\u0131b, icaz\u0259 al\u0131b, ev\u0259 g\u0259lib. U\u015faq bir ayda 3-4 d\u0259f\u0259 m\u00f6hk\u0259m sanc\u0131lan\u0131r&#8221;.\n<\/p>\n<figure class=\"wp-block-image size-large\">\n  <img decoding=\"async\" src=\"https:\/\/www.meydan.tv\/az\/aqil-mirzeyev-ve-ovladlari\/\" alt=\"Aqil Mirz\u0259yev v\u0259 \u00f6vladlar\u0131\" class=\"wp-image-114714\"\/><figcaption>\n    Aqil Mirz\u0259yev v\u0259 \u00f6vladlar\u0131<br \/>\n  <\/figcaption><\/figure>\n<p>\n  Bu azm\u0131\u015f kimi, 2014-c\u00fc ild\u0259 Mirz\u0259yevl\u0259r ail\u0259sin\u0259 veril\u0259n 121 manat \u00fcnvanl\u0131 sosial yard\u0131m dayand\u0131r\u0131l\u0131b. Ail\u0259 ba\u015f\u00e7\u0131s\u0131 t\u0259krar sosial yard\u0131m almaq m\u0259qs\u0259dil\u0259 elektron m\u00fcraci\u0131t edib:\n<\/p>\n<p>\n  &#8220;Elektron qeydiyyatdan ke\u00e7dim, karta kimi alm\u0131\u015fd\u0131m. H\u0259tta 206 manat sosial yard\u0131m yaz\u0131lm\u0131\u015fd\u0131. Kart\u0131 bankomata sald\u0131m, h\u0259min d\u0259qiq\u0259 telefona mesaj g\u0259ldi ki, sizin sosial yard\u0131m\u0131n\u0131z m\u00fcv\u0259qq\u0259ti olaraq dayand\u0131r\u0131l\u0131b. \u0130mtina m\u0259ktubunda g\u00f6st\u0259rilmi\u015fdi ki, guya Vergil\u0259r Nazirliyind\u0259n qeydiyyatdan ke\u00e7mi\u015f\u0259m, h\u0259tta 12 ay vergi \u00f6d\u0259m\u0259mi\u015f\u0259m. F\u0259hl\u0259 adamam, m\u0259nimki yer bell\u0259m\u0259kdir, sahibkarl\u0131q n\u0259dir, bilmir\u0259m. Sosiala imtina cavab\u0131 g\u0259l\u0259nd\u0259, V\u00d6EN-i ba\u011flatd\u0131rd\u0131m. Bu, 2016-c\u0131 ild\u0259 olub&#8221;.\n<\/p>\n<p>\n  \u00c7ar\u0259siz qalan Aqil Mirz\u0259yev yenid\u0259n \u00fcnvanl\u0131 sosial yard\u0131m alaca\u011f\u0131na \u00fcmid edir. T\u0259krar onlayn m\u00fcraci\u0259t etm\u0259yi d\u00fc\u015f\u00fcn\u00fcr, lakin yen\u0259 imtina cavab\u0131 alaca\u011f\u0131ndan qorxur:\n<\/p>\n<p>\n  &#8220;D\u00f6vl\u0259tim m\u0259n\u0259 k\u00f6m\u0259k ets\u0259ydi, u\u015faqlar\u0131m\u0131 bir yana \u00e7\u0131xarard\u0131m, \u0259kin\u00e7ilikl\u0259 m\u0259\u015f\u011ful olard\u0131m. Be\u015f n\u0259f\u0259r adam bir otaqda qalm\u0131\u015f\u0131q. \u0130mkan\u0131m yoxdur ki, \u0259lav\u0259 bir otaq da tikdirim. Mal-qaran\u0131 alma\u011fa da pul laz\u0131md\u0131r, g\u0259r\u0259k t\u00f6vl\u0259n ola. \u0130mkan\u0131m olsa, t\u00f6vl\u0259 yerin\u0259 otaq tikdir\u0259r\u0259m. \u018fkin\u00e7ilk \u00fc\u00e7\u00fcn d\u0259 toxum alma\u011fa imkan\u0131m yoxdur. F\u0259hl\u0259 i\u015fi il\u0259 birt\u0259h\u0259r gir\u0259l\u0259nir\u0259m. \u00c7ox xahi\u015f edir\u0259m, m\u0259n\u0259 \u00fcnvanl\u0131 sosial yard\u0131m ayr\u0131ls\u0131n, \u00f6vladlar\u0131m\u0131 doland\u0131r\u0131m&#8221;.\n<\/p>\n<figure class=\"wp-block-image size-large\">\n  <img decoding=\"async\" src=\"https:\/\/www.meydan.tv\/az\/114717\/\" alt=\"\" class=\"wp-image-114717\"\/><figcaption><\/figcaption><\/figure>\n<p>\n  M\u0259s\u0259l\u0259 il\u0259 ba\u011fl\u0131 Vergil\u0259r Nazirliyi Meydan TV-nin sor\u011fusunu cavabland\u0131r\u0131b:\n<\/p>\n<p>\n  &#8220;Mirz\u0259yev Aqil Oqtay o\u011flunun he\u00e7 bir vergi borcu yoxdur. Sistem g\u00f6st\u0259ril\u0259n V\u00d6EN alt\u0131nda \u00f6d\u0259yici m\u00fc\u0259yy\u0259n etmir. \u00dcmumiyy\u0259tl\u0259, h\u0259r hans\u0131 bir \u015f\u0259xs V\u00d6EN-ni ba\u011flatd\u0131r\u0131bsa, onun he\u00e7 bir borcu ola bilm\u0259z.\u00a0 Ad\u0259t\u0259n, kims\u0259 vergi u\u00e7otunu ba\u011flay\u0131rsa, o zaman onun son borcu yoxlan\u0131l\u0131r, yaln\u0131z bundan sonra V\u00d6EN ba\u011flan\u0131r&#8221;.\n<\/p>\n<p>\n  \u018fm\u0259k v\u0259 \u018fhalinin Sosial M\u00fcdafi\u0259si Nazirliyinin m\u0259tbuat xidm\u0259ti is\u0259 g\u00f6nd\u0259rdiyimiz sor\u011funu cavabs\u0131z burax\u0131b. M\u0259tbuat xidm\u0259tinin r\u0259hb\u0259ri z\u0259ngl\u0259r\u0259 cavab verm\u0259yib.\n<\/p><\/p>\n","protected":false},"excerpt":{"rendered":"<p>&#8221;Bu g\u00fcn-sabah o\u011flumu \u0259sg\u0259r aparacaqlar, pul tap\u0131b, onu \u0259m\u0259liyyat etdir\u0259 bilmir\u0259m&#8221;<\/p>\n","protected":false},"author":11,"featured_media":114711,"comment_status":"closed","ping_status":"open","sticky":false,"template":"","format":"standard","meta":{"_acf_changed":false,"_sitemap_exclude":false,"_sitemap_priority":"","_sitemap_frequency":"","footnotes":""},"categories":[60],"tags":[],"class_list":["post-193183","post","type-post","status-publish","format-standard","has-post-thumbnail","hentry","category-bolge","infinite-scroll-item","generate-columns","tablet-grid-50","mobile-grid-100","grid-parent","grid-33","no-featured-image-padding"],"acf":[],"yoast_head":"<!-- This site is optimized with the Yoast SEO plugin v27.4 - https:\/\/yoast.com\/product\/yoast-seo-wordpress\/ -->\n<title>Tovuz sakini: \u00d6d\u0259y\u0259 bilmir\u0259m, vurub \u00f6ld\u00fcrs\u00fcnl\u0259r m\u0259ni - MEYDAN.TV<\/title>\n<meta name=\"robots\" content=\"index, follow, max-snippet:-1, max-image-preview:large, max-video-preview:-1\" \/>\n<link rel=\"canonical\" href=\"https:\/\/www.meydan.tv\/az\/article\/tovuz-sakini-odeye-bilmirem-vurub-oldursunler-meni\/\" \/>\n<meta property=\"og:locale\" content=\"az_AZ\" \/>\n<meta property=\"og:type\" content=\"article\" \/>\n<meta property=\"og:title\" content=\"Tovuz sakini: \u00d6d\u0259y\u0259 bilmir\u0259m, vurub \u00f6ld\u00fcrs\u00fcnl\u0259r m\u0259ni - MEYDAN.TV\" \/>\n<meta property=\"og:description\" content=\"&#039;&#039;Bu g\u00fcn-sabah o\u011flumu \u0259sg\u0259r aparacaqlar, pul tap\u0131b, onu \u0259m\u0259liyyat etdir\u0259 bilmir\u0259m&#039;&#039;\" \/>\n<meta property=\"og:url\" content=\"https:\/\/www.meydan.tv\/az\/article\/tovuz-sakini-odeye-bilmirem-vurub-oldursunler-meni\/\" \/>\n<meta property=\"og:site_name\" content=\"MEYDAN.TV\" \/>\n<meta property=\"article:published_time\" content=\"2018-12-25T17:07:46+00:00\" \/>\n<meta property=\"og:image\" content=\"https:\/\/www.meydan.tv\/wp-content\/uploads\/45713.jpg\" \/>\n\t<meta property=\"og:image:width\" content=\"960\" \/>\n\t<meta property=\"og:image:height\" content=\"540\" \/>\n\t<meta property=\"og:image:type\" content=\"image\/jpeg\" \/>\n<meta name=\"author\" content=\"user-manager\" \/>\n<meta name=\"twitter:card\" content=\"summary_large_image\" \/>\n<script type=\"application\/ld+json\" class=\"yoast-schema-graph\">{\"@context\":\"https:\\\/\\\/schema.org\",\"@graph\":[{\"@type\":\"Article\",\"@id\":\"https:\\\/\\\/www.meydan.tv\\\/az\\\/article\\\/tovuz-sakini-odeye-bilmirem-vurub-oldursunler-meni\\\/#article\",\"isPartOf\":{\"@id\":\"https:\\\/\\\/www.meydan.tv\\\/az\\\/article\\\/tovuz-sakini-odeye-bilmirem-vurub-oldursunler-meni\\\/\"},\"author\":{\"name\":\"user-manager\",\"@id\":\"https:\\\/\\\/www.meydan.tv\\\/az\\\/#\\\/schema\\\/person\\\/10d11eccf6da3662cf5fdab9806ea91a\"},\"headline\":\"Tovuz sakini: \u00d6d\u0259y\u0259 bilmir\u0259m, vurub \u00f6ld\u00fcrs\u00fcnl\u0259r m\u0259ni\",\"datePublished\":\"2018-12-25T17:07:46+00:00\",\"mainEntityOfPage\":{\"@id\":\"https:\\\/\\\/www.meydan.tv\\\/az\\\/article\\\/tovuz-sakini-odeye-bilmirem-vurub-oldursunler-meni\\\/\"},\"wordCount\":720,\"publisher\":{\"@id\":\"https:\\\/\\\/www.meydan.tv\\\/az\\\/#organization\"},\"image\":{\"@id\":\"https:\\\/\\\/www.meydan.tv\\\/az\\\/article\\\/tovuz-sakini-odeye-bilmirem-vurub-oldursunler-meni\\\/#primaryimage\"},\"thumbnailUrl\":\"https:\\\/\\\/www.meydan.tv\\\/wp-content\\\/uploads\\\/45713.jpg\",\"articleSection\":[\"B\u00f6lg\u0259\"],\"inLanguage\":\"az\"},{\"@type\":\"WebPage\",\"@id\":\"https:\\\/\\\/www.meydan.tv\\\/az\\\/article\\\/tovuz-sakini-odeye-bilmirem-vurub-oldursunler-meni\\\/\",\"url\":\"https:\\\/\\\/www.meydan.tv\\\/az\\\/article\\\/tovuz-sakini-odeye-bilmirem-vurub-oldursunler-meni\\\/\",\"name\":\"Tovuz sakini: \u00d6d\u0259y\u0259 bilmir\u0259m, vurub \u00f6ld\u00fcrs\u00fcnl\u0259r m\u0259ni - MEYDAN.TV\",\"isPartOf\":{\"@id\":\"https:\\\/\\\/www.meydan.tv\\\/az\\\/#website\"},\"primaryImageOfPage\":{\"@id\":\"https:\\\/\\\/www.meydan.tv\\\/az\\\/article\\\/tovuz-sakini-odeye-bilmirem-vurub-oldursunler-meni\\\/#primaryimage\"},\"image\":{\"@id\":\"https:\\\/\\\/www.meydan.tv\\\/az\\\/article\\\/tovuz-sakini-odeye-bilmirem-vurub-oldursunler-meni\\\/#primaryimage\"},\"thumbnailUrl\":\"https:\\\/\\\/www.meydan.tv\\\/wp-content\\\/uploads\\\/45713.jpg\",\"datePublished\":\"2018-12-25T17:07:46+00:00\",\"breadcrumb\":{\"@id\":\"https:\\\/\\\/www.meydan.tv\\\/az\\\/article\\\/tovuz-sakini-odeye-bilmirem-vurub-oldursunler-meni\\\/#breadcrumb\"},\"inLanguage\":\"az\",\"potentialAction\":[{\"@type\":\"ReadAction\",\"target\":[\"https:\\\/\\\/www.meydan.tv\\\/az\\\/article\\\/tovuz-sakini-odeye-bilmirem-vurub-oldursunler-meni\\\/\"]}]},{\"@type\":\"ImageObject\",\"inLanguage\":\"az\",\"@id\":\"https:\\\/\\\/www.meydan.tv\\\/az\\\/article\\\/tovuz-sakini-odeye-bilmirem-vurub-oldursunler-meni\\\/#primaryimage\",\"url\":\"https:\\\/\\\/www.meydan.tv\\\/wp-content\\\/uploads\\\/45713.jpg\",\"contentUrl\":\"https:\\\/\\\/www.meydan.tv\\\/wp-content\\\/uploads\\\/45713.jpg\",\"width\":960,\"height\":540,\"caption\":\"Source:\"},{\"@type\":\"BreadcrumbList\",\"@id\":\"https:\\\/\\\/www.meydan.tv\\\/az\\\/article\\\/tovuz-sakini-odeye-bilmirem-vurub-oldursunler-meni\\\/#breadcrumb\",\"itemListElement\":[{\"@type\":\"ListItem\",\"position\":1,\"name\":\"Ana s\u0259hif\u0259\",\"item\":\"https:\\\/\\\/www.meydan.tv\\\/az\\\/\"},{\"@type\":\"ListItem\",\"position\":2,\"name\":\"B\u00f6lg\u0259\",\"item\":\"https:\\\/\\\/www.meydan.tv\\\/az\\\/section\\\/bolge\\\/\"},{\"@type\":\"ListItem\",\"position\":3,\"name\":\"Tovuz sakini: \u00d6d\u0259y\u0259 bilmir\u0259m, vurub \u00f6ld\u00fcrs\u00fcnl\u0259r m\u0259ni\"}]},{\"@type\":\"WebSite\",\"@id\":\"https:\\\/\\\/www.meydan.tv\\\/az\\\/#website\",\"url\":\"https:\\\/\\\/www.meydan.tv\\\/az\\\/\",\"name\":\"MEYDAN.TV\",\"description\":\"Meydan TV Az\u0259rbaycan\u0131n media m\u0259kan\u0131ndak\u0131 alternativ s\u0259sidir\",\"publisher\":{\"@id\":\"https:\\\/\\\/www.meydan.tv\\\/az\\\/#organization\"},\"potentialAction\":[{\"@type\":\"SearchAction\",\"target\":{\"@type\":\"EntryPoint\",\"urlTemplate\":\"https:\\\/\\\/www.meydan.tv\\\/az\\\/?s={search_term_string}\"},\"query-input\":{\"@type\":\"PropertyValueSpecification\",\"valueRequired\":true,\"valueName\":\"search_term_string\"}}],\"inLanguage\":\"az\"},{\"@type\":\"Organization\",\"@id\":\"https:\\\/\\\/www.meydan.tv\\\/az\\\/#organization\",\"name\":\"Meydan TV\",\"url\":\"https:\\\/\\\/www.meydan.tv\\\/az\\\/\",\"logo\":{\"@type\":\"ImageObject\",\"inLanguage\":\"az\",\"@id\":\"https:\\\/\\\/www.meydan.tv\\\/az\\\/#\\\/schema\\\/logo\\\/image\\\/\",\"url\":\"https:\\\/\\\/www.meydan.tv\\\/wp-content\\\/uploads\\\/2021\\\/07\\\/meydan-logo.svg\",\"contentUrl\":\"https:\\\/\\\/www.meydan.tv\\\/wp-content\\\/uploads\\\/2021\\\/07\\\/meydan-logo.svg\",\"width\":195,\"height\":46,\"caption\":\"Meydan TV\"},\"image\":{\"@id\":\"https:\\\/\\\/www.meydan.tv\\\/az\\\/#\\\/schema\\\/logo\\\/image\\\/\"}},{\"@type\":\"Person\",\"@id\":\"https:\\\/\\\/www.meydan.tv\\\/az\\\/#\\\/schema\\\/person\\\/10d11eccf6da3662cf5fdab9806ea91a\",\"name\":\"user-manager\"}]}<\/script>\n<!-- \/ Yoast SEO plugin. -->","yoast_head_json":{"title":"Tovuz sakini: \u00d6d\u0259y\u0259 bilmir\u0259m, vurub \u00f6ld\u00fcrs\u00fcnl\u0259r m\u0259ni - MEYDAN.TV","robots":{"index":"index","follow":"follow","max-snippet":"max-snippet:-1","max-image-preview":"max-image-preview:large","max-video-preview":"max-video-preview:-1"},"canonical":"https:\/\/www.meydan.tv\/az\/article\/tovuz-sakini-odeye-bilmirem-vurub-oldursunler-meni\/","og_locale":"az_AZ","og_type":"article","og_title":"Tovuz sakini: \u00d6d\u0259y\u0259 bilmir\u0259m, vurub \u00f6ld\u00fcrs\u00fcnl\u0259r m\u0259ni - MEYDAN.TV","og_description":"''Bu g\u00fcn-sabah o\u011flumu \u0259sg\u0259r aparacaqlar, pul tap\u0131b, onu \u0259m\u0259liyyat etdir\u0259 bilmir\u0259m''","og_url":"https:\/\/www.meydan.tv\/az\/article\/tovuz-sakini-odeye-bilmirem-vurub-oldursunler-meni\/","og_site_name":"MEYDAN.TV","article_published_time":"2018-12-25T17:07:46+00:00","og_image":[{"width":960,"height":540,"url":"https:\/\/www.meydan.tv\/wp-content\/uploads\/45713.jpg","type":"image\/jpeg"}],"author":"user-manager","twitter_card":"summary_large_image","schema":{"@context":"https:\/\/schema.org","@graph":[{"@type":"Article","@id":"https:\/\/www.meydan.tv\/az\/article\/tovuz-sakini-odeye-bilmirem-vurub-oldursunler-meni\/#article","isPartOf":{"@id":"https:\/\/www.meydan.tv\/az\/article\/tovuz-sakini-odeye-bilmirem-vurub-oldursunler-meni\/"},"author":{"name":"user-manager","@id":"https:\/\/www.meydan.tv\/az\/#\/schema\/person\/10d11eccf6da3662cf5fdab9806ea91a"},"headline":"Tovuz sakini: \u00d6d\u0259y\u0259 bilmir\u0259m, vurub \u00f6ld\u00fcrs\u00fcnl\u0259r m\u0259ni","datePublished":"2018-12-25T17:07:46+00:00","mainEntityOfPage":{"@id":"https:\/\/www.meydan.tv\/az\/article\/tovuz-sakini-odeye-bilmirem-vurub-oldursunler-meni\/"},"wordCount":720,"publisher":{"@id":"https:\/\/www.meydan.tv\/az\/#organization"},"image":{"@id":"https:\/\/www.meydan.tv\/az\/article\/tovuz-sakini-odeye-bilmirem-vurub-oldursunler-meni\/#primaryimage"},"thumbnailUrl":"https:\/\/www.meydan.tv\/wp-content\/uploads\/45713.jpg","articleSection":["B\u00f6lg\u0259"],"inLanguage":"az"},{"@type":"WebPage","@id":"https:\/\/www.meydan.tv\/az\/article\/tovuz-sakini-odeye-bilmirem-vurub-oldursunler-meni\/","url":"https:\/\/www.meydan.tv\/az\/article\/tovuz-sakini-odeye-bilmirem-vurub-oldursunler-meni\/","name":"Tovuz sakini: \u00d6d\u0259y\u0259 bilmir\u0259m, vurub \u00f6ld\u00fcrs\u00fcnl\u0259r m\u0259ni - MEYDAN.TV","isPartOf":{"@id":"https:\/\/www.meydan.tv\/az\/#website"},"primaryImageOfPage":{"@id":"https:\/\/www.meydan.tv\/az\/article\/tovuz-sakini-odeye-bilmirem-vurub-oldursunler-meni\/#primaryimage"},"image":{"@id":"https:\/\/www.meydan.tv\/az\/article\/tovuz-sakini-odeye-bilmirem-vurub-oldursunler-meni\/#primaryimage"},"thumbnailUrl":"https:\/\/www.meydan.tv\/wp-content\/uploads\/45713.jpg","datePublished":"2018-12-25T17:07:46+00:00","breadcrumb":{"@id":"https:\/\/www.meydan.tv\/az\/article\/tovuz-sakini-odeye-bilmirem-vurub-oldursunler-meni\/#breadcrumb"},"inLanguage":"az","potentialAction":[{"@type":"ReadAction","target":["https:\/\/www.meydan.tv\/az\/article\/tovuz-sakini-odeye-bilmirem-vurub-oldursunler-meni\/"]}]},{"@type":"ImageObject","inLanguage":"az","@id":"https:\/\/www.meydan.tv\/az\/article\/tovuz-sakini-odeye-bilmirem-vurub-oldursunler-meni\/#primaryimage","url":"https:\/\/www.meydan.tv\/wp-content\/uploads\/45713.jpg","contentUrl":"https:\/\/www.meydan.tv\/wp-content\/uploads\/45713.jpg","width":960,"height":540,"caption":"Source:"},{"@type":"BreadcrumbList","@id":"https:\/\/www.meydan.tv\/az\/article\/tovuz-sakini-odeye-bilmirem-vurub-oldursunler-meni\/#breadcrumb","itemListElement":[{"@type":"ListItem","position":1,"name":"Ana s\u0259hif\u0259","item":"https:\/\/www.meydan.tv\/az\/"},{"@type":"ListItem","position":2,"name":"B\u00f6lg\u0259","item":"https:\/\/www.meydan.tv\/az\/section\/bolge\/"},{"@type":"ListItem","position":3,"name":"Tovuz sakini: \u00d6d\u0259y\u0259 bilmir\u0259m, vurub \u00f6ld\u00fcrs\u00fcnl\u0259r m\u0259ni"}]},{"@type":"WebSite","@id":"https:\/\/www.meydan.tv\/az\/#website","url":"https:\/\/www.meydan.tv\/az\/","name":"MEYDAN.TV","description":"Meydan TV Az\u0259rbaycan\u0131n media m\u0259kan\u0131ndak\u0131 alternativ s\u0259sidir","publisher":{"@id":"https:\/\/www.meydan.tv\/az\/#organization"},"potentialAction":[{"@type":"SearchAction","target":{"@type":"EntryPoint","urlTemplate":"https:\/\/www.meydan.tv\/az\/?s={search_term_string}"},"query-input":{"@type":"PropertyValueSpecification","valueRequired":true,"valueName":"search_term_string"}}],"inLanguage":"az"},{"@type":"Organization","@id":"https:\/\/www.meydan.tv\/az\/#organization","name":"Meydan TV","url":"https:\/\/www.meydan.tv\/az\/","logo":{"@type":"ImageObject","inLanguage":"az","@id":"https:\/\/www.meydan.tv\/az\/#\/schema\/logo\/image\/","url":"https:\/\/www.meydan.tv\/wp-content\/uploads\/2021\/07\/meydan-logo.svg","contentUrl":"https:\/\/www.meydan.tv\/wp-content\/uploads\/2021\/07\/meydan-logo.svg","width":195,"height":46,"caption":"Meydan TV"},"image":{"@id":"https:\/\/www.meydan.tv\/az\/#\/schema\/logo\/image\/"}},{"@type":"Person","@id":"https:\/\/www.meydan.tv\/az\/#\/schema\/person\/10d11eccf6da3662cf5fdab9806ea91a","name":"user-manager"}]}},"_links":{"self":[{"href":"https:\/\/www.meydan.tv\/az\/wp-json\/wp\/v2\/posts\/193183","targetHints":{"allow":["GET"]}}],"collection":[{"href":"https:\/\/www.meydan.tv\/az\/wp-json\/wp\/v2\/posts"}],"about":[{"href":"https:\/\/www.meydan.tv\/az\/wp-json\/wp\/v2\/types\/post"}],"author":[{"embeddable":true,"href":"https:\/\/www.meydan.tv\/az\/wp-json\/wp\/v2\/users\/11"}],"replies":[{"embeddable":true,"href":"https:\/\/www.meydan.tv\/az\/wp-json\/wp\/v2\/comments?post=193183"}],"version-history":[{"count":0,"href":"https:\/\/www.meydan.tv\/az\/wp-json\/wp\/v2\/posts\/193183\/revisions"}],"wp:featuredmedia":[{"embeddable":true,"href":"https:\/\/www.meydan.tv\/az\/wp-json\/wp\/v2\/media\/114711"}],"wp:attachment":[{"href":"https:\/\/www.meydan.tv\/az\/wp-json\/wp\/v2\/media?parent=193183"}],"wp:term":[{"taxonomy":"category","embeddable":true,"href":"https:\/\/www.meydan.tv\/az\/wp-json\/wp\/v2\/categories?post=193183"},{"taxonomy":"post_tag","embeddable":true,"href":"https:\/\/www.meydan.tv\/az\/wp-json\/wp\/v2\/tags?post=193183"}],"curies":[{"name":"wp","href":"https:\/\/api.w.org\/{rel}","templated":true}]}}