{"id":193180,"date":"2018-12-25T16:24:03","date_gmt":"2018-12-25T16:24:03","guid":{"rendered":"https:\/\/www.meydan.tv\/article\/isteyirik-prezidentimiz-bilsin-ki-bize-ev-tikilmir\/"},"modified":"2018-12-25T16:24:03","modified_gmt":"2018-12-25T16:24:03","slug":"isteyirik-prezidentimiz-bilsin-ki-bize-ev-tikilmir","status":"publish","type":"post","link":"https:\/\/www.meydan.tv\/az\/article\/isteyirik-prezidentimiz-bilsin-ki-bize-ev-tikilmir\/","title":{"rendered":"&#8221;\u0130st\u0259yirik prezidentimiz bilsin ki, biz\u0259 ev tikilmir&#8221;"},"content":{"rendered":"<figure class=\"wp-block-image size-large\">\n  <img decoding=\"async\" src=\"https:\/\/www.meydan.tv\/az\/114693\/\" alt=\"\" class=\"wp-image-114693\"\/><figcaption><\/figcaption><\/figure>\n<p>\n  <i><br \/>\n    A\u011fdam\u0131n \u00c7\u0259m\u0259nli k\u0259nd sakini S\u0259ad\u0259t Quliyevan\u0131n \u015fikay\u0259tind\u0259n sonra daha bir sakin Meydan TV-y\u0259 \u015fikay\u0259tl\u0259nib<br \/>\n  <\/i>\n<\/p>\n<p>\n  \u201c\u00c7\u0259m\u0259nlid\u0259 aprel d\u00f6y\u00fc\u015fl\u0259ri zaman\u0131 q\u0259zal\u0131 v\u0259ziyy\u0259t\u0259 d\u00fc\u015fm\u00fc\u015f evl\u0259rd\u0259n yazm\u0131s\u0131z. \u0130cra hakimyiy\u0259tinin cavab\u0131n\u0131 oxudum, baxd\u0131m ki, eyni cavab\u0131 m\u0259n\u0259 d\u0259 g\u00f6nd\u0259rib. Guya k\u0259ndimizd\u0259ki evl\u0259r d\u00f6y\u00fc\u015fl\u0259r n\u0259tic\u0259sind\u0259 q\u0259zaya u\u011framay\u0131b, el\u0259 \u0259vv\u0259ld\u0259n q\u0259zal\u0131 olub. Ba\u015f\u00e7\u0131ya sual\u0131m var &#8211; \u0259g\u0259r bu evl\u0259r d\u00f6y\u00fc\u015fl\u0259r zaman\u0131 bu v\u0259ziyy\u0259t\u0259 d\u00fc\u015fm\u0259yibs\u0259, prezident iki d\u0259f\u0259 o milyonlar\u0131 niy\u0259 ay\u0131r\u0131b? Hans\u0131 q\u0259zal\u0131 evl\u0259r \u00fc\u00e7\u00fcn ay\u0131r\u0131b? Ordan prezident\u0259 m\u0259ruz\u0259 el\u0259yirl\u0259r ki, d\u00f6y\u00fc\u015fl\u0259rd\u0259n evl\u0259r q\u0259zal\u0131 v\u0259ziyy\u0259t\u0259 d\u00fc\u015f\u00fcb, t\u0259mir-b\u0259rpa olmal\u0131d\u0131r, pulu al\u0131rlar, bu t\u0259r\u0259fd\u0259n \u0259haliy\u0259 deyirl\u0259r, evl\u0259rinizin d\u00f6y\u00fc\u015fl\u0259rd\u0259 at\u0131lan qradlarla \u0259laq\u0259si yoxdur, gedin, \u00f6z\u00fcn\u00fcz d\u00fcz\u0259ltdirin. G\u0259lin m\u0259ntiql\u0259 dan\u0131\u015faq, evl\u0259rimiz d\u00f6y\u00fc\u015fl\u0259rd\u0259n q\u0259zal\u0131 v\u0259ziyy\u0259t\u0259 d\u00fc\u015fm\u0259yibs\u0259, o pulu prezidentd\u0259n niy\u0259 ist\u0259yirl\u0259r? Al\u0131b hara x\u0259rcl\u0259yirl\u0259r?\u201d<\/p>\n<p>  Bunu Meydan TV-y\u0259 A\u011fdam\u0131n \u00c7\u0259m\u0259nli k\u0259nd sakini Sahib \u018fs\u0259dov deyir. Onun s\u00f6zl\u0259rin\u0259 g\u00f6r\u0259, ya\u015fad\u0131\u011f\u0131 ev iki ild\u0259n \u00e7oxdur ki, q\u0259zal\u0131 v\u0259ziyy\u0259td\u0259dir. D\u00f6vl\u0259t qurumlar\u0131na m\u00fcraci\u0259t etm\u0259sin\u0259 baxmayaraq, t\u0259dbir g\u00f6r\u00fclm\u00fcr.\n<\/p>\n<figure class=\"wp-block-image size-large\">\n  <img decoding=\"async\" src=\"https:\/\/www.meydan.tv\/az\/114696\/\" alt=\"\" class=\"wp-image-114696\"\/><figcaption><\/figcaption><\/figure>\n<blockquote><p>\n  Pullar hara gedir, bilmirik, ancaq biz\u0259 x\u0259rcl\u0259nmir\n<\/p><\/blockquote>\n<p>\n  \u201c\u0130st\u0259yirik prezidentimiz bilsin ki, onu aldad\u0131rlar. \u0130ki ild\u0259n \u00e7oxdur aprel d\u00f6y\u00fc\u015fl\u0259ri ba\u015f verib, ancaq onun ay\u0131rd\u0131\u011f\u0131 pullar bizim q\u0259zal\u0131 evl\u0259rimiz\u0259 x\u0259rcl\u0259nm\u0259yib. O is\u0259 el\u0259 bir ucdan pul ay\u0131r\u0131r. Bu pullar kimin cibin\u0259 gedir, bilinmir. Ancaq h\u0259r halda biz\u0259 x\u0259rcl\u0259nmir. Deyirl\u0259r, evl\u0259riniz k\u00f6hn\u0259dir, el\u0259 \u0259vv\u0259ld\u0259n q\u0259zal\u0131 idi. Evim k\u00f6hn\u0259 ola bil\u0259r, ancaq evin yan\u0131na d\u00fc\u015f\u0259n qrad onu yar\u0131q-yar\u0131q edib. K\u00f6hn\u0259 evin yan\u0131na qrad d\u00fc\u015f\u0259nd\u0259 nec\u0259 olar? G\u00f6r\u00fcn kiml\u0259rin evin\u0259 pul ayr\u0131l\u0131b, kiml\u0259rin evl\u0259ri t\u0259mir olunub \u2013 ham\u0131s\u0131 \u00f6z qohum-\u0259qr\u0259balar\u0131d\u0131r\u201d, &#8211; Sahib \u018fs\u0259dov deyir.<\/p>\n<p>  Sahib \u018fs\u0259dovun s\u00f6zl\u0259rin\u0259 g\u00f6r\u0259, k\u0259ndd\u0259 m\u0259rmi partlamas\u0131 n\u0259tic\u0259sind\u0259 q\u0259zal\u0131 v\u0259ziyy\u0259t\u0259 d\u00fc\u015f\u0259n, ancaq d\u00f6vl\u0259tin t\u0259mir-b\u0259rpa siyah\u0131na sal\u0131nmalayan xeyli ev var:<\/p>\n<p>  \u201cDem\u0259li, burda bel\u0259dir&#8230; H\u00f6kum\u0259t q\u0259zal\u0131 evl\u0259rin t\u0259mir-b\u0259rpas\u0131n\u0131 o q\u0259d\u0259r yubatd\u0131 ki, adamlar g\u00f6rd\u00fc ya\u015famaq m\u00fcmk\u00fcn deyil, ev\u0259 girm\u0259k t\u0259hl\u00fck\u0259lidir, tavan \u00e7\u00f6k\u00fcr, divarlar adam\u0131n \u00fcst\u00fcn\u0259 g\u0259lir, getm\u0259y\u0259 d\u0259 yer yoxdur, bo\u011faz\u0131ndan k\u0259sib, borca-x\u0259rc\u0259 girib evin oras\u0131n\u0131-buras\u0131n\u0131 d\u00fcz\u0259ltdi. F\u00f6vq\u0259lad\u0259 Hallar Komissiyas\u0131 da g\u00fcdd\u00fc, kim evini d\u00fcz\u0259ltdis\u0259, dedi, daha s\u0259nin evin d\u00fcz\u0259lib, h\u0259min evi siyah\u0131dan \u00e7\u0131xartd\u0131. Bel\u0259c\u0259, xeyli evi siyah\u0131dan \u00e7\u0131xar\u0131blar. M\u0259s\u0259l\u0259n, m\u0259nim he\u00e7 yerd\u0259n g\u0259lirim yoxdur. 4 azya\u015fl\u0131 u\u015fa\u011f\u0131m var. \u00d6z\u00fcm d\u0259 m\u00fcharib\u0259 veteran\u0131yam. \u018flilliy\u0259 g\u00f6r\u0259 c\u00fczi pensiya al\u0131ram. 100 manat borca g\u00f6r\u0259 qaz\u0131m\u0131z\u0131 da iki ild\u0259n \u00e7ox idi ki, k\u0259smi\u015fdil\u0259r. 50 manat t\u0259qa\u00fcd alan adam 100 manat borcu nec\u0259 \u00f6d\u0259sin? Bunu d\u00fc\u015f\u00fcn\u0259n m\u0259mur yoxdur. \u00dcst\u0259lik, m\u0259nim evim \u00fc\u00e7\u00fcn ayr\u0131lan pulu da m\u0259nims\u0259yirl\u0259r\u201d.\n<\/p>\n<figure class=\"wp-block-image size-large\">\n  <img decoding=\"async\" src=\"https:\/\/www.meydan.tv\/az\/114699\/\" alt=\"\" class=\"wp-image-114699\"\/><figcaption><\/figcaption><\/figure>\n<blockquote><p>\n  R\u0259smi qurum: F\u00fcrs\u0259tcillik yax\u015f\u0131 i\u015f deyil\n<\/p><\/blockquote>\n<p>\n  Sahib \u018fs\u0259dovun giley-g\u00fczar\u0131 h\u0259m d\u0259 dolan\u0131\u015f\u0131qdand\u0131:<\/p>\n<p>  \u201c\u0130\u015f \u00fc\u00e7\u00fcn m\u00fcraci\u0259t edirik, deyirl\u0259r: \u201c\u0130\u015f n\u0259 g\u0259zir?\u201d \u018ftin, ya\u011f\u0131n, isti yem\u0259yin dad\u0131n\u0131 \u00e7oxdan unutmu\u015fuq. He\u00e7 olmasa, h\u00f6kum\u0259t bunu n\u0259z\u0259r\u0259 als\u0131n. Ax\u0131, h\u00f6kum\u0259t bizim kimi ail\u0259l\u0259r\u0259 d\u0259 hardasa g\u00fcz\u0259\u015ft n\u0259z\u0259rd\u0259 tutmal\u0131d\u0131r. Q\u0131rm\u0131z\u0131 Xa\u00e7 C\u0259miyy\u0259ti 700 manatdan pul paylad\u0131. K\u0259ndd\u0259 bu pulu alanlar var, g\u0259lib dan\u0131\u015fd\u0131ra da bil\u0259rsiz. Ancaq biz\u0259 verm\u0259dil\u0259r. Halbuki, evimiz aprel d\u00f6y\u00fc\u015fl\u0259ri zaman\u0131 q\u0259zal\u0131 v\u0259ziyy\u0259t\u0259 d\u00fc\u015f\u00fcb. Pul da, k\u00f6m\u0259k d\u0259 yaln\u0131z icra hakimiyy\u0259tind\u0259 yax\u0131n qohumu, tan\u0131\u015f\u0131 i\u015fl\u0259y\u0259nl\u0259r\u0259 verildi\u201d.\n<\/p>\n<p>\n  A\u011fdam Rayon \u0130cra Hakimiyy\u0259tind\u0259n Meydan TV-y\u0259 bildirilib ki, \u018fs\u0259dovlar ail\u0259si quruma h\u0259m dolan\u0131\u015f\u0131\u011fa, h\u0259m d\u0259 evin t\u0259mir-b\u0259rpas\u0131na g\u00f6r\u0259 d\u0259f\u0259l\u0259rl\u0259 m\u00fcraci\u0259t edib:<\/p>\n<p>  \u201cAncaq bizim b\u00fcdc\u0259d\u0259 bu m\u0259s\u0259l\u0259l\u0259r\u0259 g\u00f6r\u0259 v\u0259sait n\u0259z\u0259rd\u0259 tutulmay\u0131b. T\u0259\u0259ss\u00fcf&#8230; Ev\u0259 d\u0259 bax\u0131\u015f ke\u00e7irilib, m\u0259lum olub ki, o ev istismar m\u00fcdd\u0259ti \u00f6tm\u00fc\u015f evdir v\u0259 \u0259vv\u0259ld\u0259n d\u0259 q\u0259zal\u0131 v\u0259ziyy\u0259td\u0259 olub. Aprel d\u00f6y\u00fc\u015fl\u0259rind\u0259n sonra ail\u0259nin \u0259lin\u0259 f\u00fcrs\u0259t d\u00fc\u015f\u00fcb ki, \u0259vv\u0259ld\u0259n q\u0259zal\u0131 olan evini h\u00f6kum\u0259t\u0259 d\u00fcz\u0259ltdirsin. Pul ayr\u0131l\u0131r, d\u00f6y\u00fc\u015fl\u0259rd\u0259n q\u0259zal\u0131 v\u0259ziyy\u0259t\u0259 d\u00fc\u015f\u0259n evl\u0259r t\u0259mir-b\u0259rpa olur, ehtiyac varsa, yenisi tikilib ail\u0259l\u0259r\u0259 verilir. A\u011fdam rayonu t\u0259kc\u0259 \u00c7\u0259m\u0259nli k\u0259ndind\u0259n ibar\u0259t deyil ax\u0131&#8230; Bu pul d\u00f6y\u00fc\u015fl\u0259rl\u0259 \u0259laq\u0259dar q\u0259zal\u0131 olan evl\u0259r\u0259 ayr\u0131l\u0131r. O ev\u0259 komissiya \u00fczvl\u0259ri d\u0259f\u0259l\u0259rl\u0259 bax\u0131\u015f ke\u00e7irib. Ail\u0259y\u0259 d\u0259f\u0259l\u0259rl\u0259 bildirilib ki, f\u00fcrs\u0259tcillik yax\u015f\u0131 i\u015f deyil\u201d.<\/p>\n<p>  \u018fs\u0259dovlar ail\u0259si son \u00e7\u0131x\u0131\u015f\u0131 \u00f6lk\u0259d\u0259n getm\u0259kd\u0259 g\u00f6r\u00fcr. Ancaq nec\u0259? Sahib \u018fs\u0259dova deyir, kas\u0131bl\u0131qdan u\u00e7urumun ucunda dayanm\u0131\u015f ail\u0259y\u0259 h\u00f6kum\u0259t k\u00f6m\u0259k etm\u0259s\u0259, ail\u0259likc\u0259 xarici s\u0259firlikl\u0259r\u0259 \u00fcz tutacaqlar.\n<\/p>\n<figure class=\"wp-block-image size-large\">\n  <img decoding=\"async\" src=\"https:\/\/www.meydan.tv\/az\/114702\/\" alt=\"\" class=\"wp-image-114702\"\/><figcaption><\/figcaption><\/figure><\/p>\n","protected":false},"excerpt":{"rendered":"<p>A\u011fdam\u0131n \u00c7\u0259m\u0259nli k\u0259nd sakini S\u0259ad\u0259t Quliyevan\u0131n \u015fikay\u0259tind\u0259n sonra daha bir sakin Meydan TV-y\u0259 \u015fikay\u0259tl\u0259nib<\/p>\n","protected":false},"author":11,"featured_media":114693,"comment_status":"closed","ping_status":"open","sticky":false,"template":"","format":"standard","meta":{"_acf_changed":false,"_sitemap_exclude":false,"_sitemap_priority":"","_sitemap_frequency":"","footnotes":""},"categories":[60],"tags":[],"class_list":["post-193180","post","type-post","status-publish","format-standard","has-post-thumbnail","hentry","category-bolge","infinite-scroll-item","generate-columns","tablet-grid-50","mobile-grid-100","grid-parent","grid-33","no-featured-image-padding"],"acf":[],"yoast_head":"<!-- This site is optimized with the Yoast SEO plugin v27.4 - https:\/\/yoast.com\/product\/yoast-seo-wordpress\/ -->\n<title>&#039;&#039;\u0130st\u0259yirik prezidentimiz bilsin ki, biz\u0259 ev tikilmir&#039;&#039; - MEYDAN.TV<\/title>\n<meta name=\"robots\" content=\"index, follow, max-snippet:-1, max-image-preview:large, max-video-preview:-1\" \/>\n<link rel=\"canonical\" href=\"https:\/\/www.meydan.tv\/az\/article\/isteyirik-prezidentimiz-bilsin-ki-bize-ev-tikilmir\/\" \/>\n<meta property=\"og:locale\" content=\"az_AZ\" \/>\n<meta property=\"og:type\" content=\"article\" \/>\n<meta property=\"og:title\" content=\"&#039;&#039;\u0130st\u0259yirik prezidentimiz bilsin ki, biz\u0259 ev tikilmir&#039;&#039; - MEYDAN.TV\" \/>\n<meta property=\"og:description\" content=\"A\u011fdam\u0131n \u00c7\u0259m\u0259nli k\u0259nd sakini S\u0259ad\u0259t Quliyevan\u0131n \u015fikay\u0259tind\u0259n sonra daha bir sakin Meydan TV-y\u0259 \u015fikay\u0259tl\u0259nib\" \/>\n<meta property=\"og:url\" content=\"https:\/\/www.meydan.tv\/az\/article\/isteyirik-prezidentimiz-bilsin-ki-bize-ev-tikilmir\/\" \/>\n<meta property=\"og:site_name\" content=\"MEYDAN.TV\" \/>\n<meta property=\"article:published_time\" content=\"2018-12-25T16:24:03+00:00\" \/>\n<meta property=\"og:image\" content=\"https:\/\/www.meydan.tv\/wp-content\/uploads\/45707.jpg\" \/>\n\t<meta property=\"og:image:width\" content=\"1280\" \/>\n\t<meta property=\"og:image:height\" content=\"720\" \/>\n\t<meta property=\"og:image:type\" content=\"image\/jpeg\" \/>\n<meta name=\"author\" content=\"user-manager\" \/>\n<meta name=\"twitter:card\" content=\"summary_large_image\" \/>\n<script type=\"application\/ld+json\" class=\"yoast-schema-graph\">{\"@context\":\"https:\\\/\\\/schema.org\",\"@graph\":[{\"@type\":\"Article\",\"@id\":\"https:\\\/\\\/www.meydan.tv\\\/az\\\/article\\\/isteyirik-prezidentimiz-bilsin-ki-bize-ev-tikilmir\\\/#article\",\"isPartOf\":{\"@id\":\"https:\\\/\\\/www.meydan.tv\\\/az\\\/article\\\/isteyirik-prezidentimiz-bilsin-ki-bize-ev-tikilmir\\\/\"},\"author\":{\"name\":\"user-manager\",\"@id\":\"https:\\\/\\\/www.meydan.tv\\\/az\\\/#\\\/schema\\\/person\\\/10d11eccf6da3662cf5fdab9806ea91a\"},\"headline\":\"&#8221;\u0130st\u0259yirik prezidentimiz bilsin ki, biz\u0259 ev tikilmir&#8221;\",\"datePublished\":\"2018-12-25T16:24:03+00:00\",\"mainEntityOfPage\":{\"@id\":\"https:\\\/\\\/www.meydan.tv\\\/az\\\/article\\\/isteyirik-prezidentimiz-bilsin-ki-bize-ev-tikilmir\\\/\"},\"wordCount\":1030,\"publisher\":{\"@id\":\"https:\\\/\\\/www.meydan.tv\\\/az\\\/#organization\"},\"image\":{\"@id\":\"https:\\\/\\\/www.meydan.tv\\\/az\\\/article\\\/isteyirik-prezidentimiz-bilsin-ki-bize-ev-tikilmir\\\/#primaryimage\"},\"thumbnailUrl\":\"https:\\\/\\\/www.meydan.tv\\\/wp-content\\\/uploads\\\/45707.jpg\",\"articleSection\":[\"B\u00f6lg\u0259\"],\"inLanguage\":\"az\"},{\"@type\":\"WebPage\",\"@id\":\"https:\\\/\\\/www.meydan.tv\\\/az\\\/article\\\/isteyirik-prezidentimiz-bilsin-ki-bize-ev-tikilmir\\\/\",\"url\":\"https:\\\/\\\/www.meydan.tv\\\/az\\\/article\\\/isteyirik-prezidentimiz-bilsin-ki-bize-ev-tikilmir\\\/\",\"name\":\"''\u0130st\u0259yirik prezidentimiz bilsin ki, biz\u0259 ev tikilmir'' - MEYDAN.TV\",\"isPartOf\":{\"@id\":\"https:\\\/\\\/www.meydan.tv\\\/az\\\/#website\"},\"primaryImageOfPage\":{\"@id\":\"https:\\\/\\\/www.meydan.tv\\\/az\\\/article\\\/isteyirik-prezidentimiz-bilsin-ki-bize-ev-tikilmir\\\/#primaryimage\"},\"image\":{\"@id\":\"https:\\\/\\\/www.meydan.tv\\\/az\\\/article\\\/isteyirik-prezidentimiz-bilsin-ki-bize-ev-tikilmir\\\/#primaryimage\"},\"thumbnailUrl\":\"https:\\\/\\\/www.meydan.tv\\\/wp-content\\\/uploads\\\/45707.jpg\",\"datePublished\":\"2018-12-25T16:24:03+00:00\",\"breadcrumb\":{\"@id\":\"https:\\\/\\\/www.meydan.tv\\\/az\\\/article\\\/isteyirik-prezidentimiz-bilsin-ki-bize-ev-tikilmir\\\/#breadcrumb\"},\"inLanguage\":\"az\",\"potentialAction\":[{\"@type\":\"ReadAction\",\"target\":[\"https:\\\/\\\/www.meydan.tv\\\/az\\\/article\\\/isteyirik-prezidentimiz-bilsin-ki-bize-ev-tikilmir\\\/\"]}]},{\"@type\":\"ImageObject\",\"inLanguage\":\"az\",\"@id\":\"https:\\\/\\\/www.meydan.tv\\\/az\\\/article\\\/isteyirik-prezidentimiz-bilsin-ki-bize-ev-tikilmir\\\/#primaryimage\",\"url\":\"https:\\\/\\\/www.meydan.tv\\\/wp-content\\\/uploads\\\/45707.jpg\",\"contentUrl\":\"https:\\\/\\\/www.meydan.tv\\\/wp-content\\\/uploads\\\/45707.jpg\",\"width\":1280,\"height\":720,\"caption\":\"Source:\"},{\"@type\":\"BreadcrumbList\",\"@id\":\"https:\\\/\\\/www.meydan.tv\\\/az\\\/article\\\/isteyirik-prezidentimiz-bilsin-ki-bize-ev-tikilmir\\\/#breadcrumb\",\"itemListElement\":[{\"@type\":\"ListItem\",\"position\":1,\"name\":\"Ana s\u0259hif\u0259\",\"item\":\"https:\\\/\\\/www.meydan.tv\\\/az\\\/\"},{\"@type\":\"ListItem\",\"position\":2,\"name\":\"B\u00f6lg\u0259\",\"item\":\"https:\\\/\\\/www.meydan.tv\\\/az\\\/section\\\/bolge\\\/\"},{\"@type\":\"ListItem\",\"position\":3,\"name\":\"&#8221;\u0130st\u0259yirik prezidentimiz bilsin ki, biz\u0259 ev tikilmir&#8221;\"}]},{\"@type\":\"WebSite\",\"@id\":\"https:\\\/\\\/www.meydan.tv\\\/az\\\/#website\",\"url\":\"https:\\\/\\\/www.meydan.tv\\\/az\\\/\",\"name\":\"MEYDAN.TV\",\"description\":\"Meydan TV Az\u0259rbaycan\u0131n media m\u0259kan\u0131ndak\u0131 alternativ s\u0259sidir\",\"publisher\":{\"@id\":\"https:\\\/\\\/www.meydan.tv\\\/az\\\/#organization\"},\"potentialAction\":[{\"@type\":\"SearchAction\",\"target\":{\"@type\":\"EntryPoint\",\"urlTemplate\":\"https:\\\/\\\/www.meydan.tv\\\/az\\\/?s={search_term_string}\"},\"query-input\":{\"@type\":\"PropertyValueSpecification\",\"valueRequired\":true,\"valueName\":\"search_term_string\"}}],\"inLanguage\":\"az\"},{\"@type\":\"Organization\",\"@id\":\"https:\\\/\\\/www.meydan.tv\\\/az\\\/#organization\",\"name\":\"Meydan TV\",\"url\":\"https:\\\/\\\/www.meydan.tv\\\/az\\\/\",\"logo\":{\"@type\":\"ImageObject\",\"inLanguage\":\"az\",\"@id\":\"https:\\\/\\\/www.meydan.tv\\\/az\\\/#\\\/schema\\\/logo\\\/image\\\/\",\"url\":\"https:\\\/\\\/www.meydan.tv\\\/wp-content\\\/uploads\\\/2021\\\/07\\\/meydan-logo.svg\",\"contentUrl\":\"https:\\\/\\\/www.meydan.tv\\\/wp-content\\\/uploads\\\/2021\\\/07\\\/meydan-logo.svg\",\"width\":195,\"height\":46,\"caption\":\"Meydan TV\"},\"image\":{\"@id\":\"https:\\\/\\\/www.meydan.tv\\\/az\\\/#\\\/schema\\\/logo\\\/image\\\/\"}},{\"@type\":\"Person\",\"@id\":\"https:\\\/\\\/www.meydan.tv\\\/az\\\/#\\\/schema\\\/person\\\/10d11eccf6da3662cf5fdab9806ea91a\",\"name\":\"user-manager\"}]}<\/script>\n<!-- \/ Yoast SEO plugin. -->","yoast_head_json":{"title":"''\u0130st\u0259yirik prezidentimiz bilsin ki, biz\u0259 ev tikilmir'' - MEYDAN.TV","robots":{"index":"index","follow":"follow","max-snippet":"max-snippet:-1","max-image-preview":"max-image-preview:large","max-video-preview":"max-video-preview:-1"},"canonical":"https:\/\/www.meydan.tv\/az\/article\/isteyirik-prezidentimiz-bilsin-ki-bize-ev-tikilmir\/","og_locale":"az_AZ","og_type":"article","og_title":"''\u0130st\u0259yirik prezidentimiz bilsin ki, biz\u0259 ev tikilmir'' - MEYDAN.TV","og_description":"A\u011fdam\u0131n \u00c7\u0259m\u0259nli k\u0259nd sakini S\u0259ad\u0259t Quliyevan\u0131n \u015fikay\u0259tind\u0259n sonra daha bir sakin Meydan TV-y\u0259 \u015fikay\u0259tl\u0259nib","og_url":"https:\/\/www.meydan.tv\/az\/article\/isteyirik-prezidentimiz-bilsin-ki-bize-ev-tikilmir\/","og_site_name":"MEYDAN.TV","article_published_time":"2018-12-25T16:24:03+00:00","og_image":[{"width":1280,"height":720,"url":"https:\/\/www.meydan.tv\/wp-content\/uploads\/45707.jpg","type":"image\/jpeg"}],"author":"user-manager","twitter_card":"summary_large_image","schema":{"@context":"https:\/\/schema.org","@graph":[{"@type":"Article","@id":"https:\/\/www.meydan.tv\/az\/article\/isteyirik-prezidentimiz-bilsin-ki-bize-ev-tikilmir\/#article","isPartOf":{"@id":"https:\/\/www.meydan.tv\/az\/article\/isteyirik-prezidentimiz-bilsin-ki-bize-ev-tikilmir\/"},"author":{"name":"user-manager","@id":"https:\/\/www.meydan.tv\/az\/#\/schema\/person\/10d11eccf6da3662cf5fdab9806ea91a"},"headline":"&#8221;\u0130st\u0259yirik prezidentimiz bilsin ki, biz\u0259 ev tikilmir&#8221;","datePublished":"2018-12-25T16:24:03+00:00","mainEntityOfPage":{"@id":"https:\/\/www.meydan.tv\/az\/article\/isteyirik-prezidentimiz-bilsin-ki-bize-ev-tikilmir\/"},"wordCount":1030,"publisher":{"@id":"https:\/\/www.meydan.tv\/az\/#organization"},"image":{"@id":"https:\/\/www.meydan.tv\/az\/article\/isteyirik-prezidentimiz-bilsin-ki-bize-ev-tikilmir\/#primaryimage"},"thumbnailUrl":"https:\/\/www.meydan.tv\/wp-content\/uploads\/45707.jpg","articleSection":["B\u00f6lg\u0259"],"inLanguage":"az"},{"@type":"WebPage","@id":"https:\/\/www.meydan.tv\/az\/article\/isteyirik-prezidentimiz-bilsin-ki-bize-ev-tikilmir\/","url":"https:\/\/www.meydan.tv\/az\/article\/isteyirik-prezidentimiz-bilsin-ki-bize-ev-tikilmir\/","name":"''\u0130st\u0259yirik prezidentimiz bilsin ki, biz\u0259 ev tikilmir'' - MEYDAN.TV","isPartOf":{"@id":"https:\/\/www.meydan.tv\/az\/#website"},"primaryImageOfPage":{"@id":"https:\/\/www.meydan.tv\/az\/article\/isteyirik-prezidentimiz-bilsin-ki-bize-ev-tikilmir\/#primaryimage"},"image":{"@id":"https:\/\/www.meydan.tv\/az\/article\/isteyirik-prezidentimiz-bilsin-ki-bize-ev-tikilmir\/#primaryimage"},"thumbnailUrl":"https:\/\/www.meydan.tv\/wp-content\/uploads\/45707.jpg","datePublished":"2018-12-25T16:24:03+00:00","breadcrumb":{"@id":"https:\/\/www.meydan.tv\/az\/article\/isteyirik-prezidentimiz-bilsin-ki-bize-ev-tikilmir\/#breadcrumb"},"inLanguage":"az","potentialAction":[{"@type":"ReadAction","target":["https:\/\/www.meydan.tv\/az\/article\/isteyirik-prezidentimiz-bilsin-ki-bize-ev-tikilmir\/"]}]},{"@type":"ImageObject","inLanguage":"az","@id":"https:\/\/www.meydan.tv\/az\/article\/isteyirik-prezidentimiz-bilsin-ki-bize-ev-tikilmir\/#primaryimage","url":"https:\/\/www.meydan.tv\/wp-content\/uploads\/45707.jpg","contentUrl":"https:\/\/www.meydan.tv\/wp-content\/uploads\/45707.jpg","width":1280,"height":720,"caption":"Source:"},{"@type":"BreadcrumbList","@id":"https:\/\/www.meydan.tv\/az\/article\/isteyirik-prezidentimiz-bilsin-ki-bize-ev-tikilmir\/#breadcrumb","itemListElement":[{"@type":"ListItem","position":1,"name":"Ana s\u0259hif\u0259","item":"https:\/\/www.meydan.tv\/az\/"},{"@type":"ListItem","position":2,"name":"B\u00f6lg\u0259","item":"https:\/\/www.meydan.tv\/az\/section\/bolge\/"},{"@type":"ListItem","position":3,"name":"&#8221;\u0130st\u0259yirik prezidentimiz bilsin ki, biz\u0259 ev tikilmir&#8221;"}]},{"@type":"WebSite","@id":"https:\/\/www.meydan.tv\/az\/#website","url":"https:\/\/www.meydan.tv\/az\/","name":"MEYDAN.TV","description":"Meydan TV Az\u0259rbaycan\u0131n media m\u0259kan\u0131ndak\u0131 alternativ s\u0259sidir","publisher":{"@id":"https:\/\/www.meydan.tv\/az\/#organization"},"potentialAction":[{"@type":"SearchAction","target":{"@type":"EntryPoint","urlTemplate":"https:\/\/www.meydan.tv\/az\/?s={search_term_string}"},"query-input":{"@type":"PropertyValueSpecification","valueRequired":true,"valueName":"search_term_string"}}],"inLanguage":"az"},{"@type":"Organization","@id":"https:\/\/www.meydan.tv\/az\/#organization","name":"Meydan TV","url":"https:\/\/www.meydan.tv\/az\/","logo":{"@type":"ImageObject","inLanguage":"az","@id":"https:\/\/www.meydan.tv\/az\/#\/schema\/logo\/image\/","url":"https:\/\/www.meydan.tv\/wp-content\/uploads\/2021\/07\/meydan-logo.svg","contentUrl":"https:\/\/www.meydan.tv\/wp-content\/uploads\/2021\/07\/meydan-logo.svg","width":195,"height":46,"caption":"Meydan TV"},"image":{"@id":"https:\/\/www.meydan.tv\/az\/#\/schema\/logo\/image\/"}},{"@type":"Person","@id":"https:\/\/www.meydan.tv\/az\/#\/schema\/person\/10d11eccf6da3662cf5fdab9806ea91a","name":"user-manager"}]}},"_links":{"self":[{"href":"https:\/\/www.meydan.tv\/az\/wp-json\/wp\/v2\/posts\/193180","targetHints":{"allow":["GET"]}}],"collection":[{"href":"https:\/\/www.meydan.tv\/az\/wp-json\/wp\/v2\/posts"}],"about":[{"href":"https:\/\/www.meydan.tv\/az\/wp-json\/wp\/v2\/types\/post"}],"author":[{"embeddable":true,"href":"https:\/\/www.meydan.tv\/az\/wp-json\/wp\/v2\/users\/11"}],"replies":[{"embeddable":true,"href":"https:\/\/www.meydan.tv\/az\/wp-json\/wp\/v2\/comments?post=193180"}],"version-history":[{"count":0,"href":"https:\/\/www.meydan.tv\/az\/wp-json\/wp\/v2\/posts\/193180\/revisions"}],"wp:featuredmedia":[{"embeddable":true,"href":"https:\/\/www.meydan.tv\/az\/wp-json\/wp\/v2\/media\/114693"}],"wp:attachment":[{"href":"https:\/\/www.meydan.tv\/az\/wp-json\/wp\/v2\/media?parent=193180"}],"wp:term":[{"taxonomy":"category","embeddable":true,"href":"https:\/\/www.meydan.tv\/az\/wp-json\/wp\/v2\/categories?post=193180"},{"taxonomy":"post_tag","embeddable":true,"href":"https:\/\/www.meydan.tv\/az\/wp-json\/wp\/v2\/tags?post=193180"}],"curies":[{"name":"wp","href":"https:\/\/api.w.org\/{rel}","templated":true}]}}