{"id":193176,"date":"2018-12-25T16:07:59","date_gmt":"2018-12-25T16:07:59","guid":{"rendered":"https:\/\/www.meydan.tv\/article\/eliyevin-yeni-sulhseverliyinin-arxasinda-ne-dayanir\/"},"modified":"2018-12-25T16:07:59","modified_gmt":"2018-12-25T16:07:59","slug":"eliyevin-yeni-sulhseverliyinin-arxasinda-ne-dayanir","status":"publish","type":"post","link":"https:\/\/www.meydan.tv\/az\/article\/eliyevin-yeni-sulhseverliyinin-arxasinda-ne-dayanir\/","title":{"rendered":"\u018fliyevin yeni s\u00fclhsev\u0259rliyinin arxas\u0131nda n\u0259 dayan\u0131r?"},"content":{"rendered":"<p>\n  <i><br \/>\n    \u018fliyevin ist\u0259diyi yaln\u0131z Q\u0259rbi demokratik q\u00fcvv\u0259l\u0259rl\u0259 h\u0259mr\u0259ylikd\u0259n yay\u0131nd\u0131rmaq deyil\u2026<br \/>\n  <\/i>\n<\/p>\n<p>\n  G\u00fcrc\u00fcstan v\u0259 Erm\u0259nistanda inqilabi demokratik d\u0259yi\u015fiklikl\u0259rd\u0259n sonra \u0130lham \u018fliyev Q\u0259rbd\u0259ki, el\u0259 \u015e\u0259rqd\u0259ki d\u0259, himay\u0259darlar\u0131na bir \u015fey t\u0259klif etm\u0259li idi ki, birinci halda \u201cn\u00f6vb\u0259d\u0259 kimdir?\u201d sual\u0131ndan diqq\u0259ti yay\u0131nd\u0131ra bilsin, ikinci halda is\u0259 2019-cu ild\u0259 Erm\u0259nistana g\u00f6st\u0259ril\u0259 bilin\u0259c\u0259k t\u0259zyiqin al\u0259tl\u0259rini aktualla\u015fd\u0131rs\u0131n.\n<\/p>\n<p>\n  T\u0259klif Az\u0259rbaycanda demokratikl\u0259\u015fm\u0259 ola bilm\u0259zdi. Buna g\u00f6r\u0259 d\u0259, \u0130lham \u018fliyev Erm\u0259nistan v\u0259 Az\u0259rbaycan aras\u0131nda davam ed\u0259n Da\u011fl\u0131q Qaraba\u011f m\u00fcnaqi\u015f\u0259sinin dinc yolla h\u0259lli istiqam\u0259tind\u0259 bir f\u0259aliyy\u0259t t\u0259qlid etm\u0259y\u0259 ba\u015flad\u0131.\n<\/p>\n<p>\n  Erm\u0259ni se\u00e7icil\u0259ri aprel inqilab\u0131n\u0131n n\u0259tic\u0259l\u0259rini dekabrda t\u0259sdiql\u0259y\u0259nd\u0259n d\u0259rhal sonra \u018fliyev ordunu Erm\u0259nistanla s\u0259rh\u0259dd\u0259n geri \u00e7\u0259kib, onlar\u0131 y\u00fcng\u00fcl silahl\u0131 s\u0259rh\u0259d qo\u015funlar\u0131 il\u0259 \u0259v\u0259z etdi.\n<\/p>\n<p>\n  Eyni zamanda, Da\u011fl\u0131q Qaraba\u011f\u0131n az\u0259rbaycanl\u0131 icmas\u0131n\u0131n d\u00fcnya ictimaiyy\u0259ti qar\u015f\u0131s\u0131na \u00e7\u0131xar\u0131las\u0131 adam olmayan, k\u00f6hn\u0259lmi\u015f ba\u015f\u00e7\u0131s\u0131, 38 ya\u015fl\u0131 karyera diplomat\u0131 il\u0259 \u0259v\u0259zl\u0259ndi. Bu, Da\u011fl\u0131q Qaraba\u011f irredentistl\u0259ri il\u0259 dialoqun hans\u0131sa formas\u0131na \u018fliyevin haz\u0131r oldu\u011funa dair ayd\u0131n siqnal kimi d\u00fc\u015f\u00fcn\u00fcl\u00fcb.\n<\/p>\n<p>\n  \u018fliyevin ist\u0259diyi yaln\u0131z Q\u0259rbi demokratik q\u00fcvv\u0259l\u0259rl\u0259 h\u0259mr\u0259ylikd\u0259n yay\u0131nd\u0131rmaq deyil, h\u0259m d\u0259 demokratik m\u00fcxalif\u0259ti militaristl\u0259r kimi t\u0259qdim etm\u0259k v\u0259 \u00f6z\u00fcn\u00fc bu fonda s\u00fclh g\u00f6y\u0259r\u00e7ini kimi g\u00f6st\u0259rm\u0259kdir. Bu arada h\u0259tta ail\u0259sinin b\u0259zi \u00fczvl\u0259ri m\u00fcxalifl\u0259ri v\u0259 demokratik prosesl\u0259ri bo\u011fmaq \u00fc\u00e7\u00fcn istifad\u0259 edil\u0259n uzun ill\u0259rin m\u00fcnt\u0259z\u0259m militarist t\u0259bli\u011fat\u0131na uy\u011fun olmayan b\u0259yanatlar verdil\u0259r.\n<\/p>\n<p>\n  \u018fliyevin &#8220;\u015f\u0259rqli&#8221; himay\u0259darlar\u0131na g\u0259ldikd\u0259, s\u00fclh prosesinin f\u0259alla\u015fd\u0131r\u0131lmas\u0131 oyunu onlara da faydal\u0131d\u0131r, \u00e7\u00fcnki onlar Erm\u0259nistan\u0131n Ba\u015f naziri Pa\u015finyan\u0131 ifrat q\u0259rbp\u0259r\u0259stliy\u0259 g\u00f6r\u0259 c\u0259zaland\u0131rmaq ist\u0259y\u0259c\u0259kl\u0259rs\u0259, buna \u201cdan\u0131\u015f\u0131qlar\u0131n iflas\u0131\u201dndan daha yax\u015f\u0131 b\u0259han\u0259 tapmay\u0131b Az\u0259rbaycan ordusunu q\u0259fil h\u00fccuma g\u00f6nd\u0259r\u0259c\u0259kl\u0259r. \u00d6zg\u0259sinin \u0259li il\u0259 i\u015fl\u0259rini g\u00f6rm\u0259kd\u0259n daha yax\u015f\u0131 n\u0259 ola bil\u0259r?\n<\/p>\n<p>\n  Bununla yana\u015f\u0131, \u018fliyevin m\u00fcxalif\u0259ti militaristl\u0259r kimi t\u0259qdim etm\u0259si c\u0259hdl\u0259ri k\u00fctl\u0259l\u0259ri m\u00fcxalif q\u00fcvv\u0259l\u0259r\u0259 co\u015fqulu d\u0259st\u0259k verm\u0259y\u0259 y\u00f6n\u0259ldib, onun hakimiyy\u0259tini \u00e7\u00f6kd\u00fcr\u0259 bil\u0259r. Ona g\u00f6r\u0259 d\u0259, o, h\u0259l\u0259lik bunun do\u011fru yolunu tapa bilmir v\u0259 m\u00fcxalif\u0259td\u0259 el\u0259 bir v\u0259t\u0259np\u0259rv\u0259rlik \u00e7\u0131l\u011f\u0131nl\u0131\u011f\u0131 prosesini ba\u015flatmaq ist\u0259yir ki, ona tamamil\u0259 \u00f6z n\u0259zar\u0259ti alt\u0131ndak\u0131 t\u0259\u015fkilatlar liderlik ed\u0259 bilsinl\u0259r.\n<\/p>\n<p>\n  Amma bu, t\u0259cr\u00fcb\u0259d\u0259 m\u00fcmk\u00fcn deyil. Q\u0259rbd\u0259 kimin kim oldu\u011funu yax\u015f\u0131 bilirl\u0259r. H\u0259m d\u0259 \u00e7iyinl\u0259rimizd\u0259 \u00f6z ba\u015f\u0131m\u0131z var dey\u0259 bel\u0259 bir teatrda i\u015ftirak etm\u0259rik.<br \/>\n  <br \/>\n  Bu teatr\u0131n t\u0259hl\u00fck\u0259si t\u0259kc\u0259 onda deyil ki, dan\u0131\u015f\u0131qlarda sad\u0259l\u00f6vh t\u0259rzd\u0259 ir\u0259lil\u0259yi\u015f g\u00f6zl\u0259y\u0259n apar\u0131c\u0131 \u00f6lk\u0259l\u0259rin g\u00f6z\u00fc qaba\u011f\u0131nda biz\u0259 qar\u015f\u0131 Ka\u015f\u0131k\u00e7\u0131 n\u00fcmun\u0259sind\u0259n ilhamlanan \u015fidd\u0259t do\u011fura bil\u0259r. \u201cPa\u015finyan qeyri-sabit se\u00e7icil\u0259rd\u0259n as\u0131l\u0131d\u0131r, \u018fliyev is\u0259 h\u00f6kmdard\u0131r\u201d, &#8211; deyib, xarici q\u00fcvv\u0259l\u0259rin Az\u0259rbaycan t\u0259r\u0259fini s\u0131xaraq daha \u00e7ox g\u00fcz\u0259\u015ft t\u0259l\u0259b etm\u0259l\u0259ri t\u0259hl\u00fck\u0259l\u0259rd\u0259n ba\u015fl\u0131cas\u0131d\u0131r.\n<\/p>\n<p>\n  Buna g\u00f6r\u0259 d\u0259, milli maraqlar\u0131m\u0131za uy\u011fun qaydada Da\u011fl\u0131q Qaraba\u011f m\u00fcnaqi\u015f\u0259sinin s\u00fclh yolu il\u0259 nizama sal\u0131nmas\u0131 n\u00f6qteyi-n\u0259z\u0259rind\u0259n, \u00f6lk\u0259mizin demokratikl\u0259\u015fdirilm\u0259si ehtiyac\u0131 \u00e7oxunun \u0259vv\u0259ll\u0259r hiss etm\u0259diyi q\u0259d\u0259r k\u0259skinl\u0259\u015fir.\n<\/p>\n<p>\n  <a href=\"https:\/\/ilqarreal.livejournal.com\/2018\/12\/25\/?fbclid=IwAR2Y5DXo4o5cu9n3waUsDdp-h9VaG1_l6AapyBVcoxwvCmghPEbzlsZcSZY\"><br \/>\n    \u0130lqar M\u0259mm\u0259dovun bloqu<br \/>\n  <\/a><\/p>\n","protected":false},"excerpt":{"rendered":"<p>\u018fliyevin ist\u0259diyi yaln\u0131z Q\u0259rbi demokratik q\u00fcvv\u0259l\u0259rl\u0259 h\u0259mr\u0259ylikd\u0259n yay\u0131nd\u0131rmaq deyil\u2026<\/p>\n","protected":false},"author":11,"featured_media":109102,"comment_status":"closed","ping_status":"open","sticky":false,"template":"","format":"standard","meta":{"_acf_changed":false,"_sitemap_exclude":false,"_sitemap_priority":"","_sitemap_frequency":"","footnotes":""},"categories":[51],"tags":[],"class_list":["post-193176","post","type-post","status-publish","format-standard","has-post-thumbnail","hentry","category-analitika","infinite-scroll-item","generate-columns","tablet-grid-50","mobile-grid-100","grid-parent","grid-33","no-featured-image-padding"],"acf":[],"yoast_head":"<!-- This site is optimized with the Yoast SEO plugin v27.4 - https:\/\/yoast.com\/product\/yoast-seo-wordpress\/ -->\n<title>\u018fliyevin yeni s\u00fclhsev\u0259rliyinin arxas\u0131nda n\u0259 dayan\u0131r? - MEYDAN.TV<\/title>\n<meta name=\"robots\" content=\"index, follow, max-snippet:-1, max-image-preview:large, max-video-preview:-1\" \/>\n<link rel=\"canonical\" href=\"https:\/\/www.meydan.tv\/az\/article\/eliyevin-yeni-sulhseverliyinin-arxasinda-ne-dayanir\/\" \/>\n<meta property=\"og:locale\" content=\"az_AZ\" \/>\n<meta property=\"og:type\" content=\"article\" \/>\n<meta property=\"og:title\" content=\"\u018fliyevin yeni s\u00fclhsev\u0259rliyinin arxas\u0131nda n\u0259 dayan\u0131r? - MEYDAN.TV\" \/>\n<meta property=\"og:description\" content=\"\u018fliyevin ist\u0259diyi yaln\u0131z Q\u0259rbi demokratik q\u00fcvv\u0259l\u0259rl\u0259 h\u0259mr\u0259ylikd\u0259n yay\u0131nd\u0131rmaq deyil\u2026\" \/>\n<meta property=\"og:url\" content=\"https:\/\/www.meydan.tv\/az\/article\/eliyevin-yeni-sulhseverliyinin-arxasinda-ne-dayanir\/\" \/>\n<meta property=\"og:site_name\" content=\"MEYDAN.TV\" \/>\n<meta property=\"article:published_time\" content=\"2018-12-25T16:07:59+00:00\" \/>\n<meta property=\"og:image\" content=\"https:\/\/www.meydan.tv\/wp-content\/uploads\/43369.jpg\" \/>\n\t<meta property=\"og:image:width\" content=\"2048\" \/>\n\t<meta property=\"og:image:height\" content=\"1360\" \/>\n\t<meta property=\"og:image:type\" content=\"image\/jpeg\" \/>\n<meta name=\"author\" content=\"user-manager\" \/>\n<meta name=\"twitter:card\" content=\"summary_large_image\" \/>\n<script type=\"application\/ld+json\" class=\"yoast-schema-graph\">{\"@context\":\"https:\\\/\\\/schema.org\",\"@graph\":[{\"@type\":\"Article\",\"@id\":\"https:\\\/\\\/www.meydan.tv\\\/az\\\/article\\\/eliyevin-yeni-sulhseverliyinin-arxasinda-ne-dayanir\\\/#article\",\"isPartOf\":{\"@id\":\"https:\\\/\\\/www.meydan.tv\\\/az\\\/article\\\/eliyevin-yeni-sulhseverliyinin-arxasinda-ne-dayanir\\\/\"},\"author\":{\"name\":\"user-manager\",\"@id\":\"https:\\\/\\\/www.meydan.tv\\\/az\\\/#\\\/schema\\\/person\\\/10d11eccf6da3662cf5fdab9806ea91a\"},\"headline\":\"\u018fliyevin yeni s\u00fclhsev\u0259rliyinin arxas\u0131nda n\u0259 dayan\u0131r?\",\"datePublished\":\"2018-12-25T16:07:59+00:00\",\"mainEntityOfPage\":{\"@id\":\"https:\\\/\\\/www.meydan.tv\\\/az\\\/article\\\/eliyevin-yeni-sulhseverliyinin-arxasinda-ne-dayanir\\\/\"},\"wordCount\":719,\"publisher\":{\"@id\":\"https:\\\/\\\/www.meydan.tv\\\/az\\\/#organization\"},\"image\":{\"@id\":\"https:\\\/\\\/www.meydan.tv\\\/az\\\/article\\\/eliyevin-yeni-sulhseverliyinin-arxasinda-ne-dayanir\\\/#primaryimage\"},\"thumbnailUrl\":\"https:\\\/\\\/www.meydan.tv\\\/wp-content\\\/uploads\\\/43369.jpg\",\"articleSection\":[\"Analitika\"],\"inLanguage\":\"az\"},{\"@type\":\"WebPage\",\"@id\":\"https:\\\/\\\/www.meydan.tv\\\/az\\\/article\\\/eliyevin-yeni-sulhseverliyinin-arxasinda-ne-dayanir\\\/\",\"url\":\"https:\\\/\\\/www.meydan.tv\\\/az\\\/article\\\/eliyevin-yeni-sulhseverliyinin-arxasinda-ne-dayanir\\\/\",\"name\":\"\u018fliyevin yeni s\u00fclhsev\u0259rliyinin arxas\u0131nda n\u0259 dayan\u0131r? - MEYDAN.TV\",\"isPartOf\":{\"@id\":\"https:\\\/\\\/www.meydan.tv\\\/az\\\/#website\"},\"primaryImageOfPage\":{\"@id\":\"https:\\\/\\\/www.meydan.tv\\\/az\\\/article\\\/eliyevin-yeni-sulhseverliyinin-arxasinda-ne-dayanir\\\/#primaryimage\"},\"image\":{\"@id\":\"https:\\\/\\\/www.meydan.tv\\\/az\\\/article\\\/eliyevin-yeni-sulhseverliyinin-arxasinda-ne-dayanir\\\/#primaryimage\"},\"thumbnailUrl\":\"https:\\\/\\\/www.meydan.tv\\\/wp-content\\\/uploads\\\/43369.jpg\",\"datePublished\":\"2018-12-25T16:07:59+00:00\",\"breadcrumb\":{\"@id\":\"https:\\\/\\\/www.meydan.tv\\\/az\\\/article\\\/eliyevin-yeni-sulhseverliyinin-arxasinda-ne-dayanir\\\/#breadcrumb\"},\"inLanguage\":\"az\",\"potentialAction\":[{\"@type\":\"ReadAction\",\"target\":[\"https:\\\/\\\/www.meydan.tv\\\/az\\\/article\\\/eliyevin-yeni-sulhseverliyinin-arxasinda-ne-dayanir\\\/\"]}]},{\"@type\":\"ImageObject\",\"inLanguage\":\"az\",\"@id\":\"https:\\\/\\\/www.meydan.tv\\\/az\\\/article\\\/eliyevin-yeni-sulhseverliyinin-arxasinda-ne-dayanir\\\/#primaryimage\",\"url\":\"https:\\\/\\\/www.meydan.tv\\\/wp-content\\\/uploads\\\/43369.jpg\",\"contentUrl\":\"https:\\\/\\\/www.meydan.tv\\\/wp-content\\\/uploads\\\/43369.jpg\",\"width\":2048,\"height\":1360,\"caption\":\"Source:\"},{\"@type\":\"BreadcrumbList\",\"@id\":\"https:\\\/\\\/www.meydan.tv\\\/az\\\/article\\\/eliyevin-yeni-sulhseverliyinin-arxasinda-ne-dayanir\\\/#breadcrumb\",\"itemListElement\":[{\"@type\":\"ListItem\",\"position\":1,\"name\":\"Ana s\u0259hif\u0259\",\"item\":\"https:\\\/\\\/www.meydan.tv\\\/az\\\/\"},{\"@type\":\"ListItem\",\"position\":2,\"name\":\"Analitika\",\"item\":\"https:\\\/\\\/www.meydan.tv\\\/az\\\/section\\\/analitika\\\/\"},{\"@type\":\"ListItem\",\"position\":3,\"name\":\"\u018fliyevin yeni s\u00fclhsev\u0259rliyinin arxas\u0131nda n\u0259 dayan\u0131r?\"}]},{\"@type\":\"WebSite\",\"@id\":\"https:\\\/\\\/www.meydan.tv\\\/az\\\/#website\",\"url\":\"https:\\\/\\\/www.meydan.tv\\\/az\\\/\",\"name\":\"MEYDAN.TV\",\"description\":\"Meydan TV Az\u0259rbaycan\u0131n media m\u0259kan\u0131ndak\u0131 alternativ s\u0259sidir\",\"publisher\":{\"@id\":\"https:\\\/\\\/www.meydan.tv\\\/az\\\/#organization\"},\"potentialAction\":[{\"@type\":\"SearchAction\",\"target\":{\"@type\":\"EntryPoint\",\"urlTemplate\":\"https:\\\/\\\/www.meydan.tv\\\/az\\\/?s={search_term_string}\"},\"query-input\":{\"@type\":\"PropertyValueSpecification\",\"valueRequired\":true,\"valueName\":\"search_term_string\"}}],\"inLanguage\":\"az\"},{\"@type\":\"Organization\",\"@id\":\"https:\\\/\\\/www.meydan.tv\\\/az\\\/#organization\",\"name\":\"Meydan TV\",\"url\":\"https:\\\/\\\/www.meydan.tv\\\/az\\\/\",\"logo\":{\"@type\":\"ImageObject\",\"inLanguage\":\"az\",\"@id\":\"https:\\\/\\\/www.meydan.tv\\\/az\\\/#\\\/schema\\\/logo\\\/image\\\/\",\"url\":\"https:\\\/\\\/www.meydan.tv\\\/wp-content\\\/uploads\\\/2021\\\/07\\\/meydan-logo.svg\",\"contentUrl\":\"https:\\\/\\\/www.meydan.tv\\\/wp-content\\\/uploads\\\/2021\\\/07\\\/meydan-logo.svg\",\"width\":195,\"height\":46,\"caption\":\"Meydan TV\"},\"image\":{\"@id\":\"https:\\\/\\\/www.meydan.tv\\\/az\\\/#\\\/schema\\\/logo\\\/image\\\/\"}},{\"@type\":\"Person\",\"@id\":\"https:\\\/\\\/www.meydan.tv\\\/az\\\/#\\\/schema\\\/person\\\/10d11eccf6da3662cf5fdab9806ea91a\",\"name\":\"user-manager\"}]}<\/script>\n<!-- \/ Yoast SEO plugin. -->","yoast_head_json":{"title":"\u018fliyevin yeni s\u00fclhsev\u0259rliyinin arxas\u0131nda n\u0259 dayan\u0131r? - MEYDAN.TV","robots":{"index":"index","follow":"follow","max-snippet":"max-snippet:-1","max-image-preview":"max-image-preview:large","max-video-preview":"max-video-preview:-1"},"canonical":"https:\/\/www.meydan.tv\/az\/article\/eliyevin-yeni-sulhseverliyinin-arxasinda-ne-dayanir\/","og_locale":"az_AZ","og_type":"article","og_title":"\u018fliyevin yeni s\u00fclhsev\u0259rliyinin arxas\u0131nda n\u0259 dayan\u0131r? - MEYDAN.TV","og_description":"\u018fliyevin ist\u0259diyi yaln\u0131z Q\u0259rbi demokratik q\u00fcvv\u0259l\u0259rl\u0259 h\u0259mr\u0259ylikd\u0259n yay\u0131nd\u0131rmaq deyil\u2026","og_url":"https:\/\/www.meydan.tv\/az\/article\/eliyevin-yeni-sulhseverliyinin-arxasinda-ne-dayanir\/","og_site_name":"MEYDAN.TV","article_published_time":"2018-12-25T16:07:59+00:00","og_image":[{"width":2048,"height":1360,"url":"https:\/\/www.meydan.tv\/wp-content\/uploads\/43369.jpg","type":"image\/jpeg"}],"author":"user-manager","twitter_card":"summary_large_image","schema":{"@context":"https:\/\/schema.org","@graph":[{"@type":"Article","@id":"https:\/\/www.meydan.tv\/az\/article\/eliyevin-yeni-sulhseverliyinin-arxasinda-ne-dayanir\/#article","isPartOf":{"@id":"https:\/\/www.meydan.tv\/az\/article\/eliyevin-yeni-sulhseverliyinin-arxasinda-ne-dayanir\/"},"author":{"name":"user-manager","@id":"https:\/\/www.meydan.tv\/az\/#\/schema\/person\/10d11eccf6da3662cf5fdab9806ea91a"},"headline":"\u018fliyevin yeni s\u00fclhsev\u0259rliyinin arxas\u0131nda n\u0259 dayan\u0131r?","datePublished":"2018-12-25T16:07:59+00:00","mainEntityOfPage":{"@id":"https:\/\/www.meydan.tv\/az\/article\/eliyevin-yeni-sulhseverliyinin-arxasinda-ne-dayanir\/"},"wordCount":719,"publisher":{"@id":"https:\/\/www.meydan.tv\/az\/#organization"},"image":{"@id":"https:\/\/www.meydan.tv\/az\/article\/eliyevin-yeni-sulhseverliyinin-arxasinda-ne-dayanir\/#primaryimage"},"thumbnailUrl":"https:\/\/www.meydan.tv\/wp-content\/uploads\/43369.jpg","articleSection":["Analitika"],"inLanguage":"az"},{"@type":"WebPage","@id":"https:\/\/www.meydan.tv\/az\/article\/eliyevin-yeni-sulhseverliyinin-arxasinda-ne-dayanir\/","url":"https:\/\/www.meydan.tv\/az\/article\/eliyevin-yeni-sulhseverliyinin-arxasinda-ne-dayanir\/","name":"\u018fliyevin yeni s\u00fclhsev\u0259rliyinin arxas\u0131nda n\u0259 dayan\u0131r? - MEYDAN.TV","isPartOf":{"@id":"https:\/\/www.meydan.tv\/az\/#website"},"primaryImageOfPage":{"@id":"https:\/\/www.meydan.tv\/az\/article\/eliyevin-yeni-sulhseverliyinin-arxasinda-ne-dayanir\/#primaryimage"},"image":{"@id":"https:\/\/www.meydan.tv\/az\/article\/eliyevin-yeni-sulhseverliyinin-arxasinda-ne-dayanir\/#primaryimage"},"thumbnailUrl":"https:\/\/www.meydan.tv\/wp-content\/uploads\/43369.jpg","datePublished":"2018-12-25T16:07:59+00:00","breadcrumb":{"@id":"https:\/\/www.meydan.tv\/az\/article\/eliyevin-yeni-sulhseverliyinin-arxasinda-ne-dayanir\/#breadcrumb"},"inLanguage":"az","potentialAction":[{"@type":"ReadAction","target":["https:\/\/www.meydan.tv\/az\/article\/eliyevin-yeni-sulhseverliyinin-arxasinda-ne-dayanir\/"]}]},{"@type":"ImageObject","inLanguage":"az","@id":"https:\/\/www.meydan.tv\/az\/article\/eliyevin-yeni-sulhseverliyinin-arxasinda-ne-dayanir\/#primaryimage","url":"https:\/\/www.meydan.tv\/wp-content\/uploads\/43369.jpg","contentUrl":"https:\/\/www.meydan.tv\/wp-content\/uploads\/43369.jpg","width":2048,"height":1360,"caption":"Source:"},{"@type":"BreadcrumbList","@id":"https:\/\/www.meydan.tv\/az\/article\/eliyevin-yeni-sulhseverliyinin-arxasinda-ne-dayanir\/#breadcrumb","itemListElement":[{"@type":"ListItem","position":1,"name":"Ana s\u0259hif\u0259","item":"https:\/\/www.meydan.tv\/az\/"},{"@type":"ListItem","position":2,"name":"Analitika","item":"https:\/\/www.meydan.tv\/az\/section\/analitika\/"},{"@type":"ListItem","position":3,"name":"\u018fliyevin yeni s\u00fclhsev\u0259rliyinin arxas\u0131nda n\u0259 dayan\u0131r?"}]},{"@type":"WebSite","@id":"https:\/\/www.meydan.tv\/az\/#website","url":"https:\/\/www.meydan.tv\/az\/","name":"MEYDAN.TV","description":"Meydan TV Az\u0259rbaycan\u0131n media m\u0259kan\u0131ndak\u0131 alternativ s\u0259sidir","publisher":{"@id":"https:\/\/www.meydan.tv\/az\/#organization"},"potentialAction":[{"@type":"SearchAction","target":{"@type":"EntryPoint","urlTemplate":"https:\/\/www.meydan.tv\/az\/?s={search_term_string}"},"query-input":{"@type":"PropertyValueSpecification","valueRequired":true,"valueName":"search_term_string"}}],"inLanguage":"az"},{"@type":"Organization","@id":"https:\/\/www.meydan.tv\/az\/#organization","name":"Meydan TV","url":"https:\/\/www.meydan.tv\/az\/","logo":{"@type":"ImageObject","inLanguage":"az","@id":"https:\/\/www.meydan.tv\/az\/#\/schema\/logo\/image\/","url":"https:\/\/www.meydan.tv\/wp-content\/uploads\/2021\/07\/meydan-logo.svg","contentUrl":"https:\/\/www.meydan.tv\/wp-content\/uploads\/2021\/07\/meydan-logo.svg","width":195,"height":46,"caption":"Meydan TV"},"image":{"@id":"https:\/\/www.meydan.tv\/az\/#\/schema\/logo\/image\/"}},{"@type":"Person","@id":"https:\/\/www.meydan.tv\/az\/#\/schema\/person\/10d11eccf6da3662cf5fdab9806ea91a","name":"user-manager"}]}},"_links":{"self":[{"href":"https:\/\/www.meydan.tv\/az\/wp-json\/wp\/v2\/posts\/193176","targetHints":{"allow":["GET"]}}],"collection":[{"href":"https:\/\/www.meydan.tv\/az\/wp-json\/wp\/v2\/posts"}],"about":[{"href":"https:\/\/www.meydan.tv\/az\/wp-json\/wp\/v2\/types\/post"}],"author":[{"embeddable":true,"href":"https:\/\/www.meydan.tv\/az\/wp-json\/wp\/v2\/users\/11"}],"replies":[{"embeddable":true,"href":"https:\/\/www.meydan.tv\/az\/wp-json\/wp\/v2\/comments?post=193176"}],"version-history":[{"count":0,"href":"https:\/\/www.meydan.tv\/az\/wp-json\/wp\/v2\/posts\/193176\/revisions"}],"wp:featuredmedia":[{"embeddable":true,"href":"https:\/\/www.meydan.tv\/az\/wp-json\/wp\/v2\/media\/109102"}],"wp:attachment":[{"href":"https:\/\/www.meydan.tv\/az\/wp-json\/wp\/v2\/media?parent=193176"}],"wp:term":[{"taxonomy":"category","embeddable":true,"href":"https:\/\/www.meydan.tv\/az\/wp-json\/wp\/v2\/categories?post=193176"},{"taxonomy":"post_tag","embeddable":true,"href":"https:\/\/www.meydan.tv\/az\/wp-json\/wp\/v2\/tags?post=193176"}],"curies":[{"name":"wp","href":"https:\/\/api.w.org\/{rel}","templated":true}]}}