{"id":193168,"date":"2018-12-24T18:11:50","date_gmt":"2018-12-24T18:11:50","guid":{"rendered":"https:\/\/www.meydan.tv\/article\/insanliq-selahiyyeti\/"},"modified":"2018-12-24T18:11:50","modified_gmt":"2018-12-24T18:11:50","slug":"insanliq-selahiyyeti","status":"publish","type":"post","link":"https:\/\/www.meydan.tv\/az\/article\/insanliq-selahiyyeti\/","title":{"rendered":"\u0130nsanl\u0131q s\u0259lahiyy\u0259ti"},"content":{"rendered":"<figure class=\"wp-block-image size-large\">\n  <img decoding=\"async\" src=\"https:\/\/www.meydan.tv\/az\/rovsen-hacibeyli\/\" alt=\"R\u00f6v\u015f\u0259n Hac\u0131b\u0259yli\" class=\"wp-image-111245\"\/><figcaption>\n    R\u00f6v\u015f\u0259n Hac\u0131b\u0259yli<br \/>\n  <\/figcaption><\/figure>\n<p>\n  <i><br \/>\n    O kims\u0259sizl\u0259r t\u0259kc\u0259 qon\u015fular\u0131nm\u0131 \u00fcmidin\u0259 qalmal\u0131d\u0131r?<br \/>\n  <\/i>\n<\/p>\n<p>\n  K\u00fcrd\u0259mir sakini Esmira \u018fzizova il\u0259 ba\u011fl\u0131 Meydan TV-d\u0259 ged\u0259n yaz\u0131n\u0131 h\u0259y\u0259cans\u0131z oxumaq olmur. \u0130\u015fsiz-g\u00fccs\u00fcz olan qad\u0131n yar\u0131u\u00e7uq evd\u0259 t\u0259k ya\u015fay\u0131r, kims\u0259si yoxdur, ancaq qon\u015fular\u0131n insaf\u0131na v\u0259 \u00fcmidin\u0259 qal\u0131r. Dey\u0259c\u0259ksiniz, \u00f6lk\u0259d\u0259 bel\u0259l\u0259ri \u00e7oxdur, bilir\u0259m, bundan bet\u0259r g\u00fcnd\u0259 olanlar da var. Ara-s\u0131ra sosial \u015f\u0259b\u0259k\u0259l\u0259rd\u0259, saytlarda bu imkans\u0131z adamlarla ba\u011fl\u0131 yaz\u0131lar gedir, xeyirxah \u015f\u0259xsl\u0259r yard\u0131m kampaniyas\u0131 apar\u0131r. Bunlar ham\u0131s\u0131 g\u00f6z\u0259ldir, yard\u0131mla\u015fmaq, ba\u015fqas\u0131n\u0131n d\u0259rdini, k\u0259d\u0259rini b\u00f6l\u00fc\u015fm\u0259k \u00e7ox yax\u015f\u0131d\u0131r.\n<\/p>\n<p>\n  Maraql\u0131 m\u0259qam n\u0259dir? Bel\u0259 kampaniyalar\u0131, ad\u0259t\u0259n, paytaxtdak\u0131 yard\u0131msev\u0259r adamlar apar\u0131r, onlardan biri d\u0259 q\u0259hr\u0259man\u0131m\u0131z\u0131n ada\u015f\u0131, jurnalist dostumuz Esmira Cavadovad\u0131r. Ba\u015fqa yard\u0131msev\u0259rl\u0259r kimi, o da bu i\u015finin reklam\u0131n\u0131 xo\u015flam\u0131r. Sa\u011f \u0259l v\u0259 sol \u0259l m\u0259s\u0259linin f\u0259ls\u0259f\u0259sini bil\u0259nl\u0259rd\u0259ndir. Bununla i\u015fimiz yox. B\u0259s regionlarda niy\u0259 bu \u0259n\u0259n\u0259 geni\u015f yay\u0131lmay\u0131b? Raz\u0131yam, regionlarda \u0259halinin h\u0259yat s\u0259viyy\u0259si a\u015fa\u011f\u0131d\u0131r, \u00e7oxu \u00f6z \u00e7ulunu sudan g\u00fccl\u0259 \u00e7\u0131xar\u0131r. Ancaq dolan\u0131\u015f\u0131\u011f\u0131 yax\u015f\u0131 olanlar da az deyil. B\u0259zil\u0259rinin dolan\u0131\u015f\u0131\u011f\u0131 o q\u0259d\u0259r yax\u015f\u0131 olur ki, ba\u015fqa ist\u0259kl\u0259ri d\u0259 yaran\u0131r. Bu ist\u0259kl\u0259rin \u0259n populyar\u0131 M\u0259kk\u0259y\u0259 getm\u0259kdir. H\u0259r il Az\u0259rbaycandan H\u0259cc ziyar\u0259tin\u0259 ged\u0259nl\u0259r ancaq Bak\u0131da ya\u015fam\u0131r ki&#8230; Regionlarda da Hac\u0131 olmaq arzusuyla ya\u015fayanlar, ziyar\u0259t \u00fc\u00e7\u00fcn pul toplayanlar, \u201cRusiy\u0259td\u0259ki\u201d o\u011flundan, qohumundan buna g\u00f6r\u0259 pul ist\u0259y\u0259nl\u0259r d\u0259 var. Onlar Hac\u0131 olma\u011f\u0131n qaydalar\u0131n\u0131 d\u0259qiq \u00f6yr\u0259n\u0259nd\u0259n sonra s\u0259f\u0259r\u0259 \u00e7\u0131x\u0131rlar, y\u0259ni ziyar\u0259t\u0259 haz\u0131r gedirl\u0259r. Unudurlar ki, o ziyar\u0259tin ba\u015fl\u0131ca \u015f\u0259rtl\u0259rind\u0259n biri xeyirxahl\u0131qd\u0131r, ba\u015fqalar\u0131na, imkans\u0131zlara, kas\u0131blara \u0259l tutmaqd\u0131r.\n<\/p>\n<p>\n  Bununla ba\u011fl\u0131 h\u0259disl\u0259rd\u0259 d\u0259 deyilir: \u201cQon\u015fusu ac olan\u0131n ziyar\u0259ti q\u0259bul olunmaz\u201d, \u201cQon\u015fusu ac ik\u0259n \u00f6z\u00fc tox yatan m\u00fcs\u0259lman deyil\u201d. Bu h\u0259disl\u0259rin olub-olmad\u0131\u011f\u0131n\u0131 bilmir\u0259m, ancaq bu s\u00f6zl\u0259rd\u0259 h\u0259qiq\u0259t var. Adamlar\u0131 xeyirxahl\u0131\u011fa s\u0259sl\u0259y\u0259n \u00e7a\u011f\u0131r\u0131\u015f var. Kiml\u0259r \u00fc\u00e7\u00fcns\u0259 ibr\u0259t d\u0259rsi var. D\u0259rs al\u0131r\u0131qm\u0131? K\u00fcrd\u0259mird\u0259 n\u0259 q\u0259d\u0259r Hac\u0131 oldu\u011fundan x\u0259b\u0259rim yoxdur, g\u00fcman edir\u0259m, Az\u0259rbaycanda geni\u015f t\u0259bli\u011f olunan, h\u0259r il 3-5 min adam\u0131n ziyar\u0259t\u0259 getdiyi M\u0259kk\u0259y\u0259 yolu d\u00fc\u015f\u0259nl\u0259r aras\u0131nda k\u00fcrd\u0259mirlil\u0259r d\u0259 var&#8230;\n<\/p>\n<p>\n  H\u0259min adamlar\u0131n ya\u015fad\u0131\u011f\u0131, yas yerl\u0259rind\u0259 ba\u015fa \u00e7\u0259kildiyi rayonda, g\u00f6r\u0259s\u0259n, ne\u00e7\u0259 bel\u0259 kims\u0259siz v\u0259 \u00e7ox imkans\u0131z olan var? Bir k\u0259ndd\u0259 n\u0259 q\u0259d\u0259r bu durumda olan adam ya\u015fay\u0131r? Bir k\u0259nd bir, ya bir ne\u00e7\u0259 bel\u0259 kims\u0259sizinin z\u0259ruri ehtiyaclar\u0131n\u0131 \u00f6d\u0259m\u0259k g\u00fcc\u00fcnd\u0259 olmazm\u0131? D\u00f6vl\u0259tl\u0259 ayd\u0131nd\u0131r, had\u0131kimil\u0259rin s\u0259lahiyy\u0259t yiy\u0259si, s\u00f6z sahibi oldu\u011fu yerd\u0259n k\u00f6m\u0259k umma\u011fa d\u0259ym\u0259z. B\u0259s \u00f6z\u00fcm\u00fcz\u0259 n\u0259 g\u0259lib, \u0259traf\u0131m\u0131zdak\u0131lara niy\u0259 diqq\u0259t ay\u0131rm\u0131r\u0131q, niy\u0259 o imkans\u0131zlar\u0131 g\u00f6rm\u0259k, onlara \u0259l uzatmaq ist\u0259mirik? O kims\u0259sizl\u0259r t\u0259kc\u0259 qon\u015fular\u0131nm\u0131 \u00fcmidin\u0259 qalmal\u0131d\u0131r?\n<\/p>\n<p>\n  Esmira \u018fzizova il\u0259 ba\u011fl\u0131 X\u0131rdapay k\u0259ndinin icra n\u00fcmay\u0259nd\u0259si \u0130lyas Q\u0259dirov Meydan TV-nin sual\u0131na cavab\u0131nda bu qad\u0131n\u0131 tan\u0131mad\u0131\u011f\u0131n\u0131, he\u00e7 vaxt onlara m\u00fcraci\u0259t etm\u0259diyini deyib. Sonra da \u0259lav\u0259 edib: \u201cBiz\u0259 k\u00f6m\u0259k \u00fc\u00e7\u00fcn m\u00fcraci\u0259t etdiyini xat\u0131rlam\u0131ram. Ets\u0259 bel\u0259, biz ona n\u0259 k\u00f6m\u0259k ed\u0259 bil\u0259rik ki? Bel\u0259 bir s\u0259lahiyy\u0259timiz yoxdur&#8221;.\n<\/p>\n<p>\n  Bax, bel\u0259l\u0259rinin s\u0259lahiyy\u0259t yiy\u0259si oldu\u011fu \u00f6lk\u0259d\u0259 ya\u015fay\u0131r\u0131q. Adam\u0131n m\u0259sul oldu\u011fu \u0259razid\u0259 ya\u015fayanlardan x\u0259b\u0259ri yoxdur. B\u0259s nec\u0259 olur, yuxar\u0131dan m\u00fcxalif\u0259t\u00e7i ovu g\u00f6st\u0259ri\u015fi g\u0259l\u0259n kimi icra n\u00fcmay\u0259nd\u0259l\u0259ri onlar\u0131n \u00f6zl\u0259ri il\u0259 yana\u015f\u0131, b\u00fct\u00fcn yax\u0131nlar\u0131n\u0131n, qohumlar\u0131n\u0131n \u00fcnvan\u0131n\u0131 ni\u015fan verir, ancaq kims\u0259sizd\u0259n x\u0259b\u0259r tutmur? Ax\u0131 v\u0259zif\u0259 borcu h\u0259m d\u0259 kims\u0259sizl\u0259, yard\u0131ma ehtiyac\u0131 olanla maraqlanmaq, probleminin h\u0259lli \u00fc\u00e7\u00fcn yuxar\u0131lara x\u0259b\u0259r \u00e7atd\u0131rmaqd\u0131r. Kim\u0259s\u0259 yard\u0131m etm\u0259k \u00fc\u00e7\u00fcn adama s\u0259lahiyy\u0259tmi g\u0259r\u0259kmi\u015f? \u0130nsanl\u0131q b\u00fct\u00fcn s\u0259lahiyy\u0259tl\u0259rin \u00f6n\u00fcnd\u0259 g\u0259lmirmi, h\u00f6rm\u0259tli icra n\u00fcmay\u0259nd\u0259si?\n<\/p>\n<p>\n  T\u00fcrk seriallar\u0131ndan birind\u0259 \u00e7ox ibr\u0259tamiz epizod var. M\u00fcdafi\u0259 naziri zabiti \u00e7a\u011f\u0131r\u0131b niy\u0259 ingilis h\u0259rb\u00e7isin\u0259 salam verm\u0259diyini soru\u015fur. Zabit is\u0259 ingilis h\u0259rb\u00e7isinin r\u00fctb\u0259c\u0259 ondan ki\u00e7ik oldu\u011fu \u00fc\u00e7\u00fcn birinci onun h\u0259rbi salam verm\u0259li oldu\u011funu deyir. Nazir ingilisl\u0259rin m\u00fcharib\u0259d\u0259 qalib olduqlar\u0131n\u0131 deyir v\u0259 problem yaratmamaq \u00fc\u00e7\u00fcn zabit\u0259 ondan \u00fczr ist\u0259m\u0259sini m\u0259sl\u0259h\u0259t bilir. Zabits\u0259 boynunda \u00f6l\u0259n \u0259sg\u0259rl\u0259rinin, s\u0259ng\u0259r yolda\u015flar\u0131n\u0131n haqq\u0131n\u0131n oldu\u011funu deyib ingilisd\u0259n \u00fczr ist\u0259m\u0259y\u0259c\u0259yini bildirir. Nazir \u0259mr verdikd\u0259s\u0259 paqonlar\u0131n\u0131 qopar\u0131b masan\u0131n \u00fcst\u00fcn\u0259 qoyur, art\u0131q h\u0259rb\u00e7i olmad\u0131\u011f\u0131n\u0131, bu s\u0259b\u0259bd\u0259n onun \u0259mrini yerin\u0259 yetirm\u0259y\u0259c\u0259yini deyib otaqdan \u00e7\u0131x\u0131r.\n<\/p>\n<p>\n  \u0130nsanl\u0131q namin\u0259 s\u0259lahiyy\u0259timizd\u0259n ke\u00e7m\u0259k bu q\u0259d\u0259rmi \u00e7\u0259tindir? Bu sual \u015f\u0259hid valideynl\u0259rini d\u00f6vl\u0259t idar\u0259l\u0259rinin qaba\u011f\u0131nda s\u00fcr\u00fcnd\u00fcr\u0259nl\u0259r\u0259 d\u0259 aiddir.\n<\/p>\n<p>\n  H\u0259rd\u0259n he\u00e7 olmasa evd\u0259 rahat kreslolar\u0131n\u0131za yayxan\u0131b filml\u0259r\u0259 bax\u0131n; \u0259traf\u0131n\u0131zdak\u0131 film kimi h\u0259yat\u0131 g\u00f6rm\u0259k bu q\u0259d\u0259r \u00e7\u0259tindirs\u0259&#8230;\n<\/p>\n<p>\n  <b><br \/>\n    <i><br \/>\n      Yaz\u0131 m\u00fc\u0259llifin fikirl\u0259rini \u0259ks etdirir v\u0259 Meydan TV-nin m\u00f6vqeyi il\u0259 \u00fcst-\u00fcst\u0259 d\u00fc\u015fm\u0259y\u0259 bil\u0259r.<br \/>\n    <\/i><br \/>\n  <\/b><\/p>\n","protected":false},"excerpt":{"rendered":"<p>O kims\u0259sizl\u0259r t\u0259kc\u0259 qon\u015fular\u0131nm\u0131 \u00fcmidin\u0259 qalmal\u0131d\u0131r?<\/p>\n","protected":false},"author":11,"featured_media":111245,"comment_status":"closed","ping_status":"open","sticky":false,"template":"","format":"standard","meta":{"_acf_changed":false,"_sitemap_exclude":false,"_sitemap_priority":"","_sitemap_frequency":"","footnotes":""},"categories":[57],"tags":[],"class_list":["post-193168","post","type-post","status-publish","format-standard","has-post-thumbnail","hentry","category-menim-fikrimce","infinite-scroll-item","generate-columns","tablet-grid-50","mobile-grid-100","grid-parent","grid-33","no-featured-image-padding"],"acf":[],"yoast_head":"<!-- This site is optimized with the Yoast SEO plugin v27.4 - https:\/\/yoast.com\/product\/yoast-seo-wordpress\/ -->\n<title>\u0130nsanl\u0131q s\u0259lahiyy\u0259ti - MEYDAN.TV<\/title>\n<meta name=\"robots\" content=\"index, follow, max-snippet:-1, max-image-preview:large, max-video-preview:-1\" \/>\n<link rel=\"canonical\" href=\"https:\/\/www.meydan.tv\/az\/article\/insanliq-selahiyyeti\/\" \/>\n<meta property=\"og:locale\" content=\"az_AZ\" \/>\n<meta property=\"og:type\" content=\"article\" \/>\n<meta property=\"og:title\" content=\"\u0130nsanl\u0131q s\u0259lahiyy\u0259ti - MEYDAN.TV\" \/>\n<meta property=\"og:description\" content=\"O kims\u0259sizl\u0259r t\u0259kc\u0259 qon\u015fular\u0131nm\u0131 \u00fcmidin\u0259 qalmal\u0131d\u0131r?\" \/>\n<meta property=\"og:url\" content=\"https:\/\/www.meydan.tv\/az\/article\/insanliq-selahiyyeti\/\" \/>\n<meta property=\"og:site_name\" content=\"MEYDAN.TV\" \/>\n<meta property=\"article:published_time\" content=\"2018-12-24T18:11:50+00:00\" \/>\n<meta property=\"og:image\" content=\"https:\/\/www.meydan.tv\/wp-content\/uploads\/44272.jpg\" \/>\n\t<meta property=\"og:image:width\" content=\"810\" \/>\n\t<meta property=\"og:image:height\" content=\"450\" \/>\n\t<meta property=\"og:image:type\" content=\"image\/jpeg\" \/>\n<meta name=\"author\" content=\"user-manager\" \/>\n<meta name=\"twitter:card\" content=\"summary_large_image\" \/>\n<script type=\"application\/ld+json\" class=\"yoast-schema-graph\">{\"@context\":\"https:\\\/\\\/schema.org\",\"@graph\":[{\"@type\":\"Article\",\"@id\":\"https:\\\/\\\/www.meydan.tv\\\/az\\\/article\\\/insanliq-selahiyyeti\\\/#article\",\"isPartOf\":{\"@id\":\"https:\\\/\\\/www.meydan.tv\\\/az\\\/article\\\/insanliq-selahiyyeti\\\/\"},\"author\":{\"name\":\"user-manager\",\"@id\":\"https:\\\/\\\/www.meydan.tv\\\/az\\\/#\\\/schema\\\/person\\\/10d11eccf6da3662cf5fdab9806ea91a\"},\"headline\":\"\u0130nsanl\u0131q s\u0259lahiyy\u0259ti\",\"datePublished\":\"2018-12-24T18:11:50+00:00\",\"mainEntityOfPage\":{\"@id\":\"https:\\\/\\\/www.meydan.tv\\\/az\\\/article\\\/insanliq-selahiyyeti\\\/\"},\"wordCount\":1079,\"publisher\":{\"@id\":\"https:\\\/\\\/www.meydan.tv\\\/az\\\/#organization\"},\"image\":{\"@id\":\"https:\\\/\\\/www.meydan.tv\\\/az\\\/article\\\/insanliq-selahiyyeti\\\/#primaryimage\"},\"thumbnailUrl\":\"https:\\\/\\\/www.meydan.tv\\\/wp-content\\\/uploads\\\/44272.jpg\",\"articleSection\":[\"M\u0259nim Fikrimc\u0259\"],\"inLanguage\":\"az\"},{\"@type\":\"WebPage\",\"@id\":\"https:\\\/\\\/www.meydan.tv\\\/az\\\/article\\\/insanliq-selahiyyeti\\\/\",\"url\":\"https:\\\/\\\/www.meydan.tv\\\/az\\\/article\\\/insanliq-selahiyyeti\\\/\",\"name\":\"\u0130nsanl\u0131q s\u0259lahiyy\u0259ti - MEYDAN.TV\",\"isPartOf\":{\"@id\":\"https:\\\/\\\/www.meydan.tv\\\/az\\\/#website\"},\"primaryImageOfPage\":{\"@id\":\"https:\\\/\\\/www.meydan.tv\\\/az\\\/article\\\/insanliq-selahiyyeti\\\/#primaryimage\"},\"image\":{\"@id\":\"https:\\\/\\\/www.meydan.tv\\\/az\\\/article\\\/insanliq-selahiyyeti\\\/#primaryimage\"},\"thumbnailUrl\":\"https:\\\/\\\/www.meydan.tv\\\/wp-content\\\/uploads\\\/44272.jpg\",\"datePublished\":\"2018-12-24T18:11:50+00:00\",\"breadcrumb\":{\"@id\":\"https:\\\/\\\/www.meydan.tv\\\/az\\\/article\\\/insanliq-selahiyyeti\\\/#breadcrumb\"},\"inLanguage\":\"az\",\"potentialAction\":[{\"@type\":\"ReadAction\",\"target\":[\"https:\\\/\\\/www.meydan.tv\\\/az\\\/article\\\/insanliq-selahiyyeti\\\/\"]}]},{\"@type\":\"ImageObject\",\"inLanguage\":\"az\",\"@id\":\"https:\\\/\\\/www.meydan.tv\\\/az\\\/article\\\/insanliq-selahiyyeti\\\/#primaryimage\",\"url\":\"https:\\\/\\\/www.meydan.tv\\\/wp-content\\\/uploads\\\/44272.jpg\",\"contentUrl\":\"https:\\\/\\\/www.meydan.tv\\\/wp-content\\\/uploads\\\/44272.jpg\",\"width\":810,\"height\":450,\"caption\":\"Source:\"},{\"@type\":\"BreadcrumbList\",\"@id\":\"https:\\\/\\\/www.meydan.tv\\\/az\\\/article\\\/insanliq-selahiyyeti\\\/#breadcrumb\",\"itemListElement\":[{\"@type\":\"ListItem\",\"position\":1,\"name\":\"Ana s\u0259hif\u0259\",\"item\":\"https:\\\/\\\/www.meydan.tv\\\/az\\\/\"},{\"@type\":\"ListItem\",\"position\":2,\"name\":\"M\u0259nim Fikrimc\u0259\",\"item\":\"https:\\\/\\\/www.meydan.tv\\\/az\\\/section\\\/menim-fikrimce\\\/\"},{\"@type\":\"ListItem\",\"position\":3,\"name\":\"\u0130nsanl\u0131q s\u0259lahiyy\u0259ti\"}]},{\"@type\":\"WebSite\",\"@id\":\"https:\\\/\\\/www.meydan.tv\\\/az\\\/#website\",\"url\":\"https:\\\/\\\/www.meydan.tv\\\/az\\\/\",\"name\":\"MEYDAN.TV\",\"description\":\"Meydan TV Az\u0259rbaycan\u0131n media m\u0259kan\u0131ndak\u0131 alternativ s\u0259sidir\",\"publisher\":{\"@id\":\"https:\\\/\\\/www.meydan.tv\\\/az\\\/#organization\"},\"potentialAction\":[{\"@type\":\"SearchAction\",\"target\":{\"@type\":\"EntryPoint\",\"urlTemplate\":\"https:\\\/\\\/www.meydan.tv\\\/az\\\/?s={search_term_string}\"},\"query-input\":{\"@type\":\"PropertyValueSpecification\",\"valueRequired\":true,\"valueName\":\"search_term_string\"}}],\"inLanguage\":\"az\"},{\"@type\":\"Organization\",\"@id\":\"https:\\\/\\\/www.meydan.tv\\\/az\\\/#organization\",\"name\":\"Meydan TV\",\"url\":\"https:\\\/\\\/www.meydan.tv\\\/az\\\/\",\"logo\":{\"@type\":\"ImageObject\",\"inLanguage\":\"az\",\"@id\":\"https:\\\/\\\/www.meydan.tv\\\/az\\\/#\\\/schema\\\/logo\\\/image\\\/\",\"url\":\"https:\\\/\\\/www.meydan.tv\\\/wp-content\\\/uploads\\\/2021\\\/07\\\/meydan-logo.svg\",\"contentUrl\":\"https:\\\/\\\/www.meydan.tv\\\/wp-content\\\/uploads\\\/2021\\\/07\\\/meydan-logo.svg\",\"width\":195,\"height\":46,\"caption\":\"Meydan TV\"},\"image\":{\"@id\":\"https:\\\/\\\/www.meydan.tv\\\/az\\\/#\\\/schema\\\/logo\\\/image\\\/\"}},{\"@type\":\"Person\",\"@id\":\"https:\\\/\\\/www.meydan.tv\\\/az\\\/#\\\/schema\\\/person\\\/10d11eccf6da3662cf5fdab9806ea91a\",\"name\":\"user-manager\"}]}<\/script>\n<!-- \/ Yoast SEO plugin. -->","yoast_head_json":{"title":"\u0130nsanl\u0131q s\u0259lahiyy\u0259ti - MEYDAN.TV","robots":{"index":"index","follow":"follow","max-snippet":"max-snippet:-1","max-image-preview":"max-image-preview:large","max-video-preview":"max-video-preview:-1"},"canonical":"https:\/\/www.meydan.tv\/az\/article\/insanliq-selahiyyeti\/","og_locale":"az_AZ","og_type":"article","og_title":"\u0130nsanl\u0131q s\u0259lahiyy\u0259ti - MEYDAN.TV","og_description":"O kims\u0259sizl\u0259r t\u0259kc\u0259 qon\u015fular\u0131nm\u0131 \u00fcmidin\u0259 qalmal\u0131d\u0131r?","og_url":"https:\/\/www.meydan.tv\/az\/article\/insanliq-selahiyyeti\/","og_site_name":"MEYDAN.TV","article_published_time":"2018-12-24T18:11:50+00:00","og_image":[{"width":810,"height":450,"url":"https:\/\/www.meydan.tv\/wp-content\/uploads\/44272.jpg","type":"image\/jpeg"}],"author":"user-manager","twitter_card":"summary_large_image","schema":{"@context":"https:\/\/schema.org","@graph":[{"@type":"Article","@id":"https:\/\/www.meydan.tv\/az\/article\/insanliq-selahiyyeti\/#article","isPartOf":{"@id":"https:\/\/www.meydan.tv\/az\/article\/insanliq-selahiyyeti\/"},"author":{"name":"user-manager","@id":"https:\/\/www.meydan.tv\/az\/#\/schema\/person\/10d11eccf6da3662cf5fdab9806ea91a"},"headline":"\u0130nsanl\u0131q s\u0259lahiyy\u0259ti","datePublished":"2018-12-24T18:11:50+00:00","mainEntityOfPage":{"@id":"https:\/\/www.meydan.tv\/az\/article\/insanliq-selahiyyeti\/"},"wordCount":1079,"publisher":{"@id":"https:\/\/www.meydan.tv\/az\/#organization"},"image":{"@id":"https:\/\/www.meydan.tv\/az\/article\/insanliq-selahiyyeti\/#primaryimage"},"thumbnailUrl":"https:\/\/www.meydan.tv\/wp-content\/uploads\/44272.jpg","articleSection":["M\u0259nim Fikrimc\u0259"],"inLanguage":"az"},{"@type":"WebPage","@id":"https:\/\/www.meydan.tv\/az\/article\/insanliq-selahiyyeti\/","url":"https:\/\/www.meydan.tv\/az\/article\/insanliq-selahiyyeti\/","name":"\u0130nsanl\u0131q s\u0259lahiyy\u0259ti - MEYDAN.TV","isPartOf":{"@id":"https:\/\/www.meydan.tv\/az\/#website"},"primaryImageOfPage":{"@id":"https:\/\/www.meydan.tv\/az\/article\/insanliq-selahiyyeti\/#primaryimage"},"image":{"@id":"https:\/\/www.meydan.tv\/az\/article\/insanliq-selahiyyeti\/#primaryimage"},"thumbnailUrl":"https:\/\/www.meydan.tv\/wp-content\/uploads\/44272.jpg","datePublished":"2018-12-24T18:11:50+00:00","breadcrumb":{"@id":"https:\/\/www.meydan.tv\/az\/article\/insanliq-selahiyyeti\/#breadcrumb"},"inLanguage":"az","potentialAction":[{"@type":"ReadAction","target":["https:\/\/www.meydan.tv\/az\/article\/insanliq-selahiyyeti\/"]}]},{"@type":"ImageObject","inLanguage":"az","@id":"https:\/\/www.meydan.tv\/az\/article\/insanliq-selahiyyeti\/#primaryimage","url":"https:\/\/www.meydan.tv\/wp-content\/uploads\/44272.jpg","contentUrl":"https:\/\/www.meydan.tv\/wp-content\/uploads\/44272.jpg","width":810,"height":450,"caption":"Source:"},{"@type":"BreadcrumbList","@id":"https:\/\/www.meydan.tv\/az\/article\/insanliq-selahiyyeti\/#breadcrumb","itemListElement":[{"@type":"ListItem","position":1,"name":"Ana s\u0259hif\u0259","item":"https:\/\/www.meydan.tv\/az\/"},{"@type":"ListItem","position":2,"name":"M\u0259nim Fikrimc\u0259","item":"https:\/\/www.meydan.tv\/az\/section\/menim-fikrimce\/"},{"@type":"ListItem","position":3,"name":"\u0130nsanl\u0131q s\u0259lahiyy\u0259ti"}]},{"@type":"WebSite","@id":"https:\/\/www.meydan.tv\/az\/#website","url":"https:\/\/www.meydan.tv\/az\/","name":"MEYDAN.TV","description":"Meydan TV Az\u0259rbaycan\u0131n media m\u0259kan\u0131ndak\u0131 alternativ s\u0259sidir","publisher":{"@id":"https:\/\/www.meydan.tv\/az\/#organization"},"potentialAction":[{"@type":"SearchAction","target":{"@type":"EntryPoint","urlTemplate":"https:\/\/www.meydan.tv\/az\/?s={search_term_string}"},"query-input":{"@type":"PropertyValueSpecification","valueRequired":true,"valueName":"search_term_string"}}],"inLanguage":"az"},{"@type":"Organization","@id":"https:\/\/www.meydan.tv\/az\/#organization","name":"Meydan TV","url":"https:\/\/www.meydan.tv\/az\/","logo":{"@type":"ImageObject","inLanguage":"az","@id":"https:\/\/www.meydan.tv\/az\/#\/schema\/logo\/image\/","url":"https:\/\/www.meydan.tv\/wp-content\/uploads\/2021\/07\/meydan-logo.svg","contentUrl":"https:\/\/www.meydan.tv\/wp-content\/uploads\/2021\/07\/meydan-logo.svg","width":195,"height":46,"caption":"Meydan TV"},"image":{"@id":"https:\/\/www.meydan.tv\/az\/#\/schema\/logo\/image\/"}},{"@type":"Person","@id":"https:\/\/www.meydan.tv\/az\/#\/schema\/person\/10d11eccf6da3662cf5fdab9806ea91a","name":"user-manager"}]}},"_links":{"self":[{"href":"https:\/\/www.meydan.tv\/az\/wp-json\/wp\/v2\/posts\/193168","targetHints":{"allow":["GET"]}}],"collection":[{"href":"https:\/\/www.meydan.tv\/az\/wp-json\/wp\/v2\/posts"}],"about":[{"href":"https:\/\/www.meydan.tv\/az\/wp-json\/wp\/v2\/types\/post"}],"author":[{"embeddable":true,"href":"https:\/\/www.meydan.tv\/az\/wp-json\/wp\/v2\/users\/11"}],"replies":[{"embeddable":true,"href":"https:\/\/www.meydan.tv\/az\/wp-json\/wp\/v2\/comments?post=193168"}],"version-history":[{"count":0,"href":"https:\/\/www.meydan.tv\/az\/wp-json\/wp\/v2\/posts\/193168\/revisions"}],"wp:featuredmedia":[{"embeddable":true,"href":"https:\/\/www.meydan.tv\/az\/wp-json\/wp\/v2\/media\/111245"}],"wp:attachment":[{"href":"https:\/\/www.meydan.tv\/az\/wp-json\/wp\/v2\/media?parent=193168"}],"wp:term":[{"taxonomy":"category","embeddable":true,"href":"https:\/\/www.meydan.tv\/az\/wp-json\/wp\/v2\/categories?post=193168"},{"taxonomy":"post_tag","embeddable":true,"href":"https:\/\/www.meydan.tv\/az\/wp-json\/wp\/v2\/tags?post=193168"}],"curies":[{"name":"wp","href":"https:\/\/api.w.org\/{rel}","templated":true}]}}