{"id":193166,"date":"2018-12-24T17:30:37","date_gmt":"2018-12-24T17:30:37","guid":{"rendered":"https:\/\/www.meydan.tv\/article\/rusiya-dagliq-qarabag-munaqisesinde-tereflerden-birinin-tam-qelebesini-istemir\/"},"modified":"2018-12-24T17:30:37","modified_gmt":"2018-12-24T17:30:37","slug":"rusiya-dagliq-qarabag-munaqisesinde-tereflerden-birinin-tam-qelebesini-istemir","status":"publish","type":"post","link":"https:\/\/www.meydan.tv\/az\/article\/rusiya-dagliq-qarabag-munaqisesinde-tereflerden-birinin-tam-qelebesini-istemir\/","title":{"rendered":"&#8221;Rusiya Da\u011fl\u0131q Qaraba\u011f m\u00fcnaqi\u015f\u0259sind\u0259 t\u0259r\u0259fl\u0259rd\u0259n birinin tam q\u0259l\u0259b\u0259sini ist\u0259mir&#8221;"},"content":{"rendered":"<figure class=\"wp-block-image size-large\">\n  <img decoding=\"async\" src=\"https:\/\/www.meydan.tv\/az\/sergey-markedonov\/\" alt=\"Sergey Markedonov\" class=\"wp-image-114675\"\/><figcaption>\n    Sergey Markedonov<br \/>\n  <\/figcaption><\/figure>\n<p>\n  <i><br \/>\n    Sergey Markedonov: &#8221;Qaraba\u011f\u0131n Erm\u0259nistanla s\u0259rh\u0259di olsayd\u0131 m\u00fcnaqi\u015f\u0259 q\u0131sa zamanda h\u0259ll edil\u0259rdi&#8221;<br \/>\n  <\/i>\n<\/p>\n<p>\n  \u201cSovetl\u0259r \u0130ttifaq\u0131 d\u00f6vr\u00fcnd\u0259 Da\u011fl\u0131q Qaraba\u011f anklav olub. Bu anklav\u0131n Erm\u0259nistanla s\u0259rh\u0259di olmay\u0131b. \u018fg\u0259r olsayd\u0131, m\u0259s\u0259l\u0259ni q\u0131sa zamanda h\u0259ll etm\u0259k olard\u0131\u201d.\n<\/p>\n<p>\n  <a href=\"https:\/\/yenicag.az\/ne-baki-ne-de-irevan-moskvaya-umid-beslemesin-sergey-markedonov\/?fbclid=IwAR3l-eQ30K9Cv0uS5sOAkBqql9Ss0fQtEZYsZJa0UjVT0_KsBwE2-zyiMAc\"><br \/>\n    \u201cYenicag.az\u201d<br \/>\n  <\/a><br \/>\n  sayt\u0131n\u0131n m\u0259lumat\u0131na g\u00f6r\u0259, bunu Rusiya D\u00f6vl\u0259t Humanitar Universitetinin dosenti, tan\u0131nm\u0131\u015f rusiyal\u0131 politoloq, qafqaz\u015f\u00fcnas alim Sergey Markedonov Rusiya Xalqlar Dostlu\u011fu universitetind\u0259 ke\u00e7iril\u0259n \u201cDa\u011fl\u0131q Qaraba\u011fda m\u00fcnaqi\u015f\u0259nin 30 illiyi\u201d adl\u0131 d\u0259yirmi masada \u00e7\u0131x\u0131\u015f\u0131nda bildirib.\n<\/p>\n<p>\n  O, problemin h\u0259lli \u00fc\u00e7\u00fcn m\u00f6vcud olan Madrid prinsipl\u0259rin\u0259 toxunaraq deyib ki, orada Erm\u0259nistan v\u0259 Da\u011fl\u0131q Qaraba\u011f\u0131n t\u0259hl\u00fck\u0259sizlik m\u0259qs\u0259di il\u0259 birl\u0259\u015fdirilm\u0259si, y\u0259ni d\u0259hlizin yarad\u0131lmas\u0131 a\u00e7\u0131q yaz\u0131l\u0131b.\n<\/p>\n<p>\n  \u201cSual yaran\u0131r ki, bu d\u0259hlizin uzunlu\u011fu n\u0259 q\u0259d\u0259r olacaq. Bu d\u0259hliz La\u00e7\u0131ndan olacaq, yoxsa h\u0259m La\u00e7\u0131ndan, h\u0259m d\u0259 K\u0259lb\u0259c\u0259rd\u0259n olacaq. Ona g\u00f6r\u0259 d\u0259, Madrid prinsipl\u0259rind\u0259 \u00e7ox \u201ckal\u201d m\u0259qamlar var\u201d, S.Markedonov deyib.\n<\/p>\n<p>\n  Rusiyada \u00e7oxlu sayda erm\u0259ni v\u0259 az\u0259rbaycanl\u0131lar\u0131n ya\u015fad\u0131\u011f\u0131n\u0131 vur\u011fulayan politoloq deyib ki, r\u0259smi Moskva \u00fc\u00e7\u00fcn m\u00fcnaqi\u015f\u0259nin nizamlanmas\u0131 olduqca vacibdir.<br \/>\n  <br \/>\n  O xat\u0131rlad\u0131b ki, Rusiyada olan erm\u0259nil\u0259rin say\u0131 Erm\u0259nistanda olan erm\u0259nil\u0259rin say\u0131ndan \u00e7oxdur v\u0259 Da\u011fl\u0131q Qaraba\u011f m\u00fcnaqi\u015f\u0259si bu diasporalar \u00fc\u00e7\u00fcn d\u0259 h\u0259ssas n\u00f6qt\u0259dir.\n<\/p>\n<blockquote><p>\n  Rusiya m\u00fcnaqi\u015f\u0259nin h\u0259llini t\u0259l\u0259sdirm\u0259y\u0259 \u00e7al\u0131\u015fm\u0131r\n<\/p><\/blockquote>\n<p>\n  S.Markedonov bildirib ki, t\u0259r\u0259fl\u0259rd\u0259n birinin m\u00fcnaqi\u015f\u0259d\u0259 tam q\u0259l\u0259b\u0259si Rusiyaya s\u0259rf etmir:\n<\/p>\n<p>\n  \u201cM\u00fcnaqi\u015f\u0259l\u0259rin nizamlanmas\u0131 o zaman tam u\u011furla bitir ki, ya t\u0259r\u0259fl\u0259rd\u0259n biri qalib olur, ya da g\u00fcz\u0259\u015ft olunur. Rusiya m\u00fcnaqi\u015f\u0259nin nizamlanmas\u0131n\u0131n t\u0259r\u0259fl\u0259rd\u0259n birinin tam qalibiyy\u0259ti il\u0259 bitm\u0259si variant\u0131n\u0131n \u0259leyhin\u0259dir. \u00c7\u00fcnki, bu variant Rusiya \u00fc\u00e7\u00fcn riskl\u0259r yarad\u0131r. Biz, bunu 2016-c\u0131 ilin aprel d\u00f6y\u00fc\u015fl\u0259rind\u0259 ayd\u0131n m\u00fc\u015fahid\u0259 etdik\u201d.\n<\/p>\n<p>\n  Onun s\u00f6zl\u0259rin\u0259 g\u00f6r\u0259, m\u0259hz bu s\u0259b\u0259b\u0259 g\u00f6r\u0259, Rusiya m\u00fcnaqi\u015f\u0259nin h\u0259llini t\u0259l\u0259sdirm\u0259y\u0259 \u00e7al\u0131\u015fm\u0131r v\u0259 bunu ist\u0259mir.\n<\/p>\n<p>\n  Bundan ba\u015fqa politoloq deyib ki, Rusiyaya m\u00fcnaqi\u015f\u0259nin g\u00fcc, silah yolu il\u0259 h\u0259ll edilm\u0259si he\u00e7 c\u00fcr s\u0259rf etmir.\n<\/p>\n<p>\n  \u201cBu, Rusiyan\u0131n c\u0259nub s\u0259rh\u0259dind\u0259 m\u00fcharib\u0259 oca\u011f\u0131n\u0131n alovlanmas\u0131 riskidir. Dig\u0259r t\u0259r\u0259fd\u0259n is\u0259 bu, Rusiyan\u0131n i\u015ftirak etdiyi v\u0259 t\u0259\u015f\u0259bb\u00fcskar\u0131 oldu\u011fu b\u00fct\u00fcn inteqrasiya layih\u0259l\u0259rinin \u015f\u00fcbh\u0259 alt\u0131na al\u0131nmas\u0131d\u0131r\u201d.\n<\/p>\n<blockquote><p>\n  \u0130ndiki situasiya Rusiyan\u0131 t\u0259min edir\n<\/p><\/blockquote>\n<p>\n  Avropada m\u00fchacir h\u0259yat\u0131 ya\u015fayan siyasi icmal\u00e7\u0131 Rauf Mirq\u0259dirov Meydan TV \u00fc\u00e7\u00fcn Sergey Markedonovun \u00e7\u0131x\u0131\u015f\u0131n\u0131 \u015f\u0259rh ed\u0259rk\u0259n deyib ki, Rusiya v\u0259 Q\u0259rbin t\u0259r\u0259fl\u0259r\u0259 t\u0259sir ed\u0259 bilm\u0259m\u0259si haqda fikirl\u0259rini b\u00f6l\u00fc\u015fm\u00fcr:\n<\/p>\n<p>\n  \u201c\u018fslind\u0259, Sergey Markedonov bu \u00e7\u0131x\u015f\u0131yla indiki situasiyan\u0131n h\u0259l\u0259lik Rusiyan\u0131 t\u0259min etdiyi mesaj\u0131n\u0131 verib. Bug\u00fcn Rusiyan\u0131n qar\u015f\u0131s\u0131nda \u00e7ox probleml\u0259r var, Moldova, Ukrayna, Suriya v\u0259 s. Bel\u0259 m\u00fcnaqi\u015f\u0259l\u0259r\u0259 c\u0259lb olunmu\u015f bir d\u00f6vl\u0259t kimi Rusiyan\u0131n resurslarl\u0131n\u0131n m\u0259hdudlu\u011funu n\u0259z\u0259r\u0259 alsaq, Erm\u0259nistan-Az\u0259rbaycan m\u00fcnaqi\u015f\u0259sinin m\u00f6vcud v\u0259ziyy\u0259ti ona s\u0259rf edir. Q\u0259rb d\u0259 q\u00fcvv\u0259l\u0259r nisb\u0259tinin d\u0259yi\u015fdirilm\u0259sind\u0259 \u00e7ox ciddi add\u0131mlar atm\u0131r\u201d.\n<\/p>\n<p>\n  Rauf Mirq\u0259dirov hesab edir ki, Kreml haz\u0131rda ger\u00e7\u0259k v\u0259 pozitiv t\u0259klif verm\u0259k iqtidar\u0131nda deyil. Bununla da Rusiya il\u0259 bir yolun yol\u00e7usu olmaq yoxsulluq dem\u0259kdir:\n<\/p>\n<p>\n  \u201cMarkedonovun 16 aprel \u0259m\u0259liyyatlar\u0131n\u0131 xat\u0131rlatmas\u0131 Rusiyan\u0131n t\u0259r\u0259fl\u0259r\u0259 bundan sonra h\u0259rbi vasit\u0259l\u0259r\u0259 \u0259l atma\u011f\u0131na imkan verm\u0259y\u0259c\u0259yinin mesaj\u0131d\u0131r. Markedonov bu bar\u0259d\u0259 dan\u0131\u015fanda bir t\u0259r\u0259f qalib g\u0259lir ifad\u0259sini i\u015fl\u0259dir, qalib g\u0259lm\u0259k m\u0259\u011flubiyy\u0259tin etiraf\u0131d\u0131r\u201d.\n<\/p>\n<figure class=\"wp-block-image size-large\">\n  <img decoding=\"async\" src=\"https:\/\/www.meydan.tv\/az\/rauf-mirqedirov-5\/\" alt=\"Rauf Mirq\u0259dirov\" class=\"wp-image-108453\"\/><figcaption>\n    Rauf Mirq\u0259dirov<br \/>\n  <\/figcaption><\/figure>\n<p>\n  Onun fikrinc\u0259, Az\u0259rbaycan-Erm\u0259nistan m\u00fcnaqi\u015f\u0259sinin x\u00fcsusiyy\u0259ti ondan ibar\u0259tdir ki, birinci m\u00fcharib\u0259 zaman\u0131 \u0259razil\u0259r i\u015f\u011fal olunub, amma Bak\u0131 m\u0259\u011flubiyy\u0259tini etiraf etm\u0259yib, at\u0259\u015fk\u0259s elan olunub.\n<\/p>\n<p>\n  \u201cAt\u0259\u015fk\u0259s haqda m\u00fcqavil\u0259 m\u0259\u011flubiyy\u0259tin etiraf\u0131 v\u0259 kapitulyasiya deyil, h\u0259m d\u0259 t\u0259r\u0259fl\u0259rd\u0259n biri ist\u0259diyi vaxt at\u0259\u015fk\u0259s rejimind\u0259n \u00e7\u0131xa bil\u0259r. At\u0259\u015fk\u0259sin m\u00fcdd\u0259tsiz olmas\u0131 o dem\u0259kdir ki, \u0259g\u0259r t\u0259r\u0259fl\u0259rin ba\u015fqa fikri yoxdursa, m\u00fcqavil\u0259ni h\u0259r il t\u0259sdiq etm\u0259k z\u0259rur\u0259ti yoxdur\u201d.\n<\/p>\n<p>\n  Siyasi icmal\u00e7\u0131 hesab edir ki, m\u00fcnaqi\u015f\u0259d\u0259 Erm\u0259nistan\u0131n \u00f6z\u00fcn\u00fc qalib hiss ed\u0259 bilm\u0259m\u0259si onun \u00fc\u00e7\u00fcn \u00e7ox ciddi problemdir. O qeyd edib ki, bu m\u00fcnaqi\u015f\u0259 Erm\u0259nistan\u0131 xarici q\u00fcvv\u0259l\u0259rd\u0259n as\u0131l\u0131 edib v\u0259 inki\u015faf\u0131n\u0131 l\u0259ngidib.\n<\/p>\n<blockquote><p>\n  Da\u011fl\u0131q Qaraba\u011f anklav deyil\n<\/p><\/blockquote>\n<p>\n  O, Sergey Markedonovun Madrid Prinsipl\u0259rini kal adland\u0131rmas\u0131n\u0131 do\u011fru hesab etmir:\n<\/p>\n<p>\n  \u201c\u00c7\u00fcnki \u00fcmumi m\u00fcdd\u0259alarda detallar n\u0259z\u0259rd\u0259 tutulmur. Bunlar h\u0259ll variant\u0131n\u0131 i\u015fl\u0259yib haz\u0131rlamaq \u00fc\u00e7\u00fcn t\u0259klif olunan \u00fcmumi m\u00fcdd\u0259alard\u0131r, y\u0259ni m\u00fcnaqi\u015f\u0259nin h\u0259llinin t\u0259xmini \u00e7\u0259r\u00e7iv\u0259sini m\u00fc\u0259yy\u0259n edir. Detallar\u0131 dan\u0131\u015f\u0131qlar masas\u0131nda raz\u0131l\u0131\u015f\u0131rlar\u201d.\n<\/p>\n<p>\n  R.Mirq\u0259dirov vur\u011fulay\u0131b ki, Da\u011fl\u0131q Qaraba\u011f anklav deyil. O xat\u0131rlad\u0131b ki, anklav dey\u0259nd\u0259 bir d\u00f6vl\u0259tin \u0259razisind\u0259 olub dig\u0259r d\u00f6vl\u0259t\u0259 m\u0259xsus olan \u0259razi n\u0259z\u0259rd\u0259 tutulur.\n<\/p>\n<p>\n  \u201cDa\u011fl\u0131q Qaraba\u011f m\u00fc\u0259yy\u0259n bir etnik azl\u0131\u011f\u0131n ya\u015fad\u0131\u011f\u0131 \u0259razidir. D\u00fcnyada \u00e7oxlu bel\u0259 misallar var, problem h\u0259min \u0259razid\u0259 ya\u015fayan insanlar\u0131n haqlar\u0131n\u0131n m\u00fcdafi\u0259sidir v\u0259 h\u0259min d\u00f6vl\u0259td\u0259 ya\u015famaq ist\u0259kl\u0259ridir.\n<\/p>\n<p>\n  Kommunikasiya m\u0259s\u0259l\u0259l\u0259rini m\u00fcxt\u0259lif varinatlarda h\u0259ll etm\u0259k m\u00fcmk\u00fcnd\u00fcr. Haz\u0131rda Erm\u0259nistanla Da\u011fl\u0131q Qaraba\u011f aras\u0131nda kommunikasiya m\u0259s\u0259l\u0259l\u0259ri m\u00fczakir\u0259 olundu\u011fundan iki rayon &#8211; K\u0259lb\u0259c\u0259r v\u0259 La\u00e7\u0131n &#8211; m\u0259s\u0259l\u0259si ortal\u0131\u011fa \u00e7\u0131x\u0131b. Kommunikasiyan\u0131n yarad\u0131lmas\u0131 nec\u0259 olacaq sual\u0131na g\u0259linc\u0259, \u0259g\u0259r Da\u011fl\u0131q Qaraba\u011f\u0131n yekun statusu raz\u0131la\u015fd\u0131r\u0131larsa, bunlar problem deyil. M\u0259s\u0259l\u0259nin h\u0259llin\u0259 mane\u00e7ilik yaradan da statusdur ki, burada t\u0259r\u0259fl\u0259rin m\u00f6vqeyi diametral ziddir\u201d.<\/p>\n","protected":false},"excerpt":{"rendered":"<p>Sergey Markedonov: &#8221;Qaraba\u011f\u0131n Erm\u0259nistanla s\u0259rh\u0259di olsayd\u0131 m\u00fcnaqi\u015f\u0259 q\u0131sa zamanda h\u0259ll edil\u0259rdi&#8221;<\/p>\n","protected":false},"author":11,"featured_media":114675,"comment_status":"closed","ping_status":"open","sticky":false,"template":"","format":"standard","meta":{"_acf_changed":false,"_sitemap_exclude":false,"_sitemap_priority":"","_sitemap_frequency":"","footnotes":""},"categories":[51],"tags":[],"class_list":["post-193166","post","type-post","status-publish","format-standard","has-post-thumbnail","hentry","category-analitika","infinite-scroll-item","generate-columns","tablet-grid-50","mobile-grid-100","grid-parent","grid-33","no-featured-image-padding"],"acf":[],"yoast_head":"<!-- This site is optimized with the Yoast SEO plugin v27.4 - https:\/\/yoast.com\/product\/yoast-seo-wordpress\/ -->\n<title>&#039;&#039;Rusiya Da\u011fl\u0131q Qaraba\u011f m\u00fcnaqi\u015f\u0259sind\u0259 t\u0259r\u0259fl\u0259rd\u0259n birinin tam q\u0259l\u0259b\u0259sini ist\u0259mir&#039;&#039; - MEYDAN.TV<\/title>\n<meta name=\"robots\" content=\"index, follow, max-snippet:-1, max-image-preview:large, max-video-preview:-1\" \/>\n<link rel=\"canonical\" href=\"https:\/\/www.meydan.tv\/az\/article\/rusiya-dagliq-qarabag-munaqisesinde-tereflerden-birinin-tam-qelebesini-istemir\/\" \/>\n<meta property=\"og:locale\" content=\"az_AZ\" \/>\n<meta property=\"og:type\" content=\"article\" \/>\n<meta property=\"og:title\" content=\"&#039;&#039;Rusiya Da\u011fl\u0131q Qaraba\u011f m\u00fcnaqi\u015f\u0259sind\u0259 t\u0259r\u0259fl\u0259rd\u0259n birinin tam q\u0259l\u0259b\u0259sini ist\u0259mir&#039;&#039; - MEYDAN.TV\" \/>\n<meta property=\"og:description\" content=\"Sergey Markedonov: &#039;&#039;Qaraba\u011f\u0131n Erm\u0259nistanla s\u0259rh\u0259di olsayd\u0131 m\u00fcnaqi\u015f\u0259 q\u0131sa zamanda h\u0259ll edil\u0259rdi&#039;&#039;\" \/>\n<meta property=\"og:url\" content=\"https:\/\/www.meydan.tv\/az\/article\/rusiya-dagliq-qarabag-munaqisesinde-tereflerden-birinin-tam-qelebesini-istemir\/\" \/>\n<meta property=\"og:site_name\" content=\"MEYDAN.TV\" \/>\n<meta property=\"article:published_time\" content=\"2018-12-24T17:30:37+00:00\" \/>\n<meta property=\"og:image\" content=\"https:\/\/www.meydan.tv\/wp-content\/uploads\/45679.jpg\" \/>\n\t<meta property=\"og:image:width\" content=\"960\" \/>\n\t<meta property=\"og:image:height\" content=\"640\" \/>\n\t<meta property=\"og:image:type\" content=\"image\/jpeg\" \/>\n<meta name=\"author\" content=\"user-manager\" \/>\n<meta name=\"twitter:card\" content=\"summary_large_image\" \/>\n<script type=\"application\/ld+json\" class=\"yoast-schema-graph\">{\"@context\":\"https:\\\/\\\/schema.org\",\"@graph\":[{\"@type\":\"Article\",\"@id\":\"https:\\\/\\\/www.meydan.tv\\\/az\\\/article\\\/rusiya-dagliq-qarabag-munaqisesinde-tereflerden-birinin-tam-qelebesini-istemir\\\/#article\",\"isPartOf\":{\"@id\":\"https:\\\/\\\/www.meydan.tv\\\/az\\\/article\\\/rusiya-dagliq-qarabag-munaqisesinde-tereflerden-birinin-tam-qelebesini-istemir\\\/\"},\"author\":{\"name\":\"user-manager\",\"@id\":\"https:\\\/\\\/www.meydan.tv\\\/az\\\/#\\\/schema\\\/person\\\/10d11eccf6da3662cf5fdab9806ea91a\"},\"headline\":\"&#8221;Rusiya Da\u011fl\u0131q Qaraba\u011f m\u00fcnaqi\u015f\u0259sind\u0259 t\u0259r\u0259fl\u0259rd\u0259n birinin tam q\u0259l\u0259b\u0259sini ist\u0259mir&#8221;\",\"datePublished\":\"2018-12-24T17:30:37+00:00\",\"mainEntityOfPage\":{\"@id\":\"https:\\\/\\\/www.meydan.tv\\\/az\\\/article\\\/rusiya-dagliq-qarabag-munaqisesinde-tereflerden-birinin-tam-qelebesini-istemir\\\/\"},\"wordCount\":1158,\"publisher\":{\"@id\":\"https:\\\/\\\/www.meydan.tv\\\/az\\\/#organization\"},\"image\":{\"@id\":\"https:\\\/\\\/www.meydan.tv\\\/az\\\/article\\\/rusiya-dagliq-qarabag-munaqisesinde-tereflerden-birinin-tam-qelebesini-istemir\\\/#primaryimage\"},\"thumbnailUrl\":\"https:\\\/\\\/www.meydan.tv\\\/wp-content\\\/uploads\\\/45679.jpg\",\"articleSection\":[\"Analitika\"],\"inLanguage\":\"az\"},{\"@type\":\"WebPage\",\"@id\":\"https:\\\/\\\/www.meydan.tv\\\/az\\\/article\\\/rusiya-dagliq-qarabag-munaqisesinde-tereflerden-birinin-tam-qelebesini-istemir\\\/\",\"url\":\"https:\\\/\\\/www.meydan.tv\\\/az\\\/article\\\/rusiya-dagliq-qarabag-munaqisesinde-tereflerden-birinin-tam-qelebesini-istemir\\\/\",\"name\":\"''Rusiya Da\u011fl\u0131q Qaraba\u011f m\u00fcnaqi\u015f\u0259sind\u0259 t\u0259r\u0259fl\u0259rd\u0259n birinin tam q\u0259l\u0259b\u0259sini ist\u0259mir'' - MEYDAN.TV\",\"isPartOf\":{\"@id\":\"https:\\\/\\\/www.meydan.tv\\\/az\\\/#website\"},\"primaryImageOfPage\":{\"@id\":\"https:\\\/\\\/www.meydan.tv\\\/az\\\/article\\\/rusiya-dagliq-qarabag-munaqisesinde-tereflerden-birinin-tam-qelebesini-istemir\\\/#primaryimage\"},\"image\":{\"@id\":\"https:\\\/\\\/www.meydan.tv\\\/az\\\/article\\\/rusiya-dagliq-qarabag-munaqisesinde-tereflerden-birinin-tam-qelebesini-istemir\\\/#primaryimage\"},\"thumbnailUrl\":\"https:\\\/\\\/www.meydan.tv\\\/wp-content\\\/uploads\\\/45679.jpg\",\"datePublished\":\"2018-12-24T17:30:37+00:00\",\"breadcrumb\":{\"@id\":\"https:\\\/\\\/www.meydan.tv\\\/az\\\/article\\\/rusiya-dagliq-qarabag-munaqisesinde-tereflerden-birinin-tam-qelebesini-istemir\\\/#breadcrumb\"},\"inLanguage\":\"az\",\"potentialAction\":[{\"@type\":\"ReadAction\",\"target\":[\"https:\\\/\\\/www.meydan.tv\\\/az\\\/article\\\/rusiya-dagliq-qarabag-munaqisesinde-tereflerden-birinin-tam-qelebesini-istemir\\\/\"]}]},{\"@type\":\"ImageObject\",\"inLanguage\":\"az\",\"@id\":\"https:\\\/\\\/www.meydan.tv\\\/az\\\/article\\\/rusiya-dagliq-qarabag-munaqisesinde-tereflerden-birinin-tam-qelebesini-istemir\\\/#primaryimage\",\"url\":\"https:\\\/\\\/www.meydan.tv\\\/wp-content\\\/uploads\\\/45679.jpg\",\"contentUrl\":\"https:\\\/\\\/www.meydan.tv\\\/wp-content\\\/uploads\\\/45679.jpg\",\"width\":960,\"height\":640,\"caption\":\"Source:\"},{\"@type\":\"BreadcrumbList\",\"@id\":\"https:\\\/\\\/www.meydan.tv\\\/az\\\/article\\\/rusiya-dagliq-qarabag-munaqisesinde-tereflerden-birinin-tam-qelebesini-istemir\\\/#breadcrumb\",\"itemListElement\":[{\"@type\":\"ListItem\",\"position\":1,\"name\":\"Ana s\u0259hif\u0259\",\"item\":\"https:\\\/\\\/www.meydan.tv\\\/az\\\/\"},{\"@type\":\"ListItem\",\"position\":2,\"name\":\"Analitika\",\"item\":\"https:\\\/\\\/www.meydan.tv\\\/az\\\/section\\\/analitika\\\/\"},{\"@type\":\"ListItem\",\"position\":3,\"name\":\"&#8221;Rusiya Da\u011fl\u0131q Qaraba\u011f m\u00fcnaqi\u015f\u0259sind\u0259 t\u0259r\u0259fl\u0259rd\u0259n birinin tam q\u0259l\u0259b\u0259sini ist\u0259mir&#8221;\"}]},{\"@type\":\"WebSite\",\"@id\":\"https:\\\/\\\/www.meydan.tv\\\/az\\\/#website\",\"url\":\"https:\\\/\\\/www.meydan.tv\\\/az\\\/\",\"name\":\"MEYDAN.TV\",\"description\":\"Meydan TV Az\u0259rbaycan\u0131n media m\u0259kan\u0131ndak\u0131 alternativ s\u0259sidir\",\"publisher\":{\"@id\":\"https:\\\/\\\/www.meydan.tv\\\/az\\\/#organization\"},\"potentialAction\":[{\"@type\":\"SearchAction\",\"target\":{\"@type\":\"EntryPoint\",\"urlTemplate\":\"https:\\\/\\\/www.meydan.tv\\\/az\\\/?s={search_term_string}\"},\"query-input\":{\"@type\":\"PropertyValueSpecification\",\"valueRequired\":true,\"valueName\":\"search_term_string\"}}],\"inLanguage\":\"az\"},{\"@type\":\"Organization\",\"@id\":\"https:\\\/\\\/www.meydan.tv\\\/az\\\/#organization\",\"name\":\"Meydan TV\",\"url\":\"https:\\\/\\\/www.meydan.tv\\\/az\\\/\",\"logo\":{\"@type\":\"ImageObject\",\"inLanguage\":\"az\",\"@id\":\"https:\\\/\\\/www.meydan.tv\\\/az\\\/#\\\/schema\\\/logo\\\/image\\\/\",\"url\":\"https:\\\/\\\/www.meydan.tv\\\/wp-content\\\/uploads\\\/2021\\\/07\\\/meydan-logo.svg\",\"contentUrl\":\"https:\\\/\\\/www.meydan.tv\\\/wp-content\\\/uploads\\\/2021\\\/07\\\/meydan-logo.svg\",\"width\":195,\"height\":46,\"caption\":\"Meydan TV\"},\"image\":{\"@id\":\"https:\\\/\\\/www.meydan.tv\\\/az\\\/#\\\/schema\\\/logo\\\/image\\\/\"}},{\"@type\":\"Person\",\"@id\":\"https:\\\/\\\/www.meydan.tv\\\/az\\\/#\\\/schema\\\/person\\\/10d11eccf6da3662cf5fdab9806ea91a\",\"name\":\"user-manager\"}]}<\/script>\n<!-- \/ Yoast SEO plugin. -->","yoast_head_json":{"title":"''Rusiya Da\u011fl\u0131q Qaraba\u011f m\u00fcnaqi\u015f\u0259sind\u0259 t\u0259r\u0259fl\u0259rd\u0259n birinin tam q\u0259l\u0259b\u0259sini ist\u0259mir'' - MEYDAN.TV","robots":{"index":"index","follow":"follow","max-snippet":"max-snippet:-1","max-image-preview":"max-image-preview:large","max-video-preview":"max-video-preview:-1"},"canonical":"https:\/\/www.meydan.tv\/az\/article\/rusiya-dagliq-qarabag-munaqisesinde-tereflerden-birinin-tam-qelebesini-istemir\/","og_locale":"az_AZ","og_type":"article","og_title":"''Rusiya Da\u011fl\u0131q Qaraba\u011f m\u00fcnaqi\u015f\u0259sind\u0259 t\u0259r\u0259fl\u0259rd\u0259n birinin tam q\u0259l\u0259b\u0259sini ist\u0259mir'' - MEYDAN.TV","og_description":"Sergey Markedonov: ''Qaraba\u011f\u0131n Erm\u0259nistanla s\u0259rh\u0259di olsayd\u0131 m\u00fcnaqi\u015f\u0259 q\u0131sa zamanda h\u0259ll edil\u0259rdi''","og_url":"https:\/\/www.meydan.tv\/az\/article\/rusiya-dagliq-qarabag-munaqisesinde-tereflerden-birinin-tam-qelebesini-istemir\/","og_site_name":"MEYDAN.TV","article_published_time":"2018-12-24T17:30:37+00:00","og_image":[{"width":960,"height":640,"url":"https:\/\/www.meydan.tv\/wp-content\/uploads\/45679.jpg","type":"image\/jpeg"}],"author":"user-manager","twitter_card":"summary_large_image","schema":{"@context":"https:\/\/schema.org","@graph":[{"@type":"Article","@id":"https:\/\/www.meydan.tv\/az\/article\/rusiya-dagliq-qarabag-munaqisesinde-tereflerden-birinin-tam-qelebesini-istemir\/#article","isPartOf":{"@id":"https:\/\/www.meydan.tv\/az\/article\/rusiya-dagliq-qarabag-munaqisesinde-tereflerden-birinin-tam-qelebesini-istemir\/"},"author":{"name":"user-manager","@id":"https:\/\/www.meydan.tv\/az\/#\/schema\/person\/10d11eccf6da3662cf5fdab9806ea91a"},"headline":"&#8221;Rusiya Da\u011fl\u0131q Qaraba\u011f m\u00fcnaqi\u015f\u0259sind\u0259 t\u0259r\u0259fl\u0259rd\u0259n birinin tam q\u0259l\u0259b\u0259sini ist\u0259mir&#8221;","datePublished":"2018-12-24T17:30:37+00:00","mainEntityOfPage":{"@id":"https:\/\/www.meydan.tv\/az\/article\/rusiya-dagliq-qarabag-munaqisesinde-tereflerden-birinin-tam-qelebesini-istemir\/"},"wordCount":1158,"publisher":{"@id":"https:\/\/www.meydan.tv\/az\/#organization"},"image":{"@id":"https:\/\/www.meydan.tv\/az\/article\/rusiya-dagliq-qarabag-munaqisesinde-tereflerden-birinin-tam-qelebesini-istemir\/#primaryimage"},"thumbnailUrl":"https:\/\/www.meydan.tv\/wp-content\/uploads\/45679.jpg","articleSection":["Analitika"],"inLanguage":"az"},{"@type":"WebPage","@id":"https:\/\/www.meydan.tv\/az\/article\/rusiya-dagliq-qarabag-munaqisesinde-tereflerden-birinin-tam-qelebesini-istemir\/","url":"https:\/\/www.meydan.tv\/az\/article\/rusiya-dagliq-qarabag-munaqisesinde-tereflerden-birinin-tam-qelebesini-istemir\/","name":"''Rusiya Da\u011fl\u0131q Qaraba\u011f m\u00fcnaqi\u015f\u0259sind\u0259 t\u0259r\u0259fl\u0259rd\u0259n birinin tam q\u0259l\u0259b\u0259sini ist\u0259mir'' - MEYDAN.TV","isPartOf":{"@id":"https:\/\/www.meydan.tv\/az\/#website"},"primaryImageOfPage":{"@id":"https:\/\/www.meydan.tv\/az\/article\/rusiya-dagliq-qarabag-munaqisesinde-tereflerden-birinin-tam-qelebesini-istemir\/#primaryimage"},"image":{"@id":"https:\/\/www.meydan.tv\/az\/article\/rusiya-dagliq-qarabag-munaqisesinde-tereflerden-birinin-tam-qelebesini-istemir\/#primaryimage"},"thumbnailUrl":"https:\/\/www.meydan.tv\/wp-content\/uploads\/45679.jpg","datePublished":"2018-12-24T17:30:37+00:00","breadcrumb":{"@id":"https:\/\/www.meydan.tv\/az\/article\/rusiya-dagliq-qarabag-munaqisesinde-tereflerden-birinin-tam-qelebesini-istemir\/#breadcrumb"},"inLanguage":"az","potentialAction":[{"@type":"ReadAction","target":["https:\/\/www.meydan.tv\/az\/article\/rusiya-dagliq-qarabag-munaqisesinde-tereflerden-birinin-tam-qelebesini-istemir\/"]}]},{"@type":"ImageObject","inLanguage":"az","@id":"https:\/\/www.meydan.tv\/az\/article\/rusiya-dagliq-qarabag-munaqisesinde-tereflerden-birinin-tam-qelebesini-istemir\/#primaryimage","url":"https:\/\/www.meydan.tv\/wp-content\/uploads\/45679.jpg","contentUrl":"https:\/\/www.meydan.tv\/wp-content\/uploads\/45679.jpg","width":960,"height":640,"caption":"Source:"},{"@type":"BreadcrumbList","@id":"https:\/\/www.meydan.tv\/az\/article\/rusiya-dagliq-qarabag-munaqisesinde-tereflerden-birinin-tam-qelebesini-istemir\/#breadcrumb","itemListElement":[{"@type":"ListItem","position":1,"name":"Ana s\u0259hif\u0259","item":"https:\/\/www.meydan.tv\/az\/"},{"@type":"ListItem","position":2,"name":"Analitika","item":"https:\/\/www.meydan.tv\/az\/section\/analitika\/"},{"@type":"ListItem","position":3,"name":"&#8221;Rusiya Da\u011fl\u0131q Qaraba\u011f m\u00fcnaqi\u015f\u0259sind\u0259 t\u0259r\u0259fl\u0259rd\u0259n birinin tam q\u0259l\u0259b\u0259sini ist\u0259mir&#8221;"}]},{"@type":"WebSite","@id":"https:\/\/www.meydan.tv\/az\/#website","url":"https:\/\/www.meydan.tv\/az\/","name":"MEYDAN.TV","description":"Meydan TV Az\u0259rbaycan\u0131n media m\u0259kan\u0131ndak\u0131 alternativ s\u0259sidir","publisher":{"@id":"https:\/\/www.meydan.tv\/az\/#organization"},"potentialAction":[{"@type":"SearchAction","target":{"@type":"EntryPoint","urlTemplate":"https:\/\/www.meydan.tv\/az\/?s={search_term_string}"},"query-input":{"@type":"PropertyValueSpecification","valueRequired":true,"valueName":"search_term_string"}}],"inLanguage":"az"},{"@type":"Organization","@id":"https:\/\/www.meydan.tv\/az\/#organization","name":"Meydan TV","url":"https:\/\/www.meydan.tv\/az\/","logo":{"@type":"ImageObject","inLanguage":"az","@id":"https:\/\/www.meydan.tv\/az\/#\/schema\/logo\/image\/","url":"https:\/\/www.meydan.tv\/wp-content\/uploads\/2021\/07\/meydan-logo.svg","contentUrl":"https:\/\/www.meydan.tv\/wp-content\/uploads\/2021\/07\/meydan-logo.svg","width":195,"height":46,"caption":"Meydan TV"},"image":{"@id":"https:\/\/www.meydan.tv\/az\/#\/schema\/logo\/image\/"}},{"@type":"Person","@id":"https:\/\/www.meydan.tv\/az\/#\/schema\/person\/10d11eccf6da3662cf5fdab9806ea91a","name":"user-manager"}]}},"_links":{"self":[{"href":"https:\/\/www.meydan.tv\/az\/wp-json\/wp\/v2\/posts\/193166","targetHints":{"allow":["GET"]}}],"collection":[{"href":"https:\/\/www.meydan.tv\/az\/wp-json\/wp\/v2\/posts"}],"about":[{"href":"https:\/\/www.meydan.tv\/az\/wp-json\/wp\/v2\/types\/post"}],"author":[{"embeddable":true,"href":"https:\/\/www.meydan.tv\/az\/wp-json\/wp\/v2\/users\/11"}],"replies":[{"embeddable":true,"href":"https:\/\/www.meydan.tv\/az\/wp-json\/wp\/v2\/comments?post=193166"}],"version-history":[{"count":0,"href":"https:\/\/www.meydan.tv\/az\/wp-json\/wp\/v2\/posts\/193166\/revisions"}],"wp:featuredmedia":[{"embeddable":true,"href":"https:\/\/www.meydan.tv\/az\/wp-json\/wp\/v2\/media\/114675"}],"wp:attachment":[{"href":"https:\/\/www.meydan.tv\/az\/wp-json\/wp\/v2\/media?parent=193166"}],"wp:term":[{"taxonomy":"category","embeddable":true,"href":"https:\/\/www.meydan.tv\/az\/wp-json\/wp\/v2\/categories?post=193166"},{"taxonomy":"post_tag","embeddable":true,"href":"https:\/\/www.meydan.tv\/az\/wp-json\/wp\/v2\/tags?post=193166"}],"curies":[{"name":"wp","href":"https:\/\/api.w.org\/{rel}","templated":true}]}}