{"id":193164,"date":"2018-12-24T16:59:58","date_gmt":"2018-12-24T16:59:58","guid":{"rendered":"https:\/\/www.meydan.tv\/article\/agsu-sakini-burada-camaat-quldarliq-dovrunde-yasayir\/"},"modified":"2018-12-24T16:59:58","modified_gmt":"2018-12-24T16:59:58","slug":"agsu-sakini-burada-camaat-quldarliq-dovrunde-yasayir","status":"publish","type":"post","link":"https:\/\/www.meydan.tv\/az\/article\/agsu-sakini-burada-camaat-quldarliq-dovrunde-yasayir\/","title":{"rendered":"A\u011fsu sakini: Burada camaat quldarl\u0131q d\u00f6vr\u00fcnd\u0259 ya\u015fay\u0131r"},"content":{"rendered":"<figure class=\"wp-block-image size-large\">\n  <img decoding=\"async\" src=\"https:\/\/www.meydan.tv\/az\/114657\/\" alt=\"\" class=\"wp-image-114657\"\/><figcaption><\/figcaption><\/figure>\n<p>\n  <i><br \/>\n    &#8221;On ildir su n\u0259dir bilmirik&#8221;<br \/>\n  <\/i>\n<\/p>\n<p>\n  &#8220;Can\u0131m\u0131 v\u0259t\u0259n yolunda qoymu\u015fam, amma q\u0259dir-qiym\u0259timi bil\u0259n yoxdur. On il \u0259vv\u0259l bir ev verdil\u0259r, n\u0259 t\u0259miri var, n\u0259 d\u0259 suyu. Kombi qura\u015fd\u0131r\u0131l\u0131b, su olmad\u0131\u011f\u0131 \u00fc\u00e7\u00fcn i\u015fl\u0259d\u0259 bilmirik. Q\u0131\u015fda ev el\u0259 soyuq olur, n\u0259mi\u015flikd\u0259n h\u0259r iki \u00f6vlad\u0131m revmatizm tap\u0131b&#8221;.\n<\/p>\n<p>\n  Bunu Meydan TV-y\u0259 A\u011fsu rayonu, Mehdi H\u00fcseynzad\u0259 k\u00fc\u00e7\u0259si, ev 20, m\u0259nzil 10 \u00fcnvan\u0131nda ya\u015fayan ke\u00e7mi\u015f Qaraba\u011f d\u00f6y\u00fc\u015f\u00e7\u00fcs\u00fc Musa \u018fliyev deyir.\n<\/p>\n<p>\n  G\u00fcz\u0259ran\u0131n\u0131n a\u011f\u0131rl\u0131\u011f\u0131ndan \u015fikay\u0259tl\u0259n\u0259n ikinci qrup \u0259lil \u015f\u0259raitsiz evd\u0259 ya\u015fama\u011f\u0131 bir yana, s\u0259hh\u0259ti il\u0259 \u0259laq\u0259dar art\u0131q \u0259m\u0259k f\u0259aliyy\u0259ti il\u0259 d\u0259 m\u0259\u015f\u011ful ola bilm\u0259diyini s\u00f6yl\u0259yir:\n<\/p>\n<p>\n  &#8220;1992-ci ild\u0259 h\u0259qiqi h\u0259rbi xidm\u0259td\u0259n qay\u0131td\u0131qdan sonra k\u00f6n\u00fcll\u00fc olaraq Qaraba\u011f d\u00f6y\u00fc\u015fl\u0259rin\u0259 getdim. 21 ya\u015f\u0131m var idi, s\u0259rh\u0259dboyu b\u00fct\u00fcn d\u00f6y\u00fc\u015fl\u0259rd\u0259 olmu\u015fam. \u0130lk d\u0259f\u0259 Murovda\u011fda, sonra da A\u011fdam v\u0259 F\u00fczuli d\u00f6y\u00fc\u015fl\u0259rind\u0259 yaraland\u0131m. M\u00fcdd\u0259td\u0259n art\u0131q xidm\u0259tim\u0259 g\u00f6r\u0259 350 manat t\u0259qa\u00fcd al\u0131ram, onunla da ail\u0259 doland\u0131rmaq olmaz. 45 ya\u015f\u0131m var, \u0259vv\u0259ll\u0259r \u0259lim i\u015f tuturdu i\u015fl\u0259yirdim. \u0130ndi b\u0259d\u0259nimd\u0259ki q\u0259lp\u0259l\u0259r oynay\u0131b, h\u0259r\u0259k\u0259t ed\u0259, yeriy\u0259 bilmir\u0259m. Sinir a\u011fr\u0131lar\u0131 vurur belim\u0259, tutulur, ikiqat qal\u0131ram&#8221;.\n<\/p>\n<figure class=\"wp-block-image size-large\">\n  <img decoding=\"async\" src=\"https:\/\/www.meydan.tv\/az\/114663\/\" alt=\"\" class=\"wp-image-114663\"\/><figcaption><\/figcaption><\/figure>\n<p>\n  Musa \u018fliyevin gileyi, ona veril\u0259n ikiotaql\u0131 m\u0259nzilin 10 il ke\u00e7m\u0259sin\u0259 baxmayaraq, h\u0259l\u0259 d\u0259 su il\u0259 t\u0259chiz olunmamas\u0131nad\u0131r. O deyir ki, m\u0259s\u0259l\u0259 il\u0259 ba\u011fl\u0131 h\u0259r h\u0259ft\u0259 A\u011fsu Rayon \u0130cra Hakimiyy\u0259tin\u0259 \u015fikay\u0259t\u0259 gedir, amma he\u00e7 bir faydas\u0131 yoxdur:\n<\/p>\n<p>\n  &#8220;On ildir su n\u0259dir bilmirik. Su nec\u0259 az g\u0259lirs\u0259, m\u0259cbur olub, nasos qoydum, yen\u0259 xeyri olmad\u0131. Bu \u0259razid\u0259 olan b\u00fct\u00fcn binalarda su \u00e7ox g\u00fccl\u00fc g\u0259lir, amma m\u0259nim evimd\u0259 yoxdur. D\u0259f\u0259l\u0259rl\u0259 A\u011fsu Rayon \u0130cra Hakimiyy\u0259tin\u0259 getmi\u015f\u0259m, Qaraba\u011f \u0259lilini, v\u0259t\u0259n u\u011frunda yar\u0131mcan olan adam\u0131 he\u00e7 vecin\u0259 alan yoxdur. Verdikl\u0259ri evin n\u0259 t\u0259miri var, n\u0259 d\u0259 ki, suyu. Evi alayar\u0131m\u00e7\u0131q t\u0259mir edibl\u0259r. Ya\u011f\u0131\u015f ya\u011fanda da, suyun ham\u0131s\u0131 evin i\u00e7ind\u0259dir. M\u0259cbur olub, &#8220;ceyran&#8221; sobas\u0131 qoymu\u015fuq, o da b\u00fct\u00fcn otaqlar\u0131 isitmir. \u0130crada &#8220;Bu g\u00fcn d\u00fcz\u0259l\u0259c\u0259k&#8221;, &#8220;Sabah d\u00fcz\u0259l\u0259c\u0259k&#8221;- deyib, yola verirl\u0259r. Ke\u00e7\u0259n ilin iyun ay\u0131ndan qaz\u0131 d\u00fcz\u0259ltm\u0259y\u0259 g\u0259lirl\u0259r. H\u0259l\u0259 g\u0259lib, \u00e7\u0131xmay\u0131blar&#8221;.\n<\/p>\n<figure class=\"wp-block-image size-large\">\n  <img decoding=\"async\" src=\"https:\/\/www.meydan.tv\/az\/musa-eliyev\/\" alt=\"Musa \u018fliyev\" class=\"wp-image-114666\"\/><figcaption>\n    Musa \u018fliyev<br \/>\n  <\/figcaption><\/figure>\n<p>\n  Musa \u018fliyev deyir ki, d\u0259f\u0259l\u0259rl\u0259 A\u011fsu Rayon \u0130cra Hakimiyy\u0259tinin ba\u015f\u00e7\u0131s\u0131 \u018fnv\u0259r Seyid\u0259liyevin q\u0259buluna d\u00fc\u015fm\u0259k ist\u0259s\u0259 d\u0259, buna nail olmay\u0131b. Onu rayon icra hakimiyy\u0259ti ba\u015f\u00e7\u0131s\u0131n\u0131n m\u00fcavini-ictimai-siyasi v\u0259 humanitar m\u0259s\u0259l\u0259l\u0259r \u015f\u00f6b\u0259sinin m\u00fcdiri Sevil Mirz\u0259liyeva q\u0259bul edib:\n<\/p>\n<p>\n  &#8220;\u0130cra hakimiyy\u0259tind\u0259 bir ki\u015fi tap\u0131lmad\u0131, xan\u0131m\u0131 qaba\u011fa verdil\u0259r. \u0130ndi t\u0259z\u0259 f\u0259nd edirl\u0259r, ged\u0259n kimi qad\u0131n xeyla\u011f\u0131n\u0131 biziml\u0259 g\u00f6r\u00fc\u015f\u0259 yollay\u0131r. Dekabr\u0131n 3-d\u0259 Beyn\u0259lxalq \u018flill\u0259r G\u00fcn\u00fc bir ki\u015fi xeyla\u011f\u0131 tapmad\u0131lar ki, qar\u015f\u0131m\u0131za \u00e7\u0131xars\u0131nlar, probleml\u0259rimizi dinl\u0259sin. Balaca u\u015fa\u011f\u0131n ba\u015f\u0131n\u0131 aldadan kimi, qaba\u011f\u0131m\u0131za pe\u00e7enye il\u0259 \u00e7ay qoydular. Yalandan da dedil\u0259r ki, narahat olmay\u0131n, h\u0259r \u015fey d\u00fcz\u0259l\u0259c\u0259k. N\u0259 dedik, cavab\u0131 o oldu ki, h\u0259, yax\u015f\u0131. Orada n\u0259s\u0259 qeydl\u0259r apard\u0131lar, amma el\u0259 orada da qald\u0131&#8221;.\n<\/p>\n<figure class=\"wp-block-image size-large\">\n  <img decoding=\"async\" src=\"https:\/\/www.meydan.tv\/az\/114669\/\" alt=\"\" class=\"wp-image-114669\"\/><figcaption><\/figcaption><\/figure>\n<p>\n  &#8220;\u0130cra ba\u015fc\u0131s\u0131n\u0131n \u00f6z\u00fc il\u0259 g\u00f6r\u00fc\u015fm\u0259k ist\u0259yirik, deyirl\u0259r ki, c\u00fcm\u0259 g\u00fcn\u00fc g\u0259lin&#8221;, &#8211; \u015fikay\u0259t\u00e7i s\u00f6yl\u0259yir:\n<\/p>\n<p>\n  &#8220;C\u00fcm\u0259 g\u00fcn\u00fc gedir\u0259m, bax\u0131ram, el\u0259 d\u0259rdd\u0259 insanlar var ki, \u00f6z\u00fcm\u0259 deyir\u0259m: \u0259\u015fi, c\u0259h\u0259nn\u0259m, gedim evimi birt\u0259h\u0259r odunla isidim. Qoy bu adamlar q\u0259bula girsinl\u0259r. Y\u0259ni, rayonda bu d\u0259qiq\u0259 v\u0259ziyy\u0259t o d\u0259r\u0259c\u0259d\u0259 ac\u0131nacaql\u0131d\u0131r. Xarici qonaqlar 1800-c\u00fc ill\u0259r\u0259 qay\u0131tmaq ist\u0259yirs\u0259, A\u011fsuya g\u0259lm\u0259l\u0259ri b\u0259s edir. H\u0259tta ondan da \u0259vv\u0259l. Burada camaat quldarl\u0131q d\u00f6vr\u00fcnd\u0259 ya\u015fay\u0131r. Rayonda bir pad\u015fah var, 2-3 b\u0259y, 3-4 d\u0259 \u0259lalt\u0131s\u0131, c\u0259llad\u0131. Bu rayonu onlar idar\u0259 edir. Camaat da bir qar\u0131n \u00e7\u00f6r\u0259kd\u0259n \u00f6tr\u00fc q\u0131r\u0131l\u0131b-bat\u0131r. D\u0259rdimiz-s\u0259rimizl\u0259 maraqlanan yoxdur&#8221;.\n<\/p>\n<p>\n  A\u011fsu Rayon \u0130cra Hakimiyy\u0259tinin ictimai -siyasi v\u0259 h\u00fcmanitar m\u0259s\u0259l\u0259l\u0259r \u015f\u00f6b\u0259sind\u0259n Meydan TV-y\u0259 bildirdil\u0259r ki, \u015fikay\u0259t\u00e7i yaz\u0131l\u0131 qaydada m\u00fcraci\u0259t etm\u0259lidir:\n<\/p>\n<p>\n  &#8220;\u015eikay\u0259t\u00e7i \u0259riz\u0259 il\u0259 g\u0259l\u0259nd\u0259, \u00fcmumi \u015f\u00f6b\u0259y\u0259 daxil olur. Orada h\u0259min \u015f\u0259xsin g\u00f6st\u0259rdiyi \u015fikay\u0259tl\u0259 ba\u011fl\u0131 hans\u0131 \u015f\u00f6b\u0259 m\u0259suldursa, ora istiqam\u0259tl\u0259ndirilir. Qaraba\u011f \u0259lill\u0259rin\u0259 h\u0259r zaman x\u00fcsusi diqq\u0259t ay\u0131rm\u0131\u015f\u0131q. H\u0259tta bug\u00fcnl\u0259rd\u0259 \u0259lill\u0259rl\u0259 g\u00f6r\u00fc\u015f olub, \u0130H-nin sayt\u0131na da yerl\u0259\u015fdilrilib, \u00f6z\u00fcn\u00fcz baxa bil\u0259rsiniz. Onlar\u0131n \u015fikay\u0259tl\u0259ri dinl\u0259nilib, yax\u0131n zamanlarda bax\u0131lacaq&#8221;.\n<\/p><\/p>\n","protected":false},"excerpt":{"rendered":"<p>&#8221;On ildir su n\u0259dir bilmirik&#8221;<\/p>\n","protected":false},"author":11,"featured_media":114657,"comment_status":"closed","ping_status":"open","sticky":false,"template":"","format":"standard","meta":{"_acf_changed":false,"_sitemap_exclude":false,"_sitemap_priority":"","_sitemap_frequency":"","footnotes":""},"categories":[60],"tags":[],"class_list":["post-193164","post","type-post","status-publish","format-standard","has-post-thumbnail","hentry","category-bolge","infinite-scroll-item","generate-columns","tablet-grid-50","mobile-grid-100","grid-parent","grid-33","no-featured-image-padding"],"acf":[],"yoast_head":"<!-- This site is optimized with the Yoast SEO plugin v27.4 - https:\/\/yoast.com\/product\/yoast-seo-wordpress\/ -->\n<title>A\u011fsu sakini: Burada camaat quldarl\u0131q d\u00f6vr\u00fcnd\u0259 ya\u015fay\u0131r - MEYDAN.TV<\/title>\n<meta name=\"robots\" content=\"index, follow, max-snippet:-1, max-image-preview:large, max-video-preview:-1\" \/>\n<link rel=\"canonical\" href=\"https:\/\/www.meydan.tv\/az\/article\/agsu-sakini-burada-camaat-quldarliq-dovrunde-yasayir\/\" \/>\n<meta property=\"og:locale\" content=\"az_AZ\" \/>\n<meta property=\"og:type\" content=\"article\" \/>\n<meta property=\"og:title\" content=\"A\u011fsu sakini: Burada camaat quldarl\u0131q d\u00f6vr\u00fcnd\u0259 ya\u015fay\u0131r - MEYDAN.TV\" \/>\n<meta property=\"og:description\" content=\"&#039;&#039;On ildir su n\u0259dir bilmirik&#039;&#039;\" \/>\n<meta property=\"og:url\" content=\"https:\/\/www.meydan.tv\/az\/article\/agsu-sakini-burada-camaat-quldarliq-dovrunde-yasayir\/\" \/>\n<meta property=\"og:site_name\" content=\"MEYDAN.TV\" \/>\n<meta property=\"article:published_time\" content=\"2018-12-24T16:59:58+00:00\" \/>\n<meta property=\"og:image\" content=\"https:\/\/www.meydan.tv\/wp-content\/uploads\/45674.jpg\" \/>\n\t<meta property=\"og:image:width\" content=\"960\" \/>\n\t<meta property=\"og:image:height\" content=\"720\" \/>\n\t<meta property=\"og:image:type\" content=\"image\/jpeg\" \/>\n<meta name=\"author\" content=\"user-manager\" \/>\n<meta name=\"twitter:card\" content=\"summary_large_image\" \/>\n<script type=\"application\/ld+json\" class=\"yoast-schema-graph\">{\"@context\":\"https:\\\/\\\/schema.org\",\"@graph\":[{\"@type\":\"Article\",\"@id\":\"https:\\\/\\\/www.meydan.tv\\\/az\\\/article\\\/agsu-sakini-burada-camaat-quldarliq-dovrunde-yasayir\\\/#article\",\"isPartOf\":{\"@id\":\"https:\\\/\\\/www.meydan.tv\\\/az\\\/article\\\/agsu-sakini-burada-camaat-quldarliq-dovrunde-yasayir\\\/\"},\"author\":{\"name\":\"user-manager\",\"@id\":\"https:\\\/\\\/www.meydan.tv\\\/az\\\/#\\\/schema\\\/person\\\/10d11eccf6da3662cf5fdab9806ea91a\"},\"headline\":\"A\u011fsu sakini: Burada camaat quldarl\u0131q d\u00f6vr\u00fcnd\u0259 ya\u015fay\u0131r\",\"datePublished\":\"2018-12-24T16:59:58+00:00\",\"mainEntityOfPage\":{\"@id\":\"https:\\\/\\\/www.meydan.tv\\\/az\\\/article\\\/agsu-sakini-burada-camaat-quldarliq-dovrunde-yasayir\\\/\"},\"wordCount\":913,\"publisher\":{\"@id\":\"https:\\\/\\\/www.meydan.tv\\\/az\\\/#organization\"},\"image\":{\"@id\":\"https:\\\/\\\/www.meydan.tv\\\/az\\\/article\\\/agsu-sakini-burada-camaat-quldarliq-dovrunde-yasayir\\\/#primaryimage\"},\"thumbnailUrl\":\"https:\\\/\\\/www.meydan.tv\\\/wp-content\\\/uploads\\\/45674.jpg\",\"articleSection\":[\"B\u00f6lg\u0259\"],\"inLanguage\":\"az\"},{\"@type\":\"WebPage\",\"@id\":\"https:\\\/\\\/www.meydan.tv\\\/az\\\/article\\\/agsu-sakini-burada-camaat-quldarliq-dovrunde-yasayir\\\/\",\"url\":\"https:\\\/\\\/www.meydan.tv\\\/az\\\/article\\\/agsu-sakini-burada-camaat-quldarliq-dovrunde-yasayir\\\/\",\"name\":\"A\u011fsu sakini: Burada camaat quldarl\u0131q d\u00f6vr\u00fcnd\u0259 ya\u015fay\u0131r - MEYDAN.TV\",\"isPartOf\":{\"@id\":\"https:\\\/\\\/www.meydan.tv\\\/az\\\/#website\"},\"primaryImageOfPage\":{\"@id\":\"https:\\\/\\\/www.meydan.tv\\\/az\\\/article\\\/agsu-sakini-burada-camaat-quldarliq-dovrunde-yasayir\\\/#primaryimage\"},\"image\":{\"@id\":\"https:\\\/\\\/www.meydan.tv\\\/az\\\/article\\\/agsu-sakini-burada-camaat-quldarliq-dovrunde-yasayir\\\/#primaryimage\"},\"thumbnailUrl\":\"https:\\\/\\\/www.meydan.tv\\\/wp-content\\\/uploads\\\/45674.jpg\",\"datePublished\":\"2018-12-24T16:59:58+00:00\",\"breadcrumb\":{\"@id\":\"https:\\\/\\\/www.meydan.tv\\\/az\\\/article\\\/agsu-sakini-burada-camaat-quldarliq-dovrunde-yasayir\\\/#breadcrumb\"},\"inLanguage\":\"az\",\"potentialAction\":[{\"@type\":\"ReadAction\",\"target\":[\"https:\\\/\\\/www.meydan.tv\\\/az\\\/article\\\/agsu-sakini-burada-camaat-quldarliq-dovrunde-yasayir\\\/\"]}]},{\"@type\":\"ImageObject\",\"inLanguage\":\"az\",\"@id\":\"https:\\\/\\\/www.meydan.tv\\\/az\\\/article\\\/agsu-sakini-burada-camaat-quldarliq-dovrunde-yasayir\\\/#primaryimage\",\"url\":\"https:\\\/\\\/www.meydan.tv\\\/wp-content\\\/uploads\\\/45674.jpg\",\"contentUrl\":\"https:\\\/\\\/www.meydan.tv\\\/wp-content\\\/uploads\\\/45674.jpg\",\"width\":960,\"height\":720,\"caption\":\"Source:\"},{\"@type\":\"BreadcrumbList\",\"@id\":\"https:\\\/\\\/www.meydan.tv\\\/az\\\/article\\\/agsu-sakini-burada-camaat-quldarliq-dovrunde-yasayir\\\/#breadcrumb\",\"itemListElement\":[{\"@type\":\"ListItem\",\"position\":1,\"name\":\"Ana s\u0259hif\u0259\",\"item\":\"https:\\\/\\\/www.meydan.tv\\\/az\\\/\"},{\"@type\":\"ListItem\",\"position\":2,\"name\":\"B\u00f6lg\u0259\",\"item\":\"https:\\\/\\\/www.meydan.tv\\\/az\\\/section\\\/bolge\\\/\"},{\"@type\":\"ListItem\",\"position\":3,\"name\":\"A\u011fsu sakini: Burada camaat quldarl\u0131q d\u00f6vr\u00fcnd\u0259 ya\u015fay\u0131r\"}]},{\"@type\":\"WebSite\",\"@id\":\"https:\\\/\\\/www.meydan.tv\\\/az\\\/#website\",\"url\":\"https:\\\/\\\/www.meydan.tv\\\/az\\\/\",\"name\":\"MEYDAN.TV\",\"description\":\"Meydan TV Az\u0259rbaycan\u0131n media m\u0259kan\u0131ndak\u0131 alternativ s\u0259sidir\",\"publisher\":{\"@id\":\"https:\\\/\\\/www.meydan.tv\\\/az\\\/#organization\"},\"potentialAction\":[{\"@type\":\"SearchAction\",\"target\":{\"@type\":\"EntryPoint\",\"urlTemplate\":\"https:\\\/\\\/www.meydan.tv\\\/az\\\/?s={search_term_string}\"},\"query-input\":{\"@type\":\"PropertyValueSpecification\",\"valueRequired\":true,\"valueName\":\"search_term_string\"}}],\"inLanguage\":\"az\"},{\"@type\":\"Organization\",\"@id\":\"https:\\\/\\\/www.meydan.tv\\\/az\\\/#organization\",\"name\":\"Meydan TV\",\"url\":\"https:\\\/\\\/www.meydan.tv\\\/az\\\/\",\"logo\":{\"@type\":\"ImageObject\",\"inLanguage\":\"az\",\"@id\":\"https:\\\/\\\/www.meydan.tv\\\/az\\\/#\\\/schema\\\/logo\\\/image\\\/\",\"url\":\"https:\\\/\\\/www.meydan.tv\\\/wp-content\\\/uploads\\\/2021\\\/07\\\/meydan-logo.svg\",\"contentUrl\":\"https:\\\/\\\/www.meydan.tv\\\/wp-content\\\/uploads\\\/2021\\\/07\\\/meydan-logo.svg\",\"width\":195,\"height\":46,\"caption\":\"Meydan TV\"},\"image\":{\"@id\":\"https:\\\/\\\/www.meydan.tv\\\/az\\\/#\\\/schema\\\/logo\\\/image\\\/\"}},{\"@type\":\"Person\",\"@id\":\"https:\\\/\\\/www.meydan.tv\\\/az\\\/#\\\/schema\\\/person\\\/10d11eccf6da3662cf5fdab9806ea91a\",\"name\":\"user-manager\"}]}<\/script>\n<!-- \/ Yoast SEO plugin. -->","yoast_head_json":{"title":"A\u011fsu sakini: Burada camaat quldarl\u0131q d\u00f6vr\u00fcnd\u0259 ya\u015fay\u0131r - MEYDAN.TV","robots":{"index":"index","follow":"follow","max-snippet":"max-snippet:-1","max-image-preview":"max-image-preview:large","max-video-preview":"max-video-preview:-1"},"canonical":"https:\/\/www.meydan.tv\/az\/article\/agsu-sakini-burada-camaat-quldarliq-dovrunde-yasayir\/","og_locale":"az_AZ","og_type":"article","og_title":"A\u011fsu sakini: Burada camaat quldarl\u0131q d\u00f6vr\u00fcnd\u0259 ya\u015fay\u0131r - MEYDAN.TV","og_description":"''On ildir su n\u0259dir bilmirik''","og_url":"https:\/\/www.meydan.tv\/az\/article\/agsu-sakini-burada-camaat-quldarliq-dovrunde-yasayir\/","og_site_name":"MEYDAN.TV","article_published_time":"2018-12-24T16:59:58+00:00","og_image":[{"width":960,"height":720,"url":"https:\/\/www.meydan.tv\/wp-content\/uploads\/45674.jpg","type":"image\/jpeg"}],"author":"user-manager","twitter_card":"summary_large_image","schema":{"@context":"https:\/\/schema.org","@graph":[{"@type":"Article","@id":"https:\/\/www.meydan.tv\/az\/article\/agsu-sakini-burada-camaat-quldarliq-dovrunde-yasayir\/#article","isPartOf":{"@id":"https:\/\/www.meydan.tv\/az\/article\/agsu-sakini-burada-camaat-quldarliq-dovrunde-yasayir\/"},"author":{"name":"user-manager","@id":"https:\/\/www.meydan.tv\/az\/#\/schema\/person\/10d11eccf6da3662cf5fdab9806ea91a"},"headline":"A\u011fsu sakini: Burada camaat quldarl\u0131q d\u00f6vr\u00fcnd\u0259 ya\u015fay\u0131r","datePublished":"2018-12-24T16:59:58+00:00","mainEntityOfPage":{"@id":"https:\/\/www.meydan.tv\/az\/article\/agsu-sakini-burada-camaat-quldarliq-dovrunde-yasayir\/"},"wordCount":913,"publisher":{"@id":"https:\/\/www.meydan.tv\/az\/#organization"},"image":{"@id":"https:\/\/www.meydan.tv\/az\/article\/agsu-sakini-burada-camaat-quldarliq-dovrunde-yasayir\/#primaryimage"},"thumbnailUrl":"https:\/\/www.meydan.tv\/wp-content\/uploads\/45674.jpg","articleSection":["B\u00f6lg\u0259"],"inLanguage":"az"},{"@type":"WebPage","@id":"https:\/\/www.meydan.tv\/az\/article\/agsu-sakini-burada-camaat-quldarliq-dovrunde-yasayir\/","url":"https:\/\/www.meydan.tv\/az\/article\/agsu-sakini-burada-camaat-quldarliq-dovrunde-yasayir\/","name":"A\u011fsu sakini: Burada camaat quldarl\u0131q d\u00f6vr\u00fcnd\u0259 ya\u015fay\u0131r - MEYDAN.TV","isPartOf":{"@id":"https:\/\/www.meydan.tv\/az\/#website"},"primaryImageOfPage":{"@id":"https:\/\/www.meydan.tv\/az\/article\/agsu-sakini-burada-camaat-quldarliq-dovrunde-yasayir\/#primaryimage"},"image":{"@id":"https:\/\/www.meydan.tv\/az\/article\/agsu-sakini-burada-camaat-quldarliq-dovrunde-yasayir\/#primaryimage"},"thumbnailUrl":"https:\/\/www.meydan.tv\/wp-content\/uploads\/45674.jpg","datePublished":"2018-12-24T16:59:58+00:00","breadcrumb":{"@id":"https:\/\/www.meydan.tv\/az\/article\/agsu-sakini-burada-camaat-quldarliq-dovrunde-yasayir\/#breadcrumb"},"inLanguage":"az","potentialAction":[{"@type":"ReadAction","target":["https:\/\/www.meydan.tv\/az\/article\/agsu-sakini-burada-camaat-quldarliq-dovrunde-yasayir\/"]}]},{"@type":"ImageObject","inLanguage":"az","@id":"https:\/\/www.meydan.tv\/az\/article\/agsu-sakini-burada-camaat-quldarliq-dovrunde-yasayir\/#primaryimage","url":"https:\/\/www.meydan.tv\/wp-content\/uploads\/45674.jpg","contentUrl":"https:\/\/www.meydan.tv\/wp-content\/uploads\/45674.jpg","width":960,"height":720,"caption":"Source:"},{"@type":"BreadcrumbList","@id":"https:\/\/www.meydan.tv\/az\/article\/agsu-sakini-burada-camaat-quldarliq-dovrunde-yasayir\/#breadcrumb","itemListElement":[{"@type":"ListItem","position":1,"name":"Ana s\u0259hif\u0259","item":"https:\/\/www.meydan.tv\/az\/"},{"@type":"ListItem","position":2,"name":"B\u00f6lg\u0259","item":"https:\/\/www.meydan.tv\/az\/section\/bolge\/"},{"@type":"ListItem","position":3,"name":"A\u011fsu sakini: Burada camaat quldarl\u0131q d\u00f6vr\u00fcnd\u0259 ya\u015fay\u0131r"}]},{"@type":"WebSite","@id":"https:\/\/www.meydan.tv\/az\/#website","url":"https:\/\/www.meydan.tv\/az\/","name":"MEYDAN.TV","description":"Meydan TV Az\u0259rbaycan\u0131n media m\u0259kan\u0131ndak\u0131 alternativ s\u0259sidir","publisher":{"@id":"https:\/\/www.meydan.tv\/az\/#organization"},"potentialAction":[{"@type":"SearchAction","target":{"@type":"EntryPoint","urlTemplate":"https:\/\/www.meydan.tv\/az\/?s={search_term_string}"},"query-input":{"@type":"PropertyValueSpecification","valueRequired":true,"valueName":"search_term_string"}}],"inLanguage":"az"},{"@type":"Organization","@id":"https:\/\/www.meydan.tv\/az\/#organization","name":"Meydan TV","url":"https:\/\/www.meydan.tv\/az\/","logo":{"@type":"ImageObject","inLanguage":"az","@id":"https:\/\/www.meydan.tv\/az\/#\/schema\/logo\/image\/","url":"https:\/\/www.meydan.tv\/wp-content\/uploads\/2021\/07\/meydan-logo.svg","contentUrl":"https:\/\/www.meydan.tv\/wp-content\/uploads\/2021\/07\/meydan-logo.svg","width":195,"height":46,"caption":"Meydan TV"},"image":{"@id":"https:\/\/www.meydan.tv\/az\/#\/schema\/logo\/image\/"}},{"@type":"Person","@id":"https:\/\/www.meydan.tv\/az\/#\/schema\/person\/10d11eccf6da3662cf5fdab9806ea91a","name":"user-manager"}]}},"_links":{"self":[{"href":"https:\/\/www.meydan.tv\/az\/wp-json\/wp\/v2\/posts\/193164","targetHints":{"allow":["GET"]}}],"collection":[{"href":"https:\/\/www.meydan.tv\/az\/wp-json\/wp\/v2\/posts"}],"about":[{"href":"https:\/\/www.meydan.tv\/az\/wp-json\/wp\/v2\/types\/post"}],"author":[{"embeddable":true,"href":"https:\/\/www.meydan.tv\/az\/wp-json\/wp\/v2\/users\/11"}],"replies":[{"embeddable":true,"href":"https:\/\/www.meydan.tv\/az\/wp-json\/wp\/v2\/comments?post=193164"}],"version-history":[{"count":0,"href":"https:\/\/www.meydan.tv\/az\/wp-json\/wp\/v2\/posts\/193164\/revisions"}],"wp:featuredmedia":[{"embeddable":true,"href":"https:\/\/www.meydan.tv\/az\/wp-json\/wp\/v2\/media\/114657"}],"wp:attachment":[{"href":"https:\/\/www.meydan.tv\/az\/wp-json\/wp\/v2\/media?parent=193164"}],"wp:term":[{"taxonomy":"category","embeddable":true,"href":"https:\/\/www.meydan.tv\/az\/wp-json\/wp\/v2\/categories?post=193164"},{"taxonomy":"post_tag","embeddable":true,"href":"https:\/\/www.meydan.tv\/az\/wp-json\/wp\/v2\/tags?post=193164"}],"curies":[{"name":"wp","href":"https:\/\/api.w.org\/{rel}","templated":true}]}}