{"id":193140,"date":"2018-12-21T19:00:35","date_gmt":"2018-12-21T19:00:35","guid":{"rendered":"https:\/\/www.meydan.tv\/article\/kendliler-ekin-bicinimiz-pay-torpaqlarimiz-yararsiz-hala-dusub\/"},"modified":"2018-12-21T19:00:35","modified_gmt":"2018-12-21T19:00:35","slug":"kendliler-ekin-bicinimiz-pay-torpaqlarimiz-yararsiz-hala-dusub","status":"publish","type":"post","link":"https:\/\/www.meydan.tv\/az\/article\/kendliler-ekin-bicinimiz-pay-torpaqlarimiz-yararsiz-hala-dusub\/","title":{"rendered":"K\u0259ndlil\u0259r: \u018fkin-bi\u00e7inimiz, pay torpaqlar\u0131m\u0131z yarars\u0131z hala d\u00fc\u015f\u00fcb"},"content":{"rendered":"<p>\n  <i><br \/>\n    Beyl\u0259qan\u0131n Milabad k\u0259ndinin sakinl\u0259ri subasmadan narahatd\u0131r<br \/>\n  <\/i>\n<\/p>\n<p>\n  \u201cH\u0259r il torpaqlar\u0131n suvar\u0131lmas\u0131 d\u00f6vr\u00fc h\u0259y\u0259tyan\u0131 sah\u0259l\u0259rimizi su bas\u0131r. \u00c7ox \u015fikay\u0259t etdik, yazd\u0131q, yolu k\u0259sdik. Ax\u0131rda v\u0259sait ayr\u0131ld\u0131, k\u0259ndd\u0259 drenaj i\u015fl\u0259ri g\u00f6r\u00fcld\u00fc. Ancaq g\u00f6r\u00fcn\u0259n odur ki, i\u015f\u0259 yaramad\u0131. Suvar\u0131lma d\u00f6vr\u00fc yen\u0259 h\u0259y\u0259tyan\u0131 sah\u0259l\u0259rimiz v\u0259 pay torpaqlar\u0131m\u0131z\u0131 su basd\u0131\u201d.\n<\/p>\n<p>\n  Beyl\u0259qan\u0131n Milabad k\u0259ndinin sakini \u0130ntizar Qas\u0131mova bel\u0259 deyir. Sakinl\u0259r bildirirl\u0259r ki, k\u0259ndin su basmas\u0131n\u0131n s\u0259b\u0259bi torpaqdan aidiyyat\u0131 \u00fczr\u0259 istifad\u0259 edilm\u0259m\u0259sidir. K\u0259ndl\u0259rinin yuxar\u0131s\u0131nda yerl\u0259\u015f\u0259n Haram\u0131 d\u00fcz\u00fc Sovet d\u00f6vr\u00fcnd\u0259 \u0259kin\u0259 yarars\u0131z hesab edilib. Ancaq otlaq sah\u0259si kimi istifad\u0259 olunurmu\u015f. S\u0259b\u0259b is\u0259 h\u0259min \u0259razinin su ke\u00e7irm\u0259 qabiliyy\u0259tinin y\u00fcks\u0259k olmas\u0131d\u0131r. \u00c7\u00fcnki suvar\u0131lma olarsa, ondan a\u015fa\u011f\u0131dak\u0131 \u0259razil\u0259ri su basaca\u011f\u0131n\u0131 bilirdil\u0259r. El\u0259 indiki kimi.\n<\/p>\n<p>\n  \u201cYuxar\u0131da bizd\u0259 ba\u015f Mil kanal\u0131 var. Bu k\u0259ndl\u0259 o kanal\u0131n aras\u0131ndak\u0131 s\u0259viyy\u0259 27 metrdir. Vaxtil\u0259 o torpaqlardan \u0259kin m\u0259qs\u0259dil\u0259 istifad\u0259 olunmay\u0131b. Ancaq sonradan, hardasa 11 il \u0259vv\u0259l k\u0259ndin yuxar\u0131s\u0131nda m\u0259cburi k\u00f6\u00e7k\u00fcnl\u0259r \u00fc\u00e7\u00fcn \u201cQay\u0131d\u0131\u015f\u201d q\u0259s\u0259b\u0259l\u0259ri sal\u0131blar. \u018fhali orada \u0259kib-bi\u00e7in ed\u0259nd\u0259n sonra bizim k\u0259ndi su basma\u011fa ba\u015flad\u0131. \u00c7\u00fcnki torpa\u011f\u0131n alt\u0131 \u00e7\u0131nq\u0131ld\u0131 v\u0259 s\u00fczm\u0259 qabiliyy\u0259ti y\u00fcks\u0259kdir. N\u0259tic\u0259d\u0259 su s\u00fcz\u00fcl\u00fcr v\u0259 g\u0259lib bizim k\u0259ndi bas\u0131r\u201d, &#8211; sakinl\u0259rd\u0259n M\u0259nsur N\u0259sirov bel\u0259 deyir.\n<\/p>\n<figure class=\"wp-block-image size-large\">\n  <img decoding=\"async\" src=\"https:\/\/www.meydan.tv\/az\/mensur-nesirovdu\/\" alt=\"M\u0259nsur N\u0259sirovdu\" class=\"wp-image-114582\"\/><figcaption>\n    M\u0259nsur N\u0259sirovdu<br \/>\n  <\/figcaption><\/figure>\n<p>\n  M.N\u0259sirov bildirir ki, he\u00e7 \u0259vv\u0259l k\u0259ndd\u0259 drenaj sistemi d\u0259 qurulmam\u0131\u015fd\u0131. N\u0259 q\u0259d\u0259r ki, yuxar\u0131dak\u0131 torpaqlar \u0259kilmirdi, buna g\u0259r\u0259k d\u0259 yox idi. Ancaq orada evl\u0259r tikil\u0259nd\u0259n, \u0259kilm\u0259y\u0259 ba\u015flayandan h\u0259r il problem ya\u015fay\u0131rlar:\n<\/p>\n<p>\n  \u201cHaram\u0131 d\u00fcz\u00fc deyil\u0259n \u0259razi qrunt sular\u0131 \u00fcst\u00fcnd\u0259 qurulub. Burada meliorasiya sistemi qurulmadan torpaqlar\u0131 suvarmaq olmazd\u0131. He\u00e7 n\u0259y\u0259 fikir verm\u0259d\u0259n tikdil\u0259r v\u0259 suvard\u0131lar. N\u0259tic\u0259d\u0259 onlar m\u0259hsul g\u00f6t\u00fcr\u00fcr, ancaq bizim olan-qalan b\u00fct\u00fcn a\u011faclar\u0131m\u0131z, \u0259kin-bi\u00e7inimiz, pay torpaqlar\u0131m\u0131z yayars\u0131z hala d\u00fc\u015f\u00fcb. Bir-iki deyil, d\u00fcz 11 ildir ki, bu problem ya\u015fay\u0131r\u0131q\u201d.<br \/>\n  <br \/>\n  Evini h\u0259r il su basd\u0131\u011f\u0131ndan Sehran Pa\u015fayev art\u0131q t\u0259mir etdirmir. Deyir, art\u0131q buna n\u0259 maddi imkan\u0131 var, n\u0259 d\u0259 m\u0259n\u0259n g\u00fcc\u00fc qal\u0131b:\n<\/p>\n<figure class=\"wp-block-image size-large\">\n  <img decoding=\"async\" src=\"https:\/\/www.meydan.tv\/az\/sehran-pasayev\/\" alt=\"Sehran Pa\u015fayev\" class=\"wp-image-114594\"\/><figcaption>\n    Sehran Pa\u015fayev<br \/>\n  <\/figcaption><\/figure>\n<p>\n  \u201cN\u0259 q\u0259d\u0259r olar? D\u00fcz 6-7 d\u0259f\u0259 h\u0259r il t\u0259mir etdik evi. \u0130ndi n\u0259 t\u0259mirlik bir yeri qal\u0131b, n\u0259 d\u0259 bizd\u0259 can qal\u0131b. \u00c7\u0259tindir, camaat evini ill\u0259rl\u0259 t\u0259mir ed\u0259 bilmir. Biz az qala h\u0259r il etdik. D\u00fcz 11 ildir ki, z\u00fclmd\u0259yik. D\u0259rdimizi deyirik, e\u015fid\u0259n yoxdur. Ax\u0131rda yolu ba\u011flad\u0131q, etiraz etdik, t\u00f6k\u00fcl\u00fc\u015f\u00fcb g\u0259ldil\u0259r. N\u0259 bilim layih\u0259 yazd\u0131lar, pul ay\u0131rd\u0131lar, g\u0259lib burada drenaj i\u015fl\u0259ri g\u00f6rd\u00fcl\u0259r. O da ki, yo\u011fun borular\u0131n ham\u0131s\u0131n\u0131 sat\u0131b, pulunu yedil\u0259r. Ensiz, dar borularla g\u00f6rd\u00fcl\u0259r b\u00fct\u00fcn i\u015fi. Niy\u0259 \u0259minlikl\u0259 deyir\u0259m? \u00c7\u00fcnki b\u00fct\u00fcn k\u0259nd camaat\u0131 i\u015fin i\u00e7ind\u0259 idi. Bunlar bizim g\u00f6z\u00fcm\u00fcz\u00fcn \u00f6n\u00fcnd\u0259 olan i\u015fl\u0259r idi. N\u0259tic\u0259d\u0259 h\u0259m pul getdi, h\u0259m z\u0259hm\u0259t, h\u0259m d\u0259 bir n\u0259tic\u0259si olmad\u0131. Yen\u0259 h\u0259m\u0259n h\u0259m\u0259ndir\u201d.\n<\/p>\n<figure class=\"wp-block-image size-large\">\n  <img decoding=\"async\" src=\"https:\/\/www.meydan.tv\/az\/114588\/\" alt=\"\" class=\"wp-image-114588\"\/><figcaption><\/figcaption><\/figure>\n<p>\n  Sakinl\u0259r subasmadan sonra h\u0259y\u0259l\u0259rind\u0259ki b\u00fct\u00fcn a\u011faclar\u0131n, m\u0259hsulun, h\u0259tta \u0259kdikl\u0259ri g\u00fcll\u0259rin d\u0259 yand\u0131\u011f\u0131n\u0131 deyirl\u0259r:\n<\/p>\n<p>\n  \u201cBax\u0131n, Allah\u0131n ala\u011f\u0131 da yoxdur h\u0259y\u0259td\u0259. \u00c7\u0259tin ki, burada bir d\u0259 n\u0259s\u0259 bit\u0259r. Ham\u0131m\u0131z z\u0259hm\u0259tke\u015f k\u0259nd adamlar\u0131y\u0131q, ancaq \u0259kin-bi\u00e7in ed\u0259 bilmirik. Dan\u0131\u015fanda deyirl\u0259r ki, k\u0259nd t\u0259s\u0259rr\u00fcfat\u0131 inki\u015faf etm\u0259lidir. Ham\u0131 \u00f6z\u00fcn\u00fc k\u0259nd t\u0259s\u0259rr\u00fcfat\u0131 m\u0259hsullar\u0131 il\u0259 t\u0259min etm\u0259lidir. M\u0259nim h\u0259y\u0259tyan\u0131 sah\u0259m var, ancaq \u0259kib-bec\u0259r\u0259 bilmir\u0259m. \u00c7\u00fcnki \u015for su imkan vermir. Olmaz ki, m\u0259n t\u0259r\u0259v\u0259zimi \u0259kim, toyuq-c\u00fcc\u0259 saxlay\u0131m, h\u0259y\u0259timd\u0259 meyv\u0259 a\u011faclar\u0131m olsun? Bu h\u0259y\u0259td\u0259n 1 ton \u0259zgil, 2 ton \u00fcz\u00fcm, \u0259rik y\u0131\u011fard\u0131q. \u0130ndi biri d\u0259 qalmay\u0131b\u201d, &#8211; \u0130ntizar Qas\u0131mova deyir.<br \/>\n  <br \/>\n  \u0130.Qas\u0131mova bildirir ki, \u0259vv\u0259lki ill\u0259rd\u0259 v\u0259ziyy\u0259t o q\u0259d\u0259r ac\u0131nacaql\u0131 olub ki, evl\u0259rind\u0259n k\u00f6\u00e7\u00fcb getm\u0259li olublar:\n<\/p>\n<p>\n  \u201cDaha bundan sonra n\u0259 ed\u0259k, bilmirik. G\u0259lin, bax\u0131n, evimin divar\u0131na. Yar\u0131yacan kifl\u0259nib. \u0130\u00e7\u0259rini d\u0259 hiss edirsiz, iy verir, r\u00fctub\u0259tdir. U\u015faqlar\u0131m\u0131z\u0131n \u0259ks\u0259riyy\u0259tind\u0259 revmatizma var. \u00d6z\u00fcm\u00fcz\u00fcn d\u0259 ayaqlar\u0131m\u0131z q\u0131r\u0131l\u0131r, b\u0259rbad g\u00fcnd\u0259yik. H\u0259r il icra ba\u015f\u00e7\u0131s\u0131na m\u00fcraci\u0259t edirik, deyir, gedin kanal\u0131 ba\u011flay\u0131n, t\u0259dbir g\u00f6r\u00fcl\u0259c\u0259k. H\u0259l\u0259 t\u0259dbir g\u00f6r\u00fcl\u00fcb qurtarmay\u0131b\u201d.\n<\/p>\n<figure class=\"wp-block-image size-large\">\n  <img decoding=\"async\" src=\"https:\/\/www.meydan.tv\/az\/114591\/\" alt=\"\" class=\"wp-image-114591\"\/><figcaption><\/figcaption><\/figure>\n<p>\n  H\u0259y\u0259tl\u0259rind\u0259ki meyv\u0259 a\u011faclar\u0131n\u0131n yand\u0131\u011f\u0131n\u0131, \u0259kin-bi\u00e7inl\u0259rinin, toyuq-c\u00fcc\u0259l\u0259rinin m\u0259hv oldu\u011funu dey\u0259n sakinl\u0259r problemin \u0259sas hiss\u0259sinin 70 evd\u0259 oldu\u011funu deyirl\u0259r:\n<\/p>\n<p>\n  \u201cBir meyv\u0259 a\u011fac\u0131m\u0131z, \u0259kinimiz-bi\u00e7inimiz yoxdur. Evl\u0259rimizin alt\u0131 suyun i\u00e7ind\u0259dir. Bu g\u00fcn sabah ba\u015f\u0131m\u0131za u\u00e7acaq, biz n\u0259 ed\u0259c\u0259yik. El\u0259 adamlar var ki, he\u00e7 evd\u0259 yata\u011f\u0131 yoxdur yatma\u011fa. Yerd\u0259n d\u00f6\u015f\u0259k at\u0131b yat\u0131r. Bu zirz\u0259minin \u00fcst\u00fcnd\u0259 nec\u0259 yatmaq olar, bir d\u00fc\u015f\u00fcn\u00fcn d\u0259. Yay\u0131, q\u0131\u015f\u0131 \u0259ziyy\u0259t \u00e7\u0259kirik. A\u011fcaqanad, mil\u00e7\u0259k d\u0259 bir yandan. Quraql\u0131q n\u0259 oldu\u011funu biz bilmirik. Hardasa 70 evdir. Bu da 400 n\u0259f\u0259r \u0259hali edir. N\u0259inki k\u0259ndin i\u00e7\u0259risi, pay torpaqlar\u0131m\u0131z da suyun alt\u0131nda qal\u0131r. 150-200 hektara yax\u0131n pay torpa\u011f\u0131 h\u0259r il suyun alt\u0131nda qal\u0131r aylarla. Biz \u00fcmidimizi itirmi\u015fik. Yazmad\u0131\u011f\u0131m\u0131z yer, d\u00f6ym\u0259diyimiz qap\u0131 qalmay\u0131b. Ancaq g\u00f6zl\u0259yin, deyirl\u0259r\u201d, &#8211; \u0130ntizar Qas\u0131mova deyir.\n<\/p>\n<p>\n  Meydan TV m\u0259s\u0259l\u0259y\u0259 m\u00fcnasib\u0259t \u00f6yr\u0259nm\u0259k \u00fc\u00e7\u00fcn Beyl\u0259qan Rayon \u0130cra Hakimiyy\u0259ti il\u0259 \u0259laq\u0259 saxlay\u0131b. \u0130cra Hakimiyy\u0259tind\u0259n bildiribl\u0259r ki, Milabad k\u0259ndind\u0259 art\u0131q subasma il\u0259 ba\u011fl\u0131 problem qalmay\u0131b:\n<\/p>\n<p>\n  \u201cB\u0259li, h\u0259r il suvarma d\u00f6vr\u00fcnd\u0259 o k\u0259ndi su bas\u0131rd\u0131, problem olurdu. \u0130nsanlar\u0131n m\u00fcraci\u0259tind\u0259n v\u0259 \u015flikay\u0259tl\u0259rind\u0259n sonra h\u0259min k\u0259ndd\u0259 drenaj i\u015fl\u0259ri apar\u0131ld\u0131, problem aradan qalxd\u0131. Haz\u0131rda h\u0259r hans\u0131 bir problem yoxdur\u201d.\n<\/p>\n<p>\n  \u0130cra hakimiyy\u0259ti n\u00fcmay\u0259nd\u0259sin\u0259 sakinl\u0259rin problemin h\u0259l\u0259 d\u0259 qald\u0131\u011f\u0131n\u0131 s\u00f6yl\u0259dikl\u0259rini bildirdikd\u0259 cavab olaraq d\u0259st\u0259k as\u0131ld\u0131.\n<\/p>\n<figure class=\"wp-block-image size-large\">\n  <img decoding=\"async\" src=\"https:\/\/www.meydan.tv\/az\/114597\/\" alt=\"\" class=\"wp-image-114597\"\/><figcaption><\/figcaption><\/figure>\n","protected":false},"excerpt":{"rendered":"<p>Beyl\u0259qan\u0131n Milabad k\u0259ndinin sakinl\u0259ri subasmadan narahatd\u0131r<\/p>\n","protected":false},"author":11,"featured_media":114585,"comment_status":"closed","ping_status":"open","sticky":false,"template":"","format":"standard","meta":{"_acf_changed":false,"_sitemap_exclude":false,"_sitemap_priority":"","_sitemap_frequency":"","footnotes":""},"categories":[60],"tags":[],"class_list":["post-193140","post","type-post","status-publish","format-standard","has-post-thumbnail","hentry","category-bolge","infinite-scroll-item","generate-columns","tablet-grid-50","mobile-grid-100","grid-parent","grid-33","no-featured-image-padding"],"acf":[],"yoast_head":"<!-- This site is optimized with the Yoast SEO plugin v27.4 - https:\/\/yoast.com\/product\/yoast-seo-wordpress\/ -->\n<title>K\u0259ndlil\u0259r: \u018fkin-bi\u00e7inimiz, pay torpaqlar\u0131m\u0131z yarars\u0131z hala d\u00fc\u015f\u00fcb - MEYDAN.TV<\/title>\n<meta name=\"robots\" content=\"index, follow, max-snippet:-1, max-image-preview:large, max-video-preview:-1\" \/>\n<link rel=\"canonical\" href=\"https:\/\/www.meydan.tv\/az\/article\/kendliler-ekin-bicinimiz-pay-torpaqlarimiz-yararsiz-hala-dusub\/\" \/>\n<meta property=\"og:locale\" content=\"az_AZ\" \/>\n<meta property=\"og:type\" content=\"article\" \/>\n<meta property=\"og:title\" content=\"K\u0259ndlil\u0259r: \u018fkin-bi\u00e7inimiz, pay torpaqlar\u0131m\u0131z yarars\u0131z hala d\u00fc\u015f\u00fcb - MEYDAN.TV\" \/>\n<meta property=\"og:description\" content=\"Beyl\u0259qan\u0131n Milabad k\u0259ndinin sakinl\u0259ri subasmadan narahatd\u0131r\" \/>\n<meta property=\"og:url\" content=\"https:\/\/www.meydan.tv\/az\/article\/kendliler-ekin-bicinimiz-pay-torpaqlarimiz-yararsiz-hala-dusub\/\" \/>\n<meta property=\"og:site_name\" content=\"MEYDAN.TV\" \/>\n<meta property=\"article:published_time\" content=\"2018-12-21T19:00:35+00:00\" \/>\n<meta property=\"og:image\" content=\"https:\/\/www.meydan.tv\/wp-content\/uploads\/45629-scaled.jpg\" \/>\n\t<meta property=\"og:image:width\" content=\"2560\" \/>\n\t<meta property=\"og:image:height\" content=\"1920\" \/>\n\t<meta property=\"og:image:type\" content=\"image\/jpeg\" \/>\n<meta name=\"author\" content=\"user-manager\" \/>\n<meta name=\"twitter:card\" content=\"summary_large_image\" \/>\n<script type=\"application\/ld+json\" class=\"yoast-schema-graph\">{\"@context\":\"https:\\\/\\\/schema.org\",\"@graph\":[{\"@type\":\"Article\",\"@id\":\"https:\\\/\\\/www.meydan.tv\\\/az\\\/article\\\/kendliler-ekin-bicinimiz-pay-torpaqlarimiz-yararsiz-hala-dusub\\\/#article\",\"isPartOf\":{\"@id\":\"https:\\\/\\\/www.meydan.tv\\\/az\\\/article\\\/kendliler-ekin-bicinimiz-pay-torpaqlarimiz-yararsiz-hala-dusub\\\/\"},\"author\":{\"name\":\"user-manager\",\"@id\":\"https:\\\/\\\/www.meydan.tv\\\/az\\\/#\\\/schema\\\/person\\\/10d11eccf6da3662cf5fdab9806ea91a\"},\"headline\":\"K\u0259ndlil\u0259r: \u018fkin-bi\u00e7inimiz, pay torpaqlar\u0131m\u0131z yarars\u0131z hala d\u00fc\u015f\u00fcb\",\"datePublished\":\"2018-12-21T19:00:35+00:00\",\"mainEntityOfPage\":{\"@id\":\"https:\\\/\\\/www.meydan.tv\\\/az\\\/article\\\/kendliler-ekin-bicinimiz-pay-torpaqlarimiz-yararsiz-hala-dusub\\\/\"},\"wordCount\":1215,\"publisher\":{\"@id\":\"https:\\\/\\\/www.meydan.tv\\\/az\\\/#organization\"},\"image\":{\"@id\":\"https:\\\/\\\/www.meydan.tv\\\/az\\\/article\\\/kendliler-ekin-bicinimiz-pay-torpaqlarimiz-yararsiz-hala-dusub\\\/#primaryimage\"},\"thumbnailUrl\":\"https:\\\/\\\/www.meydan.tv\\\/wp-content\\\/uploads\\\/45629-scaled.jpg\",\"articleSection\":[\"B\u00f6lg\u0259\"],\"inLanguage\":\"az\"},{\"@type\":\"WebPage\",\"@id\":\"https:\\\/\\\/www.meydan.tv\\\/az\\\/article\\\/kendliler-ekin-bicinimiz-pay-torpaqlarimiz-yararsiz-hala-dusub\\\/\",\"url\":\"https:\\\/\\\/www.meydan.tv\\\/az\\\/article\\\/kendliler-ekin-bicinimiz-pay-torpaqlarimiz-yararsiz-hala-dusub\\\/\",\"name\":\"K\u0259ndlil\u0259r: \u018fkin-bi\u00e7inimiz, pay torpaqlar\u0131m\u0131z yarars\u0131z hala d\u00fc\u015f\u00fcb - MEYDAN.TV\",\"isPartOf\":{\"@id\":\"https:\\\/\\\/www.meydan.tv\\\/az\\\/#website\"},\"primaryImageOfPage\":{\"@id\":\"https:\\\/\\\/www.meydan.tv\\\/az\\\/article\\\/kendliler-ekin-bicinimiz-pay-torpaqlarimiz-yararsiz-hala-dusub\\\/#primaryimage\"},\"image\":{\"@id\":\"https:\\\/\\\/www.meydan.tv\\\/az\\\/article\\\/kendliler-ekin-bicinimiz-pay-torpaqlarimiz-yararsiz-hala-dusub\\\/#primaryimage\"},\"thumbnailUrl\":\"https:\\\/\\\/www.meydan.tv\\\/wp-content\\\/uploads\\\/45629-scaled.jpg\",\"datePublished\":\"2018-12-21T19:00:35+00:00\",\"breadcrumb\":{\"@id\":\"https:\\\/\\\/www.meydan.tv\\\/az\\\/article\\\/kendliler-ekin-bicinimiz-pay-torpaqlarimiz-yararsiz-hala-dusub\\\/#breadcrumb\"},\"inLanguage\":\"az\",\"potentialAction\":[{\"@type\":\"ReadAction\",\"target\":[\"https:\\\/\\\/www.meydan.tv\\\/az\\\/article\\\/kendliler-ekin-bicinimiz-pay-torpaqlarimiz-yararsiz-hala-dusub\\\/\"]}]},{\"@type\":\"ImageObject\",\"inLanguage\":\"az\",\"@id\":\"https:\\\/\\\/www.meydan.tv\\\/az\\\/article\\\/kendliler-ekin-bicinimiz-pay-torpaqlarimiz-yararsiz-hala-dusub\\\/#primaryimage\",\"url\":\"https:\\\/\\\/www.meydan.tv\\\/wp-content\\\/uploads\\\/45629-scaled.jpg\",\"contentUrl\":\"https:\\\/\\\/www.meydan.tv\\\/wp-content\\\/uploads\\\/45629-scaled.jpg\",\"width\":2560,\"height\":1920,\"caption\":\"Source:\"},{\"@type\":\"BreadcrumbList\",\"@id\":\"https:\\\/\\\/www.meydan.tv\\\/az\\\/article\\\/kendliler-ekin-bicinimiz-pay-torpaqlarimiz-yararsiz-hala-dusub\\\/#breadcrumb\",\"itemListElement\":[{\"@type\":\"ListItem\",\"position\":1,\"name\":\"Ana s\u0259hif\u0259\",\"item\":\"https:\\\/\\\/www.meydan.tv\\\/az\\\/\"},{\"@type\":\"ListItem\",\"position\":2,\"name\":\"B\u00f6lg\u0259\",\"item\":\"https:\\\/\\\/www.meydan.tv\\\/az\\\/section\\\/bolge\\\/\"},{\"@type\":\"ListItem\",\"position\":3,\"name\":\"K\u0259ndlil\u0259r: \u018fkin-bi\u00e7inimiz, pay torpaqlar\u0131m\u0131z yarars\u0131z hala d\u00fc\u015f\u00fcb\"}]},{\"@type\":\"WebSite\",\"@id\":\"https:\\\/\\\/www.meydan.tv\\\/az\\\/#website\",\"url\":\"https:\\\/\\\/www.meydan.tv\\\/az\\\/\",\"name\":\"MEYDAN.TV\",\"description\":\"Meydan TV Az\u0259rbaycan\u0131n media m\u0259kan\u0131ndak\u0131 alternativ s\u0259sidir\",\"publisher\":{\"@id\":\"https:\\\/\\\/www.meydan.tv\\\/az\\\/#organization\"},\"potentialAction\":[{\"@type\":\"SearchAction\",\"target\":{\"@type\":\"EntryPoint\",\"urlTemplate\":\"https:\\\/\\\/www.meydan.tv\\\/az\\\/?s={search_term_string}\"},\"query-input\":{\"@type\":\"PropertyValueSpecification\",\"valueRequired\":true,\"valueName\":\"search_term_string\"}}],\"inLanguage\":\"az\"},{\"@type\":\"Organization\",\"@id\":\"https:\\\/\\\/www.meydan.tv\\\/az\\\/#organization\",\"name\":\"Meydan TV\",\"url\":\"https:\\\/\\\/www.meydan.tv\\\/az\\\/\",\"logo\":{\"@type\":\"ImageObject\",\"inLanguage\":\"az\",\"@id\":\"https:\\\/\\\/www.meydan.tv\\\/az\\\/#\\\/schema\\\/logo\\\/image\\\/\",\"url\":\"https:\\\/\\\/www.meydan.tv\\\/wp-content\\\/uploads\\\/2021\\\/07\\\/meydan-logo.svg\",\"contentUrl\":\"https:\\\/\\\/www.meydan.tv\\\/wp-content\\\/uploads\\\/2021\\\/07\\\/meydan-logo.svg\",\"width\":195,\"height\":46,\"caption\":\"Meydan TV\"},\"image\":{\"@id\":\"https:\\\/\\\/www.meydan.tv\\\/az\\\/#\\\/schema\\\/logo\\\/image\\\/\"}},{\"@type\":\"Person\",\"@id\":\"https:\\\/\\\/www.meydan.tv\\\/az\\\/#\\\/schema\\\/person\\\/10d11eccf6da3662cf5fdab9806ea91a\",\"name\":\"user-manager\"}]}<\/script>\n<!-- \/ Yoast SEO plugin. -->","yoast_head_json":{"title":"K\u0259ndlil\u0259r: \u018fkin-bi\u00e7inimiz, pay torpaqlar\u0131m\u0131z yarars\u0131z hala d\u00fc\u015f\u00fcb - MEYDAN.TV","robots":{"index":"index","follow":"follow","max-snippet":"max-snippet:-1","max-image-preview":"max-image-preview:large","max-video-preview":"max-video-preview:-1"},"canonical":"https:\/\/www.meydan.tv\/az\/article\/kendliler-ekin-bicinimiz-pay-torpaqlarimiz-yararsiz-hala-dusub\/","og_locale":"az_AZ","og_type":"article","og_title":"K\u0259ndlil\u0259r: \u018fkin-bi\u00e7inimiz, pay torpaqlar\u0131m\u0131z yarars\u0131z hala d\u00fc\u015f\u00fcb - MEYDAN.TV","og_description":"Beyl\u0259qan\u0131n Milabad k\u0259ndinin sakinl\u0259ri subasmadan narahatd\u0131r","og_url":"https:\/\/www.meydan.tv\/az\/article\/kendliler-ekin-bicinimiz-pay-torpaqlarimiz-yararsiz-hala-dusub\/","og_site_name":"MEYDAN.TV","article_published_time":"2018-12-21T19:00:35+00:00","og_image":[{"width":2560,"height":1920,"url":"https:\/\/www.meydan.tv\/wp-content\/uploads\/45629-scaled.jpg","type":"image\/jpeg"}],"author":"user-manager","twitter_card":"summary_large_image","schema":{"@context":"https:\/\/schema.org","@graph":[{"@type":"Article","@id":"https:\/\/www.meydan.tv\/az\/article\/kendliler-ekin-bicinimiz-pay-torpaqlarimiz-yararsiz-hala-dusub\/#article","isPartOf":{"@id":"https:\/\/www.meydan.tv\/az\/article\/kendliler-ekin-bicinimiz-pay-torpaqlarimiz-yararsiz-hala-dusub\/"},"author":{"name":"user-manager","@id":"https:\/\/www.meydan.tv\/az\/#\/schema\/person\/10d11eccf6da3662cf5fdab9806ea91a"},"headline":"K\u0259ndlil\u0259r: \u018fkin-bi\u00e7inimiz, pay torpaqlar\u0131m\u0131z yarars\u0131z hala d\u00fc\u015f\u00fcb","datePublished":"2018-12-21T19:00:35+00:00","mainEntityOfPage":{"@id":"https:\/\/www.meydan.tv\/az\/article\/kendliler-ekin-bicinimiz-pay-torpaqlarimiz-yararsiz-hala-dusub\/"},"wordCount":1215,"publisher":{"@id":"https:\/\/www.meydan.tv\/az\/#organization"},"image":{"@id":"https:\/\/www.meydan.tv\/az\/article\/kendliler-ekin-bicinimiz-pay-torpaqlarimiz-yararsiz-hala-dusub\/#primaryimage"},"thumbnailUrl":"https:\/\/www.meydan.tv\/wp-content\/uploads\/45629-scaled.jpg","articleSection":["B\u00f6lg\u0259"],"inLanguage":"az"},{"@type":"WebPage","@id":"https:\/\/www.meydan.tv\/az\/article\/kendliler-ekin-bicinimiz-pay-torpaqlarimiz-yararsiz-hala-dusub\/","url":"https:\/\/www.meydan.tv\/az\/article\/kendliler-ekin-bicinimiz-pay-torpaqlarimiz-yararsiz-hala-dusub\/","name":"K\u0259ndlil\u0259r: \u018fkin-bi\u00e7inimiz, pay torpaqlar\u0131m\u0131z yarars\u0131z hala d\u00fc\u015f\u00fcb - MEYDAN.TV","isPartOf":{"@id":"https:\/\/www.meydan.tv\/az\/#website"},"primaryImageOfPage":{"@id":"https:\/\/www.meydan.tv\/az\/article\/kendliler-ekin-bicinimiz-pay-torpaqlarimiz-yararsiz-hala-dusub\/#primaryimage"},"image":{"@id":"https:\/\/www.meydan.tv\/az\/article\/kendliler-ekin-bicinimiz-pay-torpaqlarimiz-yararsiz-hala-dusub\/#primaryimage"},"thumbnailUrl":"https:\/\/www.meydan.tv\/wp-content\/uploads\/45629-scaled.jpg","datePublished":"2018-12-21T19:00:35+00:00","breadcrumb":{"@id":"https:\/\/www.meydan.tv\/az\/article\/kendliler-ekin-bicinimiz-pay-torpaqlarimiz-yararsiz-hala-dusub\/#breadcrumb"},"inLanguage":"az","potentialAction":[{"@type":"ReadAction","target":["https:\/\/www.meydan.tv\/az\/article\/kendliler-ekin-bicinimiz-pay-torpaqlarimiz-yararsiz-hala-dusub\/"]}]},{"@type":"ImageObject","inLanguage":"az","@id":"https:\/\/www.meydan.tv\/az\/article\/kendliler-ekin-bicinimiz-pay-torpaqlarimiz-yararsiz-hala-dusub\/#primaryimage","url":"https:\/\/www.meydan.tv\/wp-content\/uploads\/45629-scaled.jpg","contentUrl":"https:\/\/www.meydan.tv\/wp-content\/uploads\/45629-scaled.jpg","width":2560,"height":1920,"caption":"Source:"},{"@type":"BreadcrumbList","@id":"https:\/\/www.meydan.tv\/az\/article\/kendliler-ekin-bicinimiz-pay-torpaqlarimiz-yararsiz-hala-dusub\/#breadcrumb","itemListElement":[{"@type":"ListItem","position":1,"name":"Ana s\u0259hif\u0259","item":"https:\/\/www.meydan.tv\/az\/"},{"@type":"ListItem","position":2,"name":"B\u00f6lg\u0259","item":"https:\/\/www.meydan.tv\/az\/section\/bolge\/"},{"@type":"ListItem","position":3,"name":"K\u0259ndlil\u0259r: \u018fkin-bi\u00e7inimiz, pay torpaqlar\u0131m\u0131z yarars\u0131z hala d\u00fc\u015f\u00fcb"}]},{"@type":"WebSite","@id":"https:\/\/www.meydan.tv\/az\/#website","url":"https:\/\/www.meydan.tv\/az\/","name":"MEYDAN.TV","description":"Meydan TV Az\u0259rbaycan\u0131n media m\u0259kan\u0131ndak\u0131 alternativ s\u0259sidir","publisher":{"@id":"https:\/\/www.meydan.tv\/az\/#organization"},"potentialAction":[{"@type":"SearchAction","target":{"@type":"EntryPoint","urlTemplate":"https:\/\/www.meydan.tv\/az\/?s={search_term_string}"},"query-input":{"@type":"PropertyValueSpecification","valueRequired":true,"valueName":"search_term_string"}}],"inLanguage":"az"},{"@type":"Organization","@id":"https:\/\/www.meydan.tv\/az\/#organization","name":"Meydan TV","url":"https:\/\/www.meydan.tv\/az\/","logo":{"@type":"ImageObject","inLanguage":"az","@id":"https:\/\/www.meydan.tv\/az\/#\/schema\/logo\/image\/","url":"https:\/\/www.meydan.tv\/wp-content\/uploads\/2021\/07\/meydan-logo.svg","contentUrl":"https:\/\/www.meydan.tv\/wp-content\/uploads\/2021\/07\/meydan-logo.svg","width":195,"height":46,"caption":"Meydan TV"},"image":{"@id":"https:\/\/www.meydan.tv\/az\/#\/schema\/logo\/image\/"}},{"@type":"Person","@id":"https:\/\/www.meydan.tv\/az\/#\/schema\/person\/10d11eccf6da3662cf5fdab9806ea91a","name":"user-manager"}]}},"_links":{"self":[{"href":"https:\/\/www.meydan.tv\/az\/wp-json\/wp\/v2\/posts\/193140","targetHints":{"allow":["GET"]}}],"collection":[{"href":"https:\/\/www.meydan.tv\/az\/wp-json\/wp\/v2\/posts"}],"about":[{"href":"https:\/\/www.meydan.tv\/az\/wp-json\/wp\/v2\/types\/post"}],"author":[{"embeddable":true,"href":"https:\/\/www.meydan.tv\/az\/wp-json\/wp\/v2\/users\/11"}],"replies":[{"embeddable":true,"href":"https:\/\/www.meydan.tv\/az\/wp-json\/wp\/v2\/comments?post=193140"}],"version-history":[{"count":0,"href":"https:\/\/www.meydan.tv\/az\/wp-json\/wp\/v2\/posts\/193140\/revisions"}],"wp:featuredmedia":[{"embeddable":true,"href":"https:\/\/www.meydan.tv\/az\/wp-json\/wp\/v2\/media\/114585"}],"wp:attachment":[{"href":"https:\/\/www.meydan.tv\/az\/wp-json\/wp\/v2\/media?parent=193140"}],"wp:term":[{"taxonomy":"category","embeddable":true,"href":"https:\/\/www.meydan.tv\/az\/wp-json\/wp\/v2\/categories?post=193140"},{"taxonomy":"post_tag","embeddable":true,"href":"https:\/\/www.meydan.tv\/az\/wp-json\/wp\/v2\/tags?post=193140"}],"curies":[{"name":"wp","href":"https:\/\/api.w.org\/{rel}","templated":true}]}}