{"id":193130,"date":"2018-12-21T14:09:34","date_gmt":"2018-12-21T14:09:34","guid":{"rendered":"https:\/\/www.meydan.tv\/article\/dagliq-qarabag-munaqisesi-etrafinda-neler-bas-verir\/"},"modified":"2018-12-21T14:09:34","modified_gmt":"2018-12-21T14:09:34","slug":"dagliq-qarabag-munaqisesi-etrafinda-neler-bas-verir","status":"publish","type":"post","link":"https:\/\/www.meydan.tv\/az\/article\/dagliq-qarabag-munaqisesi-etrafinda-neler-bas-verir\/","title":{"rendered":"Da\u011fl\u0131q Qaraba\u011f m\u00fcnaqi\u015f\u0259si \u0259traf\u0131nda n\u0259l\u0259r ba\u015f verir?"},"content":{"rendered":"<figure class=\"wp-block-image size-large\">\n  <img decoding=\"async\" src=\"https:\/\/www.meydan.tv\/az\/eliyev-ve-pasinyan-2\/\" alt=\"\u018fliyev v\u0259 Pa\u015finyan\" class=\"wp-image-113748\"\/><figcaption>\n    \u018fliyev v\u0259 Pa\u015finyan<br \/>\n  <\/figcaption><\/figure>\n<p>\n  <i><br \/>\n    R\u0259smi Bak\u0131n\u0131n son add\u0131mlar\u0131 geni\u015f rezonansa s\u0259b\u0259b olub<br \/>\n  <\/i>\n<\/p>\n<p>\n  \u201cDa\u011fl\u0131q Qaraba\u011f B\u00f6lg\u0259sinin Az\u0259rbaycanl\u0131 \u0130cmas\u0131\u201d \u0130ctimai Birliyin\u0259 Xarici \u0130\u015fl\u0259r Nazirliyinin \u0259m\u0259kda\u015f\u0131<br \/>\n  <a href=\"\/az\/article\/dagliq-qarabag-bolgesinin-azerbaycanli-icmasina-yeni-sedr-secilib\/\"><br \/>\n    Tural G\u0259nc\u0259liyev<br \/>\n  <\/a><br \/>\n  in s\u0259dr se\u00e7ilm\u0259si v\u0259 Az\u0259rbaycan-Erm\u0259nistan s\u0259rh\u0259dinin Qazax rayonu \u0259razisind\u0259 m\u00fchafiz\u0259sinin M\u00fcdafi\u0259 Nazirliyind\u0259n D\u00f6vl\u0259t S\u0259rh\u0259d Xidm\u0259tin\u0259 ke\u00e7m\u0259si sosial \u015f\u0259b\u0259k\u0259l\u0259rd\u0259 f\u0259al m\u00fczakir\u0259 m\u00f6vzusuna s\u0259b\u0259b olub.\n<\/p>\n<p>\n  Sosial \u015f\u0259b\u0259k\u0259 istifad\u0259\u00e7il\u0259ri hesab edibl\u0259r ki, Da\u011fl\u0131q Qaraba\u011f m\u00fcnaqi\u015f\u0259si \u0259traf\u0131nda ciddi prosesl\u0259r ba\u015flay\u0131b v\u0259 son g\u00fcnl\u0259r veril\u0259n x\u0259b\u0259rl\u0259rin t\u0259hlili Az\u0259rbaycan\u0131n Da\u011fl\u0131q Qaraba\u011f erm\u0259nil\u0259ri il\u0259 dan\u0131\u015fma\u011fa raz\u0131la\u015fd\u0131\u011f\u0131n\u0131 dem\u0259y\u0259 \u0259sas verir.\n<\/p>\n<p>\n  Sosial \u015f\u0259b\u0259k\u0259l\u0259rd\u0259 m\u00fczakir\u0259l\u0259rd\u0259 raz\u0131la\u015fman\u0131n n\u0259tic\u0259si kimi Da\u011fl\u0131q Qaraba\u011f\u0131n Az\u0259rbaycanl\u0131 icmas\u0131n\u0131n da i\u015ftirak\u0131n\u0131n t\u0259min olunmas\u0131na nail oldu\u011fu qeyd olunur.<br \/>\n  <br \/>\n  \u201cErm\u0259nil\u0259r s\u0259rh\u0259dd\u0259 yerd\u0259yi\u015fm\u0259d\u0259n \u015f\u00fcbh\u0259l\u0259nirl\u0259r\u201d\n<\/p>\n<p>\n  Dig\u0259r t\u0259r\u0259fd\u0259n Erm\u0259nistan m\u0259tbuat\u0131nda Qazax rayonunda m\u00fchafiz\u0259nin D\u00f6vl\u0259t S\u0259rh\u0259d Xidm\u0259tin\u0259 ke\u00e7m\u0259si g\u0259rgin m\u00fczakir\u0259l\u0259r\u0259 s\u0259b\u0259b olub. Erm\u0259ni politoloqlar\u0131 bir-birinin ard\u0131nca m\u00fcsahib\u0259 ver\u0259r\u0259k, bu yerd\u0259yi\u015fm\u0259nin v\u0259 son g\u00fcnl\u0259r s\u0259rh\u0259dd\u0259 h\u0259dd\u0259n art\u0131q sakit\u00e7iliyin olmas\u0131n\u0131 Az\u0259rbaycan\u0131n hans\u0131sa m\u0259krli plan\u0131 kimi q\u0259bul edirl\u0259r. Erm\u0259nistan m\u0259tbuat\u0131 Az\u0259rbaycan X\u0130N r\u0259hb\u0259ri Elmar M\u0259mm\u0259dyarovun erm\u0259ni h\u0259mrak\u0131 Mnatsakyanla raz\u0131l\u0131q \u0259ld\u0259 olunmas\u0131 b\u0259yanat\u0131n\u0131 da birm\u0259nal\u0131 qar\u015f\u0131lamay\u0131b. Erm\u0259ni ekspertl\u0259r is\u0259 Qazax rayonunda olan s\u0259rh\u0259dd\u0259n M\u00fcdafi\u0259 Nazirliyinin q\u00fcvv\u0259l\u0259rinin \u00e7\u0259kilm\u0259sini, bu q\u00fcvv\u0259l\u0259rin Da\u011fl\u0131q Qaraba\u011f istiqam\u0259tind\u0259 ordunun say\u0131n\u0131n art\u0131r\u0131lmas\u0131na g\u0259tirib \u00e7\u0131xaraca\u011f\u0131na ehtimal edirl\u0259r.\n<\/p>\n<blockquote><p>\n  \u0130ctimaiyy\u0259t yet\u0259rinc\u0259 m\u0259lumatland\u0131r\u0131lmal\u0131d\u0131r\n<\/p><\/blockquote>\n<p>\n  Ancaq Az\u0259rbaycan\u0131n sabiq xarici i\u015fl\u0259r naziri Tofiq Z\u00fclf\u00fcqarov bu ehtimal\u0131 yax\u0131na buraxm\u0131r.\n<\/p>\n<p>\n  Onun fikrinc\u0259, dan\u0131\u015f\u0131qlar\u0131n yeni format\u0131 q\u0259bul olunmay\u0131b v\u0259 20 ild\u0259n \u00e7oxdur birba\u015fa dan\u0131\u015f\u0131qlar apar\u0131l\u0131r.\n<\/p>\n<p>\n  \u201cHe\u00e7 bir ir\u0259lil\u0259yi\u015f d\u0259 yoxdur. Format\u0131n d\u0259yi\u015fm\u0259sinin d\u0259 n\u0259l\u0259ris\u0259 d\u0259yi\u015f\u0259c\u0259yi inand\u0131r\u0131c\u0131 deyil. Sad\u0259c\u0259, bu m\u00f6vzunu dan\u0131\u015f\u0131qlar g\u00f6r\u00fcnt\u00fcs\u00fc yaratmaq \u00fc\u00e7\u00fcn g\u00fcnd\u0259m\u0259 g\u0259tiribl\u0259r. T\u0259\u0259ss\u00fcf ki, h\u0259ms\u0259drl\u0259r d\u0259 h\u0259min i\u015fl\u0259 m\u0259\u015f\u011fuldurlar, real bir i\u015f g\u00f6r\u00fclm\u00fcr. Real s\u0259n\u0259d yoxdur ki, onun \u0259sas\u0131nda dan\u0131\u015f\u0131qlar apar\u0131ls\u0131n. Sad\u0259c\u0259, tezisl\u0259r, ideyalar m\u00fczakir\u0259 olunub\u201d.\n<\/p>\n<figure class=\"wp-block-image size-large\">\n  <img decoding=\"async\" src=\"https:\/\/www.meydan.tv\/az\/tofiq-zulfuqarov\/\" alt=\"Tofiq Z\u00fclf\u00fcqarov\" class=\"wp-image-57896\"\/><figcaption>\n    Tofiq Z\u00fclf\u00fcqarov<br \/>\n  <\/figcaption><\/figure>\n<p>\n  Tofiq Z\u00fclf\u00fcqarl\u0131 deyib ki, haz\u0131rda \u00fcmumi tezisl\u0259rin m\u00fczakir\u0259si apar\u0131ld\u0131\u011f\u0131ndan icmalar\u0131n v\u0259ziyy\u0259ti, onlar\u0131n probleml\u0259rinin h\u0259lli indiki m\u0259rh\u0259l\u0259d\u0259 aktual deyil.<br \/>\n  <br \/>\n  Sabiq X\u0130N r\u0259hb\u0259ri hesab edir ki, son dan\u0131\u015f\u0131qlar bar\u0259d\u0259 yet\u0259rinc\u0259 informasiya yay\u0131lmay\u0131b, halbuki, c\u0259miyy\u0259t m\u0259lumatland\u0131r\u0131lmal\u0131yd\u0131:\n<\/p>\n<p>\n  \u201cEl\u0259 bu s\u0259b\u0259bd\u0259n, \u0259sass\u0131z fikirl\u0259r, \u015f\u00fcbh\u0259l\u0259r v\u0259 konsepsiyalar yaran\u0131r. Bunu aradan qald\u0131rmaq \u00fc\u00e7\u00fcn real m\u00fczakir\u0259l\u0259rin m\u00f6vcud olub-olmamas\u0131 a\u00e7\u0131qlanmal\u0131d\u0131r. Sonuncu g\u00f6r\u00fc\u015f d\u0259 Erm\u0259nistan v\u0259 Az\u0259rbaycanda f\u0259rqli \u015f\u0259rhl\u0259rl\u0259 c\u0259miyy\u0259t\u0259 \u00e7atd\u0131r\u0131l\u0131r. M\u0259nc\u0259, m\u0259xfiliyin he\u00e7 bir xeyri yoxdur, ictimaiyy\u0259t yet\u0259rinc\u0259 m\u0259lumatland\u0131r\u0131lmal\u0131d\u0131r\u201d.\n<\/p>\n<blockquote><p>\n  Az\u0259rbaycan t\u0259r\u0259finin 2019-c\u00fc ild\u0259 Qaraba\u011f m\u00fcnaqi\u015f\u0259si il\u0259 ba\u011fl\u0131 pozitiv g\u00f6zl\u0259ntil\u0259ri var\n<\/p><\/blockquote>\n<p>\n  M\u00fchacir\u0259td\u0259 ya\u015fayan siyasi icmal\u00e7\u0131 Rauf Mirq\u0259dirov s\u0259rh\u0259din D\u00f6vl\u0259t S\u0259rh\u0259d Xidm\u0259ti qo\u015funlar\u0131na h\u0259val\u0259 edilm\u0259sin\u0259 sevinm\u0259k laz\u0131m oldu\u011funu d\u00fc\u015f\u00fcn\u00fcr:\n<\/p>\n<p>\n  \u201cBu, s\u0259rh\u0259dd\u0259 v\u0259ziyy\u0259tin bir q\u0259d\u0259r sabitl\u0259\u015fm\u0259sinin g\u00f6st\u0259ricisidir. \u00c7\u00fcnki ordunu D\u00f6vl\u0259t S\u0259rh\u0259d Xidm\u0259tinin qo\u015funlar\u0131 \u0259v\u0259z edirs\u0259, dem\u0259li, s\u0259rh\u0259dd\u0259 yax\u0131n perspektivd\u0259 d\u00f6y\u00fc\u015f \u0259m\u0259liyyatlar\u0131 g\u00f6zl\u0259nilmir. D\u00f6vl\u0259t S\u0259rh\u0259d Xidm\u0259ti q\u0131sam\u00fcdd\u0259tli m\u00fcdafi\u0259 v\u0259 ya ilk z\u0259rb\u0259nin qar\u015f\u0131s\u0131n\u0131 almaq \u00fc\u00e7\u00fcn n\u0259z\u0259rd\u0259 tutulub. Dig\u0259r t\u0259r\u0259fd\u0259n q\u00fcvv\u0259l\u0259rin Da\u011fl\u0131q Qaraba\u011fa y\u00f6n\u0259ldilm\u0259si fikri yay\u0131l\u0131r, bu, el\u0259 deyil. N\u0259 q\u0259d\u0259r ki, m\u00fcnaqi\u015f\u0259 h\u0259ll edilm\u0259yib ordunun daimi dislokasiya yeri yax\u0131nl\u0131qda olmal\u0131d\u0131r. Bu geni\u015f miqyasl\u0131 d\u00f6y\u00fc\u015fl\u0259r t\u0259hl\u00fck\u0259si yaranaca\u011f\u0131 halda, onlar\u0131 q\u0131sa zamanda d\u00f6y\u00fc\u015f m\u00f6vqel\u0259rin\u0259 \u00e7\u0131xarda bilm\u0259k imkan\u0131n\u0131n olmas\u0131 \u00fc\u00e7\u00fcnd\u00fcr\u201d.\n<\/p>\n<p>\n  \u0130cmal\u00e7\u0131 hesab edir ki, Az\u0259rbaycan t\u0259r\u0259finin 2019-c\u00fc ild\u0259 Qaraba\u011f m\u00fcnaqi\u015f\u0259si il\u0259 ba\u011fl\u0131 pozitiv g\u00f6zl\u0259ntil\u0259ri var.\n<\/p>\n<p>\n  Onun s\u00f6zl\u0259rin\u0259 g\u00f6r\u0259, xarici i\u015fl\u0259r naziri Elmar M\u0259mm\u0259dyarovun son b\u0259yanat\u0131 da bu m\u0259qam\u0131 bir q\u0259d\u0259r t\u0259sdiql\u0259yir. Nazir erm\u0259nistanl\u0131 h\u0259mkar\u0131 il\u0259 son g\u00f6r\u00fc\u015fd\u0259n sonra dedi ki, son ill\u0259r ilk d\u0259f\u0259 olaraq \u00fcmumi raz\u0131l\u0131\u011fa g\u0259l\u0259 bildil\u0259r.\n<\/p>\n<p>\n  Rauf Mirq\u0259dirovun s\u00f6zl\u0259rin\u0259 g\u00f6r\u0259, Da\u011fl\u0131q Qaraba\u011f icmas\u0131 il\u0259 \u0259laq\u0259l\u0259r olmal\u0131d\u0131r, ancaq t\u0259maslar\u0131n hans\u0131 s\u0259viyy\u0259d\u0259 apar\u0131lmas\u0131 ba\u015fqa m\u0259s\u0259l\u0259dir.\n<\/p>\n<p>\n  \u201cErm\u0259nistanla Az\u0259rbaycan bir-birinin \u0259razi b\u00fct\u00f6vl\u00fcy\u00fcn\u00fc tam tan\u0131yandan, i\u015f\u011fal alt\u0131nda olan \u0259traf \u0259razil\u0259r azad edil\u0259nd\u0259n v\u0259 erm\u0259ni \u0259halisin\u0259 beyn\u0259lxalq t\u0259hl\u00fck\u0259sizlik t\u0259minat\u0131 veril\u0259nd\u0259n sonra b\u00f6lg\u0259nin yekun status m\u0259s\u0259l\u0259si r\u0259smi Bak\u0131 il\u0259 Da\u011fl\u0131q Qaraba\u011f aras\u0131nda apar\u0131lmal\u0131d\u0131r. S\u00f6zs\u00fcz ki, Bak\u0131 m\u00fcxt\u0259lif kanallarla Da\u011fl\u0131q Qaraba\u011f icmas\u0131 il\u0259 \u0259laq\u0259 saxlamal\u0131d\u0131r\u201d.\n<\/p>\n<figure class=\"wp-block-image size-large\">\n  <img decoding=\"async\" src=\"https:\/\/www.meydan.tv\/az\/rauf-mirqedirov-5\/\" alt=\"Rauf Mirq\u0259dirov\" class=\"wp-image-108453\"\/><figcaption>\n    Rauf Mirq\u0259dirov<br \/>\n  <\/figcaption><\/figure>\n<p>\n  Onun fikrinc\u0259 h\u00f6kum\u0259t Da\u011fl\u0131q Qaraba\u011f\u0131n erm\u0259ni icmas\u0131na d\u00fc\u015fm\u0259n m\u00f6vqed\u0259 dayanmad\u0131\u011f\u0131n\u0131 g\u00f6st\u0259rm\u0259k \u00fc\u00e7\u00fcn bir s\u0131ra add\u0131mlar da ata bil\u0259r.\n<\/p>\n<p>\n  O deyib ki, bunlardan biri Az\u0259rbaycan\u0131n n\u0259zar\u0259ti alt\u0131nda beyn\u0259lxalq humanitar t\u0259\u015fkilatlar\u0131n Da\u011fl\u0131q Qaraba\u011fda i\u015ftirak\u0131 mesaj kimi ola bil\u0259rdi. Bununla bel\u0259 Rauf Mirq\u0259dirov statusun nec\u0259 olaca\u011f\u0131 predmetin\u0259 Erm\u0259nistan\u0131n m\u00fcdaxil\u0259sinin yolverilm\u0259z oldu\u011funu da deyib:\n<\/p>\n<p>\n  \u201c\u018fg\u0259r dan\u0131\u015f\u0131qlar\u0131 Erm\u0259nistanla aparsaq, biz bu d\u00f6vl\u0259tin \u00f6z daxili i\u015fl\u0259rimiz\u0259 m\u00fcdaxil\u0259si h\u00fcququnu t\u0259sbit etmi\u015f olaca\u011f\u0131q\u201d.\n<\/p>\n<p>\n  Siyasi icmal\u00e7\u0131 d\u00fc\u015f\u00fcn\u00fcr ki, 2019-2020-ci ill\u0259rd\u0259 Az\u0259rbaycan\u0131 beyn\u0259lxalq al\u0259md\u0259 ciddi t\u0259lat\u00fcml\u0259r g\u00f6zl\u0259yir. Q\u0259rb bloku il\u0259 Rusiya aras\u0131ndak\u0131 qar\u015f\u0131durma uzun m\u00fcdd\u0259t davam ed\u0259 bilm\u0259z. Bu bax\u0131mdan hans\u0131sa sxeml\u0259r v\u0259 formalar \u0259sas\u0131nda yax\u0131n iki ild\u0259 Da\u011fl\u0131q Qaraba\u011f m\u00fcnaqi\u015f\u0259sinin t\u0259nziml\u0259nm\u0259si olmal\u0131d\u0131r. Y\u0259ni m\u00fcnaqi\u015f\u0259 davam ets\u0259 d\u0259, sonsuza q\u0259d\u0259r g\u0259rginl\u0259\u015fm\u0259sinin qar\u015f\u0131s\u0131 al\u0131ns\u0131n. G\u00f6zl\u0259ntil\u0259r var, amma bu, qlobal oyun\u00e7ular\u0131n maraqlar\u0131na ba\u011fl\u0131d\u0131r. \u018fg\u0259r bunlar olmasa, yax\u0131n d\u00f6vrd\u0259 ciddi ir\u0259lil\u0259yi\u015f olmayacaq.\n<\/p>\n<p>\n  Da\u011fl\u0131q Qaraba\u011f m\u00fcnaqi\u015f\u0259sinin m\u00fcasir m\u0259rh\u0259l\u0259si 1988-ci ild\u0259 Erm\u0259nistan SSR-in Az\u0259rbaycan SSR-\u0259 qar\u015f\u0131 \u0259razi iddialar\u0131 \u0259sas\u0131nda ba\u015flay\u0131b. 1991-1994-c\u00fc ill\u0259rd\u0259 Az\u0259rbaycan\u0131n Da\u011fl\u0131q Qaraba\u011f \u0259razisi u\u011frunda Erm\u0259nistanla Az\u0259rbaycan aras\u0131nda m\u00fcharib\u0259 ba\u015f verib. N\u0259tic\u0259d\u0259 Az\u0259rbaycan \u0259razil\u0259rinin 20 faizi &#8211; Da\u011fl\u0131q Qaraba\u011f v\u0259 \u0259traf 7 inzibati rayon (La\u00e7\u0131n, K\u0259lb\u0259c\u0259r, A\u011fdam, F\u00fczuli, C\u0259bray\u0131l, Qubadl\u0131, Z\u0259ngilan) Erm\u0259nistan Silahl\u0131 Q\u00fcvv\u0259l\u0259ri t\u0259r\u0259find\u0259n i\u015f\u011fal olunub, 1 milyondan art\u0131q insan qa\u00e7q\u0131n v\u0259 m\u0259cburi k\u00f6\u00e7k\u00fcn v\u0259ziyy\u0259tin\u0259 d\u00fc\u015f\u00fcb. H\u0259rbi \u0259m\u0259liyyatlar 1994-c\u00fc ilin may ay\u0131nda Bi\u015fkekd\u0259 Az\u0259rbaycan v\u0259 Erm\u0259nistan aras\u0131nda imzalanm\u0131\u015f at\u0259\u015fk\u0259s sazi\u015fi il\u0259 ba\u015fa \u00e7at\u0131b.Da\u011fl\u0131q Qaraba\u011f m\u00fcnaqi\u015f\u0259sinin h\u0259lli il\u0259 AT\u018fT-in Minsk Qrupu v\u0259 Rusiya, AB\u015e, Fransadan ibar\u0259t h\u0259ms\u0259drl\u0259ri m\u0259\u015f\u011ful olur.<\/p>\n","protected":false},"excerpt":{"rendered":"<p>R\u0259smi Bak\u0131n\u0131n son add\u0131mlar\u0131 geni\u015f rezonansa s\u0259b\u0259b olub<\/p>\n","protected":false},"author":11,"featured_media":113748,"comment_status":"closed","ping_status":"open","sticky":false,"template":"","format":"standard","meta":{"_acf_changed":false,"_sitemap_exclude":false,"_sitemap_priority":"","_sitemap_frequency":"","footnotes":""},"categories":[51],"tags":[],"class_list":["post-193130","post","type-post","status-publish","format-standard","has-post-thumbnail","hentry","category-analitika","infinite-scroll-item","generate-columns","tablet-grid-50","mobile-grid-100","grid-parent","grid-33","no-featured-image-padding"],"acf":[],"yoast_head":"<!-- This site is optimized with the Yoast SEO plugin v27.4 - https:\/\/yoast.com\/product\/yoast-seo-wordpress\/ -->\n<title>Da\u011fl\u0131q Qaraba\u011f m\u00fcnaqi\u015f\u0259si \u0259traf\u0131nda n\u0259l\u0259r ba\u015f verir? - MEYDAN.TV<\/title>\n<meta name=\"robots\" content=\"index, follow, max-snippet:-1, max-image-preview:large, max-video-preview:-1\" \/>\n<link rel=\"canonical\" href=\"https:\/\/www.meydan.tv\/az\/article\/dagliq-qarabag-munaqisesi-etrafinda-neler-bas-verir\/\" \/>\n<meta property=\"og:locale\" content=\"az_AZ\" \/>\n<meta property=\"og:type\" content=\"article\" \/>\n<meta property=\"og:title\" content=\"Da\u011fl\u0131q Qaraba\u011f m\u00fcnaqi\u015f\u0259si \u0259traf\u0131nda n\u0259l\u0259r ba\u015f verir? - MEYDAN.TV\" \/>\n<meta property=\"og:description\" content=\"R\u0259smi Bak\u0131n\u0131n son add\u0131mlar\u0131 geni\u015f rezonansa s\u0259b\u0259b olub\" \/>\n<meta property=\"og:url\" content=\"https:\/\/www.meydan.tv\/az\/article\/dagliq-qarabag-munaqisesi-etrafinda-neler-bas-verir\/\" \/>\n<meta property=\"og:site_name\" content=\"MEYDAN.TV\" \/>\n<meta property=\"article:published_time\" content=\"2018-12-21T14:09:34+00:00\" \/>\n<meta property=\"og:image\" content=\"https:\/\/www.meydan.tv\/wp-content\/uploads\/45324.jpg\" \/>\n\t<meta property=\"og:image:width\" content=\"1023\" \/>\n\t<meta property=\"og:image:height\" content=\"575\" \/>\n\t<meta property=\"og:image:type\" content=\"image\/jpeg\" \/>\n<meta name=\"author\" content=\"user-manager\" \/>\n<meta name=\"twitter:card\" content=\"summary_large_image\" \/>\n<script type=\"application\/ld+json\" class=\"yoast-schema-graph\">{\"@context\":\"https:\\\/\\\/schema.org\",\"@graph\":[{\"@type\":\"Article\",\"@id\":\"https:\\\/\\\/www.meydan.tv\\\/az\\\/article\\\/dagliq-qarabag-munaqisesi-etrafinda-neler-bas-verir\\\/#article\",\"isPartOf\":{\"@id\":\"https:\\\/\\\/www.meydan.tv\\\/az\\\/article\\\/dagliq-qarabag-munaqisesi-etrafinda-neler-bas-verir\\\/\"},\"author\":{\"name\":\"user-manager\",\"@id\":\"https:\\\/\\\/www.meydan.tv\\\/az\\\/#\\\/schema\\\/person\\\/10d11eccf6da3662cf5fdab9806ea91a\"},\"headline\":\"Da\u011fl\u0131q Qaraba\u011f m\u00fcnaqi\u015f\u0259si \u0259traf\u0131nda n\u0259l\u0259r ba\u015f verir?\",\"datePublished\":\"2018-12-21T14:09:34+00:00\",\"mainEntityOfPage\":{\"@id\":\"https:\\\/\\\/www.meydan.tv\\\/az\\\/article\\\/dagliq-qarabag-munaqisesi-etrafinda-neler-bas-verir\\\/\"},\"wordCount\":1487,\"publisher\":{\"@id\":\"https:\\\/\\\/www.meydan.tv\\\/az\\\/#organization\"},\"image\":{\"@id\":\"https:\\\/\\\/www.meydan.tv\\\/az\\\/article\\\/dagliq-qarabag-munaqisesi-etrafinda-neler-bas-verir\\\/#primaryimage\"},\"thumbnailUrl\":\"https:\\\/\\\/www.meydan.tv\\\/wp-content\\\/uploads\\\/45324.jpg\",\"articleSection\":[\"Analitika\"],\"inLanguage\":\"az\"},{\"@type\":\"WebPage\",\"@id\":\"https:\\\/\\\/www.meydan.tv\\\/az\\\/article\\\/dagliq-qarabag-munaqisesi-etrafinda-neler-bas-verir\\\/\",\"url\":\"https:\\\/\\\/www.meydan.tv\\\/az\\\/article\\\/dagliq-qarabag-munaqisesi-etrafinda-neler-bas-verir\\\/\",\"name\":\"Da\u011fl\u0131q Qaraba\u011f m\u00fcnaqi\u015f\u0259si \u0259traf\u0131nda n\u0259l\u0259r ba\u015f verir? - MEYDAN.TV\",\"isPartOf\":{\"@id\":\"https:\\\/\\\/www.meydan.tv\\\/az\\\/#website\"},\"primaryImageOfPage\":{\"@id\":\"https:\\\/\\\/www.meydan.tv\\\/az\\\/article\\\/dagliq-qarabag-munaqisesi-etrafinda-neler-bas-verir\\\/#primaryimage\"},\"image\":{\"@id\":\"https:\\\/\\\/www.meydan.tv\\\/az\\\/article\\\/dagliq-qarabag-munaqisesi-etrafinda-neler-bas-verir\\\/#primaryimage\"},\"thumbnailUrl\":\"https:\\\/\\\/www.meydan.tv\\\/wp-content\\\/uploads\\\/45324.jpg\",\"datePublished\":\"2018-12-21T14:09:34+00:00\",\"breadcrumb\":{\"@id\":\"https:\\\/\\\/www.meydan.tv\\\/az\\\/article\\\/dagliq-qarabag-munaqisesi-etrafinda-neler-bas-verir\\\/#breadcrumb\"},\"inLanguage\":\"az\",\"potentialAction\":[{\"@type\":\"ReadAction\",\"target\":[\"https:\\\/\\\/www.meydan.tv\\\/az\\\/article\\\/dagliq-qarabag-munaqisesi-etrafinda-neler-bas-verir\\\/\"]}]},{\"@type\":\"ImageObject\",\"inLanguage\":\"az\",\"@id\":\"https:\\\/\\\/www.meydan.tv\\\/az\\\/article\\\/dagliq-qarabag-munaqisesi-etrafinda-neler-bas-verir\\\/#primaryimage\",\"url\":\"https:\\\/\\\/www.meydan.tv\\\/wp-content\\\/uploads\\\/45324.jpg\",\"contentUrl\":\"https:\\\/\\\/www.meydan.tv\\\/wp-content\\\/uploads\\\/45324.jpg\",\"width\":1023,\"height\":575,\"caption\":\"Source:\"},{\"@type\":\"BreadcrumbList\",\"@id\":\"https:\\\/\\\/www.meydan.tv\\\/az\\\/article\\\/dagliq-qarabag-munaqisesi-etrafinda-neler-bas-verir\\\/#breadcrumb\",\"itemListElement\":[{\"@type\":\"ListItem\",\"position\":1,\"name\":\"Ana s\u0259hif\u0259\",\"item\":\"https:\\\/\\\/www.meydan.tv\\\/az\\\/\"},{\"@type\":\"ListItem\",\"position\":2,\"name\":\"Analitika\",\"item\":\"https:\\\/\\\/www.meydan.tv\\\/az\\\/section\\\/analitika\\\/\"},{\"@type\":\"ListItem\",\"position\":3,\"name\":\"Da\u011fl\u0131q Qaraba\u011f m\u00fcnaqi\u015f\u0259si \u0259traf\u0131nda n\u0259l\u0259r ba\u015f verir?\"}]},{\"@type\":\"WebSite\",\"@id\":\"https:\\\/\\\/www.meydan.tv\\\/az\\\/#website\",\"url\":\"https:\\\/\\\/www.meydan.tv\\\/az\\\/\",\"name\":\"MEYDAN.TV\",\"description\":\"Meydan TV Az\u0259rbaycan\u0131n media m\u0259kan\u0131ndak\u0131 alternativ s\u0259sidir\",\"publisher\":{\"@id\":\"https:\\\/\\\/www.meydan.tv\\\/az\\\/#organization\"},\"potentialAction\":[{\"@type\":\"SearchAction\",\"target\":{\"@type\":\"EntryPoint\",\"urlTemplate\":\"https:\\\/\\\/www.meydan.tv\\\/az\\\/?s={search_term_string}\"},\"query-input\":{\"@type\":\"PropertyValueSpecification\",\"valueRequired\":true,\"valueName\":\"search_term_string\"}}],\"inLanguage\":\"az\"},{\"@type\":\"Organization\",\"@id\":\"https:\\\/\\\/www.meydan.tv\\\/az\\\/#organization\",\"name\":\"Meydan TV\",\"url\":\"https:\\\/\\\/www.meydan.tv\\\/az\\\/\",\"logo\":{\"@type\":\"ImageObject\",\"inLanguage\":\"az\",\"@id\":\"https:\\\/\\\/www.meydan.tv\\\/az\\\/#\\\/schema\\\/logo\\\/image\\\/\",\"url\":\"https:\\\/\\\/www.meydan.tv\\\/wp-content\\\/uploads\\\/2021\\\/07\\\/meydan-logo.svg\",\"contentUrl\":\"https:\\\/\\\/www.meydan.tv\\\/wp-content\\\/uploads\\\/2021\\\/07\\\/meydan-logo.svg\",\"width\":195,\"height\":46,\"caption\":\"Meydan TV\"},\"image\":{\"@id\":\"https:\\\/\\\/www.meydan.tv\\\/az\\\/#\\\/schema\\\/logo\\\/image\\\/\"}},{\"@type\":\"Person\",\"@id\":\"https:\\\/\\\/www.meydan.tv\\\/az\\\/#\\\/schema\\\/person\\\/10d11eccf6da3662cf5fdab9806ea91a\",\"name\":\"user-manager\"}]}<\/script>\n<!-- \/ Yoast SEO plugin. -->","yoast_head_json":{"title":"Da\u011fl\u0131q Qaraba\u011f m\u00fcnaqi\u015f\u0259si \u0259traf\u0131nda n\u0259l\u0259r ba\u015f verir? - MEYDAN.TV","robots":{"index":"index","follow":"follow","max-snippet":"max-snippet:-1","max-image-preview":"max-image-preview:large","max-video-preview":"max-video-preview:-1"},"canonical":"https:\/\/www.meydan.tv\/az\/article\/dagliq-qarabag-munaqisesi-etrafinda-neler-bas-verir\/","og_locale":"az_AZ","og_type":"article","og_title":"Da\u011fl\u0131q Qaraba\u011f m\u00fcnaqi\u015f\u0259si \u0259traf\u0131nda n\u0259l\u0259r ba\u015f verir? - MEYDAN.TV","og_description":"R\u0259smi Bak\u0131n\u0131n son add\u0131mlar\u0131 geni\u015f rezonansa s\u0259b\u0259b olub","og_url":"https:\/\/www.meydan.tv\/az\/article\/dagliq-qarabag-munaqisesi-etrafinda-neler-bas-verir\/","og_site_name":"MEYDAN.TV","article_published_time":"2018-12-21T14:09:34+00:00","og_image":[{"width":1023,"height":575,"url":"https:\/\/www.meydan.tv\/wp-content\/uploads\/45324.jpg","type":"image\/jpeg"}],"author":"user-manager","twitter_card":"summary_large_image","schema":{"@context":"https:\/\/schema.org","@graph":[{"@type":"Article","@id":"https:\/\/www.meydan.tv\/az\/article\/dagliq-qarabag-munaqisesi-etrafinda-neler-bas-verir\/#article","isPartOf":{"@id":"https:\/\/www.meydan.tv\/az\/article\/dagliq-qarabag-munaqisesi-etrafinda-neler-bas-verir\/"},"author":{"name":"user-manager","@id":"https:\/\/www.meydan.tv\/az\/#\/schema\/person\/10d11eccf6da3662cf5fdab9806ea91a"},"headline":"Da\u011fl\u0131q Qaraba\u011f m\u00fcnaqi\u015f\u0259si \u0259traf\u0131nda n\u0259l\u0259r ba\u015f verir?","datePublished":"2018-12-21T14:09:34+00:00","mainEntityOfPage":{"@id":"https:\/\/www.meydan.tv\/az\/article\/dagliq-qarabag-munaqisesi-etrafinda-neler-bas-verir\/"},"wordCount":1487,"publisher":{"@id":"https:\/\/www.meydan.tv\/az\/#organization"},"image":{"@id":"https:\/\/www.meydan.tv\/az\/article\/dagliq-qarabag-munaqisesi-etrafinda-neler-bas-verir\/#primaryimage"},"thumbnailUrl":"https:\/\/www.meydan.tv\/wp-content\/uploads\/45324.jpg","articleSection":["Analitika"],"inLanguage":"az"},{"@type":"WebPage","@id":"https:\/\/www.meydan.tv\/az\/article\/dagliq-qarabag-munaqisesi-etrafinda-neler-bas-verir\/","url":"https:\/\/www.meydan.tv\/az\/article\/dagliq-qarabag-munaqisesi-etrafinda-neler-bas-verir\/","name":"Da\u011fl\u0131q Qaraba\u011f m\u00fcnaqi\u015f\u0259si \u0259traf\u0131nda n\u0259l\u0259r ba\u015f verir? - MEYDAN.TV","isPartOf":{"@id":"https:\/\/www.meydan.tv\/az\/#website"},"primaryImageOfPage":{"@id":"https:\/\/www.meydan.tv\/az\/article\/dagliq-qarabag-munaqisesi-etrafinda-neler-bas-verir\/#primaryimage"},"image":{"@id":"https:\/\/www.meydan.tv\/az\/article\/dagliq-qarabag-munaqisesi-etrafinda-neler-bas-verir\/#primaryimage"},"thumbnailUrl":"https:\/\/www.meydan.tv\/wp-content\/uploads\/45324.jpg","datePublished":"2018-12-21T14:09:34+00:00","breadcrumb":{"@id":"https:\/\/www.meydan.tv\/az\/article\/dagliq-qarabag-munaqisesi-etrafinda-neler-bas-verir\/#breadcrumb"},"inLanguage":"az","potentialAction":[{"@type":"ReadAction","target":["https:\/\/www.meydan.tv\/az\/article\/dagliq-qarabag-munaqisesi-etrafinda-neler-bas-verir\/"]}]},{"@type":"ImageObject","inLanguage":"az","@id":"https:\/\/www.meydan.tv\/az\/article\/dagliq-qarabag-munaqisesi-etrafinda-neler-bas-verir\/#primaryimage","url":"https:\/\/www.meydan.tv\/wp-content\/uploads\/45324.jpg","contentUrl":"https:\/\/www.meydan.tv\/wp-content\/uploads\/45324.jpg","width":1023,"height":575,"caption":"Source:"},{"@type":"BreadcrumbList","@id":"https:\/\/www.meydan.tv\/az\/article\/dagliq-qarabag-munaqisesi-etrafinda-neler-bas-verir\/#breadcrumb","itemListElement":[{"@type":"ListItem","position":1,"name":"Ana s\u0259hif\u0259","item":"https:\/\/www.meydan.tv\/az\/"},{"@type":"ListItem","position":2,"name":"Analitika","item":"https:\/\/www.meydan.tv\/az\/section\/analitika\/"},{"@type":"ListItem","position":3,"name":"Da\u011fl\u0131q Qaraba\u011f m\u00fcnaqi\u015f\u0259si \u0259traf\u0131nda n\u0259l\u0259r ba\u015f verir?"}]},{"@type":"WebSite","@id":"https:\/\/www.meydan.tv\/az\/#website","url":"https:\/\/www.meydan.tv\/az\/","name":"MEYDAN.TV","description":"Meydan TV Az\u0259rbaycan\u0131n media m\u0259kan\u0131ndak\u0131 alternativ s\u0259sidir","publisher":{"@id":"https:\/\/www.meydan.tv\/az\/#organization"},"potentialAction":[{"@type":"SearchAction","target":{"@type":"EntryPoint","urlTemplate":"https:\/\/www.meydan.tv\/az\/?s={search_term_string}"},"query-input":{"@type":"PropertyValueSpecification","valueRequired":true,"valueName":"search_term_string"}}],"inLanguage":"az"},{"@type":"Organization","@id":"https:\/\/www.meydan.tv\/az\/#organization","name":"Meydan TV","url":"https:\/\/www.meydan.tv\/az\/","logo":{"@type":"ImageObject","inLanguage":"az","@id":"https:\/\/www.meydan.tv\/az\/#\/schema\/logo\/image\/","url":"https:\/\/www.meydan.tv\/wp-content\/uploads\/2021\/07\/meydan-logo.svg","contentUrl":"https:\/\/www.meydan.tv\/wp-content\/uploads\/2021\/07\/meydan-logo.svg","width":195,"height":46,"caption":"Meydan TV"},"image":{"@id":"https:\/\/www.meydan.tv\/az\/#\/schema\/logo\/image\/"}},{"@type":"Person","@id":"https:\/\/www.meydan.tv\/az\/#\/schema\/person\/10d11eccf6da3662cf5fdab9806ea91a","name":"user-manager"}]}},"_links":{"self":[{"href":"https:\/\/www.meydan.tv\/az\/wp-json\/wp\/v2\/posts\/193130","targetHints":{"allow":["GET"]}}],"collection":[{"href":"https:\/\/www.meydan.tv\/az\/wp-json\/wp\/v2\/posts"}],"about":[{"href":"https:\/\/www.meydan.tv\/az\/wp-json\/wp\/v2\/types\/post"}],"author":[{"embeddable":true,"href":"https:\/\/www.meydan.tv\/az\/wp-json\/wp\/v2\/users\/11"}],"replies":[{"embeddable":true,"href":"https:\/\/www.meydan.tv\/az\/wp-json\/wp\/v2\/comments?post=193130"}],"version-history":[{"count":0,"href":"https:\/\/www.meydan.tv\/az\/wp-json\/wp\/v2\/posts\/193130\/revisions"}],"wp:featuredmedia":[{"embeddable":true,"href":"https:\/\/www.meydan.tv\/az\/wp-json\/wp\/v2\/media\/113748"}],"wp:attachment":[{"href":"https:\/\/www.meydan.tv\/az\/wp-json\/wp\/v2\/media?parent=193130"}],"wp:term":[{"taxonomy":"category","embeddable":true,"href":"https:\/\/www.meydan.tv\/az\/wp-json\/wp\/v2\/categories?post=193130"},{"taxonomy":"post_tag","embeddable":true,"href":"https:\/\/www.meydan.tv\/az\/wp-json\/wp\/v2\/tags?post=193130"}],"curies":[{"name":"wp","href":"https:\/\/api.w.org\/{rel}","templated":true}]}}