{"id":193113,"date":"2018-12-20T15:52:05","date_gmt":"2018-12-20T15:52:05","guid":{"rendered":"https:\/\/www.meydan.tv\/article\/yoldasim-rehmete-gedenden-beri-et-aldigimizi-xatirlamiram\/"},"modified":"2018-12-20T15:52:05","modified_gmt":"2018-12-20T15:52:05","slug":"yoldasim-rehmete-gedenden-beri-et-aldigimizi-xatirlamiram","status":"publish","type":"post","link":"https:\/\/www.meydan.tv\/az\/article\/yoldasim-rehmete-gedenden-beri-et-aldigimizi-xatirlamiram\/","title":{"rendered":"&#8221;Yolda\u015f\u0131m r\u0259hm\u0259t\u0259 ged\u0259nd\u0259n b\u0259ri \u0259t ald\u0131\u011f\u0131m\u0131z\u0131 xat\u0131rlam\u0131ram&#8221;"},"content":{"rendered":"<figure class=\"wp-block-image size-large\">\n  <img decoding=\"async\" src=\"https:\/\/www.meydan.tv\/az\/sevinc-ezizli\/\" alt=\"Sevinc \u018fzizli\" class=\"wp-image-114480\"\/><figcaption>\n    Sevinc \u018fzizli<br \/>\n  <\/figcaption><\/figure>\n<p>\n  <i><br \/>\n    H\u0259yat yolda\u015f\u0131n\u0131n \u00f6l\u00fcm\u00fc haqda quruma m\u0259lumat verm\u0259diyi \u00fc\u00e7\u00fcn ail\u0259sin\u0259 veril\u0259n yard\u0131m\u0131 dayand\u0131r\u0131l\u0131b<br \/>\n  <\/i>\n<\/p>\n<p>\n  &#8220;Kartofla, makaronla g\u00fcn\u00fcm\u00fcz\u00fc yola veririk. \u0130lyar\u0131md\u0131r, yolda\u015f\u0131m r\u0259hm\u0259t\u0259 ged\u0259nd\u0259n b\u0259ri \u0259t ald\u0131\u011f\u0131m\u0131 xat\u0131rlam\u0131ram. Qurban bayram\u0131nda v\u0259 Ramazanda fitr\u0259 \u00e7\u0131xar\u0131landa, bu evd\u0259 \u0259t x\u00f6r\u0259yi bi\u015fir&#8221;.\n<\/p>\n<p>\n  Bunu Meydan TV-y\u0259 Xa\u00e7maz sakini Sevinc \u018fzizli deyir. O, qara g\u00fcnl\u0259rinin 2017-ci ild\u0259 h\u0259yat yolda\u015f\u0131n\u0131 itir\u0259nd\u0259n sonra ba\u015flad\u0131\u011f\u0131n\u0131 s\u00f6yl\u0259yir. Kafed\u0259 xadim\u0259 i\u015fl\u0259y\u0259n Sevinc xan\u0131m\u0131n arzusu u\u015faqlar\u0131n\u0131 qay\u011f\u0131s\u0131z b\u00f6y\u00fctm\u0259k olsa da, buna nail ola bilmir:\n<\/p>\n<p>\n  &#8220;H\u0259yat yolda\u015f\u0131m\u0131n 43 ya\u015f\u0131 vard\u0131. Beynin\u0259 qan s\u0131zd\u0131, \u00f6ld\u00fc, bizi ba\u015fs\u0131z, kims\u0259siz qoydu. Kafed\u0259n ald\u0131\u011f\u0131m iki y\u00fcz manat m\u0259vacib he\u00e7 n\u0259y\u0259 \u00e7atm\u0131r. U\u015fa\u011f\u0131n di\u015fi a\u011fr\u0131y\u0131r, imkan yoxdur ki, h\u0259kim\u0259 apar\u0131m. Buna ya\u015famaq dem\u0259k olmaz, \u00e7ox \u00e7\u0259tindir. \u00dcst\u0259lik, bunun \u0259yin-ba\u015f\u0131, m\u0259kt\u0259b v\u0259 testpulu var. Anamla, qay\u0131nanam az-\u00e7ox k\u00f6m\u0259klik g\u00f6st\u0259rir. Onlar olmasa, q\u0131r\u0131l\u0131b-batar\u0131q. \u0130ki y\u00fcz manatla 3 u\u015fa\u011fa he\u00e7 n\u0259 ed\u0259 bilmir\u0259m&#8221;.\n<\/p>\n<p>\n  B\u00f6y\u00fck o\u011flunun 16, q\u0131z\u0131n\u0131n 15, sonbe\u015fiyinin is\u0259 6 ya\u015f\u0131 oldu\u011funu s\u00f6yl\u0259y\u0259n \u015fikay\u0259t\u00e7i kafed\u0259 i\u015fl\u0259m\u0259kl\u0259 yana\u015f\u0131, b\u0259z\u0259n evl\u0259r\u0259 gedib t\u0259mizlik i\u015fl\u0259ri g\u00f6rd\u00fcy\u00fcn\u00fc d\u0259 deyir:\n<\/p>\n<p>\n  &#8220;Kafe i\u015fi daimi deyil, h\u0259r an \u00e7\u0131xara bil\u0259rl\u0259r. Bo\u015f vaxt\u0131m olanda evl\u0259r\u0259 gedib t\u0259mizlik i\u015fl\u0259ri g\u00f6r\u00fcr\u0259m. Bu da b\u0259z\u0259n iki i\u015fl\u0259 al\u0131nm\u0131r, yoruluram. Kafed\u0259 gec\u0259 n\u00f6vb\u0259sind\u0259 16:00-dan 23:00-a kimi i\u015fl\u0259yir\u0259m. U\u015faqlar\u0131ma g\u00f6r\u0259 bu saatlarda i\u015fl\u0259m\u0259y\u0259 m\u0259cburam. \u018fn ki\u00e7iyini m\u0259kt\u0259b\u0259 apar\u0131b-g\u0259tirm\u0259k var ax\u0131, ona g\u00f6r\u0259 gec\u0259 n\u00f6vb\u0259si m\u0259n\u0259 \u0259lveri\u015flidir&#8221;.\n<\/p>\n<p>\n  Sevinc \u018fzizli deyir ki, D\u00f6vl\u0259t Sosial M\u00fcdafi\u0259 Fondunun Xa\u00e7maz Rayon \u015e\u00f6b\u0259si t\u0259r\u0259find\u0259n veril\u0259n \u00fcnvanl\u0131 sosial yard\u0131m dayand\u0131r\u0131l\u0131b. \u015e\u00f6b\u0259y\u0259 gedib, s\u0259b\u0259bini soru\u015fanda, ona m\u0259hdudiyy\u0259t qoyuldu\u011fu bildirilib. S\u0259b\u0259b kimi is\u0259 h\u0259yat yolda\u015f\u0131 \u018flih\u00fcseyn \u018fzizlinin v\u0259fat\u0131n\u0131n x\u0259b\u0259r verilm\u0259m\u0259si g\u00f6st\u0259rilib:\n<\/p>\n<p>\n  &#8220;H\u0259yat yolda\u015f\u0131m 2017-ci ilin iyununda v\u0259fat ed\u0259nd\u0259n sonra h\u0259min ilin yanvar\u0131na kimi sosial m\u00fcavin\u0259t alma\u011fa davam etdim. Lakin sonradan dayand\u0131r\u0131ld\u0131. Xa\u00e7maz Rayon \u015e\u00f6b\u0259sin\u0259 getdim, m\u0259n\u0259 dedil\u0259r ki, h\u0259yat yolda\u015f\u0131n\u0131z\u0131n \u00f6l\u00fcm\u00fc il\u0259 ba\u011fl\u0131 x\u0259b\u0259rdarl\u0131q etm\u0259li idiniz. Ona g\u00f6r\u0259 d\u0259 siz\u0259 ayr\u0131lan m\u00fcavin\u0259t dayand\u0131r\u0131l\u0131r. Ail\u0259 ba\u015f\u00e7\u0131s\u0131n\u0131n \u00f6l\u00fcm\u00fc haqq\u0131nda onlara m\u0259lumat verm\u0259li oldu\u011fumu bilmirdim . \u0130ki d\u0259f\u0259 getdim, maraqland\u0131m, dedil\u0259r ki, m\u0259hdudiyy\u0259t g\u00f6t\u00fcr\u00fclm\u0259s\u0259 m\u00fcmk\u00fcn deyil. 172 manat pul idi. Balalar\u0131m\u0131 ehtiyac i\u00e7ind\u0259 b\u00f6y\u00fcd\u00fcr\u0259m. \u0130mkans\u0131zl\u0131qdan 16 ya\u015fl\u0131 o\u011flum yayda ofisiant i\u015fl\u0259yib ev\u0259 k\u00f6m\u0259k edir. U\u015faqlar b\u00f6y\u00fcd\u00fckc\u0259, v\u0259ziyy\u0259t ild\u0259n-il\u0259 \u00e7\u0259tinl\u0259\u015fir. D\u00f6vl\u0259t \u00f6z v\u0259t\u0259nda\u015f\u0131na k\u00f6m\u0259k etm\u0259lidir. O\u011flum iki ild\u0259n sonra \u0259sg\u0259r ged\u0259c\u0259k. \u018fsg\u0259rlik ya\u015f\u0131 \u00e7atanda, he\u00e7 m\u0259nd\u0259n soru\u015fmayacaqlar, g\u00f6t\u00fcr\u00fcb aparacaqlar. \u0130ndi d\u00f6vl\u0259t k\u00f6m\u0259k etsin, m\u0259n d\u0259 he\u00e7 olmasa, bu u\u015faqlar\u0131 normal b\u00f6y\u00fcd\u00fcm, boya-ba\u015fa \u00e7atd\u0131r\u0131m&#8221;.\n<\/p>\n<p>\n  Xa\u00e7maz Rayon Sosial S\u0131\u011forta \u015e\u00f6b\u0259sind\u0259n Meydan TV-y\u0259 bildirdil\u0259r ki, t\u0259msil\u00e7i v\u0259fat etdiyi t\u0259qdird\u0259 3 g\u00fcn \u0259rzind\u0259 bununla ba\u011fl\u0131 idar\u0259y\u0259 m\u0259lumat verilm\u0259lidir:\n<\/p>\n<p>\n  &#8220;\u015eikay\u0259t\u00e7i h\u0259yat yolda\u015f\u0131n\u0131n \u00f6l\u00fcm\u00fc il\u0259 ba\u011fl\u0131 m\u0259lumat verm\u0259diyi \u00fc\u00e7\u00fcn ail\u0259nin ald\u0131\u011f\u0131 \u00fcnvanl\u0131 sosial yard\u0131m 2019-cu ilin fevral\u0131nad\u0259k dayand\u0131r\u0131l\u0131b. Ail\u0259 t\u0259rkibi d\u0259yi\u015f\u0259nd\u0259, u\u015faq do\u011fulanda, yaxud kims\u0259 v\u0259fat ed\u0259nd\u0259, 3 g\u00fcn \u0259rzind\u0259 m\u00fctl\u0259q m\u0259lumat verilm\u0259lidir. Sevinc \u018fzizili h\u0259yat yolda\u015f\u0131n\u0131n v\u0259fat\u0131n\u0131 dem\u0259yib, gecikdirib. Bu da m\u0259lumat\u0131n gizl\u0259dilm\u0259si hesab olunur. Ona g\u00f6r\u0259 \u00fcnvanl\u0131 sosial yard\u0131m dayand\u0131r\u0131l\u0131b. M\u0259hdudiyy\u0259t aradan qalxd\u0131qdan sonra t\u0259krar m\u00fcraci\u0259t olunarsa, ail\u0259nin sosial yard\u0131m almaq h\u00fcququna yenid\u0259n bax\u0131lacaq&#8221;.\n<\/p>\n<p>\n  V\u0259kil \u018fsab\u0259li Mustafayev Meydan TV-y\u0259 deyib ki, Az\u0259rbaycanda ail\u0259 v\u0259kili institunu formala\u015fd\u0131rmaq laz\u0131md\u0131r. H\u0259m\u00e7inin pulsuz h\u00fcquqi yard\u0131m sistemi t\u0259\u015fkil olunmal\u0131d\u0131r:\n<\/p>\n<p>\n  &#8220;B\u00fct\u00fcn d\u00fcnyada bel\u0259dir ki, qanunu bilm\u0259m\u0259k m\u0259suliyy\u0259td\u0259n azad etmir. M\u00fcmk\u00fcnd\u00fcr ki, do\u011frudan da, h\u0259min qad\u0131n x\u0259b\u0259rdarl\u0131q etm\u0259li oldu\u011funu bilm\u0259yib, bundan m\u0259lumats\u0131z olub. H\u0259r halda, burada m\u0259ntiqi d\u00fc\u015f\u00fcnc\u0259 var, ail\u0259 \u00fczv\u00fcn\u00fcn biri v\u0259fat edibs\u0259, \u00fcnvanl\u0131 sosial yard\u0131m k\u0259silm\u0259m\u0259lidir. \u00c7\u00fcnki ail\u0259nin v\u0259ziyy\u0259ti daha da a\u011f\u0131rla\u015f\u0131b.\n<\/p>\n<p>\n  Xarici \u00f6lk\u0259l\u0259rd\u0259 ail\u0259 v\u0259kili, yaxud da pulsuz h\u00fcquqi sisteml\u0259r var. Bizd\u0259 bu sistem yoxdur. Pulsuz h\u00fcquqi sistem ayl\u0131q, yaxud illik g\u0259liri m\u00fc\u0259yy\u0259n standartlardan a\u015fa\u011f\u0131 olan adamlara verilir. Bunun \u00fc\u00e7\u00fcn d\u0259 \u00f6lk\u0259d\u0259 b\u0259yannam\u0259 sistemi m\u00f6vcud olmal\u0131d\u0131r. Y\u0259ni ham\u0131 \u00f6z qazanc\u0131 bar\u0259d\u0259 b\u0259yannam\u0259 verm\u0259lidir. Bel\u0259 olan halda, xidm\u0259t g\u00f6st\u0259r\u0259n v\u0259kil b\u00fcrosu, sistemd\u0259 baxacaq ki, bu \u015f\u0259xsin illik g\u0259liri m\u00fc\u0259yy\u0259n olunmu\u015f sistemd\u0259n a\u015fa\u011f\u0131d\u0131r v\u0259 ona h\u00fcquqi pulsuz yard\u0131m t\u0259yin olunacaq. Bizd\u0259 bu sistem m\u00f6vcud deyil. Az\u0259rbaycanda h\u0259l\u0259 ki, cinay\u0259t i\u015fl\u0259rind\u0259 pulsuz v\u0259kil t\u0259yin olunmaqla kifay\u0259tl\u0259nilir&#8221;.<\/p>\n","protected":false},"excerpt":{"rendered":"<p>H\u0259yat yolda\u015f\u0131n\u0131n \u00f6l\u00fcm\u00fc haqda quruma m\u0259lumat verm\u0259diyi \u00fc\u00e7\u00fcn ail\u0259sin\u0259 veril\u0259n yard\u0131m\u0131 dayand\u0131r\u0131l\u0131b<\/p>\n","protected":false},"author":11,"featured_media":114480,"comment_status":"closed","ping_status":"open","sticky":false,"template":"","format":"standard","meta":{"_acf_changed":false,"_sitemap_exclude":false,"_sitemap_priority":"","_sitemap_frequency":"","footnotes":""},"categories":[60],"tags":[],"class_list":["post-193113","post","type-post","status-publish","format-standard","has-post-thumbnail","hentry","category-bolge","infinite-scroll-item","generate-columns","tablet-grid-50","mobile-grid-100","grid-parent","grid-33","no-featured-image-padding"],"acf":[],"yoast_head":"<!-- This site is optimized with the Yoast SEO plugin v27.4 - https:\/\/yoast.com\/product\/yoast-seo-wordpress\/ -->\n<title>&#039;&#039;Yolda\u015f\u0131m r\u0259hm\u0259t\u0259 ged\u0259nd\u0259n b\u0259ri \u0259t ald\u0131\u011f\u0131m\u0131z\u0131 xat\u0131rlam\u0131ram&#039;&#039; - MEYDAN.TV<\/title>\n<meta name=\"robots\" content=\"index, follow, max-snippet:-1, max-image-preview:large, max-video-preview:-1\" \/>\n<link rel=\"canonical\" href=\"https:\/\/www.meydan.tv\/az\/article\/yoldasim-rehmete-gedenden-beri-et-aldigimizi-xatirlamiram\/\" \/>\n<meta property=\"og:locale\" content=\"az_AZ\" \/>\n<meta property=\"og:type\" content=\"article\" \/>\n<meta property=\"og:title\" content=\"&#039;&#039;Yolda\u015f\u0131m r\u0259hm\u0259t\u0259 ged\u0259nd\u0259n b\u0259ri \u0259t ald\u0131\u011f\u0131m\u0131z\u0131 xat\u0131rlam\u0131ram&#039;&#039; - MEYDAN.TV\" \/>\n<meta property=\"og:description\" content=\"H\u0259yat yolda\u015f\u0131n\u0131n \u00f6l\u00fcm\u00fc haqda quruma m\u0259lumat verm\u0259diyi \u00fc\u00e7\u00fcn ail\u0259sin\u0259 veril\u0259n yard\u0131m\u0131 dayand\u0131r\u0131l\u0131b\" \/>\n<meta property=\"og:url\" content=\"https:\/\/www.meydan.tv\/az\/article\/yoldasim-rehmete-gedenden-beri-et-aldigimizi-xatirlamiram\/\" \/>\n<meta property=\"og:site_name\" content=\"MEYDAN.TV\" \/>\n<meta property=\"article:published_time\" content=\"2018-12-20T15:52:05+00:00\" \/>\n<meta property=\"og:image\" content=\"https:\/\/www.meydan.tv\/wp-content\/uploads\/45608.jpg\" \/>\n\t<meta property=\"og:image:width\" content=\"810\" \/>\n\t<meta property=\"og:image:height\" content=\"450\" \/>\n\t<meta property=\"og:image:type\" content=\"image\/jpeg\" \/>\n<meta name=\"author\" content=\"user-manager\" \/>\n<meta name=\"twitter:card\" content=\"summary_large_image\" \/>\n<script type=\"application\/ld+json\" class=\"yoast-schema-graph\">{\"@context\":\"https:\\\/\\\/schema.org\",\"@graph\":[{\"@type\":\"Article\",\"@id\":\"https:\\\/\\\/www.meydan.tv\\\/az\\\/article\\\/yoldasim-rehmete-gedenden-beri-et-aldigimizi-xatirlamiram\\\/#article\",\"isPartOf\":{\"@id\":\"https:\\\/\\\/www.meydan.tv\\\/az\\\/article\\\/yoldasim-rehmete-gedenden-beri-et-aldigimizi-xatirlamiram\\\/\"},\"author\":{\"name\":\"user-manager\",\"@id\":\"https:\\\/\\\/www.meydan.tv\\\/az\\\/#\\\/schema\\\/person\\\/10d11eccf6da3662cf5fdab9806ea91a\"},\"headline\":\"&#8221;Yolda\u015f\u0131m r\u0259hm\u0259t\u0259 ged\u0259nd\u0259n b\u0259ri \u0259t ald\u0131\u011f\u0131m\u0131z\u0131 xat\u0131rlam\u0131ram&#8221;\",\"datePublished\":\"2018-12-20T15:52:05+00:00\",\"mainEntityOfPage\":{\"@id\":\"https:\\\/\\\/www.meydan.tv\\\/az\\\/article\\\/yoldasim-rehmete-gedenden-beri-et-aldigimizi-xatirlamiram\\\/\"},\"wordCount\":1061,\"publisher\":{\"@id\":\"https:\\\/\\\/www.meydan.tv\\\/az\\\/#organization\"},\"image\":{\"@id\":\"https:\\\/\\\/www.meydan.tv\\\/az\\\/article\\\/yoldasim-rehmete-gedenden-beri-et-aldigimizi-xatirlamiram\\\/#primaryimage\"},\"thumbnailUrl\":\"https:\\\/\\\/www.meydan.tv\\\/wp-content\\\/uploads\\\/45608.jpg\",\"articleSection\":[\"B\u00f6lg\u0259\"],\"inLanguage\":\"az\"},{\"@type\":\"WebPage\",\"@id\":\"https:\\\/\\\/www.meydan.tv\\\/az\\\/article\\\/yoldasim-rehmete-gedenden-beri-et-aldigimizi-xatirlamiram\\\/\",\"url\":\"https:\\\/\\\/www.meydan.tv\\\/az\\\/article\\\/yoldasim-rehmete-gedenden-beri-et-aldigimizi-xatirlamiram\\\/\",\"name\":\"''Yolda\u015f\u0131m r\u0259hm\u0259t\u0259 ged\u0259nd\u0259n b\u0259ri \u0259t ald\u0131\u011f\u0131m\u0131z\u0131 xat\u0131rlam\u0131ram'' - MEYDAN.TV\",\"isPartOf\":{\"@id\":\"https:\\\/\\\/www.meydan.tv\\\/az\\\/#website\"},\"primaryImageOfPage\":{\"@id\":\"https:\\\/\\\/www.meydan.tv\\\/az\\\/article\\\/yoldasim-rehmete-gedenden-beri-et-aldigimizi-xatirlamiram\\\/#primaryimage\"},\"image\":{\"@id\":\"https:\\\/\\\/www.meydan.tv\\\/az\\\/article\\\/yoldasim-rehmete-gedenden-beri-et-aldigimizi-xatirlamiram\\\/#primaryimage\"},\"thumbnailUrl\":\"https:\\\/\\\/www.meydan.tv\\\/wp-content\\\/uploads\\\/45608.jpg\",\"datePublished\":\"2018-12-20T15:52:05+00:00\",\"breadcrumb\":{\"@id\":\"https:\\\/\\\/www.meydan.tv\\\/az\\\/article\\\/yoldasim-rehmete-gedenden-beri-et-aldigimizi-xatirlamiram\\\/#breadcrumb\"},\"inLanguage\":\"az\",\"potentialAction\":[{\"@type\":\"ReadAction\",\"target\":[\"https:\\\/\\\/www.meydan.tv\\\/az\\\/article\\\/yoldasim-rehmete-gedenden-beri-et-aldigimizi-xatirlamiram\\\/\"]}]},{\"@type\":\"ImageObject\",\"inLanguage\":\"az\",\"@id\":\"https:\\\/\\\/www.meydan.tv\\\/az\\\/article\\\/yoldasim-rehmete-gedenden-beri-et-aldigimizi-xatirlamiram\\\/#primaryimage\",\"url\":\"https:\\\/\\\/www.meydan.tv\\\/wp-content\\\/uploads\\\/45608.jpg\",\"contentUrl\":\"https:\\\/\\\/www.meydan.tv\\\/wp-content\\\/uploads\\\/45608.jpg\",\"width\":810,\"height\":450,\"caption\":\"Source:\"},{\"@type\":\"BreadcrumbList\",\"@id\":\"https:\\\/\\\/www.meydan.tv\\\/az\\\/article\\\/yoldasim-rehmete-gedenden-beri-et-aldigimizi-xatirlamiram\\\/#breadcrumb\",\"itemListElement\":[{\"@type\":\"ListItem\",\"position\":1,\"name\":\"Ana s\u0259hif\u0259\",\"item\":\"https:\\\/\\\/www.meydan.tv\\\/az\\\/\"},{\"@type\":\"ListItem\",\"position\":2,\"name\":\"B\u00f6lg\u0259\",\"item\":\"https:\\\/\\\/www.meydan.tv\\\/az\\\/section\\\/bolge\\\/\"},{\"@type\":\"ListItem\",\"position\":3,\"name\":\"&#8221;Yolda\u015f\u0131m r\u0259hm\u0259t\u0259 ged\u0259nd\u0259n b\u0259ri \u0259t ald\u0131\u011f\u0131m\u0131z\u0131 xat\u0131rlam\u0131ram&#8221;\"}]},{\"@type\":\"WebSite\",\"@id\":\"https:\\\/\\\/www.meydan.tv\\\/az\\\/#website\",\"url\":\"https:\\\/\\\/www.meydan.tv\\\/az\\\/\",\"name\":\"MEYDAN.TV\",\"description\":\"Meydan TV Az\u0259rbaycan\u0131n media m\u0259kan\u0131ndak\u0131 alternativ s\u0259sidir\",\"publisher\":{\"@id\":\"https:\\\/\\\/www.meydan.tv\\\/az\\\/#organization\"},\"potentialAction\":[{\"@type\":\"SearchAction\",\"target\":{\"@type\":\"EntryPoint\",\"urlTemplate\":\"https:\\\/\\\/www.meydan.tv\\\/az\\\/?s={search_term_string}\"},\"query-input\":{\"@type\":\"PropertyValueSpecification\",\"valueRequired\":true,\"valueName\":\"search_term_string\"}}],\"inLanguage\":\"az\"},{\"@type\":\"Organization\",\"@id\":\"https:\\\/\\\/www.meydan.tv\\\/az\\\/#organization\",\"name\":\"Meydan TV\",\"url\":\"https:\\\/\\\/www.meydan.tv\\\/az\\\/\",\"logo\":{\"@type\":\"ImageObject\",\"inLanguage\":\"az\",\"@id\":\"https:\\\/\\\/www.meydan.tv\\\/az\\\/#\\\/schema\\\/logo\\\/image\\\/\",\"url\":\"https:\\\/\\\/www.meydan.tv\\\/wp-content\\\/uploads\\\/2021\\\/07\\\/meydan-logo.svg\",\"contentUrl\":\"https:\\\/\\\/www.meydan.tv\\\/wp-content\\\/uploads\\\/2021\\\/07\\\/meydan-logo.svg\",\"width\":195,\"height\":46,\"caption\":\"Meydan TV\"},\"image\":{\"@id\":\"https:\\\/\\\/www.meydan.tv\\\/az\\\/#\\\/schema\\\/logo\\\/image\\\/\"}},{\"@type\":\"Person\",\"@id\":\"https:\\\/\\\/www.meydan.tv\\\/az\\\/#\\\/schema\\\/person\\\/10d11eccf6da3662cf5fdab9806ea91a\",\"name\":\"user-manager\"}]}<\/script>\n<!-- \/ Yoast SEO plugin. -->","yoast_head_json":{"title":"''Yolda\u015f\u0131m r\u0259hm\u0259t\u0259 ged\u0259nd\u0259n b\u0259ri \u0259t ald\u0131\u011f\u0131m\u0131z\u0131 xat\u0131rlam\u0131ram'' - MEYDAN.TV","robots":{"index":"index","follow":"follow","max-snippet":"max-snippet:-1","max-image-preview":"max-image-preview:large","max-video-preview":"max-video-preview:-1"},"canonical":"https:\/\/www.meydan.tv\/az\/article\/yoldasim-rehmete-gedenden-beri-et-aldigimizi-xatirlamiram\/","og_locale":"az_AZ","og_type":"article","og_title":"''Yolda\u015f\u0131m r\u0259hm\u0259t\u0259 ged\u0259nd\u0259n b\u0259ri \u0259t ald\u0131\u011f\u0131m\u0131z\u0131 xat\u0131rlam\u0131ram'' - MEYDAN.TV","og_description":"H\u0259yat yolda\u015f\u0131n\u0131n \u00f6l\u00fcm\u00fc haqda quruma m\u0259lumat verm\u0259diyi \u00fc\u00e7\u00fcn ail\u0259sin\u0259 veril\u0259n yard\u0131m\u0131 dayand\u0131r\u0131l\u0131b","og_url":"https:\/\/www.meydan.tv\/az\/article\/yoldasim-rehmete-gedenden-beri-et-aldigimizi-xatirlamiram\/","og_site_name":"MEYDAN.TV","article_published_time":"2018-12-20T15:52:05+00:00","og_image":[{"width":810,"height":450,"url":"https:\/\/www.meydan.tv\/wp-content\/uploads\/45608.jpg","type":"image\/jpeg"}],"author":"user-manager","twitter_card":"summary_large_image","schema":{"@context":"https:\/\/schema.org","@graph":[{"@type":"Article","@id":"https:\/\/www.meydan.tv\/az\/article\/yoldasim-rehmete-gedenden-beri-et-aldigimizi-xatirlamiram\/#article","isPartOf":{"@id":"https:\/\/www.meydan.tv\/az\/article\/yoldasim-rehmete-gedenden-beri-et-aldigimizi-xatirlamiram\/"},"author":{"name":"user-manager","@id":"https:\/\/www.meydan.tv\/az\/#\/schema\/person\/10d11eccf6da3662cf5fdab9806ea91a"},"headline":"&#8221;Yolda\u015f\u0131m r\u0259hm\u0259t\u0259 ged\u0259nd\u0259n b\u0259ri \u0259t ald\u0131\u011f\u0131m\u0131z\u0131 xat\u0131rlam\u0131ram&#8221;","datePublished":"2018-12-20T15:52:05+00:00","mainEntityOfPage":{"@id":"https:\/\/www.meydan.tv\/az\/article\/yoldasim-rehmete-gedenden-beri-et-aldigimizi-xatirlamiram\/"},"wordCount":1061,"publisher":{"@id":"https:\/\/www.meydan.tv\/az\/#organization"},"image":{"@id":"https:\/\/www.meydan.tv\/az\/article\/yoldasim-rehmete-gedenden-beri-et-aldigimizi-xatirlamiram\/#primaryimage"},"thumbnailUrl":"https:\/\/www.meydan.tv\/wp-content\/uploads\/45608.jpg","articleSection":["B\u00f6lg\u0259"],"inLanguage":"az"},{"@type":"WebPage","@id":"https:\/\/www.meydan.tv\/az\/article\/yoldasim-rehmete-gedenden-beri-et-aldigimizi-xatirlamiram\/","url":"https:\/\/www.meydan.tv\/az\/article\/yoldasim-rehmete-gedenden-beri-et-aldigimizi-xatirlamiram\/","name":"''Yolda\u015f\u0131m r\u0259hm\u0259t\u0259 ged\u0259nd\u0259n b\u0259ri \u0259t ald\u0131\u011f\u0131m\u0131z\u0131 xat\u0131rlam\u0131ram'' - MEYDAN.TV","isPartOf":{"@id":"https:\/\/www.meydan.tv\/az\/#website"},"primaryImageOfPage":{"@id":"https:\/\/www.meydan.tv\/az\/article\/yoldasim-rehmete-gedenden-beri-et-aldigimizi-xatirlamiram\/#primaryimage"},"image":{"@id":"https:\/\/www.meydan.tv\/az\/article\/yoldasim-rehmete-gedenden-beri-et-aldigimizi-xatirlamiram\/#primaryimage"},"thumbnailUrl":"https:\/\/www.meydan.tv\/wp-content\/uploads\/45608.jpg","datePublished":"2018-12-20T15:52:05+00:00","breadcrumb":{"@id":"https:\/\/www.meydan.tv\/az\/article\/yoldasim-rehmete-gedenden-beri-et-aldigimizi-xatirlamiram\/#breadcrumb"},"inLanguage":"az","potentialAction":[{"@type":"ReadAction","target":["https:\/\/www.meydan.tv\/az\/article\/yoldasim-rehmete-gedenden-beri-et-aldigimizi-xatirlamiram\/"]}]},{"@type":"ImageObject","inLanguage":"az","@id":"https:\/\/www.meydan.tv\/az\/article\/yoldasim-rehmete-gedenden-beri-et-aldigimizi-xatirlamiram\/#primaryimage","url":"https:\/\/www.meydan.tv\/wp-content\/uploads\/45608.jpg","contentUrl":"https:\/\/www.meydan.tv\/wp-content\/uploads\/45608.jpg","width":810,"height":450,"caption":"Source:"},{"@type":"BreadcrumbList","@id":"https:\/\/www.meydan.tv\/az\/article\/yoldasim-rehmete-gedenden-beri-et-aldigimizi-xatirlamiram\/#breadcrumb","itemListElement":[{"@type":"ListItem","position":1,"name":"Ana s\u0259hif\u0259","item":"https:\/\/www.meydan.tv\/az\/"},{"@type":"ListItem","position":2,"name":"B\u00f6lg\u0259","item":"https:\/\/www.meydan.tv\/az\/section\/bolge\/"},{"@type":"ListItem","position":3,"name":"&#8221;Yolda\u015f\u0131m r\u0259hm\u0259t\u0259 ged\u0259nd\u0259n b\u0259ri \u0259t ald\u0131\u011f\u0131m\u0131z\u0131 xat\u0131rlam\u0131ram&#8221;"}]},{"@type":"WebSite","@id":"https:\/\/www.meydan.tv\/az\/#website","url":"https:\/\/www.meydan.tv\/az\/","name":"MEYDAN.TV","description":"Meydan TV Az\u0259rbaycan\u0131n media m\u0259kan\u0131ndak\u0131 alternativ s\u0259sidir","publisher":{"@id":"https:\/\/www.meydan.tv\/az\/#organization"},"potentialAction":[{"@type":"SearchAction","target":{"@type":"EntryPoint","urlTemplate":"https:\/\/www.meydan.tv\/az\/?s={search_term_string}"},"query-input":{"@type":"PropertyValueSpecification","valueRequired":true,"valueName":"search_term_string"}}],"inLanguage":"az"},{"@type":"Organization","@id":"https:\/\/www.meydan.tv\/az\/#organization","name":"Meydan TV","url":"https:\/\/www.meydan.tv\/az\/","logo":{"@type":"ImageObject","inLanguage":"az","@id":"https:\/\/www.meydan.tv\/az\/#\/schema\/logo\/image\/","url":"https:\/\/www.meydan.tv\/wp-content\/uploads\/2021\/07\/meydan-logo.svg","contentUrl":"https:\/\/www.meydan.tv\/wp-content\/uploads\/2021\/07\/meydan-logo.svg","width":195,"height":46,"caption":"Meydan TV"},"image":{"@id":"https:\/\/www.meydan.tv\/az\/#\/schema\/logo\/image\/"}},{"@type":"Person","@id":"https:\/\/www.meydan.tv\/az\/#\/schema\/person\/10d11eccf6da3662cf5fdab9806ea91a","name":"user-manager"}]}},"_links":{"self":[{"href":"https:\/\/www.meydan.tv\/az\/wp-json\/wp\/v2\/posts\/193113","targetHints":{"allow":["GET"]}}],"collection":[{"href":"https:\/\/www.meydan.tv\/az\/wp-json\/wp\/v2\/posts"}],"about":[{"href":"https:\/\/www.meydan.tv\/az\/wp-json\/wp\/v2\/types\/post"}],"author":[{"embeddable":true,"href":"https:\/\/www.meydan.tv\/az\/wp-json\/wp\/v2\/users\/11"}],"replies":[{"embeddable":true,"href":"https:\/\/www.meydan.tv\/az\/wp-json\/wp\/v2\/comments?post=193113"}],"version-history":[{"count":0,"href":"https:\/\/www.meydan.tv\/az\/wp-json\/wp\/v2\/posts\/193113\/revisions"}],"wp:featuredmedia":[{"embeddable":true,"href":"https:\/\/www.meydan.tv\/az\/wp-json\/wp\/v2\/media\/114480"}],"wp:attachment":[{"href":"https:\/\/www.meydan.tv\/az\/wp-json\/wp\/v2\/media?parent=193113"}],"wp:term":[{"taxonomy":"category","embeddable":true,"href":"https:\/\/www.meydan.tv\/az\/wp-json\/wp\/v2\/categories?post=193113"},{"taxonomy":"post_tag","embeddable":true,"href":"https:\/\/www.meydan.tv\/az\/wp-json\/wp\/v2\/tags?post=193113"}],"curies":[{"name":"wp","href":"https:\/\/api.w.org\/{rel}","templated":true}]}}