{"id":193109,"date":"2018-12-20T15:14:57","date_gmt":"2018-12-20T15:14:57","guid":{"rendered":"https:\/\/www.meydan.tv\/article\/dagliq-qarabag-bolgesinin-azerbaycanli-icmasina-yeni-sedr-secilib\/"},"modified":"2018-12-20T15:14:57","modified_gmt":"2018-12-20T15:14:57","slug":"dagliq-qarabag-bolgesinin-azerbaycanli-icmasina-yeni-sedr-secilib","status":"publish","type":"post","link":"https:\/\/www.meydan.tv\/az\/article\/dagliq-qarabag-bolgesinin-azerbaycanli-icmasina-yeni-sedr-secilib\/","title":{"rendered":"Da\u011fl\u0131q Qaraba\u011f B\u00f6lg\u0259sinin Az\u0259rbaycanl\u0131 icmas\u0131na yeni s\u0259dr se\u00e7ilib"},"content":{"rendered":"<figure class=\"wp-block-image size-large\">\n  <img decoding=\"async\" src=\"https:\/\/www.meydan.tv\/az\/tural-genceliyev\/\" alt=\"Tural G\u0259nc\u0259liyev\" class=\"wp-image-114477\"\/><figcaption>\n    Tural G\u0259nc\u0259liyev<br \/>\n  <\/figcaption><\/figure>\n<p>\n  <i><br \/>\n    \u0130lham \u0130smay\u0131l: \u201cYeni s\u0259drin X\u0130N-in \u0259m\u0259kda\u015f\u0131n\u0131n se\u00e7ilm\u0259si m\u00fcsb\u0259tdir\u201d<br \/>\n  <\/i>\n<\/p>\n<p>\n  \u201cDa\u011fl\u0131q Qaraba\u011f B\u00f6lg\u0259sinin Az\u0259rbaycanl\u0131 \u0130cmas\u0131\u201d \u0130ctimai Birliyinin yeni s\u0259dri v\u0259zif\u0259sin\u0259 Xarici \u0130\u015fl\u0259r Nazirliyinin \u0259m\u0259kda\u015f\u0131 Tural G\u0259nc\u0259liyev se\u00e7ilib.\n<\/p>\n<p>\n  T.G\u0259nc\u0259liyev bu v\u0259zif\u0259y\u0259 \u201cDa\u011fl\u0131q Qaraba\u011f B\u00f6lg\u0259sinin Az\u0259rbaycanl\u0131 \u0130cmas\u0131\u201d \u0130ctimai Birliyi dekabr\u0131n 20-d\u0259 ke\u00e7iril\u0259n II qurultay\u0131nda se\u00e7ilib.\n<\/p>\n<p>\n  Birliyin bundan \u0259vv\u0259lki s\u0259dri Bayram S\u0259f\u0259rov olub. O, bu v\u0259zif\u0259ni 2009-cu ild\u0259n tuturdu.\n<\/p>\n<p>\n  \u201cQaraba\u011f Komit\u0259si\u201dnin \u0130dar\u0259 Hey\u0259tinin \u00fczv\u00fc \u0130lham \u0130smay\u0131l q\u0259rar\u0131 gecikmi\u015f hesab edir.\n<\/p>\n<figure class=\"wp-block-image size-large\">\n  <img decoding=\"async\" src=\"https:\/\/www.meydan.tv\/az\/ilham-ismayil-3\/\" alt=\"\u0130lham \u0130smay\u0131l\" class=\"wp-image-100970\"\/><figcaption>\n    \u0130lham \u0130smay\u0131l<br \/>\n  <\/figcaption><\/figure>\n<p>\n  \u0130lham \u0130smay\u0131l hesab edir ki, \u015eu\u015fan\u0131n icra ba\u015f\u00e7\u0131s\u0131n\u0131n Qaraba\u011f icmas\u0131n\u0131n r\u0259hb\u0259ri olmas\u0131 praktikas\u0131 yanl\u0131\u015f idi:\n<\/p>\n<p>\n  \u201cZaman\u0131nda m\u0259rhum Nizami B\u0259hm\u0259novla Almaniyada ke\u00e7iril\u0259n Da\u011fl\u0131q Qaraba\u011fla ba\u011fl\u0131 konfransda i\u015ftirak edirdik. Nizami B\u0259hm\u0259nov yax\u015f\u0131 insan, v\u0259t\u0259np\u0259rv\u0259r olsa da, rus v\u0259 ingilis dill\u0259rini bilm\u0259m\u0259si, m\u00fcnaqi\u015f\u0259 il\u0259 ba\u011fl\u0131 haz\u0131rl\u0131\u011f\u0131 olmamas\u0131 \u00f6z\u00fcn\u00fc m\u0259nfi t\u0259r\u0259fd\u0259n g\u00f6st\u0259rirdi. Bu m\u0259s\u0259l\u0259d\u0259 pe\u015f\u0259kar adam laz\u0131m idi\u201d.\n<\/p>\n<p>\n  O deyib ki, b\u00fct\u00fcn hallarda yeni s\u0259drin X\u0130N-in \u0259m\u0259kda\u015f\u0131n\u0131n se\u00e7ilm\u0259si m\u00fcsb\u0259tdir.<br \/>\n  <br \/>\n  \u0130.\u0130smay\u0131l\u0131n fikrinc\u0259 yeni s\u0259drin haral\u0131 olmas\u0131 vacib deyil, \u0259sas pe\u015f\u0259karl\u0131\u011f\u0131d\u0131r.\n<\/p>\n<p>\n  \u201cQaraba\u011f Azadl\u0131q T\u0259\u015fkilat\u0131n\u0131n\u201d s\u0259dri Akif Na\u011f\u0131 is\u0259 hesab edir ki, apar\u0131lan dan\u0131\u015f\u0131qlarda Az\u0259rbaycan\u0131n \u0259leyhin\u0259 t\u0259hl\u00fck\u0259li mexanizm i\u015f\u0259 d\u00fc\u015f\u00fcb.\n<\/p>\n<p>\n  \u201cAz\u0259rbaycanla Erm\u0259nistan aras\u0131nda ba\u015fqa bir atmosfer yaratma\u011fa \u00e7al\u0131\u015f\u0131l\u0131r, \u0259sas\u0259n Va\u015finqton v\u0259 Moskvan\u0131n rolu sezilir, amma AB\u015e daha f\u0259ald\u0131r. Ona g\u00f6r\u0259 dan\u0131\u015f\u0131qlar\u0131n hans\u0131 istiqam\u0259td\u0259 ged\u0259c\u0259yi haqda narahatl\u0131qlar var\u201d.\n<\/p>\n<p>\n  Akif Na\u011f\u0131 Da\u011fl\u0131q Qaraba\u011f B\u00f6lg\u0259sinin Az\u0259rbaycanl\u0131 \u0130cmas\u0131\u201d \u0130ctimai Birliyinin I qurultayda i\u015ftirak ets\u0259 d\u0259, \u00e7\u0131x\u0131\u015f etm\u0259y\u0259 imkar verilm\u0259diyini xat\u0131rlatd\u0131:\n<\/p>\n<p>\n  \u201cAmma II qurultayda QAT d\u0259v\u0259t olunmursa, xo\u015f niyy\u0259t yoxdur. Yeni s\u0259dr g\u0259ncdir, amma Elmar M\u0259mm\u0259dyarovun kadr\u0131d\u0131r. \u018fg\u0259r o, nazir v\u0259 ya b\u0259zi partiya s\u0259drl\u0259ri kimi d\u00fc\u015f\u00fcn\u00fcrs\u0259 ki, \u0259sas Avropaya inteqrasiyad\u0131r, o zaman ciddi narahat olmaq laz\u0131md\u0131r. B\u00fct\u00fcn hallarda g\u00f6zl\u0259y\u0259k g\u00f6r\u0259k n\u0259 olur?!\u201d<\/p>\n","protected":false},"excerpt":{"rendered":"<p>\u0130lham \u0130smay\u0131l: \u201cYeni s\u0259drin X\u0130N-in \u0259m\u0259kda\u015f\u0131n\u0131n se\u00e7ilm\u0259si m\u00fcsb\u0259tdir\u201d<\/p>\n","protected":false},"author":11,"featured_media":114477,"comment_status":"closed","ping_status":"open","sticky":false,"template":"","format":"standard","meta":{"_acf_changed":false,"_sitemap_exclude":false,"_sitemap_priority":"","_sitemap_frequency":"","footnotes":""},"categories":[56],"tags":[],"class_list":["post-193109","post","type-post","status-publish","format-standard","has-post-thumbnail","hentry","category-xeberler","infinite-scroll-item","generate-columns","tablet-grid-50","mobile-grid-100","grid-parent","grid-33","no-featured-image-padding"],"acf":[],"yoast_head":"<!-- This site is optimized with the Yoast SEO plugin v27.4 - https:\/\/yoast.com\/product\/yoast-seo-wordpress\/ -->\n<title>Da\u011fl\u0131q Qaraba\u011f B\u00f6lg\u0259sinin Az\u0259rbaycanl\u0131 icmas\u0131na yeni s\u0259dr se\u00e7ilib - MEYDAN.TV<\/title>\n<meta name=\"robots\" content=\"index, follow, max-snippet:-1, max-image-preview:large, max-video-preview:-1\" \/>\n<link rel=\"canonical\" href=\"https:\/\/www.meydan.tv\/az\/article\/dagliq-qarabag-bolgesinin-azerbaycanli-icmasina-yeni-sedr-secilib\/\" \/>\n<meta property=\"og:locale\" content=\"az_AZ\" \/>\n<meta property=\"og:type\" content=\"article\" \/>\n<meta property=\"og:title\" content=\"Da\u011fl\u0131q Qaraba\u011f B\u00f6lg\u0259sinin Az\u0259rbaycanl\u0131 icmas\u0131na yeni s\u0259dr se\u00e7ilib - MEYDAN.TV\" \/>\n<meta property=\"og:description\" content=\"\u0130lham \u0130smay\u0131l: \u201cYeni s\u0259drin X\u0130N-in \u0259m\u0259kda\u015f\u0131n\u0131n se\u00e7ilm\u0259si m\u00fcsb\u0259tdir\u201d\" \/>\n<meta property=\"og:url\" content=\"https:\/\/www.meydan.tv\/az\/article\/dagliq-qarabag-bolgesinin-azerbaycanli-icmasina-yeni-sedr-secilib\/\" \/>\n<meta property=\"og:site_name\" content=\"MEYDAN.TV\" \/>\n<meta property=\"article:published_time\" content=\"2018-12-20T15:14:57+00:00\" \/>\n<meta property=\"og:image\" content=\"https:\/\/www.meydan.tv\/wp-content\/uploads\/45604.jpg\" \/>\n\t<meta property=\"og:image:width\" content=\"892\" \/>\n\t<meta property=\"og:image:height\" content=\"669\" \/>\n\t<meta property=\"og:image:type\" content=\"image\/jpeg\" \/>\n<meta name=\"author\" content=\"user-manager\" \/>\n<meta name=\"twitter:card\" content=\"summary_large_image\" \/>\n<script type=\"application\/ld+json\" class=\"yoast-schema-graph\">{\"@context\":\"https:\\\/\\\/schema.org\",\"@graph\":[{\"@type\":\"Article\",\"@id\":\"https:\\\/\\\/www.meydan.tv\\\/az\\\/article\\\/dagliq-qarabag-bolgesinin-azerbaycanli-icmasina-yeni-sedr-secilib\\\/#article\",\"isPartOf\":{\"@id\":\"https:\\\/\\\/www.meydan.tv\\\/az\\\/article\\\/dagliq-qarabag-bolgesinin-azerbaycanli-icmasina-yeni-sedr-secilib\\\/\"},\"author\":{\"name\":\"user-manager\",\"@id\":\"https:\\\/\\\/www.meydan.tv\\\/az\\\/#\\\/schema\\\/person\\\/10d11eccf6da3662cf5fdab9806ea91a\"},\"headline\":\"Da\u011fl\u0131q Qaraba\u011f B\u00f6lg\u0259sinin Az\u0259rbaycanl\u0131 icmas\u0131na yeni s\u0259dr se\u00e7ilib\",\"datePublished\":\"2018-12-20T15:14:57+00:00\",\"mainEntityOfPage\":{\"@id\":\"https:\\\/\\\/www.meydan.tv\\\/az\\\/article\\\/dagliq-qarabag-bolgesinin-azerbaycanli-icmasina-yeni-sedr-secilib\\\/\"},\"wordCount\":447,\"publisher\":{\"@id\":\"https:\\\/\\\/www.meydan.tv\\\/az\\\/#organization\"},\"image\":{\"@id\":\"https:\\\/\\\/www.meydan.tv\\\/az\\\/article\\\/dagliq-qarabag-bolgesinin-azerbaycanli-icmasina-yeni-sedr-secilib\\\/#primaryimage\"},\"thumbnailUrl\":\"https:\\\/\\\/www.meydan.tv\\\/wp-content\\\/uploads\\\/45604.jpg\",\"articleSection\":[\"X\u0259b\u0259rl\u0259r\"],\"inLanguage\":\"az\"},{\"@type\":\"WebPage\",\"@id\":\"https:\\\/\\\/www.meydan.tv\\\/az\\\/article\\\/dagliq-qarabag-bolgesinin-azerbaycanli-icmasina-yeni-sedr-secilib\\\/\",\"url\":\"https:\\\/\\\/www.meydan.tv\\\/az\\\/article\\\/dagliq-qarabag-bolgesinin-azerbaycanli-icmasina-yeni-sedr-secilib\\\/\",\"name\":\"Da\u011fl\u0131q Qaraba\u011f B\u00f6lg\u0259sinin Az\u0259rbaycanl\u0131 icmas\u0131na yeni s\u0259dr se\u00e7ilib - MEYDAN.TV\",\"isPartOf\":{\"@id\":\"https:\\\/\\\/www.meydan.tv\\\/az\\\/#website\"},\"primaryImageOfPage\":{\"@id\":\"https:\\\/\\\/www.meydan.tv\\\/az\\\/article\\\/dagliq-qarabag-bolgesinin-azerbaycanli-icmasina-yeni-sedr-secilib\\\/#primaryimage\"},\"image\":{\"@id\":\"https:\\\/\\\/www.meydan.tv\\\/az\\\/article\\\/dagliq-qarabag-bolgesinin-azerbaycanli-icmasina-yeni-sedr-secilib\\\/#primaryimage\"},\"thumbnailUrl\":\"https:\\\/\\\/www.meydan.tv\\\/wp-content\\\/uploads\\\/45604.jpg\",\"datePublished\":\"2018-12-20T15:14:57+00:00\",\"breadcrumb\":{\"@id\":\"https:\\\/\\\/www.meydan.tv\\\/az\\\/article\\\/dagliq-qarabag-bolgesinin-azerbaycanli-icmasina-yeni-sedr-secilib\\\/#breadcrumb\"},\"inLanguage\":\"az\",\"potentialAction\":[{\"@type\":\"ReadAction\",\"target\":[\"https:\\\/\\\/www.meydan.tv\\\/az\\\/article\\\/dagliq-qarabag-bolgesinin-azerbaycanli-icmasina-yeni-sedr-secilib\\\/\"]}]},{\"@type\":\"ImageObject\",\"inLanguage\":\"az\",\"@id\":\"https:\\\/\\\/www.meydan.tv\\\/az\\\/article\\\/dagliq-qarabag-bolgesinin-azerbaycanli-icmasina-yeni-sedr-secilib\\\/#primaryimage\",\"url\":\"https:\\\/\\\/www.meydan.tv\\\/wp-content\\\/uploads\\\/45604.jpg\",\"contentUrl\":\"https:\\\/\\\/www.meydan.tv\\\/wp-content\\\/uploads\\\/45604.jpg\",\"width\":892,\"height\":669,\"caption\":\"Foto: sosial \u015f\u0259b\u0259k\u0259\"},{\"@type\":\"BreadcrumbList\",\"@id\":\"https:\\\/\\\/www.meydan.tv\\\/az\\\/article\\\/dagliq-qarabag-bolgesinin-azerbaycanli-icmasina-yeni-sedr-secilib\\\/#breadcrumb\",\"itemListElement\":[{\"@type\":\"ListItem\",\"position\":1,\"name\":\"Ana s\u0259hif\u0259\",\"item\":\"https:\\\/\\\/www.meydan.tv\\\/az\\\/\"},{\"@type\":\"ListItem\",\"position\":2,\"name\":\"X\u0259b\u0259rl\u0259r\",\"item\":\"https:\\\/\\\/www.meydan.tv\\\/az\\\/section\\\/xeberler\\\/\"},{\"@type\":\"ListItem\",\"position\":3,\"name\":\"Da\u011fl\u0131q Qaraba\u011f B\u00f6lg\u0259sinin Az\u0259rbaycanl\u0131 icmas\u0131na yeni s\u0259dr se\u00e7ilib\"}]},{\"@type\":\"WebSite\",\"@id\":\"https:\\\/\\\/www.meydan.tv\\\/az\\\/#website\",\"url\":\"https:\\\/\\\/www.meydan.tv\\\/az\\\/\",\"name\":\"MEYDAN.TV\",\"description\":\"Meydan TV Az\u0259rbaycan\u0131n media m\u0259kan\u0131ndak\u0131 alternativ s\u0259sidir\",\"publisher\":{\"@id\":\"https:\\\/\\\/www.meydan.tv\\\/az\\\/#organization\"},\"potentialAction\":[{\"@type\":\"SearchAction\",\"target\":{\"@type\":\"EntryPoint\",\"urlTemplate\":\"https:\\\/\\\/www.meydan.tv\\\/az\\\/?s={search_term_string}\"},\"query-input\":{\"@type\":\"PropertyValueSpecification\",\"valueRequired\":true,\"valueName\":\"search_term_string\"}}],\"inLanguage\":\"az\"},{\"@type\":\"Organization\",\"@id\":\"https:\\\/\\\/www.meydan.tv\\\/az\\\/#organization\",\"name\":\"Meydan TV\",\"url\":\"https:\\\/\\\/www.meydan.tv\\\/az\\\/\",\"logo\":{\"@type\":\"ImageObject\",\"inLanguage\":\"az\",\"@id\":\"https:\\\/\\\/www.meydan.tv\\\/az\\\/#\\\/schema\\\/logo\\\/image\\\/\",\"url\":\"https:\\\/\\\/www.meydan.tv\\\/wp-content\\\/uploads\\\/2021\\\/07\\\/meydan-logo.svg\",\"contentUrl\":\"https:\\\/\\\/www.meydan.tv\\\/wp-content\\\/uploads\\\/2021\\\/07\\\/meydan-logo.svg\",\"width\":195,\"height\":46,\"caption\":\"Meydan TV\"},\"image\":{\"@id\":\"https:\\\/\\\/www.meydan.tv\\\/az\\\/#\\\/schema\\\/logo\\\/image\\\/\"}},{\"@type\":\"Person\",\"@id\":\"https:\\\/\\\/www.meydan.tv\\\/az\\\/#\\\/schema\\\/person\\\/10d11eccf6da3662cf5fdab9806ea91a\",\"name\":\"user-manager\"}]}<\/script>\n<!-- \/ Yoast SEO plugin. -->","yoast_head_json":{"title":"Da\u011fl\u0131q Qaraba\u011f B\u00f6lg\u0259sinin Az\u0259rbaycanl\u0131 icmas\u0131na yeni s\u0259dr se\u00e7ilib - MEYDAN.TV","robots":{"index":"index","follow":"follow","max-snippet":"max-snippet:-1","max-image-preview":"max-image-preview:large","max-video-preview":"max-video-preview:-1"},"canonical":"https:\/\/www.meydan.tv\/az\/article\/dagliq-qarabag-bolgesinin-azerbaycanli-icmasina-yeni-sedr-secilib\/","og_locale":"az_AZ","og_type":"article","og_title":"Da\u011fl\u0131q Qaraba\u011f B\u00f6lg\u0259sinin Az\u0259rbaycanl\u0131 icmas\u0131na yeni s\u0259dr se\u00e7ilib - MEYDAN.TV","og_description":"\u0130lham \u0130smay\u0131l: \u201cYeni s\u0259drin X\u0130N-in \u0259m\u0259kda\u015f\u0131n\u0131n se\u00e7ilm\u0259si m\u00fcsb\u0259tdir\u201d","og_url":"https:\/\/www.meydan.tv\/az\/article\/dagliq-qarabag-bolgesinin-azerbaycanli-icmasina-yeni-sedr-secilib\/","og_site_name":"MEYDAN.TV","article_published_time":"2018-12-20T15:14:57+00:00","og_image":[{"width":892,"height":669,"url":"https:\/\/www.meydan.tv\/wp-content\/uploads\/45604.jpg","type":"image\/jpeg"}],"author":"user-manager","twitter_card":"summary_large_image","schema":{"@context":"https:\/\/schema.org","@graph":[{"@type":"Article","@id":"https:\/\/www.meydan.tv\/az\/article\/dagliq-qarabag-bolgesinin-azerbaycanli-icmasina-yeni-sedr-secilib\/#article","isPartOf":{"@id":"https:\/\/www.meydan.tv\/az\/article\/dagliq-qarabag-bolgesinin-azerbaycanli-icmasina-yeni-sedr-secilib\/"},"author":{"name":"user-manager","@id":"https:\/\/www.meydan.tv\/az\/#\/schema\/person\/10d11eccf6da3662cf5fdab9806ea91a"},"headline":"Da\u011fl\u0131q Qaraba\u011f B\u00f6lg\u0259sinin Az\u0259rbaycanl\u0131 icmas\u0131na yeni s\u0259dr se\u00e7ilib","datePublished":"2018-12-20T15:14:57+00:00","mainEntityOfPage":{"@id":"https:\/\/www.meydan.tv\/az\/article\/dagliq-qarabag-bolgesinin-azerbaycanli-icmasina-yeni-sedr-secilib\/"},"wordCount":447,"publisher":{"@id":"https:\/\/www.meydan.tv\/az\/#organization"},"image":{"@id":"https:\/\/www.meydan.tv\/az\/article\/dagliq-qarabag-bolgesinin-azerbaycanli-icmasina-yeni-sedr-secilib\/#primaryimage"},"thumbnailUrl":"https:\/\/www.meydan.tv\/wp-content\/uploads\/45604.jpg","articleSection":["X\u0259b\u0259rl\u0259r"],"inLanguage":"az"},{"@type":"WebPage","@id":"https:\/\/www.meydan.tv\/az\/article\/dagliq-qarabag-bolgesinin-azerbaycanli-icmasina-yeni-sedr-secilib\/","url":"https:\/\/www.meydan.tv\/az\/article\/dagliq-qarabag-bolgesinin-azerbaycanli-icmasina-yeni-sedr-secilib\/","name":"Da\u011fl\u0131q Qaraba\u011f B\u00f6lg\u0259sinin Az\u0259rbaycanl\u0131 icmas\u0131na yeni s\u0259dr se\u00e7ilib - MEYDAN.TV","isPartOf":{"@id":"https:\/\/www.meydan.tv\/az\/#website"},"primaryImageOfPage":{"@id":"https:\/\/www.meydan.tv\/az\/article\/dagliq-qarabag-bolgesinin-azerbaycanli-icmasina-yeni-sedr-secilib\/#primaryimage"},"image":{"@id":"https:\/\/www.meydan.tv\/az\/article\/dagliq-qarabag-bolgesinin-azerbaycanli-icmasina-yeni-sedr-secilib\/#primaryimage"},"thumbnailUrl":"https:\/\/www.meydan.tv\/wp-content\/uploads\/45604.jpg","datePublished":"2018-12-20T15:14:57+00:00","breadcrumb":{"@id":"https:\/\/www.meydan.tv\/az\/article\/dagliq-qarabag-bolgesinin-azerbaycanli-icmasina-yeni-sedr-secilib\/#breadcrumb"},"inLanguage":"az","potentialAction":[{"@type":"ReadAction","target":["https:\/\/www.meydan.tv\/az\/article\/dagliq-qarabag-bolgesinin-azerbaycanli-icmasina-yeni-sedr-secilib\/"]}]},{"@type":"ImageObject","inLanguage":"az","@id":"https:\/\/www.meydan.tv\/az\/article\/dagliq-qarabag-bolgesinin-azerbaycanli-icmasina-yeni-sedr-secilib\/#primaryimage","url":"https:\/\/www.meydan.tv\/wp-content\/uploads\/45604.jpg","contentUrl":"https:\/\/www.meydan.tv\/wp-content\/uploads\/45604.jpg","width":892,"height":669,"caption":"Foto: sosial \u015f\u0259b\u0259k\u0259"},{"@type":"BreadcrumbList","@id":"https:\/\/www.meydan.tv\/az\/article\/dagliq-qarabag-bolgesinin-azerbaycanli-icmasina-yeni-sedr-secilib\/#breadcrumb","itemListElement":[{"@type":"ListItem","position":1,"name":"Ana s\u0259hif\u0259","item":"https:\/\/www.meydan.tv\/az\/"},{"@type":"ListItem","position":2,"name":"X\u0259b\u0259rl\u0259r","item":"https:\/\/www.meydan.tv\/az\/section\/xeberler\/"},{"@type":"ListItem","position":3,"name":"Da\u011fl\u0131q Qaraba\u011f B\u00f6lg\u0259sinin Az\u0259rbaycanl\u0131 icmas\u0131na yeni s\u0259dr se\u00e7ilib"}]},{"@type":"WebSite","@id":"https:\/\/www.meydan.tv\/az\/#website","url":"https:\/\/www.meydan.tv\/az\/","name":"MEYDAN.TV","description":"Meydan TV Az\u0259rbaycan\u0131n media m\u0259kan\u0131ndak\u0131 alternativ s\u0259sidir","publisher":{"@id":"https:\/\/www.meydan.tv\/az\/#organization"},"potentialAction":[{"@type":"SearchAction","target":{"@type":"EntryPoint","urlTemplate":"https:\/\/www.meydan.tv\/az\/?s={search_term_string}"},"query-input":{"@type":"PropertyValueSpecification","valueRequired":true,"valueName":"search_term_string"}}],"inLanguage":"az"},{"@type":"Organization","@id":"https:\/\/www.meydan.tv\/az\/#organization","name":"Meydan TV","url":"https:\/\/www.meydan.tv\/az\/","logo":{"@type":"ImageObject","inLanguage":"az","@id":"https:\/\/www.meydan.tv\/az\/#\/schema\/logo\/image\/","url":"https:\/\/www.meydan.tv\/wp-content\/uploads\/2021\/07\/meydan-logo.svg","contentUrl":"https:\/\/www.meydan.tv\/wp-content\/uploads\/2021\/07\/meydan-logo.svg","width":195,"height":46,"caption":"Meydan TV"},"image":{"@id":"https:\/\/www.meydan.tv\/az\/#\/schema\/logo\/image\/"}},{"@type":"Person","@id":"https:\/\/www.meydan.tv\/az\/#\/schema\/person\/10d11eccf6da3662cf5fdab9806ea91a","name":"user-manager"}]}},"_links":{"self":[{"href":"https:\/\/www.meydan.tv\/az\/wp-json\/wp\/v2\/posts\/193109","targetHints":{"allow":["GET"]}}],"collection":[{"href":"https:\/\/www.meydan.tv\/az\/wp-json\/wp\/v2\/posts"}],"about":[{"href":"https:\/\/www.meydan.tv\/az\/wp-json\/wp\/v2\/types\/post"}],"author":[{"embeddable":true,"href":"https:\/\/www.meydan.tv\/az\/wp-json\/wp\/v2\/users\/11"}],"replies":[{"embeddable":true,"href":"https:\/\/www.meydan.tv\/az\/wp-json\/wp\/v2\/comments?post=193109"}],"version-history":[{"count":0,"href":"https:\/\/www.meydan.tv\/az\/wp-json\/wp\/v2\/posts\/193109\/revisions"}],"wp:featuredmedia":[{"embeddable":true,"href":"https:\/\/www.meydan.tv\/az\/wp-json\/wp\/v2\/media\/114477"}],"wp:attachment":[{"href":"https:\/\/www.meydan.tv\/az\/wp-json\/wp\/v2\/media?parent=193109"}],"wp:term":[{"taxonomy":"category","embeddable":true,"href":"https:\/\/www.meydan.tv\/az\/wp-json\/wp\/v2\/categories?post=193109"},{"taxonomy":"post_tag","embeddable":true,"href":"https:\/\/www.meydan.tv\/az\/wp-json\/wp\/v2\/tags?post=193109"}],"curies":[{"name":"wp","href":"https:\/\/api.w.org\/{rel}","templated":true}]}}