{"id":193100,"date":"2018-12-19T18:53:51","date_gmt":"2018-12-19T18:53:51","guid":{"rendered":"https:\/\/www.meydan.tv\/article\/hadi-recebli-ile-sohbetimiz\/"},"modified":"2018-12-19T18:53:51","modified_gmt":"2018-12-19T18:53:51","slug":"hadi-recebli-ile-sohbetimiz","status":"publish","type":"post","link":"https:\/\/www.meydan.tv\/az\/article\/hadi-recebli-ile-sohbetimiz\/","title":{"rendered":"Had\u0131 R\u0259c\u0259bli il\u0259 s\u00f6hb\u0259timiz"},"content":{"rendered":"<figure class=\"wp-block-image size-large\">\n  <img decoding=\"async\" src=\"https:\/\/www.meydan.tv\/az\/hadi-recebli-4\/\" alt=\"Had\u0131 R\u0259c\u0259bli\" class=\"wp-image-113261\"\/><figcaption>\n    Had\u0131 R\u0259c\u0259bli<br \/>\n  <\/figcaption><\/figure>\n<p>\n  L\u0259nk\u0259randa deputat Had\u0131 R\u0259c\u0259blinin m\u0259\u015fhur bir oteli var. Bu il may ay\u0131nda ora istirah\u0259t\u0259 getmi\u015fdim. D\u0259nizin sahilind\u0259, ya\u015f\u0131ll\u0131qlarla dolu bu m\u0259kan xo\u015fuma g\u0259ldi. Ancaq ordak\u0131 infrastruktur istifad\u0259 etdiyim \u0259lil arabas\u0131na uy\u011fun deyildi. On g\u00fcn \u0259rzind\u0259 d\u0259nizin sahilind\u0259 dayan\u0131b, dal\u011falar\u0131n s\u0259sini dinl\u0259m\u0259kd\u0259n b\u00f6y\u00fck z\u00f6vq ald\u0131m. Ya\u015f\u0131ll\u0131qlar g\u00f6z\u00fcm\u00fc, k\u00f6nl\u00fcm\u00fc ox\u015fad\u0131.\n<\/p>\n<p>\n  Etdiyim istirah\u0259td\u0259n v\u0259 ya t\u0259bi\u0259td\u0259n yazmaq niyy\u0259tim yoxdur. M\u0259n Had\u0131 R\u0259c\u0259bli il\u0259 aram\u0131zda ke\u00e7\u0259n s\u00f6hb\u0259ti n\u0259ql ed\u0259c\u0259y\u0259m.\n<\/p>\n<p>\n  G\u00fcnorta yem\u0259yind\u0259n sonra otelin \u0259razisind\u0259 g\u0259zi\u015fm\u0259y\u0259 \u00e7\u0131xm\u0131\u015fd\u0131m. Sonra \u00f6z\u00fcm\u0259 s\u0259rin bir yer tap\u0131b, a\u011faclar\u0131n k\u00f6lg\u0259liyind\u0259 evd\u0259n g\u0259tirdiyim kitab\u0131 oxuma\u011fa ba\u015flad\u0131m. T\u0259bi\u0259t qoynunda, s\u0259rin mehin g\u0259tirdiyi c\u00fcrb\u0259c\u00fcr a\u011faclar\u0131n \u0259trini duyaraq m\u00fctali\u0259 etm\u0259k \u00e7ox l\u0259zz\u0259tli hissdir. Bir az sonra restorana yax\u0131n \u0259razid\u0259 Had\u0131 R\u0259c\u0259blini g\u00f6rd\u00fcm. S\u0259h\u0259r\u00e7a\u011f\u0131 da onunla rastla\u015fm\u0131\u015fd\u0131m. M\u0259nd\u0259n istirah\u0259timin nec\u0259 getdiyini soru\u015fmu\u015fdu. \u0130kimiz d\u0259 bir-birimizi yola vermi\u015fdik. \u015eikay\u0259t etm\u0259mi\u015fdim. Bilirdim ki, dig\u0259r naraz\u0131l\u0131qlara g\u0259l\u0259n reaksiyan\u0131 alacam.\n<\/p>\n<p>\n  \u00c7\u00fcnki buna ox\u015far hallar\u0131 g\u00f6rm\u00fc\u015fd\u00fcm.\n<\/p>\n<p>\n  Had\u0131 R\u0259c\u0259bli il\u0259 ilk d\u0259f\u0259 bir layih\u0259 \u00e7\u0259r\u00e7iv\u0259sind\u0259 Milli M\u0259clisin \u00f6z\u00fcnd\u0259 g\u00f6r\u00fc\u015fm\u00fc\u015fd\u00fck. Bir saatdan \u00e7ox \u00e7\u0259k\u0259n h\u0259min g\u00f6r\u00fc\u015fd\u0259 bir ne\u00e7\u0259 dig\u0259r deputat da i\u015ftirak etmi\u015fdi. Bax, onda mikrofon \u0259lim\u0259 ke\u00e7\u0259nd\u0259 \u0259lillik sah\u0259sin\u0259 aid vacib bo\u015fluqlar bar\u0259d\u0259 onlara \u00f6z naraz\u0131l\u0131\u011f\u0131m\u0131 bildirmi\u015fdim. He\u00e7 \u015f\u00fcbh\u0259siz, orada da m\u0259ni yola vermi\u015fdil\u0259r. H\u0259tta liftl\u0259 a\u015fa\u011f\u0131 d\u00fc\u015f\u0259nd\u0259 Had\u0131 R\u0259c\u0259bli \u0259lini \u00e7iynim\u0259 qoyub demi\u015fdi: \u201cOrxan, h\u0259r \u015fey yax\u015f\u0131 olacaq!\u201d Soru\u015fdum ki, n\u0259 vaxt e, Had\u0131 m\u00fc\u0259llim. Cavab verdi ki, \u201cin\u015fallah, dar\u0131xma\u201d.<br \/>\n  <br \/>\n  M\u0259n kimins\u0259 inanc\u0131na qar\u015f\u0131 deyil\u0259m, sad\u0259c\u0259 bir \u015feyi d\u0259qiq bilir\u0259m ki, d\u00f6vl\u0259t m\u0259murlar\u0131 onlara \u00fcnvanlanan suallara \u201cin\u015fallah\u201d ifad\u0259si il\u0259 cavab verm\u0259m\u0259lidil\u0259r. \u0130n\u015fallah, \u0259r\u0259b dilind\u0259n t\u0259rc\u00fcm\u0259d\u0259 \u201cAllah ist\u0259y\u0259rs\u0259\u201d m\u0259nas\u0131n\u0131 verir. Bu is\u0259 qeyri-m\u00fc\u0259yy\u0259n bir \u015feydir. D\u00f6vl\u0259t m\u0259muru prinsipial m\u0259s\u0259l\u0259l\u0259r\u0259, \u0259sas da \u00f6hd\u0259lik da\u015f\u0131d\u0131\u011f\u0131 sah\u0259d\u0259ki d\u0259yi\u015fiklikl\u0259r bar\u0259d\u0259 suallara \u201cin\u015fallah\u201d ifad\u0259si il\u0259 cavab verm\u0259m\u0259lidil\u0259r. Bu he\u00e7 diplomatik etikaya yara\u015fan s\u00f6z deyil. M\u0259nim etiraz\u0131m \u201cin\u015fallah\u201d k\u0259lm\u0259sin\u0259 deyil, m\u0259hz yola verm\u0259k niyy\u0259ti il\u0259 i\u015fl\u0259dil\u0259n konkretlikd\u0259n uzaq b\u00fct\u00fcn terminl\u0259r\u0259dir.\n<\/p>\n<p>\n  N\u0259 is\u0259\u2026 Had\u0131 R\u0259c\u0259bli ofisantlara i\u015far\u0259 etdi ki, m\u0259n oturdu\u011fum h\u0259min s\u0259rin yerd\u0259 onun \u00fc\u00e7\u00fcn s\u00fcfr\u0259 qursunlar. Ofisantlar stol-stul g\u0259tirdi. S\u00fcfr\u0259ni haz\u0131rlad\u0131lar v\u0259 bir-bir yem\u0259kl\u0259ri g\u0259tirm\u0259y\u0259 ba\u015flad\u0131lar.\n<\/p>\n<p>\n  Had\u0131 m\u00fc\u0259llim oturdu, yerini rahatlad\u0131, yen\u0259 d\u0259 \u0259hval\u0131m\u0131 soru\u015fdu. Dilxo\u015fluq etdim v\u0259 ba\u015f\u0131m\u0131 a\u015fa\u011f\u0131 sal\u0131b, m\u00fctali\u0259m\u0259 qald\u0131\u011f\u0131m yerd\u0259n davam etdim. Sonra bilmir\u0259m ya otelin m\u00fcdiri, ya m\u00fcdir m\u00fcavini (onun v\u0259zif\u0259sini d\u0259qiq bilmir\u0259m) olan orta ya\u015fl\u0131 ki\u015fi m\u0259n\u0259 yax\u0131nla\u015fd\u0131 v\u0259 dedi ki, \u201cs\u0259n he\u00e7 buralar\u0131 g\u0259zmis\u0259n?! G\u0259l, ged\u0259k s\u0259ni apar\u0131m bir az g\u0259z\u0259k\u201d.\n<\/p>\n<p>\n  H\u0259min \u015f\u0259xsin ba\u015fqa vaxt adama g\u00fccl\u0259 salam verdiyi halda indi bird\u0259n-bir\u0259 bel\u0259 davran\u0131\u015f\u0131, \u0259lb\u0259tt\u0259, s\u0259mimi g\u0259lm\u0259di. H\u0259yas\u0131z \u015f\u0259kild\u0259 arabam\u0131n yuxar\u0131 qollar\u0131ndan yap\u0131\u015f\u0131b m\u0259ni ordan k\u0259narla\u015fd\u0131rma\u011fa \u00e7al\u0131\u015fd\u0131 ki, guya bird\u0259n Had\u0131 R\u0259c\u0259blinin nahar etm\u0259yin\u0259 mane olaram.\n<\/p>\n<p>\n  Etiraz el\u0259dim. \u00c7\u00fcnki dola\u015fmaq, g\u0259zm\u0259k ist\u0259mirdim. Ona s\u0259simi qald\u0131rd\u0131m ki, m\u0259ni rahat buraxs\u0131n. Had\u0131 R\u0259c\u0259bli dedi ki, \u0259l \u00e7\u0259ksin m\u0259nd\u0259n. O da r\u0259dd olub getdi.<br \/>\n  <br \/>\n  Had\u0131 m\u00fc\u0259llim m\u0259n\u0259 onunla birg\u0259 nahar etm\u0259yi t\u0259klif etdi. Ona art\u0131q yediyimi, tox oldu\u011fumu s\u00f6yl\u0259dim v\u0259 \u201cnu\u015f olsun, t\u0259\u015f\u0259kk\u00fcr edir\u0259m\u201d,- deyib, kitab\u0131m\u0131 oxuma\u011fa davam etdim.<br \/>\n  <br \/>\n  \u00dcr\u0259yimd\u0259n Had\u0131 R\u0259c\u0259bliy\u0259 \u00e7ox \u015fey dem\u0259k ke\u00e7s\u0259 d\u0259, susma\u011fa q\u0259rar verdim. Bura istirah\u0259t etm\u0259y\u0259 g\u0259lmi\u015fdim. Kefimi pozmaq, yola verilm\u0259k ist\u0259mirdim. Adama \u00f6z i\u015fi bar\u0259d\u0259 x\u0259b\u0259r verm\u0259k, \u00f6hd\u0259likl\u0259rini xat\u0131rlatmaq \u00fc\u00e7\u00fcn he\u00e7 d\u0259 ideal m\u0259kan v\u0259 m\u0259qam deyildi.\n<\/p>\n<p>\n  Fikirimi Jan-Kristof Qranjenin m\u00f6ht\u0259\u015f\u0259m roman\u0131 \u201cQara yol\u201da c\u0259ml\u0259mi\u015fdim.\n<\/p>\n<p>\n  Bir az sonra Had\u0131 m\u00fc\u0259llim \u00f6z\u00fc m\u0259ni s\u00f6hb\u0259t\u0259 tutdu. \u018fvv\u0259lc\u0259 kitab\u0131ma n\u0259z\u0259r sald\u0131, ancaq n\u0259 oxudu\u011fumu soru\u015fmad\u0131. El\u0259 birba\u015fa dedi ki, otelin kitabxanas\u0131nda onun h\u0259yat\u0131ndan b\u0259hs ed\u0259n kitab var imi\u015f v\u0259 m\u0259n onu m\u00fctl\u0259q oxumal\u0131yamm\u0131\u015f.\n<\/p>\n<p>\n  Onda anlad\u0131m ki, Had\u0131 R\u0259c\u0259bli \u00f6z\u00fc kitab yazsa da, kitabsev\u0259r \u015f\u0259xs deyil.\n<\/p>\n<p>\n  S\u0259mimi kitabsev\u0259r \u015f\u0259xs bel\u0259 m\u0259qamda m\u00fctl\u0259q qar\u015f\u0131s\u0131ndak\u0131n\u0131n n\u0259 oxudu\u011fu il\u0259 maraqlanard\u0131. O, is\u0259 he\u00e7 yalandan da soru\u015fmad\u0131 ki, n\u0259 oxuyuram.\n<\/p>\n<p>\n  Sonra haz\u0131rda n\u0259 i\u015fl\u0259 m\u0259\u015f\u011ful oldu\u011fumu soru\u015fdu. Cavab verdim ki, \u0130qtisad Universitetinin sonuncu kursundayam v\u0259 d\u00f6vl\u0259t imtahan\u0131 verm\u0259y\u0259 haz\u0131rla\u015f\u0131ram.\n<\/p>\n<p>\n  El\u0259-bil bayaqdan bel\u0259 cavab g\u00f6zl\u0259yirdi. Ba\u015flad\u0131 \u00f6z t\u0259hsilind\u0259n dan\u0131\u015fma\u011fa. Ard\u0131nca i\u015f h\u0259yat\u0131ndan m\u0259lumatlar verdi. Uzun \u2013uzad\u0131 dan\u0131\u015fandan sonra nec\u0259s\u0259 oldu, sosial siyas\u0259td\u0259n dan\u0131\u015fark\u0259n, Pol\u015fadan n\u00fcmun\u0259 \u00e7\u0259kdi. M\u0259n d\u0259 qeyd el\u0259dim ki, Pol\u015fada olark\u0259n \u00f6z\u00fcm h\u0259min sosial inki\u015faf\u0131 v\u0259 \u0259lilliyi olan insanlar \u00fc\u00e7\u00fcn yarad\u0131lm\u0131\u015f \u0259lveri\u015fli infrastrukturu \u0259yani \u015f\u0259kild\u0259 g\u00f6rm\u00fc\u015f\u0259m.\n<\/p>\n<p>\n  H\u0259min vaxt yan\u0131m\u0131zdan ba\u011fban ke\u00e7irdi. Had\u0131 m\u00fc\u0259llim s\u00fcni g\u00fcl\u00fc\u015fl\u0259 ona bax\u0131b, \u0259li il\u0259 m\u0259ni i\u015far\u0259 ed\u0259r\u0259k ba\u011fbana dedi ki, \u201cyem\u0259k yem\u0259yi t\u0259klif etmi\u015f\u0259m, ancaq tox oldu\u011funu deyir, yemir\u201d.\n<\/p>\n<p>\n  Ba\u011fban ax\u0131 ondan he\u00e7 n\u0259 soru\u015fmam\u0131\u015fd\u0131 v\u0259 el\u0259 c\u0259nab R\u0259c\u0259blinin bu fikirin\u0259 d\u0259 he\u00e7 bir reaksiya verm\u0259di. H\u0259min vaxt ba\u011fban\u0131n \u00fcz\u00fcn\u0259 diqq\u0259tl\u0259 baxd\u0131m. Sanki d\u00fcnyan\u0131n b\u00fct\u00fcn k\u0259d\u0259ri onun \u00fcz\u00fcnd\u0259 c\u0259ml\u0259\u015fmi\u015fdi.\n<\/p>\n<p>\n  Sonradan \u00f6yr\u0259ndim ki, burdak\u0131 i\u015f\u00e7il\u0259r olduqca a\u015fa\u011f\u0131 maa\u015f al\u0131rlar.\n<\/p>\n<p>\n  Had\u0131 m\u00fc\u0259llim i\u015ftahla yem\u0259k yey\u0259r\u0259k, \u00f6z s\u00f6hb\u0259tin\u0259 davam el\u0259di. O dedi ki, u\u015faql\u0131\u011f\u0131 \u00e7ox a\u011f\u0131r ke\u00e7ib. \u00c7ox kas\u0131b\u00e7\u0131l\u0131q v\u0259 s\u0259fal\u0259t i\u00e7ind\u0259 ke\u00e7\u0259n u\u015faql\u0131\u011f\u0131ndan b\u0259hs ed\u0259rk\u0259n, onun \u00fcz\u00fcnd\u0259ki q\u0259z\u0259bi v\u0259 xiff\u0259ti sezdim. Hiss olunurdu ki, adam\u0131n a\u011f\u0131r u\u015faql\u0131\u011f\u0131 olub.\n<\/p>\n<p>\n  \u018fmin oldum ki, insan sonradan var-d\u00f6vl\u0259t\u0259 sahib olanda h\u0259min var-d\u00f6vl\u0259td\u0259n b\u0259rk-b\u0259rk yap\u0131\u015f\u0131r v\u0259 onu h\u0259yat\u0131n\u0131n m\u0259rk\u0259zin\u0259 \u00e7evirir.\n<\/p>\n<p>\n  Anam dan\u0131\u015f\u0131r ki, babam h\u0259mi\u015f\u0259 n\u0259n\u0259m\u0259 deyirmi\u015f: \u201cBu u\u015faqlara yeyib-i\u00e7m\u0259yi, pal\u0131-paltar\u0131 bolluca g\u00f6st\u0259rm\u0259k v\u0259 verm\u0259k laz\u0131md\u0131r ki, onlar\u0131n g\u00f6z\u00fc g\u0259l\u0259c\u0259kd\u0259 d\u0259 tox olsun\u201d. B\u0259li, bel\u0259 olmayanda adam g\u00f6rm\u0259mi\u015f olur. H\u0259min k\u0259sl\u0259r d\u0259 eqoistc\u0259sin\u0259 ancaq \u00f6z\u00fcn\u00fc d\u00fc\u015f\u00fcn\u00fcr, \u00e7ap\u0131b-talay\u0131r v\u0259 har\u0131nlam\u0131\u015f \u015f\u0259xs\u0259 \u00e7evirilirl\u0259r.\n<\/p>\n<p>\n  Had\u0131 m\u00fc\u0259llim\u0259 sual verdim ki, n\u0259 \u00fc\u00e7\u00fcn \u00f6lk\u0259mizd\u0259 bu q\u0259d\u0259r resurs oldu\u011fu halda \u0259lillik sah\u0259si v\u0259 sosial inki\u015faf\u0131n s\u0259viyy\u0259si bu q\u0259d\u0259r a\u015fa\u011f\u0131d\u0131r. \u0130nan\u0131n, adam etiraf el\u0259di ki, sosial siyas\u0259td\u0259ki sistemimiz xarabd\u0131r. Bu cavab onun \u0259n d\u00fcr\u00fcst etiraf\u0131 idi. Ondan sonra he\u00e7 bir sual verm\u0259dim. H\u0259min cavab m\u0259ni \u201cqane\u201d el\u0259di.\n<\/p>\n<p>\n  Yem\u0259kd\u0259n sonra Had\u0131 m\u00fc\u0259llim aya\u011fa durdu, m\u0259n\u0259 \u0259l uzatd\u0131, g\u00f6r\u00fc\u015fd\u00fc v\u0259 bir ne\u00e7\u0259 \u015fablon duadan sonra dedi: \u201cOrxan, bu h\u0259yatda h\u0259r k\u0259s f\u0259rqli h\u0259yat t\u0259rzin\u0259 malikdir. He\u00e7 k\u0259s b\u0259rab\u0259r formada ola bilm\u0259z\u201d.\n<\/p>\n<p>\n  <b><br \/>\n    <i><br \/>\n      Yaz\u0131 m\u00fc\u0259llifin fikirl\u0259rini \u0259ks etdirir v\u0259 Meydan TV-nin m\u00f6vqeyi il\u0259 \u00fcst-\u00fcst\u0259 d\u00fc\u015fm\u0259y\u0259 bil\u0259r.<br \/>\n    <\/i><br \/>\n  <\/b><\/p>\n","protected":false},"excerpt":{"rendered":"<p>L\u0259nk\u0259randa deputat Had\u0131 R\u0259c\u0259blinin m\u0259\u015fhur bir oteli var<\/p>\n","protected":false},"author":11,"featured_media":113261,"comment_status":"closed","ping_status":"open","sticky":false,"template":"","format":"standard","meta":{"_acf_changed":false,"_sitemap_exclude":false,"_sitemap_priority":"","_sitemap_frequency":"","footnotes":""},"categories":[57],"tags":[],"class_list":["post-193100","post","type-post","status-publish","format-standard","has-post-thumbnail","hentry","category-menim-fikrimce","infinite-scroll-item","generate-columns","tablet-grid-50","mobile-grid-100","grid-parent","grid-33","no-featured-image-padding"],"acf":[],"yoast_head":"<!-- This site is optimized with the Yoast SEO plugin v27.4 - https:\/\/yoast.com\/product\/yoast-seo-wordpress\/ -->\n<title>Had\u0131 R\u0259c\u0259bli il\u0259 s\u00f6hb\u0259timiz - MEYDAN.TV<\/title>\n<meta name=\"robots\" content=\"index, follow, max-snippet:-1, max-image-preview:large, max-video-preview:-1\" \/>\n<link rel=\"canonical\" href=\"https:\/\/www.meydan.tv\/az\/article\/hadi-recebli-ile-sohbetimiz\/\" \/>\n<meta property=\"og:locale\" content=\"az_AZ\" \/>\n<meta property=\"og:type\" content=\"article\" \/>\n<meta property=\"og:title\" content=\"Had\u0131 R\u0259c\u0259bli il\u0259 s\u00f6hb\u0259timiz - MEYDAN.TV\" \/>\n<meta property=\"og:description\" content=\"L\u0259nk\u0259randa deputat Had\u0131 R\u0259c\u0259blinin m\u0259\u015fhur bir oteli var\" \/>\n<meta property=\"og:url\" content=\"https:\/\/www.meydan.tv\/az\/article\/hadi-recebli-ile-sohbetimiz\/\" \/>\n<meta property=\"og:site_name\" content=\"MEYDAN.TV\" \/>\n<meta property=\"article:published_time\" content=\"2018-12-19T18:53:51+00:00\" \/>\n<meta property=\"og:image\" content=\"https:\/\/www.meydan.tv\/wp-content\/uploads\/45127.jpg\" \/>\n\t<meta property=\"og:image:width\" content=\"1000\" \/>\n\t<meta property=\"og:image:height\" content=\"541\" \/>\n\t<meta property=\"og:image:type\" content=\"image\/jpeg\" \/>\n<meta name=\"author\" content=\"user-manager\" \/>\n<meta name=\"twitter:card\" content=\"summary_large_image\" \/>\n<script type=\"application\/ld+json\" class=\"yoast-schema-graph\">{\"@context\":\"https:\\\/\\\/schema.org\",\"@graph\":[{\"@type\":\"Article\",\"@id\":\"https:\\\/\\\/www.meydan.tv\\\/az\\\/article\\\/hadi-recebli-ile-sohbetimiz\\\/#article\",\"isPartOf\":{\"@id\":\"https:\\\/\\\/www.meydan.tv\\\/az\\\/article\\\/hadi-recebli-ile-sohbetimiz\\\/\"},\"author\":{\"name\":\"user-manager\",\"@id\":\"https:\\\/\\\/www.meydan.tv\\\/az\\\/#\\\/schema\\\/person\\\/10d11eccf6da3662cf5fdab9806ea91a\"},\"headline\":\"Had\u0131 R\u0259c\u0259bli il\u0259 s\u00f6hb\u0259timiz\",\"datePublished\":\"2018-12-19T18:53:51+00:00\",\"mainEntityOfPage\":{\"@id\":\"https:\\\/\\\/www.meydan.tv\\\/az\\\/article\\\/hadi-recebli-ile-sohbetimiz\\\/\"},\"wordCount\":1499,\"publisher\":{\"@id\":\"https:\\\/\\\/www.meydan.tv\\\/az\\\/#organization\"},\"image\":{\"@id\":\"https:\\\/\\\/www.meydan.tv\\\/az\\\/article\\\/hadi-recebli-ile-sohbetimiz\\\/#primaryimage\"},\"thumbnailUrl\":\"https:\\\/\\\/www.meydan.tv\\\/wp-content\\\/uploads\\\/45127.jpg\",\"articleSection\":[\"M\u0259nim Fikrimc\u0259\"],\"inLanguage\":\"az\"},{\"@type\":\"WebPage\",\"@id\":\"https:\\\/\\\/www.meydan.tv\\\/az\\\/article\\\/hadi-recebli-ile-sohbetimiz\\\/\",\"url\":\"https:\\\/\\\/www.meydan.tv\\\/az\\\/article\\\/hadi-recebli-ile-sohbetimiz\\\/\",\"name\":\"Had\u0131 R\u0259c\u0259bli il\u0259 s\u00f6hb\u0259timiz - MEYDAN.TV\",\"isPartOf\":{\"@id\":\"https:\\\/\\\/www.meydan.tv\\\/az\\\/#website\"},\"primaryImageOfPage\":{\"@id\":\"https:\\\/\\\/www.meydan.tv\\\/az\\\/article\\\/hadi-recebli-ile-sohbetimiz\\\/#primaryimage\"},\"image\":{\"@id\":\"https:\\\/\\\/www.meydan.tv\\\/az\\\/article\\\/hadi-recebli-ile-sohbetimiz\\\/#primaryimage\"},\"thumbnailUrl\":\"https:\\\/\\\/www.meydan.tv\\\/wp-content\\\/uploads\\\/45127.jpg\",\"datePublished\":\"2018-12-19T18:53:51+00:00\",\"breadcrumb\":{\"@id\":\"https:\\\/\\\/www.meydan.tv\\\/az\\\/article\\\/hadi-recebli-ile-sohbetimiz\\\/#breadcrumb\"},\"inLanguage\":\"az\",\"potentialAction\":[{\"@type\":\"ReadAction\",\"target\":[\"https:\\\/\\\/www.meydan.tv\\\/az\\\/article\\\/hadi-recebli-ile-sohbetimiz\\\/\"]}]},{\"@type\":\"ImageObject\",\"inLanguage\":\"az\",\"@id\":\"https:\\\/\\\/www.meydan.tv\\\/az\\\/article\\\/hadi-recebli-ile-sohbetimiz\\\/#primaryimage\",\"url\":\"https:\\\/\\\/www.meydan.tv\\\/wp-content\\\/uploads\\\/45127.jpg\",\"contentUrl\":\"https:\\\/\\\/www.meydan.tv\\\/wp-content\\\/uploads\\\/45127.jpg\",\"width\":1000,\"height\":541,\"caption\":\"Source:\"},{\"@type\":\"BreadcrumbList\",\"@id\":\"https:\\\/\\\/www.meydan.tv\\\/az\\\/article\\\/hadi-recebli-ile-sohbetimiz\\\/#breadcrumb\",\"itemListElement\":[{\"@type\":\"ListItem\",\"position\":1,\"name\":\"Ana s\u0259hif\u0259\",\"item\":\"https:\\\/\\\/www.meydan.tv\\\/az\\\/\"},{\"@type\":\"ListItem\",\"position\":2,\"name\":\"M\u0259nim Fikrimc\u0259\",\"item\":\"https:\\\/\\\/www.meydan.tv\\\/az\\\/section\\\/menim-fikrimce\\\/\"},{\"@type\":\"ListItem\",\"position\":3,\"name\":\"Had\u0131 R\u0259c\u0259bli il\u0259 s\u00f6hb\u0259timiz\"}]},{\"@type\":\"WebSite\",\"@id\":\"https:\\\/\\\/www.meydan.tv\\\/az\\\/#website\",\"url\":\"https:\\\/\\\/www.meydan.tv\\\/az\\\/\",\"name\":\"MEYDAN.TV\",\"description\":\"Meydan TV Az\u0259rbaycan\u0131n media m\u0259kan\u0131ndak\u0131 alternativ s\u0259sidir\",\"publisher\":{\"@id\":\"https:\\\/\\\/www.meydan.tv\\\/az\\\/#organization\"},\"potentialAction\":[{\"@type\":\"SearchAction\",\"target\":{\"@type\":\"EntryPoint\",\"urlTemplate\":\"https:\\\/\\\/www.meydan.tv\\\/az\\\/?s={search_term_string}\"},\"query-input\":{\"@type\":\"PropertyValueSpecification\",\"valueRequired\":true,\"valueName\":\"search_term_string\"}}],\"inLanguage\":\"az\"},{\"@type\":\"Organization\",\"@id\":\"https:\\\/\\\/www.meydan.tv\\\/az\\\/#organization\",\"name\":\"Meydan TV\",\"url\":\"https:\\\/\\\/www.meydan.tv\\\/az\\\/\",\"logo\":{\"@type\":\"ImageObject\",\"inLanguage\":\"az\",\"@id\":\"https:\\\/\\\/www.meydan.tv\\\/az\\\/#\\\/schema\\\/logo\\\/image\\\/\",\"url\":\"https:\\\/\\\/www.meydan.tv\\\/wp-content\\\/uploads\\\/2021\\\/07\\\/meydan-logo.svg\",\"contentUrl\":\"https:\\\/\\\/www.meydan.tv\\\/wp-content\\\/uploads\\\/2021\\\/07\\\/meydan-logo.svg\",\"width\":195,\"height\":46,\"caption\":\"Meydan TV\"},\"image\":{\"@id\":\"https:\\\/\\\/www.meydan.tv\\\/az\\\/#\\\/schema\\\/logo\\\/image\\\/\"}},{\"@type\":\"Person\",\"@id\":\"https:\\\/\\\/www.meydan.tv\\\/az\\\/#\\\/schema\\\/person\\\/10d11eccf6da3662cf5fdab9806ea91a\",\"name\":\"user-manager\"}]}<\/script>\n<!-- \/ Yoast SEO plugin. -->","yoast_head_json":{"title":"Had\u0131 R\u0259c\u0259bli il\u0259 s\u00f6hb\u0259timiz - MEYDAN.TV","robots":{"index":"index","follow":"follow","max-snippet":"max-snippet:-1","max-image-preview":"max-image-preview:large","max-video-preview":"max-video-preview:-1"},"canonical":"https:\/\/www.meydan.tv\/az\/article\/hadi-recebli-ile-sohbetimiz\/","og_locale":"az_AZ","og_type":"article","og_title":"Had\u0131 R\u0259c\u0259bli il\u0259 s\u00f6hb\u0259timiz - MEYDAN.TV","og_description":"L\u0259nk\u0259randa deputat Had\u0131 R\u0259c\u0259blinin m\u0259\u015fhur bir oteli var","og_url":"https:\/\/www.meydan.tv\/az\/article\/hadi-recebli-ile-sohbetimiz\/","og_site_name":"MEYDAN.TV","article_published_time":"2018-12-19T18:53:51+00:00","og_image":[{"width":1000,"height":541,"url":"https:\/\/www.meydan.tv\/wp-content\/uploads\/45127.jpg","type":"image\/jpeg"}],"author":"user-manager","twitter_card":"summary_large_image","schema":{"@context":"https:\/\/schema.org","@graph":[{"@type":"Article","@id":"https:\/\/www.meydan.tv\/az\/article\/hadi-recebli-ile-sohbetimiz\/#article","isPartOf":{"@id":"https:\/\/www.meydan.tv\/az\/article\/hadi-recebli-ile-sohbetimiz\/"},"author":{"name":"user-manager","@id":"https:\/\/www.meydan.tv\/az\/#\/schema\/person\/10d11eccf6da3662cf5fdab9806ea91a"},"headline":"Had\u0131 R\u0259c\u0259bli il\u0259 s\u00f6hb\u0259timiz","datePublished":"2018-12-19T18:53:51+00:00","mainEntityOfPage":{"@id":"https:\/\/www.meydan.tv\/az\/article\/hadi-recebli-ile-sohbetimiz\/"},"wordCount":1499,"publisher":{"@id":"https:\/\/www.meydan.tv\/az\/#organization"},"image":{"@id":"https:\/\/www.meydan.tv\/az\/article\/hadi-recebli-ile-sohbetimiz\/#primaryimage"},"thumbnailUrl":"https:\/\/www.meydan.tv\/wp-content\/uploads\/45127.jpg","articleSection":["M\u0259nim Fikrimc\u0259"],"inLanguage":"az"},{"@type":"WebPage","@id":"https:\/\/www.meydan.tv\/az\/article\/hadi-recebli-ile-sohbetimiz\/","url":"https:\/\/www.meydan.tv\/az\/article\/hadi-recebli-ile-sohbetimiz\/","name":"Had\u0131 R\u0259c\u0259bli il\u0259 s\u00f6hb\u0259timiz - MEYDAN.TV","isPartOf":{"@id":"https:\/\/www.meydan.tv\/az\/#website"},"primaryImageOfPage":{"@id":"https:\/\/www.meydan.tv\/az\/article\/hadi-recebli-ile-sohbetimiz\/#primaryimage"},"image":{"@id":"https:\/\/www.meydan.tv\/az\/article\/hadi-recebli-ile-sohbetimiz\/#primaryimage"},"thumbnailUrl":"https:\/\/www.meydan.tv\/wp-content\/uploads\/45127.jpg","datePublished":"2018-12-19T18:53:51+00:00","breadcrumb":{"@id":"https:\/\/www.meydan.tv\/az\/article\/hadi-recebli-ile-sohbetimiz\/#breadcrumb"},"inLanguage":"az","potentialAction":[{"@type":"ReadAction","target":["https:\/\/www.meydan.tv\/az\/article\/hadi-recebli-ile-sohbetimiz\/"]}]},{"@type":"ImageObject","inLanguage":"az","@id":"https:\/\/www.meydan.tv\/az\/article\/hadi-recebli-ile-sohbetimiz\/#primaryimage","url":"https:\/\/www.meydan.tv\/wp-content\/uploads\/45127.jpg","contentUrl":"https:\/\/www.meydan.tv\/wp-content\/uploads\/45127.jpg","width":1000,"height":541,"caption":"Source:"},{"@type":"BreadcrumbList","@id":"https:\/\/www.meydan.tv\/az\/article\/hadi-recebli-ile-sohbetimiz\/#breadcrumb","itemListElement":[{"@type":"ListItem","position":1,"name":"Ana s\u0259hif\u0259","item":"https:\/\/www.meydan.tv\/az\/"},{"@type":"ListItem","position":2,"name":"M\u0259nim Fikrimc\u0259","item":"https:\/\/www.meydan.tv\/az\/section\/menim-fikrimce\/"},{"@type":"ListItem","position":3,"name":"Had\u0131 R\u0259c\u0259bli il\u0259 s\u00f6hb\u0259timiz"}]},{"@type":"WebSite","@id":"https:\/\/www.meydan.tv\/az\/#website","url":"https:\/\/www.meydan.tv\/az\/","name":"MEYDAN.TV","description":"Meydan TV Az\u0259rbaycan\u0131n media m\u0259kan\u0131ndak\u0131 alternativ s\u0259sidir","publisher":{"@id":"https:\/\/www.meydan.tv\/az\/#organization"},"potentialAction":[{"@type":"SearchAction","target":{"@type":"EntryPoint","urlTemplate":"https:\/\/www.meydan.tv\/az\/?s={search_term_string}"},"query-input":{"@type":"PropertyValueSpecification","valueRequired":true,"valueName":"search_term_string"}}],"inLanguage":"az"},{"@type":"Organization","@id":"https:\/\/www.meydan.tv\/az\/#organization","name":"Meydan TV","url":"https:\/\/www.meydan.tv\/az\/","logo":{"@type":"ImageObject","inLanguage":"az","@id":"https:\/\/www.meydan.tv\/az\/#\/schema\/logo\/image\/","url":"https:\/\/www.meydan.tv\/wp-content\/uploads\/2021\/07\/meydan-logo.svg","contentUrl":"https:\/\/www.meydan.tv\/wp-content\/uploads\/2021\/07\/meydan-logo.svg","width":195,"height":46,"caption":"Meydan TV"},"image":{"@id":"https:\/\/www.meydan.tv\/az\/#\/schema\/logo\/image\/"}},{"@type":"Person","@id":"https:\/\/www.meydan.tv\/az\/#\/schema\/person\/10d11eccf6da3662cf5fdab9806ea91a","name":"user-manager"}]}},"_links":{"self":[{"href":"https:\/\/www.meydan.tv\/az\/wp-json\/wp\/v2\/posts\/193100","targetHints":{"allow":["GET"]}}],"collection":[{"href":"https:\/\/www.meydan.tv\/az\/wp-json\/wp\/v2\/posts"}],"about":[{"href":"https:\/\/www.meydan.tv\/az\/wp-json\/wp\/v2\/types\/post"}],"author":[{"embeddable":true,"href":"https:\/\/www.meydan.tv\/az\/wp-json\/wp\/v2\/users\/11"}],"replies":[{"embeddable":true,"href":"https:\/\/www.meydan.tv\/az\/wp-json\/wp\/v2\/comments?post=193100"}],"version-history":[{"count":0,"href":"https:\/\/www.meydan.tv\/az\/wp-json\/wp\/v2\/posts\/193100\/revisions"}],"wp:featuredmedia":[{"embeddable":true,"href":"https:\/\/www.meydan.tv\/az\/wp-json\/wp\/v2\/media\/113261"}],"wp:attachment":[{"href":"https:\/\/www.meydan.tv\/az\/wp-json\/wp\/v2\/media?parent=193100"}],"wp:term":[{"taxonomy":"category","embeddable":true,"href":"https:\/\/www.meydan.tv\/az\/wp-json\/wp\/v2\/categories?post=193100"},{"taxonomy":"post_tag","embeddable":true,"href":"https:\/\/www.meydan.tv\/az\/wp-json\/wp\/v2\/tags?post=193100"}],"curies":[{"name":"wp","href":"https:\/\/api.w.org\/{rel}","templated":true}]}}