{"id":193098,"date":"2018-12-19T17:19:02","date_gmt":"2018-12-19T17:19:02","guid":{"rendered":"https:\/\/www.meydan.tv\/article\/sebebin-sebebi\/"},"modified":"2018-12-19T17:19:02","modified_gmt":"2018-12-19T17:19:02","slug":"sebebin-sebebi","status":"publish","type":"post","link":"https:\/\/www.meydan.tv\/az\/article\/sebebin-sebebi\/","title":{"rendered":"S\u0259b\u0259bin s\u0259b\u0259bi"},"content":{"rendered":"<figure class=\"wp-block-image size-large\">\n  <img decoding=\"async\" src=\"https:\/\/www.meydan.tv\/az\/yalcin-imanov-5\/\" alt=\"Yal\u00e7\u0131n \u0130manov\" class=\"wp-image-113137\"\/><figcaption>\n    Yal\u00e7\u0131n \u0130manov<br \/>\n  <\/figcaption><\/figure>\n<p>\n  <i><br \/>\n    M\u00fcbariz \u0130brahimov haqq\u0131nda yaz\u0131lm\u0131\u015f statusun yaratd\u0131\u011f\u0131 m\u00fczakir\u0259l\u0259r\u0259 dair<br \/>\n  <\/i><\/p>\n<p>  Biz ona g\u00f6r\u0259 q\u0259z\u0259bliyik ki, m\u0259\u011flubuq. Yox, t\u0259bii ki, c\u0259miyy\u0259tin, onu y\u00f6n\u0259ld\u0259nl\u0259rin v\u0259 \u0259n m\u00fcxt\u0259lif maraq g\u00fcd\u0259nl\u0259rin k\u0259skin reaksiyas\u0131n\u0131n ba\u015fqa m\u00fch\u00fcm s\u0259b\u0259bl\u0259ri d\u0259 var, m\u0259qs\u0259dli k\u00f6r\u00fckl\u0259nm\u0259, yaxud uzaq m\u0259nzilli siyasi faydalar v\u0259 \u00e7\u0131xarlar da istisna deyil. Amma b\u00fct\u00fcn bu s\u00fcni s\u0259b\u0259bl\u0259rd\u0259n ar\u0131n\u0131b, c\u0259miyy\u0259tin hadis\u0259y\u0259 xas, t\u0259miz m\u00fcnasib\u0259tini ara\u015fd\u0131rsaq, \u0259n \u0259sas s\u0259b\u0259b kimi qar\u015f\u0131m\u0131za bu \u00e7\u0131xacaq: M\u0259\u011flubluq! Bu, s\u0259b\u0259bl\u0259rin s\u0259b\u0259bidir. B\u00fct\u00fcn dig\u0259r t\u0259bii s\u0259b\u0259bl\u0259r d\u0259 bu \u0259sas s\u0259b\u0259bd\u0259n t\u00f6r\u0259yir, yaxud da bu v\u0259 ya dig\u0259r \u015f\u0259kild\u0259 onunla s\u0131x \u0259laq\u0259lidir.\n<\/p>\n<p>\n  Az\u0259rbaycan\u0131n, Erm\u0259nistan qar\u015f\u0131s\u0131nda m\u0259\u011flub durumu, c\u0259miyy\u0259tin Qaraba\u011f m\u00fcnaqi\u015f\u0259si haqda m\u00fcxt\u0259lif, f\u0259rqli fikir v\u0259 d\u00fc\u015f\u00fcnc\u0259l\u0259r\u0259 m\u00fcnasib\u0259tini tam v\u0259 h\u0259lledici \u015f\u0259kild\u0259 m\u00fc\u0259yy\u0259n edir, formala\u015fd\u0131r\u0131r.\n<\/p>\n<p>\n  M\u0259\u011flubluq fakt\u0131 m\u0259\u011flubun tolerant yana\u015fmas\u0131n\u0131 v\u0259 soyuq ba\u015fla m\u00fczakir\u0259sini m\u00fcmk\u00fcns\u00fcz edir. Tolerantl\u0131q qalib\u0259 xas keyfiyy\u0259tdir, o, m\u0259\u011flubun timsal\u0131nda \u0259ndrabadi v\u0259 \u00fcst\u0259lik d\u0259 \u00e7ox k\u0259d\u0259rli g\u00f6r\u00fcn\u00fcr. Bir anl\u0131q m\u00f6hk\u0259m, n\u0259yi var d\u00f6y\u00fclm\u00fc\u015f adam\u0131n onu d\u00f6y\u0259n\u0259 tolerantl\u0131\u011f\u0131n\u0131 t\u0259s\u0259vv\u00fcr edin! Bu m\u0259nada d\u00fc\u015fm\u0259n\u0259 (torpaqlar\u0131m\u0131z i\u015f\u011faldan azad edil\u0259n\u0259 q\u0259d\u0259r o bel\u0259 adlanmal\u0131d\u0131r) ist\u0259nil\u0259n reverans v\u0259 yaxud onun lehin\u0259 h\u0259r hans\u0131 xo\u015f m\u00fcnasib\u0259t, yaxud onun xeyrin\u0259 yozula bil\u0259c\u0259k c\u0259miyy\u0259tdaxili m\u00fczakir\u0259l\u0259r yum\u015faq des\u0259k, m\u00fcsb\u0259t hesab olunub, q\u0259bul edilmir.\n<\/p>\n<p>\n  Bu, ehtimal iki s\u0259b\u0259bl\u0259 ba\u011fl\u0131d\u0131r:\n<\/p>\n<p>\n  1. Ya Az\u0259rbaycan c\u0259miyy\u0259ti m\u0259\u011flublu\u011funu psxioloji bax\u0131mdan h\u0259l\u0259 d\u0259 normal, sakit \u015f\u0259kild\u0259 q\u0259bul edib, onunla bar\u0131\u015fmay\u0131b, onunla dinc yana\u015f\u0131 ya\u015faya bilmir;<br \/>\n  <br \/>\n  2. Ya da q\u0259bul edibs\u0259 bel\u0259, bu m\u00f6vzuda ist\u0259nil\u0259n q\u0131c\u0131q yaradan m\u00fczakir\u0259l\u0259r onun yax\u0131n ke\u00e7mi\u015fini, m\u0259\u011flublu\u011funu xat\u0131rlad\u0131b, posttravmatik yadda\u015f\u0131n\u0131 t\u0259z\u0259l\u0259yir.\n<\/p>\n<p>\n  H\u0259r iki halda da vacib faktor \u0259zici fakt\u0131n, ac\u0131 m\u0259\u011flublu\u011fun \u00f6z\u00fcd\u00fcr.\n<\/p>\n<p>\n  \u018fg\u0259r, biz m\u0259\u011flub olmasayd\u0131q v\u0259 ya onlarla b\u0259rab\u0259r s\u0259viyy\u0259d\u0259 olsayd\u0131q, yaxud he\u00e7 olmasa, \u00f6z\u00fcm\u00fcz\u00fc bu c\u00fcr hiss el\u0259s\u0259ydik, bel\u0259 fikirl\u0259r v\u0259 birt\u0259r\u0259fli t\u0259fti\u015fl\u0259r \u201c\u015foka salan\u201d v\u0259 \u201ct\u0259hrikedici\u201d olmayacaqd\u0131. B\u0259rab\u0259r dey\u0259nd\u0259, tutaq ki, m\u0259s\u0259l\u0259n, bizd\u0259 onlar\u0131n Qaraba\u011f v\u0259 i\u015f\u011fal olunmu\u015f \u0259traf rayonlar boyda hans\u0131sa bir \u0259razisini tutsayd\u0131q.\n<\/p>\n<p>\n  \u018fg\u0259r biz \u00f6z\u00fcm\u00fcz\u00fc m\u0259\u011flub hiss el\u0259m\u0259s\u0259ydik, bu c\u00fcr kitablar, \u00e7\u0131x\u0131\u015flar, filml\u0259r v\u0259 yaxud da sosial \u015f\u0259b\u0259k\u0259 statuslar\u0131 he\u00e7 kimin vecin\u0259 d\u0259 olmayacaqd\u0131, he\u00e7 minumum bel\u0259 diqq\u0259t \u00e7\u0259kib, dart\u0131\u015f\u0131lmayacaqd\u0131. H\u0259l\u0259 m\u0259n he\u00e7 g\u00fcnl\u0259rl\u0259 davam ed\u0259n qalmaqall\u0131 m\u00fczakir\u0259l\u0259ri demir\u0259m.\n<\/p>\n<p>\n  Uzun ill\u0259rdir ki, vaxta\u015f\u0131r\u0131 ortaya \u00e7\u0131xan bel\u0259 ox\u015far fikirl\u0259rin h\u0259r d\u0259f\u0259 d\u0259 d\u0259yi\u015fm\u0259z v\u0259 aqressiv m\u00fczakir\u0259 edilm\u0259sinin \u0259sas s\u0259b\u0259bi d\u0259rin\u0259 i\u015fl\u0259mi\u015f, h\u0259ssas m\u0259\u011flubluq hissidir. Bu fikirl\u0259r damara bas\u0131r, m\u0259\u011flublu\u011fu assosiasiya edir, onu yada sal\u0131r, c\u0259miyy\u0259ti bir daha \u00f6z g\u00f6z\u00fcnd\u0259 al\u00e7ald\u0131r.\n<\/p>\n<p>\n  M\u0259n inanm\u0131ram ki, Erm\u0259nistanda, erm\u0259ni c\u0259miyy\u0259tind\u0259 h\u0259r hans\u0131 bir erm\u0259ninin Az\u0259rbaycana, az\u0259rbaycanl\u0131ya m\u00fcnasib\u0259td\u0259 ixtiyari x\u0131rda m\u00fcsb\u0259t fikir bildirm\u0259si v\u0259 yaxud c\u0259hb\u0259d\u0259 q\u0259hr\u0259manl\u0131q etmi\u015f, az\u0259rbaycanl\u0131lar\u0131 \u00f6ld\u00fcrm\u00fc\u015f erm\u0259ninin epataj t\u0259fti\u015fi bu q\u0259d\u0259r ciddi, d\u0259rin v\u0259 qar\u015f\u0131l\u0131ql\u0131 ittihaml\u0131 m\u00fczakir\u0259l\u0259r\u0259 s\u0259b\u0259b olard\u0131. Bu, qalibl\u0259r\u0259 xas x\u00fcsusiyy\u0259t deyil, qalibin m\u0259\u011fluba xo\u015f s\u00f6zl\u0259r s\u00f6yl\u0259m\u0259si ba\u015fa d\u00fc\u015f\u00fcl\u0259ndir, h\u0259tta oras\u0131n\u0131-buras\u0131n\u0131 b\u0259z\u0259yib, bunun ad\u0131n\u0131 m\u0259rh\u0259m\u0259t d\u0259 adland\u0131rmaq v\u0259 h\u0259l\u0259 \u00f6ym\u0259k d\u0259 olar. Qalibin, qalibin n\u00fcmay\u0259nd\u0259sinin \u00f6z q\u0259hr\u0259man\u0131n\u0131 h\u0259tta q\u0259r\u0259zli ara\u015fd\u0131rmas\u0131 bel\u0259 a\u011fr\u0131s\u0131z v\u0259 ziyans\u0131zd\u0131r. \u00c7\u00fcnki o qalibdir! Bel\u0259 m\u00fczakir\u0259l\u0259r, bel\u0259 t\u0259fti\u015fl\u0259r qalibin diqq\u0259tini \u00e7\u0259k\u0259, qay\u011f\u0131land\u0131ra bilm\u0259z, yox, \u0259g\u0259r i\u015fdir \u00e7\u0259ks\u0259 bel\u0259, ona h\u0259r hans\u0131 \u0259h\u0259miyy\u0259tli ziyan vura, onu q\u0259z\u0259bl\u0259ndir\u0259 bilm\u0259z, uza\u011f\u0131 aya\u011f\u0131n\u0131 aya\u011f\u0131n\u0131n \u00fcst\u00fcn\u0259 a\u015f\u0131r\u0131b, a\u00e7\u0131q-a\u015fkar h\u0259v\u0259ssiz v\u0259 lov\u011fa bir \u0259dayla ba\u015f ver\u0259nl\u0259ri \u00f6t\u0259ri ma\u015fahid\u0259 ed\u0259r.\n<\/p>\n<p>\n  Az\u0259rbaycan xalq\u0131 erm\u0259ni xalq\u0131 qar\u015f\u0131s\u0131nda m\u0259\u011flubdur! H\u0259m d\u0259 h\u0259r bir az\u0259rbaycanl\u0131 h\u0259r bir erm\u0259ni qar\u015f\u0131s\u0131nda m\u0259\u011flubdur. M\u0259\u011flubun qalibi t\u0259rifl\u0259m\u0259si, onun xeyrin\u0259 yozula bil\u0259c\u0259k, i\u015fl\u0259y\u0259c\u0259k dolay\u0131 v\u0259 birba\u015fa fikirl\u0259r s\u0259sl\u0259ndirm\u0259si m\u0259\u011flublu\u011fu il\u0259 bar\u0131\u015fmayan toplumun h\u0259r d\u0259f\u0259 \u201cg\u00f6zl\u0259nil\u0259nlik effekti\u201d il\u0259 qar\u015f\u0131la\u015facaq, daima t\u0259z\u0259-t\u0259r, k\u0259skin v\u0259 aqressiv reaksiya do\u011furacaq, yaralar\u0131n\u0131n \u00fcst\u00fcn\u0259 duz s\u0259pib, s\u0131zladacaq.\n<\/p>\n<p>\n  Bu, Az\u0259rbaycan xalq\u0131n\u0131n dram\u0131d\u0131r v\u0259 bu dram h\u0259r d\u0259f\u0259 yaln\u0131z bir \u015feyin z\u0259rurliyini hava-su kimi diqt\u0259 edir &#8211; m\u0259\u011flubluqdan qurtulmaq laz\u0131md\u0131r! \u018fg\u0259r al\u0131nm\u0131rsa, onda he\u00e7 olmasa bu \u0259hvaldan!&#8230;\n<\/p>\n<p>\n  <b><br \/>\n    <i><br \/>\n      Yaz\u0131 m\u00fc\u0259llifin fikirl\u0259rini \u0259ks etdirir v\u0259 Meydan TV-nin m\u00f6vqeyi il\u0259 \u00fcst-\u00fcst\u0259 d\u00fc\u015fm\u0259y\u0259 bil\u0259r.<br \/>\n    <\/i><br \/>\n  <\/b><\/p>\n","protected":false},"excerpt":{"rendered":"<p>M\u00fcbariz \u0130brahimov haqq\u0131nda yaz\u0131lm\u0131\u015f statusun yaratd\u0131\u011f\u0131 m\u00fczakir\u0259l\u0259r\u0259 dair<\/p>\n","protected":false},"author":11,"featured_media":113137,"comment_status":"closed","ping_status":"open","sticky":false,"template":"","format":"standard","meta":{"_acf_changed":false,"_sitemap_exclude":false,"_sitemap_priority":"","_sitemap_frequency":"","footnotes":""},"categories":[57],"tags":[],"class_list":["post-193098","post","type-post","status-publish","format-standard","has-post-thumbnail","hentry","category-menim-fikrimce","infinite-scroll-item","generate-columns","tablet-grid-50","mobile-grid-100","grid-parent","grid-33","no-featured-image-padding"],"acf":[],"yoast_head":"<!-- This site is optimized with the Yoast SEO plugin v27.4 - https:\/\/yoast.com\/product\/yoast-seo-wordpress\/ -->\n<title>S\u0259b\u0259bin s\u0259b\u0259bi - MEYDAN.TV<\/title>\n<meta name=\"robots\" content=\"index, follow, max-snippet:-1, max-image-preview:large, max-video-preview:-1\" \/>\n<link rel=\"canonical\" href=\"https:\/\/www.meydan.tv\/az\/article\/sebebin-sebebi\/\" \/>\n<meta property=\"og:locale\" content=\"az_AZ\" \/>\n<meta property=\"og:type\" content=\"article\" \/>\n<meta property=\"og:title\" content=\"S\u0259b\u0259bin s\u0259b\u0259bi - MEYDAN.TV\" \/>\n<meta property=\"og:description\" content=\"M\u00fcbariz \u0130brahimov haqq\u0131nda yaz\u0131lm\u0131\u015f statusun yaratd\u0131\u011f\u0131 m\u00fczakir\u0259l\u0259r\u0259 dair\" \/>\n<meta property=\"og:url\" content=\"https:\/\/www.meydan.tv\/az\/article\/sebebin-sebebi\/\" \/>\n<meta property=\"og:site_name\" content=\"MEYDAN.TV\" \/>\n<meta property=\"article:published_time\" content=\"2018-12-19T17:19:02+00:00\" \/>\n<meta property=\"og:image\" content=\"https:\/\/www.meydan.tv\/wp-content\/uploads\/45093.jpg\" \/>\n\t<meta property=\"og:image:width\" content=\"2048\" \/>\n\t<meta property=\"og:image:height\" content=\"1152\" \/>\n\t<meta property=\"og:image:type\" content=\"image\/jpeg\" \/>\n<meta name=\"author\" content=\"user-manager\" \/>\n<meta name=\"twitter:card\" content=\"summary_large_image\" \/>\n<script type=\"application\/ld+json\" class=\"yoast-schema-graph\">{\"@context\":\"https:\\\/\\\/schema.org\",\"@graph\":[{\"@type\":\"Article\",\"@id\":\"https:\\\/\\\/www.meydan.tv\\\/az\\\/article\\\/sebebin-sebebi\\\/#article\",\"isPartOf\":{\"@id\":\"https:\\\/\\\/www.meydan.tv\\\/az\\\/article\\\/sebebin-sebebi\\\/\"},\"author\":{\"name\":\"user-manager\",\"@id\":\"https:\\\/\\\/www.meydan.tv\\\/az\\\/#\\\/schema\\\/person\\\/10d11eccf6da3662cf5fdab9806ea91a\"},\"headline\":\"S\u0259b\u0259bin s\u0259b\u0259bi\",\"datePublished\":\"2018-12-19T17:19:02+00:00\",\"mainEntityOfPage\":{\"@id\":\"https:\\\/\\\/www.meydan.tv\\\/az\\\/article\\\/sebebin-sebebi\\\/\"},\"wordCount\":1047,\"publisher\":{\"@id\":\"https:\\\/\\\/www.meydan.tv\\\/az\\\/#organization\"},\"image\":{\"@id\":\"https:\\\/\\\/www.meydan.tv\\\/az\\\/article\\\/sebebin-sebebi\\\/#primaryimage\"},\"thumbnailUrl\":\"https:\\\/\\\/www.meydan.tv\\\/wp-content\\\/uploads\\\/45093.jpg\",\"articleSection\":[\"M\u0259nim Fikrimc\u0259\"],\"inLanguage\":\"az\"},{\"@type\":\"WebPage\",\"@id\":\"https:\\\/\\\/www.meydan.tv\\\/az\\\/article\\\/sebebin-sebebi\\\/\",\"url\":\"https:\\\/\\\/www.meydan.tv\\\/az\\\/article\\\/sebebin-sebebi\\\/\",\"name\":\"S\u0259b\u0259bin s\u0259b\u0259bi - MEYDAN.TV\",\"isPartOf\":{\"@id\":\"https:\\\/\\\/www.meydan.tv\\\/az\\\/#website\"},\"primaryImageOfPage\":{\"@id\":\"https:\\\/\\\/www.meydan.tv\\\/az\\\/article\\\/sebebin-sebebi\\\/#primaryimage\"},\"image\":{\"@id\":\"https:\\\/\\\/www.meydan.tv\\\/az\\\/article\\\/sebebin-sebebi\\\/#primaryimage\"},\"thumbnailUrl\":\"https:\\\/\\\/www.meydan.tv\\\/wp-content\\\/uploads\\\/45093.jpg\",\"datePublished\":\"2018-12-19T17:19:02+00:00\",\"breadcrumb\":{\"@id\":\"https:\\\/\\\/www.meydan.tv\\\/az\\\/article\\\/sebebin-sebebi\\\/#breadcrumb\"},\"inLanguage\":\"az\",\"potentialAction\":[{\"@type\":\"ReadAction\",\"target\":[\"https:\\\/\\\/www.meydan.tv\\\/az\\\/article\\\/sebebin-sebebi\\\/\"]}]},{\"@type\":\"ImageObject\",\"inLanguage\":\"az\",\"@id\":\"https:\\\/\\\/www.meydan.tv\\\/az\\\/article\\\/sebebin-sebebi\\\/#primaryimage\",\"url\":\"https:\\\/\\\/www.meydan.tv\\\/wp-content\\\/uploads\\\/45093.jpg\",\"contentUrl\":\"https:\\\/\\\/www.meydan.tv\\\/wp-content\\\/uploads\\\/45093.jpg\",\"width\":2048,\"height\":1152,\"caption\":\"Yal\u00e7\u0131n \u0130manov. Foto: Meydan TV\"},{\"@type\":\"BreadcrumbList\",\"@id\":\"https:\\\/\\\/www.meydan.tv\\\/az\\\/article\\\/sebebin-sebebi\\\/#breadcrumb\",\"itemListElement\":[{\"@type\":\"ListItem\",\"position\":1,\"name\":\"Ana s\u0259hif\u0259\",\"item\":\"https:\\\/\\\/www.meydan.tv\\\/az\\\/\"},{\"@type\":\"ListItem\",\"position\":2,\"name\":\"M\u0259nim Fikrimc\u0259\",\"item\":\"https:\\\/\\\/www.meydan.tv\\\/az\\\/section\\\/menim-fikrimce\\\/\"},{\"@type\":\"ListItem\",\"position\":3,\"name\":\"S\u0259b\u0259bin s\u0259b\u0259bi\"}]},{\"@type\":\"WebSite\",\"@id\":\"https:\\\/\\\/www.meydan.tv\\\/az\\\/#website\",\"url\":\"https:\\\/\\\/www.meydan.tv\\\/az\\\/\",\"name\":\"MEYDAN.TV\",\"description\":\"Meydan TV Az\u0259rbaycan\u0131n media m\u0259kan\u0131ndak\u0131 alternativ s\u0259sidir\",\"publisher\":{\"@id\":\"https:\\\/\\\/www.meydan.tv\\\/az\\\/#organization\"},\"potentialAction\":[{\"@type\":\"SearchAction\",\"target\":{\"@type\":\"EntryPoint\",\"urlTemplate\":\"https:\\\/\\\/www.meydan.tv\\\/az\\\/?s={search_term_string}\"},\"query-input\":{\"@type\":\"PropertyValueSpecification\",\"valueRequired\":true,\"valueName\":\"search_term_string\"}}],\"inLanguage\":\"az\"},{\"@type\":\"Organization\",\"@id\":\"https:\\\/\\\/www.meydan.tv\\\/az\\\/#organization\",\"name\":\"Meydan TV\",\"url\":\"https:\\\/\\\/www.meydan.tv\\\/az\\\/\",\"logo\":{\"@type\":\"ImageObject\",\"inLanguage\":\"az\",\"@id\":\"https:\\\/\\\/www.meydan.tv\\\/az\\\/#\\\/schema\\\/logo\\\/image\\\/\",\"url\":\"https:\\\/\\\/www.meydan.tv\\\/wp-content\\\/uploads\\\/2021\\\/07\\\/meydan-logo.svg\",\"contentUrl\":\"https:\\\/\\\/www.meydan.tv\\\/wp-content\\\/uploads\\\/2021\\\/07\\\/meydan-logo.svg\",\"width\":195,\"height\":46,\"caption\":\"Meydan TV\"},\"image\":{\"@id\":\"https:\\\/\\\/www.meydan.tv\\\/az\\\/#\\\/schema\\\/logo\\\/image\\\/\"}},{\"@type\":\"Person\",\"@id\":\"https:\\\/\\\/www.meydan.tv\\\/az\\\/#\\\/schema\\\/person\\\/10d11eccf6da3662cf5fdab9806ea91a\",\"name\":\"user-manager\"}]}<\/script>\n<!-- \/ Yoast SEO plugin. -->","yoast_head_json":{"title":"S\u0259b\u0259bin s\u0259b\u0259bi - MEYDAN.TV","robots":{"index":"index","follow":"follow","max-snippet":"max-snippet:-1","max-image-preview":"max-image-preview:large","max-video-preview":"max-video-preview:-1"},"canonical":"https:\/\/www.meydan.tv\/az\/article\/sebebin-sebebi\/","og_locale":"az_AZ","og_type":"article","og_title":"S\u0259b\u0259bin s\u0259b\u0259bi - MEYDAN.TV","og_description":"M\u00fcbariz \u0130brahimov haqq\u0131nda yaz\u0131lm\u0131\u015f statusun yaratd\u0131\u011f\u0131 m\u00fczakir\u0259l\u0259r\u0259 dair","og_url":"https:\/\/www.meydan.tv\/az\/article\/sebebin-sebebi\/","og_site_name":"MEYDAN.TV","article_published_time":"2018-12-19T17:19:02+00:00","og_image":[{"width":2048,"height":1152,"url":"https:\/\/www.meydan.tv\/wp-content\/uploads\/45093.jpg","type":"image\/jpeg"}],"author":"user-manager","twitter_card":"summary_large_image","schema":{"@context":"https:\/\/schema.org","@graph":[{"@type":"Article","@id":"https:\/\/www.meydan.tv\/az\/article\/sebebin-sebebi\/#article","isPartOf":{"@id":"https:\/\/www.meydan.tv\/az\/article\/sebebin-sebebi\/"},"author":{"name":"user-manager","@id":"https:\/\/www.meydan.tv\/az\/#\/schema\/person\/10d11eccf6da3662cf5fdab9806ea91a"},"headline":"S\u0259b\u0259bin s\u0259b\u0259bi","datePublished":"2018-12-19T17:19:02+00:00","mainEntityOfPage":{"@id":"https:\/\/www.meydan.tv\/az\/article\/sebebin-sebebi\/"},"wordCount":1047,"publisher":{"@id":"https:\/\/www.meydan.tv\/az\/#organization"},"image":{"@id":"https:\/\/www.meydan.tv\/az\/article\/sebebin-sebebi\/#primaryimage"},"thumbnailUrl":"https:\/\/www.meydan.tv\/wp-content\/uploads\/45093.jpg","articleSection":["M\u0259nim Fikrimc\u0259"],"inLanguage":"az"},{"@type":"WebPage","@id":"https:\/\/www.meydan.tv\/az\/article\/sebebin-sebebi\/","url":"https:\/\/www.meydan.tv\/az\/article\/sebebin-sebebi\/","name":"S\u0259b\u0259bin s\u0259b\u0259bi - MEYDAN.TV","isPartOf":{"@id":"https:\/\/www.meydan.tv\/az\/#website"},"primaryImageOfPage":{"@id":"https:\/\/www.meydan.tv\/az\/article\/sebebin-sebebi\/#primaryimage"},"image":{"@id":"https:\/\/www.meydan.tv\/az\/article\/sebebin-sebebi\/#primaryimage"},"thumbnailUrl":"https:\/\/www.meydan.tv\/wp-content\/uploads\/45093.jpg","datePublished":"2018-12-19T17:19:02+00:00","breadcrumb":{"@id":"https:\/\/www.meydan.tv\/az\/article\/sebebin-sebebi\/#breadcrumb"},"inLanguage":"az","potentialAction":[{"@type":"ReadAction","target":["https:\/\/www.meydan.tv\/az\/article\/sebebin-sebebi\/"]}]},{"@type":"ImageObject","inLanguage":"az","@id":"https:\/\/www.meydan.tv\/az\/article\/sebebin-sebebi\/#primaryimage","url":"https:\/\/www.meydan.tv\/wp-content\/uploads\/45093.jpg","contentUrl":"https:\/\/www.meydan.tv\/wp-content\/uploads\/45093.jpg","width":2048,"height":1152,"caption":"Yal\u00e7\u0131n \u0130manov. Foto: Meydan TV"},{"@type":"BreadcrumbList","@id":"https:\/\/www.meydan.tv\/az\/article\/sebebin-sebebi\/#breadcrumb","itemListElement":[{"@type":"ListItem","position":1,"name":"Ana s\u0259hif\u0259","item":"https:\/\/www.meydan.tv\/az\/"},{"@type":"ListItem","position":2,"name":"M\u0259nim Fikrimc\u0259","item":"https:\/\/www.meydan.tv\/az\/section\/menim-fikrimce\/"},{"@type":"ListItem","position":3,"name":"S\u0259b\u0259bin s\u0259b\u0259bi"}]},{"@type":"WebSite","@id":"https:\/\/www.meydan.tv\/az\/#website","url":"https:\/\/www.meydan.tv\/az\/","name":"MEYDAN.TV","description":"Meydan TV Az\u0259rbaycan\u0131n media m\u0259kan\u0131ndak\u0131 alternativ s\u0259sidir","publisher":{"@id":"https:\/\/www.meydan.tv\/az\/#organization"},"potentialAction":[{"@type":"SearchAction","target":{"@type":"EntryPoint","urlTemplate":"https:\/\/www.meydan.tv\/az\/?s={search_term_string}"},"query-input":{"@type":"PropertyValueSpecification","valueRequired":true,"valueName":"search_term_string"}}],"inLanguage":"az"},{"@type":"Organization","@id":"https:\/\/www.meydan.tv\/az\/#organization","name":"Meydan TV","url":"https:\/\/www.meydan.tv\/az\/","logo":{"@type":"ImageObject","inLanguage":"az","@id":"https:\/\/www.meydan.tv\/az\/#\/schema\/logo\/image\/","url":"https:\/\/www.meydan.tv\/wp-content\/uploads\/2021\/07\/meydan-logo.svg","contentUrl":"https:\/\/www.meydan.tv\/wp-content\/uploads\/2021\/07\/meydan-logo.svg","width":195,"height":46,"caption":"Meydan TV"},"image":{"@id":"https:\/\/www.meydan.tv\/az\/#\/schema\/logo\/image\/"}},{"@type":"Person","@id":"https:\/\/www.meydan.tv\/az\/#\/schema\/person\/10d11eccf6da3662cf5fdab9806ea91a","name":"user-manager"}]}},"_links":{"self":[{"href":"https:\/\/www.meydan.tv\/az\/wp-json\/wp\/v2\/posts\/193098","targetHints":{"allow":["GET"]}}],"collection":[{"href":"https:\/\/www.meydan.tv\/az\/wp-json\/wp\/v2\/posts"}],"about":[{"href":"https:\/\/www.meydan.tv\/az\/wp-json\/wp\/v2\/types\/post"}],"author":[{"embeddable":true,"href":"https:\/\/www.meydan.tv\/az\/wp-json\/wp\/v2\/users\/11"}],"replies":[{"embeddable":true,"href":"https:\/\/www.meydan.tv\/az\/wp-json\/wp\/v2\/comments?post=193098"}],"version-history":[{"count":0,"href":"https:\/\/www.meydan.tv\/az\/wp-json\/wp\/v2\/posts\/193098\/revisions"}],"wp:featuredmedia":[{"embeddable":true,"href":"https:\/\/www.meydan.tv\/az\/wp-json\/wp\/v2\/media\/113137"}],"wp:attachment":[{"href":"https:\/\/www.meydan.tv\/az\/wp-json\/wp\/v2\/media?parent=193098"}],"wp:term":[{"taxonomy":"category","embeddable":true,"href":"https:\/\/www.meydan.tv\/az\/wp-json\/wp\/v2\/categories?post=193098"},{"taxonomy":"post_tag","embeddable":true,"href":"https:\/\/www.meydan.tv\/az\/wp-json\/wp\/v2\/tags?post=193098"}],"curies":[{"name":"wp","href":"https:\/\/api.w.org\/{rel}","templated":true}]}}