{"id":193093,"date":"2018-12-19T15:28:30","date_gmt":"2018-12-19T15:28:30","guid":{"rendered":"https:\/\/www.meydan.tv\/article\/isle-temin-etmeseler-ozumu-yandiracam\/"},"modified":"2018-12-19T15:28:30","modified_gmt":"2018-12-19T15:28:30","slug":"isle-temin-etmeseler-ozumu-yandiracam","status":"publish","type":"post","link":"https:\/\/www.meydan.tv\/az\/article\/isle-temin-etmeseler-ozumu-yandiracam\/","title":{"rendered":"&#8221;\u0130\u015fl\u0259 t\u0259min etm\u0259s\u0259l\u0259r, \u00f6z\u00fcm\u00fc yand\u0131racam&#8221;"},"content":{"rendered":"<figure class=\"wp-block-image size-large\">\n  <img decoding=\"async\" src=\"https:\/\/www.meydan.tv\/az\/vusal-sadayev\/\" alt=\"V\u00fcsal Sadayev\" class=\"wp-image-114438\"\/><figcaption>\n    V\u00fcsal Sadayev<br \/>\n  <\/figcaption><\/figure>\n<p>\n  <i><br \/>\n    A\u011fsu sakini: &#8221;\u0130cra ba\u015f\u00e7\u0131s\u0131 dedi ki, get, \u0259lind\u0259n n\u0259 g\u0259lirs\u0259, et&#8221;<br \/>\n  <\/i>\n<\/p>\n<p>\n  &#8220;\u018fg\u0259r m\u0259ni i\u015fl\u0259 t\u0259min etm\u0259s\u0259l\u0259r, benzin t\u00f6k\u00fcb, \u00f6z\u00fcm\u00fc yand\u0131racam. Onsuz da can\u0131mdan bezmi\u015f\u0259m. Balalar\u0131m\u0131n \u00fcz\u00fcn\u0259 baxa bilmir\u0259m. Evin alt\u0131nda q\u0131r\u0131l\u0131b-bat\u0131r\u0131q, bunlar\u0131n he\u00e7 vecin\u0259 deyil. N\u0259 s\u0259simizi e\u015fid\u0259n var, n\u0259 d\u0259 ki, d\u0259rdimiz\u0259 yanan. D\u0259f\u0259l\u0259rl\u0259 i\u015f \u00fc\u00e7\u00fcn A\u011fsu Rayon \u0130cra Hakimiyy\u0259tin\u0259 getmi\u015f\u0259m, i\u015f ist\u0259mi\u015f\u0259m, lakin m\u0259h\u0259l qoyan yoxdur&#8221;.\n<\/p>\n<p>\n  Bunu Meydan TV-y\u0259 A\u011fsu sakini V\u00fcsal Sadayev deyir. S\u00f6yl\u0259yir ki, A\u011fsu Rayon \u0130cra Hakimiyy\u0259tinin qap\u0131s\u0131n\u0131 ya\u011f\u0131r edib, lakin i\u015fl\u0259 t\u0259min olunmay\u0131b:\n<\/p>\n<p>\n  &#8220;Orada oturanlar m\u0259n\u0259 h\u0259r d\u0259f\u0259 &#8220;q\u0259bul g\u00fcn\u00fc deyil, get, ba\u015fqa vaxt g\u0259l\u0259rs\u0259n&#8221;, &#8211; dem\u0259kd\u0259n yorulmay\u0131blar. Bir d\u0259f\u0259 icra ba\u015f\u00e7\u0131s\u0131 \u018fnv\u0259r Seyid\u0259liyevin \u00f6z\u00fc il\u0259 g\u00f6r\u00fc\u015fd\u00fcm. Dedi ki, get, sabah g\u0259l\u0259rs\u0259n. H\u0259r d\u0259f\u0259 m\u00fcxt\u0259lif b\u0259han\u0259l\u0259r g\u0259tirib, m\u0259ni q\u0259bul etm\u0259di. Ax\u0131rda da s\u00f6z\u00fc bu oldu ki, m\u0259n s\u0259n\u0259 n\u0259 etm\u0259liy\u0259m, get, i\u015f tap, i\u015fl\u0259 d\u0259. \u0130\u015f o yer\u0259 \u00e7atd\u0131 ki, icra ba\u015f\u00e7\u0131s\u0131na dedim ki, benzin t\u00f6k\u00fcb, \u00f6z\u00fcm\u00fc yand\u0131racam. Birc\u0259 onda bir az \u0259l-aya\u011fa d\u00fc\u015fd\u00fc, dedi ki, h\u0259, yax\u015f\u0131, s\u0259nin i\u015fini d\u00fcz\u00fcb-qo\u015faca\u011f\u0131q. Sonra t\u0259krar getdim ki, b\u0259s n\u0259 oldu? \u0130cra ba\u015f\u00e7\u0131s\u0131 dedi ki, get, \u0259lind\u0259n n\u0259 g\u0259lirs\u0259, et. N\u00f6vb\u0259ti d\u0259f\u0259 d\u0259 Qaraba\u011f \u0259lili olan qarda\u015f\u0131mla getdim. Qarda\u015f\u0131m \u018fnv\u0259r m\u00fc\u0259llim\u0259 dedi ki, V\u00fcsal i\u015fsizdir, yem\u0259y\u0259 he\u00e7 yavan \u00e7\u00f6r\u0259k d\u0259 tapm\u0131r. \u0130cra ba\u015f\u00e7\u0131s\u0131 da yen\u0259 cavab\u0131nda eyni s\u00f6zl\u0259ri dedi: \u201cGet, sabah g\u0259l\u0259rs\u0259n\u201d. N\u00f6vb\u0259ti g\u00fcn getdim, n\u0259 q\u0259d\u0259r g\u00f6zl\u0259dim, m\u0259ni q\u0259bul etm\u0259di. Vallah, dolana bilmir\u0259m, 3 \u00f6vlad\u0131m var, h\u0259yat yolda\u015f\u0131m da i\u015fl\u0259mir. \u018flac\u0131m ona qal\u0131b ki, gedib, icran\u0131n qaba\u011f\u0131nda benzin t\u00f6k\u00fcb, \u00f6z\u00fcm\u00fc yand\u0131r\u0131m, b\u0259lk\u0259 o zaman bunlar yerl\u0259rind\u0259n t\u0259rp\u0259n\u0259l\u0259r&#8221;.\n<\/p>\n<p>\n  \u015eikay\u0259t\u00e7i deyir ki, i\u015f \u00fc\u00e7\u00fcn d\u0259f\u0259l\u0259rl\u0259 A\u011fsu Rayon M\u0259\u015f\u011fulluq Xidm\u0259tin\u0259 d\u0259 ba\u015f vurub. Lakin he\u00e7 bir n\u0259tic\u0259si olmad\u0131\u011f\u0131 \u00fc\u00e7\u00fcn art\u0131q \u00fcmidini h\u0259r yerd\u0259n \u00fcz\u00fcb:\n<\/p>\n<p>\n  &#8220;\u0130ki il \u0259vv\u0259l burada camaat aya\u011fa qalxd\u0131, y\u00fcr\u00fc\u015f oldu. N\u0259tic\u0259si n\u0259 oldu? He\u00e7 n\u0259. M\u0259vacibin azl\u0131\u011f\u0131na, qiym\u0259t art\u0131m\u0131na v\u0259 i\u015fsizliy\u0259 etiraz ed\u0259nl\u0259r qald\u0131 k\u0259narda, i\u015fl\u0259r pullular\u0131n balalar\u0131na payland\u0131. M\u0259\u015f\u011fulluqda 250 manat m\u0259vacibi olan i\u015fl\u0259ri imkan\u0131 olan ail\u0259l\u0259rin u\u015faqlar\u0131na t\u0259klif edirl\u0259r. \u00c7\u00fcnki \u0259v\u0259zind\u0259 r\u00fc\u015fv\u0259t al\u0131rlar. M\u0259nd\u0259n n\u0259 alacaqlar? Pulum var? He\u00e7 n\u0259, yalandan v\u0259d verib, s\u00fcr\u00fcnd\u00fcr\u00fcrl\u0259r. O adamlara i\u015f veribl\u0259r ki, ham\u0131s\u0131n\u0131n alt\u0131nda ma\u015f\u0131n\u0131, evi, h\u0259r bir \u015f\u0259raiti var. Kas\u0131b\u0131n hal\u0131na yanan yoxdur&#8221;.\n<\/p>\n<figure class=\"wp-block-image size-large\">\n  <img decoding=\"async\" src=\"https:\/\/www.meydan.tv\/az\/114444\/\" alt=\"\" class=\"wp-image-114444\"\/><figcaption><\/figcaption><\/figure>\n<p>\n  A\u011fsu Rayon \u0130cra Hakimiyy\u0259tinin ictimai -siyasi v\u0259 h\u00fcmanitar m\u0259s\u0259l\u0259l\u0259r \u015f\u00f6b\u0259sind\u0259n Meydan TV-y\u0259 bildirildi ki, V\u00fcsal Sadayev ad-soyadl\u0131 \u015f\u0259xsin m\u0259ktubu onlara daxil olmay\u0131b. \u018flav\u0259 etdil\u0259r ki, b\u0259z\u0259n v\u0259t\u0259nda\u015flar \u00f6zl\u0259ri m\u0259suliyy\u0259tsizlik edir:\n<\/p>\n<p>\n  &#8220;\u0130lk n\u00f6vb\u0259d\u0259 qeydiyyatdan ke\u00e7m\u0259k laz\u0131md\u0131r. Uy\u011fun i\u015f olanda h\u0259min \u015f\u0259xsl\u0259r\u0259 t\u0259klif edirik. V\u0259t\u0259nda\u015flar\u0131n \u00e7oxu icra ba\u015f\u00e7\u0131s\u0131n\u0131n q\u0259buluna qeyri-q\u0259bul g\u00fcn\u00fc g\u0259lirl\u0259r. Biz d\u0259 o adamlara deyirik ki, q\u0259bul g\u00fcn\u00fc g\u0259l. H\u0259min d\u0259qiq\u0259 gedib, h\u0259r yer\u0259 yaz\u0131b, \u015fikay\u0259t edirl\u0259r ki, m\u0259n getdim filan i\u015fd\u0259n \u00f6tr\u00fc, q\u0259bul etm\u0259dil\u0259r. Yaxud da i\u015f \u00fc\u00e7\u00fcn g\u0259lib, t\u0259klif olunan i\u015fi ist\u0259m\u0259yib. \u018fsas\u0259n, t\u0259klif olunan i\u015fl\u0259r f\u0259hl\u0259likdir. Diplomu, t\u0259hsili olanlar\u0131 da t\u0259yinat\u0131na uy\u011fun i\u015fl\u0259 t\u0259min edirik. Olmayanlara da f\u0259hl\u0259 i\u015fi t\u0259klif edirik, ist\u0259mirl\u0259r. Deyirl\u0259r ki, oturaq evimizd\u0259, \u0259limizi a\u011fdan-qaraya vurmayaq, pulumuz cibimiz\u0259 g\u0259lsin. G\u0259lir ki, b\u0259s, ba\u015f\u00e7\u0131 il\u0259 g\u00f6r\u00fc\u015fm\u0259k ist\u0259yir\u0259m. Cavab\u0131nda bildiririk ki, q\u0259bul g\u00fcn\u00fc yax\u0131nla\u015f\u0131n. Yaxud da ya \u015f\u00f6b\u0259 m\u00fcdiri, ya da m\u0259sul \u015f\u0259xs v\u0259t\u0259nda\u015flar\u0131 q\u0259bul edir, onlara yax\u0131nla\u015fa bil\u0259rsiniz. Get, d\u0259rdini ona de, o, s\u0259ni ba\u015fa salacaq. G\u00f6t\u00fcr\u00fcb, &#8220;102&#8221;-y\u0259 z\u0259ng vururlar, yaxud hans\u0131sa redaksiyan\u0131 y\u0131\u011f\u0131rlar ki, m\u0259n ba\u015f\u00e7\u0131n\u0131n q\u0259buluna getdim, m\u0259ni q\u0259bul etm\u0259dil\u0259r, t\u0259hqir etdil\u0259r, d\u00f6y\u00fcb, qovdular. Yalandan dan\u0131\u015f\u0131rlar. Bizd\u0259 ad\u0259t\u0259n, hans\u0131sa bir tikintid\u0259, abadl\u0131q i\u015find\u0259 f\u0259hl\u0259 q\u00fcvv\u0259si t\u0259l\u0259b olunur, m\u00fcv\u0259qq\u0259ti i\u015fl\u0259r t\u0259klif edilir. B\u0259z\u0259n daimi i\u015fl\u0259r d\u0259 olur, amma nadir hallarda. \u0130\u015f ist\u0259y\u0259nl\u0259r qeydiyyatdan ke\u00e7m\u0259lidir. El\u0259 adam var, g\u0259lir, i\u015f ist\u0259yir, qeydiyyatdan ke\u00e7m\u0259yib. Deyirik ki, h\u0259l\u0259 i\u015f yoxdur, \u00fcz\u00fcn\u00fc \u00e7evirib, \u00e7\u0131x\u0131b gedir. El\u0259 v\u0259t\u0259nda\u015flara biz n\u0259 ed\u0259 bil\u0259rik? Biz o adamlar\u0131n arxas\u0131nca d\u00fc\u015f\u00fcb, axtaran deyilik. Bir il \u0259vv\u0259l i\u015f ist\u0259yib, sonra g\u0259lib, maraqlanmay\u0131b. Bu n\u0259 d\u0259r\u0259c\u0259d\u0259 do\u011frudur? \u0130ld\u0259 bir d\u0259f\u0259 i\u015f \u00fc\u00e7\u00fcn g\u0259lir. Deyirik ki, indi i\u015f yoxdur, olanda ver\u0259rik, \u00e7\u0131x\u0131b gedir. Sonra da deyir ki, m\u0259n\u0259 i\u015f verm\u0259dil\u0259r&#8221;.\n<\/p>\n<p>\n  A\u011fsu Rayon M\u0259\u015f\u011fulluq Xidm\u0259tind\u0259n bildirilib ki, V\u00fcsal Sadayev t\u0259krar biz\u0259 m\u00fcraci\u0259t etsin, onun i\u015fl\u0259 ba\u011fl\u0131 \u015fikay\u0259tin\u0259 bax\u0131lacaq:\n<\/p>\n<p>\n  &#8220;O, iki il \u0259vv\u0259l i\u015fl\u0259 ba\u011fl\u0131 m\u00fcraci\u0259t edib. Bu m\u00fcdd\u0259t \u0259rzind\u0259 ona uy\u011fun i\u015f olmay\u0131b. Yax\u0131nla\u015f\u0131b, s\u0259n\u0259dl\u0259rini yenil\u0259sin&#8221;.\n<\/p>\n<p>\n  V\u00fcsal Sadayev is\u0259 h\u0259r iki qurumun m\u00f6vqeyi il\u0259 raz\u0131 deyil:\n<\/p>\n<p>\n  &#8220;Yalan dan\u0131\u015f\u0131rlar. D\u0259f\u0259l\u0259rl\u0259 i\u015f \u00fc\u00e7\u00fcn getmi\u015f\u0259m. M\u0259ni g\u00f6rm\u0259zlikd\u0259n g\u0259lirl\u0259r. \u0130crada i\u015f verm\u0259k ist\u0259mirl\u0259r. M\u0259\u015f\u011fulluq Xidm\u0259tin\u0259 d\u00fcn\u0259n &#8211; dekabr\u0131n 18-d\u0259 yax\u0131nla\u015fd\u0131m. \u0130\u015f \u00fc\u00e7\u00fcn s\u0259n\u0259dl\u0259rimi d\u0259 t\u0259krar yenil\u0259dim. G\u00f6r\u00fcm, bundan sonra b\u0259han\u0259l\u0259ri n\u0259 olacaq&#8221;.\n<\/p><\/p>\n","protected":false},"excerpt":{"rendered":"<p>A\u011fsu sakini: &#8221;\u0130cra ba\u015f\u00e7\u0131s\u0131 dedi ki, get, \u0259lind\u0259n n\u0259 g\u0259lirs\u0259, et&#8221;<\/p>\n","protected":false},"author":11,"featured_media":114438,"comment_status":"closed","ping_status":"open","sticky":false,"template":"","format":"standard","meta":{"_acf_changed":false,"_sitemap_exclude":false,"_sitemap_priority":"","_sitemap_frequency":"","footnotes":""},"categories":[60],"tags":[],"class_list":["post-193093","post","type-post","status-publish","format-standard","has-post-thumbnail","hentry","category-bolge","infinite-scroll-item","generate-columns","tablet-grid-50","mobile-grid-100","grid-parent","grid-33","no-featured-image-padding"],"acf":[],"yoast_head":"<!-- This site is optimized with the Yoast SEO plugin v27.4 - https:\/\/yoast.com\/product\/yoast-seo-wordpress\/ -->\n<title>&#039;&#039;\u0130\u015fl\u0259 t\u0259min etm\u0259s\u0259l\u0259r, \u00f6z\u00fcm\u00fc yand\u0131racam&#039;&#039; - MEYDAN.TV<\/title>\n<meta name=\"robots\" content=\"index, follow, max-snippet:-1, max-image-preview:large, max-video-preview:-1\" \/>\n<link rel=\"canonical\" href=\"https:\/\/www.meydan.tv\/az\/article\/isle-temin-etmeseler-ozumu-yandiracam\/\" \/>\n<meta property=\"og:locale\" content=\"az_AZ\" \/>\n<meta property=\"og:type\" content=\"article\" \/>\n<meta property=\"og:title\" content=\"&#039;&#039;\u0130\u015fl\u0259 t\u0259min etm\u0259s\u0259l\u0259r, \u00f6z\u00fcm\u00fc yand\u0131racam&#039;&#039; - MEYDAN.TV\" \/>\n<meta property=\"og:description\" content=\"A\u011fsu sakini: &#039;&#039;\u0130cra ba\u015f\u00e7\u0131s\u0131 dedi ki, get, \u0259lind\u0259n n\u0259 g\u0259lirs\u0259, et&#039;&#039;\" \/>\n<meta property=\"og:url\" content=\"https:\/\/www.meydan.tv\/az\/article\/isle-temin-etmeseler-ozumu-yandiracam\/\" \/>\n<meta property=\"og:site_name\" content=\"MEYDAN.TV\" \/>\n<meta property=\"article:published_time\" content=\"2018-12-19T15:28:30+00:00\" \/>\n<meta property=\"og:image\" content=\"https:\/\/www.meydan.tv\/wp-content\/uploads\/45592.jpg\" \/>\n\t<meta property=\"og:image:width\" content=\"960\" \/>\n\t<meta property=\"og:image:height\" content=\"720\" \/>\n\t<meta property=\"og:image:type\" content=\"image\/jpeg\" \/>\n<meta name=\"author\" content=\"user-manager\" \/>\n<meta name=\"twitter:card\" content=\"summary_large_image\" \/>\n<script type=\"application\/ld+json\" class=\"yoast-schema-graph\">{\"@context\":\"https:\\\/\\\/schema.org\",\"@graph\":[{\"@type\":\"Article\",\"@id\":\"https:\\\/\\\/www.meydan.tv\\\/az\\\/article\\\/isle-temin-etmeseler-ozumu-yandiracam\\\/#article\",\"isPartOf\":{\"@id\":\"https:\\\/\\\/www.meydan.tv\\\/az\\\/article\\\/isle-temin-etmeseler-ozumu-yandiracam\\\/\"},\"author\":{\"name\":\"user-manager\",\"@id\":\"https:\\\/\\\/www.meydan.tv\\\/az\\\/#\\\/schema\\\/person\\\/10d11eccf6da3662cf5fdab9806ea91a\"},\"headline\":\"&#8221;\u0130\u015fl\u0259 t\u0259min etm\u0259s\u0259l\u0259r, \u00f6z\u00fcm\u00fc yand\u0131racam&#8221;\",\"datePublished\":\"2018-12-19T15:28:30+00:00\",\"mainEntityOfPage\":{\"@id\":\"https:\\\/\\\/www.meydan.tv\\\/az\\\/article\\\/isle-temin-etmeseler-ozumu-yandiracam\\\/\"},\"wordCount\":1157,\"publisher\":{\"@id\":\"https:\\\/\\\/www.meydan.tv\\\/az\\\/#organization\"},\"image\":{\"@id\":\"https:\\\/\\\/www.meydan.tv\\\/az\\\/article\\\/isle-temin-etmeseler-ozumu-yandiracam\\\/#primaryimage\"},\"thumbnailUrl\":\"https:\\\/\\\/www.meydan.tv\\\/wp-content\\\/uploads\\\/45592.jpg\",\"articleSection\":[\"B\u00f6lg\u0259\"],\"inLanguage\":\"az\"},{\"@type\":\"WebPage\",\"@id\":\"https:\\\/\\\/www.meydan.tv\\\/az\\\/article\\\/isle-temin-etmeseler-ozumu-yandiracam\\\/\",\"url\":\"https:\\\/\\\/www.meydan.tv\\\/az\\\/article\\\/isle-temin-etmeseler-ozumu-yandiracam\\\/\",\"name\":\"''\u0130\u015fl\u0259 t\u0259min etm\u0259s\u0259l\u0259r, \u00f6z\u00fcm\u00fc yand\u0131racam'' - MEYDAN.TV\",\"isPartOf\":{\"@id\":\"https:\\\/\\\/www.meydan.tv\\\/az\\\/#website\"},\"primaryImageOfPage\":{\"@id\":\"https:\\\/\\\/www.meydan.tv\\\/az\\\/article\\\/isle-temin-etmeseler-ozumu-yandiracam\\\/#primaryimage\"},\"image\":{\"@id\":\"https:\\\/\\\/www.meydan.tv\\\/az\\\/article\\\/isle-temin-etmeseler-ozumu-yandiracam\\\/#primaryimage\"},\"thumbnailUrl\":\"https:\\\/\\\/www.meydan.tv\\\/wp-content\\\/uploads\\\/45592.jpg\",\"datePublished\":\"2018-12-19T15:28:30+00:00\",\"breadcrumb\":{\"@id\":\"https:\\\/\\\/www.meydan.tv\\\/az\\\/article\\\/isle-temin-etmeseler-ozumu-yandiracam\\\/#breadcrumb\"},\"inLanguage\":\"az\",\"potentialAction\":[{\"@type\":\"ReadAction\",\"target\":[\"https:\\\/\\\/www.meydan.tv\\\/az\\\/article\\\/isle-temin-etmeseler-ozumu-yandiracam\\\/\"]}]},{\"@type\":\"ImageObject\",\"inLanguage\":\"az\",\"@id\":\"https:\\\/\\\/www.meydan.tv\\\/az\\\/article\\\/isle-temin-etmeseler-ozumu-yandiracam\\\/#primaryimage\",\"url\":\"https:\\\/\\\/www.meydan.tv\\\/wp-content\\\/uploads\\\/45592.jpg\",\"contentUrl\":\"https:\\\/\\\/www.meydan.tv\\\/wp-content\\\/uploads\\\/45592.jpg\",\"width\":960,\"height\":720,\"caption\":\"Source:\"},{\"@type\":\"BreadcrumbList\",\"@id\":\"https:\\\/\\\/www.meydan.tv\\\/az\\\/article\\\/isle-temin-etmeseler-ozumu-yandiracam\\\/#breadcrumb\",\"itemListElement\":[{\"@type\":\"ListItem\",\"position\":1,\"name\":\"Ana s\u0259hif\u0259\",\"item\":\"https:\\\/\\\/www.meydan.tv\\\/az\\\/\"},{\"@type\":\"ListItem\",\"position\":2,\"name\":\"B\u00f6lg\u0259\",\"item\":\"https:\\\/\\\/www.meydan.tv\\\/az\\\/section\\\/bolge\\\/\"},{\"@type\":\"ListItem\",\"position\":3,\"name\":\"&#8221;\u0130\u015fl\u0259 t\u0259min etm\u0259s\u0259l\u0259r, \u00f6z\u00fcm\u00fc yand\u0131racam&#8221;\"}]},{\"@type\":\"WebSite\",\"@id\":\"https:\\\/\\\/www.meydan.tv\\\/az\\\/#website\",\"url\":\"https:\\\/\\\/www.meydan.tv\\\/az\\\/\",\"name\":\"MEYDAN.TV\",\"description\":\"Meydan TV Az\u0259rbaycan\u0131n media m\u0259kan\u0131ndak\u0131 alternativ s\u0259sidir\",\"publisher\":{\"@id\":\"https:\\\/\\\/www.meydan.tv\\\/az\\\/#organization\"},\"potentialAction\":[{\"@type\":\"SearchAction\",\"target\":{\"@type\":\"EntryPoint\",\"urlTemplate\":\"https:\\\/\\\/www.meydan.tv\\\/az\\\/?s={search_term_string}\"},\"query-input\":{\"@type\":\"PropertyValueSpecification\",\"valueRequired\":true,\"valueName\":\"search_term_string\"}}],\"inLanguage\":\"az\"},{\"@type\":\"Organization\",\"@id\":\"https:\\\/\\\/www.meydan.tv\\\/az\\\/#organization\",\"name\":\"Meydan TV\",\"url\":\"https:\\\/\\\/www.meydan.tv\\\/az\\\/\",\"logo\":{\"@type\":\"ImageObject\",\"inLanguage\":\"az\",\"@id\":\"https:\\\/\\\/www.meydan.tv\\\/az\\\/#\\\/schema\\\/logo\\\/image\\\/\",\"url\":\"https:\\\/\\\/www.meydan.tv\\\/wp-content\\\/uploads\\\/2021\\\/07\\\/meydan-logo.svg\",\"contentUrl\":\"https:\\\/\\\/www.meydan.tv\\\/wp-content\\\/uploads\\\/2021\\\/07\\\/meydan-logo.svg\",\"width\":195,\"height\":46,\"caption\":\"Meydan TV\"},\"image\":{\"@id\":\"https:\\\/\\\/www.meydan.tv\\\/az\\\/#\\\/schema\\\/logo\\\/image\\\/\"}},{\"@type\":\"Person\",\"@id\":\"https:\\\/\\\/www.meydan.tv\\\/az\\\/#\\\/schema\\\/person\\\/10d11eccf6da3662cf5fdab9806ea91a\",\"name\":\"user-manager\"}]}<\/script>\n<!-- \/ Yoast SEO plugin. -->","yoast_head_json":{"title":"''\u0130\u015fl\u0259 t\u0259min etm\u0259s\u0259l\u0259r, \u00f6z\u00fcm\u00fc yand\u0131racam'' - MEYDAN.TV","robots":{"index":"index","follow":"follow","max-snippet":"max-snippet:-1","max-image-preview":"max-image-preview:large","max-video-preview":"max-video-preview:-1"},"canonical":"https:\/\/www.meydan.tv\/az\/article\/isle-temin-etmeseler-ozumu-yandiracam\/","og_locale":"az_AZ","og_type":"article","og_title":"''\u0130\u015fl\u0259 t\u0259min etm\u0259s\u0259l\u0259r, \u00f6z\u00fcm\u00fc yand\u0131racam'' - MEYDAN.TV","og_description":"A\u011fsu sakini: ''\u0130cra ba\u015f\u00e7\u0131s\u0131 dedi ki, get, \u0259lind\u0259n n\u0259 g\u0259lirs\u0259, et''","og_url":"https:\/\/www.meydan.tv\/az\/article\/isle-temin-etmeseler-ozumu-yandiracam\/","og_site_name":"MEYDAN.TV","article_published_time":"2018-12-19T15:28:30+00:00","og_image":[{"width":960,"height":720,"url":"https:\/\/www.meydan.tv\/wp-content\/uploads\/45592.jpg","type":"image\/jpeg"}],"author":"user-manager","twitter_card":"summary_large_image","schema":{"@context":"https:\/\/schema.org","@graph":[{"@type":"Article","@id":"https:\/\/www.meydan.tv\/az\/article\/isle-temin-etmeseler-ozumu-yandiracam\/#article","isPartOf":{"@id":"https:\/\/www.meydan.tv\/az\/article\/isle-temin-etmeseler-ozumu-yandiracam\/"},"author":{"name":"user-manager","@id":"https:\/\/www.meydan.tv\/az\/#\/schema\/person\/10d11eccf6da3662cf5fdab9806ea91a"},"headline":"&#8221;\u0130\u015fl\u0259 t\u0259min etm\u0259s\u0259l\u0259r, \u00f6z\u00fcm\u00fc yand\u0131racam&#8221;","datePublished":"2018-12-19T15:28:30+00:00","mainEntityOfPage":{"@id":"https:\/\/www.meydan.tv\/az\/article\/isle-temin-etmeseler-ozumu-yandiracam\/"},"wordCount":1157,"publisher":{"@id":"https:\/\/www.meydan.tv\/az\/#organization"},"image":{"@id":"https:\/\/www.meydan.tv\/az\/article\/isle-temin-etmeseler-ozumu-yandiracam\/#primaryimage"},"thumbnailUrl":"https:\/\/www.meydan.tv\/wp-content\/uploads\/45592.jpg","articleSection":["B\u00f6lg\u0259"],"inLanguage":"az"},{"@type":"WebPage","@id":"https:\/\/www.meydan.tv\/az\/article\/isle-temin-etmeseler-ozumu-yandiracam\/","url":"https:\/\/www.meydan.tv\/az\/article\/isle-temin-etmeseler-ozumu-yandiracam\/","name":"''\u0130\u015fl\u0259 t\u0259min etm\u0259s\u0259l\u0259r, \u00f6z\u00fcm\u00fc yand\u0131racam'' - MEYDAN.TV","isPartOf":{"@id":"https:\/\/www.meydan.tv\/az\/#website"},"primaryImageOfPage":{"@id":"https:\/\/www.meydan.tv\/az\/article\/isle-temin-etmeseler-ozumu-yandiracam\/#primaryimage"},"image":{"@id":"https:\/\/www.meydan.tv\/az\/article\/isle-temin-etmeseler-ozumu-yandiracam\/#primaryimage"},"thumbnailUrl":"https:\/\/www.meydan.tv\/wp-content\/uploads\/45592.jpg","datePublished":"2018-12-19T15:28:30+00:00","breadcrumb":{"@id":"https:\/\/www.meydan.tv\/az\/article\/isle-temin-etmeseler-ozumu-yandiracam\/#breadcrumb"},"inLanguage":"az","potentialAction":[{"@type":"ReadAction","target":["https:\/\/www.meydan.tv\/az\/article\/isle-temin-etmeseler-ozumu-yandiracam\/"]}]},{"@type":"ImageObject","inLanguage":"az","@id":"https:\/\/www.meydan.tv\/az\/article\/isle-temin-etmeseler-ozumu-yandiracam\/#primaryimage","url":"https:\/\/www.meydan.tv\/wp-content\/uploads\/45592.jpg","contentUrl":"https:\/\/www.meydan.tv\/wp-content\/uploads\/45592.jpg","width":960,"height":720,"caption":"Source:"},{"@type":"BreadcrumbList","@id":"https:\/\/www.meydan.tv\/az\/article\/isle-temin-etmeseler-ozumu-yandiracam\/#breadcrumb","itemListElement":[{"@type":"ListItem","position":1,"name":"Ana s\u0259hif\u0259","item":"https:\/\/www.meydan.tv\/az\/"},{"@type":"ListItem","position":2,"name":"B\u00f6lg\u0259","item":"https:\/\/www.meydan.tv\/az\/section\/bolge\/"},{"@type":"ListItem","position":3,"name":"&#8221;\u0130\u015fl\u0259 t\u0259min etm\u0259s\u0259l\u0259r, \u00f6z\u00fcm\u00fc yand\u0131racam&#8221;"}]},{"@type":"WebSite","@id":"https:\/\/www.meydan.tv\/az\/#website","url":"https:\/\/www.meydan.tv\/az\/","name":"MEYDAN.TV","description":"Meydan TV Az\u0259rbaycan\u0131n media m\u0259kan\u0131ndak\u0131 alternativ s\u0259sidir","publisher":{"@id":"https:\/\/www.meydan.tv\/az\/#organization"},"potentialAction":[{"@type":"SearchAction","target":{"@type":"EntryPoint","urlTemplate":"https:\/\/www.meydan.tv\/az\/?s={search_term_string}"},"query-input":{"@type":"PropertyValueSpecification","valueRequired":true,"valueName":"search_term_string"}}],"inLanguage":"az"},{"@type":"Organization","@id":"https:\/\/www.meydan.tv\/az\/#organization","name":"Meydan TV","url":"https:\/\/www.meydan.tv\/az\/","logo":{"@type":"ImageObject","inLanguage":"az","@id":"https:\/\/www.meydan.tv\/az\/#\/schema\/logo\/image\/","url":"https:\/\/www.meydan.tv\/wp-content\/uploads\/2021\/07\/meydan-logo.svg","contentUrl":"https:\/\/www.meydan.tv\/wp-content\/uploads\/2021\/07\/meydan-logo.svg","width":195,"height":46,"caption":"Meydan TV"},"image":{"@id":"https:\/\/www.meydan.tv\/az\/#\/schema\/logo\/image\/"}},{"@type":"Person","@id":"https:\/\/www.meydan.tv\/az\/#\/schema\/person\/10d11eccf6da3662cf5fdab9806ea91a","name":"user-manager"}]}},"_links":{"self":[{"href":"https:\/\/www.meydan.tv\/az\/wp-json\/wp\/v2\/posts\/193093","targetHints":{"allow":["GET"]}}],"collection":[{"href":"https:\/\/www.meydan.tv\/az\/wp-json\/wp\/v2\/posts"}],"about":[{"href":"https:\/\/www.meydan.tv\/az\/wp-json\/wp\/v2\/types\/post"}],"author":[{"embeddable":true,"href":"https:\/\/www.meydan.tv\/az\/wp-json\/wp\/v2\/users\/11"}],"replies":[{"embeddable":true,"href":"https:\/\/www.meydan.tv\/az\/wp-json\/wp\/v2\/comments?post=193093"}],"version-history":[{"count":0,"href":"https:\/\/www.meydan.tv\/az\/wp-json\/wp\/v2\/posts\/193093\/revisions"}],"wp:featuredmedia":[{"embeddable":true,"href":"https:\/\/www.meydan.tv\/az\/wp-json\/wp\/v2\/media\/114438"}],"wp:attachment":[{"href":"https:\/\/www.meydan.tv\/az\/wp-json\/wp\/v2\/media?parent=193093"}],"wp:term":[{"taxonomy":"category","embeddable":true,"href":"https:\/\/www.meydan.tv\/az\/wp-json\/wp\/v2\/categories?post=193093"},{"taxonomy":"post_tag","embeddable":true,"href":"https:\/\/www.meydan.tv\/az\/wp-json\/wp\/v2\/tags?post=193093"}],"curies":[{"name":"wp","href":"https:\/\/api.w.org\/{rel}","templated":true}]}}