{"id":193091,"date":"2018-12-19T15:12:14","date_gmt":"2018-12-19T15:12:14","guid":{"rendered":"https:\/\/www.meydan.tv\/article\/cemenli-sakini-prezident-pul-ayirir-icra-hakimiyyeti-deyir-pul-yoxdur\/"},"modified":"2018-12-19T15:12:14","modified_gmt":"2018-12-19T15:12:14","slug":"cemenli-sakini-prezident-pul-ayirir-icra-hakimiyyeti-deyir-pul-yoxdur","status":"publish","type":"post","link":"https:\/\/www.meydan.tv\/az\/article\/cemenli-sakini-prezident-pul-ayirir-icra-hakimiyyeti-deyir-pul-yoxdur\/","title":{"rendered":"\u00c7\u0259m\u0259nli sakini: Prezident pul ay\u0131r\u0131r, icra hakimiyy\u0259ti deyir, pul yoxdur"},"content":{"rendered":"<figure class=\"wp-block-image size-large\">\n  <img decoding=\"async\" src=\"https:\/\/www.meydan.tv\/az\/114426\/\" alt=\"\" class=\"wp-image-114426\"\/><figcaption><\/figcaption><\/figure>\n<p>\n  <i><br \/>\n    S\u0259ad\u0259t Quliyeva deyir, aprel d\u00f6y\u00fc\u015fl\u0259ri zaman\u0131 m\u0259rmid\u0259n q\u0259zal\u0131 v\u0259ziyy\u0259t\u0259 d\u00fc\u015f\u0259n evi h\u00f6kum\u0259t t\u0259mir etm\u0259k ist\u0259mir<br \/>\n  <\/i><\/p>\n<p>  \u201cO vaxt yax\u0131nl\u0131\u011f\u0131m\u0131za m\u0259rmi d\u00fc\u015fd\u00fc, evimizin divarlar\u0131, tavan araland\u0131&#8230; \u015e\u00fc\u015f\u0259l\u0259r t\u00f6k\u00fcld\u00fc. \u015e\u00fc\u015f\u0259l\u0259rin yerin\u0259 o vaxtdan \u201cklyonka\u201d tutmu\u015fuq. \u0130ki ild\u0259n \u00e7oxdur ki, icra hakimiyy\u0259tin\u0259, prezident\u0259 yaz\u0131r\u0131q. Bu iki ild\u0259 \u00f6z\u00fcm\u00fcz evin ora-buras\u0131n\u0131 d\u00fcz\u0259ltmi\u015fik. Ancaq bununla i\u015f bitmir. Ev yava\u015f-yava\u015f \u00e7\u00f6k\u00fcr\u201d.<\/p>\n<p>  A\u011fdam\u0131n \u00c7\u0259m\u0259nli k\u0259nd sakini S\u0259ad\u0259t Quliyeva Meydan TV-y\u0259 dan\u0131\u015f\u0131r ki, 2016-c\u0131 ild\u0259 ba\u015f vermi\u015f aprel d\u00f6y\u00fc\u015fl\u0259ri zaman\u0131 k\u0259ndd\u0259ki bir \u00e7ox ev kimi onlar\u0131n da evi q\u0259zal\u0131 v\u0259ziyy\u0259t\u0259 d\u00fc\u015f\u00fcb. 1 il 8 ay \u00f6tm\u0259sin\u0259 v\u0259 bu m\u00fcdd\u0259t \u00f6rzind\u0259 r\u0259smi qurumlara m\u00fcraci\u0259t etm\u0259sin\u0259 baxmayaraq, ail\u0259 h\u0259l\u0259 d\u0259 q\u0259zal\u0131 evd\u0259 ya\u015fama\u011fa davam edir.<\/p>\n<blockquote><p>\n  Prezident iki d\u0259f\u0259 pul ay\u0131r\u0131b\n<\/p><\/blockquote>\n<p>\n  Prezident \u0130lham \u018fliyev h\u0259l\u0259 2016-c\u0131 ild\u0259 &#8211; aprel d\u00f6y\u00fc\u015fl\u0259rind\u0259n bir ne\u00e7\u0259 g\u00fcn sonra c\u0259bh\u0259 x\u0259ttiboyu d\u00f6y\u00fc\u015fl\u0259rd\u0259n z\u0259r\u0259r \u00e7\u0259kmi\u015f ya\u015fay\u0131\u015f m\u0259nt\u0259q\u0259l\u0259rinin t\u0259mir-b\u0259rpas\u0131 \u00fc\u00e7\u00fcn pul ay\u0131r\u0131b. H\u0259min m\u0259nt\u0259q\u0259l\u0259r aras\u0131nda A\u011fdam\u0131n \u00c7\u0259m\u0259nli k\u0259ndi d\u0259 olub. \u00d6t\u0259n ay A\u011fdama s\u0259f\u0259rqaba\u011f\u0131 prezident n\u00f6vb\u0259ti d\u0259f\u0259 bu rayondak\u0131 quruculuq v\u0259 k\u0259nd t\u0259s\u0259rr\u00fcfat\u0131 i\u015fl\u0259rin\u0259 g\u00f6r\u0259 pul ay\u0131r\u0131b. Ayr\u0131lm\u0131\u015f m\u0259bl\u0259\u011fin i\u00e7\u0259risind\u0259 m\u00fcharib\u0259d\u0259n z\u0259r\u0259r \u00e7\u0259kmi\u015f ya\u015fay\u0131\u015f m\u0259nt\u0259q\u0259l\u0259rinin t\u0259mir-b\u0259rpas\u0131 \u00fc\u00e7\u00fcn d\u0259 3 milyon manat var.\n<\/p>\n<figure class=\"wp-block-image size-large\">\n  <img decoding=\"async\" src=\"https:\/\/www.meydan.tv\/az\/114429\/\" alt=\"\" class=\"wp-image-114429\"\/><figcaption><\/figcaption><\/figure>\n<p>\n  S\u0259ad\u0259t Quliyevan\u0131n da ist\u0259yi budur ki, he\u00e7 olmasa bu d\u0259f\u0259 onun m\u0259rmid\u0259n ya\u015famaq \u00fc\u00e7\u00fcn yarars\u0131z hala d\u00fc\u015f\u0259n evi ya t\u0259mir olunsun, ya da ail\u0259 \u00fc\u00e7\u00fcn yenisi tikilsin:<\/p>\n<p>  \u201c\u0130kinci d\u0259f\u0259dir ki, prezident evl\u0259rimizin t\u0259miri, b\u0259rpas\u0131 \u00fc\u00e7\u00fcn pul ay\u0131r\u0131r. Ancaq gedirs\u0259n icra hakimiyy\u0259tin\u0259, deyirs\u0259n, m\u0259rmi d\u00fc\u015f\u00fcb, evim da\u011f\u0131l\u0131b, deyir, bu i\u015fl\u0259r\u0259 g\u00f6r\u0259 pul ayr\u0131lm\u0131r. V\u0259t\u0259nda\u015flar\u0131 aldad\u0131rlar. Evd\u0259 iki azya\u015fl\u0131 u\u015fa\u011f\u0131m var. \u00d6z\u00fcm\u00fcz d\u0259 x\u0259st\u0259yik. Tavandak\u0131 yar\u0131qlar d\u00fcz \u00e7arpay\u0131n\u0131n \u00fcst\u00fcnd\u0259dir. O \u00e7arpay\u0131da u\u015faqlar da yat\u0131r. Tavan yer\u0259 otursa, u\u015faqlar da\u015f-k\u0259s\u0259yin alt\u0131nda qalacaq. Gedib bunlar\u0131 icra hakimiyy\u0259tind\u0259 deyir\u0259m, deyirl\u0259r, s\u0259n u\u015fa\u011f\u0131 o \u015f\u0259raitd\u0259 saxlay\u0131rsansa, m\u0259suliyy\u0259tsiz valideyns\u0259ns\u0259, biz neyl\u0259y\u0259k? Deyir\u0259m, nec\u0259 y\u0259ni neyl\u0259y\u0259siz, bizim ba\u015f\u0131m\u0131za bir faci\u0259 g\u0259ls\u0259, m\u0259suliyy\u0259t sizin \u00fcz\u0259rinizd\u0259dir. \u0130ki ild\u0259n \u00e7oxdur qap\u0131n\u0131zda d\u00fc\u015f\u00fcb qalm\u0131\u015f\u0131q\u201d.<\/p>\n<blockquote><p>\n  Deyir, bu pullar yaln\u0131z ka\u011f\u0131z \u00fcz\u0259rind\u0259 ayr\u0131l\u0131r\n<\/p><\/blockquote>\n<p>\n  <br \/>\n  S\u0259ad\u0259t Quliyeva deyir, yerli strukturlar ayr\u0131lm\u0131\u015f h\u0259min v\u0259saiti q\u0259zal\u0131 v\u0259ziyy\u0259t\u0259 d\u00fc\u015f\u0259n evl\u0259r\u0259 x\u0259rcl\u0259m\u0259kd\u0259 \u201csimiclik\u201d edirl\u0259r:<\/p>\n<p>  \u201cK\u0259ndd\u0259 \u00e7ox evl\u0259r yarars\u0131z hala d\u00fc\u015f\u00fcb. Ancaq \u00e7oxuna g\u0259lib bax\u0131\u015f ke\u00e7irib akt yaz\u0131blar ki, evin q\u0259zal\u0131 v\u0259ziyy\u0259t\u0259 d\u00fc\u015fm\u0259sinin m\u0259rmiyl\u0259 \u0259laq\u0259si yoxdur. R\u0259smi bel\u0259 yaz\u0131rlar, \u015fifahi is\u0259 deyirl\u0259r ki, \u201cprezidentin pul ay\u0131rmas\u0131 el\u0259-bel\u0259 \u015feydir, \u0259slind\u0259, pul-filan ayr\u0131lmay\u0131b, ayr\u0131l\u0131bsa da, g\u0259lib \u0259limiz\u0259 \u00e7atmay\u0131b ki, sizin evl\u0259ri t\u0259mir-b\u0259rpa ed\u0259k\u201d.\n<\/p>\n<figure class=\"wp-block-image size-large\">\n  <img decoding=\"async\" src=\"https:\/\/www.meydan.tv\/az\/114432\/\" alt=\"\" class=\"wp-image-114432\"\/><figcaption><\/figcaption><\/figure>\n<p>\n  Ail\u0259 prezident\u0259 m\u00fcraci\u0259t edir, bir m\u00fcdd\u0259t sonra cavab yerli icra hakimiyy\u0259tdind\u0259n g\u0259lir. \u0130cra hakimiyy\u0259ti ail\u0259y\u0259 cavab verir ki, prezident\u0259 \u00fcnvanlanan m\u00fcraci\u0259t onlar t\u0259r\u0259find\u0259n ara\u015fd\u0131r\u0131l\u0131b. Sonra da ail\u0259nin diqq\u0259tin\u0259 \u00e7atd\u0131r\u0131l\u0131r ki, icra hakimiyy\u0259tin\u0259 v\u0259t\u0259nda\u015flar\u0131n f\u0259rdi evl\u0259rinin tikintisin\u0259, t\u0259mirin\u0259, b\u0259rpas\u0131na v\u0259sait ayr\u0131lmad\u0131\u011f\u0131 \u00fc\u00e7\u00fcn onlara k\u00f6m\u0259k etm\u0259k imkanlar\u0131 yoxdur.\n<\/p>\n<blockquote><p>\n  U\u015faqlar yat\u0131r, biz ke\u015fikl\u0259rini \u00e7\u0259kirik\n<\/p><\/blockquote>\n<p>\n  <br \/>\n  Ail\u0259nin bu i\u015fl\u0259ri g\u00f6rm\u0259k \u00fc\u00e7\u00fcn v\u0259saiti yoxdur. S\u0259ad\u0259t Quliyevan\u0131n h\u0259yat yolda\u015f\u0131 \u0259lil v\u0259 i\u015fsizdir, \u00f6z\u00fc xadim\u0259 i\u015fl\u0259yir v\u0259 c\u00fczi m\u0259vacib \u00e7\u00f6r\u0259y\u0259 d\u0259 \u00e7atm\u0131r. \u00d6hd\u0259sind\u0259 x\u0259st\u0259 u\u015faqlar v\u0259 ah\u0131l ya\u015fl\u0131 ail\u0259 \u00fczvl\u0259ri var:<\/p>\n<p>  \u201cOtaqlar da\u011f\u0131l\u0131b, c\u0259mi birc\u0259 otaq qal\u0131b. Yayda h\u0259y\u0259td\u0259 yat\u0131r\u0131q, indi q\u0131\u015fd\u0131r, m\u0259cbur olub h\u0259min q\u0259zal\u0131 ota\u011fa y\u0131\u011f\u0131\u015fm\u0131\u015f\u0131q. Bu otaq da da\u011f\u0131lmaq \u00fczr\u0259dir. U\u015faqlar yat\u0131r, b\u00f6y\u00fckl\u0259r ke\u015fik \u00e7\u0259kir&#8230; C\u0259bh\u0259 x\u0259ttind\u0259 ya\u015fama\u011f\u0131n \u00f6z\u00fc bir z\u00fclmd\u00fcr. \u00dcst\u0259lik, m\u0259murlar\u0131n bizi incitm\u0259si v\u0259ziyy\u0259timizi daha d\u00f6z\u00fclm\u0259z edir\u201d.<\/p>\n<figure class=\"wp-block-image size-large\">\n  <img decoding=\"async\" src=\"https:\/\/www.meydan.tv\/az\/114435\/\" alt=\"\" class=\"wp-image-114435\"\/><figcaption><\/figcaption><\/figure>\n<p>\n  \u00c7\u0259m\u0259nli sakini h\u00f6kum\u0259td\u0259n m\u0259rmid\u0259n q\u0259zal\u0131 v\u0259ziyy\u0259t\u0259 d\u00fc\u015f\u0259n evind\u0259 b\u0259rpa i\u015fl\u0259rinin apar\u0131lmas\u0131n\u0131 t\u0259l\u0259b edir.<\/p>\n<blockquote><p>\n  Ev m\u0259rmid\u0259n yox, k\u00f6hn\u0259likd\u0259n q\u0259zal\u0131 v\u0259ziyy\u0259t\u0259 d\u00fc\u015f\u00fcb\n<\/p><\/blockquote>\n<p>\n  <br \/>\n  A\u011fdam Rayon \u0130cra Hakimiyy\u0259tind\u0259n Meydan TV-y\u0259 bildirilib ki, Quliyevl\u0259r ail\u0259si tez-tez \u00f6lk\u0259 ba\u015f\u00e7\u0131s\u0131na da m\u00fcraci\u0259t edirl\u0259r. Onlar\u0131n m\u0259ktublar\u0131 n\u0259tic\u0259d\u0259 ara\u015fd\u0131r\u0131lmas\u0131 v\u0259 t\u0259dbir g\u00f6r\u00fclm\u0259si \u00fc\u00e7\u00fcn bu quruma g\u0259lib \u00e7\u0131x\u0131r. Ara\u015fd\u0131rma apar\u0131l\u0131r v\u0259 m\u0259lum olur ki, Quliyevl\u0259rin evi m\u0259rmid\u0259n yox, k\u00f6hn\u0259likd\u0259n q\u0259zal\u0131 v\u0259ziyy\u0259t\u0259 d\u00fc\u015f\u00fcb. Bu halda is\u0259 evin t\u0259mir-b\u0259rpas\u0131na icra hakimiyy\u0259ti k\u00f6m\u0259k etmir. \u00c7\u00fcnki b\u00fcdc\u0259d\u0259n buna g\u00f6r\u0259 v\u0259sait ayr\u0131lm\u0131r.\n<\/p>\n<p>\n  S\u0259ad\u0259t Quliyeva is\u0259 r\u0259smi qurumun dedikl\u0259rini yalanlay\u0131r. Bildirir ki, ev 1990-c\u0131 ild\u0259 tikilib v\u0259 m\u0259hz yax\u0131nl\u0131qda partlayan m\u0259rminin t\u0259sirind\u0259n q\u0259zal\u0131 v\u0259ziyy\u0259t\u0259 d\u00fc\u015f\u00fcb. H\u0259r s\u0259h\u0259r 12 ya\u015fl\u0131 P\u0259rvinl\u0259 9 ya\u015fl\u0131 Xan\u0131m bu q\u0259zal\u0131 evin qap\u0131s\u0131ndan \u00e7\u0131xaraq m\u0259kt\u0259b\u0259 yollan\u0131r.<\/p>\n<p>  2016-c\u0131 ilin 2 may\u0131nda prezident \u0130lham \u018fliyev \u201cErm\u0259ni silahl\u0131 q\u00fcvv\u0259l\u0259rinin A\u011fdam v\u0259 T\u0259rt\u0259r rayonlar\u0131n\u0131 intensiv at\u0259\u015f\u0259 tutmas\u0131 n\u0259tic\u0259sind\u0259 m\u00fclki \u0259haliy\u0259 d\u0259ymi\u015f ziyan\u0131n aradan qald\u0131r\u0131lmas\u0131 il\u0259 ba\u011fl\u0131 t\u0259dbirl\u0259r haqq\u0131nda\u201d s\u0259r\u0259ncam imzalay\u0131b. S\u0259r\u0259ncama g\u00f6r\u0259, \u0259sas\u0259n, A\u011fdam\u0131n k\u0259ndl\u0259rind\u0259 m\u0259rmil\u0259rd\u0259n z\u0259r\u0259r \u00e7\u0259kmi\u015f evl\u0259rin t\u0259mir-b\u0259rpas\u0131 q\u0131sa zamanda ba\u015fa \u00e7atmal\u0131yd\u0131. Lakin g\u00f6r\u00fcn\u0259n odur ki, bu i\u015fl\u0259r ba\u015fa \u00e7atd\u0131r\u0131lmad\u0131\u011f\u0131 \u00fc\u00e7\u00fcn \u00f6t\u0259n ay prezident eyni m\u0259qs\u0259dl\u0259 daha 3 milyon manat ay\u0131r\u0131b.\n<\/p><\/p>\n","protected":false},"excerpt":{"rendered":"<p>S\u0259ad\u0259t Quliyeva deyir, aprel d\u00f6y\u00fc\u015fl\u0259ri zaman\u0131 m\u0259rmid\u0259n q\u0259zal\u0131 v\u0259ziyy\u0259t\u0259 d\u00fc\u015f\u0259n evi h\u00f6kum\u0259t t\u0259mir etm\u0259k ist\u0259mir<\/p>\n","protected":false},"author":11,"featured_media":114426,"comment_status":"closed","ping_status":"open","sticky":false,"template":"","format":"standard","meta":{"_acf_changed":false,"_sitemap_exclude":false,"_sitemap_priority":"","_sitemap_frequency":"","footnotes":""},"categories":[60],"tags":[],"class_list":["post-193091","post","type-post","status-publish","format-standard","has-post-thumbnail","hentry","category-bolge","infinite-scroll-item","generate-columns","tablet-grid-50","mobile-grid-100","grid-parent","grid-33","no-featured-image-padding"],"acf":[],"yoast_head":"<!-- This site is optimized with the Yoast SEO plugin v27.4 - https:\/\/yoast.com\/product\/yoast-seo-wordpress\/ -->\n<title>\u00c7\u0259m\u0259nli sakini: Prezident pul ay\u0131r\u0131r, icra hakimiyy\u0259ti deyir, pul yoxdur - MEYDAN.TV<\/title>\n<meta name=\"robots\" content=\"index, follow, max-snippet:-1, max-image-preview:large, max-video-preview:-1\" \/>\n<link rel=\"canonical\" href=\"https:\/\/www.meydan.tv\/az\/article\/cemenli-sakini-prezident-pul-ayirir-icra-hakimiyyeti-deyir-pul-yoxdur\/\" \/>\n<meta property=\"og:locale\" content=\"az_AZ\" \/>\n<meta property=\"og:type\" content=\"article\" \/>\n<meta property=\"og:title\" content=\"\u00c7\u0259m\u0259nli sakini: Prezident pul ay\u0131r\u0131r, icra hakimiyy\u0259ti deyir, pul yoxdur - MEYDAN.TV\" \/>\n<meta property=\"og:description\" content=\"S\u0259ad\u0259t Quliyeva deyir, aprel d\u00f6y\u00fc\u015fl\u0259ri zaman\u0131 m\u0259rmid\u0259n q\u0259zal\u0131 v\u0259ziyy\u0259t\u0259 d\u00fc\u015f\u0259n evi h\u00f6kum\u0259t t\u0259mir etm\u0259k ist\u0259mir\" \/>\n<meta property=\"og:url\" content=\"https:\/\/www.meydan.tv\/az\/article\/cemenli-sakini-prezident-pul-ayirir-icra-hakimiyyeti-deyir-pul-yoxdur\/\" \/>\n<meta property=\"og:site_name\" content=\"MEYDAN.TV\" \/>\n<meta property=\"article:published_time\" content=\"2018-12-19T15:12:14+00:00\" \/>\n<meta property=\"og:image\" content=\"https:\/\/www.meydan.tv\/wp-content\/uploads\/45586.jpg\" \/>\n\t<meta property=\"og:image:width\" content=\"1280\" \/>\n\t<meta property=\"og:image:height\" content=\"720\" \/>\n\t<meta property=\"og:image:type\" content=\"image\/jpeg\" \/>\n<meta name=\"author\" content=\"user-manager\" \/>\n<meta name=\"twitter:card\" content=\"summary_large_image\" \/>\n<script type=\"application\/ld+json\" class=\"yoast-schema-graph\">{\"@context\":\"https:\\\/\\\/schema.org\",\"@graph\":[{\"@type\":\"Article\",\"@id\":\"https:\\\/\\\/www.meydan.tv\\\/az\\\/article\\\/cemenli-sakini-prezident-pul-ayirir-icra-hakimiyyeti-deyir-pul-yoxdur\\\/#article\",\"isPartOf\":{\"@id\":\"https:\\\/\\\/www.meydan.tv\\\/az\\\/article\\\/cemenli-sakini-prezident-pul-ayirir-icra-hakimiyyeti-deyir-pul-yoxdur\\\/\"},\"author\":{\"name\":\"user-manager\",\"@id\":\"https:\\\/\\\/www.meydan.tv\\\/az\\\/#\\\/schema\\\/person\\\/10d11eccf6da3662cf5fdab9806ea91a\"},\"headline\":\"\u00c7\u0259m\u0259nli sakini: Prezident pul ay\u0131r\u0131r, icra hakimiyy\u0259ti deyir, pul yoxdur\",\"datePublished\":\"2018-12-19T15:12:14+00:00\",\"mainEntityOfPage\":{\"@id\":\"https:\\\/\\\/www.meydan.tv\\\/az\\\/article\\\/cemenli-sakini-prezident-pul-ayirir-icra-hakimiyyeti-deyir-pul-yoxdur\\\/\"},\"wordCount\":1189,\"publisher\":{\"@id\":\"https:\\\/\\\/www.meydan.tv\\\/az\\\/#organization\"},\"image\":{\"@id\":\"https:\\\/\\\/www.meydan.tv\\\/az\\\/article\\\/cemenli-sakini-prezident-pul-ayirir-icra-hakimiyyeti-deyir-pul-yoxdur\\\/#primaryimage\"},\"thumbnailUrl\":\"https:\\\/\\\/www.meydan.tv\\\/wp-content\\\/uploads\\\/45586.jpg\",\"articleSection\":[\"B\u00f6lg\u0259\"],\"inLanguage\":\"az\"},{\"@type\":\"WebPage\",\"@id\":\"https:\\\/\\\/www.meydan.tv\\\/az\\\/article\\\/cemenli-sakini-prezident-pul-ayirir-icra-hakimiyyeti-deyir-pul-yoxdur\\\/\",\"url\":\"https:\\\/\\\/www.meydan.tv\\\/az\\\/article\\\/cemenli-sakini-prezident-pul-ayirir-icra-hakimiyyeti-deyir-pul-yoxdur\\\/\",\"name\":\"\u00c7\u0259m\u0259nli sakini: Prezident pul ay\u0131r\u0131r, icra hakimiyy\u0259ti deyir, pul yoxdur - MEYDAN.TV\",\"isPartOf\":{\"@id\":\"https:\\\/\\\/www.meydan.tv\\\/az\\\/#website\"},\"primaryImageOfPage\":{\"@id\":\"https:\\\/\\\/www.meydan.tv\\\/az\\\/article\\\/cemenli-sakini-prezident-pul-ayirir-icra-hakimiyyeti-deyir-pul-yoxdur\\\/#primaryimage\"},\"image\":{\"@id\":\"https:\\\/\\\/www.meydan.tv\\\/az\\\/article\\\/cemenli-sakini-prezident-pul-ayirir-icra-hakimiyyeti-deyir-pul-yoxdur\\\/#primaryimage\"},\"thumbnailUrl\":\"https:\\\/\\\/www.meydan.tv\\\/wp-content\\\/uploads\\\/45586.jpg\",\"datePublished\":\"2018-12-19T15:12:14+00:00\",\"breadcrumb\":{\"@id\":\"https:\\\/\\\/www.meydan.tv\\\/az\\\/article\\\/cemenli-sakini-prezident-pul-ayirir-icra-hakimiyyeti-deyir-pul-yoxdur\\\/#breadcrumb\"},\"inLanguage\":\"az\",\"potentialAction\":[{\"@type\":\"ReadAction\",\"target\":[\"https:\\\/\\\/www.meydan.tv\\\/az\\\/article\\\/cemenli-sakini-prezident-pul-ayirir-icra-hakimiyyeti-deyir-pul-yoxdur\\\/\"]}]},{\"@type\":\"ImageObject\",\"inLanguage\":\"az\",\"@id\":\"https:\\\/\\\/www.meydan.tv\\\/az\\\/article\\\/cemenli-sakini-prezident-pul-ayirir-icra-hakimiyyeti-deyir-pul-yoxdur\\\/#primaryimage\",\"url\":\"https:\\\/\\\/www.meydan.tv\\\/wp-content\\\/uploads\\\/45586.jpg\",\"contentUrl\":\"https:\\\/\\\/www.meydan.tv\\\/wp-content\\\/uploads\\\/45586.jpg\",\"width\":1280,\"height\":720,\"caption\":\"Source:\"},{\"@type\":\"BreadcrumbList\",\"@id\":\"https:\\\/\\\/www.meydan.tv\\\/az\\\/article\\\/cemenli-sakini-prezident-pul-ayirir-icra-hakimiyyeti-deyir-pul-yoxdur\\\/#breadcrumb\",\"itemListElement\":[{\"@type\":\"ListItem\",\"position\":1,\"name\":\"Ana s\u0259hif\u0259\",\"item\":\"https:\\\/\\\/www.meydan.tv\\\/az\\\/\"},{\"@type\":\"ListItem\",\"position\":2,\"name\":\"B\u00f6lg\u0259\",\"item\":\"https:\\\/\\\/www.meydan.tv\\\/az\\\/section\\\/bolge\\\/\"},{\"@type\":\"ListItem\",\"position\":3,\"name\":\"\u00c7\u0259m\u0259nli sakini: Prezident pul ay\u0131r\u0131r, icra hakimiyy\u0259ti deyir, pul yoxdur\"}]},{\"@type\":\"WebSite\",\"@id\":\"https:\\\/\\\/www.meydan.tv\\\/az\\\/#website\",\"url\":\"https:\\\/\\\/www.meydan.tv\\\/az\\\/\",\"name\":\"MEYDAN.TV\",\"description\":\"Meydan TV Az\u0259rbaycan\u0131n media m\u0259kan\u0131ndak\u0131 alternativ s\u0259sidir\",\"publisher\":{\"@id\":\"https:\\\/\\\/www.meydan.tv\\\/az\\\/#organization\"},\"potentialAction\":[{\"@type\":\"SearchAction\",\"target\":{\"@type\":\"EntryPoint\",\"urlTemplate\":\"https:\\\/\\\/www.meydan.tv\\\/az\\\/?s={search_term_string}\"},\"query-input\":{\"@type\":\"PropertyValueSpecification\",\"valueRequired\":true,\"valueName\":\"search_term_string\"}}],\"inLanguage\":\"az\"},{\"@type\":\"Organization\",\"@id\":\"https:\\\/\\\/www.meydan.tv\\\/az\\\/#organization\",\"name\":\"Meydan TV\",\"url\":\"https:\\\/\\\/www.meydan.tv\\\/az\\\/\",\"logo\":{\"@type\":\"ImageObject\",\"inLanguage\":\"az\",\"@id\":\"https:\\\/\\\/www.meydan.tv\\\/az\\\/#\\\/schema\\\/logo\\\/image\\\/\",\"url\":\"https:\\\/\\\/www.meydan.tv\\\/wp-content\\\/uploads\\\/2021\\\/07\\\/meydan-logo.svg\",\"contentUrl\":\"https:\\\/\\\/www.meydan.tv\\\/wp-content\\\/uploads\\\/2021\\\/07\\\/meydan-logo.svg\",\"width\":195,\"height\":46,\"caption\":\"Meydan TV\"},\"image\":{\"@id\":\"https:\\\/\\\/www.meydan.tv\\\/az\\\/#\\\/schema\\\/logo\\\/image\\\/\"}},{\"@type\":\"Person\",\"@id\":\"https:\\\/\\\/www.meydan.tv\\\/az\\\/#\\\/schema\\\/person\\\/10d11eccf6da3662cf5fdab9806ea91a\",\"name\":\"user-manager\"}]}<\/script>\n<!-- \/ Yoast SEO plugin. -->","yoast_head_json":{"title":"\u00c7\u0259m\u0259nli sakini: Prezident pul ay\u0131r\u0131r, icra hakimiyy\u0259ti deyir, pul yoxdur - MEYDAN.TV","robots":{"index":"index","follow":"follow","max-snippet":"max-snippet:-1","max-image-preview":"max-image-preview:large","max-video-preview":"max-video-preview:-1"},"canonical":"https:\/\/www.meydan.tv\/az\/article\/cemenli-sakini-prezident-pul-ayirir-icra-hakimiyyeti-deyir-pul-yoxdur\/","og_locale":"az_AZ","og_type":"article","og_title":"\u00c7\u0259m\u0259nli sakini: Prezident pul ay\u0131r\u0131r, icra hakimiyy\u0259ti deyir, pul yoxdur - MEYDAN.TV","og_description":"S\u0259ad\u0259t Quliyeva deyir, aprel d\u00f6y\u00fc\u015fl\u0259ri zaman\u0131 m\u0259rmid\u0259n q\u0259zal\u0131 v\u0259ziyy\u0259t\u0259 d\u00fc\u015f\u0259n evi h\u00f6kum\u0259t t\u0259mir etm\u0259k ist\u0259mir","og_url":"https:\/\/www.meydan.tv\/az\/article\/cemenli-sakini-prezident-pul-ayirir-icra-hakimiyyeti-deyir-pul-yoxdur\/","og_site_name":"MEYDAN.TV","article_published_time":"2018-12-19T15:12:14+00:00","og_image":[{"width":1280,"height":720,"url":"https:\/\/www.meydan.tv\/wp-content\/uploads\/45586.jpg","type":"image\/jpeg"}],"author":"user-manager","twitter_card":"summary_large_image","schema":{"@context":"https:\/\/schema.org","@graph":[{"@type":"Article","@id":"https:\/\/www.meydan.tv\/az\/article\/cemenli-sakini-prezident-pul-ayirir-icra-hakimiyyeti-deyir-pul-yoxdur\/#article","isPartOf":{"@id":"https:\/\/www.meydan.tv\/az\/article\/cemenli-sakini-prezident-pul-ayirir-icra-hakimiyyeti-deyir-pul-yoxdur\/"},"author":{"name":"user-manager","@id":"https:\/\/www.meydan.tv\/az\/#\/schema\/person\/10d11eccf6da3662cf5fdab9806ea91a"},"headline":"\u00c7\u0259m\u0259nli sakini: Prezident pul ay\u0131r\u0131r, icra hakimiyy\u0259ti deyir, pul yoxdur","datePublished":"2018-12-19T15:12:14+00:00","mainEntityOfPage":{"@id":"https:\/\/www.meydan.tv\/az\/article\/cemenli-sakini-prezident-pul-ayirir-icra-hakimiyyeti-deyir-pul-yoxdur\/"},"wordCount":1189,"publisher":{"@id":"https:\/\/www.meydan.tv\/az\/#organization"},"image":{"@id":"https:\/\/www.meydan.tv\/az\/article\/cemenli-sakini-prezident-pul-ayirir-icra-hakimiyyeti-deyir-pul-yoxdur\/#primaryimage"},"thumbnailUrl":"https:\/\/www.meydan.tv\/wp-content\/uploads\/45586.jpg","articleSection":["B\u00f6lg\u0259"],"inLanguage":"az"},{"@type":"WebPage","@id":"https:\/\/www.meydan.tv\/az\/article\/cemenli-sakini-prezident-pul-ayirir-icra-hakimiyyeti-deyir-pul-yoxdur\/","url":"https:\/\/www.meydan.tv\/az\/article\/cemenli-sakini-prezident-pul-ayirir-icra-hakimiyyeti-deyir-pul-yoxdur\/","name":"\u00c7\u0259m\u0259nli sakini: Prezident pul ay\u0131r\u0131r, icra hakimiyy\u0259ti deyir, pul yoxdur - MEYDAN.TV","isPartOf":{"@id":"https:\/\/www.meydan.tv\/az\/#website"},"primaryImageOfPage":{"@id":"https:\/\/www.meydan.tv\/az\/article\/cemenli-sakini-prezident-pul-ayirir-icra-hakimiyyeti-deyir-pul-yoxdur\/#primaryimage"},"image":{"@id":"https:\/\/www.meydan.tv\/az\/article\/cemenli-sakini-prezident-pul-ayirir-icra-hakimiyyeti-deyir-pul-yoxdur\/#primaryimage"},"thumbnailUrl":"https:\/\/www.meydan.tv\/wp-content\/uploads\/45586.jpg","datePublished":"2018-12-19T15:12:14+00:00","breadcrumb":{"@id":"https:\/\/www.meydan.tv\/az\/article\/cemenli-sakini-prezident-pul-ayirir-icra-hakimiyyeti-deyir-pul-yoxdur\/#breadcrumb"},"inLanguage":"az","potentialAction":[{"@type":"ReadAction","target":["https:\/\/www.meydan.tv\/az\/article\/cemenli-sakini-prezident-pul-ayirir-icra-hakimiyyeti-deyir-pul-yoxdur\/"]}]},{"@type":"ImageObject","inLanguage":"az","@id":"https:\/\/www.meydan.tv\/az\/article\/cemenli-sakini-prezident-pul-ayirir-icra-hakimiyyeti-deyir-pul-yoxdur\/#primaryimage","url":"https:\/\/www.meydan.tv\/wp-content\/uploads\/45586.jpg","contentUrl":"https:\/\/www.meydan.tv\/wp-content\/uploads\/45586.jpg","width":1280,"height":720,"caption":"Source:"},{"@type":"BreadcrumbList","@id":"https:\/\/www.meydan.tv\/az\/article\/cemenli-sakini-prezident-pul-ayirir-icra-hakimiyyeti-deyir-pul-yoxdur\/#breadcrumb","itemListElement":[{"@type":"ListItem","position":1,"name":"Ana s\u0259hif\u0259","item":"https:\/\/www.meydan.tv\/az\/"},{"@type":"ListItem","position":2,"name":"B\u00f6lg\u0259","item":"https:\/\/www.meydan.tv\/az\/section\/bolge\/"},{"@type":"ListItem","position":3,"name":"\u00c7\u0259m\u0259nli sakini: Prezident pul ay\u0131r\u0131r, icra hakimiyy\u0259ti deyir, pul yoxdur"}]},{"@type":"WebSite","@id":"https:\/\/www.meydan.tv\/az\/#website","url":"https:\/\/www.meydan.tv\/az\/","name":"MEYDAN.TV","description":"Meydan TV Az\u0259rbaycan\u0131n media m\u0259kan\u0131ndak\u0131 alternativ s\u0259sidir","publisher":{"@id":"https:\/\/www.meydan.tv\/az\/#organization"},"potentialAction":[{"@type":"SearchAction","target":{"@type":"EntryPoint","urlTemplate":"https:\/\/www.meydan.tv\/az\/?s={search_term_string}"},"query-input":{"@type":"PropertyValueSpecification","valueRequired":true,"valueName":"search_term_string"}}],"inLanguage":"az"},{"@type":"Organization","@id":"https:\/\/www.meydan.tv\/az\/#organization","name":"Meydan TV","url":"https:\/\/www.meydan.tv\/az\/","logo":{"@type":"ImageObject","inLanguage":"az","@id":"https:\/\/www.meydan.tv\/az\/#\/schema\/logo\/image\/","url":"https:\/\/www.meydan.tv\/wp-content\/uploads\/2021\/07\/meydan-logo.svg","contentUrl":"https:\/\/www.meydan.tv\/wp-content\/uploads\/2021\/07\/meydan-logo.svg","width":195,"height":46,"caption":"Meydan TV"},"image":{"@id":"https:\/\/www.meydan.tv\/az\/#\/schema\/logo\/image\/"}},{"@type":"Person","@id":"https:\/\/www.meydan.tv\/az\/#\/schema\/person\/10d11eccf6da3662cf5fdab9806ea91a","name":"user-manager"}]}},"_links":{"self":[{"href":"https:\/\/www.meydan.tv\/az\/wp-json\/wp\/v2\/posts\/193091","targetHints":{"allow":["GET"]}}],"collection":[{"href":"https:\/\/www.meydan.tv\/az\/wp-json\/wp\/v2\/posts"}],"about":[{"href":"https:\/\/www.meydan.tv\/az\/wp-json\/wp\/v2\/types\/post"}],"author":[{"embeddable":true,"href":"https:\/\/www.meydan.tv\/az\/wp-json\/wp\/v2\/users\/11"}],"replies":[{"embeddable":true,"href":"https:\/\/www.meydan.tv\/az\/wp-json\/wp\/v2\/comments?post=193091"}],"version-history":[{"count":0,"href":"https:\/\/www.meydan.tv\/az\/wp-json\/wp\/v2\/posts\/193091\/revisions"}],"wp:featuredmedia":[{"embeddable":true,"href":"https:\/\/www.meydan.tv\/az\/wp-json\/wp\/v2\/media\/114426"}],"wp:attachment":[{"href":"https:\/\/www.meydan.tv\/az\/wp-json\/wp\/v2\/media?parent=193091"}],"wp:term":[{"taxonomy":"category","embeddable":true,"href":"https:\/\/www.meydan.tv\/az\/wp-json\/wp\/v2\/categories?post=193091"},{"taxonomy":"post_tag","embeddable":true,"href":"https:\/\/www.meydan.tv\/az\/wp-json\/wp\/v2\/tags?post=193091"}],"curies":[{"name":"wp","href":"https:\/\/api.w.org\/{rel}","templated":true}]}}