{"id":193090,"date":"2018-12-19T14:57:56","date_gmt":"2018-12-19T14:57:56","guid":{"rendered":"https:\/\/www.meydan.tv\/article\/kabel-al-direk-al-utanmasalar-isigi-da-ozun-cek-deyecekler\/"},"modified":"2018-12-19T14:57:56","modified_gmt":"2018-12-19T14:57:56","slug":"kabel-al-direk-al-utanmasalar-isigi-da-ozun-cek-deyecekler","status":"publish","type":"post","link":"https:\/\/www.meydan.tv\/az\/article\/kabel-al-direk-al-utanmasalar-isigi-da-ozun-cek-deyecekler\/","title":{"rendered":"&#8221;Kabel al, dir\u0259k al, utanmasalar &#8221;i\u015f\u0131\u011f\u0131 da \u00f6z\u00fcn \u00e7\u0259k&#8221; dey\u0259c\u0259kl\u0259r&#8221;"},"content":{"rendered":"<figure class=\"wp-block-image size-large\">\n  <img decoding=\"async\" src=\"https:\/\/www.meydan.tv\/az\/114420\/\" alt=\"\" class=\"wp-image-114420\"\/><figcaption><\/figcaption><\/figure>\n<p>\n  <i><br \/>\n    G\u00f6y\u00e7ay sakini: &#8221;Elektrik \u015e\u0259b\u0259k\u0259si \u00e7\u00fcr\u00fcy\u0259n dir\u0259kl\u0259rimizi yenil\u0259mir&#8221;<br \/>\n  <\/i>\n<\/p>\n<p>\n  \u201cEvimiz\u0259 g\u0259l\u0259n elektrik kabell\u0259ri k\u00f6hn\u0259lib. Dir\u0259kl\u0259r \u00e7\u00fcr\u00fcy\u00fcb, az qal\u0131r a\u015fs\u0131n. Y\u0259ni o d\u0259r\u0259c\u0259d\u0259 k\u00f6hn\u0259lib. G\u00f6y\u00e7ay Elektrik \u015e\u0259b\u0259k\u0259sin\u0259 m\u00fcraci\u0259t edir\u0259m. Deyir, \u201ckabeli, dir\u0259yi al, g\u0259l\u0259k d\u00fcz\u0259ld\u0259k\u201d. Harada g\u00f6r\u00fcl\u00fcb ki, bunlar\u0131 v\u0259t\u0259nda\u015f als\u0131n?\n<\/p>\n<p>\n  G\u00f6y\u00e7ay\u0131n Potu k\u0259ndinin sakini P\u0259rvin \u00d6m\u0259rov bel\u0259 deyir. Bildirir ki, d\u0259f\u0259l\u0259rl\u0259 buna g\u00f6r\u0259 Elektrik \u015e\u0259b\u0259k\u0259sin\u0259 gedib. Ham\u0131 s\u00f6z\u00fc bir yer\u0259 qoyub, eyni s\u00f6z\u00fc deyirl\u0259r:\n<\/p>\n<p>\n  \u201cM\u00fcdir d\u0259, sat\u0131\u015f\u0131n r\u0259isi d\u0259 deyir ki, laz\u0131m olan materiallar\u0131 al, d\u00fcz\u0259ld\u0259k. M\u0259nim d\u0259 o q\u0259d\u0259r imkan\u0131m yoxdur ax\u0131. \u00dcr\u0259yimd\u0259 problem var, 10 ild\u0259n bir \u0259m\u0259liyyat olunmal\u0131yam. \u00d6z\u00fcm d\u0259 y\u00fcks\u0259k \u0259m\u0259k haqq\u0131 alm\u0131ram. Ail\u0259 saxlay\u0131ram. M\u0259n i\u015f\u0131q \u00e7\u0259kdirm\u0259k \u00fc\u00e7\u00fcn laz\u0131m olan 200-300 manat pulu haradan al\u0131m? Anlay\u0131ram, hardasa h\u00f6rm\u0259t etm\u0259k olar, m\u0259s\u0259l\u0259n, ustaya 20-30 manat, lap olsun 50 manat verm\u0259k olar. Ancaq 200-300 manat m\u0259nim \u00fc\u00e7\u00fcn b\u00f6y\u00fck m\u0259bl\u0259\u011fdir\u201d.\n<\/p>\n<blockquote><p>\n  Ya\u011f\u0131\u015f ya\u011fanda, k\u00fcl\u0259k \u0259s\u0259nd\u0259 i\u015f\u0131qs\u0131z qal\u0131r\u0131q\n<\/p><\/blockquote>\n<p>\n  P.\u00d6m\u0259rov deyir ki, onlar\u0131n m\u0259h\u0259ll\u0259sin\u0259 yeni i\u015f\u0131q dir\u0259kl\u0259ri basd\u0131r\u0131l\u0131b, kabell\u0259\u015fm\u0259 gedib. Ancaq bir-iki n\u0259f\u0259r pul verm\u0259y\u0259nl\u0259rin dir\u0259kl\u0259ri d\u0259yi\u015fdirilm\u0259yib. Odur ki, bir az ya\u011f\u0131\u015f ya\u011fan, k\u00fcl\u0259k \u0259s\u0259n kimi i\u015f\u0131qs\u0131z qal\u0131rlar:\n<\/p>\n<figure class=\"wp-block-image size-large\">\n  <img decoding=\"async\" src=\"https:\/\/www.meydan.tv\/az\/114414\/\" alt=\"\" class=\"wp-image-114414\"\/><figcaption><\/figcaption><\/figure>\n<p>\n  \u201c\u00d6z\u00fc d\u0259 onu deyim ki, yax\u0131nl\u0131\u011f\u0131m\u0131za q\u0259d\u0259r i\u015f\u0131q x\u0259tti \u00e7\u0259kilib. \u0130st\u0259s\u0259l\u0259r, biz\u0259 d\u0259 \u00e7\u0259k\u0259rl\u0259r, nec\u0259 ki, bir \u00e7oxuna \u00e7\u0259kibl\u0259r. Amma ist\u0259mirl\u0259r d\u0259. M\u0259n anlam\u0131ram i\u015f\u0131q dir\u0259yini, i\u015f\u0131q \u00e7\u0259km\u0259k \u00fc\u00e7\u00fcn laz\u0131m olan kabeli niy\u0259 v\u0259t\u0259nda\u015f almal\u0131d\u0131r\u201d.\n<\/p>\n<blockquote><p>\n  D\u0259f\u0259l\u0259rl\u0259 elektrik cihazlar\u0131m\u0131z yan\u0131b, xarab olub\n<\/p><\/blockquote>\n<p>\n  V\u0259t\u0259nda\u015f i\u015f\u0131q dir\u0259kl\u0259rinin, x\u0259tl\u0259rin k\u00f6hn\u0259 olmas\u0131n\u0131n onlara ziyan vurdu\u011funu deyir:\n<\/p>\n<figure class=\"wp-block-image size-large\">\n  <img decoding=\"async\" src=\"https:\/\/www.meydan.tv\/az\/pervin-omerov\/\" alt=\"P\u0259rvin \u00d6m\u0259rov\" class=\"wp-image-114417\"\/><figcaption>\n    P\u0259rvin \u00d6m\u0259rov<br \/>\n  <\/figcaption><\/figure>\n<p>\n  \u201cH\u0259m i\u015f\u0131qs\u0131z qal\u0131r\u0131q, h\u0259m d\u0259 biz\u0259 maddi ziyan d\u0259yir. D\u0259f\u0259l\u0259rl\u0259 olub ki, elektrik cihazlar\u0131m\u0131z yan\u0131b. Soyuducu, paltaryuyan, televizor v\u0259 s. X\u0259rc\u0259 d\u00fc\u015fm\u00fc\u015f\u00fck. X\u0259tl\u0259r \u00e7ox k\u00f6hn\u0259dir. M\u00fc\u0259yy\u0259n bir hiss\u0259y\u0259d\u0259k \u00f6z imkan\u0131mla d\u0259yi\u015fmi\u015f\u0259m. Ona da bir 200-300 manat\u0131m \u00e7\u0131x\u0131b. Elektrik ustas\u0131 \u00e7a\u011f\u0131rm\u0131\u015fam, ona pul vermi\u015f\u0259m, materiallara x\u0259rcl\u0259mi\u015f\u0259m v\u0259 s. Ancaq geri qalan hiss\u0259sin\u0259 pulum \u00e7atm\u0131r. Qabaqdan \u0259m\u0259liyyat\u0131m\u0131n vaxt\u0131 g\u0259lir, \u00fcr\u0259kdir, ucuz da deyil. He\u00e7 bilmir\u0259m, onu nec\u0259 etdir\u0259c\u0259y\u0259m, qald\u0131 h\u0259r \u015fey\u0259 pul x\u0259rcl\u0259y\u0259 bilm\u0259r\u0259m. He\u00e7 yoxdur da\u201d.\n<\/p>\n<blockquote><p>\n  H\u0259r yer\u0259 yazm\u0131\u015fam, ortada he\u00e7 n\u0259 yoxdur\n<\/p><\/blockquote>\n<p>\n  P.\u00d6m\u0259rov v\u0259t\u0259nda\u015f kimi h\u0259r yer\u0259 \u015fikay\u0259t edib, m\u0259ktub g\u00f6nd\u0259rib. Ancaq bug\u00fcn\u0259d\u0259k bir n\u0259tic\u0259sinin olmad\u0131\u011f\u0131n\u0131 deyir:\n<\/p>\n<figure class=\"wp-block-image size-large\">\n  <img decoding=\"async\" src=\"https:\/\/www.meydan.tv\/az\/114411\/\" alt=\"\" class=\"wp-image-114411\"\/><figcaption><\/figcaption><\/figure>\n<p>\n  \u201cH\u0259r yer\u0259 yazm\u0131\u015fam, ortada he\u00e7 n\u0259 yoxdur. Qaz da b\u0259rbadd\u0131r, q\u0131\u015fd\u0131r, o q\u0259d\u0259r z\u0259ifdir ki, he\u00e7 evi isid\u0259 bilmirik. Bir t\u0259r\u0259fd\u0259n d\u0259 i\u015f\u0131q s\u00f6n\u0259nd\u0259 soyuqda qal\u0131r\u0131q. H\u0259r \u015fey problemdir. Bax\u0131n, \u015falbanlar\u0131n \u00e7oxu \u00e7\u00fcr\u00fcy\u00fcb, b\u0259rbad v\u0259ziyy\u0259td\u0259dir. Q\u0259zal\u0131 durumdur. Bir g\u00fcn a\u015fsa, \u00e7ox pis f\u0259sadlar\u0131 ola bil\u0259r\u201d.\n<\/p>\n<blockquote><p>\n  40 ildir g\u0259lib baxan olmay\u0131b, maraqlanmay\u0131blar\n<\/p><\/blockquote>\n<p>\n  P.\u00d6m\u0259rov deyir ki, onlardan pul ist\u0259m\u0259l\u0259ri azm\u0131\u015f kimi, h\u0259l\u0259 bu yax\u0131nlarda onu c\u0259rim\u0259l\u0259m\u0259k ist\u0259yirmi\u015fl\u0259r:\n<\/p>\n<figure class=\"wp-block-image size-large\">\n  <img decoding=\"async\" src=\"https:\/\/www.meydan.tv\/az\/114423\/\" alt=\"\" class=\"wp-image-114423\"\/><figcaption><\/figcaption><\/figure>\n<p>\n  \u201cG\u0259ldil\u0259r ki, s\u0259n k\u0259nar x\u0259tt \u00e7\u0259kmis\u0259n. Halbuki, axtard\u0131lar, n\u0259s\u0259 tapmad\u0131lar. Dan\u0131\u015f\u0131rlar d\u0259, bu da g\u0259lib \u00f6zl\u0259rinin \u00e7\u0259km\u0259yidir. \u00d6zl\u0259ri qura\u015fd\u0131rd\u0131qlar\u0131 say\u011facda s\u0259hv axtar\u0131rd\u0131lar, t\u0259s\u0259vv\u00fcr edirsiz? Ba\u015fqa vaxt yalvar\u0131r\u0131q, g\u0259lib x\u0259tl\u0259rimiz\u0259 baxm\u0131rlar he\u00e7. A\u011fac d\u0259yir, ba\u015flay\u0131r q\u0131\u011f\u0131lc\u0131mlanma\u011fa. Kabel al, dir\u0259k al, utanmasalar \u201c\u00e7\u0131x, i\u015f\u0131\u011f\u0131 da \u00f6z\u00fcn \u00e7\u0259k\u201d dey\u0259c\u0259kl\u0259r. Bu x\u0259tt hardasa 40 ildir var. \u0130ndiy\u0259 q\u0259d\u0259r g\u0259lib baxan olmay\u0131b, maraqlanmay\u0131blar. Transfarmator da pis v\u0259ziyy\u0259td\u0259dir. \u0130nan\u0131n el\u0259 pis s\u0259si g\u0259lir ki. O partlasa, h\u0259tta evl\u0259r\u0259 t\u0259sir ed\u0259c\u0259k. \u0130cra Hakimiyy\u0259tin\u0259, \u201cAz\u0259renerji\u201dy\u0259, Prezident Administrasiyas\u0131na, Mehriban xan\u0131m \u018fliyevaya m\u0259ktublar yazm\u0131\u015fam. He\u00e7 cavab bel\u0259 almam\u0131\u015fam. Bunlar da deyirl\u0259r ki, kim\u0259 ist\u0259yirsiniz yaz\u0131n, biz g\u0259lib \u00e7\u0259km\u0259s\u0259k, siz\u0259 k\u00f6m\u0259k olan deyil. N\u0259tic\u0259d\u0259 \u00e7\u0259kmirl\u0259r v\u0259 bu, biz\u0259 z\u00fclmd\u00fcr\u201d.\n<\/p>\n<blockquote><p>\n  Yax\u0131nla\u015fs\u0131n, n\u0259 problemi var, h\u0259ll ed\u0259k\n<\/p><\/blockquote>\n<p>\n  Meydan TV m\u0259s\u0259l\u0259y\u0259 m\u00fcnasib\u0259t \u00f6yr\u0259nm\u0259k \u00fc\u00e7\u00fcn G\u00f6y\u00e7ay Elektrik \u015e\u0259b\u0259k\u0259si il\u0259 \u0259laq\u0259 saxlay\u0131b. \u015e\u0259b\u0259k\u0259nin ba\u015f m\u00fch\u0259ndisi M\u00f6vs\u00fcm A\u011fayev deyib ki, onlar he\u00e7 bir v\u0259t\u0259nda\u015fa g\u00f6r\u00fcl\u0259c\u0259k i\u015fin materiallar\u0131n\u0131 ald\u0131rm\u0131rlar:\n<\/p>\n<figure class=\"wp-block-image size-large\">\n  <img decoding=\"async\" src=\"https:\/\/www.meydan.tv\/az\/114408\/\" alt=\"\" class=\"wp-image-114408\"\/><figcaption><\/figcaption><\/figure>\n<p>\n  \u201cBiz he\u00e7 kim\u0259 el\u0259 s\u00f6z demirik. Ad\u0259t\u0259n deyirik ki, \u0259riz\u0259 il\u0259 m\u00fcraci\u0259t edin, baxaq. \u018fg\u0259r yeni evdirs\u0259, Asan Xidm\u0259t\u0259 m\u00fcraci\u0259t etsinl\u0259r. Yox, k\u00f6hn\u0259 evdirs\u0259, dem\u0259li, bizim abonentdir, o zaman biz baxmal\u0131y\u0131q. G\u0259lsin, yax\u0131nla\u015fs\u0131n, n\u0259 problemi var, h\u0259ll ed\u0259k. Ham\u0131s\u0131 bizim hesab\u0131m\u0131za olacaq\u201d.<\/p>\n","protected":false},"excerpt":{"rendered":"<p>G\u00f6y\u00e7ay sakini: &#8221;Elektrik \u015e\u0259b\u0259k\u0259si \u00e7\u00fcr\u00fcy\u0259n dir\u0259kl\u0259rimizi yenil\u0259mir&#8221;<\/p>\n","protected":false},"author":11,"featured_media":114420,"comment_status":"closed","ping_status":"open","sticky":false,"template":"","format":"standard","meta":{"_acf_changed":false,"_sitemap_exclude":false,"_sitemap_priority":"","_sitemap_frequency":"","footnotes":""},"categories":[60],"tags":[],"class_list":["post-193090","post","type-post","status-publish","format-standard","has-post-thumbnail","hentry","category-bolge","infinite-scroll-item","generate-columns","tablet-grid-50","mobile-grid-100","grid-parent","grid-33","no-featured-image-padding"],"acf":[],"yoast_head":"<!-- This site is optimized with the Yoast SEO plugin v27.4 - https:\/\/yoast.com\/product\/yoast-seo-wordpress\/ -->\n<title>&#039;&#039;Kabel al, dir\u0259k al, utanmasalar &#039;&#039;i\u015f\u0131\u011f\u0131 da \u00f6z\u00fcn \u00e7\u0259k&#039;&#039; dey\u0259c\u0259kl\u0259r&#039;&#039; - MEYDAN.TV<\/title>\n<meta name=\"robots\" content=\"index, follow, max-snippet:-1, max-image-preview:large, max-video-preview:-1\" \/>\n<link rel=\"canonical\" href=\"https:\/\/www.meydan.tv\/az\/article\/kabel-al-direk-al-utanmasalar-isigi-da-ozun-cek-deyecekler\/\" \/>\n<meta property=\"og:locale\" content=\"az_AZ\" \/>\n<meta property=\"og:type\" content=\"article\" \/>\n<meta property=\"og:title\" content=\"&#039;&#039;Kabel al, dir\u0259k al, utanmasalar &#039;&#039;i\u015f\u0131\u011f\u0131 da \u00f6z\u00fcn \u00e7\u0259k&#039;&#039; dey\u0259c\u0259kl\u0259r&#039;&#039; - MEYDAN.TV\" \/>\n<meta property=\"og:description\" content=\"G\u00f6y\u00e7ay sakini: &#039;&#039;Elektrik \u015e\u0259b\u0259k\u0259si \u00e7\u00fcr\u00fcy\u0259n dir\u0259kl\u0259rimizi yenil\u0259mir&#039;&#039;\" \/>\n<meta property=\"og:url\" content=\"https:\/\/www.meydan.tv\/az\/article\/kabel-al-direk-al-utanmasalar-isigi-da-ozun-cek-deyecekler\/\" \/>\n<meta property=\"og:site_name\" content=\"MEYDAN.TV\" \/>\n<meta property=\"article:published_time\" content=\"2018-12-19T14:57:56+00:00\" \/>\n<meta property=\"og:image\" content=\"https:\/\/www.meydan.tv\/wp-content\/uploads\/45577-scaled.jpg\" \/>\n\t<meta property=\"og:image:width\" content=\"2560\" \/>\n\t<meta property=\"og:image:height\" content=\"1920\" \/>\n\t<meta property=\"og:image:type\" content=\"image\/jpeg\" \/>\n<meta name=\"author\" content=\"user-manager\" \/>\n<meta name=\"twitter:card\" content=\"summary_large_image\" \/>\n<script type=\"application\/ld+json\" class=\"yoast-schema-graph\">{\"@context\":\"https:\\\/\\\/schema.org\",\"@graph\":[{\"@type\":\"Article\",\"@id\":\"https:\\\/\\\/www.meydan.tv\\\/az\\\/article\\\/kabel-al-direk-al-utanmasalar-isigi-da-ozun-cek-deyecekler\\\/#article\",\"isPartOf\":{\"@id\":\"https:\\\/\\\/www.meydan.tv\\\/az\\\/article\\\/kabel-al-direk-al-utanmasalar-isigi-da-ozun-cek-deyecekler\\\/\"},\"author\":{\"name\":\"user-manager\",\"@id\":\"https:\\\/\\\/www.meydan.tv\\\/az\\\/#\\\/schema\\\/person\\\/10d11eccf6da3662cf5fdab9806ea91a\"},\"headline\":\"&#8221;Kabel al, dir\u0259k al, utanmasalar &#8221;i\u015f\u0131\u011f\u0131 da \u00f6z\u00fcn \u00e7\u0259k&#8221; dey\u0259c\u0259kl\u0259r&#8221;\",\"datePublished\":\"2018-12-19T14:57:56+00:00\",\"mainEntityOfPage\":{\"@id\":\"https:\\\/\\\/www.meydan.tv\\\/az\\\/article\\\/kabel-al-direk-al-utanmasalar-isigi-da-ozun-cek-deyecekler\\\/\"},\"wordCount\":1014,\"publisher\":{\"@id\":\"https:\\\/\\\/www.meydan.tv\\\/az\\\/#organization\"},\"image\":{\"@id\":\"https:\\\/\\\/www.meydan.tv\\\/az\\\/article\\\/kabel-al-direk-al-utanmasalar-isigi-da-ozun-cek-deyecekler\\\/#primaryimage\"},\"thumbnailUrl\":\"https:\\\/\\\/www.meydan.tv\\\/wp-content\\\/uploads\\\/45577-scaled.jpg\",\"articleSection\":[\"B\u00f6lg\u0259\"],\"inLanguage\":\"az\"},{\"@type\":\"WebPage\",\"@id\":\"https:\\\/\\\/www.meydan.tv\\\/az\\\/article\\\/kabel-al-direk-al-utanmasalar-isigi-da-ozun-cek-deyecekler\\\/\",\"url\":\"https:\\\/\\\/www.meydan.tv\\\/az\\\/article\\\/kabel-al-direk-al-utanmasalar-isigi-da-ozun-cek-deyecekler\\\/\",\"name\":\"''Kabel al, dir\u0259k al, utanmasalar ''i\u015f\u0131\u011f\u0131 da \u00f6z\u00fcn \u00e7\u0259k'' dey\u0259c\u0259kl\u0259r'' - MEYDAN.TV\",\"isPartOf\":{\"@id\":\"https:\\\/\\\/www.meydan.tv\\\/az\\\/#website\"},\"primaryImageOfPage\":{\"@id\":\"https:\\\/\\\/www.meydan.tv\\\/az\\\/article\\\/kabel-al-direk-al-utanmasalar-isigi-da-ozun-cek-deyecekler\\\/#primaryimage\"},\"image\":{\"@id\":\"https:\\\/\\\/www.meydan.tv\\\/az\\\/article\\\/kabel-al-direk-al-utanmasalar-isigi-da-ozun-cek-deyecekler\\\/#primaryimage\"},\"thumbnailUrl\":\"https:\\\/\\\/www.meydan.tv\\\/wp-content\\\/uploads\\\/45577-scaled.jpg\",\"datePublished\":\"2018-12-19T14:57:56+00:00\",\"breadcrumb\":{\"@id\":\"https:\\\/\\\/www.meydan.tv\\\/az\\\/article\\\/kabel-al-direk-al-utanmasalar-isigi-da-ozun-cek-deyecekler\\\/#breadcrumb\"},\"inLanguage\":\"az\",\"potentialAction\":[{\"@type\":\"ReadAction\",\"target\":[\"https:\\\/\\\/www.meydan.tv\\\/az\\\/article\\\/kabel-al-direk-al-utanmasalar-isigi-da-ozun-cek-deyecekler\\\/\"]}]},{\"@type\":\"ImageObject\",\"inLanguage\":\"az\",\"@id\":\"https:\\\/\\\/www.meydan.tv\\\/az\\\/article\\\/kabel-al-direk-al-utanmasalar-isigi-da-ozun-cek-deyecekler\\\/#primaryimage\",\"url\":\"https:\\\/\\\/www.meydan.tv\\\/wp-content\\\/uploads\\\/45577-scaled.jpg\",\"contentUrl\":\"https:\\\/\\\/www.meydan.tv\\\/wp-content\\\/uploads\\\/45577-scaled.jpg\",\"width\":2560,\"height\":1920,\"caption\":\"Source:\"},{\"@type\":\"BreadcrumbList\",\"@id\":\"https:\\\/\\\/www.meydan.tv\\\/az\\\/article\\\/kabel-al-direk-al-utanmasalar-isigi-da-ozun-cek-deyecekler\\\/#breadcrumb\",\"itemListElement\":[{\"@type\":\"ListItem\",\"position\":1,\"name\":\"Ana s\u0259hif\u0259\",\"item\":\"https:\\\/\\\/www.meydan.tv\\\/az\\\/\"},{\"@type\":\"ListItem\",\"position\":2,\"name\":\"B\u00f6lg\u0259\",\"item\":\"https:\\\/\\\/www.meydan.tv\\\/az\\\/section\\\/bolge\\\/\"},{\"@type\":\"ListItem\",\"position\":3,\"name\":\"&#8221;Kabel al, dir\u0259k al, utanmasalar &#8221;i\u015f\u0131\u011f\u0131 da \u00f6z\u00fcn \u00e7\u0259k&#8221; dey\u0259c\u0259kl\u0259r&#8221;\"}]},{\"@type\":\"WebSite\",\"@id\":\"https:\\\/\\\/www.meydan.tv\\\/az\\\/#website\",\"url\":\"https:\\\/\\\/www.meydan.tv\\\/az\\\/\",\"name\":\"MEYDAN.TV\",\"description\":\"Meydan TV Az\u0259rbaycan\u0131n media m\u0259kan\u0131ndak\u0131 alternativ s\u0259sidir\",\"publisher\":{\"@id\":\"https:\\\/\\\/www.meydan.tv\\\/az\\\/#organization\"},\"potentialAction\":[{\"@type\":\"SearchAction\",\"target\":{\"@type\":\"EntryPoint\",\"urlTemplate\":\"https:\\\/\\\/www.meydan.tv\\\/az\\\/?s={search_term_string}\"},\"query-input\":{\"@type\":\"PropertyValueSpecification\",\"valueRequired\":true,\"valueName\":\"search_term_string\"}}],\"inLanguage\":\"az\"},{\"@type\":\"Organization\",\"@id\":\"https:\\\/\\\/www.meydan.tv\\\/az\\\/#organization\",\"name\":\"Meydan TV\",\"url\":\"https:\\\/\\\/www.meydan.tv\\\/az\\\/\",\"logo\":{\"@type\":\"ImageObject\",\"inLanguage\":\"az\",\"@id\":\"https:\\\/\\\/www.meydan.tv\\\/az\\\/#\\\/schema\\\/logo\\\/image\\\/\",\"url\":\"https:\\\/\\\/www.meydan.tv\\\/wp-content\\\/uploads\\\/2021\\\/07\\\/meydan-logo.svg\",\"contentUrl\":\"https:\\\/\\\/www.meydan.tv\\\/wp-content\\\/uploads\\\/2021\\\/07\\\/meydan-logo.svg\",\"width\":195,\"height\":46,\"caption\":\"Meydan TV\"},\"image\":{\"@id\":\"https:\\\/\\\/www.meydan.tv\\\/az\\\/#\\\/schema\\\/logo\\\/image\\\/\"}},{\"@type\":\"Person\",\"@id\":\"https:\\\/\\\/www.meydan.tv\\\/az\\\/#\\\/schema\\\/person\\\/10d11eccf6da3662cf5fdab9806ea91a\",\"name\":\"user-manager\"}]}<\/script>\n<!-- \/ Yoast SEO plugin. -->","yoast_head_json":{"title":"''Kabel al, dir\u0259k al, utanmasalar ''i\u015f\u0131\u011f\u0131 da \u00f6z\u00fcn \u00e7\u0259k'' dey\u0259c\u0259kl\u0259r'' - MEYDAN.TV","robots":{"index":"index","follow":"follow","max-snippet":"max-snippet:-1","max-image-preview":"max-image-preview:large","max-video-preview":"max-video-preview:-1"},"canonical":"https:\/\/www.meydan.tv\/az\/article\/kabel-al-direk-al-utanmasalar-isigi-da-ozun-cek-deyecekler\/","og_locale":"az_AZ","og_type":"article","og_title":"''Kabel al, dir\u0259k al, utanmasalar ''i\u015f\u0131\u011f\u0131 da \u00f6z\u00fcn \u00e7\u0259k'' dey\u0259c\u0259kl\u0259r'' - MEYDAN.TV","og_description":"G\u00f6y\u00e7ay sakini: ''Elektrik \u015e\u0259b\u0259k\u0259si \u00e7\u00fcr\u00fcy\u0259n dir\u0259kl\u0259rimizi yenil\u0259mir''","og_url":"https:\/\/www.meydan.tv\/az\/article\/kabel-al-direk-al-utanmasalar-isigi-da-ozun-cek-deyecekler\/","og_site_name":"MEYDAN.TV","article_published_time":"2018-12-19T14:57:56+00:00","og_image":[{"width":2560,"height":1920,"url":"https:\/\/www.meydan.tv\/wp-content\/uploads\/45577-scaled.jpg","type":"image\/jpeg"}],"author":"user-manager","twitter_card":"summary_large_image","schema":{"@context":"https:\/\/schema.org","@graph":[{"@type":"Article","@id":"https:\/\/www.meydan.tv\/az\/article\/kabel-al-direk-al-utanmasalar-isigi-da-ozun-cek-deyecekler\/#article","isPartOf":{"@id":"https:\/\/www.meydan.tv\/az\/article\/kabel-al-direk-al-utanmasalar-isigi-da-ozun-cek-deyecekler\/"},"author":{"name":"user-manager","@id":"https:\/\/www.meydan.tv\/az\/#\/schema\/person\/10d11eccf6da3662cf5fdab9806ea91a"},"headline":"&#8221;Kabel al, dir\u0259k al, utanmasalar &#8221;i\u015f\u0131\u011f\u0131 da \u00f6z\u00fcn \u00e7\u0259k&#8221; dey\u0259c\u0259kl\u0259r&#8221;","datePublished":"2018-12-19T14:57:56+00:00","mainEntityOfPage":{"@id":"https:\/\/www.meydan.tv\/az\/article\/kabel-al-direk-al-utanmasalar-isigi-da-ozun-cek-deyecekler\/"},"wordCount":1014,"publisher":{"@id":"https:\/\/www.meydan.tv\/az\/#organization"},"image":{"@id":"https:\/\/www.meydan.tv\/az\/article\/kabel-al-direk-al-utanmasalar-isigi-da-ozun-cek-deyecekler\/#primaryimage"},"thumbnailUrl":"https:\/\/www.meydan.tv\/wp-content\/uploads\/45577-scaled.jpg","articleSection":["B\u00f6lg\u0259"],"inLanguage":"az"},{"@type":"WebPage","@id":"https:\/\/www.meydan.tv\/az\/article\/kabel-al-direk-al-utanmasalar-isigi-da-ozun-cek-deyecekler\/","url":"https:\/\/www.meydan.tv\/az\/article\/kabel-al-direk-al-utanmasalar-isigi-da-ozun-cek-deyecekler\/","name":"''Kabel al, dir\u0259k al, utanmasalar ''i\u015f\u0131\u011f\u0131 da \u00f6z\u00fcn \u00e7\u0259k'' dey\u0259c\u0259kl\u0259r'' - MEYDAN.TV","isPartOf":{"@id":"https:\/\/www.meydan.tv\/az\/#website"},"primaryImageOfPage":{"@id":"https:\/\/www.meydan.tv\/az\/article\/kabel-al-direk-al-utanmasalar-isigi-da-ozun-cek-deyecekler\/#primaryimage"},"image":{"@id":"https:\/\/www.meydan.tv\/az\/article\/kabel-al-direk-al-utanmasalar-isigi-da-ozun-cek-deyecekler\/#primaryimage"},"thumbnailUrl":"https:\/\/www.meydan.tv\/wp-content\/uploads\/45577-scaled.jpg","datePublished":"2018-12-19T14:57:56+00:00","breadcrumb":{"@id":"https:\/\/www.meydan.tv\/az\/article\/kabel-al-direk-al-utanmasalar-isigi-da-ozun-cek-deyecekler\/#breadcrumb"},"inLanguage":"az","potentialAction":[{"@type":"ReadAction","target":["https:\/\/www.meydan.tv\/az\/article\/kabel-al-direk-al-utanmasalar-isigi-da-ozun-cek-deyecekler\/"]}]},{"@type":"ImageObject","inLanguage":"az","@id":"https:\/\/www.meydan.tv\/az\/article\/kabel-al-direk-al-utanmasalar-isigi-da-ozun-cek-deyecekler\/#primaryimage","url":"https:\/\/www.meydan.tv\/wp-content\/uploads\/45577-scaled.jpg","contentUrl":"https:\/\/www.meydan.tv\/wp-content\/uploads\/45577-scaled.jpg","width":2560,"height":1920,"caption":"Source:"},{"@type":"BreadcrumbList","@id":"https:\/\/www.meydan.tv\/az\/article\/kabel-al-direk-al-utanmasalar-isigi-da-ozun-cek-deyecekler\/#breadcrumb","itemListElement":[{"@type":"ListItem","position":1,"name":"Ana s\u0259hif\u0259","item":"https:\/\/www.meydan.tv\/az\/"},{"@type":"ListItem","position":2,"name":"B\u00f6lg\u0259","item":"https:\/\/www.meydan.tv\/az\/section\/bolge\/"},{"@type":"ListItem","position":3,"name":"&#8221;Kabel al, dir\u0259k al, utanmasalar &#8221;i\u015f\u0131\u011f\u0131 da \u00f6z\u00fcn \u00e7\u0259k&#8221; dey\u0259c\u0259kl\u0259r&#8221;"}]},{"@type":"WebSite","@id":"https:\/\/www.meydan.tv\/az\/#website","url":"https:\/\/www.meydan.tv\/az\/","name":"MEYDAN.TV","description":"Meydan TV Az\u0259rbaycan\u0131n media m\u0259kan\u0131ndak\u0131 alternativ s\u0259sidir","publisher":{"@id":"https:\/\/www.meydan.tv\/az\/#organization"},"potentialAction":[{"@type":"SearchAction","target":{"@type":"EntryPoint","urlTemplate":"https:\/\/www.meydan.tv\/az\/?s={search_term_string}"},"query-input":{"@type":"PropertyValueSpecification","valueRequired":true,"valueName":"search_term_string"}}],"inLanguage":"az"},{"@type":"Organization","@id":"https:\/\/www.meydan.tv\/az\/#organization","name":"Meydan TV","url":"https:\/\/www.meydan.tv\/az\/","logo":{"@type":"ImageObject","inLanguage":"az","@id":"https:\/\/www.meydan.tv\/az\/#\/schema\/logo\/image\/","url":"https:\/\/www.meydan.tv\/wp-content\/uploads\/2021\/07\/meydan-logo.svg","contentUrl":"https:\/\/www.meydan.tv\/wp-content\/uploads\/2021\/07\/meydan-logo.svg","width":195,"height":46,"caption":"Meydan TV"},"image":{"@id":"https:\/\/www.meydan.tv\/az\/#\/schema\/logo\/image\/"}},{"@type":"Person","@id":"https:\/\/www.meydan.tv\/az\/#\/schema\/person\/10d11eccf6da3662cf5fdab9806ea91a","name":"user-manager"}]}},"_links":{"self":[{"href":"https:\/\/www.meydan.tv\/az\/wp-json\/wp\/v2\/posts\/193090","targetHints":{"allow":["GET"]}}],"collection":[{"href":"https:\/\/www.meydan.tv\/az\/wp-json\/wp\/v2\/posts"}],"about":[{"href":"https:\/\/www.meydan.tv\/az\/wp-json\/wp\/v2\/types\/post"}],"author":[{"embeddable":true,"href":"https:\/\/www.meydan.tv\/az\/wp-json\/wp\/v2\/users\/11"}],"replies":[{"embeddable":true,"href":"https:\/\/www.meydan.tv\/az\/wp-json\/wp\/v2\/comments?post=193090"}],"version-history":[{"count":0,"href":"https:\/\/www.meydan.tv\/az\/wp-json\/wp\/v2\/posts\/193090\/revisions"}],"wp:featuredmedia":[{"embeddable":true,"href":"https:\/\/www.meydan.tv\/az\/wp-json\/wp\/v2\/media\/114420"}],"wp:attachment":[{"href":"https:\/\/www.meydan.tv\/az\/wp-json\/wp\/v2\/media?parent=193090"}],"wp:term":[{"taxonomy":"category","embeddable":true,"href":"https:\/\/www.meydan.tv\/az\/wp-json\/wp\/v2\/categories?post=193090"},{"taxonomy":"post_tag","embeddable":true,"href":"https:\/\/www.meydan.tv\/az\/wp-json\/wp\/v2\/tags?post=193090"}],"curies":[{"name":"wp","href":"https:\/\/api.w.org\/{rel}","templated":true}]}}