{"id":193074,"date":"2018-12-18T16:17:30","date_gmt":"2018-12-18T16:17:30","guid":{"rendered":"https:\/\/www.meydan.tv\/article\/sehid-veresesini-polis-idaresine-cagiriblar\/"},"modified":"2018-12-18T16:17:30","modified_gmt":"2018-12-18T16:17:30","slug":"sehid-veresesini-polis-idaresine-cagiriblar","status":"publish","type":"post","link":"https:\/\/www.meydan.tv\/az\/article\/sehid-veresesini-polis-idaresine-cagiriblar\/","title":{"rendered":"\u015e\u0259hid v\u0259r\u0259s\u0259sini polis idar\u0259sin\u0259 \u00e7a\u011f\u0131r\u0131blar"},"content":{"rendered":"<figure class=\"wp-block-image size-large\">\n  <img decoding=\"async\" src=\"https:\/\/www.meydan.tv\/az\/114351\/\" alt=\"\" class=\"wp-image-114351\"\/><figcaption><\/figcaption><\/figure>\n<p>\n  <i><br \/>\n    Sevinc Quluzad\u0259: &#8221;Dedil\u0259r problemi v\u0259kil vasit\u0259sil\u0259 h\u0259ll edin&#8221;<br \/>\n  <\/i>\n<\/p>\n<p>\n  \u015e\u0259hid ail\u0259l\u0259rind\u0259n olan Sevinc Quluzad\u0259ni Sabun\u00e7u Rayon Polis \u0130dar\u0259sin\u0259 \u00e7a\u011f\u0131r\u0131blar.\n<\/p>\n<p>\n  O, bu bar\u0259d\u0259 Meydan TV-y\u0259 dan\u0131\u015f\u0131b.\n<\/p>\n<p>\n  Sevinc Quluzad\u0259 bildirib ki, ona dekabr\u0131n 18-d\u0259 z\u0259ng edibl\u0259r:\n<\/p>\n<p>\n  \u201cT\u0259cili Sabun\u00e7u rayon Polis \u0130dar\u0259sin\u0259 d\u0259v\u0259t etdil\u0259r. \u0130dar\u0259d\u0259 m\u0259ni r\u0259is m\u00fcavini q\u0259bul etdi. Soru\u015fdum ki, m\u0259n qanpulu il\u0259 ba\u011fl\u0131 m\u0259hk\u0259m\u0259y\u0259 m\u00fcraci\u0259t etmi\u015f\u0259m, siz m\u0259ni niy\u0259 ikinci d\u0259f\u0259dir bura \u00e7a\u011f\u0131r\u0131rs\u0131n\u0131z? O dedi ki, siz cinay\u0259t etm\u0259misiniz, sad\u0259c\u0259 s\u00f6hb\u0259t\u0259 \u00e7a\u011f\u0131rm\u0131\u015f\u0131q. M\u0259n\u0259 dedi, sizd\u0259n istifad\u0259 edirl\u0259r. V\u0259kill\u0259rinizl\u0259 g\u00f6r\u00fc\u015f\u00fcn, problemi onlar\u0131n vasit\u0259si il\u0259 h\u0259ll etm\u0259y\u0259 \u00e7al\u0131\u015f\u0131n\u201d.\n<\/p>\n<p>\n  <a href=\"\/az\/article\/ilham-eliyev-hele-de-icra-olunmayan-fermanindan-danisdi\/\"><br \/>\n    Prezident \u0130lham \u018fliyev<br \/>\n  <\/a><br \/>\n  dekabr\u0131n 17-d\u0259 Sabun\u00e7u rayonunda h\u0259rb\u00e7il\u0259r\u0259 yeni m\u0259nzill\u0259rin verilm\u0259si m\u0259rasimind\u0259 \u015f\u0259hid ail\u0259l\u0259rin\u0259 11 min manat pulun verilm\u0259si bar\u0259d\u0259 F\u0259rman bar\u0259d\u0259 dan\u0131\u015f\u0131b.\n<\/p>\n<p>\n  D\u00f6vl\u0259t ba\u015f\u00e7\u0131s\u0131 deyib ki, t\u0259qrib\u0259n, 10 min\u0259 yax\u0131n ail\u0259 d\u00f6vl\u0259t t\u0259r\u0259find\u0259n pul t\u0259minat\u0131n\u0131 alacaq. Haz\u0131rda siyah\u0131lar d\u0259qiql\u0259\u015fdirilir.\n<\/p>\n<p>\n  \u201cBu, d\u00f6vl\u0259tin \u00f6z \u015f\u0259hidl\u0259rinin q\u0259hr\u0259manl\u0131\u011f\u0131na g\u00f6r\u0259 g\u00f6st\u0259rdiyi diqq\u0259tdir, onlar\u0131n ail\u0259l\u0259rin\u0259 g\u00f6st\u0259rdiyi qay\u011f\u0131d\u0131r. Ancaq t\u0259bii ki, h\u0259r sah\u0259d\u0259 oldu\u011fu kimi, bu sah\u0259d\u0259 d\u0259 \u0259dal\u0259t prinsipi \u0259sas olmal\u0131d\u0131r\u201d.\n<\/p>\n<p>\n  \u0130lham \u018fliyev xat\u0131rlad\u0131b ki, aprel ay\u0131nda n\u00f6vb\u0259d\u0259nk\u0259nar prezident se\u00e7kil\u0259rind\u0259n sonra imzalad\u0131\u011f\u0131 birinci F\u0259rman \u015f\u0259hidl\u0259rin v\u0259r\u0259s\u0259l\u0259rinin maddi v\u0259ziyy\u0259tinin yax\u015f\u0131la\u015fd\u0131r\u0131lmas\u0131 haqq\u0131nda olub.\n<\/p>\n<p>\n  \u201cV\u0259r\u0259s\u0259l\u0259r\u0259 d\u00f6vl\u0259t t\u0259r\u0259find\u0259n 11 min manat v\u0259sait verilm\u0259si n\u0259z\u0259rd\u0259 tutulub. Art\u0131q bu v\u0259saitin verilm\u0259si prosesi ba\u015flam\u0131\u015fd\u0131r\u201d.\n<\/p>\n<p>\n  Prezident \u0130lham \u018fliyev aprelin 19-da \u201cAz\u0259rbaycan Respublikas\u0131n\u0131n \u0259razi b\u00fct\u00f6vl\u00fcy\u00fc u\u011frunda h\u0259lak olmu\u015f, \u00f6lm\u00fc\u015f v\u0259 h\u0259rbi \u0259m\u0259liyyatlarla \u0259laq\u0259dar x\u0259b\u0259rsiz itkin d\u00fc\u015fd\u00fcy\u00fcn\u0259 g\u00f6r\u0259 \u00f6lm\u00fc\u015f elan edilmi\u015f h\u0259rbi qulluq\u00e7ular\u0131n ail\u0259 \u00fczvl\u0259rinin sosial m\u00fcdafi\u0259sinin yax\u015f\u0131la\u015fd\u0131r\u0131lmas\u0131 il\u0259 ba\u011fl\u0131 \u0259lav\u0259 t\u0259dbirl\u0259r haqq\u0131nda\u201d f\u0259rman imzalay\u0131b.\n<\/p>\n<p>\n  F\u0259rmana \u0259sas\u0259n \u015f\u0259hid h\u0259rbi qulluq\u00e7ular\u0131n v\u0259r\u0259s\u0259l\u0259rin\u0259 bird\u0259f\u0259lik \u00f6d\u0259m\u0259l\u0259rin (11 min manat) verilm\u0259si mexanizmini m\u00fc\u0259yy\u0259n ed\u0259n Qaydalar\u0131n layih\u0259si haz\u0131rlansa da, indiy\u0259 q\u0259d\u0259r bir \u00e7ox \u015f\u0259hid ail\u0259si m\u00fcavin\u0259tl\u0259rini ala bilm\u0259dikl\u0259rini deyirl\u0259r.<\/p>\n","protected":false},"excerpt":{"rendered":"<p>Sevinc Quluzad\u0259: &#8221;Dedil\u0259r problemi v\u0259kil vasit\u0259sil\u0259 h\u0259ll edin&#8221;<\/p>\n","protected":false},"author":11,"featured_media":114351,"comment_status":"closed","ping_status":"open","sticky":false,"template":"","format":"standard","meta":{"_acf_changed":false,"_sitemap_exclude":false,"_sitemap_priority":"","_sitemap_frequency":"","footnotes":""},"categories":[56],"tags":[],"class_list":["post-193074","post","type-post","status-publish","format-standard","has-post-thumbnail","hentry","category-xeberler","infinite-scroll-item","generate-columns","tablet-grid-50","mobile-grid-100","grid-parent","grid-33","no-featured-image-padding"],"acf":[],"yoast_head":"<!-- This site is optimized with the Yoast SEO plugin v27.4 - https:\/\/yoast.com\/product\/yoast-seo-wordpress\/ -->\n<title>\u015e\u0259hid v\u0259r\u0259s\u0259sini polis idar\u0259sin\u0259 \u00e7a\u011f\u0131r\u0131blar - MEYDAN.TV<\/title>\n<meta name=\"robots\" content=\"index, follow, max-snippet:-1, max-image-preview:large, max-video-preview:-1\" \/>\n<link rel=\"canonical\" href=\"https:\/\/www.meydan.tv\/az\/article\/sehid-veresesini-polis-idaresine-cagiriblar\/\" \/>\n<meta property=\"og:locale\" content=\"az_AZ\" \/>\n<meta property=\"og:type\" content=\"article\" \/>\n<meta property=\"og:title\" content=\"\u015e\u0259hid v\u0259r\u0259s\u0259sini polis idar\u0259sin\u0259 \u00e7a\u011f\u0131r\u0131blar - MEYDAN.TV\" \/>\n<meta property=\"og:description\" content=\"Sevinc Quluzad\u0259: &#039;&#039;Dedil\u0259r problemi v\u0259kil vasit\u0259sil\u0259 h\u0259ll edin&#039;&#039;\" \/>\n<meta property=\"og:url\" content=\"https:\/\/www.meydan.tv\/az\/article\/sehid-veresesini-polis-idaresine-cagiriblar\/\" \/>\n<meta property=\"og:site_name\" content=\"MEYDAN.TV\" \/>\n<meta property=\"article:published_time\" content=\"2018-12-18T16:17:30+00:00\" \/>\n<meta property=\"og:image\" content=\"https:\/\/www.meydan.tv\/wp-content\/uploads\/45554-scaled.jpg\" \/>\n\t<meta property=\"og:image:width\" content=\"2560\" \/>\n\t<meta property=\"og:image:height\" content=\"1920\" \/>\n\t<meta property=\"og:image:type\" content=\"image\/jpeg\" \/>\n<meta name=\"author\" content=\"user-manager\" \/>\n<meta name=\"twitter:card\" content=\"summary_large_image\" \/>\n<script type=\"application\/ld+json\" class=\"yoast-schema-graph\">{\"@context\":\"https:\\\/\\\/schema.org\",\"@graph\":[{\"@type\":\"Article\",\"@id\":\"https:\\\/\\\/www.meydan.tv\\\/az\\\/article\\\/sehid-veresesini-polis-idaresine-cagiriblar\\\/#article\",\"isPartOf\":{\"@id\":\"https:\\\/\\\/www.meydan.tv\\\/az\\\/article\\\/sehid-veresesini-polis-idaresine-cagiriblar\\\/\"},\"author\":{\"name\":\"user-manager\",\"@id\":\"https:\\\/\\\/www.meydan.tv\\\/az\\\/#\\\/schema\\\/person\\\/10d11eccf6da3662cf5fdab9806ea91a\"},\"headline\":\"\u015e\u0259hid v\u0259r\u0259s\u0259sini polis idar\u0259sin\u0259 \u00e7a\u011f\u0131r\u0131blar\",\"datePublished\":\"2018-12-18T16:17:30+00:00\",\"mainEntityOfPage\":{\"@id\":\"https:\\\/\\\/www.meydan.tv\\\/az\\\/article\\\/sehid-veresesini-polis-idaresine-cagiriblar\\\/\"},\"wordCount\":487,\"publisher\":{\"@id\":\"https:\\\/\\\/www.meydan.tv\\\/az\\\/#organization\"},\"image\":{\"@id\":\"https:\\\/\\\/www.meydan.tv\\\/az\\\/article\\\/sehid-veresesini-polis-idaresine-cagiriblar\\\/#primaryimage\"},\"thumbnailUrl\":\"https:\\\/\\\/www.meydan.tv\\\/wp-content\\\/uploads\\\/45554-scaled.jpg\",\"articleSection\":[\"X\u0259b\u0259rl\u0259r\"],\"inLanguage\":\"az\"},{\"@type\":\"WebPage\",\"@id\":\"https:\\\/\\\/www.meydan.tv\\\/az\\\/article\\\/sehid-veresesini-polis-idaresine-cagiriblar\\\/\",\"url\":\"https:\\\/\\\/www.meydan.tv\\\/az\\\/article\\\/sehid-veresesini-polis-idaresine-cagiriblar\\\/\",\"name\":\"\u015e\u0259hid v\u0259r\u0259s\u0259sini polis idar\u0259sin\u0259 \u00e7a\u011f\u0131r\u0131blar - MEYDAN.TV\",\"isPartOf\":{\"@id\":\"https:\\\/\\\/www.meydan.tv\\\/az\\\/#website\"},\"primaryImageOfPage\":{\"@id\":\"https:\\\/\\\/www.meydan.tv\\\/az\\\/article\\\/sehid-veresesini-polis-idaresine-cagiriblar\\\/#primaryimage\"},\"image\":{\"@id\":\"https:\\\/\\\/www.meydan.tv\\\/az\\\/article\\\/sehid-veresesini-polis-idaresine-cagiriblar\\\/#primaryimage\"},\"thumbnailUrl\":\"https:\\\/\\\/www.meydan.tv\\\/wp-content\\\/uploads\\\/45554-scaled.jpg\",\"datePublished\":\"2018-12-18T16:17:30+00:00\",\"breadcrumb\":{\"@id\":\"https:\\\/\\\/www.meydan.tv\\\/az\\\/article\\\/sehid-veresesini-polis-idaresine-cagiriblar\\\/#breadcrumb\"},\"inLanguage\":\"az\",\"potentialAction\":[{\"@type\":\"ReadAction\",\"target\":[\"https:\\\/\\\/www.meydan.tv\\\/az\\\/article\\\/sehid-veresesini-polis-idaresine-cagiriblar\\\/\"]}]},{\"@type\":\"ImageObject\",\"inLanguage\":\"az\",\"@id\":\"https:\\\/\\\/www.meydan.tv\\\/az\\\/article\\\/sehid-veresesini-polis-idaresine-cagiriblar\\\/#primaryimage\",\"url\":\"https:\\\/\\\/www.meydan.tv\\\/wp-content\\\/uploads\\\/45554-scaled.jpg\",\"contentUrl\":\"https:\\\/\\\/www.meydan.tv\\\/wp-content\\\/uploads\\\/45554-scaled.jpg\",\"width\":2560,\"height\":1920,\"caption\":\"Source:\"},{\"@type\":\"BreadcrumbList\",\"@id\":\"https:\\\/\\\/www.meydan.tv\\\/az\\\/article\\\/sehid-veresesini-polis-idaresine-cagiriblar\\\/#breadcrumb\",\"itemListElement\":[{\"@type\":\"ListItem\",\"position\":1,\"name\":\"Ana s\u0259hif\u0259\",\"item\":\"https:\\\/\\\/www.meydan.tv\\\/az\\\/\"},{\"@type\":\"ListItem\",\"position\":2,\"name\":\"X\u0259b\u0259rl\u0259r\",\"item\":\"https:\\\/\\\/www.meydan.tv\\\/az\\\/section\\\/xeberler\\\/\"},{\"@type\":\"ListItem\",\"position\":3,\"name\":\"\u015e\u0259hid v\u0259r\u0259s\u0259sini polis idar\u0259sin\u0259 \u00e7a\u011f\u0131r\u0131blar\"}]},{\"@type\":\"WebSite\",\"@id\":\"https:\\\/\\\/www.meydan.tv\\\/az\\\/#website\",\"url\":\"https:\\\/\\\/www.meydan.tv\\\/az\\\/\",\"name\":\"MEYDAN.TV\",\"description\":\"Meydan TV Az\u0259rbaycan\u0131n media m\u0259kan\u0131ndak\u0131 alternativ s\u0259sidir\",\"publisher\":{\"@id\":\"https:\\\/\\\/www.meydan.tv\\\/az\\\/#organization\"},\"potentialAction\":[{\"@type\":\"SearchAction\",\"target\":{\"@type\":\"EntryPoint\",\"urlTemplate\":\"https:\\\/\\\/www.meydan.tv\\\/az\\\/?s={search_term_string}\"},\"query-input\":{\"@type\":\"PropertyValueSpecification\",\"valueRequired\":true,\"valueName\":\"search_term_string\"}}],\"inLanguage\":\"az\"},{\"@type\":\"Organization\",\"@id\":\"https:\\\/\\\/www.meydan.tv\\\/az\\\/#organization\",\"name\":\"Meydan TV\",\"url\":\"https:\\\/\\\/www.meydan.tv\\\/az\\\/\",\"logo\":{\"@type\":\"ImageObject\",\"inLanguage\":\"az\",\"@id\":\"https:\\\/\\\/www.meydan.tv\\\/az\\\/#\\\/schema\\\/logo\\\/image\\\/\",\"url\":\"https:\\\/\\\/www.meydan.tv\\\/wp-content\\\/uploads\\\/2021\\\/07\\\/meydan-logo.svg\",\"contentUrl\":\"https:\\\/\\\/www.meydan.tv\\\/wp-content\\\/uploads\\\/2021\\\/07\\\/meydan-logo.svg\",\"width\":195,\"height\":46,\"caption\":\"Meydan TV\"},\"image\":{\"@id\":\"https:\\\/\\\/www.meydan.tv\\\/az\\\/#\\\/schema\\\/logo\\\/image\\\/\"}},{\"@type\":\"Person\",\"@id\":\"https:\\\/\\\/www.meydan.tv\\\/az\\\/#\\\/schema\\\/person\\\/10d11eccf6da3662cf5fdab9806ea91a\",\"name\":\"user-manager\"}]}<\/script>\n<!-- \/ Yoast SEO plugin. -->","yoast_head_json":{"title":"\u015e\u0259hid v\u0259r\u0259s\u0259sini polis idar\u0259sin\u0259 \u00e7a\u011f\u0131r\u0131blar - MEYDAN.TV","robots":{"index":"index","follow":"follow","max-snippet":"max-snippet:-1","max-image-preview":"max-image-preview:large","max-video-preview":"max-video-preview:-1"},"canonical":"https:\/\/www.meydan.tv\/az\/article\/sehid-veresesini-polis-idaresine-cagiriblar\/","og_locale":"az_AZ","og_type":"article","og_title":"\u015e\u0259hid v\u0259r\u0259s\u0259sini polis idar\u0259sin\u0259 \u00e7a\u011f\u0131r\u0131blar - MEYDAN.TV","og_description":"Sevinc Quluzad\u0259: ''Dedil\u0259r problemi v\u0259kil vasit\u0259sil\u0259 h\u0259ll edin''","og_url":"https:\/\/www.meydan.tv\/az\/article\/sehid-veresesini-polis-idaresine-cagiriblar\/","og_site_name":"MEYDAN.TV","article_published_time":"2018-12-18T16:17:30+00:00","og_image":[{"width":2560,"height":1920,"url":"https:\/\/www.meydan.tv\/wp-content\/uploads\/45554-scaled.jpg","type":"image\/jpeg"}],"author":"user-manager","twitter_card":"summary_large_image","schema":{"@context":"https:\/\/schema.org","@graph":[{"@type":"Article","@id":"https:\/\/www.meydan.tv\/az\/article\/sehid-veresesini-polis-idaresine-cagiriblar\/#article","isPartOf":{"@id":"https:\/\/www.meydan.tv\/az\/article\/sehid-veresesini-polis-idaresine-cagiriblar\/"},"author":{"name":"user-manager","@id":"https:\/\/www.meydan.tv\/az\/#\/schema\/person\/10d11eccf6da3662cf5fdab9806ea91a"},"headline":"\u015e\u0259hid v\u0259r\u0259s\u0259sini polis idar\u0259sin\u0259 \u00e7a\u011f\u0131r\u0131blar","datePublished":"2018-12-18T16:17:30+00:00","mainEntityOfPage":{"@id":"https:\/\/www.meydan.tv\/az\/article\/sehid-veresesini-polis-idaresine-cagiriblar\/"},"wordCount":487,"publisher":{"@id":"https:\/\/www.meydan.tv\/az\/#organization"},"image":{"@id":"https:\/\/www.meydan.tv\/az\/article\/sehid-veresesini-polis-idaresine-cagiriblar\/#primaryimage"},"thumbnailUrl":"https:\/\/www.meydan.tv\/wp-content\/uploads\/45554-scaled.jpg","articleSection":["X\u0259b\u0259rl\u0259r"],"inLanguage":"az"},{"@type":"WebPage","@id":"https:\/\/www.meydan.tv\/az\/article\/sehid-veresesini-polis-idaresine-cagiriblar\/","url":"https:\/\/www.meydan.tv\/az\/article\/sehid-veresesini-polis-idaresine-cagiriblar\/","name":"\u015e\u0259hid v\u0259r\u0259s\u0259sini polis idar\u0259sin\u0259 \u00e7a\u011f\u0131r\u0131blar - MEYDAN.TV","isPartOf":{"@id":"https:\/\/www.meydan.tv\/az\/#website"},"primaryImageOfPage":{"@id":"https:\/\/www.meydan.tv\/az\/article\/sehid-veresesini-polis-idaresine-cagiriblar\/#primaryimage"},"image":{"@id":"https:\/\/www.meydan.tv\/az\/article\/sehid-veresesini-polis-idaresine-cagiriblar\/#primaryimage"},"thumbnailUrl":"https:\/\/www.meydan.tv\/wp-content\/uploads\/45554-scaled.jpg","datePublished":"2018-12-18T16:17:30+00:00","breadcrumb":{"@id":"https:\/\/www.meydan.tv\/az\/article\/sehid-veresesini-polis-idaresine-cagiriblar\/#breadcrumb"},"inLanguage":"az","potentialAction":[{"@type":"ReadAction","target":["https:\/\/www.meydan.tv\/az\/article\/sehid-veresesini-polis-idaresine-cagiriblar\/"]}]},{"@type":"ImageObject","inLanguage":"az","@id":"https:\/\/www.meydan.tv\/az\/article\/sehid-veresesini-polis-idaresine-cagiriblar\/#primaryimage","url":"https:\/\/www.meydan.tv\/wp-content\/uploads\/45554-scaled.jpg","contentUrl":"https:\/\/www.meydan.tv\/wp-content\/uploads\/45554-scaled.jpg","width":2560,"height":1920,"caption":"Source:"},{"@type":"BreadcrumbList","@id":"https:\/\/www.meydan.tv\/az\/article\/sehid-veresesini-polis-idaresine-cagiriblar\/#breadcrumb","itemListElement":[{"@type":"ListItem","position":1,"name":"Ana s\u0259hif\u0259","item":"https:\/\/www.meydan.tv\/az\/"},{"@type":"ListItem","position":2,"name":"X\u0259b\u0259rl\u0259r","item":"https:\/\/www.meydan.tv\/az\/section\/xeberler\/"},{"@type":"ListItem","position":3,"name":"\u015e\u0259hid v\u0259r\u0259s\u0259sini polis idar\u0259sin\u0259 \u00e7a\u011f\u0131r\u0131blar"}]},{"@type":"WebSite","@id":"https:\/\/www.meydan.tv\/az\/#website","url":"https:\/\/www.meydan.tv\/az\/","name":"MEYDAN.TV","description":"Meydan TV Az\u0259rbaycan\u0131n media m\u0259kan\u0131ndak\u0131 alternativ s\u0259sidir","publisher":{"@id":"https:\/\/www.meydan.tv\/az\/#organization"},"potentialAction":[{"@type":"SearchAction","target":{"@type":"EntryPoint","urlTemplate":"https:\/\/www.meydan.tv\/az\/?s={search_term_string}"},"query-input":{"@type":"PropertyValueSpecification","valueRequired":true,"valueName":"search_term_string"}}],"inLanguage":"az"},{"@type":"Organization","@id":"https:\/\/www.meydan.tv\/az\/#organization","name":"Meydan TV","url":"https:\/\/www.meydan.tv\/az\/","logo":{"@type":"ImageObject","inLanguage":"az","@id":"https:\/\/www.meydan.tv\/az\/#\/schema\/logo\/image\/","url":"https:\/\/www.meydan.tv\/wp-content\/uploads\/2021\/07\/meydan-logo.svg","contentUrl":"https:\/\/www.meydan.tv\/wp-content\/uploads\/2021\/07\/meydan-logo.svg","width":195,"height":46,"caption":"Meydan TV"},"image":{"@id":"https:\/\/www.meydan.tv\/az\/#\/schema\/logo\/image\/"}},{"@type":"Person","@id":"https:\/\/www.meydan.tv\/az\/#\/schema\/person\/10d11eccf6da3662cf5fdab9806ea91a","name":"user-manager"}]}},"_links":{"self":[{"href":"https:\/\/www.meydan.tv\/az\/wp-json\/wp\/v2\/posts\/193074","targetHints":{"allow":["GET"]}}],"collection":[{"href":"https:\/\/www.meydan.tv\/az\/wp-json\/wp\/v2\/posts"}],"about":[{"href":"https:\/\/www.meydan.tv\/az\/wp-json\/wp\/v2\/types\/post"}],"author":[{"embeddable":true,"href":"https:\/\/www.meydan.tv\/az\/wp-json\/wp\/v2\/users\/11"}],"replies":[{"embeddable":true,"href":"https:\/\/www.meydan.tv\/az\/wp-json\/wp\/v2\/comments?post=193074"}],"version-history":[{"count":0,"href":"https:\/\/www.meydan.tv\/az\/wp-json\/wp\/v2\/posts\/193074\/revisions"}],"wp:featuredmedia":[{"embeddable":true,"href":"https:\/\/www.meydan.tv\/az\/wp-json\/wp\/v2\/media\/114351"}],"wp:attachment":[{"href":"https:\/\/www.meydan.tv\/az\/wp-json\/wp\/v2\/media?parent=193074"}],"wp:term":[{"taxonomy":"category","embeddable":true,"href":"https:\/\/www.meydan.tv\/az\/wp-json\/wp\/v2\/categories?post=193074"},{"taxonomy":"post_tag","embeddable":true,"href":"https:\/\/www.meydan.tv\/az\/wp-json\/wp\/v2\/tags?post=193074"}],"curies":[{"name":"wp","href":"https:\/\/api.w.org\/{rel}","templated":true}]}}