{"id":193073,"date":"2018-12-18T15:05:51","date_gmt":"2018-12-18T15:05:51","guid":{"rendered":"https:\/\/www.meydan.tv\/article\/bir-divari-ucmus-evin-diger-otaginda-tehluke-altinda-yasayiriq\/"},"modified":"2018-12-18T15:05:51","modified_gmt":"2018-12-18T15:05:51","slug":"bir-divari-ucmus-evin-diger-otaginda-tehluke-altinda-yasayiriq","status":"publish","type":"post","link":"https:\/\/www.meydan.tv\/az\/article\/bir-divari-ucmus-evin-diger-otaginda-tehluke-altinda-yasayiriq\/","title":{"rendered":"&#8221;Bir divar\u0131 u\u00e7mu\u015f evin dig\u0259r ota\u011f\u0131nda, t\u0259hl\u00fck\u0259 alt\u0131nda ya\u015fay\u0131r\u0131q&#8221;"},"content":{"rendered":"<figure class=\"wp-block-image size-large\">\n  <img decoding=\"async\" src=\"https:\/\/www.meydan.tv\/az\/114330\/\" alt=\"\" class=\"wp-image-114330\"\/><figcaption><\/figcaption><\/figure>\n<p>\n  <i><br \/>\n    Ucar sakini ya\u015fay\u0131\u015f\u0131n\u0131n a\u011f\u0131r olmas\u0131ndan gileylidir<br \/>\n  <\/i>\n<\/p>\n<p>\n  Ucar rayonu, L\u0259k k\u0259ndinin sakini 31 ya\u015fl\u0131 Samir Piriyevin evi ba\u015f\u0131na u\u00e7ub. Hadis\u0259 noyabr\u0131n 28-d\u0259 ax\u015fam saatlar\u0131nda ba\u015f verib.\n<\/p>\n<p>\n  &#8220;Ax\u015fam saat 10 olard\u0131. X\u0259st\u0259, g\u00f6zd\u0259n \u0259lil anam, h\u0259yat yolda\u015f\u0131m v\u0259 3 k\u00f6rp\u0259 u\u015fa\u011f\u0131mla evd\u0259 idik. Q\u0259fil ota\u011f\u0131n bir divar\u0131 u\u00e7ub da\u011f\u0131ld\u0131. \u0130kiotaql\u0131 ev, 1960-c\u0131 ild\u0259 tikilib, y\u0259ni \u00e7ox k\u00f6hn\u0259dir. Z\u0259lz\u0259l\u0259 v\u0259 n\u0259mi\u015flikd\u0259n otaqlardan biri 2-3 yerd\u0259n \u00e7atlay\u0131b, aralanm\u0131\u015fd\u0131, g\u00fcnd\u00fczl\u0259r baxanda bay\u0131r g\u00f6r\u00fcn\u00fcrd\u00fc. \u0130ndi bir divar\u0131 u\u00e7mu\u015f evin, dig\u0259r ota\u011f\u0131nda, t\u0259hl\u00fck\u0259 alt\u0131nda ya\u015fay\u0131r\u0131q. Qorxuram ki, bu biri otaq da u\u00e7sun ba\u015f\u0131m\u0131za. \u00c7\u0131x\u0131lmaz v\u0259ziyy\u0259td\u0259 qalm\u0131\u015fam&#8221;- Samir Piriyev Meydan TV-y\u0259 deyir.\n<\/p>\n<figure class=\"wp-block-image size-large\">\n  <img decoding=\"async\" src=\"https:\/\/www.meydan.tv\/az\/114333\/\" alt=\"\" class=\"wp-image-114333\"\/><figcaption><\/figcaption><\/figure>\n<p>\n  \u015eikay\u0259t\u00e7i bildirir ki, evi u\u00e7mam\u0131\u015fdan \u00f6nc\u0259 Ucar Rayon \u0130cra Hakimiyy\u0259tinin ba\u015f\u00e7\u0131s\u0131 M\u0259nsur M\u0259mm\u0259dovla g\u00f6r\u00fc\u015f\u00fcb:\n<\/p>\n<p>\n  &#8220;Aidiyy\u0259ti olan orqanlar k\u00f6m\u0259k etmirl\u0259r. Baxmayaraq ki, bu bar\u0259d\u0259 Ucar rayon r\u0259hb\u0259rliyin\u0259 v\u0259 k\u0259nd b\u0259l\u0259diyy\u0259sin\u0259 m\u00fcraci\u0259t etmi\u015f\u0259m. \u0130cra ba\u015f\u00e7\u0131s\u0131 m\u0259ni q\u0259bul etdi, \u015fikay\u0259timi dinl\u0259di, &#8220;\u0259limizd\u0259n g\u0259l\u0259n yard\u0131m\u0131 ed\u0259c\u0259yik&#8221;- des\u0259 d\u0259, bu ne\u00e7\u0259 g\u00fcnd\u0259 he\u00e7 bir n\u0259tic\u0259si yoxdur. \u00d6lk\u0259 ba\u015f\u00e7\u0131s\u0131n\u0131n tap\u015f\u0131r\u0131\u011f\u0131 var ki, ehtiyac\u0131 olan ail\u0259l\u0259r\u0259 k\u00f6m\u0259k edilsin. Amma buna m\u0259h\u0259l qoyan yoxdur. Haz\u0131rda 3 azya\u015fl\u0131 u\u015faqla ya\u011f\u0131\u015f\u0131n alt\u0131nda ya\u015fama\u011fa m\u0259cbur qalm\u0131\u015f\u0131q. \u00d6vladlar\u0131m\u0131n b\u00f6y\u00fcy\u00fcn\u00fcn 6, ortanc\u0131l\u0131n 5 ya\u015f\u0131 var, ki\u00e7iyi is\u0259 h\u0259l\u0259 9 ayl\u0131qd\u0131r. N\u0259 g\u0259lib, bax\u0131rlar, n\u0259 d\u0259 ki, maraqlan\u0131rlar&#8221;.\n<\/p>\n<figure class=\"wp-block-image size-large\">\n  <img decoding=\"async\" src=\"https:\/\/www.meydan.tv\/az\/114336\/\" alt=\"\" class=\"wp-image-114336\"\/><figcaption><\/figcaption><\/figure>\n<p>\n  &#8220;Maddi imkan\u0131m yoxdur ki, evi \u00f6z\u00fcm tikim&#8221;, &#8211; Samir Piriyev bel\u0259 deyir:\n<\/p>\n<p>\n  &#8220;Avtoyumada i\u015fl\u0259yirdim. Q\u0131\u015fda s\u0259hh\u0259timd\u0259 ciddi probleml\u0259r yarand\u0131 dey\u0259 haz\u0131rda i\u015fl\u0259mir\u0259m. H\u0259yat yolda\u015f\u0131m azya\u015fl\u0131 u\u015faqlara baxd\u0131\u011f\u0131 \u00fc\u00e7\u00fcn o da i\u015fl\u0259mir. \u00d6z\u00fcn\u00fcz d\u0259 \u015fahidi oldunuz ki, hans\u0131 \u015f\u0259raitd\u0259 ya\u015fay\u0131r\u0131q. Ail\u0259mizin v\u0259ziyy\u0259ti \u00e7ox a\u011f\u0131rd\u0131r. Atam r\u0259hm\u0259t\u0259 gedib, anam Ayt\u0259kin Piriyeva 2-ci qrup g\u00f6zd\u0259n \u0259lildir. Bir g\u00f6z\u00fc he\u00e7 g\u00f6rm\u00fcr, dig\u0259ri d\u0259 \u00e7ox az g\u00f6r\u00fcr. Onun ald\u0131\u011f\u0131 125 manat t\u0259qa\u00fcd\u00fcn \u00fcmid\u00fcn\u0259 qalm\u0131\u015f\u0131q. Aidiyy\u0259ti qurumlardan xahi\u015f edir\u0259m, k\u00f6m\u0259klik g\u00f6st\u0259rsinl\u0259r, ki\u00e7ik bir daxma tikib, orada insan kimi ya\u015fayaq, \u00f6lm\u0259y\u0259k&#8221;.\n<\/p>\n<figure class=\"wp-block-image size-large\">\n  <img decoding=\"async\" src=\"https:\/\/www.meydan.tv\/az\/samir-piriyev\/\" alt=\"Samir Piriyev\" class=\"wp-image-114342\"\/><figcaption>\n    Samir Piriyev<br \/>\n  <\/figcaption><\/figure>\n<p>\n  Ucar rayonu, L\u0259k k\u0259ndi \u00fczr\u0259 icra n\u00fcmay\u0259nd\u0259si \u018ffqan R\u0259himov Meydan TV-y\u0259 bildirib ki, Samir Piriyevin ev m\u0259s\u0259l\u0259si il\u0259 ba\u011fl\u0131 m\u00fcvafiq i\u015fl\u0259r g\u00f6r\u00fcl\u0259c\u0259k:\n<\/p>\n<p>\n  &#8220;Bu adam icra ba\u015f\u00e7\u0131s\u0131 il\u0259 g\u00f6r\u00fc\u015f\u00fcb, iki d\u0259f\u0259 q\u0259bulunda olub. Ona bildirilib ki, haz\u0131rda ilin sonudur. Yaz aylar\u0131nda evinin t\u0259mir-tikintisin\u0259 ba\u015flan\u0131lacaq. \u0130cra Hakimiyy\u0259tinin n\u00fcmay\u0259nd\u0259si olaraq, gedib, ev\u0259 \u015f\u0259xs\u0259n \u00f6z\u00fcm baxm\u0131\u015fam v\u0259 m\u0259lumat vermi\u015f\u0259m ki, v\u0259ziyy\u0259ti bel\u0259dir. Kas\u0131b ail\u0259dir, \u00fc\u00e7 u\u015fa\u011f\u0131 var. Onun problemini ba\u015fa d\u00fc\u015f\u00fcr\u00fck, q\u0131\u015fd\u0131r, havalar soyuqdur. \u0130cra Hakimiyy\u0259tind\u0259n k\u00f6m\u0259k olunacaq&#8221;.\n<\/p>\n<p>\n  B\u0259l\u0259diyy\u0259 s\u0259dri Cavid S\u00fcleymanov Meydan TV-y\u0259 &#8220;Samir Piriyev\u0259 dedik ki, indi q\u0131\u015fd\u0131r, k\u0259rpic t\u00f6k\u00fcb, ev tikm\u0259k olmaz. Onun evinin bir t\u0259r\u0259fi u\u00e7ub. S\u00f6yl\u0259dik ki, yaz aylar\u0131 g\u0259lsin, k\u00f6m\u0259kl\u0259\u015fib, evi tik\u0259c\u0259yik&#8221;, &#8211; dey\u0259 bildirib.\n<\/p><\/p>\n","protected":false},"excerpt":{"rendered":"<p>Ucar sakini ya\u015fay\u0131\u015f\u0131n\u0131n a\u011f\u0131r olmas\u0131ndan gileylidir<\/p>\n","protected":false},"author":11,"featured_media":114330,"comment_status":"closed","ping_status":"open","sticky":false,"template":"","format":"standard","meta":{"_acf_changed":false,"_sitemap_exclude":false,"_sitemap_priority":"","_sitemap_frequency":"","footnotes":""},"categories":[60],"tags":[],"class_list":["post-193073","post","type-post","status-publish","format-standard","has-post-thumbnail","hentry","category-bolge","infinite-scroll-item","generate-columns","tablet-grid-50","mobile-grid-100","grid-parent","grid-33","no-featured-image-padding"],"acf":[],"yoast_head":"<!-- This site is optimized with the Yoast SEO plugin v27.4 - https:\/\/yoast.com\/product\/yoast-seo-wordpress\/ -->\n<title>&#039;&#039;Bir divar\u0131 u\u00e7mu\u015f evin dig\u0259r ota\u011f\u0131nda, t\u0259hl\u00fck\u0259 alt\u0131nda ya\u015fay\u0131r\u0131q&#039;&#039; - MEYDAN.TV<\/title>\n<meta name=\"robots\" content=\"index, follow, max-snippet:-1, max-image-preview:large, max-video-preview:-1\" \/>\n<link rel=\"canonical\" href=\"https:\/\/www.meydan.tv\/az\/article\/bir-divari-ucmus-evin-diger-otaginda-tehluke-altinda-yasayiriq\/\" \/>\n<meta property=\"og:locale\" content=\"az_AZ\" \/>\n<meta property=\"og:type\" content=\"article\" \/>\n<meta property=\"og:title\" content=\"&#039;&#039;Bir divar\u0131 u\u00e7mu\u015f evin dig\u0259r ota\u011f\u0131nda, t\u0259hl\u00fck\u0259 alt\u0131nda ya\u015fay\u0131r\u0131q&#039;&#039; - MEYDAN.TV\" \/>\n<meta property=\"og:description\" content=\"Ucar sakini ya\u015fay\u0131\u015f\u0131n\u0131n a\u011f\u0131r olmas\u0131ndan gileylidir\" \/>\n<meta property=\"og:url\" content=\"https:\/\/www.meydan.tv\/az\/article\/bir-divari-ucmus-evin-diger-otaginda-tehluke-altinda-yasayiriq\/\" \/>\n<meta property=\"og:site_name\" content=\"MEYDAN.TV\" \/>\n<meta property=\"article:published_time\" content=\"2018-12-18T15:05:51+00:00\" \/>\n<meta property=\"og:image\" content=\"https:\/\/www.meydan.tv\/wp-content\/uploads\/45549.jpg\" \/>\n\t<meta property=\"og:image:width\" content=\"960\" \/>\n\t<meta property=\"og:image:height\" content=\"540\" \/>\n\t<meta property=\"og:image:type\" content=\"image\/jpeg\" \/>\n<meta name=\"author\" content=\"user-manager\" \/>\n<meta name=\"twitter:card\" content=\"summary_large_image\" \/>\n<script type=\"application\/ld+json\" class=\"yoast-schema-graph\">{\"@context\":\"https:\\\/\\\/schema.org\",\"@graph\":[{\"@type\":\"Article\",\"@id\":\"https:\\\/\\\/www.meydan.tv\\\/az\\\/article\\\/bir-divari-ucmus-evin-diger-otaginda-tehluke-altinda-yasayiriq\\\/#article\",\"isPartOf\":{\"@id\":\"https:\\\/\\\/www.meydan.tv\\\/az\\\/article\\\/bir-divari-ucmus-evin-diger-otaginda-tehluke-altinda-yasayiriq\\\/\"},\"author\":{\"name\":\"user-manager\",\"@id\":\"https:\\\/\\\/www.meydan.tv\\\/az\\\/#\\\/schema\\\/person\\\/10d11eccf6da3662cf5fdab9806ea91a\"},\"headline\":\"&#8221;Bir divar\u0131 u\u00e7mu\u015f evin dig\u0259r ota\u011f\u0131nda, t\u0259hl\u00fck\u0259 alt\u0131nda ya\u015fay\u0131r\u0131q&#8221;\",\"datePublished\":\"2018-12-18T15:05:51+00:00\",\"mainEntityOfPage\":{\"@id\":\"https:\\\/\\\/www.meydan.tv\\\/az\\\/article\\\/bir-divari-ucmus-evin-diger-otaginda-tehluke-altinda-yasayiriq\\\/\"},\"wordCount\":652,\"publisher\":{\"@id\":\"https:\\\/\\\/www.meydan.tv\\\/az\\\/#organization\"},\"image\":{\"@id\":\"https:\\\/\\\/www.meydan.tv\\\/az\\\/article\\\/bir-divari-ucmus-evin-diger-otaginda-tehluke-altinda-yasayiriq\\\/#primaryimage\"},\"thumbnailUrl\":\"https:\\\/\\\/www.meydan.tv\\\/wp-content\\\/uploads\\\/45549.jpg\",\"articleSection\":[\"B\u00f6lg\u0259\"],\"inLanguage\":\"az\"},{\"@type\":\"WebPage\",\"@id\":\"https:\\\/\\\/www.meydan.tv\\\/az\\\/article\\\/bir-divari-ucmus-evin-diger-otaginda-tehluke-altinda-yasayiriq\\\/\",\"url\":\"https:\\\/\\\/www.meydan.tv\\\/az\\\/article\\\/bir-divari-ucmus-evin-diger-otaginda-tehluke-altinda-yasayiriq\\\/\",\"name\":\"''Bir divar\u0131 u\u00e7mu\u015f evin dig\u0259r ota\u011f\u0131nda, t\u0259hl\u00fck\u0259 alt\u0131nda ya\u015fay\u0131r\u0131q'' - MEYDAN.TV\",\"isPartOf\":{\"@id\":\"https:\\\/\\\/www.meydan.tv\\\/az\\\/#website\"},\"primaryImageOfPage\":{\"@id\":\"https:\\\/\\\/www.meydan.tv\\\/az\\\/article\\\/bir-divari-ucmus-evin-diger-otaginda-tehluke-altinda-yasayiriq\\\/#primaryimage\"},\"image\":{\"@id\":\"https:\\\/\\\/www.meydan.tv\\\/az\\\/article\\\/bir-divari-ucmus-evin-diger-otaginda-tehluke-altinda-yasayiriq\\\/#primaryimage\"},\"thumbnailUrl\":\"https:\\\/\\\/www.meydan.tv\\\/wp-content\\\/uploads\\\/45549.jpg\",\"datePublished\":\"2018-12-18T15:05:51+00:00\",\"breadcrumb\":{\"@id\":\"https:\\\/\\\/www.meydan.tv\\\/az\\\/article\\\/bir-divari-ucmus-evin-diger-otaginda-tehluke-altinda-yasayiriq\\\/#breadcrumb\"},\"inLanguage\":\"az\",\"potentialAction\":[{\"@type\":\"ReadAction\",\"target\":[\"https:\\\/\\\/www.meydan.tv\\\/az\\\/article\\\/bir-divari-ucmus-evin-diger-otaginda-tehluke-altinda-yasayiriq\\\/\"]}]},{\"@type\":\"ImageObject\",\"inLanguage\":\"az\",\"@id\":\"https:\\\/\\\/www.meydan.tv\\\/az\\\/article\\\/bir-divari-ucmus-evin-diger-otaginda-tehluke-altinda-yasayiriq\\\/#primaryimage\",\"url\":\"https:\\\/\\\/www.meydan.tv\\\/wp-content\\\/uploads\\\/45549.jpg\",\"contentUrl\":\"https:\\\/\\\/www.meydan.tv\\\/wp-content\\\/uploads\\\/45549.jpg\",\"width\":960,\"height\":540,\"caption\":\"Source:\"},{\"@type\":\"BreadcrumbList\",\"@id\":\"https:\\\/\\\/www.meydan.tv\\\/az\\\/article\\\/bir-divari-ucmus-evin-diger-otaginda-tehluke-altinda-yasayiriq\\\/#breadcrumb\",\"itemListElement\":[{\"@type\":\"ListItem\",\"position\":1,\"name\":\"Ana s\u0259hif\u0259\",\"item\":\"https:\\\/\\\/www.meydan.tv\\\/az\\\/\"},{\"@type\":\"ListItem\",\"position\":2,\"name\":\"B\u00f6lg\u0259\",\"item\":\"https:\\\/\\\/www.meydan.tv\\\/az\\\/section\\\/bolge\\\/\"},{\"@type\":\"ListItem\",\"position\":3,\"name\":\"&#8221;Bir divar\u0131 u\u00e7mu\u015f evin dig\u0259r ota\u011f\u0131nda, t\u0259hl\u00fck\u0259 alt\u0131nda ya\u015fay\u0131r\u0131q&#8221;\"}]},{\"@type\":\"WebSite\",\"@id\":\"https:\\\/\\\/www.meydan.tv\\\/az\\\/#website\",\"url\":\"https:\\\/\\\/www.meydan.tv\\\/az\\\/\",\"name\":\"MEYDAN.TV\",\"description\":\"Meydan TV Az\u0259rbaycan\u0131n media m\u0259kan\u0131ndak\u0131 alternativ s\u0259sidir\",\"publisher\":{\"@id\":\"https:\\\/\\\/www.meydan.tv\\\/az\\\/#organization\"},\"potentialAction\":[{\"@type\":\"SearchAction\",\"target\":{\"@type\":\"EntryPoint\",\"urlTemplate\":\"https:\\\/\\\/www.meydan.tv\\\/az\\\/?s={search_term_string}\"},\"query-input\":{\"@type\":\"PropertyValueSpecification\",\"valueRequired\":true,\"valueName\":\"search_term_string\"}}],\"inLanguage\":\"az\"},{\"@type\":\"Organization\",\"@id\":\"https:\\\/\\\/www.meydan.tv\\\/az\\\/#organization\",\"name\":\"Meydan TV\",\"url\":\"https:\\\/\\\/www.meydan.tv\\\/az\\\/\",\"logo\":{\"@type\":\"ImageObject\",\"inLanguage\":\"az\",\"@id\":\"https:\\\/\\\/www.meydan.tv\\\/az\\\/#\\\/schema\\\/logo\\\/image\\\/\",\"url\":\"https:\\\/\\\/www.meydan.tv\\\/wp-content\\\/uploads\\\/2021\\\/07\\\/meydan-logo.svg\",\"contentUrl\":\"https:\\\/\\\/www.meydan.tv\\\/wp-content\\\/uploads\\\/2021\\\/07\\\/meydan-logo.svg\",\"width\":195,\"height\":46,\"caption\":\"Meydan TV\"},\"image\":{\"@id\":\"https:\\\/\\\/www.meydan.tv\\\/az\\\/#\\\/schema\\\/logo\\\/image\\\/\"}},{\"@type\":\"Person\",\"@id\":\"https:\\\/\\\/www.meydan.tv\\\/az\\\/#\\\/schema\\\/person\\\/10d11eccf6da3662cf5fdab9806ea91a\",\"name\":\"user-manager\"}]}<\/script>\n<!-- \/ Yoast SEO plugin. -->","yoast_head_json":{"title":"''Bir divar\u0131 u\u00e7mu\u015f evin dig\u0259r ota\u011f\u0131nda, t\u0259hl\u00fck\u0259 alt\u0131nda ya\u015fay\u0131r\u0131q'' - MEYDAN.TV","robots":{"index":"index","follow":"follow","max-snippet":"max-snippet:-1","max-image-preview":"max-image-preview:large","max-video-preview":"max-video-preview:-1"},"canonical":"https:\/\/www.meydan.tv\/az\/article\/bir-divari-ucmus-evin-diger-otaginda-tehluke-altinda-yasayiriq\/","og_locale":"az_AZ","og_type":"article","og_title":"''Bir divar\u0131 u\u00e7mu\u015f evin dig\u0259r ota\u011f\u0131nda, t\u0259hl\u00fck\u0259 alt\u0131nda ya\u015fay\u0131r\u0131q'' - MEYDAN.TV","og_description":"Ucar sakini ya\u015fay\u0131\u015f\u0131n\u0131n a\u011f\u0131r olmas\u0131ndan gileylidir","og_url":"https:\/\/www.meydan.tv\/az\/article\/bir-divari-ucmus-evin-diger-otaginda-tehluke-altinda-yasayiriq\/","og_site_name":"MEYDAN.TV","article_published_time":"2018-12-18T15:05:51+00:00","og_image":[{"width":960,"height":540,"url":"https:\/\/www.meydan.tv\/wp-content\/uploads\/45549.jpg","type":"image\/jpeg"}],"author":"user-manager","twitter_card":"summary_large_image","schema":{"@context":"https:\/\/schema.org","@graph":[{"@type":"Article","@id":"https:\/\/www.meydan.tv\/az\/article\/bir-divari-ucmus-evin-diger-otaginda-tehluke-altinda-yasayiriq\/#article","isPartOf":{"@id":"https:\/\/www.meydan.tv\/az\/article\/bir-divari-ucmus-evin-diger-otaginda-tehluke-altinda-yasayiriq\/"},"author":{"name":"user-manager","@id":"https:\/\/www.meydan.tv\/az\/#\/schema\/person\/10d11eccf6da3662cf5fdab9806ea91a"},"headline":"&#8221;Bir divar\u0131 u\u00e7mu\u015f evin dig\u0259r ota\u011f\u0131nda, t\u0259hl\u00fck\u0259 alt\u0131nda ya\u015fay\u0131r\u0131q&#8221;","datePublished":"2018-12-18T15:05:51+00:00","mainEntityOfPage":{"@id":"https:\/\/www.meydan.tv\/az\/article\/bir-divari-ucmus-evin-diger-otaginda-tehluke-altinda-yasayiriq\/"},"wordCount":652,"publisher":{"@id":"https:\/\/www.meydan.tv\/az\/#organization"},"image":{"@id":"https:\/\/www.meydan.tv\/az\/article\/bir-divari-ucmus-evin-diger-otaginda-tehluke-altinda-yasayiriq\/#primaryimage"},"thumbnailUrl":"https:\/\/www.meydan.tv\/wp-content\/uploads\/45549.jpg","articleSection":["B\u00f6lg\u0259"],"inLanguage":"az"},{"@type":"WebPage","@id":"https:\/\/www.meydan.tv\/az\/article\/bir-divari-ucmus-evin-diger-otaginda-tehluke-altinda-yasayiriq\/","url":"https:\/\/www.meydan.tv\/az\/article\/bir-divari-ucmus-evin-diger-otaginda-tehluke-altinda-yasayiriq\/","name":"''Bir divar\u0131 u\u00e7mu\u015f evin dig\u0259r ota\u011f\u0131nda, t\u0259hl\u00fck\u0259 alt\u0131nda ya\u015fay\u0131r\u0131q'' - MEYDAN.TV","isPartOf":{"@id":"https:\/\/www.meydan.tv\/az\/#website"},"primaryImageOfPage":{"@id":"https:\/\/www.meydan.tv\/az\/article\/bir-divari-ucmus-evin-diger-otaginda-tehluke-altinda-yasayiriq\/#primaryimage"},"image":{"@id":"https:\/\/www.meydan.tv\/az\/article\/bir-divari-ucmus-evin-diger-otaginda-tehluke-altinda-yasayiriq\/#primaryimage"},"thumbnailUrl":"https:\/\/www.meydan.tv\/wp-content\/uploads\/45549.jpg","datePublished":"2018-12-18T15:05:51+00:00","breadcrumb":{"@id":"https:\/\/www.meydan.tv\/az\/article\/bir-divari-ucmus-evin-diger-otaginda-tehluke-altinda-yasayiriq\/#breadcrumb"},"inLanguage":"az","potentialAction":[{"@type":"ReadAction","target":["https:\/\/www.meydan.tv\/az\/article\/bir-divari-ucmus-evin-diger-otaginda-tehluke-altinda-yasayiriq\/"]}]},{"@type":"ImageObject","inLanguage":"az","@id":"https:\/\/www.meydan.tv\/az\/article\/bir-divari-ucmus-evin-diger-otaginda-tehluke-altinda-yasayiriq\/#primaryimage","url":"https:\/\/www.meydan.tv\/wp-content\/uploads\/45549.jpg","contentUrl":"https:\/\/www.meydan.tv\/wp-content\/uploads\/45549.jpg","width":960,"height":540,"caption":"Source:"},{"@type":"BreadcrumbList","@id":"https:\/\/www.meydan.tv\/az\/article\/bir-divari-ucmus-evin-diger-otaginda-tehluke-altinda-yasayiriq\/#breadcrumb","itemListElement":[{"@type":"ListItem","position":1,"name":"Ana s\u0259hif\u0259","item":"https:\/\/www.meydan.tv\/az\/"},{"@type":"ListItem","position":2,"name":"B\u00f6lg\u0259","item":"https:\/\/www.meydan.tv\/az\/section\/bolge\/"},{"@type":"ListItem","position":3,"name":"&#8221;Bir divar\u0131 u\u00e7mu\u015f evin dig\u0259r ota\u011f\u0131nda, t\u0259hl\u00fck\u0259 alt\u0131nda ya\u015fay\u0131r\u0131q&#8221;"}]},{"@type":"WebSite","@id":"https:\/\/www.meydan.tv\/az\/#website","url":"https:\/\/www.meydan.tv\/az\/","name":"MEYDAN.TV","description":"Meydan TV Az\u0259rbaycan\u0131n media m\u0259kan\u0131ndak\u0131 alternativ s\u0259sidir","publisher":{"@id":"https:\/\/www.meydan.tv\/az\/#organization"},"potentialAction":[{"@type":"SearchAction","target":{"@type":"EntryPoint","urlTemplate":"https:\/\/www.meydan.tv\/az\/?s={search_term_string}"},"query-input":{"@type":"PropertyValueSpecification","valueRequired":true,"valueName":"search_term_string"}}],"inLanguage":"az"},{"@type":"Organization","@id":"https:\/\/www.meydan.tv\/az\/#organization","name":"Meydan TV","url":"https:\/\/www.meydan.tv\/az\/","logo":{"@type":"ImageObject","inLanguage":"az","@id":"https:\/\/www.meydan.tv\/az\/#\/schema\/logo\/image\/","url":"https:\/\/www.meydan.tv\/wp-content\/uploads\/2021\/07\/meydan-logo.svg","contentUrl":"https:\/\/www.meydan.tv\/wp-content\/uploads\/2021\/07\/meydan-logo.svg","width":195,"height":46,"caption":"Meydan TV"},"image":{"@id":"https:\/\/www.meydan.tv\/az\/#\/schema\/logo\/image\/"}},{"@type":"Person","@id":"https:\/\/www.meydan.tv\/az\/#\/schema\/person\/10d11eccf6da3662cf5fdab9806ea91a","name":"user-manager"}]}},"_links":{"self":[{"href":"https:\/\/www.meydan.tv\/az\/wp-json\/wp\/v2\/posts\/193073","targetHints":{"allow":["GET"]}}],"collection":[{"href":"https:\/\/www.meydan.tv\/az\/wp-json\/wp\/v2\/posts"}],"about":[{"href":"https:\/\/www.meydan.tv\/az\/wp-json\/wp\/v2\/types\/post"}],"author":[{"embeddable":true,"href":"https:\/\/www.meydan.tv\/az\/wp-json\/wp\/v2\/users\/11"}],"replies":[{"embeddable":true,"href":"https:\/\/www.meydan.tv\/az\/wp-json\/wp\/v2\/comments?post=193073"}],"version-history":[{"count":0,"href":"https:\/\/www.meydan.tv\/az\/wp-json\/wp\/v2\/posts\/193073\/revisions"}],"wp:featuredmedia":[{"embeddable":true,"href":"https:\/\/www.meydan.tv\/az\/wp-json\/wp\/v2\/media\/114330"}],"wp:attachment":[{"href":"https:\/\/www.meydan.tv\/az\/wp-json\/wp\/v2\/media?parent=193073"}],"wp:term":[{"taxonomy":"category","embeddable":true,"href":"https:\/\/www.meydan.tv\/az\/wp-json\/wp\/v2\/categories?post=193073"},{"taxonomy":"post_tag","embeddable":true,"href":"https:\/\/www.meydan.tv\/az\/wp-json\/wp\/v2\/tags?post=193073"}],"curies":[{"name":"wp","href":"https:\/\/api.w.org\/{rel}","templated":true}]}}