{"id":193071,"date":"2018-12-18T14:58:33","date_gmt":"2018-12-18T14:58:33","guid":{"rendered":"https:\/\/www.meydan.tv\/article\/azerbaycan-ve-ermenistan-etimad-tedbirlerinin-mohkemlendirilmesi-ucun-addimlar-axtarir\/"},"modified":"2018-12-18T14:58:33","modified_gmt":"2018-12-18T14:58:33","slug":"azerbaycan-ve-ermenistan-etimad-tedbirlerinin-mohkemlendirilmesi-ucun-addimlar-axtarir","status":"publish","type":"post","link":"https:\/\/www.meydan.tv\/az\/article\/azerbaycan-ve-ermenistan-etimad-tedbirlerinin-mohkemlendirilmesi-ucun-addimlar-axtarir\/","title":{"rendered":"&#8221;Az\u0259rbaycan v\u0259 Erm\u0259nistan etimad t\u0259dbirl\u0259rinin m\u00f6hk\u0259ml\u0259ndirilm\u0259si \u00fc\u00e7\u00fcn add\u0131mlar axtar\u0131r&#8221;"},"content":{"rendered":"<figure class=\"wp-block-image size-large\">\n  <img decoding=\"async\" src=\"https:\/\/www.meydan.tv\/az\/eliyev-ve-pasinyan-2\/\" alt=\"\u018fliyev v\u0259 Pa\u015finyan\" class=\"wp-image-113748\"\/><figcaption>\n    \u018fliyev v\u0259 Pa\u015finyan<br \/>\n  <\/figcaption><\/figure>\n<p>\n  <i><br \/>\n    &#8221;\u0130zah\u0131 m\u00fcmk\u00fcn olmayan hadis\u0259l\u0259r ba\u015f verir&#8221;<br \/>\n  <\/i>\n<\/p>\n<p>\n  Belarus prezidenti<br \/>\n  <a href=\"\/az\/article\/lukasenko-dedik-ki-serj-bu-5-rayonu-azerbaycana-ver\/\"><br \/>\n    Aleksandr Luka\u015fenko<br \/>\n  <\/a><br \/>\n  nun bir m\u00fcdd\u0259t \u0259vv\u0259l Qaraba\u011f dan\u0131\u015f\u0131qlar\u0131 bar\u0259d\u0259 m\u0259tbuata verdiyi a\u00e7\u0131qlamalar Az\u0259rbaycan v\u0259 Erm\u0259nistanda rezonansa s\u0259b\u0259b olub.\n<\/p>\n<p>\n  \u201cTuran\u201d agentliyi Belarus prezidentinin s\u00f6yl\u0259dikl\u0259ri v\u0259 \u00fcmumiyy\u0259tl\u0259 Da\u011fl\u0131q Qaraba\u011f problemi \u0259traf\u0131nda p\u0259rd\u0259arxas\u0131 m\u0259qamlar bar\u0259d\u0259 yaz\u0131 t\u0259qdim edib.\n<\/p>\n<p>\n  \u201cQaraba\u011f nizamlanmas\u0131 \u00fczr\u0259 p\u0259rd\u0259arxas\u0131 dan\u0131\u015f\u0131qlar v\u0259 qapal\u0131 qap\u0131lar arxas\u0131nda g\u00f6r\u00fc\u015fl\u0259r \u00e7oxdan b\u00f6y\u00fck siyasi oyunun bir hiss\u0259sin\u0259 \u00e7evrilib. Vaxta\u015f\u0131r\u0131 siyas\u0259t\u00e7il\u0259r 5-10 il \u0259vv\u0259lki hadis\u0259l\u0259rin \u00fcst\u00fcn\u00fc a\u00e7\u0131r, m\u0259xfilik p\u0259rd\u0259sini aralay\u0131r v\u0259 biz \u0259vv\u0259ll\u0259r t\u0259xmin bel\u0259 etm\u0259diyimiz t\u0259f\u0259rr\u00fcat\u0131 \u00f6yr\u0259nirik.\n<\/p>\n<p>\n  Bel\u0259 \u201ck\u0259\u015ffl\u0259rd\u0259n\u201d biri Belarus prezidenti Aleksandr Luka\u015fenkonun bu yax\u0131nlarda Rusiya v\u0259 Belarusun Erm\u0259nistan prezidentin\u0259 Qaraba\u011f \u0259traf\u0131nda i\u015f\u011fal edilmi\u015f 7 rayondan 5-ni qaytarma\u011f\u0131 t\u0259klif etdiyi bar\u0259d\u0259 etiraf\u0131 olub. Bu k\u0259\u015ff \u201cLavrov plan\u0131n\u0131n\u201d m\u00f6vcud oldu\u011funun t\u0259sdiqi oldu. Vaxtil\u0259 Moskvan\u0131n m\u0259rh\u0259l\u0259li h\u0259ll bar\u0259d\u0259 bu ideyas\u0131 haqq\u0131nda Az\u0259rbaycan Prezident Administrasiyas\u0131n\u0131n n\u00fcmay\u0259nd\u0259si Novruz M\u0259mm\u0259dov da dan\u0131\u015fm\u0131\u015fd\u0131, amma RF X\u0130N t\u0259r\u0259find\u0259n k\u0259skin \u015f\u0259kild\u0259 susdurulmu\u015fdu.<br \/>\n  <br \/>\n  G\u00f6r\u00fcnd\u00fcy\u00fc q\u0259d\u0259r, M\u0259mm\u0259dov m\u0259xfilik p\u0259rd\u0259sini vaxt\u0131ndan \u0259vv\u0259l aralay\u0131b. Amma m\u00fch\u00fcm olan bu deyil, b\u00fct\u00fcn bunlar\u0131n 2016-c\u0131 ilin yaz\u0131nda ba\u015f verm\u0259sidir. Bu m\u0259nada 2016-c\u0131 ild\u0259 4 g\u00fcnl\u00fck aprel m\u00fcharib\u0259sinin s\u0259b\u0259bl\u0259ri v\u0259 n\u0259tic\u0259l\u0259ri f\u0259rqli &#8211; bir kontekstd\u0259 g\u00f6r\u00fcn\u00fcr.\n<\/p>\n<p>\n  Bu g\u00fcn d\u0259 he\u00e7 d\u0259 adi olmayan v\u0259 h\u0259r zaman izah\u0131 m\u00fcmk\u00fcn olmayan hadis\u0259l\u0259r ba\u015f verir, onlar\u0131n mahiyy\u0259tini yaln\u0131z t\u0259xmin etm\u0259k olar. Amma onlar\u0131n g\u00f6r\u00fcnm\u0259y\u0259n hadis\u0259l\u0259rin v\u0259 ya p\u0259rd\u0259arxas\u0131 dan\u0131\u015f\u0131qlar\u0131n elementl\u0259ri ola bil\u0259c\u0259yi ehtimal\u0131 var.\n<\/p>\n<p>\n  Bunlar\u0131n sonuncusu Az\u0259rbaycan\u0131n Qazax-A\u011fstafa istiqam\u0259tind\u0259 Erm\u0259nistanla s\u0259rh\u0259dd\u0259n \u00f6z qo\u015funlar\u0131n\u0131 \u00e7\u0259km\u0259si v\u0259 bu hiss\u0259ni s\u0259rh\u0259d\u00e7il\u0259r\u0259 t\u0259hvil verm\u0259sinin elan edilm\u0259si oldu.\n<\/p>\n<p>\n  Buna he\u00e7 bir izah verilm\u0259yib. Bundan ba\u015fqa, bu \u0259razil\u0259rd\u0259n artilleriya at\u0259\u015fi dair\u0259sind\u0259 olan strateji neft v\u0259 qaz k\u0259m\u0259rl\u0259rinin ke\u00e7diyini v\u0259 bu infrastrukturun m\u00fcdafi\u0259sinin silahl\u0131 q\u00fcvv\u0259l\u0259rin \u0259n b\u00f6y\u00fck v\u0259zif\u0259si oldu\u011funu n\u0259z\u0259r\u0259 alaraq, bunda m\u0259ntiq tapmaq da qeyri-m\u00fcmk\u00fcnd\u00fcr.\n<\/p>\n<p>\n  Erm\u0259nistan t\u0259r\u0259finin m\u00fcharib\u0259 b\u0259rpa edil\u0259c\u0259yi t\u0259qdird\u0259 Az\u0259rbaycan\u0131n neft v\u0259 qaz k\u0259m\u0259rl\u0259rinin dig\u0259r infrastruktur obyektl\u0259ri il\u0259 birlikd\u0259 z\u0259rb\u0259 endiril\u0259c\u0259k ilk h\u0259d\u0259fl\u0259rd\u0259n olaca\u011f\u0131 bar\u0259d\u0259 b\u0259yanatlar\u0131 fonunda da qo\u015funlar\u0131n bu sah\u0259d\u0259n \u00e7\u0131xar\u0131lmas\u0131 he\u00e7 c\u00fcr izah oluna bilm\u0259z.\n<\/p>\n<p>\n  \u00c7ox m\u00fch\u00fcm adland\u0131r\u0131la bil\u0259c\u0259k, amma, dem\u0259k olar ki, diqq\u0259td\u0259n k\u0259narda qalan bir hadis\u0259 d\u0259 olub. Bel\u0259 ki, parlamentin iclas\u0131nda hakim partiyan\u0131n s\u0259dr m\u00fcavini Siyavu\u015f Novruzov q\u0259fild\u0259n bildirir ki, \u00f6lk\u0259d\u0259 erm\u0259ni azl\u0131\u011f\u0131n\u0131n oldu\u011funu d\u00fc\u015f\u00fcnm\u0259k laz\u0131md\u0131r. N\u0259 vaxtsa Da\u011fl\u0131q Qaraba\u011f m\u0259s\u0259l\u0259si h\u0259ll edil\u0259c\u0259k v\u0259 \u201cQaraba\u011f erm\u0259nil\u0259rind\u0259n olan v\u0259t\u0259nda\u015flar\u0131m\u0131z deputatl\u0131q mandat\u0131 \u0259ld\u0259 ed\u0259c\u0259kl\u0259r\u201d, buna g\u00f6r\u0259 bu insanlar \u00fc\u00e7\u00fcn erm\u0259ni dilind\u0259n Az\u0259rbaycan dilin\u0259 v\u0259 \u0259ks istiqam\u0259td\u0259 t\u0259rc\u00fcm\u0259nin t\u0259\u015fkil edilm\u0259si bar\u0259d\u0259 d\u00fc\u015f\u00fcnm\u0259k laz\u0131md\u0131r(!)\u201d.\n<\/p>\n<p>\n  Bu b\u0259yanat he\u00e7 vaxt tez ba\u015fa d\u00fc\u015fm\u0259si v\u0259 m\u0259lumatl\u0131l\u0131\u011f\u0131 il\u0259 f\u0259rql\u0259nm\u0259y\u0259n parlamentin spikeri Oqtay \u018fs\u0259dovun m\u0259nfi reaksiyas\u0131na s\u0259b\u0259b olub. Amma Siyavu\u015f Novruzovun yuxar\u0131dan d\u0259qiq g\u00f6st\u0259ri\u015f almadan bel\u0259 bir \u015fey dey\u0259 bil\u0259c\u0259yin\u0259 inanmaq \u00e7\u0259tindir.\n<\/p>\n<p>\n  X\u0130N ba\u015f\u00e7\u0131s\u0131 Elmar M\u0259mm\u0259dyarovun h\u0259mkar\u0131 Z\u00f6hrab Mnatsakanyanla g\u00f6r\u00fc\u015fl\u0259rinin \u00e7ox \u0259h\u0259miyy\u0259tli v\u0259 faydal\u0131 oldu\u011fu v\u0259 bir d\u0259f\u0259 4, ba\u015fqa bir halda is\u0259 3 saat davam etdiyi bar\u0259d\u0259 qiym\u0259tl\u0259ndirm\u0259l\u0259rini d\u0259, \u00e7ox ayd\u0131n olmasa da, daha bir fakt kimi d\u0259y\u0259rl\u0259ndirm\u0259k olar. Bu q\u0259d\u0259r uzun dan\u0131\u015f\u0131qlar onlar\u0131n ciddi m\u0259zmunundan x\u0259b\u0259r verir.\n<\/p>\n<p>\n  N\u0259hay\u0259t, iki \u00f6lk\u0259nin birinci \u015f\u0259xsl\u0259ri s\u0259viyy\u0259sind\u0259 b\u00f6y\u00fck d\u0259yi\u015fiklik ba\u015f verib. \u0130ndiy\u0259d\u0259k Serj Sarkisyan\u0131n ad\u0131 \u201ch\u0259rbi cinay\u0259tkar\u201d kimi qiym\u0259tl\u0259ndirm\u0259si il\u0259 m\u00fc\u015faiy\u0259t olunurdusa, Nikol Pa\u015finyan haqq\u0131nda bel\u0259 bir \u015fey yoxdur. Bundan ba\u015fqa, \u018fliyevin D\u00fc\u015f\u0259nb\u0259d\u0259 Pa\u015finyanla g\u00f6r\u00fc\u015f\u00fcnd\u0259n sonra t\u0259mas x\u0259ttind\u0259 g\u0259rginlik k\u0259skin \u015f\u0259kild\u0259 azal\u0131b, at\u0131\u015fmalar v\u0259 \u0259sg\u0259r \u00f6l\u00fcm\u00fc faktlar\u0131 d\u0259f\u0259l\u0259rl\u0259 azal\u0131b. V\u0259 n\u0259hay\u0259t, iki t\u0259r\u0259fin h\u0259rbi\u00e7il\u0259ri aras\u0131nda operativ \u0259laq\u0259 qurulub.\n<\/p>\n<p>\n  Son olaraq, i\u015f\u011fal olunan Qaraba\u011fda h\u0259rbi r\u0259hb\u0259rliyin g\u00f6zl\u0259nilm\u0259z v\u0259 izaholunmaz d\u0259yi\u015fikliyini qeyd etm\u0259k olar.\n<\/p>\n<p>\n  B\u00fct\u00fcn bu hadis\u0259l\u0259ri bir \u201cpazlda\u201d birl\u0259\u015fdirs\u0259k, onlar n\u0259d\u0259n x\u0259b\u0259r verir? Nikbin olsaq, y\u0259qin ki, t\u0259r\u0259fl\u0259rin etimad t\u0259dbirl\u0259rinin m\u00f6hk\u0259ml\u0259ndirilm\u0259si \u00fc\u00e7\u00fcn real add\u0131mlar axtard\u0131\u011f\u0131n\u0131 v\u0259 hans\u0131sa g\u00fcz\u0259\u015ftli h\u0259ll yollar\u0131 haz\u0131rlad\u0131\u011f\u0131n\u0131 t\u0259xmin ed\u0259 bil\u0259rik. Amma, b\u0259lk\u0259 d\u0259, b\u00fct\u00fcn bu faktlar\u0131n v\u0259 hadis\u0259l\u0259rin bir-biri il\u0259 \u0259laq\u0259si yoxdur, yaln\u0131z bel\u0259 bir t\u0259\u0259ss\u00fcrat b\u0259x\u015f edir.\n<\/p>\n<p>\n  B\u0259lk\u0259 d\u0259, Erm\u0259nistan\u0131n yeni h\u00f6kum\u0259ti formala\u015fd\u0131qdan sonra bu \u00f6lk\u0259nin yeni r\u0259hb\u0259rliyinin strategiyas\u0131 daha da ayd\u0131n olacaq. Bunu Bak\u0131n\u0131n reaksiyas\u0131na g\u00f6r\u0259 d\u0259 m\u00fchakim\u0259 etm\u0259k olacaq.<\/p>\n","protected":false},"excerpt":{"rendered":"<p>&#8221;\u0130zah\u0131 m\u00fcmk\u00fcn olmayan hadis\u0259l\u0259r ba\u015f verir&#8221;<\/p>\n","protected":false},"author":11,"featured_media":113748,"comment_status":"closed","ping_status":"open","sticky":false,"template":"","format":"standard","meta":{"_acf_changed":false,"_sitemap_exclude":false,"_sitemap_priority":"","_sitemap_frequency":"","footnotes":""},"categories":[51],"tags":[],"class_list":["post-193071","post","type-post","status-publish","format-standard","has-post-thumbnail","hentry","category-analitika","infinite-scroll-item","generate-columns","tablet-grid-50","mobile-grid-100","grid-parent","grid-33","no-featured-image-padding"],"acf":[],"yoast_head":"<!-- This site is optimized with the Yoast SEO plugin v27.4 - https:\/\/yoast.com\/product\/yoast-seo-wordpress\/ -->\n<title>&#039;&#039;Az\u0259rbaycan v\u0259 Erm\u0259nistan etimad t\u0259dbirl\u0259rinin m\u00f6hk\u0259ml\u0259ndirilm\u0259si \u00fc\u00e7\u00fcn add\u0131mlar axtar\u0131r&#039;&#039; - MEYDAN.TV<\/title>\n<meta name=\"robots\" content=\"index, follow, max-snippet:-1, max-image-preview:large, max-video-preview:-1\" \/>\n<link rel=\"canonical\" href=\"https:\/\/www.meydan.tv\/az\/article\/azerbaycan-ve-ermenistan-etimad-tedbirlerinin-mohkemlendirilmesi-ucun-addimlar-axtarir\/\" \/>\n<meta property=\"og:locale\" content=\"az_AZ\" \/>\n<meta property=\"og:type\" content=\"article\" \/>\n<meta property=\"og:title\" content=\"&#039;&#039;Az\u0259rbaycan v\u0259 Erm\u0259nistan etimad t\u0259dbirl\u0259rinin m\u00f6hk\u0259ml\u0259ndirilm\u0259si \u00fc\u00e7\u00fcn add\u0131mlar axtar\u0131r&#039;&#039; - MEYDAN.TV\" \/>\n<meta property=\"og:description\" content=\"&#039;&#039;\u0130zah\u0131 m\u00fcmk\u00fcn olmayan hadis\u0259l\u0259r ba\u015f verir&#039;&#039;\" \/>\n<meta property=\"og:url\" content=\"https:\/\/www.meydan.tv\/az\/article\/azerbaycan-ve-ermenistan-etimad-tedbirlerinin-mohkemlendirilmesi-ucun-addimlar-axtarir\/\" \/>\n<meta property=\"og:site_name\" content=\"MEYDAN.TV\" \/>\n<meta property=\"article:published_time\" content=\"2018-12-18T14:58:33+00:00\" \/>\n<meta property=\"og:image\" content=\"https:\/\/www.meydan.tv\/wp-content\/uploads\/45324.jpg\" \/>\n\t<meta property=\"og:image:width\" content=\"1023\" \/>\n\t<meta property=\"og:image:height\" content=\"575\" \/>\n\t<meta property=\"og:image:type\" content=\"image\/jpeg\" \/>\n<meta name=\"author\" content=\"user-manager\" \/>\n<meta name=\"twitter:card\" content=\"summary_large_image\" \/>\n<script type=\"application\/ld+json\" class=\"yoast-schema-graph\">{\"@context\":\"https:\\\/\\\/schema.org\",\"@graph\":[{\"@type\":\"Article\",\"@id\":\"https:\\\/\\\/www.meydan.tv\\\/az\\\/article\\\/azerbaycan-ve-ermenistan-etimad-tedbirlerinin-mohkemlendirilmesi-ucun-addimlar-axtarir\\\/#article\",\"isPartOf\":{\"@id\":\"https:\\\/\\\/www.meydan.tv\\\/az\\\/article\\\/azerbaycan-ve-ermenistan-etimad-tedbirlerinin-mohkemlendirilmesi-ucun-addimlar-axtarir\\\/\"},\"author\":{\"name\":\"user-manager\",\"@id\":\"https:\\\/\\\/www.meydan.tv\\\/az\\\/#\\\/schema\\\/person\\\/10d11eccf6da3662cf5fdab9806ea91a\"},\"headline\":\"&#8221;Az\u0259rbaycan v\u0259 Erm\u0259nistan etimad t\u0259dbirl\u0259rinin m\u00f6hk\u0259ml\u0259ndirilm\u0259si \u00fc\u00e7\u00fcn add\u0131mlar axtar\u0131r&#8221;\",\"datePublished\":\"2018-12-18T14:58:33+00:00\",\"mainEntityOfPage\":{\"@id\":\"https:\\\/\\\/www.meydan.tv\\\/az\\\/article\\\/azerbaycan-ve-ermenistan-etimad-tedbirlerinin-mohkemlendirilmesi-ucun-addimlar-axtarir\\\/\"},\"wordCount\":1074,\"publisher\":{\"@id\":\"https:\\\/\\\/www.meydan.tv\\\/az\\\/#organization\"},\"image\":{\"@id\":\"https:\\\/\\\/www.meydan.tv\\\/az\\\/article\\\/azerbaycan-ve-ermenistan-etimad-tedbirlerinin-mohkemlendirilmesi-ucun-addimlar-axtarir\\\/#primaryimage\"},\"thumbnailUrl\":\"https:\\\/\\\/www.meydan.tv\\\/wp-content\\\/uploads\\\/45324.jpg\",\"articleSection\":[\"Analitika\"],\"inLanguage\":\"az\"},{\"@type\":\"WebPage\",\"@id\":\"https:\\\/\\\/www.meydan.tv\\\/az\\\/article\\\/azerbaycan-ve-ermenistan-etimad-tedbirlerinin-mohkemlendirilmesi-ucun-addimlar-axtarir\\\/\",\"url\":\"https:\\\/\\\/www.meydan.tv\\\/az\\\/article\\\/azerbaycan-ve-ermenistan-etimad-tedbirlerinin-mohkemlendirilmesi-ucun-addimlar-axtarir\\\/\",\"name\":\"''Az\u0259rbaycan v\u0259 Erm\u0259nistan etimad t\u0259dbirl\u0259rinin m\u00f6hk\u0259ml\u0259ndirilm\u0259si \u00fc\u00e7\u00fcn add\u0131mlar axtar\u0131r'' - MEYDAN.TV\",\"isPartOf\":{\"@id\":\"https:\\\/\\\/www.meydan.tv\\\/az\\\/#website\"},\"primaryImageOfPage\":{\"@id\":\"https:\\\/\\\/www.meydan.tv\\\/az\\\/article\\\/azerbaycan-ve-ermenistan-etimad-tedbirlerinin-mohkemlendirilmesi-ucun-addimlar-axtarir\\\/#primaryimage\"},\"image\":{\"@id\":\"https:\\\/\\\/www.meydan.tv\\\/az\\\/article\\\/azerbaycan-ve-ermenistan-etimad-tedbirlerinin-mohkemlendirilmesi-ucun-addimlar-axtarir\\\/#primaryimage\"},\"thumbnailUrl\":\"https:\\\/\\\/www.meydan.tv\\\/wp-content\\\/uploads\\\/45324.jpg\",\"datePublished\":\"2018-12-18T14:58:33+00:00\",\"breadcrumb\":{\"@id\":\"https:\\\/\\\/www.meydan.tv\\\/az\\\/article\\\/azerbaycan-ve-ermenistan-etimad-tedbirlerinin-mohkemlendirilmesi-ucun-addimlar-axtarir\\\/#breadcrumb\"},\"inLanguage\":\"az\",\"potentialAction\":[{\"@type\":\"ReadAction\",\"target\":[\"https:\\\/\\\/www.meydan.tv\\\/az\\\/article\\\/azerbaycan-ve-ermenistan-etimad-tedbirlerinin-mohkemlendirilmesi-ucun-addimlar-axtarir\\\/\"]}]},{\"@type\":\"ImageObject\",\"inLanguage\":\"az\",\"@id\":\"https:\\\/\\\/www.meydan.tv\\\/az\\\/article\\\/azerbaycan-ve-ermenistan-etimad-tedbirlerinin-mohkemlendirilmesi-ucun-addimlar-axtarir\\\/#primaryimage\",\"url\":\"https:\\\/\\\/www.meydan.tv\\\/wp-content\\\/uploads\\\/45324.jpg\",\"contentUrl\":\"https:\\\/\\\/www.meydan.tv\\\/wp-content\\\/uploads\\\/45324.jpg\",\"width\":1023,\"height\":575,\"caption\":\"Source:\"},{\"@type\":\"BreadcrumbList\",\"@id\":\"https:\\\/\\\/www.meydan.tv\\\/az\\\/article\\\/azerbaycan-ve-ermenistan-etimad-tedbirlerinin-mohkemlendirilmesi-ucun-addimlar-axtarir\\\/#breadcrumb\",\"itemListElement\":[{\"@type\":\"ListItem\",\"position\":1,\"name\":\"Ana s\u0259hif\u0259\",\"item\":\"https:\\\/\\\/www.meydan.tv\\\/az\\\/\"},{\"@type\":\"ListItem\",\"position\":2,\"name\":\"Analitika\",\"item\":\"https:\\\/\\\/www.meydan.tv\\\/az\\\/section\\\/analitika\\\/\"},{\"@type\":\"ListItem\",\"position\":3,\"name\":\"&#8221;Az\u0259rbaycan v\u0259 Erm\u0259nistan etimad t\u0259dbirl\u0259rinin m\u00f6hk\u0259ml\u0259ndirilm\u0259si \u00fc\u00e7\u00fcn add\u0131mlar axtar\u0131r&#8221;\"}]},{\"@type\":\"WebSite\",\"@id\":\"https:\\\/\\\/www.meydan.tv\\\/az\\\/#website\",\"url\":\"https:\\\/\\\/www.meydan.tv\\\/az\\\/\",\"name\":\"MEYDAN.TV\",\"description\":\"Meydan TV Az\u0259rbaycan\u0131n media m\u0259kan\u0131ndak\u0131 alternativ s\u0259sidir\",\"publisher\":{\"@id\":\"https:\\\/\\\/www.meydan.tv\\\/az\\\/#organization\"},\"potentialAction\":[{\"@type\":\"SearchAction\",\"target\":{\"@type\":\"EntryPoint\",\"urlTemplate\":\"https:\\\/\\\/www.meydan.tv\\\/az\\\/?s={search_term_string}\"},\"query-input\":{\"@type\":\"PropertyValueSpecification\",\"valueRequired\":true,\"valueName\":\"search_term_string\"}}],\"inLanguage\":\"az\"},{\"@type\":\"Organization\",\"@id\":\"https:\\\/\\\/www.meydan.tv\\\/az\\\/#organization\",\"name\":\"Meydan TV\",\"url\":\"https:\\\/\\\/www.meydan.tv\\\/az\\\/\",\"logo\":{\"@type\":\"ImageObject\",\"inLanguage\":\"az\",\"@id\":\"https:\\\/\\\/www.meydan.tv\\\/az\\\/#\\\/schema\\\/logo\\\/image\\\/\",\"url\":\"https:\\\/\\\/www.meydan.tv\\\/wp-content\\\/uploads\\\/2021\\\/07\\\/meydan-logo.svg\",\"contentUrl\":\"https:\\\/\\\/www.meydan.tv\\\/wp-content\\\/uploads\\\/2021\\\/07\\\/meydan-logo.svg\",\"width\":195,\"height\":46,\"caption\":\"Meydan TV\"},\"image\":{\"@id\":\"https:\\\/\\\/www.meydan.tv\\\/az\\\/#\\\/schema\\\/logo\\\/image\\\/\"}},{\"@type\":\"Person\",\"@id\":\"https:\\\/\\\/www.meydan.tv\\\/az\\\/#\\\/schema\\\/person\\\/10d11eccf6da3662cf5fdab9806ea91a\",\"name\":\"user-manager\"}]}<\/script>\n<!-- \/ Yoast SEO plugin. -->","yoast_head_json":{"title":"''Az\u0259rbaycan v\u0259 Erm\u0259nistan etimad t\u0259dbirl\u0259rinin m\u00f6hk\u0259ml\u0259ndirilm\u0259si \u00fc\u00e7\u00fcn add\u0131mlar axtar\u0131r'' - MEYDAN.TV","robots":{"index":"index","follow":"follow","max-snippet":"max-snippet:-1","max-image-preview":"max-image-preview:large","max-video-preview":"max-video-preview:-1"},"canonical":"https:\/\/www.meydan.tv\/az\/article\/azerbaycan-ve-ermenistan-etimad-tedbirlerinin-mohkemlendirilmesi-ucun-addimlar-axtarir\/","og_locale":"az_AZ","og_type":"article","og_title":"''Az\u0259rbaycan v\u0259 Erm\u0259nistan etimad t\u0259dbirl\u0259rinin m\u00f6hk\u0259ml\u0259ndirilm\u0259si \u00fc\u00e7\u00fcn add\u0131mlar axtar\u0131r'' - MEYDAN.TV","og_description":"''\u0130zah\u0131 m\u00fcmk\u00fcn olmayan hadis\u0259l\u0259r ba\u015f verir''","og_url":"https:\/\/www.meydan.tv\/az\/article\/azerbaycan-ve-ermenistan-etimad-tedbirlerinin-mohkemlendirilmesi-ucun-addimlar-axtarir\/","og_site_name":"MEYDAN.TV","article_published_time":"2018-12-18T14:58:33+00:00","og_image":[{"width":1023,"height":575,"url":"https:\/\/www.meydan.tv\/wp-content\/uploads\/45324.jpg","type":"image\/jpeg"}],"author":"user-manager","twitter_card":"summary_large_image","schema":{"@context":"https:\/\/schema.org","@graph":[{"@type":"Article","@id":"https:\/\/www.meydan.tv\/az\/article\/azerbaycan-ve-ermenistan-etimad-tedbirlerinin-mohkemlendirilmesi-ucun-addimlar-axtarir\/#article","isPartOf":{"@id":"https:\/\/www.meydan.tv\/az\/article\/azerbaycan-ve-ermenistan-etimad-tedbirlerinin-mohkemlendirilmesi-ucun-addimlar-axtarir\/"},"author":{"name":"user-manager","@id":"https:\/\/www.meydan.tv\/az\/#\/schema\/person\/10d11eccf6da3662cf5fdab9806ea91a"},"headline":"&#8221;Az\u0259rbaycan v\u0259 Erm\u0259nistan etimad t\u0259dbirl\u0259rinin m\u00f6hk\u0259ml\u0259ndirilm\u0259si \u00fc\u00e7\u00fcn add\u0131mlar axtar\u0131r&#8221;","datePublished":"2018-12-18T14:58:33+00:00","mainEntityOfPage":{"@id":"https:\/\/www.meydan.tv\/az\/article\/azerbaycan-ve-ermenistan-etimad-tedbirlerinin-mohkemlendirilmesi-ucun-addimlar-axtarir\/"},"wordCount":1074,"publisher":{"@id":"https:\/\/www.meydan.tv\/az\/#organization"},"image":{"@id":"https:\/\/www.meydan.tv\/az\/article\/azerbaycan-ve-ermenistan-etimad-tedbirlerinin-mohkemlendirilmesi-ucun-addimlar-axtarir\/#primaryimage"},"thumbnailUrl":"https:\/\/www.meydan.tv\/wp-content\/uploads\/45324.jpg","articleSection":["Analitika"],"inLanguage":"az"},{"@type":"WebPage","@id":"https:\/\/www.meydan.tv\/az\/article\/azerbaycan-ve-ermenistan-etimad-tedbirlerinin-mohkemlendirilmesi-ucun-addimlar-axtarir\/","url":"https:\/\/www.meydan.tv\/az\/article\/azerbaycan-ve-ermenistan-etimad-tedbirlerinin-mohkemlendirilmesi-ucun-addimlar-axtarir\/","name":"''Az\u0259rbaycan v\u0259 Erm\u0259nistan etimad t\u0259dbirl\u0259rinin m\u00f6hk\u0259ml\u0259ndirilm\u0259si \u00fc\u00e7\u00fcn add\u0131mlar axtar\u0131r'' - MEYDAN.TV","isPartOf":{"@id":"https:\/\/www.meydan.tv\/az\/#website"},"primaryImageOfPage":{"@id":"https:\/\/www.meydan.tv\/az\/article\/azerbaycan-ve-ermenistan-etimad-tedbirlerinin-mohkemlendirilmesi-ucun-addimlar-axtarir\/#primaryimage"},"image":{"@id":"https:\/\/www.meydan.tv\/az\/article\/azerbaycan-ve-ermenistan-etimad-tedbirlerinin-mohkemlendirilmesi-ucun-addimlar-axtarir\/#primaryimage"},"thumbnailUrl":"https:\/\/www.meydan.tv\/wp-content\/uploads\/45324.jpg","datePublished":"2018-12-18T14:58:33+00:00","breadcrumb":{"@id":"https:\/\/www.meydan.tv\/az\/article\/azerbaycan-ve-ermenistan-etimad-tedbirlerinin-mohkemlendirilmesi-ucun-addimlar-axtarir\/#breadcrumb"},"inLanguage":"az","potentialAction":[{"@type":"ReadAction","target":["https:\/\/www.meydan.tv\/az\/article\/azerbaycan-ve-ermenistan-etimad-tedbirlerinin-mohkemlendirilmesi-ucun-addimlar-axtarir\/"]}]},{"@type":"ImageObject","inLanguage":"az","@id":"https:\/\/www.meydan.tv\/az\/article\/azerbaycan-ve-ermenistan-etimad-tedbirlerinin-mohkemlendirilmesi-ucun-addimlar-axtarir\/#primaryimage","url":"https:\/\/www.meydan.tv\/wp-content\/uploads\/45324.jpg","contentUrl":"https:\/\/www.meydan.tv\/wp-content\/uploads\/45324.jpg","width":1023,"height":575,"caption":"Source:"},{"@type":"BreadcrumbList","@id":"https:\/\/www.meydan.tv\/az\/article\/azerbaycan-ve-ermenistan-etimad-tedbirlerinin-mohkemlendirilmesi-ucun-addimlar-axtarir\/#breadcrumb","itemListElement":[{"@type":"ListItem","position":1,"name":"Ana s\u0259hif\u0259","item":"https:\/\/www.meydan.tv\/az\/"},{"@type":"ListItem","position":2,"name":"Analitika","item":"https:\/\/www.meydan.tv\/az\/section\/analitika\/"},{"@type":"ListItem","position":3,"name":"&#8221;Az\u0259rbaycan v\u0259 Erm\u0259nistan etimad t\u0259dbirl\u0259rinin m\u00f6hk\u0259ml\u0259ndirilm\u0259si \u00fc\u00e7\u00fcn add\u0131mlar axtar\u0131r&#8221;"}]},{"@type":"WebSite","@id":"https:\/\/www.meydan.tv\/az\/#website","url":"https:\/\/www.meydan.tv\/az\/","name":"MEYDAN.TV","description":"Meydan TV Az\u0259rbaycan\u0131n media m\u0259kan\u0131ndak\u0131 alternativ s\u0259sidir","publisher":{"@id":"https:\/\/www.meydan.tv\/az\/#organization"},"potentialAction":[{"@type":"SearchAction","target":{"@type":"EntryPoint","urlTemplate":"https:\/\/www.meydan.tv\/az\/?s={search_term_string}"},"query-input":{"@type":"PropertyValueSpecification","valueRequired":true,"valueName":"search_term_string"}}],"inLanguage":"az"},{"@type":"Organization","@id":"https:\/\/www.meydan.tv\/az\/#organization","name":"Meydan TV","url":"https:\/\/www.meydan.tv\/az\/","logo":{"@type":"ImageObject","inLanguage":"az","@id":"https:\/\/www.meydan.tv\/az\/#\/schema\/logo\/image\/","url":"https:\/\/www.meydan.tv\/wp-content\/uploads\/2021\/07\/meydan-logo.svg","contentUrl":"https:\/\/www.meydan.tv\/wp-content\/uploads\/2021\/07\/meydan-logo.svg","width":195,"height":46,"caption":"Meydan TV"},"image":{"@id":"https:\/\/www.meydan.tv\/az\/#\/schema\/logo\/image\/"}},{"@type":"Person","@id":"https:\/\/www.meydan.tv\/az\/#\/schema\/person\/10d11eccf6da3662cf5fdab9806ea91a","name":"user-manager"}]}},"_links":{"self":[{"href":"https:\/\/www.meydan.tv\/az\/wp-json\/wp\/v2\/posts\/193071","targetHints":{"allow":["GET"]}}],"collection":[{"href":"https:\/\/www.meydan.tv\/az\/wp-json\/wp\/v2\/posts"}],"about":[{"href":"https:\/\/www.meydan.tv\/az\/wp-json\/wp\/v2\/types\/post"}],"author":[{"embeddable":true,"href":"https:\/\/www.meydan.tv\/az\/wp-json\/wp\/v2\/users\/11"}],"replies":[{"embeddable":true,"href":"https:\/\/www.meydan.tv\/az\/wp-json\/wp\/v2\/comments?post=193071"}],"version-history":[{"count":0,"href":"https:\/\/www.meydan.tv\/az\/wp-json\/wp\/v2\/posts\/193071\/revisions"}],"wp:featuredmedia":[{"embeddable":true,"href":"https:\/\/www.meydan.tv\/az\/wp-json\/wp\/v2\/media\/113748"}],"wp:attachment":[{"href":"https:\/\/www.meydan.tv\/az\/wp-json\/wp\/v2\/media?parent=193071"}],"wp:term":[{"taxonomy":"category","embeddable":true,"href":"https:\/\/www.meydan.tv\/az\/wp-json\/wp\/v2\/categories?post=193071"},{"taxonomy":"post_tag","embeddable":true,"href":"https:\/\/www.meydan.tv\/az\/wp-json\/wp\/v2\/tags?post=193071"}],"curies":[{"name":"wp","href":"https:\/\/api.w.org\/{rel}","templated":true}]}}