{"id":193069,"date":"2018-12-18T14:53:18","date_gmt":"2018-12-18T14:53:18","guid":{"rendered":"https:\/\/www.meydan.tv\/article\/agsu-sakini-rayona-geden-avtobus-surucusu-bize-kelek-gelir\/"},"modified":"2018-12-18T14:53:18","modified_gmt":"2018-12-18T14:53:18","slug":"agsu-sakini-rayona-geden-avtobus-surucusu-bize-kelek-gelir","status":"publish","type":"post","link":"https:\/\/www.meydan.tv\/az\/article\/agsu-sakini-rayona-geden-avtobus-surucusu-bize-kelek-gelir\/","title":{"rendered":"A\u011fsu sakini: Rayona ged\u0259n avtobus s\u00fcr\u00fcc\u00fcs\u00fc biz\u0259 k\u0259l\u0259k g\u0259lir"},"content":{"rendered":"<figure class=\"wp-block-image size-large\">\n  <img decoding=\"async\" src=\"https:\/\/www.meydan.tv\/az\/agsu-seheri\/\" alt=\"A\u011fsu \u015f\u0259h\u0259ri\" class=\"wp-image-99978\"\/><figcaption>\n    A\u011fsu \u015f\u0259h\u0259ri<br \/>\n  <\/figcaption><\/figure>\n<p>\n  <i><br \/>\n    &#8221;Yolboyu s\u00f6y\u00fc\u015f s\u00f6y\u0259-s\u00f6y\u0259 ma\u015f\u0131n\u0131 idar\u0259 ed\u0259n s\u00fcr\u00fcc\u00fc, dig\u0259r bir s\u0259rni\u015fini yar\u0131yolda d\u00fc\u015f\u00fcrd\u00fc&#8221;<br \/>\n  <\/i>\n<\/p>\n<p>\n  &#8220;Regionlara s\u0259rni\u015fin da\u015f\u0131yan avtobus s\u00fcr\u00fcc\u00fcl\u0259ri, camaat\u0131n ba\u015f\u0131na oyun a\u00e7\u0131r. Gedi\u015f qiym\u0259tl\u0259rini s\u00fcni \u015f\u0259kild\u0259 qald\u0131r\u0131rlar. Bilet al\u0131rsan, g\u00f6t\u00fcrm\u0259k ist\u0259mirl\u0259r v\u0259 yalandan avtobus \u00e7at\u0131\u015fmazl\u0131\u011f\u0131 v\u0259ziyy\u0259tini yarad\u0131rlar&#8221;.\n<\/p>\n<p>\n  Bunu Meydan TV-y\u0259 A\u011fsu rayonu, \u00dclg\u00fccl\u00fc k\u0259nd sakini Ramil\u0259 \u018fzimova deyib. \u015eikay\u0259t\u00e7i s\u00f6yl\u0259yir ki, bir ne\u00e7\u0259 g\u00fcn \u00f6nc\u0259 Bak\u0131 Beyn\u0259lxalq Avtova\u011fzal\u0131ndan A\u011fsuya ged\u0259n \u201c06-BD-782\u201d d\u00f6vl\u0259t n\u00f6mr\u0259 ni\u015fanl\u0131 &#8220;Ford&#8221; avtobusunun s\u00fcr\u00fcc\u00fcs\u00fcn\u0259 yax\u0131nla\u015faraq, rayona getm\u0259k ist\u0259diyini bildirib:\n<\/p>\n<p>\n  &#8220;Ma\u015f\u0131n axtarmazdan \u0259vv\u0259l kassaya getdim, biletin qiym\u0259ti il\u0259 maraqland\u0131m, icra\u00e7\u0131 bildirdi ki, gedi\u015fhaqq\u0131 3 manat 70 q\u0259pikdir. E\u015fitmi\u015fdim ki, A\u011fsuya b\u0259z\u0259n avtobus tapmaq \u00e7\u0259tin olur, ona g\u00f6r\u0259 bilet alma\u011fa t\u0259l\u0259sm\u0259dim. Avtova\u011fzalda axtar\u0131b, A\u011fsuya ged\u0259n ma\u015f\u0131n tapd\u0131m, s\u00fcr\u00fcc\u00fcy\u0259 dedim ki, bilet al\u0131m, g\u0259lir\u0259m. Cavab\u0131nda qay\u0131td\u0131 ki, s\u0259n\u0259 bilet laz\u0131md\u0131r, m\u0259n al\u0131m d\u0259. Dedim ki, yox, sad\u0259c\u0259, siz\u0259 g\u00f6r\u0259 deyir\u0259m. N\u0259 is\u0259, bilet almad\u0131m, oturdum avtobusa. 1,5 saat g\u00f6zl\u0259y\u0259nd\u0259n v\u0259 ma\u015f\u0131na t\u0259xmin\u0259n 8 adam min\u0259nd\u0259n sonra yola d\u00fc\u015fd\u00fck&#8221;.\n<\/p>\n<p>\n  \u015eikay\u0259t\u00e7i deyir ki, s\u0259rni\u015finl\u0259rin aras\u0131nda iki azya\u015fl\u0131 u\u015fa\u011f\u0131 olan g\u0259nc ail\u0259 d\u0259 var idi. Ma\u015f\u0131n bo\u015f oldu\u011fu \u00fc\u00e7\u00fcn onlar t\u0259xmin\u0259n 5 ya\u015f\u0131 olan u\u015fa\u011f\u0131 yanlar\u0131ndak\u0131 bo\u015f yer\u0259 oturdublar:\n<\/p>\n<p>\n  &#8220;M\u0259nzil ba\u015f\u0131na \u00e7atma\u011f\u0131m\u0131za 20 d\u0259qiq\u0259 qalm\u0131\u015fd\u0131, s\u00fcr\u00fcc\u00fc yolda saxlad\u0131 ki, \u00e7ay i\u00e7\u0259k. Sonra ham\u0131 ma\u015f\u0131na oturanda yolpulunu ist\u0259di. M\u0259lum oldu ki, s\u00fcr\u00fcc\u00fc biz\u0259 k\u0259l\u0259k g\u0259lib. Ham\u0131dan 3 manat 70 q\u0259pik \u0259v\u0259zin\u0259 5 manat ald\u0131. \u00c7ar\u0259miz n\u0259 idi? Yolu yar\u0131 etmi\u015fdik, hava da soyuq. Onun ist\u0259diyi 5 manat\u0131 m\u0259cburiyy\u0259td\u0259n verdik. S\u00fcr\u00fcc\u00fc g\u0259nc ail\u0259nin ba\u015f\u00e7\u0131s\u0131n\u0131n ona uzatd\u0131\u011f\u0131 &#8220;\u0259llilik&#8221;d\u0259n 5 manat da be\u015f ya\u015f\u0131nda u\u015fa\u011f\u0131n gedi\u015fhaqq\u0131n\u0131 \u00e7\u0131xd\u0131. Bundan sonra s\u00fcr\u00fcc\u00fc il\u0259 s\u0259rni\u015fin aras\u0131nda m\u00fcbahis\u0259 d\u00fc\u015fd\u00fc. S\u00fcr\u00fcc\u00fc m\u00fcxt\u0259lif b\u0259han\u0259l\u0259rl\u0259 \u00f6z\u00fcn\u00fc haql\u0131 \u00e7\u0131xarma\u011fa \u00e7al\u0131\u015fsa da, sonradan t\u0259hqir\u0259 ke\u00e7di. Ma\u015f\u0131nda olan qad\u0131n v\u0259 azya\u015fl\u0131 u\u015faqlar\u0131n yan\u0131ndaca a\u011f\u0131r s\u00f6y\u00fc\u015fl\u0259r s\u00f6y\u00fcb, s\u0259rni\u015finin \u00fcz\u0259rin\u0259 \u015f\u0131\u011f\u0131d\u0131, ona \u0259l-qol atma\u011fa ba\u015flad\u0131. \u018ftrafdak\u0131lar araya girdi. Qar\u015f\u0131 t\u0259r\u0259f is\u0259 dava d\u00fc\u015fm\u0259sin dey\u0259 m\u00fcqavim\u0259t g\u00f6st\u0259rm\u0259di. Yolboyu s\u00f6y\u00fc\u015f s\u00f6y\u0259-s\u00f6y\u0259 ma\u015f\u0131n\u0131 idar\u0259 ed\u0259n s\u00fcr\u00fcc\u00fc, dig\u0259r bir s\u0259rni\u015fini A\u011fsu avtova\u011fzal\u0131na aparma\u011fa s\u00f6z verdiyi halda, yar\u0131yolda d\u00fc\u015f\u00fcrd\u00fc, avtova\u011fzala getm\u0259diyini dedi. Qad\u0131n\u0131n \u00fcz\u0259rin\u0259 \u00e7\u0131\u011f\u0131raraq, ma\u015f\u0131ndan d\u00fc\u015fm\u0259yini t\u0259kid etdi. Qad\u0131n da he\u00e7 n\u0259 dem\u0259yib, d\u00fc\u015f\u00fcb getdi&#8221;.\n<\/p>\n<figure class=\"wp-block-image size-large\">\n  <img decoding=\"async\" src=\"https:\/\/www.meydan.tv\/az\/114327\/\" alt=\"\" class=\"wp-image-114327\"\/><figcaption><\/figcaption><\/figure>\n<p>\n  Ramil\u0259 \u018fzimova bildirir ki, m\u0259nzil ba\u015f\u0131na \u00e7atandan sonra f\u00fcrs\u0259t taparaq, s\u00fcr\u00fcc\u00fcn\u00fcn idar\u0259 etdiyi ma\u015f\u0131n\u0131n n\u00f6mr\u0259sini telefonuna \u00e7\u0259k\u0259 bilib.\n<\/p>\n<p>\n  M\u0259s\u0259l\u0259 il\u0259 ba\u011fl\u0131 Bak\u0131 Beyn\u0259lxalq Avtova\u011fzal\u0131n\u0131n ictimaiyy\u0259tl\u0259 \u0259laq\u0259l\u0259r \u015f\u00f6b\u0259si il\u0259 \u0259laq\u0259 saxlad\u0131q. Meydan TV-y\u0259 bildirildi ki, Avtova\u011fzal r\u0259hb\u0259rliyi bu kimi hallar\u0131n qar\u015f\u0131s\u0131n\u0131 alma\u011fa \u00e7al\u0131\u015f\u0131r:\n<\/p>\n<p>\n  &#8220;A\u011fsu rayonu istiqam\u0259tind\u0259 avtobuslar qeyri-m\u00fcnt\u0259z\u0259m i\u015fl\u0259yir. Onlar da b\u00f6y\u00fck yox, ki\u00e7ik avtobuslard\u0131r. Biz n\u0259 q\u0259d\u0259r m\u0259s\u0259l\u0259ni d\u00fcz\u0259ltm\u0259y\u0259, t\u0259nziml\u0259m\u0259y\u0259 \u00e7al\u0131\u015fsaq da, s\u00fcr\u00fcc\u00fcl\u0259rl\u0259 ba\u015f\u0131m\u0131z b\u0259ladad\u0131r. Ona g\u00f6r\u0259 d\u0259 s\u0259rni\u015finl\u0259rd\u0259n xahi\u015f edirik, biletl\u0259rini \u00f6zl\u0259ri als\u0131nlar. \u00c7\u00fcnki orada ham\u0131 daha \u00e7ox pul qazanma\u011fa can at\u0131r. \u015eikay\u0259t\u00e7i \u0259lind\u0259 bileti, h\u0259r hans\u0131 bir yanl\u0131\u015fl\u0131qla rastla\u015f\u0131b, biz\u0259 m\u00fcraci\u0259t ed\u0259nd\u0259, m\u0259s\u0259l\u0259ni r\u0259smi \u015f\u0259kild\u0259 ara\u015fd\u0131r\u0131r\u0131q. Bilet al\u0131nmayanda, ilk s\u0259hvi buraxan da el\u0259 s\u0259rni\u015fin \u00f6z\u00fc olur. Biz da\u015f\u0131y\u0131c\u0131 \u015firk\u0259tl\u0259rl\u0259 i\u015fl\u0259yirik, y\u0259ni avtobuslar n\u0259zar\u0259timizd\u0259 deyil. \u015eikay\u0259t\u00e7inin m\u00fcraci\u0259tind\u0259n sonra h\u0259min x\u0259tt \u00fczr\u0259 s\u0259rni\u015finda\u015f\u0131man\u0131n m\u00fcdirini \u00e7a\u011f\u0131rd\u0131q, dan\u0131\u015fd\u0131q. Haqq\u0131nda \u015fikay\u0259t edil\u0259n s\u00fcr\u00fcc\u00fc daha avtova\u011fzala burax\u0131lmayacaq. Onun bizim \u015firk\u0259tl\u0259 olan m\u00fcqavil\u0259si l\u0259\u011fv edil\u0259c\u0259k.\n<\/p>\n<p>\n  Ya\u015f h\u0259ddin\u0259 g\u0259linc\u0259, bizd\u0259 5-10 ya\u015f aras\u0131nda u\u015faqlar \u00fc\u00e7\u00fcn oturacaqlar\u0131n yar\u0131 faizinin pulu al\u0131n\u0131r. Qucaqda ged\u0259n u\u015fa\u011fa g\u00f6r\u0259 pul t\u0259l\u0259b edil\u0259 bilm\u0259z. Yaxud u\u015faq bo\u015f yerd\u0259 \u0259yl\u0259\u015fdirildiyi t\u0259qdird\u0259, s\u00fcr\u00fcc\u00fc m\u00fctl\u0259q gedi\u015fhaqq\u0131 il\u0259 ba\u011fl\u0131 s\u0259rni\u015fini m\u0259lumatland\u0131rmal\u0131d\u0131r&#8221;.\n<\/p><\/p>\n","protected":false},"excerpt":{"rendered":"<p>&#8221;Yolboyu s\u00f6y\u00fc\u015f s\u00f6y\u0259-s\u00f6y\u0259 ma\u015f\u0131n\u0131 idar\u0259 ed\u0259n s\u00fcr\u00fcc\u00fc, dig\u0259r bir s\u0259rni\u015fini yar\u0131yolda d\u00fc\u015f\u00fcrd\u00fc&#8221;<\/p>\n","protected":false},"author":11,"featured_media":99978,"comment_status":"closed","ping_status":"open","sticky":false,"template":"","format":"standard","meta":{"_acf_changed":false,"_sitemap_exclude":false,"_sitemap_priority":"","_sitemap_frequency":"","footnotes":""},"categories":[60],"tags":[],"class_list":["post-193069","post","type-post","status-publish","format-standard","has-post-thumbnail","hentry","category-bolge","infinite-scroll-item","generate-columns","tablet-grid-50","mobile-grid-100","grid-parent","grid-33","no-featured-image-padding"],"acf":[],"yoast_head":"<!-- This site is optimized with the Yoast SEO plugin v27.4 - https:\/\/yoast.com\/product\/yoast-seo-wordpress\/ -->\n<title>A\u011fsu sakini: Rayona ged\u0259n avtobus s\u00fcr\u00fcc\u00fcs\u00fc biz\u0259 k\u0259l\u0259k g\u0259lir - MEYDAN.TV<\/title>\n<meta name=\"robots\" content=\"index, follow, max-snippet:-1, max-image-preview:large, max-video-preview:-1\" \/>\n<link rel=\"canonical\" href=\"https:\/\/www.meydan.tv\/az\/article\/agsu-sakini-rayona-geden-avtobus-surucusu-bize-kelek-gelir\/\" \/>\n<meta property=\"og:locale\" content=\"az_AZ\" \/>\n<meta property=\"og:type\" content=\"article\" \/>\n<meta property=\"og:title\" content=\"A\u011fsu sakini: Rayona ged\u0259n avtobus s\u00fcr\u00fcc\u00fcs\u00fc biz\u0259 k\u0259l\u0259k g\u0259lir - MEYDAN.TV\" \/>\n<meta property=\"og:description\" content=\"&#039;&#039;Yolboyu s\u00f6y\u00fc\u015f s\u00f6y\u0259-s\u00f6y\u0259 ma\u015f\u0131n\u0131 idar\u0259 ed\u0259n s\u00fcr\u00fcc\u00fc, dig\u0259r bir s\u0259rni\u015fini yar\u0131yolda d\u00fc\u015f\u00fcrd\u00fc&#039;&#039;\" \/>\n<meta property=\"og:url\" content=\"https:\/\/www.meydan.tv\/az\/article\/agsu-sakini-rayona-geden-avtobus-surucusu-bize-kelek-gelir\/\" \/>\n<meta property=\"og:site_name\" content=\"MEYDAN.TV\" \/>\n<meta property=\"article:published_time\" content=\"2018-12-18T14:53:18+00:00\" \/>\n<meta property=\"og:image\" content=\"https:\/\/www.meydan.tv\/wp-content\/uploads\/39544-scaled.jpg\" \/>\n\t<meta property=\"og:image:width\" content=\"2560\" \/>\n\t<meta property=\"og:image:height\" content=\"1700\" \/>\n\t<meta property=\"og:image:type\" content=\"image\/jpeg\" \/>\n<meta name=\"author\" content=\"user-manager\" \/>\n<meta name=\"twitter:card\" content=\"summary_large_image\" \/>\n<script type=\"application\/ld+json\" class=\"yoast-schema-graph\">{\"@context\":\"https:\\\/\\\/schema.org\",\"@graph\":[{\"@type\":\"Article\",\"@id\":\"https:\\\/\\\/www.meydan.tv\\\/az\\\/article\\\/agsu-sakini-rayona-geden-avtobus-surucusu-bize-kelek-gelir\\\/#article\",\"isPartOf\":{\"@id\":\"https:\\\/\\\/www.meydan.tv\\\/az\\\/article\\\/agsu-sakini-rayona-geden-avtobus-surucusu-bize-kelek-gelir\\\/\"},\"author\":{\"name\":\"user-manager\",\"@id\":\"https:\\\/\\\/www.meydan.tv\\\/az\\\/#\\\/schema\\\/person\\\/10d11eccf6da3662cf5fdab9806ea91a\"},\"headline\":\"A\u011fsu sakini: Rayona ged\u0259n avtobus s\u00fcr\u00fcc\u00fcs\u00fc biz\u0259 k\u0259l\u0259k g\u0259lir\",\"datePublished\":\"2018-12-18T14:53:18+00:00\",\"mainEntityOfPage\":{\"@id\":\"https:\\\/\\\/www.meydan.tv\\\/az\\\/article\\\/agsu-sakini-rayona-geden-avtobus-surucusu-bize-kelek-gelir\\\/\"},\"wordCount\":911,\"publisher\":{\"@id\":\"https:\\\/\\\/www.meydan.tv\\\/az\\\/#organization\"},\"image\":{\"@id\":\"https:\\\/\\\/www.meydan.tv\\\/az\\\/article\\\/agsu-sakini-rayona-geden-avtobus-surucusu-bize-kelek-gelir\\\/#primaryimage\"},\"thumbnailUrl\":\"https:\\\/\\\/www.meydan.tv\\\/wp-content\\\/uploads\\\/39544-scaled.jpg\",\"articleSection\":[\"B\u00f6lg\u0259\"],\"inLanguage\":\"az\"},{\"@type\":\"WebPage\",\"@id\":\"https:\\\/\\\/www.meydan.tv\\\/az\\\/article\\\/agsu-sakini-rayona-geden-avtobus-surucusu-bize-kelek-gelir\\\/\",\"url\":\"https:\\\/\\\/www.meydan.tv\\\/az\\\/article\\\/agsu-sakini-rayona-geden-avtobus-surucusu-bize-kelek-gelir\\\/\",\"name\":\"A\u011fsu sakini: Rayona ged\u0259n avtobus s\u00fcr\u00fcc\u00fcs\u00fc biz\u0259 k\u0259l\u0259k g\u0259lir - MEYDAN.TV\",\"isPartOf\":{\"@id\":\"https:\\\/\\\/www.meydan.tv\\\/az\\\/#website\"},\"primaryImageOfPage\":{\"@id\":\"https:\\\/\\\/www.meydan.tv\\\/az\\\/article\\\/agsu-sakini-rayona-geden-avtobus-surucusu-bize-kelek-gelir\\\/#primaryimage\"},\"image\":{\"@id\":\"https:\\\/\\\/www.meydan.tv\\\/az\\\/article\\\/agsu-sakini-rayona-geden-avtobus-surucusu-bize-kelek-gelir\\\/#primaryimage\"},\"thumbnailUrl\":\"https:\\\/\\\/www.meydan.tv\\\/wp-content\\\/uploads\\\/39544-scaled.jpg\",\"datePublished\":\"2018-12-18T14:53:18+00:00\",\"breadcrumb\":{\"@id\":\"https:\\\/\\\/www.meydan.tv\\\/az\\\/article\\\/agsu-sakini-rayona-geden-avtobus-surucusu-bize-kelek-gelir\\\/#breadcrumb\"},\"inLanguage\":\"az\",\"potentialAction\":[{\"@type\":\"ReadAction\",\"target\":[\"https:\\\/\\\/www.meydan.tv\\\/az\\\/article\\\/agsu-sakini-rayona-geden-avtobus-surucusu-bize-kelek-gelir\\\/\"]}]},{\"@type\":\"ImageObject\",\"inLanguage\":\"az\",\"@id\":\"https:\\\/\\\/www.meydan.tv\\\/az\\\/article\\\/agsu-sakini-rayona-geden-avtobus-surucusu-bize-kelek-gelir\\\/#primaryimage\",\"url\":\"https:\\\/\\\/www.meydan.tv\\\/wp-content\\\/uploads\\\/39544-scaled.jpg\",\"contentUrl\":\"https:\\\/\\\/www.meydan.tv\\\/wp-content\\\/uploads\\\/39544-scaled.jpg\",\"width\":2560,\"height\":1700,\"caption\":\"Source:\"},{\"@type\":\"BreadcrumbList\",\"@id\":\"https:\\\/\\\/www.meydan.tv\\\/az\\\/article\\\/agsu-sakini-rayona-geden-avtobus-surucusu-bize-kelek-gelir\\\/#breadcrumb\",\"itemListElement\":[{\"@type\":\"ListItem\",\"position\":1,\"name\":\"Ana s\u0259hif\u0259\",\"item\":\"https:\\\/\\\/www.meydan.tv\\\/az\\\/\"},{\"@type\":\"ListItem\",\"position\":2,\"name\":\"B\u00f6lg\u0259\",\"item\":\"https:\\\/\\\/www.meydan.tv\\\/az\\\/section\\\/bolge\\\/\"},{\"@type\":\"ListItem\",\"position\":3,\"name\":\"A\u011fsu sakini: Rayona ged\u0259n avtobus s\u00fcr\u00fcc\u00fcs\u00fc biz\u0259 k\u0259l\u0259k g\u0259lir\"}]},{\"@type\":\"WebSite\",\"@id\":\"https:\\\/\\\/www.meydan.tv\\\/az\\\/#website\",\"url\":\"https:\\\/\\\/www.meydan.tv\\\/az\\\/\",\"name\":\"MEYDAN.TV\",\"description\":\"Meydan TV Az\u0259rbaycan\u0131n media m\u0259kan\u0131ndak\u0131 alternativ s\u0259sidir\",\"publisher\":{\"@id\":\"https:\\\/\\\/www.meydan.tv\\\/az\\\/#organization\"},\"potentialAction\":[{\"@type\":\"SearchAction\",\"target\":{\"@type\":\"EntryPoint\",\"urlTemplate\":\"https:\\\/\\\/www.meydan.tv\\\/az\\\/?s={search_term_string}\"},\"query-input\":{\"@type\":\"PropertyValueSpecification\",\"valueRequired\":true,\"valueName\":\"search_term_string\"}}],\"inLanguage\":\"az\"},{\"@type\":\"Organization\",\"@id\":\"https:\\\/\\\/www.meydan.tv\\\/az\\\/#organization\",\"name\":\"Meydan TV\",\"url\":\"https:\\\/\\\/www.meydan.tv\\\/az\\\/\",\"logo\":{\"@type\":\"ImageObject\",\"inLanguage\":\"az\",\"@id\":\"https:\\\/\\\/www.meydan.tv\\\/az\\\/#\\\/schema\\\/logo\\\/image\\\/\",\"url\":\"https:\\\/\\\/www.meydan.tv\\\/wp-content\\\/uploads\\\/2021\\\/07\\\/meydan-logo.svg\",\"contentUrl\":\"https:\\\/\\\/www.meydan.tv\\\/wp-content\\\/uploads\\\/2021\\\/07\\\/meydan-logo.svg\",\"width\":195,\"height\":46,\"caption\":\"Meydan TV\"},\"image\":{\"@id\":\"https:\\\/\\\/www.meydan.tv\\\/az\\\/#\\\/schema\\\/logo\\\/image\\\/\"}},{\"@type\":\"Person\",\"@id\":\"https:\\\/\\\/www.meydan.tv\\\/az\\\/#\\\/schema\\\/person\\\/10d11eccf6da3662cf5fdab9806ea91a\",\"name\":\"user-manager\"}]}<\/script>\n<!-- \/ Yoast SEO plugin. -->","yoast_head_json":{"title":"A\u011fsu sakini: Rayona ged\u0259n avtobus s\u00fcr\u00fcc\u00fcs\u00fc biz\u0259 k\u0259l\u0259k g\u0259lir - MEYDAN.TV","robots":{"index":"index","follow":"follow","max-snippet":"max-snippet:-1","max-image-preview":"max-image-preview:large","max-video-preview":"max-video-preview:-1"},"canonical":"https:\/\/www.meydan.tv\/az\/article\/agsu-sakini-rayona-geden-avtobus-surucusu-bize-kelek-gelir\/","og_locale":"az_AZ","og_type":"article","og_title":"A\u011fsu sakini: Rayona ged\u0259n avtobus s\u00fcr\u00fcc\u00fcs\u00fc biz\u0259 k\u0259l\u0259k g\u0259lir - MEYDAN.TV","og_description":"''Yolboyu s\u00f6y\u00fc\u015f s\u00f6y\u0259-s\u00f6y\u0259 ma\u015f\u0131n\u0131 idar\u0259 ed\u0259n s\u00fcr\u00fcc\u00fc, dig\u0259r bir s\u0259rni\u015fini yar\u0131yolda d\u00fc\u015f\u00fcrd\u00fc''","og_url":"https:\/\/www.meydan.tv\/az\/article\/agsu-sakini-rayona-geden-avtobus-surucusu-bize-kelek-gelir\/","og_site_name":"MEYDAN.TV","article_published_time":"2018-12-18T14:53:18+00:00","og_image":[{"width":2560,"height":1700,"url":"https:\/\/www.meydan.tv\/wp-content\/uploads\/39544-scaled.jpg","type":"image\/jpeg"}],"author":"user-manager","twitter_card":"summary_large_image","schema":{"@context":"https:\/\/schema.org","@graph":[{"@type":"Article","@id":"https:\/\/www.meydan.tv\/az\/article\/agsu-sakini-rayona-geden-avtobus-surucusu-bize-kelek-gelir\/#article","isPartOf":{"@id":"https:\/\/www.meydan.tv\/az\/article\/agsu-sakini-rayona-geden-avtobus-surucusu-bize-kelek-gelir\/"},"author":{"name":"user-manager","@id":"https:\/\/www.meydan.tv\/az\/#\/schema\/person\/10d11eccf6da3662cf5fdab9806ea91a"},"headline":"A\u011fsu sakini: Rayona ged\u0259n avtobus s\u00fcr\u00fcc\u00fcs\u00fc biz\u0259 k\u0259l\u0259k g\u0259lir","datePublished":"2018-12-18T14:53:18+00:00","mainEntityOfPage":{"@id":"https:\/\/www.meydan.tv\/az\/article\/agsu-sakini-rayona-geden-avtobus-surucusu-bize-kelek-gelir\/"},"wordCount":911,"publisher":{"@id":"https:\/\/www.meydan.tv\/az\/#organization"},"image":{"@id":"https:\/\/www.meydan.tv\/az\/article\/agsu-sakini-rayona-geden-avtobus-surucusu-bize-kelek-gelir\/#primaryimage"},"thumbnailUrl":"https:\/\/www.meydan.tv\/wp-content\/uploads\/39544-scaled.jpg","articleSection":["B\u00f6lg\u0259"],"inLanguage":"az"},{"@type":"WebPage","@id":"https:\/\/www.meydan.tv\/az\/article\/agsu-sakini-rayona-geden-avtobus-surucusu-bize-kelek-gelir\/","url":"https:\/\/www.meydan.tv\/az\/article\/agsu-sakini-rayona-geden-avtobus-surucusu-bize-kelek-gelir\/","name":"A\u011fsu sakini: Rayona ged\u0259n avtobus s\u00fcr\u00fcc\u00fcs\u00fc biz\u0259 k\u0259l\u0259k g\u0259lir - MEYDAN.TV","isPartOf":{"@id":"https:\/\/www.meydan.tv\/az\/#website"},"primaryImageOfPage":{"@id":"https:\/\/www.meydan.tv\/az\/article\/agsu-sakini-rayona-geden-avtobus-surucusu-bize-kelek-gelir\/#primaryimage"},"image":{"@id":"https:\/\/www.meydan.tv\/az\/article\/agsu-sakini-rayona-geden-avtobus-surucusu-bize-kelek-gelir\/#primaryimage"},"thumbnailUrl":"https:\/\/www.meydan.tv\/wp-content\/uploads\/39544-scaled.jpg","datePublished":"2018-12-18T14:53:18+00:00","breadcrumb":{"@id":"https:\/\/www.meydan.tv\/az\/article\/agsu-sakini-rayona-geden-avtobus-surucusu-bize-kelek-gelir\/#breadcrumb"},"inLanguage":"az","potentialAction":[{"@type":"ReadAction","target":["https:\/\/www.meydan.tv\/az\/article\/agsu-sakini-rayona-geden-avtobus-surucusu-bize-kelek-gelir\/"]}]},{"@type":"ImageObject","inLanguage":"az","@id":"https:\/\/www.meydan.tv\/az\/article\/agsu-sakini-rayona-geden-avtobus-surucusu-bize-kelek-gelir\/#primaryimage","url":"https:\/\/www.meydan.tv\/wp-content\/uploads\/39544-scaled.jpg","contentUrl":"https:\/\/www.meydan.tv\/wp-content\/uploads\/39544-scaled.jpg","width":2560,"height":1700,"caption":"Source:"},{"@type":"BreadcrumbList","@id":"https:\/\/www.meydan.tv\/az\/article\/agsu-sakini-rayona-geden-avtobus-surucusu-bize-kelek-gelir\/#breadcrumb","itemListElement":[{"@type":"ListItem","position":1,"name":"Ana s\u0259hif\u0259","item":"https:\/\/www.meydan.tv\/az\/"},{"@type":"ListItem","position":2,"name":"B\u00f6lg\u0259","item":"https:\/\/www.meydan.tv\/az\/section\/bolge\/"},{"@type":"ListItem","position":3,"name":"A\u011fsu sakini: Rayona ged\u0259n avtobus s\u00fcr\u00fcc\u00fcs\u00fc biz\u0259 k\u0259l\u0259k g\u0259lir"}]},{"@type":"WebSite","@id":"https:\/\/www.meydan.tv\/az\/#website","url":"https:\/\/www.meydan.tv\/az\/","name":"MEYDAN.TV","description":"Meydan TV Az\u0259rbaycan\u0131n media m\u0259kan\u0131ndak\u0131 alternativ s\u0259sidir","publisher":{"@id":"https:\/\/www.meydan.tv\/az\/#organization"},"potentialAction":[{"@type":"SearchAction","target":{"@type":"EntryPoint","urlTemplate":"https:\/\/www.meydan.tv\/az\/?s={search_term_string}"},"query-input":{"@type":"PropertyValueSpecification","valueRequired":true,"valueName":"search_term_string"}}],"inLanguage":"az"},{"@type":"Organization","@id":"https:\/\/www.meydan.tv\/az\/#organization","name":"Meydan TV","url":"https:\/\/www.meydan.tv\/az\/","logo":{"@type":"ImageObject","inLanguage":"az","@id":"https:\/\/www.meydan.tv\/az\/#\/schema\/logo\/image\/","url":"https:\/\/www.meydan.tv\/wp-content\/uploads\/2021\/07\/meydan-logo.svg","contentUrl":"https:\/\/www.meydan.tv\/wp-content\/uploads\/2021\/07\/meydan-logo.svg","width":195,"height":46,"caption":"Meydan TV"},"image":{"@id":"https:\/\/www.meydan.tv\/az\/#\/schema\/logo\/image\/"}},{"@type":"Person","@id":"https:\/\/www.meydan.tv\/az\/#\/schema\/person\/10d11eccf6da3662cf5fdab9806ea91a","name":"user-manager"}]}},"_links":{"self":[{"href":"https:\/\/www.meydan.tv\/az\/wp-json\/wp\/v2\/posts\/193069","targetHints":{"allow":["GET"]}}],"collection":[{"href":"https:\/\/www.meydan.tv\/az\/wp-json\/wp\/v2\/posts"}],"about":[{"href":"https:\/\/www.meydan.tv\/az\/wp-json\/wp\/v2\/types\/post"}],"author":[{"embeddable":true,"href":"https:\/\/www.meydan.tv\/az\/wp-json\/wp\/v2\/users\/11"}],"replies":[{"embeddable":true,"href":"https:\/\/www.meydan.tv\/az\/wp-json\/wp\/v2\/comments?post=193069"}],"version-history":[{"count":0,"href":"https:\/\/www.meydan.tv\/az\/wp-json\/wp\/v2\/posts\/193069\/revisions"}],"wp:featuredmedia":[{"embeddable":true,"href":"https:\/\/www.meydan.tv\/az\/wp-json\/wp\/v2\/media\/99978"}],"wp:attachment":[{"href":"https:\/\/www.meydan.tv\/az\/wp-json\/wp\/v2\/media?parent=193069"}],"wp:term":[{"taxonomy":"category","embeddable":true,"href":"https:\/\/www.meydan.tv\/az\/wp-json\/wp\/v2\/categories?post=193069"},{"taxonomy":"post_tag","embeddable":true,"href":"https:\/\/www.meydan.tv\/az\/wp-json\/wp\/v2\/tags?post=193069"}],"curies":[{"name":"wp","href":"https:\/\/api.w.org\/{rel}","templated":true}]}}