{"id":193065,"date":"2018-12-17T21:17:26","date_gmt":"2018-12-17T21:17:26","guid":{"rendered":"https:\/\/www.meydan.tv\/article\/bla-bla-bla-amma\/"},"modified":"2018-12-17T21:17:26","modified_gmt":"2018-12-17T21:17:26","slug":"bla-bla-bla-amma","status":"publish","type":"post","link":"https:\/\/www.meydan.tv\/az\/article\/bla-bla-bla-amma\/","title":{"rendered":"Bla-bla-bla, amma&#8230;"},"content":{"rendered":"<figure class=\"wp-block-image size-large\">\n  <img decoding=\"async\" src=\"https:\/\/www.meydan.tv\/az\/zaur-qurbanli-4\/\" alt=\"Zaur Qurbanl\u0131\" class=\"wp-image-79618\"\/><figcaption>\n    Zaur Qurbanl\u0131<br \/>\n  <\/figcaption><\/figure>\n<p>\n  Stefan Sveyq (Stefan Zweig ): \u201cD\u00fcn\u0259nin d\u00fcnyas\u0131\u201d. Daim t\u0259bli\u011f olunmal\u0131, oxunmal\u0131 \u0259s\u0259rdir. Sveyq (Zweig) bizim indi k\u00fctl\u0259vi nitqd\u0259 q\u0259bul etdiyimiz anlamda humanist adam idi. O, I D\u00fcnya m\u00fcharib\u0259sinin ba\u015f verm\u0259sini h\u0259zm ed\u0259 bilmirdi. \u018fvv\u0259l-ax\u0131r el\u0259di. Amma bu m\u00fcharib\u0259nin davam\u0131 olan II D\u00fcnya m\u00fcharib\u0259sini h\u0259zm ed\u0259 bilm\u0259di v\u0259 1943-c\u00fc ild\u0259 intihar etdi.\n<\/p>\n<p>\n  Avtobioqrafik \u201cD\u00fcn\u0259nin d\u00fcnyas\u0131\u201d \u0259s\u0259rind\u0259 Avropan\u0131n I D\u00fcnya m\u00fcharib\u0259sin\u0259 q\u0259d\u0259rki \u201c49 m\u00fcharib\u0259siz il\u201di v\u0259 m\u00fcharib\u0259 haqq\u0131nda maraql\u0131 informasiya l\u0259zz\u0259tl\u0259 sinir\u0259c\u0259k \u00fcslubda t\u0259qdim olunur. \u018fvv\u0259la onu deyim ki, bu 49 il Avropada, daha do\u011frusu, Q\u0259rbi Avropada m\u00fcharib\u0259siz olub.\n<\/p>\n<p>\n  M\u0259s\u0259l\u0259n, 1884-85-ci ill\u0259r Berlin konfrans\u0131nda avropal\u0131 idar\u0259\u00e7il\u0259r y\u0131\u011f\u0131\u015f\u0131b Afrikan\u0131 b\u00f6ld\u00fcl\u0259r. Efiopiyadan ba\u015fqa b\u00fct\u00fcn Afrika Britaniya, \u0130spaniya, Portuqaliya, Fransa, Almaniya v\u0259 \u0130taliya aras\u0131nda b\u00f6l\u00fc\u015fd\u00fcr\u00fcld\u00fc. H\u0259min \u201c49 m\u00fcharib\u0259siz il\u201dd\u0259 Almaniya bu b\u00f6l\u00fc\u015fd\u00fcrm\u0259 n\u0259tic\u0259sind\u0259 pay\u0131na d\u00fc\u015f\u0259n Tanqanikaya h\u00fccum edib 120 min yerli sakini q\u0131rd\u0131. Q\u0131r\u011f\u0131nlar ba\u015fqa yerl\u0259rd\u0259 d\u0259 davam edirdi. Amma avropal\u0131lar bir-birl\u0259rini q\u0131rm\u0131rd\u0131lar.\n<\/p>\n<p>\n  N\u0259tic\u0259d\u0259 maraql\u0131 v\u0259ziyy\u0259t yaranm\u0131\u015fd\u0131 (h\u0259mi\u015f\u0259 bu v\u0259ziyy\u0259t olub, onda da davam edirdi): Avropada m\u00fcharib\u0259siz, texniki, m\u0259d\u0259ni inki\u015faf \u015f\u0259raitind\u0259 y\u00fcks\u0259k elit, etik qaydalarla davranan viktorian avropal\u0131lar d\u00fcnyan\u0131n \u0259ks\u0259r yerind\u0259 insanlar\u0131 q\u0131r\u0131rd\u0131lar. \u00d6z\u00fc d\u0259 q\u0131r\u011f\u0131n\u0131 ed\u0259n adamlar bu elit, etik t\u0259b\u0259q\u0259d\u0259n olan adamlar\u0131n \u015f\u0259xs\u0259n \u00f6zl\u0259ri idil\u0259r. T\u0259s\u0259vv\u00fcr edin, bir n\u0259f\u0259r balda hans\u0131sa xan\u0131m\u0131n geni\u015f \u0259t\u0259kli donunun k\u0259nar\u0131n\u0131 \u0259zdiyin\u0259 g\u00f6r\u0259 ard-arda m\u0259rt\u0259b\u0259li ifad\u0259l\u0259rl\u0259 \u00fczr ist\u0259yir, eyni adam bir ne\u00e7\u0259 g\u00fcn sonra Afrikada on minl\u0259rl\u0259 insan \u00f6ld\u00fcr\u00fcrd\u00fc.\n<\/p>\n<p>\n  Bu, \u201cbizimkil\u0259r v\u0259 onlar\u201d ayr\u0131-se\u00e7kiliyinin n\u0259tic\u0259si idi ki, ibtidai icmadan \u0259vv\u0259l d\u0259 olub, ta bizim t\u0259kh\u00fcceyr\u0259li vaxt\u0131m\u0131za q\u0259d\u0259r gedib \u00e7\u0131x\u0131r. Orta \u0259srl\u0259rd\u0259 Q\u0259rbi Avropada \u0259cn\u0259bil\u0259ri itba\u015fl\u0131, donuzsif\u0259t t\u0259s\u0259vv\u00fcr v\u0259 t\u0259svir edirdil\u0259r. Bu, t\u0259kc\u0259 avropal\u0131lara yox, b\u00fct\u00fcn insanlara, daha do\u011frusu, b\u00fct\u00fcn canl\u0131lara xas x\u00fcsusiyy\u0259tdir. \u0130nsanlar is\u0259 canl\u0131lar\u0131n el\u0259 bir n\u00f6v\u00fcd\u00fcr ki, \u00f6z\u00fc b\u0259zi sisteml\u0259r uyduraraq, dig\u0259r canl\u0131 n\u00f6vl\u0259rind\u0259n daha f\u0259rqli davran\u0131r. M\u0259s\u0259l\u0259n, bar\u0259sind\u0259 dan\u0131\u015fd\u0131\u011f\u0131m\u0131z humanizm. Uydurma bir \u015feydir. \u015eirizm, p\u0259l\u0259ngizm, h\u00f6r\u00fcm\u00e7\u0259kizm yoxdur. Antilopu par\u00e7alayan \u015fir bar\u0259d\u0259 he\u00e7 o antiloplar \u00f6zl\u0259ri d\u0259 \u201cqani\u00e7\u0259n, q\u0259ddar\u201d dey\u0259 d\u00fc\u015f\u00fcnm\u00fcr.\n<\/p>\n<p>\n  Bir s\u00f6zl\u0259, \u201ct\u0259bii olan \u015feyl\u0259r g\u00f6z\u0259ldir\u201d t\u0259bli\u011fat\u0131 yanl\u0131\u015fd\u0131r. Pedofiliya da t\u0259biidir, amma u\u015faqlar\u0131n h\u00fcquqlar\u0131na ziddir dey\u0259 biz buna yax\u015f\u0131 baxm\u0131r\u0131q. U\u015faqlar\u0131n h\u00fcquqlar\u0131 n\u0259dir? Uydurma bir \u015fey. \u015eirin balas\u0131n\u0131n h\u00fcquqlar\u0131 yoxdur, hans\u0131sa heyvan onu n\u0259inki zorlaya, g\u00fcc\u00fc \u00e7atsa, bas\u0131b-yey\u0259 d\u0259 bil\u0259r. Biz heyvanlar al\u0259mind\u0259n uzaqla\u015fa bildiyimiz q\u0259d\u0259r insan\u0131q. Kim bu uzaqla\u015fman\u0131 b\u0259y\u0259nmirs\u0259, onu \u00f6z\u00fcnd\u0259n g\u00fccl\u00fc adam zorlasa, \u00f6ld\u00fcrm\u0259k ist\u0259s\u0259, g\u0259r\u0259k polisl\u0259, d\u00f6vl\u0259tl\u0259 i\u015fi olmas\u0131n, \u00f6z\u00fc \u00f6z m\u00fcqavim\u0259tini t\u0259\u015fkil el\u0259sin. He\u00e7 kim bunu ist\u0259mir, \u00e7\u00fcnki ham\u0131m\u0131z humanistik \u0259slind\u0259.\n<\/p>\n<p>\n  Bir s\u00f6zl\u0259, biz heyvanlardan uzaqla\u015fa bildikc\u0259, insan\u0131q. \u0130nsanl\u0131q dediyimiz m\u0259rh\u0259m\u0259t, empatiya kimi hissl\u0259r heyvanlardan uzaqla\u015fma\u011f\u0131m\u0131z\u0131 t\u0259l\u0259b edir. \u201cBiz \u2013 onlar\u201d b\u00f6lg\u00fcs\u00fcn\u00fc b\u00fct\u00fcn ibtidailiyi il\u0259 t\u0259tbiq etm\u0259k heyvani bir \u015feydir. \u0130nsan c\u0259miyy\u0259tind\u0259 bu, b\u0259z\u0259n g\u00fcl\u00fcnc hala d\u00fc\u015f\u00fcr. Sveyq (Zweig) I D\u00fcnya m\u00fcharib\u0259si haqq\u0131nda maraql\u0131 bir epizod t\u0259svir edir. Deyir, \u0130taliya \u0259vv\u0259l Almaniya, Avstriya-Macar\u0131stan v\u0259 Osmanl\u0131 il\u0259 m\u00fctt\u0259fiq idi. O zaman italyan \u201caliml\u0259r\u201d bel\u0259 t\u0259bli\u011fat apar\u0131rd\u0131lar ki, italyanlar v\u0259 almanlar eyni ke\u00e7mi\u015f\u0259 malik qohum xalqlard\u0131rlar, onlar\u0131n genl\u0259ri bir-birin\u0259 uy\u011fun g\u0259lir, ingilisl\u0259r v\u0259 frans\u0131zlar is\u0259 bu genetik qurulu\u015fa yadd\u0131r. Alman b\u0259st\u0259karlar \u0259s\u0259rl\u0259rinin Milandak\u0131 La Skala teatr\u0131nda s\u0259hn\u0259y\u0259 qoyulmas\u0131 il\u0259 q\u00fcrur duyard\u0131lar. \u0130taliya Antanta t\u0259r\u0259f\u0259 ke\u00e7ib Almaniya v\u0259 Avstriya-Macar\u0131stana m\u00fcharib\u0259 elan ed\u0259nd\u0259n sonra is\u0259 h\u0259min \u201caliml\u0259r\u201d bel\u0259 \u201cara\u015fd\u0131rma\u201d ortaya qoydular ki, italyanlarla ingilisl\u0259rin v\u0259 frans\u0131zlar\u0131n genl\u0259ri uy\u011fundur, almanlar \u201cpis u\u015faqlard\u0131r\u201d. Alman b\u0259st\u0259karlar is\u0259 La Skalada \u0259s\u0259rl\u0259rinin s\u0259hn\u0259y\u0259 qoyulmas\u0131n\u0131 biab\u0131r\u00e7\u0131l\u0131q hesab etdil\u0259r.\n<\/p>\n<p>\n  \u00dcmumiyy\u0259tl\u0259, m\u00fcharib\u0259 t\u0259bli\u011fat\u0131 el\u0259 bir \u015feydir ki, bu t\u0259bli\u011fat\u0131n i\u015fl\u0259diyi c\u0259miyy\u0259tl\u0259rd\u0259 onun t\u0259sir dair\u0259sin\u0259 d\u00fc\u015fm\u0259y\u0259n \u00e7ox az adam qal\u0131r. O q\u0259d\u0259r az ki, s\u0259sl\u0259rini \u00e7\u0131xarda bilmirl\u0259r. S\u0259si \u00e7\u0131xan\u0131 s\u00f6y\u00fcrl\u0259r, h\u0259d\u0259l\u0259yirl\u0259r, evin\u0259 y\u00fcr\u00fc\u015f etm\u0259k ist\u0259yirl\u0259r, ad\u0131na saxta profill\u0259r a\u00e7\u0131b, biab\u0131r etm\u0259k ist\u0259yirl\u0259r&#8230; Bu, hakimiyy\u0259tin \u00e7ald\u0131\u011f\u0131na \u0259n \u015f\u0131d\u0131r\u011f\u0131 oynayan k\u00fctl\u0259dir. K\u00fctl\u0259ni hakimiyy\u0259t d\u00fcz\u0259ldir, maarif\u00e7ilik yox. Bir quranl\u0131q ifad\u0259 azadl\u0131\u011f\u0131ndan dan\u0131\u015f\u0131b, sonra bir \u201camma\u201d yazaraq, k\u00fctl\u0259nin dediyini t\u0259krar ed\u0259nl\u0259r d\u0259 el\u0259 k\u00fctl\u0259d\u0259ndirl\u0259r \u2013 savad\u0131n\u0131n d\u0259r\u0259c\u0259sind\u0259n, \u201camma\u201ddan \u0259vv\u0259l n\u0259 yazmalar\u0131ndan as\u0131l\u0131 olmayaraq. \u201cAmma\u201dya q\u0259d\u0259rki hiss\u0259 riyakarl\u0131q, \u201camma\u201ddan sonrak\u0131 hiss\u0259 onlar\u0131n simalar\u0131d\u0131r.\n<\/p>\n<p>\n  <b><br \/>\n    <i><br \/>\n      Yaz\u0131 m\u00fc\u0259llifin fikirl\u0259rini \u0259ks etdirir v\u0259 Meydan TV-nin m\u00f6vqeyi il\u0259 \u00fcst-\u00fcst\u0259 d\u00fc\u015fm\u0259y\u0259 bil\u0259r.<br \/>\n    <\/i><br \/>\n  <\/b>\n<\/p><\/p>\n","protected":false},"excerpt":{"rendered":"<p>\u201cD\u00fcn\u0259nin d\u00fcnyas\u0131\u201d. Daim t\u0259bli\u011f olunmal\u0131, oxunmal\u0131 \u0259s\u0259rdir.<\/p>\n","protected":false},"author":11,"featured_media":79618,"comment_status":"closed","ping_status":"open","sticky":false,"template":"","format":"standard","meta":{"_acf_changed":false,"_sitemap_exclude":false,"_sitemap_priority":"","_sitemap_frequency":"","footnotes":""},"categories":[57],"tags":[],"class_list":["post-193065","post","type-post","status-publish","format-standard","has-post-thumbnail","hentry","category-menim-fikrimce","infinite-scroll-item","generate-columns","tablet-grid-50","mobile-grid-100","grid-parent","grid-33","no-featured-image-padding"],"acf":[],"yoast_head":"<!-- This site is optimized with the Yoast SEO plugin v27.4 - https:\/\/yoast.com\/product\/yoast-seo-wordpress\/ -->\n<title>Bla-bla-bla, amma... - MEYDAN.TV<\/title>\n<meta name=\"robots\" content=\"index, follow, max-snippet:-1, max-image-preview:large, max-video-preview:-1\" \/>\n<link rel=\"canonical\" href=\"https:\/\/www.meydan.tv\/az\/article\/bla-bla-bla-amma\/\" \/>\n<meta property=\"og:locale\" content=\"az_AZ\" \/>\n<meta property=\"og:type\" content=\"article\" \/>\n<meta property=\"og:title\" content=\"Bla-bla-bla, amma... - MEYDAN.TV\" \/>\n<meta property=\"og:description\" content=\"\u201cD\u00fcn\u0259nin d\u00fcnyas\u0131\u201d. Daim t\u0259bli\u011f olunmal\u0131, oxunmal\u0131 \u0259s\u0259rdir.\" \/>\n<meta property=\"og:url\" content=\"https:\/\/www.meydan.tv\/az\/article\/bla-bla-bla-amma\/\" \/>\n<meta property=\"og:site_name\" content=\"MEYDAN.TV\" \/>\n<meta property=\"article:published_time\" content=\"2018-12-17T21:17:26+00:00\" \/>\n<meta property=\"og:image\" content=\"https:\/\/www.meydan.tv\/wp-content\/uploads\/31024-1095x821.png\" \/>\n\t<meta property=\"og:image:width\" content=\"1095\" \/>\n\t<meta property=\"og:image:height\" content=\"821\" \/>\n\t<meta property=\"og:image:type\" content=\"image\/png\" \/>\n<meta name=\"author\" content=\"user-manager\" \/>\n<meta name=\"twitter:card\" content=\"summary_large_image\" \/>\n<script type=\"application\/ld+json\" class=\"yoast-schema-graph\">{\"@context\":\"https:\\\/\\\/schema.org\",\"@graph\":[{\"@type\":\"Article\",\"@id\":\"https:\\\/\\\/www.meydan.tv\\\/az\\\/article\\\/bla-bla-bla-amma\\\/#article\",\"isPartOf\":{\"@id\":\"https:\\\/\\\/www.meydan.tv\\\/az\\\/article\\\/bla-bla-bla-amma\\\/\"},\"author\":{\"name\":\"user-manager\",\"@id\":\"https:\\\/\\\/www.meydan.tv\\\/az\\\/#\\\/schema\\\/person\\\/10d11eccf6da3662cf5fdab9806ea91a\"},\"headline\":\"Bla-bla-bla, amma&#8230;\",\"datePublished\":\"2018-12-17T21:17:26+00:00\",\"mainEntityOfPage\":{\"@id\":\"https:\\\/\\\/www.meydan.tv\\\/az\\\/article\\\/bla-bla-bla-amma\\\/\"},\"wordCount\":1052,\"publisher\":{\"@id\":\"https:\\\/\\\/www.meydan.tv\\\/az\\\/#organization\"},\"image\":{\"@id\":\"https:\\\/\\\/www.meydan.tv\\\/az\\\/article\\\/bla-bla-bla-amma\\\/#primaryimage\"},\"thumbnailUrl\":\"https:\\\/\\\/www.meydan.tv\\\/wp-content\\\/uploads\\\/31024.png\",\"articleSection\":[\"M\u0259nim Fikrimc\u0259\"],\"inLanguage\":\"az\"},{\"@type\":\"WebPage\",\"@id\":\"https:\\\/\\\/www.meydan.tv\\\/az\\\/article\\\/bla-bla-bla-amma\\\/\",\"url\":\"https:\\\/\\\/www.meydan.tv\\\/az\\\/article\\\/bla-bla-bla-amma\\\/\",\"name\":\"Bla-bla-bla, amma... - MEYDAN.TV\",\"isPartOf\":{\"@id\":\"https:\\\/\\\/www.meydan.tv\\\/az\\\/#website\"},\"primaryImageOfPage\":{\"@id\":\"https:\\\/\\\/www.meydan.tv\\\/az\\\/article\\\/bla-bla-bla-amma\\\/#primaryimage\"},\"image\":{\"@id\":\"https:\\\/\\\/www.meydan.tv\\\/az\\\/article\\\/bla-bla-bla-amma\\\/#primaryimage\"},\"thumbnailUrl\":\"https:\\\/\\\/www.meydan.tv\\\/wp-content\\\/uploads\\\/31024.png\",\"datePublished\":\"2018-12-17T21:17:26+00:00\",\"breadcrumb\":{\"@id\":\"https:\\\/\\\/www.meydan.tv\\\/az\\\/article\\\/bla-bla-bla-amma\\\/#breadcrumb\"},\"inLanguage\":\"az\",\"potentialAction\":[{\"@type\":\"ReadAction\",\"target\":[\"https:\\\/\\\/www.meydan.tv\\\/az\\\/article\\\/bla-bla-bla-amma\\\/\"]}]},{\"@type\":\"ImageObject\",\"inLanguage\":\"az\",\"@id\":\"https:\\\/\\\/www.meydan.tv\\\/az\\\/article\\\/bla-bla-bla-amma\\\/#primaryimage\",\"url\":\"https:\\\/\\\/www.meydan.tv\\\/wp-content\\\/uploads\\\/31024.png\",\"contentUrl\":\"https:\\\/\\\/www.meydan.tv\\\/wp-content\\\/uploads\\\/31024.png\",\"width\":2732,\"height\":2048,\"caption\":\"Source:\"},{\"@type\":\"BreadcrumbList\",\"@id\":\"https:\\\/\\\/www.meydan.tv\\\/az\\\/article\\\/bla-bla-bla-amma\\\/#breadcrumb\",\"itemListElement\":[{\"@type\":\"ListItem\",\"position\":1,\"name\":\"Ana s\u0259hif\u0259\",\"item\":\"https:\\\/\\\/www.meydan.tv\\\/az\\\/\"},{\"@type\":\"ListItem\",\"position\":2,\"name\":\"M\u0259nim Fikrimc\u0259\",\"item\":\"https:\\\/\\\/www.meydan.tv\\\/az\\\/section\\\/menim-fikrimce\\\/\"},{\"@type\":\"ListItem\",\"position\":3,\"name\":\"Bla-bla-bla, amma&#8230;\"}]},{\"@type\":\"WebSite\",\"@id\":\"https:\\\/\\\/www.meydan.tv\\\/az\\\/#website\",\"url\":\"https:\\\/\\\/www.meydan.tv\\\/az\\\/\",\"name\":\"MEYDAN.TV\",\"description\":\"Meydan TV Az\u0259rbaycan\u0131n media m\u0259kan\u0131ndak\u0131 alternativ s\u0259sidir\",\"publisher\":{\"@id\":\"https:\\\/\\\/www.meydan.tv\\\/az\\\/#organization\"},\"potentialAction\":[{\"@type\":\"SearchAction\",\"target\":{\"@type\":\"EntryPoint\",\"urlTemplate\":\"https:\\\/\\\/www.meydan.tv\\\/az\\\/?s={search_term_string}\"},\"query-input\":{\"@type\":\"PropertyValueSpecification\",\"valueRequired\":true,\"valueName\":\"search_term_string\"}}],\"inLanguage\":\"az\"},{\"@type\":\"Organization\",\"@id\":\"https:\\\/\\\/www.meydan.tv\\\/az\\\/#organization\",\"name\":\"Meydan TV\",\"url\":\"https:\\\/\\\/www.meydan.tv\\\/az\\\/\",\"logo\":{\"@type\":\"ImageObject\",\"inLanguage\":\"az\",\"@id\":\"https:\\\/\\\/www.meydan.tv\\\/az\\\/#\\\/schema\\\/logo\\\/image\\\/\",\"url\":\"https:\\\/\\\/www.meydan.tv\\\/wp-content\\\/uploads\\\/2021\\\/07\\\/meydan-logo.svg\",\"contentUrl\":\"https:\\\/\\\/www.meydan.tv\\\/wp-content\\\/uploads\\\/2021\\\/07\\\/meydan-logo.svg\",\"width\":195,\"height\":46,\"caption\":\"Meydan TV\"},\"image\":{\"@id\":\"https:\\\/\\\/www.meydan.tv\\\/az\\\/#\\\/schema\\\/logo\\\/image\\\/\"}},{\"@type\":\"Person\",\"@id\":\"https:\\\/\\\/www.meydan.tv\\\/az\\\/#\\\/schema\\\/person\\\/10d11eccf6da3662cf5fdab9806ea91a\",\"name\":\"user-manager\"}]}<\/script>\n<!-- \/ Yoast SEO plugin. -->","yoast_head_json":{"title":"Bla-bla-bla, amma... - MEYDAN.TV","robots":{"index":"index","follow":"follow","max-snippet":"max-snippet:-1","max-image-preview":"max-image-preview:large","max-video-preview":"max-video-preview:-1"},"canonical":"https:\/\/www.meydan.tv\/az\/article\/bla-bla-bla-amma\/","og_locale":"az_AZ","og_type":"article","og_title":"Bla-bla-bla, amma... - MEYDAN.TV","og_description":"\u201cD\u00fcn\u0259nin d\u00fcnyas\u0131\u201d. Daim t\u0259bli\u011f olunmal\u0131, oxunmal\u0131 \u0259s\u0259rdir.","og_url":"https:\/\/www.meydan.tv\/az\/article\/bla-bla-bla-amma\/","og_site_name":"MEYDAN.TV","article_published_time":"2018-12-17T21:17:26+00:00","og_image":[{"width":1095,"height":821,"url":"https:\/\/www.meydan.tv\/wp-content\/uploads\/31024-1095x821.png","type":"image\/png"}],"author":"user-manager","twitter_card":"summary_large_image","schema":{"@context":"https:\/\/schema.org","@graph":[{"@type":"Article","@id":"https:\/\/www.meydan.tv\/az\/article\/bla-bla-bla-amma\/#article","isPartOf":{"@id":"https:\/\/www.meydan.tv\/az\/article\/bla-bla-bla-amma\/"},"author":{"name":"user-manager","@id":"https:\/\/www.meydan.tv\/az\/#\/schema\/person\/10d11eccf6da3662cf5fdab9806ea91a"},"headline":"Bla-bla-bla, amma&#8230;","datePublished":"2018-12-17T21:17:26+00:00","mainEntityOfPage":{"@id":"https:\/\/www.meydan.tv\/az\/article\/bla-bla-bla-amma\/"},"wordCount":1052,"publisher":{"@id":"https:\/\/www.meydan.tv\/az\/#organization"},"image":{"@id":"https:\/\/www.meydan.tv\/az\/article\/bla-bla-bla-amma\/#primaryimage"},"thumbnailUrl":"https:\/\/www.meydan.tv\/wp-content\/uploads\/31024.png","articleSection":["M\u0259nim Fikrimc\u0259"],"inLanguage":"az"},{"@type":"WebPage","@id":"https:\/\/www.meydan.tv\/az\/article\/bla-bla-bla-amma\/","url":"https:\/\/www.meydan.tv\/az\/article\/bla-bla-bla-amma\/","name":"Bla-bla-bla, amma... - MEYDAN.TV","isPartOf":{"@id":"https:\/\/www.meydan.tv\/az\/#website"},"primaryImageOfPage":{"@id":"https:\/\/www.meydan.tv\/az\/article\/bla-bla-bla-amma\/#primaryimage"},"image":{"@id":"https:\/\/www.meydan.tv\/az\/article\/bla-bla-bla-amma\/#primaryimage"},"thumbnailUrl":"https:\/\/www.meydan.tv\/wp-content\/uploads\/31024.png","datePublished":"2018-12-17T21:17:26+00:00","breadcrumb":{"@id":"https:\/\/www.meydan.tv\/az\/article\/bla-bla-bla-amma\/#breadcrumb"},"inLanguage":"az","potentialAction":[{"@type":"ReadAction","target":["https:\/\/www.meydan.tv\/az\/article\/bla-bla-bla-amma\/"]}]},{"@type":"ImageObject","inLanguage":"az","@id":"https:\/\/www.meydan.tv\/az\/article\/bla-bla-bla-amma\/#primaryimage","url":"https:\/\/www.meydan.tv\/wp-content\/uploads\/31024.png","contentUrl":"https:\/\/www.meydan.tv\/wp-content\/uploads\/31024.png","width":2732,"height":2048,"caption":"Source:"},{"@type":"BreadcrumbList","@id":"https:\/\/www.meydan.tv\/az\/article\/bla-bla-bla-amma\/#breadcrumb","itemListElement":[{"@type":"ListItem","position":1,"name":"Ana s\u0259hif\u0259","item":"https:\/\/www.meydan.tv\/az\/"},{"@type":"ListItem","position":2,"name":"M\u0259nim Fikrimc\u0259","item":"https:\/\/www.meydan.tv\/az\/section\/menim-fikrimce\/"},{"@type":"ListItem","position":3,"name":"Bla-bla-bla, amma&#8230;"}]},{"@type":"WebSite","@id":"https:\/\/www.meydan.tv\/az\/#website","url":"https:\/\/www.meydan.tv\/az\/","name":"MEYDAN.TV","description":"Meydan TV Az\u0259rbaycan\u0131n media m\u0259kan\u0131ndak\u0131 alternativ s\u0259sidir","publisher":{"@id":"https:\/\/www.meydan.tv\/az\/#organization"},"potentialAction":[{"@type":"SearchAction","target":{"@type":"EntryPoint","urlTemplate":"https:\/\/www.meydan.tv\/az\/?s={search_term_string}"},"query-input":{"@type":"PropertyValueSpecification","valueRequired":true,"valueName":"search_term_string"}}],"inLanguage":"az"},{"@type":"Organization","@id":"https:\/\/www.meydan.tv\/az\/#organization","name":"Meydan TV","url":"https:\/\/www.meydan.tv\/az\/","logo":{"@type":"ImageObject","inLanguage":"az","@id":"https:\/\/www.meydan.tv\/az\/#\/schema\/logo\/image\/","url":"https:\/\/www.meydan.tv\/wp-content\/uploads\/2021\/07\/meydan-logo.svg","contentUrl":"https:\/\/www.meydan.tv\/wp-content\/uploads\/2021\/07\/meydan-logo.svg","width":195,"height":46,"caption":"Meydan TV"},"image":{"@id":"https:\/\/www.meydan.tv\/az\/#\/schema\/logo\/image\/"}},{"@type":"Person","@id":"https:\/\/www.meydan.tv\/az\/#\/schema\/person\/10d11eccf6da3662cf5fdab9806ea91a","name":"user-manager"}]}},"_links":{"self":[{"href":"https:\/\/www.meydan.tv\/az\/wp-json\/wp\/v2\/posts\/193065","targetHints":{"allow":["GET"]}}],"collection":[{"href":"https:\/\/www.meydan.tv\/az\/wp-json\/wp\/v2\/posts"}],"about":[{"href":"https:\/\/www.meydan.tv\/az\/wp-json\/wp\/v2\/types\/post"}],"author":[{"embeddable":true,"href":"https:\/\/www.meydan.tv\/az\/wp-json\/wp\/v2\/users\/11"}],"replies":[{"embeddable":true,"href":"https:\/\/www.meydan.tv\/az\/wp-json\/wp\/v2\/comments?post=193065"}],"version-history":[{"count":0,"href":"https:\/\/www.meydan.tv\/az\/wp-json\/wp\/v2\/posts\/193065\/revisions"}],"wp:featuredmedia":[{"embeddable":true,"href":"https:\/\/www.meydan.tv\/az\/wp-json\/wp\/v2\/media\/79618"}],"wp:attachment":[{"href":"https:\/\/www.meydan.tv\/az\/wp-json\/wp\/v2\/media?parent=193065"}],"wp:term":[{"taxonomy":"category","embeddable":true,"href":"https:\/\/www.meydan.tv\/az\/wp-json\/wp\/v2\/categories?post=193065"},{"taxonomy":"post_tag","embeddable":true,"href":"https:\/\/www.meydan.tv\/az\/wp-json\/wp\/v2\/tags?post=193065"}],"curies":[{"name":"wp","href":"https:\/\/api.w.org\/{rel}","templated":true}]}}