{"id":193058,"date":"2018-12-17T17:08:22","date_gmt":"2018-12-17T17:08:22","guid":{"rendered":"https:\/\/www.meydan.tv\/article\/ilham-eliyev-hele-de-icra-olunmayan-fermanindan-danisdi\/"},"modified":"2018-12-17T17:08:22","modified_gmt":"2018-12-17T17:08:22","slug":"ilham-eliyev-hele-de-icra-olunmayan-fermanindan-danisdi","status":"publish","type":"post","link":"https:\/\/www.meydan.tv\/az\/article\/ilham-eliyev-hele-de-icra-olunmayan-fermanindan-danisdi\/","title":{"rendered":"\u0130lham \u018fliyev h\u0259l\u0259 d\u0259 icra olunmayan F\u0259rman\u0131ndan dan\u0131\u015fd\u0131"},"content":{"rendered":"<figure class=\"wp-block-image size-large\">\n  <img decoding=\"async\" src=\"https:\/\/www.meydan.tv\/az\/ilham-eliyev-63\/\" alt=\"\u0130lham \u018fliyev\" class=\"wp-image-114291\"\/><figcaption>\n    \u0130lham \u018fliyev<br \/>\n  <\/figcaption><\/figure>\n<p>\n  <i><br \/>\n    Prezident: \u201cHaz\u0131rda siyah\u0131lar d\u0259qiql\u0259\u015fdirilir\u201d<br \/>\n  <\/i>\n<\/p>\n<p>\n  \u201cT\u0259qrib\u0259n, 10 min\u0259 yax\u0131n ail\u0259 d\u00f6vl\u0259t t\u0259r\u0259find\u0259n pul t\u0259minat\u0131n\u0131 alacaq. Haz\u0131rda siyah\u0131lar d\u0259qiql\u0259\u015fdirilir\u201d.\n<\/p>\n<p>\n  Bunu Az\u0259rbaycan prezidenti \u0130lham \u018fliyev dekabr\u0131n 17-d\u0259 Sabun\u00e7u rayonunda h\u0259rb\u00e7il\u0259r\u0259 yeni m\u0259nzill\u0259rin verilm\u0259si m\u0259rasimind\u0259 \u015f\u0259hid ail\u0259l\u0259rin\u0259 11 min manat pulun verilm\u0259si bar\u0259d\u0259 F\u0259rman\u0131n\u0131n icras\u0131 bar\u0259d\u0259 dan\u0131\u015fark\u0259n deyib.\n<\/p>\n<p>\n  \u201cBu, d\u00f6vl\u0259tin \u00f6z \u015f\u0259hidl\u0259rinin q\u0259hr\u0259manl\u0131\u011f\u0131na g\u00f6r\u0259 g\u00f6st\u0259rdiyi diqq\u0259tdir, onlar\u0131n ail\u0259l\u0259rin\u0259 g\u00f6st\u0259rdiyi qay\u011f\u0131d\u0131r. Ancaq t\u0259bii ki, h\u0259r sah\u0259d\u0259 oldu\u011fu kimi, bu sah\u0259d\u0259 d\u0259 \u0259dal\u0259t prinsipi \u0259sas olmal\u0131d\u0131r\u201d.\n<\/p>\n<p>\n  \u0130lham \u018fliyev xat\u0131rlad\u0131b ki, aprel ay\u0131nda n\u00f6vb\u0259d\u0259nk\u0259nar prezident se\u00e7kil\u0259rind\u0259n sonra imzalad\u0131\u011f\u0131 birinci F\u0259rman \u015f\u0259hidl\u0259rin v\u0259r\u0259s\u0259l\u0259rinin maddi v\u0259ziyy\u0259tinin yax\u015f\u0131la\u015fd\u0131r\u0131lmas\u0131 haqq\u0131nda olub.\n<\/p>\n<p>\n  \u201cV\u0259r\u0259s\u0259l\u0259r\u0259 d\u00f6vl\u0259t t\u0259r\u0259find\u0259n 11 min manat v\u0259sait verilm\u0259si n\u0259z\u0259rd\u0259 tutulub. Art\u0131q bu v\u0259saitin verilm\u0259si prosesi ba\u015flam\u0131\u015fd\u0131r\u201d.\n<\/p>\n<p>\n  F\u0259rmana \u0259sas\u0259n \u015f\u0259hid h\u0259rbi qulluq\u00e7ular\u0131n v\u0259r\u0259s\u0259l\u0259rin\u0259 bird\u0259f\u0259lik \u00f6d\u0259m\u0259l\u0259rin (11 min manat) verilm\u0259si mexanizmini m\u00fc\u0259yy\u0259n ed\u0259n Qaydalar\u0131n layih\u0259si haz\u0131rlansa da, indiy\u0259 q\u0259d\u0259r bir \u00e7ox \u015f\u0259hid ail\u0259si m\u00fcavin\u0259tl\u0259rini ala bilm\u0259dikl\u0259rini deyirl\u0259r. \u015e\u0259hidl\u0259rin v\u0259r\u0259s\u0259l\u0259rinin bir qrupu Prezident Administrasiyas\u0131 qar\u015f\u0131s\u0131nda aksiya ke\u00e7iribl\u0259r.\n<\/p>\n<p>\n  Bununla ba\u011fl\u0131 m\u0259s\u0259l\u0259 Milli M\u0259clisd\u0259 d\u0259 m\u00fczakir\u0259 predmetin\u0259 \u00e7evrilib.\n<\/p>\n<p>\n  Dekabr\u0131n 13-d\u0259 \u00dcmumd\u00fcnya Az\u0259rbaycan M\u0259d\u0259niyy\u0259t Fondunun prezidenti, Moskvada ya\u015fayan az\u0259rbaycanl\u0131 i\u015f adam\u0131 F\u00fczuli M\u0259mm\u0259dov 100 \u015f\u0259hid anas\u0131n\u0131n h\u0259r birin\u0259 11 min manat \u00f6d\u0259m\u0259y\u0259 haz\u0131r oldu\u011funu<br \/>\n  <a href=\"\/az\/article\/fuzuli-memmedov-100-sehid-ailesinin-her-birine-11-min-manat-odemeye-haziram\/\" target=\"_blank\" rel=\"noopener\"><br \/>\n    bildirmi\u015fdi.<br \/>\n  <\/a>\n<\/p>\n<p>\n  O, \u201cFacebook\u201d s\u0259hif\u0259sind\u0259 yayd\u0131\u011f\u0131 m\u00fcraci\u0259td\u0259 qeyd edib ki, \u0259g\u0259r d\u00f6vl\u0259t \u00f6z \u00f6hd\u0259likl\u0259rini vaxt\u0131nda yerin\u0259 yetir\u0259 bilmirs\u0259, bel\u0259 \u015f\u0259raitd\u0259 i\u015f adamlar\u0131, o c\u00fcml\u0259d\u0259n diasporun n\u00fcmay\u0259nd\u0259l\u0259ri \u015f\u0259hid ail\u0259l\u0259rin\u0259 k\u00f6m\u0259k etm\u0259lidirl\u0259r.<\/p>\n","protected":false},"excerpt":{"rendered":"<p>Prezident: \u201cHaz\u0131rda siyah\u0131lar d\u0259qiql\u0259\u015fdirilir\u201d<\/p>\n","protected":false},"author":11,"featured_media":114291,"comment_status":"closed","ping_status":"open","sticky":false,"template":"","format":"standard","meta":{"_acf_changed":false,"_sitemap_exclude":false,"_sitemap_priority":"","_sitemap_frequency":"","footnotes":""},"categories":[56],"tags":[],"class_list":["post-193058","post","type-post","status-publish","format-standard","has-post-thumbnail","hentry","category-xeberler","infinite-scroll-item","generate-columns","tablet-grid-50","mobile-grid-100","grid-parent","grid-33","no-featured-image-padding"],"acf":[],"yoast_head":"<!-- This site is optimized with the Yoast SEO plugin v27.4 - https:\/\/yoast.com\/product\/yoast-seo-wordpress\/ -->\n<title>\u0130lham \u018fliyev h\u0259l\u0259 d\u0259 icra olunmayan F\u0259rman\u0131ndan dan\u0131\u015fd\u0131 - MEYDAN.TV<\/title>\n<meta name=\"robots\" content=\"index, follow, max-snippet:-1, max-image-preview:large, max-video-preview:-1\" \/>\n<link rel=\"canonical\" href=\"https:\/\/www.meydan.tv\/az\/article\/ilham-eliyev-hele-de-icra-olunmayan-fermanindan-danisdi\/\" \/>\n<meta property=\"og:locale\" content=\"az_AZ\" \/>\n<meta property=\"og:type\" content=\"article\" \/>\n<meta property=\"og:title\" content=\"\u0130lham \u018fliyev h\u0259l\u0259 d\u0259 icra olunmayan F\u0259rman\u0131ndan dan\u0131\u015fd\u0131 - MEYDAN.TV\" \/>\n<meta property=\"og:description\" content=\"Prezident: \u201cHaz\u0131rda siyah\u0131lar d\u0259qiql\u0259\u015fdirilir\u201d\" \/>\n<meta property=\"og:url\" content=\"https:\/\/www.meydan.tv\/az\/article\/ilham-eliyev-hele-de-icra-olunmayan-fermanindan-danisdi\/\" \/>\n<meta property=\"og:site_name\" content=\"MEYDAN.TV\" \/>\n<meta property=\"article:published_time\" content=\"2018-12-17T17:08:22+00:00\" \/>\n<meta property=\"og:image\" content=\"https:\/\/www.meydan.tv\/wp-content\/uploads\/45530.jpg\" \/>\n\t<meta property=\"og:image:width\" content=\"1960\" \/>\n\t<meta property=\"og:image:height\" content=\"1268\" \/>\n\t<meta property=\"og:image:type\" content=\"image\/jpeg\" \/>\n<meta name=\"author\" content=\"user-manager\" \/>\n<meta name=\"twitter:card\" content=\"summary_large_image\" \/>\n<script type=\"application\/ld+json\" class=\"yoast-schema-graph\">{\"@context\":\"https:\\\/\\\/schema.org\",\"@graph\":[{\"@type\":\"Article\",\"@id\":\"https:\\\/\\\/www.meydan.tv\\\/az\\\/article\\\/ilham-eliyev-hele-de-icra-olunmayan-fermanindan-danisdi\\\/#article\",\"isPartOf\":{\"@id\":\"https:\\\/\\\/www.meydan.tv\\\/az\\\/article\\\/ilham-eliyev-hele-de-icra-olunmayan-fermanindan-danisdi\\\/\"},\"author\":{\"name\":\"user-manager\",\"@id\":\"https:\\\/\\\/www.meydan.tv\\\/az\\\/#\\\/schema\\\/person\\\/10d11eccf6da3662cf5fdab9806ea91a\"},\"headline\":\"\u0130lham \u018fliyev h\u0259l\u0259 d\u0259 icra olunmayan F\u0259rman\u0131ndan dan\u0131\u015fd\u0131\",\"datePublished\":\"2018-12-17T17:08:22+00:00\",\"mainEntityOfPage\":{\"@id\":\"https:\\\/\\\/www.meydan.tv\\\/az\\\/article\\\/ilham-eliyev-hele-de-icra-olunmayan-fermanindan-danisdi\\\/\"},\"wordCount\":406,\"publisher\":{\"@id\":\"https:\\\/\\\/www.meydan.tv\\\/az\\\/#organization\"},\"image\":{\"@id\":\"https:\\\/\\\/www.meydan.tv\\\/az\\\/article\\\/ilham-eliyev-hele-de-icra-olunmayan-fermanindan-danisdi\\\/#primaryimage\"},\"thumbnailUrl\":\"https:\\\/\\\/www.meydan.tv\\\/wp-content\\\/uploads\\\/45530.jpg\",\"articleSection\":[\"X\u0259b\u0259rl\u0259r\"],\"inLanguage\":\"az\"},{\"@type\":\"WebPage\",\"@id\":\"https:\\\/\\\/www.meydan.tv\\\/az\\\/article\\\/ilham-eliyev-hele-de-icra-olunmayan-fermanindan-danisdi\\\/\",\"url\":\"https:\\\/\\\/www.meydan.tv\\\/az\\\/article\\\/ilham-eliyev-hele-de-icra-olunmayan-fermanindan-danisdi\\\/\",\"name\":\"\u0130lham \u018fliyev h\u0259l\u0259 d\u0259 icra olunmayan F\u0259rman\u0131ndan dan\u0131\u015fd\u0131 - MEYDAN.TV\",\"isPartOf\":{\"@id\":\"https:\\\/\\\/www.meydan.tv\\\/az\\\/#website\"},\"primaryImageOfPage\":{\"@id\":\"https:\\\/\\\/www.meydan.tv\\\/az\\\/article\\\/ilham-eliyev-hele-de-icra-olunmayan-fermanindan-danisdi\\\/#primaryimage\"},\"image\":{\"@id\":\"https:\\\/\\\/www.meydan.tv\\\/az\\\/article\\\/ilham-eliyev-hele-de-icra-olunmayan-fermanindan-danisdi\\\/#primaryimage\"},\"thumbnailUrl\":\"https:\\\/\\\/www.meydan.tv\\\/wp-content\\\/uploads\\\/45530.jpg\",\"datePublished\":\"2018-12-17T17:08:22+00:00\",\"breadcrumb\":{\"@id\":\"https:\\\/\\\/www.meydan.tv\\\/az\\\/article\\\/ilham-eliyev-hele-de-icra-olunmayan-fermanindan-danisdi\\\/#breadcrumb\"},\"inLanguage\":\"az\",\"potentialAction\":[{\"@type\":\"ReadAction\",\"target\":[\"https:\\\/\\\/www.meydan.tv\\\/az\\\/article\\\/ilham-eliyev-hele-de-icra-olunmayan-fermanindan-danisdi\\\/\"]}]},{\"@type\":\"ImageObject\",\"inLanguage\":\"az\",\"@id\":\"https:\\\/\\\/www.meydan.tv\\\/az\\\/article\\\/ilham-eliyev-hele-de-icra-olunmayan-fermanindan-danisdi\\\/#primaryimage\",\"url\":\"https:\\\/\\\/www.meydan.tv\\\/wp-content\\\/uploads\\\/45530.jpg\",\"contentUrl\":\"https:\\\/\\\/www.meydan.tv\\\/wp-content\\\/uploads\\\/45530.jpg\",\"width\":1960,\"height\":1268,\"caption\":\"Source:\"},{\"@type\":\"BreadcrumbList\",\"@id\":\"https:\\\/\\\/www.meydan.tv\\\/az\\\/article\\\/ilham-eliyev-hele-de-icra-olunmayan-fermanindan-danisdi\\\/#breadcrumb\",\"itemListElement\":[{\"@type\":\"ListItem\",\"position\":1,\"name\":\"Ana s\u0259hif\u0259\",\"item\":\"https:\\\/\\\/www.meydan.tv\\\/az\\\/\"},{\"@type\":\"ListItem\",\"position\":2,\"name\":\"X\u0259b\u0259rl\u0259r\",\"item\":\"https:\\\/\\\/www.meydan.tv\\\/az\\\/section\\\/xeberler\\\/\"},{\"@type\":\"ListItem\",\"position\":3,\"name\":\"\u0130lham \u018fliyev h\u0259l\u0259 d\u0259 icra olunmayan F\u0259rman\u0131ndan dan\u0131\u015fd\u0131\"}]},{\"@type\":\"WebSite\",\"@id\":\"https:\\\/\\\/www.meydan.tv\\\/az\\\/#website\",\"url\":\"https:\\\/\\\/www.meydan.tv\\\/az\\\/\",\"name\":\"MEYDAN.TV\",\"description\":\"Meydan TV Az\u0259rbaycan\u0131n media m\u0259kan\u0131ndak\u0131 alternativ s\u0259sidir\",\"publisher\":{\"@id\":\"https:\\\/\\\/www.meydan.tv\\\/az\\\/#organization\"},\"potentialAction\":[{\"@type\":\"SearchAction\",\"target\":{\"@type\":\"EntryPoint\",\"urlTemplate\":\"https:\\\/\\\/www.meydan.tv\\\/az\\\/?s={search_term_string}\"},\"query-input\":{\"@type\":\"PropertyValueSpecification\",\"valueRequired\":true,\"valueName\":\"search_term_string\"}}],\"inLanguage\":\"az\"},{\"@type\":\"Organization\",\"@id\":\"https:\\\/\\\/www.meydan.tv\\\/az\\\/#organization\",\"name\":\"Meydan TV\",\"url\":\"https:\\\/\\\/www.meydan.tv\\\/az\\\/\",\"logo\":{\"@type\":\"ImageObject\",\"inLanguage\":\"az\",\"@id\":\"https:\\\/\\\/www.meydan.tv\\\/az\\\/#\\\/schema\\\/logo\\\/image\\\/\",\"url\":\"https:\\\/\\\/www.meydan.tv\\\/wp-content\\\/uploads\\\/2021\\\/07\\\/meydan-logo.svg\",\"contentUrl\":\"https:\\\/\\\/www.meydan.tv\\\/wp-content\\\/uploads\\\/2021\\\/07\\\/meydan-logo.svg\",\"width\":195,\"height\":46,\"caption\":\"Meydan TV\"},\"image\":{\"@id\":\"https:\\\/\\\/www.meydan.tv\\\/az\\\/#\\\/schema\\\/logo\\\/image\\\/\"}},{\"@type\":\"Person\",\"@id\":\"https:\\\/\\\/www.meydan.tv\\\/az\\\/#\\\/schema\\\/person\\\/10d11eccf6da3662cf5fdab9806ea91a\",\"name\":\"user-manager\"}]}<\/script>\n<!-- \/ Yoast SEO plugin. -->","yoast_head_json":{"title":"\u0130lham \u018fliyev h\u0259l\u0259 d\u0259 icra olunmayan F\u0259rman\u0131ndan dan\u0131\u015fd\u0131 - MEYDAN.TV","robots":{"index":"index","follow":"follow","max-snippet":"max-snippet:-1","max-image-preview":"max-image-preview:large","max-video-preview":"max-video-preview:-1"},"canonical":"https:\/\/www.meydan.tv\/az\/article\/ilham-eliyev-hele-de-icra-olunmayan-fermanindan-danisdi\/","og_locale":"az_AZ","og_type":"article","og_title":"\u0130lham \u018fliyev h\u0259l\u0259 d\u0259 icra olunmayan F\u0259rman\u0131ndan dan\u0131\u015fd\u0131 - MEYDAN.TV","og_description":"Prezident: \u201cHaz\u0131rda siyah\u0131lar d\u0259qiql\u0259\u015fdirilir\u201d","og_url":"https:\/\/www.meydan.tv\/az\/article\/ilham-eliyev-hele-de-icra-olunmayan-fermanindan-danisdi\/","og_site_name":"MEYDAN.TV","article_published_time":"2018-12-17T17:08:22+00:00","og_image":[{"width":1960,"height":1268,"url":"https:\/\/www.meydan.tv\/wp-content\/uploads\/45530.jpg","type":"image\/jpeg"}],"author":"user-manager","twitter_card":"summary_large_image","schema":{"@context":"https:\/\/schema.org","@graph":[{"@type":"Article","@id":"https:\/\/www.meydan.tv\/az\/article\/ilham-eliyev-hele-de-icra-olunmayan-fermanindan-danisdi\/#article","isPartOf":{"@id":"https:\/\/www.meydan.tv\/az\/article\/ilham-eliyev-hele-de-icra-olunmayan-fermanindan-danisdi\/"},"author":{"name":"user-manager","@id":"https:\/\/www.meydan.tv\/az\/#\/schema\/person\/10d11eccf6da3662cf5fdab9806ea91a"},"headline":"\u0130lham \u018fliyev h\u0259l\u0259 d\u0259 icra olunmayan F\u0259rman\u0131ndan dan\u0131\u015fd\u0131","datePublished":"2018-12-17T17:08:22+00:00","mainEntityOfPage":{"@id":"https:\/\/www.meydan.tv\/az\/article\/ilham-eliyev-hele-de-icra-olunmayan-fermanindan-danisdi\/"},"wordCount":406,"publisher":{"@id":"https:\/\/www.meydan.tv\/az\/#organization"},"image":{"@id":"https:\/\/www.meydan.tv\/az\/article\/ilham-eliyev-hele-de-icra-olunmayan-fermanindan-danisdi\/#primaryimage"},"thumbnailUrl":"https:\/\/www.meydan.tv\/wp-content\/uploads\/45530.jpg","articleSection":["X\u0259b\u0259rl\u0259r"],"inLanguage":"az"},{"@type":"WebPage","@id":"https:\/\/www.meydan.tv\/az\/article\/ilham-eliyev-hele-de-icra-olunmayan-fermanindan-danisdi\/","url":"https:\/\/www.meydan.tv\/az\/article\/ilham-eliyev-hele-de-icra-olunmayan-fermanindan-danisdi\/","name":"\u0130lham \u018fliyev h\u0259l\u0259 d\u0259 icra olunmayan F\u0259rman\u0131ndan dan\u0131\u015fd\u0131 - MEYDAN.TV","isPartOf":{"@id":"https:\/\/www.meydan.tv\/az\/#website"},"primaryImageOfPage":{"@id":"https:\/\/www.meydan.tv\/az\/article\/ilham-eliyev-hele-de-icra-olunmayan-fermanindan-danisdi\/#primaryimage"},"image":{"@id":"https:\/\/www.meydan.tv\/az\/article\/ilham-eliyev-hele-de-icra-olunmayan-fermanindan-danisdi\/#primaryimage"},"thumbnailUrl":"https:\/\/www.meydan.tv\/wp-content\/uploads\/45530.jpg","datePublished":"2018-12-17T17:08:22+00:00","breadcrumb":{"@id":"https:\/\/www.meydan.tv\/az\/article\/ilham-eliyev-hele-de-icra-olunmayan-fermanindan-danisdi\/#breadcrumb"},"inLanguage":"az","potentialAction":[{"@type":"ReadAction","target":["https:\/\/www.meydan.tv\/az\/article\/ilham-eliyev-hele-de-icra-olunmayan-fermanindan-danisdi\/"]}]},{"@type":"ImageObject","inLanguage":"az","@id":"https:\/\/www.meydan.tv\/az\/article\/ilham-eliyev-hele-de-icra-olunmayan-fermanindan-danisdi\/#primaryimage","url":"https:\/\/www.meydan.tv\/wp-content\/uploads\/45530.jpg","contentUrl":"https:\/\/www.meydan.tv\/wp-content\/uploads\/45530.jpg","width":1960,"height":1268,"caption":"Source:"},{"@type":"BreadcrumbList","@id":"https:\/\/www.meydan.tv\/az\/article\/ilham-eliyev-hele-de-icra-olunmayan-fermanindan-danisdi\/#breadcrumb","itemListElement":[{"@type":"ListItem","position":1,"name":"Ana s\u0259hif\u0259","item":"https:\/\/www.meydan.tv\/az\/"},{"@type":"ListItem","position":2,"name":"X\u0259b\u0259rl\u0259r","item":"https:\/\/www.meydan.tv\/az\/section\/xeberler\/"},{"@type":"ListItem","position":3,"name":"\u0130lham \u018fliyev h\u0259l\u0259 d\u0259 icra olunmayan F\u0259rman\u0131ndan dan\u0131\u015fd\u0131"}]},{"@type":"WebSite","@id":"https:\/\/www.meydan.tv\/az\/#website","url":"https:\/\/www.meydan.tv\/az\/","name":"MEYDAN.TV","description":"Meydan TV Az\u0259rbaycan\u0131n media m\u0259kan\u0131ndak\u0131 alternativ s\u0259sidir","publisher":{"@id":"https:\/\/www.meydan.tv\/az\/#organization"},"potentialAction":[{"@type":"SearchAction","target":{"@type":"EntryPoint","urlTemplate":"https:\/\/www.meydan.tv\/az\/?s={search_term_string}"},"query-input":{"@type":"PropertyValueSpecification","valueRequired":true,"valueName":"search_term_string"}}],"inLanguage":"az"},{"@type":"Organization","@id":"https:\/\/www.meydan.tv\/az\/#organization","name":"Meydan TV","url":"https:\/\/www.meydan.tv\/az\/","logo":{"@type":"ImageObject","inLanguage":"az","@id":"https:\/\/www.meydan.tv\/az\/#\/schema\/logo\/image\/","url":"https:\/\/www.meydan.tv\/wp-content\/uploads\/2021\/07\/meydan-logo.svg","contentUrl":"https:\/\/www.meydan.tv\/wp-content\/uploads\/2021\/07\/meydan-logo.svg","width":195,"height":46,"caption":"Meydan TV"},"image":{"@id":"https:\/\/www.meydan.tv\/az\/#\/schema\/logo\/image\/"}},{"@type":"Person","@id":"https:\/\/www.meydan.tv\/az\/#\/schema\/person\/10d11eccf6da3662cf5fdab9806ea91a","name":"user-manager"}]}},"_links":{"self":[{"href":"https:\/\/www.meydan.tv\/az\/wp-json\/wp\/v2\/posts\/193058","targetHints":{"allow":["GET"]}}],"collection":[{"href":"https:\/\/www.meydan.tv\/az\/wp-json\/wp\/v2\/posts"}],"about":[{"href":"https:\/\/www.meydan.tv\/az\/wp-json\/wp\/v2\/types\/post"}],"author":[{"embeddable":true,"href":"https:\/\/www.meydan.tv\/az\/wp-json\/wp\/v2\/users\/11"}],"replies":[{"embeddable":true,"href":"https:\/\/www.meydan.tv\/az\/wp-json\/wp\/v2\/comments?post=193058"}],"version-history":[{"count":0,"href":"https:\/\/www.meydan.tv\/az\/wp-json\/wp\/v2\/posts\/193058\/revisions"}],"wp:featuredmedia":[{"embeddable":true,"href":"https:\/\/www.meydan.tv\/az\/wp-json\/wp\/v2\/media\/114291"}],"wp:attachment":[{"href":"https:\/\/www.meydan.tv\/az\/wp-json\/wp\/v2\/media?parent=193058"}],"wp:term":[{"taxonomy":"category","embeddable":true,"href":"https:\/\/www.meydan.tv\/az\/wp-json\/wp\/v2\/categories?post=193058"},{"taxonomy":"post_tag","embeddable":true,"href":"https:\/\/www.meydan.tv\/az\/wp-json\/wp\/v2\/tags?post=193058"}],"curies":[{"name":"wp","href":"https:\/\/api.w.org\/{rel}","templated":true}]}}