{"id":193054,"date":"2018-12-17T14:40:49","date_gmt":"2018-12-17T14:40:49","guid":{"rendered":"https:\/\/www.meydan.tv\/article\/bezen-ac-yatiram-uzum-gelmir-qonsuda-yemeye\/"},"modified":"2018-12-17T14:40:49","modified_gmt":"2018-12-17T14:40:49","slug":"bezen-ac-yatiram-uzum-gelmir-qonsuda-yemeye","status":"publish","type":"post","link":"https:\/\/www.meydan.tv\/az\/article\/bezen-ac-yatiram-uzum-gelmir-qonsuda-yemeye\/","title":{"rendered":"&#8221;B\u0259z\u0259n ac yat\u0131ram, \u00fcz\u00fcm g\u0259lmir qon\u015fuda yem\u0259y\u0259&#8221;"},"content":{"rendered":"<figure class=\"wp-block-image size-large\">\n  <img decoding=\"async\" src=\"https:\/\/www.meydan.tv\/az\/114219\/\" alt=\"\" class=\"wp-image-114219\"\/><figcaption><\/figcaption><\/figure>\n<p>\n  <i><br \/>\n    K\u00fcrd\u0259mir sakini: &#8221;Xadim\u0259 kimi i\u015fl\u0259m\u0259k ist\u0259diyim yerd\u0259 dedil\u0259r ki, di\u015fl\u0259rini d\u00fcz\u0259ltdir, sonra d\u00fc\u015f\u00fcn\u0259rik&#8221;<br \/>\n  <\/i>\n<\/p>\n<p>\n  \u201cA\u011fr\u0131dan v\u0259 acl\u0131qdan gec\u0259l\u0259ri diri a\u00e7\u0131ram. M\u0259n \u00e7ox gec\u0259 yerim\u0259 ac girir\u0259m, yuxum da \u0259r\u015f\u0259 \u00e7\u0259kilir. \u0130\u015fsiz\u0259m, x\u0259st\u0259y\u0259m, \u00f6lm\u0259liy\u0259m, bilir\u0259m, ancaq \u00f6l\u0259 d\u0259 bilmir\u0259m&#8221;.<br \/>\n  <br \/>\n  59 ya\u015fl\u0131 K\u00fcrd\u0259mir sakini Esmira \u018fzizova bel\u0259 deyir.\n<\/p>\n<p>\n  O, u\u00e7uq, ki\u00e7ik daxmada t\u0259kc\u0259 ya\u015fay\u0131r. Qaranl\u0131q, soyuq evind\u0259n r\u00fctub\u0259t qoxusu g\u0259lir. \u018f\u015fyalar\u0131 k\u00f6hn\u0259dir, k\u0259narda odun pe\u00e7i i\u015far\u0131r. Deyir, odun alma\u011fa da pulu olmur. El\u0259 k\u00fc\u00e7\u0259l\u0259rd\u0259n, \u0259lin\u0259 ke\u00e7\u0259ni toplay\u0131b, yand\u0131r\u0131r:\n<\/p>\n<p>\n  &#8220;Ya\u015f\u0131m pensiyaya \u00e7atm\u0131r, x\u0259st\u0259likl\u0259 ba\u011fl\u0131 m\u00fcavin\u0259t\u0259 m\u00fcraci\u0259t etdim, r\u00fc\u015fv\u0259t ist\u0259dil\u0259r. Pulum olmad\u0131, qald\u0131. \u0130\u015f tapa bilmir\u0259m, bir yerd\u0259n bir qara q\u0259pik g\u0259lirim yoxdur, sosial yard\u0131m da vermirl\u0259r. Anam olanda yen\u0259 onun pensiyas\u0131 il\u0259 dolan\u0131rd\u0131m. O, d\u00fcnyas\u0131n\u0131 d\u0259yi\u015f\u0259nd\u0259n sonra s\u0259fil v\u0259ziyy\u0259tin\u0259 d\u00fc\u015fd\u00fcm&#8221;.\n<\/p>\n<figure class=\"wp-block-image size-large\">\n  <img decoding=\"async\" src=\"https:\/\/www.meydan.tv\/az\/114234\/\" alt=\"\" class=\"wp-image-114234\"\/><figcaption><\/figcaption><\/figure>\n<\/p>\n<p>\n  He\u00e7 yerd\u0259n g\u0259liri olmayan E.\u018fzizova i\u015f d\u0259 tapa bilmir. Deyir, hara m\u00fcraci\u0259t edirs\u0259, bir b\u0259han\u0259 il\u0259 i\u015f\u0259 alm\u0131rlar. Gah deyirl\u0259r, z\u0259ng ed\u0259c\u0259kl\u0259r, gah da uy\u011fun olmad\u0131\u011f\u0131n\u0131 s\u00f6yl\u0259yib, yola sal\u0131rlar:\n<\/p>\n<p>\n  &#8220;Hara m\u00fcraci\u0259t edir\u0259m, ya g\u00f6t\u00fcrm\u00fcrl\u0259r, ya da deyirl\u0259r, get, biz\u0259 laz\u0131m olsan, \u00e7a\u011f\u0131raca\u011f\u0131q. Ax\u0131r\u0131nc\u0131, xadim\u0259 kimi i\u015fl\u0259m\u0259k ist\u0259diyim yerd\u0259 is\u0259 dedil\u0259r ki, di\u015fl\u0259rini d\u00fcz\u0259ltdir, sonra d\u00fc\u015f\u00fcn\u0259rik. M\u0259n orada xadim\u0259 i\u015fl\u0259y\u0259c\u0259kdim, yer s\u00fcp\u00fcr\u0259c\u0259k, tualet yuyacaqd\u0131m. Di\u015fin bura n\u0259 d\u0259xli? Daha bilm\u0259dim, m\u0259ni dolay\u0131rd\u0131lar, yoxsa ciddi deyirdil\u0259r. Amma i\u015f\u0259 g\u00f6t\u00fcrm\u0259dil\u0259r&#8221;.\n<\/p>\n<figure class=\"wp-block-image size-large\">\n  <img decoding=\"async\" src=\"https:\/\/www.meydan.tv\/az\/114231\/\" alt=\"\" class=\"wp-image-114231\"\/><figcaption><\/figcaption><\/figure>\n<p>\n  Esmira \u018fzizova ax\u0131r\u0131nc\u0131 d\u0259f\u0259 evind\u0259 n\u0259 zaman qazan qaynad\u0131\u011f\u0131n\u0131 unudub. Xat\u0131rlama\u011fa \u00e7al\u0131\u015f\u0131r. Deyir, qon\u015fu 4-5 kartof vermi\u015fdi. Onun ikisini qazana at\u0131b qaynad\u0131b, yeyib:\n<\/p>\n<p>\n  &#8220;\u018fslind\u0259, \u015f\u0259k\u0259rim var, ziyand\u0131, olmaz. Amma \u0259limd\u0259n n\u0259 g\u0259lir? Qon\u015fular\u0131n verdiyi d\u0259 kartof, so\u011fan, \u00e7\u00f6r\u0259k olur. Durub \u0259t ver\u0259si deyill\u0259r ki\u2026 Ham\u0131s\u0131 kas\u0131b insanlard\u0131. \u0130nan\u0131n, yem\u0259yimi \u00e7ox vaxt gedib qon\u015fularda yeyir\u0259m. Ax\u0131r\u0131nc\u0131 d\u0259f\u0259 dilim\u0259 n\u0259 zaman \u0259t d\u0259yib, bilmir\u0259m. Bu d\u0259qiq\u0259 bax\u0131n, he\u00e7 bir manat\u0131m da yoxdur. Qon\u015fular\u0131n kartof, so\u011fan, \u00e7\u00f6r\u0259k verm\u0259si il\u0259 olmur, nolar, h\u00f6kum\u0259tim, prezidentim m\u0259n\u0259 k\u00f6m\u0259k etsin&#8221;.\n<\/p>\n<figure class=\"wp-block-image size-large\">\n  <img decoding=\"async\" src=\"https:\/\/www.meydan.tv\/az\/114223\/\" alt=\"\" class=\"wp-image-114223\"\/><figcaption><\/figcaption><\/figure>\n<p>\n  Esmira \u018fzizovan\u0131n pulu olmad\u0131\u011f\u0131, \u00f6d\u0259y\u0259 bilm\u0259diyi \u00fc\u00e7\u00fcn i\u015f\u0131\u011f\u0131n\u0131, qaz\u0131n\u0131, suyunu da k\u0259sibl\u0259r. Suyu qon\u015fudan vedr\u0259l\u0259rl\u0259 da\u015f\u0131y\u0131r, qaz olmad\u0131\u011f\u0131 \u00fc\u00e7\u00fcn odun pe\u00e7i yand\u0131r\u0131r, i\u015f\u0131\u011f\u0131 is\u0259 \u015fam \u0259v\u0259zl\u0259yir. Deyir, bu q\u0131\u015f\u0131n g\u00fcn\u00fcnd\u0259 \u00e7ox pis v\u0259ziyy\u0259t\u0259 d\u00fc\u015f\u00fcb:\n<\/p>\n<p>\n  &#8220;Pe\u00e7\u0259 d\u0259 bax\u0131n d\u0259. H\u0259r yeri s\u00f6k\u00fcl\u00fcb, da\u011f\u0131l\u0131r, qon\u015fular veribl\u0259r. A\u00e7\u0131n, bax\u0131n, soyuducuya da n\u0259z\u0259r yetirin. \u0130\u00e7ind\u0259 quru \u00e7\u00f6r\u0259k bel\u0259 yoxdur. Budur ya\u015fay\u0131\u015f? Gec\u0259l\u0259r yor\u011fana b\u00fcr\u00fcn\u00fcb yat\u0131ram. Ayaqlar\u0131m bumbuz olur, titr\u0259dir\u0259m. El\u0259 olur s\u0259h\u0259r\u0259c\u0259n a\u011flay\u0131ram. B\u0259z\u0259n ac yat\u0131ram, \u00fcz\u00fcm g\u0259lmir qon\u015fuya gedib yem\u0259y\u0259.\n<\/p>\n<p>\n  \u00c7\u00f6r\u0259kqab\u0131ma bax\u0131n, sonuncu d\u0259f\u0259 q\u0131r\u0131nt\u0131lar\u0131n\u0131 ovcuma \u00e7\u0131rp\u0131b yemi\u015f\u0259m. \u0130\u00e7ind\u0259 he\u00e7 n\u0259 tapa bilm\u0259zsiz. Orda-burda yem\u0259kd\u0259n utan\u0131ram, vallah, yatm\u0131r \u00fcr\u0259yim\u0259&#8221;.\n<\/p>\n<figure class=\"wp-block-image size-large\">\n  <img decoding=\"async\" src=\"https:\/\/www.meydan.tv\/az\/114222\/\" alt=\"\" class=\"wp-image-114222\"\/><figcaption><\/figcaption><\/figure>\n<p>\n  Yayda havalar isti olanda E.\u018fzizova qon\u015fular\u0131n, tan\u0131\u015flar\u0131n h\u0259y\u0259tl\u0259rini t\u0259mizl\u0259yir, s\u00fcp\u00fcr\u00fcr pul qazan\u0131rm\u0131\u015f. Deyir, soyuqlar d\u00fc\u015f\u0259nd\u0259n h\u0259y\u0259tini t\u0259mizl\u0259tdir\u0259n d\u0259 yoxdur:\n<\/p>\n<p>\n  &#8220;Onda da \u00e7ox yox, bir manat verirdil\u0259r. Gedib \u00e7\u00f6r\u0259k al\u0131rd\u0131m. \u0130ndi o da yoxdur. \u015e\u0259xs\u0259n bu g\u00fcn qon\u015fuda yemi\u015f\u0259m yem\u0259yimi. Bilirsiniz n\u0259 q\u0259d\u0259r \u00e7\u0259tindir? Utan\u0131ram, \u00fcz\u00fcm g\u0259lmir. Amma getm\u0259y\u0259 d\u0259 m\u0259cburam, ac oluram, d\u00f6zm\u00fcr\u0259m&#8221;.\n<\/p>\n<figure class=\"wp-block-image size-large\">\n  <img decoding=\"async\" src=\"https:\/\/www.meydan.tv\/az\/114228\/\" alt=\"\" class=\"wp-image-114228\"\/><figcaption><\/figcaption><\/figure>\n<p>\n  Qon\u015fular\u0131 da onun pis durumda ya\u015fad\u0131\u011f\u0131n\u0131 t\u0259sdiql\u0259yirl\u0259r. He\u00e7 yerd\u0259 \u00e7al\u0131\u015fmad\u0131\u011f\u0131n\u0131, bir q\u0259pik g\u0259lirinin olmad\u0131\u011f\u0131n\u0131 deyirl\u0259r:\n<\/p>\n<p>\n  &#8220;Ka\u015f d\u00f6vl\u0259t arxas\u0131nda dura, k\u00f6m\u0259k ed\u0259. Bel\u0259 olmaz. Ya\u015fl\u0131 qad\u0131nd\u0131r, x\u0259st\u0259dir, b\u0259z\u0259n g\u00fcnl\u0259rl\u0259 ac qal\u0131r, \u00e7a\u011f\u0131r\u0131r\u0131q, bir tik\u0259 \u00e7\u00f6r\u0259k veririk. Onu da utana-utana yeyir&#8221; -E.\u018fzizovan\u0131n qon\u015fusu P\u00fcst\u0259 Orucova bel\u0259 deyir.\n<\/p>\n<figure class=\"wp-block-image size-large\">\n  <img decoding=\"async\" src=\"https:\/\/www.meydan.tv\/az\/114237\/\" alt=\"\" class=\"wp-image-114237\"\/><figcaption><\/figcaption><\/figure>\n<p>\n  Qon\u015fulardan Elmira H\u0259s\u0259nova is\u0259 bildirir ki, b\u0259z\u0259n unudur, \u00e7a\u011f\u0131rm\u0131r yem\u0259y\u0259. O zaman Esmira \u018fzizova \u00f6z\u00fc d\u0259 g\u0259lmir, utan\u0131r:\n<\/p>\n<p>\n  &#8220;\u0130nan\u0131n, q\u0259sd\u0259n deyil. Min bir problem olur, unudulur b\u0259z\u0259n. O da utand\u0131\u011f\u0131ndan g\u0259lmir. B\u0259z\u0259n d\u0259 olur ki, qap\u0131n\u0131 d\u00f6y\u00fcb quru \u00e7\u00f6r\u0259k ist\u0259yir. Deyir, qurumu\u015f, yem\u0259diyiniz, boyat \u00e7\u00f6r\u0259yinizi verin. \u00c7a\u011f\u0131r\u0131b bir qab yem\u0259k qoyuram. \u00c7ox pis v\u0259ziyy\u0259td\u0259 ya\u015fay\u0131r. Yem\u0259k ist\u0259m\u0259y\u0259 d\u0259 utan\u0131r. G\u00f6r\u00fcn, n\u0259 v\u0259ziyy\u0259td\u0259 ac olur ki, qap\u0131n\u0131 d\u00f6y\u00fcb quru \u00e7\u00f6r\u0259k ist\u0259yir&#8221;.\n<\/p>\n<figure class=\"wp-block-image size-large\">\n  <img decoding=\"async\" src=\"https:\/\/www.meydan.tv\/az\/114240\/\" alt=\"\" class=\"wp-image-114240\"\/><figcaption><\/figcaption><\/figure>\n<p>\n  Qon\u015fulardan H\u0259qiq\u0259t M\u0259mm\u0259dova da deyil\u0259nl\u0259ri t\u0259sdiql\u0259yir. Deyir, b\u0259li, \u00e7ox vaxt ac qal\u0131r, utan\u0131r, he\u00e7 kimd\u0259n yem\u0259k ist\u0259y\u0259 bilmir. Kim bir bo\u015fqab yem\u0259k vers\u0259, yeyir, verm\u0259s\u0259 d\u0259, yox:\n<\/p>\n<p>\n  &#8220;Onun v\u0259ziyy\u0259ti \u00e7ox pisdir. B\u0259z\u0259n \u00e7a\u011f\u0131r\u0131ram, g\u0259lir, bizd\u0259 yeyir. Bir d\u0259 g\u00f6r\u00fcr\u00fck q\u0131s\u0131l\u0131b bir k\u0259nara a\u011flay\u0131r. Bilirik ki, acd\u0131r. B\u0259z\u0259n utana-utana quru \u00e7\u00f6r\u0259k ist\u0259yir. Deyir\u0259m, g\u0259l, yem\u0259k ye. Deyir, utan\u0131ram. \u0130ndiy\u0259 q\u0259d\u0259r onunla ba\u011fl\u0131 h\u0259r yer\u0259 m\u00fcraci\u0259t etmi\u015fik. Qap\u0131s\u0131n\u0131 a\u00e7an yoxdur. B\u0259z\u0259n deyirik ki, soyuqdu, buzdu evin, g\u0259l bizd\u0259 yat. G\u0259lmir. \u015e\u0259k\u0259r adamd\u0131r, ona p\u0259hriz laz\u0131md\u0131r, yax\u015f\u0131 qida, d\u0259rmanlar\u0131na pul laz\u0131md\u0131r. Yoxudur, ala bilmir. S\u0259fal\u0259t i\u00e7ind\u0259 ya\u015fay\u0131r, yem\u0259k tapm\u0131r, d\u0259rman\u0131 nec\u0259 als\u0131n? Bir bax\u0131n, \u00f6d\u0259y\u0259 bilm\u0259diyi \u00fc\u00e7\u00fcn i\u015f\u0131\u011f\u0131n\u0131, qaz\u0131n\u0131, suyunu da k\u0259sibl\u0259r&#8221;.\n<\/p>\n<figure class=\"wp-block-image size-large\">\n  <img decoding=\"async\" src=\"https:\/\/www.meydan.tv\/az\/114243\/\" alt=\"\" class=\"wp-image-114243\"\/><figcaption><\/figcaption><\/figure>\n<p>\n  Meydan TV K\u00fcrd\u0259mir Rayon \u0130cra Hakimiyy\u0259ti il\u0259 \u0259laq\u0259 saxlay\u0131b. \u0130cra Hakimiyy\u0259tind\u0259n bildiribl\u0259r ki, h\u0259min xan\u0131m\u0131n qeydiyyatda oldu\u011fu k\u0259ndin icra n\u00fcmay\u0259nd\u0259liyi il\u0259 \u0259laq\u0259 saxlanmal\u0131d\u0131r. Esmira \u018fzizova K\u00fcrd\u0259mirin X\u0131rdapay k\u0259ndind\u0259 qeydiyyatdad\u0131r. K\u0259ndin icra n\u00fcmay\u0259nd\u0259si \u0130lyas Q\u0259dirov is\u0259 bu qad\u0131n\u0131 tan\u0131mad\u0131\u011f\u0131n\u0131, he\u00e7 vaxt onlara m\u00fcraci\u0259t etm\u0259diyini bildirib:\n<\/p>\n<p>\n  &#8220;Bel\u0259 bir qad\u0131n\u0131 tan\u0131m\u0131ram. Biz\u0259 k\u00f6m\u0259k \u00fc\u00e7\u00fcn m\u00fcraci\u0259t etdiyini xat\u0131rlam\u0131ram. Ets\u0259 bel\u0259, biz ona n\u0259 k\u00f6m\u0259k ed\u0259 bil\u0259rik ki? Bel\u0259 bir s\u0259lahiyy\u0259timiz yoxdur&#8221;.<\/p>\n","protected":false},"excerpt":{"rendered":"<p>K\u00fcrd\u0259mir sakini: &#8221;Xadim\u0259 kimi i\u015fl\u0259m\u0259k ist\u0259diyim yerd\u0259 dedil\u0259r ki, di\u015fl\u0259rini d\u00fcz\u0259ltdir, sonra d\u00fc\u015f\u00fcn\u0259rik&#8221;<\/p>\n","protected":false},"author":11,"featured_media":114219,"comment_status":"closed","ping_status":"open","sticky":false,"template":"","format":"standard","meta":{"_acf_changed":false,"_sitemap_exclude":false,"_sitemap_priority":"","_sitemap_frequency":"","footnotes":""},"categories":[60],"tags":[],"class_list":["post-193054","post","type-post","status-publish","format-standard","has-post-thumbnail","hentry","category-bolge","infinite-scroll-item","generate-columns","tablet-grid-50","mobile-grid-100","grid-parent","grid-33","no-featured-image-padding"],"acf":[],"yoast_head":"<!-- This site is optimized with the Yoast SEO plugin v27.4 - https:\/\/yoast.com\/product\/yoast-seo-wordpress\/ -->\n<title>&#039;&#039;B\u0259z\u0259n ac yat\u0131ram, \u00fcz\u00fcm g\u0259lmir qon\u015fuda yem\u0259y\u0259&#039;&#039; - MEYDAN.TV<\/title>\n<meta name=\"robots\" content=\"index, follow, max-snippet:-1, max-image-preview:large, max-video-preview:-1\" \/>\n<link rel=\"canonical\" href=\"https:\/\/www.meydan.tv\/az\/article\/bezen-ac-yatiram-uzum-gelmir-qonsuda-yemeye\/\" \/>\n<meta property=\"og:locale\" content=\"az_AZ\" \/>\n<meta property=\"og:type\" content=\"article\" \/>\n<meta property=\"og:title\" content=\"&#039;&#039;B\u0259z\u0259n ac yat\u0131ram, \u00fcz\u00fcm g\u0259lmir qon\u015fuda yem\u0259y\u0259&#039;&#039; - MEYDAN.TV\" \/>\n<meta property=\"og:description\" content=\"K\u00fcrd\u0259mir sakini: &#039;&#039;Xadim\u0259 kimi i\u015fl\u0259m\u0259k ist\u0259diyim yerd\u0259 dedil\u0259r ki, di\u015fl\u0259rini d\u00fcz\u0259ltdir, sonra d\u00fc\u015f\u00fcn\u0259rik&#039;&#039;\" \/>\n<meta property=\"og:url\" content=\"https:\/\/www.meydan.tv\/az\/article\/bezen-ac-yatiram-uzum-gelmir-qonsuda-yemeye\/\" \/>\n<meta property=\"og:site_name\" content=\"MEYDAN.TV\" \/>\n<meta property=\"article:published_time\" content=\"2018-12-17T14:40:49+00:00\" \/>\n<meta property=\"og:image\" content=\"https:\/\/www.meydan.tv\/wp-content\/uploads\/45503-scaled.jpg\" \/>\n\t<meta property=\"og:image:width\" content=\"2560\" \/>\n\t<meta property=\"og:image:height\" content=\"1920\" \/>\n\t<meta property=\"og:image:type\" content=\"image\/jpeg\" \/>\n<meta name=\"author\" content=\"user-manager\" \/>\n<meta name=\"twitter:card\" content=\"summary_large_image\" \/>\n<script type=\"application\/ld+json\" class=\"yoast-schema-graph\">{\"@context\":\"https:\\\/\\\/schema.org\",\"@graph\":[{\"@type\":\"Article\",\"@id\":\"https:\\\/\\\/www.meydan.tv\\\/az\\\/article\\\/bezen-ac-yatiram-uzum-gelmir-qonsuda-yemeye\\\/#article\",\"isPartOf\":{\"@id\":\"https:\\\/\\\/www.meydan.tv\\\/az\\\/article\\\/bezen-ac-yatiram-uzum-gelmir-qonsuda-yemeye\\\/\"},\"author\":{\"name\":\"user-manager\",\"@id\":\"https:\\\/\\\/www.meydan.tv\\\/az\\\/#\\\/schema\\\/person\\\/10d11eccf6da3662cf5fdab9806ea91a\"},\"headline\":\"&#8221;B\u0259z\u0259n ac yat\u0131ram, \u00fcz\u00fcm g\u0259lmir qon\u015fuda yem\u0259y\u0259&#8221;\",\"datePublished\":\"2018-12-17T14:40:49+00:00\",\"mainEntityOfPage\":{\"@id\":\"https:\\\/\\\/www.meydan.tv\\\/az\\\/article\\\/bezen-ac-yatiram-uzum-gelmir-qonsuda-yemeye\\\/\"},\"wordCount\":1248,\"publisher\":{\"@id\":\"https:\\\/\\\/www.meydan.tv\\\/az\\\/#organization\"},\"image\":{\"@id\":\"https:\\\/\\\/www.meydan.tv\\\/az\\\/article\\\/bezen-ac-yatiram-uzum-gelmir-qonsuda-yemeye\\\/#primaryimage\"},\"thumbnailUrl\":\"https:\\\/\\\/www.meydan.tv\\\/wp-content\\\/uploads\\\/45503-scaled.jpg\",\"articleSection\":[\"B\u00f6lg\u0259\"],\"inLanguage\":\"az\"},{\"@type\":\"WebPage\",\"@id\":\"https:\\\/\\\/www.meydan.tv\\\/az\\\/article\\\/bezen-ac-yatiram-uzum-gelmir-qonsuda-yemeye\\\/\",\"url\":\"https:\\\/\\\/www.meydan.tv\\\/az\\\/article\\\/bezen-ac-yatiram-uzum-gelmir-qonsuda-yemeye\\\/\",\"name\":\"''B\u0259z\u0259n ac yat\u0131ram, \u00fcz\u00fcm g\u0259lmir qon\u015fuda yem\u0259y\u0259'' - MEYDAN.TV\",\"isPartOf\":{\"@id\":\"https:\\\/\\\/www.meydan.tv\\\/az\\\/#website\"},\"primaryImageOfPage\":{\"@id\":\"https:\\\/\\\/www.meydan.tv\\\/az\\\/article\\\/bezen-ac-yatiram-uzum-gelmir-qonsuda-yemeye\\\/#primaryimage\"},\"image\":{\"@id\":\"https:\\\/\\\/www.meydan.tv\\\/az\\\/article\\\/bezen-ac-yatiram-uzum-gelmir-qonsuda-yemeye\\\/#primaryimage\"},\"thumbnailUrl\":\"https:\\\/\\\/www.meydan.tv\\\/wp-content\\\/uploads\\\/45503-scaled.jpg\",\"datePublished\":\"2018-12-17T14:40:49+00:00\",\"breadcrumb\":{\"@id\":\"https:\\\/\\\/www.meydan.tv\\\/az\\\/article\\\/bezen-ac-yatiram-uzum-gelmir-qonsuda-yemeye\\\/#breadcrumb\"},\"inLanguage\":\"az\",\"potentialAction\":[{\"@type\":\"ReadAction\",\"target\":[\"https:\\\/\\\/www.meydan.tv\\\/az\\\/article\\\/bezen-ac-yatiram-uzum-gelmir-qonsuda-yemeye\\\/\"]}]},{\"@type\":\"ImageObject\",\"inLanguage\":\"az\",\"@id\":\"https:\\\/\\\/www.meydan.tv\\\/az\\\/article\\\/bezen-ac-yatiram-uzum-gelmir-qonsuda-yemeye\\\/#primaryimage\",\"url\":\"https:\\\/\\\/www.meydan.tv\\\/wp-content\\\/uploads\\\/45503-scaled.jpg\",\"contentUrl\":\"https:\\\/\\\/www.meydan.tv\\\/wp-content\\\/uploads\\\/45503-scaled.jpg\",\"width\":2560,\"height\":1920,\"caption\":\"Source:\"},{\"@type\":\"BreadcrumbList\",\"@id\":\"https:\\\/\\\/www.meydan.tv\\\/az\\\/article\\\/bezen-ac-yatiram-uzum-gelmir-qonsuda-yemeye\\\/#breadcrumb\",\"itemListElement\":[{\"@type\":\"ListItem\",\"position\":1,\"name\":\"Ana s\u0259hif\u0259\",\"item\":\"https:\\\/\\\/www.meydan.tv\\\/az\\\/\"},{\"@type\":\"ListItem\",\"position\":2,\"name\":\"B\u00f6lg\u0259\",\"item\":\"https:\\\/\\\/www.meydan.tv\\\/az\\\/section\\\/bolge\\\/\"},{\"@type\":\"ListItem\",\"position\":3,\"name\":\"&#8221;B\u0259z\u0259n ac yat\u0131ram, \u00fcz\u00fcm g\u0259lmir qon\u015fuda yem\u0259y\u0259&#8221;\"}]},{\"@type\":\"WebSite\",\"@id\":\"https:\\\/\\\/www.meydan.tv\\\/az\\\/#website\",\"url\":\"https:\\\/\\\/www.meydan.tv\\\/az\\\/\",\"name\":\"MEYDAN.TV\",\"description\":\"Meydan TV Az\u0259rbaycan\u0131n media m\u0259kan\u0131ndak\u0131 alternativ s\u0259sidir\",\"publisher\":{\"@id\":\"https:\\\/\\\/www.meydan.tv\\\/az\\\/#organization\"},\"potentialAction\":[{\"@type\":\"SearchAction\",\"target\":{\"@type\":\"EntryPoint\",\"urlTemplate\":\"https:\\\/\\\/www.meydan.tv\\\/az\\\/?s={search_term_string}\"},\"query-input\":{\"@type\":\"PropertyValueSpecification\",\"valueRequired\":true,\"valueName\":\"search_term_string\"}}],\"inLanguage\":\"az\"},{\"@type\":\"Organization\",\"@id\":\"https:\\\/\\\/www.meydan.tv\\\/az\\\/#organization\",\"name\":\"Meydan TV\",\"url\":\"https:\\\/\\\/www.meydan.tv\\\/az\\\/\",\"logo\":{\"@type\":\"ImageObject\",\"inLanguage\":\"az\",\"@id\":\"https:\\\/\\\/www.meydan.tv\\\/az\\\/#\\\/schema\\\/logo\\\/image\\\/\",\"url\":\"https:\\\/\\\/www.meydan.tv\\\/wp-content\\\/uploads\\\/2021\\\/07\\\/meydan-logo.svg\",\"contentUrl\":\"https:\\\/\\\/www.meydan.tv\\\/wp-content\\\/uploads\\\/2021\\\/07\\\/meydan-logo.svg\",\"width\":195,\"height\":46,\"caption\":\"Meydan TV\"},\"image\":{\"@id\":\"https:\\\/\\\/www.meydan.tv\\\/az\\\/#\\\/schema\\\/logo\\\/image\\\/\"}},{\"@type\":\"Person\",\"@id\":\"https:\\\/\\\/www.meydan.tv\\\/az\\\/#\\\/schema\\\/person\\\/10d11eccf6da3662cf5fdab9806ea91a\",\"name\":\"user-manager\"}]}<\/script>\n<!-- \/ Yoast SEO plugin. -->","yoast_head_json":{"title":"''B\u0259z\u0259n ac yat\u0131ram, \u00fcz\u00fcm g\u0259lmir qon\u015fuda yem\u0259y\u0259'' - MEYDAN.TV","robots":{"index":"index","follow":"follow","max-snippet":"max-snippet:-1","max-image-preview":"max-image-preview:large","max-video-preview":"max-video-preview:-1"},"canonical":"https:\/\/www.meydan.tv\/az\/article\/bezen-ac-yatiram-uzum-gelmir-qonsuda-yemeye\/","og_locale":"az_AZ","og_type":"article","og_title":"''B\u0259z\u0259n ac yat\u0131ram, \u00fcz\u00fcm g\u0259lmir qon\u015fuda yem\u0259y\u0259'' - MEYDAN.TV","og_description":"K\u00fcrd\u0259mir sakini: ''Xadim\u0259 kimi i\u015fl\u0259m\u0259k ist\u0259diyim yerd\u0259 dedil\u0259r ki, di\u015fl\u0259rini d\u00fcz\u0259ltdir, sonra d\u00fc\u015f\u00fcn\u0259rik''","og_url":"https:\/\/www.meydan.tv\/az\/article\/bezen-ac-yatiram-uzum-gelmir-qonsuda-yemeye\/","og_site_name":"MEYDAN.TV","article_published_time":"2018-12-17T14:40:49+00:00","og_image":[{"width":2560,"height":1920,"url":"https:\/\/www.meydan.tv\/wp-content\/uploads\/45503-scaled.jpg","type":"image\/jpeg"}],"author":"user-manager","twitter_card":"summary_large_image","schema":{"@context":"https:\/\/schema.org","@graph":[{"@type":"Article","@id":"https:\/\/www.meydan.tv\/az\/article\/bezen-ac-yatiram-uzum-gelmir-qonsuda-yemeye\/#article","isPartOf":{"@id":"https:\/\/www.meydan.tv\/az\/article\/bezen-ac-yatiram-uzum-gelmir-qonsuda-yemeye\/"},"author":{"name":"user-manager","@id":"https:\/\/www.meydan.tv\/az\/#\/schema\/person\/10d11eccf6da3662cf5fdab9806ea91a"},"headline":"&#8221;B\u0259z\u0259n ac yat\u0131ram, \u00fcz\u00fcm g\u0259lmir qon\u015fuda yem\u0259y\u0259&#8221;","datePublished":"2018-12-17T14:40:49+00:00","mainEntityOfPage":{"@id":"https:\/\/www.meydan.tv\/az\/article\/bezen-ac-yatiram-uzum-gelmir-qonsuda-yemeye\/"},"wordCount":1248,"publisher":{"@id":"https:\/\/www.meydan.tv\/az\/#organization"},"image":{"@id":"https:\/\/www.meydan.tv\/az\/article\/bezen-ac-yatiram-uzum-gelmir-qonsuda-yemeye\/#primaryimage"},"thumbnailUrl":"https:\/\/www.meydan.tv\/wp-content\/uploads\/45503-scaled.jpg","articleSection":["B\u00f6lg\u0259"],"inLanguage":"az"},{"@type":"WebPage","@id":"https:\/\/www.meydan.tv\/az\/article\/bezen-ac-yatiram-uzum-gelmir-qonsuda-yemeye\/","url":"https:\/\/www.meydan.tv\/az\/article\/bezen-ac-yatiram-uzum-gelmir-qonsuda-yemeye\/","name":"''B\u0259z\u0259n ac yat\u0131ram, \u00fcz\u00fcm g\u0259lmir qon\u015fuda yem\u0259y\u0259'' - MEYDAN.TV","isPartOf":{"@id":"https:\/\/www.meydan.tv\/az\/#website"},"primaryImageOfPage":{"@id":"https:\/\/www.meydan.tv\/az\/article\/bezen-ac-yatiram-uzum-gelmir-qonsuda-yemeye\/#primaryimage"},"image":{"@id":"https:\/\/www.meydan.tv\/az\/article\/bezen-ac-yatiram-uzum-gelmir-qonsuda-yemeye\/#primaryimage"},"thumbnailUrl":"https:\/\/www.meydan.tv\/wp-content\/uploads\/45503-scaled.jpg","datePublished":"2018-12-17T14:40:49+00:00","breadcrumb":{"@id":"https:\/\/www.meydan.tv\/az\/article\/bezen-ac-yatiram-uzum-gelmir-qonsuda-yemeye\/#breadcrumb"},"inLanguage":"az","potentialAction":[{"@type":"ReadAction","target":["https:\/\/www.meydan.tv\/az\/article\/bezen-ac-yatiram-uzum-gelmir-qonsuda-yemeye\/"]}]},{"@type":"ImageObject","inLanguage":"az","@id":"https:\/\/www.meydan.tv\/az\/article\/bezen-ac-yatiram-uzum-gelmir-qonsuda-yemeye\/#primaryimage","url":"https:\/\/www.meydan.tv\/wp-content\/uploads\/45503-scaled.jpg","contentUrl":"https:\/\/www.meydan.tv\/wp-content\/uploads\/45503-scaled.jpg","width":2560,"height":1920,"caption":"Source:"},{"@type":"BreadcrumbList","@id":"https:\/\/www.meydan.tv\/az\/article\/bezen-ac-yatiram-uzum-gelmir-qonsuda-yemeye\/#breadcrumb","itemListElement":[{"@type":"ListItem","position":1,"name":"Ana s\u0259hif\u0259","item":"https:\/\/www.meydan.tv\/az\/"},{"@type":"ListItem","position":2,"name":"B\u00f6lg\u0259","item":"https:\/\/www.meydan.tv\/az\/section\/bolge\/"},{"@type":"ListItem","position":3,"name":"&#8221;B\u0259z\u0259n ac yat\u0131ram, \u00fcz\u00fcm g\u0259lmir qon\u015fuda yem\u0259y\u0259&#8221;"}]},{"@type":"WebSite","@id":"https:\/\/www.meydan.tv\/az\/#website","url":"https:\/\/www.meydan.tv\/az\/","name":"MEYDAN.TV","description":"Meydan TV Az\u0259rbaycan\u0131n media m\u0259kan\u0131ndak\u0131 alternativ s\u0259sidir","publisher":{"@id":"https:\/\/www.meydan.tv\/az\/#organization"},"potentialAction":[{"@type":"SearchAction","target":{"@type":"EntryPoint","urlTemplate":"https:\/\/www.meydan.tv\/az\/?s={search_term_string}"},"query-input":{"@type":"PropertyValueSpecification","valueRequired":true,"valueName":"search_term_string"}}],"inLanguage":"az"},{"@type":"Organization","@id":"https:\/\/www.meydan.tv\/az\/#organization","name":"Meydan TV","url":"https:\/\/www.meydan.tv\/az\/","logo":{"@type":"ImageObject","inLanguage":"az","@id":"https:\/\/www.meydan.tv\/az\/#\/schema\/logo\/image\/","url":"https:\/\/www.meydan.tv\/wp-content\/uploads\/2021\/07\/meydan-logo.svg","contentUrl":"https:\/\/www.meydan.tv\/wp-content\/uploads\/2021\/07\/meydan-logo.svg","width":195,"height":46,"caption":"Meydan TV"},"image":{"@id":"https:\/\/www.meydan.tv\/az\/#\/schema\/logo\/image\/"}},{"@type":"Person","@id":"https:\/\/www.meydan.tv\/az\/#\/schema\/person\/10d11eccf6da3662cf5fdab9806ea91a","name":"user-manager"}]}},"_links":{"self":[{"href":"https:\/\/www.meydan.tv\/az\/wp-json\/wp\/v2\/posts\/193054","targetHints":{"allow":["GET"]}}],"collection":[{"href":"https:\/\/www.meydan.tv\/az\/wp-json\/wp\/v2\/posts"}],"about":[{"href":"https:\/\/www.meydan.tv\/az\/wp-json\/wp\/v2\/types\/post"}],"author":[{"embeddable":true,"href":"https:\/\/www.meydan.tv\/az\/wp-json\/wp\/v2\/users\/11"}],"replies":[{"embeddable":true,"href":"https:\/\/www.meydan.tv\/az\/wp-json\/wp\/v2\/comments?post=193054"}],"version-history":[{"count":0,"href":"https:\/\/www.meydan.tv\/az\/wp-json\/wp\/v2\/posts\/193054\/revisions"}],"wp:featuredmedia":[{"embeddable":true,"href":"https:\/\/www.meydan.tv\/az\/wp-json\/wp\/v2\/media\/114219"}],"wp:attachment":[{"href":"https:\/\/www.meydan.tv\/az\/wp-json\/wp\/v2\/media?parent=193054"}],"wp:term":[{"taxonomy":"category","embeddable":true,"href":"https:\/\/www.meydan.tv\/az\/wp-json\/wp\/v2\/categories?post=193054"},{"taxonomy":"post_tag","embeddable":true,"href":"https:\/\/www.meydan.tv\/az\/wp-json\/wp\/v2\/tags?post=193054"}],"curies":[{"name":"wp","href":"https:\/\/api.w.org\/{rel}","templated":true}]}}