{"id":193044,"date":"2018-12-16T17:22:32","date_gmt":"2018-12-16T17:22:32","guid":{"rendered":"https:\/\/www.meydan.tv\/article\/dogrudan-axi-tofiq-qasimov-ne-isteyirdi\/"},"modified":"2018-12-16T17:22:32","modified_gmt":"2018-12-16T17:22:32","slug":"dogrudan-axi-tofiq-qasimov-ne-isteyirdi","status":"publish","type":"post","link":"https:\/\/www.meydan.tv\/az\/article\/dogrudan-axi-tofiq-qasimov-ne-isteyirdi\/","title":{"rendered":"Do\u011frudan ax\u0131, Tofiq Qas\u0131mov n\u0259 ist\u0259yirdi?!"},"content":{"rendered":"<figure class=\"wp-block-image size-large\">\n  <img decoding=\"async\" src=\"https:\/\/www.meydan.tv\/az\/yalcin-imanov-5\/\" alt=\"Yal\u00e7\u0131n \u0130manov\" class=\"wp-image-113137\"\/><figcaption>\n    Yal\u00e7\u0131n \u0130manov<br \/>\n  <\/figcaption><\/figure>\n<p>\n  C\u0259miyy\u0259tin \u0259b\u0259dil\u0259\u015fdirib, qisas ald\u0131\u011f\u0131 s\u00f6zl\u0259r\u2026\n<\/p>\n<p>\n  Bir d\u0259 var c\u0259miyy\u0259tl\u0259rin s\u00f6z, fikir yadda\u015f\u0131. Bu m\u0259nada ikinci m\u00fcst\u0259qillik d\u00f6vr\u00fcn\u00fcn b\u0259zi \u0259b\u0259dil\u0259\u015fib, yadda\u015flara \u00e7\u00f6km\u00fc\u015f s\u00f6zl\u0259ri, fikirl\u0259ri maraq do\u011furur. X\u00fcsus\u0259n d\u0259 bu s\u00f6z v\u0259 ya fikirl\u0259ri demi\u015f, ifad\u0259 etmi\u015f \u015f\u0259xsl\u0259rin timsal\u0131nda.\n<\/p>\n<p>\n  H\u0259m h\u0259min \u015f\u0259xsl\u0259rin \u015f\u0259xsiyy\u0259tinin analizi bax\u0131mdan, h\u0259m d\u0259 onlar\u0131n t\u0259msil etdiyi d\u0259y\u0259rl\u0259ri, firq\u0259 v\u0259 hakimiyy\u0259tl\u0259ri anlay\u0131b, d\u0259rk etm\u0259k ist\u0259y\u0259nd\u0259, bir s\u0131ra hallarda is\u0259 qar\u015f\u0131la\u015fd\u0131r\u0131b, m\u00fcqayis\u0259li paralell\u0259r aparanda maraql\u0131 m\u0259qamlar ortaya \u00e7\u0131x\u0131r. M\u0259s\u0259l\u0259n, Az\u0259rbaycan Xalq C\u0259hb\u0259si (AXC) hakimiyy\u0259tinin m\u00fcdafi\u0259 nazirinin (R\u0259him Qaz\u0131yev) ad\u0131na yaz\u0131lan bel\u0259 bir s\u00f6z var: \u201c\u015eu\u015fa gets\u0259 (y\u0259ni, erm\u0259nil\u0259r t\u0259r\u0259find\u0259n al\u0131nsa), ba\u015f\u0131ma bir g\u00fcll\u0259 \u00e7axacam!\u201d H\u0259r\u00e7\u0259nd, onun bu fikri, do\u011frudan da, s\u00f6yl\u0259yib-s\u00f6yl\u0259m\u0259m\u0259si il\u0259 ba\u011fl\u0131 indinin \u00f6z\u00fcnd\u0259 bel\u0259 m\u00fcbahis\u0259l\u0259r davam edir, ba\u015fqa s\u00f6zl\u0259 des\u0259k, tam s\u0259hih deyil, \u0259limizin alt\u0131nda olan tarixi m\u0259nb\u0259l\u0259r bununla ba\u011fl\u0131 birm\u0259nal\u0131 m\u0259lumat vermir. Yaxud tamamil\u0259 ba\u015fqa bir hakimiyy\u0259ti t\u0259msil ed\u0259n, daha do\u011frusu, bu hakimiyy\u0259tin t\u0259m\u0259ll\u0259rini at\u0131b, b\u00fcn\u00f6vr\u0259sini qoymu\u015f \u015f\u0259xsin (Heyd\u0259r \u018fliyevin) s\u00f6yl\u0259diyin\u0259 he\u00e7 kimin \u015f\u0259kk-\u015f\u00fcbh\u0259 etm\u0259diyi, dill\u0259r \u0259zb\u0259ri olan bir ifad\u0259si var: \u201cN\u0259 istiyirsiniz, Tofiq Qas\u0131mov?!\u201d (AXC hakimiyy\u0259tinin xarici i\u015fl\u0259r naziri).\n<\/p>\n<p>\n  Bel\u0259 n\u00fcmun\u0259l\u0259r el\u0259 d\u0259 \u00e7ox deyil, y\u0259ni, axtarsaq ba\u015fqa s\u00f6zl\u0259ri v\u0259 ya fikirl\u0259ri d\u0259 tapa v\u0259 misal g\u0259tir\u0259 bil\u0259rik. Dey\u0259k ki, \u0259b\u0259dil\u0259\u015fm\u0259y\u0259 iddial\u0131 \u201cb\u0259lk\u0259 bir az yava\u015flayaq?\u201d (\u0130lham \u018fliyev), yaxud \u201cs\u0259rh\u0259dl\u0259ri ba\u011flay\u0131rsan, Qaraba\u011f problemi h\u0259ll olunur\u201d (\u018fb\u00fclf\u0259z El\u00e7ib\u0259y) fikirl\u0259ri kimi.\n<\/p>\n<p>\n  Ancaq indi m\u00f6vzu bu s\u00f6z v\u0259 ya fikirl\u0259rin statistikas\u0131n\u0131 apar\u0131b, siyah\u0131s\u0131n\u0131 tutmaq deyil, bel\u0259 fikirl\u0259rin deyilib-deyilm\u0259m\u0259sind\u0259n daha \u00e7ox onun ictimai yadda\u015fda \u00f6z\u00fcn\u0259 yer el\u0259m\u0259si, n\u0259tic\u0259d\u0259 \u0259b\u0259dil\u0259\u015fm\u0259si v\u0259 bunun g\u00f6r\u00fcnm\u0259z s\u0259b\u0259bl\u0259ridir. Niy\u0259 m\u0259hz bu s\u00f6zl\u0259r, fikirl\u0259r qal\u0131c\u0131 oldu? Hans\u0131 m\u00f6t\u0259b\u0259r s\u0259b\u0259bl\u0259rd\u0259n ictimai yadda\u015f m\u0259hz bu s\u00f6zl\u0259ri \u00f6z\u00fcn\u0259 hopdurub, qoruyub tarixd\u0259 saxlad\u0131? Bu \u0259b\u0259dil\u0259\u015fm\u0259nin d\u0259rin\u0259 ged\u0259n, \u0259lahidd\u0259 s\u0259b\u0259bl\u0259ri varm\u0131, \u0259g\u0259r varsa, onlar hans\u0131lard\u0131r?\n<\/p>\n<p>\n  ***\n<\/p>\n<p>\n  C\u0259miyy\u0259t, vahid orqanizm kimi h\u0259r\u0259k\u0259t ed\u0259nd\u0259, onun m\u00fct\u0259\u015f\u0259kkil, sinxron davran\u0131\u015f\u0131 ortaya \u00e7\u0131x\u0131r. Ax\u0131 niy\u0259, AXC hakimiyy\u0259tinin m\u00fcdafi\u0259 nazirin\u0259 h\u0259l\u0259 do\u011fru v\u0259 yaxud yalan oldu\u011funu d\u0259qiql\u0259\u015fdir\u0259 bilm\u0259diyimiz, bir az panika, bir az da \u015fayi\u0259 \u015f\u0259klind\u0259 yay\u0131l\u0131b, istinad edil\u0259n s\u00f6z c\u0259miyy\u0259tin yadda\u015f\u0131na bel\u0259 d\u0259qiqlikl\u0259 k\u00f6\u00e7\u00fcb, orda \u00f6z\u00fcn\u0259 \u0259b\u0259di yer el\u0259di? Ax\u0131, he\u00e7 \u015eu\u015fa i\u015f\u011fal olunanda, AXC do\u011fru-d\u00fcr\u00fcst hakimiyy\u0259t\u0259 d\u0259 g\u0259lm\u0259mi\u015fdi.\n<\/p>\n<p>\n  Toplumun \u015f\u00fcuralt\u0131 m\u00fcnasib\u0259t t\u0259rzi \u0259ks\u0259r\u0259n s\u0259rrast v\u0259 fenomenal olur. O, bununla \u00e7ox m\u00fcr\u0259kk\u0259b hadis\u0259l\u0259r\u0259 \u0259sl, layiq oldu\u011fu qiym\u0259ti verib, onlar\u0131 vaxt\u0131ndan \u00e7ox-\u00e7ox \u0259vv\u0259l yerb\u0259yer edir v\u0259 burda zidiyy\u0259t do\u011furan\u0131 da odur ki, toplumun haz\u0131rl\u0131q s\u0259viyy\u0259si, \u00fcmumi t\u0259f\u0259kk\u00fcr stili o q\u0259d\u0259r d\u0259 h\u0259lledici rol oynam\u0131r. \u201c\u015eu\u015fa gets\u0259, ba\u015f\u0131ma bir g\u00fcll\u0259 \u00e7axacam!\u201d qanadl\u0131 ifad\u0259si d\u0259 bu m\u0259nada n\u00fcmun\u0259vi tematikad\u0131r.\n<\/p>\n<p>\n  Az\u0259rbaycan c\u0259miyy\u0259ti \u00f6z\u00fcn\u00fc ona f\u0259rqli, ba\u015fqa bir d\u0259y\u0259rl\u0259rin (\u00fcst\u00fcn, proqressiv d\u0259y\u0259rl\u0259rin) da\u015f\u0131y\u0131c\u0131s\u0131 kimi t\u0259qdim ed\u0259n bir q\u00fcvv\u0259nin t\u0259msil\u00e7isinin torpa\u011f\u0131n\u0131n bir par\u00e7as\u0131n\u0131n (\u00f6z\u00fc d\u0259 nec\u0259 bir par\u00e7as\u0131n\u0131n!) d\u00fc\u015fm\u0259n\u0259 t\u0259hvil verilm\u0259sind\u0259 hans\u0131sa rolunu, he\u00e7 c\u00fcr q\u0259bul ed\u0259, h\u0259zm ed\u0259 bilmir, yox, bununla ba\u011fl\u0131 azac\u0131q \u015f\u00fcbh\u0259y\u0259 d\u00fc\u015f\u0259nd\u0259, t\u0259r\u0259dd\u00fcd ed\u0259nd\u0259 v\u0259 b\u00fct\u00fcn bu \u015f\u00fcbh\u0259l\u0259r\u0259 bir balaca \u0259saslar yarananda, q\u0259z\u0259b v\u0259 hikk\u0259yl\u0259 dolub-da\u015f\u0131r, h\u0259tta bel\u0259 bir fikrin deyilib-deyilm\u0259m\u0259sind\u0259n as\u0131l\u0131 olmayaraq, h\u0259min fikr\u0259 \u0259g\u0259r yoxdursa, m\u00fc\u0259llif verm\u0259kl\u0259, \u00fcst\u0259lik \u00f6m\u00fcr tan\u0131maqla, \u0259b\u0259dil\u0259\u015fdirib, o adamdan, onun t\u0259msil etdiyi q\u00fcvv\u0259l\u0259rd\u0259n qisas\u0131n\u0131 al\u0131r. Yoxsa, \u015eu\u015fan\u0131n verilm\u0259sin\u0259 g\u00f6r\u0259, bir adam\u0131n, h\u0259tta h\u0259min adam lap xeyli y\u00fcks\u0259k v\u0259zif\u0259 tutsa bel\u0259, ba\u015f\u0131na g\u00fcll\u0259 \u00e7ax\u0131b-\u00e7axmamas\u0131n\u0131n c\u0259miyy\u0259t\u0259 hans\u0131 isti-soyu\u011fu var? Bu anonsda ictimai m\u00fczakir\u0259y\u0259 layiq hans\u0131 diqq\u0259t\u0259layiq \u0259lam\u0259tl\u0259r var ki? Az\u0259rbaycan c\u0259miyy\u0259tinin Qaz\u0131yevd\u0259n g\u00fcll\u0259 xarakirisi g\u00f6zl\u0259ntisimi vard\u0131? Bu ki, bir ki\u015finin q\u00fcrur m\u0259s\u0259l\u0259sind\u0259n ba\u015fqa bir \u015feyi deyil! Y\u0259ni, burda s\u00f6z verib, s\u00f6z\u00fcn\u00fc tutmayan birinin \u0259m\u0259li \u00e7\u0259k-\u00e7evir edilmir. N\u0259 \u00e7ox, bel\u0259 ictimai s\u00f6z verib, s\u00f6z\u00fcn\u00fc pozanlar, \u0259hd verib, \u0259hdini unudanlar. \u00d6z\u00fc d\u0259 daha a\u011f\u0131r n\u0259tic\u0259li. Ona qalsa, uzun v\u0259 qara bir siyah\u0131 ortaya \u00e7\u0131xar. Bu, daha \u00e7ox, inanan v\u0259 d\u0259y\u0259rl\u0259ndir\u0259n bir toplumun yan\u0131lmas\u0131n\u0131n m\u0259\u011fzi deyilmi?!\n<\/p>\n<p>\n  C\u0259miyy\u0259t \u0259b\u0259dil\u0259\u015fdirm\u0259kl\u0259, \u0259b\u0259dil\u0259\u015fdiril\u0259n s\u00f6z\u0259, fikr\u0259, m\u0259zmuna, bu s\u00f6z\u00fcn, fikrin sahibin\u0259, h\u0259m\u00e7inin onun t\u0259msil etdiyi d\u0259y\u0259rl\u0259r\u0259, firq\u0259y\u0259, hakimiyy\u0259t\u0259 h\u0259qiqi, \u0259sl, t\u0259rt\u0259miz, hiyl\u0259d\u0259n uzaq, real m\u00fcnasib\u0259tini ifad\u0259 edir. \u201c\u015eu\u015fa v\u0259 ba\u015fa \u00e7ax\u0131lan g\u00fcll\u0259\u201d m\u00f6vzusunda, bu, t\u0259xmin\u0259n bel\u0259 g\u00f6r\u00fcn\u00fcr: M\u0259n s\u0259n\u0259 inan\u0131rd\u0131m, s\u0259n is\u0259 m\u00fcq\u0259dd\u0259sat\u0131 ya i\u015f\u011fala t\u0259slim etdin, ya bu i\u015f\u011falda hans\u0131sa rol oynad\u0131n, yox, h\u0259tta bunlar\u0131n he\u00e7 biri olmay\u0131bsa bel\u0259, bu i\u015f\u011fala susub, d\u00f6z\u00fcb, sakit dayand\u0131n. H\u0259l\u0259 \u00fcst\u0259lik ba\u015f\u0131na g\u00fcll\u0259 d\u0259 \u00e7axmad\u0131n! H\u0259m d\u0259 deyil\u0259n\u0259 g\u00f6r\u0259, buna s\u00f6z d\u0259 vermi\u015fdin!\n<\/p>\n<p>\n  Do\u011frudan ax\u0131, Tofiq Qas\u0131mov n\u0259 ist\u0259yirdi?! 93-\u00fcn isti yay\u0131n\u0131n a\u011f\u0131ls\u0131z hay-k\u00fcy\u00fcnd\u0259 v\u0259 inan\u0131lmaz ba\u015f\u0131pozuqlu\u011funda bu sual qap\u0131n\u0131n a\u011fz\u0131n\u0131 k\u0259smi\u015f b\u00fct\u00fcn real, t\u0259hdidedici b\u0259lalardan daha aktual v\u0259 diri t\u0259sir ba\u015flay\u0131rd\u0131.\n<\/p>\n<p>\n  C\u0259miyy\u0259t d\u0259 bu lirik ric\u0259ti ifad\u0259 ed\u0259nin ard\u0131nca v\u0259 h\u0259m d\u0259 ona qo\u015fulub, sanki birlikd\u0259 d\u00fc\u015f\u00fcn\u00fcrd\u00fc: Ax\u0131, bu a\u011f v\u0259 nisb\u0259t\u0259n uzunsa\u00e7l\u0131 ki\u015fi, \u0259trafdan k\u0259skin f\u0259rql\u0259n\u0259n ar\u0131q, ortaboylu fizik v\u0259 (ke\u00e7mi\u015f) xarici i\u015fl\u0259r naziri, daima hans\u0131sa h\u00fcquqlardan dan\u0131\u015fan q\u0259rib\u0259 v\u0259 yad idealist g\u00f6r\u0259s\u0259n n\u0259 ist\u0259yir?\n<\/p>\n<p>\n  \u201cN\u0259 istiyirsiniz, Tofiq Qas\u0131mov?!\u201d \u0259b\u0259dil\u0259\u015fm\u0259si onu dil\u0259 g\u0259tir\u0259n t\u0259msil\u00e7isinin timsal\u0131nda yeni hakimiyy\u0259tin n\u00fcv\u0259sin\u0259, mahiyy\u0259tin\u0259 eyham edirdi.\n<\/p>\n<p>\n  O hakimiyy\u0259t ki, orda, \u00f6z\u00fcn\u0259 he\u00e7 n\u0259 ist\u0259m\u0259y\u0259n, ancaq el\u0259-hey n\u0259yins\u0259, hans\u0131sa d\u0259y\u0259rl\u0259rins\u0259 davas\u0131n\u0131 d\u00f6y\u0259n adam\u0131n h\u0259r\u0259k\u0259tl\u0259ri t\u0259bii anla\u015f\u0131lmazl\u0131q v\u0259 nigaran\u00e7\u0131l\u0131q do\u011fururdu. Ba\u015fqa t\u0259r\u0259fd\u0259n, yeni t\u0259sis edil\u0259n siyasi m\u00fcnasib\u0259tl\u0259rd\u0259 bu anla\u015f\u0131lmazl\u0131q d\u00f6vr\u00fcn\u00fcn daha ba\u015fa \u00e7atd\u0131\u011f\u0131, ba\u011fland\u0131\u011f\u0131 elan olunurdu, daha bel\u0259 \u015feyl\u0259rin ke\u00e7m\u0259y\u0259c\u0259yin\u0259, bel\u0259 sad\u0259l\u00f6vh, amma inadkar \u0259ll\u0259\u015fm\u0259l\u0259rin qara k\u00f6p\u00fck q\u0259d\u0259r d\u0259 d\u0259y\u0259rinin olmad\u0131\u011f\u0131na \u00f6tk\u0259m \u015f\u0259kild\u0259 son verilirdi. M\u0259hz buna g\u00f6r\u0259, \u201cN\u0259 istiyirsiniz, Tofiq Qas\u0131mov?!\u201d m\u00fcst\u0259qillik tarixinin \u0259n m\u0259\u015fhur z\u0259rbi-m\u0259s\u0259lin\u0259 \u00e7evrildi.\n<\/p>\n<p>\n  C\u0259miyy\u0259tl\u0259r o s\u00f6zl\u0259ri yadda saxlay\u0131b, dax\u0131l\u0131na at\u0131r ki, bunlar onun \u0259sl m\u00fcnasib\u0259til\u0259 ba\u011fl\u0131d\u0131r. Ola bilsin ki, o, \u00fczd\u0259 tamam f\u0259rliqidir, tamam \u00f6zg\u0259 m\u00fcnasib\u0259t s\u0259rgil\u0259yir (nec\u0259 ki bel\u0259dir), amma siz onun ba\u015f ver\u0259nl\u0259r\u0259 \u0259sl m\u00fcnasib\u0259tini bilm\u0259k ist\u0259yirsinizs\u0259, \u0259b\u0259dil\u0259\u015fdirildiyi, z\u0259rbi-m\u0259s\u0259l\u0259 \u00e7evirdiyi s\u00f6zl\u0259r\u0259, fikirl\u0259r\u0259 diqq\u0259t yetirin! El\u0259 m\u0259hz buna g\u00f6r\u0259 \u201cs\u00f6z\u201d, \u201cfikir\u201d deyib d\u0259 \u00fcst\u00fcnd\u0259n ke\u00e7m\u0259yin. C\u0259miyy\u0259tl\u0259rin \u0259b\u0259dil\u0259\u015fdirdiyi s\u00f6z v\u0259 fikirl\u0259rin annotasiyas\u0131nda inc\u0259 m\u0259tl\u0259bl\u0259r, ona y\u00fckl\u0259nmi\u015f d\u0259rin v\u0259 \u00e7oxqatl\u0131 m\u0259nalar gizl\u0259nib.\n<\/p>\n<p>\n  <i><br \/>\n    Yaz\u0131 m\u00fc\u0259llifin fikirl\u0259rini \u0259ks etdirir v\u0259 Meydan TV-nin m\u00f6vqeyi il\u0259 \u00fcst-\u00fcst\u0259 d\u00fc\u015fm\u0259y\u0259 bil\u0259r.<br \/>\n  <\/i><\/p>\n","protected":false},"excerpt":{"rendered":"<p>C\u0259miyy\u0259tin \u0259b\u0259dil\u0259\u015fdirib, qisas ald\u0131\u011f\u0131 s\u00f6zl\u0259r\u2026<\/p>\n","protected":false},"author":11,"featured_media":113137,"comment_status":"closed","ping_status":"open","sticky":false,"template":"","format":"standard","meta":{"_acf_changed":false,"_sitemap_exclude":false,"_sitemap_priority":"","_sitemap_frequency":"","footnotes":""},"categories":[57],"tags":[],"class_list":["post-193044","post","type-post","status-publish","format-standard","has-post-thumbnail","hentry","category-menim-fikrimce","infinite-scroll-item","generate-columns","tablet-grid-50","mobile-grid-100","grid-parent","grid-33","no-featured-image-padding"],"acf":[],"yoast_head":"<!-- This site is optimized with the Yoast SEO plugin v27.4 - https:\/\/yoast.com\/product\/yoast-seo-wordpress\/ -->\n<title>Do\u011frudan ax\u0131, Tofiq Qas\u0131mov n\u0259 ist\u0259yirdi?! - MEYDAN.TV<\/title>\n<meta name=\"robots\" content=\"index, follow, max-snippet:-1, max-image-preview:large, max-video-preview:-1\" \/>\n<link rel=\"canonical\" href=\"https:\/\/www.meydan.tv\/az\/article\/dogrudan-axi-tofiq-qasimov-ne-isteyirdi\/\" \/>\n<meta property=\"og:locale\" content=\"az_AZ\" \/>\n<meta property=\"og:type\" content=\"article\" \/>\n<meta property=\"og:title\" content=\"Do\u011frudan ax\u0131, Tofiq Qas\u0131mov n\u0259 ist\u0259yirdi?! - MEYDAN.TV\" \/>\n<meta property=\"og:description\" content=\"C\u0259miyy\u0259tin \u0259b\u0259dil\u0259\u015fdirib, qisas ald\u0131\u011f\u0131 s\u00f6zl\u0259r\u2026\" \/>\n<meta property=\"og:url\" content=\"https:\/\/www.meydan.tv\/az\/article\/dogrudan-axi-tofiq-qasimov-ne-isteyirdi\/\" \/>\n<meta property=\"og:site_name\" content=\"MEYDAN.TV\" \/>\n<meta property=\"article:published_time\" content=\"2018-12-16T17:22:32+00:00\" \/>\n<meta property=\"og:image\" content=\"https:\/\/www.meydan.tv\/wp-content\/uploads\/45093.jpg\" \/>\n\t<meta property=\"og:image:width\" content=\"2048\" \/>\n\t<meta property=\"og:image:height\" content=\"1152\" \/>\n\t<meta property=\"og:image:type\" content=\"image\/jpeg\" \/>\n<meta name=\"author\" content=\"user-manager\" \/>\n<meta name=\"twitter:card\" content=\"summary_large_image\" \/>\n<script type=\"application\/ld+json\" class=\"yoast-schema-graph\">{\"@context\":\"https:\\\/\\\/schema.org\",\"@graph\":[{\"@type\":\"Article\",\"@id\":\"https:\\\/\\\/www.meydan.tv\\\/az\\\/article\\\/dogrudan-axi-tofiq-qasimov-ne-isteyirdi\\\/#article\",\"isPartOf\":{\"@id\":\"https:\\\/\\\/www.meydan.tv\\\/az\\\/article\\\/dogrudan-axi-tofiq-qasimov-ne-isteyirdi\\\/\"},\"author\":{\"name\":\"user-manager\",\"@id\":\"https:\\\/\\\/www.meydan.tv\\\/az\\\/#\\\/schema\\\/person\\\/10d11eccf6da3662cf5fdab9806ea91a\"},\"headline\":\"Do\u011frudan ax\u0131, Tofiq Qas\u0131mov n\u0259 ist\u0259yirdi?!\",\"datePublished\":\"2018-12-16T17:22:32+00:00\",\"mainEntityOfPage\":{\"@id\":\"https:\\\/\\\/www.meydan.tv\\\/az\\\/article\\\/dogrudan-axi-tofiq-qasimov-ne-isteyirdi\\\/\"},\"wordCount\":1579,\"publisher\":{\"@id\":\"https:\\\/\\\/www.meydan.tv\\\/az\\\/#organization\"},\"image\":{\"@id\":\"https:\\\/\\\/www.meydan.tv\\\/az\\\/article\\\/dogrudan-axi-tofiq-qasimov-ne-isteyirdi\\\/#primaryimage\"},\"thumbnailUrl\":\"https:\\\/\\\/www.meydan.tv\\\/wp-content\\\/uploads\\\/45093.jpg\",\"articleSection\":[\"M\u0259nim Fikrimc\u0259\"],\"inLanguage\":\"az\"},{\"@type\":\"WebPage\",\"@id\":\"https:\\\/\\\/www.meydan.tv\\\/az\\\/article\\\/dogrudan-axi-tofiq-qasimov-ne-isteyirdi\\\/\",\"url\":\"https:\\\/\\\/www.meydan.tv\\\/az\\\/article\\\/dogrudan-axi-tofiq-qasimov-ne-isteyirdi\\\/\",\"name\":\"Do\u011frudan ax\u0131, Tofiq Qas\u0131mov n\u0259 ist\u0259yirdi?! - MEYDAN.TV\",\"isPartOf\":{\"@id\":\"https:\\\/\\\/www.meydan.tv\\\/az\\\/#website\"},\"primaryImageOfPage\":{\"@id\":\"https:\\\/\\\/www.meydan.tv\\\/az\\\/article\\\/dogrudan-axi-tofiq-qasimov-ne-isteyirdi\\\/#primaryimage\"},\"image\":{\"@id\":\"https:\\\/\\\/www.meydan.tv\\\/az\\\/article\\\/dogrudan-axi-tofiq-qasimov-ne-isteyirdi\\\/#primaryimage\"},\"thumbnailUrl\":\"https:\\\/\\\/www.meydan.tv\\\/wp-content\\\/uploads\\\/45093.jpg\",\"datePublished\":\"2018-12-16T17:22:32+00:00\",\"breadcrumb\":{\"@id\":\"https:\\\/\\\/www.meydan.tv\\\/az\\\/article\\\/dogrudan-axi-tofiq-qasimov-ne-isteyirdi\\\/#breadcrumb\"},\"inLanguage\":\"az\",\"potentialAction\":[{\"@type\":\"ReadAction\",\"target\":[\"https:\\\/\\\/www.meydan.tv\\\/az\\\/article\\\/dogrudan-axi-tofiq-qasimov-ne-isteyirdi\\\/\"]}]},{\"@type\":\"ImageObject\",\"inLanguage\":\"az\",\"@id\":\"https:\\\/\\\/www.meydan.tv\\\/az\\\/article\\\/dogrudan-axi-tofiq-qasimov-ne-isteyirdi\\\/#primaryimage\",\"url\":\"https:\\\/\\\/www.meydan.tv\\\/wp-content\\\/uploads\\\/45093.jpg\",\"contentUrl\":\"https:\\\/\\\/www.meydan.tv\\\/wp-content\\\/uploads\\\/45093.jpg\",\"width\":2048,\"height\":1152,\"caption\":\"Yal\u00e7\u0131n \u0130manov. Foto: Meydan TV\"},{\"@type\":\"BreadcrumbList\",\"@id\":\"https:\\\/\\\/www.meydan.tv\\\/az\\\/article\\\/dogrudan-axi-tofiq-qasimov-ne-isteyirdi\\\/#breadcrumb\",\"itemListElement\":[{\"@type\":\"ListItem\",\"position\":1,\"name\":\"Ana s\u0259hif\u0259\",\"item\":\"https:\\\/\\\/www.meydan.tv\\\/az\\\/\"},{\"@type\":\"ListItem\",\"position\":2,\"name\":\"M\u0259nim Fikrimc\u0259\",\"item\":\"https:\\\/\\\/www.meydan.tv\\\/az\\\/section\\\/menim-fikrimce\\\/\"},{\"@type\":\"ListItem\",\"position\":3,\"name\":\"Do\u011frudan ax\u0131, Tofiq Qas\u0131mov n\u0259 ist\u0259yirdi?!\"}]},{\"@type\":\"WebSite\",\"@id\":\"https:\\\/\\\/www.meydan.tv\\\/az\\\/#website\",\"url\":\"https:\\\/\\\/www.meydan.tv\\\/az\\\/\",\"name\":\"MEYDAN.TV\",\"description\":\"Meydan TV Az\u0259rbaycan\u0131n media m\u0259kan\u0131ndak\u0131 alternativ s\u0259sidir\",\"publisher\":{\"@id\":\"https:\\\/\\\/www.meydan.tv\\\/az\\\/#organization\"},\"potentialAction\":[{\"@type\":\"SearchAction\",\"target\":{\"@type\":\"EntryPoint\",\"urlTemplate\":\"https:\\\/\\\/www.meydan.tv\\\/az\\\/?s={search_term_string}\"},\"query-input\":{\"@type\":\"PropertyValueSpecification\",\"valueRequired\":true,\"valueName\":\"search_term_string\"}}],\"inLanguage\":\"az\"},{\"@type\":\"Organization\",\"@id\":\"https:\\\/\\\/www.meydan.tv\\\/az\\\/#organization\",\"name\":\"Meydan TV\",\"url\":\"https:\\\/\\\/www.meydan.tv\\\/az\\\/\",\"logo\":{\"@type\":\"ImageObject\",\"inLanguage\":\"az\",\"@id\":\"https:\\\/\\\/www.meydan.tv\\\/az\\\/#\\\/schema\\\/logo\\\/image\\\/\",\"url\":\"https:\\\/\\\/www.meydan.tv\\\/wp-content\\\/uploads\\\/2021\\\/07\\\/meydan-logo.svg\",\"contentUrl\":\"https:\\\/\\\/www.meydan.tv\\\/wp-content\\\/uploads\\\/2021\\\/07\\\/meydan-logo.svg\",\"width\":195,\"height\":46,\"caption\":\"Meydan TV\"},\"image\":{\"@id\":\"https:\\\/\\\/www.meydan.tv\\\/az\\\/#\\\/schema\\\/logo\\\/image\\\/\"}},{\"@type\":\"Person\",\"@id\":\"https:\\\/\\\/www.meydan.tv\\\/az\\\/#\\\/schema\\\/person\\\/10d11eccf6da3662cf5fdab9806ea91a\",\"name\":\"user-manager\"}]}<\/script>\n<!-- \/ Yoast SEO plugin. -->","yoast_head_json":{"title":"Do\u011frudan ax\u0131, Tofiq Qas\u0131mov n\u0259 ist\u0259yirdi?! - MEYDAN.TV","robots":{"index":"index","follow":"follow","max-snippet":"max-snippet:-1","max-image-preview":"max-image-preview:large","max-video-preview":"max-video-preview:-1"},"canonical":"https:\/\/www.meydan.tv\/az\/article\/dogrudan-axi-tofiq-qasimov-ne-isteyirdi\/","og_locale":"az_AZ","og_type":"article","og_title":"Do\u011frudan ax\u0131, Tofiq Qas\u0131mov n\u0259 ist\u0259yirdi?! - MEYDAN.TV","og_description":"C\u0259miyy\u0259tin \u0259b\u0259dil\u0259\u015fdirib, qisas ald\u0131\u011f\u0131 s\u00f6zl\u0259r\u2026","og_url":"https:\/\/www.meydan.tv\/az\/article\/dogrudan-axi-tofiq-qasimov-ne-isteyirdi\/","og_site_name":"MEYDAN.TV","article_published_time":"2018-12-16T17:22:32+00:00","og_image":[{"width":2048,"height":1152,"url":"https:\/\/www.meydan.tv\/wp-content\/uploads\/45093.jpg","type":"image\/jpeg"}],"author":"user-manager","twitter_card":"summary_large_image","schema":{"@context":"https:\/\/schema.org","@graph":[{"@type":"Article","@id":"https:\/\/www.meydan.tv\/az\/article\/dogrudan-axi-tofiq-qasimov-ne-isteyirdi\/#article","isPartOf":{"@id":"https:\/\/www.meydan.tv\/az\/article\/dogrudan-axi-tofiq-qasimov-ne-isteyirdi\/"},"author":{"name":"user-manager","@id":"https:\/\/www.meydan.tv\/az\/#\/schema\/person\/10d11eccf6da3662cf5fdab9806ea91a"},"headline":"Do\u011frudan ax\u0131, Tofiq Qas\u0131mov n\u0259 ist\u0259yirdi?!","datePublished":"2018-12-16T17:22:32+00:00","mainEntityOfPage":{"@id":"https:\/\/www.meydan.tv\/az\/article\/dogrudan-axi-tofiq-qasimov-ne-isteyirdi\/"},"wordCount":1579,"publisher":{"@id":"https:\/\/www.meydan.tv\/az\/#organization"},"image":{"@id":"https:\/\/www.meydan.tv\/az\/article\/dogrudan-axi-tofiq-qasimov-ne-isteyirdi\/#primaryimage"},"thumbnailUrl":"https:\/\/www.meydan.tv\/wp-content\/uploads\/45093.jpg","articleSection":["M\u0259nim Fikrimc\u0259"],"inLanguage":"az"},{"@type":"WebPage","@id":"https:\/\/www.meydan.tv\/az\/article\/dogrudan-axi-tofiq-qasimov-ne-isteyirdi\/","url":"https:\/\/www.meydan.tv\/az\/article\/dogrudan-axi-tofiq-qasimov-ne-isteyirdi\/","name":"Do\u011frudan ax\u0131, Tofiq Qas\u0131mov n\u0259 ist\u0259yirdi?! - MEYDAN.TV","isPartOf":{"@id":"https:\/\/www.meydan.tv\/az\/#website"},"primaryImageOfPage":{"@id":"https:\/\/www.meydan.tv\/az\/article\/dogrudan-axi-tofiq-qasimov-ne-isteyirdi\/#primaryimage"},"image":{"@id":"https:\/\/www.meydan.tv\/az\/article\/dogrudan-axi-tofiq-qasimov-ne-isteyirdi\/#primaryimage"},"thumbnailUrl":"https:\/\/www.meydan.tv\/wp-content\/uploads\/45093.jpg","datePublished":"2018-12-16T17:22:32+00:00","breadcrumb":{"@id":"https:\/\/www.meydan.tv\/az\/article\/dogrudan-axi-tofiq-qasimov-ne-isteyirdi\/#breadcrumb"},"inLanguage":"az","potentialAction":[{"@type":"ReadAction","target":["https:\/\/www.meydan.tv\/az\/article\/dogrudan-axi-tofiq-qasimov-ne-isteyirdi\/"]}]},{"@type":"ImageObject","inLanguage":"az","@id":"https:\/\/www.meydan.tv\/az\/article\/dogrudan-axi-tofiq-qasimov-ne-isteyirdi\/#primaryimage","url":"https:\/\/www.meydan.tv\/wp-content\/uploads\/45093.jpg","contentUrl":"https:\/\/www.meydan.tv\/wp-content\/uploads\/45093.jpg","width":2048,"height":1152,"caption":"Yal\u00e7\u0131n \u0130manov. Foto: Meydan TV"},{"@type":"BreadcrumbList","@id":"https:\/\/www.meydan.tv\/az\/article\/dogrudan-axi-tofiq-qasimov-ne-isteyirdi\/#breadcrumb","itemListElement":[{"@type":"ListItem","position":1,"name":"Ana s\u0259hif\u0259","item":"https:\/\/www.meydan.tv\/az\/"},{"@type":"ListItem","position":2,"name":"M\u0259nim Fikrimc\u0259","item":"https:\/\/www.meydan.tv\/az\/section\/menim-fikrimce\/"},{"@type":"ListItem","position":3,"name":"Do\u011frudan ax\u0131, Tofiq Qas\u0131mov n\u0259 ist\u0259yirdi?!"}]},{"@type":"WebSite","@id":"https:\/\/www.meydan.tv\/az\/#website","url":"https:\/\/www.meydan.tv\/az\/","name":"MEYDAN.TV","description":"Meydan TV Az\u0259rbaycan\u0131n media m\u0259kan\u0131ndak\u0131 alternativ s\u0259sidir","publisher":{"@id":"https:\/\/www.meydan.tv\/az\/#organization"},"potentialAction":[{"@type":"SearchAction","target":{"@type":"EntryPoint","urlTemplate":"https:\/\/www.meydan.tv\/az\/?s={search_term_string}"},"query-input":{"@type":"PropertyValueSpecification","valueRequired":true,"valueName":"search_term_string"}}],"inLanguage":"az"},{"@type":"Organization","@id":"https:\/\/www.meydan.tv\/az\/#organization","name":"Meydan TV","url":"https:\/\/www.meydan.tv\/az\/","logo":{"@type":"ImageObject","inLanguage":"az","@id":"https:\/\/www.meydan.tv\/az\/#\/schema\/logo\/image\/","url":"https:\/\/www.meydan.tv\/wp-content\/uploads\/2021\/07\/meydan-logo.svg","contentUrl":"https:\/\/www.meydan.tv\/wp-content\/uploads\/2021\/07\/meydan-logo.svg","width":195,"height":46,"caption":"Meydan TV"},"image":{"@id":"https:\/\/www.meydan.tv\/az\/#\/schema\/logo\/image\/"}},{"@type":"Person","@id":"https:\/\/www.meydan.tv\/az\/#\/schema\/person\/10d11eccf6da3662cf5fdab9806ea91a","name":"user-manager"}]}},"_links":{"self":[{"href":"https:\/\/www.meydan.tv\/az\/wp-json\/wp\/v2\/posts\/193044","targetHints":{"allow":["GET"]}}],"collection":[{"href":"https:\/\/www.meydan.tv\/az\/wp-json\/wp\/v2\/posts"}],"about":[{"href":"https:\/\/www.meydan.tv\/az\/wp-json\/wp\/v2\/types\/post"}],"author":[{"embeddable":true,"href":"https:\/\/www.meydan.tv\/az\/wp-json\/wp\/v2\/users\/11"}],"replies":[{"embeddable":true,"href":"https:\/\/www.meydan.tv\/az\/wp-json\/wp\/v2\/comments?post=193044"}],"version-history":[{"count":0,"href":"https:\/\/www.meydan.tv\/az\/wp-json\/wp\/v2\/posts\/193044\/revisions"}],"wp:featuredmedia":[{"embeddable":true,"href":"https:\/\/www.meydan.tv\/az\/wp-json\/wp\/v2\/media\/113137"}],"wp:attachment":[{"href":"https:\/\/www.meydan.tv\/az\/wp-json\/wp\/v2\/media?parent=193044"}],"wp:term":[{"taxonomy":"category","embeddable":true,"href":"https:\/\/www.meydan.tv\/az\/wp-json\/wp\/v2\/categories?post=193044"},{"taxonomy":"post_tag","embeddable":true,"href":"https:\/\/www.meydan.tv\/az\/wp-json\/wp\/v2\/tags?post=193044"}],"curies":[{"name":"wp","href":"https:\/\/api.w.org\/{rel}","templated":true}]}}