{"id":193043,"date":"2018-12-15T12:55:00","date_gmt":"2018-12-15T12:55:00","guid":{"rendered":"https:\/\/www.meydan.tv\/article\/prezident-rayona-gelende-evin-onune-hasar-cekdiler-ki-bizi-gormesin\/"},"modified":"2018-12-15T12:55:00","modified_gmt":"2018-12-15T12:55:00","slug":"prezident-rayona-gelende-evin-onune-hasar-cekdiler-ki-bizi-gormesin","status":"publish","type":"post","link":"https:\/\/www.meydan.tv\/az\/article\/prezident-rayona-gelende-evin-onune-hasar-cekdiler-ki-bizi-gormesin\/","title":{"rendered":"&#8221;Prezident rayona g\u0259l\u0259nd\u0259 evin \u00f6n\u00fcn\u0259 hasar \u00e7\u0259kdil\u0259r ki, bizi g\u00f6rm\u0259sin&#8221;"},"content":{"rendered":"<figure class=\"wp-block-image size-large\">\n  <img decoding=\"async\" src=\"https:\/\/www.meydan.tv\/az\/114150\/\" alt=\"\" class=\"wp-image-114150\"\/><figcaption><\/figcaption><\/figure>\n<p>\n  <i><br \/>\n    F\u00fczuli sakinl\u0259ri ill\u0259rdir \u00e7\u00f6l\u00fcn d\u00fcz\u00fcnd\u0259 ya\u015fay\u0131rlar<br \/>\n  <\/i>\n<\/p>\n<p>\n  \u201cF\u00fczuli al\u0131nanda k\u0259ndimiz Pir\u0259hm\u0259dlid\u0259n \u0259n son biz \u00e7\u0131xd\u0131q. Ham\u0131 qa\u00e7m\u0131\u015fd\u0131, m\u0259n anamla 14 g\u00fcn idi ki, k\u0259ndd\u0259 ya\u015fay\u0131rd\u0131m. 7 g\u00fcn \u00f6nc\u0259 d\u0259fn etdiyimiz \u015f\u0259hid qarda\u015f\u0131m\u0131 qoyub getm\u0259k ist\u0259mirdim\u201d.\n<\/p>\n<p>\n  F\u00fczulinin i\u015f\u011falda olan Pir\u0259hm\u0259dli k\u0259ndinin sakini \u0130ran H\u00fcseynov bel\u0259 deyir. O, haz\u0131rda ail\u0259si il\u0259 birg\u0259 Beyl\u0259qan\u0131n giri\u015find\u0259, yolun k\u0259nar\u0131nda \u00f6zl\u0259ri \u00fc\u00e7\u00fcn tikdikl\u0259ri daxmada ya\u015fay\u0131r. \u0130ndiy\u0259 q\u0259d\u0259r d\u0259f\u0259l\u0259rl\u0259 siyah\u0131ya al\u0131nsalar da? h\u0259l\u0259 onlara ev d\u00fc\u015fm\u0259yib, el\u0259 \u00e7\u00f6l\u00fcn d\u00fcz\u00fcnd\u0259 ya\u015fay\u0131rlar.\n<\/p>\n<p>\n  Ke\u00e7mi\u015f d\u00f6y\u00fc\u015fc\u00fc 1993-c\u00fc ill\u0259ri xat\u0131rlay\u0131r. V\u0259t\u0259ni \u00fc\u00e7\u00fcn nec\u0259 can qoydu\u011funu, vuru\u015fdu\u011funu, o zamank\u0131 \u00e7\u0259tin durumu&#8230;\n<\/p>\n<figure class=\"wp-block-image size-large\">\n  <img decoding=\"async\" src=\"https:\/\/www.meydan.tv\/az\/114153\/\" alt=\"\" class=\"wp-image-114153\"\/><figcaption>\n    \u0130ran H\u00fcseynov<br \/>\n  <\/figcaption><\/figure>\n<p>\n  Deyir, F\u00fczuli u\u011furunda ged\u0259n d\u00f6y\u00fc\u015fl\u0259rd\u0259 itirdiyi qarda\u015f\u0131 he\u00e7 Az\u0259rbaycan v\u0259t\u0259nda\u015f\u0131 bel\u0259 olmay\u0131b. O, v\u0259t\u0259ni u\u011frunda evini, e\u015fiyini, h\u0259yat yolda\u015f\u0131n\u0131, \u015f\u0259raitini Rusiyada qoyub, Az\u0259rbaycana qay\u0131d\u0131b:\n<\/p>\n<p>\n  \u201cK\u00f6n\u00fcll\u00fc getdi h\u0259rbiy\u0259. D\u00fcz alt\u0131 ay vuru\u015fdu, sonra da \u015f\u0259hid oldu. El\u0259 ona g\u00f6r\u0259 \u00e7\u0131xmam\u0131\u015fd\u0131m k\u0259ndd\u0259n. S\u00f6z vermi\u015fdim \u00f6z\u00fcm\u0259. Erm\u0259nil\u0259r g\u0259l\u0259nd\u0259 \u00e7\u0131x\u0131b qarda\u015f\u0131m\u0131n qisas\u0131n\u0131 alacaqd\u0131m. Anam da deyirdi ki, \u00f6ls\u0259m d\u0259, qalsam da, s\u0259ninl\u0259y\u0259m. Qon\u015fuluqda qoca bir ki\u015fi ya\u015fay\u0131rd\u0131. \u00c7\u0131xm\u0131\u015fd\u0131lar k\u0259ndd\u0259n. Bir g\u00fcn qay\u0131td\u0131 ki, o\u011flum oturub \u018flibayraml\u0131da, deyir\u0259m, g\u0259l, evimizi \u00e7\u0131xaraq, g\u0259lmir. Anam \u00e7ox pis oldu. Dedi, m\u0259nimkil\u0259rin biri \u00f6l\u00fcb, torpa\u011f\u0131n alt\u0131ndad\u0131r, h\u0259l\u0259 soyumay\u0131b. Biri d\u0259 oturub k\u0259ndd\u0259 ki, getmir\u0259m. M\u0259n \u00f6vladlar\u0131m\u0131 qoyub ged\u0259 bilmir\u0259m, s\u0259n d\u00fcnyan\u0131n mal\u0131ndan-m\u00fclk\u00fcnd\u0259nmi dan\u0131\u015f\u0131rsan?\u201d\n<\/p>\n<figure class=\"wp-block-image size-large\">\n  <img decoding=\"async\" src=\"https:\/\/www.meydan.tv\/az\/114156\/\" alt=\"\" class=\"wp-image-114156\"\/><figcaption>\n    Nis\u0259 \u018fsg\u0259rova<br \/>\n  <\/figcaption><\/figure>\n<p>\n  ran H\u00fcseynov k\u0259ndd\u0259n \u0259n son \u00e7\u0131xan sakinl\u0259rin anas\u0131 il\u0259 \u00f6z\u00fc oldu\u011funu s\u00f6yl\u0259yir. \u00c7\u0131xmaq ist\u0259mirmi\u015f, h\u0259min ya\u015fl\u0131 qon\u015fusu onu yola g\u0259tirib:\n<\/p>\n<p>\n  \u201cKi\u015fi m\u0259n\u0259 dedi ki, o\u011flum, \u201cbir namus \u00e7\u0259km\u0259k min binamuslu\u011fa g\u0259tirib \u00e7\u0131xar\u0131r\u201d. Onda 25 ya\u015f\u0131m var idi. Dedi, qarda\u015f\u0131n v\u0259t\u0259n namusu \u00fcst\u00fcnd\u0259 \u015f\u0259hid olub, s\u0259n d\u0259 o namus \u00fcst\u0259 getm\u0259k ist\u0259yirs\u0259n. B\u0259s bac\u0131lar\u0131n, \u015f\u0259hid qarda\u015f\u0131n\u0131n \u00f6vladlar\u0131, anan, ail\u0259n, onlar\u0131n namusunu kim \u00e7\u0259k\u0259c\u0259k? A\u011fl\u0131ma batd\u0131, dedim, ana, haz\u0131rla\u015f, \u00e7\u0131xaq. Dedi, bala, ged\u0259k sonuncu d\u0259f\u0259 qarda\u015f\u0131n\u0131n q\u0259brini ziyar\u0259t ed\u0259k. Q\u0259bristanl\u0131\u011f\u0131 vururdular h\u0259min vaxt. S\u00fcr\u00fcn\u0259-s\u00fcr\u00fcn\u0259 getdik. Q\u0259brin yan\u0131na \u00e7atanda anam qalx\u0131b oturdu. Oturmaqla, ba\u015flad\u0131lar q\u0259brin \u0259traf\u0131n\u0131 g\u00fcll\u0259l\u0259m\u0259y\u0259. Anama \u0259s\u0259bil\u0259\u015fdim. Dedi, bala, q\u0131nama, qoy vursunlar, m\u0259ni basd\u0131r balam\u0131n aya\u011f\u0131n\u0131n alt\u0131nda. \u018fsg\u0259r yolda\u015flar\u0131 q\u0259brinin \u00fcst\u00fcn\u0259 bo\u015f gilizl\u0259r atm\u0131\u015fd\u0131lar. Q\u0131z-g\u0259lin d\u0259 onlar\u0131 s\u0259liq\u0259 il\u0259 \u015f\u0259hid q\u0259birl\u0259rinin \u0259traf\u0131na y\u0131\u011fm\u0131\u015fd\u0131. S\u00fcr\u00fcn\u0259-s\u00fcr\u00fcn\u0259 ham\u0131s\u0131n\u0131 t\u0259mizl\u0259dim ki, erm\u0259ni g\u0259l\u0259nd\u0259 \u015f\u0259hid q\u0259bri oldu\u011funu bilm\u0259sin. Bird\u0259n t\u0259hqir ed\u0259rl\u0259r, da\u011f\u0131darlar dey\u0259. Ham\u0131s\u0131n\u0131 da\u015f\u0131y\u0131b t\u00f6kd\u00fcm k\u0259nara. M\u0259n bunlar\u0131 s\u00fcr\u00fcn\u0259-s\u00fcr\u00fcn\u0259 etdim. Bax\u0131n, bel\u0259 z\u00fclml\u0259rd\u0259n \u00e7\u0131xm\u0131\u015f\u0131q biz\u201d.\n<\/p>\n<figure class=\"wp-block-image size-large\">\n  <img decoding=\"async\" src=\"https:\/\/www.meydan.tv\/az\/114162\/\" alt=\"\" class=\"wp-image-114162\"\/><figcaption><\/figcaption><\/figure>\n<p>\n  Nis\u0259 \u018fsg\u0259rovan\u0131n 73 ya\u015f\u0131 var. Burada o\u011flu, q\u0131z\u0131, qohumlar\u0131 il\u0259 birg\u0259 ya\u015fay\u0131r. Deyir, \u00e7\u0259tindir, ya\u015f\u0131 \u00f6t\u00fcb, \u015f\u0259raitsizliy\u0259 d\u00f6z\u0259 bilmir daha:\n<\/p>\n<p>\n  \u201cBiz \u00e7ox \u015fey ist\u0259mirik. O boyda igidl\u0259r, ev-e\u015fik, v\u0259t\u0259n qoyub g\u0259lmi\u015fik. G\u00f6z\u00fcm\u00fcz yoxdu d\u00fcnyan\u0131n var-d\u00f6vl\u0259tind\u0259. He\u00e7 olmasa, \u00f6mr\u00fcm\u00fcn sonunu normal ya\u015fama\u011f\u0131m \u00fc\u00e7\u00fcn bir dam versinl\u0259r. H\u0259m d\u0259 \u00fcr\u0259yim arxay\u0131n gedim o d\u00fcnyaya ki, n\u0259v\u0259l\u0259rim m\u0259nd\u0259n sonra babat \u015f\u0259raitd\u0259 ya\u015fayacaqlar\u201d.\n<\/p>\n<figure class=\"wp-block-image size-large\">\n  <img decoding=\"async\" src=\"https:\/\/www.meydan.tv\/az\/114165\/\" alt=\"\" class=\"wp-image-114165\"\/><figcaption><\/figcaption><\/figure>\n<p>\n  Beyl\u0259qan\u0131n giri\u015find\u0259, Pendir Zavodunun \u0259traf\u0131 adlanan bu yerd\u0259 16-17 ail\u0259 ya\u015fay\u0131r. Deyirl\u0259r, h\u0259r il yolu k\u0259sib, ev t\u0259l\u0259b etm\u0259kd\u0259n yorulublar. H\u0259r d\u0259f\u0259 d\u0259 s\u00f6z veribl\u0259r ki, bu il k\u00f6\u00e7\u00fcr\u00fcl\u0259c\u0259ksiniz. Ancaq 25 ildir ki, buradad\u0131rlar, k\u00f6\u00e7m\u0259yibl\u0259r:\n<\/p>\n<p>\n  \u201c\u0130ndi yeni icra ba\u015f\u00e7\u0131s\u0131 g\u0259lib. G\u00f6r\u0259k, b\u0259lk\u0259, o, n\u0259s\u0259 ed\u0259r. H\u0259r g\u0259l\u0259n s\u00f6z verir, yerin\u0259 yetirmir. Vallah, 1993-c\u00fc ild\u0259n, qa\u00e7haqa\u00e7 d\u00fc\u015f\u0259nd\u0259n did\u0259rginik. Bir az va\u011fzalda ya\u015fad\u0131q, sonra bir ne\u00e7\u0259 ay \u0130mi\u015flid\u0259 bir evd\u0259 qald\u0131q. Daha sonra Xa\u00e7maza k\u00f6\u00e7d\u00fck. Ondan sonra da bu xarabaya g\u0259ldik\u201d, &#8211; Nis\u0259 \u018fsg\u0259rovan\u0131n s\u00f6zl\u0259ridir.\n<\/p>\n<figure class=\"wp-block-image size-large\">\n  <img decoding=\"async\" src=\"https:\/\/www.meydan.tv\/az\/114159\/\" alt=\"\" class=\"wp-image-114159\"\/><figcaption>\n    Zemfira H\u00fcseynova<br \/>\n  <\/figcaption><\/figure>\n<p>\n  Zemfira H\u00fcseynova da 25 ild\u0259n art\u0131qd\u0131r ki, burada ya\u015fay\u0131r. Deyir, \u00e7\u0259tindir, suyu, i\u015f\u0131\u011f\u0131, qaz\u0131 yoxdur:\n<\/p>\n<p>\n  \u201cG\u00f6z\u0259l ba\u011f-ba\u011fat salm\u0131\u015fd\u0131q, onu da sar\u0131 su g\u0259ldi, yudu, apard\u0131. \u018flimiz ondan da \u00fcz\u00fcld\u00fc. El\u0259 iki in\u0259yimiz, toyuq- c\u00fcc\u0259miz var, onunla dolan\u0131r\u0131q. \u0130nan\u0131n, ill\u0259rdir ya\u015fl\u0131lar\u0131m\u0131z v\u0259t\u0259n h\u0259sr\u0259tind\u0259n x\u0259st\u0259 d\u00fc\u015f\u00fcbl\u0259r. Ham\u0131s\u0131 yataq x\u0259st\u0259sin\u0259 \u00e7evrilir, uzun ill\u0259r yat\u0131r, sonra h\u0259yatdan k\u00f6\u00e7\u00fcrl\u0259r. N\u0259mi\u015flikd\u0259n, yol q\u0131ra\u011f\u0131nda, \u015f\u0259raitsiz v\u0259ziyy\u0259td\u0259 ya\u015famaqdan is\u0259 el\u0259 \u00f6z\u00fcm\u00fcz d\u0259 yaman g\u00fcnd\u0259yik\u201d.\n<\/p>\n<figure class=\"wp-block-image size-large\">\n  <img decoding=\"async\" src=\"https:\/\/www.meydan.tv\/az\/114168\/\" alt=\"\" class=\"wp-image-114168\"\/><figcaption><\/figcaption><\/figure>\n<p>\n  Burada ya\u015fayan 17 ail\u0259nin ham\u0131s\u0131 F\u00fczulid\u0259n olan m\u0259cburi k\u00f6\u00e7k\u00fcnl\u0259rdir. Onlar F\u00fczulinin Veys\u0259lli, Dila\u011farda, Pir\u0259hm\u0259dli, Musab\u0259yli k\u0259ndl\u0259rinin sakinl\u0259ridir. Buradak\u0131lar\u0131n 90 faizinin he\u00e7 yerd\u0259 i\u015fl\u0259m\u0259diyini deyirl\u0259r. H\u0259m kas\u0131b\u00e7\u0131l\u0131q, h\u0259m d\u0259 \u015f\u0259raitsizlikdir d\u0259rdl\u0259ri:\n<\/p>\n<p>\n  \u201cDem\u0259k olar, he\u00e7 birimiz i\u015fl\u0259mirik. H\u0259r\u0259nin qap\u0131s\u0131nda bir- iki in\u0259yi var. S\u00fcd\u00fcn\u00fc sa\u011f\u0131r, bir-iki toyuq saxlay\u0131r, yumurtas\u0131n\u0131 y\u0131\u011f\u0131rlar. He\u00e7 otlaq sah\u0259miz d\u0259 yoxdur. \u201cM\u00fcv\u0259qq\u0259tisiniz, \u00e7\u0131xacaqs\u0131n\u0131z\u201d, -dey\u0259-dey\u0259 bizi ill\u0259rdir \u015f\u0259raitsiz v\u0259ziyy\u0259td\u0259 ya\u015fama\u011fa m\u0259hkum edibl\u0259r. G\u00f6zl\u0259m\u0259kd\u0259n g\u00f6z\u00fcm\u00fcz\u00fcn k\u00f6k\u00fc saral\u0131b. Bilmirik n\u0259 vaxt g\u0259l\u0259c\u0259kl\u0259r insafa. G\u0259l\u0259n ba\u015f\u00e7\u0131 5-6 il i\u015fl\u0259yir, oran\u0131, buran\u0131 sat\u0131r, yeyir, da\u011f\u0131d\u0131b gedir. Sonra yerin\u0259 ba\u015fqas\u0131 g\u0259lir. O da s\u00f6z verir, yen\u0259 eyni. \u0130ndi yeni ba\u015f\u00e7\u0131 t\u0259yin edibl\u0259r, g\u00f6r\u0259k nec\u0259 olacaq. B\u0259lk\u0259 rayonun giri\u015fidir, pis g\u00f6r\u00fcn\u00fcr dey\u0259 bizi buradan \u00e7\u0131xara. \u0130ndi yen\u0259 t\u0259z\u0259 \u015f\u0259h\u0259rcik sal\u0131rlar. G\u00f6r\u0259k nec\u0259 olacaq\u201d, &#8211; \u0130ran H\u00fcseynov bel\u0259 deyir.\n<\/p>\n<figure class=\"wp-block-image size-large\">\n  <img decoding=\"async\" src=\"https:\/\/www.meydan.tv\/az\/114171\/\" alt=\"\" class=\"wp-image-114171\"\/><figcaption><\/figcaption><\/figure>\n<p>\n  Zemfira H\u00fcseynova deyir ki, onlar\u0131n bu \u00e7\u0259tin v\u0259ziyy\u0259tind\u0259n prezident \u0130lham \u018fliyevin x\u0259b\u0259ri yoxdur, olsayd\u0131, m\u00fctl\u0259q evl\u0259 t\u0259min edil\u0259rdil\u0259r:\n<\/p>\n<p>\n  \u201cPrezidentd\u0259n \u015fikay\u0259timiz yoxdu. O, bizi g\u00f6rm\u00fcr. Bel\u0259 \u015f\u0259raitd\u0259 ya\u015fad\u0131\u011f\u0131m\u0131z\u0131 haradan bilsin? Bir d\u0259f\u0259 rayona g\u0259ldi. Onda da bizim evl\u0259rimizin \u00f6n\u00fcn\u0259 hasar \u00e7\u0259kdil\u0259r ki, g\u00f6rm\u0259sin. G\u00f6rm\u0259di d\u0259. X\u0259b\u0259ri olsa, bizi bu v\u0259ziyy\u0259td\u0259 qoymaz. Nolar, siz yaz\u0131n, g\u00f6rs\u00fcn, biz\u0259 d\u0259 bir \u00e7ar\u0259 d\u00fc\u015f\u00fcns\u00fcnl\u0259r. Ba\u011f\u0131m\u0131z vard\u0131, sar\u0131 su g\u0259ldi, a\u011faclar\u0131m\u0131, dirliyimi qurutdu. 12 ma\u015f\u0131n da\u015f t\u00f6kd\u00fcrd\u00fck, i\u015f\u0259 yaramad\u0131, bat\u0131b gedib. Bir t\u0259r\u0259fimiz h\u00fcnd\u00fcr yol, suyu ax\u0131r h\u0259y\u0259t\u0259, bir t\u0259r\u0259fimiz d\u0259 kanal. Qaz yox, su yox, bir \u015f\u0259rait yox. Bilmirik n\u0259 ed\u0259k\u201d.\n<\/p>\n<figure class=\"wp-block-image size-large\">\n  <img decoding=\"async\" src=\"https:\/\/www.meydan.tv\/az\/114174\/\" alt=\"\" class=\"wp-image-114174\"\/><figcaption><\/figcaption><\/figure>\n<p>\n  1997-ci ild\u0259n burdada ya\u015fayan Xanlar \u018fsg\u0259rov da \u015f\u0259raitsizlikd\u0259n, r\u00fctub\u0259td\u0259n bezib. Daha \u00f6nc\u0259 Bil\u0259suvarda ya\u015fayan \u018fsg\u0259rovlar ail\u0259si art\u0131q 21 ildir ki, bu \u0259razid\u0259 m\u0259skunla\u015f\u0131b:\n<\/p>\n<p>\n  \u201cEvi d\u0259 \u00f6z\u00fcm\u00fcz tikmi\u015fik birt\u0259h\u0259r, \u00e7\u0259tinlikl\u0259. G\u00f6r\u00fcrs\u00fcn\u00fcz, \u015f\u0259raitsizlikdir. \u0130mkan da yoxdur ki, \u0259l g\u0259zdir\u0259m. \u0130\u015fsiz\u0259m. Yen\u0259 \u0259vv\u0259ll\u0259r f\u0259hl\u0259lik edirdim, birt\u0259h\u0259r dolan\u0131rd\u0131q. \u0130ndi s\u0259hh\u0259tim ona da imkan vermir. Q\u0131zlar\u0131 birt\u0259h\u0259r k\u00f6\u00e7\u00fcrm\u00fc\u015f\u00fck. O\u011flum 10-cu sinifd\u0259 oxuyur. Ka\u015f oxuda bil\u0259m, imkan\u0131m ola. \u00c7\u0259tin. Qorxuram ki, onun da g\u0259l\u0259c\u0259yi m\u0259nimki kimi olar. Mal-heyvan da saxlaya bilmir\u0259m. Alma\u011fa imkan yoxdur. Toyuq c\u00fcc\u0259ninin d\u0259 ham\u0131s\u0131n\u0131 x\u0259st\u0259lik q\u0131rd\u0131. Qalm\u0131\u015f\u0131q quru yurdda. Biz\u0259 k\u00f6m\u0259k etsinl\u0259r, dolana bilmirik, a\u011f\u0131r \u015f\u0259raitd\u0259 ya\u015fay\u0131r\u0131q\u201d.\n<\/p>\n<figure class=\"wp-block-image size-large\">\n  <img decoding=\"async\" src=\"https:\/\/www.meydan.tv\/az\/114177\/\" alt=\"\" class=\"wp-image-114177\"\/><figcaption><\/figcaption><\/figure>\n<p>\n  Meydan TV m\u0259s\u0259l\u0259y\u0259 m\u00fcnasib\u0259t \u00f6yr\u0259nm\u0259k \u00fc\u00e7\u00fcn Beyl\u0259qan Rayon \u0130cra Hakimiyy\u0259ti il\u0259 \u0259laq\u0259 saxlay\u0131b. \u0130cra hakimiyy\u0259tind\u0259n bildiribl\u0259r ki, qa\u00e7q\u0131n v\u0259 m\u0259cburi k\u00f6\u00e7k\u00fcnl\u0259rin evl\u0259 t\u0259min edilm\u0259si i\u015fin\u0259 onlar baxm\u0131rlar:\n<\/p>\n<p>\n  \u201cBiz sad\u0259c\u0259 siyah\u0131ya al\u0131r\u0131q v\u0259 yuxar\u0131 qurumlara g\u00f6nd\u0259ririk. Ev verilm\u0259si i\u015fin\u0259 onlar bax\u0131rlar. H\u0259min k\u00f6\u00e7k\u00fcnl\u0259ri d\u0259 siyah\u0131ya al\u0131nb g\u00f6nd\u0259rmi\u015fik. Y\u0259qin yax\u0131n g\u00fcnl\u0259rd\u0259 evl\u0259 t\u0259min edil\u0259rl\u0259r\u201d.\n<\/p>\n<figure class=\"wp-block-image size-large\">\n  <img decoding=\"async\" src=\"https:\/\/www.meydan.tv\/az\/114186\/\" alt=\"\" class=\"wp-image-114186\"\/><figcaption><\/figcaption><\/figure>\n<p>\n  Qa\u00e7q\u0131nlar\u0131n v\u0259 M\u0259cburi K\u00f6\u00e7k\u00fcnl\u0259rin \u0130\u015fl\u0259ri \u00dczr\u0259 D\u00f6vl\u0259t Komit\u0259sind\u0259n bildiribl\u0259r ki, m\u0259cburi k\u00f6\u00e7k\u00fcnl\u0259rin yerl\u0259\u015fdirilm\u0259si m\u0259rh\u0259l\u0259li \u015f\u0259kild\u0259 h\u0259yata ke\u00e7irilir:\n<\/p>\n<p>\n  \u201cSiyah\u0131 g\u00f6nd\u0259rilibs\u0259, bax\u0131lacaq. Ara\u015fd\u0131raca\u011f\u0131q bir d\u0259. Daha a\u011f\u0131r \u015f\u0259raitd\u0259 ya\u015fayanlar da olur. Bir ne\u00e7\u0259 il\u0259 ham\u0131s\u0131 evl\u0259 t\u0259min edil\u0259c\u0259kl\u0259r\u201d.\n<\/p>\n<figure class=\"wp-block-image size-large\">\n  <img decoding=\"async\" src=\"https:\/\/www.meydan.tv\/az\/114183\/\" alt=\"\" class=\"wp-image-114183\"\/><figcaption>\n    Xanlar \u018fsg\u0259rov<br \/>\n  <\/figcaption><\/figure><\/p>\n","protected":false},"excerpt":{"rendered":"<p>F\u00fczuli sakinl\u0259ri ill\u0259rdir \u00e7\u00f6l\u00fcn d\u00fcz\u00fcnd\u0259 ya\u015fay\u0131rlar<\/p>\n","protected":false},"author":11,"featured_media":114150,"comment_status":"closed","ping_status":"open","sticky":false,"template":"","format":"standard","meta":{"_acf_changed":false,"_sitemap_exclude":false,"_sitemap_priority":"","_sitemap_frequency":"","footnotes":""},"categories":[60],"tags":[],"class_list":["post-193043","post","type-post","status-publish","format-standard","has-post-thumbnail","hentry","category-bolge","infinite-scroll-item","generate-columns","tablet-grid-50","mobile-grid-100","grid-parent","grid-33","no-featured-image-padding"],"acf":[],"yoast_head":"<!-- This site is optimized with the Yoast SEO plugin v27.4 - https:\/\/yoast.com\/product\/yoast-seo-wordpress\/ -->\n<title>&#039;&#039;Prezident rayona g\u0259l\u0259nd\u0259 evin \u00f6n\u00fcn\u0259 hasar \u00e7\u0259kdil\u0259r ki, bizi g\u00f6rm\u0259sin&#039;&#039; - MEYDAN.TV<\/title>\n<meta name=\"robots\" content=\"index, follow, max-snippet:-1, max-image-preview:large, max-video-preview:-1\" \/>\n<link rel=\"canonical\" href=\"https:\/\/www.meydan.tv\/az\/article\/prezident-rayona-gelende-evin-onune-hasar-cekdiler-ki-bizi-gormesin\/\" \/>\n<meta property=\"og:locale\" content=\"az_AZ\" \/>\n<meta property=\"og:type\" content=\"article\" \/>\n<meta property=\"og:title\" content=\"&#039;&#039;Prezident rayona g\u0259l\u0259nd\u0259 evin \u00f6n\u00fcn\u0259 hasar \u00e7\u0259kdil\u0259r ki, bizi g\u00f6rm\u0259sin&#039;&#039; - MEYDAN.TV\" \/>\n<meta property=\"og:description\" content=\"F\u00fczuli sakinl\u0259ri ill\u0259rdir \u00e7\u00f6l\u00fcn d\u00fcz\u00fcnd\u0259 ya\u015fay\u0131rlar\" \/>\n<meta property=\"og:url\" content=\"https:\/\/www.meydan.tv\/az\/article\/prezident-rayona-gelende-evin-onune-hasar-cekdiler-ki-bizi-gormesin\/\" \/>\n<meta property=\"og:site_name\" content=\"MEYDAN.TV\" \/>\n<meta property=\"article:published_time\" content=\"2018-12-15T12:55:00+00:00\" \/>\n<meta property=\"og:image\" content=\"https:\/\/www.meydan.tv\/wp-content\/uploads\/45479-scaled.jpg\" \/>\n\t<meta property=\"og:image:width\" content=\"2560\" \/>\n\t<meta property=\"og:image:height\" content=\"1920\" \/>\n\t<meta property=\"og:image:type\" content=\"image\/jpeg\" \/>\n<meta name=\"author\" content=\"user-manager\" \/>\n<meta name=\"twitter:card\" content=\"summary_large_image\" \/>\n<script type=\"application\/ld+json\" class=\"yoast-schema-graph\">{\"@context\":\"https:\\\/\\\/schema.org\",\"@graph\":[{\"@type\":\"Article\",\"@id\":\"https:\\\/\\\/www.meydan.tv\\\/az\\\/article\\\/prezident-rayona-gelende-evin-onune-hasar-cekdiler-ki-bizi-gormesin\\\/#article\",\"isPartOf\":{\"@id\":\"https:\\\/\\\/www.meydan.tv\\\/az\\\/article\\\/prezident-rayona-gelende-evin-onune-hasar-cekdiler-ki-bizi-gormesin\\\/\"},\"author\":{\"name\":\"user-manager\",\"@id\":\"https:\\\/\\\/www.meydan.tv\\\/az\\\/#\\\/schema\\\/person\\\/10d11eccf6da3662cf5fdab9806ea91a\"},\"headline\":\"&#8221;Prezident rayona g\u0259l\u0259nd\u0259 evin \u00f6n\u00fcn\u0259 hasar \u00e7\u0259kdil\u0259r ki, bizi g\u00f6rm\u0259sin&#8221;\",\"datePublished\":\"2018-12-15T12:55:00+00:00\",\"mainEntityOfPage\":{\"@id\":\"https:\\\/\\\/www.meydan.tv\\\/az\\\/article\\\/prezident-rayona-gelende-evin-onune-hasar-cekdiler-ki-bizi-gormesin\\\/\"},\"wordCount\":1697,\"publisher\":{\"@id\":\"https:\\\/\\\/www.meydan.tv\\\/az\\\/#organization\"},\"image\":{\"@id\":\"https:\\\/\\\/www.meydan.tv\\\/az\\\/article\\\/prezident-rayona-gelende-evin-onune-hasar-cekdiler-ki-bizi-gormesin\\\/#primaryimage\"},\"thumbnailUrl\":\"https:\\\/\\\/www.meydan.tv\\\/wp-content\\\/uploads\\\/45479-scaled.jpg\",\"articleSection\":[\"B\u00f6lg\u0259\"],\"inLanguage\":\"az\"},{\"@type\":\"WebPage\",\"@id\":\"https:\\\/\\\/www.meydan.tv\\\/az\\\/article\\\/prezident-rayona-gelende-evin-onune-hasar-cekdiler-ki-bizi-gormesin\\\/\",\"url\":\"https:\\\/\\\/www.meydan.tv\\\/az\\\/article\\\/prezident-rayona-gelende-evin-onune-hasar-cekdiler-ki-bizi-gormesin\\\/\",\"name\":\"''Prezident rayona g\u0259l\u0259nd\u0259 evin \u00f6n\u00fcn\u0259 hasar \u00e7\u0259kdil\u0259r ki, bizi g\u00f6rm\u0259sin'' - MEYDAN.TV\",\"isPartOf\":{\"@id\":\"https:\\\/\\\/www.meydan.tv\\\/az\\\/#website\"},\"primaryImageOfPage\":{\"@id\":\"https:\\\/\\\/www.meydan.tv\\\/az\\\/article\\\/prezident-rayona-gelende-evin-onune-hasar-cekdiler-ki-bizi-gormesin\\\/#primaryimage\"},\"image\":{\"@id\":\"https:\\\/\\\/www.meydan.tv\\\/az\\\/article\\\/prezident-rayona-gelende-evin-onune-hasar-cekdiler-ki-bizi-gormesin\\\/#primaryimage\"},\"thumbnailUrl\":\"https:\\\/\\\/www.meydan.tv\\\/wp-content\\\/uploads\\\/45479-scaled.jpg\",\"datePublished\":\"2018-12-15T12:55:00+00:00\",\"breadcrumb\":{\"@id\":\"https:\\\/\\\/www.meydan.tv\\\/az\\\/article\\\/prezident-rayona-gelende-evin-onune-hasar-cekdiler-ki-bizi-gormesin\\\/#breadcrumb\"},\"inLanguage\":\"az\",\"potentialAction\":[{\"@type\":\"ReadAction\",\"target\":[\"https:\\\/\\\/www.meydan.tv\\\/az\\\/article\\\/prezident-rayona-gelende-evin-onune-hasar-cekdiler-ki-bizi-gormesin\\\/\"]}]},{\"@type\":\"ImageObject\",\"inLanguage\":\"az\",\"@id\":\"https:\\\/\\\/www.meydan.tv\\\/az\\\/article\\\/prezident-rayona-gelende-evin-onune-hasar-cekdiler-ki-bizi-gormesin\\\/#primaryimage\",\"url\":\"https:\\\/\\\/www.meydan.tv\\\/wp-content\\\/uploads\\\/45479-scaled.jpg\",\"contentUrl\":\"https:\\\/\\\/www.meydan.tv\\\/wp-content\\\/uploads\\\/45479-scaled.jpg\",\"width\":2560,\"height\":1920,\"caption\":\"Source:\"},{\"@type\":\"BreadcrumbList\",\"@id\":\"https:\\\/\\\/www.meydan.tv\\\/az\\\/article\\\/prezident-rayona-gelende-evin-onune-hasar-cekdiler-ki-bizi-gormesin\\\/#breadcrumb\",\"itemListElement\":[{\"@type\":\"ListItem\",\"position\":1,\"name\":\"Ana s\u0259hif\u0259\",\"item\":\"https:\\\/\\\/www.meydan.tv\\\/az\\\/\"},{\"@type\":\"ListItem\",\"position\":2,\"name\":\"B\u00f6lg\u0259\",\"item\":\"https:\\\/\\\/www.meydan.tv\\\/az\\\/section\\\/bolge\\\/\"},{\"@type\":\"ListItem\",\"position\":3,\"name\":\"&#8221;Prezident rayona g\u0259l\u0259nd\u0259 evin \u00f6n\u00fcn\u0259 hasar \u00e7\u0259kdil\u0259r ki, bizi g\u00f6rm\u0259sin&#8221;\"}]},{\"@type\":\"WebSite\",\"@id\":\"https:\\\/\\\/www.meydan.tv\\\/az\\\/#website\",\"url\":\"https:\\\/\\\/www.meydan.tv\\\/az\\\/\",\"name\":\"MEYDAN.TV\",\"description\":\"Meydan TV Az\u0259rbaycan\u0131n media m\u0259kan\u0131ndak\u0131 alternativ s\u0259sidir\",\"publisher\":{\"@id\":\"https:\\\/\\\/www.meydan.tv\\\/az\\\/#organization\"},\"potentialAction\":[{\"@type\":\"SearchAction\",\"target\":{\"@type\":\"EntryPoint\",\"urlTemplate\":\"https:\\\/\\\/www.meydan.tv\\\/az\\\/?s={search_term_string}\"},\"query-input\":{\"@type\":\"PropertyValueSpecification\",\"valueRequired\":true,\"valueName\":\"search_term_string\"}}],\"inLanguage\":\"az\"},{\"@type\":\"Organization\",\"@id\":\"https:\\\/\\\/www.meydan.tv\\\/az\\\/#organization\",\"name\":\"Meydan TV\",\"url\":\"https:\\\/\\\/www.meydan.tv\\\/az\\\/\",\"logo\":{\"@type\":\"ImageObject\",\"inLanguage\":\"az\",\"@id\":\"https:\\\/\\\/www.meydan.tv\\\/az\\\/#\\\/schema\\\/logo\\\/image\\\/\",\"url\":\"https:\\\/\\\/www.meydan.tv\\\/wp-content\\\/uploads\\\/2021\\\/07\\\/meydan-logo.svg\",\"contentUrl\":\"https:\\\/\\\/www.meydan.tv\\\/wp-content\\\/uploads\\\/2021\\\/07\\\/meydan-logo.svg\",\"width\":195,\"height\":46,\"caption\":\"Meydan TV\"},\"image\":{\"@id\":\"https:\\\/\\\/www.meydan.tv\\\/az\\\/#\\\/schema\\\/logo\\\/image\\\/\"}},{\"@type\":\"Person\",\"@id\":\"https:\\\/\\\/www.meydan.tv\\\/az\\\/#\\\/schema\\\/person\\\/10d11eccf6da3662cf5fdab9806ea91a\",\"name\":\"user-manager\"}]}<\/script>\n<!-- \/ Yoast SEO plugin. -->","yoast_head_json":{"title":"''Prezident rayona g\u0259l\u0259nd\u0259 evin \u00f6n\u00fcn\u0259 hasar \u00e7\u0259kdil\u0259r ki, bizi g\u00f6rm\u0259sin'' - MEYDAN.TV","robots":{"index":"index","follow":"follow","max-snippet":"max-snippet:-1","max-image-preview":"max-image-preview:large","max-video-preview":"max-video-preview:-1"},"canonical":"https:\/\/www.meydan.tv\/az\/article\/prezident-rayona-gelende-evin-onune-hasar-cekdiler-ki-bizi-gormesin\/","og_locale":"az_AZ","og_type":"article","og_title":"''Prezident rayona g\u0259l\u0259nd\u0259 evin \u00f6n\u00fcn\u0259 hasar \u00e7\u0259kdil\u0259r ki, bizi g\u00f6rm\u0259sin'' - MEYDAN.TV","og_description":"F\u00fczuli sakinl\u0259ri ill\u0259rdir \u00e7\u00f6l\u00fcn d\u00fcz\u00fcnd\u0259 ya\u015fay\u0131rlar","og_url":"https:\/\/www.meydan.tv\/az\/article\/prezident-rayona-gelende-evin-onune-hasar-cekdiler-ki-bizi-gormesin\/","og_site_name":"MEYDAN.TV","article_published_time":"2018-12-15T12:55:00+00:00","og_image":[{"width":2560,"height":1920,"url":"https:\/\/www.meydan.tv\/wp-content\/uploads\/45479-scaled.jpg","type":"image\/jpeg"}],"author":"user-manager","twitter_card":"summary_large_image","schema":{"@context":"https:\/\/schema.org","@graph":[{"@type":"Article","@id":"https:\/\/www.meydan.tv\/az\/article\/prezident-rayona-gelende-evin-onune-hasar-cekdiler-ki-bizi-gormesin\/#article","isPartOf":{"@id":"https:\/\/www.meydan.tv\/az\/article\/prezident-rayona-gelende-evin-onune-hasar-cekdiler-ki-bizi-gormesin\/"},"author":{"name":"user-manager","@id":"https:\/\/www.meydan.tv\/az\/#\/schema\/person\/10d11eccf6da3662cf5fdab9806ea91a"},"headline":"&#8221;Prezident rayona g\u0259l\u0259nd\u0259 evin \u00f6n\u00fcn\u0259 hasar \u00e7\u0259kdil\u0259r ki, bizi g\u00f6rm\u0259sin&#8221;","datePublished":"2018-12-15T12:55:00+00:00","mainEntityOfPage":{"@id":"https:\/\/www.meydan.tv\/az\/article\/prezident-rayona-gelende-evin-onune-hasar-cekdiler-ki-bizi-gormesin\/"},"wordCount":1697,"publisher":{"@id":"https:\/\/www.meydan.tv\/az\/#organization"},"image":{"@id":"https:\/\/www.meydan.tv\/az\/article\/prezident-rayona-gelende-evin-onune-hasar-cekdiler-ki-bizi-gormesin\/#primaryimage"},"thumbnailUrl":"https:\/\/www.meydan.tv\/wp-content\/uploads\/45479-scaled.jpg","articleSection":["B\u00f6lg\u0259"],"inLanguage":"az"},{"@type":"WebPage","@id":"https:\/\/www.meydan.tv\/az\/article\/prezident-rayona-gelende-evin-onune-hasar-cekdiler-ki-bizi-gormesin\/","url":"https:\/\/www.meydan.tv\/az\/article\/prezident-rayona-gelende-evin-onune-hasar-cekdiler-ki-bizi-gormesin\/","name":"''Prezident rayona g\u0259l\u0259nd\u0259 evin \u00f6n\u00fcn\u0259 hasar \u00e7\u0259kdil\u0259r ki, bizi g\u00f6rm\u0259sin'' - MEYDAN.TV","isPartOf":{"@id":"https:\/\/www.meydan.tv\/az\/#website"},"primaryImageOfPage":{"@id":"https:\/\/www.meydan.tv\/az\/article\/prezident-rayona-gelende-evin-onune-hasar-cekdiler-ki-bizi-gormesin\/#primaryimage"},"image":{"@id":"https:\/\/www.meydan.tv\/az\/article\/prezident-rayona-gelende-evin-onune-hasar-cekdiler-ki-bizi-gormesin\/#primaryimage"},"thumbnailUrl":"https:\/\/www.meydan.tv\/wp-content\/uploads\/45479-scaled.jpg","datePublished":"2018-12-15T12:55:00+00:00","breadcrumb":{"@id":"https:\/\/www.meydan.tv\/az\/article\/prezident-rayona-gelende-evin-onune-hasar-cekdiler-ki-bizi-gormesin\/#breadcrumb"},"inLanguage":"az","potentialAction":[{"@type":"ReadAction","target":["https:\/\/www.meydan.tv\/az\/article\/prezident-rayona-gelende-evin-onune-hasar-cekdiler-ki-bizi-gormesin\/"]}]},{"@type":"ImageObject","inLanguage":"az","@id":"https:\/\/www.meydan.tv\/az\/article\/prezident-rayona-gelende-evin-onune-hasar-cekdiler-ki-bizi-gormesin\/#primaryimage","url":"https:\/\/www.meydan.tv\/wp-content\/uploads\/45479-scaled.jpg","contentUrl":"https:\/\/www.meydan.tv\/wp-content\/uploads\/45479-scaled.jpg","width":2560,"height":1920,"caption":"Source:"},{"@type":"BreadcrumbList","@id":"https:\/\/www.meydan.tv\/az\/article\/prezident-rayona-gelende-evin-onune-hasar-cekdiler-ki-bizi-gormesin\/#breadcrumb","itemListElement":[{"@type":"ListItem","position":1,"name":"Ana s\u0259hif\u0259","item":"https:\/\/www.meydan.tv\/az\/"},{"@type":"ListItem","position":2,"name":"B\u00f6lg\u0259","item":"https:\/\/www.meydan.tv\/az\/section\/bolge\/"},{"@type":"ListItem","position":3,"name":"&#8221;Prezident rayona g\u0259l\u0259nd\u0259 evin \u00f6n\u00fcn\u0259 hasar \u00e7\u0259kdil\u0259r ki, bizi g\u00f6rm\u0259sin&#8221;"}]},{"@type":"WebSite","@id":"https:\/\/www.meydan.tv\/az\/#website","url":"https:\/\/www.meydan.tv\/az\/","name":"MEYDAN.TV","description":"Meydan TV Az\u0259rbaycan\u0131n media m\u0259kan\u0131ndak\u0131 alternativ s\u0259sidir","publisher":{"@id":"https:\/\/www.meydan.tv\/az\/#organization"},"potentialAction":[{"@type":"SearchAction","target":{"@type":"EntryPoint","urlTemplate":"https:\/\/www.meydan.tv\/az\/?s={search_term_string}"},"query-input":{"@type":"PropertyValueSpecification","valueRequired":true,"valueName":"search_term_string"}}],"inLanguage":"az"},{"@type":"Organization","@id":"https:\/\/www.meydan.tv\/az\/#organization","name":"Meydan TV","url":"https:\/\/www.meydan.tv\/az\/","logo":{"@type":"ImageObject","inLanguage":"az","@id":"https:\/\/www.meydan.tv\/az\/#\/schema\/logo\/image\/","url":"https:\/\/www.meydan.tv\/wp-content\/uploads\/2021\/07\/meydan-logo.svg","contentUrl":"https:\/\/www.meydan.tv\/wp-content\/uploads\/2021\/07\/meydan-logo.svg","width":195,"height":46,"caption":"Meydan TV"},"image":{"@id":"https:\/\/www.meydan.tv\/az\/#\/schema\/logo\/image\/"}},{"@type":"Person","@id":"https:\/\/www.meydan.tv\/az\/#\/schema\/person\/10d11eccf6da3662cf5fdab9806ea91a","name":"user-manager"}]}},"_links":{"self":[{"href":"https:\/\/www.meydan.tv\/az\/wp-json\/wp\/v2\/posts\/193043","targetHints":{"allow":["GET"]}}],"collection":[{"href":"https:\/\/www.meydan.tv\/az\/wp-json\/wp\/v2\/posts"}],"about":[{"href":"https:\/\/www.meydan.tv\/az\/wp-json\/wp\/v2\/types\/post"}],"author":[{"embeddable":true,"href":"https:\/\/www.meydan.tv\/az\/wp-json\/wp\/v2\/users\/11"}],"replies":[{"embeddable":true,"href":"https:\/\/www.meydan.tv\/az\/wp-json\/wp\/v2\/comments?post=193043"}],"version-history":[{"count":0,"href":"https:\/\/www.meydan.tv\/az\/wp-json\/wp\/v2\/posts\/193043\/revisions"}],"wp:featuredmedia":[{"embeddable":true,"href":"https:\/\/www.meydan.tv\/az\/wp-json\/wp\/v2\/media\/114150"}],"wp:attachment":[{"href":"https:\/\/www.meydan.tv\/az\/wp-json\/wp\/v2\/media?parent=193043"}],"wp:term":[{"taxonomy":"category","embeddable":true,"href":"https:\/\/www.meydan.tv\/az\/wp-json\/wp\/v2\/categories?post=193043"},{"taxonomy":"post_tag","embeddable":true,"href":"https:\/\/www.meydan.tv\/az\/wp-json\/wp\/v2\/tags?post=193043"}],"curies":[{"name":"wp","href":"https:\/\/api.w.org\/{rel}","templated":true}]}}