{"id":193042,"date":"2018-12-15T13:05:04","date_gmt":"2018-12-15T13:05:04","guid":{"rendered":"https:\/\/www.meydan.tv\/article\/lukasenko-dedik-ki-serj-bu-5-rayonu-azerbaycana-ver\/"},"modified":"2018-12-15T13:05:04","modified_gmt":"2018-12-15T13:05:04","slug":"lukasenko-dedik-ki-serj-bu-5-rayonu-azerbaycana-ver","status":"publish","type":"post","link":"https:\/\/www.meydan.tv\/az\/article\/lukasenko-dedik-ki-serj-bu-5-rayonu-azerbaycana-ver\/","title":{"rendered":"Luka\u015fenko: Dedik ki, Serj, bu 5 rayonu Az\u0259rbaycana ver"},"content":{"rendered":"<figure class=\"wp-block-image size-large\">\n  <img decoding=\"async\" src=\"https:\/\/www.meydan.tv\/az\/aleksandr-lukasenko-ve-serj-sarkisyan\/\" alt=\"Aleksandr Luka\u015fenko v\u0259 Serj Sarkisyan\" class=\"wp-image-114192\"\/><figcaption>\n    Aleksandr Luka\u015fenko v\u0259 Serj Sarkisyan<br \/>\n  <\/figcaption><\/figure>\n<figure class=\"wp-block-image size-large\">\n  <img decoding=\"async\" src=\"https:\/\/www.meydan.tv\/az\/aleksandr-lukasenko-ve-serj-sarkisyan\/\" alt=\"Aleksandr Luka\u015fenko v\u0259 Serj Sarkisyan\" class=\"wp-image-114192\"\/><figcaption>\n    Aleksandr Luka\u015fenko v\u0259 Serj Sarkisyan<br \/>\n  <\/figcaption><\/figure>\n<p>\n  <i><br \/>\n    Belarus prezidenti Qaraba\u011f m\u00fcnaqi\u015f\u0259si il\u0259 ba\u011fl\u0131 t\u0259klifl\u0259rind\u0259n dan\u0131\u015f\u0131b<br \/>\n  <\/i>\n<\/p>\n<p>\n  <br \/>\n  Luka\u015fenko Rusiya v\u0259 Belarusun Da\u011fl\u0131q Qaraba\u011f m\u00fcnaqi\u015f\u0259sinin h\u0259llind\u0259 i\u015ftirak\u0131 il\u0259 ba\u011fl\u0131 t\u0259klifl\u0259r haqq\u0131nda dan\u0131\u015f\u0131b\n<\/p>\n<p>\n  Belarus prezidenti Aleksandr Luka\u015fenko dekabr\u0131n 14-d\u0259 Rusiya m\u0259tbuat\u0131n\u0131n n\u00fcmay\u0259nd\u0259l\u0259ri il\u0259 g\u00f6r\u00fc\u015fd\u0259 Rusiya v\u0259 Belarusun Da\u011fl\u0131q Qaraba\u011f m\u00fcnaqi\u015f\u0259sinin h\u0259llind\u0259 i\u015ftirak\u0131 il\u0259 ba\u011fl\u0131 \u0259vv\u0259ll\u0259r s\u0259sl\u0259ndirilmi\u015f t\u0259klifl\u0259r haqq\u0131nda dan\u0131\u015f\u0131b.\n<\/p>\n<p>\n  Bu bar\u0259d\u0259<br \/>\n  <a href=\"https:\/\/m.belta.by\/president\/view\/lukashenko-rasskazal-o-predlozhenijah-po-uchastiju-rossii-i-belarusi-v-razreshenii-nagorno-329365-2018\/\"><br \/>\n    \u201cBelta\u201d<br \/>\n  <\/a><br \/>\n  yaz\u0131r.\n<\/p>\n<p>\n  D\u00f6vl\u0259t r\u0259hb\u0259ri qeyd edib ki, bu m\u0259s\u0259l\u0259 h\u0259l\u0259 Yerevanda KTMT-n\u0131n sammitl\u0259rind\u0259n birind\u0259 m\u00fczakir\u0259 olunub. O zaman Erm\u0259nistan\u0131n prezidenti Serj Sarkisyan idi. O, Erm\u0259nistan v\u0259 Az\u0259rbaycan liderl\u0259rini g\u00fcz\u0259\u015ftli q\u0259rarlara ged\u0259r\u0259k, bu problemi birg\u0259 h\u0259ll etm\u0259y\u0259 \u00e7a\u011f\u0131rm\u0131\u015fd\u0131. Bu zaman Belarus v\u0259 Rusiya h\u0259mr\u0259y m\u00f6vqe tutmu\u015f, h\u0259m\u00e7inin z\u0259rur\u0259t yaranarsa, m\u00fc\u0259yy\u0259n z\u0259man\u0259tin t\u0259minat\u0131 \u00fc\u00e7\u00fcn \u0259raziy\u0259 h\u0259rbi hey\u0259t daxil ed\u0259c\u0259yini v\u0259d etmi\u015fdi.\n<\/p>\n<p>\n  \u201cSonra a\u00e7\u0131q-ayd\u0131n dedi: bura bax, onlar nec\u0259 deyirl\u0259r, 7 rayon i\u015f\u011fal edibl\u0259r \u2013 5-ni d\u0259qiq, 2-ni yar\u0131yad\u0259k. V\u0259 biz Putinl\u0259 h\u0259mr\u0259y m\u00f6vqe tutduq (bu, Yerevanda KTMT-da olmu\u015fdu):\n<\/p>\n<p>\n  \u201cSerj, bu, 5 rayonu ver. Ax\u0131 qaytarmamaq \u00fc\u00e7\u00fcn \u0259lind\u0259 hans\u0131 s\u0259b\u0259b var, onlar ki bombo\u015fdur\u201d. O dedi: \u201cM\u0259n qaytarsam, onlar orda yolu k\u0259s\u0259c\u0259kl\u0259r, Qaraba\u011f v\u0259 sairini i\u015f\u011fal ed\u0259c\u0259kl\u0259r\u201d. V\u0259 biz Putinl\u0259 d\u00fcr\u00fcst \u015f\u0259kild\u0259 v\u0259d etdik ki, qo\u015funlar\u0131m\u0131z\u0131 yerid\u0259c\u0259k v\u0259 buna yol verm\u0259y\u0259c\u0259yik (bunu az\u0259rbaycanl\u0131lar\u0131n yan\u0131nda s\u00f6yl\u0259mi\u015fik). O dedi: \u201cYox, biz buna getm\u0259y\u0259c\u0259yik, biz bunu ist\u0259mirik\u201d\u201d, &#8211; Belarus lideri qeyd edib.\n<\/p>\n<figure class=\"wp-block-image size-large\">\n  <img decoding=\"async\" src=\"https:\/\/www.meydan.tv\/az\/114195\/\" alt=\"\" class=\"wp-image-114195\"\/><figcaption><\/figcaption><\/figure>\n<p>\n  Aleksandr Luka\u015fenko dan\u0131\u015f\u0131b ki, bu, onun \u00fc\u00e7\u00fcn t\u0259\u0259cc\u00fcbl\u00fc olmu\u015fdu: \u201cNiy\u0259 ist\u0259mirl\u0259r? 5 rayon bombo\u015fdur. Bu, birinci add\u0131md\u0131r. Onda Az\u0259rbaycan da, Erm\u0259nistan da h\u0259m KTMT-d\u0259, h\u0259m d\u0259 Avroasiya \u0130qtisadi Birliyind\u0259 olard\u0131lar. Az\u0259rbaycan yaln\u0131z h\u0259min \u015f\u0259rtl\u0259r alt\u0131nda bu t\u0259\u015fkilatlara gir\u0259 bil\u0259rdi. Siz niy\u0259 imtina etdiniz? Yax\u015f\u0131, Belarusu qoyduq bir k\u0259nara, ax\u0131 Rusiya bu rayonlar azad olunarsa, orda he\u00e7 bir m\u00fcharib\u0259nin olmayaca\u011f\u0131na z\u0259man\u0259t ver\u0259c\u0259yi v\u0259di il\u0259 \u00e7\u0131x\u0131\u015f edib. \u00dcst\u0259lik, siz bu rayonlar\u0131n Az\u0259rbaycan torpaqlar\u0131 oldu\u011funu etiraf edirsiniz. Bu, Qaraba\u011f haqq\u0131nda deyil\u201d, &#8211; Prezident \u0259lav\u0259 edib.\n<\/p>\n<p>\n  O, m\u00fcnaqi\u015f\u0259nin s\u00fclh yolu il\u0259 h\u0259llinin vacibliyini v\u0259 bunun h\u0259m d\u0259 xarici investorlar \u00fc\u00e7\u00fcn m\u00fch\u00fcm amil oldu\u011funu qeyd edib.\n<\/p>\n<p>\n  D\u00f6vl\u0259t r\u0259hb\u0259ri daha bir ba\u015f tutmayan layih\u0259 haqq\u0131nda ilk d\u0259f\u0259 dan\u0131\u015f\u0131b. Onun s\u00f6zl\u0259rin\u0259 g\u00f6r\u0259, s\u00f6hb\u0259t Az\u0259rbaycandan G\u00fcrc\u00fcstana qaz k\u0259m\u0259rinin \u00e7\u0259kilm\u0259sind\u0259n gedir. Belarus lideri bununla ba\u011fl\u0131 h\u0259min \u00f6lk\u0259l\u0259rin r\u0259hb\u0259rliyi il\u0259 dan\u0131\u015f\u0131b: \u201cOnlar k\u0259m\u0259r \u00e7\u0259kirdil\u0259r. M\u0259nc\u0259, qaz. O, Erm\u0259nistan\u0131n yan\u0131ndan \u00f6t\u00fcb ke\u00e7ib\u201d.\n<\/p>\n<p>\n  Aleksandr Luka\u015fenko x\u0259b\u0259r verib ki, h\u0259min vaxt o, Az\u0259rbaycan Prezidenti \u0130lham \u018fliyevl\u0259 \u0259laq\u0259 saxlayaraq, ona Erm\u0259nistan Prezidenti Serj Sarkisyanla tranzitin Erm\u0259nistandan t\u0259\u015fkil olunmas\u0131 il\u0259 ba\u011fl\u0131 dan\u0131\u015fmas\u0131n\u0131, bu layih\u0259nin h\u0259r iki t\u0259r\u0259f \u00fc\u00e7\u00fcn \u0259lveril\u015fli olmas\u0131n\u0131 s\u00f6yl\u0259yib.\n<\/p>\n<p>\n  \u201cM\u0259n bu probleml\u0259ri \u00e7\u00f6zm\u0259yi t\u0259klif edir\u0259m, boru m\u0259s\u0259l\u0259sini bir k\u0259nara qoyuram, \u00fcst\u0259lik, Erm\u0259nistan\u0131n b\u0259rpa olunmas\u0131na k\u00f6m\u0259k edir\u0259m. Onda onlar\u0131n h\u0259dd\u0259n art\u0131q \u00e7ox pulu vard\u0131. M\u0259n bundan sonra Serj Azatovi\u00e7in yan\u0131na getdim v\u0259 bu s\u00f6zl\u0259ri ona \u00f6t\u00fcrd\u00fcm. Yen\u0259 imtina etdil\u0259r. Amma yen\u0259 n\u0259 vaxtsa m\u0259s\u0259l\u0259 s\u00fclhl\u0259 bit\u0259c\u0259k\u201d, &#8211; Belarus lideri qeyd edib.\n<\/p>\n<p>\n  B\u00f6y\u00fck ehtimalla s\u00f6hb\u0259t Bak\u0131-Tbilisi-\u018frzurum C\u0259nubi Qafqaz qaz k\u0259m\u0259rinin, &#8211; bu k\u0259m\u0259rl\u0259 Az\u0259rbaycandan G\u00fcrc\u00fcstana v\u0259 T\u00fcrkiy\u0259y\u0259 qaz verilir, &#8211; in\u015fas\u0131ndan gedirdi.\n<\/p>\n<blockquote><p>\n  Luka\u015fenkonun b\u0259yanatlar\u0131n\u0131 ciddi q\u0259bul etm\u0259k laz\u0131m deyil\n<\/p><\/blockquote>\n<p>\n  M\u00fchacir\u0259td\u0259 ya\u015fayan siyasi icmal\u00e7\u0131 Rauf Mirq\u0259dirov Belarus prezidenti Luka\u015fenkonun b\u0259yanatlar\u0131n\u0131 ciddi q\u0259bul etm\u0259yin t\u0259r\u0259fdar\u0131 deyil.<br \/>\n  <br \/>\n  Ancaq Rauf Mirq\u0259dirov ox\u015far t\u0259klifl\u0259rin oldu\u011funu da istisna etmir.\n<\/p>\n<p>\n  O, Rusiyan\u0131n sabiq prezidenti Dmitri Medvedevin vasit\u0259\u00e7iliyi il\u0259 apar\u0131lan dan\u0131\u015f\u0131qlar\u0131 xat\u0131rladaraq bildirib ki, h\u0259tta o zaman Belarus prezidentinin s\u00f6yl\u0259dikl\u0259rin\u0259 ox\u015far bir variant m\u00fcmk\u00fcn q\u0259d\u0259r raz\u0131la\u015fd\u0131r\u0131lm\u0131\u015fd\u0131. Amma h\u0259min dan\u0131\u015f\u0131qlardan sonra c\u0259bh\u0259 x\u0259ttind\u0259 m\u00fcr\u0259kk\u0259b v\u0259ziyy\u0259t yarand\u0131.\n<\/p>\n<figure class=\"wp-block-image size-large\">\n  <img decoding=\"async\" src=\"https:\/\/www.meydan.tv\/az\/rauf-mirqedirov-5\/\" alt=\"Rauf Mirq\u0259dirov\" class=\"wp-image-108453\"\/><figcaption>\n    Rauf Mirq\u0259dirov<br \/>\n  <\/figcaption><\/figure>\n<p>\n  Bununla bel\u0259, Rauf Mirq\u0259dirov Belarus prezidentinin s\u0259sl\u0259ndirdiyi t\u0259klifl\u0259rin Erm\u0259nistan\u0131 v\u0259 Az\u0259rbaycan\u0131 qane etm\u0259diyini d\u00fc\u015f\u00fcn\u00fcr:\n<\/p>\n<p>\n  \u201cM\u0259hz Rusiya qo\u015funlar\u0131n\u0131n s\u00fclhm\u0259raml\u0131 ad\u0131 il\u0259 b\u00f6lg\u0259y\u0259 yeridilm\u0259si Az\u0259rbaycan\u0131 qane etmir. Bu add\u0131m c\u0259miyy\u0259td\u0259 ciddi g\u0259rginlik yaradar v\u0259 \u0130lham \u018fliyevin d\u0259 bu varianta ged\u0259c\u0259yi inand\u0131r\u0131c\u0131 deyil. S\u00f6hb\u0259t he\u00e7 d\u0259 5 rayonun qaytar\u0131lmas\u0131ndan getmir, m\u0259s\u0259l\u0259 ondad\u0131r ki, qalan 2 rayon v\u0259 Da\u011fl\u0131q Qaraba\u011f\u0131n taleyi tamamil\u0259 Rusiyadan as\u0131l\u0131 olur. N\u0259z\u0259r\u0259 al\u0131n ki, sonradan 2 rayonun qaytar\u0131lmas\u0131 \u00fc\u00e7\u00fcn yen\u0259 Rusiyaya g\u00fcz\u0259\u015ft\u0259 getm\u0259liyik. Rusiyan\u0131n is\u0259 son ill\u0259rd\u0259 beyn\u0259lxalq h\u00fcquq normalar\u0131n\u0131 nec\u0259 tapdad\u0131\u011f\u0131n\u0131 ham\u0131 g\u00f6r\u00fcr. \u018fg\u0259r Az\u0259rbaycan h\u00f6kum\u0259ti Rusiya ordusunun b\u00f6lg\u0259d\u0259 yerl\u0259\u015fdirilm\u0259sin\u0259 raz\u0131 olarsa, bu, onlar\u0131n xalqlar\u0131 qar\u015f\u0131s\u0131nda cinay\u0259td\u0259n d\u0259 b\u00f6y\u00fck s\u0259hv olard\u0131. Bu, \u0259slind\u0259, \u00f6z\u00fcm\u00fcz\u00fc Rusiyaya t\u0259slim etm\u0259k dem\u0259kdir\u201d.\n<\/p>\n<blockquote><p>\n  Erm\u0259nistana da s\u0259rf\u0259li deyil\n<\/p><\/blockquote>\n<p>\n  R.Mirq\u0259dirov deyil\u0259n variant\u0131n Erm\u0259nistan\u0131 da qane etm\u0259diyinin bildirib:\n<\/p>\n<p>\n  \u201c\u00c7\u00fcnki \u0259raziy\u0259 beyn\u0259lxalq q\u00fcvv\u0259l\u0259r yerl\u0259\u015fdiril\u0259rs\u0259, bu, Erm\u0259nistanda Rusiya bazalar\u0131n\u0131 m\u00fc\u0259yy\u0259n q\u0259d\u0259r neytralla\u015fd\u0131rm\u0131\u015f olacaq. Bu, Erm\u0259nistan\u0131n Qaraba\u011f m\u00fcnaqi\u015f\u0259sinin h\u0259llind\u0259 t\u0259kc\u0259 Rusiyadan as\u0131l\u0131l\u0131\u011f\u0131n\u0131 g\u00f6t\u00fcr\u0259c\u0259k\u201d.\n<\/p>\n<p>\n  Siyasi icmal\u00e7\u0131 xat\u0131rlad\u0131b ki, Heyd\u0259r \u018fliyevin hakimiyy\u0259ti zaman\u0131 Bak\u0131 v\u0259 \u0130r\u0259van\u0131n s\u00fclhm\u0259raml\u0131 q\u00fcvv\u0259l\u0259r \u0259traf\u0131nda ciddi m\u00fcbahis\u0259l\u0259ri olub:\n<\/p>\n<p>\n  \u201c\u0130ki variant qism\u0259n raz\u0131la\u015fd\u0131r\u0131lm\u0131\u015fd\u0131, birinici variant o idi ki, s\u00fclhm\u0259raml\u0131 q\u00fcvv\u0259l\u0259r aras\u0131nda Minsk Qrupu h\u0259ms\u0259dr d\u00f6vl\u0259tl\u0259rin n\u00fcmay\u0259nd\u0259l\u0259ri olmayacaq. \u0130kinci variantda is\u0259 s\u00fclhm\u0259raml\u0131 q\u00fcvv\u0259l\u0259rin t\u0259rkibind\u0259 Minsk Qrupu h\u0259ms\u0259dr d\u00f6vl\u0259tl\u0259rinin t\u0259msil\u00e7iliyi 30 faizd\u0259n az olur. Amma bu variantlar da al\u0131nmad\u0131\u201d.\n<\/p>\n<figure class=\"wp-block-image size-large\">\n  <img decoding=\"async\" src=\"https:\/\/www.meydan.tv\/az\/114198\/\" alt=\"\" class=\"wp-image-114198\"\/><figcaption><\/figcaption><\/figure>\n<p>\n  Bu ilin fevral\u0131n 13-d\u0259 deputat<br \/>\n  <a href=\"\/az\/article\/rasim-musabeyov-2-3-rayonun-azad-edilmesi-qarsiliginda-ermenistanin-kommunikasiyalari-acila-biler\/\"><br \/>\n    Rasim Musab\u0259yov<br \/>\n  <\/a><br \/>\n  Erm\u0259nistan medias\u0131na m\u00fcsahib\u0259sind\u0259 bildirmi\u015fdi ki, Az\u0259rbaycan\u0131n Erm\u0259nistandan t\u0259cili v\u0259 tam olaraq i\u015f\u011fal olunan \u0259razil\u0259rd\u0259n \u00e7\u0131xmas\u0131 t\u0259l\u0259bi, Erm\u0259nistan\u0131n is\u0259 cavab olaraq Da\u011fl\u0131q Qaraba\u011fda referendum ke\u00e7irilm\u0259si t\u0259l\u0259bi dan\u0131\u015f\u0131qlar\u0131 dalana dir\u0259yib:\n<\/p>\n<p>\n  \u201cT\u0259r\u0259fl\u0259r bundan ki\u00e7ik add\u0131mlarla h\u0259r \u015feyi bird\u0259n \u0259ld\u0259 etm\u0259s\u0259l\u0259r d\u0259, qar\u015f\u0131l\u0131ql\u0131 g\u00fcz\u0259\u015ftl\u0259r say\u0259sind\u0259 bonuslar \u0259ld\u0259 ed\u0259r\u0259k ir\u0259li getsinl\u0259r.\n<\/p>\n<p>\n  N\u00fcmun\u0259 \u00fc\u00e7\u00fcn, dem\u0259k olar ki, \u00e7\u0259r\u00e7iv\u0259 sazi\u015fi imzaland\u0131qdan sonra 2-3 rayon azad edilir v\u0259 bunun \u0259v\u0259zind\u0259 Az\u0259rbaycan v\u0259 T\u00fcrkiy\u0259 Erm\u0259nistan\u0131n kommunikasiyalar\u0131n\u0131 a\u00e7\u0131rlar. Bu, el\u0259 d\u0259 az deyil, \u00e7\u00fcnki Erm\u0259nistan T\u00fcrkiy\u0259 vasit\u0259sil\u0259 Avropa v\u0259 Yax\u0131n \u015e\u0259rq\u0259, Az\u0259rbaycan vasit\u0259sil\u0259 \u0130ran, Rusiya, M\u0259rk\u0259zi Asiya v\u0259 \u00c7in\u0259 yol tap\u0131r\u201d.\n<\/p>\n<p>\n  Da\u011fl\u0131q Qaraba\u011f m\u00fcnaqi\u015f\u0259sinin m\u00fcasir m\u0259rh\u0259l\u0259si 1988-ci ild\u0259 Erm\u0259nistan SSR-in Az\u0259rbaycan SSR-\u0259 qar\u015f\u0131 \u0259razi iddialar\u0131 \u0259sas\u0131nda ba\u015flay\u0131b. 1991-1994-c\u00fc ill\u0259rd\u0259 Az\u0259rbaycan\u0131n Da\u011fl\u0131q Qaraba\u011f \u0259razisi u\u011frunda Erm\u0259nistanla Az\u0259rbaycan aras\u0131nda m\u00fcharib\u0259 ba\u015f verib. N\u0259tic\u0259d\u0259 Az\u0259rbaycan \u0259razil\u0259rinin 20 faizi &#8211; Da\u011fl\u0131q Qaraba\u011f v\u0259 \u0259traf 7 inzibati rayon (La\u00e7\u0131n, K\u0259lb\u0259c\u0259r, A\u011fdam, F\u00fczuli, C\u0259bray\u0131l, Qubadl\u0131, Z\u0259ngilan) Erm\u0259nistan Silahl\u0131 Q\u00fcvv\u0259l\u0259ri t\u0259r\u0259find\u0259n i\u015f\u011fal olunub, 1 milyondan art\u0131q insan qa\u00e7q\u0131n v\u0259 m\u0259cburi k\u00f6\u00e7k\u00fcn v\u0259ziyy\u0259tin\u0259 d\u00fc\u015f\u00fcb. H\u0259rbi \u0259m\u0259liyyatlar 1994-c\u00fc ilin may ay\u0131nda Bi\u015fkekd\u0259 Az\u0259rbaycan v\u0259 Erm\u0259nistan aras\u0131nda imzalanm\u0131\u015f at\u0259\u015fk\u0259s sazi\u015fi il\u0259 ba\u015fa \u00e7at\u0131b.Da\u011fl\u0131q Qaraba\u011f m\u00fcnaqi\u015f\u0259sinin h\u0259lli il\u0259 AT\u018fT-in Minsk Qrupu v\u0259 Rusiya, AB\u015e, Fransadan ibar\u0259t h\u0259ms\u0259drl\u0259ri m\u0259\u015f\u011ful olur.<\/p>\n","protected":false},"excerpt":{"rendered":"<p>Belarus prezidenti Qaraba\u011f m\u00fcnaqi\u015f\u0259si il\u0259 ba\u011fl\u0131 t\u0259klifl\u0259rind\u0259n dan\u0131\u015f\u0131b<\/p>\n","protected":false},"author":11,"featured_media":114192,"comment_status":"closed","ping_status":"open","sticky":false,"template":"","format":"standard","meta":{"_acf_changed":false,"_sitemap_exclude":false,"_sitemap_priority":"","_sitemap_frequency":"","footnotes":""},"categories":[51],"tags":[],"class_list":["post-193042","post","type-post","status-publish","format-standard","has-post-thumbnail","hentry","category-analitika","infinite-scroll-item","generate-columns","tablet-grid-50","mobile-grid-100","grid-parent","grid-33","no-featured-image-padding"],"acf":[],"yoast_head":"<!-- This site is optimized with the Yoast SEO plugin v27.4 - https:\/\/yoast.com\/product\/yoast-seo-wordpress\/ -->\n<title>Luka\u015fenko: Dedik ki, Serj, bu 5 rayonu Az\u0259rbaycana ver - MEYDAN.TV<\/title>\n<meta name=\"robots\" content=\"index, follow, max-snippet:-1, max-image-preview:large, max-video-preview:-1\" \/>\n<link rel=\"canonical\" href=\"https:\/\/www.meydan.tv\/az\/article\/lukasenko-dedik-ki-serj-bu-5-rayonu-azerbaycana-ver\/\" \/>\n<meta property=\"og:locale\" content=\"az_AZ\" \/>\n<meta property=\"og:type\" content=\"article\" \/>\n<meta property=\"og:title\" content=\"Luka\u015fenko: Dedik ki, Serj, bu 5 rayonu Az\u0259rbaycana ver - MEYDAN.TV\" \/>\n<meta property=\"og:description\" content=\"Belarus prezidenti Qaraba\u011f m\u00fcnaqi\u015f\u0259si il\u0259 ba\u011fl\u0131 t\u0259klifl\u0259rind\u0259n dan\u0131\u015f\u0131b\" \/>\n<meta property=\"og:url\" content=\"https:\/\/www.meydan.tv\/az\/article\/lukasenko-dedik-ki-serj-bu-5-rayonu-azerbaycana-ver\/\" \/>\n<meta property=\"og:site_name\" content=\"MEYDAN.TV\" \/>\n<meta property=\"article:published_time\" content=\"2018-12-15T13:05:04+00:00\" \/>\n<meta property=\"og:image\" content=\"https:\/\/www.meydan.tv\/wp-content\/uploads\/45494.jpg\" \/>\n\t<meta property=\"og:image:width\" content=\"637\" \/>\n\t<meta property=\"og:image:height\" content=\"400\" \/>\n\t<meta property=\"og:image:type\" content=\"image\/jpeg\" \/>\n<meta name=\"author\" content=\"user-manager\" \/>\n<meta name=\"twitter:card\" content=\"summary_large_image\" \/>\n<script type=\"application\/ld+json\" class=\"yoast-schema-graph\">{\"@context\":\"https:\\\/\\\/schema.org\",\"@graph\":[{\"@type\":\"Article\",\"@id\":\"https:\\\/\\\/www.meydan.tv\\\/az\\\/article\\\/lukasenko-dedik-ki-serj-bu-5-rayonu-azerbaycana-ver\\\/#article\",\"isPartOf\":{\"@id\":\"https:\\\/\\\/www.meydan.tv\\\/az\\\/article\\\/lukasenko-dedik-ki-serj-bu-5-rayonu-azerbaycana-ver\\\/\"},\"author\":{\"name\":\"user-manager\",\"@id\":\"https:\\\/\\\/www.meydan.tv\\\/az\\\/#\\\/schema\\\/person\\\/10d11eccf6da3662cf5fdab9806ea91a\"},\"headline\":\"Luka\u015fenko: Dedik ki, Serj, bu 5 rayonu Az\u0259rbaycana ver\",\"datePublished\":\"2018-12-15T13:05:04+00:00\",\"mainEntityOfPage\":{\"@id\":\"https:\\\/\\\/www.meydan.tv\\\/az\\\/article\\\/lukasenko-dedik-ki-serj-bu-5-rayonu-azerbaycana-ver\\\/\"},\"wordCount\":1561,\"publisher\":{\"@id\":\"https:\\\/\\\/www.meydan.tv\\\/az\\\/#organization\"},\"image\":{\"@id\":\"https:\\\/\\\/www.meydan.tv\\\/az\\\/article\\\/lukasenko-dedik-ki-serj-bu-5-rayonu-azerbaycana-ver\\\/#primaryimage\"},\"thumbnailUrl\":\"https:\\\/\\\/www.meydan.tv\\\/wp-content\\\/uploads\\\/45494.jpg\",\"articleSection\":[\"Analitika\"],\"inLanguage\":\"az\"},{\"@type\":\"WebPage\",\"@id\":\"https:\\\/\\\/www.meydan.tv\\\/az\\\/article\\\/lukasenko-dedik-ki-serj-bu-5-rayonu-azerbaycana-ver\\\/\",\"url\":\"https:\\\/\\\/www.meydan.tv\\\/az\\\/article\\\/lukasenko-dedik-ki-serj-bu-5-rayonu-azerbaycana-ver\\\/\",\"name\":\"Luka\u015fenko: Dedik ki, Serj, bu 5 rayonu Az\u0259rbaycana ver - MEYDAN.TV\",\"isPartOf\":{\"@id\":\"https:\\\/\\\/www.meydan.tv\\\/az\\\/#website\"},\"primaryImageOfPage\":{\"@id\":\"https:\\\/\\\/www.meydan.tv\\\/az\\\/article\\\/lukasenko-dedik-ki-serj-bu-5-rayonu-azerbaycana-ver\\\/#primaryimage\"},\"image\":{\"@id\":\"https:\\\/\\\/www.meydan.tv\\\/az\\\/article\\\/lukasenko-dedik-ki-serj-bu-5-rayonu-azerbaycana-ver\\\/#primaryimage\"},\"thumbnailUrl\":\"https:\\\/\\\/www.meydan.tv\\\/wp-content\\\/uploads\\\/45494.jpg\",\"datePublished\":\"2018-12-15T13:05:04+00:00\",\"breadcrumb\":{\"@id\":\"https:\\\/\\\/www.meydan.tv\\\/az\\\/article\\\/lukasenko-dedik-ki-serj-bu-5-rayonu-azerbaycana-ver\\\/#breadcrumb\"},\"inLanguage\":\"az\",\"potentialAction\":[{\"@type\":\"ReadAction\",\"target\":[\"https:\\\/\\\/www.meydan.tv\\\/az\\\/article\\\/lukasenko-dedik-ki-serj-bu-5-rayonu-azerbaycana-ver\\\/\"]}]},{\"@type\":\"ImageObject\",\"inLanguage\":\"az\",\"@id\":\"https:\\\/\\\/www.meydan.tv\\\/az\\\/article\\\/lukasenko-dedik-ki-serj-bu-5-rayonu-azerbaycana-ver\\\/#primaryimage\",\"url\":\"https:\\\/\\\/www.meydan.tv\\\/wp-content\\\/uploads\\\/45494.jpg\",\"contentUrl\":\"https:\\\/\\\/www.meydan.tv\\\/wp-content\\\/uploads\\\/45494.jpg\",\"width\":637,\"height\":400,\"caption\":\"Source:\"},{\"@type\":\"BreadcrumbList\",\"@id\":\"https:\\\/\\\/www.meydan.tv\\\/az\\\/article\\\/lukasenko-dedik-ki-serj-bu-5-rayonu-azerbaycana-ver\\\/#breadcrumb\",\"itemListElement\":[{\"@type\":\"ListItem\",\"position\":1,\"name\":\"Ana s\u0259hif\u0259\",\"item\":\"https:\\\/\\\/www.meydan.tv\\\/az\\\/\"},{\"@type\":\"ListItem\",\"position\":2,\"name\":\"Analitika\",\"item\":\"https:\\\/\\\/www.meydan.tv\\\/az\\\/section\\\/analitika\\\/\"},{\"@type\":\"ListItem\",\"position\":3,\"name\":\"Luka\u015fenko: Dedik ki, Serj, bu 5 rayonu Az\u0259rbaycana ver\"}]},{\"@type\":\"WebSite\",\"@id\":\"https:\\\/\\\/www.meydan.tv\\\/az\\\/#website\",\"url\":\"https:\\\/\\\/www.meydan.tv\\\/az\\\/\",\"name\":\"MEYDAN.TV\",\"description\":\"Meydan TV Az\u0259rbaycan\u0131n media m\u0259kan\u0131ndak\u0131 alternativ s\u0259sidir\",\"publisher\":{\"@id\":\"https:\\\/\\\/www.meydan.tv\\\/az\\\/#organization\"},\"potentialAction\":[{\"@type\":\"SearchAction\",\"target\":{\"@type\":\"EntryPoint\",\"urlTemplate\":\"https:\\\/\\\/www.meydan.tv\\\/az\\\/?s={search_term_string}\"},\"query-input\":{\"@type\":\"PropertyValueSpecification\",\"valueRequired\":true,\"valueName\":\"search_term_string\"}}],\"inLanguage\":\"az\"},{\"@type\":\"Organization\",\"@id\":\"https:\\\/\\\/www.meydan.tv\\\/az\\\/#organization\",\"name\":\"Meydan TV\",\"url\":\"https:\\\/\\\/www.meydan.tv\\\/az\\\/\",\"logo\":{\"@type\":\"ImageObject\",\"inLanguage\":\"az\",\"@id\":\"https:\\\/\\\/www.meydan.tv\\\/az\\\/#\\\/schema\\\/logo\\\/image\\\/\",\"url\":\"https:\\\/\\\/www.meydan.tv\\\/wp-content\\\/uploads\\\/2021\\\/07\\\/meydan-logo.svg\",\"contentUrl\":\"https:\\\/\\\/www.meydan.tv\\\/wp-content\\\/uploads\\\/2021\\\/07\\\/meydan-logo.svg\",\"width\":195,\"height\":46,\"caption\":\"Meydan TV\"},\"image\":{\"@id\":\"https:\\\/\\\/www.meydan.tv\\\/az\\\/#\\\/schema\\\/logo\\\/image\\\/\"}},{\"@type\":\"Person\",\"@id\":\"https:\\\/\\\/www.meydan.tv\\\/az\\\/#\\\/schema\\\/person\\\/10d11eccf6da3662cf5fdab9806ea91a\",\"name\":\"user-manager\"}]}<\/script>\n<!-- \/ Yoast SEO plugin. -->","yoast_head_json":{"title":"Luka\u015fenko: Dedik ki, Serj, bu 5 rayonu Az\u0259rbaycana ver - MEYDAN.TV","robots":{"index":"index","follow":"follow","max-snippet":"max-snippet:-1","max-image-preview":"max-image-preview:large","max-video-preview":"max-video-preview:-1"},"canonical":"https:\/\/www.meydan.tv\/az\/article\/lukasenko-dedik-ki-serj-bu-5-rayonu-azerbaycana-ver\/","og_locale":"az_AZ","og_type":"article","og_title":"Luka\u015fenko: Dedik ki, Serj, bu 5 rayonu Az\u0259rbaycana ver - MEYDAN.TV","og_description":"Belarus prezidenti Qaraba\u011f m\u00fcnaqi\u015f\u0259si il\u0259 ba\u011fl\u0131 t\u0259klifl\u0259rind\u0259n dan\u0131\u015f\u0131b","og_url":"https:\/\/www.meydan.tv\/az\/article\/lukasenko-dedik-ki-serj-bu-5-rayonu-azerbaycana-ver\/","og_site_name":"MEYDAN.TV","article_published_time":"2018-12-15T13:05:04+00:00","og_image":[{"width":637,"height":400,"url":"https:\/\/www.meydan.tv\/wp-content\/uploads\/45494.jpg","type":"image\/jpeg"}],"author":"user-manager","twitter_card":"summary_large_image","schema":{"@context":"https:\/\/schema.org","@graph":[{"@type":"Article","@id":"https:\/\/www.meydan.tv\/az\/article\/lukasenko-dedik-ki-serj-bu-5-rayonu-azerbaycana-ver\/#article","isPartOf":{"@id":"https:\/\/www.meydan.tv\/az\/article\/lukasenko-dedik-ki-serj-bu-5-rayonu-azerbaycana-ver\/"},"author":{"name":"user-manager","@id":"https:\/\/www.meydan.tv\/az\/#\/schema\/person\/10d11eccf6da3662cf5fdab9806ea91a"},"headline":"Luka\u015fenko: Dedik ki, Serj, bu 5 rayonu Az\u0259rbaycana ver","datePublished":"2018-12-15T13:05:04+00:00","mainEntityOfPage":{"@id":"https:\/\/www.meydan.tv\/az\/article\/lukasenko-dedik-ki-serj-bu-5-rayonu-azerbaycana-ver\/"},"wordCount":1561,"publisher":{"@id":"https:\/\/www.meydan.tv\/az\/#organization"},"image":{"@id":"https:\/\/www.meydan.tv\/az\/article\/lukasenko-dedik-ki-serj-bu-5-rayonu-azerbaycana-ver\/#primaryimage"},"thumbnailUrl":"https:\/\/www.meydan.tv\/wp-content\/uploads\/45494.jpg","articleSection":["Analitika"],"inLanguage":"az"},{"@type":"WebPage","@id":"https:\/\/www.meydan.tv\/az\/article\/lukasenko-dedik-ki-serj-bu-5-rayonu-azerbaycana-ver\/","url":"https:\/\/www.meydan.tv\/az\/article\/lukasenko-dedik-ki-serj-bu-5-rayonu-azerbaycana-ver\/","name":"Luka\u015fenko: Dedik ki, Serj, bu 5 rayonu Az\u0259rbaycana ver - MEYDAN.TV","isPartOf":{"@id":"https:\/\/www.meydan.tv\/az\/#website"},"primaryImageOfPage":{"@id":"https:\/\/www.meydan.tv\/az\/article\/lukasenko-dedik-ki-serj-bu-5-rayonu-azerbaycana-ver\/#primaryimage"},"image":{"@id":"https:\/\/www.meydan.tv\/az\/article\/lukasenko-dedik-ki-serj-bu-5-rayonu-azerbaycana-ver\/#primaryimage"},"thumbnailUrl":"https:\/\/www.meydan.tv\/wp-content\/uploads\/45494.jpg","datePublished":"2018-12-15T13:05:04+00:00","breadcrumb":{"@id":"https:\/\/www.meydan.tv\/az\/article\/lukasenko-dedik-ki-serj-bu-5-rayonu-azerbaycana-ver\/#breadcrumb"},"inLanguage":"az","potentialAction":[{"@type":"ReadAction","target":["https:\/\/www.meydan.tv\/az\/article\/lukasenko-dedik-ki-serj-bu-5-rayonu-azerbaycana-ver\/"]}]},{"@type":"ImageObject","inLanguage":"az","@id":"https:\/\/www.meydan.tv\/az\/article\/lukasenko-dedik-ki-serj-bu-5-rayonu-azerbaycana-ver\/#primaryimage","url":"https:\/\/www.meydan.tv\/wp-content\/uploads\/45494.jpg","contentUrl":"https:\/\/www.meydan.tv\/wp-content\/uploads\/45494.jpg","width":637,"height":400,"caption":"Source:"},{"@type":"BreadcrumbList","@id":"https:\/\/www.meydan.tv\/az\/article\/lukasenko-dedik-ki-serj-bu-5-rayonu-azerbaycana-ver\/#breadcrumb","itemListElement":[{"@type":"ListItem","position":1,"name":"Ana s\u0259hif\u0259","item":"https:\/\/www.meydan.tv\/az\/"},{"@type":"ListItem","position":2,"name":"Analitika","item":"https:\/\/www.meydan.tv\/az\/section\/analitika\/"},{"@type":"ListItem","position":3,"name":"Luka\u015fenko: Dedik ki, Serj, bu 5 rayonu Az\u0259rbaycana ver"}]},{"@type":"WebSite","@id":"https:\/\/www.meydan.tv\/az\/#website","url":"https:\/\/www.meydan.tv\/az\/","name":"MEYDAN.TV","description":"Meydan TV Az\u0259rbaycan\u0131n media m\u0259kan\u0131ndak\u0131 alternativ s\u0259sidir","publisher":{"@id":"https:\/\/www.meydan.tv\/az\/#organization"},"potentialAction":[{"@type":"SearchAction","target":{"@type":"EntryPoint","urlTemplate":"https:\/\/www.meydan.tv\/az\/?s={search_term_string}"},"query-input":{"@type":"PropertyValueSpecification","valueRequired":true,"valueName":"search_term_string"}}],"inLanguage":"az"},{"@type":"Organization","@id":"https:\/\/www.meydan.tv\/az\/#organization","name":"Meydan TV","url":"https:\/\/www.meydan.tv\/az\/","logo":{"@type":"ImageObject","inLanguage":"az","@id":"https:\/\/www.meydan.tv\/az\/#\/schema\/logo\/image\/","url":"https:\/\/www.meydan.tv\/wp-content\/uploads\/2021\/07\/meydan-logo.svg","contentUrl":"https:\/\/www.meydan.tv\/wp-content\/uploads\/2021\/07\/meydan-logo.svg","width":195,"height":46,"caption":"Meydan TV"},"image":{"@id":"https:\/\/www.meydan.tv\/az\/#\/schema\/logo\/image\/"}},{"@type":"Person","@id":"https:\/\/www.meydan.tv\/az\/#\/schema\/person\/10d11eccf6da3662cf5fdab9806ea91a","name":"user-manager"}]}},"_links":{"self":[{"href":"https:\/\/www.meydan.tv\/az\/wp-json\/wp\/v2\/posts\/193042","targetHints":{"allow":["GET"]}}],"collection":[{"href":"https:\/\/www.meydan.tv\/az\/wp-json\/wp\/v2\/posts"}],"about":[{"href":"https:\/\/www.meydan.tv\/az\/wp-json\/wp\/v2\/types\/post"}],"author":[{"embeddable":true,"href":"https:\/\/www.meydan.tv\/az\/wp-json\/wp\/v2\/users\/11"}],"replies":[{"embeddable":true,"href":"https:\/\/www.meydan.tv\/az\/wp-json\/wp\/v2\/comments?post=193042"}],"version-history":[{"count":0,"href":"https:\/\/www.meydan.tv\/az\/wp-json\/wp\/v2\/posts\/193042\/revisions"}],"wp:featuredmedia":[{"embeddable":true,"href":"https:\/\/www.meydan.tv\/az\/wp-json\/wp\/v2\/media\/114192"}],"wp:attachment":[{"href":"https:\/\/www.meydan.tv\/az\/wp-json\/wp\/v2\/media?parent=193042"}],"wp:term":[{"taxonomy":"category","embeddable":true,"href":"https:\/\/www.meydan.tv\/az\/wp-json\/wp\/v2\/categories?post=193042"},{"taxonomy":"post_tag","embeddable":true,"href":"https:\/\/www.meydan.tv\/az\/wp-json\/wp\/v2\/tags?post=193042"}],"curies":[{"name":"wp","href":"https:\/\/api.w.org\/{rel}","templated":true}]}}