{"id":193038,"date":"2018-12-14T21:37:49","date_gmt":"2018-12-14T21:37:49","guid":{"rendered":"https:\/\/www.meydan.tv\/article\/min-ilin-cevahir-xalasi-ve-dunenin-usaqlari\/"},"modified":"2018-12-14T21:37:49","modified_gmt":"2018-12-14T21:37:49","slug":"min-ilin-cevahir-xalasi-ve-dunenin-usaqlari","status":"publish","type":"post","link":"https:\/\/www.meydan.tv\/az\/article\/min-ilin-cevahir-xalasi-ve-dunenin-usaqlari\/","title":{"rendered":"Min ilin C\u0259vahir xalas\u0131 v\u0259 d\u00fcn\u0259nin u\u015faqlar\u0131"},"content":{"rendered":"<figure class=\"wp-block-image size-large\">\n  <img decoding=\"async\" src=\"https:\/\/www.meydan.tv\/az\/nazli-agayeva-4\/\" alt=\"Nazl\u0131 A\u011fayeva\" class=\"wp-image-80491\"\/><figcaption>\n    Nazl\u0131 A\u011fayeva<br \/>\n  <\/figcaption><\/figure>\n<p>\n  H\u0259yat\u0131n\u0131n q\u0131rx ilini b\u00f6y\u00fck \u015f\u0259h\u0259rl\u0259rin birind\u0259 T\u0259cili Tibbi Yard\u0131m X\u0259st\u0259xanas\u0131nda i\u015fl\u0259mi\u015f bac\u0131mla oturub \u0259cn\u0259bi kinoya bax\u0131rd\u0131q. Q\u0259zaya d\u00fc\u015fm\u00fc\u015f q\u0259hr\u0259man\u0131 \u201cAmbulans\u201d x\u0259st\u0259xanaya \u00e7atd\u0131rar-\u00e7atd\u0131rmaz qap\u0131da peyda olan tibbi personal yaral\u0131n\u0131 x\u0259r\u0259y\u0259 qoyub \u0259m\u0259liyyat ota\u011f\u0131na cumdu. \u0130\u00e7\u0259rid\u0259n h\u0259y\u0259canla x\u0259b\u0259r g\u00f6zl\u0259diyimiz anlarda bac\u0131m \u0259s\u0259bi-\u0259s\u0259bi dill\u0259ndi:\n<\/p>\n<p>\n  \u2013 Aaa, bir \u0259t\u0259k pul al\u0131b kino \u00e7\u0259km\u0259kl\u0259rin\u0259 bax bunlar\u0131n! Harda g\u00f6r\u00fcn\u00fcb ki, yiy\u0259si g\u0259lm\u0259mi\u015f x\u0259st\u0259ni \u0259m\u0259liyyata aparalar? D\u00fcnya d\u0259r\u0259b\u0259ylik-zadd\u0131 b\u0259y\u0259m? Bunun \u201cUZ\u0130\u201dsi var, rentgeni var, analizi, narkozu var, \u015f\u00f6b\u0259 m\u00fcdiri, ba\u015f h\u0259kimi var. Ba\u015f h\u0259kimin icra hakimiyy\u0259ti, S\u0259hiyy\u0259 Nazirliyi var. H\u0259r\u0259nin \u00f6z haqq\u0131-hesab\u0131 var. \u00dcst\u0259lik s\u00fcr\u00fcc\u00fcn\u00fcn d\u0259 bir t\u0259r\u0259fd\u0259n yalvarma\u011f\u0131 var ki, allah x\u0259trin\u0259 g\u0259lib bu allah b\u0259nd\u0259sini g\u00f6t\u00fcr\u00fcn, \u00e7a\u011f\u0131r\u0131\u015flar t\u00f6k\u00fcl\u00fcb \u00fcst\u00fcm\u00fczd\u0259 qal\u0131b.<br \/>\n  <br \/>\n  Q\u0259zal\u0131 sol aya\u011f\u0131m s\u0131z\u0131ldad\u0131, hirsind\u0259n al\u0259mi qar\u0131\u015fd\u0131rm\u0131\u015f bac\u0131ma s\u00f6hb\u0259ti d\u0259yi\u015fm\u0259k \u00fc\u00e7\u00fcn \u0259tt\u00f6k\u0259n bir sual verdim:\n<\/p>\n<p>\n  \u2013 Yeni il\u0259 n\u0259 arzulayard\u0131n?\n<\/p>\n<p>\n  Fikirl\u0259\u015fm\u0259d\u0259n cavab verdi:\n<\/p>\n<p>\n  \u2013 Az\u0259rbaycan\u0131 bu g\u00fcn\u0259 qoyanlar\u0131n v\u0259t\u0259nd\u0259 m\u00fcalic\u0259 olunmas\u0131n\u0131&#8230;<br \/>\n  <br \/>\n  Bu ara qona\u011f\u0131m\u0131z olan bioloq yeni il arzular\u0131n\u0131 dil\u0259 g\u0259tirdi:\n<\/p>\n<p>\n  \u2013 \u00c7aqqallar\u0131n gend\u0259yi\u015fm\u0259sin\u0259 qada\u011fa qoyulsun! \u00c7\u00fcnki \u00e7\u00f6ll\u00fckd\u0259n g\u0259lib qaz say\u011faclar\u0131n\u0131 m\u0259nzilin k\u0259narlar\u0131na qoyurlar. Sonra hoppan\u0131b m\u00f6h\u00fcr\u00fc q\u0131r\u0131r v\u0259 say\u011fac\u0131 s\u0131nd\u0131rm\u0131s\u0131z dey\u0259 \u0259haliy\u0259 c\u0259rim\u0259 yaz\u0131rlar.\n<\/p>\n<p>\n  \u201cGend\u0259yi\u015fm\u0259\u201dd\u0259n bir \u015fey anlamasam da, n\u0259s\u0259 bu i\u015fd\u0259 SOCAR-\u0131n \u0259li oldu\u011fu \u00fcr\u0259yim\u0259 damd\u0131.\n<\/p>\n<p>\n  \u201cWiFi\u201d-\u0131n parolunu \u00f6yr\u0259nm\u0259y\u0259 g\u0259lmi\u015f musiqi m\u00fc\u0259llim\u0259si h\u0259zin s\u0259sl\u0259 s\u00f6hb\u0259t\u0259 qar\u0131\u015fd\u0131:\n<\/p>\n<p>\n  \u2013 Hans\u0131 d\u00f6vl\u0259t idar\u0259sin\u0259 z\u0259ng vurursansa, robot adam\u0131 klassik musiqiy\u0259 ba\u011flay\u0131r v\u0259 sonra he\u00e7 kim cavab vermir. Bu halda d\u0259st\u0259y\u0259 milli s\u0259rv\u0259tl\u0259rimizd\u0259n olan \u201c\u00fc\u00e7 badam bir qoz\u201d verilsin ki, bar\u0131 \u0259limiz bo\u015fda qalmas\u0131n.\n<\/p>\n<p>\n  Musiqi m\u00fc\u0259llim\u0259sinin filoloq bac\u0131s\u0131 utana-utana m\u00fcdaxil\u0259 etdi:\n<\/p>\n<p>\n  \u2013 \u201c\u0130t yiy\u0259sini tan\u0131m\u0131r\u201d atalar s\u00f6z\u00fc l\u0259\u011fv olunsun. \u00c7\u00fcnki \u00f6lk\u0259mizin b\u00fct\u00fcn itl\u0259ri n\u0259inki yiy\u0259l\u0259rini, yiy\u0259l\u0259rinin yiy\u0259l\u0259rini d\u0259 tan\u0131y\u0131rlar. M\u0259nb\u0259: \u201cMalades, sobaka!\u201d<br \/>\n  <br \/>\n  M\u00f6vcud i\u015f\u0259g\u00f6t\u00fcrm\u0259 \u201cqanunlar\u0131\u201d s\u0259b\u0259bind\u0259n indiy\u0259 q\u0259d\u0259r ixtisas\u0131 \u00fczr\u0259 birc\u0259 g\u00fcn i\u015fl\u0259y\u0259 bilm\u0259y\u0259n otuz \u00fc\u00e7 ya\u015fl\u0131 f\u0259hl\u0259 m\u00fch\u0259ndis divar\u0131n \u00e7at yerl\u0259rini dolduraraq yor\u011fun-yor\u011fun g\u00fcl\u00fcms\u0259di:\n<\/p>\n<p>\n  \u2013 Xalq birl\u0259\u015fs\u0259, b\u00fct\u00fcn arzular \u00e7in olar&#8230;\n<\/p>\n<p>\n  \u015e\u0259h\u0259rimizin sevimli Sevda-Sevinc \u0259kizl\u0259rind\u0259n hans\u0131n\u0131nsa h\u0259y\u0259timizin pi\u015fikl\u0259rini \u0259zizl\u0259y\u0259n s\u0259si g\u0259ldi. D\u0259rhal eyvana \u00e7\u0131x\u0131b m\u0259lum sual\u0131 verdim. \u018flind\u0259ki bala pi\u015fiyi yer\u0259 qoyub dill\u0259ndi:<br \/>\n  <br \/>\n  \u2013 Yeni ild\u0259 allah bizi bu h\u00f6kum\u0259t\u0259 m\u00f6htac qoymas\u0131n. Havalar yax\u015f\u0131 ke\u00e7sin, q\u0131\u015fdan birt\u0259h\u0259r salamat \u00e7\u0131xa bil\u0259k.\n<\/p>\n<p>\n  \u201cAmin!\u201d deyib C\u0259vahir xalan\u0131 g\u00f6rm\u0259y\u0259 k\u00fc\u00e7\u0259mizin o biri t\u0259r\u0259find\u0259ki parka yolland\u0131m. M\u0259hl\u0259mizin a\u011fbir\u00e7\u0259yi oturaca\u011f\u0131n \u00fcst\u00fcnd\u0259 toyuqlar\u0131 yeml\u0259yirdi. T\u0259vaz\u00f6karcas\u0131na hal-\u0259hval tutub suala ke\u00e7m\u0259k ist\u0259y\u0259nd\u0259 C\u0259vahir xala \u00f6z\u00fc d\u0259rsimi ver\u0259r\u0259k ibr\u0259tli bir dialoqa imza atd\u0131:\n<\/p>\n<p>\n  \u2013 Qaraba\u011f \u00e7ox uzaqdad\u0131, a bala?<br \/>\n  <br \/>\n  \u2013 Yoox, h\u0259mi\u015f\u0259ki yerind\u0259dir, C\u0259vahir xala. N\u0259 olmu\u015fdu ki?<br \/>\n  <br \/>\n  \u2013 B\u0259s bunlar Qaraba\u011f\u0131 alma\u011fa d\u00fcnyan\u0131n o ba\u015f\u0131ndak\u0131 lissabonlara, br\u00fcssell\u0259r\u0259 niy\u0259 gedirl\u0259r ki?<br \/>\n  <br \/>\n  \u2013 Y\u0259qin siyasi yolla almaq ist\u0259yirl\u0259r, C\u0259vahir xala.<br \/>\n  <br \/>\n  \u2013 Siyas\u0259t s\u00fcr\u00fc\u015fk\u0259n, uzun-uzad\u0131 \u015feydi, a bala. N\u0259 zaman kimin \u0259lind\u0259 qalaca\u011f\u0131 b\u0259lli olmaz. Ondansa yeni ild\u0259n r\u0259smi d\u00f6vl\u0259t idar\u0259l\u0259ri Qaraba\u011fa k\u00f6\u00e7s\u00fcn. Ha Bak\u0131da oldu, ha Qaraba\u011fda, n\u0259 f\u0259rq ed\u0259r ki? O idar\u0259l\u0259r onsuz da xalq\u0131n \u00fcz\u00fcn\u0259 ba\u011fl\u0131d\u0131r. Bel\u0259d\u0259 he\u00e7 olmasa Bak\u0131 t\u0131xacdan n\u0259f\u0259s alar.\n<\/p>\n<p>\n  P.S. Bitm\u0259kd\u0259 olan ilin son yaz\u0131s\u0131n\u0131 xalq\u0131n m\u00fcxt\u0259lif f\u0259rdl\u0259rinin yeni il arzular\u0131na h\u0259sr etm\u0259k q\u0259rar\u0131na g\u0259ldim. B\u00fct\u00fcn hallarda yeni ilimiz m\u00fcbar\u0259k!\n<\/p><\/p>\n","protected":false},"excerpt":{"rendered":"<p>H\u0259yat\u0131n\u0131n q\u0131rx ilini b\u00f6y\u00fck \u015f\u0259h\u0259rl\u0259rin birind\u0259 T\u0259cili Tibbi Yard\u0131m X\u0259st\u0259xanas\u0131nda i\u015fl\u0259mi\u015f bac\u0131mla oturub \u0259cn\u0259bi kinoya bax\u0131rd\u0131q<\/p>\n","protected":false},"author":11,"featured_media":80491,"comment_status":"closed","ping_status":"open","sticky":false,"template":"","format":"standard","meta":{"_acf_changed":false,"_sitemap_exclude":false,"_sitemap_priority":"","_sitemap_frequency":"","footnotes":""},"categories":[57],"tags":[],"class_list":["post-193038","post","type-post","status-publish","format-standard","has-post-thumbnail","hentry","category-menim-fikrimce","infinite-scroll-item","generate-columns","tablet-grid-50","mobile-grid-100","grid-parent","grid-33","no-featured-image-padding"],"acf":[],"yoast_head":"<!-- This site is optimized with the Yoast SEO plugin v27.4 - https:\/\/yoast.com\/product\/yoast-seo-wordpress\/ -->\n<title>Min ilin C\u0259vahir xalas\u0131 v\u0259 d\u00fcn\u0259nin u\u015faqlar\u0131 - MEYDAN.TV<\/title>\n<meta name=\"robots\" content=\"index, follow, max-snippet:-1, max-image-preview:large, max-video-preview:-1\" \/>\n<link rel=\"canonical\" href=\"https:\/\/www.meydan.tv\/az\/article\/min-ilin-cevahir-xalasi-ve-dunenin-usaqlari\/\" \/>\n<meta property=\"og:locale\" content=\"az_AZ\" \/>\n<meta property=\"og:type\" content=\"article\" \/>\n<meta property=\"og:title\" content=\"Min ilin C\u0259vahir xalas\u0131 v\u0259 d\u00fcn\u0259nin u\u015faqlar\u0131 - MEYDAN.TV\" \/>\n<meta property=\"og:description\" content=\"H\u0259yat\u0131n\u0131n q\u0131rx ilini b\u00f6y\u00fck \u015f\u0259h\u0259rl\u0259rin birind\u0259 T\u0259cili Tibbi Yard\u0131m X\u0259st\u0259xanas\u0131nda i\u015fl\u0259mi\u015f bac\u0131mla oturub \u0259cn\u0259bi kinoya bax\u0131rd\u0131q\" \/>\n<meta property=\"og:url\" content=\"https:\/\/www.meydan.tv\/az\/article\/min-ilin-cevahir-xalasi-ve-dunenin-usaqlari\/\" \/>\n<meta property=\"og:site_name\" content=\"MEYDAN.TV\" \/>\n<meta property=\"article:published_time\" content=\"2018-12-14T21:37:49+00:00\" \/>\n<meta property=\"og:image\" content=\"https:\/\/www.meydan.tv\/wp-content\/uploads\/31405.jpg\" \/>\n\t<meta property=\"og:image:width\" content=\"1334\" \/>\n\t<meta property=\"og:image:height\" content=\"998\" \/>\n\t<meta property=\"og:image:type\" content=\"image\/jpeg\" \/>\n<meta name=\"author\" content=\"user-manager\" \/>\n<meta name=\"twitter:card\" content=\"summary_large_image\" \/>\n<script type=\"application\/ld+json\" class=\"yoast-schema-graph\">{\"@context\":\"https:\\\/\\\/schema.org\",\"@graph\":[{\"@type\":\"Article\",\"@id\":\"https:\\\/\\\/www.meydan.tv\\\/az\\\/article\\\/min-ilin-cevahir-xalasi-ve-dunenin-usaqlari\\\/#article\",\"isPartOf\":{\"@id\":\"https:\\\/\\\/www.meydan.tv\\\/az\\\/article\\\/min-ilin-cevahir-xalasi-ve-dunenin-usaqlari\\\/\"},\"author\":{\"name\":\"user-manager\",\"@id\":\"https:\\\/\\\/www.meydan.tv\\\/az\\\/#\\\/schema\\\/person\\\/10d11eccf6da3662cf5fdab9806ea91a\"},\"headline\":\"Min ilin C\u0259vahir xalas\u0131 v\u0259 d\u00fcn\u0259nin u\u015faqlar\u0131\",\"datePublished\":\"2018-12-14T21:37:49+00:00\",\"mainEntityOfPage\":{\"@id\":\"https:\\\/\\\/www.meydan.tv\\\/az\\\/article\\\/min-ilin-cevahir-xalasi-ve-dunenin-usaqlari\\\/\"},\"wordCount\":818,\"publisher\":{\"@id\":\"https:\\\/\\\/www.meydan.tv\\\/az\\\/#organization\"},\"image\":{\"@id\":\"https:\\\/\\\/www.meydan.tv\\\/az\\\/article\\\/min-ilin-cevahir-xalasi-ve-dunenin-usaqlari\\\/#primaryimage\"},\"thumbnailUrl\":\"https:\\\/\\\/www.meydan.tv\\\/wp-content\\\/uploads\\\/31405.jpg\",\"articleSection\":[\"M\u0259nim Fikrimc\u0259\"],\"inLanguage\":\"az\"},{\"@type\":\"WebPage\",\"@id\":\"https:\\\/\\\/www.meydan.tv\\\/az\\\/article\\\/min-ilin-cevahir-xalasi-ve-dunenin-usaqlari\\\/\",\"url\":\"https:\\\/\\\/www.meydan.tv\\\/az\\\/article\\\/min-ilin-cevahir-xalasi-ve-dunenin-usaqlari\\\/\",\"name\":\"Min ilin C\u0259vahir xalas\u0131 v\u0259 d\u00fcn\u0259nin u\u015faqlar\u0131 - MEYDAN.TV\",\"isPartOf\":{\"@id\":\"https:\\\/\\\/www.meydan.tv\\\/az\\\/#website\"},\"primaryImageOfPage\":{\"@id\":\"https:\\\/\\\/www.meydan.tv\\\/az\\\/article\\\/min-ilin-cevahir-xalasi-ve-dunenin-usaqlari\\\/#primaryimage\"},\"image\":{\"@id\":\"https:\\\/\\\/www.meydan.tv\\\/az\\\/article\\\/min-ilin-cevahir-xalasi-ve-dunenin-usaqlari\\\/#primaryimage\"},\"thumbnailUrl\":\"https:\\\/\\\/www.meydan.tv\\\/wp-content\\\/uploads\\\/31405.jpg\",\"datePublished\":\"2018-12-14T21:37:49+00:00\",\"breadcrumb\":{\"@id\":\"https:\\\/\\\/www.meydan.tv\\\/az\\\/article\\\/min-ilin-cevahir-xalasi-ve-dunenin-usaqlari\\\/#breadcrumb\"},\"inLanguage\":\"az\",\"potentialAction\":[{\"@type\":\"ReadAction\",\"target\":[\"https:\\\/\\\/www.meydan.tv\\\/az\\\/article\\\/min-ilin-cevahir-xalasi-ve-dunenin-usaqlari\\\/\"]}]},{\"@type\":\"ImageObject\",\"inLanguage\":\"az\",\"@id\":\"https:\\\/\\\/www.meydan.tv\\\/az\\\/article\\\/min-ilin-cevahir-xalasi-ve-dunenin-usaqlari\\\/#primaryimage\",\"url\":\"https:\\\/\\\/www.meydan.tv\\\/wp-content\\\/uploads\\\/31405.jpg\",\"contentUrl\":\"https:\\\/\\\/www.meydan.tv\\\/wp-content\\\/uploads\\\/31405.jpg\",\"width\":1334,\"height\":998,\"caption\":\"Source:\"},{\"@type\":\"BreadcrumbList\",\"@id\":\"https:\\\/\\\/www.meydan.tv\\\/az\\\/article\\\/min-ilin-cevahir-xalasi-ve-dunenin-usaqlari\\\/#breadcrumb\",\"itemListElement\":[{\"@type\":\"ListItem\",\"position\":1,\"name\":\"Ana s\u0259hif\u0259\",\"item\":\"https:\\\/\\\/www.meydan.tv\\\/az\\\/\"},{\"@type\":\"ListItem\",\"position\":2,\"name\":\"M\u0259nim Fikrimc\u0259\",\"item\":\"https:\\\/\\\/www.meydan.tv\\\/az\\\/section\\\/menim-fikrimce\\\/\"},{\"@type\":\"ListItem\",\"position\":3,\"name\":\"Min ilin C\u0259vahir xalas\u0131 v\u0259 d\u00fcn\u0259nin u\u015faqlar\u0131\"}]},{\"@type\":\"WebSite\",\"@id\":\"https:\\\/\\\/www.meydan.tv\\\/az\\\/#website\",\"url\":\"https:\\\/\\\/www.meydan.tv\\\/az\\\/\",\"name\":\"MEYDAN.TV\",\"description\":\"Meydan TV Az\u0259rbaycan\u0131n media m\u0259kan\u0131ndak\u0131 alternativ s\u0259sidir\",\"publisher\":{\"@id\":\"https:\\\/\\\/www.meydan.tv\\\/az\\\/#organization\"},\"potentialAction\":[{\"@type\":\"SearchAction\",\"target\":{\"@type\":\"EntryPoint\",\"urlTemplate\":\"https:\\\/\\\/www.meydan.tv\\\/az\\\/?s={search_term_string}\"},\"query-input\":{\"@type\":\"PropertyValueSpecification\",\"valueRequired\":true,\"valueName\":\"search_term_string\"}}],\"inLanguage\":\"az\"},{\"@type\":\"Organization\",\"@id\":\"https:\\\/\\\/www.meydan.tv\\\/az\\\/#organization\",\"name\":\"Meydan TV\",\"url\":\"https:\\\/\\\/www.meydan.tv\\\/az\\\/\",\"logo\":{\"@type\":\"ImageObject\",\"inLanguage\":\"az\",\"@id\":\"https:\\\/\\\/www.meydan.tv\\\/az\\\/#\\\/schema\\\/logo\\\/image\\\/\",\"url\":\"https:\\\/\\\/www.meydan.tv\\\/wp-content\\\/uploads\\\/2021\\\/07\\\/meydan-logo.svg\",\"contentUrl\":\"https:\\\/\\\/www.meydan.tv\\\/wp-content\\\/uploads\\\/2021\\\/07\\\/meydan-logo.svg\",\"width\":195,\"height\":46,\"caption\":\"Meydan TV\"},\"image\":{\"@id\":\"https:\\\/\\\/www.meydan.tv\\\/az\\\/#\\\/schema\\\/logo\\\/image\\\/\"}},{\"@type\":\"Person\",\"@id\":\"https:\\\/\\\/www.meydan.tv\\\/az\\\/#\\\/schema\\\/person\\\/10d11eccf6da3662cf5fdab9806ea91a\",\"name\":\"user-manager\"}]}<\/script>\n<!-- \/ Yoast SEO plugin. -->","yoast_head_json":{"title":"Min ilin C\u0259vahir xalas\u0131 v\u0259 d\u00fcn\u0259nin u\u015faqlar\u0131 - MEYDAN.TV","robots":{"index":"index","follow":"follow","max-snippet":"max-snippet:-1","max-image-preview":"max-image-preview:large","max-video-preview":"max-video-preview:-1"},"canonical":"https:\/\/www.meydan.tv\/az\/article\/min-ilin-cevahir-xalasi-ve-dunenin-usaqlari\/","og_locale":"az_AZ","og_type":"article","og_title":"Min ilin C\u0259vahir xalas\u0131 v\u0259 d\u00fcn\u0259nin u\u015faqlar\u0131 - MEYDAN.TV","og_description":"H\u0259yat\u0131n\u0131n q\u0131rx ilini b\u00f6y\u00fck \u015f\u0259h\u0259rl\u0259rin birind\u0259 T\u0259cili Tibbi Yard\u0131m X\u0259st\u0259xanas\u0131nda i\u015fl\u0259mi\u015f bac\u0131mla oturub \u0259cn\u0259bi kinoya bax\u0131rd\u0131q","og_url":"https:\/\/www.meydan.tv\/az\/article\/min-ilin-cevahir-xalasi-ve-dunenin-usaqlari\/","og_site_name":"MEYDAN.TV","article_published_time":"2018-12-14T21:37:49+00:00","og_image":[{"width":1334,"height":998,"url":"https:\/\/www.meydan.tv\/wp-content\/uploads\/31405.jpg","type":"image\/jpeg"}],"author":"user-manager","twitter_card":"summary_large_image","schema":{"@context":"https:\/\/schema.org","@graph":[{"@type":"Article","@id":"https:\/\/www.meydan.tv\/az\/article\/min-ilin-cevahir-xalasi-ve-dunenin-usaqlari\/#article","isPartOf":{"@id":"https:\/\/www.meydan.tv\/az\/article\/min-ilin-cevahir-xalasi-ve-dunenin-usaqlari\/"},"author":{"name":"user-manager","@id":"https:\/\/www.meydan.tv\/az\/#\/schema\/person\/10d11eccf6da3662cf5fdab9806ea91a"},"headline":"Min ilin C\u0259vahir xalas\u0131 v\u0259 d\u00fcn\u0259nin u\u015faqlar\u0131","datePublished":"2018-12-14T21:37:49+00:00","mainEntityOfPage":{"@id":"https:\/\/www.meydan.tv\/az\/article\/min-ilin-cevahir-xalasi-ve-dunenin-usaqlari\/"},"wordCount":818,"publisher":{"@id":"https:\/\/www.meydan.tv\/az\/#organization"},"image":{"@id":"https:\/\/www.meydan.tv\/az\/article\/min-ilin-cevahir-xalasi-ve-dunenin-usaqlari\/#primaryimage"},"thumbnailUrl":"https:\/\/www.meydan.tv\/wp-content\/uploads\/31405.jpg","articleSection":["M\u0259nim Fikrimc\u0259"],"inLanguage":"az"},{"@type":"WebPage","@id":"https:\/\/www.meydan.tv\/az\/article\/min-ilin-cevahir-xalasi-ve-dunenin-usaqlari\/","url":"https:\/\/www.meydan.tv\/az\/article\/min-ilin-cevahir-xalasi-ve-dunenin-usaqlari\/","name":"Min ilin C\u0259vahir xalas\u0131 v\u0259 d\u00fcn\u0259nin u\u015faqlar\u0131 - MEYDAN.TV","isPartOf":{"@id":"https:\/\/www.meydan.tv\/az\/#website"},"primaryImageOfPage":{"@id":"https:\/\/www.meydan.tv\/az\/article\/min-ilin-cevahir-xalasi-ve-dunenin-usaqlari\/#primaryimage"},"image":{"@id":"https:\/\/www.meydan.tv\/az\/article\/min-ilin-cevahir-xalasi-ve-dunenin-usaqlari\/#primaryimage"},"thumbnailUrl":"https:\/\/www.meydan.tv\/wp-content\/uploads\/31405.jpg","datePublished":"2018-12-14T21:37:49+00:00","breadcrumb":{"@id":"https:\/\/www.meydan.tv\/az\/article\/min-ilin-cevahir-xalasi-ve-dunenin-usaqlari\/#breadcrumb"},"inLanguage":"az","potentialAction":[{"@type":"ReadAction","target":["https:\/\/www.meydan.tv\/az\/article\/min-ilin-cevahir-xalasi-ve-dunenin-usaqlari\/"]}]},{"@type":"ImageObject","inLanguage":"az","@id":"https:\/\/www.meydan.tv\/az\/article\/min-ilin-cevahir-xalasi-ve-dunenin-usaqlari\/#primaryimage","url":"https:\/\/www.meydan.tv\/wp-content\/uploads\/31405.jpg","contentUrl":"https:\/\/www.meydan.tv\/wp-content\/uploads\/31405.jpg","width":1334,"height":998,"caption":"Source:"},{"@type":"BreadcrumbList","@id":"https:\/\/www.meydan.tv\/az\/article\/min-ilin-cevahir-xalasi-ve-dunenin-usaqlari\/#breadcrumb","itemListElement":[{"@type":"ListItem","position":1,"name":"Ana s\u0259hif\u0259","item":"https:\/\/www.meydan.tv\/az\/"},{"@type":"ListItem","position":2,"name":"M\u0259nim Fikrimc\u0259","item":"https:\/\/www.meydan.tv\/az\/section\/menim-fikrimce\/"},{"@type":"ListItem","position":3,"name":"Min ilin C\u0259vahir xalas\u0131 v\u0259 d\u00fcn\u0259nin u\u015faqlar\u0131"}]},{"@type":"WebSite","@id":"https:\/\/www.meydan.tv\/az\/#website","url":"https:\/\/www.meydan.tv\/az\/","name":"MEYDAN.TV","description":"Meydan TV Az\u0259rbaycan\u0131n media m\u0259kan\u0131ndak\u0131 alternativ s\u0259sidir","publisher":{"@id":"https:\/\/www.meydan.tv\/az\/#organization"},"potentialAction":[{"@type":"SearchAction","target":{"@type":"EntryPoint","urlTemplate":"https:\/\/www.meydan.tv\/az\/?s={search_term_string}"},"query-input":{"@type":"PropertyValueSpecification","valueRequired":true,"valueName":"search_term_string"}}],"inLanguage":"az"},{"@type":"Organization","@id":"https:\/\/www.meydan.tv\/az\/#organization","name":"Meydan TV","url":"https:\/\/www.meydan.tv\/az\/","logo":{"@type":"ImageObject","inLanguage":"az","@id":"https:\/\/www.meydan.tv\/az\/#\/schema\/logo\/image\/","url":"https:\/\/www.meydan.tv\/wp-content\/uploads\/2021\/07\/meydan-logo.svg","contentUrl":"https:\/\/www.meydan.tv\/wp-content\/uploads\/2021\/07\/meydan-logo.svg","width":195,"height":46,"caption":"Meydan TV"},"image":{"@id":"https:\/\/www.meydan.tv\/az\/#\/schema\/logo\/image\/"}},{"@type":"Person","@id":"https:\/\/www.meydan.tv\/az\/#\/schema\/person\/10d11eccf6da3662cf5fdab9806ea91a","name":"user-manager"}]}},"_links":{"self":[{"href":"https:\/\/www.meydan.tv\/az\/wp-json\/wp\/v2\/posts\/193038","targetHints":{"allow":["GET"]}}],"collection":[{"href":"https:\/\/www.meydan.tv\/az\/wp-json\/wp\/v2\/posts"}],"about":[{"href":"https:\/\/www.meydan.tv\/az\/wp-json\/wp\/v2\/types\/post"}],"author":[{"embeddable":true,"href":"https:\/\/www.meydan.tv\/az\/wp-json\/wp\/v2\/users\/11"}],"replies":[{"embeddable":true,"href":"https:\/\/www.meydan.tv\/az\/wp-json\/wp\/v2\/comments?post=193038"}],"version-history":[{"count":0,"href":"https:\/\/www.meydan.tv\/az\/wp-json\/wp\/v2\/posts\/193038\/revisions"}],"wp:featuredmedia":[{"embeddable":true,"href":"https:\/\/www.meydan.tv\/az\/wp-json\/wp\/v2\/media\/80491"}],"wp:attachment":[{"href":"https:\/\/www.meydan.tv\/az\/wp-json\/wp\/v2\/media?parent=193038"}],"wp:term":[{"taxonomy":"category","embeddable":true,"href":"https:\/\/www.meydan.tv\/az\/wp-json\/wp\/v2\/categories?post=193038"},{"taxonomy":"post_tag","embeddable":true,"href":"https:\/\/www.meydan.tv\/az\/wp-json\/wp\/v2\/tags?post=193038"}],"curies":[{"name":"wp","href":"https:\/\/api.w.org\/{rel}","templated":true}]}}