{"id":193027,"date":"2018-12-14T15:34:13","date_gmt":"2018-12-14T15:34:13","guid":{"rendered":"https:\/\/www.meydan.tv\/article\/agsu-sakini-burada-insan-yasamaz-insafiniz-olsun\/"},"modified":"2018-12-14T15:34:13","modified_gmt":"2018-12-14T15:34:13","slug":"agsu-sakini-burada-insan-yasamaz-insafiniz-olsun","status":"publish","type":"post","link":"https:\/\/www.meydan.tv\/az\/article\/agsu-sakini-burada-insan-yasamaz-insafiniz-olsun\/","title":{"rendered":"A\u011fsu sakini: Burada insan ya\u015famaz, insaf\u0131n\u0131z olsun"},"content":{"rendered":"<figure class=\"wp-block-image size-large\">\n  <img decoding=\"async\" src=\"https:\/\/www.meydan.tv\/az\/114117\/\" alt=\"\" class=\"wp-image-114117\"\/><figcaption><\/figcaption><\/figure>\n<p>\n  <i><br \/>\n    &#8221;Bu boyda ail\u0259 anam\u0131n 260 manat pensiya pulu il\u0259 dolan\u0131r\u0131q&#8221;<br \/>\n  <\/i>\n<\/p>\n<p>\n  &#8220;\u00dc\u00e7 azya\u015fl\u0131 \u00f6vlad\u0131m, h\u0259yat yolda\u015f\u0131m v\u0259 x\u0259st\u0259 anamla q\u0259za v\u0259ziyy\u0259tind\u0259 olan evd\u0259 ya\u015fay\u0131r\u0131q. H\u0259r gec\u0259 s\u0259ks\u0259k\u0259, qorxu i\u00e7\u0259risind\u0259y\u0259m ki, ev ba\u015f\u0131m\u0131za u\u00e7acaq, qalaca\u011f\u0131q alt\u0131nda&#8221;.\n<\/p>\n<p>\n  Bunu Meydan TV-y\u0259 A\u011fsu \u015f\u0259h\u0259ri, Qa\u00e7aq N\u0259bi k\u00fc\u00e7\u0259si, 4 sayl\u0131 evd\u0259 ya\u015fayan 36 ya\u015fl\u0131 Murad Soltanov deyir. Onun s\u00f6zl\u0259rin\u0259 g\u00f6r\u0259, ev t\u0259xmin\u0259n 60-70 il \u00f6nc\u0259 pal\u00e7\u0131q v\u0259 k\u0259rpicd\u0259n tikilib:\n<\/p>\n<p>\n  &#8220;A\u011fsuda bu v\u0259ziyy\u0259td\u0259 ikinci bir ev tapa bilm\u0259zsiniz. Bir g\u00fcn u\u00e7ub-da\u011f\u0131lacaq, k\u00f6rp\u0259 u\u015faqlar\u0131m alt\u0131nda qalacaq&#8221;.\n<\/p>\n<figure class=\"wp-block-image size-large\">\n  <img decoding=\"async\" src=\"https:\/\/www.meydan.tv\/az\/114114\/\" alt=\"\" class=\"wp-image-114114\"\/><figcaption><\/figcaption><\/figure>\n<p>\n  \u015eikay\u0259t\u00e7i deyir ki, m\u0259s\u0259l\u0259 il\u0259 ba\u011fl\u0131 F\u00f6vq\u0259lad\u0259 Hallar Nazirliyin\u0259 (FHN) v\u0259 Birinci vitse-prezident Mehriban \u018fliyevaya m\u00fcraci\u0259t ets\u0259 d\u0259, he\u00e7 bir n\u0259tic\u0259si olmay\u0131b:\n<\/p>\n<p>\n  &#8220;Evin \u015f\u0259kill\u0259rini \u00e7\u0259kib, m\u0259ktubla yollad\u0131m. On g\u00fcn \u00e7\u0259km\u0259di he\u00e7, A\u011fsu Rayon \u0130cra Hakimiyy\u0259tind\u0259n t\u00f6k\u00fcl\u00fcb, g\u0259ldil\u0259r. \u0130ki-\u00fc\u00e7 n\u0259f\u0259r y\u0131\u011f\u0131ld\u0131, evin oras\u0131na-buras\u0131na baxd\u0131lar, dedil\u0259r ki, b\u0259s, bay\u0131r hiss\u0259sind\u0259 suvaq i\u015fl\u0259ri ed\u0259 bil\u0259rik. M\u0259n d\u0259 cavab verdim ki, evin bay\u0131r hiss\u0259sini yalandan b\u0259z\u0259yib, suvama\u011fa ehtiyac yoxdur. Sald\u0131m onlar\u0131 ota\u011fa, dedim ki, bax\u0131n, he\u00e7 mal t\u00f6vl\u0259si bel\u0259 deyil. Burada insan ya\u015famaz, insaf\u0131n\u0131z olsun. He\u00e7 bir n\u0259tic\u0259si olmad\u0131, g\u0259ldikl\u0259ri kimi d\u0259 \u00e7\u0131x\u0131b getdil\u0259r&#8221;.\n<\/p>\n<figure class=\"wp-block-image size-large\">\n  <img decoding=\"async\" src=\"https:\/\/www.meydan.tv\/az\/murad-soltanov\/\" alt=\"Murad Soltanov\" class=\"wp-image-114123\"\/><figcaption>\n    Murad Soltanov<br \/>\n  <\/figcaption><\/figure>\n<p>\n  &#8220;B\u00fct\u00fcn bunlar azm\u0131\u015f kimi, i\u015f\u0131\u011f\u0131m\u0131 da k\u0259sibl\u0259r. &#8220;Az\u0259ri\u015f\u0131q&#8221;dan g\u0259lib, dedil\u0259r ki, 700 manat borcun var. M\u0259n d\u0259 dedim ki, h\u0259r ay 30 manat \u00f6d\u0259y\u0259c\u0259y\u0259m, amma i\u015f\u0131\u011f\u0131 k\u0259sm\u0259yin. Bildirdim ki, evd\u0259 x\u0259st\u0259 anam, k\u00f6rp\u0259 u\u015faqlar\u0131m var. Anam\u0131n \u015f\u0259k\u0259ri var, h\u0259m d\u0259 dializ x\u0259st\u0259sidir. O, qarda\u015f\u0131m\u0131n \u00f6l\u00fcm\u00fcnd\u0259n sonra \u015foka d\u00fc\u015fd\u00fc, \u00e7\u0131xm\u0131r, beynind\u0259 quruma gedir. T\u0259bii ehtiyaclar\u0131n\u0131 \u00f6d\u0259y\u0259 d\u0259 bilmir. H\u0259yat yolda\u015f\u0131m olmasa, ona he\u00e7 kim baxmaz. \u0130\u015f\u0131\u011f\u0131m\u0131z\u0131 k\u0259ss\u0259niz, yaman g\u00fcn\u0259 qalaca\u011f\u0131q. He\u00e7 n\u0259y\u0259 \u0259h\u0259miyy\u0259t verm\u0259yib i\u015f\u0131\u011f\u0131 k\u0259sdil\u0259r. Dedil\u0259r ki, yox, biz\u0259 \u0259mr olunub, sizin i\u015f\u0131\u011f\u0131n\u0131z k\u0259silm\u0259lidir. \u0130lyar\u0131md\u0131r ki, i\u015f\u0131qs\u0131z qalm\u0131\u015fam. Qon\u015fudan elektrik x\u0259tti \u00e7\u0259kmi\u015f\u0259m. H\u0259r ay ona 10 manat pul verir\u0259m. Bunu bilib, &#8220;Az\u0259ri\u015f\u0131q&#8221;dan g\u0259ldil\u0259r, dedil\u0259r ki, qon\u015fuya, s\u0259n\u0259 elektrik x\u0259tti verdiyi \u00fc\u00e7\u00fcn c\u0259rim\u0259 yazaca\u011f\u0131q. Sonra da ba\u015flad\u0131lar ki, pulun ham\u0131s\u0131n\u0131 bird\u0259f\u0259lik \u00f6d\u0259m\u0259lis\u0259n. M\u0259n he\u00e7 ay \u0259rzind\u0259 300 manat qazanm\u0131ram. 700 manat\u0131 nec\u0259 \u00f6d\u0259yim? Normal i\u015fim olsa, h\u0259min pulu \u00f6d\u0259y\u0259r\u0259m, he\u00e7 g\u00f6z\u00fcm\u0259 d\u0259 g\u00f6r\u00fcnm\u0259z. Bu boyda ail\u0259 anam\u0131n 260 manat pensiya pulu il\u0259 dolan\u0131r\u0131q. \u00d6z\u00fcm d\u0259 f\u0259hl\u0259 i\u015fl\u0259yir\u0259m. Daimi i\u015fim olmur&#8221;.\n<\/p>\n<figure class=\"wp-block-image size-large\">\n  <img decoding=\"async\" src=\"https:\/\/www.meydan.tv\/az\/114126\/\" alt=\"\" class=\"wp-image-114126\"\/><figcaption><\/figcaption><\/figure>\n<p>\n  A\u011fsu Rayon \u0130cra Hakimiyy\u0259tind\u0259n Meydan TV-y\u0259 bildirdil\u0259r ki, \u015fikay\u0259t\u0259 bax\u0131l\u0131b:\n<\/p>\n<p>\n  &#8220;N\u00fcmay\u0259nd\u0259l\u0259r g\u00f6nd\u0259rdik, ev\u0259 baxd\u0131lar. \u0130cra Hakimiyy\u0259tinin el\u0259 bir b\u00fcdc\u0259si yoxdur ki, kimins\u0259 evini t\u0259mir etsin&#8221;.\n<\/p>\n<p>\n  \u201cAz\u0259ri\u015f\u0131q\u201d ASC-nin m\u0259tbuat xidm\u0259tinin r\u0259hb\u0259ri Tanr\u0131verdi Mustafayev Meydan TV-y\u0259 bildirdi ki, h\u0259min \u015f\u0259xsin i\u015f\u0131\u011f\u0131 yaln\u0131z ayda 100 manat \u00f6d\u0259ni\u015f etdiyi t\u0259qdird\u0259, b\u0259rpa edil\u0259 bil\u0259r.<\/p>\n","protected":false},"excerpt":{"rendered":"<p>&#8221;Bu boyda ail\u0259 anam\u0131n 260 manat pensiya pulu il\u0259 dolan\u0131r\u0131q&#8221;<\/p>\n","protected":false},"author":11,"featured_media":114117,"comment_status":"closed","ping_status":"open","sticky":false,"template":"","format":"standard","meta":{"_acf_changed":false,"_sitemap_exclude":false,"_sitemap_priority":"","_sitemap_frequency":"","footnotes":""},"categories":[60],"tags":[],"class_list":["post-193027","post","type-post","status-publish","format-standard","has-post-thumbnail","hentry","category-bolge","infinite-scroll-item","generate-columns","tablet-grid-50","mobile-grid-100","grid-parent","grid-33","no-featured-image-padding"],"acf":[],"yoast_head":"<!-- This site is optimized with the Yoast SEO plugin v27.4 - https:\/\/yoast.com\/product\/yoast-seo-wordpress\/ -->\n<title>A\u011fsu sakini: Burada insan ya\u015famaz, insaf\u0131n\u0131z olsun - MEYDAN.TV<\/title>\n<meta name=\"robots\" content=\"index, follow, max-snippet:-1, max-image-preview:large, max-video-preview:-1\" \/>\n<link rel=\"canonical\" href=\"https:\/\/www.meydan.tv\/az\/article\/agsu-sakini-burada-insan-yasamaz-insafiniz-olsun\/\" \/>\n<meta property=\"og:locale\" content=\"az_AZ\" \/>\n<meta property=\"og:type\" content=\"article\" \/>\n<meta property=\"og:title\" content=\"A\u011fsu sakini: Burada insan ya\u015famaz, insaf\u0131n\u0131z olsun - MEYDAN.TV\" \/>\n<meta property=\"og:description\" content=\"&#039;&#039;Bu boyda ail\u0259 anam\u0131n 260 manat pensiya pulu il\u0259 dolan\u0131r\u0131q&#039;&#039;\" \/>\n<meta property=\"og:url\" content=\"https:\/\/www.meydan.tv\/az\/article\/agsu-sakini-burada-insan-yasamaz-insafiniz-olsun\/\" \/>\n<meta property=\"og:site_name\" content=\"MEYDAN.TV\" \/>\n<meta property=\"article:published_time\" content=\"2018-12-14T15:34:13+00:00\" \/>\n<meta property=\"og:image\" content=\"https:\/\/www.meydan.tv\/wp-content\/uploads\/45463.jpg\" \/>\n\t<meta property=\"og:image:width\" content=\"960\" \/>\n\t<meta property=\"og:image:height\" content=\"720\" \/>\n\t<meta property=\"og:image:type\" content=\"image\/jpeg\" \/>\n<meta name=\"author\" content=\"user-manager\" \/>\n<meta name=\"twitter:card\" content=\"summary_large_image\" \/>\n<script type=\"application\/ld+json\" class=\"yoast-schema-graph\">{\"@context\":\"https:\\\/\\\/schema.org\",\"@graph\":[{\"@type\":\"Article\",\"@id\":\"https:\\\/\\\/www.meydan.tv\\\/az\\\/article\\\/agsu-sakini-burada-insan-yasamaz-insafiniz-olsun\\\/#article\",\"isPartOf\":{\"@id\":\"https:\\\/\\\/www.meydan.tv\\\/az\\\/article\\\/agsu-sakini-burada-insan-yasamaz-insafiniz-olsun\\\/\"},\"author\":{\"name\":\"user-manager\",\"@id\":\"https:\\\/\\\/www.meydan.tv\\\/az\\\/#\\\/schema\\\/person\\\/10d11eccf6da3662cf5fdab9806ea91a\"},\"headline\":\"A\u011fsu sakini: Burada insan ya\u015famaz, insaf\u0131n\u0131z olsun\",\"datePublished\":\"2018-12-14T15:34:13+00:00\",\"mainEntityOfPage\":{\"@id\":\"https:\\\/\\\/www.meydan.tv\\\/az\\\/article\\\/agsu-sakini-burada-insan-yasamaz-insafiniz-olsun\\\/\"},\"wordCount\":625,\"publisher\":{\"@id\":\"https:\\\/\\\/www.meydan.tv\\\/az\\\/#organization\"},\"image\":{\"@id\":\"https:\\\/\\\/www.meydan.tv\\\/az\\\/article\\\/agsu-sakini-burada-insan-yasamaz-insafiniz-olsun\\\/#primaryimage\"},\"thumbnailUrl\":\"https:\\\/\\\/www.meydan.tv\\\/wp-content\\\/uploads\\\/45463.jpg\",\"articleSection\":[\"B\u00f6lg\u0259\"],\"inLanguage\":\"az\"},{\"@type\":\"WebPage\",\"@id\":\"https:\\\/\\\/www.meydan.tv\\\/az\\\/article\\\/agsu-sakini-burada-insan-yasamaz-insafiniz-olsun\\\/\",\"url\":\"https:\\\/\\\/www.meydan.tv\\\/az\\\/article\\\/agsu-sakini-burada-insan-yasamaz-insafiniz-olsun\\\/\",\"name\":\"A\u011fsu sakini: Burada insan ya\u015famaz, insaf\u0131n\u0131z olsun - MEYDAN.TV\",\"isPartOf\":{\"@id\":\"https:\\\/\\\/www.meydan.tv\\\/az\\\/#website\"},\"primaryImageOfPage\":{\"@id\":\"https:\\\/\\\/www.meydan.tv\\\/az\\\/article\\\/agsu-sakini-burada-insan-yasamaz-insafiniz-olsun\\\/#primaryimage\"},\"image\":{\"@id\":\"https:\\\/\\\/www.meydan.tv\\\/az\\\/article\\\/agsu-sakini-burada-insan-yasamaz-insafiniz-olsun\\\/#primaryimage\"},\"thumbnailUrl\":\"https:\\\/\\\/www.meydan.tv\\\/wp-content\\\/uploads\\\/45463.jpg\",\"datePublished\":\"2018-12-14T15:34:13+00:00\",\"breadcrumb\":{\"@id\":\"https:\\\/\\\/www.meydan.tv\\\/az\\\/article\\\/agsu-sakini-burada-insan-yasamaz-insafiniz-olsun\\\/#breadcrumb\"},\"inLanguage\":\"az\",\"potentialAction\":[{\"@type\":\"ReadAction\",\"target\":[\"https:\\\/\\\/www.meydan.tv\\\/az\\\/article\\\/agsu-sakini-burada-insan-yasamaz-insafiniz-olsun\\\/\"]}]},{\"@type\":\"ImageObject\",\"inLanguage\":\"az\",\"@id\":\"https:\\\/\\\/www.meydan.tv\\\/az\\\/article\\\/agsu-sakini-burada-insan-yasamaz-insafiniz-olsun\\\/#primaryimage\",\"url\":\"https:\\\/\\\/www.meydan.tv\\\/wp-content\\\/uploads\\\/45463.jpg\",\"contentUrl\":\"https:\\\/\\\/www.meydan.tv\\\/wp-content\\\/uploads\\\/45463.jpg\",\"width\":960,\"height\":720,\"caption\":\"Source:\"},{\"@type\":\"BreadcrumbList\",\"@id\":\"https:\\\/\\\/www.meydan.tv\\\/az\\\/article\\\/agsu-sakini-burada-insan-yasamaz-insafiniz-olsun\\\/#breadcrumb\",\"itemListElement\":[{\"@type\":\"ListItem\",\"position\":1,\"name\":\"Ana s\u0259hif\u0259\",\"item\":\"https:\\\/\\\/www.meydan.tv\\\/az\\\/\"},{\"@type\":\"ListItem\",\"position\":2,\"name\":\"B\u00f6lg\u0259\",\"item\":\"https:\\\/\\\/www.meydan.tv\\\/az\\\/section\\\/bolge\\\/\"},{\"@type\":\"ListItem\",\"position\":3,\"name\":\"A\u011fsu sakini: Burada insan ya\u015famaz, insaf\u0131n\u0131z olsun\"}]},{\"@type\":\"WebSite\",\"@id\":\"https:\\\/\\\/www.meydan.tv\\\/az\\\/#website\",\"url\":\"https:\\\/\\\/www.meydan.tv\\\/az\\\/\",\"name\":\"MEYDAN.TV\",\"description\":\"Meydan TV Az\u0259rbaycan\u0131n media m\u0259kan\u0131ndak\u0131 alternativ s\u0259sidir\",\"publisher\":{\"@id\":\"https:\\\/\\\/www.meydan.tv\\\/az\\\/#organization\"},\"potentialAction\":[{\"@type\":\"SearchAction\",\"target\":{\"@type\":\"EntryPoint\",\"urlTemplate\":\"https:\\\/\\\/www.meydan.tv\\\/az\\\/?s={search_term_string}\"},\"query-input\":{\"@type\":\"PropertyValueSpecification\",\"valueRequired\":true,\"valueName\":\"search_term_string\"}}],\"inLanguage\":\"az\"},{\"@type\":\"Organization\",\"@id\":\"https:\\\/\\\/www.meydan.tv\\\/az\\\/#organization\",\"name\":\"Meydan TV\",\"url\":\"https:\\\/\\\/www.meydan.tv\\\/az\\\/\",\"logo\":{\"@type\":\"ImageObject\",\"inLanguage\":\"az\",\"@id\":\"https:\\\/\\\/www.meydan.tv\\\/az\\\/#\\\/schema\\\/logo\\\/image\\\/\",\"url\":\"https:\\\/\\\/www.meydan.tv\\\/wp-content\\\/uploads\\\/2021\\\/07\\\/meydan-logo.svg\",\"contentUrl\":\"https:\\\/\\\/www.meydan.tv\\\/wp-content\\\/uploads\\\/2021\\\/07\\\/meydan-logo.svg\",\"width\":195,\"height\":46,\"caption\":\"Meydan TV\"},\"image\":{\"@id\":\"https:\\\/\\\/www.meydan.tv\\\/az\\\/#\\\/schema\\\/logo\\\/image\\\/\"}},{\"@type\":\"Person\",\"@id\":\"https:\\\/\\\/www.meydan.tv\\\/az\\\/#\\\/schema\\\/person\\\/10d11eccf6da3662cf5fdab9806ea91a\",\"name\":\"user-manager\"}]}<\/script>\n<!-- \/ Yoast SEO plugin. -->","yoast_head_json":{"title":"A\u011fsu sakini: Burada insan ya\u015famaz, insaf\u0131n\u0131z olsun - MEYDAN.TV","robots":{"index":"index","follow":"follow","max-snippet":"max-snippet:-1","max-image-preview":"max-image-preview:large","max-video-preview":"max-video-preview:-1"},"canonical":"https:\/\/www.meydan.tv\/az\/article\/agsu-sakini-burada-insan-yasamaz-insafiniz-olsun\/","og_locale":"az_AZ","og_type":"article","og_title":"A\u011fsu sakini: Burada insan ya\u015famaz, insaf\u0131n\u0131z olsun - MEYDAN.TV","og_description":"''Bu boyda ail\u0259 anam\u0131n 260 manat pensiya pulu il\u0259 dolan\u0131r\u0131q''","og_url":"https:\/\/www.meydan.tv\/az\/article\/agsu-sakini-burada-insan-yasamaz-insafiniz-olsun\/","og_site_name":"MEYDAN.TV","article_published_time":"2018-12-14T15:34:13+00:00","og_image":[{"width":960,"height":720,"url":"https:\/\/www.meydan.tv\/wp-content\/uploads\/45463.jpg","type":"image\/jpeg"}],"author":"user-manager","twitter_card":"summary_large_image","schema":{"@context":"https:\/\/schema.org","@graph":[{"@type":"Article","@id":"https:\/\/www.meydan.tv\/az\/article\/agsu-sakini-burada-insan-yasamaz-insafiniz-olsun\/#article","isPartOf":{"@id":"https:\/\/www.meydan.tv\/az\/article\/agsu-sakini-burada-insan-yasamaz-insafiniz-olsun\/"},"author":{"name":"user-manager","@id":"https:\/\/www.meydan.tv\/az\/#\/schema\/person\/10d11eccf6da3662cf5fdab9806ea91a"},"headline":"A\u011fsu sakini: Burada insan ya\u015famaz, insaf\u0131n\u0131z olsun","datePublished":"2018-12-14T15:34:13+00:00","mainEntityOfPage":{"@id":"https:\/\/www.meydan.tv\/az\/article\/agsu-sakini-burada-insan-yasamaz-insafiniz-olsun\/"},"wordCount":625,"publisher":{"@id":"https:\/\/www.meydan.tv\/az\/#organization"},"image":{"@id":"https:\/\/www.meydan.tv\/az\/article\/agsu-sakini-burada-insan-yasamaz-insafiniz-olsun\/#primaryimage"},"thumbnailUrl":"https:\/\/www.meydan.tv\/wp-content\/uploads\/45463.jpg","articleSection":["B\u00f6lg\u0259"],"inLanguage":"az"},{"@type":"WebPage","@id":"https:\/\/www.meydan.tv\/az\/article\/agsu-sakini-burada-insan-yasamaz-insafiniz-olsun\/","url":"https:\/\/www.meydan.tv\/az\/article\/agsu-sakini-burada-insan-yasamaz-insafiniz-olsun\/","name":"A\u011fsu sakini: Burada insan ya\u015famaz, insaf\u0131n\u0131z olsun - MEYDAN.TV","isPartOf":{"@id":"https:\/\/www.meydan.tv\/az\/#website"},"primaryImageOfPage":{"@id":"https:\/\/www.meydan.tv\/az\/article\/agsu-sakini-burada-insan-yasamaz-insafiniz-olsun\/#primaryimage"},"image":{"@id":"https:\/\/www.meydan.tv\/az\/article\/agsu-sakini-burada-insan-yasamaz-insafiniz-olsun\/#primaryimage"},"thumbnailUrl":"https:\/\/www.meydan.tv\/wp-content\/uploads\/45463.jpg","datePublished":"2018-12-14T15:34:13+00:00","breadcrumb":{"@id":"https:\/\/www.meydan.tv\/az\/article\/agsu-sakini-burada-insan-yasamaz-insafiniz-olsun\/#breadcrumb"},"inLanguage":"az","potentialAction":[{"@type":"ReadAction","target":["https:\/\/www.meydan.tv\/az\/article\/agsu-sakini-burada-insan-yasamaz-insafiniz-olsun\/"]}]},{"@type":"ImageObject","inLanguage":"az","@id":"https:\/\/www.meydan.tv\/az\/article\/agsu-sakini-burada-insan-yasamaz-insafiniz-olsun\/#primaryimage","url":"https:\/\/www.meydan.tv\/wp-content\/uploads\/45463.jpg","contentUrl":"https:\/\/www.meydan.tv\/wp-content\/uploads\/45463.jpg","width":960,"height":720,"caption":"Source:"},{"@type":"BreadcrumbList","@id":"https:\/\/www.meydan.tv\/az\/article\/agsu-sakini-burada-insan-yasamaz-insafiniz-olsun\/#breadcrumb","itemListElement":[{"@type":"ListItem","position":1,"name":"Ana s\u0259hif\u0259","item":"https:\/\/www.meydan.tv\/az\/"},{"@type":"ListItem","position":2,"name":"B\u00f6lg\u0259","item":"https:\/\/www.meydan.tv\/az\/section\/bolge\/"},{"@type":"ListItem","position":3,"name":"A\u011fsu sakini: Burada insan ya\u015famaz, insaf\u0131n\u0131z olsun"}]},{"@type":"WebSite","@id":"https:\/\/www.meydan.tv\/az\/#website","url":"https:\/\/www.meydan.tv\/az\/","name":"MEYDAN.TV","description":"Meydan TV Az\u0259rbaycan\u0131n media m\u0259kan\u0131ndak\u0131 alternativ s\u0259sidir","publisher":{"@id":"https:\/\/www.meydan.tv\/az\/#organization"},"potentialAction":[{"@type":"SearchAction","target":{"@type":"EntryPoint","urlTemplate":"https:\/\/www.meydan.tv\/az\/?s={search_term_string}"},"query-input":{"@type":"PropertyValueSpecification","valueRequired":true,"valueName":"search_term_string"}}],"inLanguage":"az"},{"@type":"Organization","@id":"https:\/\/www.meydan.tv\/az\/#organization","name":"Meydan TV","url":"https:\/\/www.meydan.tv\/az\/","logo":{"@type":"ImageObject","inLanguage":"az","@id":"https:\/\/www.meydan.tv\/az\/#\/schema\/logo\/image\/","url":"https:\/\/www.meydan.tv\/wp-content\/uploads\/2021\/07\/meydan-logo.svg","contentUrl":"https:\/\/www.meydan.tv\/wp-content\/uploads\/2021\/07\/meydan-logo.svg","width":195,"height":46,"caption":"Meydan TV"},"image":{"@id":"https:\/\/www.meydan.tv\/az\/#\/schema\/logo\/image\/"}},{"@type":"Person","@id":"https:\/\/www.meydan.tv\/az\/#\/schema\/person\/10d11eccf6da3662cf5fdab9806ea91a","name":"user-manager"}]}},"_links":{"self":[{"href":"https:\/\/www.meydan.tv\/az\/wp-json\/wp\/v2\/posts\/193027","targetHints":{"allow":["GET"]}}],"collection":[{"href":"https:\/\/www.meydan.tv\/az\/wp-json\/wp\/v2\/posts"}],"about":[{"href":"https:\/\/www.meydan.tv\/az\/wp-json\/wp\/v2\/types\/post"}],"author":[{"embeddable":true,"href":"https:\/\/www.meydan.tv\/az\/wp-json\/wp\/v2\/users\/11"}],"replies":[{"embeddable":true,"href":"https:\/\/www.meydan.tv\/az\/wp-json\/wp\/v2\/comments?post=193027"}],"version-history":[{"count":0,"href":"https:\/\/www.meydan.tv\/az\/wp-json\/wp\/v2\/posts\/193027\/revisions"}],"wp:featuredmedia":[{"embeddable":true,"href":"https:\/\/www.meydan.tv\/az\/wp-json\/wp\/v2\/media\/114117"}],"wp:attachment":[{"href":"https:\/\/www.meydan.tv\/az\/wp-json\/wp\/v2\/media?parent=193027"}],"wp:term":[{"taxonomy":"category","embeddable":true,"href":"https:\/\/www.meydan.tv\/az\/wp-json\/wp\/v2\/categories?post=193027"},{"taxonomy":"post_tag","embeddable":true,"href":"https:\/\/www.meydan.tv\/az\/wp-json\/wp\/v2\/tags?post=193027"}],"curies":[{"name":"wp","href":"https:\/\/api.w.org\/{rel}","templated":true}]}}