{"id":193014,"date":"2018-12-13T19:25:08","date_gmt":"2018-12-13T19:25:08","guid":{"rendered":"https:\/\/www.meydan.tv\/article\/bu-il-azerbaycani-hansi-sirketler-terk-etdi\/"},"modified":"2018-12-13T19:25:08","modified_gmt":"2018-12-13T19:25:08","slug":"bu-il-azerbaycani-hansi-sirketler-terk-etdi","status":"publish","type":"post","link":"https:\/\/www.meydan.tv\/az\/article\/bu-il-azerbaycani-hansi-sirketler-terk-etdi\/","title":{"rendered":"Bu il Az\u0259rbaycan\u0131 hans\u0131 \u015firk\u0259tl\u0259r t\u0259rk etdi?"},"content":{"rendered":"<figure class=\"wp-block-image size-large\">\n  <img decoding=\"async\" src=\"https:\/\/www.meydan.tv\/az\/foto-turan-ia-21\/\" alt=\"foto Turan \u0130A\" class=\"wp-image-114084\"\/><figcaption>\n    foto Turan \u0130A<br \/>\n  <\/figcaption><\/figure>\n<p>\n  \u015eirk\u0259tl\u0259rin v\u0259 s\u0259firlikl\u0259rin gedi\u015fi \u201cciddi hadis\u0259l\u0259r\u201din m\u00fcmk\u00fcnl\u00fcy\u00fcnd\u0259n x\u0259b\u0259r verir\n<\/p>\n<p>\n  \u0130l h\u0259y\u0259canl\u0131 x\u0259b\u0259rl\u0259r il\u0259 ba\u015fa \u00e7at\u0131r &#8211; Amerikan\u0131n n\u0259h\u0259ngi, 1995-ci ild\u0259 \u00f6lk\u0259nin m\u00fcasir neft s\u0259nayesinin \u0259sas\u0131n\u0131 qoyan neft \u015firk\u0259tl\u0259rind\u0259n biri &#8220;Exxon Mobil&#8221; Az\u0259rbaycan\u0131 t\u0259rk edir. Az\u0259rbaycanda &#8220;Exxon&#8221;un f\u0259aliyy\u0259tinin dayand\u0131r\u0131lmas\u0131 g\u00f6zl\u0259nilirdi.\n<\/p>\n<p>\n  Bak\u0131dak\u0131 Landmarkda bu \u015firk\u0259tin ofisinin t\u0259chizat\u0131 heyr\u0259t do\u011fururdu, indi is\u0259 dem\u0259k olar ki, orada he\u00e7 kim yoxdur, ekspert \u0130lham \u015eaban \u00f6z fikirl\u0259rini b\u00f6l\u00fc\u015f\u00fcr.\n<\/p>\n<p>\n  Amerikan\u0131n &#8220;Shevron&#8221; neft \u015firk\u0259tinin d\u0259 eyni niyy\u0259ti bar\u0259d\u0259 x\u0259b\u0259rl\u0259r var.\n<\/p>\n<p>\n  Bir m\u00fcdd\u0259t \u0259vv\u0259l Az\u0259rbaycan m\u0259tbuat\u0131nda Amerikan\u0131n qlobal komp\u00fcter \u015firk\u0259ti hp &#8211; Hyulett Paccard-\u0131n n\u00fcmay\u0259nd\u0259liyinin \u00f6lk\u0259d\u0259n gedi\u015fi bar\u0259d\u0259 m\u0259lumat yay\u0131ld\u0131.\n<\/p>\n<p>\n  N\u00fcmay\u0259nd\u0259liyin ba\u011flanmas\u0131 g\u00f6st\u0259rir ki, Az\u0259rbaycanda bu \u015firk\u0259tin m\u0259hsullar\u0131n\u0131n sat\u0131\u015f\u0131 o q\u0259d\u0259r \u0259h\u0259miyy\u0259tsizdir ki, n\u00fcmay\u0259nd\u0259liyi saxlama\u011f\u0131n m\u0259nas\u0131 yoxdur.\n<\/p>\n<p>\n  Ekspert Osman G\u00fcnd\u00fcz hesab edir ki, 15 ild\u0259n \u00e7oxdur ki, Az\u0259rbaycan\u0131n \u0130T sah\u0259sind\u0259 lider m\u00f6vqeyini tutan, \u00f6lk\u0259nin t\u0259hsil v\u0259 \u0130KT sektorlar\u0131na t\u00f6hf\u0259 ver\u0259n hp-nin \u00f6lk\u0259d\u0259n getm\u0259si Az\u0259rbaycan iqtisadiyyat\u0131n\u0131n bu sah\u0259si \u00fc\u00e7\u00fcn m\u0259nfi n\u0259tic\u0259l\u0259rsiz \u00f6t\u00fc\u015fm\u0259y\u0259c\u0259k. Hp-nin \u00fcz\u0259rin\u0259 g\u00f6t\u00fcrd\u00fcy\u00fc \u00f6hd\u0259likl\u0259ri hans\u0131 \u015firk\u0259tin yerin\u0259 yetir\u0259c\u0259yi m\u0259lum deyil, O.G\u00fcnd\u00fcz Facebook-da yaz\u0131b.\n<\/p>\n<p>\n  Dekabr\u0131n 5-d\u0259 Vergil\u0259r Nazirliyi Britaniyan\u0131n GE Oil &amp; Gas UK Limited neft-servis \u015firk\u0259tinin Az\u0259rbaycandak\u0131 n\u00fcmay\u0259nd\u0259liyinin f\u0259aliyy\u0259tinin dayand\u0131r\u0131ld\u0131\u011f\u0131n\u0131 elan edib.\n<\/p>\n<p>\n  \u015eirk\u0259tin Az\u0259rbaycandak\u0131 filial\u0131 2015-ci ild\u0259 qeydiyyatdan ke\u00e7ib. \u015eirk\u0259t Ab\u015feron yar\u0131madas\u0131n\u0131n dayazsulu sah\u0259l\u0259rind\u0259 potensial perspektivli strukturlarda 3D- seysmik t\u0259dqiqatlar apar\u0131b.\n<\/p>\n<p>\n  2018-ci ilin yanvar\u0131nda Sinqapurun &#8220;Keppel&#8221; g\u0259mid\u00fcz\u0259ltm\u0259 korporasiyas\u0131n\u0131n t\u00f6r\u0259m\u0259 \u015firk\u0259ti olan Caspian Shipyard Company (CSC) MMC k\u00f6n\u00fcll\u00fc l\u0259\u011fvini elan edib. &#8220;Keppel Corporation Limited elan edir ki, onun Caspian Shipyard Company MMC t\u00f6r\u0259m\u0259 \u015firk\u0259ti \u015firk\u0259tin yarad\u0131mas\u0131 il\u0259 ba\u011fl\u0131 AzerFELS Pte Ltd (Keppel Offshore &amp; Marine Ltd-nin t\u00f6r\u0259m\u0259 \u015firk\u0259ti), SOCAR Az\u0259rbaycan D\u00f6vl\u0259t Neft \u015eirk\u0259ti v\u0259 Lukoil Europe Holdings BV aras\u0131nda ba\u011flanm\u0131\u015f sazi\u015fin f\u0259aliyy\u0259t m\u00fcdd\u0259ti ba\u015fa \u00e7atd\u0131qdan sonra k\u00f6n\u00fcll\u00fc l\u0259\u011fv\u0259 ba\u015flay\u0131b&#8221;, &#8211; b\u0259yanatda deyilirdi.\n<\/p>\n<p>\n  2018-ci ilin avqust ay\u0131 Az\u0259rbaycan iqtisadiyyat\u0131 \u00fc\u00e7\u00fcn x\u00fcsusil\u0259 k\u0259d\u0259rli oldu. Be\u015f xarici \u015firk\u0259tin \u00f6lk\u0259d\u0259ki n\u00fcmay\u0259nd\u0259likl\u0259ri ba\u011fland\u0131qlar\u0131n\u0131 elan etdil\u0259r: Amerikan\u0131n Chemonics International INC, Britaniyan\u0131n Baker &amp; McKenzie CIS LIMITED, Nippon Koei Uk Go, LTD (Yaponiya), SAMFA \u0130n\u015faat Dekorasyon Peyzaj Sanayi Ticaret Limited (T\u00fcrkiy\u0259) v\u0259 Simberg Partners Limited (Finlandiya) \u015firk\u0259tl\u0259ri.\n<\/p>\n<p>\n  Bu il ba\u015f ver\u0259nl\u0259r \u00f6t\u0259n ild\u0259 \u015firk\u0259tl\u0259rin xarici n\u00fcmay\u0259nd\u0259likl\u0259rinin ba\u011flanmas\u0131n\u0131n davam\u0131 idi. Bel\u0259 ki, sentyabrda (2017-ci il) Burintek elmi-istehsalat m\u00fc\u0259ssis\u0259si (Rusiya), Burintex Az\u0259rbaycan i\u015fi dayand\u0131rd\u0131qlar\u0131n\u0131 bildirdil\u0259r. Globalink Logistics Group Ltd. \u015firk\u0259ti (B\u018f\u018f) d\u0259 \u00f6lk\u0259d\u0259ki n\u00fcmay\u0259nd\u0259liyini l\u0259\u011fv etdi. Sentyabr\u0131n 15-d\u0259 Colgate-Palmolive Temizlik \u00dcr\u00fcnleri Sanayi ve Ticaret Anonim \u015firk\u0259ti Az\u0259rbaycan n\u00fcmay\u0259nd\u0259liyini l\u0259\u011fv etdi.\n<\/p>\n<p>\n  2018-ci ild\u0259 Norve\u00e7 Krall\u0131\u011f\u0131n\u0131n Az\u0259rbaycandak\u0131 s\u0259firliyinin ba\u011flanmas\u0131 elan edilib.\n<\/p>\n<p>\n  AND &#8211; az\u0259rbaycanl\u0131 m\u00fchacirl\u0259rin t\u0259\u015fkilat\u0131n\u0131n r\u0259hb\u0259ri, ke\u00e7mi\u015f diplomat Arif M\u0259mm\u0259dov xarici \u015firk\u0259tl\u0259rin v\u0259 s\u0259firlikl\u0259rin Az\u0259rbaycanda i\u015fl\u0259m\u0259k ist\u0259m\u0259m\u0259sini &#8220;g\u0259l\u0259c\u0259kd\u0259 ba\u015f ver\u0259 bil\u0259c\u0259k ciddi hadis\u0259l\u0259rin \u00e7ox h\u0259y\u0259canl\u0131 \u0259lam\u0259ti&#8221; adland\u0131r\u0131b.\n<\/p><\/p>\n","protected":false},"excerpt":{"rendered":"<p>foto Turan \u0130A \u015eirk\u0259tl\u0259rin v\u0259 s\u0259firlikl\u0259rin gedi\u015fi \u201cciddi hadis\u0259l\u0259r\u201din m\u00fcmk\u00fcnl\u00fcy\u00fcnd\u0259n &#8230; <\/p>\n<p class=\"read-more-container\"><a title=\"Bu il Az\u0259rbaycan\u0131 hans\u0131 \u015firk\u0259tl\u0259r t\u0259rk etdi?\" class=\"read-more button\" href=\"https:\/\/www.meydan.tv\/az\/article\/bu-il-azerbaycani-hansi-sirketler-terk-etdi\/#more-193014\" aria-label=\"Read more about Bu il Az\u0259rbaycan\u0131 hans\u0131 \u015firk\u0259tl\u0259r t\u0259rk etdi?\">Davam\u0131<\/a><\/p>\n","protected":false},"author":11,"featured_media":114084,"comment_status":"closed","ping_status":"open","sticky":false,"template":"","format":"standard","meta":{"_acf_changed":false,"_sitemap_exclude":false,"_sitemap_priority":"","_sitemap_frequency":"","footnotes":""},"categories":[51],"tags":[],"class_list":["post-193014","post","type-post","status-publish","format-standard","has-post-thumbnail","hentry","category-analitika","infinite-scroll-item","generate-columns","tablet-grid-50","mobile-grid-100","grid-parent","grid-33","no-featured-image-padding"],"acf":[],"yoast_head":"<!-- This site is optimized with the Yoast SEO plugin v27.4 - https:\/\/yoast.com\/product\/yoast-seo-wordpress\/ -->\n<title>Bu il Az\u0259rbaycan\u0131 hans\u0131 \u015firk\u0259tl\u0259r t\u0259rk etdi? - MEYDAN.TV<\/title>\n<meta name=\"robots\" content=\"index, follow, max-snippet:-1, max-image-preview:large, max-video-preview:-1\" \/>\n<link rel=\"canonical\" href=\"https:\/\/www.meydan.tv\/az\/article\/bu-il-azerbaycani-hansi-sirketler-terk-etdi\/\" \/>\n<meta property=\"og:locale\" content=\"az_AZ\" \/>\n<meta property=\"og:type\" content=\"article\" \/>\n<meta property=\"og:title\" content=\"Bu il Az\u0259rbaycan\u0131 hans\u0131 \u015firk\u0259tl\u0259r t\u0259rk etdi? - MEYDAN.TV\" \/>\n<meta property=\"og:description\" content=\"foto Turan \u0130A \u015eirk\u0259tl\u0259rin v\u0259 s\u0259firlikl\u0259rin gedi\u015fi \u201cciddi hadis\u0259l\u0259r\u201din m\u00fcmk\u00fcnl\u00fcy\u00fcnd\u0259n ... Davam\u0131\" \/>\n<meta property=\"og:url\" content=\"https:\/\/www.meydan.tv\/az\/article\/bu-il-azerbaycani-hansi-sirketler-terk-etdi\/\" \/>\n<meta property=\"og:site_name\" content=\"MEYDAN.TV\" \/>\n<meta property=\"article:published_time\" content=\"2018-12-13T19:25:08+00:00\" \/>\n<meta property=\"og:image\" content=\"https:\/\/www.meydan.tv\/wp-content\/uploads\/45451.jpg\" \/>\n\t<meta property=\"og:image:width\" content=\"800\" \/>\n\t<meta property=\"og:image:height\" content=\"483\" \/>\n\t<meta property=\"og:image:type\" content=\"image\/jpeg\" \/>\n<meta name=\"author\" content=\"user-manager\" \/>\n<meta name=\"twitter:card\" content=\"summary_large_image\" \/>\n<script type=\"application\/ld+json\" class=\"yoast-schema-graph\">{\"@context\":\"https:\\\/\\\/schema.org\",\"@graph\":[{\"@type\":\"Article\",\"@id\":\"https:\\\/\\\/www.meydan.tv\\\/az\\\/article\\\/bu-il-azerbaycani-hansi-sirketler-terk-etdi\\\/#article\",\"isPartOf\":{\"@id\":\"https:\\\/\\\/www.meydan.tv\\\/az\\\/article\\\/bu-il-azerbaycani-hansi-sirketler-terk-etdi\\\/\"},\"author\":{\"name\":\"user-manager\",\"@id\":\"https:\\\/\\\/www.meydan.tv\\\/az\\\/#\\\/schema\\\/person\\\/10d11eccf6da3662cf5fdab9806ea91a\"},\"headline\":\"Bu il Az\u0259rbaycan\u0131 hans\u0131 \u015firk\u0259tl\u0259r t\u0259rk etdi?\",\"datePublished\":\"2018-12-13T19:25:08+00:00\",\"mainEntityOfPage\":{\"@id\":\"https:\\\/\\\/www.meydan.tv\\\/az\\\/article\\\/bu-il-azerbaycani-hansi-sirketler-terk-etdi\\\/\"},\"wordCount\":709,\"publisher\":{\"@id\":\"https:\\\/\\\/www.meydan.tv\\\/az\\\/#organization\"},\"image\":{\"@id\":\"https:\\\/\\\/www.meydan.tv\\\/az\\\/article\\\/bu-il-azerbaycani-hansi-sirketler-terk-etdi\\\/#primaryimage\"},\"thumbnailUrl\":\"https:\\\/\\\/www.meydan.tv\\\/wp-content\\\/uploads\\\/45451.jpg\",\"articleSection\":[\"Analitika\"],\"inLanguage\":\"az\"},{\"@type\":\"WebPage\",\"@id\":\"https:\\\/\\\/www.meydan.tv\\\/az\\\/article\\\/bu-il-azerbaycani-hansi-sirketler-terk-etdi\\\/\",\"url\":\"https:\\\/\\\/www.meydan.tv\\\/az\\\/article\\\/bu-il-azerbaycani-hansi-sirketler-terk-etdi\\\/\",\"name\":\"Bu il Az\u0259rbaycan\u0131 hans\u0131 \u015firk\u0259tl\u0259r t\u0259rk etdi? - MEYDAN.TV\",\"isPartOf\":{\"@id\":\"https:\\\/\\\/www.meydan.tv\\\/az\\\/#website\"},\"primaryImageOfPage\":{\"@id\":\"https:\\\/\\\/www.meydan.tv\\\/az\\\/article\\\/bu-il-azerbaycani-hansi-sirketler-terk-etdi\\\/#primaryimage\"},\"image\":{\"@id\":\"https:\\\/\\\/www.meydan.tv\\\/az\\\/article\\\/bu-il-azerbaycani-hansi-sirketler-terk-etdi\\\/#primaryimage\"},\"thumbnailUrl\":\"https:\\\/\\\/www.meydan.tv\\\/wp-content\\\/uploads\\\/45451.jpg\",\"datePublished\":\"2018-12-13T19:25:08+00:00\",\"breadcrumb\":{\"@id\":\"https:\\\/\\\/www.meydan.tv\\\/az\\\/article\\\/bu-il-azerbaycani-hansi-sirketler-terk-etdi\\\/#breadcrumb\"},\"inLanguage\":\"az\",\"potentialAction\":[{\"@type\":\"ReadAction\",\"target\":[\"https:\\\/\\\/www.meydan.tv\\\/az\\\/article\\\/bu-il-azerbaycani-hansi-sirketler-terk-etdi\\\/\"]}]},{\"@type\":\"ImageObject\",\"inLanguage\":\"az\",\"@id\":\"https:\\\/\\\/www.meydan.tv\\\/az\\\/article\\\/bu-il-azerbaycani-hansi-sirketler-terk-etdi\\\/#primaryimage\",\"url\":\"https:\\\/\\\/www.meydan.tv\\\/wp-content\\\/uploads\\\/45451.jpg\",\"contentUrl\":\"https:\\\/\\\/www.meydan.tv\\\/wp-content\\\/uploads\\\/45451.jpg\",\"width\":800,\"height\":483,\"caption\":\"Source:\"},{\"@type\":\"BreadcrumbList\",\"@id\":\"https:\\\/\\\/www.meydan.tv\\\/az\\\/article\\\/bu-il-azerbaycani-hansi-sirketler-terk-etdi\\\/#breadcrumb\",\"itemListElement\":[{\"@type\":\"ListItem\",\"position\":1,\"name\":\"Ana s\u0259hif\u0259\",\"item\":\"https:\\\/\\\/www.meydan.tv\\\/az\\\/\"},{\"@type\":\"ListItem\",\"position\":2,\"name\":\"Analitika\",\"item\":\"https:\\\/\\\/www.meydan.tv\\\/az\\\/section\\\/analitika\\\/\"},{\"@type\":\"ListItem\",\"position\":3,\"name\":\"Bu il Az\u0259rbaycan\u0131 hans\u0131 \u015firk\u0259tl\u0259r t\u0259rk etdi?\"}]},{\"@type\":\"WebSite\",\"@id\":\"https:\\\/\\\/www.meydan.tv\\\/az\\\/#website\",\"url\":\"https:\\\/\\\/www.meydan.tv\\\/az\\\/\",\"name\":\"MEYDAN.TV\",\"description\":\"Meydan TV Az\u0259rbaycan\u0131n media m\u0259kan\u0131ndak\u0131 alternativ s\u0259sidir\",\"publisher\":{\"@id\":\"https:\\\/\\\/www.meydan.tv\\\/az\\\/#organization\"},\"potentialAction\":[{\"@type\":\"SearchAction\",\"target\":{\"@type\":\"EntryPoint\",\"urlTemplate\":\"https:\\\/\\\/www.meydan.tv\\\/az\\\/?s={search_term_string}\"},\"query-input\":{\"@type\":\"PropertyValueSpecification\",\"valueRequired\":true,\"valueName\":\"search_term_string\"}}],\"inLanguage\":\"az\"},{\"@type\":\"Organization\",\"@id\":\"https:\\\/\\\/www.meydan.tv\\\/az\\\/#organization\",\"name\":\"Meydan TV\",\"url\":\"https:\\\/\\\/www.meydan.tv\\\/az\\\/\",\"logo\":{\"@type\":\"ImageObject\",\"inLanguage\":\"az\",\"@id\":\"https:\\\/\\\/www.meydan.tv\\\/az\\\/#\\\/schema\\\/logo\\\/image\\\/\",\"url\":\"https:\\\/\\\/www.meydan.tv\\\/wp-content\\\/uploads\\\/2021\\\/07\\\/meydan-logo.svg\",\"contentUrl\":\"https:\\\/\\\/www.meydan.tv\\\/wp-content\\\/uploads\\\/2021\\\/07\\\/meydan-logo.svg\",\"width\":195,\"height\":46,\"caption\":\"Meydan TV\"},\"image\":{\"@id\":\"https:\\\/\\\/www.meydan.tv\\\/az\\\/#\\\/schema\\\/logo\\\/image\\\/\"}},{\"@type\":\"Person\",\"@id\":\"https:\\\/\\\/www.meydan.tv\\\/az\\\/#\\\/schema\\\/person\\\/10d11eccf6da3662cf5fdab9806ea91a\",\"name\":\"user-manager\"}]}<\/script>\n<!-- \/ Yoast SEO plugin. -->","yoast_head_json":{"title":"Bu il Az\u0259rbaycan\u0131 hans\u0131 \u015firk\u0259tl\u0259r t\u0259rk etdi? - MEYDAN.TV","robots":{"index":"index","follow":"follow","max-snippet":"max-snippet:-1","max-image-preview":"max-image-preview:large","max-video-preview":"max-video-preview:-1"},"canonical":"https:\/\/www.meydan.tv\/az\/article\/bu-il-azerbaycani-hansi-sirketler-terk-etdi\/","og_locale":"az_AZ","og_type":"article","og_title":"Bu il Az\u0259rbaycan\u0131 hans\u0131 \u015firk\u0259tl\u0259r t\u0259rk etdi? - MEYDAN.TV","og_description":"foto Turan \u0130A \u015eirk\u0259tl\u0259rin v\u0259 s\u0259firlikl\u0259rin gedi\u015fi \u201cciddi hadis\u0259l\u0259r\u201din m\u00fcmk\u00fcnl\u00fcy\u00fcnd\u0259n ... Davam\u0131","og_url":"https:\/\/www.meydan.tv\/az\/article\/bu-il-azerbaycani-hansi-sirketler-terk-etdi\/","og_site_name":"MEYDAN.TV","article_published_time":"2018-12-13T19:25:08+00:00","og_image":[{"width":800,"height":483,"url":"https:\/\/www.meydan.tv\/wp-content\/uploads\/45451.jpg","type":"image\/jpeg"}],"author":"user-manager","twitter_card":"summary_large_image","schema":{"@context":"https:\/\/schema.org","@graph":[{"@type":"Article","@id":"https:\/\/www.meydan.tv\/az\/article\/bu-il-azerbaycani-hansi-sirketler-terk-etdi\/#article","isPartOf":{"@id":"https:\/\/www.meydan.tv\/az\/article\/bu-il-azerbaycani-hansi-sirketler-terk-etdi\/"},"author":{"name":"user-manager","@id":"https:\/\/www.meydan.tv\/az\/#\/schema\/person\/10d11eccf6da3662cf5fdab9806ea91a"},"headline":"Bu il Az\u0259rbaycan\u0131 hans\u0131 \u015firk\u0259tl\u0259r t\u0259rk etdi?","datePublished":"2018-12-13T19:25:08+00:00","mainEntityOfPage":{"@id":"https:\/\/www.meydan.tv\/az\/article\/bu-il-azerbaycani-hansi-sirketler-terk-etdi\/"},"wordCount":709,"publisher":{"@id":"https:\/\/www.meydan.tv\/az\/#organization"},"image":{"@id":"https:\/\/www.meydan.tv\/az\/article\/bu-il-azerbaycani-hansi-sirketler-terk-etdi\/#primaryimage"},"thumbnailUrl":"https:\/\/www.meydan.tv\/wp-content\/uploads\/45451.jpg","articleSection":["Analitika"],"inLanguage":"az"},{"@type":"WebPage","@id":"https:\/\/www.meydan.tv\/az\/article\/bu-il-azerbaycani-hansi-sirketler-terk-etdi\/","url":"https:\/\/www.meydan.tv\/az\/article\/bu-il-azerbaycani-hansi-sirketler-terk-etdi\/","name":"Bu il Az\u0259rbaycan\u0131 hans\u0131 \u015firk\u0259tl\u0259r t\u0259rk etdi? - MEYDAN.TV","isPartOf":{"@id":"https:\/\/www.meydan.tv\/az\/#website"},"primaryImageOfPage":{"@id":"https:\/\/www.meydan.tv\/az\/article\/bu-il-azerbaycani-hansi-sirketler-terk-etdi\/#primaryimage"},"image":{"@id":"https:\/\/www.meydan.tv\/az\/article\/bu-il-azerbaycani-hansi-sirketler-terk-etdi\/#primaryimage"},"thumbnailUrl":"https:\/\/www.meydan.tv\/wp-content\/uploads\/45451.jpg","datePublished":"2018-12-13T19:25:08+00:00","breadcrumb":{"@id":"https:\/\/www.meydan.tv\/az\/article\/bu-il-azerbaycani-hansi-sirketler-terk-etdi\/#breadcrumb"},"inLanguage":"az","potentialAction":[{"@type":"ReadAction","target":["https:\/\/www.meydan.tv\/az\/article\/bu-il-azerbaycani-hansi-sirketler-terk-etdi\/"]}]},{"@type":"ImageObject","inLanguage":"az","@id":"https:\/\/www.meydan.tv\/az\/article\/bu-il-azerbaycani-hansi-sirketler-terk-etdi\/#primaryimage","url":"https:\/\/www.meydan.tv\/wp-content\/uploads\/45451.jpg","contentUrl":"https:\/\/www.meydan.tv\/wp-content\/uploads\/45451.jpg","width":800,"height":483,"caption":"Source:"},{"@type":"BreadcrumbList","@id":"https:\/\/www.meydan.tv\/az\/article\/bu-il-azerbaycani-hansi-sirketler-terk-etdi\/#breadcrumb","itemListElement":[{"@type":"ListItem","position":1,"name":"Ana s\u0259hif\u0259","item":"https:\/\/www.meydan.tv\/az\/"},{"@type":"ListItem","position":2,"name":"Analitika","item":"https:\/\/www.meydan.tv\/az\/section\/analitika\/"},{"@type":"ListItem","position":3,"name":"Bu il Az\u0259rbaycan\u0131 hans\u0131 \u015firk\u0259tl\u0259r t\u0259rk etdi?"}]},{"@type":"WebSite","@id":"https:\/\/www.meydan.tv\/az\/#website","url":"https:\/\/www.meydan.tv\/az\/","name":"MEYDAN.TV","description":"Meydan TV Az\u0259rbaycan\u0131n media m\u0259kan\u0131ndak\u0131 alternativ s\u0259sidir","publisher":{"@id":"https:\/\/www.meydan.tv\/az\/#organization"},"potentialAction":[{"@type":"SearchAction","target":{"@type":"EntryPoint","urlTemplate":"https:\/\/www.meydan.tv\/az\/?s={search_term_string}"},"query-input":{"@type":"PropertyValueSpecification","valueRequired":true,"valueName":"search_term_string"}}],"inLanguage":"az"},{"@type":"Organization","@id":"https:\/\/www.meydan.tv\/az\/#organization","name":"Meydan TV","url":"https:\/\/www.meydan.tv\/az\/","logo":{"@type":"ImageObject","inLanguage":"az","@id":"https:\/\/www.meydan.tv\/az\/#\/schema\/logo\/image\/","url":"https:\/\/www.meydan.tv\/wp-content\/uploads\/2021\/07\/meydan-logo.svg","contentUrl":"https:\/\/www.meydan.tv\/wp-content\/uploads\/2021\/07\/meydan-logo.svg","width":195,"height":46,"caption":"Meydan TV"},"image":{"@id":"https:\/\/www.meydan.tv\/az\/#\/schema\/logo\/image\/"}},{"@type":"Person","@id":"https:\/\/www.meydan.tv\/az\/#\/schema\/person\/10d11eccf6da3662cf5fdab9806ea91a","name":"user-manager"}]}},"_links":{"self":[{"href":"https:\/\/www.meydan.tv\/az\/wp-json\/wp\/v2\/posts\/193014","targetHints":{"allow":["GET"]}}],"collection":[{"href":"https:\/\/www.meydan.tv\/az\/wp-json\/wp\/v2\/posts"}],"about":[{"href":"https:\/\/www.meydan.tv\/az\/wp-json\/wp\/v2\/types\/post"}],"author":[{"embeddable":true,"href":"https:\/\/www.meydan.tv\/az\/wp-json\/wp\/v2\/users\/11"}],"replies":[{"embeddable":true,"href":"https:\/\/www.meydan.tv\/az\/wp-json\/wp\/v2\/comments?post=193014"}],"version-history":[{"count":0,"href":"https:\/\/www.meydan.tv\/az\/wp-json\/wp\/v2\/posts\/193014\/revisions"}],"wp:featuredmedia":[{"embeddable":true,"href":"https:\/\/www.meydan.tv\/az\/wp-json\/wp\/v2\/media\/114084"}],"wp:attachment":[{"href":"https:\/\/www.meydan.tv\/az\/wp-json\/wp\/v2\/media?parent=193014"}],"wp:term":[{"taxonomy":"category","embeddable":true,"href":"https:\/\/www.meydan.tv\/az\/wp-json\/wp\/v2\/categories?post=193014"},{"taxonomy":"post_tag","embeddable":true,"href":"https:\/\/www.meydan.tv\/az\/wp-json\/wp\/v2\/tags?post=193014"}],"curies":[{"name":"wp","href":"https:\/\/api.w.org\/{rel}","templated":true}]}}