{"id":193006,"date":"2018-12-13T16:03:49","date_gmt":"2018-12-13T16:03:49","guid":{"rendered":"https:\/\/www.meydan.tv\/article\/fuzuli-memmedov-100-sehid-ailesinin-her-birine-11-min-manat-odemeye-haziram\/"},"modified":"2018-12-13T16:03:49","modified_gmt":"2018-12-13T16:03:49","slug":"fuzuli-memmedov-100-sehid-ailesinin-her-birine-11-min-manat-odemeye-haziram","status":"publish","type":"post","link":"https:\/\/www.meydan.tv\/az\/article\/fuzuli-memmedov-100-sehid-ailesinin-her-birine-11-min-manat-odemeye-haziram\/","title":{"rendered":"F\u00fczuli M\u0259mm\u0259dov: 100 \u015f\u0259hid ail\u0259sinin h\u0259r birin\u0259 11 min manat \u00f6d\u0259m\u0259y\u0259 haz\u0131ram"},"content":{"rendered":"<figure class=\"wp-block-image size-large\">\n  <img decoding=\"async\" src=\"https:\/\/www.meydan.tv\/az\/fuzuli-memmedov\/\" alt=\"F\u00fczuli M\u0259mm\u0259dov\" class=\"wp-image-114048\"\/><figcaption>\n    F\u00fczuli M\u0259mm\u0259dov<br \/>\n  <\/figcaption><\/figure>\n<p>\n  <i><br \/>\n    Deputat: &#8221;D\u00f6vl\u0259t bu pullar\u0131 \u00f6d\u0259y\u0259c\u0259k, he\u00e7 bir problem d\u0259 olmayacaq&#8221;<br \/>\n  <\/i>\n<\/p>\n<p>\n  \u00dcmumd\u00fcnya Az\u0259rbaycan M\u0259d\u0259niyy\u0259t Fondunun prezidenti, i\u015f adam\u0131 F\u00fczuli M\u0259mm\u0259dov 100 \u015f\u0259hid anas\u0131n\u0131n h\u0259r birin\u0259 11 min manat \u00f6d\u0259m\u0259y\u0259 haz\u0131r oldu\u011funu bildirib.\n<\/p>\n<p>\n  \u0130\u015f adam\u0131 \u201cFacebook\u201ds\u0259hif\u0259sind\u0259 yayd\u0131\u011f\u0131 m\u00fcraci\u0259td\u0259 xat\u0131rlad\u0131r ki, oktyabr ay\u0131n\u0131n ortalar\u0131ndan t\u0259xmin\u0259n 100 \u015f\u0259hid ail\u0259si m\u00fct\u0259madi olaraq Milli M\u0259clis v\u0259 Az\u0259rbaycan Prezident Administrasiyas\u0131 binalar\u0131n\u0131n qar\u015f\u0131s\u0131nda aksiya ke\u00e7irirl\u0259r. Onlar Az\u0259rbaycan\u0131n \u0259razi b\u00fct\u00f6vl\u00fcy\u00fcn\u00fcn m\u00fcdafi\u0259si u\u011frunda h\u0259lak olmu\u015f ail\u0259 \u00fczvl\u0259rin\u0259 d\u00fc\u015f\u0259n t\u0259zminatlar\u0131n \u00f6d\u0259nilm\u0259m\u0259sind\u0259n \u015fikay\u0259t edirl\u0259r:\n<\/p>\n<p>\n  \u201c\u018fg\u0259r d\u00f6vl\u0259t \u00f6z \u00f6hd\u0259likl\u0259rini vaxt\u0131nda yerin\u0259 yetir\u0259 bilmirs\u0259, bel\u0259 \u015f\u0259raitd\u0259 i\u015f adamlar\u0131, o c\u00fcml\u0259d\u0259n diasporun n\u00fcmay\u0259nd\u0259l\u0259ri \u015f\u0259hid ail\u0259l\u0259rin\u0259 k\u00f6m\u0259k etm\u0259lidirl\u0259r. \u00d6z o\u011fullar\u0131n\u0131 itirdikl\u0259rin\u0259 g\u00f6r\u0259 \u00f6d\u0259m\u0259 almaq \u00fc\u00e7\u00fcn \u00e7oxsayl\u0131 aksiyalar ke\u00e7ir\u0259n \u015f\u0259hid analar\u0131n\u0131n al\u00e7ald\u0131lmas\u0131na q\u0259tiyy\u0259n yol verm\u0259k olmaz. Bu m\u0259s\u0259l\u0259nin \u00fcmummilli biab\u0131r\u00e7\u0131l\u0131q s\u0259viyy\u0259sin\u0259 \u00e7atd\u0131r\u0131lmamas\u0131 \u00fc\u00e7\u00fcn d\u0259rhal \u015f\u0259hid analar\u0131n\u0131n probleml\u0259rini h\u0259ll etm\u0259k laz\u0131md\u0131r. Ax\u0131 onlar\u0131n o\u011fullar\u0131 bizim \u00fcmumi V\u0259t\u0259nimiz Az\u0259rbaycan\u0131 m\u00fcdafi\u0259 ed\u0259rk\u0259n h\u0259lak olublar. Ona g\u00f6r\u0259 d\u0259 biz ham\u0131m\u0131z bu qad\u0131nlar qar\u015f\u0131s\u0131nda borcluyuq\u201d.\n<\/p>\n<p>\n  F\u00fczuli M\u0259mm\u0259dov hesab edir ki, biznes n\u00fcmay\u0259nd\u0259l\u0259ri v\u0259t\u0259np\u0259rv\u0259rlik n\u00fcmayi\u015f etdirm\u0259li v\u0259 \u015f\u0259hid ail\u0259l\u0259rinin probleml\u0259rinin h\u0259llind\u0259 f\u0259al i\u015ftirak etm\u0259lidirl\u0259r. Bunun \u00fc\u00e7\u00fcn Az\u0259rbaycan h\u00f6kum\u0259ti \u015f\u0259hid ail\u0259l\u0259rin\u0259 t\u0259zminatlar\u0131n \u00f6d\u0259nilm\u0259si problemini h\u0259ll etm\u0259k m\u0259qs\u0259dil\u0259 imkanl\u0131 az\u0259rbaycanl\u0131 i\u015f adamlar\u0131n\u0131 c\u0259lb etm\u0259k \u00fc\u00e7\u00fcn s\u0259r\u0259ncam verm\u0259lidir:\n<\/p>\n<p>\n  \u201c\u015e\u0259xs\u0259n m\u0259n bu problemin h\u0259llind\u0259 \u0259n f\u0259al \u015f\u0259kild\u0259 i\u015ftirak etm\u0259y\u0259 v\u0259 Az\u0259rbaycan\u0131n \u0259razi b\u00fct\u00f6vl\u00fcy\u00fc u\u011frunda m\u00fcharib\u0259d\u0259 \u00f6vladlar\u0131n\u0131 itirmi\u015f 100 \u015f\u0259hid anas\u0131na 11 min manatdan \u00f6d\u0259m\u0259 etm\u0259y\u0259 haz\u0131ram. H\u0259r bir \u015f\u0259hid anas\u0131 m\u0259nim \u00fc\u00e7\u00fcn do\u011fma anam v\u0259 bac\u0131md\u0131r v\u0259 onlara maddi k\u00f6m\u0259k g\u00f6st\u0259rm\u0259y\u0259 haz\u0131ram. Az\u0259rbaycan\u0131n \u0259sl v\u0259t\u0259np\u0259rv\u0259rl\u0259rin\u0259, ilk n\u00f6vb\u0259d\u0259 imkanl\u0131 i\u015f adamlar\u0131na m\u00fcraci\u0259t edir\u0259m ki, m\u0259ni n\u00fcmun\u0259 g\u00f6t\u00fcrs\u00fcnl\u0259r v\u0259 dig\u0259r \u015f\u0259hid ail\u0259l\u0259rin\u0259 d\u0259 k\u00f6m\u0259k etsinl\u0259r. O zaman bu problem \u00e7ox tez h\u0259llini tapacaq. Qaraba\u011f m\u00fcharib\u0259si &#8211; yaln\u0131z \u015f\u0259hid ail\u0259l\u0259rinin a\u011fr\u0131s\u0131 deyil, b\u00fct\u00fcn Az\u0259rbaycan xalq\u0131n\u0131n d\u0259rdidir v\u0259 biz ham\u0131m\u0131z bu yaran\u0131 sa\u011faltmal\u0131y\u0131q\u201d.\n<\/p>\n<p>\n  <b><br \/>\n    <i><br \/>\n      \u015e\u0259hid ail\u0259l\u0259ri f\u0259rman\u0131n icra olunmad\u0131\u011f\u0131n\u0131 deyir<br \/>\n    <\/i><br \/>\n  <\/b>\n<\/p>\n<p>\n  Prezident \u0130lham \u018fliyev aprelin 19-da \u201cAz\u0259rbaycan Respublikas\u0131n\u0131n \u0259razi b\u00fct\u00f6vl\u00fcy\u00fc u\u011frunda h\u0259lak olmu\u015f, \u00f6lm\u00fc\u015f v\u0259 h\u0259rbi \u0259m\u0259liyyatlarla \u0259laq\u0259dar x\u0259b\u0259rsiz itkin d\u00fc\u015fd\u00fcy\u00fcn\u0259 g\u00f6r\u0259 \u00f6lm\u00fc\u015f elan edilmi\u015f h\u0259rbi qulluq\u00e7ular\u0131n ail\u0259 \u00fczvl\u0259rinin sosial m\u00fcdafi\u0259sinin yax\u015f\u0131la\u015fd\u0131r\u0131lmas\u0131 il\u0259 ba\u011fl\u0131 \u0259lav\u0259 t\u0259dbirl\u0259r haqq\u0131nda\u201d f\u0259rman imzalay\u0131b.<br \/>\n  <br \/>\n  F\u0259rmana \u0259sas\u0259n \u015f\u0259hid h\u0259rbi qulluq\u00e7ular\u0131n v\u0259r\u0259s\u0259l\u0259rin\u0259 bird\u0259f\u0259lik \u00f6d\u0259m\u0259l\u0259rin (11 min manat) verilm\u0259si mexanizmini m\u00fc\u0259yy\u0259n ed\u0259n Qaydalar\u0131n layih\u0259si haz\u0131rlansa da, indiy\u0259 q\u0259d\u0259r bir \u00e7ox \u015f\u0259hid ail\u0259si m\u00fcavin\u0259tl\u0259rini ala bilm\u0259dikl\u0259rini deyirl\u0259r.\n<\/p>\n<p>\n  M\u0259s\u0259l\u0259<br \/>\n  <a href=\"\/az\/article\/memurlarin-emlaki-satilsin-sehidlerin-pulu-odensin\/\"><br \/>\n    Milli M\u0259clis<br \/>\n  <\/a><br \/>\n  d\u0259 d\u0259 m\u00fczakir\u0259 predmetin\u0259 \u00e7evrilib. Deputatlar Vahid \u018fhm\u0259dov, Fazil Mustafa, Q\u0259nir\u0259 Pa\u015fayeva v\u0259 dig\u0259rl\u0259ri \u015f\u0259hid ail\u0259l\u0259ri il\u0259 g\u00f6r\u00fc\u015fd\u0259n sonra spiker Oqtay \u018fs\u0259dova \u00f6z ad\u0131ndan m\u00fcvafiq nazirlik qar\u015f\u0131s\u0131nda m\u0259s\u0259l\u0259ni qald\u0131rma\u011f\u0131 t\u00f6vsiy\u0259 edibl\u0259r.\n<\/p>\n<p>\n  <a href=\"\/az\/article\/sehid-aileleri-aksiya-kecirdi-parlament-komissiya-yaratdi\/\"><br \/>\n    Mili M\u0259clis<br \/>\n  <\/a><br \/>\n  d\u0259 m\u0259s\u0259l\u0259ni ara\u015fd\u0131rmaq \u00fc\u00e7\u00fcn komissiya yarad\u0131l\u0131b.\n<\/p>\n<p>\n  Bundan sonra \u015f\u0259hid ail\u0259l\u0259rinin n\u00fcmay\u0259nd\u0259l\u0259rini \u018fm\u0259k v\u0259 \u0259halinin sosial m\u00fcdafi\u0259si naziri Sahil Babayev q\u0259bul edib. Ancaq onlar nazirl\u0259 g\u00f6r\u00fc\u015fd\u0259n naraz\u0131 qal\u0131blar.\n<\/p>\n<p>\n  <b><br \/>\n    <i><br \/>\n      Hikm\u0259t Babao\u011flu: \u201cD\u00f6vl\u0259tin qay\u011f\u0131s\u0131 olduqca b\u00f6y\u00fckd\u00fcr\u201d<br \/>\n    <\/i><br \/>\n  <\/b>\n<\/p>\n<p>\n  Deputat Hikm\u0259t Babao\u011flu Meydan TV-y\u0259 deyib ki, d\u00f6vl\u0259t bu istiqam\u0259td\u0259 \u00f6z i\u015fini g\u00f6r\u00fcr v\u0259 m\u00fcavin\u0259tl\u0259r d\u0259 ayr\u0131l\u0131r:\n<\/p>\n<figure class=\"wp-block-image size-large\">\n  <img decoding=\"async\" src=\"https:\/\/www.meydan.tv\/az\/deputat-hikmet-babaoglu-foto-sestv\/\" alt=\"Deputat Hikm\u0259t Babao\u011flu &#8211; Foto: S\u0259sTv\" class=\"wp-image-77939\"\/><figcaption>\n    Deputat Hikm\u0259t Babao\u011flu &#8211; Foto: S\u0259sTv<br \/>\n  <\/figcaption><\/figure>\n<p>\n  \u201cD\u00f6vl\u0259tin \u015f\u0259hid ail\u0259l\u0259rin\u0259 diqq\u0259ti v\u0259 qay\u011f\u0131s\u0131 olduqca b\u00f6y\u00fckd\u00fcr. Ona g\u00f6r\u0259 bu m\u0259s\u0259l\u0259ni ba\u015fqa c\u00fcr qiym\u0259tl\u0259ndirm\u0259k ist\u0259mir\u0259m\u201d.<br \/>\n  <br \/>\n  Deputat naraz\u0131 qalanlarla ba\u011fl\u0131 suala \u201cm\u0259n s\u00f6z\u00fcm\u00fc dedim art\u0131q\u201d dey\u0259 reaksiya verib.\n<\/p>\n<p>\n  <b><br \/>\n    <i><br \/>\n      Elman M\u0259mm\u0259dov: \u201cD\u00f6vl\u0259tin m\u00fcavin\u0259tl\u0259ri verm\u0259y\u0259 imkan\u0131 var\u201d<br \/>\n    <\/i><br \/>\n  <\/b>\n<\/p>\n<p>\n  Deputat Elman M\u0259mm\u0259dov F\u00fczuli M\u0259mm\u0259dovun m\u00fcraci\u0259tini alq\u0131\u015flasa da, bu m\u0259s\u0259l\u0259nin d\u00f6vl\u0259t\u0259 aid oldu\u011funu d\u00fc\u015f\u00fcn\u00fcr:\n<\/p>\n<p>\n  \u201cD\u00f6vl\u0259t bu pullar\u0131 \u00f6d\u0259y\u0259c\u0259k, he\u00e7 bir problem d\u0259 olmayacaq.\n<\/p>\n<figure class=\"wp-block-image size-large\">\n  <img decoding=\"async\" src=\"https:\/\/www.meydan.tv\/az\/elman-memmedov\/\" alt=\"Elman M\u0259mm\u0259dov\" class=\"wp-image-90330\"\/><figcaption>\n    Elman M\u0259mm\u0259dov<br \/>\n  <\/figcaption><\/figure>\n<p>\n  Ancaq h\u00f6rm\u0259tli F\u00fczuli M\u0259mm\u0259dov el\u0259 bir t\u0259\u015f\u0259bb\u00fcsl\u0259 \u00e7\u0131x\u0131\u015f edibs\u0259, m\u00fcavin\u0259tl\u0259ri yox, ehtiyac\u0131 olan \u015f\u0259hid ail\u0259l\u0259rin\u0259 ist\u0259diyi formada d\u0259st\u0259k ver\u0259 bil\u0259r. \u00c7\u00fcnki d\u00f6vl\u0259tin m\u00fcavin\u0259tl\u0259ri verm\u0259y\u0259 imkan\u0131 var. F\u00fczuli M\u0259mm\u0259dov ba\u015fqa formada ist\u0259diyi q\u0259d\u0259r yard\u0131m ed\u0259 bil\u0259r\u201d.\n<\/p>\n<p>\n  Milli M\u0259clisin v\u0259 Prezident Administrasiyas\u0131n\u0131n qar\u015f\u0131s\u0131nda aksiya ke\u00e7ir\u0259n \u015f\u0259hid ail\u0259l\u0259rinin etirazlar\u0131na g\u0259linc\u0259, deputat hesab edir ki, he\u00e7 kimin m\u00fcavin\u0259ti gecikdirilmir, sad\u0259c\u0259, s\u0259n\u0259dl\u0259r yoxlan\u0131l\u0131r, sonra m\u00fcavin\u0259tl\u0259r verilir:\n<\/p>\n<p>\n  \u201cBir s\u0131ra suallar var ki, onu \u018fm\u0259k v\u0259 \u018fhalinin Sosial M\u00fcdafi\u0259si Nazirliyin\u0259 \u00fcnvanlay\u0131n\u201d.\n<\/p>\n<p>\n  <b><br \/>\n    <i><br \/>\n      Fazil Mustafa: \u201cH\u0259r \u015feyi d\u00f6vl\u0259t etm\u0259m\u0259lidir\u201d<br \/>\n    <\/i><br \/>\n  <\/b>\n<\/p>\n<p>\n  Deputat Fazil Mustafa is\u0259 F\u00fczuli M\u0259mm\u0259dovun m\u00fcraci\u0259tini m\u00fcsb\u0259t qiym\u0259tl\u0259ndirib:\n<\/p>\n<figure class=\"wp-block-image size-large\">\n  <img decoding=\"async\" src=\"https:\/\/www.meydan.tv\/az\/fazil-mustafa-5\/\" alt=\"Fazil Mustafa\" class=\"wp-image-103707\"\/><figcaption>\n    Fazil Mustafa<br \/>\n  <\/figcaption><\/figure>\n<p>\n  \u201cH\u0259r \u015feyi d\u00f6vl\u0259t etm\u0259m\u0259lidir ki. Bel\u0259 bir y\u00fck\u00fc g\u00f6t\u00fcr\u00fcrs\u0259, sa\u011f olsun. Bug\u00fcnl\u0259ri Milli M\u0259clisin qar\u015f\u0131s\u0131na g\u0259l\u0259n \u015f\u0259hid ail\u0259l\u0259ri var, onlar\u0131n v\u0259r\u0259s\u0259liyi h\u0259l\u0259 tan\u0131nm\u0131r. El\u0259 onlar\u0131n say\u0131 100 n\u0259f\u0259rdir, \u0259g\u0259r i\u015f adam\u0131 onlar\u0131n m\u00fcavin\u0259tini vers\u0259, y\u00fcng\u00fcll\u0259\u015fm\u0259 olar\u201d.\n<\/p>\n<p>\n  <b><br \/>\n    F\u00fczuli M\u0259mm\u0259dov kimdir?<br \/>\n  <\/b>\n<\/p>\n<p>\n  \u201c\u0130ntersever\u201d \u015firk\u0259tl\u0259r qrupunun r\u0259hb\u0259ri F\u00fczuli M\u0259mm\u0259dov Ordubad rayonunda anadan olub, 55 ya\u015f\u0131 var.<br \/>\n  <br \/>\n  1983-c\u00fc ild\u0259 Nax\u00e7\u0131vandan Rusiyaya k\u00f6\u00e7\u0259n F\u00fczuli M\u0259mm\u0259dov 1989-cu ild\u0259n \u201c\u0130nterserver\u201d \u015firk\u0259tinin prezidenti v\u0259zif\u0259sind\u0259 \u00e7al\u0131\u015f\u0131r.<br \/>\n  <br \/>\n  F\u00fczuli M\u0259mm\u0259dov 1988-ci ild\u0259 Rusiyada az\u0259rbaycanl\u0131lar\u0131n ilk ictimai t\u0259\u015fkilat\u0131 olan \u201cAz\u0259rbaycan Birliyi\u201d adl\u0131 t\u0259\u015fkilat\u0131n \u0259sas\u0131n\u0131 qoyub. 2005-ci ild\u0259, \u201cBeyn\u0259lxalq \u0130ctimai Birlikl\u0259r \u0130ttifaq\u0131\u201d, \u201cD\u00fcnya Az\u0259rbaycanl\u0131lar\u0131 \u0130ttifaq\u0131\u201d v\u0259 \u201c\u00dcmumd\u00fcnya Az\u0259rbaycan M\u0259d\u0259niyy\u0259t Fondu\u201dnu yarad\u0131b, \u201cAvropa Az\u0259rbaycanl\u0131lar\u0131 Konqresi\u201dnin birinci vitse-prezidenti se\u00e7ilib.\n<\/p>\n<p>\n  Bir m\u00fcdd\u0259t siyas\u0259tl\u0259 m\u0259\u015f\u011ful olan F\u00fczuli M\u0259mm\u0259dov 90-c\u0131 ill\u0259rd\u0259 Az\u0259rbaycanda &#8220;XXI \u0259sr Az\u0259rbaycan&#8221; adl\u0131 partiya t\u0259sis ets\u0259 d\u0259, sonradan burax\u0131b.\n<\/p>\n<p>\n  Rusiyada yaratd\u0131\u011f\u0131 biznesini 2014-c\u00fc ild\u0259n ba\u015fda \u0130taliya olmaqla Avropaya k\u00f6\u00e7\u00fcr\u00fcb. Rusiyadan \u00e7\u0131xmas\u0131n\u0131n s\u0259b\u0259b yax\u0131n m\u00fcnasib\u0259td\u0259 oldu\u011fu Moskva meri Yuri Lujkovun v\u0259zif\u0259sind\u0259n getm\u0259si g\u00f6st\u0259rilir.\n<\/p>\n<p>\n  F\u00fczuli M\u0259mm\u0259dov h\u0259m d\u0259 Frenk Elkaponi kimi tan\u0131n\u0131r. Onun Rusiyada v\u0259 bir s\u0131ra ba\u015fqa xarici \u00f6lk\u0259l\u0259rd\u0259 &#8220;Frenk Fond&#8221;u f\u0259aliyy\u0259t g\u00f6st\u0259rir.<\/p>\n","protected":false},"excerpt":{"rendered":"<p>Deputat: &#8221;D\u00f6vl\u0259t bu pullar\u0131 \u00f6d\u0259y\u0259c\u0259k, he\u00e7 bir problem d\u0259 olmayacaq&#8221;<\/p>\n","protected":false},"author":11,"featured_media":114048,"comment_status":"closed","ping_status":"open","sticky":false,"template":"","format":"standard","meta":{"_acf_changed":false,"_sitemap_exclude":false,"_sitemap_priority":"","_sitemap_frequency":"","footnotes":""},"categories":[56],"tags":[],"class_list":["post-193006","post","type-post","status-publish","format-standard","has-post-thumbnail","hentry","category-xeberler","infinite-scroll-item","generate-columns","tablet-grid-50","mobile-grid-100","grid-parent","grid-33","no-featured-image-padding"],"acf":[],"yoast_head":"<!-- This site is optimized with the Yoast SEO plugin v27.4 - https:\/\/yoast.com\/product\/yoast-seo-wordpress\/ -->\n<title>F\u00fczuli M\u0259mm\u0259dov: 100 \u015f\u0259hid ail\u0259sinin h\u0259r birin\u0259 11 min manat \u00f6d\u0259m\u0259y\u0259 haz\u0131ram - MEYDAN.TV<\/title>\n<meta name=\"robots\" content=\"index, follow, max-snippet:-1, max-image-preview:large, max-video-preview:-1\" \/>\n<link rel=\"canonical\" href=\"https:\/\/www.meydan.tv\/az\/article\/fuzuli-memmedov-100-sehid-ailesinin-her-birine-11-min-manat-odemeye-haziram\/\" \/>\n<meta property=\"og:locale\" content=\"az_AZ\" \/>\n<meta property=\"og:type\" content=\"article\" \/>\n<meta property=\"og:title\" content=\"F\u00fczuli M\u0259mm\u0259dov: 100 \u015f\u0259hid ail\u0259sinin h\u0259r birin\u0259 11 min manat \u00f6d\u0259m\u0259y\u0259 haz\u0131ram - MEYDAN.TV\" \/>\n<meta property=\"og:description\" content=\"Deputat: &#039;&#039;D\u00f6vl\u0259t bu pullar\u0131 \u00f6d\u0259y\u0259c\u0259k, he\u00e7 bir problem d\u0259 olmayacaq&#039;&#039;\" \/>\n<meta property=\"og:url\" content=\"https:\/\/www.meydan.tv\/az\/article\/fuzuli-memmedov-100-sehid-ailesinin-her-birine-11-min-manat-odemeye-haziram\/\" \/>\n<meta property=\"og:site_name\" content=\"MEYDAN.TV\" \/>\n<meta property=\"article:published_time\" content=\"2018-12-13T16:03:49+00:00\" \/>\n<meta property=\"og:image\" content=\"https:\/\/www.meydan.tv\/wp-content\/uploads\/45441.jpg\" \/>\n\t<meta property=\"og:image:width\" content=\"656\" \/>\n\t<meta property=\"og:image:height\" content=\"490\" \/>\n\t<meta property=\"og:image:type\" content=\"image\/jpeg\" \/>\n<meta name=\"author\" content=\"user-manager\" \/>\n<meta name=\"twitter:card\" content=\"summary_large_image\" \/>\n<script type=\"application\/ld+json\" class=\"yoast-schema-graph\">{\"@context\":\"https:\\\/\\\/schema.org\",\"@graph\":[{\"@type\":\"Article\",\"@id\":\"https:\\\/\\\/www.meydan.tv\\\/az\\\/article\\\/fuzuli-memmedov-100-sehid-ailesinin-her-birine-11-min-manat-odemeye-haziram\\\/#article\",\"isPartOf\":{\"@id\":\"https:\\\/\\\/www.meydan.tv\\\/az\\\/article\\\/fuzuli-memmedov-100-sehid-ailesinin-her-birine-11-min-manat-odemeye-haziram\\\/\"},\"author\":{\"name\":\"user-manager\",\"@id\":\"https:\\\/\\\/www.meydan.tv\\\/az\\\/#\\\/schema\\\/person\\\/10d11eccf6da3662cf5fdab9806ea91a\"},\"headline\":\"F\u00fczuli M\u0259mm\u0259dov: 100 \u015f\u0259hid ail\u0259sinin h\u0259r birin\u0259 11 min manat \u00f6d\u0259m\u0259y\u0259 haz\u0131ram\",\"datePublished\":\"2018-12-13T16:03:49+00:00\",\"mainEntityOfPage\":{\"@id\":\"https:\\\/\\\/www.meydan.tv\\\/az\\\/article\\\/fuzuli-memmedov-100-sehid-ailesinin-her-birine-11-min-manat-odemeye-haziram\\\/\"},\"wordCount\":1408,\"publisher\":{\"@id\":\"https:\\\/\\\/www.meydan.tv\\\/az\\\/#organization\"},\"image\":{\"@id\":\"https:\\\/\\\/www.meydan.tv\\\/az\\\/article\\\/fuzuli-memmedov-100-sehid-ailesinin-her-birine-11-min-manat-odemeye-haziram\\\/#primaryimage\"},\"thumbnailUrl\":\"https:\\\/\\\/www.meydan.tv\\\/wp-content\\\/uploads\\\/45441.jpg\",\"articleSection\":[\"X\u0259b\u0259rl\u0259r\"],\"inLanguage\":\"az\"},{\"@type\":\"WebPage\",\"@id\":\"https:\\\/\\\/www.meydan.tv\\\/az\\\/article\\\/fuzuli-memmedov-100-sehid-ailesinin-her-birine-11-min-manat-odemeye-haziram\\\/\",\"url\":\"https:\\\/\\\/www.meydan.tv\\\/az\\\/article\\\/fuzuli-memmedov-100-sehid-ailesinin-her-birine-11-min-manat-odemeye-haziram\\\/\",\"name\":\"F\u00fczuli M\u0259mm\u0259dov: 100 \u015f\u0259hid ail\u0259sinin h\u0259r birin\u0259 11 min manat \u00f6d\u0259m\u0259y\u0259 haz\u0131ram - MEYDAN.TV\",\"isPartOf\":{\"@id\":\"https:\\\/\\\/www.meydan.tv\\\/az\\\/#website\"},\"primaryImageOfPage\":{\"@id\":\"https:\\\/\\\/www.meydan.tv\\\/az\\\/article\\\/fuzuli-memmedov-100-sehid-ailesinin-her-birine-11-min-manat-odemeye-haziram\\\/#primaryimage\"},\"image\":{\"@id\":\"https:\\\/\\\/www.meydan.tv\\\/az\\\/article\\\/fuzuli-memmedov-100-sehid-ailesinin-her-birine-11-min-manat-odemeye-haziram\\\/#primaryimage\"},\"thumbnailUrl\":\"https:\\\/\\\/www.meydan.tv\\\/wp-content\\\/uploads\\\/45441.jpg\",\"datePublished\":\"2018-12-13T16:03:49+00:00\",\"breadcrumb\":{\"@id\":\"https:\\\/\\\/www.meydan.tv\\\/az\\\/article\\\/fuzuli-memmedov-100-sehid-ailesinin-her-birine-11-min-manat-odemeye-haziram\\\/#breadcrumb\"},\"inLanguage\":\"az\",\"potentialAction\":[{\"@type\":\"ReadAction\",\"target\":[\"https:\\\/\\\/www.meydan.tv\\\/az\\\/article\\\/fuzuli-memmedov-100-sehid-ailesinin-her-birine-11-min-manat-odemeye-haziram\\\/\"]}]},{\"@type\":\"ImageObject\",\"inLanguage\":\"az\",\"@id\":\"https:\\\/\\\/www.meydan.tv\\\/az\\\/article\\\/fuzuli-memmedov-100-sehid-ailesinin-her-birine-11-min-manat-odemeye-haziram\\\/#primaryimage\",\"url\":\"https:\\\/\\\/www.meydan.tv\\\/wp-content\\\/uploads\\\/45441.jpg\",\"contentUrl\":\"https:\\\/\\\/www.meydan.tv\\\/wp-content\\\/uploads\\\/45441.jpg\",\"width\":656,\"height\":490,\"caption\":\"Source:\"},{\"@type\":\"BreadcrumbList\",\"@id\":\"https:\\\/\\\/www.meydan.tv\\\/az\\\/article\\\/fuzuli-memmedov-100-sehid-ailesinin-her-birine-11-min-manat-odemeye-haziram\\\/#breadcrumb\",\"itemListElement\":[{\"@type\":\"ListItem\",\"position\":1,\"name\":\"Ana s\u0259hif\u0259\",\"item\":\"https:\\\/\\\/www.meydan.tv\\\/az\\\/\"},{\"@type\":\"ListItem\",\"position\":2,\"name\":\"X\u0259b\u0259rl\u0259r\",\"item\":\"https:\\\/\\\/www.meydan.tv\\\/az\\\/section\\\/xeberler\\\/\"},{\"@type\":\"ListItem\",\"position\":3,\"name\":\"F\u00fczuli M\u0259mm\u0259dov: 100 \u015f\u0259hid ail\u0259sinin h\u0259r birin\u0259 11 min manat \u00f6d\u0259m\u0259y\u0259 haz\u0131ram\"}]},{\"@type\":\"WebSite\",\"@id\":\"https:\\\/\\\/www.meydan.tv\\\/az\\\/#website\",\"url\":\"https:\\\/\\\/www.meydan.tv\\\/az\\\/\",\"name\":\"MEYDAN.TV\",\"description\":\"Meydan TV Az\u0259rbaycan\u0131n media m\u0259kan\u0131ndak\u0131 alternativ s\u0259sidir\",\"publisher\":{\"@id\":\"https:\\\/\\\/www.meydan.tv\\\/az\\\/#organization\"},\"potentialAction\":[{\"@type\":\"SearchAction\",\"target\":{\"@type\":\"EntryPoint\",\"urlTemplate\":\"https:\\\/\\\/www.meydan.tv\\\/az\\\/?s={search_term_string}\"},\"query-input\":{\"@type\":\"PropertyValueSpecification\",\"valueRequired\":true,\"valueName\":\"search_term_string\"}}],\"inLanguage\":\"az\"},{\"@type\":\"Organization\",\"@id\":\"https:\\\/\\\/www.meydan.tv\\\/az\\\/#organization\",\"name\":\"Meydan TV\",\"url\":\"https:\\\/\\\/www.meydan.tv\\\/az\\\/\",\"logo\":{\"@type\":\"ImageObject\",\"inLanguage\":\"az\",\"@id\":\"https:\\\/\\\/www.meydan.tv\\\/az\\\/#\\\/schema\\\/logo\\\/image\\\/\",\"url\":\"https:\\\/\\\/www.meydan.tv\\\/wp-content\\\/uploads\\\/2021\\\/07\\\/meydan-logo.svg\",\"contentUrl\":\"https:\\\/\\\/www.meydan.tv\\\/wp-content\\\/uploads\\\/2021\\\/07\\\/meydan-logo.svg\",\"width\":195,\"height\":46,\"caption\":\"Meydan TV\"},\"image\":{\"@id\":\"https:\\\/\\\/www.meydan.tv\\\/az\\\/#\\\/schema\\\/logo\\\/image\\\/\"}},{\"@type\":\"Person\",\"@id\":\"https:\\\/\\\/www.meydan.tv\\\/az\\\/#\\\/schema\\\/person\\\/10d11eccf6da3662cf5fdab9806ea91a\",\"name\":\"user-manager\"}]}<\/script>\n<!-- \/ Yoast SEO plugin. -->","yoast_head_json":{"title":"F\u00fczuli M\u0259mm\u0259dov: 100 \u015f\u0259hid ail\u0259sinin h\u0259r birin\u0259 11 min manat \u00f6d\u0259m\u0259y\u0259 haz\u0131ram - MEYDAN.TV","robots":{"index":"index","follow":"follow","max-snippet":"max-snippet:-1","max-image-preview":"max-image-preview:large","max-video-preview":"max-video-preview:-1"},"canonical":"https:\/\/www.meydan.tv\/az\/article\/fuzuli-memmedov-100-sehid-ailesinin-her-birine-11-min-manat-odemeye-haziram\/","og_locale":"az_AZ","og_type":"article","og_title":"F\u00fczuli M\u0259mm\u0259dov: 100 \u015f\u0259hid ail\u0259sinin h\u0259r birin\u0259 11 min manat \u00f6d\u0259m\u0259y\u0259 haz\u0131ram - MEYDAN.TV","og_description":"Deputat: ''D\u00f6vl\u0259t bu pullar\u0131 \u00f6d\u0259y\u0259c\u0259k, he\u00e7 bir problem d\u0259 olmayacaq''","og_url":"https:\/\/www.meydan.tv\/az\/article\/fuzuli-memmedov-100-sehid-ailesinin-her-birine-11-min-manat-odemeye-haziram\/","og_site_name":"MEYDAN.TV","article_published_time":"2018-12-13T16:03:49+00:00","og_image":[{"width":656,"height":490,"url":"https:\/\/www.meydan.tv\/wp-content\/uploads\/45441.jpg","type":"image\/jpeg"}],"author":"user-manager","twitter_card":"summary_large_image","schema":{"@context":"https:\/\/schema.org","@graph":[{"@type":"Article","@id":"https:\/\/www.meydan.tv\/az\/article\/fuzuli-memmedov-100-sehid-ailesinin-her-birine-11-min-manat-odemeye-haziram\/#article","isPartOf":{"@id":"https:\/\/www.meydan.tv\/az\/article\/fuzuli-memmedov-100-sehid-ailesinin-her-birine-11-min-manat-odemeye-haziram\/"},"author":{"name":"user-manager","@id":"https:\/\/www.meydan.tv\/az\/#\/schema\/person\/10d11eccf6da3662cf5fdab9806ea91a"},"headline":"F\u00fczuli M\u0259mm\u0259dov: 100 \u015f\u0259hid ail\u0259sinin h\u0259r birin\u0259 11 min manat \u00f6d\u0259m\u0259y\u0259 haz\u0131ram","datePublished":"2018-12-13T16:03:49+00:00","mainEntityOfPage":{"@id":"https:\/\/www.meydan.tv\/az\/article\/fuzuli-memmedov-100-sehid-ailesinin-her-birine-11-min-manat-odemeye-haziram\/"},"wordCount":1408,"publisher":{"@id":"https:\/\/www.meydan.tv\/az\/#organization"},"image":{"@id":"https:\/\/www.meydan.tv\/az\/article\/fuzuli-memmedov-100-sehid-ailesinin-her-birine-11-min-manat-odemeye-haziram\/#primaryimage"},"thumbnailUrl":"https:\/\/www.meydan.tv\/wp-content\/uploads\/45441.jpg","articleSection":["X\u0259b\u0259rl\u0259r"],"inLanguage":"az"},{"@type":"WebPage","@id":"https:\/\/www.meydan.tv\/az\/article\/fuzuli-memmedov-100-sehid-ailesinin-her-birine-11-min-manat-odemeye-haziram\/","url":"https:\/\/www.meydan.tv\/az\/article\/fuzuli-memmedov-100-sehid-ailesinin-her-birine-11-min-manat-odemeye-haziram\/","name":"F\u00fczuli M\u0259mm\u0259dov: 100 \u015f\u0259hid ail\u0259sinin h\u0259r birin\u0259 11 min manat \u00f6d\u0259m\u0259y\u0259 haz\u0131ram - MEYDAN.TV","isPartOf":{"@id":"https:\/\/www.meydan.tv\/az\/#website"},"primaryImageOfPage":{"@id":"https:\/\/www.meydan.tv\/az\/article\/fuzuli-memmedov-100-sehid-ailesinin-her-birine-11-min-manat-odemeye-haziram\/#primaryimage"},"image":{"@id":"https:\/\/www.meydan.tv\/az\/article\/fuzuli-memmedov-100-sehid-ailesinin-her-birine-11-min-manat-odemeye-haziram\/#primaryimage"},"thumbnailUrl":"https:\/\/www.meydan.tv\/wp-content\/uploads\/45441.jpg","datePublished":"2018-12-13T16:03:49+00:00","breadcrumb":{"@id":"https:\/\/www.meydan.tv\/az\/article\/fuzuli-memmedov-100-sehid-ailesinin-her-birine-11-min-manat-odemeye-haziram\/#breadcrumb"},"inLanguage":"az","potentialAction":[{"@type":"ReadAction","target":["https:\/\/www.meydan.tv\/az\/article\/fuzuli-memmedov-100-sehid-ailesinin-her-birine-11-min-manat-odemeye-haziram\/"]}]},{"@type":"ImageObject","inLanguage":"az","@id":"https:\/\/www.meydan.tv\/az\/article\/fuzuli-memmedov-100-sehid-ailesinin-her-birine-11-min-manat-odemeye-haziram\/#primaryimage","url":"https:\/\/www.meydan.tv\/wp-content\/uploads\/45441.jpg","contentUrl":"https:\/\/www.meydan.tv\/wp-content\/uploads\/45441.jpg","width":656,"height":490,"caption":"Source:"},{"@type":"BreadcrumbList","@id":"https:\/\/www.meydan.tv\/az\/article\/fuzuli-memmedov-100-sehid-ailesinin-her-birine-11-min-manat-odemeye-haziram\/#breadcrumb","itemListElement":[{"@type":"ListItem","position":1,"name":"Ana s\u0259hif\u0259","item":"https:\/\/www.meydan.tv\/az\/"},{"@type":"ListItem","position":2,"name":"X\u0259b\u0259rl\u0259r","item":"https:\/\/www.meydan.tv\/az\/section\/xeberler\/"},{"@type":"ListItem","position":3,"name":"F\u00fczuli M\u0259mm\u0259dov: 100 \u015f\u0259hid ail\u0259sinin h\u0259r birin\u0259 11 min manat \u00f6d\u0259m\u0259y\u0259 haz\u0131ram"}]},{"@type":"WebSite","@id":"https:\/\/www.meydan.tv\/az\/#website","url":"https:\/\/www.meydan.tv\/az\/","name":"MEYDAN.TV","description":"Meydan TV Az\u0259rbaycan\u0131n media m\u0259kan\u0131ndak\u0131 alternativ s\u0259sidir","publisher":{"@id":"https:\/\/www.meydan.tv\/az\/#organization"},"potentialAction":[{"@type":"SearchAction","target":{"@type":"EntryPoint","urlTemplate":"https:\/\/www.meydan.tv\/az\/?s={search_term_string}"},"query-input":{"@type":"PropertyValueSpecification","valueRequired":true,"valueName":"search_term_string"}}],"inLanguage":"az"},{"@type":"Organization","@id":"https:\/\/www.meydan.tv\/az\/#organization","name":"Meydan TV","url":"https:\/\/www.meydan.tv\/az\/","logo":{"@type":"ImageObject","inLanguage":"az","@id":"https:\/\/www.meydan.tv\/az\/#\/schema\/logo\/image\/","url":"https:\/\/www.meydan.tv\/wp-content\/uploads\/2021\/07\/meydan-logo.svg","contentUrl":"https:\/\/www.meydan.tv\/wp-content\/uploads\/2021\/07\/meydan-logo.svg","width":195,"height":46,"caption":"Meydan TV"},"image":{"@id":"https:\/\/www.meydan.tv\/az\/#\/schema\/logo\/image\/"}},{"@type":"Person","@id":"https:\/\/www.meydan.tv\/az\/#\/schema\/person\/10d11eccf6da3662cf5fdab9806ea91a","name":"user-manager"}]}},"_links":{"self":[{"href":"https:\/\/www.meydan.tv\/az\/wp-json\/wp\/v2\/posts\/193006","targetHints":{"allow":["GET"]}}],"collection":[{"href":"https:\/\/www.meydan.tv\/az\/wp-json\/wp\/v2\/posts"}],"about":[{"href":"https:\/\/www.meydan.tv\/az\/wp-json\/wp\/v2\/types\/post"}],"author":[{"embeddable":true,"href":"https:\/\/www.meydan.tv\/az\/wp-json\/wp\/v2\/users\/11"}],"replies":[{"embeddable":true,"href":"https:\/\/www.meydan.tv\/az\/wp-json\/wp\/v2\/comments?post=193006"}],"version-history":[{"count":0,"href":"https:\/\/www.meydan.tv\/az\/wp-json\/wp\/v2\/posts\/193006\/revisions"}],"wp:featuredmedia":[{"embeddable":true,"href":"https:\/\/www.meydan.tv\/az\/wp-json\/wp\/v2\/media\/114048"}],"wp:attachment":[{"href":"https:\/\/www.meydan.tv\/az\/wp-json\/wp\/v2\/media?parent=193006"}],"wp:term":[{"taxonomy":"category","embeddable":true,"href":"https:\/\/www.meydan.tv\/az\/wp-json\/wp\/v2\/categories?post=193006"},{"taxonomy":"post_tag","embeddable":true,"href":"https:\/\/www.meydan.tv\/az\/wp-json\/wp\/v2\/tags?post=193006"}],"curies":[{"name":"wp","href":"https:\/\/api.w.org\/{rel}","templated":true}]}}