{"id":193002,"date":"2018-12-13T14:39:17","date_gmt":"2018-12-13T14:39:17","guid":{"rendered":"https:\/\/www.meydan.tv\/article\/iqtisadci-lekiden-qebeleye-demir-yolunun-cekilmesi-bosuna-maliyye-serfiyyatidir\/"},"modified":"2018-12-13T14:39:17","modified_gmt":"2018-12-13T14:39:17","slug":"iqtisadci-lekiden-qebeleye-demir-yolunun-cekilmesi-bosuna-maliyye-serfiyyatidir","status":"publish","type":"post","link":"https:\/\/www.meydan.tv\/az\/article\/iqtisadci-lekiden-qebeleye-demir-yolunun-cekilmesi-bosuna-maliyye-serfiyyatidir\/","title":{"rendered":"\u0130qtisad\u00e7\u0131: L\u0259kid\u0259n Q\u0259b\u0259l\u0259y\u0259 d\u0259mir yolunun \u00e7\u0259kilm\u0259si bo\u015funa maliyy\u0259 s\u0259rfiyyat\u0131d\u0131r"},"content":{"rendered":"<figure class=\"wp-block-image size-large\">\n  <img decoding=\"async\" src=\"https:\/\/www.meydan.tv\/az\/demiryolu\/\" alt=\"D\u0259miryolu\" class=\"wp-image-76309\"\/><figcaption>\n    D\u0259miryolu<br \/>\n  <\/figcaption><\/figure>\n<p>\n  <i><br \/>\n    &#8221;\u00d6z\u00fcn\u0259 h\u00f6rm\u0259t ed\u0259n turist 2 saatl\u0131q yola 8-9 saat s\u0259rf etm\u0259z&#8221;<br \/>\n  <\/i>\n<\/p>\n<p>\n  Prezident<br \/>\n  <a href=\"https:\/\/president.az\/articles\/31052\"><br \/>\n    \u0130lham \u018fliyev<br \/>\n  <\/a><br \/>\n  L\u0259kid\u0259n Q\u0259b\u0259l\u0259y\u0259 d\u0259mir yolu x\u0259tti \u00e7\u0259kilm\u0259si \u00fc\u00e7\u00fcn s\u0259r\u0259ncam imzalay\u0131b. S\u0259r\u0259ncama \u0259sas\u0259n, x\u0259ttin \u00e7\u0259kilm\u0259sin\u0259 30 milyon manat ayr\u0131l\u0131b.\n<\/p>\n<p>\n  L\u0259kid\u0259n Q\u0259b\u0259l\u0259y\u0259 d\u0259mir yolu x\u0259ttinin \u00e7\u0259kilm\u0259si \u00f6lk\u0259 iqtisadiyyat\u0131n\u0131n neftd\u0259n as\u0131l\u0131l\u0131\u011f\u0131n\u0131n azald\u0131lmas\u0131, dig\u0259r sah\u0259l\u0259rd\u0259n g\u0259l\u0259n g\u0259lirl\u0259rin art\u0131r\u0131lmas\u0131, qeyri-neft sektorunun s\u00fcr\u0259tli inki\u015faf\u0131 v\u0259 respublikada apar\u0131lan iqtisadi islahatlarla \u0259sasland\u0131r\u0131l\u0131r.\n<\/p>\n<p>\n  S\u0259r\u0259ncamda deyilir ki, qeyri-neft sektorunun iqtisadi c\u0259h\u0259td\u0259n \u0259n s\u0259rf\u0259li sah\u0259l\u0259rind\u0259n biri hesab edil\u0259n turizmin inki\u015faf\u0131 il\u0259 ba\u011fl\u0131 son ill\u0259rd\u0259 h\u0259yata ke\u00e7iril\u0259n t\u0259dbirl\u0259r n\u0259tic\u0259sind\u0259 bu sah\u0259d\u0259 ciddi nailiyy\u0259tl\u0259r \u0259ld\u0259 edilib. O c\u00fcml\u0259d\u0259n turizm obyektl\u0259rinin say\u0131 \u00e7oxal\u0131b, xidm\u0259t s\u0259viyy\u0259si y\u00fcks\u0259lib:\n<\/p>\n<p>\n  \u201cYerli \u0259halinin milli turizm\u0259 mara\u011f\u0131, el\u0259c\u0259 d\u0259 \u00f6lk\u0259y\u0259 s\u0259f\u0259r ed\u0259n turistl\u0259rin say\u0131 xeyli art\u0131b. \u00d6lk\u0259nin \u0259sas turizm m\u0259rk\u0259zl\u0259rind\u0259n biri olan Q\u0259b\u0259l\u0259y\u0259 v\u0259 \u0259ks istiqam\u0259td\u0259 d\u0259mir yolu il\u0259 s\u0259rni\u015finda\u015f\u0131malar\u0131n h\u0259yata ke\u00e7irilm\u0259si \u00fc\u00e7\u00fcn A\u011fda\u015f rayonu \u0259razisind\u0259 yerl\u0259\u015f\u0259n L\u0259ki stansiyas\u0131n\u0131n yax\u0131nl\u0131\u011f\u0131ndan uzunlu\u011fu 43,0 km olan yeni d\u0259mir yolu x\u0259ttinin tikintisi turizm infrastrukturunun yax\u015f\u0131la\u015fd\u0131r\u0131lmas\u0131na v\u0259 turizm obyektl\u0259rin\u0259 \u0259lyet\u0259rliyin t\u0259min edilm\u0259sin\u0259 \u00f6z t\u00f6hf\u0259sini ver\u0259c\u0259k\u201d.\n<\/p>\n<p>\n  \u0130qtisad\u00e7\u0131 Natiq C\u0259f\u0259rli hesab edir ki, bu layih\u0259 bo\u015funa maliyy\u0259 s\u0259rfiyyat\u0131ndan ba\u015fqa bir \u015fey deyil. Bak\u0131dan Q\u0259b\u0259l\u0259y\u0259 avtomobill\u0259 2-2,5 saatl\u0131q yoldur, ancaq qatar Bak\u0131dan \u015e\u0259kiy\u0259 8-9 saata gedir. \u0130qtisad\u00e7\u0131 deyir ki, \u00f6z\u00fcn\u0259 h\u00f6rm\u0259t ed\u0259n turist 2 saatl\u0131q yola 8-9 saat s\u0259rf etm\u0259z:\n<\/p>\n<p>\n  \u201cOdur ki, bu d\u0259mir yolunun tikilm\u0259sinin turizm\u0259 he\u00e7 bir aidiyyat\u0131 yoxdur. G\u0259lin, AzTV-d\u0259n g\u00f6z\u00fcm\u00fcz\u00fc ay\u0131r\u0131b, reall\u0131\u011fa baxaq. M\u00fcasir turist profilini \u00f6yr\u0259nm\u0259d\u0259n h\u00f6kum\u0259t m\u0259nas\u0131z q\u0259rarlar verir. Sonra da g\u00f6r\u00fcr ki, q\u0259rarlar i\u015fl\u0259k v\u0259 effektiv deyil. Hans\u0131 \u0259r\u0259b 8 saata Q\u0259b\u0259l\u0259y\u0259 ged\u0259c\u0259k?! Hans\u0131 iranl\u0131 qatarda bu q\u0259d\u0259r vaxt s\u0259rf etm\u0259y\u0259 raz\u0131 olacaq?!\u201d\n<\/p>\n<figure class=\"wp-block-image size-large\">\n  <img decoding=\"async\" src=\"https:\/\/www.meydan.tv\/az\/natiq-ceferli-9\/\" alt=\"Natiq C\u0259f\u0259rli\" class=\"wp-image-114039\"\/><figcaption>\n    Natiq C\u0259f\u0259rli<br \/>\n  <\/figcaption><\/figure>\n<p>\n  \u0130qtisad\u00e7\u0131 deyir ki, Az\u0259rbaycan kimi \u0259razisi ki\u00e7ik \u00f6lk\u0259l\u0259rd\u0259 s\u0259rni\u015finda\u015f\u0131mada d\u0259mir yollar\u0131 s\u0259rf\u0259li deyil:\n<\/p>\n<p>\n  \u201cBizd\u0259 s\u00fcr\u0259t qatarlar\u0131 yoxdur, olmas\u0131 iqtisadi c\u0259h\u0259td\u0259n rentabelli olmaz, \u00e7\u00fcnki qon\u015fu \u00f6lk\u0259l\u0259rl\u0259 inteqrasiya olunmu\u015f s\u00fcr\u0259tli qatarlar \u015f\u0259b\u0259k\u0259sinin yaranmas\u0131 m\u00fcmk\u00fcn deyil. Bu, olmadan d\u0259mir yollar\u0131 turist c\u0259lb ed\u0259n faktor olmayacaq. L\u0259kid\u0259n Q\u0259b\u0259l\u0259y\u0259 43 km yol \u00e7\u0259kil\u0259c\u0259k, 200-250 n\u0259f\u0259r sad\u0259 v\u0259t\u0259nda\u015f ayda 200-300 maa\u015f\u0131 olan m\u00fcv\u0259qq\u0259ti i\u015fl\u0259 t\u0259min olunacaq. 3-4 r\u0259is \u00f6z\u00fcn\u0259 \u201cRange Rover\u201d, 1 iri m\u0259mur is\u0259 \u00f6z\u00fcn\u0259 Kiprd\u0259 villa alacaq. Amma bu layih\u0259nin Q\u0259b\u0259l\u0259d\u0259 turizmin inki\u015faf\u0131na he\u00e7 bir aidiyyat\u0131 olmayacaq\u201d.\n<\/p>\n<p>\n  B\u00f6lg\u0259l\u0259r\u0259 bir t\u0259r\u0259fd\u0259n d\u0259mir yolu x\u0259tl\u0259ri \u00e7\u0259kilir, dig\u0259r t\u0259r\u0259fd\u0259n d\u0259 hava limanlar\u0131 tikilir, yenid\u0259n qurulur. M\u0259s\u0259l\u0259n, \u00f6t\u0259n il<br \/>\n  <a href=\"https:\/\/www.azal.az\/az\/article\/303?fbclid=IwAR3oOWSqJfQbzF19t63yI2zEzvKPLNBLzfy4Y8p-Ta1dePs3FSSUoPds3Dk\"><br \/>\n    Zaqatala Beyn\u0259lxalq hava liman\u0131<br \/>\n  <\/a><br \/>\n  \u0259sasl\u0131 yenid\u0259nqurmadan sonra istismara verildi.\n<\/p>\n<p>\n  Hava liman\u0131n\u0131n yenid\u0259n qurulmas\u0131na 2007-ci ild\u0259 d\u0259 10 milyon, 2008-ci ild\u0259 17 milyon 800 min manat v\u0259sait ayr\u0131lm\u0131\u015fd\u0131.\n<\/p>\n<p>\n  2007-2013-c\u00fc ill\u0259rd\u0259 is\u0259 \u00fcmumilikd\u0259 b\u00f6lg\u0259 hava limanlar\u0131n\u0131n (Zaqatala, Q\u0259b\u0259l\u0259, G\u0259nc\u0259 v\u0259 L\u0259nk\u0259ran hava limanlar\u0131na) yenid\u0259n qurulmas\u0131na 47 milyon 988 min 400 manat v\u0259sait x\u0259rcl\u0259nib.\n<\/p>\n<p>\n  Ekspertl\u0259r hesab edirl\u0259r ki, Az\u0259rbaycan\u0131n bir ba\u015f\u0131ndan o biri ba\u015f\u0131na \u0259n uzaq m\u0259saf\u0259 500 km-d\u0259n \u00e7ox deyil. Bel\u0259 ki\u00e7ik bir \u00f6lk\u0259nin b\u00f6lg\u0259l\u0259rin\u0259 h\u0259m hava limanlar\u0131 tikm\u0259k \u00fc\u00e7\u00fcn milyonlar t\u00f6km\u0259k, h\u0259m d\u0259 d\u0259miryol x\u0259tl\u0259rinin tikintisin\u0259 milyonlar x\u0259rcl\u0259m\u0259k israf\u00e7\u0131l\u0131qd\u0131r. H\u0259min b\u00f6lg\u0259l\u0259r\u0259 avtomobill\u0259 getm\u0259k daha ucuz v\u0259 tez ba\u015fa g\u0259lir. \u00dcst\u0259lik, Q\u0259b\u0259l\u0259d\u0259 i\u015fl\u0259k olmayan hava liman\u0131 da var.\n<\/p>\n<p>\n  <a href=\"https:\/\/www.azal.az\/\"><br \/>\n    Azal\u0131n sayt\u0131<br \/>\n  <\/a><br \/>\n  ndan da g\u00f6r\u00fcn\u00fcr ki, b\u00f6lg\u0259 hava limanlar\u0131ndan t\u0259kc\u0259 L\u0259nk\u0259randan (h\u0259r c\u00fcm\u0259 g\u00fcn\u00fc) v\u0259 G\u0259nc\u0259d\u0259n (h\u0259ft\u0259nin \u015f\u0259nb\u0259 g\u00fcnl\u0259ri) Moskvaya u\u00e7u\u015f var. Q\u0259b\u0259l\u0259d\u0259n d\u0259 Moskvaya reys oldu\u011fu g\u00f6st\u0259rilir. Ancaq u\u00e7u\u015f yoxdur. Bir d\u0259 G\u0259nc\u0259d\u0259n h\u0259ft\u0259nin \u00fc\u00e7 g\u00fcn\u00fc Bak\u0131ya reys var. Qiym\u0259t is\u0259 56 manatd\u0131r. N\u0259 maddi, n\u0259 d\u0259 vaxt bax\u0131m\u0131ndan s\u0259rf\u0259lidir. G\u0259nc\u0259d\u0259n Bak\u0131ya t\u0259xmin\u0259n 360 kilometrdir. Bunu avtomobill\u0259 4 saata, t\u0259yyar\u0259d\u0259n 5 qat ucuz q\u0259t etm\u0259k m\u00fcmk\u00fcnd\u00fcr.<\/p>\n","protected":false},"excerpt":{"rendered":"<p>&#8221;\u00d6z\u00fcn\u0259 h\u00f6rm\u0259t ed\u0259n turist 2 saatl\u0131q yola 8-9 saat s\u0259rf etm\u0259z&#8221;<\/p>\n","protected":false},"author":11,"featured_media":76309,"comment_status":"closed","ping_status":"open","sticky":false,"template":"","format":"standard","meta":{"_acf_changed":false,"_sitemap_exclude":false,"_sitemap_priority":"","_sitemap_frequency":"","footnotes":""},"categories":[60],"tags":[],"class_list":["post-193002","post","type-post","status-publish","format-standard","has-post-thumbnail","hentry","category-bolge","infinite-scroll-item","generate-columns","tablet-grid-50","mobile-grid-100","grid-parent","grid-33","no-featured-image-padding"],"acf":[],"yoast_head":"<!-- This site is optimized with the Yoast SEO plugin v27.4 - https:\/\/yoast.com\/product\/yoast-seo-wordpress\/ -->\n<title>\u0130qtisad\u00e7\u0131: L\u0259kid\u0259n Q\u0259b\u0259l\u0259y\u0259 d\u0259mir yolunun \u00e7\u0259kilm\u0259si bo\u015funa maliyy\u0259 s\u0259rfiyyat\u0131d\u0131r - MEYDAN.TV<\/title>\n<meta name=\"robots\" content=\"index, follow, max-snippet:-1, max-image-preview:large, max-video-preview:-1\" \/>\n<link rel=\"canonical\" href=\"https:\/\/www.meydan.tv\/az\/article\/iqtisadci-lekiden-qebeleye-demir-yolunun-cekilmesi-bosuna-maliyye-serfiyyatidir\/\" \/>\n<meta property=\"og:locale\" content=\"az_AZ\" \/>\n<meta property=\"og:type\" content=\"article\" \/>\n<meta property=\"og:title\" content=\"\u0130qtisad\u00e7\u0131: L\u0259kid\u0259n Q\u0259b\u0259l\u0259y\u0259 d\u0259mir yolunun \u00e7\u0259kilm\u0259si bo\u015funa maliyy\u0259 s\u0259rfiyyat\u0131d\u0131r - MEYDAN.TV\" \/>\n<meta property=\"og:description\" content=\"&#039;&#039;\u00d6z\u00fcn\u0259 h\u00f6rm\u0259t ed\u0259n turist 2 saatl\u0131q yola 8-9 saat s\u0259rf etm\u0259z&#039;&#039;\" \/>\n<meta property=\"og:url\" content=\"https:\/\/www.meydan.tv\/az\/article\/iqtisadci-lekiden-qebeleye-demir-yolunun-cekilmesi-bosuna-maliyye-serfiyyatidir\/\" \/>\n<meta property=\"og:site_name\" content=\"MEYDAN.TV\" \/>\n<meta property=\"article:published_time\" content=\"2018-12-13T14:39:17+00:00\" \/>\n<meta property=\"og:image\" content=\"https:\/\/www.meydan.tv\/wp-content\/uploads\/29650.jpg\" \/>\n\t<meta property=\"og:image:width\" content=\"1000\" \/>\n\t<meta property=\"og:image:height\" content=\"666\" \/>\n\t<meta property=\"og:image:type\" content=\"image\/jpeg\" \/>\n<meta name=\"author\" content=\"user-manager\" \/>\n<meta name=\"twitter:card\" content=\"summary_large_image\" \/>\n<script type=\"application\/ld+json\" class=\"yoast-schema-graph\">{\"@context\":\"https:\\\/\\\/schema.org\",\"@graph\":[{\"@type\":\"Article\",\"@id\":\"https:\\\/\\\/www.meydan.tv\\\/az\\\/article\\\/iqtisadci-lekiden-qebeleye-demir-yolunun-cekilmesi-bosuna-maliyye-serfiyyatidir\\\/#article\",\"isPartOf\":{\"@id\":\"https:\\\/\\\/www.meydan.tv\\\/az\\\/article\\\/iqtisadci-lekiden-qebeleye-demir-yolunun-cekilmesi-bosuna-maliyye-serfiyyatidir\\\/\"},\"author\":{\"name\":\"user-manager\",\"@id\":\"https:\\\/\\\/www.meydan.tv\\\/az\\\/#\\\/schema\\\/person\\\/10d11eccf6da3662cf5fdab9806ea91a\"},\"headline\":\"\u0130qtisad\u00e7\u0131: L\u0259kid\u0259n Q\u0259b\u0259l\u0259y\u0259 d\u0259mir yolunun \u00e7\u0259kilm\u0259si bo\u015funa maliyy\u0259 s\u0259rfiyyat\u0131d\u0131r\",\"datePublished\":\"2018-12-13T14:39:17+00:00\",\"mainEntityOfPage\":{\"@id\":\"https:\\\/\\\/www.meydan.tv\\\/az\\\/article\\\/iqtisadci-lekiden-qebeleye-demir-yolunun-cekilmesi-bosuna-maliyye-serfiyyatidir\\\/\"},\"wordCount\":910,\"publisher\":{\"@id\":\"https:\\\/\\\/www.meydan.tv\\\/az\\\/#organization\"},\"image\":{\"@id\":\"https:\\\/\\\/www.meydan.tv\\\/az\\\/article\\\/iqtisadci-lekiden-qebeleye-demir-yolunun-cekilmesi-bosuna-maliyye-serfiyyatidir\\\/#primaryimage\"},\"thumbnailUrl\":\"https:\\\/\\\/www.meydan.tv\\\/wp-content\\\/uploads\\\/29650.jpg\",\"articleSection\":[\"B\u00f6lg\u0259\"],\"inLanguage\":\"az\"},{\"@type\":\"WebPage\",\"@id\":\"https:\\\/\\\/www.meydan.tv\\\/az\\\/article\\\/iqtisadci-lekiden-qebeleye-demir-yolunun-cekilmesi-bosuna-maliyye-serfiyyatidir\\\/\",\"url\":\"https:\\\/\\\/www.meydan.tv\\\/az\\\/article\\\/iqtisadci-lekiden-qebeleye-demir-yolunun-cekilmesi-bosuna-maliyye-serfiyyatidir\\\/\",\"name\":\"\u0130qtisad\u00e7\u0131: L\u0259kid\u0259n Q\u0259b\u0259l\u0259y\u0259 d\u0259mir yolunun \u00e7\u0259kilm\u0259si bo\u015funa maliyy\u0259 s\u0259rfiyyat\u0131d\u0131r - MEYDAN.TV\",\"isPartOf\":{\"@id\":\"https:\\\/\\\/www.meydan.tv\\\/az\\\/#website\"},\"primaryImageOfPage\":{\"@id\":\"https:\\\/\\\/www.meydan.tv\\\/az\\\/article\\\/iqtisadci-lekiden-qebeleye-demir-yolunun-cekilmesi-bosuna-maliyye-serfiyyatidir\\\/#primaryimage\"},\"image\":{\"@id\":\"https:\\\/\\\/www.meydan.tv\\\/az\\\/article\\\/iqtisadci-lekiden-qebeleye-demir-yolunun-cekilmesi-bosuna-maliyye-serfiyyatidir\\\/#primaryimage\"},\"thumbnailUrl\":\"https:\\\/\\\/www.meydan.tv\\\/wp-content\\\/uploads\\\/29650.jpg\",\"datePublished\":\"2018-12-13T14:39:17+00:00\",\"breadcrumb\":{\"@id\":\"https:\\\/\\\/www.meydan.tv\\\/az\\\/article\\\/iqtisadci-lekiden-qebeleye-demir-yolunun-cekilmesi-bosuna-maliyye-serfiyyatidir\\\/#breadcrumb\"},\"inLanguage\":\"az\",\"potentialAction\":[{\"@type\":\"ReadAction\",\"target\":[\"https:\\\/\\\/www.meydan.tv\\\/az\\\/article\\\/iqtisadci-lekiden-qebeleye-demir-yolunun-cekilmesi-bosuna-maliyye-serfiyyatidir\\\/\"]}]},{\"@type\":\"ImageObject\",\"inLanguage\":\"az\",\"@id\":\"https:\\\/\\\/www.meydan.tv\\\/az\\\/article\\\/iqtisadci-lekiden-qebeleye-demir-yolunun-cekilmesi-bosuna-maliyye-serfiyyatidir\\\/#primaryimage\",\"url\":\"https:\\\/\\\/www.meydan.tv\\\/wp-content\\\/uploads\\\/29650.jpg\",\"contentUrl\":\"https:\\\/\\\/www.meydan.tv\\\/wp-content\\\/uploads\\\/29650.jpg\",\"width\":1000,\"height\":666,\"caption\":\"Foto: arxiv\"},{\"@type\":\"BreadcrumbList\",\"@id\":\"https:\\\/\\\/www.meydan.tv\\\/az\\\/article\\\/iqtisadci-lekiden-qebeleye-demir-yolunun-cekilmesi-bosuna-maliyye-serfiyyatidir\\\/#breadcrumb\",\"itemListElement\":[{\"@type\":\"ListItem\",\"position\":1,\"name\":\"Ana s\u0259hif\u0259\",\"item\":\"https:\\\/\\\/www.meydan.tv\\\/az\\\/\"},{\"@type\":\"ListItem\",\"position\":2,\"name\":\"B\u00f6lg\u0259\",\"item\":\"https:\\\/\\\/www.meydan.tv\\\/az\\\/section\\\/bolge\\\/\"},{\"@type\":\"ListItem\",\"position\":3,\"name\":\"\u0130qtisad\u00e7\u0131: L\u0259kid\u0259n Q\u0259b\u0259l\u0259y\u0259 d\u0259mir yolunun \u00e7\u0259kilm\u0259si bo\u015funa maliyy\u0259 s\u0259rfiyyat\u0131d\u0131r\"}]},{\"@type\":\"WebSite\",\"@id\":\"https:\\\/\\\/www.meydan.tv\\\/az\\\/#website\",\"url\":\"https:\\\/\\\/www.meydan.tv\\\/az\\\/\",\"name\":\"MEYDAN.TV\",\"description\":\"Meydan TV Az\u0259rbaycan\u0131n media m\u0259kan\u0131ndak\u0131 alternativ s\u0259sidir\",\"publisher\":{\"@id\":\"https:\\\/\\\/www.meydan.tv\\\/az\\\/#organization\"},\"potentialAction\":[{\"@type\":\"SearchAction\",\"target\":{\"@type\":\"EntryPoint\",\"urlTemplate\":\"https:\\\/\\\/www.meydan.tv\\\/az\\\/?s={search_term_string}\"},\"query-input\":{\"@type\":\"PropertyValueSpecification\",\"valueRequired\":true,\"valueName\":\"search_term_string\"}}],\"inLanguage\":\"az\"},{\"@type\":\"Organization\",\"@id\":\"https:\\\/\\\/www.meydan.tv\\\/az\\\/#organization\",\"name\":\"Meydan TV\",\"url\":\"https:\\\/\\\/www.meydan.tv\\\/az\\\/\",\"logo\":{\"@type\":\"ImageObject\",\"inLanguage\":\"az\",\"@id\":\"https:\\\/\\\/www.meydan.tv\\\/az\\\/#\\\/schema\\\/logo\\\/image\\\/\",\"url\":\"https:\\\/\\\/www.meydan.tv\\\/wp-content\\\/uploads\\\/2021\\\/07\\\/meydan-logo.svg\",\"contentUrl\":\"https:\\\/\\\/www.meydan.tv\\\/wp-content\\\/uploads\\\/2021\\\/07\\\/meydan-logo.svg\",\"width\":195,\"height\":46,\"caption\":\"Meydan TV\"},\"image\":{\"@id\":\"https:\\\/\\\/www.meydan.tv\\\/az\\\/#\\\/schema\\\/logo\\\/image\\\/\"}},{\"@type\":\"Person\",\"@id\":\"https:\\\/\\\/www.meydan.tv\\\/az\\\/#\\\/schema\\\/person\\\/10d11eccf6da3662cf5fdab9806ea91a\",\"name\":\"user-manager\"}]}<\/script>\n<!-- \/ Yoast SEO plugin. -->","yoast_head_json":{"title":"\u0130qtisad\u00e7\u0131: L\u0259kid\u0259n Q\u0259b\u0259l\u0259y\u0259 d\u0259mir yolunun \u00e7\u0259kilm\u0259si bo\u015funa maliyy\u0259 s\u0259rfiyyat\u0131d\u0131r - MEYDAN.TV","robots":{"index":"index","follow":"follow","max-snippet":"max-snippet:-1","max-image-preview":"max-image-preview:large","max-video-preview":"max-video-preview:-1"},"canonical":"https:\/\/www.meydan.tv\/az\/article\/iqtisadci-lekiden-qebeleye-demir-yolunun-cekilmesi-bosuna-maliyye-serfiyyatidir\/","og_locale":"az_AZ","og_type":"article","og_title":"\u0130qtisad\u00e7\u0131: L\u0259kid\u0259n Q\u0259b\u0259l\u0259y\u0259 d\u0259mir yolunun \u00e7\u0259kilm\u0259si bo\u015funa maliyy\u0259 s\u0259rfiyyat\u0131d\u0131r - MEYDAN.TV","og_description":"''\u00d6z\u00fcn\u0259 h\u00f6rm\u0259t ed\u0259n turist 2 saatl\u0131q yola 8-9 saat s\u0259rf etm\u0259z''","og_url":"https:\/\/www.meydan.tv\/az\/article\/iqtisadci-lekiden-qebeleye-demir-yolunun-cekilmesi-bosuna-maliyye-serfiyyatidir\/","og_site_name":"MEYDAN.TV","article_published_time":"2018-12-13T14:39:17+00:00","og_image":[{"width":1000,"height":666,"url":"https:\/\/www.meydan.tv\/wp-content\/uploads\/29650.jpg","type":"image\/jpeg"}],"author":"user-manager","twitter_card":"summary_large_image","schema":{"@context":"https:\/\/schema.org","@graph":[{"@type":"Article","@id":"https:\/\/www.meydan.tv\/az\/article\/iqtisadci-lekiden-qebeleye-demir-yolunun-cekilmesi-bosuna-maliyye-serfiyyatidir\/#article","isPartOf":{"@id":"https:\/\/www.meydan.tv\/az\/article\/iqtisadci-lekiden-qebeleye-demir-yolunun-cekilmesi-bosuna-maliyye-serfiyyatidir\/"},"author":{"name":"user-manager","@id":"https:\/\/www.meydan.tv\/az\/#\/schema\/person\/10d11eccf6da3662cf5fdab9806ea91a"},"headline":"\u0130qtisad\u00e7\u0131: L\u0259kid\u0259n Q\u0259b\u0259l\u0259y\u0259 d\u0259mir yolunun \u00e7\u0259kilm\u0259si bo\u015funa maliyy\u0259 s\u0259rfiyyat\u0131d\u0131r","datePublished":"2018-12-13T14:39:17+00:00","mainEntityOfPage":{"@id":"https:\/\/www.meydan.tv\/az\/article\/iqtisadci-lekiden-qebeleye-demir-yolunun-cekilmesi-bosuna-maliyye-serfiyyatidir\/"},"wordCount":910,"publisher":{"@id":"https:\/\/www.meydan.tv\/az\/#organization"},"image":{"@id":"https:\/\/www.meydan.tv\/az\/article\/iqtisadci-lekiden-qebeleye-demir-yolunun-cekilmesi-bosuna-maliyye-serfiyyatidir\/#primaryimage"},"thumbnailUrl":"https:\/\/www.meydan.tv\/wp-content\/uploads\/29650.jpg","articleSection":["B\u00f6lg\u0259"],"inLanguage":"az"},{"@type":"WebPage","@id":"https:\/\/www.meydan.tv\/az\/article\/iqtisadci-lekiden-qebeleye-demir-yolunun-cekilmesi-bosuna-maliyye-serfiyyatidir\/","url":"https:\/\/www.meydan.tv\/az\/article\/iqtisadci-lekiden-qebeleye-demir-yolunun-cekilmesi-bosuna-maliyye-serfiyyatidir\/","name":"\u0130qtisad\u00e7\u0131: L\u0259kid\u0259n Q\u0259b\u0259l\u0259y\u0259 d\u0259mir yolunun \u00e7\u0259kilm\u0259si bo\u015funa maliyy\u0259 s\u0259rfiyyat\u0131d\u0131r - MEYDAN.TV","isPartOf":{"@id":"https:\/\/www.meydan.tv\/az\/#website"},"primaryImageOfPage":{"@id":"https:\/\/www.meydan.tv\/az\/article\/iqtisadci-lekiden-qebeleye-demir-yolunun-cekilmesi-bosuna-maliyye-serfiyyatidir\/#primaryimage"},"image":{"@id":"https:\/\/www.meydan.tv\/az\/article\/iqtisadci-lekiden-qebeleye-demir-yolunun-cekilmesi-bosuna-maliyye-serfiyyatidir\/#primaryimage"},"thumbnailUrl":"https:\/\/www.meydan.tv\/wp-content\/uploads\/29650.jpg","datePublished":"2018-12-13T14:39:17+00:00","breadcrumb":{"@id":"https:\/\/www.meydan.tv\/az\/article\/iqtisadci-lekiden-qebeleye-demir-yolunun-cekilmesi-bosuna-maliyye-serfiyyatidir\/#breadcrumb"},"inLanguage":"az","potentialAction":[{"@type":"ReadAction","target":["https:\/\/www.meydan.tv\/az\/article\/iqtisadci-lekiden-qebeleye-demir-yolunun-cekilmesi-bosuna-maliyye-serfiyyatidir\/"]}]},{"@type":"ImageObject","inLanguage":"az","@id":"https:\/\/www.meydan.tv\/az\/article\/iqtisadci-lekiden-qebeleye-demir-yolunun-cekilmesi-bosuna-maliyye-serfiyyatidir\/#primaryimage","url":"https:\/\/www.meydan.tv\/wp-content\/uploads\/29650.jpg","contentUrl":"https:\/\/www.meydan.tv\/wp-content\/uploads\/29650.jpg","width":1000,"height":666,"caption":"Foto: arxiv"},{"@type":"BreadcrumbList","@id":"https:\/\/www.meydan.tv\/az\/article\/iqtisadci-lekiden-qebeleye-demir-yolunun-cekilmesi-bosuna-maliyye-serfiyyatidir\/#breadcrumb","itemListElement":[{"@type":"ListItem","position":1,"name":"Ana s\u0259hif\u0259","item":"https:\/\/www.meydan.tv\/az\/"},{"@type":"ListItem","position":2,"name":"B\u00f6lg\u0259","item":"https:\/\/www.meydan.tv\/az\/section\/bolge\/"},{"@type":"ListItem","position":3,"name":"\u0130qtisad\u00e7\u0131: L\u0259kid\u0259n Q\u0259b\u0259l\u0259y\u0259 d\u0259mir yolunun \u00e7\u0259kilm\u0259si bo\u015funa maliyy\u0259 s\u0259rfiyyat\u0131d\u0131r"}]},{"@type":"WebSite","@id":"https:\/\/www.meydan.tv\/az\/#website","url":"https:\/\/www.meydan.tv\/az\/","name":"MEYDAN.TV","description":"Meydan TV Az\u0259rbaycan\u0131n media m\u0259kan\u0131ndak\u0131 alternativ s\u0259sidir","publisher":{"@id":"https:\/\/www.meydan.tv\/az\/#organization"},"potentialAction":[{"@type":"SearchAction","target":{"@type":"EntryPoint","urlTemplate":"https:\/\/www.meydan.tv\/az\/?s={search_term_string}"},"query-input":{"@type":"PropertyValueSpecification","valueRequired":true,"valueName":"search_term_string"}}],"inLanguage":"az"},{"@type":"Organization","@id":"https:\/\/www.meydan.tv\/az\/#organization","name":"Meydan TV","url":"https:\/\/www.meydan.tv\/az\/","logo":{"@type":"ImageObject","inLanguage":"az","@id":"https:\/\/www.meydan.tv\/az\/#\/schema\/logo\/image\/","url":"https:\/\/www.meydan.tv\/wp-content\/uploads\/2021\/07\/meydan-logo.svg","contentUrl":"https:\/\/www.meydan.tv\/wp-content\/uploads\/2021\/07\/meydan-logo.svg","width":195,"height":46,"caption":"Meydan TV"},"image":{"@id":"https:\/\/www.meydan.tv\/az\/#\/schema\/logo\/image\/"}},{"@type":"Person","@id":"https:\/\/www.meydan.tv\/az\/#\/schema\/person\/10d11eccf6da3662cf5fdab9806ea91a","name":"user-manager"}]}},"_links":{"self":[{"href":"https:\/\/www.meydan.tv\/az\/wp-json\/wp\/v2\/posts\/193002","targetHints":{"allow":["GET"]}}],"collection":[{"href":"https:\/\/www.meydan.tv\/az\/wp-json\/wp\/v2\/posts"}],"about":[{"href":"https:\/\/www.meydan.tv\/az\/wp-json\/wp\/v2\/types\/post"}],"author":[{"embeddable":true,"href":"https:\/\/www.meydan.tv\/az\/wp-json\/wp\/v2\/users\/11"}],"replies":[{"embeddable":true,"href":"https:\/\/www.meydan.tv\/az\/wp-json\/wp\/v2\/comments?post=193002"}],"version-history":[{"count":0,"href":"https:\/\/www.meydan.tv\/az\/wp-json\/wp\/v2\/posts\/193002\/revisions"}],"wp:featuredmedia":[{"embeddable":true,"href":"https:\/\/www.meydan.tv\/az\/wp-json\/wp\/v2\/media\/76309"}],"wp:attachment":[{"href":"https:\/\/www.meydan.tv\/az\/wp-json\/wp\/v2\/media?parent=193002"}],"wp:term":[{"taxonomy":"category","embeddable":true,"href":"https:\/\/www.meydan.tv\/az\/wp-json\/wp\/v2\/categories?post=193002"},{"taxonomy":"post_tag","embeddable":true,"href":"https:\/\/www.meydan.tv\/az\/wp-json\/wp\/v2\/tags?post=193002"}],"curies":[{"name":"wp","href":"https:\/\/api.w.org\/{rel}","templated":true}]}}