{"id":192996,"date":"2018-12-12T17:56:50","date_gmt":"2018-12-12T17:56:50","guid":{"rendered":"https:\/\/www.meydan.tv\/article\/uc-kendin-ehalisi-zibile-qarismis-sudan-istifade-edir\/"},"modified":"2018-12-12T17:56:50","modified_gmt":"2018-12-12T17:56:50","slug":"uc-kendin-ehalisi-zibile-qarismis-sudan-istifade-edir","status":"publish","type":"post","link":"https:\/\/www.meydan.tv\/az\/article\/uc-kendin-ehalisi-zibile-qarismis-sudan-istifade-edir\/","title":{"rendered":"&#8221;\u00dc\u00e7 k\u0259ndin \u0259halisi zibil\u0259 qar\u0131\u015fm\u0131\u015f sudan istifad\u0259 edir&#8221;"},"content":{"rendered":"<figure class=\"wp-block-image size-large\">\n  <img decoding=\"async\" src=\"https:\/\/www.meydan.tv\/az\/114000\/\" alt=\"\" class=\"wp-image-114000\"\/><figcaption><\/figcaption><\/figure>\n<p>\n  <i><br \/>\n    G\u00f6y\u00e7ay sakinl\u0259ri: &#8221;Ax\u0131rda bu q\u0259d\u0259r k\u0259ndin camaat\u0131 z\u0259h\u0259rl\u0259n\u0259c\u0259k, ondan sonra bir t\u0259dbir g\u00f6r\u0259c\u0259kl\u0259r?&#8221;<br \/>\n  <\/i>\n<\/p>\n<p>\n  \u015e\u0131x d\u0259r\u0259si adlanan \u0259razi n\u0259 az, n\u0259 d\u0259 \u00e7ox, d\u00fcz 4 k\u0259ndin \u00f6r\u00fc\u015f sah\u0259sin\u0259 aparan yoldur. G\u00f6y\u00e7ay\u0131n Qarabaqqal, Hacal\u0131k\u0259nd, B\u0131\u011f\u0131r v\u0259 Qaraman k\u0259ndl\u0259rinin maldarlar\u0131 heyvanlar\u0131n\u0131 buradan ke\u00e7irib onlar \u00fc\u00e7\u00fcn ayr\u0131lm\u0131\u015f \u00f6r\u00fc\u015f sah\u0259l\u0259rin\u0259 apar\u0131rlar.\n<\/p>\n<p>\n  \u201cG\u00f6y\u00e7ay Rayon \u0130cra Hakimiyy\u0259ti bizim \u00f6r\u00fc\u015f sah\u0259l\u0259rimiz\u0259 ged\u0259n yolu v\u0259 \u00f6r\u00fc\u015f sah\u0259l\u0259rimizin bir hiss\u0259sini zibillik poliqonuna \u00e7evirib. Deyirik, \u015fikay\u0259t edirik d\u0259, vecl\u0259rin\u0259 deyil. Bax\u0131n, bu g\u00f6rd\u00fcy\u00fcn\u00fcz zibilxana n\u0259 az, n\u0259 \u00e7ox, d\u00fcz iki kilometr\u0259 q\u0259d\u0259r uzan\u0131r\u201d.\n<\/p>\n<p>\n  G\u00f6y\u00e7ay\u0131n Qarabaqqal k\u0259ndinin sakini \u0130slam \u015e\u0131x\u0259liyev bel\u0259 deyir. Bildirir ki, 2018 buran\u0131n zibilxanaya \u00e7evrilm\u0259sinin \u00fc\u00e7\u00fcnc\u00fc ilidir:\n<\/p>\n<p>\n  \u201cBu q\u0259d\u0259r k\u0259ndin sakini heyvan\u0131n\u0131 buradan ke\u00e7irib otla\u011fa apar\u0131r. \u0130nsanlar\u0131n heyvanlar\u0131 zibil yem\u0259kd\u0259n t\u0259l\u0259f olur. Bir d\u00fc\u015f\u00fcn\u00fcn, h\u0259min heyvan\u0131n s\u00fcd\u00fcnd\u0259n qat\u0131q, s\u00fczm\u0259, pendir d\u00fcz\u0259ldir bu camaat. H\u0259r saniy\u0259 heyvana n\u0259zar\u0259t etm\u0259k m\u00fcmk\u00fcn deyil. Birini qaytar\u0131rsan, ikincisi girib n\u0259s\u0259 yeyir. Olmaz bel\u0259. \u018fm\u0259lli-ba\u015fl\u0131 antisanitariyad\u0131r\u201d.\n<\/p>\n<figure class=\"wp-block-image size-large\">\n  <img decoding=\"async\" src=\"https:\/\/www.meydan.tv\/az\/114012\/\" alt=\"\" class=\"wp-image-114012\"\/><figcaption><\/figcaption><\/figure>\n<p>\n  Zibilliyin yax\u0131nl\u0131\u011f\u0131nda m\u0259cburi k\u00f6\u00e7k\u00fcnl\u0259r d\u0259 ya\u015fay\u0131r. Onlar da heyvandarl\u0131qla m\u0259\u015f\u011fuldurlar. Elmin Heyd\u0259rov deyir ki, t\u0259kc\u0259 son yar\u0131m ild\u0259 3 heyvanlar\u0131 \u015fpris udub, t\u0259l\u0259f olub:\n<\/p>\n<p>\n  \u201cM\u0259cbur qal\u0131b, qapal\u0131 saxlay\u0131r\u0131q. Onda da heyvandarl\u0131q olmur ax\u0131 bunun ad\u0131. Mal-heyvan g\u0259r\u0259k otlaya. Biz n\u0259 q\u0259d\u0259r ota pul verm\u0259liyik? Bu boyda ferman\u0131n heyvanlar\u0131n\u0131 nec\u0259 qapal\u0131 saxlayaq?\u201d\n<\/p>\n<figure class=\"wp-block-image size-large\">\n  <img decoding=\"async\" src=\"https:\/\/www.meydan.tv\/az\/114006\/\" alt=\"\" class=\"wp-image-114006\"\/><figcaption><\/figcaption><\/figure>\n<p>\n  E.Heyd\u0259rov deyir ki, h\u0259l\u0259 indi buralar\u0131n havas\u0131 yax\u015f\u0131d\u0131r. Yayda, \u00fcmumiyy\u0259tl\u0259, iyd\u0259n durmaq m\u00fcmk\u00fcn olmur:\n<\/p>\n<p>\n  \u201cZibili h\u0259r gec\u0259 yand\u0131r\u0131rlar. Qapqara t\u00fcst\u00fcs\u00fc yay\u0131l\u0131r k\u0259ndl\u0259r\u0259, el\u0259c\u0259 d\u0259 bizim ya\u015fad\u0131\u011f\u0131m\u0131z yer\u0259. G\u00f6z-g\u00f6z\u00fc g\u00f6rm\u00fcr. Bundan \u0259lav\u0259, da\u011flardan axan sular zibillikd\u0259n ke\u00e7ib arxlara dolur. H\u0259min zir-zibil\u0259 qar\u0131\u015fm\u0131\u015f sudan a\u015fa\u011f\u0131dak\u0131 3 k\u0259ndin \u0259halisi istifad\u0259 edir, i\u00e7ir. Ax\u0131rda bu q\u0259d\u0259r k\u0259ndin camaat\u0131 z\u0259h\u0259rl\u0259n\u0259c\u0259k, ondan sonra bir t\u0259dbir g\u00f6r\u0259c\u0259kl\u0259r? Nec\u0259 olacaq?\u201d\n<\/p>\n<figure class=\"wp-block-image size-large\">\n  <img decoding=\"async\" src=\"https:\/\/www.meydan.tv\/az\/113997\/\" alt=\"\" class=\"wp-image-113997\"\/><figcaption><\/figcaption><\/figure>\n<p>\n  \u0130.\u015e\u0131xaliyev deyir ki, problemd\u0259n b\u00fct\u00fcn rayon x\u0259b\u0259rdard\u0131r. \u00c7\u0259kib internet\u0259 d\u0259 qoyublar. Ancaq bir t\u0259siri olmay\u0131b:\n<\/p>\n<p>\n  \u201cHe\u00e7 vecl\u0259rin\u0259 d\u0259 deyil. Bu zibilliy\u0259 qar\u0131\u015fm\u0131\u015f sudan i\u00e7ir camaat. H\u0259m insanlar, h\u0259m d\u0259 heyvanlar. \u0130nan\u0131n, i\u00e7ind\u0259n u\u015faq bezi, zir-zibil, h\u0259r \u015fey \u00e7\u0131x\u0131r. Mal-heyvan zibilxanada e\u015f\u0259l\u0259nir. Sonra biz onun s\u00fcd\u00fcn\u00fc sa\u011f\u0131r, qat\u0131q, pendir edirik. Mill\u0259t bununla qidalan\u0131r, zir-zibill\u0259\u201d.\n<\/p>\n<figure class=\"wp-block-image size-large\">\n  <img decoding=\"async\" src=\"https:\/\/www.meydan.tv\/az\/114009\/\" alt=\"\" class=\"wp-image-114009\"\/><figcaption><\/figcaption><\/figure>\n<p>\n  Elmin Heyd\u0259rov deyir ki, buradak\u0131 zibill\u0259r b\u00fct\u00fcn G\u00f6y\u00e7aya aiddir. O bildirir ki, he\u00e7 bir rayonda bel\u0259 biab\u0131r\u00e7\u0131l\u0131q yoxdur:\n<\/p>\n<p>\n  \u201cHe\u00e7 olmasa, vaxtl\u0131-vaxt\u0131nda baxs\u0131nlar, basd\u0131rs\u0131nlar n\u0259 bilim, n\u0259s\u0259 etsinl\u0259r. Olmaz ax\u0131 bel\u0259. Da\u011fdan g\u0259l\u0259n sular\u0131n \u00f6n\u00fcnd\u0259, \u00f6r\u00fc\u015f sah\u0259l\u0259rin\u0259 ged\u0259n yolda zibillik salmaq n\u0259 d\u0259r\u0259c\u0259d\u0259 do\u011frudur? El\u0259 ki, hava qaral\u0131r, zibil ma\u015f\u0131nlar\u0131 ard-arda d\u00fcz\u00fcl\u00fcr. D\u0259f\u0259l\u0259rl\u0259 burada v\u0259h\u015fi heyvanlar\u0131n le\u015fl\u0259rin\u0259 d\u0259 rast g\u0259lmi\u015f\u0259m. Ham\u0131s\u0131n\u0131n da a\u011fz\u0131 qapqara olur. Gec\u0259l\u0259r bu \u0259raziy\u0259 100-d\u0259n \u00e7ox v\u0259h\u015fi g\u0259lir. Bu, t\u0259bi\u0259t\u0259 h\u0259rt\u0259r\u0259fli ziyan vurmaq dem\u0259kdir. Onlar da t\u0259bi\u0259tin bu c\u00fcr korlanmas\u0131ndan \u0259ziyy\u0259t \u00e7\u0259kirl\u0259r, z\u0259h\u0259rl\u0259nir, q\u0131r\u0131l\u0131rlar.\n<\/p>\n<figure class=\"wp-block-image size-large\">\n  <img decoding=\"async\" src=\"https:\/\/www.meydan.tv\/az\/114003\/\" alt=\"\" class=\"wp-image-114003\"\/><figcaption><\/figcaption><\/figure>\n<p>\n  Sakinl\u0259r bildirirl\u0259r ki, bu d\u0259qiq\u0259 buradak\u0131 hava t\u0259miz say\u0131l\u0131r. Ancaq bir balaca g\u00fcn\u0259\u015f \u00e7\u0131xan kimi \u00fcfun\u0259td\u0259n dayanmaq m\u00fcmk\u00fcn olmur:\n<\/p>\n<p>\n  \u201cG\u00f6r\u00fcrs\u00fcn\u00fcz d\u0259 h\u0259l\u0259 indi iyd\u0259n durmaq m\u00fcmk\u00fcn deyil. Biz buna t\u0259miz hava deyirik. G\u00f6r\u00fcn g\u00fcn\u0259\u015f \u00e7\u0131xanda n\u0259 olur d\u0259 buralar\u201d.\n<\/p>\n<figure class=\"wp-block-image size-large\">\n  <img decoding=\"async\" src=\"https:\/\/www.meydan.tv\/az\/114015\/\" alt=\"\" class=\"wp-image-114015\"\/><figcaption><\/figcaption><\/figure>\n<p>\n  Meydan TV m\u0259s\u0259l\u0259y\u0259 m\u00fcnasib\u0259t \u00f6yr\u0259nm\u0259k \u00fc\u00e7\u00fcn G\u00f6y\u00e7ay Rayon \u0130cra Hakimiyy\u0259ti il\u0259 \u0259laq\u0259 saxlay\u0131b. \u0130cra Hakimiyy\u0259tind\u0259n bildiribl\u0259r ki, tezlikl\u0259 yaranan problem aradan qalxacaq:\n<\/p>\n<p>\n  \u201cB\u0259li, orada el\u0259 bir v\u0259ziyy\u0259t yaran\u0131b. Sakinl\u0259r d\u0259 bildirib, biz d\u0259 \u0259razid\u0259 olmu\u015fuq. Tezlikl\u0259 h\u0259min zibill\u0259r basd\u0131r\u0131lacaq v\u0259 problem aradan qalxacaq\u201d.<\/p>\n","protected":false},"excerpt":{"rendered":"<p>G\u00f6y\u00e7ay sakinl\u0259ri: &#8221;Ax\u0131rda bu q\u0259d\u0259r k\u0259ndin camaat\u0131 z\u0259h\u0259rl\u0259n\u0259c\u0259k, ondan sonra bir t\u0259dbir g\u00f6r\u0259c\u0259kl\u0259r?&#8221;<\/p>\n","protected":false},"author":11,"featured_media":114000,"comment_status":"closed","ping_status":"open","sticky":false,"template":"","format":"standard","meta":{"_acf_changed":false,"_sitemap_exclude":false,"_sitemap_priority":"","_sitemap_frequency":"","footnotes":""},"categories":[60],"tags":[],"class_list":["post-192996","post","type-post","status-publish","format-standard","has-post-thumbnail","hentry","category-bolge","infinite-scroll-item","generate-columns","tablet-grid-50","mobile-grid-100","grid-parent","grid-33","no-featured-image-padding"],"acf":[],"yoast_head":"<!-- This site is optimized with the Yoast SEO plugin v27.4 - https:\/\/yoast.com\/product\/yoast-seo-wordpress\/ -->\n<title>&#039;&#039;\u00dc\u00e7 k\u0259ndin \u0259halisi zibil\u0259 qar\u0131\u015fm\u0131\u015f sudan istifad\u0259 edir&#039;&#039; - MEYDAN.TV<\/title>\n<meta name=\"robots\" content=\"index, follow, max-snippet:-1, max-image-preview:large, max-video-preview:-1\" \/>\n<link rel=\"canonical\" href=\"https:\/\/www.meydan.tv\/az\/article\/uc-kendin-ehalisi-zibile-qarismis-sudan-istifade-edir\/\" \/>\n<meta property=\"og:locale\" content=\"az_AZ\" \/>\n<meta property=\"og:type\" content=\"article\" \/>\n<meta property=\"og:title\" content=\"&#039;&#039;\u00dc\u00e7 k\u0259ndin \u0259halisi zibil\u0259 qar\u0131\u015fm\u0131\u015f sudan istifad\u0259 edir&#039;&#039; - MEYDAN.TV\" \/>\n<meta property=\"og:description\" content=\"G\u00f6y\u00e7ay sakinl\u0259ri: &#039;&#039;Ax\u0131rda bu q\u0259d\u0259r k\u0259ndin camaat\u0131 z\u0259h\u0259rl\u0259n\u0259c\u0259k, ondan sonra bir t\u0259dbir g\u00f6r\u0259c\u0259kl\u0259r?&#039;&#039;\" \/>\n<meta property=\"og:url\" content=\"https:\/\/www.meydan.tv\/az\/article\/uc-kendin-ehalisi-zibile-qarismis-sudan-istifade-edir\/\" \/>\n<meta property=\"og:site_name\" content=\"MEYDAN.TV\" \/>\n<meta property=\"article:published_time\" content=\"2018-12-12T17:56:50+00:00\" \/>\n<meta property=\"og:image\" content=\"https:\/\/www.meydan.tv\/wp-content\/uploads\/45420-scaled.jpg\" \/>\n\t<meta property=\"og:image:width\" content=\"2560\" \/>\n\t<meta property=\"og:image:height\" content=\"1920\" \/>\n\t<meta property=\"og:image:type\" content=\"image\/jpeg\" \/>\n<meta name=\"author\" content=\"user-manager\" \/>\n<meta name=\"twitter:card\" content=\"summary_large_image\" \/>\n<script type=\"application\/ld+json\" class=\"yoast-schema-graph\">{\"@context\":\"https:\\\/\\\/schema.org\",\"@graph\":[{\"@type\":\"Article\",\"@id\":\"https:\\\/\\\/www.meydan.tv\\\/az\\\/article\\\/uc-kendin-ehalisi-zibile-qarismis-sudan-istifade-edir\\\/#article\",\"isPartOf\":{\"@id\":\"https:\\\/\\\/www.meydan.tv\\\/az\\\/article\\\/uc-kendin-ehalisi-zibile-qarismis-sudan-istifade-edir\\\/\"},\"author\":{\"name\":\"user-manager\",\"@id\":\"https:\\\/\\\/www.meydan.tv\\\/az\\\/#\\\/schema\\\/person\\\/10d11eccf6da3662cf5fdab9806ea91a\"},\"headline\":\"&#8221;\u00dc\u00e7 k\u0259ndin \u0259halisi zibil\u0259 qar\u0131\u015fm\u0131\u015f sudan istifad\u0259 edir&#8221;\",\"datePublished\":\"2018-12-12T17:56:50+00:00\",\"mainEntityOfPage\":{\"@id\":\"https:\\\/\\\/www.meydan.tv\\\/az\\\/article\\\/uc-kendin-ehalisi-zibile-qarismis-sudan-istifade-edir\\\/\"},\"wordCount\":800,\"publisher\":{\"@id\":\"https:\\\/\\\/www.meydan.tv\\\/az\\\/#organization\"},\"image\":{\"@id\":\"https:\\\/\\\/www.meydan.tv\\\/az\\\/article\\\/uc-kendin-ehalisi-zibile-qarismis-sudan-istifade-edir\\\/#primaryimage\"},\"thumbnailUrl\":\"https:\\\/\\\/www.meydan.tv\\\/wp-content\\\/uploads\\\/45420-scaled.jpg\",\"articleSection\":[\"B\u00f6lg\u0259\"],\"inLanguage\":\"az\"},{\"@type\":\"WebPage\",\"@id\":\"https:\\\/\\\/www.meydan.tv\\\/az\\\/article\\\/uc-kendin-ehalisi-zibile-qarismis-sudan-istifade-edir\\\/\",\"url\":\"https:\\\/\\\/www.meydan.tv\\\/az\\\/article\\\/uc-kendin-ehalisi-zibile-qarismis-sudan-istifade-edir\\\/\",\"name\":\"''\u00dc\u00e7 k\u0259ndin \u0259halisi zibil\u0259 qar\u0131\u015fm\u0131\u015f sudan istifad\u0259 edir'' - MEYDAN.TV\",\"isPartOf\":{\"@id\":\"https:\\\/\\\/www.meydan.tv\\\/az\\\/#website\"},\"primaryImageOfPage\":{\"@id\":\"https:\\\/\\\/www.meydan.tv\\\/az\\\/article\\\/uc-kendin-ehalisi-zibile-qarismis-sudan-istifade-edir\\\/#primaryimage\"},\"image\":{\"@id\":\"https:\\\/\\\/www.meydan.tv\\\/az\\\/article\\\/uc-kendin-ehalisi-zibile-qarismis-sudan-istifade-edir\\\/#primaryimage\"},\"thumbnailUrl\":\"https:\\\/\\\/www.meydan.tv\\\/wp-content\\\/uploads\\\/45420-scaled.jpg\",\"datePublished\":\"2018-12-12T17:56:50+00:00\",\"breadcrumb\":{\"@id\":\"https:\\\/\\\/www.meydan.tv\\\/az\\\/article\\\/uc-kendin-ehalisi-zibile-qarismis-sudan-istifade-edir\\\/#breadcrumb\"},\"inLanguage\":\"az\",\"potentialAction\":[{\"@type\":\"ReadAction\",\"target\":[\"https:\\\/\\\/www.meydan.tv\\\/az\\\/article\\\/uc-kendin-ehalisi-zibile-qarismis-sudan-istifade-edir\\\/\"]}]},{\"@type\":\"ImageObject\",\"inLanguage\":\"az\",\"@id\":\"https:\\\/\\\/www.meydan.tv\\\/az\\\/article\\\/uc-kendin-ehalisi-zibile-qarismis-sudan-istifade-edir\\\/#primaryimage\",\"url\":\"https:\\\/\\\/www.meydan.tv\\\/wp-content\\\/uploads\\\/45420-scaled.jpg\",\"contentUrl\":\"https:\\\/\\\/www.meydan.tv\\\/wp-content\\\/uploads\\\/45420-scaled.jpg\",\"width\":2560,\"height\":1920,\"caption\":\"Source:\"},{\"@type\":\"BreadcrumbList\",\"@id\":\"https:\\\/\\\/www.meydan.tv\\\/az\\\/article\\\/uc-kendin-ehalisi-zibile-qarismis-sudan-istifade-edir\\\/#breadcrumb\",\"itemListElement\":[{\"@type\":\"ListItem\",\"position\":1,\"name\":\"Ana s\u0259hif\u0259\",\"item\":\"https:\\\/\\\/www.meydan.tv\\\/az\\\/\"},{\"@type\":\"ListItem\",\"position\":2,\"name\":\"B\u00f6lg\u0259\",\"item\":\"https:\\\/\\\/www.meydan.tv\\\/az\\\/section\\\/bolge\\\/\"},{\"@type\":\"ListItem\",\"position\":3,\"name\":\"&#8221;\u00dc\u00e7 k\u0259ndin \u0259halisi zibil\u0259 qar\u0131\u015fm\u0131\u015f sudan istifad\u0259 edir&#8221;\"}]},{\"@type\":\"WebSite\",\"@id\":\"https:\\\/\\\/www.meydan.tv\\\/az\\\/#website\",\"url\":\"https:\\\/\\\/www.meydan.tv\\\/az\\\/\",\"name\":\"MEYDAN.TV\",\"description\":\"Meydan TV Az\u0259rbaycan\u0131n media m\u0259kan\u0131ndak\u0131 alternativ s\u0259sidir\",\"publisher\":{\"@id\":\"https:\\\/\\\/www.meydan.tv\\\/az\\\/#organization\"},\"potentialAction\":[{\"@type\":\"SearchAction\",\"target\":{\"@type\":\"EntryPoint\",\"urlTemplate\":\"https:\\\/\\\/www.meydan.tv\\\/az\\\/?s={search_term_string}\"},\"query-input\":{\"@type\":\"PropertyValueSpecification\",\"valueRequired\":true,\"valueName\":\"search_term_string\"}}],\"inLanguage\":\"az\"},{\"@type\":\"Organization\",\"@id\":\"https:\\\/\\\/www.meydan.tv\\\/az\\\/#organization\",\"name\":\"Meydan TV\",\"url\":\"https:\\\/\\\/www.meydan.tv\\\/az\\\/\",\"logo\":{\"@type\":\"ImageObject\",\"inLanguage\":\"az\",\"@id\":\"https:\\\/\\\/www.meydan.tv\\\/az\\\/#\\\/schema\\\/logo\\\/image\\\/\",\"url\":\"https:\\\/\\\/www.meydan.tv\\\/wp-content\\\/uploads\\\/2021\\\/07\\\/meydan-logo.svg\",\"contentUrl\":\"https:\\\/\\\/www.meydan.tv\\\/wp-content\\\/uploads\\\/2021\\\/07\\\/meydan-logo.svg\",\"width\":195,\"height\":46,\"caption\":\"Meydan TV\"},\"image\":{\"@id\":\"https:\\\/\\\/www.meydan.tv\\\/az\\\/#\\\/schema\\\/logo\\\/image\\\/\"}},{\"@type\":\"Person\",\"@id\":\"https:\\\/\\\/www.meydan.tv\\\/az\\\/#\\\/schema\\\/person\\\/10d11eccf6da3662cf5fdab9806ea91a\",\"name\":\"user-manager\"}]}<\/script>\n<!-- \/ Yoast SEO plugin. -->","yoast_head_json":{"title":"''\u00dc\u00e7 k\u0259ndin \u0259halisi zibil\u0259 qar\u0131\u015fm\u0131\u015f sudan istifad\u0259 edir'' - MEYDAN.TV","robots":{"index":"index","follow":"follow","max-snippet":"max-snippet:-1","max-image-preview":"max-image-preview:large","max-video-preview":"max-video-preview:-1"},"canonical":"https:\/\/www.meydan.tv\/az\/article\/uc-kendin-ehalisi-zibile-qarismis-sudan-istifade-edir\/","og_locale":"az_AZ","og_type":"article","og_title":"''\u00dc\u00e7 k\u0259ndin \u0259halisi zibil\u0259 qar\u0131\u015fm\u0131\u015f sudan istifad\u0259 edir'' - MEYDAN.TV","og_description":"G\u00f6y\u00e7ay sakinl\u0259ri: ''Ax\u0131rda bu q\u0259d\u0259r k\u0259ndin camaat\u0131 z\u0259h\u0259rl\u0259n\u0259c\u0259k, ondan sonra bir t\u0259dbir g\u00f6r\u0259c\u0259kl\u0259r?''","og_url":"https:\/\/www.meydan.tv\/az\/article\/uc-kendin-ehalisi-zibile-qarismis-sudan-istifade-edir\/","og_site_name":"MEYDAN.TV","article_published_time":"2018-12-12T17:56:50+00:00","og_image":[{"width":2560,"height":1920,"url":"https:\/\/www.meydan.tv\/wp-content\/uploads\/45420-scaled.jpg","type":"image\/jpeg"}],"author":"user-manager","twitter_card":"summary_large_image","schema":{"@context":"https:\/\/schema.org","@graph":[{"@type":"Article","@id":"https:\/\/www.meydan.tv\/az\/article\/uc-kendin-ehalisi-zibile-qarismis-sudan-istifade-edir\/#article","isPartOf":{"@id":"https:\/\/www.meydan.tv\/az\/article\/uc-kendin-ehalisi-zibile-qarismis-sudan-istifade-edir\/"},"author":{"name":"user-manager","@id":"https:\/\/www.meydan.tv\/az\/#\/schema\/person\/10d11eccf6da3662cf5fdab9806ea91a"},"headline":"&#8221;\u00dc\u00e7 k\u0259ndin \u0259halisi zibil\u0259 qar\u0131\u015fm\u0131\u015f sudan istifad\u0259 edir&#8221;","datePublished":"2018-12-12T17:56:50+00:00","mainEntityOfPage":{"@id":"https:\/\/www.meydan.tv\/az\/article\/uc-kendin-ehalisi-zibile-qarismis-sudan-istifade-edir\/"},"wordCount":800,"publisher":{"@id":"https:\/\/www.meydan.tv\/az\/#organization"},"image":{"@id":"https:\/\/www.meydan.tv\/az\/article\/uc-kendin-ehalisi-zibile-qarismis-sudan-istifade-edir\/#primaryimage"},"thumbnailUrl":"https:\/\/www.meydan.tv\/wp-content\/uploads\/45420-scaled.jpg","articleSection":["B\u00f6lg\u0259"],"inLanguage":"az"},{"@type":"WebPage","@id":"https:\/\/www.meydan.tv\/az\/article\/uc-kendin-ehalisi-zibile-qarismis-sudan-istifade-edir\/","url":"https:\/\/www.meydan.tv\/az\/article\/uc-kendin-ehalisi-zibile-qarismis-sudan-istifade-edir\/","name":"''\u00dc\u00e7 k\u0259ndin \u0259halisi zibil\u0259 qar\u0131\u015fm\u0131\u015f sudan istifad\u0259 edir'' - MEYDAN.TV","isPartOf":{"@id":"https:\/\/www.meydan.tv\/az\/#website"},"primaryImageOfPage":{"@id":"https:\/\/www.meydan.tv\/az\/article\/uc-kendin-ehalisi-zibile-qarismis-sudan-istifade-edir\/#primaryimage"},"image":{"@id":"https:\/\/www.meydan.tv\/az\/article\/uc-kendin-ehalisi-zibile-qarismis-sudan-istifade-edir\/#primaryimage"},"thumbnailUrl":"https:\/\/www.meydan.tv\/wp-content\/uploads\/45420-scaled.jpg","datePublished":"2018-12-12T17:56:50+00:00","breadcrumb":{"@id":"https:\/\/www.meydan.tv\/az\/article\/uc-kendin-ehalisi-zibile-qarismis-sudan-istifade-edir\/#breadcrumb"},"inLanguage":"az","potentialAction":[{"@type":"ReadAction","target":["https:\/\/www.meydan.tv\/az\/article\/uc-kendin-ehalisi-zibile-qarismis-sudan-istifade-edir\/"]}]},{"@type":"ImageObject","inLanguage":"az","@id":"https:\/\/www.meydan.tv\/az\/article\/uc-kendin-ehalisi-zibile-qarismis-sudan-istifade-edir\/#primaryimage","url":"https:\/\/www.meydan.tv\/wp-content\/uploads\/45420-scaled.jpg","contentUrl":"https:\/\/www.meydan.tv\/wp-content\/uploads\/45420-scaled.jpg","width":2560,"height":1920,"caption":"Source:"},{"@type":"BreadcrumbList","@id":"https:\/\/www.meydan.tv\/az\/article\/uc-kendin-ehalisi-zibile-qarismis-sudan-istifade-edir\/#breadcrumb","itemListElement":[{"@type":"ListItem","position":1,"name":"Ana s\u0259hif\u0259","item":"https:\/\/www.meydan.tv\/az\/"},{"@type":"ListItem","position":2,"name":"B\u00f6lg\u0259","item":"https:\/\/www.meydan.tv\/az\/section\/bolge\/"},{"@type":"ListItem","position":3,"name":"&#8221;\u00dc\u00e7 k\u0259ndin \u0259halisi zibil\u0259 qar\u0131\u015fm\u0131\u015f sudan istifad\u0259 edir&#8221;"}]},{"@type":"WebSite","@id":"https:\/\/www.meydan.tv\/az\/#website","url":"https:\/\/www.meydan.tv\/az\/","name":"MEYDAN.TV","description":"Meydan TV Az\u0259rbaycan\u0131n media m\u0259kan\u0131ndak\u0131 alternativ s\u0259sidir","publisher":{"@id":"https:\/\/www.meydan.tv\/az\/#organization"},"potentialAction":[{"@type":"SearchAction","target":{"@type":"EntryPoint","urlTemplate":"https:\/\/www.meydan.tv\/az\/?s={search_term_string}"},"query-input":{"@type":"PropertyValueSpecification","valueRequired":true,"valueName":"search_term_string"}}],"inLanguage":"az"},{"@type":"Organization","@id":"https:\/\/www.meydan.tv\/az\/#organization","name":"Meydan TV","url":"https:\/\/www.meydan.tv\/az\/","logo":{"@type":"ImageObject","inLanguage":"az","@id":"https:\/\/www.meydan.tv\/az\/#\/schema\/logo\/image\/","url":"https:\/\/www.meydan.tv\/wp-content\/uploads\/2021\/07\/meydan-logo.svg","contentUrl":"https:\/\/www.meydan.tv\/wp-content\/uploads\/2021\/07\/meydan-logo.svg","width":195,"height":46,"caption":"Meydan TV"},"image":{"@id":"https:\/\/www.meydan.tv\/az\/#\/schema\/logo\/image\/"}},{"@type":"Person","@id":"https:\/\/www.meydan.tv\/az\/#\/schema\/person\/10d11eccf6da3662cf5fdab9806ea91a","name":"user-manager"}]}},"_links":{"self":[{"href":"https:\/\/www.meydan.tv\/az\/wp-json\/wp\/v2\/posts\/192996","targetHints":{"allow":["GET"]}}],"collection":[{"href":"https:\/\/www.meydan.tv\/az\/wp-json\/wp\/v2\/posts"}],"about":[{"href":"https:\/\/www.meydan.tv\/az\/wp-json\/wp\/v2\/types\/post"}],"author":[{"embeddable":true,"href":"https:\/\/www.meydan.tv\/az\/wp-json\/wp\/v2\/users\/11"}],"replies":[{"embeddable":true,"href":"https:\/\/www.meydan.tv\/az\/wp-json\/wp\/v2\/comments?post=192996"}],"version-history":[{"count":0,"href":"https:\/\/www.meydan.tv\/az\/wp-json\/wp\/v2\/posts\/192996\/revisions"}],"wp:featuredmedia":[{"embeddable":true,"href":"https:\/\/www.meydan.tv\/az\/wp-json\/wp\/v2\/media\/114000"}],"wp:attachment":[{"href":"https:\/\/www.meydan.tv\/az\/wp-json\/wp\/v2\/media?parent=192996"}],"wp:term":[{"taxonomy":"category","embeddable":true,"href":"https:\/\/www.meydan.tv\/az\/wp-json\/wp\/v2\/categories?post=192996"},{"taxonomy":"post_tag","embeddable":true,"href":"https:\/\/www.meydan.tv\/az\/wp-json\/wp\/v2\/tags?post=192996"}],"curies":[{"name":"wp","href":"https:\/\/api.w.org\/{rel}","templated":true}]}}