{"id":192972,"date":"2018-12-11T17:52:45","date_gmt":"2018-12-11T17:52:45","guid":{"rendered":"https:\/\/www.meydan.tv\/article\/ismayilli-sakini-usagimin-gozunu-itireceyinden-qorxuram\/"},"modified":"2018-12-11T17:52:45","modified_gmt":"2018-12-11T17:52:45","slug":"ismayilli-sakini-usagimin-gozunu-itireceyinden-qorxuram","status":"publish","type":"post","link":"https:\/\/www.meydan.tv\/az\/article\/ismayilli-sakini-usagimin-gozunu-itireceyinden-qorxuram\/","title":{"rendered":"\u0130smay\u0131ll\u0131 sakini: U\u015fa\u011f\u0131m\u0131n g\u00f6z\u00fcn\u00fc itir\u0259c\u0259yind\u0259n qorxuram"},"content":{"rendered":"<figure class=\"wp-block-image size-large\">\n  <img decoding=\"async\" src=\"https:\/\/www.meydan.tv\/az\/qenire-bayramova\/\" alt=\"Q\u0259nir\u0259 Bayramova\" class=\"wp-image-113913\"\/><figcaption>\n    Q\u0259nir\u0259 Bayramova<br \/>\n  <\/figcaption><\/figure>\n<p>\n  <i><br \/>\n    Q\u0259nir\u0259 Bayramova k\u00f6m\u0259k ist\u0259yir<br \/>\n  <\/i>\n<\/p>\n<p>\n  &#8220;O\u011flumun g\u0259l\u0259c\u0259yi \u00fc\u00e7\u00fcn \u00e7ox narahatam. G\u00f6z\u00fcnd\u0259ki xal getdikc\u0259 daha da b\u00f6y\u00fcy\u00fcr. \u018fm\u0259liyyat etdirm\u0259k \u00fc\u00e7\u00fcn d\u0259 imkan\u0131m\u0131z yoxdur&#8221;.<\/p>\n<p>  Bunu Meydan TV-y\u0259 \u0130smay\u0131ll\u0131 rayonu, Mican k\u0259nd sakini Q\u0259nir\u0259 Bayramova deyir. Onun s\u00f6zl\u0259rin\u0259 g\u00f6r\u0259, 11 ya\u015fl\u0131 Ceyhun yeni do\u011fulan zaman g\u00f6z\u00fcnd\u0259 he\u00e7 bir problem yox imi\u015f:<\/p>\n<p>  &#8220;Lakin sonradan g\u00f6rd\u00fck ki, u\u015fa\u011f\u0131n g\u00f6z\u00fcnd\u0259 l\u0259k\u0259 var. El\u0259 bildik, n\u0259s\u0259 y\u0131\u011f\u0131nt\u0131d\u0131r. H\u0259kim\u0259 apard\u0131q, dedi ki, \u00e7\u0259kilib, ged\u0259c\u0259k, narahat olmay\u0131n. Lakin u\u015faq b\u00f6y\u00fcd\u00fckc\u0259, g\u00f6z\u00fcnd\u0259ki problem d\u0259 b\u00f6y\u00fcd\u00fc. \u0130ndi h\u0259min o l\u0259k\u0259 q\u0131zart\u0131 verir, g\u00fcn\u0259 \u00e7\u0131xanda qa\u015f\u0131n\u0131r, y\u0131\u011f\u0131l\u0131r, yumrulan\u0131r. U\u015fa\u011f\u0131m\u0131n g\u00f6z\u00fcn\u00fc itir\u0259c\u0259yind\u0259n qorxuram&#8221;.<\/p>\n<p>  Q\u0259nir\u0259 Bayramova s\u00f6yl\u0259yir ki, Ceyhun \u0130smay\u0131ll\u0131 Rayon U\u015faq Poliklinkas\u0131nda qeydiyyatdad\u0131r. Ona poliklinikadan Akademik Z\u0259rif\u0259 \u018fliyeva ad\u0131na Milli Oftalmologiya M\u0259rk\u0259zin\u0259 g\u00f6nd\u0259ri\u015f verilib:<\/p>\n<p>  &#8220;Birinci sinifd\u0259n bu yana u\u015fa\u011f\u0131 h\u0259r il Bak\u0131ya apar\u0131b-g\u0259tirir\u0259m. H\u0259kiml\u0259r deyir ki, b\u00f6y\u00fcm\u0259 \u015fans\u0131 yoxdur. \u018fm\u0259liyyata da raz\u0131l\u0131q verdil\u0259r, amma buna imkan\u0131m\u0131z \u00e7atm\u0131r. M\u0259cbur olduq, \u0259m\u0259liyyat\u0131 saxlad\u0131q. Sonra M\u0259rk\u0259zi H\u0259rbi Klinik Hospitalda pulsuz \u0259m\u0259liyyat ed\u0259c\u0259k h\u0259kim tapd\u0131q. Lakin o, da dedi ki, m\u0259n u\u015fa\u011f\u0131n sa\u011f qalma\u011f\u0131na z\u0259man\u0259t ver\u0259 bilm\u0259r\u0259m. Xal\u0131 g\u00f6t\u00fcr\u0259nd\u0259 de\u015fiyin hara q\u0259d\u0259r ged\u0259c\u0259yini bilm\u0259r\u0259m, dey\u0259 qorxuram. \u0130ndi qalm\u0131\u015f\u0131q pis v\u0259ziyy\u0259td\u0259, u\u015faq da b\u00f6y\u00fcy\u00fcr&#8221;.<\/p>\n<p>  Q\u0259nir\u0259 Bayramovan\u0131n h\u0259yat yolda\u015f\u0131 narkotik madd\u0259l\u0259rin istifad\u0259sin\u0259 g\u00f6r\u0259 6 il m\u00fcdd\u0259tin\u0259 azadl\u0131qdan m\u0259hrum edilib. \u0130mkans\u0131zl\u0131qdan \u0259ziyy\u0259t \u00e7\u0259k\u0259n Q\u0259nir\u0259 Bayramova o\u011flunun g\u00f6z \u0259m\u0259liyyat\u0131 \u00fc\u00e7\u00fcn yard\u0131m ist\u0259yir:<\/p>\n<p>  &#8220;\u0130ki o\u011flan u\u015fa\u011f\u0131n\u0131 bir qar\u0131n ac, bir qar\u0131n tox, birt\u0259h\u0259r doland\u0131r\u0131ram. M\u0259n g\u0259l\u0259c\u0259yin \u0259sg\u0259rini b\u00f6y\u00fcd\u00fcr\u0259m, g\u00f6z g\u00f6r\u0259-g\u00f6z\u0259 u\u015fa\u011f\u0131m\u0131 kor etm\u0259y\u0259c\u0259y\u0259m ki?! K\u00f6m\u0259k etsinl\u0259r, o\u011flumu \u0259m\u0259liyyat etdirim&#8221;.<\/p>\n<p>  Akademik Z\u0259rif\u0259 \u018fliyeva ad\u0131na Milli Oftalmologiya M\u0259rk\u0259zinin elmi t\u0259\u015fkilat b\u00f6lm\u0259sinin r\u0259hb\u0259ri Yazg\u00fcl Abd\u0131yeva Meydan TV-y\u0259 bildirib ki, m\u0259rk\u0259zd\u0259 keratoplastika \u0259m\u0259liyyat\u0131 (buynuz qi\u015fan\u0131n transplantasiyas\u0131-red) xaric b\u00fct\u00fcn \u0259m\u0259liyyatlar pulsuz h\u0259yata ke\u00e7irilir:<\/p>\n<p>  &#8220;Buynuz qi\u015fan\u0131n \u0259m\u0259liyyat\u0131 S\u0259hiyy\u0259 Nazirliyin\u0259 bax\u0131r. \u00c7\u00fcnki bu x\u0259st\u0259lik \u00fc\u00e7\u00fcn donor buynuz qi\u015fas\u0131 laz\u0131md\u0131r. Dig\u0259r g\u00f6z x\u0259st\u0259likl\u0259ri il\u0259 ba\u011fl\u0131 probleml\u0259rl\u0259 ba\u011fl\u0131 bizim m\u0259rk\u0259z\u0259 m\u00fcraci\u0259t etm\u0259k m\u00fcmk\u00fcnd\u00fcr. H\u0259min x\u0259st\u0259 m\u0259rk\u0259z\u0259 m\u00fcraci\u0259t etsin, onun diaqnozu il\u0259 maraqlan\u0131b, sonra \u0259m\u0259liyyat\u0131 il\u0259 ba\u011fl\u0131 q\u0259rar verm\u0259k olar&#8221;.<\/p>\n<p>  G\u00f6zd\u0259n \u018flill\u0259r C\u0259miyy\u0259tind\u0259n is\u0259 Meydan TV-y\u0259 bildirilib ki, regionlarda \u0259lill\u0259rin sosial v\u0259ziyy\u0259tinin yax\u015f\u0131la\u015fd\u0131r\u0131lmas\u0131n\u0131 t\u0259min etm\u0259k m\u0259qs\u0259dil\u0259 \u0259razi \u00fczr\u0259 \u0130cra Hakimiyy\u0259tl\u0259ri, S\u0259hiyy\u0259 Nazirliyi, h\u0259m\u00e7inin \u018fm\u0259k v\u0259 \u018fhalinin Sosial M\u00fcdafi\u0259si Nazirliyi il\u0259 \u0259m\u0259kda\u015fl\u0131q edilir.\n<\/p><\/p>\n","protected":false},"excerpt":{"rendered":"<p>Q\u0259nir\u0259 Bayramova k\u00f6m\u0259k ist\u0259yir<\/p>\n","protected":false},"author":11,"featured_media":113913,"comment_status":"closed","ping_status":"open","sticky":false,"template":"","format":"standard","meta":{"_acf_changed":false,"_sitemap_exclude":false,"_sitemap_priority":"","_sitemap_frequency":"","footnotes":""},"categories":[60],"tags":[],"class_list":["post-192972","post","type-post","status-publish","format-standard","has-post-thumbnail","hentry","category-bolge","infinite-scroll-item","generate-columns","tablet-grid-50","mobile-grid-100","grid-parent","grid-33","no-featured-image-padding"],"acf":[],"yoast_head":"<!-- This site is optimized with the Yoast SEO plugin v27.4 - https:\/\/yoast.com\/product\/yoast-seo-wordpress\/ -->\n<title>\u0130smay\u0131ll\u0131 sakini: U\u015fa\u011f\u0131m\u0131n g\u00f6z\u00fcn\u00fc itir\u0259c\u0259yind\u0259n qorxuram - MEYDAN.TV<\/title>\n<meta name=\"robots\" content=\"index, follow, max-snippet:-1, max-image-preview:large, max-video-preview:-1\" \/>\n<link rel=\"canonical\" href=\"https:\/\/www.meydan.tv\/az\/article\/ismayilli-sakini-usagimin-gozunu-itireceyinden-qorxuram\/\" \/>\n<meta property=\"og:locale\" content=\"az_AZ\" \/>\n<meta property=\"og:type\" content=\"article\" \/>\n<meta property=\"og:title\" content=\"\u0130smay\u0131ll\u0131 sakini: U\u015fa\u011f\u0131m\u0131n g\u00f6z\u00fcn\u00fc itir\u0259c\u0259yind\u0259n qorxuram - MEYDAN.TV\" \/>\n<meta property=\"og:description\" content=\"Q\u0259nir\u0259 Bayramova k\u00f6m\u0259k ist\u0259yir\" \/>\n<meta property=\"og:url\" content=\"https:\/\/www.meydan.tv\/az\/article\/ismayilli-sakini-usagimin-gozunu-itireceyinden-qorxuram\/\" \/>\n<meta property=\"og:site_name\" content=\"MEYDAN.TV\" \/>\n<meta property=\"article:published_time\" content=\"2018-12-11T17:52:45+00:00\" \/>\n<meta property=\"og:image\" content=\"https:\/\/www.meydan.tv\/wp-content\/uploads\/45389.jpg\" \/>\n\t<meta property=\"og:image:width\" content=\"960\" \/>\n\t<meta property=\"og:image:height\" content=\"720\" \/>\n\t<meta property=\"og:image:type\" content=\"image\/jpeg\" \/>\n<meta name=\"author\" content=\"user-manager\" \/>\n<meta name=\"twitter:card\" content=\"summary_large_image\" \/>\n<script type=\"application\/ld+json\" class=\"yoast-schema-graph\">{\"@context\":\"https:\\\/\\\/schema.org\",\"@graph\":[{\"@type\":\"Article\",\"@id\":\"https:\\\/\\\/www.meydan.tv\\\/az\\\/article\\\/ismayilli-sakini-usagimin-gozunu-itireceyinden-qorxuram\\\/#article\",\"isPartOf\":{\"@id\":\"https:\\\/\\\/www.meydan.tv\\\/az\\\/article\\\/ismayilli-sakini-usagimin-gozunu-itireceyinden-qorxuram\\\/\"},\"author\":{\"name\":\"user-manager\",\"@id\":\"https:\\\/\\\/www.meydan.tv\\\/az\\\/#\\\/schema\\\/person\\\/10d11eccf6da3662cf5fdab9806ea91a\"},\"headline\":\"\u0130smay\u0131ll\u0131 sakini: U\u015fa\u011f\u0131m\u0131n g\u00f6z\u00fcn\u00fc itir\u0259c\u0259yind\u0259n qorxuram\",\"datePublished\":\"2018-12-11T17:52:45+00:00\",\"mainEntityOfPage\":{\"@id\":\"https:\\\/\\\/www.meydan.tv\\\/az\\\/article\\\/ismayilli-sakini-usagimin-gozunu-itireceyinden-qorxuram\\\/\"},\"wordCount\":624,\"publisher\":{\"@id\":\"https:\\\/\\\/www.meydan.tv\\\/az\\\/#organization\"},\"image\":{\"@id\":\"https:\\\/\\\/www.meydan.tv\\\/az\\\/article\\\/ismayilli-sakini-usagimin-gozunu-itireceyinden-qorxuram\\\/#primaryimage\"},\"thumbnailUrl\":\"https:\\\/\\\/www.meydan.tv\\\/wp-content\\\/uploads\\\/45389.jpg\",\"articleSection\":[\"B\u00f6lg\u0259\"],\"inLanguage\":\"az\"},{\"@type\":\"WebPage\",\"@id\":\"https:\\\/\\\/www.meydan.tv\\\/az\\\/article\\\/ismayilli-sakini-usagimin-gozunu-itireceyinden-qorxuram\\\/\",\"url\":\"https:\\\/\\\/www.meydan.tv\\\/az\\\/article\\\/ismayilli-sakini-usagimin-gozunu-itireceyinden-qorxuram\\\/\",\"name\":\"\u0130smay\u0131ll\u0131 sakini: U\u015fa\u011f\u0131m\u0131n g\u00f6z\u00fcn\u00fc itir\u0259c\u0259yind\u0259n qorxuram - MEYDAN.TV\",\"isPartOf\":{\"@id\":\"https:\\\/\\\/www.meydan.tv\\\/az\\\/#website\"},\"primaryImageOfPage\":{\"@id\":\"https:\\\/\\\/www.meydan.tv\\\/az\\\/article\\\/ismayilli-sakini-usagimin-gozunu-itireceyinden-qorxuram\\\/#primaryimage\"},\"image\":{\"@id\":\"https:\\\/\\\/www.meydan.tv\\\/az\\\/article\\\/ismayilli-sakini-usagimin-gozunu-itireceyinden-qorxuram\\\/#primaryimage\"},\"thumbnailUrl\":\"https:\\\/\\\/www.meydan.tv\\\/wp-content\\\/uploads\\\/45389.jpg\",\"datePublished\":\"2018-12-11T17:52:45+00:00\",\"breadcrumb\":{\"@id\":\"https:\\\/\\\/www.meydan.tv\\\/az\\\/article\\\/ismayilli-sakini-usagimin-gozunu-itireceyinden-qorxuram\\\/#breadcrumb\"},\"inLanguage\":\"az\",\"potentialAction\":[{\"@type\":\"ReadAction\",\"target\":[\"https:\\\/\\\/www.meydan.tv\\\/az\\\/article\\\/ismayilli-sakini-usagimin-gozunu-itireceyinden-qorxuram\\\/\"]}]},{\"@type\":\"ImageObject\",\"inLanguage\":\"az\",\"@id\":\"https:\\\/\\\/www.meydan.tv\\\/az\\\/article\\\/ismayilli-sakini-usagimin-gozunu-itireceyinden-qorxuram\\\/#primaryimage\",\"url\":\"https:\\\/\\\/www.meydan.tv\\\/wp-content\\\/uploads\\\/45389.jpg\",\"contentUrl\":\"https:\\\/\\\/www.meydan.tv\\\/wp-content\\\/uploads\\\/45389.jpg\",\"width\":960,\"height\":720,\"caption\":\"Source:\"},{\"@type\":\"BreadcrumbList\",\"@id\":\"https:\\\/\\\/www.meydan.tv\\\/az\\\/article\\\/ismayilli-sakini-usagimin-gozunu-itireceyinden-qorxuram\\\/#breadcrumb\",\"itemListElement\":[{\"@type\":\"ListItem\",\"position\":1,\"name\":\"Ana s\u0259hif\u0259\",\"item\":\"https:\\\/\\\/www.meydan.tv\\\/az\\\/\"},{\"@type\":\"ListItem\",\"position\":2,\"name\":\"B\u00f6lg\u0259\",\"item\":\"https:\\\/\\\/www.meydan.tv\\\/az\\\/section\\\/bolge\\\/\"},{\"@type\":\"ListItem\",\"position\":3,\"name\":\"\u0130smay\u0131ll\u0131 sakini: U\u015fa\u011f\u0131m\u0131n g\u00f6z\u00fcn\u00fc itir\u0259c\u0259yind\u0259n qorxuram\"}]},{\"@type\":\"WebSite\",\"@id\":\"https:\\\/\\\/www.meydan.tv\\\/az\\\/#website\",\"url\":\"https:\\\/\\\/www.meydan.tv\\\/az\\\/\",\"name\":\"MEYDAN.TV\",\"description\":\"Meydan TV Az\u0259rbaycan\u0131n media m\u0259kan\u0131ndak\u0131 alternativ s\u0259sidir\",\"publisher\":{\"@id\":\"https:\\\/\\\/www.meydan.tv\\\/az\\\/#organization\"},\"potentialAction\":[{\"@type\":\"SearchAction\",\"target\":{\"@type\":\"EntryPoint\",\"urlTemplate\":\"https:\\\/\\\/www.meydan.tv\\\/az\\\/?s={search_term_string}\"},\"query-input\":{\"@type\":\"PropertyValueSpecification\",\"valueRequired\":true,\"valueName\":\"search_term_string\"}}],\"inLanguage\":\"az\"},{\"@type\":\"Organization\",\"@id\":\"https:\\\/\\\/www.meydan.tv\\\/az\\\/#organization\",\"name\":\"Meydan TV\",\"url\":\"https:\\\/\\\/www.meydan.tv\\\/az\\\/\",\"logo\":{\"@type\":\"ImageObject\",\"inLanguage\":\"az\",\"@id\":\"https:\\\/\\\/www.meydan.tv\\\/az\\\/#\\\/schema\\\/logo\\\/image\\\/\",\"url\":\"https:\\\/\\\/www.meydan.tv\\\/wp-content\\\/uploads\\\/2021\\\/07\\\/meydan-logo.svg\",\"contentUrl\":\"https:\\\/\\\/www.meydan.tv\\\/wp-content\\\/uploads\\\/2021\\\/07\\\/meydan-logo.svg\",\"width\":195,\"height\":46,\"caption\":\"Meydan TV\"},\"image\":{\"@id\":\"https:\\\/\\\/www.meydan.tv\\\/az\\\/#\\\/schema\\\/logo\\\/image\\\/\"}},{\"@type\":\"Person\",\"@id\":\"https:\\\/\\\/www.meydan.tv\\\/az\\\/#\\\/schema\\\/person\\\/10d11eccf6da3662cf5fdab9806ea91a\",\"name\":\"user-manager\"}]}<\/script>\n<!-- \/ Yoast SEO plugin. -->","yoast_head_json":{"title":"\u0130smay\u0131ll\u0131 sakini: U\u015fa\u011f\u0131m\u0131n g\u00f6z\u00fcn\u00fc itir\u0259c\u0259yind\u0259n qorxuram - MEYDAN.TV","robots":{"index":"index","follow":"follow","max-snippet":"max-snippet:-1","max-image-preview":"max-image-preview:large","max-video-preview":"max-video-preview:-1"},"canonical":"https:\/\/www.meydan.tv\/az\/article\/ismayilli-sakini-usagimin-gozunu-itireceyinden-qorxuram\/","og_locale":"az_AZ","og_type":"article","og_title":"\u0130smay\u0131ll\u0131 sakini: U\u015fa\u011f\u0131m\u0131n g\u00f6z\u00fcn\u00fc itir\u0259c\u0259yind\u0259n qorxuram - MEYDAN.TV","og_description":"Q\u0259nir\u0259 Bayramova k\u00f6m\u0259k ist\u0259yir","og_url":"https:\/\/www.meydan.tv\/az\/article\/ismayilli-sakini-usagimin-gozunu-itireceyinden-qorxuram\/","og_site_name":"MEYDAN.TV","article_published_time":"2018-12-11T17:52:45+00:00","og_image":[{"width":960,"height":720,"url":"https:\/\/www.meydan.tv\/wp-content\/uploads\/45389.jpg","type":"image\/jpeg"}],"author":"user-manager","twitter_card":"summary_large_image","schema":{"@context":"https:\/\/schema.org","@graph":[{"@type":"Article","@id":"https:\/\/www.meydan.tv\/az\/article\/ismayilli-sakini-usagimin-gozunu-itireceyinden-qorxuram\/#article","isPartOf":{"@id":"https:\/\/www.meydan.tv\/az\/article\/ismayilli-sakini-usagimin-gozunu-itireceyinden-qorxuram\/"},"author":{"name":"user-manager","@id":"https:\/\/www.meydan.tv\/az\/#\/schema\/person\/10d11eccf6da3662cf5fdab9806ea91a"},"headline":"\u0130smay\u0131ll\u0131 sakini: U\u015fa\u011f\u0131m\u0131n g\u00f6z\u00fcn\u00fc itir\u0259c\u0259yind\u0259n qorxuram","datePublished":"2018-12-11T17:52:45+00:00","mainEntityOfPage":{"@id":"https:\/\/www.meydan.tv\/az\/article\/ismayilli-sakini-usagimin-gozunu-itireceyinden-qorxuram\/"},"wordCount":624,"publisher":{"@id":"https:\/\/www.meydan.tv\/az\/#organization"},"image":{"@id":"https:\/\/www.meydan.tv\/az\/article\/ismayilli-sakini-usagimin-gozunu-itireceyinden-qorxuram\/#primaryimage"},"thumbnailUrl":"https:\/\/www.meydan.tv\/wp-content\/uploads\/45389.jpg","articleSection":["B\u00f6lg\u0259"],"inLanguage":"az"},{"@type":"WebPage","@id":"https:\/\/www.meydan.tv\/az\/article\/ismayilli-sakini-usagimin-gozunu-itireceyinden-qorxuram\/","url":"https:\/\/www.meydan.tv\/az\/article\/ismayilli-sakini-usagimin-gozunu-itireceyinden-qorxuram\/","name":"\u0130smay\u0131ll\u0131 sakini: U\u015fa\u011f\u0131m\u0131n g\u00f6z\u00fcn\u00fc itir\u0259c\u0259yind\u0259n qorxuram - MEYDAN.TV","isPartOf":{"@id":"https:\/\/www.meydan.tv\/az\/#website"},"primaryImageOfPage":{"@id":"https:\/\/www.meydan.tv\/az\/article\/ismayilli-sakini-usagimin-gozunu-itireceyinden-qorxuram\/#primaryimage"},"image":{"@id":"https:\/\/www.meydan.tv\/az\/article\/ismayilli-sakini-usagimin-gozunu-itireceyinden-qorxuram\/#primaryimage"},"thumbnailUrl":"https:\/\/www.meydan.tv\/wp-content\/uploads\/45389.jpg","datePublished":"2018-12-11T17:52:45+00:00","breadcrumb":{"@id":"https:\/\/www.meydan.tv\/az\/article\/ismayilli-sakini-usagimin-gozunu-itireceyinden-qorxuram\/#breadcrumb"},"inLanguage":"az","potentialAction":[{"@type":"ReadAction","target":["https:\/\/www.meydan.tv\/az\/article\/ismayilli-sakini-usagimin-gozunu-itireceyinden-qorxuram\/"]}]},{"@type":"ImageObject","inLanguage":"az","@id":"https:\/\/www.meydan.tv\/az\/article\/ismayilli-sakini-usagimin-gozunu-itireceyinden-qorxuram\/#primaryimage","url":"https:\/\/www.meydan.tv\/wp-content\/uploads\/45389.jpg","contentUrl":"https:\/\/www.meydan.tv\/wp-content\/uploads\/45389.jpg","width":960,"height":720,"caption":"Source:"},{"@type":"BreadcrumbList","@id":"https:\/\/www.meydan.tv\/az\/article\/ismayilli-sakini-usagimin-gozunu-itireceyinden-qorxuram\/#breadcrumb","itemListElement":[{"@type":"ListItem","position":1,"name":"Ana s\u0259hif\u0259","item":"https:\/\/www.meydan.tv\/az\/"},{"@type":"ListItem","position":2,"name":"B\u00f6lg\u0259","item":"https:\/\/www.meydan.tv\/az\/section\/bolge\/"},{"@type":"ListItem","position":3,"name":"\u0130smay\u0131ll\u0131 sakini: U\u015fa\u011f\u0131m\u0131n g\u00f6z\u00fcn\u00fc itir\u0259c\u0259yind\u0259n qorxuram"}]},{"@type":"WebSite","@id":"https:\/\/www.meydan.tv\/az\/#website","url":"https:\/\/www.meydan.tv\/az\/","name":"MEYDAN.TV","description":"Meydan TV Az\u0259rbaycan\u0131n media m\u0259kan\u0131ndak\u0131 alternativ s\u0259sidir","publisher":{"@id":"https:\/\/www.meydan.tv\/az\/#organization"},"potentialAction":[{"@type":"SearchAction","target":{"@type":"EntryPoint","urlTemplate":"https:\/\/www.meydan.tv\/az\/?s={search_term_string}"},"query-input":{"@type":"PropertyValueSpecification","valueRequired":true,"valueName":"search_term_string"}}],"inLanguage":"az"},{"@type":"Organization","@id":"https:\/\/www.meydan.tv\/az\/#organization","name":"Meydan TV","url":"https:\/\/www.meydan.tv\/az\/","logo":{"@type":"ImageObject","inLanguage":"az","@id":"https:\/\/www.meydan.tv\/az\/#\/schema\/logo\/image\/","url":"https:\/\/www.meydan.tv\/wp-content\/uploads\/2021\/07\/meydan-logo.svg","contentUrl":"https:\/\/www.meydan.tv\/wp-content\/uploads\/2021\/07\/meydan-logo.svg","width":195,"height":46,"caption":"Meydan TV"},"image":{"@id":"https:\/\/www.meydan.tv\/az\/#\/schema\/logo\/image\/"}},{"@type":"Person","@id":"https:\/\/www.meydan.tv\/az\/#\/schema\/person\/10d11eccf6da3662cf5fdab9806ea91a","name":"user-manager"}]}},"_links":{"self":[{"href":"https:\/\/www.meydan.tv\/az\/wp-json\/wp\/v2\/posts\/192972","targetHints":{"allow":["GET"]}}],"collection":[{"href":"https:\/\/www.meydan.tv\/az\/wp-json\/wp\/v2\/posts"}],"about":[{"href":"https:\/\/www.meydan.tv\/az\/wp-json\/wp\/v2\/types\/post"}],"author":[{"embeddable":true,"href":"https:\/\/www.meydan.tv\/az\/wp-json\/wp\/v2\/users\/11"}],"replies":[{"embeddable":true,"href":"https:\/\/www.meydan.tv\/az\/wp-json\/wp\/v2\/comments?post=192972"}],"version-history":[{"count":0,"href":"https:\/\/www.meydan.tv\/az\/wp-json\/wp\/v2\/posts\/192972\/revisions"}],"wp:featuredmedia":[{"embeddable":true,"href":"https:\/\/www.meydan.tv\/az\/wp-json\/wp\/v2\/media\/113913"}],"wp:attachment":[{"href":"https:\/\/www.meydan.tv\/az\/wp-json\/wp\/v2\/media?parent=192972"}],"wp:term":[{"taxonomy":"category","embeddable":true,"href":"https:\/\/www.meydan.tv\/az\/wp-json\/wp\/v2\/categories?post=192972"},{"taxonomy":"post_tag","embeddable":true,"href":"https:\/\/www.meydan.tv\/az\/wp-json\/wp\/v2\/tags?post=192972"}],"curies":[{"name":"wp","href":"https:\/\/api.w.org\/{rel}","templated":true}]}}