{"id":192935,"date":"2018-12-09T18:03:54","date_gmt":"2018-12-09T18:03:54","guid":{"rendered":"https:\/\/www.meydan.tv\/article\/kimlercunse-istifade-vasitesi\/"},"modified":"2018-12-09T18:03:54","modified_gmt":"2018-12-09T18:03:54","slug":"kimlercunse-istifade-vasitesi","status":"publish","type":"post","link":"https:\/\/www.meydan.tv\/az\/article\/kimlercunse-istifade-vasitesi\/","title":{"rendered":"Kiml\u0259r\u00e7\u00fcns\u0259 \u0130stifad\u0259 Vasit\u0259si"},"content":{"rendered":"<p>\n  Az\u0259rbaycanda onun q\u0131sa ad\u0131 K\u0130V-dir<\/p>\n<p>  \u018fli H\u0259s\u0259nov: \u201c2009-cu ild\u0259n indiy\u0259 q\u0259d\u0259r K\u0130V Fond vasit\u0259sil\u0259 median\u0131n inki\u015faf\u0131na \u00fcmumilikd\u0259 60 milyon manat v\u0259sait y\u00f6n\u0259ldilmi\u015fdir\u201d.<\/p>\n<p>  Yen\u0259 dilimizin qay\u011f\u0131s\u0131na qalma\u011fa ba\u015flay\u0131blar. Ancaq bu qay\u011f\u0131 s\u0259r\u0259ncama, f\u0259rmana, ya da hans\u0131sa y\u00fcks\u0259k \u00e7inli m\u0259murun a\u00e7\u0131qlamas\u0131na ba\u011fl\u0131d\u0131r. Noyabr\u0131n 1-d\u0259 prezident \u201cAz\u0259rbaycan dilinin safl\u0131\u011f\u0131n\u0131n qorunmas\u0131 v\u0259 d\u00f6vl\u0259t dilind\u0259n istifad\u0259nin daha da t\u0259kmill\u0259\u015fdirilm\u0259si il\u0259 ba\u011fl\u0131 t\u0259dbirl\u0259r haqq\u0131nda\u201d f\u0259rman imzalay\u0131b. \u0130ndi r\u0259smil\u0259r bu f\u0259rman\u0131n t\u0259bli\u011fin\u0259 k\u00f6kl\u0259nib.\n<\/p>\n<p>\n  2009-cu ild\u0259 Ramiz Mehdiyevin \u201cAz\u0259rbaycan\u201d q\u0259zetind\u0259 \u201cAz\u0259rbaycan\u0131n efir m\u0259kan\u0131: probleml\u0259r v\u0259 v\u0259zif\u0259l\u0259r\u201d adl\u0131 m\u0259qal\u0259si<br \/>\n  <a href=\"http:\/\/www.ntrc.gov.az\/az\/content\/news\/182.html\" target=\"_blank\" rel=\"noopener\"><br \/>\n    \u00e7\u0131xm\u0131\u015fd\u0131<br \/>\n  <\/a><br \/>\n  . Bir m\u00fcdd\u0259t h\u0259min yaz\u0131n\u0131n, eyni zamanda dilimizin t\u0259bli\u011fat\u0131 getdi, telekanallar, q\u0259zetl\u0259r akademikin bu yaz\u0131s\u0131n\u0131n geni\u015f m\u00fczakir\u0259sini a\u00e7d\u0131. Sonra h\u0259r \u015fey s\u0259ngidi; efir m\u0259kan\u0131nda ba\u015f ver\u0259nl\u0259r d\u0259 yaddan \u00e7\u0131xd\u0131, dilimiz\u0259 qay\u011f\u0131 da.\n<\/p>\n<p>\n  Bir ne\u00e7\u0259 il sonra prezident \u0130lham \u018fliyev &#8220;Az\u0259rbaycan dilinin qloballa\u015fma \u015f\u0259raitind\u0259 zaman\u0131n t\u0259l\u0259bl\u0259rin\u0259 uy\u011fun istifad\u0259sin\u0259 v\u0259 \u00f6lk\u0259d\u0259 dil\u00e7iliyin inki\u015faf\u0131na dair D\u00f6vl\u0259t Proqram\u0131\u201d haqq\u0131nda S\u0259r\u0259ncam(may, 2012-ci il) imzalad\u0131. S\u0259r\u0259ncamda dilimizin m\u00fcxt\u0259lif s\u0259viyy\u0259l\u0259rd\u0259, x\u00fcsusil\u0259 K\u0130V-l\u0259rd\u0259 i\u015fl\u0259nm\u0259sind\u0259 fonetik, sintaktik v\u0259 semantik normalardan ciddi yay\u0131nmalar\u0131n oldu\u011fu vur\u011fulan\u0131r, Az\u0259rbaycan dilinin internet sah\u0259sind\u0259 t\u0259tbiqin\u0259 diqq\u0259tin art\u0131r\u0131lmas\u0131n\u0131n vacibliyi x\u00fcsusi qeyd olunurdu. Ancaq bu s\u0259r\u0259ncam da \u0259vv\u0259lkil\u0259r kimi bir m\u00fcdd\u0259t g\u00fcnd\u0259md\u0259 oldu, sonra unuduldu. \u018fslind\u0259, h\u0259min d\u00f6vrd\u0259 dilin, efir m\u0259d\u0259niyy\u0259tinin qay\u011f\u0131s\u0131na qalma\u011fa ba\u015flanm\u0131\u015fd\u0131. D\u00f6vl\u0259t Proqram\u0131na uy\u011fun olaraq d\u00f6vl\u0259t b\u00fcdc\u0259sind\u0259n v\u0259sait ayr\u0131l\u0131r, N\u0259simi ad\u0131na Dil\u00e7ilik \u0130nstitutunun \u0259m\u0259kda\u015flar\u0131 bu monitorinql\u0259r\u0259 c\u0259lb olunur, vaxta\u015f\u0131r\u0131 a\u00e7\u0131qlamalar verirdil\u0259r. D\u00fczd\u00fcr, n\u0259tic\u0259 h\u0259l\u0259 d\u0259 g\u00f6z\u0259 d\u0259ymir, baxmayaraq ki, h\u0259min monitorinql\u0259r\u0259 xeyli v\u0259sait x\u0259rcl\u0259nir.\n<\/p>\n<p>\n  K\u0130VDF yaranandan indiy\u0259 kimi h\u0259r il eyni m\u0259zmunlu &#8211; \u201cAz\u0259rbaycan teleradio m\u0259kan\u0131nda \u0259d\u0259bi dilin qorunmas\u0131\u201d, \u201cAz\u0259rbaycan m\u0259tbuat m\u0259kan\u0131nda \u0259d\u0259bi dilin qorunmas\u0131\u201d v\u0259 \u201cJurnalist pe\u015f\u0259karl\u0131\u011f\u0131n\u0131n art\u0131r\u0131lmas\u0131\u201d m\u00f6vzusunda m\u00fcsabiq\u0259 ke\u00e7irir, layih\u0259l\u0259ri maliyy\u0259l\u0259\u015fdirir. H\u0259r m\u00fcsabiq\u0259d\u0259 bu t\u0259\u015fkilatlar\u0131n h\u0259r birin\u0259 20 min manat b\u00fcdc\u0259 v\u0259saiti ayr\u0131l\u0131r. \u201cAz\u0259rbaycan teleradio m\u0259kan\u0131nda \u0259d\u0259bi dilin qorunmas\u0131\u201d layih\u0259sinin icras\u0131na Milli Teleradio \u015euras\u0131n\u0131n s\u0259dri, bu g\u00fcn telekanallar\u0131n dilind\u0259n \u015fikay\u0259t\u00e7i olan Nu\u015fir\u0259van M\u0259h\u0259rr\u0259mli r\u0259hb\u0259rlik edir. Art\u0131q 10 il\u0259 yax\u0131nd\u0131r onun t\u0259\u015fkilat\u0131na &#8211; Elektron Mediaya Yard\u0131m Fonduna b\u00fcdc\u0259d\u0259n qrant \u015f\u0259klind\u0259 pul verilir, bu t\u0259\u015fkilat da monitorinql\u0259r apar\u0131r. Burda maraql\u0131 m\u0259qamlardan biri K\u0130VDF-nin m\u00fcsabiq\u0259sind\u0259 h\u0259mi\u015f\u0259 eyni t\u0259\u015fkilatlar\u0131n qalib olmas\u0131d\u0131r &#8211; Az\u0259rbaycan M\u0259tbuat \u015euras\u0131 (\u018fflatun Ama\u015fov), Elektron Mediaya Yard\u0131m Fondu (t\u0259sis\u00e7i Xalid\u0259 Tarix q\u0131z\u0131 M\u0259h\u0259rr\u0259mova, r\u0259hb\u0259ri Yunis M\u0259h\u0259mm\u0259d o\u011flu M\u0259h\u0259rr\u0259movdur. \u018fslind\u0259, sahib Nu\u015fir\u0259van M\u0259h\u0259rr\u0259mlidir, \u00e7\u00fcnki bu qurumun layih\u0259l\u0259rinin t\u0259qdimat\u0131 i\u015fin\u0259 h\u0259mi\u015f\u0259 MTR\u015e s\u0259dri bax\u0131r) v\u0259 Jurnalistl\u0259rin H\u0259mkarlar \u0130ttifaq\u0131 (M\u00fc\u015ffiq \u018fl\u0259sg\u0259rli).\n<\/p>\n<p>\n  Bu t\u0259\u015fkilatlardan ikisinin r\u0259hb\u0259ri h\u0259m d\u0259 K\u0130VDF M\u00fc\u015fahid\u0259 \u015euras\u0131n\u0131n \u00fczv\u00fcd\u00fcr. Onlar t\u0259\u015fkilat r\u0259hb\u0259ri kimi m\u00fcsabiq\u0259d\u0259 i\u015ftirak edir, M\u00fc\u015fahid\u0259 \u015euras\u0131 \u00fczv\u00fc kimi layih\u0259l\u0259rini (!) d\u0259y\u0259rl\u0259ndirir, layih\u0259l\u0259rinin (!) qalib g\u0259lm\u0259si \u00fc\u00e7\u00fcn m\u00fcsb\u0259t r\u0259y verirl\u0259r. M\u0259s\u0259l\u0259n, K\u0130VDF-nin 11 aprel 2016-c\u0131 ild\u0259 ke\u00e7irilmi\u015f iclas\u0131ndan bir sitatla tan\u0131\u015f olaq:\n<\/p>\n<p>\n  \u201c&#8230;Sonra m\u00fcsabiq\u0259y\u0259 t\u0259qdim edilmi\u015f s\u0259n\u0259dl\u0259r M\u00fc\u015fahid\u0259 \u015euras\u0131n\u0131n \u00fczvl\u0259rin\u0259 paylan\u0131l\u0131b v\u0259 m\u0259s\u0259l\u0259 \u0259traf\u0131nda m\u00fczakir\u0259l\u0259r apar\u0131l\u0131b. \u015eura \u00fczvl\u0259rind\u0259n Umud Mirz\u0259yev, M\u00fc\u015ffiq \u018fl\u0259sg\u0259rli, \u018fflatun Ama\u015fov, V\u00fcqar R\u0259himzad\u0259 v\u0259 R\u0259\u015fad M\u0259cid mediada \u0259d\u0259bi dilin qorunmas\u0131 v\u0259 jurnalistl\u0259rin pe\u015f\u0259karl\u0131q s\u0259viyy\u0259sinin y\u00fcks\u0259ldilm\u0259si m\u0259qs\u0259dil\u0259 jurnalist t\u0259\u015fkilatlar\u0131 \u00fc\u00e7\u00fcn elan edilmi\u015f m\u00fcsabiq\u0259nin \u0259h\u0259miyy\u0259tini \u00f6n\u0259 \u00e7\u0259kibl\u0259r. M\u00fczakir\u0259l\u0259r zaman\u0131 Az\u0259rbaycan M\u0259tbuat \u015euras\u0131n\u0131n, Jurnalistl\u0259rin H\u0259mkarlar \u0130ttifaq\u0131n\u0131n v\u0259 Elektron Mediaya Yard\u0131m Fondunun t\u0259qdim etdikl\u0259ri s\u0259n\u0259dl\u0259rin qaydas\u0131nda oldu\u011fu, maddi-texniki bazalar\u0131n\u0131n t\u0259l\u0259bl\u0259r\u0259 cavab verdiyi, habel\u0259 \u00e7oxillik t\u0259cr\u00fcb\u0259l\u0259ri x\u00fcsusi vur\u011fulan\u0131b, onlar\u0131n layih\u0259 t\u0259klifl\u0259ri m\u00fcsb\u0259t<br \/>\n  <a href=\"http:\/\/kivdf.gov.az\/news\/327\/Fondun+\u041c\u00fc\u015fahid\u0259+\u015euras\u0131n\u0131n+n\u00f6vb\u0259ti+iclas\u0131+ke\u00e7irilib\/\" target=\"_blank\" rel=\"noopener\"><br \/>\n    d\u0259y\u0259rl\u0259ndirilib\u201d<br \/>\n  <\/a><br \/>\n  .\n<\/p>\n<p>\n  G\u00f6r\u00fcnd\u00fcy\u00fc kimi, iclasda yanl\u0131\u015fa yol verilib, m\u00fcsabiq\u0259y\u0259 layih\u0259 ver\u0259n Nu\u015fir\u0259van M\u0259h\u0259rr\u0259mlinin, ya da onun n\u00fcmay\u0259nd\u0259sinin i\u015ftirak\u0131 t\u0259min olunmay\u0131b. Onun da h\u0259min y\u0131\u011f\u0131ncaqda i\u015ftirak etm\u0259k, layih\u0259sinin ke\u00e7m\u0259si \u00fc\u00e7\u00fcn \u00e7al\u0131\u015fmaq, m\u00fcsb\u0259t r\u0259y verm\u0259k haqq\u0131 var, bu haqq ba\u015fqa layih\u0259\u00e7il\u0259r\u0259 tan\u0131n\u0131bsa, ona da tan\u0131nmal\u0131yd\u0131. Yeri g\u0259lmi\u015fk\u0259n, bu m\u00fcsabiq\u0259y\u0259 ba\u015fqa 2 t\u0259\u015fkilat layih\u0259 vers\u0259 d\u0259, yen\u0259 \u0259n\u0259n\u0259vi birlikl\u0259r qalib<br \/>\n  <a href=\"http:\/\/kivdf.gov.az\/news\/419\/...\/\" target=\"_blank\" rel=\"noopener\"><br \/>\n    olub.<br \/>\n  <\/a>\n<\/p>\n<p>\n  Ard\u0131c\u0131l olaraq 10 il\u0259 yax\u0131nd\u0131r (2009-cu ild\u0259n) h\u0259m d\u0259 q\u0259zetl\u0259r\u0259 qrant \u015f\u0259klind\u0259 layih\u0259l\u0259r verilir, m\u0259qs\u0259d d\u0259 q\u0259zetl\u0259rin m\u00fcst\u0259qilliyinin, jurnalistl\u0259rin pe\u015f\u0259karl\u0131\u011f\u0131n\u0131n art\u0131r\u0131lmas\u0131, m\u0259tbuat\u0131n maddi-texniki bazas\u0131n\u0131n yax\u015f\u0131la\u015fd\u0131r\u0131lmas\u0131d\u0131r. Ancaq yen\u0259 d\u0259 y\u0131\u011f\u0131ncaqlarda telekanallardak\u0131 probleml\u0259rd\u0259n, mediada pe\u015f\u0259karlar\u0131n olmamas\u0131ndan gileyl\u0259r e\u015fidilir.\n<\/p>\n<p>\n  Dekabr\u0131n 5-d\u0259 Beyn\u0259lxalq M\u0259tbuat M\u0259rk\u0259zind\u0259 Elektron Mediaya Yard\u0131m Fondunun K\u0130VDF-nin maliyy\u0259 d\u0259st\u0259yi il\u0259 h\u0259yata ke\u00e7irdiyi &#8220;Az\u0259rbaycan teleradio m\u0259kan\u0131nda \u0259d\u0259bi dilin qorunmas\u0131&#8221; layih\u0259si il\u0259 ba\u011fl\u0131 konfrans ke\u00e7irilib. Bu probleml\u0259rin aradan qald\u0131r\u0131lmas\u0131 \u00fc\u00e7\u00fcn h\u0259r il d\u00f6vl\u0259t b\u00fcdc\u0259sind\u0259n pul al\u0131b layih\u0259l\u0259r h\u0259yata ke\u00e7ir\u0259nl\u0259r dan\u0131\u015f\u0131blar.\n<\/p>\n<p>\n  H\u0259min konfransda da yen\u0259 dil probleml\u0259ri, jurnalist pe\u015f\u0259karl\u0131\u011f\u0131 ba\u015fl\u0131ca m\u00f6vzu olub. \u018fli H\u0259s\u0259nov da eyni problemd\u0259n dan\u0131\u015f\u0131b:&#8221;T\u0259\u0259ss\u00fcf ki, 2012-ci ild\u0259 imzalanm\u0131\u015f Prezident S\u0259r\u0259ncam\u0131nda sadalanan n\u00f6qsanlara bu g\u00fcn d\u0259 t\u0259sad\u00fcf edilir. Buna g\u00f6r\u0259 d\u0259 Prezident \u0130lham \u018fliyev d\u00f6vl\u0259t dilinin istifad\u0259si dair\u0259sinin geni\u015fl\u0259ndirilm\u0259si v\u0259 safl\u0131\u011f\u0131n\u0131n qorunmas\u0131 sah\u0259sind\u0259 m\u00f6vcud probleml\u0259rin m\u00fct\u0259madi olaraq \u00f6yr\u0259nilm\u0259si, monitorinqinin apar\u0131lmas\u0131 v\u0259 n\u00f6qsanlar\u0131n aradan qald\u0131r\u0131lmas\u0131 m\u0259qs\u0259dil\u0259 2018-ci il noyabr\u0131n 1-d\u0259 yeni F\u0259rman imzalay\u0131b&#8230;T\u0259\u0259ss\u00fcf ki, k\u00fctl\u0259vi informasiya vasit\u0259l\u0259rind\u0259, o c\u00fcml\u0259d\u0259n elektron K\u0130V-d\u0259 d\u00f6vl\u0259t dilinin norma v\u0259 prinsipl\u0259rin\u0259 uy\u011fun olmayan s\u00f6z v\u0259 ifad\u0259l\u0259r i\u015fl\u0259dilir\u201d.\n<\/p>\n<p>\n  \u018fflatun Ama\u015fov: \u201c&#8230;M\u0259tbuatda da dil il\u0259 ba\u011fl\u0131 n\u00f6qsanlar var. Burada daha \u00e7ox qrammatik pozuntular qeyd\u0259 al\u0131n\u0131r. Q\u00fcsurlardan biri d\u0259 \u0259cn\u0259bi s\u00f6zl\u0259rd\u0259n yerli-yersiz istifad\u0259dir. Bu n\u00f6qsanlar jurnalistin qeyri-pe\u015f\u0259karl\u0131\u011f\u0131ndan v\u0259 dili yax\u015f\u0131 bilm\u0259m\u0259sind\u0259n ir\u0259li g\u0259lir\u201d.\n<\/p>\n<p>\n  Bel\u0259 bir fikri 4 il qabaq \u2013 2014-c\u00fc ild\u0259 K\u0130VDF s\u0259dri V\u00fcqar S\u0259f\u0259rli d\u0259 demi\u015fdi: &#8220;Bu g\u00fcn televiziya v\u0259 radio sah\u0259sind\u0259 i\u015fl\u0259y\u0259n insanlar\u0131n \u00e7oxu pe\u015f\u0259kar olmayan, \u00f6z i\u015fini bilm\u0259y\u0259nl\u0259rdir&#8221;.\n<\/p>\n<p>\n  Aradan ke\u00e7\u0259n ill\u0259r, x\u0259rcl\u0259n\u0259n milyonlar he\u00e7 n\u0259yi d\u0259yi\u015fm\u0259yib; n\u0259 jurnalistl\u0259rin pe\u015f\u0259karl\u0131\u011f\u0131n\u0131, n\u0259 d\u0259 K\u0130VDF s\u0259drinin fikirl\u0259rini.\n<\/p>\n<p>\n  Nu\u015fir\u0259van M\u0259h\u0259rr\u0259mli: \u201cMilli Televiziya v\u0259 Radio \u015euras\u0131 teleradio m\u0259kan\u0131nda d\u00f6vl\u0259t dilimizin qorunmas\u0131na x\u00fcsusi diqq\u0259t yetirir. Vaxta\u015f\u0131r\u0131 t\u0259\u015fkil olunan bu c\u00fcr monitorinql\u0259r \u00fcmumi i\u015fimiz\u0259 b\u00f6y\u00fck fayda verir&#8230; Teleradiolarda \u0259d\u0259bi dill\u0259 ba\u011fl\u0131 v\u0259ziyy\u0259t he\u00e7 d\u0259 \u00fcr\u0259ka\u00e7an deyil, jarqonlar v\u0259 dilimiz\u0259 yad s\u00f6zl\u0259r i\u015fl\u0259nir\u201d.\n<\/p>\n<p>\n  Bu q\u0259d\u0259r b\u00fcdc\u0259 v\u0259saiti x\u0259rcl\u0259n\u0259nd\u0259n sonra da teleradiolarda \u0259d\u0259bi dill\u0259 ba\u011fl\u0131 v\u0259ziyy\u0259t \u00fcr\u0259ka\u00e7an deyils\u0259, dem\u0259li, Nu\u015fir\u0259van m\u00fc\u0259llim \u201c\u00fcmumi i\u015fimiz\u0259 b\u00f6y\u00fck fayda\u201d dedikd\u0259 n\u0259s\u0259 ba\u015fqa \u015fey n\u0259z\u0259rd\u0259 tutur. \u00c7\u00fcnki g\u00f6z qaba\u011f\u0131nda olan telekanallarda x\u0259rcl\u0259n\u0259n o pullar\u0131n faydas\u0131 g\u00f6r\u00fcnm\u00fcr.\n<\/p>\n<p>\n  \u201c2009-cu ild\u0259n indiy\u0259 q\u0259d\u0259r K\u0130V Fond vasit\u0259sil\u0259 median\u0131n inki\u015faf\u0131na \u00fcmumilikd\u0259 60 milyon manat v\u0259sait y\u00f6n\u0259ldilmi\u015fdir\u201d, \u2013 bu s\u00f6zl\u0259ri d\u0259 \u018fli H\u0259s\u0259nov bu ilin oktyabr\u0131nda &#8220;On be\u015f illik prezidentlik d\u00f6vr\u00fcn\u00fcn m\u00f6ht\u0259\u015f\u0259m z\u0259f\u0259r salnam\u0259si&#8221; adl\u0131 \u0130lham \u018fliyevl\u0259 ba\u011fl\u0131 m\u0259qal\u0259sind\u0259 yaz\u0131b.\n<\/p>\n<p>\n  G\u00f6r\u0259s\u0259n, pe\u015f\u0259karl\u0131\u011f\u0131n art\u0131r\u0131lmas\u0131na, telekanallar\u0131n dilinin d\u00fcz\u0259lm\u0259sin\u0259 bu qurumlar n\u0259 q\u0259d\u0259r b\u00fcdc\u0259 v\u0259saiti x\u0259rcl\u0259m\u0259lidirl\u0259r ki, ist\u0259dikl\u0259ri n\u0259tic\u0259 al\u0131ns\u0131n?\n<\/p>\n<p>\n  Ancaq ba\u015fqa g\u00f6st\u0259ricil\u0259r d\u0259 var, m\u0259tbuata d\u00f6vl\u0259t qay\u011f\u0131s\u0131ndan sonra m\u00fcst\u0259qil q\u0259zetl\u0259r v\u0259 telekanallar ba\u011flan\u0131b, ne\u00e7\u0259-ne\u00e7\u0259 q\u0259zet m\u00fcst\u0259qilliyini itirib, q\u0259zetl\u0259rin tiraj\u0131 ac\u0131nacaql\u0131 h\u0259dd\u0259 enib. Bu g\u00fcn m\u0259tbuat bazar\u0131nda \u201cAzadl\u0131q\u201d, \u201cZerkalo\u201d, \u201cAyna\u201d, \u201cExo\u201d, vaxtil\u0259 tiraj rekordu q\u0131ran \u201cBu g\u00fcn\u201d, \u201c7 g\u00fcn\u201d, \u201cH\u00fcrriyy\u0259t\u201d, \u201cG\u00fcnd\u0259lik Az\u0259rbaycan\u201d, \u201cAvropa\u201d v\u0259 ba\u015fqa bu kimi q\u0259zetl\u0259r yoxdur. ANS telekanal\u0131, APA agentliyi s\u0131radan \u00e7\u0131xar\u0131l\u0131b. Bununla h\u0259m d\u0259 b\u00f6y\u00fck bir jurnalist ordusu, ill\u0259rini mediaya ver\u0259n pe\u015f\u0259karlar m\u0259tbuatdan gedib. Bu itkil\u0259rin \u0259v\u0259zind\u0259 hakimiyy\u0259td\u0259n ev alan jurnalistl\u0259rin say\u0131 art\u0131b, bug\u00fcnk\u00fc m\u0259tbuatda olanlar\u0131 bir 5 m\u0259rt\u0259b\u0259li binaya y\u0131\u011fmaq m\u00fcmk\u00fcn oldu\u011fu halda, art\u0131q jurnalistl\u0259r \u00fc\u00e7\u00fcn 3-c\u00fc 16 m\u0259rt\u0259b\u0259li binan\u0131n tikintisi gedir.\n<\/p>\n<p>\n  Az\u0259rbaycan k\u0259ndl\u0259rind\u0259 is\u0259 q\u0259zetl\u0259r\u0259 abun\u0259\u00e7ilik sonuncu d\u0259f\u0259 sovetl\u0259rin vaxt\u0131nda, bir q\u0259d\u0259r d\u0259 el\u0259 \u00f6t\u0259n \u0259srin ax\u0131rlar\u0131nda olub.\n<\/p>\n<p>\n  \u018fli H\u0259s\u0259novsa deyir ki, Az\u0259rbaycanda 5 mind\u0259n \u00e7ox k\u00fctl\u0259vi informasiya vasit\u0259si var. \u00c7ox t\u0259\u0259ss\u00fcf ki, onlar\u0131n \u00e7oxu n\u0259 k\u00fctl\u0259vidi, n\u0259 d\u0259 informasiyal\u0131, sad\u0259c\u0259 kiml\u0259r\u00e7\u00fcns\u0259 vasit\u0259dir&#8230;<\/p>\n","protected":false},"excerpt":{"rendered":"<p>Az\u0259rbaycanda onun q\u0131sa ad\u0131 K\u0130V-dir<\/p>\n","protected":false},"author":11,"featured_media":113805,"comment_status":"closed","ping_status":"open","sticky":false,"template":"","format":"standard","meta":{"_acf_changed":false,"_sitemap_exclude":false,"_sitemap_priority":"","_sitemap_frequency":"","footnotes":""},"categories":[57],"tags":[],"class_list":["post-192935","post","type-post","status-publish","format-standard","has-post-thumbnail","hentry","category-menim-fikrimce","infinite-scroll-item","generate-columns","tablet-grid-50","mobile-grid-100","grid-parent","grid-33","no-featured-image-padding"],"acf":[],"yoast_head":"<!-- This site is optimized with the Yoast SEO plugin v27.4 - https:\/\/yoast.com\/product\/yoast-seo-wordpress\/ -->\n<title>Kiml\u0259r\u00e7\u00fcns\u0259 \u0130stifad\u0259 Vasit\u0259si - MEYDAN.TV<\/title>\n<meta name=\"robots\" content=\"index, follow, max-snippet:-1, max-image-preview:large, max-video-preview:-1\" \/>\n<link rel=\"canonical\" href=\"https:\/\/www.meydan.tv\/az\/article\/kimlercunse-istifade-vasitesi\/\" \/>\n<meta property=\"og:locale\" content=\"az_AZ\" \/>\n<meta property=\"og:type\" content=\"article\" \/>\n<meta property=\"og:title\" content=\"Kiml\u0259r\u00e7\u00fcns\u0259 \u0130stifad\u0259 Vasit\u0259si - MEYDAN.TV\" \/>\n<meta property=\"og:description\" content=\"Az\u0259rbaycanda onun q\u0131sa ad\u0131 K\u0130V-dir\" \/>\n<meta property=\"og:url\" content=\"https:\/\/www.meydan.tv\/az\/article\/kimlercunse-istifade-vasitesi\/\" \/>\n<meta property=\"og:site_name\" content=\"MEYDAN.TV\" \/>\n<meta property=\"article:published_time\" content=\"2018-12-09T18:03:54+00:00\" \/>\n<meta property=\"og:image\" content=\"https:\/\/www.meydan.tv\/wp-content\/uploads\/45338.jpg\" \/>\n\t<meta property=\"og:image:width\" content=\"1892\" \/>\n\t<meta property=\"og:image:height\" content=\"1292\" \/>\n\t<meta property=\"og:image:type\" content=\"image\/jpeg\" \/>\n<meta name=\"author\" content=\"user-manager\" \/>\n<meta name=\"twitter:card\" content=\"summary_large_image\" \/>\n<script type=\"application\/ld+json\" class=\"yoast-schema-graph\">{\"@context\":\"https:\\\/\\\/schema.org\",\"@graph\":[{\"@type\":\"Article\",\"@id\":\"https:\\\/\\\/www.meydan.tv\\\/az\\\/article\\\/kimlercunse-istifade-vasitesi\\\/#article\",\"isPartOf\":{\"@id\":\"https:\\\/\\\/www.meydan.tv\\\/az\\\/article\\\/kimlercunse-istifade-vasitesi\\\/\"},\"author\":{\"name\":\"user-manager\",\"@id\":\"https:\\\/\\\/www.meydan.tv\\\/az\\\/#\\\/schema\\\/person\\\/10d11eccf6da3662cf5fdab9806ea91a\"},\"headline\":\"Kiml\u0259r\u00e7\u00fcns\u0259 \u0130stifad\u0259 Vasit\u0259si\",\"datePublished\":\"2018-12-09T18:03:54+00:00\",\"mainEntityOfPage\":{\"@id\":\"https:\\\/\\\/www.meydan.tv\\\/az\\\/article\\\/kimlercunse-istifade-vasitesi\\\/\"},\"wordCount\":1915,\"publisher\":{\"@id\":\"https:\\\/\\\/www.meydan.tv\\\/az\\\/#organization\"},\"image\":{\"@id\":\"https:\\\/\\\/www.meydan.tv\\\/az\\\/article\\\/kimlercunse-istifade-vasitesi\\\/#primaryimage\"},\"thumbnailUrl\":\"https:\\\/\\\/www.meydan.tv\\\/wp-content\\\/uploads\\\/45338.jpg\",\"articleSection\":[\"M\u0259nim Fikrimc\u0259\"],\"inLanguage\":\"az\"},{\"@type\":\"WebPage\",\"@id\":\"https:\\\/\\\/www.meydan.tv\\\/az\\\/article\\\/kimlercunse-istifade-vasitesi\\\/\",\"url\":\"https:\\\/\\\/www.meydan.tv\\\/az\\\/article\\\/kimlercunse-istifade-vasitesi\\\/\",\"name\":\"Kiml\u0259r\u00e7\u00fcns\u0259 \u0130stifad\u0259 Vasit\u0259si - MEYDAN.TV\",\"isPartOf\":{\"@id\":\"https:\\\/\\\/www.meydan.tv\\\/az\\\/#website\"},\"primaryImageOfPage\":{\"@id\":\"https:\\\/\\\/www.meydan.tv\\\/az\\\/article\\\/kimlercunse-istifade-vasitesi\\\/#primaryimage\"},\"image\":{\"@id\":\"https:\\\/\\\/www.meydan.tv\\\/az\\\/article\\\/kimlercunse-istifade-vasitesi\\\/#primaryimage\"},\"thumbnailUrl\":\"https:\\\/\\\/www.meydan.tv\\\/wp-content\\\/uploads\\\/45338.jpg\",\"datePublished\":\"2018-12-09T18:03:54+00:00\",\"breadcrumb\":{\"@id\":\"https:\\\/\\\/www.meydan.tv\\\/az\\\/article\\\/kimlercunse-istifade-vasitesi\\\/#breadcrumb\"},\"inLanguage\":\"az\",\"potentialAction\":[{\"@type\":\"ReadAction\",\"target\":[\"https:\\\/\\\/www.meydan.tv\\\/az\\\/article\\\/kimlercunse-istifade-vasitesi\\\/\"]}]},{\"@type\":\"ImageObject\",\"inLanguage\":\"az\",\"@id\":\"https:\\\/\\\/www.meydan.tv\\\/az\\\/article\\\/kimlercunse-istifade-vasitesi\\\/#primaryimage\",\"url\":\"https:\\\/\\\/www.meydan.tv\\\/wp-content\\\/uploads\\\/45338.jpg\",\"contentUrl\":\"https:\\\/\\\/www.meydan.tv\\\/wp-content\\\/uploads\\\/45338.jpg\",\"width\":1892,\"height\":1292,\"caption\":\"Source:\"},{\"@type\":\"BreadcrumbList\",\"@id\":\"https:\\\/\\\/www.meydan.tv\\\/az\\\/article\\\/kimlercunse-istifade-vasitesi\\\/#breadcrumb\",\"itemListElement\":[{\"@type\":\"ListItem\",\"position\":1,\"name\":\"Ana s\u0259hif\u0259\",\"item\":\"https:\\\/\\\/www.meydan.tv\\\/az\\\/\"},{\"@type\":\"ListItem\",\"position\":2,\"name\":\"M\u0259nim Fikrimc\u0259\",\"item\":\"https:\\\/\\\/www.meydan.tv\\\/az\\\/section\\\/menim-fikrimce\\\/\"},{\"@type\":\"ListItem\",\"position\":3,\"name\":\"Kiml\u0259r\u00e7\u00fcns\u0259 \u0130stifad\u0259 Vasit\u0259si\"}]},{\"@type\":\"WebSite\",\"@id\":\"https:\\\/\\\/www.meydan.tv\\\/az\\\/#website\",\"url\":\"https:\\\/\\\/www.meydan.tv\\\/az\\\/\",\"name\":\"MEYDAN.TV\",\"description\":\"Meydan TV Az\u0259rbaycan\u0131n media m\u0259kan\u0131ndak\u0131 alternativ s\u0259sidir\",\"publisher\":{\"@id\":\"https:\\\/\\\/www.meydan.tv\\\/az\\\/#organization\"},\"potentialAction\":[{\"@type\":\"SearchAction\",\"target\":{\"@type\":\"EntryPoint\",\"urlTemplate\":\"https:\\\/\\\/www.meydan.tv\\\/az\\\/?s={search_term_string}\"},\"query-input\":{\"@type\":\"PropertyValueSpecification\",\"valueRequired\":true,\"valueName\":\"search_term_string\"}}],\"inLanguage\":\"az\"},{\"@type\":\"Organization\",\"@id\":\"https:\\\/\\\/www.meydan.tv\\\/az\\\/#organization\",\"name\":\"Meydan TV\",\"url\":\"https:\\\/\\\/www.meydan.tv\\\/az\\\/\",\"logo\":{\"@type\":\"ImageObject\",\"inLanguage\":\"az\",\"@id\":\"https:\\\/\\\/www.meydan.tv\\\/az\\\/#\\\/schema\\\/logo\\\/image\\\/\",\"url\":\"https:\\\/\\\/www.meydan.tv\\\/wp-content\\\/uploads\\\/2021\\\/07\\\/meydan-logo.svg\",\"contentUrl\":\"https:\\\/\\\/www.meydan.tv\\\/wp-content\\\/uploads\\\/2021\\\/07\\\/meydan-logo.svg\",\"width\":195,\"height\":46,\"caption\":\"Meydan TV\"},\"image\":{\"@id\":\"https:\\\/\\\/www.meydan.tv\\\/az\\\/#\\\/schema\\\/logo\\\/image\\\/\"}},{\"@type\":\"Person\",\"@id\":\"https:\\\/\\\/www.meydan.tv\\\/az\\\/#\\\/schema\\\/person\\\/10d11eccf6da3662cf5fdab9806ea91a\",\"name\":\"user-manager\"}]}<\/script>\n<!-- \/ Yoast SEO plugin. -->","yoast_head_json":{"title":"Kiml\u0259r\u00e7\u00fcns\u0259 \u0130stifad\u0259 Vasit\u0259si - MEYDAN.TV","robots":{"index":"index","follow":"follow","max-snippet":"max-snippet:-1","max-image-preview":"max-image-preview:large","max-video-preview":"max-video-preview:-1"},"canonical":"https:\/\/www.meydan.tv\/az\/article\/kimlercunse-istifade-vasitesi\/","og_locale":"az_AZ","og_type":"article","og_title":"Kiml\u0259r\u00e7\u00fcns\u0259 \u0130stifad\u0259 Vasit\u0259si - MEYDAN.TV","og_description":"Az\u0259rbaycanda onun q\u0131sa ad\u0131 K\u0130V-dir","og_url":"https:\/\/www.meydan.tv\/az\/article\/kimlercunse-istifade-vasitesi\/","og_site_name":"MEYDAN.TV","article_published_time":"2018-12-09T18:03:54+00:00","og_image":[{"width":1892,"height":1292,"url":"https:\/\/www.meydan.tv\/wp-content\/uploads\/45338.jpg","type":"image\/jpeg"}],"author":"user-manager","twitter_card":"summary_large_image","schema":{"@context":"https:\/\/schema.org","@graph":[{"@type":"Article","@id":"https:\/\/www.meydan.tv\/az\/article\/kimlercunse-istifade-vasitesi\/#article","isPartOf":{"@id":"https:\/\/www.meydan.tv\/az\/article\/kimlercunse-istifade-vasitesi\/"},"author":{"name":"user-manager","@id":"https:\/\/www.meydan.tv\/az\/#\/schema\/person\/10d11eccf6da3662cf5fdab9806ea91a"},"headline":"Kiml\u0259r\u00e7\u00fcns\u0259 \u0130stifad\u0259 Vasit\u0259si","datePublished":"2018-12-09T18:03:54+00:00","mainEntityOfPage":{"@id":"https:\/\/www.meydan.tv\/az\/article\/kimlercunse-istifade-vasitesi\/"},"wordCount":1915,"publisher":{"@id":"https:\/\/www.meydan.tv\/az\/#organization"},"image":{"@id":"https:\/\/www.meydan.tv\/az\/article\/kimlercunse-istifade-vasitesi\/#primaryimage"},"thumbnailUrl":"https:\/\/www.meydan.tv\/wp-content\/uploads\/45338.jpg","articleSection":["M\u0259nim Fikrimc\u0259"],"inLanguage":"az"},{"@type":"WebPage","@id":"https:\/\/www.meydan.tv\/az\/article\/kimlercunse-istifade-vasitesi\/","url":"https:\/\/www.meydan.tv\/az\/article\/kimlercunse-istifade-vasitesi\/","name":"Kiml\u0259r\u00e7\u00fcns\u0259 \u0130stifad\u0259 Vasit\u0259si - MEYDAN.TV","isPartOf":{"@id":"https:\/\/www.meydan.tv\/az\/#website"},"primaryImageOfPage":{"@id":"https:\/\/www.meydan.tv\/az\/article\/kimlercunse-istifade-vasitesi\/#primaryimage"},"image":{"@id":"https:\/\/www.meydan.tv\/az\/article\/kimlercunse-istifade-vasitesi\/#primaryimage"},"thumbnailUrl":"https:\/\/www.meydan.tv\/wp-content\/uploads\/45338.jpg","datePublished":"2018-12-09T18:03:54+00:00","breadcrumb":{"@id":"https:\/\/www.meydan.tv\/az\/article\/kimlercunse-istifade-vasitesi\/#breadcrumb"},"inLanguage":"az","potentialAction":[{"@type":"ReadAction","target":["https:\/\/www.meydan.tv\/az\/article\/kimlercunse-istifade-vasitesi\/"]}]},{"@type":"ImageObject","inLanguage":"az","@id":"https:\/\/www.meydan.tv\/az\/article\/kimlercunse-istifade-vasitesi\/#primaryimage","url":"https:\/\/www.meydan.tv\/wp-content\/uploads\/45338.jpg","contentUrl":"https:\/\/www.meydan.tv\/wp-content\/uploads\/45338.jpg","width":1892,"height":1292,"caption":"Source:"},{"@type":"BreadcrumbList","@id":"https:\/\/www.meydan.tv\/az\/article\/kimlercunse-istifade-vasitesi\/#breadcrumb","itemListElement":[{"@type":"ListItem","position":1,"name":"Ana s\u0259hif\u0259","item":"https:\/\/www.meydan.tv\/az\/"},{"@type":"ListItem","position":2,"name":"M\u0259nim Fikrimc\u0259","item":"https:\/\/www.meydan.tv\/az\/section\/menim-fikrimce\/"},{"@type":"ListItem","position":3,"name":"Kiml\u0259r\u00e7\u00fcns\u0259 \u0130stifad\u0259 Vasit\u0259si"}]},{"@type":"WebSite","@id":"https:\/\/www.meydan.tv\/az\/#website","url":"https:\/\/www.meydan.tv\/az\/","name":"MEYDAN.TV","description":"Meydan TV Az\u0259rbaycan\u0131n media m\u0259kan\u0131ndak\u0131 alternativ s\u0259sidir","publisher":{"@id":"https:\/\/www.meydan.tv\/az\/#organization"},"potentialAction":[{"@type":"SearchAction","target":{"@type":"EntryPoint","urlTemplate":"https:\/\/www.meydan.tv\/az\/?s={search_term_string}"},"query-input":{"@type":"PropertyValueSpecification","valueRequired":true,"valueName":"search_term_string"}}],"inLanguage":"az"},{"@type":"Organization","@id":"https:\/\/www.meydan.tv\/az\/#organization","name":"Meydan TV","url":"https:\/\/www.meydan.tv\/az\/","logo":{"@type":"ImageObject","inLanguage":"az","@id":"https:\/\/www.meydan.tv\/az\/#\/schema\/logo\/image\/","url":"https:\/\/www.meydan.tv\/wp-content\/uploads\/2021\/07\/meydan-logo.svg","contentUrl":"https:\/\/www.meydan.tv\/wp-content\/uploads\/2021\/07\/meydan-logo.svg","width":195,"height":46,"caption":"Meydan TV"},"image":{"@id":"https:\/\/www.meydan.tv\/az\/#\/schema\/logo\/image\/"}},{"@type":"Person","@id":"https:\/\/www.meydan.tv\/az\/#\/schema\/person\/10d11eccf6da3662cf5fdab9806ea91a","name":"user-manager"}]}},"_links":{"self":[{"href":"https:\/\/www.meydan.tv\/az\/wp-json\/wp\/v2\/posts\/192935","targetHints":{"allow":["GET"]}}],"collection":[{"href":"https:\/\/www.meydan.tv\/az\/wp-json\/wp\/v2\/posts"}],"about":[{"href":"https:\/\/www.meydan.tv\/az\/wp-json\/wp\/v2\/types\/post"}],"author":[{"embeddable":true,"href":"https:\/\/www.meydan.tv\/az\/wp-json\/wp\/v2\/users\/11"}],"replies":[{"embeddable":true,"href":"https:\/\/www.meydan.tv\/az\/wp-json\/wp\/v2\/comments?post=192935"}],"version-history":[{"count":0,"href":"https:\/\/www.meydan.tv\/az\/wp-json\/wp\/v2\/posts\/192935\/revisions"}],"wp:featuredmedia":[{"embeddable":true,"href":"https:\/\/www.meydan.tv\/az\/wp-json\/wp\/v2\/media\/113805"}],"wp:attachment":[{"href":"https:\/\/www.meydan.tv\/az\/wp-json\/wp\/v2\/media?parent=192935"}],"wp:term":[{"taxonomy":"category","embeddable":true,"href":"https:\/\/www.meydan.tv\/az\/wp-json\/wp\/v2\/categories?post=192935"},{"taxonomy":"post_tag","embeddable":true,"href":"https:\/\/www.meydan.tv\/az\/wp-json\/wp\/v2\/tags?post=192935"}],"curies":[{"name":"wp","href":"https:\/\/api.w.org\/{rel}","templated":true}]}}