{"id":192925,"date":"2018-12-07T19:17:21","date_gmt":"2018-12-07T19:17:21","guid":{"rendered":"https:\/\/www.meydan.tv\/article\/en-yeni-tariximizden-bizi-kimler-hara-aparirdi-ve-aparir\/"},"modified":"2018-12-07T19:17:21","modified_gmt":"2018-12-07T19:17:21","slug":"en-yeni-tariximizden-bizi-kimler-hara-aparirdi-ve-aparir","status":"publish","type":"post","link":"https:\/\/www.meydan.tv\/az\/article\/en-yeni-tariximizden-bizi-kimler-hara-aparirdi-ve-aparir\/","title":{"rendered":"\u018fn yeni tariximizd\u0259n: Bizi kiml\u0259r hara apar\u0131rd\u0131 v\u0259 apar\u0131r?"},"content":{"rendered":"<figure class=\"wp-block-image size-large\">\n  <img decoding=\"async\" src=\"https:\/\/www.meydan.tv\/az\/ebdurrehman-vezirov\/\" alt=\"\u018fbd\u00fcrr\u0259hman V\u0259zirov\" class=\"wp-image-113445\"\/><figcaption>\n    \u018fbd\u00fcrr\u0259hman V\u0259zirov<br \/>\n  <\/figcaption><\/figure>\n<p>\n  <i><br \/>\n    \u018fbd\u00fcrr\u0259hman V\u0259zirovun hakimiyy\u0259t\u0259 g\u0259lm\u0259sind\u0259n 30 il \u00f6t\u00fcr<br \/>\n  <\/i><\/p>\n<p>  \u018fmin\u0259m ki, m\u0259\u015fum m\u0259\u011flubiyy\u0259tl\u0259rimizin k\u00f6k\u00fcnd\u0259 xalq\u0131n \u00f6z tarixi bar\u0259d\u0259 naqis v\u0259 yanl\u0131\u015f t\u0259s\u0259vv\u00fcr\u00fc yat\u0131r. Xalq\u0131m\u0131z\u0131 satm\u0131\u015f, aldatm\u0131\u015f v\u0259 ya\u011fmalayan hakim z\u00fcmr\u0259nin h\u0259qiqi tarix bar\u0259d\u0259 \u0259s\u0259rl\u0259ri qada\u011fan etm\u0259y\u0259 v\u0259 gizl\u0259tm\u0259y\u0259 can atmas\u0131 t\u0259\u0259cc\u00fcbl\u00fc g\u00f6r\u00fcnm\u0259m\u0259lidir. Xalq\u0131n c\u0259hal\u0259ti onlar\u0131n h\u0259dsiz varlanmas\u0131n\u0131n \u0259sas \u015f\u0259rtidir v\u0259 onlar bu \u015f\u0259rti t\u0259min etm\u0259k \u00fc\u00e7\u00fcn ist\u0259nil\u0259n sayda \u0259l\u0259baxan tarix\u00e7i, yazar, bar\u0131\u015fmaz v\u0259 konstruktiv m\u00fcxalif\u0259t\u00e7i b\u0259sl\u0259m\u0259y\u0259 haz\u0131rd\u0131rlar. T\u0259ki onlar xalqa saxta tarix horras\u0131n\u0131 yedizdirsinl\u0259r. Bu horran\u0131n \u0259sas t\u0259rkib hiss\u0259si olmam\u0131\u015f ke\u00e7mi\u015fimizin \u015fanl\u0131 s\u0259hif\u0259l\u0259ri, olmayacaq g\u0259l\u0259c\u0259yimizin parlaq \u00fcf\u00fcql\u0259ri, k\u0259msavad v\u0259 qorxaq liderl\u0259rin qondarma q\u0259hr\u0259manl\u0131qlar\u0131 bar\u0259d\u0259 hap-gop \u0259satirl\u0259rdir. \u018fn q\u0259rib\u0259si is\u0259 budur ki, xalq n\u0259inki uzaq ke\u00e7mi\u015fini, h\u0259tta \u00f6z \u00f6mr\u00fc boyu g\u00f6rd\u00fcy\u00fc v\u0259 ya\u015fad\u0131\u011f\u0131 tarixin d\u0259 mahiyy\u0259tini d\u00fczg\u00fcn d\u0259rk ed\u0259 bilmir. Bilmir v\u0259 \u0259n sad\u0259 se\u00e7im qar\u015f\u0131s\u0131nda bel\u0259 \u00e7a\u015faraq s\u0259hv\u0259 yol verir.\n<\/p>\n<p>\n  Meydan TV bir ay bundan \u0259vv\u0259l m\u0259nim Meydan h\u0259r\u0259kat\u0131 bar\u0259sind\u0259 b\u00f6y\u00fck yaz\u0131m\u0131 d\u0259rc ed\u0259nd\u0259n sonra c\u0259miyy\u0259td\u0259n c\u0259mi bir (!) \u0259ks-s\u0259da g\u0259ldi. M\u00fchacir Vahid Qaz\u0131 uzaq diyardan yaz\u0131b h\u0259l\u0259 d\u0259 t\u0259rk etdiyi v\u0259t\u0259nin ke\u00e7mi\u015fi il\u0259 maraqland\u0131\u011f\u0131n\u0131 g\u00f6st\u0259rdi. Vahid b\u0259y Meydan h\u0259r\u0259kat\u0131 bar\u0259d\u0259 yaz\u0131m\u0131 sabiq DTK s\u0259dri Vaqif H\u00fcseynovun ikicildlik xatir\u0259l\u0259ri v\u0259 sabiq AKP MK-nin Birinci katibi \u018fbd\u00fcrr\u0259hman V\u0259zirovun bircildlik \u201cParterin \u00f6n s\u0131ralar\u0131nda\u201d kitab\u0131 il\u0259 bir s\u0259f\u0259 qoyaraq bu \u00fc\u00e7 yaz\u0131da ox\u015farl\u0131q tapd\u0131\u011f\u0131n\u0131 v\u0259 bu ox\u015farl\u0131\u011f\u0131n geni\u015f \u00e7ay kimi axan r\u0259smi v\u0259 m\u00fcxalif bax\u0131\u015flardan f\u0259rqli oldu\u011funu qeyd etdi.\n<\/p>\n<p>\n  D\u00fczg\u00fcn m\u00fc\u015fahid\u0259 v\u0259 q\u0259na\u0259tdir. Hadis\u0259l\u0259rin mahiyy\u0259tin\u0259 bax\u0131\u015fda bu \u00fc\u00e7 yaz\u0131da b\u00f6y\u00fck ox\u015farl\u0131q var. Lakin f\u0259rql\u0259r d\u0259 b\u00f6y\u00fckd\u00fcr, zira m\u00fc\u0259llifl\u0259rin \u00fcz tutduqlar\u0131 oxucular v\u0259 niyy\u0259tl\u0259ri d\u0259 f\u0259rqlidir.\n<\/p>\n<p>\n  Bu bar\u0259d\u0259 g\u0259l\u0259c\u0259kd\u0259 dan\u0131\u015fmaq daha d\u00fczg\u00fcn olard\u0131. H\u0259l\u0259liks\u0259 m\u0259n bizi son 30 ild\u0259 idar\u0259 etmi\u015f liderl\u0259rimiz bar\u0259d\u0259 xatir\u0259 v\u0259 fikirl\u0259rimi oxucularla b\u00f6l\u00fc\u015fm\u0259k ist\u0259rdim.<br \/>\n  <br \/>\n  \u018fBD\u00dcRR\u018fHMAN X\u018fL\u0130L O\u011eLU V\u018fZ\u0130ROV\n<\/p>\n<p>\n  T\u0259bii ki, m\u00fctt\u0259fiq respublikalar\u0131n hakim partiyalar\u0131n\u0131n r\u0259hb\u0259rl\u0259rini Moskva t\u0259yin edirdi, lakin t\u0259yinat yerli M\u0259rk\u0259zi Komit\u0259d\u0259 \u201cse\u00e7ki\u201d adlanan m\u0259rasim vasit\u0259sil\u0259 r\u0259smil\u0259\u015fdirilirdi. V\u0259zirov 1988-ci ilin may ay\u0131nda Az\u0259rbaycan\u0131n r\u0259hb\u0259rliyin\u0259 SSR\u0130-nin Pakistan \u0130slam Respublikas\u0131nda F\u00f6vq\u0259lad\u0259 v\u0259 S\u0259lahiyy\u0259tli s\u0259firi v\u0259zif\u0259sind\u0259n g\u0259tirilirdi. Bundan \u0259vv\u0259l, o, K\u0259lk\u00fctt\u0259d\u0259 konsul v\u0259 Nepalda s\u0259fir i\u015fl\u0259mi\u015fdi. Diplomatik i\u015f\u0259 is\u0259 AKP MK-dan, partiya i\u015find\u0259n ke\u00e7mi\u015fdi. Ondan \u0259vv\u0259l G\u0259nc\u0259 \u015f\u0259h\u0259r Partiya Komit\u0259sinin birinci katibi i\u015fl\u0259mi\u015fdi. Partiya i\u015fin\u0259 komsomoldan g\u0259tirilmi\u015fdi: Moskvada, Mixail Qorba\u00e7ovla eyni vaxtda, \u00dcmumittifaq Lenin Kommunist G\u0259ncl\u0259r \u0130ttifaq\u0131n\u0131n M\u0259rk\u0259zi Komit\u0259sind\u0259 \u00e7al\u0131\u015fm\u0131\u015fd\u0131. Yen\u0259 s\u00f6z-s\u00f6hb\u0259t g\u0259zirdi ki, AKP MK-da i\u015fl\u0259diyi vaxt ovda b\u0259db\u0259xt hadis\u0259 ba\u015f vermi\u015fdi, \u018fbd\u00fcrr\u0259hman m\u00fc\u0259llim bilm\u0259d\u0259n atd\u0131\u011f\u0131 g\u00fcll\u0259 il\u0259 dostunu vurmu\u015fdu v\u0259 buna g\u00f6r\u0259 Heyd\u0259r \u018fliyev onu h\u0259bs etdirm\u0259k ist\u0259mi\u015fdi. Moskvadak\u0131 dostlar\u0131 onu X\u0130N-\u0259 ke\u00e7irib \u018fliyevin q\u0259z\u0259bind\u0259n xilas etmi\u015fdil\u0259r.\n<\/p>\n<p>\n  V\u0259zirov Birinci katib t\u0259yin olunduqdan sonra kompartiyan\u0131n \u015fanl\u0131 \u0259n\u0259n\u0259l\u0259rin\u0259 uy\u011fun olaraq, s\u0259l\u0259fi Kamran Ba\u011f\u0131rovu deyil, Az\u0259rbaycan\u0131n h\u0259qiqi sahibi Heyd\u0259r \u018fliyevi if\u015fa etm\u0259y\u0259 ba\u015flad\u0131.\n<\/p>\n<p>\n  Birinci katib se\u00e7ildiyi MK plenumundan d\u0259rhal sonra V\u0259zirov zaman\u0131n inqilabi ruhuna uy\u011fun olaraq \u201c\u00fcmum\u015f\u0259h\u0259r mitinqi\u201d \u00e7a\u011f\u0131rd\u0131. Yeni r\u0259hb\u0259rin kim oldu\u011funu v\u0259 r\u0259hb\u0259rliy\u0259 n\u0259 il\u0259 g\u0259ldiyini \u00f6yr\u0259nm\u0259k \u00fc\u00e7\u00fcn may\u0131n 21-d\u0259 m\u0259n d\u0259 meydana yolland\u0131m.\n<\/p>\n<p>\n  M\u0259nc\u0259, o, Lenin meydan\u0131nda \u00e7ox u\u011fursuz bir \u00e7\u0131x\u0131\u015f etdi, n\u0259inki Az\u0259rbaycandak\u0131, h\u0259tta SSR\u0130-d\u0259ki siyasi hadis\u0259l\u0259rin mahiyy\u0259tini d\u00fczg\u00fcn d\u0259rk etm\u0259diyini g\u00f6st\u0259rdi. Onun nitq qabiliyy\u0259ti \u00e7ox b\u0259rbad idi, ana dilind\u0259 d\u00fczg\u00fcn v\u0259 s\u0259lis dan\u0131\u015fa bilmirdi. \u0130nsanlar ona \u0259vv\u0259lc\u0259 \u00e7ox m\u00fcsb\u0259t yana\u015f\u0131r, ondan n\u0259 is\u0259 yax\u015f\u0131 bir i\u015f, he\u00e7 olmasa d\u00fczg\u00fcn bir s\u00f6z g\u00f6zl\u0259yirdi. O is\u0259 k\u00fctl\u0259y\u0259 m\u0259rk\u0259zin k\u00f6r\u00fckl\u0259diyi m\u00fcnaqi\u015f\u0259 fonunda art\u0131q baya\u011f\u0131la\u015fan beyn\u0259lmil\u0259l\u00e7ilik bar\u0259d\u0259 yuvarlaq ibar\u0259l\u0259ri ya\u011fd\u0131ra-ya\u011fd\u0131ra q\u0259lbl\u0259rd\u0259ki \u00fcmid \u00e7\u0131ra\u011f\u0131n\u0131 s\u00f6nd\u00fcr\u00fcr, insanlarda \u00f6z\u00fcn\u0259 qar\u015f\u0131 ikrah oyad\u0131rd\u0131. \u00c7\u0131x\u0131\u015f\u0131nda \u201c\u0259liyev\u015finan\u0131n qurban\u0131na \u00e7evrilmi\u015f\u201d bir m\u00fch\u0259ndis dostundan s\u00f6hb\u0259t a\u00e7anda meydan u\u011fuldama\u011fa ba\u015flad\u0131. Natiq dinl\u0259yicil\u0259rin ovqat\u0131n\u0131 tutmay\u0131b \u00e7\u0131x\u0131\u015f\u0131n\u0131 \u0259vv\u0259lki minvalla davam etdi, pamidorun qiym\u0259tin\u0259 g\u0259lib \u00e7atanda meydan onu fit\u0259 basd\u0131.\n<\/p>\n<p>\n  V\u0259zirov el\u0259 ilk \u00e7\u0131x\u0131\u015f\u0131nda g\u00f6st\u0259rdi ki, k\u00fctl\u0259 il\u0259 onun ist\u0259diyi v\u0259 q\u0259bul etdiyi dild\u0259 dan\u0131\u015fa bilmir. H\u0259min g\u00fcnd\u0259n, o, k\u00fctl\u0259nin r\u0259hb\u0259r v\u0259zif\u0259 tutanlara avans olaraq verdiyi etimad\u0131 itir\u0259-itir\u0259 \u00f6z q\u0131sa \u00f6m\u00fcrl\u00fc \u201cpad\u015fahl\u0131\u011f\u0131\u201dna ba\u015flad\u0131.\n<\/p>\n<p>\n  Mitinqd\u0259n sonra b\u0259zi adamlar k\u00fctl\u0259ni Erm\u0259nik\u0259nd\u0259 y\u00f6n\u0259ldib orada talan t\u00f6r\u0259tm\u0259y\u0259 c\u0259hd g\u00f6st\u0259rdi. Sonradan m\u0259n\u0259 n\u0259ql etdil\u0259r ki, q\u0131z\u0131\u015fm\u0131\u015f k\u00fctl\u0259ni sakitl\u0259\u015fdirib ram etmi\u015f m\u0259n\u0259 tan\u0131\u015f olan adamlar aras\u0131nda B\u0259xtiyar Vahabzad\u0259 v\u0259 N\u0259riman Qas\u0131mzad\u0259 d\u0259 olmu\u015fdu. Bel\u0259likl\u0259, V\u0259zirovun t\u0259\u015fkil etdiyi ilk mitinqd\u0259n sonra da, \u0259vv\u0259lki mitinql\u0259rd\u0259n sonra oldu\u011fu kimi, Bak\u0131da erm\u0259ni talan\u0131 t\u0259\u015fkil etm\u0259k c\u0259hdi al\u0131nmad\u0131.\n<\/p>\n<p>\n  Kims\u0259, hans\u0131sa m\u00fct\u0259\u015f\u0259kkil q\u00fcvv\u0259 b\u00f6y\u00fck inadla Bak\u0131da talan t\u00f6r\u0259dib xalq\u0131m\u0131za n\u00f6vb\u0259ti qara l\u0259k\u0259ni vurmaq, d\u00fc\u015fm\u0259nl\u0259rimiz\u0259 n\u00f6vb\u0259ti h\u0259diyy\u0259 verm\u0259k, onu biz\u0259 qar\u015f\u0131 silahland\u0131rmaq c\u0259hdl\u0259rini el\u0259-hey t\u0259krar edirdi. Bundan ba\u015fqa, \u00f6lk\u0259d\u0259 artan x\u0259tl\u0259 ged\u0259n m\u00fcnaqi\u015f\u0259 v\u0259 talan dal\u011fas\u0131 SSR\u0130-ni bir d\u00f6vl\u0259t kimi a\u015f\u0131nd\u0131r\u0131b da\u011f\u0131d\u0131rd\u0131 v\u0259 sosializmin qlobal d\u00fc\u015fm\u0259nl\u0259rin\u0259 xeyir idi. Zaman g\u00f6st\u0259rdi ki, bu qara q\u00fcvv\u0259 h\u0259m m\u0259krli, h\u0259m t\u0259dbirli, h\u0259m d\u0259 amans\u0131z idi. V\u0259 ist\u0259diyin\u0259 \u00e7atana q\u0259d\u0259r inad\u0131ndan d\u00f6nm\u0259di.\n<\/p>\n<p>\n  G\u00fcn kimi ayd\u0131n idi ki, Qorba\u00e7ov \u00f6z komsomol h\u0259mkar\u0131na Heyd\u0259r \u018fliyevin h\u0259bsin\u0259 \u015f\u0259rait yaratmaq tap\u015f\u0131r\u0131\u011f\u0131 verib. \u018fliyevin i\u015fl\u0259rinin \u00fcst\u00fcn\u00fc a\u00e7maq \u00fc\u00e7\u00fcn Az\u0259rbaycana SSR\u0130 D\u0130N v\u0259 Ba\u015f Prokurorlu\u011funun \u00e7oxsayl\u0131 m\u00fcst\u0259ntiq qruplar\u0131 ezam olunmu\u015fdu. Onlar Az\u0259rbaycan\u0131n bir ne\u00e7\u0259 rayonunda irimiqyasl\u0131 cinay\u0259t i\u015fl\u0259rini arama\u011fa ba\u015flad\u0131lar. H\u0259bs t\u0259hl\u00fck\u0259si cinay\u0259t t\u00f6r\u0259tmi\u015f y\u00fczl\u0259rl\u0259 v\u0259 minl\u0259rl\u0259 partiya-t\u0259s\u0259rr\u00fcfat nomenklatura xadiminin ba\u015f\u0131n\u0131n \u00fcst\u00fcn\u00fc ald\u0131.\n<\/p>\n<p>\n  T\u0259hl\u00fck\u0259 bu z\u00fcmr\u0259ni \u0259ks-t\u0259dbir g\u00f6rm\u0259y\u0259 s\u00f6vq etdi. Respublikada \u201ckim-kimi\u201d sava\u015f\u0131 ba\u015flad\u0131. Bu sava\u015f a\u015fkar getmirdi, \u00fczd\u0259 yaln\u0131z V\u0259zirov var idi. \u018fski hakim z\u00fcmr\u0259 is\u0259 a\u015fkar d\u00f6y\u00fc\u015fd\u0259n yay\u0131n\u0131r, \u00fczd\u0259 Moskvan\u0131n t\u0259yin etdiyi Birinci katib\u0259 ita\u0259t edir, gizlind\u0259 is\u0259 \u0259lalt\u0131lar\u0131n\u0131n \u0259lil\u0259 k\u00fctl\u0259ni onun \u0259leyhin\u0259 qald\u0131r\u0131rd\u0131. Bunun \u00fc\u00e7\u00fcn m\u00fcnbit z\u0259mini Qaraba\u011f m\u00fc\u015fk\u00fcl\u00fc yarad\u0131rd\u0131.<br \/>\n  <br \/>\n  Nomenklatura z\u00fcmr\u0259si h\u0259m t\u0259\u015fkilati bax\u0131mdan, h\u0259m d\u0259 psixoloji c\u0259h\u0259td\u0259n s\u0259f\u0259rb\u0259r idi. Bu z\u00fcmr\u0259nin nec\u0259 \u0259lbir h\u0259r\u0259k\u0259t etdiyini t\u0259s\u0259vv\u00fcr\u00fcn\u00fcz\u0259 g\u0259tirm\u0259k ist\u0259yirsinizs\u0259, s\u0259n\u0259dli filml\u0259rd\u0259 t\u0259yyar\u0259d\u0259n d\u0259nizd\u0259 \u00fcz\u0259n \u00e7oxsayl\u0131 bal\u0131q s\u00fcr\u00fcl\u0259ri \u00e7\u0259kilmi\u015f filml\u0259ri yad\u0131n\u0131za sal\u0131n. Budur, bir ne\u00e7\u0259 y\u00fcz min bal\u0131q bir istiqam\u0259td\u0259 \u00fcz\u00fcr. Sonra ham\u0131s\u0131 ani olaraq sola d\u00f6n\u00fcb \u00fcz\u00fcr. Yen\u0259 sanki \u0259mr al\u0131bm\u0131\u015flar kimi, m\u00fct\u0259\u015f\u0259kkil halda sa\u011fa d\u00f6n\u00fcb \u00fcz\u00fcr. Bu, bioloji instinkt s\u0259viyy\u0259sind\u0259 veril\u0259n siqnallar\u0131n t\u0259siridir. Nomenklatura z\u00fcmr\u0259si d\u0259 \u00f6z maddi mara\u011f\u0131n\u0131 instinkt s\u0259viyy\u0259sind\u0259 bel\u0259c\u0259 g\u00f6z\u0259l anlay\u0131r v\u0259 h\u0259tta t\u0259\u015fkilati \u00e7\u0259r\u00e7iv\u0259 olmadan bel\u0259 siy\u0259n\u0259k s\u00fcr\u00fcs\u00fc kimi \u0259lbir v\u0259 m\u00fct\u0259\u015f\u0259kkil h\u0259r\u0259k\u0259t edir.\n<\/p>\n<p>\n  Yeni Birinci katib Qorba\u00e7ovun tap\u015f\u0131r\u0131\u011f\u0131n\u0131 icra etm\u0259k \u00fc\u00e7\u00fcn m\u00fctl\u0259q \u201c\u0259liyev\u00e7i\u201d hakim z\u00fcmr\u0259 il\u0259 \u00f6l\u00fcm-d\u00fcr\u00fcm sava\u015f\u0131na girm\u0259li, sad\u0259 xalqa v\u0259 t\u0259miz ziyal\u0131lara s\u00f6yk\u0259nm\u0259liydi. V\u0259zirov is\u0259 bunun tam \u0259ksini etdi: h\u0259min nomenklaturaya v\u0259 onun MK-n\u0259 s\u00f6yk\u0259ndi. \u018fski hakim z\u00fcmr\u0259 onun bu s\u0259hvind\u0259n y\u00fczd\u0259 y\u00fcz istifad\u0259 etdi.\n<\/p>\n<p>\n  H\u0259min ill\u0259rd\u0259 Respublika prokuroru olmu\u015f \u0130lyas \u0130smay\u0131lovun m\u00fc\u0259llif\u0259 dedikl\u0259rind\u0259n:\n<\/p>\n<p>\n  \u201c\u00d6zb\u0259kistanda \u201cpamb\u0131q i\u015fi\u201dnin n\u0259tic\u0259si olaraq sabiq Birinci katib R\u0259\u015fidovu v\u0259 Ba\u015f nazir S\u0259limovu vurmaq \u00fc\u00e7\u00fcn Moskvadan g\u00f6nd\u0259rilmi\u015f Qdlyan-\u0130vanov prokuror c\u00fctl\u00fcy\u00fc 5 min r\u0259hb\u0259r v\u0259zif\u0259 sahibini h\u0259bs v\u0259 m\u00fchakim\u0259 etdi. Bel\u0259 bir tale Az\u0259rbaycan\u0131 da g\u00f6zl\u0259yirdi. Minl\u0259rl\u0259 ail\u0259 ba\u015f\u00e7\u0131s\u0131 tutulub damlanacaqd\u0131, xanimanlar da\u011f\u0131lacaqd\u0131. M\u0259n buna he\u00e7 c\u00fcr yol ver\u0259 bilm\u0259zdim.\n<\/p>\n<p>\n  \u015e\u0259mkird\u0259 i\u015fl\u0259y\u0259n SSR\u0130 D\u0130N-in istintaq qrupu art\u0131q konkret n\u0259tic\u0259l\u0259r \u0259ld\u0259 etmi\u015fdi. M\u0259n m\u00fc\u0259yy\u0259n adamlara m\u00fcvafiq tap\u015f\u0131r\u0131qlar verdim. H\u0259min qrupun \u0259m\u0259kda\u015flar\u0131n\u0131 qonaq apard\u0131lar v\u0259 i\u00e7izdirdil\u0259r. Kefl\u0259nib bay\u0131lm\u0131\u015f milis m\u00fcst\u0259ntiql\u0259ri ay\u0131l\u0131b \u00f6zl\u0259rini t\u0259cridxanada g\u00f6rd\u00fcl\u0259r. Hay-k\u00fcy, h\u0259d\u0259l\u0259r xeyir verm\u0259di. Qar\u015f\u0131lar\u0131na rayonun m\u0259\u015fhur\u0259 bir qad\u0131n\u0131n\u0131n \u015fikay\u0259t \u0259riz\u0259si \u0259sas\u0131nda rayon prokurorunun onlar\u0131n h\u0259bsi bar\u0259d\u0259 sanksiyas\u0131n\u0131 qoydular. S\u0259n dem\u0259, Moskva m\u00fcst\u0259ntiql\u0259ri i\u00e7kili v\u0259ziyy\u0259td\u0259 olark\u0259n bu xan\u0131m\u0131n ism\u0259tin\u0259 kollektiv t\u0259cav\u00fcz edibl\u0259rmi\u015f. M\u00fcvafiq \u015fahidl\u0259r laz\u0131mi ifad\u0259l\u0259r art\u0131q veribl\u0259rmi\u015f.\n<\/p>\n<p>\n  M\u0259n\u0259 SSR\u0130 D\u0130N-d\u0259n z\u0259ng edib \u00f6tk\u0259m t\u0259rzd\u0259 m\u00fcst\u0259ntiql\u0259ri azad etm\u0259yimi t\u0259l\u0259b etdil\u0259r. Dedim ki, sovet qanunlar\u0131n\u0131 poza bilm\u0259r\u0259m. Bir azdan SSR\u0130 Ba\u015f Prokurorlu\u011fundan z\u0259ng vurdular ki, \u201c\u0130lyas Abbasovi\u00e7, o\u00e7en prosim razre\u015fit vopros.\u201d(\u0130lyas Abbasovi\u00e7, xahi\u015f edirik m\u0259s\u0259l\u0259ni yoluna qoyas\u0131n\u0131z). Dedim ki, rayonda ab\u0131rl\u0131 v\u0259 h\u0259yal\u0131 bir qad\u0131n kimi tan\u0131nan bu xan\u0131ma t\u0259cav\u00fcz etmi\u015f m\u00fcst\u0259ntiql\u0259ri buraxsam, rayon \u0259hli aya\u011fa qalxar, rayonu da\u011f\u0131dar, d\u00f6vl\u0259tin \u0259saslar\u0131 sars\u0131lar. Xeyli yalvar-yaxar v\u0259 xahi\u015f-minn\u0259td\u0259n sonra raz\u0131la\u015fd\u0131m ki, i\u015fin istintaq\u0131n\u0131 Rusiya prokurorlu\u011funa \u00f6t\u00fcr\u00fcm, m\u00fcst\u0259ntiql\u0259ri d\u0259 oraya qandall\u0131 yatab edim. Bel\u0259likl\u0259, bu qrup i\u015fini sona \u00e7atd\u0131rmadan respublikan\u0131 t\u0259rk etm\u0259li oldu\u201d.\n<\/p>\n<p>\n  Dig\u0259r m\u00fcst\u0259ntiq qruplar\u0131n\u0131n i\u015fini bir azdan AXC pozub da\u011f\u0131dacaqd\u0131. Oxucum, hadis\u0259l\u0259ri izl\u0259 v\u0259 onlar\u0131n m\u0259ntiqini anlama\u011fa \u00e7al\u0131\u015f. H\u0259r halda bu m\u0259ntiqi m\u0259n bel\u0259 d\u0259rk etmi\u015f\u0259m.<br \/>\n  <br \/>\n  Devrilm\u0259yin\u0259 \u00e7ox az m\u00fcdd\u0259t qalm\u0131\u015f V\u0259zirov \u00f6z\u00fc televiziya il\u0259 \u00e7\u0131x\u0131\u015f\u0131nda etiraf etdi ki, \u201cm\u0259nim v\u0259zif\u0259d\u0259n k\u0259narla\u015fd\u0131r\u0131lma\u011f\u0131m \u00fc\u00e7\u00fcn sexovikl\u0259rin ne\u00e7\u0259 milyon ay\u0131rd\u0131qlar\u0131n\u0131 g\u00f6z\u0259l bilirdim\u201d.\n<\/p>\n<p>\n  V\u0259zirovun \u201c\u0259liyev\u015finaya\u201d qar\u015f\u0131 qald\u0131rd\u0131\u011f\u0131 m\u00fcbariz\u0259 bayra\u011f\u0131n\u0131n alt\u0131na bir ne\u00e7\u0259 t\u0259miz v\u0259 vicdanl\u0131 ziyal\u0131 il\u0259 yana\u015f\u0131, xeyli f\u00fcrs\u0259t\u00e7i v\u0259zif\u0259 a\u015fiqi d\u0259 topla\u015fd\u0131. M\u0259hz onlar vicdanl\u0131 v\u0259 savadl\u0131 nax\u00e7\u0131vanl\u0131 v\u0259 erm\u0259nistanl\u0131 m\u00fct\u0259x\u0259ssisl\u0259r\u0259 qar\u015f\u0131 q\u0259r\u0259zli h\u00fccumlara v\u0259 t\u0259zyiq\u0259 ba\u015flayanda V\u0259zirovun giri\u015fdiyi siyasi m\u00fcbariz\u0259 c\u0259miyy\u0259tin safla\u015fmas\u0131na deyil, intriqa a\u015fiql\u0259rinin \u00f6z \u00e7irkli m\u0259qs\u0259dl\u0259rin\u0259 \u00e7atmas\u0131na xidm\u0259t ed\u0259n v\u0259 u\u011fursuzlu\u011fa m\u0259hkum n\u00f6vb\u0259ti siyasi kampaniya kimi qavranma\u011fa ba\u015flad\u0131.\n<\/p>\n<p>\n  Respublika m\u0259tbuat\u0131 Heyd\u0259r \u018fliyev d\u00f6vr\u00fcnd\u0259 \u201csosialist qanun\u00e7ulu\u011funun kobud pozulmas\u0131\u201d hallar\u0131ndan m\u0259qal\u0259l\u0259r \u00e7ap etm\u0259y\u0259 ba\u015flad\u0131.\n<\/p>\n<p>\n  DQMV-d\u0259 ba\u015f al\u0131b ged\u0259n \u201csosialist qanun\u00e7ulu\u011funun kobud pozulmas\u0131\u201d il\u0259 m\u00fcqayis\u0259d\u0259 aktuall\u0131\u011f\u0131n\u0131 itirmi\u015f ke\u00e7mi\u015f cinay\u0259tl\u0259rin \u015f\u00f6vql\u0259 ara\u015fd\u0131r\u0131lmas\u0131 camaat\u0131 q\u0131c\u0131qland\u0131r\u0131r v\u0259 V\u0259zirova qar\u015f\u0131 ikrah do\u011fururdu. Heyd\u0259r \u018fliyev Az\u0259rbaycana r\u0259hb\u0259rlik etdiyi d\u00f6vrd\u0259 \u015f\u0259rl\u0259nib haqs\u0131z tutulanlar bar\u0259d\u0259 d\u0259rc edil\u0259n m\u0259qal\u0259l\u0259rd\u0259 \u0259sl h\u0259qiq\u0259t olsa da, \u201cb\u0259s hakiml\u0259r kimdir?\u201d sual\u0131 s\u0259sl\u0259n\u0259nd\u0259 erm\u0259ni irridentistl\u0259rinin havadarlar\u0131n\u0131n simalar\u0131 \u00f6n plana ke\u00e7irdi v\u0259 bu m\u0259ntiqsizlik a\u015fkarlanan \u015f\u0259ksiz h\u0259qiq\u0259ti k\u0259s\u0259rd\u0259n sal\u0131rd\u0131.\n<\/p>\n<p>\n  Kampaniya Moskva m\u0259tbuat\u0131nda da gedirdi. M\u0259rk\u0259zi q\u0259zetl\u0259rd\u0259 i\u015fl\u0259y\u0259n az\u0259rbaycanl\u0131 jurnalistl\u0259r b\u00f6y\u00fck \u0259ks-s\u0259da do\u011furmu\u015f bir ne\u00e7\u0259 m\u0259qal\u0259 \u00e7ap etdirdil\u0259r. \u201cSosialisti\u00e7eskaya industriya\u201d q\u0259zetind\u0259 Cavan\u015fir M\u0259likovun tutarl\u0131 d\u0259lill\u0259rl\u0259 z\u0259ngin m\u0259qal\u0259si uzun m\u00fcdd\u0259t m\u00fczakir\u0259 olundu. Lakin yaln\u0131z azsayl\u0131 ziyal\u0131lar nahaq tutulmu\u015f milis zabiti Nahid \u018fliyevin, biologiya elml\u0259ri doktoru Nadir Mehdiyevin v\u0259 \u201cTeatraln\u0131 insitut\u201dun sabiq rektoru Rahib \u018fliyevin s\u0131nd\u0131r\u0131lm\u0131\u015f talel\u0259ri il\u0259 maraqland\u0131.\n<\/p>\n<p>\n  Geni\u015f k\u00fctl\u0259ni is\u0259 \u201cerm\u0259nil\u0259r\u0259 cavab\u201d maraqland\u0131r\u0131rd\u0131. Bu cavab\u0131 is\u0259 \u201c\u0259liyev\u015fina\u201d il\u0259 m\u00fcbariz\u0259y\u0259 qur\u015fanm\u0131\u015f yeni r\u0259hb\u0259rlik he\u00e7 c\u00fcr ver\u0259 bilmirdi. Milli m\u00fcnaqi\u015f\u0259 c\u0259miyy\u0259tin v\u0259 d\u00f6vl\u0259tin safla\u015fmas\u0131 u\u011frunda m\u00fcbariz\u0259ni arxa s\u0259f\u0259 it\u0259l\u0259yib \u0259h\u0259miyy\u0259tsiz edirdi.\n<\/p>\n<p>\n  \u015e\u0259xs\u0259n m\u0259nim V\u0259zirovla ilk g\u00f6r\u00fc\u015f\u00fcm onun Moskvada guya onun q\u0259l\u0259b\u0259si il\u0259 n\u0259tic\u0259l\u0259nmi\u015f v\u0259 \u00dcmumittifaq televiziya il\u0259 g\u00f6st\u0259rilmi\u015f SSR\u0130 Ali Sovetinin R\u0259yas\u0259t Hey\u0259tinin Qaraba\u011f m\u0259s\u0259l\u0259sin\u0259 h\u0259sr edilmi\u015f m\u00fczakir\u0259sind\u0259n sonra, 1988-ci lin iyun ay\u0131n\u0131n sonlar\u0131nda ba\u015f verdi.\n<\/p>\n<p>\n  Az\u0259rbaycan Kommunist Partiyas\u0131n\u0131n M\u0259rk\u0259zi Komit\u0259sinin iqam\u0259tgah\u0131n\u0131n be\u015finci m\u0259rt\u0259b\u0259sind\u0259 yerl\u0259\u015f\u0259n m\u00fc\u015favir\u0259 ota\u011f\u0131nda biz, \u00fc\u00e7 n\u0259f\u0259r Bak\u0131 Aliml\u0259r Klubunun (BAK) f\u0259al\u0131 \u2013 Tofiq Qas\u0131mov, Leyla Yunusova v\u0259 m\u0259n &#8211; \u00fcst\u0259g\u0259l Moskvada, Sov.\u0130KP-n\u0131n konfrans\u0131nda \u201cerm\u0259nil\u0259r\u0259 cavab\u201d\u0131n m\u00fc\u0259llifi Eldar Namazov v\u0259 qarda\u015f\u0131m Araz \u018flizad\u0259 V\u0259zirovu g\u00f6zl\u0259yirdik.\n<\/p>\n<p>\n  Ota\u011fa c\u0259ld add\u0131mlarla b\u0259st\u0259boy bir adam daxil oldu. Onu g\u00f6rc\u0259k a\u011fl\u0131ma ilk g\u0259l\u0259n fikir \u2013 \u201cnec\u0259 d\u0259 erm\u0259niy\u0259 b\u0259nz\u0259yir\u201d oldu. \u018fsl\u0259n qaraba\u011fl\u0131 V\u0259zirovun zahir\u0259n erm\u0259niy\u0259 b\u0259nz\u0259m\u0259sind\u0259 he\u00e7 bir t\u0259\u0259cc\u00fcbl\u00fc m\u0259qam yox idi: \u0259srl\u0259rboyu birg\u0259 ya\u015fay\u0131b qovu\u015fmu\u015f xalqlarda qar\u0131\u015f\u0131q nikahlardan t\u00f6r\u0259y\u0259n v\u0259 ox\u015fayan insanlar \u0259sla nadir hadis\u0259 deyildi. \u0130kinci a\u011fl\u0131ma g\u0259l\u0259n fikir \u2013 \u201cnec\u0259 d\u0259 sad\u0259dir\u201d oldu. \u018fynind\u0259 nazik a\u00e7\u0131q r\u0259ngli par\u00e7adan \u015falvar v\u0259 \u201cquayabera\u201d adland\u0131r\u0131lan, \u015falvar\u0131n \u00fcst\u00fcnd\u0259n geyil\u0259n iri cibli k\u00f6yn\u0259k var idi. He\u00e7 bir qalstuk, t\u00fcnd kostyum yox idi!\n<\/p>\n<p>\n  M\u0259nim C\u0259nubi Y\u0259m\u0259nd\u0259 i\u015fl\u0259diyim ill\u0259rd\u0259 inqilab\u00e7\u0131 \u0259r\u0259b m\u0259murlar\u0131 bel\u0259c\u0259 sad\u0259 geyin\u0259rdi. El\u0259 indi fikir verdim ki, Bak\u0131 Partiya Komit\u0259sinin birinci katibi Fuad Musayev d\u0259 qalstuk ba\u011flamam\u0131\u015fd\u0131, h\u0259r\u00e7\u0259nd ki, penc\u0259k geyinmi\u015fdi. Bu ki\u00e7ik \u0259lam\u0259td\u0259n m\u0259n bel\u0259 q\u0259na\u0259t\u0259 g\u0259ldim ki, t\u0259z\u0259 r\u0259hb\u0259r ba\u015fdan aya\u011fa d\u00fcym\u0259l\u0259n\u0259n v\u0259 boynunda daim qalstuk g\u0259zdir\u0259n partiya i\u015f\u00e7il\u0259rinin s\u0131ralar\u0131na m\u00fc\u0259yy\u0259n s\u0259rb\u0259stlik g\u0259tirmi\u015fdir.\n<\/p>\n<p>\n  \u018flimizi s\u0131x\u0131b g\u00f6r\u00fc\u015f\u0259nd\u0259n sonra V\u0259zirov dedi ki, onun yaln\u0131z 40 d\u0259qiq\u0259si var v\u0259 m\u00fcxt\u0259s\u0259r dan\u0131\u015fsaq, ham\u0131n\u0131 dinl\u0259m\u0259y\u0259 onun vaxt\u0131 \u00e7atar. \u018fyl\u0259\u015fdik v\u0259 ya\u015fca ham\u0131m\u0131zdan b\u00f6y\u00fck olan Tofiq Qas\u0131mov s\u00f6z\u0259 ba\u015flad\u0131.\n<\/p>\n<p>\n  Tofiq m\u00fc\u0259llim \u018fbd\u00fcrr\u0259hman X\u0259lilovi\u00e7\u0259 bildirdi ki, az\u0259rbaycanl\u0131 aliml\u0259r bir s\u0131ra n\u0259z\u0259ri elm sah\u0259l\u0259rind\u0259 diqq\u0259t\u0259 layiq n\u0259tic\u0259l\u0259r \u0259ld\u0259 edibl\u0259r, onlar\u0131n t\u0259tbiqi ba\u015f tutarsa, s\u0259nayemiz d\u00fcnya bazar\u0131na r\u0259qab\u0259t\u0259 davaml\u0131 v\u0259 elmtutumlu m\u0259hsulla \u00e7\u0131x\u0131b respublikan\u0131n b\u00fcdc\u0259sin\u0259 xeyli g\u0259lir g\u0259tir\u0259 bil\u0259r. V\u0259zirovun sif\u0259ti el\u0259 bil a\u00e7\u0131q kitab idi, \u0259hval\u0131n\u0131 v\u0259 hissl\u0259rini d\u0259rhal b\u00fcruz\u0259 verurdi. O, Tofiq m\u00fc\u0259llimin s\u00f6z\u00fcn\u00fc k\u0259sib Akademiyan\u0131n r\u0259hb\u0259rliyin\u0259 qar\u015f\u0131 k\u0259skin t\u0259nqidi fikirl\u0259r s\u0259sl\u0259ndirdi. S\u00f6z\u00fcn\u00fc d\u0259 bel\u0259 bitirdi: \u201cM\u0259rk\u0259zi Komit\u0259 bu yax\u0131nlarda Akademiyan\u0131n r\u0259hb\u0259rliyi il\u0259 ba\u011fl\u0131 q\u0259rar \u00e7\u0131xaracaq\u201d.\n<\/p>\n<p>\n  Tofiq m\u00fc\u0259llim p\u0259rt oldu, o, \u0259sla Akademiyan\u0131n r\u0259hb\u0259rliyin\u0259 qar\u015f\u0131 deyildi, sad\u0259c\u0259 q\u0259rar q\u0259bul etm\u0259k s\u0259lahiyy\u0259ti olan v\u0259zif\u0259li \u015f\u0259xs\u0259 s\u0259m\u0259r\u0259li t\u0259klif verm\u0259k ist\u0259yirdi.\n<\/p>\n<p>\n  S\u00f6z n\u00f6vb\u0259si ke\u00e7di Leyla Yunusovaya. Leyla xan\u0131m V\u0259zirovun diqq\u0259tini vacib m\u0259s\u0259l\u0259y\u0259 c\u0259lb etm\u0259k ist\u0259di: Az\u0259rbaycan xalq\u0131 \u00f6z tarixini laz\u0131m\u0131nca bilmir, tarix kitablar\u0131 q\u0259lizdir, xalq\u0131n t\u0259l\u0259bat\u0131na cavab vermir. Geni\u015f oxucu k\u00fctl\u0259sinin anlaya bil\u0259c\u0259yi sad\u0259 dill\u0259 yaz\u0131lm\u0131\u015f tarixi \u0259s\u0259rl\u0259rin b\u00f6y\u00fck tirajla \u00e7ap\u0131na ehtiyac var. H\u0259r \u0259sr\u0259 dair bir d\u0259y\u0259rli v\u0259 maraql\u0131 kitab yaza bil\u0259c\u0259k aliml\u0259rimiz d\u0259 var.\n<\/p>\n<p>\n  Burada V\u0259zirov yen\u0259 cu\u015f\u0259 g\u0259ldi, Akademiyan\u0131n r\u0259hb\u0259rliyinin yar\u0131tmaz f\u0259aliyy\u0259ti bar\u0259sind\u0259 yax\u0131nlarda q\u0259rar \u00e7\u0131xaca\u011f\u0131n\u0131 dedi. Lakin bird\u0259n \u0259s\u0259bi \u00e7\u0131x\u0131\u015f\u0131n\u0131 k\u0259sib Eldar Namazova t\u0259r\u0259f d\u00f6nd\u00fc v\u0259 g\u00f6zl\u0259nilm\u0259z m\u00fclayimlikl\u0259 ona dedi: \u201cH\u0259, indi d\u0259 siz&#8230;\u201d\n<\/p>\n<p>\n  Eldar \u00f6z h\u0259lim s\u0259si il\u0259 aramla dan\u0131\u015fma\u011fa ba\u015flad\u0131: \u201cYenid\u0259nqurma d\u00f6vr\u00fcnd\u0259 aliml\u0259rin \u0259ks\u0259riyy\u0259ti etiraf edir ki, Sov.\u0130KP-nin indiy\u0259 q\u0259d\u0259r y\u00fcr\u00fctd\u00fcy\u00fc siyas\u0259t \u0259halinin maraq v\u0259 ist\u0259kl\u0259rini, d\u00f6vl\u0259timizin inki\u015faf t\u0259l\u0259bl\u0259rini tam \u015f\u0259kild\u0259 n\u0259z\u0259r\u0259 alm\u0131r&#8230;\u201d<br \/>\n  <br \/>\n  Bura q\u0259d\u0259r V\u0259zirov Eldar\u0131 \u00e7ox sakit v\u0259 t\u0259mkinl\u0259 dinl\u0259yirdi, zira Qorba\u00e7ovun h\u0259r g\u00fcn on d\u0259f\u0259 t\u0259krar etdiyi \u201cyeni t\u0259f\u0259kk\u00fcr\u201d s\u00f6zl\u0259ri k\u00f6hn\u0259 t\u0259f\u0259kk\u00fcr\u00fcn m\u00f6vcudlu\u011funu v\u0259 aradan qald\u0131r\u0131lmas\u0131 z\u0259rur\u0259tini n\u0259z\u0259rd\u0259 tuturdu. Eldar davam etdi: \u201cGeni\u015f sosioloji t\u0259dqiqatlar vasit\u0259sil\u0259 \u0259halinin ger\u00e7\u0259k ist\u0259kl\u0259ri v\u0259 ehtiyaclar\u0131 a\u015fkarlanmal\u0131, c\u0259miyy\u0259tin yeni inki\u015faf istiqam\u0259tl\u0259ri m\u00fc\u0259yy\u0259nl\u0259\u015fm\u0259lidir\u201d. Bu yerd\u0259 V\u0259zirovun s\u0259bri t\u00fck\u0259ndi, o, yenid\u0259n co\u015fdu, Eldar\u0131n s\u00f6z\u00fcn\u00fc k\u0259sib s\u00fcbut etm\u0259y\u0259 \u00e7al\u0131\u015fd\u0131 ki, sosioloji sor\u011fular\u0131n n\u0259tic\u0259l\u0259ri il\u0259 ist\u0259nil\u0259n siyasi m\u00f6ht\u0259kir ist\u0259diyi fikri \u0259sasland\u0131ra bil\u0259r, onun \u00f6z\u00fc cavanl\u0131\u011f\u0131nda az qala sosiologiyadan dissertasiya m\u00fcdafi\u0259 ed\u0259c\u0259kdi&#8230; Sonra is\u0259 m\u0259n\u0259 t\u0259r\u0259f d\u00f6n\u00fcb dedi: \u201c\u0130ndi is\u0259 siz&#8230;\u201d\n<\/p>\n<p>\n  M\u0259n ondan ba\u015flad\u0131m ki, onun diqq\u0259tin\u0259 \u00e7atd\u0131rmaq ist\u0259diyim \u00fc\u00e7 m\u0259s\u0259l\u0259 var. V\u0259zirovun sif\u0259ti m\u0259n\u0259 a\u00e7\u0131q dedi ki, \u201ctez ol, vaxt\u0131m yoxdur, m\u00fcxt\u0259s\u0259r dan\u0131\u015f!\u201d Neyn\u0259k, m\u00fcxt\u0259s\u0259r d\u0259 dan\u0131\u015fmaq olar. Dedim ki, \u201c partiya 2000-ci ild\u0259 daxili milli m\u0259hsulun \u00fc\u00e7d\u0259 birinin kooperativl\u0259r v\u0259 f\u0259rdi \u0259m\u0259k f\u0259aliyy\u0259ti il\u0259 m\u0259\u015f\u011ful olan v\u0259t\u0259nda\u015flar t\u0259r\u0259find\u0259n istehsal olunaca\u011f\u0131n\u0131 m\u0259qs\u0259d kimi qar\u015f\u0131m\u0131za qoyur. Lakin icraiyy\u0259 komit\u0259l\u0259ri kooperativl\u0259rin v\u0259 f\u0259rdi istehsal\u00e7\u0131larin qeydiyyat\u0131na mane olur. B\u00fcrokratiyan\u0131n yeniliy\u0259 m\u00fcqavim\u0259tini q\u0131rmaq \u00fc\u00e7\u00fcn \u015f\u0259xs\u0259n Birinci katibin r\u0259hb\u0259rliyi il\u0259 bir qurum yarad\u0131l\u0131b bu yeni t\u0259\u015f\u0259bb\u00fcs\u0259 h\u0259yan olmaq laz\u0131md\u0131r. C\u0259mi iki-\u00fc\u00e7 s\u00fcr\u00fcnd\u00fcrm\u0259\u00e7i m\u0259muru c\u0259zaland\u0131rmaq kifay\u0259tdir ki, qalanlar\u0131 d\u00fczg\u00fcn n\u0259tic\u0259 \u00e7\u0131xars\u0131n\u201d.\n<\/p>\n<p>\n  V\u0259zirov s\u00f6z\u00fcm\u00fc k\u0259sib dedi: \u201cM\u0259rk\u0259zi Komit\u0259 bu m\u0259s\u0259l\u0259 il\u0259 m\u0259\u015f\u011ful olacaq\u201d.\n<\/p>\n<p>\n  Ke\u00e7dim ikinci m\u0259tl\u0259b\u0259. Dedim ki, SSR\u0130 xalq t\u0259s\u0259rr\u00fcfat\u0131n\u0131n idar\u0259\u00e7iliyinin s\u0259m\u0259r\u0259si ild\u0259n il\u0259 a\u015fa\u011f\u0131 d\u00fc\u015f\u00fcr. Aliml\u0259r bunun s\u0259b\u0259bini d\u0259 g\u00f6st\u0259rirl\u0259r. Bir m\u0259rk\u0259zd\u0259n bel\u0259 b\u00f6y\u00fck v\u0259 m\u00fcr\u0259kk\u0259b sistemi idar\u0259 etm\u0259k m\u00fcmk\u00fcn deyil. \u0130slahat g\u0259r\u0259kdir, respublika t\u0259s\u0259rr\u00fcfat hesab\u0131na ke\u00e7m\u0259k laz\u0131md\u0131r.\n<\/p>\n<p>\n  V\u0259zirov \u00f6z\u00fcnd\u0259n \u00e7\u0131xd\u0131 v\u0259 eston separat\u00e7\u0131lar\u0131ndan \u0259xz edilmi\u015f fikirl\u0259rin Az\u0259rbaycan KP MK-da m\u00fczakir\u0259 olunmas\u0131na yol verm\u0259y\u0259c\u0259yi bar\u0259d\u0259 alovlu bir nitq s\u00f6yl\u0259di. Sonra yen\u0259 lapdan sakitl\u0259\u015fdi v\u0259 dostcas\u0131na dedi: \u201c\u00dc\u00e7\u00fcnc\u00fc&#8230;\u201d\n<\/p>\n<p>\n  Burada m\u0259nim h\u00f6vs\u0259l\u0259m darald\u0131 v\u0259 m\u0259n s\u0259simi bir q\u0259d\u0259r qald\u0131rd\u0131m: \u201c\u018fbd\u00fcrr\u0259hman X\u0259l\u0131lovi\u00e7, m\u0259n 20 ildir ki, Sov.\u0130KP-nin \u00fczv\u00fcy\u0259m v\u0259 g\u00f6r\u00fcr\u0259m ki, partiya g\u00fcn\u00fc-g\u00fcnd\u0259n h\u00f6rm\u0259td\u0259n d\u00fc\u015f\u00fcr . Partiya xalqla \u0259laq\u0259sini itirir, partiya g\u0259l\u0259c\u0259y\u0259 baxm\u0131r, onun z\u0259ka c\u0259sar\u0259ti yoxdur. M\u0259n s\u0131ravi kommunist kimi siz\u0259, Az\u0259rbaycan Kommunist Partiyas\u0131n\u0131n ba\u015f\u00e7\u0131s\u0131na t\u0259klif edir\u0259m ki, n\u00f6vb\u0259d\u0259nk\u0259nar qurultay ke\u00e7ir\u0259k. Sov.\u0130KP MK-n\u0131n qurultay n\u00fcmay\u0259nd\u0259l\u0259rinin t\u0259yinat\u0131 haqq\u0131nda t\u0259limatlar\u0131n\u0131 tullay\u0131n k\u0259nara! G\u0259lin, kommunistl\u0259r aras\u0131nda \u0259dal\u0259tli v\u0259 demokratik se\u00e7ki ke\u00e7ir\u0259k! G\u0259lin, m\u00fc\u015fk\u00fcll\u0259rimizi a\u00e7\u0131q v\u0259 vicdanla m\u00fczakir\u0259 ed\u0259k! G\u0259lin, partiyaya yeni n\u0259f\u0259s, yeni ruh ver\u0259k!\u201d\n<\/p>\n<p>\n  V\u0259zirov t\u0259\u0259cc\u00fcbl\u0259 soru\u015fdu:\n<\/p>\n<p>\n  &#8211; B\u0259s M\u0259rk\u0259zi Komit\u0259? B\u0259s onun aparat\u0131? Onlar\u0131n taleyi nec\u0259 olacaq?<br \/>\n  <br \/>\n  &#8211; M\u0259n m\u0259g\u0259r onlar\u0131n g\u00fcll\u0259l\u0259nm\u0259sini t\u0259klif edir\u0259m? H\u0259r birinin cibind\u0259 ali t\u0259hsil diplomu var, qoy gedib ixtisaslar\u0131 \u00fczr\u0259 i\u015fl\u0259sinl\u0259r.<br \/>\n  <br \/>\n  V\u0259zirov sakit s\u0259sl\u0259:<br \/>\n  <br \/>\n  &#8211; M\u0259rk\u0259zi Komit\u0259 hadis\u0259l\u0259rin n\u0259bzini tutur, onlar\u0131 izl\u0259yir v\u0259 d\u00fczg\u00fcn q\u0259rar \u00e7\u0131xarmaq iqtidar\u0131ndad\u0131r.<br \/>\n  <br \/>\n  Burada s\u00f6hb\u0259t\u0259 Araz qar\u0131\u015fd\u0131:<br \/>\n  <br \/>\n  &#8211; Bu M\u0259rk\u0259zi Komit\u0259 \u018fliyevin istehsal\u0131n\u0131n m\u0259hsuludur. El\u0259-hey MK, MK deyirsiniz. M\u0259n is\u0259 siz\u0259 deyir\u0259m ki, \u0259g\u0259r siz onu da\u011f\u0131d\u0131b yerin\u0259 t\u0259z\u0259sini yaratmasan\u0131z, bu MK sizi yey\u0259c\u0259k. Sabotaj v\u0259 sizin g\u00f6zd\u0259n sal\u0131nma \u0259m\u0259liyyat\u0131 art\u0131q ba\u015flam\u0131\u015fd\u0131r, sizin is\u0259 bundan h\u0259tta x\u0259b\u0259riniz yoxdur.\n<\/p>\n<p>\n  Bu s\u00f6zl\u0259r V\u0259zirova yaman toxundu. O, ehtirasla Araz\u0131 inand\u0131rma\u011fa ba\u015flad\u0131 ki, MK onun t\u0259r\u0259find\u0259dir, xalq ona h\u00f6rm\u0259t b\u0259sl\u0259yir v\u0259 MK-n\u0131n siyasi x\u0259tti d\u00fczg\u00fcnd\u00fcr.\n<\/p>\n<p>\n  Araz onun s\u00f6z\u00fcn\u00fc k\u0259sdi:\n<\/p>\n<p>\n  -\u018fliyev sizin g\u00f6z\u00fcn\u00fcz\u00fc el\u0259 qorxudub ki, d\u00fcnyaya bu qorxu p\u0259nc\u0259r\u0259sind\u0259n boylan\u0131rs\u0131n\u0131z.\n<\/p>\n<p>\n  V\u0259zirov Araz\u0131n s\u00f6z\u00fcn\u00fc k\u0259sdi. Araz V\u0259zirovun s\u00f6z\u00fcn\u00fc k\u0259sdi. Bel\u0259c\u0259 onlar iki saat m\u00fcbahis\u0259 etdil\u0259r. H\u0259r ikisi t\u0259rl\u0259mi\u015fdi, k\u00f6yn\u0259kl\u0259ri b\u0259d\u0259nl\u0259rin\u0259 yap\u0131\u015fm\u0131\u015fd\u0131. BAK \u00fczvl\u0259ri ayr\u0131lm\u0131\u015f 40 d\u0259qiq\u0259d\u0259n art\u0131q dan\u0131\u015fmam\u0131\u015fd\u0131, lakin lal-dinm\u0259z oturub iki h\u00f6c\u0259t h\u0259v\u0259skar\u0131n\u0131n q\u0131z\u011f\u0131n m\u00fcbahis\u0259sini dinl\u0259m\u0259li olduq. \u00c7ox g\u00fcman ki, Araz\u0131n a\u00e7\u0131q s\u0259sl\u0259ndirdiyi fikir V\u0259zirovu da daxil\u0259n narahat edirdi, odur ki, q\u0131z\u011f\u0131n m\u00fcbahis\u0259d\u0259 bu fikird\u0259n daha \u00e7ox \u00f6z d\u0259runi \u015f\u00fcbh\u0259l\u0259rin\u0259 qalib g\u0259lm\u0259k, onlar\u0131 da\u011f\u0131tmaq ist\u0259yirdi.\n<\/p>\n<p>\n  Kims\u0259 barmaqlar\u0131n\u0131n ucunda ehmall\u0131ca V\u0259zirova yax\u0131nla\u015fd\u0131 v\u0259 qula\u011f\u0131na n\u0259s\u0259 p\u0131\u00e7\u0131ldad\u0131. V\u0259zirov sanki ay\u0131ld\u0131, aya\u011fa qalx\u0131b dedi: \u201cN\u0259 is\u0259. U\u015faqlar, bu q\u0259d\u0259r b\u0259sdir. Zaman \u00f6z\u00fc g\u00f6st\u0259r\u0259c\u0259k ki, m\u0259n n\u0259 q\u0259d\u0259r haql\u0131 idim, siz is\u0259 n\u0259 q\u0259d\u0259r yan\u0131l\u0131rd\u0131n\u0131z\u201d.\n<\/p>\n<p>\n  Biz a\u015fa\u011f\u0131 endik. N\u0259h\u0259ng, \u0259z\u0259m\u0259tli, m\u0259rm\u0259r \u00f6rt\u00fckl\u00fc binan\u0131n qar\u015f\u0131s\u0131nda dayan\u0131b bir-birimiz\u0259 baxd\u0131q. \u018fhval\u0131m\u0131z xeyli p\u0259ri\u015fan idi. Tofiq Qas\u0131mov dedi: \u201cV\u0259ssalam. Art\u0131q s\u00f6z\u0259 ehtiyac yoxdur. Gedim evim\u0259, yar\u0131m\u00e7iq qalm\u0131\u015f t\u0259mirimi davam etdirim\u201d. Eldar Namazov k\u00f6ks\u00fcn\u00fc \u00f6t\u00fcr\u00fcb dedi: \u201cM\u0259n m\u0259yusam. Bu adam hans\u0131 d\u00f6vrana d\u00fc\u015fd\u00fcy\u00fcn\u00fc anlam\u0131r. Az\u0259rbaycan\u0131n taleyind\u0259n nigaranam. Bu adam xalq\u0131 m\u00fcdafi\u0259 ed\u0259 bilm\u0259y\u0259c\u0259k\u201d. Leyla \u0259s\u0259bi g\u00fcld\u00fc: \u201cBu adam dur\u011funluq d\u00f6vr\u00fcn\u00fcn adam\u0131 deyil. Bu adam ondan da \u0259vv\u0259lki z\u0259man\u0259nin m\u0259hsuludur. O, 50-ci ill\u0259rd\u0259n q\u0131r\u0131l\u0131b qopub v\u0259 g\u0259lib bizim g\u00fcn\u0259 d\u00fc\u015f\u00fcb\u201d. Burada m\u0259n dill\u0259ndim:\u201dSiz haql\u0131s\u0131n\u0131z. Ona he\u00e7 bir \u00fcmid b\u0259sl\u0259m\u0259k olmaz. Qal\u0131r birc\u0259 \u00e7ar\u0259, Az\u0259rbaycanda Xalq C\u0259bh\u0259si yaratmaq laz\u0131md\u0131r\u201d. Tofiq g\u00fcld\u00fc v\u0259 dedi: \u201cBo\u015fla, Z\u0259rd\u00fc\u015ft. Bizim xalq hara, Xalq C\u0259bh\u0259si hara&#8230;\u201d\n<\/p>\n<p>\n  Araz Bak\u0131 Sovetin\u0259, \u00f6z i\u015f yerin\u0259 yolland\u0131. Eldar \u00f6z i\u015finin dal\u0131yca getdi, biz \u00fc\u00e7 n\u0259f\u0259rs\u0259, virtual BAK-nun \u00fczvl\u0259ri \u2013Tofiq m\u00fc\u0259llim, Leyla xan\u0131m v\u0259 m\u0259n &#8211; \u201cNa\u011f\u0131l\u201d tortu al\u0131b Leylagil\u0259 \u00e7ay i\u00e7m\u0259y\u0259, \u00f6z f\u0259aliyy\u0259t istiqam\u0259tl\u0259rimizi m\u00fczakir\u0259 etm\u0259y\u0259 yolland\u0131q.\n<\/p>\n<p>\n  Az\u0259rbaycanda hadis\u0259l\u0259r V\u0259zirovun deyil, onunla g\u00f6r\u00fc\u015f\u0259 g\u0259lmi\u015f s\u0131ravi v\u0259t\u0259nda\u015flar\u0131n t\u0259xmin etdiyi m\u0259crada getdi. Lakin bu v\u0259t\u0259nda\u015flar da b\u0259zi m\u0259s\u0259l\u0259l\u0259rd\u0259 yan\u0131ld\u0131lar, x\u00fcsusil\u0259 yenid\u0259nqurman\u0131n q\u0259l\u0259b\u0259sin\u0259 v\u0259 xalq hakimiyy\u0259tinin qurulmas\u0131na b\u0259sl\u0259n\u0259n \u00fcmidl\u0259r tezlikl\u0259 pu\u00e7a \u00e7\u0131xd\u0131, zira tarixin gedi\u015fin\u0259 \u00e7ox q\u00fcdr\u0259tli ba\u015fqa amill\u0259r t\u0259sir etm\u0259y\u0259 ba\u015flad\u0131. Bir azdan yenid\u0259nqurma v\u0259 onun sosializm qurulu\u015funu xilas etm\u0259li islahat\u00e7\u0131 ideallar\u0131 unuduldu, hadis\u0259l\u0259rin s\u0259thin\u0259 \u00f6lk\u0259ni da\u011f\u0131tma\u011fa v\u0259 \u00fcmumxalq m\u00fclkiyy\u0259tini ya\u011fmalama\u011fa k\u00f6kl\u0259nmi\u015f y\u0131rt\u0131c\u0131 mill\u0259t\u00e7ilik m\u0259fkur\u0259si qalxd\u0131, naqis \u201cinki\u015faf etmi\u015f sosializm\u201din b\u0259tnind\u0259 yeti\u015fmi\u015f t\u00fcfeyli m\u0259mur burjuaziyas\u0131 ona yaban\u00e7\u0131 olan qeyri-mafioz v\u0259 bacar\u0131qs\u0131z Birinci katibi qanl\u0131 \u201c20 Yanvar\u201d t\u0259xribat\u0131 vasit\u0259sil\u0259 \u00e7eyn\u0259yib t\u00fcp\u00fcrd\u00fc. V\u0259zirov Az\u0259rbaycandan qa\u00e7\u0131b getdi.\n<\/p>\n<p>\n  V\u0259zirov n\u0259 deyirdi v\u0259 xalq n\u0259y\u0259 g\u00f6r\u0259 onu q\u0259bul etmirdi? \u018fvv\u0259la, V\u0259zirov \u201caliyev\u015fina\u201dn\u0131n siyasi bir t\u0259zah\u00fcr kimi xalq \u00fc\u00e7\u00fcn b\u00f6y\u00fck t\u0259hl\u00fck\u0259 oldu\u011funu deyirdi. Haqs\u0131z idimi? M\u00fcxalif\u0259t indi n\u0259yin ac\u0131s\u0131n\u0131 \u00e7\u0259kir v\u0259 n\u0259y\u0259 qar\u015f\u0131, guya ki, m\u00fcbariz\u0259 apar\u0131r?\n<\/p>\n<p>\n  V\u0259zirov deyirdi: \u201cH\u0259l\u0259 ki, Qaraba\u011f bizd\u0259dir, erm\u0259nil\u0259rl\u0259 dan\u0131\u015f\u0131\u011fa getm\u0259liyik\u201d. Az\u0259rbaycan hakimiyy\u0259ti indi, Qaraba\u011f\u0131 itir\u0259nd\u0259n sonra, 25 ildir n\u0259 il\u0259 m\u0259\u015f\u011fuldur? V\u0259zirov deyirdi ki, ingilis dilini v\u0259 komp\u00fcteri \u00f6yr\u0259nin. Camaat onu la\u011fa qoyub ad\u0131na \u201cbamb\u0131l\u0131\u201d deyirdi. \u0130ndi ingilis dilini v\u0259 komp\u00fcteri bilm\u0259y\u0259ni he\u00e7 bir s\u0259rf\u0259li i\u015f\u0259 g\u00f6t\u00fcrm\u00fcrl\u0259r.<br \/>\n  <br \/>\n  V\u0259zirov deyirdi: \u201cQoz a\u011fac\u0131 \u0259kin, n\u0259v\u0259l\u0259riniz b\u0259hr\u0259sini yesin\u201d.\n<\/p>\n<p>\n  Pismi deyirdi? Kimin d\u0259d\u0259sin\u0259 s\u00f6y\u00fcrd\u00fc?\n<\/p>\n<p>\n  V\u0259zirov deyirdi: \u201cZibili polietilen torbalara y\u0131\u011f\u0131b tullay\u0131n\u201d. \u0130ndi kim zibili o vaxtlar etdiyimiz kimi, vedr\u0259y\u0259 y\u0131\u011f\u0131b tullay\u0131r?\n<\/p>\n<p>\n  V\u0259zirov deyirdi: \u201cM\u00fcxalif\u0259t hakimiyy\u0259t \u00fc\u00e7\u00fcn h\u0259l\u0259 yeti\u015fm\u0259yib, t\u0259l\u0259sm\u0259yin, sizin d\u0259 vaxt\u0131n\u0131z g\u0259l\u0259c\u0259k\u201d. N\u0259 oldu? \u201cT\u0259l\u0259s\u0259n t\u0259ndir\u0259 d\u00fc\u015f\u0259r\u201d.\n<\/p>\n<p>\n  V\u0259zirov v\u0259zif\u0259y\u0259 t\u0259z\u0259 t\u0259yin olunanda sad\u0259 xalqla g\u00f6r\u00fc\u015fm\u0259yi sevirdi. Bir d\u0259f\u0259 camaat\u0131n s\u0131x olan yerind\u0259 bird\u0259n d\u00f6n\u00fcb yan\u0131ndak\u0131 partokratdan soru\u015fur: \u201c\u00c7em vonyayet?\u201d (Bu, n\u0259 qoxudur?) Partokrat g\u00f6z\u00fcn\u0259 d\u00f6nd\u00fcy\u00fcm d\u0259 deyir ki, \u201cNarodom vonyayet, tovari\u015f Vezirov\u201d. (Xalq\u0131n qoxusudur, yolda\u015f V\u0259zirov) V\u0259zirov da t\u0259\u0259cc\u00fcbl\u0259 soru\u015fur ki, \u201cA po\u00e7emu oni vonyayut?\u201d (B\u0259s onlar niy\u0259 qoxuyurlar?) Partokrat da deyir ki, \u201cOni ne moyutsya, tovari\u015f Vezirov, u nix net bani i du\u015fev\u0131x\u201d (Onlar \u00e7immirl\u0259r, yolda\u015f V\u0259zirov, onlar\u0131n hamam\u0131 v\u0259 du\u015flar\u0131 yoxdur). Onda da V\u0259zirov xalq\u0131 n\u0259 d\u0259r\u0259c\u0259 t\u0259hqir ed\u0259c\u0259yinin f\u0259rqin\u0259 varmadan bol\u015fevik co\u015fqunlu\u011fu il\u0259 xalqa m\u00fcraci\u0259t edib demi\u015fdi: \u201cYolda\u015f Az\u0259rbaycan xalq\u0131, hamam tikin!\u201d<br \/>\n  <br \/>\n  Bax, bu t\u0259hqiri xalq\u0131m\u0131z he\u00e7 c\u00fcr q\u0259bul ed\u0259 bilm\u0259di v\u0259 onu qovdu. Qovdu v\u0259 yen\u0259 d\u0259 qoxuyur. Avtobus, metro v\u0259 sinif otaqlar\u0131nda milli rayih\u0259ni kim duymur?\n<\/p>\n<p>\n  V\u0259zirov v\u0259zif\u0259y\u0259 g\u0259l\u0259nd\u0259n sonra AKP MK-n\u0131n Birinci katibinin iqam\u0259tgah\u0131n\u0131 serebral iflicd\u0259n \u0259ziyy\u0259t \u00e7\u0259k\u0259n u\u015faqlar \u00fc\u00e7\u00fcn m\u00fcalic\u0259 oca\u011f\u0131na \u00e7evirdi. S\u00fcm\u00fckl\u0259ri \u0259yilmi\u015f \u0259lilliyi olan u\u015faqlar burada m\u00fcalic\u0259 al\u0131r, hovuzda \u00fcz\u00fcr, \u00f6m\u00fcrl\u0259rind\u0259 g\u00f6rm\u0259dikl\u0259ri rahatl\u0131\u011f\u0131 hiss edirdil\u0259r. T\u0259bii ki, \u201c\u00f6mr\u00fcn\u00fcn qalan hiss\u0259sini xalqa h\u0259sr etm\u0259k\u201d \u00fc\u00e7\u00fcn hakimiyy\u0259t\u0259 qay\u0131tm\u0131\u015f ulu \u00f6nd\u0259r x\u0259st\u0259 u\u015faqlar\u0131 oradan \u00e7\u0131xard\u0131 v\u0259 Az\u0259rbaycan\u0131n r\u0259hb\u0259ri \u00fc\u00e7\u00fcn tikilmi\u015f iqam\u0259tgaha k\u00f6\u00e7d\u00fc.\n<\/p>\n<p>\n  H\u0259min vaxt AKP MK-n\u0131n i\u015fl\u0259r m\u00fcdiri i\u015fl\u0259mi\u015f t\u0259l\u0259b\u0259 yolda\u015f\u0131m Tamerlan Na\u011f\u0131yev m\u0259n\u0259 n\u0259ql etdi ki, V\u0259zirovu i\u015fd\u0259n \u00e7\u0131xar\u0131b t\u0259yyar\u0259 il\u0259 Moskvaya aparanda ona n\u0259 iyn\u0259 vurmu\u015fdularsa, ikiqat \u015fi\u015fmi\u015fdi v\u0259 \u00f6z\u00fcnd\u0259 deyildi. T\u0259bii hal\u0131na bir ne\u00e7\u0259 g\u00fcnd\u0259n sonra qay\u0131td\u0131.\n<\/p>\n<p>\n  Lakin V\u0259zirov he\u00e7 d\u0259 tamamil\u0259 d\u00fcr\u00fcst v\u0259 sad\u0259 insan deyildi. Onu hadis\u0259l\u0259rin v\u0259 talenin g\u00fcnahs\u0131z qurban\u0131 saymaq da d\u00fczg\u00fcn olmazd\u0131. Onun h\u0259r\u0259k\u0259tl\u0259rind\u0259 hans\u0131sa \u00fcmumi gizli bir n\u0259q\u015f\u0259nin \u00fcns\u00fcrl\u0259rini sezm\u0259k m\u00fcmk\u00fcn idi. M\u0259s\u0259l\u0259n, Bak\u0131 \u015e\u0259h\u0259r Partiya Komit\u0259sinin katibi Fuad Musayev deyirdi: \u201cM\u0259n bu t\u0259xribat\u00e7\u0131 Nem\u0259t P\u0259nahovu tutdururdum, V\u0259zirov \u0259mr verib onu azad etdirirdi\u201d.\n<\/p>\n<p>\n  Bu, n\u0259 idi? Nem\u0259tin Heyd\u0259r \u018fliyevin k\u00f6m\u0259k\u00e7isi olmu\u015f, h\u0259min vaxtsa N\u0259rimanov Rayon Partiya Komit\u0259sinin katibi i\u015fl\u0259y\u0259n R\u0259fael Allahverdiyev t\u0259r\u0259find\u0259n kimin xeyrin\u0259 idar\u0259 edildiyini m\u0259g\u0259r V\u0259zirov bilmirdi?\n<\/p>\n<p>\n  Dey\u0259k ki, V\u0259zirov respublika r\u0259hb\u0259rliyini x\u0259r\u00e7\u0259ng metastazlar\u0131 kimi \u00e7ul\u011falam\u0131\u015f korrupsiyan\u0131n v\u0259 yerli\u00e7iliyin miqyas\u0131ndan x\u0259b\u0259rsiz idi v\u0259 kor-korana Moskvan\u0131n siyasi m\u00fcdrikliyin\u0259 inan\u0131rd\u0131. Lakin onda talan v\u0259 q\u0131r\u011f\u0131n \u0259r\u0259f\u0259sind\u0259 s\u00f6yl\u0259diyi \u201cAKP v\u0259 AXC bir yumruq kimi birl\u0259\u015fir\u201d \u0259bl\u0259hmi, m\u0259krlimi ifad\u0259si n\u0259 dem\u0259k idi? Kim \u015f\u0259h\u0259r v\u0259 rayon partiya komit\u0259l\u0259rin\u0259 g\u00f6st\u0259ri\u015f ver\u0259 bil\u0259rdi ki, AXC-nin yerli t\u0259\u015fkilatlar\u0131n\u0131 bu hakimiyy\u0259t binalar\u0131n\u0131 tutma\u011fa s\u00f6vq etsin? Ax\u0131 g\u00fcn kimi ayd\u0131n idi ki, \u0259g\u0259r AXC-nin yerli t\u0259\u015fkilatlar\u0131 l\u0259nk\u0259ranl\u0131 \u018fl\u0259kr\u0259m H\u00fcmm\u0259tovun n\u00fcnun\u0259sini t\u0259krarlay\u0131b AKP-n\u0131n yerli t\u0259\u015fkilatlar\u0131n\u0131n binalar\u0131na, h\u0259tta qonaq sif\u0259til\u0259, girib orada otursayd\u0131lar, m\u0259rk\u0259zi hakimiyy\u0259tin \u0259lin\u0259 \u201cd\u00f6vl\u0259t \u00e7evrili\u015fi\u201d ittiham\u0131 \u00fc\u00e7\u00fcn t\u0259kzibedilm\u0259z s\u00fcbut ver\u0259rdil\u0259r.\n<\/p>\n<p>\n  Deyil\u0259n\u0259 g\u00f6r\u0259, \u018fbd\u00fcrr\u0259hman V\u0259zirov ill\u0259r ke\u00e7\u0259nd\u0259n v\u0259 ehtiraslar soyuyandan sonra bir d\u0259f\u0259 Bak\u0131ya g\u0259lib \u015e\u0259hidl\u0259r Xiyaban\u0131n\u0131 ziyar\u0259t etmi\u015f, orada uyuyan bi\u00e7ar\u0259 qurbanlar\u0131n m\u0259zarlar\u0131n\u0131n \u00fcst\u00fcn\u0259 g\u00fcl qoymu\u015fdu.\n<\/p>\n<p>\n  \u0130ll\u0259rboyu az\u0259rbaycanl\u0131 jurnalistl\u0259r V\u0259zirovdan m\u00fcsahib\u0259 g\u00f6t\u00fcrm\u0259y\u0259 c\u0259hd ets\u0259l\u0259r d\u0259, o, h\u0259mi\u015f\u0259 eyni cavab vermi\u015fdir: \u00ab\u0423\u0445\u043e\u0434\u044f \u2013 \u0443\u0445\u043e\u0434\u0438\u00bb (\u201cGetmis\u0259ns\u0259 &#8211; get\u201d), y\u0259ni m\u0259n bu d\u00f6vl\u0259t v\u0259 xalqdan bird\u0259f\u0259lik \u00fcz\u00fcl\u00fc\u015fm\u00fc\u015f\u0259m.\n<\/p>\n<p>\n  Lakin h\u0259r nec\u0259 d\u0259 olsa, \u018fbd\u00fcrr\u0259hman X\u0259lilovi\u00e7 tarix qar\u015f\u0131s\u0131nda \u00f6z\u00fcn\u0259 b\u0259ra\u0259t qazand\u0131rmaq namin\u0259 xatir\u0259l\u0259rini \u201cParterin \u00f6n s\u0131ralar\u0131nda\u201d adl\u0131 kitabda n\u0259\u015fr etmi\u015fdir. \u00d6z\u00fc d\u0259 d\u0259rk etm\u0259d\u0259n, nec\u0259 d\u0259 s\u0259rrast ad se\u00e7mi\u015fdir! Parterd\u0259, h\u0259tta \u00f6n s\u0131ralarda kiml\u0259r \u0259yl\u0259\u015fir? Tama\u015fa\u00e7\u0131lar. Tarixin dramas\u0131n\u0131 is\u0259 oynayan aktyorlar harada olurlar? S\u0259hn\u0259d\u0259!\n<\/p>\n<p>\n  V\u0259zirov s\u0259mimi yaz\u0131r ki, onun yeri parterin \u00f6n s\u0131ralar\u0131nda olub, s\u0259hn\u0259d\u0259 yox. S\u0259hn\u0259d\u0259 olmaq \u00fc\u00e7\u00fcn Allah ona n\u0259 z\u0259ka, n\u0259 b\u0259sir\u0259t, n\u0259 d\u0259 qabiliyy\u0259t verib.\n<\/p>\n<p>\n  Lakin tarixin kinay\u0259si Az\u0259rbaycan\u0131n siyasi s\u0259hn\u0259sind\u0259 \u00f6z\u00fcn\u00fc birinci m\u0259qama ona layiq olmayan birisini yerl\u0259\u015fdirm\u0259kl\u0259 b\u00fcruz\u0259 vermi\u015fdi. M\u0259hz buna g\u00f6r\u0259 V\u0259zirov xalq\u0131m\u0131z\u0131n ya\u015fad\u0131\u011f\u0131 faci\u0259nin h\u0259m birinci qurbanlar\u0131ndan, h\u0259m d\u0259 birinci baiskarlar\u0131ndan say\u0131lmal\u0131d\u0131r.<\/p>\n","protected":false},"excerpt":{"rendered":"<p>\u018fbd\u00fcrr\u0259hman V\u0259zirovun hakimiyy\u0259t\u0259 g\u0259lm\u0259sind\u0259n 30 il \u00f6t\u00fcr<\/p>\n","protected":false},"author":11,"featured_media":113445,"comment_status":"closed","ping_status":"open","sticky":false,"template":"","format":"standard","meta":{"_acf_changed":false,"_sitemap_exclude":false,"_sitemap_priority":"","_sitemap_frequency":"","footnotes":""},"categories":[57],"tags":[],"class_list":["post-192925","post","type-post","status-publish","format-standard","has-post-thumbnail","hentry","category-menim-fikrimce","infinite-scroll-item","generate-columns","tablet-grid-50","mobile-grid-100","grid-parent","grid-33","no-featured-image-padding"],"acf":[],"yoast_head":"<!-- This site is optimized with the Yoast SEO plugin v27.4 - https:\/\/yoast.com\/product\/yoast-seo-wordpress\/ -->\n<title>\u018fn yeni tariximizd\u0259n: Bizi kiml\u0259r hara apar\u0131rd\u0131 v\u0259 apar\u0131r? - MEYDAN.TV<\/title>\n<meta name=\"robots\" content=\"index, follow, max-snippet:-1, max-image-preview:large, max-video-preview:-1\" \/>\n<link rel=\"canonical\" href=\"https:\/\/www.meydan.tv\/az\/article\/en-yeni-tariximizden-bizi-kimler-hara-aparirdi-ve-aparir\/\" \/>\n<meta property=\"og:locale\" content=\"az_AZ\" \/>\n<meta property=\"og:type\" content=\"article\" \/>\n<meta property=\"og:title\" content=\"\u018fn yeni tariximizd\u0259n: Bizi kiml\u0259r hara apar\u0131rd\u0131 v\u0259 apar\u0131r? - MEYDAN.TV\" \/>\n<meta property=\"og:description\" content=\"\u018fbd\u00fcrr\u0259hman V\u0259zirovun hakimiyy\u0259t\u0259 g\u0259lm\u0259sind\u0259n 30 il \u00f6t\u00fcr\" \/>\n<meta property=\"og:url\" content=\"https:\/\/www.meydan.tv\/az\/article\/en-yeni-tariximizden-bizi-kimler-hara-aparirdi-ve-aparir\/\" \/>\n<meta property=\"og:site_name\" content=\"MEYDAN.TV\" \/>\n<meta property=\"article:published_time\" content=\"2018-12-07T19:17:21+00:00\" \/>\n<meta property=\"og:image\" content=\"https:\/\/www.meydan.tv\/wp-content\/uploads\/45322.jpg\" \/>\n\t<meta property=\"og:image:width\" content=\"810\" \/>\n\t<meta property=\"og:image:height\" content=\"450\" \/>\n\t<meta property=\"og:image:type\" content=\"image\/jpeg\" \/>\n<meta name=\"author\" content=\"user-manager\" \/>\n<meta name=\"twitter:card\" content=\"summary_large_image\" \/>\n<script type=\"application\/ld+json\" class=\"yoast-schema-graph\">{\"@context\":\"https:\\\/\\\/schema.org\",\"@graph\":[{\"@type\":\"Article\",\"@id\":\"https:\\\/\\\/www.meydan.tv\\\/az\\\/article\\\/en-yeni-tariximizden-bizi-kimler-hara-aparirdi-ve-aparir\\\/#article\",\"isPartOf\":{\"@id\":\"https:\\\/\\\/www.meydan.tv\\\/az\\\/article\\\/en-yeni-tariximizden-bizi-kimler-hara-aparirdi-ve-aparir\\\/\"},\"author\":{\"name\":\"user-manager\",\"@id\":\"https:\\\/\\\/www.meydan.tv\\\/az\\\/#\\\/schema\\\/person\\\/10d11eccf6da3662cf5fdab9806ea91a\"},\"headline\":\"\u018fn yeni tariximizd\u0259n: Bizi kiml\u0259r hara apar\u0131rd\u0131 v\u0259 apar\u0131r?\",\"datePublished\":\"2018-12-07T19:17:21+00:00\",\"mainEntityOfPage\":{\"@id\":\"https:\\\/\\\/www.meydan.tv\\\/az\\\/article\\\/en-yeni-tariximizden-bizi-kimler-hara-aparirdi-ve-aparir\\\/\"},\"wordCount\":6989,\"publisher\":{\"@id\":\"https:\\\/\\\/www.meydan.tv\\\/az\\\/#organization\"},\"image\":{\"@id\":\"https:\\\/\\\/www.meydan.tv\\\/az\\\/article\\\/en-yeni-tariximizden-bizi-kimler-hara-aparirdi-ve-aparir\\\/#primaryimage\"},\"thumbnailUrl\":\"https:\\\/\\\/www.meydan.tv\\\/wp-content\\\/uploads\\\/45322.jpg\",\"articleSection\":[\"M\u0259nim Fikrimc\u0259\"],\"inLanguage\":\"az\"},{\"@type\":\"WebPage\",\"@id\":\"https:\\\/\\\/www.meydan.tv\\\/az\\\/article\\\/en-yeni-tariximizden-bizi-kimler-hara-aparirdi-ve-aparir\\\/\",\"url\":\"https:\\\/\\\/www.meydan.tv\\\/az\\\/article\\\/en-yeni-tariximizden-bizi-kimler-hara-aparirdi-ve-aparir\\\/\",\"name\":\"\u018fn yeni tariximizd\u0259n: Bizi kiml\u0259r hara apar\u0131rd\u0131 v\u0259 apar\u0131r? - MEYDAN.TV\",\"isPartOf\":{\"@id\":\"https:\\\/\\\/www.meydan.tv\\\/az\\\/#website\"},\"primaryImageOfPage\":{\"@id\":\"https:\\\/\\\/www.meydan.tv\\\/az\\\/article\\\/en-yeni-tariximizden-bizi-kimler-hara-aparirdi-ve-aparir\\\/#primaryimage\"},\"image\":{\"@id\":\"https:\\\/\\\/www.meydan.tv\\\/az\\\/article\\\/en-yeni-tariximizden-bizi-kimler-hara-aparirdi-ve-aparir\\\/#primaryimage\"},\"thumbnailUrl\":\"https:\\\/\\\/www.meydan.tv\\\/wp-content\\\/uploads\\\/45322.jpg\",\"datePublished\":\"2018-12-07T19:17:21+00:00\",\"breadcrumb\":{\"@id\":\"https:\\\/\\\/www.meydan.tv\\\/az\\\/article\\\/en-yeni-tariximizden-bizi-kimler-hara-aparirdi-ve-aparir\\\/#breadcrumb\"},\"inLanguage\":\"az\",\"potentialAction\":[{\"@type\":\"ReadAction\",\"target\":[\"https:\\\/\\\/www.meydan.tv\\\/az\\\/article\\\/en-yeni-tariximizden-bizi-kimler-hara-aparirdi-ve-aparir\\\/\"]}]},{\"@type\":\"ImageObject\",\"inLanguage\":\"az\",\"@id\":\"https:\\\/\\\/www.meydan.tv\\\/az\\\/article\\\/en-yeni-tariximizden-bizi-kimler-hara-aparirdi-ve-aparir\\\/#primaryimage\",\"url\":\"https:\\\/\\\/www.meydan.tv\\\/wp-content\\\/uploads\\\/45322.jpg\",\"contentUrl\":\"https:\\\/\\\/www.meydan.tv\\\/wp-content\\\/uploads\\\/45322.jpg\",\"width\":810,\"height\":450,\"caption\":\"Source:\"},{\"@type\":\"BreadcrumbList\",\"@id\":\"https:\\\/\\\/www.meydan.tv\\\/az\\\/article\\\/en-yeni-tariximizden-bizi-kimler-hara-aparirdi-ve-aparir\\\/#breadcrumb\",\"itemListElement\":[{\"@type\":\"ListItem\",\"position\":1,\"name\":\"Ana s\u0259hif\u0259\",\"item\":\"https:\\\/\\\/www.meydan.tv\\\/az\\\/\"},{\"@type\":\"ListItem\",\"position\":2,\"name\":\"M\u0259nim Fikrimc\u0259\",\"item\":\"https:\\\/\\\/www.meydan.tv\\\/az\\\/section\\\/menim-fikrimce\\\/\"},{\"@type\":\"ListItem\",\"position\":3,\"name\":\"\u018fn yeni tariximizd\u0259n: Bizi kiml\u0259r hara apar\u0131rd\u0131 v\u0259 apar\u0131r?\"}]},{\"@type\":\"WebSite\",\"@id\":\"https:\\\/\\\/www.meydan.tv\\\/az\\\/#website\",\"url\":\"https:\\\/\\\/www.meydan.tv\\\/az\\\/\",\"name\":\"MEYDAN.TV\",\"description\":\"Meydan TV Az\u0259rbaycan\u0131n media m\u0259kan\u0131ndak\u0131 alternativ s\u0259sidir\",\"publisher\":{\"@id\":\"https:\\\/\\\/www.meydan.tv\\\/az\\\/#organization\"},\"potentialAction\":[{\"@type\":\"SearchAction\",\"target\":{\"@type\":\"EntryPoint\",\"urlTemplate\":\"https:\\\/\\\/www.meydan.tv\\\/az\\\/?s={search_term_string}\"},\"query-input\":{\"@type\":\"PropertyValueSpecification\",\"valueRequired\":true,\"valueName\":\"search_term_string\"}}],\"inLanguage\":\"az\"},{\"@type\":\"Organization\",\"@id\":\"https:\\\/\\\/www.meydan.tv\\\/az\\\/#organization\",\"name\":\"Meydan TV\",\"url\":\"https:\\\/\\\/www.meydan.tv\\\/az\\\/\",\"logo\":{\"@type\":\"ImageObject\",\"inLanguage\":\"az\",\"@id\":\"https:\\\/\\\/www.meydan.tv\\\/az\\\/#\\\/schema\\\/logo\\\/image\\\/\",\"url\":\"https:\\\/\\\/www.meydan.tv\\\/wp-content\\\/uploads\\\/2021\\\/07\\\/meydan-logo.svg\",\"contentUrl\":\"https:\\\/\\\/www.meydan.tv\\\/wp-content\\\/uploads\\\/2021\\\/07\\\/meydan-logo.svg\",\"width\":195,\"height\":46,\"caption\":\"Meydan TV\"},\"image\":{\"@id\":\"https:\\\/\\\/www.meydan.tv\\\/az\\\/#\\\/schema\\\/logo\\\/image\\\/\"}},{\"@type\":\"Person\",\"@id\":\"https:\\\/\\\/www.meydan.tv\\\/az\\\/#\\\/schema\\\/person\\\/10d11eccf6da3662cf5fdab9806ea91a\",\"name\":\"user-manager\"}]}<\/script>\n<!-- \/ Yoast SEO plugin. -->","yoast_head_json":{"title":"\u018fn yeni tariximizd\u0259n: Bizi kiml\u0259r hara apar\u0131rd\u0131 v\u0259 apar\u0131r? - MEYDAN.TV","robots":{"index":"index","follow":"follow","max-snippet":"max-snippet:-1","max-image-preview":"max-image-preview:large","max-video-preview":"max-video-preview:-1"},"canonical":"https:\/\/www.meydan.tv\/az\/article\/en-yeni-tariximizden-bizi-kimler-hara-aparirdi-ve-aparir\/","og_locale":"az_AZ","og_type":"article","og_title":"\u018fn yeni tariximizd\u0259n: Bizi kiml\u0259r hara apar\u0131rd\u0131 v\u0259 apar\u0131r? - MEYDAN.TV","og_description":"\u018fbd\u00fcrr\u0259hman V\u0259zirovun hakimiyy\u0259t\u0259 g\u0259lm\u0259sind\u0259n 30 il \u00f6t\u00fcr","og_url":"https:\/\/www.meydan.tv\/az\/article\/en-yeni-tariximizden-bizi-kimler-hara-aparirdi-ve-aparir\/","og_site_name":"MEYDAN.TV","article_published_time":"2018-12-07T19:17:21+00:00","og_image":[{"width":810,"height":450,"url":"https:\/\/www.meydan.tv\/wp-content\/uploads\/45322.jpg","type":"image\/jpeg"}],"author":"user-manager","twitter_card":"summary_large_image","schema":{"@context":"https:\/\/schema.org","@graph":[{"@type":"Article","@id":"https:\/\/www.meydan.tv\/az\/article\/en-yeni-tariximizden-bizi-kimler-hara-aparirdi-ve-aparir\/#article","isPartOf":{"@id":"https:\/\/www.meydan.tv\/az\/article\/en-yeni-tariximizden-bizi-kimler-hara-aparirdi-ve-aparir\/"},"author":{"name":"user-manager","@id":"https:\/\/www.meydan.tv\/az\/#\/schema\/person\/10d11eccf6da3662cf5fdab9806ea91a"},"headline":"\u018fn yeni tariximizd\u0259n: Bizi kiml\u0259r hara apar\u0131rd\u0131 v\u0259 apar\u0131r?","datePublished":"2018-12-07T19:17:21+00:00","mainEntityOfPage":{"@id":"https:\/\/www.meydan.tv\/az\/article\/en-yeni-tariximizden-bizi-kimler-hara-aparirdi-ve-aparir\/"},"wordCount":6989,"publisher":{"@id":"https:\/\/www.meydan.tv\/az\/#organization"},"image":{"@id":"https:\/\/www.meydan.tv\/az\/article\/en-yeni-tariximizden-bizi-kimler-hara-aparirdi-ve-aparir\/#primaryimage"},"thumbnailUrl":"https:\/\/www.meydan.tv\/wp-content\/uploads\/45322.jpg","articleSection":["M\u0259nim Fikrimc\u0259"],"inLanguage":"az"},{"@type":"WebPage","@id":"https:\/\/www.meydan.tv\/az\/article\/en-yeni-tariximizden-bizi-kimler-hara-aparirdi-ve-aparir\/","url":"https:\/\/www.meydan.tv\/az\/article\/en-yeni-tariximizden-bizi-kimler-hara-aparirdi-ve-aparir\/","name":"\u018fn yeni tariximizd\u0259n: Bizi kiml\u0259r hara apar\u0131rd\u0131 v\u0259 apar\u0131r? - MEYDAN.TV","isPartOf":{"@id":"https:\/\/www.meydan.tv\/az\/#website"},"primaryImageOfPage":{"@id":"https:\/\/www.meydan.tv\/az\/article\/en-yeni-tariximizden-bizi-kimler-hara-aparirdi-ve-aparir\/#primaryimage"},"image":{"@id":"https:\/\/www.meydan.tv\/az\/article\/en-yeni-tariximizden-bizi-kimler-hara-aparirdi-ve-aparir\/#primaryimage"},"thumbnailUrl":"https:\/\/www.meydan.tv\/wp-content\/uploads\/45322.jpg","datePublished":"2018-12-07T19:17:21+00:00","breadcrumb":{"@id":"https:\/\/www.meydan.tv\/az\/article\/en-yeni-tariximizden-bizi-kimler-hara-aparirdi-ve-aparir\/#breadcrumb"},"inLanguage":"az","potentialAction":[{"@type":"ReadAction","target":["https:\/\/www.meydan.tv\/az\/article\/en-yeni-tariximizden-bizi-kimler-hara-aparirdi-ve-aparir\/"]}]},{"@type":"ImageObject","inLanguage":"az","@id":"https:\/\/www.meydan.tv\/az\/article\/en-yeni-tariximizden-bizi-kimler-hara-aparirdi-ve-aparir\/#primaryimage","url":"https:\/\/www.meydan.tv\/wp-content\/uploads\/45322.jpg","contentUrl":"https:\/\/www.meydan.tv\/wp-content\/uploads\/45322.jpg","width":810,"height":450,"caption":"Source:"},{"@type":"BreadcrumbList","@id":"https:\/\/www.meydan.tv\/az\/article\/en-yeni-tariximizden-bizi-kimler-hara-aparirdi-ve-aparir\/#breadcrumb","itemListElement":[{"@type":"ListItem","position":1,"name":"Ana s\u0259hif\u0259","item":"https:\/\/www.meydan.tv\/az\/"},{"@type":"ListItem","position":2,"name":"M\u0259nim Fikrimc\u0259","item":"https:\/\/www.meydan.tv\/az\/section\/menim-fikrimce\/"},{"@type":"ListItem","position":3,"name":"\u018fn yeni tariximizd\u0259n: Bizi kiml\u0259r hara apar\u0131rd\u0131 v\u0259 apar\u0131r?"}]},{"@type":"WebSite","@id":"https:\/\/www.meydan.tv\/az\/#website","url":"https:\/\/www.meydan.tv\/az\/","name":"MEYDAN.TV","description":"Meydan TV Az\u0259rbaycan\u0131n media m\u0259kan\u0131ndak\u0131 alternativ s\u0259sidir","publisher":{"@id":"https:\/\/www.meydan.tv\/az\/#organization"},"potentialAction":[{"@type":"SearchAction","target":{"@type":"EntryPoint","urlTemplate":"https:\/\/www.meydan.tv\/az\/?s={search_term_string}"},"query-input":{"@type":"PropertyValueSpecification","valueRequired":true,"valueName":"search_term_string"}}],"inLanguage":"az"},{"@type":"Organization","@id":"https:\/\/www.meydan.tv\/az\/#organization","name":"Meydan TV","url":"https:\/\/www.meydan.tv\/az\/","logo":{"@type":"ImageObject","inLanguage":"az","@id":"https:\/\/www.meydan.tv\/az\/#\/schema\/logo\/image\/","url":"https:\/\/www.meydan.tv\/wp-content\/uploads\/2021\/07\/meydan-logo.svg","contentUrl":"https:\/\/www.meydan.tv\/wp-content\/uploads\/2021\/07\/meydan-logo.svg","width":195,"height":46,"caption":"Meydan TV"},"image":{"@id":"https:\/\/www.meydan.tv\/az\/#\/schema\/logo\/image\/"}},{"@type":"Person","@id":"https:\/\/www.meydan.tv\/az\/#\/schema\/person\/10d11eccf6da3662cf5fdab9806ea91a","name":"user-manager"}]}},"_links":{"self":[{"href":"https:\/\/www.meydan.tv\/az\/wp-json\/wp\/v2\/posts\/192925","targetHints":{"allow":["GET"]}}],"collection":[{"href":"https:\/\/www.meydan.tv\/az\/wp-json\/wp\/v2\/posts"}],"about":[{"href":"https:\/\/www.meydan.tv\/az\/wp-json\/wp\/v2\/types\/post"}],"author":[{"embeddable":true,"href":"https:\/\/www.meydan.tv\/az\/wp-json\/wp\/v2\/users\/11"}],"replies":[{"embeddable":true,"href":"https:\/\/www.meydan.tv\/az\/wp-json\/wp\/v2\/comments?post=192925"}],"version-history":[{"count":0,"href":"https:\/\/www.meydan.tv\/az\/wp-json\/wp\/v2\/posts\/192925\/revisions"}],"wp:featuredmedia":[{"embeddable":true,"href":"https:\/\/www.meydan.tv\/az\/wp-json\/wp\/v2\/media\/113445"}],"wp:attachment":[{"href":"https:\/\/www.meydan.tv\/az\/wp-json\/wp\/v2\/media?parent=192925"}],"wp:term":[{"taxonomy":"category","embeddable":true,"href":"https:\/\/www.meydan.tv\/az\/wp-json\/wp\/v2\/categories?post=192925"},{"taxonomy":"post_tag","embeddable":true,"href":"https:\/\/www.meydan.tv\/az\/wp-json\/wp\/v2\/tags?post=192925"}],"curies":[{"name":"wp","href":"https:\/\/api.w.org\/{rel}","templated":true}]}}